{"id":17296,"date":"2021-06-07T08:00:52","date_gmt":"2021-06-07T12:00:52","guid":{"rendered":"http:\/\/vanderloubet.com.br\/deputado\/?p=17296"},"modified":"2021-06-07T11:28:45","modified_gmt":"2021-06-07T15:28:45","slug":"pandemia-ameaca-jovens-de-empobrecimento-duradouro","status":"publish","type":"post","link":"https:\/\/vanderloubet.com.br\/deputado\/pandemia-ameaca-jovens-de-empobrecimento-duradouro\/","title":{"rendered":"Pandemia amea\u00e7a jovens de empobrecimento duradouro"},"content":{"rendered":"<p>Estudantes da rede p\u00fablica iniciaram o atual ano letivo com menor desenvolvimento em l\u00edngua portuguesa e em matem\u00e1tica em decorr\u00eancia da substitui\u00e7\u00e3o do ensino presencial pelo remoto durante a pandemia de coronav\u00edrus. Essa perda de profici\u00eancia deve levar \u00e0 redu\u00e7\u00e3o de rendimentos ao longo da vida. E, se mantido o atual modelo de aulas, o quadro pode piorar.<\/p>\n<p>As repercuss\u00f5es da mudan\u00e7a for\u00e7ada pela Covid-19 s\u00e3o investigadas no estudo \u201cPerda de Aprendizagem na Pandemia\u201d, elaborado pelos professores Ricardo Paes de Barros e Laura Muller Machado, do Insper, em parceria com o Instituto Unibanco.<\/p>\n<p>O trabalho concentra-se no desempenho de terceiranistas, para quem s\u00e3o menores as chances de recuperar o aprendizado perdido ao longo da crise sanit\u00e1ria, uma vez que est\u00e3o prestes a encerrar a educa\u00e7\u00e3o b\u00e1sica.<\/p>\n<p>Simularam-se diferentes cen\u00e1rios: o do in\u00edcio deste ano, produto de um 2020 com poucas aulas presenciais e muitas remotas; outro em que se manteria o formato remoto at\u00e9 o fim deste ano; e um terceiro, em que ocorreria a ado\u00e7\u00e3o de algum modelo alternativo ao remoto, bem como medidas de refor\u00e7o e recupera\u00e7\u00e3o do aprendizado.<\/p>\n<p>O modelo desenvolvido pelos pesquisadores para efetuar as simula\u00e7\u00f5es compreende tanto dados nacionais quanto de estudos acerca de experi\u00eancias no exterior.<\/p>\n<p>Uma das fontes \u00e9 o Sistema de Avalia\u00e7\u00e3o da Educa\u00e7\u00e3o B\u00e1sica (Saeb), que oferece um retrato dos n\u00edveis de aprendizado no pa\u00eds. Seus indicadores, representados em uma escala de pontua\u00e7\u00e3o, prov\u00eam de testes e de question\u00e1rios aplicados em escolas p\u00fablicas e de uma amostra de col\u00e9gios privados.<\/p>\n<p>J\u00e1 a distribui\u00e7\u00e3o do aprendizado no ensino m\u00e9dio considerou informa\u00e7\u00f5es de outros dois sistemas: o de Avalia\u00e7\u00e3o Educacional do Piau\u00ed (Saepi) e o Permanente de Avalia\u00e7\u00e3o da Educa\u00e7\u00e3o B\u00e1sica do Cear\u00e1 (Spaece). Em ambos, o desempenho em l\u00edngua portuguesa e matem\u00e1tica \u00e9 aferido nas tr\u00eas s\u00e9ries.<\/p>\n<p>A an\u00e1lise da evolu\u00e7\u00e3o da profici\u00eancia em um ano letivo, por sua vez, teve como refer\u00eancia par\u00e2metros tratados na pesquisa &#8220;The Learning Curve: Revisiting the Assumption of Linear Growth Across the School Year&#8221;. Neste trabalho, dados de testes de mais de 7 milh\u00f5es de alunos de escolas p\u00fablicas americanas sugerem a desacelera\u00e7\u00e3o do aprendizado em matem\u00e1tica e sobretudo em linguagem ao longo de s\u00e9ries.<\/p>\n<p>Na metodologia do estudo do Insper em parceria com o Instituto Unibanco, tamb\u00e9m foram consideradas as perdas em per\u00edodos de f\u00e9rias escolares, que correspondem a 25% e a 28% em l\u00edngua portuguesa e matem\u00e1tica, respectivamente, em rela\u00e7\u00e3o ao aprendizado de todo o ano letivo anterior.<\/p>\n<p><strong>Remoto X presencial<\/strong><\/p>\n<p>Dados das redes de cada estado e do Distrito Federal permitiram aos pesquisadores apurar que, em 2020, apenas 13% do ano letivo, em m\u00e9dia, se deu com atividades presenciais. Os demais foram cumpridos remotamente.<\/p>\n<p>Foi estimada a efic\u00e1cia desse ensino remoto em compara\u00e7\u00e3o ao presencial levando em conta quatro estudos acerca do tema. Um deles, por exemplo, concluiu, considerando informa\u00e7\u00f5es de 1,7 milh\u00e3o de crian\u00e7as e adolescentes em Ohio (EUA), que o desempenho de quem estudava \u00e0 dist\u00e2ncia era inferior ao de quem tinha aulas presenciais, independentemente da idade e da s\u00e9rie.<\/p>\n<p>Os dados desse conjunto de estudos permitiram calcular que, ao estudar de forma remota, o estudante aprende efetivamente, em m\u00e9dia, 17% do conte\u00fado de matem\u00e1tica e 38% do de linguagem em rela\u00e7\u00e3o ao que ocorreria com aulas presenciais.<\/p>\n<p><img decoding=\"async\" class=\"alignnone wp-image-17297 size-large\" src=\"http:\/\/vanderloubet.com.br\/deputado\/wp-content\/uploads\/2021\/06\/foto-2021-06-07-insper-aprendizado-efetivo-700x182.png\" alt=\"Aprendizado efetivo de alunos no remoto em rela\u00e7\u00e3o ao esperado no presencial\" width=\"696\" height=\"181\" srcset=\"https:\/\/vanderloubet.com.br\/deputado\/wp-content\/uploads\/2021\/06\/foto-2021-06-07-insper-aprendizado-efetivo-700x182.png 700w, https:\/\/vanderloubet.com.br\/deputado\/wp-content\/uploads\/2021\/06\/foto-2021-06-07-insper-aprendizado-efetivo-350x91.png 350w, https:\/\/vanderloubet.com.br\/deputado\/wp-content\/uploads\/2021\/06\/foto-2021-06-07-insper-aprendizado-efetivo-768x200.png 768w, https:\/\/vanderloubet.com.br\/deputado\/wp-content\/uploads\/2021\/06\/foto-2021-06-07-insper-aprendizado-efetivo-696x181.png 696w, https:\/\/vanderloubet.com.br\/deputado\/wp-content\/uploads\/2021\/06\/foto-2021-06-07-insper-aprendizado-efetivo-1068x278.png 1068w, https:\/\/vanderloubet.com.br\/deputado\/wp-content\/uploads\/2021\/06\/foto-2021-06-07-insper-aprendizado-efetivo.png 1211w\" sizes=\"(max-width: 696px) 100vw, 696px\" \/><\/p>\n<p>Tamb\u00e9m foi examinado o engajamento ao modelo a dist\u00e2ncia no Brasil. Em 2020, estudantes assistiram, em m\u00e9dia, a cerca de 36% das 25 horas de aulas online por semana. Entre os poss\u00edveis motivos por tr\u00e1s desse baixo \u00edndice est\u00e3o a falta de acesso \u00e0 internet, de equipamentos de inform\u00e1tica e de est\u00edmulo para acompanh\u00e1-las.<\/p>\n<p>Nesse c\u00e1lculo, al\u00e9m de dados da PNAD Covid, serviu de refer\u00eancia a estimativa de impacto de absente\u00edsmo proposta por tr\u00eas pesquisadores de universidades americanas. Segundo o trio, ao n\u00e3o acompanhar um dia de aula, o aluno perde o conte\u00fado daquele dia em si e uma profici\u00eancia equivalente a 1,55 dia de aula.<\/p>\n<p><strong>Resultados<\/strong><\/p>\n<p>Considerando todos esses elementos, os autores do estudo estimam que estudantes brasileiros ingressaram no terceiro ano do ensino m\u00e9dio, neste in\u00edcio de 2021, com uma profici\u00eancia menor \u2013equivalente a nove pontos a menos em l\u00edngua portuguesa e a dez em matem\u00e1tica na escala do Saeb\u2013 frente ao que seria esperado se tivessem cursado todo o segundo ano, em 2020, presencialmente.<\/p>\n<p>Se mantidas somente as aulas a dist\u00e2ncia at\u00e9 o fim deste ano para os terceiranistas, com o mesmo n\u00edvel de engajamento observado at\u00e9 o momento, a proje\u00e7\u00e3o \u00e9 que a perda de aprendizado vai se acentuar, alcan\u00e7ando 16 pontos em l\u00edngua portuguesa e 20 em matem\u00e1tica.<\/p>\n<p>Para se ter uma ideia da dimens\u00e3o desses n\u00fameros, em tempos normais, um aluno desenvolveria nas tr\u00eas s\u00e9ries do ensino m\u00e9dio uma profici\u00eancia total equivalente a 20 pontos em l\u00edngua portuguesa e a 15 em matem\u00e1tica.<\/p>\n<p>Ainda \u00e9 poss\u00edvel mitigar esse impacto, segundo os pesquisadores. Para tanto, seria necess\u00e1rio que as escolas adotassem algum modelo h\u00edbrido de ensino, substituindo o atual. Os autores recomendam ainda a implanta\u00e7\u00e3o de medidas que busquem refor\u00e7ar e recuperar o conte\u00fado dos curr\u00edculos e dobrar o n\u00edvel de engajamento nas aulas online.<\/p>\n<p>Nesse cen\u00e1rio, a perda de aprendizado seria de 11 pontos em l\u00edngua portuguesa e de 12 em matem\u00e1tica.<\/p>\n<p><img decoding=\"async\" class=\"alignnone wp-image-17298 size-large\" src=\"http:\/\/vanderloubet.com.br\/deputado\/wp-content\/uploads\/2021\/06\/foto-2021-06-07-insper-perda-aprendizagem-700x591.png\" alt=\"Estimativa de perda de aprendizagem de aluno do 3\u00ba ano do ensino m\u00e9dio em 2021\" width=\"696\" height=\"588\" srcset=\"https:\/\/vanderloubet.com.br\/deputado\/wp-content\/uploads\/2021\/06\/foto-2021-06-07-insper-perda-aprendizagem-700x591.png 700w, https:\/\/vanderloubet.com.br\/deputado\/wp-content\/uploads\/2021\/06\/foto-2021-06-07-insper-perda-aprendizagem-350x295.png 350w, https:\/\/vanderloubet.com.br\/deputado\/wp-content\/uploads\/2021\/06\/foto-2021-06-07-insper-perda-aprendizagem-768x648.png 768w, https:\/\/vanderloubet.com.br\/deputado\/wp-content\/uploads\/2021\/06\/foto-2021-06-07-insper-perda-aprendizagem-498x420.png 498w, https:\/\/vanderloubet.com.br\/deputado\/wp-content\/uploads\/2021\/06\/foto-2021-06-07-insper-perda-aprendizagem-696x587.png 696w, https:\/\/vanderloubet.com.br\/deputado\/wp-content\/uploads\/2021\/06\/foto-2021-06-07-insper-perda-aprendizagem-1068x901.png 1068w, https:\/\/vanderloubet.com.br\/deputado\/wp-content\/uploads\/2021\/06\/foto-2021-06-07-insper-perda-aprendizagem.png 1212w\" sizes=\"(max-width: 696px) 100vw, 696px\" \/><\/p>\n<p><strong>Impacto na renda<\/strong><\/p>\n<p>A deteriora\u00e7\u00e3o de indicadores de aprendizado deve se traduzir para os jovens em menores ganhos no mercado de trabalho. A perda de profici\u00eancia em matem\u00e1tica, por exemplo, pode implicar a diminui\u00e7\u00e3o de at\u00e9 10% da remunera\u00e7\u00e3o ao longo da vida deles, se n\u00e3o houver a\u00e7\u00f5es para mitig\u00e1-la.<\/p>\n<p>Num cen\u00e1rio em que esse preju\u00edzo de aprendizado atinja os cerca de 35 milh\u00f5es de matriculados nos ensinos fundamental e m\u00e9dio da rep\u00fablica do pa\u00eds, a perda poderia somar cerca de R$ 1,5 trilh\u00e3o ao longo da vida deles.<\/p>\n<p>Para essa proje\u00e7\u00e3o, uma das refer\u00eancias dos pesquisadores \u00e9 a estimativa de que um ponto a menos de profici\u00eancia reduz em 0,5% a remunera\u00e7\u00e3o de trabalho. Calcula-se que, ao longo de sua vida, um jovem que termina o ensino m\u00e9dio acumula, em m\u00e9dia, R$ 430 mil em rendimentos durante sua vida.<\/p>\n<p><img decoding=\"async\" class=\"alignnone wp-image-17299 size-large\" src=\"http:\/\/vanderloubet.com.br\/deputado\/wp-content\/uploads\/2021\/06\/foto-2021-06-07-insper-impacto-renda-700x511.png\" alt=\"Efeitos da perda de aprendizagem, na pandemia, na renda dos jovens\" width=\"696\" height=\"508\" srcset=\"https:\/\/vanderloubet.com.br\/deputado\/wp-content\/uploads\/2021\/06\/foto-2021-06-07-insper-impacto-renda-700x511.png 700w, https:\/\/vanderloubet.com.br\/deputado\/wp-content\/uploads\/2021\/06\/foto-2021-06-07-insper-impacto-renda-350x255.png 350w, https:\/\/vanderloubet.com.br\/deputado\/wp-content\/uploads\/2021\/06\/foto-2021-06-07-insper-impacto-renda-768x560.png 768w, https:\/\/vanderloubet.com.br\/deputado\/wp-content\/uploads\/2021\/06\/foto-2021-06-07-insper-impacto-renda-576x420.png 576w, https:\/\/vanderloubet.com.br\/deputado\/wp-content\/uploads\/2021\/06\/foto-2021-06-07-insper-impacto-renda-696x508.png 696w, https:\/\/vanderloubet.com.br\/deputado\/wp-content\/uploads\/2021\/06\/foto-2021-06-07-insper-impacto-renda-1068x779.png 1068w, https:\/\/vanderloubet.com.br\/deputado\/wp-content\/uploads\/2021\/06\/foto-2021-06-07-insper-impacto-renda-324x235.png 324w, https:\/\/vanderloubet.com.br\/deputado\/wp-content\/uploads\/2021\/06\/foto-2021-06-07-insper-impacto-renda.png 1232w\" sizes=\"(max-width: 696px) 100vw, 696px\" \/><\/p>\n<p><strong>Leia o estudo: <a href=\"https:\/\/observatoriodeeducacao.institutounibanco.org.br\/api\/assets\/46713b13-95a5-4288-8e8c-101024259890\/\" target=\"_blank\" rel=\"noopener\">&#8220;Perda de Aprendizagem na Pandemia&#8221;<\/a><\/strong><\/p>\n<p><em>Fonte: Insper<br \/>\nFoto: Sergio Lima\/AFP<\/em><\/p>\n","protected":false},"excerpt":{"rendered":"<p>Perda de aprendizagem com ensino remoto foi estimada em estudo elaborado pelo Insper em parceria com o Instituto Unibanco.<\/p>\n","protected":false},"author":2,"featured_media":17301,"comment_status":"closed","ping_status":"closed","sticky":false,"template":"","format":"standard","meta":{"jetpack_post_was_ever_published":false,"_jetpack_newsletter_access":"","_jetpack_dont_email_post_to_subs":false,"_jetpack_newsletter_tier_id":0,"_jetpack_memberships_contains_paywalled_content":false,"_jetpack_memberships_contains_paid_content":false,"footnotes":""},"categories":[2098,10],"tags":[697,2441],"class_list":{"0":"post-17296","1":"post","2":"type-post","3":"status-publish","4":"format-standard","5":"has-post-thumbnail","7":"category-brasil-noticias","8":"category-noticias","9":"tag-educacao","10":"tag-pandemia"},"yoast_head":"<!-- This site is optimized with the Yoast SEO plugin v27.4 - https:\/\/yoast.com\/product\/yoast-seo-wordpress\/ -->\n<title>Pandemia amea\u00e7a jovens de empobrecimento duradouro<\/title>\n<meta name=\"robots\" content=\"index, follow, max-snippet:-1, max-image-preview:large, max-video-preview:-1\" \/>\n<link rel=\"canonical\" href=\"https:\/\/vanderloubet.com.br\/deputado\/pandemia-ameaca-jovens-de-empobrecimento-duradouro\/\" \/>\n<meta property=\"og:locale\" content=\"pt_BR\" \/>\n<meta property=\"og:type\" content=\"article\" \/>\n<meta property=\"og:title\" content=\"Pandemia amea\u00e7a jovens de empobrecimento duradouro\" \/>\n<meta property=\"og:description\" content=\"Perda de aprendizagem com ensino remoto foi estimada em estudo elaborado pelo Insper em parceria com o Instituto Unibanco.\" \/>\n<meta property=\"og:url\" content=\"https:\/\/vanderloubet.com.br\/deputado\/pandemia-ameaca-jovens-de-empobrecimento-duradouro\/\" \/>\n<meta property=\"og:site_name\" content=\"Deputado Federal Vander Loubet\" \/>\n<meta property=\"article:publisher\" content=\"https:\/\/facebook.com\/deputadovander\" \/>\n<meta property=\"article:published_time\" content=\"2021-06-07T12:00:52+00:00\" \/>\n<meta property=\"article:modified_time\" content=\"2021-06-07T15:28:45+00:00\" \/>\n<meta property=\"og:image\" content=\"https:\/\/vanderloubet.com.br\/deputado\/wp-content\/uploads\/2021\/06\/foto-2021-06-07-nao-havera-aula-presencial.jpg\" \/>\n\t<meta property=\"og:image:width\" content=\"1080\" \/>\n\t<meta property=\"og:image:height\" content=\"720\" \/>\n\t<meta property=\"og:image:type\" content=\"image\/jpeg\" \/>\n<meta name=\"author\" content=\"\u00c9der\" \/>\n<meta name=\"twitter:card\" content=\"summary_large_image\" \/>\n<meta name=\"twitter:creator\" content=\"@vanderloubet\" \/>\n<meta name=\"twitter:site\" content=\"@vanderloubet\" \/>\n<script type=\"application\/ld+json\" class=\"yoast-schema-graph\">{\"@context\":\"https:\\\/\\\/schema.org\",\"@graph\":[{\"@type\":\"Article\",\"@id\":\"https:\\\/\\\/vanderloubet.com.br\\\/deputado\\\/pandemia-ameaca-jovens-de-empobrecimento-duradouro\\\/#article\",\"isPartOf\":{\"@id\":\"https:\\\/\\\/vanderloubet.com.br\\\/deputado\\\/pandemia-ameaca-jovens-de-empobrecimento-duradouro\\\/\"},\"author\":{\"name\":\"\u00c9der\",\"@id\":\"https:\\\/\\\/vanderloubet.com.br\\\/deputado\\\/#\\\/schema\\\/person\\\/15b51bd564532a8a68d9dec1b8eb890e\"},\"headline\":\"Pandemia amea\u00e7a jovens de empobrecimento duradouro\",\"datePublished\":\"2021-06-07T12:00:52+00:00\",\"dateModified\":\"2021-06-07T15:28:45+00:00\",\"mainEntityOfPage\":{\"@id\":\"https:\\\/\\\/vanderloubet.com.br\\\/deputado\\\/pandemia-ameaca-jovens-de-empobrecimento-duradouro\\\/\"},\"wordCount\":1123,\"publisher\":{\"@id\":\"https:\\\/\\\/vanderloubet.com.br\\\/deputado\\\/#organization\"},\"image\":{\"@id\":\"https:\\\/\\\/vanderloubet.com.br\\\/deputado\\\/pandemia-ameaca-jovens-de-empobrecimento-duradouro\\\/#primaryimage\"},\"thumbnailUrl\":\"https:\\\/\\\/vanderloubet.com.br\\\/deputado\\\/wp-content\\\/uploads\\\/2021\\\/06\\\/foto-2021-06-07-nao-havera-aula-presencial.jpg\",\"keywords\":[\"educa\u00e7\u00e3o\",\"pandemia\"],\"articleSection\":[\"Brasil\",\"Not\u00edcias\"],\"inLanguage\":\"pt-BR\"},{\"@type\":\"WebPage\",\"@id\":\"https:\\\/\\\/vanderloubet.com.br\\\/deputado\\\/pandemia-ameaca-jovens-de-empobrecimento-duradouro\\\/\",\"url\":\"https:\\\/\\\/vanderloubet.com.br\\\/deputado\\\/pandemia-ameaca-jovens-de-empobrecimento-duradouro\\\/\",\"name\":\"Pandemia amea\u00e7a jovens de empobrecimento duradouro\",\"isPartOf\":{\"@id\":\"https:\\\/\\\/vanderloubet.com.br\\\/deputado\\\/#website\"},\"primaryImageOfPage\":{\"@id\":\"https:\\\/\\\/vanderloubet.com.br\\\/deputado\\\/pandemia-ameaca-jovens-de-empobrecimento-duradouro\\\/#primaryimage\"},\"image\":{\"@id\":\"https:\\\/\\\/vanderloubet.com.br\\\/deputado\\\/pandemia-ameaca-jovens-de-empobrecimento-duradouro\\\/#primaryimage\"},\"thumbnailUrl\":\"https:\\\/\\\/vanderloubet.com.br\\\/deputado\\\/wp-content\\\/uploads\\\/2021\\\/06\\\/foto-2021-06-07-nao-havera-aula-presencial.jpg\",\"datePublished\":\"2021-06-07T12:00:52+00:00\",\"dateModified\":\"2021-06-07T15:28:45+00:00\",\"breadcrumb\":{\"@id\":\"https:\\\/\\\/vanderloubet.com.br\\\/deputado\\\/pandemia-ameaca-jovens-de-empobrecimento-duradouro\\\/#breadcrumb\"},\"inLanguage\":\"pt-BR\",\"potentialAction\":[{\"@type\":\"ReadAction\",\"target\":[\"https:\\\/\\\/vanderloubet.com.br\\\/deputado\\\/pandemia-ameaca-jovens-de-empobrecimento-duradouro\\\/\"]}]},{\"@type\":\"ImageObject\",\"inLanguage\":\"pt-BR\",\"@id\":\"https:\\\/\\\/vanderloubet.com.br\\\/deputado\\\/pandemia-ameaca-jovens-de-empobrecimento-duradouro\\\/#primaryimage\",\"url\":\"https:\\\/\\\/vanderloubet.com.br\\\/deputado\\\/wp-content\\\/uploads\\\/2021\\\/06\\\/foto-2021-06-07-nao-havera-aula-presencial.jpg\",\"contentUrl\":\"https:\\\/\\\/vanderloubet.com.br\\\/deputado\\\/wp-content\\\/uploads\\\/2021\\\/06\\\/foto-2021-06-07-nao-havera-aula-presencial.jpg\",\"width\":1080,\"height\":720,\"caption\":\"Pandemia amea\u00e7a jovens de empobrecimento duradouro\"},{\"@type\":\"BreadcrumbList\",\"@id\":\"https:\\\/\\\/vanderloubet.com.br\\\/deputado\\\/pandemia-ameaca-jovens-de-empobrecimento-duradouro\\\/#breadcrumb\",\"itemListElement\":[{\"@type\":\"ListItem\",\"position\":1,\"name\":\"In\u00edcio\",\"item\":\"https:\\\/\\\/vanderloubet.com.br\\\/deputado\\\/\"},{\"@type\":\"ListItem\",\"position\":2,\"name\":\"Pandemia amea\u00e7a jovens de empobrecimento duradouro\"}]},{\"@type\":\"WebSite\",\"@id\":\"https:\\\/\\\/vanderloubet.com.br\\\/deputado\\\/#website\",\"url\":\"https:\\\/\\\/vanderloubet.com.br\\\/deputado\\\/\",\"name\":\"Deputado Federal Vander Loubet\",\"description\":\"O Federal de MS\",\"publisher\":{\"@id\":\"https:\\\/\\\/vanderloubet.com.br\\\/deputado\\\/#organization\"},\"alternateName\":\"Deputado Vander\",\"potentialAction\":[{\"@type\":\"SearchAction\",\"target\":{\"@type\":\"EntryPoint\",\"urlTemplate\":\"https:\\\/\\\/vanderloubet.com.br\\\/deputado\\\/?s={search_term_string}\"},\"query-input\":{\"@type\":\"PropertyValueSpecification\",\"valueRequired\":true,\"valueName\":\"search_term_string\"}}],\"inLanguage\":\"pt-BR\"},{\"@type\":\"Organization\",\"@id\":\"https:\\\/\\\/vanderloubet.com.br\\\/deputado\\\/#organization\",\"name\":\"Deputado Federal Vander Loubet\",\"alternateName\":\"Deputado Vander\",\"url\":\"https:\\\/\\\/vanderloubet.com.br\\\/deputado\\\/\",\"logo\":{\"@type\":\"ImageObject\",\"inLanguage\":\"pt-BR\",\"@id\":\"https:\\\/\\\/vanderloubet.com.br\\\/deputado\\\/#\\\/schema\\\/logo\\\/image\\\/\",\"url\":\"https:\\\/\\\/vanderloubet.com.br\\\/deputado\\\/wp-content\\\/uploads\\\/2023\\\/06\\\/foto-2023-06-19-mandato-deputado-vander.jpg\",\"contentUrl\":\"https:\\\/\\\/vanderloubet.com.br\\\/deputado\\\/wp-content\\\/uploads\\\/2023\\\/06\\\/foto-2023-06-19-mandato-deputado-vander.jpg\",\"width\":1080,\"height\":1080,\"caption\":\"Deputado Federal Vander Loubet\"},\"image\":{\"@id\":\"https:\\\/\\\/vanderloubet.com.br\\\/deputado\\\/#\\\/schema\\\/logo\\\/image\\\/\"},\"sameAs\":[\"https:\\\/\\\/facebook.com\\\/deputadovander\",\"https:\\\/\\\/x.com\\\/vanderloubet\",\"https:\\\/\\\/instagram.com\\\/vanderloubet\",\"https:\\\/\\\/youtube.com\\\/vanderloubet\",\"https:\\\/\\\/tiktok.com\\\/@vanderloubetms\"]},{\"@type\":\"Person\",\"@id\":\"https:\\\/\\\/vanderloubet.com.br\\\/deputado\\\/#\\\/schema\\\/person\\\/15b51bd564532a8a68d9dec1b8eb890e\",\"name\":\"\u00c9der\",\"image\":{\"@type\":\"ImageObject\",\"inLanguage\":\"pt-BR\",\"@id\":\"https:\\\/\\\/vanderloubet.com.br\\\/deputado\\\/wp-content\\\/litespeed\\\/avatar\\\/88ca4090d9d5ab1c9495f6ca03b68efa.jpg?ver=1777058957\",\"url\":\"https:\\\/\\\/vanderloubet.com.br\\\/deputado\\\/wp-content\\\/litespeed\\\/avatar\\\/88ca4090d9d5ab1c9495f6ca03b68efa.jpg?ver=1777058957\",\"contentUrl\":\"https:\\\/\\\/vanderloubet.com.br\\\/deputado\\\/wp-content\\\/litespeed\\\/avatar\\\/88ca4090d9d5ab1c9495f6ca03b68efa.jpg?ver=1777058957\",\"caption\":\"\u00c9der\"}}]}<\/script>\n<!-- \/ Yoast SEO plugin. -->","yoast_head_json":{"title":"Pandemia amea\u00e7a jovens de empobrecimento duradouro","robots":{"index":"index","follow":"follow","max-snippet":"max-snippet:-1","max-image-preview":"max-image-preview:large","max-video-preview":"max-video-preview:-1"},"canonical":"https:\/\/vanderloubet.com.br\/deputado\/pandemia-ameaca-jovens-de-empobrecimento-duradouro\/","og_locale":"pt_BR","og_type":"article","og_title":"Pandemia amea\u00e7a jovens de empobrecimento duradouro","og_description":"Perda de aprendizagem com ensino remoto foi estimada em estudo elaborado pelo Insper em parceria com o Instituto Unibanco.","og_url":"https:\/\/vanderloubet.com.br\/deputado\/pandemia-ameaca-jovens-de-empobrecimento-duradouro\/","og_site_name":"Deputado Federal Vander Loubet","article_publisher":"https:\/\/facebook.com\/deputadovander","article_published_time":"2021-06-07T12:00:52+00:00","article_modified_time":"2021-06-07T15:28:45+00:00","og_image":[{"width":1080,"height":720,"url":"https:\/\/vanderloubet.com.br\/deputado\/wp-content\/uploads\/2021\/06\/foto-2021-06-07-nao-havera-aula-presencial.jpg","type":"image\/jpeg"}],"author":"\u00c9der","twitter_card":"summary_large_image","twitter_creator":"@vanderloubet","twitter_site":"@vanderloubet","schema":{"@context":"https:\/\/schema.org","@graph":[{"@type":"Article","@id":"https:\/\/vanderloubet.com.br\/deputado\/pandemia-ameaca-jovens-de-empobrecimento-duradouro\/#article","isPartOf":{"@id":"https:\/\/vanderloubet.com.br\/deputado\/pandemia-ameaca-jovens-de-empobrecimento-duradouro\/"},"author":{"name":"\u00c9der","@id":"https:\/\/vanderloubet.com.br\/deputado\/#\/schema\/person\/15b51bd564532a8a68d9dec1b8eb890e"},"headline":"Pandemia amea\u00e7a jovens de empobrecimento duradouro","datePublished":"2021-06-07T12:00:52+00:00","dateModified":"2021-06-07T15:28:45+00:00","mainEntityOfPage":{"@id":"https:\/\/vanderloubet.com.br\/deputado\/pandemia-ameaca-jovens-de-empobrecimento-duradouro\/"},"wordCount":1123,"publisher":{"@id":"https:\/\/vanderloubet.com.br\/deputado\/#organization"},"image":{"@id":"https:\/\/vanderloubet.com.br\/deputado\/pandemia-ameaca-jovens-de-empobrecimento-duradouro\/#primaryimage"},"thumbnailUrl":"https:\/\/vanderloubet.com.br\/deputado\/wp-content\/uploads\/2021\/06\/foto-2021-06-07-nao-havera-aula-presencial.jpg","keywords":["educa\u00e7\u00e3o","pandemia"],"articleSection":["Brasil","Not\u00edcias"],"inLanguage":"pt-BR"},{"@type":"WebPage","@id":"https:\/\/vanderloubet.com.br\/deputado\/pandemia-ameaca-jovens-de-empobrecimento-duradouro\/","url":"https:\/\/vanderloubet.com.br\/deputado\/pandemia-ameaca-jovens-de-empobrecimento-duradouro\/","name":"Pandemia amea\u00e7a jovens de empobrecimento duradouro","isPartOf":{"@id":"https:\/\/vanderloubet.com.br\/deputado\/#website"},"primaryImageOfPage":{"@id":"https:\/\/vanderloubet.com.br\/deputado\/pandemia-ameaca-jovens-de-empobrecimento-duradouro\/#primaryimage"},"image":{"@id":"https:\/\/vanderloubet.com.br\/deputado\/pandemia-ameaca-jovens-de-empobrecimento-duradouro\/#primaryimage"},"thumbnailUrl":"https:\/\/vanderloubet.com.br\/deputado\/wp-content\/uploads\/2021\/06\/foto-2021-06-07-nao-havera-aula-presencial.jpg","datePublished":"2021-06-07T12:00:52+00:00","dateModified":"2021-06-07T15:28:45+00:00","breadcrumb":{"@id":"https:\/\/vanderloubet.com.br\/deputado\/pandemia-ameaca-jovens-de-empobrecimento-duradouro\/#breadcrumb"},"inLanguage":"pt-BR","potentialAction":[{"@type":"ReadAction","target":["https:\/\/vanderloubet.com.br\/deputado\/pandemia-ameaca-jovens-de-empobrecimento-duradouro\/"]}]},{"@type":"ImageObject","inLanguage":"pt-BR","@id":"https:\/\/vanderloubet.com.br\/deputado\/pandemia-ameaca-jovens-de-empobrecimento-duradouro\/#primaryimage","url":"https:\/\/vanderloubet.com.br\/deputado\/wp-content\/uploads\/2021\/06\/foto-2021-06-07-nao-havera-aula-presencial.jpg","contentUrl":"https:\/\/vanderloubet.com.br\/deputado\/wp-content\/uploads\/2021\/06\/foto-2021-06-07-nao-havera-aula-presencial.jpg","width":1080,"height":720,"caption":"Pandemia amea\u00e7a jovens de empobrecimento duradouro"},{"@type":"BreadcrumbList","@id":"https:\/\/vanderloubet.com.br\/deputado\/pandemia-ameaca-jovens-de-empobrecimento-duradouro\/#breadcrumb","itemListElement":[{"@type":"ListItem","position":1,"name":"In\u00edcio","item":"https:\/\/vanderloubet.com.br\/deputado\/"},{"@type":"ListItem","position":2,"name":"Pandemia amea\u00e7a jovens de empobrecimento duradouro"}]},{"@type":"WebSite","@id":"https:\/\/vanderloubet.com.br\/deputado\/#website","url":"https:\/\/vanderloubet.com.br\/deputado\/","name":"Deputado Federal Vander Loubet","description":"O Federal de MS","publisher":{"@id":"https:\/\/vanderloubet.com.br\/deputado\/#organization"},"alternateName":"Deputado Vander","potentialAction":[{"@type":"SearchAction","target":{"@type":"EntryPoint","urlTemplate":"https:\/\/vanderloubet.com.br\/deputado\/?s={search_term_string}"},"query-input":{"@type":"PropertyValueSpecification","valueRequired":true,"valueName":"search_term_string"}}],"inLanguage":"pt-BR"},{"@type":"Organization","@id":"https:\/\/vanderloubet.com.br\/deputado\/#organization","name":"Deputado Federal Vander Loubet","alternateName":"Deputado Vander","url":"https:\/\/vanderloubet.com.br\/deputado\/","logo":{"@type":"ImageObject","inLanguage":"pt-BR","@id":"https:\/\/vanderloubet.com.br\/deputado\/#\/schema\/logo\/image\/","url":"https:\/\/vanderloubet.com.br\/deputado\/wp-content\/uploads\/2023\/06\/foto-2023-06-19-mandato-deputado-vander.jpg","contentUrl":"https:\/\/vanderloubet.com.br\/deputado\/wp-content\/uploads\/2023\/06\/foto-2023-06-19-mandato-deputado-vander.jpg","width":1080,"height":1080,"caption":"Deputado Federal Vander Loubet"},"image":{"@id":"https:\/\/vanderloubet.com.br\/deputado\/#\/schema\/logo\/image\/"},"sameAs":["https:\/\/facebook.com\/deputadovander","https:\/\/x.com\/vanderloubet","https:\/\/instagram.com\/vanderloubet","https:\/\/youtube.com\/vanderloubet","https:\/\/tiktok.com\/@vanderloubetms"]},{"@type":"Person","@id":"https:\/\/vanderloubet.com.br\/deputado\/#\/schema\/person\/15b51bd564532a8a68d9dec1b8eb890e","name":"\u00c9der","image":{"@type":"ImageObject","inLanguage":"pt-BR","@id":"https:\/\/vanderloubet.com.br\/deputado\/wp-content\/litespeed\/avatar\/88ca4090d9d5ab1c9495f6ca03b68efa.jpg?ver=1777058957","url":"https:\/\/vanderloubet.com.br\/deputado\/wp-content\/litespeed\/avatar\/88ca4090d9d5ab1c9495f6ca03b68efa.jpg?ver=1777058957","contentUrl":"https:\/\/vanderloubet.com.br\/deputado\/wp-content\/litespeed\/avatar\/88ca4090d9d5ab1c9495f6ca03b68efa.jpg?ver=1777058957","caption":"\u00c9der"}}]}},"jetpack_featured_media_url":"https:\/\/vanderloubet.com.br\/deputado\/wp-content\/uploads\/2021\/06\/foto-2021-06-07-nao-havera-aula-presencial.jpg","jetpack_sharing_enabled":true,"_links":{"self":[{"href":"https:\/\/vanderloubet.com.br\/deputado\/wp-json\/wp\/v2\/posts\/17296","targetHints":{"allow":["GET"]}}],"collection":[{"href":"https:\/\/vanderloubet.com.br\/deputado\/wp-json\/wp\/v2\/posts"}],"about":[{"href":"https:\/\/vanderloubet.com.br\/deputado\/wp-json\/wp\/v2\/types\/post"}],"author":[{"embeddable":true,"href":"https:\/\/vanderloubet.com.br\/deputado\/wp-json\/wp\/v2\/users\/2"}],"replies":[{"embeddable":true,"href":"https:\/\/vanderloubet.com.br\/deputado\/wp-json\/wp\/v2\/comments?post=17296"}],"version-history":[{"count":0,"href":"https:\/\/vanderloubet.com.br\/deputado\/wp-json\/wp\/v2\/posts\/17296\/revisions"}],"wp:featuredmedia":[{"embeddable":true,"href":"https:\/\/vanderloubet.com.br\/deputado\/wp-json\/wp\/v2\/media\/17301"}],"wp:attachment":[{"href":"https:\/\/vanderloubet.com.br\/deputado\/wp-json\/wp\/v2\/media?parent=17296"}],"wp:term":[{"taxonomy":"category","embeddable":true,"href":"https:\/\/vanderloubet.com.br\/deputado\/wp-json\/wp\/v2\/categories?post=17296"},{"taxonomy":"post_tag","embeddable":true,"href":"https:\/\/vanderloubet.com.br\/deputado\/wp-json\/wp\/v2\/tags?post=17296"}],"curies":[{"name":"wp","href":"https:\/\/api.w.org\/{rel}","templated":true}]}}