{"id":17289,"date":"2021-06-01T10:00:32","date_gmt":"2021-06-01T14:00:32","guid":{"rendered":"http:\/\/vanderloubet.com.br\/deputado\/?p=17289"},"modified":"2021-06-04T14:08:55","modified_gmt":"2021-06-04T18:08:55","slug":"vander-confirma-r-400-mil-para-saude-publica-de-rio-verde","status":"publish","type":"post","link":"https:\/\/vanderloubet.com.br\/deputado\/vander-confirma-r-400-mil-para-saude-publica-de-rio-verde\/","title":{"rendered":"Vander confirma R$ 400 mil para sa\u00fade p\u00fablica de Rio Verde"},"content":{"rendered":"<p><iframe title=\"Vander confirma R$ 400 mil para sa\u00fade p\u00fablica de Rio Verde\" width=\"696\" height=\"392\" src=\"https:\/\/www.youtube.com\/embed\/ivm-J8_sUk0?feature=oembed\" frameborder=\"0\" allow=\"accelerometer; autoplay; clipboard-write; encrypted-media; gyroscope; picture-in-picture\" allowfullscreen><\/iframe><\/p>\n","protected":false},"excerpt":{"rendered":"<p>Emenda parlamentar destinada pelo deputado atende \u00e0 reivindica\u00e7\u00e3o da vereadora Laine Dimeira. Recurso ser\u00e1 aplicado no SUS do munic\u00edpio.<\/p>\n","protected":false},"author":2,"featured_media":17290,"comment_status":"closed","ping_status":"closed","sticky":false,"template":"","format":"video","meta":{"jetpack_post_was_ever_published":false,"_jetpack_newsletter_access":"","_jetpack_dont_email_post_to_subs":false,"_jetpack_newsletter_tier_id":0,"_jetpack_memberships_contains_paywalled_content":false,"_jetpack_memberships_contains_paid_content":false,"footnotes":""},"categories":[2101,2097,10,12],"tags":[2127,1736,1803],"class_list":{"0":"post-17289","1":"post","2":"type-post","3":"status-publish","4":"format-video","5":"has-post-thumbnail","7":"category-multimidia","8":"category-municipios-noticias","9":"category-noticias","10":"category-videos","11":"tag-emenda-parlamentar","12":"tag-rio-verde-de-mato-grosso","13":"tag-saude","14":"post_format-post-format-video"},"yoast_head":"<!-- This site is optimized with the Yoast SEO plugin v27.4 - https:\/\/yoast.com\/product\/yoast-seo-wordpress\/ -->\n<title>Vander confirma R$ 400 mil para sa\u00fade p\u00fablica de Rio Verde<\/title>\n<meta name=\"description\" content=\"Emenda parlamentar destinada pelo deputado atende \u00e0 reivindica\u00e7\u00e3o da vereadora Laine Dimeira. Recurso ser\u00e1 aplicado no SUS do munic\u00edpio.\" \/>\n<meta name=\"robots\" content=\"index, follow, max-snippet:-1, max-image-preview:large, max-video-preview:-1\" \/>\n<link rel=\"canonical\" href=\"https:\/\/vanderloubet.com.br\/deputado\/vander-confirma-r-400-mil-para-saude-publica-de-rio-verde\/\" \/>\n<meta property=\"og:locale\" content=\"pt_BR\" \/>\n<meta property=\"og:type\" content=\"article\" \/>\n<meta property=\"og:title\" content=\"Vander confirma R$ 400 mil para sa\u00fade p\u00fablica de Rio Verde\" \/>\n<meta property=\"og:description\" content=\"Emenda parlamentar destinada pelo deputado atende \u00e0 reivindica\u00e7\u00e3o da vereadora Laine Dimeira. Recurso ser\u00e1 aplicado no SUS do munic\u00edpio.\" \/>\n<meta property=\"og:url\" content=\"https:\/\/vanderloubet.com.br\/deputado\/vander-confirma-r-400-mil-para-saude-publica-de-rio-verde\/\" \/>\n<meta property=\"og:site_name\" content=\"Deputado Federal Vander Loubet\" \/>\n<meta property=\"article:publisher\" content=\"https:\/\/facebook.com\/deputadovander\" \/>\n<meta property=\"article:published_time\" content=\"2021-06-01T14:00:32+00:00\" \/>\n<meta property=\"article:modified_time\" content=\"2021-06-04T18:08:55+00:00\" \/>\n<meta property=\"og:image\" content=\"https:\/\/vanderloubet.com.br\/deputado\/wp-content\/uploads\/2021\/06\/foto-2021-06-01-vander-emenda-saude-rio-verde.jpg\" \/>\n\t<meta property=\"og:image:width\" content=\"1080\" \/>\n\t<meta property=\"og:image:height\" content=\"608\" \/>\n\t<meta property=\"og:image:type\" content=\"image\/jpeg\" \/>\n<meta name=\"author\" content=\"\u00c9der\" \/>\n<meta name=\"twitter:card\" content=\"summary_large_image\" \/>\n<meta name=\"twitter:creator\" content=\"@vanderloubet\" \/>\n<meta name=\"twitter:site\" content=\"@vanderloubet\" \/>\n<script type=\"application\/ld+json\" class=\"yoast-schema-graph\">{\"@context\":\"https:\\\/\\\/schema.org\",\"@graph\":[{\"@type\":\"Article\",\"@id\":\"https:\\\/\\\/vanderloubet.com.br\\\/deputado\\\/vander-confirma-r-400-mil-para-saude-publica-de-rio-verde\\\/#article\",\"isPartOf\":{\"@id\":\"https:\\\/\\\/vanderloubet.com.br\\\/deputado\\\/vander-confirma-r-400-mil-para-saude-publica-de-rio-verde\\\/\"},\"author\":{\"name\":\"\u00c9der\",\"@id\":\"https:\\\/\\\/vanderloubet.com.br\\\/deputado\\\/#\\\/schema\\\/person\\\/15b51bd564532a8a68d9dec1b8eb890e\"},\"headline\":\"Vander confirma R$ 400 mil para sa\u00fade p\u00fablica de Rio Verde\",\"datePublished\":\"2021-06-01T14:00:32+00:00\",\"dateModified\":\"2021-06-04T18:08:55+00:00\",\"mainEntityOfPage\":{\"@id\":\"https:\\\/\\\/vanderloubet.com.br\\\/deputado\\\/vander-confirma-r-400-mil-para-saude-publica-de-rio-verde\\\/\"},\"wordCount\":17,\"publisher\":{\"@id\":\"https:\\\/\\\/vanderloubet.com.br\\\/deputado\\\/#organization\"},\"image\":{\"@id\":\"https:\\\/\\\/vanderloubet.com.br\\\/deputado\\\/vander-confirma-r-400-mil-para-saude-publica-de-rio-verde\\\/#primaryimage\"},\"thumbnailUrl\":\"https:\\\/\\\/vanderloubet.com.br\\\/deputado\\\/wp-content\\\/uploads\\\/2021\\\/06\\\/foto-2021-06-01-vander-emenda-saude-rio-verde.jpg\",\"keywords\":[\"emenda parlamentar\",\"rio verde de mato grosso\",\"sa\u00fade\"],\"articleSection\":[\"Multim\u00eddia\",\"Munic\u00edpios\",\"Not\u00edcias\",\"V\u00eddeos\"],\"inLanguage\":\"pt-BR\"},{\"@type\":\"WebPage\",\"@id\":\"https:\\\/\\\/vanderloubet.com.br\\\/deputado\\\/vander-confirma-r-400-mil-para-saude-publica-de-rio-verde\\\/\",\"url\":\"https:\\\/\\\/vanderloubet.com.br\\\/deputado\\\/vander-confirma-r-400-mil-para-saude-publica-de-rio-verde\\\/\",\"name\":\"Vander confirma R$ 400 mil para sa\u00fade p\u00fablica de Rio Verde\",\"isPartOf\":{\"@id\":\"https:\\\/\\\/vanderloubet.com.br\\\/deputado\\\/#website\"},\"primaryImageOfPage\":{\"@id\":\"https:\\\/\\\/vanderloubet.com.br\\\/deputado\\\/vander-confirma-r-400-mil-para-saude-publica-de-rio-verde\\\/#primaryimage\"},\"image\":{\"@id\":\"https:\\\/\\\/vanderloubet.com.br\\\/deputado\\\/vander-confirma-r-400-mil-para-saude-publica-de-rio-verde\\\/#primaryimage\"},\"thumbnailUrl\":\"https:\\\/\\\/vanderloubet.com.br\\\/deputado\\\/wp-content\\\/uploads\\\/2021\\\/06\\\/foto-2021-06-01-vander-emenda-saude-rio-verde.jpg\",\"datePublished\":\"2021-06-01T14:00:32+00:00\",\"dateModified\":\"2021-06-04T18:08:55+00:00\",\"description\":\"Emenda parlamentar destinada pelo deputado atende \u00e0 reivindica\u00e7\u00e3o da vereadora Laine Dimeira. Recurso ser\u00e1 aplicado no SUS do munic\u00edpio.\",\"breadcrumb\":{\"@id\":\"https:\\\/\\\/vanderloubet.com.br\\\/deputado\\\/vander-confirma-r-400-mil-para-saude-publica-de-rio-verde\\\/#breadcrumb\"},\"inLanguage\":\"pt-BR\",\"potentialAction\":[{\"@type\":\"ReadAction\",\"target\":[\"https:\\\/\\\/vanderloubet.com.br\\\/deputado\\\/vander-confirma-r-400-mil-para-saude-publica-de-rio-verde\\\/\"]}]},{\"@type\":\"ImageObject\",\"inLanguage\":\"pt-BR\",\"@id\":\"https:\\\/\\\/vanderloubet.com.br\\\/deputado\\\/vander-confirma-r-400-mil-para-saude-publica-de-rio-verde\\\/#primaryimage\",\"url\":\"https:\\\/\\\/vanderloubet.com.br\\\/deputado\\\/wp-content\\\/uploads\\\/2021\\\/06\\\/foto-2021-06-01-vander-emenda-saude-rio-verde.jpg\",\"contentUrl\":\"https:\\\/\\\/vanderloubet.com.br\\\/deputado\\\/wp-content\\\/uploads\\\/2021\\\/06\\\/foto-2021-06-01-vander-emenda-saude-rio-verde.jpg\",\"width\":1080,\"height\":608,\"caption\":\"Vander confirma R$ 400 mil para sa\u00fade p\u00fablica de Rio Verde\"},{\"@type\":\"BreadcrumbList\",\"@id\":\"https:\\\/\\\/vanderloubet.com.br\\\/deputado\\\/vander-confirma-r-400-mil-para-saude-publica-de-rio-verde\\\/#breadcrumb\",\"itemListElement\":[{\"@type\":\"ListItem\",\"position\":1,\"name\":\"In\u00edcio\",\"item\":\"https:\\\/\\\/vanderloubet.com.br\\\/deputado\\\/\"},{\"@type\":\"ListItem\",\"position\":2,\"name\":\"Vander confirma R$ 400 mil para sa\u00fade p\u00fablica de Rio Verde\"}]},{\"@type\":\"WebSite\",\"@id\":\"https:\\\/\\\/vanderloubet.com.br\\\/deputado\\\/#website\",\"url\":\"https:\\\/\\\/vanderloubet.com.br\\\/deputado\\\/\",\"name\":\"Deputado Federal Vander Loubet\",\"description\":\"O Federal de MS\",\"publisher\":{\"@id\":\"https:\\\/\\\/vanderloubet.com.br\\\/deputado\\\/#organization\"},\"alternateName\":\"Deputado Vander\",\"potentialAction\":[{\"@type\":\"SearchAction\",\"target\":{\"@type\":\"EntryPoint\",\"urlTemplate\":\"https:\\\/\\\/vanderloubet.com.br\\\/deputado\\\/?s={search_term_string}\"},\"query-input\":{\"@type\":\"PropertyValueSpecification\",\"valueRequired\":true,\"valueName\":\"search_term_string\"}}],\"inLanguage\":\"pt-BR\"},{\"@type\":\"Organization\",\"@id\":\"https:\\\/\\\/vanderloubet.com.br\\\/deputado\\\/#organization\",\"name\":\"Deputado Federal Vander Loubet\",\"alternateName\":\"Deputado Vander\",\"url\":\"https:\\\/\\\/vanderloubet.com.br\\\/deputado\\\/\",\"logo\":{\"@type\":\"ImageObject\",\"inLanguage\":\"pt-BR\",\"@id\":\"https:\\\/\\\/vanderloubet.com.br\\\/deputado\\\/#\\\/schema\\\/logo\\\/image\\\/\",\"url\":\"https:\\\/\\\/vanderloubet.com.br\\\/deputado\\\/wp-content\\\/uploads\\\/2023\\\/06\\\/foto-2023-06-19-mandato-deputado-vander.jpg\",\"contentUrl\":\"https:\\\/\\\/vanderloubet.com.br\\\/deputado\\\/wp-content\\\/uploads\\\/2023\\\/06\\\/foto-2023-06-19-mandato-deputado-vander.jpg\",\"width\":1080,\"height\":1080,\"caption\":\"Deputado Federal Vander Loubet\"},\"image\":{\"@id\":\"https:\\\/\\\/vanderloubet.com.br\\\/deputado\\\/#\\\/schema\\\/logo\\\/image\\\/\"},\"sameAs\":[\"https:\\\/\\\/facebook.com\\\/deputadovander\",\"https:\\\/\\\/x.com\\\/vanderloubet\",\"https:\\\/\\\/instagram.com\\\/vanderloubet\",\"https:\\\/\\\/youtube.com\\\/vanderloubet\",\"https:\\\/\\\/tiktok.com\\\/@vanderloubetms\"]},{\"@type\":\"Person\",\"@id\":\"https:\\\/\\\/vanderloubet.com.br\\\/deputado\\\/#\\\/schema\\\/person\\\/15b51bd564532a8a68d9dec1b8eb890e\",\"name\":\"\u00c9der\",\"image\":{\"@type\":\"ImageObject\",\"inLanguage\":\"pt-BR\",\"@id\":\"https:\\\/\\\/vanderloubet.com.br\\\/deputado\\\/wp-content\\\/litespeed\\\/avatar\\\/88ca4090d9d5ab1c9495f6ca03b68efa.jpg?ver=1777058957\",\"url\":\"https:\\\/\\\/vanderloubet.com.br\\\/deputado\\\/wp-content\\\/litespeed\\\/avatar\\\/88ca4090d9d5ab1c9495f6ca03b68efa.jpg?ver=1777058957\",\"contentUrl\":\"https:\\\/\\\/vanderloubet.com.br\\\/deputado\\\/wp-content\\\/litespeed\\\/avatar\\\/88ca4090d9d5ab1c9495f6ca03b68efa.jpg?ver=1777058957\",\"caption\":\"\u00c9der\"}}]}<\/script>\n<!-- \/ Yoast SEO plugin. -->","yoast_head_json":{"title":"Vander confirma R$ 400 mil para sa\u00fade p\u00fablica de Rio Verde","description":"Emenda parlamentar destinada pelo deputado atende \u00e0 reivindica\u00e7\u00e3o da vereadora Laine Dimeira. Recurso ser\u00e1 aplicado no SUS do munic\u00edpio.","robots":{"index":"index","follow":"follow","max-snippet":"max-snippet:-1","max-image-preview":"max-image-preview:large","max-video-preview":"max-video-preview:-1"},"canonical":"https:\/\/vanderloubet.com.br\/deputado\/vander-confirma-r-400-mil-para-saude-publica-de-rio-verde\/","og_locale":"pt_BR","og_type":"article","og_title":"Vander confirma R$ 400 mil para sa\u00fade p\u00fablica de Rio Verde","og_description":"Emenda parlamentar destinada pelo deputado atende \u00e0 reivindica\u00e7\u00e3o da vereadora Laine Dimeira. Recurso ser\u00e1 aplicado no SUS do munic\u00edpio.","og_url":"https:\/\/vanderloubet.com.br\/deputado\/vander-confirma-r-400-mil-para-saude-publica-de-rio-verde\/","og_site_name":"Deputado Federal Vander Loubet","article_publisher":"https:\/\/facebook.com\/deputadovander","article_published_time":"2021-06-01T14:00:32+00:00","article_modified_time":"2021-06-04T18:08:55+00:00","og_image":[{"width":1080,"height":608,"url":"https:\/\/vanderloubet.com.br\/deputado\/wp-content\/uploads\/2021\/06\/foto-2021-06-01-vander-emenda-saude-rio-verde.jpg","type":"image\/jpeg"}],"author":"\u00c9der","twitter_card":"summary_large_image","twitter_creator":"@vanderloubet","twitter_site":"@vanderloubet","schema":{"@context":"https:\/\/schema.org","@graph":[{"@type":"Article","@id":"https:\/\/vanderloubet.com.br\/deputado\/vander-confirma-r-400-mil-para-saude-publica-de-rio-verde\/#article","isPartOf":{"@id":"https:\/\/vanderloubet.com.br\/deputado\/vander-confirma-r-400-mil-para-saude-publica-de-rio-verde\/"},"author":{"name":"\u00c9der","@id":"https:\/\/vanderloubet.com.br\/deputado\/#\/schema\/person\/15b51bd564532a8a68d9dec1b8eb890e"},"headline":"Vander confirma R$ 400 mil para sa\u00fade p\u00fablica de Rio Verde","datePublished":"2021-06-01T14:00:32+00:00","dateModified":"2021-06-04T18:08:55+00:00","mainEntityOfPage":{"@id":"https:\/\/vanderloubet.com.br\/deputado\/vander-confirma-r-400-mil-para-saude-publica-de-rio-verde\/"},"wordCount":17,"publisher":{"@id":"https:\/\/vanderloubet.com.br\/deputado\/#organization"},"image":{"@id":"https:\/\/vanderloubet.com.br\/deputado\/vander-confirma-r-400-mil-para-saude-publica-de-rio-verde\/#primaryimage"},"thumbnailUrl":"https:\/\/vanderloubet.com.br\/deputado\/wp-content\/uploads\/2021\/06\/foto-2021-06-01-vander-emenda-saude-rio-verde.jpg","keywords":["emenda parlamentar","rio verde de mato grosso","sa\u00fade"],"articleSection":["Multim\u00eddia","Munic\u00edpios","Not\u00edcias","V\u00eddeos"],"inLanguage":"pt-BR"},{"@type":"WebPage","@id":"https:\/\/vanderloubet.com.br\/deputado\/vander-confirma-r-400-mil-para-saude-publica-de-rio-verde\/","url":"https:\/\/vanderloubet.com.br\/deputado\/vander-confirma-r-400-mil-para-saude-publica-de-rio-verde\/","name":"Vander confirma R$ 400 mil para sa\u00fade p\u00fablica de Rio Verde","isPartOf":{"@id":"https:\/\/vanderloubet.com.br\/deputado\/#website"},"primaryImageOfPage":{"@id":"https:\/\/vanderloubet.com.br\/deputado\/vander-confirma-r-400-mil-para-saude-publica-de-rio-verde\/#primaryimage"},"image":{"@id":"https:\/\/vanderloubet.com.br\/deputado\/vander-confirma-r-400-mil-para-saude-publica-de-rio-verde\/#primaryimage"},"thumbnailUrl":"https:\/\/vanderloubet.com.br\/deputado\/wp-content\/uploads\/2021\/06\/foto-2021-06-01-vander-emenda-saude-rio-verde.jpg","datePublished":"2021-06-01T14:00:32+00:00","dateModified":"2021-06-04T18:08:55+00:00","description":"Emenda parlamentar destinada pelo deputado atende \u00e0 reivindica\u00e7\u00e3o da vereadora Laine Dimeira. Recurso ser\u00e1 aplicado no SUS do munic\u00edpio.","breadcrumb":{"@id":"https:\/\/vanderloubet.com.br\/deputado\/vander-confirma-r-400-mil-para-saude-publica-de-rio-verde\/#breadcrumb"},"inLanguage":"pt-BR","potentialAction":[{"@type":"ReadAction","target":["https:\/\/vanderloubet.com.br\/deputado\/vander-confirma-r-400-mil-para-saude-publica-de-rio-verde\/"]}]},{"@type":"ImageObject","inLanguage":"pt-BR","@id":"https:\/\/vanderloubet.com.br\/deputado\/vander-confirma-r-400-mil-para-saude-publica-de-rio-verde\/#primaryimage","url":"https:\/\/vanderloubet.com.br\/deputado\/wp-content\/uploads\/2021\/06\/foto-2021-06-01-vander-emenda-saude-rio-verde.jpg","contentUrl":"https:\/\/vanderloubet.com.br\/deputado\/wp-content\/uploads\/2021\/06\/foto-2021-06-01-vander-emenda-saude-rio-verde.jpg","width":1080,"height":608,"caption":"Vander confirma R$ 400 mil para sa\u00fade p\u00fablica de Rio Verde"},{"@type":"BreadcrumbList","@id":"https:\/\/vanderloubet.com.br\/deputado\/vander-confirma-r-400-mil-para-saude-publica-de-rio-verde\/#breadcrumb","itemListElement":[{"@type":"ListItem","position":1,"name":"In\u00edcio","item":"https:\/\/vanderloubet.com.br\/deputado\/"},{"@type":"ListItem","position":2,"name":"Vander confirma R$ 400 mil para sa\u00fade p\u00fablica de Rio Verde"}]},{"@type":"WebSite","@id":"https:\/\/vanderloubet.com.br\/deputado\/#website","url":"https:\/\/vanderloubet.com.br\/deputado\/","name":"Deputado Federal Vander Loubet","description":"O Federal de MS","publisher":{"@id":"https:\/\/vanderloubet.com.br\/deputado\/#organization"},"alternateName":"Deputado Vander","potentialAction":[{"@type":"SearchAction","target":{"@type":"EntryPoint","urlTemplate":"https:\/\/vanderloubet.com.br\/deputado\/?s={search_term_string}"},"query-input":{"@type":"PropertyValueSpecification","valueRequired":true,"valueName":"search_term_string"}}],"inLanguage":"pt-BR"},{"@type":"Organization","@id":"https:\/\/vanderloubet.com.br\/deputado\/#organization","name":"Deputado Federal Vander Loubet","alternateName":"Deputado Vander","url":"https:\/\/vanderloubet.com.br\/deputado\/","logo":{"@type":"ImageObject","inLanguage":"pt-BR","@id":"https:\/\/vanderloubet.com.br\/deputado\/#\/schema\/logo\/image\/","url":"https:\/\/vanderloubet.com.br\/deputado\/wp-content\/uploads\/2023\/06\/foto-2023-06-19-mandato-deputado-vander.jpg","contentUrl":"https:\/\/vanderloubet.com.br\/deputado\/wp-content\/uploads\/2023\/06\/foto-2023-06-19-mandato-deputado-vander.jpg","width":1080,"height":1080,"caption":"Deputado Federal Vander Loubet"},"image":{"@id":"https:\/\/vanderloubet.com.br\/deputado\/#\/schema\/logo\/image\/"},"sameAs":["https:\/\/facebook.com\/deputadovander","https:\/\/x.com\/vanderloubet","https:\/\/instagram.com\/vanderloubet","https:\/\/youtube.com\/vanderloubet","https:\/\/tiktok.com\/@vanderloubetms"]},{"@type":"Person","@id":"https:\/\/vanderloubet.com.br\/deputado\/#\/schema\/person\/15b51bd564532a8a68d9dec1b8eb890e","name":"\u00c9der","image":{"@type":"ImageObject","inLanguage":"pt-BR","@id":"https:\/\/vanderloubet.com.br\/deputado\/wp-content\/litespeed\/avatar\/88ca4090d9d5ab1c9495f6ca03b68efa.jpg?ver=1777058957","url":"https:\/\/vanderloubet.com.br\/deputado\/wp-content\/litespeed\/avatar\/88ca4090d9d5ab1c9495f6ca03b68efa.jpg?ver=1777058957","contentUrl":"https:\/\/vanderloubet.com.br\/deputado\/wp-content\/litespeed\/avatar\/88ca4090d9d5ab1c9495f6ca03b68efa.jpg?ver=1777058957","caption":"\u00c9der"}}]}},"jetpack_featured_media_url":"https:\/\/vanderloubet.com.br\/deputado\/wp-content\/uploads\/2021\/06\/foto-2021-06-01-vander-emenda-saude-rio-verde.jpg","jetpack_sharing_enabled":true,"_links":{"self":[{"href":"https:\/\/vanderloubet.com.br\/deputado\/wp-json\/wp\/v2\/posts\/17289","targetHints":{"allow":["GET"]}}],"collection":[{"href":"https:\/\/vanderloubet.com.br\/deputado\/wp-json\/wp\/v2\/posts"}],"about":[{"href":"https:\/\/vanderloubet.com.br\/deputado\/wp-json\/wp\/v2\/types\/post"}],"author":[{"embeddable":true,"href":"https:\/\/vanderloubet.com.br\/deputado\/wp-json\/wp\/v2\/users\/2"}],"replies":[{"embeddable":true,"href":"https:\/\/vanderloubet.com.br\/deputado\/wp-json\/wp\/v2\/comments?post=17289"}],"version-history":[{"count":0,"href":"https:\/\/vanderloubet.com.br\/deputado\/wp-json\/wp\/v2\/posts\/17289\/revisions"}],"wp:featuredmedia":[{"embeddable":true,"href":"https:\/\/vanderloubet.com.br\/deputado\/wp-json\/wp\/v2\/media\/17290"}],"wp:attachment":[{"href":"https:\/\/vanderloubet.com.br\/deputado\/wp-json\/wp\/v2\/media?parent=17289"}],"wp:term":[{"taxonomy":"category","embeddable":true,"href":"https:\/\/vanderloubet.com.br\/deputado\/wp-json\/wp\/v2\/categories?post=17289"},{"taxonomy":"post_tag","embeddable":true,"href":"https:\/\/vanderloubet.com.br\/deputado\/wp-json\/wp\/v2\/tags?post=17289"}],"curies":[{"name":"wp","href":"https:\/\/api.w.org\/{rel}","templated":true}]}}