{"id":17275,"date":"2021-06-02T08:00:00","date_gmt":"2021-06-02T12:00:00","guid":{"rendered":"http:\/\/vanderloubet.com.br\/deputado\/?p=17275"},"modified":"2021-06-02T08:17:06","modified_gmt":"2021-06-02T12:17:06","slug":"com-apoio-de-vander-e-camila-jara-subjuv-recebe-van-para-levar-qualificacao-a-bairros","status":"publish","type":"post","link":"https:\/\/vanderloubet.com.br\/deputado\/com-apoio-de-vander-e-camila-jara-subjuv-recebe-van-para-levar-qualificacao-a-bairros\/","title":{"rendered":"Com apoio de Vander e Camila Jara, Subjuv recebe van para levar qualifica\u00e7\u00e3o a bairros"},"content":{"rendered":"<p>Jovens que moram em bairros mais afastados do Centro de Campo Grande agora contam com um refor\u00e7o para ter acesso a cursos de capacita\u00e7\u00e3o. \u00c9 que a Subsecretaria de Pol\u00edticas para a Juventude (Subjuv) recebeu nesta ter\u00e7a-feira (1\u00ba) uma van Renault Master 2021, de 17 lugares, que ser\u00e1 usada tanto para realizar o transporte desses jovens a cursos e atividades da Subsecretaria quanto para levar professores e instrutores at\u00e9 essas regi\u00f5es para promover qualifica\u00e7\u00e3o.<\/p>\n<p>O ve\u00edculo foi adquirido com recursos articulados pelo deputado federal Vander Loubet (PT) com apoio da vereadora Camila Jara (PT).<\/p>\n<p>A subsecret\u00e1ria de Pol\u00edticas para a Juventude, Laura Miranda, afirmou que a Subjuv vem conseguindo caminhar a passos largos na busca da reconquista do jovem. &#8220;Falo de recome\u00e7o porque representamos 33% da popula\u00e7\u00e3o de Campo Grande e esses 33% ter\u00e3o que estar empoderados, capacitados e dispostos \u00e0 reconstru\u00e7\u00e3o quando a pandemia passar&#8221;, declarou.<\/p>\n<p>O deputado Vander lembrou que a articula\u00e7\u00e3o dos recursos come\u00e7ou em 2019 com o objetivo de criar bolsas de aux\u00edlio para estudantes de baixa renda de universidades p\u00fablicas, mas que pela impossibilidade do uso da verba para esse fim, a aquisi\u00e7\u00e3o da van se tornou alternativa vi\u00e1vel e \u00fatil. &#8220;Na \u00e9poca, a Laura, de forma muito inteligente, chamou a mim, chamou a Camila, que nem era vereadora ainda, mas representava o movimento estudantil e a juventude, e chegamos a essa solu\u00e7\u00e3o. Porque pol\u00edtica se faz com di\u00e1logo&#8221;, afirmou.<\/p>\n<p>&#8220;Quem ganha s\u00e3o os jovens da nossa cidade, principalmente os jovens da periferia, que sabemos que muitas vezes n\u00e3o t\u00eam nem o dinheiro da passagem do \u00f4nibus para se deslocar pela cidade, para ir atr\u00e1s de um curso. Agora eles ter\u00e3o os cursos l\u00e1 no bairro deles mesmo&#8221;, disse a vereadora Camila Jara, que tamb\u00e9m \u00e9 presidente da Comiss\u00e3o Permanente de Juventude da C\u00e2mara Municipal.<\/p>\n<p>Entre as a\u00e7\u00f5es e atividades que a Subjuv promove est\u00e3o: Curso de Empreendedorismo, Curso de Gest\u00e3o Financeira, aulas de artes marciais &#8211; Muay Thai e Kickboxing, Curso de Assessoria e Cerimonial, orienta\u00e7\u00e3o vocacional e atendimento psicol\u00f3gico individual para jovens carentes.<\/p>\n","protected":false},"excerpt":{"rendered":"<p>Ve\u00edculo servir\u00e1 \u00e0 Subsecretaria de Pol\u00edticas para a Juventude para atender deslocamento de professores, instrutores e jovens para atividades.<\/p>\n","protected":false},"author":2,"featured_media":17276,"comment_status":"closed","ping_status":"closed","sticky":false,"template":"","format":"standard","meta":{"jetpack_post_was_ever_published":false,"_jetpack_newsletter_access":"","_jetpack_dont_email_post_to_subs":false,"_jetpack_newsletter_tier_id":0,"_jetpack_memberships_contains_paywalled_content":false,"_jetpack_memberships_contains_paid_content":false,"footnotes":""},"categories":[2097,10],"tags":[342,1109,2314],"class_list":{"0":"post-17275","1":"post","2":"type-post","3":"status-publish","4":"format-standard","5":"has-post-thumbnail","7":"category-municipios-noticias","8":"category-noticias","9":"tag-campo-grande","10":"tag-juventude","11":"tag-trabalho-e-emprego"},"yoast_head":"<!-- This site is optimized with the Yoast SEO plugin v27.4 - https:\/\/yoast.com\/product\/yoast-seo-wordpress\/ -->\n<title>Com apoio de Vander e Camila Jara, Subjuv recebe van para levar qualifica\u00e7\u00e3o a bairros<\/title>\n<meta name=\"description\" content=\"Ve\u00edculo servir\u00e1 \u00e0 Subsecretaria de Pol\u00edticas para a Juventude para atender deslocamento de professores, instrutores e jovens para atividades.\" \/>\n<meta name=\"robots\" content=\"index, follow, max-snippet:-1, max-image-preview:large, max-video-preview:-1\" \/>\n<link rel=\"canonical\" href=\"https:\/\/vanderloubet.com.br\/deputado\/com-apoio-de-vander-e-camila-jara-subjuv-recebe-van-para-levar-qualificacao-a-bairros\/\" \/>\n<meta property=\"og:locale\" content=\"pt_BR\" \/>\n<meta property=\"og:type\" content=\"article\" \/>\n<meta property=\"og:title\" content=\"Com apoio de Vander e Camila Jara, Subjuv recebe van para levar qualifica\u00e7\u00e3o a bairros\" \/>\n<meta property=\"og:description\" content=\"Ve\u00edculo servir\u00e1 \u00e0 Subsecretaria de Pol\u00edticas para a Juventude para atender deslocamento de professores, instrutores e jovens para atividades.\" \/>\n<meta property=\"og:url\" content=\"https:\/\/vanderloubet.com.br\/deputado\/com-apoio-de-vander-e-camila-jara-subjuv-recebe-van-para-levar-qualificacao-a-bairros\/\" \/>\n<meta property=\"og:site_name\" content=\"Deputado Federal Vander Loubet\" \/>\n<meta property=\"article:publisher\" content=\"https:\/\/facebook.com\/deputadovander\" \/>\n<meta property=\"article:published_time\" content=\"2021-06-02T12:00:00+00:00\" \/>\n<meta property=\"article:modified_time\" content=\"2021-06-02T12:17:06+00:00\" \/>\n<meta property=\"og:image\" content=\"https:\/\/vanderloubet.com.br\/deputado\/wp-content\/uploads\/2021\/06\/foto-2021-06-02-van-subjuv-campo-grande.jpg\" \/>\n\t<meta property=\"og:image:width\" content=\"1080\" \/>\n\t<meta property=\"og:image:height\" content=\"720\" \/>\n\t<meta property=\"og:image:type\" content=\"image\/jpeg\" \/>\n<meta name=\"author\" content=\"\u00c9der\" \/>\n<meta name=\"twitter:card\" content=\"summary_large_image\" \/>\n<meta name=\"twitter:creator\" content=\"@vanderloubet\" \/>\n<meta name=\"twitter:site\" content=\"@vanderloubet\" \/>\n<script type=\"application\/ld+json\" class=\"yoast-schema-graph\">{\"@context\":\"https:\\\/\\\/schema.org\",\"@graph\":[{\"@type\":\"Article\",\"@id\":\"https:\\\/\\\/vanderloubet.com.br\\\/deputado\\\/com-apoio-de-vander-e-camila-jara-subjuv-recebe-van-para-levar-qualificacao-a-bairros\\\/#article\",\"isPartOf\":{\"@id\":\"https:\\\/\\\/vanderloubet.com.br\\\/deputado\\\/com-apoio-de-vander-e-camila-jara-subjuv-recebe-van-para-levar-qualificacao-a-bairros\\\/\"},\"author\":{\"name\":\"\u00c9der\",\"@id\":\"https:\\\/\\\/vanderloubet.com.br\\\/deputado\\\/#\\\/schema\\\/person\\\/15b51bd564532a8a68d9dec1b8eb890e\"},\"headline\":\"Com apoio de Vander e Camila Jara, Subjuv recebe van para levar qualifica\u00e7\u00e3o a bairros\",\"datePublished\":\"2021-06-02T12:00:00+00:00\",\"dateModified\":\"2021-06-02T12:17:06+00:00\",\"mainEntityOfPage\":{\"@id\":\"https:\\\/\\\/vanderloubet.com.br\\\/deputado\\\/com-apoio-de-vander-e-camila-jara-subjuv-recebe-van-para-levar-qualificacao-a-bairros\\\/\"},\"wordCount\":382,\"publisher\":{\"@id\":\"https:\\\/\\\/vanderloubet.com.br\\\/deputado\\\/#organization\"},\"image\":{\"@id\":\"https:\\\/\\\/vanderloubet.com.br\\\/deputado\\\/com-apoio-de-vander-e-camila-jara-subjuv-recebe-van-para-levar-qualificacao-a-bairros\\\/#primaryimage\"},\"thumbnailUrl\":\"https:\\\/\\\/vanderloubet.com.br\\\/deputado\\\/wp-content\\\/uploads\\\/2021\\\/06\\\/foto-2021-06-02-van-subjuv-campo-grande.jpg\",\"keywords\":[\"campo grande\",\"juventude\",\"trabalho e emprego\"],\"articleSection\":[\"Munic\u00edpios\",\"Not\u00edcias\"],\"inLanguage\":\"pt-BR\"},{\"@type\":\"WebPage\",\"@id\":\"https:\\\/\\\/vanderloubet.com.br\\\/deputado\\\/com-apoio-de-vander-e-camila-jara-subjuv-recebe-van-para-levar-qualificacao-a-bairros\\\/\",\"url\":\"https:\\\/\\\/vanderloubet.com.br\\\/deputado\\\/com-apoio-de-vander-e-camila-jara-subjuv-recebe-van-para-levar-qualificacao-a-bairros\\\/\",\"name\":\"Com apoio de Vander e Camila Jara, Subjuv recebe van para levar qualifica\u00e7\u00e3o a bairros\",\"isPartOf\":{\"@id\":\"https:\\\/\\\/vanderloubet.com.br\\\/deputado\\\/#website\"},\"primaryImageOfPage\":{\"@id\":\"https:\\\/\\\/vanderloubet.com.br\\\/deputado\\\/com-apoio-de-vander-e-camila-jara-subjuv-recebe-van-para-levar-qualificacao-a-bairros\\\/#primaryimage\"},\"image\":{\"@id\":\"https:\\\/\\\/vanderloubet.com.br\\\/deputado\\\/com-apoio-de-vander-e-camila-jara-subjuv-recebe-van-para-levar-qualificacao-a-bairros\\\/#primaryimage\"},\"thumbnailUrl\":\"https:\\\/\\\/vanderloubet.com.br\\\/deputado\\\/wp-content\\\/uploads\\\/2021\\\/06\\\/foto-2021-06-02-van-subjuv-campo-grande.jpg\",\"datePublished\":\"2021-06-02T12:00:00+00:00\",\"dateModified\":\"2021-06-02T12:17:06+00:00\",\"description\":\"Ve\u00edculo servir\u00e1 \u00e0 Subsecretaria de Pol\u00edticas para a Juventude para atender deslocamento de professores, instrutores e jovens para atividades.\",\"breadcrumb\":{\"@id\":\"https:\\\/\\\/vanderloubet.com.br\\\/deputado\\\/com-apoio-de-vander-e-camila-jara-subjuv-recebe-van-para-levar-qualificacao-a-bairros\\\/#breadcrumb\"},\"inLanguage\":\"pt-BR\",\"potentialAction\":[{\"@type\":\"ReadAction\",\"target\":[\"https:\\\/\\\/vanderloubet.com.br\\\/deputado\\\/com-apoio-de-vander-e-camila-jara-subjuv-recebe-van-para-levar-qualificacao-a-bairros\\\/\"]}]},{\"@type\":\"ImageObject\",\"inLanguage\":\"pt-BR\",\"@id\":\"https:\\\/\\\/vanderloubet.com.br\\\/deputado\\\/com-apoio-de-vander-e-camila-jara-subjuv-recebe-van-para-levar-qualificacao-a-bairros\\\/#primaryimage\",\"url\":\"https:\\\/\\\/vanderloubet.com.br\\\/deputado\\\/wp-content\\\/uploads\\\/2021\\\/06\\\/foto-2021-06-02-van-subjuv-campo-grande.jpg\",\"contentUrl\":\"https:\\\/\\\/vanderloubet.com.br\\\/deputado\\\/wp-content\\\/uploads\\\/2021\\\/06\\\/foto-2021-06-02-van-subjuv-campo-grande.jpg\",\"width\":1080,\"height\":720,\"caption\":\"Laura, Vander, Camila e equipe da vereadora durante a entrega da van no p\u00e1tio da Prefeitura\"},{\"@type\":\"BreadcrumbList\",\"@id\":\"https:\\\/\\\/vanderloubet.com.br\\\/deputado\\\/com-apoio-de-vander-e-camila-jara-subjuv-recebe-van-para-levar-qualificacao-a-bairros\\\/#breadcrumb\",\"itemListElement\":[{\"@type\":\"ListItem\",\"position\":1,\"name\":\"In\u00edcio\",\"item\":\"https:\\\/\\\/vanderloubet.com.br\\\/deputado\\\/\"},{\"@type\":\"ListItem\",\"position\":2,\"name\":\"Com apoio de Vander e Camila Jara, Subjuv recebe van para levar qualifica\u00e7\u00e3o a bairros\"}]},{\"@type\":\"WebSite\",\"@id\":\"https:\\\/\\\/vanderloubet.com.br\\\/deputado\\\/#website\",\"url\":\"https:\\\/\\\/vanderloubet.com.br\\\/deputado\\\/\",\"name\":\"Deputado Federal Vander Loubet\",\"description\":\"O Federal de MS\",\"publisher\":{\"@id\":\"https:\\\/\\\/vanderloubet.com.br\\\/deputado\\\/#organization\"},\"alternateName\":\"Deputado Vander\",\"potentialAction\":[{\"@type\":\"SearchAction\",\"target\":{\"@type\":\"EntryPoint\",\"urlTemplate\":\"https:\\\/\\\/vanderloubet.com.br\\\/deputado\\\/?s={search_term_string}\"},\"query-input\":{\"@type\":\"PropertyValueSpecification\",\"valueRequired\":true,\"valueName\":\"search_term_string\"}}],\"inLanguage\":\"pt-BR\"},{\"@type\":\"Organization\",\"@id\":\"https:\\\/\\\/vanderloubet.com.br\\\/deputado\\\/#organization\",\"name\":\"Deputado Federal Vander Loubet\",\"alternateName\":\"Deputado Vander\",\"url\":\"https:\\\/\\\/vanderloubet.com.br\\\/deputado\\\/\",\"logo\":{\"@type\":\"ImageObject\",\"inLanguage\":\"pt-BR\",\"@id\":\"https:\\\/\\\/vanderloubet.com.br\\\/deputado\\\/#\\\/schema\\\/logo\\\/image\\\/\",\"url\":\"https:\\\/\\\/vanderloubet.com.br\\\/deputado\\\/wp-content\\\/uploads\\\/2023\\\/06\\\/foto-2023-06-19-mandato-deputado-vander.jpg\",\"contentUrl\":\"https:\\\/\\\/vanderloubet.com.br\\\/deputado\\\/wp-content\\\/uploads\\\/2023\\\/06\\\/foto-2023-06-19-mandato-deputado-vander.jpg\",\"width\":1080,\"height\":1080,\"caption\":\"Deputado Federal Vander Loubet\"},\"image\":{\"@id\":\"https:\\\/\\\/vanderloubet.com.br\\\/deputado\\\/#\\\/schema\\\/logo\\\/image\\\/\"},\"sameAs\":[\"https:\\\/\\\/facebook.com\\\/deputadovander\",\"https:\\\/\\\/x.com\\\/vanderloubet\",\"https:\\\/\\\/instagram.com\\\/vanderloubet\",\"https:\\\/\\\/youtube.com\\\/vanderloubet\",\"https:\\\/\\\/tiktok.com\\\/@vanderloubetms\"]},{\"@type\":\"Person\",\"@id\":\"https:\\\/\\\/vanderloubet.com.br\\\/deputado\\\/#\\\/schema\\\/person\\\/15b51bd564532a8a68d9dec1b8eb890e\",\"name\":\"\u00c9der\",\"image\":{\"@type\":\"ImageObject\",\"inLanguage\":\"pt-BR\",\"@id\":\"https:\\\/\\\/vanderloubet.com.br\\\/deputado\\\/wp-content\\\/litespeed\\\/avatar\\\/88ca4090d9d5ab1c9495f6ca03b68efa.jpg?ver=1777058957\",\"url\":\"https:\\\/\\\/vanderloubet.com.br\\\/deputado\\\/wp-content\\\/litespeed\\\/avatar\\\/88ca4090d9d5ab1c9495f6ca03b68efa.jpg?ver=1777058957\",\"contentUrl\":\"https:\\\/\\\/vanderloubet.com.br\\\/deputado\\\/wp-content\\\/litespeed\\\/avatar\\\/88ca4090d9d5ab1c9495f6ca03b68efa.jpg?ver=1777058957\",\"caption\":\"\u00c9der\"}}]}<\/script>\n<!-- \/ Yoast SEO plugin. -->","yoast_head_json":{"title":"Com apoio de Vander e Camila Jara, Subjuv recebe van para levar qualifica\u00e7\u00e3o a bairros","description":"Ve\u00edculo servir\u00e1 \u00e0 Subsecretaria de Pol\u00edticas para a Juventude para atender deslocamento de professores, instrutores e jovens para atividades.","robots":{"index":"index","follow":"follow","max-snippet":"max-snippet:-1","max-image-preview":"max-image-preview:large","max-video-preview":"max-video-preview:-1"},"canonical":"https:\/\/vanderloubet.com.br\/deputado\/com-apoio-de-vander-e-camila-jara-subjuv-recebe-van-para-levar-qualificacao-a-bairros\/","og_locale":"pt_BR","og_type":"article","og_title":"Com apoio de Vander e Camila Jara, Subjuv recebe van para levar qualifica\u00e7\u00e3o a bairros","og_description":"Ve\u00edculo servir\u00e1 \u00e0 Subsecretaria de Pol\u00edticas para a Juventude para atender deslocamento de professores, instrutores e jovens para atividades.","og_url":"https:\/\/vanderloubet.com.br\/deputado\/com-apoio-de-vander-e-camila-jara-subjuv-recebe-van-para-levar-qualificacao-a-bairros\/","og_site_name":"Deputado Federal Vander Loubet","article_publisher":"https:\/\/facebook.com\/deputadovander","article_published_time":"2021-06-02T12:00:00+00:00","article_modified_time":"2021-06-02T12:17:06+00:00","og_image":[{"width":1080,"height":720,"url":"https:\/\/vanderloubet.com.br\/deputado\/wp-content\/uploads\/2021\/06\/foto-2021-06-02-van-subjuv-campo-grande.jpg","type":"image\/jpeg"}],"author":"\u00c9der","twitter_card":"summary_large_image","twitter_creator":"@vanderloubet","twitter_site":"@vanderloubet","schema":{"@context":"https:\/\/schema.org","@graph":[{"@type":"Article","@id":"https:\/\/vanderloubet.com.br\/deputado\/com-apoio-de-vander-e-camila-jara-subjuv-recebe-van-para-levar-qualificacao-a-bairros\/#article","isPartOf":{"@id":"https:\/\/vanderloubet.com.br\/deputado\/com-apoio-de-vander-e-camila-jara-subjuv-recebe-van-para-levar-qualificacao-a-bairros\/"},"author":{"name":"\u00c9der","@id":"https:\/\/vanderloubet.com.br\/deputado\/#\/schema\/person\/15b51bd564532a8a68d9dec1b8eb890e"},"headline":"Com apoio de Vander e Camila Jara, Subjuv recebe van para levar qualifica\u00e7\u00e3o a bairros","datePublished":"2021-06-02T12:00:00+00:00","dateModified":"2021-06-02T12:17:06+00:00","mainEntityOfPage":{"@id":"https:\/\/vanderloubet.com.br\/deputado\/com-apoio-de-vander-e-camila-jara-subjuv-recebe-van-para-levar-qualificacao-a-bairros\/"},"wordCount":382,"publisher":{"@id":"https:\/\/vanderloubet.com.br\/deputado\/#organization"},"image":{"@id":"https:\/\/vanderloubet.com.br\/deputado\/com-apoio-de-vander-e-camila-jara-subjuv-recebe-van-para-levar-qualificacao-a-bairros\/#primaryimage"},"thumbnailUrl":"https:\/\/vanderloubet.com.br\/deputado\/wp-content\/uploads\/2021\/06\/foto-2021-06-02-van-subjuv-campo-grande.jpg","keywords":["campo grande","juventude","trabalho e emprego"],"articleSection":["Munic\u00edpios","Not\u00edcias"],"inLanguage":"pt-BR"},{"@type":"WebPage","@id":"https:\/\/vanderloubet.com.br\/deputado\/com-apoio-de-vander-e-camila-jara-subjuv-recebe-van-para-levar-qualificacao-a-bairros\/","url":"https:\/\/vanderloubet.com.br\/deputado\/com-apoio-de-vander-e-camila-jara-subjuv-recebe-van-para-levar-qualificacao-a-bairros\/","name":"Com apoio de Vander e Camila Jara, Subjuv recebe van para levar qualifica\u00e7\u00e3o a bairros","isPartOf":{"@id":"https:\/\/vanderloubet.com.br\/deputado\/#website"},"primaryImageOfPage":{"@id":"https:\/\/vanderloubet.com.br\/deputado\/com-apoio-de-vander-e-camila-jara-subjuv-recebe-van-para-levar-qualificacao-a-bairros\/#primaryimage"},"image":{"@id":"https:\/\/vanderloubet.com.br\/deputado\/com-apoio-de-vander-e-camila-jara-subjuv-recebe-van-para-levar-qualificacao-a-bairros\/#primaryimage"},"thumbnailUrl":"https:\/\/vanderloubet.com.br\/deputado\/wp-content\/uploads\/2021\/06\/foto-2021-06-02-van-subjuv-campo-grande.jpg","datePublished":"2021-06-02T12:00:00+00:00","dateModified":"2021-06-02T12:17:06+00:00","description":"Ve\u00edculo servir\u00e1 \u00e0 Subsecretaria de Pol\u00edticas para a Juventude para atender deslocamento de professores, instrutores e jovens para atividades.","breadcrumb":{"@id":"https:\/\/vanderloubet.com.br\/deputado\/com-apoio-de-vander-e-camila-jara-subjuv-recebe-van-para-levar-qualificacao-a-bairros\/#breadcrumb"},"inLanguage":"pt-BR","potentialAction":[{"@type":"ReadAction","target":["https:\/\/vanderloubet.com.br\/deputado\/com-apoio-de-vander-e-camila-jara-subjuv-recebe-van-para-levar-qualificacao-a-bairros\/"]}]},{"@type":"ImageObject","inLanguage":"pt-BR","@id":"https:\/\/vanderloubet.com.br\/deputado\/com-apoio-de-vander-e-camila-jara-subjuv-recebe-van-para-levar-qualificacao-a-bairros\/#primaryimage","url":"https:\/\/vanderloubet.com.br\/deputado\/wp-content\/uploads\/2021\/06\/foto-2021-06-02-van-subjuv-campo-grande.jpg","contentUrl":"https:\/\/vanderloubet.com.br\/deputado\/wp-content\/uploads\/2021\/06\/foto-2021-06-02-van-subjuv-campo-grande.jpg","width":1080,"height":720,"caption":"Laura, Vander, Camila e equipe da vereadora durante a entrega da van no p\u00e1tio da Prefeitura"},{"@type":"BreadcrumbList","@id":"https:\/\/vanderloubet.com.br\/deputado\/com-apoio-de-vander-e-camila-jara-subjuv-recebe-van-para-levar-qualificacao-a-bairros\/#breadcrumb","itemListElement":[{"@type":"ListItem","position":1,"name":"In\u00edcio","item":"https:\/\/vanderloubet.com.br\/deputado\/"},{"@type":"ListItem","position":2,"name":"Com apoio de Vander e Camila Jara, Subjuv recebe van para levar qualifica\u00e7\u00e3o a bairros"}]},{"@type":"WebSite","@id":"https:\/\/vanderloubet.com.br\/deputado\/#website","url":"https:\/\/vanderloubet.com.br\/deputado\/","name":"Deputado Federal Vander Loubet","description":"O Federal de MS","publisher":{"@id":"https:\/\/vanderloubet.com.br\/deputado\/#organization"},"alternateName":"Deputado Vander","potentialAction":[{"@type":"SearchAction","target":{"@type":"EntryPoint","urlTemplate":"https:\/\/vanderloubet.com.br\/deputado\/?s={search_term_string}"},"query-input":{"@type":"PropertyValueSpecification","valueRequired":true,"valueName":"search_term_string"}}],"inLanguage":"pt-BR"},{"@type":"Organization","@id":"https:\/\/vanderloubet.com.br\/deputado\/#organization","name":"Deputado Federal Vander Loubet","alternateName":"Deputado Vander","url":"https:\/\/vanderloubet.com.br\/deputado\/","logo":{"@type":"ImageObject","inLanguage":"pt-BR","@id":"https:\/\/vanderloubet.com.br\/deputado\/#\/schema\/logo\/image\/","url":"https:\/\/vanderloubet.com.br\/deputado\/wp-content\/uploads\/2023\/06\/foto-2023-06-19-mandato-deputado-vander.jpg","contentUrl":"https:\/\/vanderloubet.com.br\/deputado\/wp-content\/uploads\/2023\/06\/foto-2023-06-19-mandato-deputado-vander.jpg","width":1080,"height":1080,"caption":"Deputado Federal Vander Loubet"},"image":{"@id":"https:\/\/vanderloubet.com.br\/deputado\/#\/schema\/logo\/image\/"},"sameAs":["https:\/\/facebook.com\/deputadovander","https:\/\/x.com\/vanderloubet","https:\/\/instagram.com\/vanderloubet","https:\/\/youtube.com\/vanderloubet","https:\/\/tiktok.com\/@vanderloubetms"]},{"@type":"Person","@id":"https:\/\/vanderloubet.com.br\/deputado\/#\/schema\/person\/15b51bd564532a8a68d9dec1b8eb890e","name":"\u00c9der","image":{"@type":"ImageObject","inLanguage":"pt-BR","@id":"https:\/\/vanderloubet.com.br\/deputado\/wp-content\/litespeed\/avatar\/88ca4090d9d5ab1c9495f6ca03b68efa.jpg?ver=1777058957","url":"https:\/\/vanderloubet.com.br\/deputado\/wp-content\/litespeed\/avatar\/88ca4090d9d5ab1c9495f6ca03b68efa.jpg?ver=1777058957","contentUrl":"https:\/\/vanderloubet.com.br\/deputado\/wp-content\/litespeed\/avatar\/88ca4090d9d5ab1c9495f6ca03b68efa.jpg?ver=1777058957","caption":"\u00c9der"}}]}},"jetpack_featured_media_url":"https:\/\/vanderloubet.com.br\/deputado\/wp-content\/uploads\/2021\/06\/foto-2021-06-02-van-subjuv-campo-grande.jpg","jetpack_sharing_enabled":true,"_links":{"self":[{"href":"https:\/\/vanderloubet.com.br\/deputado\/wp-json\/wp\/v2\/posts\/17275","targetHints":{"allow":["GET"]}}],"collection":[{"href":"https:\/\/vanderloubet.com.br\/deputado\/wp-json\/wp\/v2\/posts"}],"about":[{"href":"https:\/\/vanderloubet.com.br\/deputado\/wp-json\/wp\/v2\/types\/post"}],"author":[{"embeddable":true,"href":"https:\/\/vanderloubet.com.br\/deputado\/wp-json\/wp\/v2\/users\/2"}],"replies":[{"embeddable":true,"href":"https:\/\/vanderloubet.com.br\/deputado\/wp-json\/wp\/v2\/comments?post=17275"}],"version-history":[{"count":0,"href":"https:\/\/vanderloubet.com.br\/deputado\/wp-json\/wp\/v2\/posts\/17275\/revisions"}],"wp:featuredmedia":[{"embeddable":true,"href":"https:\/\/vanderloubet.com.br\/deputado\/wp-json\/wp\/v2\/media\/17276"}],"wp:attachment":[{"href":"https:\/\/vanderloubet.com.br\/deputado\/wp-json\/wp\/v2\/media?parent=17275"}],"wp:term":[{"taxonomy":"category","embeddable":true,"href":"https:\/\/vanderloubet.com.br\/deputado\/wp-json\/wp\/v2\/categories?post=17275"},{"taxonomy":"post_tag","embeddable":true,"href":"https:\/\/vanderloubet.com.br\/deputado\/wp-json\/wp\/v2\/tags?post=17275"}],"curies":[{"name":"wp","href":"https:\/\/api.w.org\/{rel}","templated":true}]}}