{"id":17269,"date":"2021-06-01T18:00:04","date_gmt":"2021-06-01T22:00:04","guid":{"rendered":"http:\/\/vanderloubet.com.br\/deputado\/?p=17269"},"modified":"2021-06-01T21:15:23","modified_gmt":"2021-06-02T01:15:23","slug":"congresso-derruba-veto-presidencial-a-ajuda-para-acesso-a-internet-de-alunos-e-professores","status":"publish","type":"post","link":"https:\/\/vanderloubet.com.br\/deputado\/congresso-derruba-veto-presidencial-a-ajuda-para-acesso-a-internet-de-alunos-e-professores\/","title":{"rendered":"Congresso derruba veto \u00e0 ajuda para acesso \u00e0 internet de alunos e professores"},"content":{"rendered":"<p>Com voto favor\u00e1vel do deputado federal Vander Loubet (PT-MS) &#8211; ou seja, &#8220;n\u00e3o&#8221; ao veto &#8211; o Congresso Nacional derrubou hoje (1\u00ba) o veto total do presidente Jair Bolsonaro ao projeto de lei que prev\u00ea ajuda de R$ 3,5 bilh\u00f5es da Uni\u00e3o para estados e munic\u00edpios a fim de garantir o acesso \u00e0 internet para alunos e professores das redes p\u00fablicas de ensino em decorr\u00eancia da pandemia de Covid-19.<\/p>\n<p>Sem compromisso com a educa\u00e7\u00e3o p\u00fablica, o governo Bolsonaro argumentou que o projeto n\u00e3o apresentava estimativa de impacto or\u00e7ament\u00e1rio e compensa\u00e7\u00f5es com corte de despesas.<\/p>\n<p>Entretanto, a proposta aprovada pela C\u00e2mara dos Deputados e pelo Senado Federal aponta como fonte para obten\u00e7\u00e3o dessa verba o Fundo de Universaliza\u00e7\u00e3o dos Servi\u00e7os de Telecomunica\u00e7\u00f5es (Fust) e o saldo correspondente a metas n\u00e3o cumpridas dos planos gerais de universaliza\u00e7\u00e3o do servi\u00e7o telef\u00f4nico fixo.<\/p>\n<p>&#8220;Esse \u00e9 um tema que inclusive j\u00e1 defendi por meio de um projeto de lei, ou seja, que o Fust seja aplicado na implanta\u00e7\u00e3o de redes locais que popularizem o acesso \u00e0 internet. Com a pandemia e a interrup\u00e7\u00e3o das aulas presenciais, isso se tornou ainda mais necess\u00e1rio &#8211; para n\u00e3o dizer indispens\u00e1vel &#8211; pois infelizmente muitos lares brasileiros n\u00e3o disp\u00f5em de recursos para prover um plano de 3G\/4G ou de banda larga&#8221;, destaca Vander Loubet.<\/p>\n<p>O texto referendado por deputados e senadores aponta como beneficiados os alunos pertencentes \u00e0s fam\u00edlias inscritas no Cadastro \u00danico para Programas Sociais do Governo Federal (Cad\u00danico) e os matriculados em escolas de comunidades ind\u00edgenas e quilombolas. Quanto aos professores, s\u00e3o abrangidos os de todas as etapas da educa\u00e7\u00e3o b\u00e1sica.<\/p>\n<p>Ainda de acordo com o projeto, o dinheiro dever\u00e1 ser utilizado para a contrata\u00e7\u00e3o de solu\u00e7\u00f5es de conectividade m\u00f3vel (pacote de dados para celular), mas, alternativamente, os estados poder\u00e3o contratar conex\u00e3o na modalidade fixa para domic\u00edlios ou comunidades se for mais barato ou quando n\u00e3o houver acesso \u00e0 rede m\u00f3vel.<\/p>\n<p><em>Fonte: Ag\u00eancia C\u00e2mara Not\u00edcias<br \/>\nFoto: Edilson Omena<\/em><\/p>\n","protected":false},"excerpt":{"rendered":"<p>Vander defende que necessidade de popularizar acesso \u00e0 3G\/4G ou banda larga se tornou indispens\u00e1vel para aulas na rede p\u00fablica de educa\u00e7\u00e3o.<\/p>\n","protected":false},"author":2,"featured_media":17270,"comment_status":"closed","ping_status":"closed","sticky":false,"template":"","format":"standard","meta":{"jetpack_post_was_ever_published":false,"_jetpack_newsletter_access":"","_jetpack_dont_email_post_to_subs":false,"_jetpack_newsletter_tier_id":0,"_jetpack_memberships_contains_paywalled_content":false,"_jetpack_memberships_contains_paid_content":false,"footnotes":""},"categories":[2098,10],"tags":[697,1034,1635],"class_list":{"0":"post-17269","1":"post","2":"type-post","3":"status-publish","4":"format-standard","5":"has-post-thumbnail","7":"category-brasil-noticias","8":"category-noticias","9":"tag-educacao","10":"tag-internet","11":"tag-projeto-de-lei"},"yoast_head":"<!-- This site is optimized with the Yoast SEO plugin v27.4 - https:\/\/yoast.com\/product\/yoast-seo-wordpress\/ -->\n<title>Congresso derruba veto \u00e0 ajuda para acesso \u00e0 internet de alunos e professores<\/title>\n<meta name=\"description\" content=\"Vander defende que necessidade de popularizar acesso \u00e0 3G\/4G ou banda larga se tornou indispens\u00e1vel para aulas na rede p\u00fablica de educa\u00e7\u00e3o.\" \/>\n<meta name=\"robots\" content=\"index, follow, max-snippet:-1, max-image-preview:large, max-video-preview:-1\" \/>\n<link rel=\"canonical\" href=\"https:\/\/vanderloubet.com.br\/deputado\/congresso-derruba-veto-presidencial-a-ajuda-para-acesso-a-internet-de-alunos-e-professores\/\" \/>\n<meta property=\"og:locale\" content=\"pt_BR\" \/>\n<meta property=\"og:type\" content=\"article\" \/>\n<meta property=\"og:title\" content=\"Congresso derruba veto \u00e0 ajuda para acesso \u00e0 internet de alunos e professores\" \/>\n<meta property=\"og:description\" content=\"Vander defende que necessidade de popularizar acesso \u00e0 3G\/4G ou banda larga se tornou indispens\u00e1vel para aulas na rede p\u00fablica de educa\u00e7\u00e3o.\" \/>\n<meta property=\"og:url\" content=\"https:\/\/vanderloubet.com.br\/deputado\/congresso-derruba-veto-presidencial-a-ajuda-para-acesso-a-internet-de-alunos-e-professores\/\" \/>\n<meta property=\"og:site_name\" content=\"Deputado Federal Vander Loubet\" \/>\n<meta property=\"article:publisher\" content=\"https:\/\/facebook.com\/deputadovander\" \/>\n<meta property=\"article:published_time\" content=\"2021-06-01T22:00:04+00:00\" \/>\n<meta property=\"article:modified_time\" content=\"2021-06-02T01:15:23+00:00\" \/>\n<meta property=\"og:image\" content=\"https:\/\/vanderloubet.com.br\/deputado\/wp-content\/uploads\/2021\/06\/foto-2021-06-01-educacao-publica-acesso-internet.jpg\" \/>\n\t<meta property=\"og:image:width\" content=\"960\" \/>\n\t<meta property=\"og:image:height\" content=\"640\" \/>\n\t<meta property=\"og:image:type\" content=\"image\/jpeg\" \/>\n<meta name=\"author\" content=\"\u00c9der\" \/>\n<meta name=\"twitter:card\" content=\"summary_large_image\" \/>\n<meta name=\"twitter:creator\" content=\"@vanderloubet\" \/>\n<meta name=\"twitter:site\" content=\"@vanderloubet\" \/>\n<script type=\"application\/ld+json\" class=\"yoast-schema-graph\">{\"@context\":\"https:\\\/\\\/schema.org\",\"@graph\":[{\"@type\":\"Article\",\"@id\":\"https:\\\/\\\/vanderloubet.com.br\\\/deputado\\\/congresso-derruba-veto-presidencial-a-ajuda-para-acesso-a-internet-de-alunos-e-professores\\\/#article\",\"isPartOf\":{\"@id\":\"https:\\\/\\\/vanderloubet.com.br\\\/deputado\\\/congresso-derruba-veto-presidencial-a-ajuda-para-acesso-a-internet-de-alunos-e-professores\\\/\"},\"author\":{\"name\":\"\u00c9der\",\"@id\":\"https:\\\/\\\/vanderloubet.com.br\\\/deputado\\\/#\\\/schema\\\/person\\\/15b51bd564532a8a68d9dec1b8eb890e\"},\"headline\":\"Congresso derruba veto \u00e0 ajuda para acesso \u00e0 internet de alunos e professores\",\"datePublished\":\"2021-06-01T22:00:04+00:00\",\"dateModified\":\"2021-06-02T01:15:23+00:00\",\"mainEntityOfPage\":{\"@id\":\"https:\\\/\\\/vanderloubet.com.br\\\/deputado\\\/congresso-derruba-veto-presidencial-a-ajuda-para-acesso-a-internet-de-alunos-e-professores\\\/\"},\"wordCount\":373,\"publisher\":{\"@id\":\"https:\\\/\\\/vanderloubet.com.br\\\/deputado\\\/#organization\"},\"image\":{\"@id\":\"https:\\\/\\\/vanderloubet.com.br\\\/deputado\\\/congresso-derruba-veto-presidencial-a-ajuda-para-acesso-a-internet-de-alunos-e-professores\\\/#primaryimage\"},\"thumbnailUrl\":\"https:\\\/\\\/vanderloubet.com.br\\\/deputado\\\/wp-content\\\/uploads\\\/2021\\\/06\\\/foto-2021-06-01-educacao-publica-acesso-internet.jpg\",\"keywords\":[\"educa\u00e7\u00e3o\",\"internet\",\"projeto de lei\"],\"articleSection\":[\"Brasil\",\"Not\u00edcias\"],\"inLanguage\":\"pt-BR\"},{\"@type\":\"WebPage\",\"@id\":\"https:\\\/\\\/vanderloubet.com.br\\\/deputado\\\/congresso-derruba-veto-presidencial-a-ajuda-para-acesso-a-internet-de-alunos-e-professores\\\/\",\"url\":\"https:\\\/\\\/vanderloubet.com.br\\\/deputado\\\/congresso-derruba-veto-presidencial-a-ajuda-para-acesso-a-internet-de-alunos-e-professores\\\/\",\"name\":\"Congresso derruba veto \u00e0 ajuda para acesso \u00e0 internet de alunos e professores\",\"isPartOf\":{\"@id\":\"https:\\\/\\\/vanderloubet.com.br\\\/deputado\\\/#website\"},\"primaryImageOfPage\":{\"@id\":\"https:\\\/\\\/vanderloubet.com.br\\\/deputado\\\/congresso-derruba-veto-presidencial-a-ajuda-para-acesso-a-internet-de-alunos-e-professores\\\/#primaryimage\"},\"image\":{\"@id\":\"https:\\\/\\\/vanderloubet.com.br\\\/deputado\\\/congresso-derruba-veto-presidencial-a-ajuda-para-acesso-a-internet-de-alunos-e-professores\\\/#primaryimage\"},\"thumbnailUrl\":\"https:\\\/\\\/vanderloubet.com.br\\\/deputado\\\/wp-content\\\/uploads\\\/2021\\\/06\\\/foto-2021-06-01-educacao-publica-acesso-internet.jpg\",\"datePublished\":\"2021-06-01T22:00:04+00:00\",\"dateModified\":\"2021-06-02T01:15:23+00:00\",\"description\":\"Vander defende que necessidade de popularizar acesso \u00e0 3G\\\/4G ou banda larga se tornou indispens\u00e1vel para aulas na rede p\u00fablica de educa\u00e7\u00e3o.\",\"breadcrumb\":{\"@id\":\"https:\\\/\\\/vanderloubet.com.br\\\/deputado\\\/congresso-derruba-veto-presidencial-a-ajuda-para-acesso-a-internet-de-alunos-e-professores\\\/#breadcrumb\"},\"inLanguage\":\"pt-BR\",\"potentialAction\":[{\"@type\":\"ReadAction\",\"target\":[\"https:\\\/\\\/vanderloubet.com.br\\\/deputado\\\/congresso-derruba-veto-presidencial-a-ajuda-para-acesso-a-internet-de-alunos-e-professores\\\/\"]}]},{\"@type\":\"ImageObject\",\"inLanguage\":\"pt-BR\",\"@id\":\"https:\\\/\\\/vanderloubet.com.br\\\/deputado\\\/congresso-derruba-veto-presidencial-a-ajuda-para-acesso-a-internet-de-alunos-e-professores\\\/#primaryimage\",\"url\":\"https:\\\/\\\/vanderloubet.com.br\\\/deputado\\\/wp-content\\\/uploads\\\/2021\\\/06\\\/foto-2021-06-01-educacao-publica-acesso-internet.jpg\",\"contentUrl\":\"https:\\\/\\\/vanderloubet.com.br\\\/deputado\\\/wp-content\\\/uploads\\\/2021\\\/06\\\/foto-2021-06-01-educacao-publica-acesso-internet.jpg\",\"width\":960,\"height\":640,\"caption\":\"Congresso derruba veto presidencial \u00e0 ajuda para acesso \u00e0 internet de alunos e professores\"},{\"@type\":\"BreadcrumbList\",\"@id\":\"https:\\\/\\\/vanderloubet.com.br\\\/deputado\\\/congresso-derruba-veto-presidencial-a-ajuda-para-acesso-a-internet-de-alunos-e-professores\\\/#breadcrumb\",\"itemListElement\":[{\"@type\":\"ListItem\",\"position\":1,\"name\":\"In\u00edcio\",\"item\":\"https:\\\/\\\/vanderloubet.com.br\\\/deputado\\\/\"},{\"@type\":\"ListItem\",\"position\":2,\"name\":\"Congresso derruba veto \u00e0 ajuda para acesso \u00e0 internet de alunos e professores\"}]},{\"@type\":\"WebSite\",\"@id\":\"https:\\\/\\\/vanderloubet.com.br\\\/deputado\\\/#website\",\"url\":\"https:\\\/\\\/vanderloubet.com.br\\\/deputado\\\/\",\"name\":\"Deputado Federal Vander Loubet\",\"description\":\"O Federal de MS\",\"publisher\":{\"@id\":\"https:\\\/\\\/vanderloubet.com.br\\\/deputado\\\/#organization\"},\"alternateName\":\"Deputado Vander\",\"potentialAction\":[{\"@type\":\"SearchAction\",\"target\":{\"@type\":\"EntryPoint\",\"urlTemplate\":\"https:\\\/\\\/vanderloubet.com.br\\\/deputado\\\/?s={search_term_string}\"},\"query-input\":{\"@type\":\"PropertyValueSpecification\",\"valueRequired\":true,\"valueName\":\"search_term_string\"}}],\"inLanguage\":\"pt-BR\"},{\"@type\":\"Organization\",\"@id\":\"https:\\\/\\\/vanderloubet.com.br\\\/deputado\\\/#organization\",\"name\":\"Deputado Federal Vander Loubet\",\"alternateName\":\"Deputado Vander\",\"url\":\"https:\\\/\\\/vanderloubet.com.br\\\/deputado\\\/\",\"logo\":{\"@type\":\"ImageObject\",\"inLanguage\":\"pt-BR\",\"@id\":\"https:\\\/\\\/vanderloubet.com.br\\\/deputado\\\/#\\\/schema\\\/logo\\\/image\\\/\",\"url\":\"https:\\\/\\\/vanderloubet.com.br\\\/deputado\\\/wp-content\\\/uploads\\\/2023\\\/06\\\/foto-2023-06-19-mandato-deputado-vander.jpg\",\"contentUrl\":\"https:\\\/\\\/vanderloubet.com.br\\\/deputado\\\/wp-content\\\/uploads\\\/2023\\\/06\\\/foto-2023-06-19-mandato-deputado-vander.jpg\",\"width\":1080,\"height\":1080,\"caption\":\"Deputado Federal Vander Loubet\"},\"image\":{\"@id\":\"https:\\\/\\\/vanderloubet.com.br\\\/deputado\\\/#\\\/schema\\\/logo\\\/image\\\/\"},\"sameAs\":[\"https:\\\/\\\/facebook.com\\\/deputadovander\",\"https:\\\/\\\/x.com\\\/vanderloubet\",\"https:\\\/\\\/instagram.com\\\/vanderloubet\",\"https:\\\/\\\/youtube.com\\\/vanderloubet\",\"https:\\\/\\\/tiktok.com\\\/@vanderloubetms\"]},{\"@type\":\"Person\",\"@id\":\"https:\\\/\\\/vanderloubet.com.br\\\/deputado\\\/#\\\/schema\\\/person\\\/15b51bd564532a8a68d9dec1b8eb890e\",\"name\":\"\u00c9der\",\"image\":{\"@type\":\"ImageObject\",\"inLanguage\":\"pt-BR\",\"@id\":\"https:\\\/\\\/vanderloubet.com.br\\\/deputado\\\/wp-content\\\/litespeed\\\/avatar\\\/88ca4090d9d5ab1c9495f6ca03b68efa.jpg?ver=1777058957\",\"url\":\"https:\\\/\\\/vanderloubet.com.br\\\/deputado\\\/wp-content\\\/litespeed\\\/avatar\\\/88ca4090d9d5ab1c9495f6ca03b68efa.jpg?ver=1777058957\",\"contentUrl\":\"https:\\\/\\\/vanderloubet.com.br\\\/deputado\\\/wp-content\\\/litespeed\\\/avatar\\\/88ca4090d9d5ab1c9495f6ca03b68efa.jpg?ver=1777058957\",\"caption\":\"\u00c9der\"}}]}<\/script>\n<!-- \/ Yoast SEO plugin. -->","yoast_head_json":{"title":"Congresso derruba veto \u00e0 ajuda para acesso \u00e0 internet de alunos e professores","description":"Vander defende que necessidade de popularizar acesso \u00e0 3G\/4G ou banda larga se tornou indispens\u00e1vel para aulas na rede p\u00fablica de educa\u00e7\u00e3o.","robots":{"index":"index","follow":"follow","max-snippet":"max-snippet:-1","max-image-preview":"max-image-preview:large","max-video-preview":"max-video-preview:-1"},"canonical":"https:\/\/vanderloubet.com.br\/deputado\/congresso-derruba-veto-presidencial-a-ajuda-para-acesso-a-internet-de-alunos-e-professores\/","og_locale":"pt_BR","og_type":"article","og_title":"Congresso derruba veto \u00e0 ajuda para acesso \u00e0 internet de alunos e professores","og_description":"Vander defende que necessidade de popularizar acesso \u00e0 3G\/4G ou banda larga se tornou indispens\u00e1vel para aulas na rede p\u00fablica de educa\u00e7\u00e3o.","og_url":"https:\/\/vanderloubet.com.br\/deputado\/congresso-derruba-veto-presidencial-a-ajuda-para-acesso-a-internet-de-alunos-e-professores\/","og_site_name":"Deputado Federal Vander Loubet","article_publisher":"https:\/\/facebook.com\/deputadovander","article_published_time":"2021-06-01T22:00:04+00:00","article_modified_time":"2021-06-02T01:15:23+00:00","og_image":[{"width":960,"height":640,"url":"https:\/\/vanderloubet.com.br\/deputado\/wp-content\/uploads\/2021\/06\/foto-2021-06-01-educacao-publica-acesso-internet.jpg","type":"image\/jpeg"}],"author":"\u00c9der","twitter_card":"summary_large_image","twitter_creator":"@vanderloubet","twitter_site":"@vanderloubet","schema":{"@context":"https:\/\/schema.org","@graph":[{"@type":"Article","@id":"https:\/\/vanderloubet.com.br\/deputado\/congresso-derruba-veto-presidencial-a-ajuda-para-acesso-a-internet-de-alunos-e-professores\/#article","isPartOf":{"@id":"https:\/\/vanderloubet.com.br\/deputado\/congresso-derruba-veto-presidencial-a-ajuda-para-acesso-a-internet-de-alunos-e-professores\/"},"author":{"name":"\u00c9der","@id":"https:\/\/vanderloubet.com.br\/deputado\/#\/schema\/person\/15b51bd564532a8a68d9dec1b8eb890e"},"headline":"Congresso derruba veto \u00e0 ajuda para acesso \u00e0 internet de alunos e professores","datePublished":"2021-06-01T22:00:04+00:00","dateModified":"2021-06-02T01:15:23+00:00","mainEntityOfPage":{"@id":"https:\/\/vanderloubet.com.br\/deputado\/congresso-derruba-veto-presidencial-a-ajuda-para-acesso-a-internet-de-alunos-e-professores\/"},"wordCount":373,"publisher":{"@id":"https:\/\/vanderloubet.com.br\/deputado\/#organization"},"image":{"@id":"https:\/\/vanderloubet.com.br\/deputado\/congresso-derruba-veto-presidencial-a-ajuda-para-acesso-a-internet-de-alunos-e-professores\/#primaryimage"},"thumbnailUrl":"https:\/\/vanderloubet.com.br\/deputado\/wp-content\/uploads\/2021\/06\/foto-2021-06-01-educacao-publica-acesso-internet.jpg","keywords":["educa\u00e7\u00e3o","internet","projeto de lei"],"articleSection":["Brasil","Not\u00edcias"],"inLanguage":"pt-BR"},{"@type":"WebPage","@id":"https:\/\/vanderloubet.com.br\/deputado\/congresso-derruba-veto-presidencial-a-ajuda-para-acesso-a-internet-de-alunos-e-professores\/","url":"https:\/\/vanderloubet.com.br\/deputado\/congresso-derruba-veto-presidencial-a-ajuda-para-acesso-a-internet-de-alunos-e-professores\/","name":"Congresso derruba veto \u00e0 ajuda para acesso \u00e0 internet de alunos e professores","isPartOf":{"@id":"https:\/\/vanderloubet.com.br\/deputado\/#website"},"primaryImageOfPage":{"@id":"https:\/\/vanderloubet.com.br\/deputado\/congresso-derruba-veto-presidencial-a-ajuda-para-acesso-a-internet-de-alunos-e-professores\/#primaryimage"},"image":{"@id":"https:\/\/vanderloubet.com.br\/deputado\/congresso-derruba-veto-presidencial-a-ajuda-para-acesso-a-internet-de-alunos-e-professores\/#primaryimage"},"thumbnailUrl":"https:\/\/vanderloubet.com.br\/deputado\/wp-content\/uploads\/2021\/06\/foto-2021-06-01-educacao-publica-acesso-internet.jpg","datePublished":"2021-06-01T22:00:04+00:00","dateModified":"2021-06-02T01:15:23+00:00","description":"Vander defende que necessidade de popularizar acesso \u00e0 3G\/4G ou banda larga se tornou indispens\u00e1vel para aulas na rede p\u00fablica de educa\u00e7\u00e3o.","breadcrumb":{"@id":"https:\/\/vanderloubet.com.br\/deputado\/congresso-derruba-veto-presidencial-a-ajuda-para-acesso-a-internet-de-alunos-e-professores\/#breadcrumb"},"inLanguage":"pt-BR","potentialAction":[{"@type":"ReadAction","target":["https:\/\/vanderloubet.com.br\/deputado\/congresso-derruba-veto-presidencial-a-ajuda-para-acesso-a-internet-de-alunos-e-professores\/"]}]},{"@type":"ImageObject","inLanguage":"pt-BR","@id":"https:\/\/vanderloubet.com.br\/deputado\/congresso-derruba-veto-presidencial-a-ajuda-para-acesso-a-internet-de-alunos-e-professores\/#primaryimage","url":"https:\/\/vanderloubet.com.br\/deputado\/wp-content\/uploads\/2021\/06\/foto-2021-06-01-educacao-publica-acesso-internet.jpg","contentUrl":"https:\/\/vanderloubet.com.br\/deputado\/wp-content\/uploads\/2021\/06\/foto-2021-06-01-educacao-publica-acesso-internet.jpg","width":960,"height":640,"caption":"Congresso derruba veto presidencial \u00e0 ajuda para acesso \u00e0 internet de alunos e professores"},{"@type":"BreadcrumbList","@id":"https:\/\/vanderloubet.com.br\/deputado\/congresso-derruba-veto-presidencial-a-ajuda-para-acesso-a-internet-de-alunos-e-professores\/#breadcrumb","itemListElement":[{"@type":"ListItem","position":1,"name":"In\u00edcio","item":"https:\/\/vanderloubet.com.br\/deputado\/"},{"@type":"ListItem","position":2,"name":"Congresso derruba veto \u00e0 ajuda para acesso \u00e0 internet de alunos e professores"}]},{"@type":"WebSite","@id":"https:\/\/vanderloubet.com.br\/deputado\/#website","url":"https:\/\/vanderloubet.com.br\/deputado\/","name":"Deputado Federal Vander Loubet","description":"O Federal de MS","publisher":{"@id":"https:\/\/vanderloubet.com.br\/deputado\/#organization"},"alternateName":"Deputado Vander","potentialAction":[{"@type":"SearchAction","target":{"@type":"EntryPoint","urlTemplate":"https:\/\/vanderloubet.com.br\/deputado\/?s={search_term_string}"},"query-input":{"@type":"PropertyValueSpecification","valueRequired":true,"valueName":"search_term_string"}}],"inLanguage":"pt-BR"},{"@type":"Organization","@id":"https:\/\/vanderloubet.com.br\/deputado\/#organization","name":"Deputado Federal Vander Loubet","alternateName":"Deputado Vander","url":"https:\/\/vanderloubet.com.br\/deputado\/","logo":{"@type":"ImageObject","inLanguage":"pt-BR","@id":"https:\/\/vanderloubet.com.br\/deputado\/#\/schema\/logo\/image\/","url":"https:\/\/vanderloubet.com.br\/deputado\/wp-content\/uploads\/2023\/06\/foto-2023-06-19-mandato-deputado-vander.jpg","contentUrl":"https:\/\/vanderloubet.com.br\/deputado\/wp-content\/uploads\/2023\/06\/foto-2023-06-19-mandato-deputado-vander.jpg","width":1080,"height":1080,"caption":"Deputado Federal Vander Loubet"},"image":{"@id":"https:\/\/vanderloubet.com.br\/deputado\/#\/schema\/logo\/image\/"},"sameAs":["https:\/\/facebook.com\/deputadovander","https:\/\/x.com\/vanderloubet","https:\/\/instagram.com\/vanderloubet","https:\/\/youtube.com\/vanderloubet","https:\/\/tiktok.com\/@vanderloubetms"]},{"@type":"Person","@id":"https:\/\/vanderloubet.com.br\/deputado\/#\/schema\/person\/15b51bd564532a8a68d9dec1b8eb890e","name":"\u00c9der","image":{"@type":"ImageObject","inLanguage":"pt-BR","@id":"https:\/\/vanderloubet.com.br\/deputado\/wp-content\/litespeed\/avatar\/88ca4090d9d5ab1c9495f6ca03b68efa.jpg?ver=1777058957","url":"https:\/\/vanderloubet.com.br\/deputado\/wp-content\/litespeed\/avatar\/88ca4090d9d5ab1c9495f6ca03b68efa.jpg?ver=1777058957","contentUrl":"https:\/\/vanderloubet.com.br\/deputado\/wp-content\/litespeed\/avatar\/88ca4090d9d5ab1c9495f6ca03b68efa.jpg?ver=1777058957","caption":"\u00c9der"}}]}},"jetpack_featured_media_url":"https:\/\/vanderloubet.com.br\/deputado\/wp-content\/uploads\/2021\/06\/foto-2021-06-01-educacao-publica-acesso-internet.jpg","jetpack_sharing_enabled":true,"_links":{"self":[{"href":"https:\/\/vanderloubet.com.br\/deputado\/wp-json\/wp\/v2\/posts\/17269","targetHints":{"allow":["GET"]}}],"collection":[{"href":"https:\/\/vanderloubet.com.br\/deputado\/wp-json\/wp\/v2\/posts"}],"about":[{"href":"https:\/\/vanderloubet.com.br\/deputado\/wp-json\/wp\/v2\/types\/post"}],"author":[{"embeddable":true,"href":"https:\/\/vanderloubet.com.br\/deputado\/wp-json\/wp\/v2\/users\/2"}],"replies":[{"embeddable":true,"href":"https:\/\/vanderloubet.com.br\/deputado\/wp-json\/wp\/v2\/comments?post=17269"}],"version-history":[{"count":0,"href":"https:\/\/vanderloubet.com.br\/deputado\/wp-json\/wp\/v2\/posts\/17269\/revisions"}],"wp:featuredmedia":[{"embeddable":true,"href":"https:\/\/vanderloubet.com.br\/deputado\/wp-json\/wp\/v2\/media\/17270"}],"wp:attachment":[{"href":"https:\/\/vanderloubet.com.br\/deputado\/wp-json\/wp\/v2\/media?parent=17269"}],"wp:term":[{"taxonomy":"category","embeddable":true,"href":"https:\/\/vanderloubet.com.br\/deputado\/wp-json\/wp\/v2\/categories?post=17269"},{"taxonomy":"post_tag","embeddable":true,"href":"https:\/\/vanderloubet.com.br\/deputado\/wp-json\/wp\/v2\/tags?post=17269"}],"curies":[{"name":"wp","href":"https:\/\/api.w.org\/{rel}","templated":true}]}}