{"id":17264,"date":"2021-05-28T10:00:14","date_gmt":"2021-05-28T14:00:14","guid":{"rendered":"http:\/\/vanderloubet.com.br\/deputado\/?p=17264"},"modified":"2021-05-28T15:12:40","modified_gmt":"2021-05-28T19:12:40","slug":"com-apoio-de-vander-entidade-assistencial-de-rio-verde-tera-horta-comunitaria","status":"publish","type":"post","link":"https:\/\/vanderloubet.com.br\/deputado\/com-apoio-de-vander-entidade-assistencial-de-rio-verde-tera-horta-comunitaria\/","title":{"rendered":"Com apoio de Vander, entidade assistencial de Rio Verde ter\u00e1 horta comunit\u00e1ria"},"content":{"rendered":"<p>No dia 19 de maio, a equipe do mandato do deputado federal Vander Loubet visitou a sede da Comunidade Kolping Frei Tom\u00e1s, em Rio Verde de Mato Grosso, para tratar de detalhes a respeito da instala\u00e7\u00e3o de uma hortas comunit\u00e1ria, com estufa para cultivo protegido de mudas e hortali\u00e7as.<\/p>\n<p>A instala\u00e7\u00e3o da horta faz parte do projeto &#8220;Horta da Aldeia &#8211; Agricultura Periurbana em Comunidades Tradicionais&#8221;, coordenado pela Universidade Federal de Mato Grosso do Sul (UFMS), assistido tecnicamente pela Ag\u00eancia de Desenvolvimento Agr\u00e1rio e Extens\u00e3o Rural (Agraer) e financiado por meio de emendas parlamentares do deputado Vander e do ex-deputado Zeca do PT.<\/p>\n<p>Na Comunidade, a assessoria de Vander e a coordenadora do projeto, professora Vanderl\u00e9ia Mussi (FACH\/UFMS), foram recebidos pelo representante da entidade, Alan Striquer, e pela secret\u00e1ria municipal de Desenvolvimento Econ\u00f4mico do Munic\u00edpio, Luciene Brand\u00e3o.<\/p>\n<p>Atualmente, a Kolping atende a cerca de 500 pessoas, como crian\u00e7as com idade de um a tr\u00eas anos (creche) e jovens e pessoas em situa\u00e7\u00e3o de vulnerabilidade social (sala de inform\u00e1tica, cursos de capacita\u00e7\u00e3o profissional e aulas de m\u00fasica, dan\u00e7as, teatro etc.).<\/p>\n<p><strong>Amplia\u00e7\u00e3o<\/strong> &#8211; A produ\u00e7\u00e3o sustent\u00e1vel e a gera\u00e7\u00e3o de renda possibilitadas pelo projeto &#8220;Horta da Aldeia &#8211; Agricultura Periurbana em Comunidades Tradicionais&#8221;, iniciado em julho de 2018, est\u00e3o transformando a realidade de fam\u00edlias ind\u00edgenas e n\u00e3o ind\u00edgenas em Mato Grosso do Sul, o que despertou o interesse de novas comunidades.<\/p>\n<p>O projeto come\u00e7ou atendendo a Aldeia \u00c1gua Bonita (Campo Grande), a comunidade do Bairro Lageado (Campo Grande), a Aldeia 10 de Maio (Sidrol\u00e2ndia) e a Aldeia Aldeinha (Anast\u00e1cio), totalizando 1.286 fam\u00edlias beneficiadas. Nas hortas implantadas pelo projeto s\u00e3o produzidas hortali\u00e7as como alface, couve, almeir\u00e3o, cebolinha, salsa, r\u00facula e coentro.<\/p>\n<p>Em sua nova fase, a iniciativa est\u00e1 sendo ampliada de quatro para 18 comunidades nos munic\u00edpio de Sidrol\u00e2ndia, Anast\u00e1cio, Aquidauana, Dois Irm\u00e3os do Buriti, Nioaque, Campo Grande e Rio Verde de Mato Grosso.<\/p>\n<p>\u201cViabilizamos mais recursos para essa nova etapa, que ser\u00e1 mais ampla e vai envolver mais a Agraer e as prefeituras. O projeto ganhou corpo porque os resultados s\u00e3o muito positivos e mostram que esse \u00e9 um dos caminhos para ajudarmos essas comunidades&#8221;, destaca o deputado Vander Loubet.<\/p>\n\r\n                <style type=\"text\/css\">\r\n                    \r\n                    #tdi_1  .td-doubleSlider-2 .td-item1 {\r\n                        background: url(https:\/\/vanderloubet.com.br\/deputado\/wp-content\/uploads\/2021\/05\/foto-2021-05-28-horta-aldeia-rio-verde-01-80x60.jpg) 0 0 no-repeat;\r\n                    }\r\n                    #tdi_1  .td-doubleSlider-2 .td-item2 {\r\n                        background: url(https:\/\/vanderloubet.com.br\/deputado\/wp-content\/uploads\/2021\/05\/foto-2021-05-28-horta-aldeia-rio-verde-02-80x60.jpg) 0 0 no-repeat;\r\n                    }\r\n                    #tdi_1  .td-doubleSlider-2 .td-item3 {\r\n                        background: url(https:\/\/vanderloubet.com.br\/deputado\/wp-content\/uploads\/2021\/05\/foto-2021-05-28-horta-aldeia-rio-verde-03-80x60.jpg) 0 0 no-repeat;\r\n                    }\r\n                <\/style>\r\n\r\n                <div id=\"tdi_1\" class=\"td-gallery td-slide-on-2-columns\">\r\n                    <div class=\"post_td_gallery\">\r\n                        <div class=\"td-gallery-slide-top\">\r\n                           <div class=\"td-gallery-title\"><\/div>\r\n\r\n                            <div class=\"td-gallery-controls-wrapper\">\r\n                                <div class=\"td-gallery-slide-count\"><span class=\"td-gallery-slide-item-focus\">1<\/span> de 3<\/div>\r\n                                <div class=\"td-gallery-slide-prev-next-but\">\r\n                                    <i class = \"td-icon-left doubleSliderPrevButton\"><\/i>\r\n                                    <i class = \"td-icon-right doubleSliderNextButton\"><\/i>\r\n                                <\/div>\r\n                            <\/div>\r\n                        <\/div>\r\n\r\n                        <div class = \"td-doubleSlider-1 \">\r\n                            <div class = \"td-slider\">\r\n                                \r\n                    <div class = \"td-slide-item td-item1\">\r\n                        <figure class=\"td-slide-galery-figure td-slide-popup-gallery\">\r\n                            <a class=\"slide-gallery-image-link\" href=\"https:\/\/vanderloubet.com.br\/deputado\/wp-content\/uploads\/2021\/05\/foto-2021-05-28-horta-aldeia-rio-verde-01.jpg\" title=\"\u00c1rea da Comunidade Kolping Frei Tom\u00e1s que deve receber a horta comunit\u00e1ria\"  data-caption=\"\"  data-description=\"&Aacute;rea da Comunidade Kolping Frei Tom&aacute;s que deve receber a horta comunit&aacute;ria\">\r\n                                <img decoding=\"async\" src=\"https:\/\/vanderloubet.com.br\/deputado\/wp-content\/uploads\/2021\/05\/foto-2021-05-28-horta-aldeia-rio-verde-01-560x420.jpg\" srcset=\"https:\/\/vanderloubet.com.br\/deputado\/wp-content\/uploads\/2021\/05\/foto-2021-05-28-horta-aldeia-rio-verde-01-560x420.jpg 560w, https:\/\/vanderloubet.com.br\/deputado\/wp-content\/uploads\/2021\/05\/foto-2021-05-28-horta-aldeia-rio-verde-01-350x263.jpg 350w, https:\/\/vanderloubet.com.br\/deputado\/wp-content\/uploads\/2021\/05\/foto-2021-05-28-horta-aldeia-rio-verde-01-768x576.jpg 768w, https:\/\/vanderloubet.com.br\/deputado\/wp-content\/uploads\/2021\/05\/foto-2021-05-28-horta-aldeia-rio-verde-01-700x525.jpg 700w, https:\/\/vanderloubet.com.br\/deputado\/wp-content\/uploads\/2021\/05\/foto-2021-05-28-horta-aldeia-rio-verde-01-80x60.jpg 80w, https:\/\/vanderloubet.com.br\/deputado\/wp-content\/uploads\/2021\/05\/foto-2021-05-28-horta-aldeia-rio-verde-01-696x522.jpg 696w, https:\/\/vanderloubet.com.br\/deputado\/wp-content\/uploads\/2021\/05\/foto-2021-05-28-horta-aldeia-rio-verde-01-1068x801.jpg 1068w, https:\/\/vanderloubet.com.br\/deputado\/wp-content\/uploads\/2021\/05\/foto-2021-05-28-horta-aldeia-rio-verde-01-265x198.jpg 265w, https:\/\/vanderloubet.com.br\/deputado\/wp-content\/uploads\/2021\/05\/foto-2021-05-28-horta-aldeia-rio-verde-01.jpg 1080w\" sizes=\"(max-width: 560px) 100vw, 560px\" alt=\"&Aacute;rea da Comunidade Kolping Frei Tom&aacute;s que deve receber a horta comunit&aacute;ria\">\r\n                            <\/a>\r\n                            <figcaption class = \"td-slide-caption td-gallery-slide-content\"><span>\u00c1rea da Comunidade Kolping Frei Tom\u00e1s que deve receber a horta comunit\u00e1ria<\/span><\/figcaption>\r\n                        <\/figure>\r\n                    <\/div>\r\n                    <div class = \"td-slide-item td-item2\">\r\n                        <figure class=\"td-slide-galery-figure td-slide-popup-gallery\">\r\n                            <a class=\"slide-gallery-image-link\" href=\"https:\/\/vanderloubet.com.br\/deputado\/wp-content\/uploads\/2021\/05\/foto-2021-05-28-horta-aldeia-rio-verde-02.jpg\" title=\"\u00c1rea da Comunidade Kolping Frei Tom\u00e1s que deve receber a horta comunit\u00e1ria\"  data-caption=\"\"  data-description=\"&Aacute;rea da Comunidade Kolping Frei Tom&aacute;s que deve receber a horta comunit&aacute;ria\">\r\n                                <img decoding=\"async\" src=\"https:\/\/vanderloubet.com.br\/deputado\/wp-content\/uploads\/2021\/05\/foto-2021-05-28-horta-aldeia-rio-verde-02-560x420.jpg\" srcset=\"https:\/\/vanderloubet.com.br\/deputado\/wp-content\/uploads\/2021\/05\/foto-2021-05-28-horta-aldeia-rio-verde-02-560x420.jpg 560w, https:\/\/vanderloubet.com.br\/deputado\/wp-content\/uploads\/2021\/05\/foto-2021-05-28-horta-aldeia-rio-verde-02-350x263.jpg 350w, https:\/\/vanderloubet.com.br\/deputado\/wp-content\/uploads\/2021\/05\/foto-2021-05-28-horta-aldeia-rio-verde-02-768x576.jpg 768w, https:\/\/vanderloubet.com.br\/deputado\/wp-content\/uploads\/2021\/05\/foto-2021-05-28-horta-aldeia-rio-verde-02-700x525.jpg 700w, https:\/\/vanderloubet.com.br\/deputado\/wp-content\/uploads\/2021\/05\/foto-2021-05-28-horta-aldeia-rio-verde-02-80x60.jpg 80w, https:\/\/vanderloubet.com.br\/deputado\/wp-content\/uploads\/2021\/05\/foto-2021-05-28-horta-aldeia-rio-verde-02-696x522.jpg 696w, https:\/\/vanderloubet.com.br\/deputado\/wp-content\/uploads\/2021\/05\/foto-2021-05-28-horta-aldeia-rio-verde-02-1068x801.jpg 1068w, https:\/\/vanderloubet.com.br\/deputado\/wp-content\/uploads\/2021\/05\/foto-2021-05-28-horta-aldeia-rio-verde-02-265x198.jpg 265w, https:\/\/vanderloubet.com.br\/deputado\/wp-content\/uploads\/2021\/05\/foto-2021-05-28-horta-aldeia-rio-verde-02.jpg 1080w\" sizes=\"(max-width: 560px) 100vw, 560px\" alt=\"&Aacute;rea da Comunidade Kolping Frei Tom&aacute;s que deve receber a horta comunit&aacute;ria\">\r\n                            <\/a>\r\n                            <figcaption class = \"td-slide-caption td-gallery-slide-content\"><span>\u00c1rea da Comunidade Kolping Frei Tom\u00e1s que deve receber a horta comunit\u00e1ria<\/span><\/figcaption>\r\n                        <\/figure>\r\n                    <\/div>\r\n                    <div class = \"td-slide-item td-item3\">\r\n                        <figure class=\"td-slide-galery-figure td-slide-popup-gallery\">\r\n                            <a class=\"slide-gallery-image-link\" href=\"https:\/\/vanderloubet.com.br\/deputado\/wp-content\/uploads\/2021\/05\/foto-2021-05-28-horta-aldeia-rio-verde-03.jpg\" title=\"Assessoria de Vander e Vanderl\u00e9ia sendo recebidos por Striquer e por Luciene\"  data-caption=\"\"  data-description=\"Assessoria de Vander e Vanderl&eacute;ia sendo recebidos por Striquer e por Luciene\">\r\n                                <img decoding=\"async\" src=\"https:\/\/vanderloubet.com.br\/deputado\/wp-content\/uploads\/2021\/05\/foto-2021-05-28-horta-aldeia-rio-verde-03-560x420.jpg\" srcset=\"https:\/\/vanderloubet.com.br\/deputado\/wp-content\/uploads\/2021\/05\/foto-2021-05-28-horta-aldeia-rio-verde-03-560x420.jpg 560w, https:\/\/vanderloubet.com.br\/deputado\/wp-content\/uploads\/2021\/05\/foto-2021-05-28-horta-aldeia-rio-verde-03-350x263.jpg 350w, https:\/\/vanderloubet.com.br\/deputado\/wp-content\/uploads\/2021\/05\/foto-2021-05-28-horta-aldeia-rio-verde-03-768x576.jpg 768w, https:\/\/vanderloubet.com.br\/deputado\/wp-content\/uploads\/2021\/05\/foto-2021-05-28-horta-aldeia-rio-verde-03-700x525.jpg 700w, https:\/\/vanderloubet.com.br\/deputado\/wp-content\/uploads\/2021\/05\/foto-2021-05-28-horta-aldeia-rio-verde-03-80x60.jpg 80w, https:\/\/vanderloubet.com.br\/deputado\/wp-content\/uploads\/2021\/05\/foto-2021-05-28-horta-aldeia-rio-verde-03-696x522.jpg 696w, https:\/\/vanderloubet.com.br\/deputado\/wp-content\/uploads\/2021\/05\/foto-2021-05-28-horta-aldeia-rio-verde-03-1068x801.jpg 1068w, https:\/\/vanderloubet.com.br\/deputado\/wp-content\/uploads\/2021\/05\/foto-2021-05-28-horta-aldeia-rio-verde-03-265x198.jpg 265w, https:\/\/vanderloubet.com.br\/deputado\/wp-content\/uploads\/2021\/05\/foto-2021-05-28-horta-aldeia-rio-verde-03.jpg 1080w\" sizes=\"(max-width: 560px) 100vw, 560px\" alt=\"Assessoria de Vander e Vanderl&eacute;ia sendo recebidos por Striquer e por Luciene\">\r\n                            <\/a>\r\n                            <figcaption class = \"td-slide-caption td-gallery-slide-content\"><span>Assessoria de Vander e Vanderl\u00e9ia sendo recebidos por Striquer e por Luciene<\/span><\/figcaption>\r\n                        <\/figure>\r\n                    <\/div>\r\n                            <\/div>\r\n                        <\/div>\r\n\r\n                        <div class = \"td-doubleSlider-2\">\r\n                            <div class = \"td-slider\">\r\n                                \r\n                    <div class = \"td-button td-item1\">\r\n                        <div class = \"td-border\"><\/div>\r\n                    <\/div>\r\n                    <div class = \"td-button td-item2\">\r\n                        <div class = \"td-border\"><\/div>\r\n                    <\/div>\r\n                    <div class = \"td-button td-item3\">\r\n                        <div class = \"td-border\"><\/div>\r\n                    <\/div>\r\n                            <\/div>\r\n                        <\/div>\r\n\r\n                    <\/div>\r\n\r\n                <\/div>\r\n                \n","protected":false},"excerpt":{"rendered":"<p>Comunidade Kolping Frei Tom\u00e1s ser\u00e1 beneficiada pelo projeto Horta da Aldeia, executado pela UFMS e financiado por emenda parlamentar.<\/p>\n","protected":false},"author":2,"featured_media":17267,"comment_status":"closed","ping_status":"closed","sticky":false,"template":"","format":"standard","meta":{"jetpack_post_was_ever_published":false,"_jetpack_newsletter_access":"","_jetpack_dont_email_post_to_subs":false,"_jetpack_newsletter_tier_id":0,"_jetpack_memberships_contains_paywalled_content":false,"_jetpack_memberships_contains_paid_content":false,"footnotes":""},"categories":[2097,10],"tags":[2390,199,2127,1736],"class_list":{"0":"post-17264","1":"post","2":"type-post","3":"status-publish","4":"format-standard","5":"has-post-thumbnail","7":"category-municipios-noticias","8":"category-noticias","9":"tag-agricultura-periurbana","10":"tag-assistencia-social","11":"tag-emenda-parlamentar","12":"tag-rio-verde-de-mato-grosso"},"yoast_head":"<!-- This site is optimized with the Yoast SEO plugin v27.4 - https:\/\/yoast.com\/product\/yoast-seo-wordpress\/ -->\n<title>Com apoio de Vander, entidade assistencial de Rio Verde ter\u00e1 horta comunit\u00e1ria<\/title>\n<meta name=\"description\" content=\"Comunidade Kolping Frei Tom\u00e1s ser\u00e1 beneficiada pelo projeto Horta da Aldeia, executado pela UFMS e financiado por emenda parlamentar.\" \/>\n<meta name=\"robots\" content=\"index, follow, max-snippet:-1, max-image-preview:large, max-video-preview:-1\" \/>\n<link rel=\"canonical\" href=\"https:\/\/vanderloubet.com.br\/deputado\/com-apoio-de-vander-entidade-assistencial-de-rio-verde-tera-horta-comunitaria\/\" \/>\n<meta property=\"og:locale\" content=\"pt_BR\" \/>\n<meta property=\"og:type\" content=\"article\" \/>\n<meta property=\"og:title\" content=\"Com apoio de Vander, entidade assistencial de Rio Verde ter\u00e1 horta comunit\u00e1ria\" \/>\n<meta property=\"og:description\" content=\"Comunidade Kolping Frei Tom\u00e1s ser\u00e1 beneficiada pelo projeto Horta da Aldeia, executado pela UFMS e financiado por emenda parlamentar.\" \/>\n<meta property=\"og:url\" content=\"https:\/\/vanderloubet.com.br\/deputado\/com-apoio-de-vander-entidade-assistencial-de-rio-verde-tera-horta-comunitaria\/\" \/>\n<meta property=\"og:site_name\" content=\"Deputado Federal Vander Loubet\" \/>\n<meta property=\"article:publisher\" content=\"https:\/\/facebook.com\/deputadovander\" \/>\n<meta property=\"article:published_time\" content=\"2021-05-28T14:00:14+00:00\" \/>\n<meta property=\"article:modified_time\" content=\"2021-05-28T19:12:40+00:00\" \/>\n<meta property=\"og:image\" content=\"https:\/\/vanderloubet.com.br\/deputado\/wp-content\/uploads\/2021\/05\/foto-2021-05-28-horta-aldeia-rio-verde-03.jpg\" \/>\n\t<meta property=\"og:image:width\" content=\"1080\" \/>\n\t<meta property=\"og:image:height\" content=\"810\" \/>\n\t<meta property=\"og:image:type\" content=\"image\/jpeg\" \/>\n<meta name=\"author\" content=\"\u00c9der\" \/>\n<meta name=\"twitter:card\" content=\"summary_large_image\" \/>\n<meta name=\"twitter:creator\" content=\"@vanderloubet\" \/>\n<meta name=\"twitter:site\" content=\"@vanderloubet\" \/>\n<script type=\"application\/ld+json\" class=\"yoast-schema-graph\">{\"@context\":\"https:\\\/\\\/schema.org\",\"@graph\":[{\"@type\":\"Article\",\"@id\":\"https:\\\/\\\/vanderloubet.com.br\\\/deputado\\\/com-apoio-de-vander-entidade-assistencial-de-rio-verde-tera-horta-comunitaria\\\/#article\",\"isPartOf\":{\"@id\":\"https:\\\/\\\/vanderloubet.com.br\\\/deputado\\\/com-apoio-de-vander-entidade-assistencial-de-rio-verde-tera-horta-comunitaria\\\/\"},\"author\":{\"name\":\"\u00c9der\",\"@id\":\"https:\\\/\\\/vanderloubet.com.br\\\/deputado\\\/#\\\/schema\\\/person\\\/15b51bd564532a8a68d9dec1b8eb890e\"},\"headline\":\"Com apoio de Vander, entidade assistencial de Rio Verde ter\u00e1 horta comunit\u00e1ria\",\"datePublished\":\"2021-05-28T14:00:14+00:00\",\"dateModified\":\"2021-05-28T19:12:40+00:00\",\"mainEntityOfPage\":{\"@id\":\"https:\\\/\\\/vanderloubet.com.br\\\/deputado\\\/com-apoio-de-vander-entidade-assistencial-de-rio-verde-tera-horta-comunitaria\\\/\"},\"wordCount\":416,\"publisher\":{\"@id\":\"https:\\\/\\\/vanderloubet.com.br\\\/deputado\\\/#organization\"},\"image\":{\"@id\":\"https:\\\/\\\/vanderloubet.com.br\\\/deputado\\\/com-apoio-de-vander-entidade-assistencial-de-rio-verde-tera-horta-comunitaria\\\/#primaryimage\"},\"thumbnailUrl\":\"https:\\\/\\\/vanderloubet.com.br\\\/deputado\\\/wp-content\\\/uploads\\\/2021\\\/05\\\/foto-2021-05-28-horta-aldeia-rio-verde-03.jpg\",\"keywords\":[\"agricultura periurbana\",\"assist\u00eancia social\",\"emenda parlamentar\",\"rio verde de mato grosso\"],\"articleSection\":[\"Munic\u00edpios\",\"Not\u00edcias\"],\"inLanguage\":\"pt-BR\"},{\"@type\":\"WebPage\",\"@id\":\"https:\\\/\\\/vanderloubet.com.br\\\/deputado\\\/com-apoio-de-vander-entidade-assistencial-de-rio-verde-tera-horta-comunitaria\\\/\",\"url\":\"https:\\\/\\\/vanderloubet.com.br\\\/deputado\\\/com-apoio-de-vander-entidade-assistencial-de-rio-verde-tera-horta-comunitaria\\\/\",\"name\":\"Com apoio de Vander, entidade assistencial de Rio Verde ter\u00e1 horta comunit\u00e1ria\",\"isPartOf\":{\"@id\":\"https:\\\/\\\/vanderloubet.com.br\\\/deputado\\\/#website\"},\"primaryImageOfPage\":{\"@id\":\"https:\\\/\\\/vanderloubet.com.br\\\/deputado\\\/com-apoio-de-vander-entidade-assistencial-de-rio-verde-tera-horta-comunitaria\\\/#primaryimage\"},\"image\":{\"@id\":\"https:\\\/\\\/vanderloubet.com.br\\\/deputado\\\/com-apoio-de-vander-entidade-assistencial-de-rio-verde-tera-horta-comunitaria\\\/#primaryimage\"},\"thumbnailUrl\":\"https:\\\/\\\/vanderloubet.com.br\\\/deputado\\\/wp-content\\\/uploads\\\/2021\\\/05\\\/foto-2021-05-28-horta-aldeia-rio-verde-03.jpg\",\"datePublished\":\"2021-05-28T14:00:14+00:00\",\"dateModified\":\"2021-05-28T19:12:40+00:00\",\"description\":\"Comunidade Kolping Frei Tom\u00e1s ser\u00e1 beneficiada pelo projeto Horta da Aldeia, executado pela UFMS e financiado por emenda parlamentar.\",\"breadcrumb\":{\"@id\":\"https:\\\/\\\/vanderloubet.com.br\\\/deputado\\\/com-apoio-de-vander-entidade-assistencial-de-rio-verde-tera-horta-comunitaria\\\/#breadcrumb\"},\"inLanguage\":\"pt-BR\",\"potentialAction\":[{\"@type\":\"ReadAction\",\"target\":[\"https:\\\/\\\/vanderloubet.com.br\\\/deputado\\\/com-apoio-de-vander-entidade-assistencial-de-rio-verde-tera-horta-comunitaria\\\/\"]}]},{\"@type\":\"ImageObject\",\"inLanguage\":\"pt-BR\",\"@id\":\"https:\\\/\\\/vanderloubet.com.br\\\/deputado\\\/com-apoio-de-vander-entidade-assistencial-de-rio-verde-tera-horta-comunitaria\\\/#primaryimage\",\"url\":\"https:\\\/\\\/vanderloubet.com.br\\\/deputado\\\/wp-content\\\/uploads\\\/2021\\\/05\\\/foto-2021-05-28-horta-aldeia-rio-verde-03.jpg\",\"contentUrl\":\"https:\\\/\\\/vanderloubet.com.br\\\/deputado\\\/wp-content\\\/uploads\\\/2021\\\/05\\\/foto-2021-05-28-horta-aldeia-rio-verde-03.jpg\",\"width\":1080,\"height\":810,\"caption\":\"Assessoria de Vander e Vanderl\u00e9ia sendo recebidos por Striquer e por Luciene\"},{\"@type\":\"BreadcrumbList\",\"@id\":\"https:\\\/\\\/vanderloubet.com.br\\\/deputado\\\/com-apoio-de-vander-entidade-assistencial-de-rio-verde-tera-horta-comunitaria\\\/#breadcrumb\",\"itemListElement\":[{\"@type\":\"ListItem\",\"position\":1,\"name\":\"In\u00edcio\",\"item\":\"https:\\\/\\\/vanderloubet.com.br\\\/deputado\\\/\"},{\"@type\":\"ListItem\",\"position\":2,\"name\":\"Com apoio de Vander, entidade assistencial de Rio Verde ter\u00e1 horta comunit\u00e1ria\"}]},{\"@type\":\"WebSite\",\"@id\":\"https:\\\/\\\/vanderloubet.com.br\\\/deputado\\\/#website\",\"url\":\"https:\\\/\\\/vanderloubet.com.br\\\/deputado\\\/\",\"name\":\"Deputado Federal Vander Loubet\",\"description\":\"O Federal de MS\",\"publisher\":{\"@id\":\"https:\\\/\\\/vanderloubet.com.br\\\/deputado\\\/#organization\"},\"alternateName\":\"Deputado Vander\",\"potentialAction\":[{\"@type\":\"SearchAction\",\"target\":{\"@type\":\"EntryPoint\",\"urlTemplate\":\"https:\\\/\\\/vanderloubet.com.br\\\/deputado\\\/?s={search_term_string}\"},\"query-input\":{\"@type\":\"PropertyValueSpecification\",\"valueRequired\":true,\"valueName\":\"search_term_string\"}}],\"inLanguage\":\"pt-BR\"},{\"@type\":\"Organization\",\"@id\":\"https:\\\/\\\/vanderloubet.com.br\\\/deputado\\\/#organization\",\"name\":\"Deputado Federal Vander Loubet\",\"alternateName\":\"Deputado Vander\",\"url\":\"https:\\\/\\\/vanderloubet.com.br\\\/deputado\\\/\",\"logo\":{\"@type\":\"ImageObject\",\"inLanguage\":\"pt-BR\",\"@id\":\"https:\\\/\\\/vanderloubet.com.br\\\/deputado\\\/#\\\/schema\\\/logo\\\/image\\\/\",\"url\":\"https:\\\/\\\/vanderloubet.com.br\\\/deputado\\\/wp-content\\\/uploads\\\/2023\\\/06\\\/foto-2023-06-19-mandato-deputado-vander.jpg\",\"contentUrl\":\"https:\\\/\\\/vanderloubet.com.br\\\/deputado\\\/wp-content\\\/uploads\\\/2023\\\/06\\\/foto-2023-06-19-mandato-deputado-vander.jpg\",\"width\":1080,\"height\":1080,\"caption\":\"Deputado Federal Vander Loubet\"},\"image\":{\"@id\":\"https:\\\/\\\/vanderloubet.com.br\\\/deputado\\\/#\\\/schema\\\/logo\\\/image\\\/\"},\"sameAs\":[\"https:\\\/\\\/facebook.com\\\/deputadovander\",\"https:\\\/\\\/x.com\\\/vanderloubet\",\"https:\\\/\\\/instagram.com\\\/vanderloubet\",\"https:\\\/\\\/youtube.com\\\/vanderloubet\",\"https:\\\/\\\/tiktok.com\\\/@vanderloubetms\"]},{\"@type\":\"Person\",\"@id\":\"https:\\\/\\\/vanderloubet.com.br\\\/deputado\\\/#\\\/schema\\\/person\\\/15b51bd564532a8a68d9dec1b8eb890e\",\"name\":\"\u00c9der\",\"image\":{\"@type\":\"ImageObject\",\"inLanguage\":\"pt-BR\",\"@id\":\"https:\\\/\\\/vanderloubet.com.br\\\/deputado\\\/wp-content\\\/litespeed\\\/avatar\\\/88ca4090d9d5ab1c9495f6ca03b68efa.jpg?ver=1777058957\",\"url\":\"https:\\\/\\\/vanderloubet.com.br\\\/deputado\\\/wp-content\\\/litespeed\\\/avatar\\\/88ca4090d9d5ab1c9495f6ca03b68efa.jpg?ver=1777058957\",\"contentUrl\":\"https:\\\/\\\/vanderloubet.com.br\\\/deputado\\\/wp-content\\\/litespeed\\\/avatar\\\/88ca4090d9d5ab1c9495f6ca03b68efa.jpg?ver=1777058957\",\"caption\":\"\u00c9der\"}}]}<\/script>\n<!-- \/ Yoast SEO plugin. -->","yoast_head_json":{"title":"Com apoio de Vander, entidade assistencial de Rio Verde ter\u00e1 horta comunit\u00e1ria","description":"Comunidade Kolping Frei Tom\u00e1s ser\u00e1 beneficiada pelo projeto Horta da Aldeia, executado pela UFMS e financiado por emenda parlamentar.","robots":{"index":"index","follow":"follow","max-snippet":"max-snippet:-1","max-image-preview":"max-image-preview:large","max-video-preview":"max-video-preview:-1"},"canonical":"https:\/\/vanderloubet.com.br\/deputado\/com-apoio-de-vander-entidade-assistencial-de-rio-verde-tera-horta-comunitaria\/","og_locale":"pt_BR","og_type":"article","og_title":"Com apoio de Vander, entidade assistencial de Rio Verde ter\u00e1 horta comunit\u00e1ria","og_description":"Comunidade Kolping Frei Tom\u00e1s ser\u00e1 beneficiada pelo projeto Horta da Aldeia, executado pela UFMS e financiado por emenda parlamentar.","og_url":"https:\/\/vanderloubet.com.br\/deputado\/com-apoio-de-vander-entidade-assistencial-de-rio-verde-tera-horta-comunitaria\/","og_site_name":"Deputado Federal Vander Loubet","article_publisher":"https:\/\/facebook.com\/deputadovander","article_published_time":"2021-05-28T14:00:14+00:00","article_modified_time":"2021-05-28T19:12:40+00:00","og_image":[{"width":1080,"height":810,"url":"https:\/\/vanderloubet.com.br\/deputado\/wp-content\/uploads\/2021\/05\/foto-2021-05-28-horta-aldeia-rio-verde-03.jpg","type":"image\/jpeg"}],"author":"\u00c9der","twitter_card":"summary_large_image","twitter_creator":"@vanderloubet","twitter_site":"@vanderloubet","schema":{"@context":"https:\/\/schema.org","@graph":[{"@type":"Article","@id":"https:\/\/vanderloubet.com.br\/deputado\/com-apoio-de-vander-entidade-assistencial-de-rio-verde-tera-horta-comunitaria\/#article","isPartOf":{"@id":"https:\/\/vanderloubet.com.br\/deputado\/com-apoio-de-vander-entidade-assistencial-de-rio-verde-tera-horta-comunitaria\/"},"author":{"name":"\u00c9der","@id":"https:\/\/vanderloubet.com.br\/deputado\/#\/schema\/person\/15b51bd564532a8a68d9dec1b8eb890e"},"headline":"Com apoio de Vander, entidade assistencial de Rio Verde ter\u00e1 horta comunit\u00e1ria","datePublished":"2021-05-28T14:00:14+00:00","dateModified":"2021-05-28T19:12:40+00:00","mainEntityOfPage":{"@id":"https:\/\/vanderloubet.com.br\/deputado\/com-apoio-de-vander-entidade-assistencial-de-rio-verde-tera-horta-comunitaria\/"},"wordCount":416,"publisher":{"@id":"https:\/\/vanderloubet.com.br\/deputado\/#organization"},"image":{"@id":"https:\/\/vanderloubet.com.br\/deputado\/com-apoio-de-vander-entidade-assistencial-de-rio-verde-tera-horta-comunitaria\/#primaryimage"},"thumbnailUrl":"https:\/\/vanderloubet.com.br\/deputado\/wp-content\/uploads\/2021\/05\/foto-2021-05-28-horta-aldeia-rio-verde-03.jpg","keywords":["agricultura periurbana","assist\u00eancia social","emenda parlamentar","rio verde de mato grosso"],"articleSection":["Munic\u00edpios","Not\u00edcias"],"inLanguage":"pt-BR"},{"@type":"WebPage","@id":"https:\/\/vanderloubet.com.br\/deputado\/com-apoio-de-vander-entidade-assistencial-de-rio-verde-tera-horta-comunitaria\/","url":"https:\/\/vanderloubet.com.br\/deputado\/com-apoio-de-vander-entidade-assistencial-de-rio-verde-tera-horta-comunitaria\/","name":"Com apoio de Vander, entidade assistencial de Rio Verde ter\u00e1 horta comunit\u00e1ria","isPartOf":{"@id":"https:\/\/vanderloubet.com.br\/deputado\/#website"},"primaryImageOfPage":{"@id":"https:\/\/vanderloubet.com.br\/deputado\/com-apoio-de-vander-entidade-assistencial-de-rio-verde-tera-horta-comunitaria\/#primaryimage"},"image":{"@id":"https:\/\/vanderloubet.com.br\/deputado\/com-apoio-de-vander-entidade-assistencial-de-rio-verde-tera-horta-comunitaria\/#primaryimage"},"thumbnailUrl":"https:\/\/vanderloubet.com.br\/deputado\/wp-content\/uploads\/2021\/05\/foto-2021-05-28-horta-aldeia-rio-verde-03.jpg","datePublished":"2021-05-28T14:00:14+00:00","dateModified":"2021-05-28T19:12:40+00:00","description":"Comunidade Kolping Frei Tom\u00e1s ser\u00e1 beneficiada pelo projeto Horta da Aldeia, executado pela UFMS e financiado por emenda parlamentar.","breadcrumb":{"@id":"https:\/\/vanderloubet.com.br\/deputado\/com-apoio-de-vander-entidade-assistencial-de-rio-verde-tera-horta-comunitaria\/#breadcrumb"},"inLanguage":"pt-BR","potentialAction":[{"@type":"ReadAction","target":["https:\/\/vanderloubet.com.br\/deputado\/com-apoio-de-vander-entidade-assistencial-de-rio-verde-tera-horta-comunitaria\/"]}]},{"@type":"ImageObject","inLanguage":"pt-BR","@id":"https:\/\/vanderloubet.com.br\/deputado\/com-apoio-de-vander-entidade-assistencial-de-rio-verde-tera-horta-comunitaria\/#primaryimage","url":"https:\/\/vanderloubet.com.br\/deputado\/wp-content\/uploads\/2021\/05\/foto-2021-05-28-horta-aldeia-rio-verde-03.jpg","contentUrl":"https:\/\/vanderloubet.com.br\/deputado\/wp-content\/uploads\/2021\/05\/foto-2021-05-28-horta-aldeia-rio-verde-03.jpg","width":1080,"height":810,"caption":"Assessoria de Vander e Vanderl\u00e9ia sendo recebidos por Striquer e por Luciene"},{"@type":"BreadcrumbList","@id":"https:\/\/vanderloubet.com.br\/deputado\/com-apoio-de-vander-entidade-assistencial-de-rio-verde-tera-horta-comunitaria\/#breadcrumb","itemListElement":[{"@type":"ListItem","position":1,"name":"In\u00edcio","item":"https:\/\/vanderloubet.com.br\/deputado\/"},{"@type":"ListItem","position":2,"name":"Com apoio de Vander, entidade assistencial de Rio Verde ter\u00e1 horta comunit\u00e1ria"}]},{"@type":"WebSite","@id":"https:\/\/vanderloubet.com.br\/deputado\/#website","url":"https:\/\/vanderloubet.com.br\/deputado\/","name":"Deputado Federal Vander Loubet","description":"O Federal de MS","publisher":{"@id":"https:\/\/vanderloubet.com.br\/deputado\/#organization"},"alternateName":"Deputado Vander","potentialAction":[{"@type":"SearchAction","target":{"@type":"EntryPoint","urlTemplate":"https:\/\/vanderloubet.com.br\/deputado\/?s={search_term_string}"},"query-input":{"@type":"PropertyValueSpecification","valueRequired":true,"valueName":"search_term_string"}}],"inLanguage":"pt-BR"},{"@type":"Organization","@id":"https:\/\/vanderloubet.com.br\/deputado\/#organization","name":"Deputado Federal Vander Loubet","alternateName":"Deputado Vander","url":"https:\/\/vanderloubet.com.br\/deputado\/","logo":{"@type":"ImageObject","inLanguage":"pt-BR","@id":"https:\/\/vanderloubet.com.br\/deputado\/#\/schema\/logo\/image\/","url":"https:\/\/vanderloubet.com.br\/deputado\/wp-content\/uploads\/2023\/06\/foto-2023-06-19-mandato-deputado-vander.jpg","contentUrl":"https:\/\/vanderloubet.com.br\/deputado\/wp-content\/uploads\/2023\/06\/foto-2023-06-19-mandato-deputado-vander.jpg","width":1080,"height":1080,"caption":"Deputado Federal Vander Loubet"},"image":{"@id":"https:\/\/vanderloubet.com.br\/deputado\/#\/schema\/logo\/image\/"},"sameAs":["https:\/\/facebook.com\/deputadovander","https:\/\/x.com\/vanderloubet","https:\/\/instagram.com\/vanderloubet","https:\/\/youtube.com\/vanderloubet","https:\/\/tiktok.com\/@vanderloubetms"]},{"@type":"Person","@id":"https:\/\/vanderloubet.com.br\/deputado\/#\/schema\/person\/15b51bd564532a8a68d9dec1b8eb890e","name":"\u00c9der","image":{"@type":"ImageObject","inLanguage":"pt-BR","@id":"https:\/\/vanderloubet.com.br\/deputado\/wp-content\/litespeed\/avatar\/88ca4090d9d5ab1c9495f6ca03b68efa.jpg?ver=1777058957","url":"https:\/\/vanderloubet.com.br\/deputado\/wp-content\/litespeed\/avatar\/88ca4090d9d5ab1c9495f6ca03b68efa.jpg?ver=1777058957","contentUrl":"https:\/\/vanderloubet.com.br\/deputado\/wp-content\/litespeed\/avatar\/88ca4090d9d5ab1c9495f6ca03b68efa.jpg?ver=1777058957","caption":"\u00c9der"}}]}},"jetpack_featured_media_url":"https:\/\/vanderloubet.com.br\/deputado\/wp-content\/uploads\/2021\/05\/foto-2021-05-28-horta-aldeia-rio-verde-03.jpg","jetpack_sharing_enabled":true,"_links":{"self":[{"href":"https:\/\/vanderloubet.com.br\/deputado\/wp-json\/wp\/v2\/posts\/17264","targetHints":{"allow":["GET"]}}],"collection":[{"href":"https:\/\/vanderloubet.com.br\/deputado\/wp-json\/wp\/v2\/posts"}],"about":[{"href":"https:\/\/vanderloubet.com.br\/deputado\/wp-json\/wp\/v2\/types\/post"}],"author":[{"embeddable":true,"href":"https:\/\/vanderloubet.com.br\/deputado\/wp-json\/wp\/v2\/users\/2"}],"replies":[{"embeddable":true,"href":"https:\/\/vanderloubet.com.br\/deputado\/wp-json\/wp\/v2\/comments?post=17264"}],"version-history":[{"count":0,"href":"https:\/\/vanderloubet.com.br\/deputado\/wp-json\/wp\/v2\/posts\/17264\/revisions"}],"wp:featuredmedia":[{"embeddable":true,"href":"https:\/\/vanderloubet.com.br\/deputado\/wp-json\/wp\/v2\/media\/17267"}],"wp:attachment":[{"href":"https:\/\/vanderloubet.com.br\/deputado\/wp-json\/wp\/v2\/media?parent=17264"}],"wp:term":[{"taxonomy":"category","embeddable":true,"href":"https:\/\/vanderloubet.com.br\/deputado\/wp-json\/wp\/v2\/categories?post=17264"},{"taxonomy":"post_tag","embeddable":true,"href":"https:\/\/vanderloubet.com.br\/deputado\/wp-json\/wp\/v2\/tags?post=17264"}],"curies":[{"name":"wp","href":"https:\/\/api.w.org\/{rel}","templated":true}]}}