{"id":17258,"date":"2021-05-25T09:00:06","date_gmt":"2021-05-25T13:00:06","guid":{"rendered":"http:\/\/vanderloubet.com.br\/deputado\/?p=17258"},"modified":"2021-05-25T10:45:59","modified_gmt":"2021-05-25T14:45:59","slug":"nota-de-pesar-pelo-falecimento-de-cabo-almi","status":"publish","type":"post","link":"https:\/\/vanderloubet.com.br\/deputado\/nota-de-pesar-pelo-falecimento-de-cabo-almi\/","title":{"rendered":"Nota de pesar pelo falecimento de Cabo Almi"},"content":{"rendered":"<p>Esta ter\u00e7a-feira amanheceu muito triste com a not\u00edcia de que nosso companheiro Jos\u00e9 Almi Pereira Moura, nosso <strong>Cabo Almi<\/strong>, n\u00e3o resistiu \u00e0 essa doen\u00e7a t\u00e3o terr\u00edvel e cruel que \u00e9 a Covid-19.<\/p>\n<p>Perdi um amigo de primeira hora, que conheci no in\u00edcio da d\u00e9cada de 90, na luta em defesa dos trabalhadores, e que esteve ao meu lado (e eu ao lado dele) em muitas batalhas.<\/p>\n<p>Como vereador em Campo Grande e deputado estadual pelo PT &#8211; Partido dos Trabalhadores teve mandatos exemplares. Foi um defensor intransigente de a\u00e7\u00f5es e pol\u00edticas p\u00fablicas em prol dos mais pobres, al\u00e9m de um batalhador em favor da classe trabalhadora e dos servidores p\u00fablicos, especialmente dos servidores da Seguran\u00e7a P\u00fablica.<\/p>\n<p>Era um sujeito trabalhador e simples, muito preocupado com sua fam\u00edlia, com a sua comunidade e com todos os que buscavam o apoio do seu mandato. Por isso, acredito que nosso amigo tenha ido em paz, tranquilo por saber que fez um bom trabalho em vida e que cumpriu sua miss\u00e3o.<\/p>\n<p>Neste momento t\u00e3o dif\u00edcil, quero deixar minhas condol\u00eancias \u00e0 sua esposa Irene e aos filhos Fl\u00e1vio, Fabr\u00edcia e Monique. Que o infinito amor de Deus possa confort\u00e1-los. Tenho certeza que o Almi ser\u00e1 muito bem recebido por nosso Senhor.<\/p>\n<p><strong>Vander Loubet<\/strong><br \/>\nDeputado Federal (PT-MS)<\/p>\n","protected":false},"excerpt":{"rendered":"<p>V\u00edtima da Covid-19, o deputado estadual do PT faleceu na madrugada desta ter\u00e7a-feira (25), no Hospital da Cassems em Campo Grande.<\/p>\n","protected":false},"author":2,"featured_media":17259,"comment_status":"closed","ping_status":"closed","sticky":false,"template":"","format":"standard","meta":{"jetpack_post_was_ever_published":false,"_jetpack_newsletter_access":"","_jetpack_dont_email_post_to_subs":false,"_jetpack_newsletter_tier_id":0,"_jetpack_memberships_contains_paywalled_content":false,"_jetpack_memberships_contains_paid_content":false,"footnotes":""},"categories":[2099,10],"tags":[315,791,2456],"class_list":{"0":"post-17258","1":"post","2":"type-post","3":"status-publish","4":"format-standard","5":"has-post-thumbnail","7":"category-ms-noticias","8":"category-noticias","9":"tag-cabo-almi","10":"tag-falecimento","11":"tag-nota-de-pesar"},"yoast_head":"<!-- This site is optimized with the Yoast SEO plugin v27.4 - https:\/\/yoast.com\/product\/yoast-seo-wordpress\/ -->\n<title>Nota de pesar pelo falecimento de Cabo Almi<\/title>\n<meta name=\"description\" content=\"V\u00edtima da Covid-19, o deputado estadual do PT faleceu na madrugada desta ter\u00e7a-feira (25), no Hospital da Cassems em Campo Grande.\" \/>\n<meta name=\"robots\" content=\"index, follow, max-snippet:-1, max-image-preview:large, max-video-preview:-1\" \/>\n<link rel=\"canonical\" href=\"https:\/\/vanderloubet.com.br\/deputado\/nota-de-pesar-pelo-falecimento-de-cabo-almi\/\" \/>\n<meta property=\"og:locale\" content=\"pt_BR\" \/>\n<meta property=\"og:type\" content=\"article\" \/>\n<meta property=\"og:title\" content=\"Nota de pesar pelo falecimento de Cabo Almi\" \/>\n<meta property=\"og:description\" content=\"V\u00edtima da Covid-19, o deputado estadual do PT faleceu na madrugada desta ter\u00e7a-feira (25), no Hospital da Cassems em Campo Grande.\" \/>\n<meta property=\"og:url\" content=\"https:\/\/vanderloubet.com.br\/deputado\/nota-de-pesar-pelo-falecimento-de-cabo-almi\/\" \/>\n<meta property=\"og:site_name\" content=\"Deputado Federal Vander Loubet\" \/>\n<meta property=\"article:publisher\" content=\"https:\/\/facebook.com\/deputadovander\" \/>\n<meta property=\"article:published_time\" content=\"2021-05-25T13:00:06+00:00\" \/>\n<meta property=\"article:modified_time\" content=\"2021-05-25T14:45:59+00:00\" \/>\n<meta property=\"og:image\" content=\"https:\/\/vanderloubet.com.br\/deputado\/wp-content\/uploads\/2021\/05\/foto-2021-05-23-nota-pesar-cabo-almi.jpg\" \/>\n\t<meta property=\"og:image:width\" content=\"1080\" \/>\n\t<meta property=\"og:image:height\" content=\"720\" \/>\n\t<meta property=\"og:image:type\" content=\"image\/jpeg\" \/>\n<meta name=\"author\" content=\"\u00c9der\" \/>\n<meta name=\"twitter:card\" content=\"summary_large_image\" \/>\n<meta name=\"twitter:creator\" content=\"@vanderloubet\" \/>\n<meta name=\"twitter:site\" content=\"@vanderloubet\" \/>\n<script type=\"application\/ld+json\" class=\"yoast-schema-graph\">{\"@context\":\"https:\\\/\\\/schema.org\",\"@graph\":[{\"@type\":\"Article\",\"@id\":\"https:\\\/\\\/vanderloubet.com.br\\\/deputado\\\/nota-de-pesar-pelo-falecimento-de-cabo-almi\\\/#article\",\"isPartOf\":{\"@id\":\"https:\\\/\\\/vanderloubet.com.br\\\/deputado\\\/nota-de-pesar-pelo-falecimento-de-cabo-almi\\\/\"},\"author\":{\"name\":\"\u00c9der\",\"@id\":\"https:\\\/\\\/vanderloubet.com.br\\\/deputado\\\/#\\\/schema\\\/person\\\/15b51bd564532a8a68d9dec1b8eb890e\"},\"headline\":\"Nota de pesar pelo falecimento de Cabo Almi\",\"datePublished\":\"2021-05-25T13:00:06+00:00\",\"dateModified\":\"2021-05-25T14:45:59+00:00\",\"mainEntityOfPage\":{\"@id\":\"https:\\\/\\\/vanderloubet.com.br\\\/deputado\\\/nota-de-pesar-pelo-falecimento-de-cabo-almi\\\/\"},\"wordCount\":238,\"publisher\":{\"@id\":\"https:\\\/\\\/vanderloubet.com.br\\\/deputado\\\/#organization\"},\"image\":{\"@id\":\"https:\\\/\\\/vanderloubet.com.br\\\/deputado\\\/nota-de-pesar-pelo-falecimento-de-cabo-almi\\\/#primaryimage\"},\"thumbnailUrl\":\"https:\\\/\\\/vanderloubet.com.br\\\/deputado\\\/wp-content\\\/uploads\\\/2021\\\/05\\\/foto-2021-05-23-nota-pesar-cabo-almi.jpg\",\"keywords\":[\"cabo almi\",\"falecimento\",\"nota de pesar\"],\"articleSection\":[\"Mato Grosso do Sul\",\"Not\u00edcias\"],\"inLanguage\":\"pt-BR\"},{\"@type\":\"WebPage\",\"@id\":\"https:\\\/\\\/vanderloubet.com.br\\\/deputado\\\/nota-de-pesar-pelo-falecimento-de-cabo-almi\\\/\",\"url\":\"https:\\\/\\\/vanderloubet.com.br\\\/deputado\\\/nota-de-pesar-pelo-falecimento-de-cabo-almi\\\/\",\"name\":\"Nota de pesar pelo falecimento de Cabo Almi\",\"isPartOf\":{\"@id\":\"https:\\\/\\\/vanderloubet.com.br\\\/deputado\\\/#website\"},\"primaryImageOfPage\":{\"@id\":\"https:\\\/\\\/vanderloubet.com.br\\\/deputado\\\/nota-de-pesar-pelo-falecimento-de-cabo-almi\\\/#primaryimage\"},\"image\":{\"@id\":\"https:\\\/\\\/vanderloubet.com.br\\\/deputado\\\/nota-de-pesar-pelo-falecimento-de-cabo-almi\\\/#primaryimage\"},\"thumbnailUrl\":\"https:\\\/\\\/vanderloubet.com.br\\\/deputado\\\/wp-content\\\/uploads\\\/2021\\\/05\\\/foto-2021-05-23-nota-pesar-cabo-almi.jpg\",\"datePublished\":\"2021-05-25T13:00:06+00:00\",\"dateModified\":\"2021-05-25T14:45:59+00:00\",\"description\":\"V\u00edtima da Covid-19, o deputado estadual do PT faleceu na madrugada desta ter\u00e7a-feira (25), no Hospital da Cassems em Campo Grande.\",\"breadcrumb\":{\"@id\":\"https:\\\/\\\/vanderloubet.com.br\\\/deputado\\\/nota-de-pesar-pelo-falecimento-de-cabo-almi\\\/#breadcrumb\"},\"inLanguage\":\"pt-BR\",\"potentialAction\":[{\"@type\":\"ReadAction\",\"target\":[\"https:\\\/\\\/vanderloubet.com.br\\\/deputado\\\/nota-de-pesar-pelo-falecimento-de-cabo-almi\\\/\"]}]},{\"@type\":\"ImageObject\",\"inLanguage\":\"pt-BR\",\"@id\":\"https:\\\/\\\/vanderloubet.com.br\\\/deputado\\\/nota-de-pesar-pelo-falecimento-de-cabo-almi\\\/#primaryimage\",\"url\":\"https:\\\/\\\/vanderloubet.com.br\\\/deputado\\\/wp-content\\\/uploads\\\/2021\\\/05\\\/foto-2021-05-23-nota-pesar-cabo-almi.jpg\",\"contentUrl\":\"https:\\\/\\\/vanderloubet.com.br\\\/deputado\\\/wp-content\\\/uploads\\\/2021\\\/05\\\/foto-2021-05-23-nota-pesar-cabo-almi.jpg\",\"width\":1080,\"height\":720,\"caption\":\"Cabo Almi e Vander Loubet em 2012\"},{\"@type\":\"BreadcrumbList\",\"@id\":\"https:\\\/\\\/vanderloubet.com.br\\\/deputado\\\/nota-de-pesar-pelo-falecimento-de-cabo-almi\\\/#breadcrumb\",\"itemListElement\":[{\"@type\":\"ListItem\",\"position\":1,\"name\":\"In\u00edcio\",\"item\":\"https:\\\/\\\/vanderloubet.com.br\\\/deputado\\\/\"},{\"@type\":\"ListItem\",\"position\":2,\"name\":\"Nota de pesar pelo falecimento de Cabo Almi\"}]},{\"@type\":\"WebSite\",\"@id\":\"https:\\\/\\\/vanderloubet.com.br\\\/deputado\\\/#website\",\"url\":\"https:\\\/\\\/vanderloubet.com.br\\\/deputado\\\/\",\"name\":\"Deputado Federal Vander Loubet\",\"description\":\"O Federal de MS\",\"publisher\":{\"@id\":\"https:\\\/\\\/vanderloubet.com.br\\\/deputado\\\/#organization\"},\"alternateName\":\"Deputado Vander\",\"potentialAction\":[{\"@type\":\"SearchAction\",\"target\":{\"@type\":\"EntryPoint\",\"urlTemplate\":\"https:\\\/\\\/vanderloubet.com.br\\\/deputado\\\/?s={search_term_string}\"},\"query-input\":{\"@type\":\"PropertyValueSpecification\",\"valueRequired\":true,\"valueName\":\"search_term_string\"}}],\"inLanguage\":\"pt-BR\"},{\"@type\":\"Organization\",\"@id\":\"https:\\\/\\\/vanderloubet.com.br\\\/deputado\\\/#organization\",\"name\":\"Deputado Federal Vander Loubet\",\"alternateName\":\"Deputado Vander\",\"url\":\"https:\\\/\\\/vanderloubet.com.br\\\/deputado\\\/\",\"logo\":{\"@type\":\"ImageObject\",\"inLanguage\":\"pt-BR\",\"@id\":\"https:\\\/\\\/vanderloubet.com.br\\\/deputado\\\/#\\\/schema\\\/logo\\\/image\\\/\",\"url\":\"https:\\\/\\\/vanderloubet.com.br\\\/deputado\\\/wp-content\\\/uploads\\\/2023\\\/06\\\/foto-2023-06-19-mandato-deputado-vander.jpg\",\"contentUrl\":\"https:\\\/\\\/vanderloubet.com.br\\\/deputado\\\/wp-content\\\/uploads\\\/2023\\\/06\\\/foto-2023-06-19-mandato-deputado-vander.jpg\",\"width\":1080,\"height\":1080,\"caption\":\"Deputado Federal Vander Loubet\"},\"image\":{\"@id\":\"https:\\\/\\\/vanderloubet.com.br\\\/deputado\\\/#\\\/schema\\\/logo\\\/image\\\/\"},\"sameAs\":[\"https:\\\/\\\/facebook.com\\\/deputadovander\",\"https:\\\/\\\/x.com\\\/vanderloubet\",\"https:\\\/\\\/instagram.com\\\/vanderloubet\",\"https:\\\/\\\/youtube.com\\\/vanderloubet\",\"https:\\\/\\\/tiktok.com\\\/@vanderloubetms\"]},{\"@type\":\"Person\",\"@id\":\"https:\\\/\\\/vanderloubet.com.br\\\/deputado\\\/#\\\/schema\\\/person\\\/15b51bd564532a8a68d9dec1b8eb890e\",\"name\":\"\u00c9der\",\"image\":{\"@type\":\"ImageObject\",\"inLanguage\":\"pt-BR\",\"@id\":\"https:\\\/\\\/vanderloubet.com.br\\\/deputado\\\/wp-content\\\/litespeed\\\/avatar\\\/88ca4090d9d5ab1c9495f6ca03b68efa.jpg?ver=1777058957\",\"url\":\"https:\\\/\\\/vanderloubet.com.br\\\/deputado\\\/wp-content\\\/litespeed\\\/avatar\\\/88ca4090d9d5ab1c9495f6ca03b68efa.jpg?ver=1777058957\",\"contentUrl\":\"https:\\\/\\\/vanderloubet.com.br\\\/deputado\\\/wp-content\\\/litespeed\\\/avatar\\\/88ca4090d9d5ab1c9495f6ca03b68efa.jpg?ver=1777058957\",\"caption\":\"\u00c9der\"}}]}<\/script>\n<!-- \/ Yoast SEO plugin. -->","yoast_head_json":{"title":"Nota de pesar pelo falecimento de Cabo Almi","description":"V\u00edtima da Covid-19, o deputado estadual do PT faleceu na madrugada desta ter\u00e7a-feira (25), no Hospital da Cassems em Campo Grande.","robots":{"index":"index","follow":"follow","max-snippet":"max-snippet:-1","max-image-preview":"max-image-preview:large","max-video-preview":"max-video-preview:-1"},"canonical":"https:\/\/vanderloubet.com.br\/deputado\/nota-de-pesar-pelo-falecimento-de-cabo-almi\/","og_locale":"pt_BR","og_type":"article","og_title":"Nota de pesar pelo falecimento de Cabo Almi","og_description":"V\u00edtima da Covid-19, o deputado estadual do PT faleceu na madrugada desta ter\u00e7a-feira (25), no Hospital da Cassems em Campo Grande.","og_url":"https:\/\/vanderloubet.com.br\/deputado\/nota-de-pesar-pelo-falecimento-de-cabo-almi\/","og_site_name":"Deputado Federal Vander Loubet","article_publisher":"https:\/\/facebook.com\/deputadovander","article_published_time":"2021-05-25T13:00:06+00:00","article_modified_time":"2021-05-25T14:45:59+00:00","og_image":[{"width":1080,"height":720,"url":"https:\/\/vanderloubet.com.br\/deputado\/wp-content\/uploads\/2021\/05\/foto-2021-05-23-nota-pesar-cabo-almi.jpg","type":"image\/jpeg"}],"author":"\u00c9der","twitter_card":"summary_large_image","twitter_creator":"@vanderloubet","twitter_site":"@vanderloubet","schema":{"@context":"https:\/\/schema.org","@graph":[{"@type":"Article","@id":"https:\/\/vanderloubet.com.br\/deputado\/nota-de-pesar-pelo-falecimento-de-cabo-almi\/#article","isPartOf":{"@id":"https:\/\/vanderloubet.com.br\/deputado\/nota-de-pesar-pelo-falecimento-de-cabo-almi\/"},"author":{"name":"\u00c9der","@id":"https:\/\/vanderloubet.com.br\/deputado\/#\/schema\/person\/15b51bd564532a8a68d9dec1b8eb890e"},"headline":"Nota de pesar pelo falecimento de Cabo Almi","datePublished":"2021-05-25T13:00:06+00:00","dateModified":"2021-05-25T14:45:59+00:00","mainEntityOfPage":{"@id":"https:\/\/vanderloubet.com.br\/deputado\/nota-de-pesar-pelo-falecimento-de-cabo-almi\/"},"wordCount":238,"publisher":{"@id":"https:\/\/vanderloubet.com.br\/deputado\/#organization"},"image":{"@id":"https:\/\/vanderloubet.com.br\/deputado\/nota-de-pesar-pelo-falecimento-de-cabo-almi\/#primaryimage"},"thumbnailUrl":"https:\/\/vanderloubet.com.br\/deputado\/wp-content\/uploads\/2021\/05\/foto-2021-05-23-nota-pesar-cabo-almi.jpg","keywords":["cabo almi","falecimento","nota de pesar"],"articleSection":["Mato Grosso do Sul","Not\u00edcias"],"inLanguage":"pt-BR"},{"@type":"WebPage","@id":"https:\/\/vanderloubet.com.br\/deputado\/nota-de-pesar-pelo-falecimento-de-cabo-almi\/","url":"https:\/\/vanderloubet.com.br\/deputado\/nota-de-pesar-pelo-falecimento-de-cabo-almi\/","name":"Nota de pesar pelo falecimento de Cabo Almi","isPartOf":{"@id":"https:\/\/vanderloubet.com.br\/deputado\/#website"},"primaryImageOfPage":{"@id":"https:\/\/vanderloubet.com.br\/deputado\/nota-de-pesar-pelo-falecimento-de-cabo-almi\/#primaryimage"},"image":{"@id":"https:\/\/vanderloubet.com.br\/deputado\/nota-de-pesar-pelo-falecimento-de-cabo-almi\/#primaryimage"},"thumbnailUrl":"https:\/\/vanderloubet.com.br\/deputado\/wp-content\/uploads\/2021\/05\/foto-2021-05-23-nota-pesar-cabo-almi.jpg","datePublished":"2021-05-25T13:00:06+00:00","dateModified":"2021-05-25T14:45:59+00:00","description":"V\u00edtima da Covid-19, o deputado estadual do PT faleceu na madrugada desta ter\u00e7a-feira (25), no Hospital da Cassems em Campo Grande.","breadcrumb":{"@id":"https:\/\/vanderloubet.com.br\/deputado\/nota-de-pesar-pelo-falecimento-de-cabo-almi\/#breadcrumb"},"inLanguage":"pt-BR","potentialAction":[{"@type":"ReadAction","target":["https:\/\/vanderloubet.com.br\/deputado\/nota-de-pesar-pelo-falecimento-de-cabo-almi\/"]}]},{"@type":"ImageObject","inLanguage":"pt-BR","@id":"https:\/\/vanderloubet.com.br\/deputado\/nota-de-pesar-pelo-falecimento-de-cabo-almi\/#primaryimage","url":"https:\/\/vanderloubet.com.br\/deputado\/wp-content\/uploads\/2021\/05\/foto-2021-05-23-nota-pesar-cabo-almi.jpg","contentUrl":"https:\/\/vanderloubet.com.br\/deputado\/wp-content\/uploads\/2021\/05\/foto-2021-05-23-nota-pesar-cabo-almi.jpg","width":1080,"height":720,"caption":"Cabo Almi e Vander Loubet em 2012"},{"@type":"BreadcrumbList","@id":"https:\/\/vanderloubet.com.br\/deputado\/nota-de-pesar-pelo-falecimento-de-cabo-almi\/#breadcrumb","itemListElement":[{"@type":"ListItem","position":1,"name":"In\u00edcio","item":"https:\/\/vanderloubet.com.br\/deputado\/"},{"@type":"ListItem","position":2,"name":"Nota de pesar pelo falecimento de Cabo Almi"}]},{"@type":"WebSite","@id":"https:\/\/vanderloubet.com.br\/deputado\/#website","url":"https:\/\/vanderloubet.com.br\/deputado\/","name":"Deputado Federal Vander Loubet","description":"O Federal de MS","publisher":{"@id":"https:\/\/vanderloubet.com.br\/deputado\/#organization"},"alternateName":"Deputado Vander","potentialAction":[{"@type":"SearchAction","target":{"@type":"EntryPoint","urlTemplate":"https:\/\/vanderloubet.com.br\/deputado\/?s={search_term_string}"},"query-input":{"@type":"PropertyValueSpecification","valueRequired":true,"valueName":"search_term_string"}}],"inLanguage":"pt-BR"},{"@type":"Organization","@id":"https:\/\/vanderloubet.com.br\/deputado\/#organization","name":"Deputado Federal Vander Loubet","alternateName":"Deputado Vander","url":"https:\/\/vanderloubet.com.br\/deputado\/","logo":{"@type":"ImageObject","inLanguage":"pt-BR","@id":"https:\/\/vanderloubet.com.br\/deputado\/#\/schema\/logo\/image\/","url":"https:\/\/vanderloubet.com.br\/deputado\/wp-content\/uploads\/2023\/06\/foto-2023-06-19-mandato-deputado-vander.jpg","contentUrl":"https:\/\/vanderloubet.com.br\/deputado\/wp-content\/uploads\/2023\/06\/foto-2023-06-19-mandato-deputado-vander.jpg","width":1080,"height":1080,"caption":"Deputado Federal Vander Loubet"},"image":{"@id":"https:\/\/vanderloubet.com.br\/deputado\/#\/schema\/logo\/image\/"},"sameAs":["https:\/\/facebook.com\/deputadovander","https:\/\/x.com\/vanderloubet","https:\/\/instagram.com\/vanderloubet","https:\/\/youtube.com\/vanderloubet","https:\/\/tiktok.com\/@vanderloubetms"]},{"@type":"Person","@id":"https:\/\/vanderloubet.com.br\/deputado\/#\/schema\/person\/15b51bd564532a8a68d9dec1b8eb890e","name":"\u00c9der","image":{"@type":"ImageObject","inLanguage":"pt-BR","@id":"https:\/\/vanderloubet.com.br\/deputado\/wp-content\/litespeed\/avatar\/88ca4090d9d5ab1c9495f6ca03b68efa.jpg?ver=1777058957","url":"https:\/\/vanderloubet.com.br\/deputado\/wp-content\/litespeed\/avatar\/88ca4090d9d5ab1c9495f6ca03b68efa.jpg?ver=1777058957","contentUrl":"https:\/\/vanderloubet.com.br\/deputado\/wp-content\/litespeed\/avatar\/88ca4090d9d5ab1c9495f6ca03b68efa.jpg?ver=1777058957","caption":"\u00c9der"}}]}},"jetpack_featured_media_url":"https:\/\/vanderloubet.com.br\/deputado\/wp-content\/uploads\/2021\/05\/foto-2021-05-23-nota-pesar-cabo-almi.jpg","jetpack_sharing_enabled":true,"_links":{"self":[{"href":"https:\/\/vanderloubet.com.br\/deputado\/wp-json\/wp\/v2\/posts\/17258","targetHints":{"allow":["GET"]}}],"collection":[{"href":"https:\/\/vanderloubet.com.br\/deputado\/wp-json\/wp\/v2\/posts"}],"about":[{"href":"https:\/\/vanderloubet.com.br\/deputado\/wp-json\/wp\/v2\/types\/post"}],"author":[{"embeddable":true,"href":"https:\/\/vanderloubet.com.br\/deputado\/wp-json\/wp\/v2\/users\/2"}],"replies":[{"embeddable":true,"href":"https:\/\/vanderloubet.com.br\/deputado\/wp-json\/wp\/v2\/comments?post=17258"}],"version-history":[{"count":0,"href":"https:\/\/vanderloubet.com.br\/deputado\/wp-json\/wp\/v2\/posts\/17258\/revisions"}],"wp:featuredmedia":[{"embeddable":true,"href":"https:\/\/vanderloubet.com.br\/deputado\/wp-json\/wp\/v2\/media\/17259"}],"wp:attachment":[{"href":"https:\/\/vanderloubet.com.br\/deputado\/wp-json\/wp\/v2\/media?parent=17258"}],"wp:term":[{"taxonomy":"category","embeddable":true,"href":"https:\/\/vanderloubet.com.br\/deputado\/wp-json\/wp\/v2\/categories?post=17258"},{"taxonomy":"post_tag","embeddable":true,"href":"https:\/\/vanderloubet.com.br\/deputado\/wp-json\/wp\/v2\/tags?post=17258"}],"curies":[{"name":"wp","href":"https:\/\/api.w.org\/{rel}","templated":true}]}}