{"id":17231,"date":"2021-05-19T08:00:07","date_gmt":"2021-05-19T12:00:07","guid":{"rendered":"http:\/\/vanderloubet.com.br\/deputado\/?p=17231"},"modified":"2021-05-19T10:10:16","modified_gmt":"2021-05-19T14:10:16","slug":"vander-e-turine-vistoriam-obra-do-mercado-escola-da-ufms-e-discutem-novos-projetos","status":"publish","type":"post","link":"https:\/\/vanderloubet.com.br\/deputado\/vander-e-turine-vistoriam-obra-do-mercado-escola-da-ufms-e-discutem-novos-projetos\/","title":{"rendered":"Vander e Turine vistoriam obra do Mercado Escola da UFMS e discutem novos projetos"},"content":{"rendered":"<p>Na tarde desta ter\u00e7a-feira (18), o deputado federal Vander Loubet esteve no campus da Universidade Federal de Mato Grosso do Sul (UFMS), em Campo Grande, para uma agenda com o reitor da institui\u00e7\u00e3o, professor Marcelo Turine, na obra do projeto Mercado Escola.<\/p>\n<p>Vander e Turine vistoriaram a constru\u00e7\u00e3o, que est\u00e1 sendo erguida ao lado do Gin\u00e1sio Moreninho e foi retomada recentemente. A visita foi acompanhada pelo pr\u00f3-reitor de Extens\u00e3o, Cultura e Esporte, professor Marcelo Fernandes Pereira; pelo pr\u00f3-reitor de Administra\u00e7\u00e3o e Infraestrutura, Augusto Cesar Malheiros; pela diretora-presidente da Funda\u00e7\u00e3o de Apoio \u00e0 Pesquisa, ao Ensino e \u00e0 Cultura (Fapec), Nilde Brun; e pela gestora t\u00e9cnica do projeto do Mercado Escola, Mirian Coura Aveiro.<\/p>\n<p>Na ocasi\u00e3o, o deputado, o reitor e a diretora-presidente da Fapec aproveitaram para discutir novos projetos com o envolvimento da Universidade e financiamento por meio de emendas parlamentares. Entre eles, um projeto para implanta\u00e7\u00e3o de unidades fotovoltaicas em assentamentos rurais com a finalidade de fornecer energia el\u00e9trica para o funcionamento de sistemas de abastecimento de \u00e1gua.<\/p>\n<p>&#8220;Vejo como fundamental essa integra\u00e7\u00e3o entre o conhecimento cient\u00edfico e t\u00e9cnico que \u00e9 produzido nas nossas universidades p\u00fablicas e as demandas da popula\u00e7\u00e3o, principalmente de comunidades que s\u00e3o carentes de tecnologia. Por isso, acredito no potencial da UFMS e na capacidade que ela tem de transformar a realidade das comunidades que s\u00e3o atendidas por projetos como esse, do Mercado Escola. \u00c9 importante que esse tipo de a\u00e7\u00e3o seja ampliada&#8221;, defende o parlamentar pantaneiro.<\/p>\n<p>&#8220;O Mercado Escola \u00e9 estrat\u00e9gico, por isso a UFMS est\u00e1 contribuindo com esse projeto para fortalecer as cooperativas de pequenos produtores&#8221;, disse o reitor Turine. Segundo ele, a parceria com a bancada federal, o Minist\u00e9rio da Agricultura, Pecu\u00e1ria e Abastecimento (Mapa) e a Fapec ser\u00e1 um modelo de refer\u00eancia para assist\u00eancia t\u00e9cnica e comercializa\u00e7\u00e3o para pequenos produtores do Brasil.<\/p>\n<p><strong>Boas pr\u00e1ticas<\/strong> &#8211; O Mercado Escola da UFMS ser\u00e1 um espa\u00e7o voltado para agricultores familiares e pequenos produtores com o objetivo de discutir a melhoria na produ\u00e7\u00e3o e comercializa\u00e7\u00e3o de alimentos org\u00e2nicos. Al\u00e9m de ensinar boas pr\u00e1ticas para produ\u00e7\u00e3o de alimentos saud\u00e1veis, abrigar\u00e1 o &#8220;Projeto Semente &#8211; Feira Agroecol\u00f3gica e Economia Criativa&#8221;, conhecida carinhosamente pela comunidade como &#8220;Feirinha da UFMS&#8221;, que hoje funciona no corredor central do campus da Capital.<\/p>\n<p>O projeto do Mercado Escola tem custo estimado de R$ 5 milh\u00f5es, dos quais R$ 3 milh\u00f5es foram viabilizados por meio de emendas parlamentares do deputado federal Vander Loubet e do ex-deputado federal Zeca do PT.<\/p>\n<p>Gerenciada pela Fapec, a obra de 2.500 metros quadrados foi iniciada no primeiro semestre de 2017. O pr\u00e9dio principal est\u00e1 quase pronto, restando a parte de acabamentos. Com a retomada da constru\u00e7\u00e3o este ano, as obras agora se concentram na \u00e1rea coberta que abrigar\u00e1 a &#8220;Feirinha&#8221; e cuja previs\u00e3o de entrega \u00e9 de 90 dias.<\/p>\n<p><em>Texto: \u00c9der F. Yanaguita<\/em><br \/>\n<em>Fotos: Leandro Benites<\/em><\/p>\n\r\n                <style type=\"text\/css\">\r\n                    \r\n                    #tdi_1  .td-doubleSlider-2 .td-item1 {\r\n                        background: url(https:\/\/vanderloubet.com.br\/deputado\/wp-content\/uploads\/2021\/05\/foto-2021-05-18-obra-mercado-escola-01-80x60.jpg) 0 0 no-repeat;\r\n                    }\r\n                    #tdi_1  .td-doubleSlider-2 .td-item2 {\r\n                        background: url(https:\/\/vanderloubet.com.br\/deputado\/wp-content\/uploads\/2021\/05\/foto-2021-05-18-obra-mercado-escola-02-80x60.jpg) 0 0 no-repeat;\r\n                    }\r\n                    #tdi_1  .td-doubleSlider-2 .td-item3 {\r\n                        background: url(https:\/\/vanderloubet.com.br\/deputado\/wp-content\/uploads\/2021\/05\/foto-2021-05-18-obra-mercado-escola-03-80x60.jpg) 0 0 no-repeat;\r\n                    }\r\n                    #tdi_1  .td-doubleSlider-2 .td-item4 {\r\n                        background: url(https:\/\/vanderloubet.com.br\/deputado\/wp-content\/uploads\/2021\/05\/foto-2021-05-18-obra-mercado-escola-04-80x60.jpg) 0 0 no-repeat;\r\n                    }\r\n                    #tdi_1  .td-doubleSlider-2 .td-item5 {\r\n                        background: url(https:\/\/vanderloubet.com.br\/deputado\/wp-content\/uploads\/2021\/05\/foto-2021-05-18-obra-mercado-escola-05-80x60.jpg) 0 0 no-repeat;\r\n                    }\r\n                    #tdi_1  .td-doubleSlider-2 .td-item6 {\r\n                        background: url(https:\/\/vanderloubet.com.br\/deputado\/wp-content\/uploads\/2021\/05\/foto-2021-05-18-obra-mercado-escola-06-80x60.jpg) 0 0 no-repeat;\r\n                    }\r\n                <\/style>\r\n\r\n                <div id=\"tdi_1\" class=\"td-gallery td-slide-on-2-columns\">\r\n                    <div class=\"post_td_gallery\">\r\n                        <div class=\"td-gallery-slide-top\">\r\n                           <div class=\"td-gallery-title\"><\/div>\r\n\r\n                            <div class=\"td-gallery-controls-wrapper\">\r\n                                <div class=\"td-gallery-slide-count\"><span class=\"td-gallery-slide-item-focus\">1<\/span> de 6<\/div>\r\n                                <div class=\"td-gallery-slide-prev-next-but\">\r\n                                    <i class = \"td-icon-left doubleSliderPrevButton\"><\/i>\r\n                                    <i class = \"td-icon-right doubleSliderNextButton\"><\/i>\r\n                                <\/div>\r\n                            <\/div>\r\n                        <\/div>\r\n\r\n                        <div class = \"td-doubleSlider-1 \">\r\n                            <div class = \"td-slider\">\r\n                                \r\n                    <div class = \"td-slide-item td-item1\">\r\n                        <figure class=\"td-slide-galery-figure td-slide-popup-gallery\">\r\n                            <a class=\"slide-gallery-image-link\" href=\"https:\/\/vanderloubet.com.br\/deputado\/wp-content\/uploads\/2021\/05\/foto-2021-05-18-obra-mercado-escola-01.jpg\" title=\"Deputado Vander e reitor Turine vistoriam obra do Mercado Escola e discutem novos projetos\"  data-caption=\"\"  data-description=\"Deputado Vander e reitor Turine vistoriam obra do Mercado Escola e discutem novos projetos\">\r\n                                <img decoding=\"async\" src=\"https:\/\/vanderloubet.com.br\/deputado\/wp-content\/uploads\/2021\/05\/foto-2021-05-18-obra-mercado-escola-01-690x420.jpg\" srcset=\"https:\/\/vanderloubet.com.br\/deputado\/wp-content\/uploads\/2021\/05\/foto-2021-05-18-obra-mercado-escola-01-690x420.jpg 690w, https:\/\/vanderloubet.com.br\/deputado\/wp-content\/uploads\/2021\/05\/foto-2021-05-18-obra-mercado-escola-01-350x213.jpg 350w, https:\/\/vanderloubet.com.br\/deputado\/wp-content\/uploads\/2021\/05\/foto-2021-05-18-obra-mercado-escola-01-768x467.jpg 768w, https:\/\/vanderloubet.com.br\/deputado\/wp-content\/uploads\/2021\/05\/foto-2021-05-18-obra-mercado-escola-01-700x426.jpg 700w, https:\/\/vanderloubet.com.br\/deputado\/wp-content\/uploads\/2021\/05\/foto-2021-05-18-obra-mercado-escola-01-696x424.jpg 696w, https:\/\/vanderloubet.com.br\/deputado\/wp-content\/uploads\/2021\/05\/foto-2021-05-18-obra-mercado-escola-01-1068x650.jpg 1068w, https:\/\/vanderloubet.com.br\/deputado\/wp-content\/uploads\/2021\/05\/foto-2021-05-18-obra-mercado-escola-01.jpg 1280w\" sizes=\"(max-width: 690px) 100vw, 690px\" alt=\"Deputado Vander e reitor Turine vistoriam obra do Mercado Escola e discutem novos projetos\">\r\n                            <\/a>\r\n                            <figcaption class = \"td-slide-caption td-gallery-slide-content\"><span>Deputado Vander e reitor Turine vistoriam obra do Mercado Escola e discutem novos projetos<\/span><\/figcaption>\r\n                        <\/figure>\r\n                    <\/div>\r\n                    <div class = \"td-slide-item td-item2\">\r\n                        <figure class=\"td-slide-galery-figure td-slide-popup-gallery\">\r\n                            <a class=\"slide-gallery-image-link\" href=\"https:\/\/vanderloubet.com.br\/deputado\/wp-content\/uploads\/2021\/05\/foto-2021-05-18-obra-mercado-escola-02.jpg\" title=\"Deputado Vander e reitor Turine vistoriam obra do Mercado Escola e discutem novos projetos\"  data-caption=\"\"  data-description=\"Deputado Vander e reitor Turine vistoriam obra do Mercado Escola e discutem novos projetos\">\r\n                                <img decoding=\"async\" src=\"https:\/\/vanderloubet.com.br\/deputado\/wp-content\/uploads\/2021\/05\/foto-2021-05-18-obra-mercado-escola-02-586x420.jpg\" srcset=\"https:\/\/vanderloubet.com.br\/deputado\/wp-content\/uploads\/2021\/05\/foto-2021-05-18-obra-mercado-escola-02-586x420.jpg 586w, https:\/\/vanderloubet.com.br\/deputado\/wp-content\/uploads\/2021\/05\/foto-2021-05-18-obra-mercado-escola-02-350x251.jpg 350w, https:\/\/vanderloubet.com.br\/deputado\/wp-content\/uploads\/2021\/05\/foto-2021-05-18-obra-mercado-escola-02-768x550.jpg 768w, https:\/\/vanderloubet.com.br\/deputado\/wp-content\/uploads\/2021\/05\/foto-2021-05-18-obra-mercado-escola-02-700x501.jpg 700w, https:\/\/vanderloubet.com.br\/deputado\/wp-content\/uploads\/2021\/05\/foto-2021-05-18-obra-mercado-escola-02-696x499.jpg 696w, https:\/\/vanderloubet.com.br\/deputado\/wp-content\/uploads\/2021\/05\/foto-2021-05-18-obra-mercado-escola-02-1068x765.jpg 1068w, https:\/\/vanderloubet.com.br\/deputado\/wp-content\/uploads\/2021\/05\/foto-2021-05-18-obra-mercado-escola-02.jpg 1280w\" sizes=\"(max-width: 586px) 100vw, 586px\" alt=\"Deputado Vander e reitor Turine vistoriam obra do Mercado Escola e discutem novos projetos\">\r\n                            <\/a>\r\n                            <figcaption class = \"td-slide-caption td-gallery-slide-content\"><span>Deputado Vander e reitor Turine vistoriam obra do Mercado Escola e discutem novos projetos<\/span><\/figcaption>\r\n                        <\/figure>\r\n                    <\/div>\r\n                    <div class = \"td-slide-item td-item3\">\r\n                        <figure class=\"td-slide-galery-figure td-slide-popup-gallery\">\r\n                            <a class=\"slide-gallery-image-link\" href=\"https:\/\/vanderloubet.com.br\/deputado\/wp-content\/uploads\/2021\/05\/foto-2021-05-18-obra-mercado-escola-03.jpg\" title=\"Deputado Vander e reitor Turine vistoriam obra do Mercado Escola e discutem novos projetos\"  data-caption=\"\"  data-description=\"Deputado Vander e reitor Turine vistoriam obra do Mercado Escola e discutem novos projetos\">\r\n                                <img decoding=\"async\" src=\"https:\/\/vanderloubet.com.br\/deputado\/wp-content\/uploads\/2021\/05\/foto-2021-05-18-obra-mercado-escola-03-654x420.jpg\" srcset=\"https:\/\/vanderloubet.com.br\/deputado\/wp-content\/uploads\/2021\/05\/foto-2021-05-18-obra-mercado-escola-03-654x420.jpg 654w, https:\/\/vanderloubet.com.br\/deputado\/wp-content\/uploads\/2021\/05\/foto-2021-05-18-obra-mercado-escola-03-350x225.jpg 350w, https:\/\/vanderloubet.com.br\/deputado\/wp-content\/uploads\/2021\/05\/foto-2021-05-18-obra-mercado-escola-03-768x493.jpg 768w, https:\/\/vanderloubet.com.br\/deputado\/wp-content\/uploads\/2021\/05\/foto-2021-05-18-obra-mercado-escola-03-700x450.jpg 700w, https:\/\/vanderloubet.com.br\/deputado\/wp-content\/uploads\/2021\/05\/foto-2021-05-18-obra-mercado-escola-03-696x447.jpg 696w, https:\/\/vanderloubet.com.br\/deputado\/wp-content\/uploads\/2021\/05\/foto-2021-05-18-obra-mercado-escola-03-1068x686.jpg 1068w, https:\/\/vanderloubet.com.br\/deputado\/wp-content\/uploads\/2021\/05\/foto-2021-05-18-obra-mercado-escola-03.jpg 1280w\" sizes=\"(max-width: 654px) 100vw, 654px\" alt=\"Deputado Vander e reitor Turine vistoriam obra do Mercado Escola e discutem novos projetos\">\r\n                            <\/a>\r\n                            <figcaption class = \"td-slide-caption td-gallery-slide-content\"><span>Deputado Vander e reitor Turine vistoriam obra do Mercado Escola e discutem novos projetos<\/span><\/figcaption>\r\n                        <\/figure>\r\n                    <\/div>\r\n                    <div class = \"td-slide-item td-item4\">\r\n                        <figure class=\"td-slide-galery-figure td-slide-popup-gallery\">\r\n                            <a class=\"slide-gallery-image-link\" href=\"https:\/\/vanderloubet.com.br\/deputado\/wp-content\/uploads\/2021\/05\/foto-2021-05-18-obra-mercado-escola-04.jpg\" title=\"Deputado Vander e reitor Turine vistoriam obra do Mercado Escola e discutem novos projetos\"  data-caption=\"\"  data-description=\"Deputado Vander e reitor Turine vistoriam obra do Mercado Escola e discutem novos projetos\">\r\n                                <img decoding=\"async\" src=\"https:\/\/vanderloubet.com.br\/deputado\/wp-content\/uploads\/2021\/05\/foto-2021-05-18-obra-mercado-escola-04-722x420.jpg\" srcset=\"https:\/\/vanderloubet.com.br\/deputado\/wp-content\/uploads\/2021\/05\/foto-2021-05-18-obra-mercado-escola-04-722x420.jpg 722w, https:\/\/vanderloubet.com.br\/deputado\/wp-content\/uploads\/2021\/05\/foto-2021-05-18-obra-mercado-escola-04-350x204.jpg 350w, https:\/\/vanderloubet.com.br\/deputado\/wp-content\/uploads\/2021\/05\/foto-2021-05-18-obra-mercado-escola-04-768x447.jpg 768w, https:\/\/vanderloubet.com.br\/deputado\/wp-content\/uploads\/2021\/05\/foto-2021-05-18-obra-mercado-escola-04-700x407.jpg 700w, https:\/\/vanderloubet.com.br\/deputado\/wp-content\/uploads\/2021\/05\/foto-2021-05-18-obra-mercado-escola-04-696x405.jpg 696w, https:\/\/vanderloubet.com.br\/deputado\/wp-content\/uploads\/2021\/05\/foto-2021-05-18-obra-mercado-escola-04-1068x622.jpg 1068w, https:\/\/vanderloubet.com.br\/deputado\/wp-content\/uploads\/2021\/05\/foto-2021-05-18-obra-mercado-escola-04.jpg 1280w\" sizes=\"(max-width: 722px) 100vw, 722px\" alt=\"Deputado Vander e reitor Turine vistoriam obra do Mercado Escola e discutem novos projetos\">\r\n                            <\/a>\r\n                            <figcaption class = \"td-slide-caption td-gallery-slide-content\"><span>Deputado Vander e reitor Turine vistoriam obra do Mercado Escola e discutem novos projetos<\/span><\/figcaption>\r\n                        <\/figure>\r\n                    <\/div>\r\n                    <div class = \"td-slide-item td-item5\">\r\n                        <figure class=\"td-slide-galery-figure td-slide-popup-gallery\">\r\n                            <a class=\"slide-gallery-image-link\" href=\"https:\/\/vanderloubet.com.br\/deputado\/wp-content\/uploads\/2021\/05\/foto-2021-05-18-obra-mercado-escola-05.jpg\" title=\"Deputado Vander e reitor Turine vistoriam obra do Mercado Escola e discutem novos projetos\"  data-caption=\"\"  data-description=\"Deputado Vander e reitor Turine vistoriam obra do Mercado Escola e discutem novos projetos\">\r\n                                <img decoding=\"async\" src=\"https:\/\/vanderloubet.com.br\/deputado\/wp-content\/uploads\/2021\/05\/foto-2021-05-18-obra-mercado-escola-05-632x420.jpg\" srcset=\"https:\/\/vanderloubet.com.br\/deputado\/wp-content\/uploads\/2021\/05\/foto-2021-05-18-obra-mercado-escola-05-632x420.jpg 632w, https:\/\/vanderloubet.com.br\/deputado\/wp-content\/uploads\/2021\/05\/foto-2021-05-18-obra-mercado-escola-05-350x232.jpg 350w, https:\/\/vanderloubet.com.br\/deputado\/wp-content\/uploads\/2021\/05\/foto-2021-05-18-obra-mercado-escola-05-768x510.jpg 768w, https:\/\/vanderloubet.com.br\/deputado\/wp-content\/uploads\/2021\/05\/foto-2021-05-18-obra-mercado-escola-05-700x465.jpg 700w, https:\/\/vanderloubet.com.br\/deputado\/wp-content\/uploads\/2021\/05\/foto-2021-05-18-obra-mercado-escola-05-696x462.jpg 696w, https:\/\/vanderloubet.com.br\/deputado\/wp-content\/uploads\/2021\/05\/foto-2021-05-18-obra-mercado-escola-05-1068x709.jpg 1068w, https:\/\/vanderloubet.com.br\/deputado\/wp-content\/uploads\/2021\/05\/foto-2021-05-18-obra-mercado-escola-05.jpg 1280w\" sizes=\"(max-width: 632px) 100vw, 632px\" alt=\"Deputado Vander e reitor Turine vistoriam obra do Mercado Escola e discutem novos projetos\">\r\n                            <\/a>\r\n                            <figcaption class = \"td-slide-caption td-gallery-slide-content\"><span>Deputado Vander e reitor Turine vistoriam obra do Mercado Escola e discutem novos projetos<\/span><\/figcaption>\r\n                        <\/figure>\r\n                    <\/div>\r\n                    <div class = \"td-slide-item td-item6\">\r\n                        <figure class=\"td-slide-galery-figure td-slide-popup-gallery\">\r\n                            <a class=\"slide-gallery-image-link\" href=\"https:\/\/vanderloubet.com.br\/deputado\/wp-content\/uploads\/2021\/05\/foto-2021-05-18-obra-mercado-escola-06.jpg\" title=\"Deputado Vander e reitor Turine vistoriam obra do Mercado Escola e discutem novos projetos\"  data-caption=\"\"  data-description=\"Deputado Vander e reitor Turine vistoriam obra do Mercado Escola e discutem novos projetos\">\r\n                                <img decoding=\"async\" src=\"https:\/\/vanderloubet.com.br\/deputado\/wp-content\/uploads\/2021\/05\/foto-2021-05-18-obra-mercado-escola-06-630x420.jpg\" srcset=\"https:\/\/vanderloubet.com.br\/deputado\/wp-content\/uploads\/2021\/05\/foto-2021-05-18-obra-mercado-escola-06-630x420.jpg 630w, https:\/\/vanderloubet.com.br\/deputado\/wp-content\/uploads\/2021\/05\/foto-2021-05-18-obra-mercado-escola-06-350x233.jpg 350w, https:\/\/vanderloubet.com.br\/deputado\/wp-content\/uploads\/2021\/05\/foto-2021-05-18-obra-mercado-escola-06-768x512.jpg 768w, https:\/\/vanderloubet.com.br\/deputado\/wp-content\/uploads\/2021\/05\/foto-2021-05-18-obra-mercado-escola-06-700x466.jpg 700w, https:\/\/vanderloubet.com.br\/deputado\/wp-content\/uploads\/2021\/05\/foto-2021-05-18-obra-mercado-escola-06-696x464.jpg 696w, https:\/\/vanderloubet.com.br\/deputado\/wp-content\/uploads\/2021\/05\/foto-2021-05-18-obra-mercado-escola-06-1068x712.jpg 1068w, https:\/\/vanderloubet.com.br\/deputado\/wp-content\/uploads\/2021\/05\/foto-2021-05-18-obra-mercado-escola-06.jpg 1280w\" sizes=\"(max-width: 630px) 100vw, 630px\" alt=\"Deputado Vander e reitor Turine vistoriam obra do Mercado Escola e discutem novos projetos\">\r\n                            <\/a>\r\n                            <figcaption class = \"td-slide-caption td-gallery-slide-content\"><span>Deputado Vander e reitor Turine vistoriam obra do Mercado Escola e discutem novos projetos<\/span><\/figcaption>\r\n                        <\/figure>\r\n                    <\/div>\r\n                            <\/div>\r\n                        <\/div>\r\n\r\n                        <div class = \"td-doubleSlider-2\">\r\n                            <div class = \"td-slider\">\r\n                                \r\n                    <div class = \"td-button td-item1\">\r\n                        <div class = \"td-border\"><\/div>\r\n                    <\/div>\r\n                    <div class = \"td-button td-item2\">\r\n                        <div class = \"td-border\"><\/div>\r\n                    <\/div>\r\n                    <div class = \"td-button td-item3\">\r\n                        <div class = \"td-border\"><\/div>\r\n                    <\/div>\r\n                    <div class = \"td-button td-item4\">\r\n                        <div class = \"td-border\"><\/div>\r\n                    <\/div>\r\n                    <div class = \"td-button td-item5\">\r\n                        <div class = \"td-border\"><\/div>\r\n                    <\/div>\r\n                    <div class = \"td-button td-item6\">\r\n                        <div class = \"td-border\"><\/div>\r\n                    <\/div>\r\n                            <\/div>\r\n                        <\/div>\r\n\r\n                    <\/div>\r\n\r\n                <\/div>\r\n                \n","protected":false},"excerpt":{"rendered":"<p>Projeto do da UFMS recebeu R$ 3 milh\u00f5es por meio de emendas parlamentares do deputado Vander e do ex-deputado Zeca do PT.<\/p>\n","protected":false},"author":2,"featured_media":17237,"comment_status":"closed","ping_status":"closed","sticky":false,"template":"","format":"standard","meta":{"jetpack_post_was_ever_published":false,"_jetpack_newsletter_access":"","_jetpack_dont_email_post_to_subs":false,"_jetpack_newsletter_tier_id":0,"_jetpack_memberships_contains_paywalled_content":false,"_jetpack_memberships_contains_paid_content":false,"footnotes":""},"categories":[2099,10],"tags":[2132,697,2327,2446],"class_list":{"0":"post-17231","1":"post","2":"type-post","3":"status-publish","4":"format-standard","5":"has-post-thumbnail","7":"category-ms-noticias","8":"category-noticias","9":"tag-agricultura-familiar","10":"tag-educacao","11":"tag-ensino-superior","12":"tag-pesquisa-e-extensao"},"yoast_head":"<!-- This site is optimized with the Yoast SEO plugin v27.4 - https:\/\/yoast.com\/product\/yoast-seo-wordpress\/ -->\n<title>Vander e Turine vistoriam obra do Mercado Escola da UFMS e discutem novos projetos<\/title>\n<meta name=\"description\" content=\"Projeto do Mercado Escola recebeu R$ 3 milh\u00f5es por meio de emendas parlamentares do deputado Vander e do ex-deputado Zeca do PT.\" \/>\n<meta name=\"robots\" content=\"index, follow, max-snippet:-1, max-image-preview:large, max-video-preview:-1\" \/>\n<link rel=\"canonical\" href=\"https:\/\/vanderloubet.com.br\/deputado\/vander-e-turine-vistoriam-obra-do-mercado-escola-da-ufms-e-discutem-novos-projetos\/\" \/>\n<meta property=\"og:locale\" content=\"pt_BR\" \/>\n<meta property=\"og:type\" content=\"article\" \/>\n<meta property=\"og:title\" content=\"Vander e Turine vistoriam obra do Mercado Escola da UFMS e discutem novos projetos\" \/>\n<meta property=\"og:description\" content=\"Projeto do Mercado Escola recebeu R$ 3 milh\u00f5es por meio de emendas parlamentares do deputado Vander e do ex-deputado Zeca do PT.\" \/>\n<meta property=\"og:url\" content=\"https:\/\/vanderloubet.com.br\/deputado\/vander-e-turine-vistoriam-obra-do-mercado-escola-da-ufms-e-discutem-novos-projetos\/\" \/>\n<meta property=\"og:site_name\" content=\"Deputado Federal Vander Loubet\" \/>\n<meta property=\"article:publisher\" content=\"https:\/\/facebook.com\/deputadovander\" \/>\n<meta property=\"article:published_time\" content=\"2021-05-19T12:00:07+00:00\" \/>\n<meta property=\"article:modified_time\" content=\"2021-05-19T14:10:16+00:00\" \/>\n<meta property=\"og:image\" content=\"https:\/\/vanderloubet.com.br\/deputado\/wp-content\/uploads\/2021\/05\/foto-2021-05-18-obra-mercado-escola-06.jpg\" \/>\n\t<meta property=\"og:image:width\" content=\"1280\" \/>\n\t<meta property=\"og:image:height\" content=\"853\" \/>\n\t<meta property=\"og:image:type\" content=\"image\/jpeg\" \/>\n<meta name=\"author\" content=\"\u00c9der\" \/>\n<meta name=\"twitter:card\" content=\"summary_large_image\" \/>\n<meta name=\"twitter:creator\" content=\"@vanderloubet\" \/>\n<meta name=\"twitter:site\" content=\"@vanderloubet\" \/>\n<script type=\"application\/ld+json\" class=\"yoast-schema-graph\">{\"@context\":\"https:\\\/\\\/schema.org\",\"@graph\":[{\"@type\":\"Article\",\"@id\":\"https:\\\/\\\/vanderloubet.com.br\\\/deputado\\\/vander-e-turine-vistoriam-obra-do-mercado-escola-da-ufms-e-discutem-novos-projetos\\\/#article\",\"isPartOf\":{\"@id\":\"https:\\\/\\\/vanderloubet.com.br\\\/deputado\\\/vander-e-turine-vistoriam-obra-do-mercado-escola-da-ufms-e-discutem-novos-projetos\\\/\"},\"author\":{\"name\":\"\u00c9der\",\"@id\":\"https:\\\/\\\/vanderloubet.com.br\\\/deputado\\\/#\\\/schema\\\/person\\\/15b51bd564532a8a68d9dec1b8eb890e\"},\"headline\":\"Vander e Turine vistoriam obra do Mercado Escola da UFMS e discutem novos projetos\",\"datePublished\":\"2021-05-19T12:00:07+00:00\",\"dateModified\":\"2021-05-19T14:10:16+00:00\",\"mainEntityOfPage\":{\"@id\":\"https:\\\/\\\/vanderloubet.com.br\\\/deputado\\\/vander-e-turine-vistoriam-obra-do-mercado-escola-da-ufms-e-discutem-novos-projetos\\\/\"},\"wordCount\":523,\"publisher\":{\"@id\":\"https:\\\/\\\/vanderloubet.com.br\\\/deputado\\\/#organization\"},\"image\":{\"@id\":\"https:\\\/\\\/vanderloubet.com.br\\\/deputado\\\/vander-e-turine-vistoriam-obra-do-mercado-escola-da-ufms-e-discutem-novos-projetos\\\/#primaryimage\"},\"thumbnailUrl\":\"https:\\\/\\\/vanderloubet.com.br\\\/deputado\\\/wp-content\\\/uploads\\\/2021\\\/05\\\/foto-2021-05-18-obra-mercado-escola-06.jpg\",\"keywords\":[\"agricultura familiar\",\"educa\u00e7\u00e3o\",\"ensino superior\",\"pesquisa e extens\u00e3o\"],\"articleSection\":[\"Mato Grosso do Sul\",\"Not\u00edcias\"],\"inLanguage\":\"pt-BR\"},{\"@type\":\"WebPage\",\"@id\":\"https:\\\/\\\/vanderloubet.com.br\\\/deputado\\\/vander-e-turine-vistoriam-obra-do-mercado-escola-da-ufms-e-discutem-novos-projetos\\\/\",\"url\":\"https:\\\/\\\/vanderloubet.com.br\\\/deputado\\\/vander-e-turine-vistoriam-obra-do-mercado-escola-da-ufms-e-discutem-novos-projetos\\\/\",\"name\":\"Vander e Turine vistoriam obra do Mercado Escola da UFMS e discutem novos projetos\",\"isPartOf\":{\"@id\":\"https:\\\/\\\/vanderloubet.com.br\\\/deputado\\\/#website\"},\"primaryImageOfPage\":{\"@id\":\"https:\\\/\\\/vanderloubet.com.br\\\/deputado\\\/vander-e-turine-vistoriam-obra-do-mercado-escola-da-ufms-e-discutem-novos-projetos\\\/#primaryimage\"},\"image\":{\"@id\":\"https:\\\/\\\/vanderloubet.com.br\\\/deputado\\\/vander-e-turine-vistoriam-obra-do-mercado-escola-da-ufms-e-discutem-novos-projetos\\\/#primaryimage\"},\"thumbnailUrl\":\"https:\\\/\\\/vanderloubet.com.br\\\/deputado\\\/wp-content\\\/uploads\\\/2021\\\/05\\\/foto-2021-05-18-obra-mercado-escola-06.jpg\",\"datePublished\":\"2021-05-19T12:00:07+00:00\",\"dateModified\":\"2021-05-19T14:10:16+00:00\",\"description\":\"Projeto do Mercado Escola recebeu R$ 3 milh\u00f5es por meio de emendas parlamentares do deputado Vander e do ex-deputado Zeca do PT.\",\"breadcrumb\":{\"@id\":\"https:\\\/\\\/vanderloubet.com.br\\\/deputado\\\/vander-e-turine-vistoriam-obra-do-mercado-escola-da-ufms-e-discutem-novos-projetos\\\/#breadcrumb\"},\"inLanguage\":\"pt-BR\",\"potentialAction\":[{\"@type\":\"ReadAction\",\"target\":[\"https:\\\/\\\/vanderloubet.com.br\\\/deputado\\\/vander-e-turine-vistoriam-obra-do-mercado-escola-da-ufms-e-discutem-novos-projetos\\\/\"]}]},{\"@type\":\"ImageObject\",\"inLanguage\":\"pt-BR\",\"@id\":\"https:\\\/\\\/vanderloubet.com.br\\\/deputado\\\/vander-e-turine-vistoriam-obra-do-mercado-escola-da-ufms-e-discutem-novos-projetos\\\/#primaryimage\",\"url\":\"https:\\\/\\\/vanderloubet.com.br\\\/deputado\\\/wp-content\\\/uploads\\\/2021\\\/05\\\/foto-2021-05-18-obra-mercado-escola-06.jpg\",\"contentUrl\":\"https:\\\/\\\/vanderloubet.com.br\\\/deputado\\\/wp-content\\\/uploads\\\/2021\\\/05\\\/foto-2021-05-18-obra-mercado-escola-06.jpg\",\"width\":1280,\"height\":853,\"caption\":\"Deputado Vander e reitor Turine vistoriam obra do Mercado Escola e discutem novos projetos\"},{\"@type\":\"BreadcrumbList\",\"@id\":\"https:\\\/\\\/vanderloubet.com.br\\\/deputado\\\/vander-e-turine-vistoriam-obra-do-mercado-escola-da-ufms-e-discutem-novos-projetos\\\/#breadcrumb\",\"itemListElement\":[{\"@type\":\"ListItem\",\"position\":1,\"name\":\"In\u00edcio\",\"item\":\"https:\\\/\\\/vanderloubet.com.br\\\/deputado\\\/\"},{\"@type\":\"ListItem\",\"position\":2,\"name\":\"Vander e Turine vistoriam obra do Mercado Escola da UFMS e discutem novos projetos\"}]},{\"@type\":\"WebSite\",\"@id\":\"https:\\\/\\\/vanderloubet.com.br\\\/deputado\\\/#website\",\"url\":\"https:\\\/\\\/vanderloubet.com.br\\\/deputado\\\/\",\"name\":\"Deputado Federal Vander Loubet\",\"description\":\"O Federal de MS\",\"publisher\":{\"@id\":\"https:\\\/\\\/vanderloubet.com.br\\\/deputado\\\/#organization\"},\"alternateName\":\"Deputado Vander\",\"potentialAction\":[{\"@type\":\"SearchAction\",\"target\":{\"@type\":\"EntryPoint\",\"urlTemplate\":\"https:\\\/\\\/vanderloubet.com.br\\\/deputado\\\/?s={search_term_string}\"},\"query-input\":{\"@type\":\"PropertyValueSpecification\",\"valueRequired\":true,\"valueName\":\"search_term_string\"}}],\"inLanguage\":\"pt-BR\"},{\"@type\":\"Organization\",\"@id\":\"https:\\\/\\\/vanderloubet.com.br\\\/deputado\\\/#organization\",\"name\":\"Deputado Federal Vander Loubet\",\"alternateName\":\"Deputado Vander\",\"url\":\"https:\\\/\\\/vanderloubet.com.br\\\/deputado\\\/\",\"logo\":{\"@type\":\"ImageObject\",\"inLanguage\":\"pt-BR\",\"@id\":\"https:\\\/\\\/vanderloubet.com.br\\\/deputado\\\/#\\\/schema\\\/logo\\\/image\\\/\",\"url\":\"https:\\\/\\\/vanderloubet.com.br\\\/deputado\\\/wp-content\\\/uploads\\\/2023\\\/06\\\/foto-2023-06-19-mandato-deputado-vander.jpg\",\"contentUrl\":\"https:\\\/\\\/vanderloubet.com.br\\\/deputado\\\/wp-content\\\/uploads\\\/2023\\\/06\\\/foto-2023-06-19-mandato-deputado-vander.jpg\",\"width\":1080,\"height\":1080,\"caption\":\"Deputado Federal Vander Loubet\"},\"image\":{\"@id\":\"https:\\\/\\\/vanderloubet.com.br\\\/deputado\\\/#\\\/schema\\\/logo\\\/image\\\/\"},\"sameAs\":[\"https:\\\/\\\/facebook.com\\\/deputadovander\",\"https:\\\/\\\/x.com\\\/vanderloubet\",\"https:\\\/\\\/instagram.com\\\/vanderloubet\",\"https:\\\/\\\/youtube.com\\\/vanderloubet\",\"https:\\\/\\\/tiktok.com\\\/@vanderloubetms\"]},{\"@type\":\"Person\",\"@id\":\"https:\\\/\\\/vanderloubet.com.br\\\/deputado\\\/#\\\/schema\\\/person\\\/15b51bd564532a8a68d9dec1b8eb890e\",\"name\":\"\u00c9der\",\"image\":{\"@type\":\"ImageObject\",\"inLanguage\":\"pt-BR\",\"@id\":\"https:\\\/\\\/vanderloubet.com.br\\\/deputado\\\/wp-content\\\/litespeed\\\/avatar\\\/88ca4090d9d5ab1c9495f6ca03b68efa.jpg?ver=1777058957\",\"url\":\"https:\\\/\\\/vanderloubet.com.br\\\/deputado\\\/wp-content\\\/litespeed\\\/avatar\\\/88ca4090d9d5ab1c9495f6ca03b68efa.jpg?ver=1777058957\",\"contentUrl\":\"https:\\\/\\\/vanderloubet.com.br\\\/deputado\\\/wp-content\\\/litespeed\\\/avatar\\\/88ca4090d9d5ab1c9495f6ca03b68efa.jpg?ver=1777058957\",\"caption\":\"\u00c9der\"}}]}<\/script>\n<!-- \/ Yoast SEO plugin. -->","yoast_head_json":{"title":"Vander e Turine vistoriam obra do Mercado Escola da UFMS e discutem novos projetos","description":"Projeto do Mercado Escola recebeu R$ 3 milh\u00f5es por meio de emendas parlamentares do deputado Vander e do ex-deputado Zeca do PT.","robots":{"index":"index","follow":"follow","max-snippet":"max-snippet:-1","max-image-preview":"max-image-preview:large","max-video-preview":"max-video-preview:-1"},"canonical":"https:\/\/vanderloubet.com.br\/deputado\/vander-e-turine-vistoriam-obra-do-mercado-escola-da-ufms-e-discutem-novos-projetos\/","og_locale":"pt_BR","og_type":"article","og_title":"Vander e Turine vistoriam obra do Mercado Escola da UFMS e discutem novos projetos","og_description":"Projeto do Mercado Escola recebeu R$ 3 milh\u00f5es por meio de emendas parlamentares do deputado Vander e do ex-deputado Zeca do PT.","og_url":"https:\/\/vanderloubet.com.br\/deputado\/vander-e-turine-vistoriam-obra-do-mercado-escola-da-ufms-e-discutem-novos-projetos\/","og_site_name":"Deputado Federal Vander Loubet","article_publisher":"https:\/\/facebook.com\/deputadovander","article_published_time":"2021-05-19T12:00:07+00:00","article_modified_time":"2021-05-19T14:10:16+00:00","og_image":[{"width":1280,"height":853,"url":"https:\/\/vanderloubet.com.br\/deputado\/wp-content\/uploads\/2021\/05\/foto-2021-05-18-obra-mercado-escola-06.jpg","type":"image\/jpeg"}],"author":"\u00c9der","twitter_card":"summary_large_image","twitter_creator":"@vanderloubet","twitter_site":"@vanderloubet","schema":{"@context":"https:\/\/schema.org","@graph":[{"@type":"Article","@id":"https:\/\/vanderloubet.com.br\/deputado\/vander-e-turine-vistoriam-obra-do-mercado-escola-da-ufms-e-discutem-novos-projetos\/#article","isPartOf":{"@id":"https:\/\/vanderloubet.com.br\/deputado\/vander-e-turine-vistoriam-obra-do-mercado-escola-da-ufms-e-discutem-novos-projetos\/"},"author":{"name":"\u00c9der","@id":"https:\/\/vanderloubet.com.br\/deputado\/#\/schema\/person\/15b51bd564532a8a68d9dec1b8eb890e"},"headline":"Vander e Turine vistoriam obra do Mercado Escola da UFMS e discutem novos projetos","datePublished":"2021-05-19T12:00:07+00:00","dateModified":"2021-05-19T14:10:16+00:00","mainEntityOfPage":{"@id":"https:\/\/vanderloubet.com.br\/deputado\/vander-e-turine-vistoriam-obra-do-mercado-escola-da-ufms-e-discutem-novos-projetos\/"},"wordCount":523,"publisher":{"@id":"https:\/\/vanderloubet.com.br\/deputado\/#organization"},"image":{"@id":"https:\/\/vanderloubet.com.br\/deputado\/vander-e-turine-vistoriam-obra-do-mercado-escola-da-ufms-e-discutem-novos-projetos\/#primaryimage"},"thumbnailUrl":"https:\/\/vanderloubet.com.br\/deputado\/wp-content\/uploads\/2021\/05\/foto-2021-05-18-obra-mercado-escola-06.jpg","keywords":["agricultura familiar","educa\u00e7\u00e3o","ensino superior","pesquisa e extens\u00e3o"],"articleSection":["Mato Grosso do Sul","Not\u00edcias"],"inLanguage":"pt-BR"},{"@type":"WebPage","@id":"https:\/\/vanderloubet.com.br\/deputado\/vander-e-turine-vistoriam-obra-do-mercado-escola-da-ufms-e-discutem-novos-projetos\/","url":"https:\/\/vanderloubet.com.br\/deputado\/vander-e-turine-vistoriam-obra-do-mercado-escola-da-ufms-e-discutem-novos-projetos\/","name":"Vander e Turine vistoriam obra do Mercado Escola da UFMS e discutem novos projetos","isPartOf":{"@id":"https:\/\/vanderloubet.com.br\/deputado\/#website"},"primaryImageOfPage":{"@id":"https:\/\/vanderloubet.com.br\/deputado\/vander-e-turine-vistoriam-obra-do-mercado-escola-da-ufms-e-discutem-novos-projetos\/#primaryimage"},"image":{"@id":"https:\/\/vanderloubet.com.br\/deputado\/vander-e-turine-vistoriam-obra-do-mercado-escola-da-ufms-e-discutem-novos-projetos\/#primaryimage"},"thumbnailUrl":"https:\/\/vanderloubet.com.br\/deputado\/wp-content\/uploads\/2021\/05\/foto-2021-05-18-obra-mercado-escola-06.jpg","datePublished":"2021-05-19T12:00:07+00:00","dateModified":"2021-05-19T14:10:16+00:00","description":"Projeto do Mercado Escola recebeu R$ 3 milh\u00f5es por meio de emendas parlamentares do deputado Vander e do ex-deputado Zeca do PT.","breadcrumb":{"@id":"https:\/\/vanderloubet.com.br\/deputado\/vander-e-turine-vistoriam-obra-do-mercado-escola-da-ufms-e-discutem-novos-projetos\/#breadcrumb"},"inLanguage":"pt-BR","potentialAction":[{"@type":"ReadAction","target":["https:\/\/vanderloubet.com.br\/deputado\/vander-e-turine-vistoriam-obra-do-mercado-escola-da-ufms-e-discutem-novos-projetos\/"]}]},{"@type":"ImageObject","inLanguage":"pt-BR","@id":"https:\/\/vanderloubet.com.br\/deputado\/vander-e-turine-vistoriam-obra-do-mercado-escola-da-ufms-e-discutem-novos-projetos\/#primaryimage","url":"https:\/\/vanderloubet.com.br\/deputado\/wp-content\/uploads\/2021\/05\/foto-2021-05-18-obra-mercado-escola-06.jpg","contentUrl":"https:\/\/vanderloubet.com.br\/deputado\/wp-content\/uploads\/2021\/05\/foto-2021-05-18-obra-mercado-escola-06.jpg","width":1280,"height":853,"caption":"Deputado Vander e reitor Turine vistoriam obra do Mercado Escola e discutem novos projetos"},{"@type":"BreadcrumbList","@id":"https:\/\/vanderloubet.com.br\/deputado\/vander-e-turine-vistoriam-obra-do-mercado-escola-da-ufms-e-discutem-novos-projetos\/#breadcrumb","itemListElement":[{"@type":"ListItem","position":1,"name":"In\u00edcio","item":"https:\/\/vanderloubet.com.br\/deputado\/"},{"@type":"ListItem","position":2,"name":"Vander e Turine vistoriam obra do Mercado Escola da UFMS e discutem novos projetos"}]},{"@type":"WebSite","@id":"https:\/\/vanderloubet.com.br\/deputado\/#website","url":"https:\/\/vanderloubet.com.br\/deputado\/","name":"Deputado Federal Vander Loubet","description":"O Federal de MS","publisher":{"@id":"https:\/\/vanderloubet.com.br\/deputado\/#organization"},"alternateName":"Deputado Vander","potentialAction":[{"@type":"SearchAction","target":{"@type":"EntryPoint","urlTemplate":"https:\/\/vanderloubet.com.br\/deputado\/?s={search_term_string}"},"query-input":{"@type":"PropertyValueSpecification","valueRequired":true,"valueName":"search_term_string"}}],"inLanguage":"pt-BR"},{"@type":"Organization","@id":"https:\/\/vanderloubet.com.br\/deputado\/#organization","name":"Deputado Federal Vander Loubet","alternateName":"Deputado Vander","url":"https:\/\/vanderloubet.com.br\/deputado\/","logo":{"@type":"ImageObject","inLanguage":"pt-BR","@id":"https:\/\/vanderloubet.com.br\/deputado\/#\/schema\/logo\/image\/","url":"https:\/\/vanderloubet.com.br\/deputado\/wp-content\/uploads\/2023\/06\/foto-2023-06-19-mandato-deputado-vander.jpg","contentUrl":"https:\/\/vanderloubet.com.br\/deputado\/wp-content\/uploads\/2023\/06\/foto-2023-06-19-mandato-deputado-vander.jpg","width":1080,"height":1080,"caption":"Deputado Federal Vander Loubet"},"image":{"@id":"https:\/\/vanderloubet.com.br\/deputado\/#\/schema\/logo\/image\/"},"sameAs":["https:\/\/facebook.com\/deputadovander","https:\/\/x.com\/vanderloubet","https:\/\/instagram.com\/vanderloubet","https:\/\/youtube.com\/vanderloubet","https:\/\/tiktok.com\/@vanderloubetms"]},{"@type":"Person","@id":"https:\/\/vanderloubet.com.br\/deputado\/#\/schema\/person\/15b51bd564532a8a68d9dec1b8eb890e","name":"\u00c9der","image":{"@type":"ImageObject","inLanguage":"pt-BR","@id":"https:\/\/vanderloubet.com.br\/deputado\/wp-content\/litespeed\/avatar\/88ca4090d9d5ab1c9495f6ca03b68efa.jpg?ver=1777058957","url":"https:\/\/vanderloubet.com.br\/deputado\/wp-content\/litespeed\/avatar\/88ca4090d9d5ab1c9495f6ca03b68efa.jpg?ver=1777058957","contentUrl":"https:\/\/vanderloubet.com.br\/deputado\/wp-content\/litespeed\/avatar\/88ca4090d9d5ab1c9495f6ca03b68efa.jpg?ver=1777058957","caption":"\u00c9der"}}]}},"jetpack_featured_media_url":"https:\/\/vanderloubet.com.br\/deputado\/wp-content\/uploads\/2021\/05\/foto-2021-05-18-obra-mercado-escola-06.jpg","jetpack_sharing_enabled":true,"_links":{"self":[{"href":"https:\/\/vanderloubet.com.br\/deputado\/wp-json\/wp\/v2\/posts\/17231","targetHints":{"allow":["GET"]}}],"collection":[{"href":"https:\/\/vanderloubet.com.br\/deputado\/wp-json\/wp\/v2\/posts"}],"about":[{"href":"https:\/\/vanderloubet.com.br\/deputado\/wp-json\/wp\/v2\/types\/post"}],"author":[{"embeddable":true,"href":"https:\/\/vanderloubet.com.br\/deputado\/wp-json\/wp\/v2\/users\/2"}],"replies":[{"embeddable":true,"href":"https:\/\/vanderloubet.com.br\/deputado\/wp-json\/wp\/v2\/comments?post=17231"}],"version-history":[{"count":0,"href":"https:\/\/vanderloubet.com.br\/deputado\/wp-json\/wp\/v2\/posts\/17231\/revisions"}],"wp:featuredmedia":[{"embeddable":true,"href":"https:\/\/vanderloubet.com.br\/deputado\/wp-json\/wp\/v2\/media\/17237"}],"wp:attachment":[{"href":"https:\/\/vanderloubet.com.br\/deputado\/wp-json\/wp\/v2\/media?parent=17231"}],"wp:term":[{"taxonomy":"category","embeddable":true,"href":"https:\/\/vanderloubet.com.br\/deputado\/wp-json\/wp\/v2\/categories?post=17231"},{"taxonomy":"post_tag","embeddable":true,"href":"https:\/\/vanderloubet.com.br\/deputado\/wp-json\/wp\/v2\/tags?post=17231"}],"curies":[{"name":"wp","href":"https:\/\/api.w.org\/{rel}","templated":true}]}}