{"id":17218,"date":"2021-05-08T09:00:21","date_gmt":"2021-05-08T13:00:21","guid":{"rendered":"http:\/\/vanderloubet.com.br\/deputado\/?p=17218"},"modified":"2021-05-08T09:09:14","modified_gmt":"2021-05-08T13:09:14","slug":"meu-encontro-com-lula-em-brasilia","status":"publish","type":"post","link":"https:\/\/vanderloubet.com.br\/deputado\/meu-encontro-com-lula-em-brasilia\/","title":{"rendered":"Meu encontro com Lula em Bras\u00edlia"},"content":{"rendered":"<p><em>Vander Loubet*<\/em><\/p>\n<p>Nesta semana, tive o prazer e a oportunidade de me encontrar pessoalmente com nosso presidente Lula, durante sua visita a Bras\u00edlia, onde recentemente decis\u00f5es do Supremo Tribunal Federal (STF) restabeleceram a justi\u00e7a e permitiram \u00e0 nossa principal lideran\u00e7a pol\u00edtica brasileira recuperar os plenos direitos pol\u00edticos. Com isso, Lula se apresenta para 2022 como uma alternativa s\u00f3lida aos desmandos do atual governo.<\/p>\n<p>O convite de Lula para ir ao seu encontro mais uma vez mostrou a for\u00e7a da sua lideran\u00e7a e seu humanismo. Ap\u00f3s tantos meses, reencontrei um homem sereno, tranquilo, bem humorado e que, apesar de todas as ang\u00fastias pelas quais passou, entre lembran\u00e7as e observa\u00e7\u00f5es diversas, ainda se lembrava vivamente de agrad\u00e1veis momentos que hav\u00edamos &#8211; o Zeca do PT, ele e eu &#8211; passamos h\u00e1 mais de duas d\u00e9cadas, quando pescamos em Porto Murtinho, no Rio Paraguai.<\/p>\n<p>Lula se recordou tamb\u00e9m, com alegria e saudosismo, de quando, ainda presidente, visitou Campo Grande. Acompanhado pelo ent\u00e3o prefeito Nelsinho Trad (senador, atualmente), ao passar por duas importantes obras em nossa Cidade Morena, diz ter ouvido de Nelsinho: &#8220;T\u00e1 vendo, presidente? Foi o senhor quem fez&#8221;. Sua mem\u00f3ria e capacidade de ouvir e cativar as pessoas segue cada vez mais agu\u00e7ada.<\/p>\n<p>Ap\u00f3s estar devidamente vacinado, mas preservando todos os cuidados de distanciamento social e de higiene, Lula esteve em Bras\u00edlia com o objetivo de se reunir com diversos com atores pol\u00edticos e lideran\u00e7as nacionais, dos mais diversos partidos e espectros pol\u00edticos. A lista incluiu o ex-presidente Jos\u00e9 Sarney (MDB); o vice-presidente da C\u00e2mara dos Deputados, deputado Marcelo Ramos (PL-AM); o deputado Marcelo Freixo (PSOL-RJ); o deputado Alessandro Molon (PSB-RJ), o presidente do PSD, Gilberto Kassab; e o ex-presidente da C\u00e2mara Rodrigo Maia (ex-DEM-RJ, a caminho do PSD).<\/p>\n<p>Todos os encontros de Lula tiveram como tema central a forma\u00e7\u00e3o de uma ampla alian\u00e7a de for\u00e7as democr\u00e1ticas, de esquerda, de centro e inclusive da direita democr\u00e1tica. Nosso presidente defendeu uma unidade de entendimento assentada em quatro pontos:<\/p>\n<p>1. Garantia da democracia e que as institui\u00e7\u00f5es se mantenham firmes e resistindo aos ataques desferidos por parte do governo Bolsonaro;<\/p>\n<p>2. Necessidade de combater a pandemia com a prioriza\u00e7\u00e3o da vacina\u00e7\u00e3o em massa e com a continuidade das medidas de distanciamento social e de higiene, pois esse \u00e9 o \u00fanico caminho para conter o coronav\u00edrus e evitar mais mortes;<\/p>\n<p>3. Volta do aux\u00edlio emergencial de R$ 600, tal como aprovado em 2020 pelo Congresso Nacional, e n\u00e3o esses R$ 150 aprovados pelo governo Bolsonaro este ano, valor insuficiente para garantir que as fam\u00edlias brasileiras n\u00e3o passem fome e mais necessidades;<\/p>\n<p>4. Defini\u00e7\u00e3o de um projeto de reconstru\u00e7\u00e3o nacional, que ser\u00e1 necess\u00e1rio ap\u00f3s o rastro de destrui\u00e7\u00e3o deixado pelo desgoverno de Jair Bolsonaro; um projeto de desenvolvimento, que contemple a gera\u00e7\u00e3o de empregos, o crescimento da ind\u00fastria nacional, a melhoria da renda dos trabalhadores, o resgate dos programas sociais, o combate \u00e0s desigualdades sociais, o enfrentamento intransigente \u00e0 fome e \u00e0 pobreza e o fortalecimento do Sistema \u00danico de Sa\u00fade (SUS). <\/p>\n<p>Para o Mato Grosso do Sul, Lula solicitou que, com o ex-governador Zeca do PT, nossa bancada estadual, nossos vereadores e filiados e filiadas, busquemos construir com os partidos e representantes da sociedade alian\u00e7as que efetivamente possam nos reconduzir de volta \u00e0 Presid\u00eancia da Rep\u00fablica, tendo como alicerce o projeto de reconstru\u00e7\u00e3o nacional.<\/p>\n<p>Devemos dialogar com todos os atores que se op\u00f5em ao atual genoc\u00eddio e descaso do governo federal, pois o Brasil s\u00f3 sair\u00e1 dessa encruzilhada de barb\u00e1rie que vivemos se houver a uni\u00e3o de todas as for\u00e7as. \u00c9 a uni\u00e3o e o di\u00e1logo que nos possibilitar\u00e1 construir propostas e projetos para governar efetivamente com aqueles que n\u00e3o aceitam mais o atual estado de abandono e descaso com a vida dos brasileiros e brasileiras.<\/p>\n<p><em>*Deputado Federal (PT-MS)<\/em><\/p>\n","protected":false},"excerpt":{"rendered":"<p>Artigo de Vander Loubet sobre os temas debatidos em reuni\u00e3o recente que teve com o ex-presidente na Capital Federal.<\/p>\n","protected":false},"author":2,"featured_media":17219,"comment_status":"closed","ping_status":"closed","sticky":false,"template":"","format":"standard","meta":{"jetpack_post_was_ever_published":false,"_jetpack_newsletter_access":"","_jetpack_dont_email_post_to_subs":false,"_jetpack_newsletter_tier_id":0,"_jetpack_memberships_contains_paywalled_content":false,"_jetpack_memberships_contains_paid_content":false,"footnotes":""},"categories":[11],"tags":[701,1189],"class_list":{"0":"post-17218","1":"post","2":"type-post","3":"status-publish","4":"format-standard","5":"has-post-thumbnail","7":"category-opinioes","8":"tag-eleicoes","9":"tag-lula"},"yoast_head":"<!-- This site is optimized with the Yoast SEO plugin v27.4 - https:\/\/yoast.com\/product\/yoast-seo-wordpress\/ -->\n<title>Meu encontro com Lula em Bras\u00edlia<\/title>\n<meta name=\"description\" content=\"Artigo de Vander Loubet sobre os temas debatidos em reuni\u00e3o recente que teve com o ex-presidente na Capital Federal.\" \/>\n<meta name=\"robots\" content=\"index, follow, max-snippet:-1, max-image-preview:large, max-video-preview:-1\" \/>\n<link rel=\"canonical\" href=\"https:\/\/vanderloubet.com.br\/deputado\/meu-encontro-com-lula-em-brasilia\/\" \/>\n<meta property=\"og:locale\" content=\"pt_BR\" \/>\n<meta property=\"og:type\" content=\"article\" \/>\n<meta property=\"og:title\" content=\"Meu encontro com Lula em Bras\u00edlia\" \/>\n<meta property=\"og:description\" content=\"Artigo de Vander Loubet sobre os temas debatidos em reuni\u00e3o recente que teve com o ex-presidente na Capital Federal.\" \/>\n<meta property=\"og:url\" content=\"https:\/\/vanderloubet.com.br\/deputado\/meu-encontro-com-lula-em-brasilia\/\" \/>\n<meta property=\"og:site_name\" content=\"Deputado Federal Vander Loubet\" \/>\n<meta property=\"article:publisher\" content=\"https:\/\/facebook.com\/deputadovander\" \/>\n<meta property=\"article:published_time\" content=\"2021-05-08T13:00:21+00:00\" \/>\n<meta property=\"article:modified_time\" content=\"2021-05-08T13:09:14+00:00\" \/>\n<meta property=\"og:image\" content=\"https:\/\/vanderloubet.com.br\/deputado\/wp-content\/uploads\/2021\/05\/foto-2021-05-08-lula-vander-loubet.jpg\" \/>\n\t<meta property=\"og:image:width\" content=\"800\" \/>\n\t<meta property=\"og:image:height\" content=\"600\" \/>\n\t<meta property=\"og:image:type\" content=\"image\/jpeg\" \/>\n<meta name=\"author\" content=\"\u00c9der\" \/>\n<meta name=\"twitter:card\" content=\"summary_large_image\" \/>\n<meta name=\"twitter:creator\" content=\"@vanderloubet\" \/>\n<meta name=\"twitter:site\" content=\"@vanderloubet\" \/>\n<script type=\"application\/ld+json\" class=\"yoast-schema-graph\">{\"@context\":\"https:\\\/\\\/schema.org\",\"@graph\":[{\"@type\":\"Article\",\"@id\":\"https:\\\/\\\/vanderloubet.com.br\\\/deputado\\\/meu-encontro-com-lula-em-brasilia\\\/#article\",\"isPartOf\":{\"@id\":\"https:\\\/\\\/vanderloubet.com.br\\\/deputado\\\/meu-encontro-com-lula-em-brasilia\\\/\"},\"author\":{\"name\":\"\u00c9der\",\"@id\":\"https:\\\/\\\/vanderloubet.com.br\\\/deputado\\\/#\\\/schema\\\/person\\\/15b51bd564532a8a68d9dec1b8eb890e\"},\"headline\":\"Meu encontro com Lula em Bras\u00edlia\",\"datePublished\":\"2021-05-08T13:00:21+00:00\",\"dateModified\":\"2021-05-08T13:09:14+00:00\",\"mainEntityOfPage\":{\"@id\":\"https:\\\/\\\/vanderloubet.com.br\\\/deputado\\\/meu-encontro-com-lula-em-brasilia\\\/\"},\"wordCount\":678,\"publisher\":{\"@id\":\"https:\\\/\\\/vanderloubet.com.br\\\/deputado\\\/#organization\"},\"image\":{\"@id\":\"https:\\\/\\\/vanderloubet.com.br\\\/deputado\\\/meu-encontro-com-lula-em-brasilia\\\/#primaryimage\"},\"thumbnailUrl\":\"https:\\\/\\\/vanderloubet.com.br\\\/deputado\\\/wp-content\\\/uploads\\\/2021\\\/05\\\/foto-2021-05-08-lula-vander-loubet.jpg\",\"keywords\":[\"elei\u00e7\u00f5es\",\"lula\"],\"articleSection\":[\"Opini\u00e3o\"],\"inLanguage\":\"pt-BR\"},{\"@type\":\"WebPage\",\"@id\":\"https:\\\/\\\/vanderloubet.com.br\\\/deputado\\\/meu-encontro-com-lula-em-brasilia\\\/\",\"url\":\"https:\\\/\\\/vanderloubet.com.br\\\/deputado\\\/meu-encontro-com-lula-em-brasilia\\\/\",\"name\":\"Meu encontro com Lula em Bras\u00edlia\",\"isPartOf\":{\"@id\":\"https:\\\/\\\/vanderloubet.com.br\\\/deputado\\\/#website\"},\"primaryImageOfPage\":{\"@id\":\"https:\\\/\\\/vanderloubet.com.br\\\/deputado\\\/meu-encontro-com-lula-em-brasilia\\\/#primaryimage\"},\"image\":{\"@id\":\"https:\\\/\\\/vanderloubet.com.br\\\/deputado\\\/meu-encontro-com-lula-em-brasilia\\\/#primaryimage\"},\"thumbnailUrl\":\"https:\\\/\\\/vanderloubet.com.br\\\/deputado\\\/wp-content\\\/uploads\\\/2021\\\/05\\\/foto-2021-05-08-lula-vander-loubet.jpg\",\"datePublished\":\"2021-05-08T13:00:21+00:00\",\"dateModified\":\"2021-05-08T13:09:14+00:00\",\"description\":\"Artigo de Vander Loubet sobre os temas debatidos em reuni\u00e3o recente que teve com o ex-presidente na Capital Federal.\",\"breadcrumb\":{\"@id\":\"https:\\\/\\\/vanderloubet.com.br\\\/deputado\\\/meu-encontro-com-lula-em-brasilia\\\/#breadcrumb\"},\"inLanguage\":\"pt-BR\",\"potentialAction\":[{\"@type\":\"ReadAction\",\"target\":[\"https:\\\/\\\/vanderloubet.com.br\\\/deputado\\\/meu-encontro-com-lula-em-brasilia\\\/\"]}]},{\"@type\":\"ImageObject\",\"inLanguage\":\"pt-BR\",\"@id\":\"https:\\\/\\\/vanderloubet.com.br\\\/deputado\\\/meu-encontro-com-lula-em-brasilia\\\/#primaryimage\",\"url\":\"https:\\\/\\\/vanderloubet.com.br\\\/deputado\\\/wp-content\\\/uploads\\\/2021\\\/05\\\/foto-2021-05-08-lula-vander-loubet.jpg\",\"contentUrl\":\"https:\\\/\\\/vanderloubet.com.br\\\/deputado\\\/wp-content\\\/uploads\\\/2021\\\/05\\\/foto-2021-05-08-lula-vander-loubet.jpg\",\"width\":800,\"height\":600,\"caption\":\"Lula e Vander Loubet se encontraram em Bras\u00edlia para discutir futuro de MS e do Brasil\"},{\"@type\":\"BreadcrumbList\",\"@id\":\"https:\\\/\\\/vanderloubet.com.br\\\/deputado\\\/meu-encontro-com-lula-em-brasilia\\\/#breadcrumb\",\"itemListElement\":[{\"@type\":\"ListItem\",\"position\":1,\"name\":\"In\u00edcio\",\"item\":\"https:\\\/\\\/vanderloubet.com.br\\\/deputado\\\/\"},{\"@type\":\"ListItem\",\"position\":2,\"name\":\"Meu encontro com Lula em Bras\u00edlia\"}]},{\"@type\":\"WebSite\",\"@id\":\"https:\\\/\\\/vanderloubet.com.br\\\/deputado\\\/#website\",\"url\":\"https:\\\/\\\/vanderloubet.com.br\\\/deputado\\\/\",\"name\":\"Deputado Federal Vander Loubet\",\"description\":\"O Federal de MS\",\"publisher\":{\"@id\":\"https:\\\/\\\/vanderloubet.com.br\\\/deputado\\\/#organization\"},\"alternateName\":\"Deputado Vander\",\"potentialAction\":[{\"@type\":\"SearchAction\",\"target\":{\"@type\":\"EntryPoint\",\"urlTemplate\":\"https:\\\/\\\/vanderloubet.com.br\\\/deputado\\\/?s={search_term_string}\"},\"query-input\":{\"@type\":\"PropertyValueSpecification\",\"valueRequired\":true,\"valueName\":\"search_term_string\"}}],\"inLanguage\":\"pt-BR\"},{\"@type\":\"Organization\",\"@id\":\"https:\\\/\\\/vanderloubet.com.br\\\/deputado\\\/#organization\",\"name\":\"Deputado Federal Vander Loubet\",\"alternateName\":\"Deputado Vander\",\"url\":\"https:\\\/\\\/vanderloubet.com.br\\\/deputado\\\/\",\"logo\":{\"@type\":\"ImageObject\",\"inLanguage\":\"pt-BR\",\"@id\":\"https:\\\/\\\/vanderloubet.com.br\\\/deputado\\\/#\\\/schema\\\/logo\\\/image\\\/\",\"url\":\"https:\\\/\\\/vanderloubet.com.br\\\/deputado\\\/wp-content\\\/uploads\\\/2023\\\/06\\\/foto-2023-06-19-mandato-deputado-vander.jpg\",\"contentUrl\":\"https:\\\/\\\/vanderloubet.com.br\\\/deputado\\\/wp-content\\\/uploads\\\/2023\\\/06\\\/foto-2023-06-19-mandato-deputado-vander.jpg\",\"width\":1080,\"height\":1080,\"caption\":\"Deputado Federal Vander Loubet\"},\"image\":{\"@id\":\"https:\\\/\\\/vanderloubet.com.br\\\/deputado\\\/#\\\/schema\\\/logo\\\/image\\\/\"},\"sameAs\":[\"https:\\\/\\\/facebook.com\\\/deputadovander\",\"https:\\\/\\\/x.com\\\/vanderloubet\",\"https:\\\/\\\/instagram.com\\\/vanderloubet\",\"https:\\\/\\\/youtube.com\\\/vanderloubet\",\"https:\\\/\\\/tiktok.com\\\/@vanderloubetms\"]},{\"@type\":\"Person\",\"@id\":\"https:\\\/\\\/vanderloubet.com.br\\\/deputado\\\/#\\\/schema\\\/person\\\/15b51bd564532a8a68d9dec1b8eb890e\",\"name\":\"\u00c9der\",\"image\":{\"@type\":\"ImageObject\",\"inLanguage\":\"pt-BR\",\"@id\":\"https:\\\/\\\/vanderloubet.com.br\\\/deputado\\\/wp-content\\\/litespeed\\\/avatar\\\/88ca4090d9d5ab1c9495f6ca03b68efa.jpg?ver=1777058957\",\"url\":\"https:\\\/\\\/vanderloubet.com.br\\\/deputado\\\/wp-content\\\/litespeed\\\/avatar\\\/88ca4090d9d5ab1c9495f6ca03b68efa.jpg?ver=1777058957\",\"contentUrl\":\"https:\\\/\\\/vanderloubet.com.br\\\/deputado\\\/wp-content\\\/litespeed\\\/avatar\\\/88ca4090d9d5ab1c9495f6ca03b68efa.jpg?ver=1777058957\",\"caption\":\"\u00c9der\"}}]}<\/script>\n<!-- \/ Yoast SEO plugin. -->","yoast_head_json":{"title":"Meu encontro com Lula em Bras\u00edlia","description":"Artigo de Vander Loubet sobre os temas debatidos em reuni\u00e3o recente que teve com o ex-presidente na Capital Federal.","robots":{"index":"index","follow":"follow","max-snippet":"max-snippet:-1","max-image-preview":"max-image-preview:large","max-video-preview":"max-video-preview:-1"},"canonical":"https:\/\/vanderloubet.com.br\/deputado\/meu-encontro-com-lula-em-brasilia\/","og_locale":"pt_BR","og_type":"article","og_title":"Meu encontro com Lula em Bras\u00edlia","og_description":"Artigo de Vander Loubet sobre os temas debatidos em reuni\u00e3o recente que teve com o ex-presidente na Capital Federal.","og_url":"https:\/\/vanderloubet.com.br\/deputado\/meu-encontro-com-lula-em-brasilia\/","og_site_name":"Deputado Federal Vander Loubet","article_publisher":"https:\/\/facebook.com\/deputadovander","article_published_time":"2021-05-08T13:00:21+00:00","article_modified_time":"2021-05-08T13:09:14+00:00","og_image":[{"width":800,"height":600,"url":"https:\/\/vanderloubet.com.br\/deputado\/wp-content\/uploads\/2021\/05\/foto-2021-05-08-lula-vander-loubet.jpg","type":"image\/jpeg"}],"author":"\u00c9der","twitter_card":"summary_large_image","twitter_creator":"@vanderloubet","twitter_site":"@vanderloubet","schema":{"@context":"https:\/\/schema.org","@graph":[{"@type":"Article","@id":"https:\/\/vanderloubet.com.br\/deputado\/meu-encontro-com-lula-em-brasilia\/#article","isPartOf":{"@id":"https:\/\/vanderloubet.com.br\/deputado\/meu-encontro-com-lula-em-brasilia\/"},"author":{"name":"\u00c9der","@id":"https:\/\/vanderloubet.com.br\/deputado\/#\/schema\/person\/15b51bd564532a8a68d9dec1b8eb890e"},"headline":"Meu encontro com Lula em Bras\u00edlia","datePublished":"2021-05-08T13:00:21+00:00","dateModified":"2021-05-08T13:09:14+00:00","mainEntityOfPage":{"@id":"https:\/\/vanderloubet.com.br\/deputado\/meu-encontro-com-lula-em-brasilia\/"},"wordCount":678,"publisher":{"@id":"https:\/\/vanderloubet.com.br\/deputado\/#organization"},"image":{"@id":"https:\/\/vanderloubet.com.br\/deputado\/meu-encontro-com-lula-em-brasilia\/#primaryimage"},"thumbnailUrl":"https:\/\/vanderloubet.com.br\/deputado\/wp-content\/uploads\/2021\/05\/foto-2021-05-08-lula-vander-loubet.jpg","keywords":["elei\u00e7\u00f5es","lula"],"articleSection":["Opini\u00e3o"],"inLanguage":"pt-BR"},{"@type":"WebPage","@id":"https:\/\/vanderloubet.com.br\/deputado\/meu-encontro-com-lula-em-brasilia\/","url":"https:\/\/vanderloubet.com.br\/deputado\/meu-encontro-com-lula-em-brasilia\/","name":"Meu encontro com Lula em Bras\u00edlia","isPartOf":{"@id":"https:\/\/vanderloubet.com.br\/deputado\/#website"},"primaryImageOfPage":{"@id":"https:\/\/vanderloubet.com.br\/deputado\/meu-encontro-com-lula-em-brasilia\/#primaryimage"},"image":{"@id":"https:\/\/vanderloubet.com.br\/deputado\/meu-encontro-com-lula-em-brasilia\/#primaryimage"},"thumbnailUrl":"https:\/\/vanderloubet.com.br\/deputado\/wp-content\/uploads\/2021\/05\/foto-2021-05-08-lula-vander-loubet.jpg","datePublished":"2021-05-08T13:00:21+00:00","dateModified":"2021-05-08T13:09:14+00:00","description":"Artigo de Vander Loubet sobre os temas debatidos em reuni\u00e3o recente que teve com o ex-presidente na Capital Federal.","breadcrumb":{"@id":"https:\/\/vanderloubet.com.br\/deputado\/meu-encontro-com-lula-em-brasilia\/#breadcrumb"},"inLanguage":"pt-BR","potentialAction":[{"@type":"ReadAction","target":["https:\/\/vanderloubet.com.br\/deputado\/meu-encontro-com-lula-em-brasilia\/"]}]},{"@type":"ImageObject","inLanguage":"pt-BR","@id":"https:\/\/vanderloubet.com.br\/deputado\/meu-encontro-com-lula-em-brasilia\/#primaryimage","url":"https:\/\/vanderloubet.com.br\/deputado\/wp-content\/uploads\/2021\/05\/foto-2021-05-08-lula-vander-loubet.jpg","contentUrl":"https:\/\/vanderloubet.com.br\/deputado\/wp-content\/uploads\/2021\/05\/foto-2021-05-08-lula-vander-loubet.jpg","width":800,"height":600,"caption":"Lula e Vander Loubet se encontraram em Bras\u00edlia para discutir futuro de MS e do Brasil"},{"@type":"BreadcrumbList","@id":"https:\/\/vanderloubet.com.br\/deputado\/meu-encontro-com-lula-em-brasilia\/#breadcrumb","itemListElement":[{"@type":"ListItem","position":1,"name":"In\u00edcio","item":"https:\/\/vanderloubet.com.br\/deputado\/"},{"@type":"ListItem","position":2,"name":"Meu encontro com Lula em Bras\u00edlia"}]},{"@type":"WebSite","@id":"https:\/\/vanderloubet.com.br\/deputado\/#website","url":"https:\/\/vanderloubet.com.br\/deputado\/","name":"Deputado Federal Vander Loubet","description":"O Federal de MS","publisher":{"@id":"https:\/\/vanderloubet.com.br\/deputado\/#organization"},"alternateName":"Deputado Vander","potentialAction":[{"@type":"SearchAction","target":{"@type":"EntryPoint","urlTemplate":"https:\/\/vanderloubet.com.br\/deputado\/?s={search_term_string}"},"query-input":{"@type":"PropertyValueSpecification","valueRequired":true,"valueName":"search_term_string"}}],"inLanguage":"pt-BR"},{"@type":"Organization","@id":"https:\/\/vanderloubet.com.br\/deputado\/#organization","name":"Deputado Federal Vander Loubet","alternateName":"Deputado Vander","url":"https:\/\/vanderloubet.com.br\/deputado\/","logo":{"@type":"ImageObject","inLanguage":"pt-BR","@id":"https:\/\/vanderloubet.com.br\/deputado\/#\/schema\/logo\/image\/","url":"https:\/\/vanderloubet.com.br\/deputado\/wp-content\/uploads\/2023\/06\/foto-2023-06-19-mandato-deputado-vander.jpg","contentUrl":"https:\/\/vanderloubet.com.br\/deputado\/wp-content\/uploads\/2023\/06\/foto-2023-06-19-mandato-deputado-vander.jpg","width":1080,"height":1080,"caption":"Deputado Federal Vander Loubet"},"image":{"@id":"https:\/\/vanderloubet.com.br\/deputado\/#\/schema\/logo\/image\/"},"sameAs":["https:\/\/facebook.com\/deputadovander","https:\/\/x.com\/vanderloubet","https:\/\/instagram.com\/vanderloubet","https:\/\/youtube.com\/vanderloubet","https:\/\/tiktok.com\/@vanderloubetms"]},{"@type":"Person","@id":"https:\/\/vanderloubet.com.br\/deputado\/#\/schema\/person\/15b51bd564532a8a68d9dec1b8eb890e","name":"\u00c9der","image":{"@type":"ImageObject","inLanguage":"pt-BR","@id":"https:\/\/vanderloubet.com.br\/deputado\/wp-content\/litespeed\/avatar\/88ca4090d9d5ab1c9495f6ca03b68efa.jpg?ver=1777058957","url":"https:\/\/vanderloubet.com.br\/deputado\/wp-content\/litespeed\/avatar\/88ca4090d9d5ab1c9495f6ca03b68efa.jpg?ver=1777058957","contentUrl":"https:\/\/vanderloubet.com.br\/deputado\/wp-content\/litespeed\/avatar\/88ca4090d9d5ab1c9495f6ca03b68efa.jpg?ver=1777058957","caption":"\u00c9der"}}]}},"jetpack_featured_media_url":"https:\/\/vanderloubet.com.br\/deputado\/wp-content\/uploads\/2021\/05\/foto-2021-05-08-lula-vander-loubet.jpg","jetpack_sharing_enabled":true,"_links":{"self":[{"href":"https:\/\/vanderloubet.com.br\/deputado\/wp-json\/wp\/v2\/posts\/17218","targetHints":{"allow":["GET"]}}],"collection":[{"href":"https:\/\/vanderloubet.com.br\/deputado\/wp-json\/wp\/v2\/posts"}],"about":[{"href":"https:\/\/vanderloubet.com.br\/deputado\/wp-json\/wp\/v2\/types\/post"}],"author":[{"embeddable":true,"href":"https:\/\/vanderloubet.com.br\/deputado\/wp-json\/wp\/v2\/users\/2"}],"replies":[{"embeddable":true,"href":"https:\/\/vanderloubet.com.br\/deputado\/wp-json\/wp\/v2\/comments?post=17218"}],"version-history":[{"count":0,"href":"https:\/\/vanderloubet.com.br\/deputado\/wp-json\/wp\/v2\/posts\/17218\/revisions"}],"wp:featuredmedia":[{"embeddable":true,"href":"https:\/\/vanderloubet.com.br\/deputado\/wp-json\/wp\/v2\/media\/17219"}],"wp:attachment":[{"href":"https:\/\/vanderloubet.com.br\/deputado\/wp-json\/wp\/v2\/media?parent=17218"}],"wp:term":[{"taxonomy":"category","embeddable":true,"href":"https:\/\/vanderloubet.com.br\/deputado\/wp-json\/wp\/v2\/categories?post=17218"},{"taxonomy":"post_tag","embeddable":true,"href":"https:\/\/vanderloubet.com.br\/deputado\/wp-json\/wp\/v2\/tags?post=17218"}],"curies":[{"name":"wp","href":"https:\/\/api.w.org\/{rel}","templated":true}]}}