{"id":17208,"date":"2021-05-06T14:00:45","date_gmt":"2021-05-06T18:00:45","guid":{"rendered":"http:\/\/vanderloubet.com.br\/deputado\/?p=17208"},"modified":"2021-05-06T15:14:31","modified_gmt":"2021-05-06T19:14:31","slug":"com-apoio-de-vander-cursos-de-saude-da-ufms-poderao-antecipar-formaturas","status":"publish","type":"post","link":"https:\/\/vanderloubet.com.br\/deputado\/com-apoio-de-vander-cursos-de-saude-da-ufms-poderao-antecipar-formaturas\/","title":{"rendered":"Com apoio de Vander, cursos de sa\u00fade da UFMS poder\u00e3o antecipar formaturas"},"content":{"rendered":"<p>No dia 26 de abril, o deputado federal Vander Loubet esteve no campus da Universidade Federal de Mato Grosso do Sul (UFMS) em Campo Grande para uma reuni\u00e3o com o reitor Marcelo Turine e com os acad\u00eamicos de Medicina Fabiano Sim\u00f5es e Marcello Bertoldi. Em pauta, esteve a reivindica\u00e7\u00e3o dos estudantes dos cursos de sa\u00fade da Institui\u00e7\u00e3o para antecipa\u00e7\u00e3o das formaturas.<\/p>\n<p>Ap\u00f3s a reuni\u00e3o, o reitor se comprometeu a emitir um documento pela Universidade confirmando a possibilidade dessa antecipa\u00e7\u00e3o, o que foi cumprido na \u00faltima ter\u00e7a-feira, 4 de maio, com o <a href=\"http:\/\/vanderloubet.com.br\/deputado\/wp-content\/uploads\/2021\/05\/arquivo-2021-05-04-parecer-ufms.pdf\" target=\"_blank\" rel=\"noopener\">parecer elaborado pela Procuradoria Federal junto \u00e0 UFMS<\/a>.<\/p>\n<p>&#8220;A posi\u00e7\u00e3o do reitor Turine e da Universidade Federal \u00e9 louv\u00e1vel, pois neste momento precisamos de todos os profissionais de sa\u00fade que possam auxiliar o Brasil no combate \u00e0 Covid-19. Espero, respeitando, evidentemente, o princ\u00edpio da autonomia das universidades, que os demais reitores atuem no mesmo sentido. At\u00e9 porque, em fun\u00e7\u00e3o do princ\u00edpio da isonomia, todos os que atenderem aos requisitos da lei t\u00eam o direito \u00e0 antecipa\u00e7\u00e3o&#8221;, pontua Vander Loubet.<\/p>\n<p>Desde mar\u00e7o do ano passado, com o estado de calamidade p\u00fablica &#8211; estabelecido pelo Decreto Legislativo 6\/2020 &#8211; em virtude da pandemia de Covid-19 (novo coronav\u00edrus), o deputado Vander integra um grupo de parlamentares que atuou e atua em Bras\u00edlia para antecipa\u00e7\u00e3o da cola\u00e7\u00e3o de grau para alunos dos cursos de Medicina, Enfermagem, Farm\u00e1cia, Fisioterapia e Odontologia, de maneira a permitir o refor\u00e7o dos quadros da sa\u00fade p\u00fablica no trabalho de enfrentamento da pandemia.<\/p>\n<p>&#8220;Vivemos um quadro grave, o que levou, inclusive, ao recrutamento do Hospital Universit\u00e1rio Maria Aparecida Pedrossian [Humap] para o atendimento a pacientes acometidos pela Covid-19. H\u00e1 a necessidade cada dia maior de profissionais de sa\u00fade capacitados para atender a demanda crescente de pacientes enfermos&#8221;, explica Marcello Bertoldi, aluno do 6\u00ba ano de Medicina e interno do Humap.<\/p>\n<p>&#8220;Como aluno, vejo a real necessidade de antecipa\u00e7\u00e3o da cola\u00e7\u00e3o, como realizado no ano passado, justamente para termos mais pessoal para somar esfor\u00e7os no combate \u00e0 pandemia em conjunto com os profissionais da sa\u00fade que lutam diariamente na linha de frente&#8221;, completa Bertoldi.<\/p>\n<p><strong>Diverg\u00eancia<\/strong> &#8211; Em abril do ano passado, o Congresso Nacional aprovou uma medida provis\u00f3ria que autorizava a antecipa\u00e7\u00e3o de formatura de acad\u00eamicos de cursos de sa\u00fade, desde que observada uma s\u00e9rie de exig\u00eancias, como o cumprimento do m\u00ednimo de 75% da carga hor\u00e1ria do internato do curso de Medicina ou da carga hor\u00e1ria dos est\u00e1gios curriculares obrigat\u00f3rios dos cursos de Enfermagem, Farm\u00e1cia, Fisioterapia e Odontologia.<\/p>\n<p>No entanto, tendo em vista o t\u00e9rmino do prazo da vig\u00eancia do estado de calamidade p\u00fablica previsto no Decreto Legislativo 6\/2020 &#8211; de 31 de dezembro de 2020 &#8211; passou a haver uma diverg\u00eancia se as Ifes (Institui\u00e7\u00f5es Federais de Ensino Superior) poderiam ou n\u00e3o continuar a antecipar em 2021 as formaturas dos alunos dos cursos de sa\u00fade.<\/p>\n<p>Por conta disso, o grupo de parlamentares do qual o deputado Vander Loubet faz parte voltou a fazer gest\u00f5es no Minist\u00e9rio da Educa\u00e7\u00e3o (MEC) para sanar a quest\u00e3o e manter a antecipa\u00e7\u00e3o, tendo em vista que a crise sanit\u00e1ria causada pela Covid-19 ainda est\u00e1 em vigor.<\/p>\n<p>Em atendimento \u00e0s reivindica\u00e7\u00f5es dos parlamentares, o MEC divulgou uma <a href=\"http:\/\/vanderloubet.com.br\/deputado\/wp-content\/uploads\/2021\/05\/arquivo-2021-04-13-nota-tecnica-mec.pdf\" target=\"_blank\" rel=\"noopener\">nota t\u00e9cnica em 13 de abril<\/a> na qual esclarece que segue mantida a possibilidade de antecipa\u00e7\u00e3o das cola\u00e7\u00f5es de grau em quest\u00e3o. E foi com base nessa nota t\u00e9cnica que Vander e os acad\u00eamicos de Medicina buscaram o apoio do reitor Marcelo Turine para autorizar que a antecipa\u00e7\u00e3o de formatura perdure em 2021 na UFMS.<\/p>\n\r\n                <style type=\"text\/css\">\r\n                    \r\n                    #tdi_1  .td-doubleSlider-2 .td-item1 {\r\n                        background: url(https:\/\/vanderloubet.com.br\/deputado\/wp-content\/uploads\/2021\/05\/foto-2021-04-26-reuniao-ufms-01-80x60.jpg) 0 0 no-repeat;\r\n                    }\r\n                    #tdi_1  .td-doubleSlider-2 .td-item2 {\r\n                        background: url(https:\/\/vanderloubet.com.br\/deputado\/wp-content\/uploads\/2021\/05\/foto-2021-04-26-reuniao-ufms-02-80x60.jpg) 0 0 no-repeat;\r\n                    }\r\n                    #tdi_1  .td-doubleSlider-2 .td-item3 {\r\n                        background: url(https:\/\/vanderloubet.com.br\/deputado\/wp-content\/uploads\/2021\/05\/foto-2021-04-26-reuniao-ufms-03-80x60.jpg) 0 0 no-repeat;\r\n                    }\r\n                    #tdi_1  .td-doubleSlider-2 .td-item4 {\r\n                        background: url(https:\/\/vanderloubet.com.br\/deputado\/wp-content\/uploads\/2021\/05\/foto-2021-04-26-reuniao-ufms-04-80x60.jpg) 0 0 no-repeat;\r\n                    }\r\n                <\/style>\r\n\r\n                <div id=\"tdi_1\" class=\"td-gallery td-slide-on-2-columns\">\r\n                    <div class=\"post_td_gallery\">\r\n                        <div class=\"td-gallery-slide-top\">\r\n                           <div class=\"td-gallery-title\"><\/div>\r\n\r\n                            <div class=\"td-gallery-controls-wrapper\">\r\n                                <div class=\"td-gallery-slide-count\"><span class=\"td-gallery-slide-item-focus\">1<\/span> de 4<\/div>\r\n                                <div class=\"td-gallery-slide-prev-next-but\">\r\n                                    <i class = \"td-icon-left doubleSliderPrevButton\"><\/i>\r\n                                    <i class = \"td-icon-right doubleSliderNextButton\"><\/i>\r\n                                <\/div>\r\n                            <\/div>\r\n                        <\/div>\r\n\r\n                        <div class = \"td-doubleSlider-1 \">\r\n                            <div class = \"td-slider\">\r\n                                \r\n                    <div class = \"td-slide-item td-item1\">\r\n                        <figure class=\"td-slide-galery-figure td-slide-popup-gallery\">\r\n                            <a class=\"slide-gallery-image-link\" href=\"https:\/\/vanderloubet.com.br\/deputado\/wp-content\/uploads\/2021\/05\/foto-2021-04-26-reuniao-ufms-01.jpg\" title=\"Reuni\u00e3o de Vander e alunos de Medicina com o reitor tratou da antecipa\u00e7\u00e3o das formaturas dos cursos de sa\u00fade\"  data-caption=\"\"  data-description=\"Reuni&atilde;o de Vander e alunos de Medicina com o reitor tratou da antecipa&ccedil;&atilde;o das formaturas dos cursos de sa&uacute;de\">\r\n                                <img decoding=\"async\" src=\"https:\/\/vanderloubet.com.br\/deputado\/wp-content\/uploads\/2021\/05\/foto-2021-04-26-reuniao-ufms-01-630x420.jpg\" srcset=\"https:\/\/vanderloubet.com.br\/deputado\/wp-content\/uploads\/2021\/05\/foto-2021-04-26-reuniao-ufms-01-630x420.jpg 630w, https:\/\/vanderloubet.com.br\/deputado\/wp-content\/uploads\/2021\/05\/foto-2021-04-26-reuniao-ufms-01-350x233.jpg 350w, https:\/\/vanderloubet.com.br\/deputado\/wp-content\/uploads\/2021\/05\/foto-2021-04-26-reuniao-ufms-01-768x512.jpg 768w, https:\/\/vanderloubet.com.br\/deputado\/wp-content\/uploads\/2021\/05\/foto-2021-04-26-reuniao-ufms-01-700x466.jpg 700w, https:\/\/vanderloubet.com.br\/deputado\/wp-content\/uploads\/2021\/05\/foto-2021-04-26-reuniao-ufms-01-696x464.jpg 696w, https:\/\/vanderloubet.com.br\/deputado\/wp-content\/uploads\/2021\/05\/foto-2021-04-26-reuniao-ufms-01-1068x712.jpg 1068w, https:\/\/vanderloubet.com.br\/deputado\/wp-content\/uploads\/2021\/05\/foto-2021-04-26-reuniao-ufms-01.jpg 1280w\" sizes=\"(max-width: 630px) 100vw, 630px\" alt=\"Reuni&atilde;o de Vander e alunos de Medicina com o reitor tratou da antecipa&ccedil;&atilde;o das formaturas dos cursos de sa&uacute;de\">\r\n                            <\/a>\r\n                            <figcaption class = \"td-slide-caption td-gallery-slide-content\"><span>Reuni\u00e3o de Vander e alunos de Medicina com o reitor tratou da antecipa\u00e7\u00e3o das formaturas dos cursos de sa\u00fade<\/span><\/figcaption>\r\n                        <\/figure>\r\n                    <\/div>\r\n                    <div class = \"td-slide-item td-item2\">\r\n                        <figure class=\"td-slide-galery-figure td-slide-popup-gallery\">\r\n                            <a class=\"slide-gallery-image-link\" href=\"https:\/\/vanderloubet.com.br\/deputado\/wp-content\/uploads\/2021\/05\/foto-2021-04-26-reuniao-ufms-02.jpg\" title=\"Reuni\u00e3o de Vander e alunos de Medicina com o reitor tratou da antecipa\u00e7\u00e3o das formaturas dos cursos de sa\u00fade\"  data-caption=\"\"  data-description=\"Reuni&atilde;o de Vander e alunos de Medicina com o reitor tratou da antecipa&ccedil;&atilde;o das formaturas dos cursos de sa&uacute;de\">\r\n                                <img decoding=\"async\" src=\"https:\/\/vanderloubet.com.br\/deputado\/wp-content\/uploads\/2021\/05\/foto-2021-04-26-reuniao-ufms-02-630x420.jpg\" srcset=\"https:\/\/vanderloubet.com.br\/deputado\/wp-content\/uploads\/2021\/05\/foto-2021-04-26-reuniao-ufms-02-630x420.jpg 630w, https:\/\/vanderloubet.com.br\/deputado\/wp-content\/uploads\/2021\/05\/foto-2021-04-26-reuniao-ufms-02-350x233.jpg 350w, https:\/\/vanderloubet.com.br\/deputado\/wp-content\/uploads\/2021\/05\/foto-2021-04-26-reuniao-ufms-02-768x512.jpg 768w, https:\/\/vanderloubet.com.br\/deputado\/wp-content\/uploads\/2021\/05\/foto-2021-04-26-reuniao-ufms-02-700x466.jpg 700w, https:\/\/vanderloubet.com.br\/deputado\/wp-content\/uploads\/2021\/05\/foto-2021-04-26-reuniao-ufms-02-696x464.jpg 696w, https:\/\/vanderloubet.com.br\/deputado\/wp-content\/uploads\/2021\/05\/foto-2021-04-26-reuniao-ufms-02-1068x712.jpg 1068w, https:\/\/vanderloubet.com.br\/deputado\/wp-content\/uploads\/2021\/05\/foto-2021-04-26-reuniao-ufms-02.jpg 1280w\" sizes=\"(max-width: 630px) 100vw, 630px\" alt=\"Reuni&atilde;o de Vander e alunos de Medicina com o reitor tratou da antecipa&ccedil;&atilde;o das formaturas dos cursos de sa&uacute;de\">\r\n                            <\/a>\r\n                            <figcaption class = \"td-slide-caption td-gallery-slide-content\"><span>Reuni\u00e3o de Vander e alunos de Medicina com o reitor tratou da antecipa\u00e7\u00e3o das formaturas dos cursos de sa\u00fade<\/span><\/figcaption>\r\n                        <\/figure>\r\n                    <\/div>\r\n                    <div class = \"td-slide-item td-item3\">\r\n                        <figure class=\"td-slide-galery-figure td-slide-popup-gallery\">\r\n                            <a class=\"slide-gallery-image-link\" href=\"https:\/\/vanderloubet.com.br\/deputado\/wp-content\/uploads\/2021\/05\/foto-2021-04-26-reuniao-ufms-03.jpg\" title=\"Reuni\u00e3o de Vander e alunos de Medicina com o reitor tratou da antecipa\u00e7\u00e3o das formaturas dos cursos de sa\u00fade\"  data-caption=\"\"  data-description=\"Reuni&atilde;o de Vander e alunos de Medicina com o reitor tratou da antecipa&ccedil;&atilde;o das formaturas dos cursos de sa&uacute;de\">\r\n                                <img decoding=\"async\" src=\"https:\/\/vanderloubet.com.br\/deputado\/wp-content\/uploads\/2021\/05\/foto-2021-04-26-reuniao-ufms-03-630x420.jpg\" srcset=\"https:\/\/vanderloubet.com.br\/deputado\/wp-content\/uploads\/2021\/05\/foto-2021-04-26-reuniao-ufms-03-630x420.jpg 630w, https:\/\/vanderloubet.com.br\/deputado\/wp-content\/uploads\/2021\/05\/foto-2021-04-26-reuniao-ufms-03-350x233.jpg 350w, https:\/\/vanderloubet.com.br\/deputado\/wp-content\/uploads\/2021\/05\/foto-2021-04-26-reuniao-ufms-03-768x512.jpg 768w, https:\/\/vanderloubet.com.br\/deputado\/wp-content\/uploads\/2021\/05\/foto-2021-04-26-reuniao-ufms-03-700x466.jpg 700w, https:\/\/vanderloubet.com.br\/deputado\/wp-content\/uploads\/2021\/05\/foto-2021-04-26-reuniao-ufms-03-696x464.jpg 696w, https:\/\/vanderloubet.com.br\/deputado\/wp-content\/uploads\/2021\/05\/foto-2021-04-26-reuniao-ufms-03-1068x712.jpg 1068w, https:\/\/vanderloubet.com.br\/deputado\/wp-content\/uploads\/2021\/05\/foto-2021-04-26-reuniao-ufms-03.jpg 1280w\" sizes=\"(max-width: 630px) 100vw, 630px\" alt=\"Reuni&atilde;o de Vander e alunos de Medicina com o reitor tratou da antecipa&ccedil;&atilde;o das formaturas dos cursos de sa&uacute;de\">\r\n                            <\/a>\r\n                            <figcaption class = \"td-slide-caption td-gallery-slide-content\"><span>Reuni\u00e3o de Vander e alunos de Medicina com o reitor tratou da antecipa\u00e7\u00e3o das formaturas dos cursos de sa\u00fade<\/span><\/figcaption>\r\n                        <\/figure>\r\n                    <\/div>\r\n                    <div class = \"td-slide-item td-item4\">\r\n                        <figure class=\"td-slide-galery-figure td-slide-popup-gallery\">\r\n                            <a class=\"slide-gallery-image-link\" href=\"https:\/\/vanderloubet.com.br\/deputado\/wp-content\/uploads\/2021\/05\/foto-2021-04-26-reuniao-ufms-04.jpg\" title=\"Reuni\u00e3o de Vander e alunos de Medicina com o reitor tratou da antecipa\u00e7\u00e3o das formaturas dos cursos de sa\u00fade\"  data-caption=\"\"  data-description=\"Reuni&atilde;o de Vander e alunos de Medicina com o reitor tratou da antecipa&ccedil;&atilde;o das formaturas dos cursos de sa&uacute;de\">\r\n                                <img decoding=\"async\" src=\"https:\/\/vanderloubet.com.br\/deputado\/wp-content\/uploads\/2021\/05\/foto-2021-04-26-reuniao-ufms-04-630x420.jpg\" srcset=\"https:\/\/vanderloubet.com.br\/deputado\/wp-content\/uploads\/2021\/05\/foto-2021-04-26-reuniao-ufms-04-630x420.jpg 630w, https:\/\/vanderloubet.com.br\/deputado\/wp-content\/uploads\/2021\/05\/foto-2021-04-26-reuniao-ufms-04-350x233.jpg 350w, https:\/\/vanderloubet.com.br\/deputado\/wp-content\/uploads\/2021\/05\/foto-2021-04-26-reuniao-ufms-04-768x512.jpg 768w, https:\/\/vanderloubet.com.br\/deputado\/wp-content\/uploads\/2021\/05\/foto-2021-04-26-reuniao-ufms-04-700x466.jpg 700w, https:\/\/vanderloubet.com.br\/deputado\/wp-content\/uploads\/2021\/05\/foto-2021-04-26-reuniao-ufms-04-696x464.jpg 696w, https:\/\/vanderloubet.com.br\/deputado\/wp-content\/uploads\/2021\/05\/foto-2021-04-26-reuniao-ufms-04-1068x712.jpg 1068w, https:\/\/vanderloubet.com.br\/deputado\/wp-content\/uploads\/2021\/05\/foto-2021-04-26-reuniao-ufms-04.jpg 1280w\" sizes=\"(max-width: 630px) 100vw, 630px\" alt=\"Reuni&atilde;o de Vander e alunos de Medicina com o reitor tratou da antecipa&ccedil;&atilde;o das formaturas dos cursos de sa&uacute;de\">\r\n                            <\/a>\r\n                            <figcaption class = \"td-slide-caption td-gallery-slide-content\"><span>Reuni\u00e3o de Vander e alunos de Medicina com o reitor tratou da antecipa\u00e7\u00e3o das formaturas dos cursos de sa\u00fade<\/span><\/figcaption>\r\n                        <\/figure>\r\n                    <\/div>\r\n                            <\/div>\r\n                        <\/div>\r\n\r\n                        <div class = \"td-doubleSlider-2\">\r\n                            <div class = \"td-slider\">\r\n                                \r\n                    <div class = \"td-button td-item1\">\r\n                        <div class = \"td-border\"><\/div>\r\n                    <\/div>\r\n                    <div class = \"td-button td-item2\">\r\n                        <div class = \"td-border\"><\/div>\r\n                    <\/div>\r\n                    <div class = \"td-button td-item3\">\r\n                        <div class = \"td-border\"><\/div>\r\n                    <\/div>\r\n                    <div class = \"td-button td-item4\">\r\n                        <div class = \"td-border\"><\/div>\r\n                    <\/div>\r\n                            <\/div>\r\n                        <\/div>\r\n\r\n                    <\/div>\r\n\r\n                <\/div>\r\n                \n","protected":false},"excerpt":{"rendered":"<p>Deputado e alunos de Medicina reivindicavam ao reitor a manuten\u00e7\u00e3o este ano da medida aprovada para vigorar em 2020 por conta da pandemia.<\/p>\n","protected":false},"author":2,"featured_media":17212,"comment_status":"closed","ping_status":"closed","sticky":false,"template":"","format":"standard","meta":{"jetpack_post_was_ever_published":false,"_jetpack_newsletter_access":"","_jetpack_dont_email_post_to_subs":false,"_jetpack_newsletter_tier_id":0,"_jetpack_memberships_contains_paywalled_content":false,"_jetpack_memberships_contains_paid_content":false,"footnotes":""},"categories":[2099,10],"tags":[2438,697,2327,2441,1803],"class_list":{"0":"post-17208","1":"post","2":"type-post","3":"status-publish","4":"format-standard","5":"has-post-thumbnail","7":"category-ms-noticias","8":"category-noticias","9":"tag-covid-19","10":"tag-educacao","11":"tag-ensino-superior","12":"tag-pandemia","13":"tag-saude"},"yoast_head":"<!-- This site is optimized with the Yoast SEO plugin v27.4 - https:\/\/yoast.com\/product\/yoast-seo-wordpress\/ -->\n<title>Com apoio de Vander, cursos de sa\u00fade da UFMS poder\u00e3o antecipar formaturas<\/title>\n<meta name=\"description\" content=\"Deputado e alunos de Medicina reivindicavam ao reitor a manuten\u00e7\u00e3o este ano da medida aprovada para vigorar em 2020 por conta da pandemia.\" \/>\n<meta name=\"robots\" content=\"index, follow, max-snippet:-1, max-image-preview:large, max-video-preview:-1\" \/>\n<link rel=\"canonical\" href=\"https:\/\/vanderloubet.com.br\/deputado\/com-apoio-de-vander-cursos-de-saude-da-ufms-poderao-antecipar-formaturas\/\" \/>\n<meta property=\"og:locale\" content=\"pt_BR\" \/>\n<meta property=\"og:type\" content=\"article\" \/>\n<meta property=\"og:title\" content=\"Com apoio de Vander, cursos de sa\u00fade da UFMS poder\u00e3o antecipar formaturas\" \/>\n<meta property=\"og:description\" content=\"Deputado e alunos de Medicina reivindicavam ao reitor a manuten\u00e7\u00e3o este ano da medida aprovada para vigorar em 2020 por conta da pandemia.\" \/>\n<meta property=\"og:url\" content=\"https:\/\/vanderloubet.com.br\/deputado\/com-apoio-de-vander-cursos-de-saude-da-ufms-poderao-antecipar-formaturas\/\" \/>\n<meta property=\"og:site_name\" content=\"Deputado Federal Vander Loubet\" \/>\n<meta property=\"article:publisher\" content=\"https:\/\/facebook.com\/deputadovander\" \/>\n<meta property=\"article:published_time\" content=\"2021-05-06T18:00:45+00:00\" \/>\n<meta property=\"article:modified_time\" content=\"2021-05-06T19:14:31+00:00\" \/>\n<meta property=\"og:image\" content=\"https:\/\/vanderloubet.com.br\/deputado\/wp-content\/uploads\/2021\/05\/foto-2021-04-26-reuniao-ufms-04.jpg\" \/>\n\t<meta property=\"og:image:width\" content=\"1280\" \/>\n\t<meta property=\"og:image:height\" content=\"853\" \/>\n\t<meta property=\"og:image:type\" content=\"image\/jpeg\" \/>\n<meta name=\"author\" content=\"\u00c9der\" \/>\n<meta name=\"twitter:card\" content=\"summary_large_image\" \/>\n<meta name=\"twitter:creator\" content=\"@vanderloubet\" \/>\n<meta name=\"twitter:site\" content=\"@vanderloubet\" \/>\n<script type=\"application\/ld+json\" class=\"yoast-schema-graph\">{\"@context\":\"https:\\\/\\\/schema.org\",\"@graph\":[{\"@type\":\"Article\",\"@id\":\"https:\\\/\\\/vanderloubet.com.br\\\/deputado\\\/com-apoio-de-vander-cursos-de-saude-da-ufms-poderao-antecipar-formaturas\\\/#article\",\"isPartOf\":{\"@id\":\"https:\\\/\\\/vanderloubet.com.br\\\/deputado\\\/com-apoio-de-vander-cursos-de-saude-da-ufms-poderao-antecipar-formaturas\\\/\"},\"author\":{\"name\":\"\u00c9der\",\"@id\":\"https:\\\/\\\/vanderloubet.com.br\\\/deputado\\\/#\\\/schema\\\/person\\\/15b51bd564532a8a68d9dec1b8eb890e\"},\"headline\":\"Com apoio de Vander, cursos de sa\u00fade da UFMS poder\u00e3o antecipar formaturas\",\"datePublished\":\"2021-05-06T18:00:45+00:00\",\"dateModified\":\"2021-05-06T19:14:31+00:00\",\"mainEntityOfPage\":{\"@id\":\"https:\\\/\\\/vanderloubet.com.br\\\/deputado\\\/com-apoio-de-vander-cursos-de-saude-da-ufms-poderao-antecipar-formaturas\\\/\"},\"wordCount\":654,\"publisher\":{\"@id\":\"https:\\\/\\\/vanderloubet.com.br\\\/deputado\\\/#organization\"},\"image\":{\"@id\":\"https:\\\/\\\/vanderloubet.com.br\\\/deputado\\\/com-apoio-de-vander-cursos-de-saude-da-ufms-poderao-antecipar-formaturas\\\/#primaryimage\"},\"thumbnailUrl\":\"https:\\\/\\\/vanderloubet.com.br\\\/deputado\\\/wp-content\\\/uploads\\\/2021\\\/05\\\/foto-2021-04-26-reuniao-ufms-04.jpg\",\"keywords\":[\"covid-19\",\"educa\u00e7\u00e3o\",\"ensino superior\",\"pandemia\",\"sa\u00fade\"],\"articleSection\":[\"Mato Grosso do Sul\",\"Not\u00edcias\"],\"inLanguage\":\"pt-BR\"},{\"@type\":\"WebPage\",\"@id\":\"https:\\\/\\\/vanderloubet.com.br\\\/deputado\\\/com-apoio-de-vander-cursos-de-saude-da-ufms-poderao-antecipar-formaturas\\\/\",\"url\":\"https:\\\/\\\/vanderloubet.com.br\\\/deputado\\\/com-apoio-de-vander-cursos-de-saude-da-ufms-poderao-antecipar-formaturas\\\/\",\"name\":\"Com apoio de Vander, cursos de sa\u00fade da UFMS poder\u00e3o antecipar formaturas\",\"isPartOf\":{\"@id\":\"https:\\\/\\\/vanderloubet.com.br\\\/deputado\\\/#website\"},\"primaryImageOfPage\":{\"@id\":\"https:\\\/\\\/vanderloubet.com.br\\\/deputado\\\/com-apoio-de-vander-cursos-de-saude-da-ufms-poderao-antecipar-formaturas\\\/#primaryimage\"},\"image\":{\"@id\":\"https:\\\/\\\/vanderloubet.com.br\\\/deputado\\\/com-apoio-de-vander-cursos-de-saude-da-ufms-poderao-antecipar-formaturas\\\/#primaryimage\"},\"thumbnailUrl\":\"https:\\\/\\\/vanderloubet.com.br\\\/deputado\\\/wp-content\\\/uploads\\\/2021\\\/05\\\/foto-2021-04-26-reuniao-ufms-04.jpg\",\"datePublished\":\"2021-05-06T18:00:45+00:00\",\"dateModified\":\"2021-05-06T19:14:31+00:00\",\"description\":\"Deputado e alunos de Medicina reivindicavam ao reitor a manuten\u00e7\u00e3o este ano da medida aprovada para vigorar em 2020 por conta da pandemia.\",\"breadcrumb\":{\"@id\":\"https:\\\/\\\/vanderloubet.com.br\\\/deputado\\\/com-apoio-de-vander-cursos-de-saude-da-ufms-poderao-antecipar-formaturas\\\/#breadcrumb\"},\"inLanguage\":\"pt-BR\",\"potentialAction\":[{\"@type\":\"ReadAction\",\"target\":[\"https:\\\/\\\/vanderloubet.com.br\\\/deputado\\\/com-apoio-de-vander-cursos-de-saude-da-ufms-poderao-antecipar-formaturas\\\/\"]}]},{\"@type\":\"ImageObject\",\"inLanguage\":\"pt-BR\",\"@id\":\"https:\\\/\\\/vanderloubet.com.br\\\/deputado\\\/com-apoio-de-vander-cursos-de-saude-da-ufms-poderao-antecipar-formaturas\\\/#primaryimage\",\"url\":\"https:\\\/\\\/vanderloubet.com.br\\\/deputado\\\/wp-content\\\/uploads\\\/2021\\\/05\\\/foto-2021-04-26-reuniao-ufms-04.jpg\",\"contentUrl\":\"https:\\\/\\\/vanderloubet.com.br\\\/deputado\\\/wp-content\\\/uploads\\\/2021\\\/05\\\/foto-2021-04-26-reuniao-ufms-04.jpg\",\"width\":1280,\"height\":853,\"caption\":\"Reuni\u00e3o de Vander e alunos de Medicina com o reitor tratou da antecipa\u00e7\u00e3o das formaturas dos cursos de sa\u00fade\"},{\"@type\":\"BreadcrumbList\",\"@id\":\"https:\\\/\\\/vanderloubet.com.br\\\/deputado\\\/com-apoio-de-vander-cursos-de-saude-da-ufms-poderao-antecipar-formaturas\\\/#breadcrumb\",\"itemListElement\":[{\"@type\":\"ListItem\",\"position\":1,\"name\":\"In\u00edcio\",\"item\":\"https:\\\/\\\/vanderloubet.com.br\\\/deputado\\\/\"},{\"@type\":\"ListItem\",\"position\":2,\"name\":\"Com apoio de Vander, cursos de sa\u00fade da UFMS poder\u00e3o antecipar formaturas\"}]},{\"@type\":\"WebSite\",\"@id\":\"https:\\\/\\\/vanderloubet.com.br\\\/deputado\\\/#website\",\"url\":\"https:\\\/\\\/vanderloubet.com.br\\\/deputado\\\/\",\"name\":\"Deputado Federal Vander Loubet\",\"description\":\"O Federal de MS\",\"publisher\":{\"@id\":\"https:\\\/\\\/vanderloubet.com.br\\\/deputado\\\/#organization\"},\"alternateName\":\"Deputado Vander\",\"potentialAction\":[{\"@type\":\"SearchAction\",\"target\":{\"@type\":\"EntryPoint\",\"urlTemplate\":\"https:\\\/\\\/vanderloubet.com.br\\\/deputado\\\/?s={search_term_string}\"},\"query-input\":{\"@type\":\"PropertyValueSpecification\",\"valueRequired\":true,\"valueName\":\"search_term_string\"}}],\"inLanguage\":\"pt-BR\"},{\"@type\":\"Organization\",\"@id\":\"https:\\\/\\\/vanderloubet.com.br\\\/deputado\\\/#organization\",\"name\":\"Deputado Federal Vander Loubet\",\"alternateName\":\"Deputado Vander\",\"url\":\"https:\\\/\\\/vanderloubet.com.br\\\/deputado\\\/\",\"logo\":{\"@type\":\"ImageObject\",\"inLanguage\":\"pt-BR\",\"@id\":\"https:\\\/\\\/vanderloubet.com.br\\\/deputado\\\/#\\\/schema\\\/logo\\\/image\\\/\",\"url\":\"https:\\\/\\\/vanderloubet.com.br\\\/deputado\\\/wp-content\\\/uploads\\\/2023\\\/06\\\/foto-2023-06-19-mandato-deputado-vander.jpg\",\"contentUrl\":\"https:\\\/\\\/vanderloubet.com.br\\\/deputado\\\/wp-content\\\/uploads\\\/2023\\\/06\\\/foto-2023-06-19-mandato-deputado-vander.jpg\",\"width\":1080,\"height\":1080,\"caption\":\"Deputado Federal Vander Loubet\"},\"image\":{\"@id\":\"https:\\\/\\\/vanderloubet.com.br\\\/deputado\\\/#\\\/schema\\\/logo\\\/image\\\/\"},\"sameAs\":[\"https:\\\/\\\/facebook.com\\\/deputadovander\",\"https:\\\/\\\/x.com\\\/vanderloubet\",\"https:\\\/\\\/instagram.com\\\/vanderloubet\",\"https:\\\/\\\/youtube.com\\\/vanderloubet\",\"https:\\\/\\\/tiktok.com\\\/@vanderloubetms\"]},{\"@type\":\"Person\",\"@id\":\"https:\\\/\\\/vanderloubet.com.br\\\/deputado\\\/#\\\/schema\\\/person\\\/15b51bd564532a8a68d9dec1b8eb890e\",\"name\":\"\u00c9der\",\"image\":{\"@type\":\"ImageObject\",\"inLanguage\":\"pt-BR\",\"@id\":\"https:\\\/\\\/vanderloubet.com.br\\\/deputado\\\/wp-content\\\/litespeed\\\/avatar\\\/88ca4090d9d5ab1c9495f6ca03b68efa.jpg?ver=1777058957\",\"url\":\"https:\\\/\\\/vanderloubet.com.br\\\/deputado\\\/wp-content\\\/litespeed\\\/avatar\\\/88ca4090d9d5ab1c9495f6ca03b68efa.jpg?ver=1777058957\",\"contentUrl\":\"https:\\\/\\\/vanderloubet.com.br\\\/deputado\\\/wp-content\\\/litespeed\\\/avatar\\\/88ca4090d9d5ab1c9495f6ca03b68efa.jpg?ver=1777058957\",\"caption\":\"\u00c9der\"}}]}<\/script>\n<!-- \/ Yoast SEO plugin. -->","yoast_head_json":{"title":"Com apoio de Vander, cursos de sa\u00fade da UFMS poder\u00e3o antecipar formaturas","description":"Deputado e alunos de Medicina reivindicavam ao reitor a manuten\u00e7\u00e3o este ano da medida aprovada para vigorar em 2020 por conta da pandemia.","robots":{"index":"index","follow":"follow","max-snippet":"max-snippet:-1","max-image-preview":"max-image-preview:large","max-video-preview":"max-video-preview:-1"},"canonical":"https:\/\/vanderloubet.com.br\/deputado\/com-apoio-de-vander-cursos-de-saude-da-ufms-poderao-antecipar-formaturas\/","og_locale":"pt_BR","og_type":"article","og_title":"Com apoio de Vander, cursos de sa\u00fade da UFMS poder\u00e3o antecipar formaturas","og_description":"Deputado e alunos de Medicina reivindicavam ao reitor a manuten\u00e7\u00e3o este ano da medida aprovada para vigorar em 2020 por conta da pandemia.","og_url":"https:\/\/vanderloubet.com.br\/deputado\/com-apoio-de-vander-cursos-de-saude-da-ufms-poderao-antecipar-formaturas\/","og_site_name":"Deputado Federal Vander Loubet","article_publisher":"https:\/\/facebook.com\/deputadovander","article_published_time":"2021-05-06T18:00:45+00:00","article_modified_time":"2021-05-06T19:14:31+00:00","og_image":[{"width":1280,"height":853,"url":"https:\/\/vanderloubet.com.br\/deputado\/wp-content\/uploads\/2021\/05\/foto-2021-04-26-reuniao-ufms-04.jpg","type":"image\/jpeg"}],"author":"\u00c9der","twitter_card":"summary_large_image","twitter_creator":"@vanderloubet","twitter_site":"@vanderloubet","schema":{"@context":"https:\/\/schema.org","@graph":[{"@type":"Article","@id":"https:\/\/vanderloubet.com.br\/deputado\/com-apoio-de-vander-cursos-de-saude-da-ufms-poderao-antecipar-formaturas\/#article","isPartOf":{"@id":"https:\/\/vanderloubet.com.br\/deputado\/com-apoio-de-vander-cursos-de-saude-da-ufms-poderao-antecipar-formaturas\/"},"author":{"name":"\u00c9der","@id":"https:\/\/vanderloubet.com.br\/deputado\/#\/schema\/person\/15b51bd564532a8a68d9dec1b8eb890e"},"headline":"Com apoio de Vander, cursos de sa\u00fade da UFMS poder\u00e3o antecipar formaturas","datePublished":"2021-05-06T18:00:45+00:00","dateModified":"2021-05-06T19:14:31+00:00","mainEntityOfPage":{"@id":"https:\/\/vanderloubet.com.br\/deputado\/com-apoio-de-vander-cursos-de-saude-da-ufms-poderao-antecipar-formaturas\/"},"wordCount":654,"publisher":{"@id":"https:\/\/vanderloubet.com.br\/deputado\/#organization"},"image":{"@id":"https:\/\/vanderloubet.com.br\/deputado\/com-apoio-de-vander-cursos-de-saude-da-ufms-poderao-antecipar-formaturas\/#primaryimage"},"thumbnailUrl":"https:\/\/vanderloubet.com.br\/deputado\/wp-content\/uploads\/2021\/05\/foto-2021-04-26-reuniao-ufms-04.jpg","keywords":["covid-19","educa\u00e7\u00e3o","ensino superior","pandemia","sa\u00fade"],"articleSection":["Mato Grosso do Sul","Not\u00edcias"],"inLanguage":"pt-BR"},{"@type":"WebPage","@id":"https:\/\/vanderloubet.com.br\/deputado\/com-apoio-de-vander-cursos-de-saude-da-ufms-poderao-antecipar-formaturas\/","url":"https:\/\/vanderloubet.com.br\/deputado\/com-apoio-de-vander-cursos-de-saude-da-ufms-poderao-antecipar-formaturas\/","name":"Com apoio de Vander, cursos de sa\u00fade da UFMS poder\u00e3o antecipar formaturas","isPartOf":{"@id":"https:\/\/vanderloubet.com.br\/deputado\/#website"},"primaryImageOfPage":{"@id":"https:\/\/vanderloubet.com.br\/deputado\/com-apoio-de-vander-cursos-de-saude-da-ufms-poderao-antecipar-formaturas\/#primaryimage"},"image":{"@id":"https:\/\/vanderloubet.com.br\/deputado\/com-apoio-de-vander-cursos-de-saude-da-ufms-poderao-antecipar-formaturas\/#primaryimage"},"thumbnailUrl":"https:\/\/vanderloubet.com.br\/deputado\/wp-content\/uploads\/2021\/05\/foto-2021-04-26-reuniao-ufms-04.jpg","datePublished":"2021-05-06T18:00:45+00:00","dateModified":"2021-05-06T19:14:31+00:00","description":"Deputado e alunos de Medicina reivindicavam ao reitor a manuten\u00e7\u00e3o este ano da medida aprovada para vigorar em 2020 por conta da pandemia.","breadcrumb":{"@id":"https:\/\/vanderloubet.com.br\/deputado\/com-apoio-de-vander-cursos-de-saude-da-ufms-poderao-antecipar-formaturas\/#breadcrumb"},"inLanguage":"pt-BR","potentialAction":[{"@type":"ReadAction","target":["https:\/\/vanderloubet.com.br\/deputado\/com-apoio-de-vander-cursos-de-saude-da-ufms-poderao-antecipar-formaturas\/"]}]},{"@type":"ImageObject","inLanguage":"pt-BR","@id":"https:\/\/vanderloubet.com.br\/deputado\/com-apoio-de-vander-cursos-de-saude-da-ufms-poderao-antecipar-formaturas\/#primaryimage","url":"https:\/\/vanderloubet.com.br\/deputado\/wp-content\/uploads\/2021\/05\/foto-2021-04-26-reuniao-ufms-04.jpg","contentUrl":"https:\/\/vanderloubet.com.br\/deputado\/wp-content\/uploads\/2021\/05\/foto-2021-04-26-reuniao-ufms-04.jpg","width":1280,"height":853,"caption":"Reuni\u00e3o de Vander e alunos de Medicina com o reitor tratou da antecipa\u00e7\u00e3o das formaturas dos cursos de sa\u00fade"},{"@type":"BreadcrumbList","@id":"https:\/\/vanderloubet.com.br\/deputado\/com-apoio-de-vander-cursos-de-saude-da-ufms-poderao-antecipar-formaturas\/#breadcrumb","itemListElement":[{"@type":"ListItem","position":1,"name":"In\u00edcio","item":"https:\/\/vanderloubet.com.br\/deputado\/"},{"@type":"ListItem","position":2,"name":"Com apoio de Vander, cursos de sa\u00fade da UFMS poder\u00e3o antecipar formaturas"}]},{"@type":"WebSite","@id":"https:\/\/vanderloubet.com.br\/deputado\/#website","url":"https:\/\/vanderloubet.com.br\/deputado\/","name":"Deputado Federal Vander Loubet","description":"O Federal de MS","publisher":{"@id":"https:\/\/vanderloubet.com.br\/deputado\/#organization"},"alternateName":"Deputado Vander","potentialAction":[{"@type":"SearchAction","target":{"@type":"EntryPoint","urlTemplate":"https:\/\/vanderloubet.com.br\/deputado\/?s={search_term_string}"},"query-input":{"@type":"PropertyValueSpecification","valueRequired":true,"valueName":"search_term_string"}}],"inLanguage":"pt-BR"},{"@type":"Organization","@id":"https:\/\/vanderloubet.com.br\/deputado\/#organization","name":"Deputado Federal Vander Loubet","alternateName":"Deputado Vander","url":"https:\/\/vanderloubet.com.br\/deputado\/","logo":{"@type":"ImageObject","inLanguage":"pt-BR","@id":"https:\/\/vanderloubet.com.br\/deputado\/#\/schema\/logo\/image\/","url":"https:\/\/vanderloubet.com.br\/deputado\/wp-content\/uploads\/2023\/06\/foto-2023-06-19-mandato-deputado-vander.jpg","contentUrl":"https:\/\/vanderloubet.com.br\/deputado\/wp-content\/uploads\/2023\/06\/foto-2023-06-19-mandato-deputado-vander.jpg","width":1080,"height":1080,"caption":"Deputado Federal Vander Loubet"},"image":{"@id":"https:\/\/vanderloubet.com.br\/deputado\/#\/schema\/logo\/image\/"},"sameAs":["https:\/\/facebook.com\/deputadovander","https:\/\/x.com\/vanderloubet","https:\/\/instagram.com\/vanderloubet","https:\/\/youtube.com\/vanderloubet","https:\/\/tiktok.com\/@vanderloubetms"]},{"@type":"Person","@id":"https:\/\/vanderloubet.com.br\/deputado\/#\/schema\/person\/15b51bd564532a8a68d9dec1b8eb890e","name":"\u00c9der","image":{"@type":"ImageObject","inLanguage":"pt-BR","@id":"https:\/\/vanderloubet.com.br\/deputado\/wp-content\/litespeed\/avatar\/88ca4090d9d5ab1c9495f6ca03b68efa.jpg?ver=1777058957","url":"https:\/\/vanderloubet.com.br\/deputado\/wp-content\/litespeed\/avatar\/88ca4090d9d5ab1c9495f6ca03b68efa.jpg?ver=1777058957","contentUrl":"https:\/\/vanderloubet.com.br\/deputado\/wp-content\/litespeed\/avatar\/88ca4090d9d5ab1c9495f6ca03b68efa.jpg?ver=1777058957","caption":"\u00c9der"}}]}},"jetpack_featured_media_url":"https:\/\/vanderloubet.com.br\/deputado\/wp-content\/uploads\/2021\/05\/foto-2021-04-26-reuniao-ufms-04.jpg","jetpack_sharing_enabled":true,"_links":{"self":[{"href":"https:\/\/vanderloubet.com.br\/deputado\/wp-json\/wp\/v2\/posts\/17208","targetHints":{"allow":["GET"]}}],"collection":[{"href":"https:\/\/vanderloubet.com.br\/deputado\/wp-json\/wp\/v2\/posts"}],"about":[{"href":"https:\/\/vanderloubet.com.br\/deputado\/wp-json\/wp\/v2\/types\/post"}],"author":[{"embeddable":true,"href":"https:\/\/vanderloubet.com.br\/deputado\/wp-json\/wp\/v2\/users\/2"}],"replies":[{"embeddable":true,"href":"https:\/\/vanderloubet.com.br\/deputado\/wp-json\/wp\/v2\/comments?post=17208"}],"version-history":[{"count":0,"href":"https:\/\/vanderloubet.com.br\/deputado\/wp-json\/wp\/v2\/posts\/17208\/revisions"}],"wp:featuredmedia":[{"embeddable":true,"href":"https:\/\/vanderloubet.com.br\/deputado\/wp-json\/wp\/v2\/media\/17212"}],"wp:attachment":[{"href":"https:\/\/vanderloubet.com.br\/deputado\/wp-json\/wp\/v2\/media?parent=17208"}],"wp:term":[{"taxonomy":"category","embeddable":true,"href":"https:\/\/vanderloubet.com.br\/deputado\/wp-json\/wp\/v2\/categories?post=17208"},{"taxonomy":"post_tag","embeddable":true,"href":"https:\/\/vanderloubet.com.br\/deputado\/wp-json\/wp\/v2\/tags?post=17208"}],"curies":[{"name":"wp","href":"https:\/\/api.w.org\/{rel}","templated":true}]}}