{"id":17204,"date":"2021-05-06T09:00:06","date_gmt":"2021-05-06T13:00:06","guid":{"rendered":"http:\/\/vanderloubet.com.br\/deputado\/?p=17204"},"modified":"2021-05-06T11:29:16","modified_gmt":"2021-05-06T15:29:16","slug":"vander-reafirma-compromisso-em-defesa-do-piso-salarial-da-enfermagem","status":"publish","type":"post","link":"https:\/\/vanderloubet.com.br\/deputado\/vander-reafirma-compromisso-em-defesa-do-piso-salarial-da-enfermagem\/","title":{"rendered":"Vander reafirma compromisso em defesa do piso salarial da Enfermagem"},"content":{"rendered":"<p><iframe title=\"Vander reafirma compromisso com piso salarial da Enfermagem\" width=\"696\" height=\"392\" src=\"https:\/\/www.youtube.com\/embed\/U9oDnlYBUts?feature=oembed\" frameborder=\"0\" allow=\"accelerometer; autoplay; clipboard-write; encrypted-media; gyroscope; picture-in-picture\" allowfullscreen><\/iframe><\/p>\n","protected":false},"excerpt":{"rendered":"<p>Deputado acredita que PL 2564\/20 ser\u00e1 aprovado no Senado e que a categoria pode contar com seu voto a favor do projeto na C\u00e2mara.<\/p>\n","protected":false},"author":2,"featured_media":17205,"comment_status":"closed","ping_status":"closed","sticky":false,"template":"","format":"video","meta":{"jetpack_post_was_ever_published":false,"_jetpack_newsletter_access":"","_jetpack_dont_email_post_to_subs":false,"_jetpack_newsletter_tier_id":0,"_jetpack_memberships_contains_paywalled_content":false,"_jetpack_memberships_contains_paid_content":false,"footnotes":""},"categories":[2098,2101,10,12],"tags":[2452,2266,1635,1803],"class_list":{"0":"post-17204","1":"post","2":"type-post","3":"status-publish","4":"format-video","5":"has-post-thumbnail","7":"category-brasil-noticias","8":"category-multimidia","9":"category-noticias","10":"category-videos","11":"tag-enfermagem","12":"tag-piso-salarial","13":"tag-projeto-de-lei","14":"tag-saude","15":"post_format-post-format-video"},"yoast_head":"<!-- This site is optimized with the Yoast SEO plugin v27.4 - https:\/\/yoast.com\/product\/yoast-seo-wordpress\/ -->\n<title>Vander reafirma compromisso em defesa do piso salarial da Enfermagem<\/title>\n<meta name=\"description\" content=\"Deputado acredita que PL 2564\/20 ser\u00e1 aprovado no Senado e que a categoria pode contar com seu voto a favor do projeto na C\u00e2mara.\" \/>\n<meta name=\"robots\" content=\"index, follow, max-snippet:-1, max-image-preview:large, max-video-preview:-1\" \/>\n<link rel=\"canonical\" href=\"https:\/\/vanderloubet.com.br\/deputado\/vander-reafirma-compromisso-em-defesa-do-piso-salarial-da-enfermagem\/\" \/>\n<meta property=\"og:locale\" content=\"pt_BR\" \/>\n<meta property=\"og:type\" content=\"article\" \/>\n<meta property=\"og:title\" content=\"Vander reafirma compromisso em defesa do piso salarial da Enfermagem\" \/>\n<meta property=\"og:description\" content=\"Deputado acredita que PL 2564\/20 ser\u00e1 aprovado no Senado e que a categoria pode contar com seu voto a favor do projeto na C\u00e2mara.\" \/>\n<meta property=\"og:url\" content=\"https:\/\/vanderloubet.com.br\/deputado\/vander-reafirma-compromisso-em-defesa-do-piso-salarial-da-enfermagem\/\" \/>\n<meta property=\"og:site_name\" content=\"Deputado Federal Vander Loubet\" \/>\n<meta property=\"article:publisher\" content=\"https:\/\/facebook.com\/deputadovander\" \/>\n<meta property=\"article:published_time\" content=\"2021-05-06T13:00:06+00:00\" \/>\n<meta property=\"article:modified_time\" content=\"2021-05-06T15:29:16+00:00\" \/>\n<meta property=\"og:image\" content=\"https:\/\/vanderloubet.com.br\/deputado\/wp-content\/uploads\/2021\/05\/foto-2021-05-06-dep-vander-piso-salarial-enfermagem.jpg\" \/>\n\t<meta property=\"og:image:width\" content=\"854\" \/>\n\t<meta property=\"og:image:height\" content=\"480\" \/>\n\t<meta property=\"og:image:type\" content=\"image\/jpeg\" \/>\n<meta name=\"author\" content=\"\u00c9der\" \/>\n<meta name=\"twitter:card\" content=\"summary_large_image\" \/>\n<meta name=\"twitter:creator\" content=\"@vanderloubet\" \/>\n<meta name=\"twitter:site\" content=\"@vanderloubet\" \/>\n<script type=\"application\/ld+json\" class=\"yoast-schema-graph\">{\"@context\":\"https:\\\/\\\/schema.org\",\"@graph\":[{\"@type\":\"Article\",\"@id\":\"https:\\\/\\\/vanderloubet.com.br\\\/deputado\\\/vander-reafirma-compromisso-em-defesa-do-piso-salarial-da-enfermagem\\\/#article\",\"isPartOf\":{\"@id\":\"https:\\\/\\\/vanderloubet.com.br\\\/deputado\\\/vander-reafirma-compromisso-em-defesa-do-piso-salarial-da-enfermagem\\\/\"},\"author\":{\"name\":\"\u00c9der\",\"@id\":\"https:\\\/\\\/vanderloubet.com.br\\\/deputado\\\/#\\\/schema\\\/person\\\/15b51bd564532a8a68d9dec1b8eb890e\"},\"headline\":\"Vander reafirma compromisso em defesa do piso salarial da Enfermagem\",\"datePublished\":\"2021-05-06T13:00:06+00:00\",\"dateModified\":\"2021-05-06T15:29:16+00:00\",\"mainEntityOfPage\":{\"@id\":\"https:\\\/\\\/vanderloubet.com.br\\\/deputado\\\/vander-reafirma-compromisso-em-defesa-do-piso-salarial-da-enfermagem\\\/\"},\"wordCount\":15,\"publisher\":{\"@id\":\"https:\\\/\\\/vanderloubet.com.br\\\/deputado\\\/#organization\"},\"image\":{\"@id\":\"https:\\\/\\\/vanderloubet.com.br\\\/deputado\\\/vander-reafirma-compromisso-em-defesa-do-piso-salarial-da-enfermagem\\\/#primaryimage\"},\"thumbnailUrl\":\"https:\\\/\\\/vanderloubet.com.br\\\/deputado\\\/wp-content\\\/uploads\\\/2021\\\/05\\\/foto-2021-05-06-dep-vander-piso-salarial-enfermagem.jpg\",\"keywords\":[\"enfermagem\",\"piso salarial\",\"projeto de lei\",\"sa\u00fade\"],\"articleSection\":[\"Brasil\",\"Multim\u00eddia\",\"Not\u00edcias\",\"V\u00eddeos\"],\"inLanguage\":\"pt-BR\"},{\"@type\":\"WebPage\",\"@id\":\"https:\\\/\\\/vanderloubet.com.br\\\/deputado\\\/vander-reafirma-compromisso-em-defesa-do-piso-salarial-da-enfermagem\\\/\",\"url\":\"https:\\\/\\\/vanderloubet.com.br\\\/deputado\\\/vander-reafirma-compromisso-em-defesa-do-piso-salarial-da-enfermagem\\\/\",\"name\":\"Vander reafirma compromisso em defesa do piso salarial da Enfermagem\",\"isPartOf\":{\"@id\":\"https:\\\/\\\/vanderloubet.com.br\\\/deputado\\\/#website\"},\"primaryImageOfPage\":{\"@id\":\"https:\\\/\\\/vanderloubet.com.br\\\/deputado\\\/vander-reafirma-compromisso-em-defesa-do-piso-salarial-da-enfermagem\\\/#primaryimage\"},\"image\":{\"@id\":\"https:\\\/\\\/vanderloubet.com.br\\\/deputado\\\/vander-reafirma-compromisso-em-defesa-do-piso-salarial-da-enfermagem\\\/#primaryimage\"},\"thumbnailUrl\":\"https:\\\/\\\/vanderloubet.com.br\\\/deputado\\\/wp-content\\\/uploads\\\/2021\\\/05\\\/foto-2021-05-06-dep-vander-piso-salarial-enfermagem.jpg\",\"datePublished\":\"2021-05-06T13:00:06+00:00\",\"dateModified\":\"2021-05-06T15:29:16+00:00\",\"description\":\"Deputado acredita que PL 2564\\\/20 ser\u00e1 aprovado no Senado e que a categoria pode contar com seu voto a favor do projeto na C\u00e2mara.\",\"breadcrumb\":{\"@id\":\"https:\\\/\\\/vanderloubet.com.br\\\/deputado\\\/vander-reafirma-compromisso-em-defesa-do-piso-salarial-da-enfermagem\\\/#breadcrumb\"},\"inLanguage\":\"pt-BR\",\"potentialAction\":[{\"@type\":\"ReadAction\",\"target\":[\"https:\\\/\\\/vanderloubet.com.br\\\/deputado\\\/vander-reafirma-compromisso-em-defesa-do-piso-salarial-da-enfermagem\\\/\"]}]},{\"@type\":\"ImageObject\",\"inLanguage\":\"pt-BR\",\"@id\":\"https:\\\/\\\/vanderloubet.com.br\\\/deputado\\\/vander-reafirma-compromisso-em-defesa-do-piso-salarial-da-enfermagem\\\/#primaryimage\",\"url\":\"https:\\\/\\\/vanderloubet.com.br\\\/deputado\\\/wp-content\\\/uploads\\\/2021\\\/05\\\/foto-2021-05-06-dep-vander-piso-salarial-enfermagem.jpg\",\"contentUrl\":\"https:\\\/\\\/vanderloubet.com.br\\\/deputado\\\/wp-content\\\/uploads\\\/2021\\\/05\\\/foto-2021-05-06-dep-vander-piso-salarial-enfermagem.jpg\",\"width\":854,\"height\":480,\"caption\":\"Vander reafirma compromisso em defesa do piso salarial da Enfermagem\"},{\"@type\":\"BreadcrumbList\",\"@id\":\"https:\\\/\\\/vanderloubet.com.br\\\/deputado\\\/vander-reafirma-compromisso-em-defesa-do-piso-salarial-da-enfermagem\\\/#breadcrumb\",\"itemListElement\":[{\"@type\":\"ListItem\",\"position\":1,\"name\":\"In\u00edcio\",\"item\":\"https:\\\/\\\/vanderloubet.com.br\\\/deputado\\\/\"},{\"@type\":\"ListItem\",\"position\":2,\"name\":\"Vander reafirma compromisso em defesa do piso salarial da Enfermagem\"}]},{\"@type\":\"WebSite\",\"@id\":\"https:\\\/\\\/vanderloubet.com.br\\\/deputado\\\/#website\",\"url\":\"https:\\\/\\\/vanderloubet.com.br\\\/deputado\\\/\",\"name\":\"Deputado Federal Vander Loubet\",\"description\":\"O Federal de MS\",\"publisher\":{\"@id\":\"https:\\\/\\\/vanderloubet.com.br\\\/deputado\\\/#organization\"},\"alternateName\":\"Deputado Vander\",\"potentialAction\":[{\"@type\":\"SearchAction\",\"target\":{\"@type\":\"EntryPoint\",\"urlTemplate\":\"https:\\\/\\\/vanderloubet.com.br\\\/deputado\\\/?s={search_term_string}\"},\"query-input\":{\"@type\":\"PropertyValueSpecification\",\"valueRequired\":true,\"valueName\":\"search_term_string\"}}],\"inLanguage\":\"pt-BR\"},{\"@type\":\"Organization\",\"@id\":\"https:\\\/\\\/vanderloubet.com.br\\\/deputado\\\/#organization\",\"name\":\"Deputado Federal Vander Loubet\",\"alternateName\":\"Deputado Vander\",\"url\":\"https:\\\/\\\/vanderloubet.com.br\\\/deputado\\\/\",\"logo\":{\"@type\":\"ImageObject\",\"inLanguage\":\"pt-BR\",\"@id\":\"https:\\\/\\\/vanderloubet.com.br\\\/deputado\\\/#\\\/schema\\\/logo\\\/image\\\/\",\"url\":\"https:\\\/\\\/vanderloubet.com.br\\\/deputado\\\/wp-content\\\/uploads\\\/2023\\\/06\\\/foto-2023-06-19-mandato-deputado-vander.jpg\",\"contentUrl\":\"https:\\\/\\\/vanderloubet.com.br\\\/deputado\\\/wp-content\\\/uploads\\\/2023\\\/06\\\/foto-2023-06-19-mandato-deputado-vander.jpg\",\"width\":1080,\"height\":1080,\"caption\":\"Deputado Federal Vander Loubet\"},\"image\":{\"@id\":\"https:\\\/\\\/vanderloubet.com.br\\\/deputado\\\/#\\\/schema\\\/logo\\\/image\\\/\"},\"sameAs\":[\"https:\\\/\\\/facebook.com\\\/deputadovander\",\"https:\\\/\\\/x.com\\\/vanderloubet\",\"https:\\\/\\\/instagram.com\\\/vanderloubet\",\"https:\\\/\\\/youtube.com\\\/vanderloubet\",\"https:\\\/\\\/tiktok.com\\\/@vanderloubetms\"]},{\"@type\":\"Person\",\"@id\":\"https:\\\/\\\/vanderloubet.com.br\\\/deputado\\\/#\\\/schema\\\/person\\\/15b51bd564532a8a68d9dec1b8eb890e\",\"name\":\"\u00c9der\",\"image\":{\"@type\":\"ImageObject\",\"inLanguage\":\"pt-BR\",\"@id\":\"https:\\\/\\\/vanderloubet.com.br\\\/deputado\\\/wp-content\\\/litespeed\\\/avatar\\\/88ca4090d9d5ab1c9495f6ca03b68efa.jpg?ver=1777058957\",\"url\":\"https:\\\/\\\/vanderloubet.com.br\\\/deputado\\\/wp-content\\\/litespeed\\\/avatar\\\/88ca4090d9d5ab1c9495f6ca03b68efa.jpg?ver=1777058957\",\"contentUrl\":\"https:\\\/\\\/vanderloubet.com.br\\\/deputado\\\/wp-content\\\/litespeed\\\/avatar\\\/88ca4090d9d5ab1c9495f6ca03b68efa.jpg?ver=1777058957\",\"caption\":\"\u00c9der\"}}]}<\/script>\n<!-- \/ Yoast SEO plugin. -->","yoast_head_json":{"title":"Vander reafirma compromisso em defesa do piso salarial da Enfermagem","description":"Deputado acredita que PL 2564\/20 ser\u00e1 aprovado no Senado e que a categoria pode contar com seu voto a favor do projeto na C\u00e2mara.","robots":{"index":"index","follow":"follow","max-snippet":"max-snippet:-1","max-image-preview":"max-image-preview:large","max-video-preview":"max-video-preview:-1"},"canonical":"https:\/\/vanderloubet.com.br\/deputado\/vander-reafirma-compromisso-em-defesa-do-piso-salarial-da-enfermagem\/","og_locale":"pt_BR","og_type":"article","og_title":"Vander reafirma compromisso em defesa do piso salarial da Enfermagem","og_description":"Deputado acredita que PL 2564\/20 ser\u00e1 aprovado no Senado e que a categoria pode contar com seu voto a favor do projeto na C\u00e2mara.","og_url":"https:\/\/vanderloubet.com.br\/deputado\/vander-reafirma-compromisso-em-defesa-do-piso-salarial-da-enfermagem\/","og_site_name":"Deputado Federal Vander Loubet","article_publisher":"https:\/\/facebook.com\/deputadovander","article_published_time":"2021-05-06T13:00:06+00:00","article_modified_time":"2021-05-06T15:29:16+00:00","og_image":[{"width":854,"height":480,"url":"https:\/\/vanderloubet.com.br\/deputado\/wp-content\/uploads\/2021\/05\/foto-2021-05-06-dep-vander-piso-salarial-enfermagem.jpg","type":"image\/jpeg"}],"author":"\u00c9der","twitter_card":"summary_large_image","twitter_creator":"@vanderloubet","twitter_site":"@vanderloubet","schema":{"@context":"https:\/\/schema.org","@graph":[{"@type":"Article","@id":"https:\/\/vanderloubet.com.br\/deputado\/vander-reafirma-compromisso-em-defesa-do-piso-salarial-da-enfermagem\/#article","isPartOf":{"@id":"https:\/\/vanderloubet.com.br\/deputado\/vander-reafirma-compromisso-em-defesa-do-piso-salarial-da-enfermagem\/"},"author":{"name":"\u00c9der","@id":"https:\/\/vanderloubet.com.br\/deputado\/#\/schema\/person\/15b51bd564532a8a68d9dec1b8eb890e"},"headline":"Vander reafirma compromisso em defesa do piso salarial da Enfermagem","datePublished":"2021-05-06T13:00:06+00:00","dateModified":"2021-05-06T15:29:16+00:00","mainEntityOfPage":{"@id":"https:\/\/vanderloubet.com.br\/deputado\/vander-reafirma-compromisso-em-defesa-do-piso-salarial-da-enfermagem\/"},"wordCount":15,"publisher":{"@id":"https:\/\/vanderloubet.com.br\/deputado\/#organization"},"image":{"@id":"https:\/\/vanderloubet.com.br\/deputado\/vander-reafirma-compromisso-em-defesa-do-piso-salarial-da-enfermagem\/#primaryimage"},"thumbnailUrl":"https:\/\/vanderloubet.com.br\/deputado\/wp-content\/uploads\/2021\/05\/foto-2021-05-06-dep-vander-piso-salarial-enfermagem.jpg","keywords":["enfermagem","piso salarial","projeto de lei","sa\u00fade"],"articleSection":["Brasil","Multim\u00eddia","Not\u00edcias","V\u00eddeos"],"inLanguage":"pt-BR"},{"@type":"WebPage","@id":"https:\/\/vanderloubet.com.br\/deputado\/vander-reafirma-compromisso-em-defesa-do-piso-salarial-da-enfermagem\/","url":"https:\/\/vanderloubet.com.br\/deputado\/vander-reafirma-compromisso-em-defesa-do-piso-salarial-da-enfermagem\/","name":"Vander reafirma compromisso em defesa do piso salarial da Enfermagem","isPartOf":{"@id":"https:\/\/vanderloubet.com.br\/deputado\/#website"},"primaryImageOfPage":{"@id":"https:\/\/vanderloubet.com.br\/deputado\/vander-reafirma-compromisso-em-defesa-do-piso-salarial-da-enfermagem\/#primaryimage"},"image":{"@id":"https:\/\/vanderloubet.com.br\/deputado\/vander-reafirma-compromisso-em-defesa-do-piso-salarial-da-enfermagem\/#primaryimage"},"thumbnailUrl":"https:\/\/vanderloubet.com.br\/deputado\/wp-content\/uploads\/2021\/05\/foto-2021-05-06-dep-vander-piso-salarial-enfermagem.jpg","datePublished":"2021-05-06T13:00:06+00:00","dateModified":"2021-05-06T15:29:16+00:00","description":"Deputado acredita que PL 2564\/20 ser\u00e1 aprovado no Senado e que a categoria pode contar com seu voto a favor do projeto na C\u00e2mara.","breadcrumb":{"@id":"https:\/\/vanderloubet.com.br\/deputado\/vander-reafirma-compromisso-em-defesa-do-piso-salarial-da-enfermagem\/#breadcrumb"},"inLanguage":"pt-BR","potentialAction":[{"@type":"ReadAction","target":["https:\/\/vanderloubet.com.br\/deputado\/vander-reafirma-compromisso-em-defesa-do-piso-salarial-da-enfermagem\/"]}]},{"@type":"ImageObject","inLanguage":"pt-BR","@id":"https:\/\/vanderloubet.com.br\/deputado\/vander-reafirma-compromisso-em-defesa-do-piso-salarial-da-enfermagem\/#primaryimage","url":"https:\/\/vanderloubet.com.br\/deputado\/wp-content\/uploads\/2021\/05\/foto-2021-05-06-dep-vander-piso-salarial-enfermagem.jpg","contentUrl":"https:\/\/vanderloubet.com.br\/deputado\/wp-content\/uploads\/2021\/05\/foto-2021-05-06-dep-vander-piso-salarial-enfermagem.jpg","width":854,"height":480,"caption":"Vander reafirma compromisso em defesa do piso salarial da Enfermagem"},{"@type":"BreadcrumbList","@id":"https:\/\/vanderloubet.com.br\/deputado\/vander-reafirma-compromisso-em-defesa-do-piso-salarial-da-enfermagem\/#breadcrumb","itemListElement":[{"@type":"ListItem","position":1,"name":"In\u00edcio","item":"https:\/\/vanderloubet.com.br\/deputado\/"},{"@type":"ListItem","position":2,"name":"Vander reafirma compromisso em defesa do piso salarial da Enfermagem"}]},{"@type":"WebSite","@id":"https:\/\/vanderloubet.com.br\/deputado\/#website","url":"https:\/\/vanderloubet.com.br\/deputado\/","name":"Deputado Federal Vander Loubet","description":"O Federal de MS","publisher":{"@id":"https:\/\/vanderloubet.com.br\/deputado\/#organization"},"alternateName":"Deputado Vander","potentialAction":[{"@type":"SearchAction","target":{"@type":"EntryPoint","urlTemplate":"https:\/\/vanderloubet.com.br\/deputado\/?s={search_term_string}"},"query-input":{"@type":"PropertyValueSpecification","valueRequired":true,"valueName":"search_term_string"}}],"inLanguage":"pt-BR"},{"@type":"Organization","@id":"https:\/\/vanderloubet.com.br\/deputado\/#organization","name":"Deputado Federal Vander Loubet","alternateName":"Deputado Vander","url":"https:\/\/vanderloubet.com.br\/deputado\/","logo":{"@type":"ImageObject","inLanguage":"pt-BR","@id":"https:\/\/vanderloubet.com.br\/deputado\/#\/schema\/logo\/image\/","url":"https:\/\/vanderloubet.com.br\/deputado\/wp-content\/uploads\/2023\/06\/foto-2023-06-19-mandato-deputado-vander.jpg","contentUrl":"https:\/\/vanderloubet.com.br\/deputado\/wp-content\/uploads\/2023\/06\/foto-2023-06-19-mandato-deputado-vander.jpg","width":1080,"height":1080,"caption":"Deputado Federal Vander Loubet"},"image":{"@id":"https:\/\/vanderloubet.com.br\/deputado\/#\/schema\/logo\/image\/"},"sameAs":["https:\/\/facebook.com\/deputadovander","https:\/\/x.com\/vanderloubet","https:\/\/instagram.com\/vanderloubet","https:\/\/youtube.com\/vanderloubet","https:\/\/tiktok.com\/@vanderloubetms"]},{"@type":"Person","@id":"https:\/\/vanderloubet.com.br\/deputado\/#\/schema\/person\/15b51bd564532a8a68d9dec1b8eb890e","name":"\u00c9der","image":{"@type":"ImageObject","inLanguage":"pt-BR","@id":"https:\/\/vanderloubet.com.br\/deputado\/wp-content\/litespeed\/avatar\/88ca4090d9d5ab1c9495f6ca03b68efa.jpg?ver=1777058957","url":"https:\/\/vanderloubet.com.br\/deputado\/wp-content\/litespeed\/avatar\/88ca4090d9d5ab1c9495f6ca03b68efa.jpg?ver=1777058957","contentUrl":"https:\/\/vanderloubet.com.br\/deputado\/wp-content\/litespeed\/avatar\/88ca4090d9d5ab1c9495f6ca03b68efa.jpg?ver=1777058957","caption":"\u00c9der"}}]}},"jetpack_featured_media_url":"https:\/\/vanderloubet.com.br\/deputado\/wp-content\/uploads\/2021\/05\/foto-2021-05-06-dep-vander-piso-salarial-enfermagem.jpg","jetpack_sharing_enabled":true,"_links":{"self":[{"href":"https:\/\/vanderloubet.com.br\/deputado\/wp-json\/wp\/v2\/posts\/17204","targetHints":{"allow":["GET"]}}],"collection":[{"href":"https:\/\/vanderloubet.com.br\/deputado\/wp-json\/wp\/v2\/posts"}],"about":[{"href":"https:\/\/vanderloubet.com.br\/deputado\/wp-json\/wp\/v2\/types\/post"}],"author":[{"embeddable":true,"href":"https:\/\/vanderloubet.com.br\/deputado\/wp-json\/wp\/v2\/users\/2"}],"replies":[{"embeddable":true,"href":"https:\/\/vanderloubet.com.br\/deputado\/wp-json\/wp\/v2\/comments?post=17204"}],"version-history":[{"count":0,"href":"https:\/\/vanderloubet.com.br\/deputado\/wp-json\/wp\/v2\/posts\/17204\/revisions"}],"wp:featuredmedia":[{"embeddable":true,"href":"https:\/\/vanderloubet.com.br\/deputado\/wp-json\/wp\/v2\/media\/17205"}],"wp:attachment":[{"href":"https:\/\/vanderloubet.com.br\/deputado\/wp-json\/wp\/v2\/media?parent=17204"}],"wp:term":[{"taxonomy":"category","embeddable":true,"href":"https:\/\/vanderloubet.com.br\/deputado\/wp-json\/wp\/v2\/categories?post=17204"},{"taxonomy":"post_tag","embeddable":true,"href":"https:\/\/vanderloubet.com.br\/deputado\/wp-json\/wp\/v2\/tags?post=17204"}],"curies":[{"name":"wp","href":"https:\/\/api.w.org\/{rel}","templated":true}]}}