{"id":17112,"date":"2021-03-04T16:00:32","date_gmt":"2021-03-04T20:00:32","guid":{"rendered":"http:\/\/vanderloubet.com.br\/deputado\/?p=17112"},"modified":"2021-03-05T08:14:08","modified_gmt":"2021-03-05T12:14:08","slug":"vander-e-vereadores-indigenas-de-ms-buscam-solucoes-para-aldeias-na-sesai","status":"publish","type":"post","link":"https:\/\/vanderloubet.com.br\/deputado\/vander-e-vereadores-indigenas-de-ms-buscam-solucoes-para-aldeias-na-sesai\/","title":{"rendered":"Vander e vereadores ind\u00edgenas de MS buscam solu\u00e7\u00f5es para aldeias na Sesai"},"content":{"rendered":"<p>Na manh\u00e3 desta quinta-feira (4), foi realizada em Bras\u00edlia uma reuni\u00e3o do deputado federal Vander Loubet e de um grupo de oito vereadores ind\u00edgenas de Mato Grosso do Sul com o secret\u00e1rio especial de Sa\u00fade Ind\u00edgena, Robson Santos da Silva.<\/p>\n<p>Os vereadores presentes \u00e0 reuni\u00e3o foram: Cleber Valiente (Paranhos); Eder Oliveira e Eber Reginaldo (Dois Irm\u00e3os do Buriti); Ismael Rodrigues (Coronel Sapucaia); Jayson &#8220;Tato&#8221; Souza e Joanir Martins (Amambai); Inaye Lopes Kaiowa (Ant\u00f4nio Jo\u00e3o); e S\u00e9rgio Terena (Nioaque).<\/p>\n<p>&#8220;O deputado Vander e os nossos vereadores eleitos pelas aldeias foram convidados pela Sesai para conhecer melhor a atual estrutura do \u00f3rg\u00e3o. Foi uma oportunidade para buscar solu\u00e7\u00f5es para as dificuldades enfrentadas pelas nossas aldeias&#8221;, explicou Danilo de Oliveira Luiz, secret\u00e1rio executivo do Conselho Distrital de Sa\u00fade Ind\u00edgena (Condisi).<\/p>\n<p>Para o deputado Vander Loubet, a reuni\u00e3o foi importante para defender os interesses da popula\u00e7\u00e3o ind\u00edgena do estado. &#8220;O Robson j\u00e1 est\u00e1 no cargo h\u00e1 dois anos e conhece a realidade do Pa\u00eds, mas fiz quest\u00e3o de refor\u00e7ar a ele que Mato Grosso do Sul precisa ter uma aten\u00e7\u00e3o especial, afinal, temos a segunda maior popula\u00e7\u00e3o ind\u00edgena do Pa\u00eds&#8221;, pontuou o parlamentar.<\/p>\n<p>Vander ainda afirmou que h\u00e1 uma demanda represada no Dsei de Mato Grosso do Sul e que a Sesai precisa ampliar sua presen\u00e7a no estado. &#8220;Nosso vizinho Mato Grosso tem cinco Dsei, n\u00f3s temos apenas um. Ou seja, as a\u00e7\u00f5es aqui em nosso estado acabam centralizadas demais e o atendimento fica prejudicado. Defendi junto ao secret\u00e1rio especial a cria\u00e7\u00e3o de pelo menos mais um Dsei, que seja voltado para atender as aldeias do sul do estado, a partir de Dourados. Essa \u00e9 uma reivindica\u00e7\u00e3o hist\u00f3rica dos nossos ind\u00edgenas&#8221; ponderou o deputado.<\/p>\n<p>Entre as principais demandas das aldeias ind\u00edgenas, est\u00e3o a constru\u00e7\u00e3o e\/ou reforma de unidades de sa\u00fade, a melhoria do atendimento (m\u00e9dicos, ambul\u00e2ncias etc.) e a execu\u00e7\u00e3o de obras de saneamento b\u00e1sico. Neste momento de pandemia de Covid-19, a disponibiliza\u00e7\u00e3o de vacinas e de itens de prote\u00e7\u00e3o (como m\u00e1scaras, \u00e1lcool gel etc.) tamb\u00e9m \u00e9 uma grande preocupa\u00e7\u00e3o.<\/p>\n\r\n                <style type=\"text\/css\">\r\n                    \r\n                    #tdi_1  .td-doubleSlider-2 .td-item1 {\r\n                        background: url(https:\/\/vanderloubet.com.br\/deputado\/wp-content\/uploads\/2021\/03\/foto-2021-03-04-reuniao-sesai-01-80x60.jpg) 0 0 no-repeat;\r\n                    }\r\n                    #tdi_1  .td-doubleSlider-2 .td-item2 {\r\n                        background: url(https:\/\/vanderloubet.com.br\/deputado\/wp-content\/uploads\/2021\/03\/foto-2021-03-04-reuniao-sesai-02-80x60.jpg) 0 0 no-repeat;\r\n                    }\r\n                    #tdi_1  .td-doubleSlider-2 .td-item3 {\r\n                        background: url(https:\/\/vanderloubet.com.br\/deputado\/wp-content\/uploads\/2021\/03\/foto-2021-03-04-reuniao-sesai-03-80x60.jpg) 0 0 no-repeat;\r\n                    }\r\n                <\/style>\r\n\r\n                <div id=\"tdi_1\" class=\"td-gallery td-slide-on-2-columns\">\r\n                    <div class=\"post_td_gallery\">\r\n                        <div class=\"td-gallery-slide-top\">\r\n                           <div class=\"td-gallery-title\"><\/div>\r\n\r\n                            <div class=\"td-gallery-controls-wrapper\">\r\n                                <div class=\"td-gallery-slide-count\"><span class=\"td-gallery-slide-item-focus\">1<\/span> de 3<\/div>\r\n                                <div class=\"td-gallery-slide-prev-next-but\">\r\n                                    <i class = \"td-icon-left doubleSliderPrevButton\"><\/i>\r\n                                    <i class = \"td-icon-right doubleSliderNextButton\"><\/i>\r\n                                <\/div>\r\n                            <\/div>\r\n                        <\/div>\r\n\r\n                        <div class = \"td-doubleSlider-1 \">\r\n                            <div class = \"td-slider\">\r\n                                \r\n                    <div class = \"td-slide-item td-item1\">\r\n                        <figure class=\"td-slide-galery-figure td-slide-popup-gallery\">\r\n                            <a class=\"slide-gallery-image-link\" href=\"https:\/\/vanderloubet.com.br\/deputado\/wp-content\/uploads\/2021\/03\/foto-2021-03-04-reuniao-sesai-01.jpg\" title=\"Vander e vereadores ind\u00edgenas de MS buscam solu\u00e7\u00f5es para aldeias na Sesai\"  data-caption=\"\"  data-description=\"Vander e vereadores ind&iacute;genas de MS buscam solu&ccedil;&otilde;es para aldeias na Sesai\">\r\n                                <img decoding=\"async\" src=\"https:\/\/vanderloubet.com.br\/deputado\/wp-content\/uploads\/2021\/03\/foto-2021-03-04-reuniao-sesai-01-560x420.jpg\" srcset=\"https:\/\/vanderloubet.com.br\/deputado\/wp-content\/uploads\/2021\/03\/foto-2021-03-04-reuniao-sesai-01-560x420.jpg 560w, https:\/\/vanderloubet.com.br\/deputado\/wp-content\/uploads\/2021\/03\/foto-2021-03-04-reuniao-sesai-01-350x263.jpg 350w, https:\/\/vanderloubet.com.br\/deputado\/wp-content\/uploads\/2021\/03\/foto-2021-03-04-reuniao-sesai-01-768x576.jpg 768w, https:\/\/vanderloubet.com.br\/deputado\/wp-content\/uploads\/2021\/03\/foto-2021-03-04-reuniao-sesai-01-700x525.jpg 700w, https:\/\/vanderloubet.com.br\/deputado\/wp-content\/uploads\/2021\/03\/foto-2021-03-04-reuniao-sesai-01-80x60.jpg 80w, https:\/\/vanderloubet.com.br\/deputado\/wp-content\/uploads\/2021\/03\/foto-2021-03-04-reuniao-sesai-01-696x522.jpg 696w, https:\/\/vanderloubet.com.br\/deputado\/wp-content\/uploads\/2021\/03\/foto-2021-03-04-reuniao-sesai-01-265x198.jpg 265w, https:\/\/vanderloubet.com.br\/deputado\/wp-content\/uploads\/2021\/03\/foto-2021-03-04-reuniao-sesai-01.jpg 960w\" sizes=\"(max-width: 560px) 100vw, 560px\" alt=\"Vander e vereadores ind&iacute;genas de MS buscam solu&ccedil;&otilde;es para aldeias na Sesai\">\r\n                            <\/a>\r\n                            <figcaption class = \"td-slide-caption td-gallery-slide-content\"><span>Vander e vereadores ind\u00edgenas de MS buscam solu\u00e7\u00f5es para aldeias na Sesai<\/span><\/figcaption>\r\n                        <\/figure>\r\n                    <\/div>\r\n                    <div class = \"td-slide-item td-item2\">\r\n                        <figure class=\"td-slide-galery-figure td-slide-popup-gallery\">\r\n                            <a class=\"slide-gallery-image-link\" href=\"https:\/\/vanderloubet.com.br\/deputado\/wp-content\/uploads\/2021\/03\/foto-2021-03-04-reuniao-sesai-02.jpg\" title=\"Vander e vereadores ind\u00edgenas de MS buscam solu\u00e7\u00f5es para aldeias na Sesai\"  data-caption=\"\"  data-description=\"Vander e vereadores ind&iacute;genas de MS buscam solu&ccedil;&otilde;es para aldeias na Sesai\">\r\n                                <img decoding=\"async\" src=\"https:\/\/vanderloubet.com.br\/deputado\/wp-content\/uploads\/2021\/03\/foto-2021-03-04-reuniao-sesai-02-315x420.jpg\" srcset=\"https:\/\/vanderloubet.com.br\/deputado\/wp-content\/uploads\/2021\/03\/foto-2021-03-04-reuniao-sesai-02-315x420.jpg 315w, https:\/\/vanderloubet.com.br\/deputado\/wp-content\/uploads\/2021\/03\/foto-2021-03-04-reuniao-sesai-02-350x467.jpg 350w, https:\/\/vanderloubet.com.br\/deputado\/wp-content\/uploads\/2021\/03\/foto-2021-03-04-reuniao-sesai-02-700x933.jpg 700w, https:\/\/vanderloubet.com.br\/deputado\/wp-content\/uploads\/2021\/03\/foto-2021-03-04-reuniao-sesai-02-696x928.jpg 696w, https:\/\/vanderloubet.com.br\/deputado\/wp-content\/uploads\/2021\/03\/foto-2021-03-04-reuniao-sesai-02.jpg 720w\" sizes=\"(max-width: 315px) 100vw, 315px\" alt=\"Vander e vereadores ind&iacute;genas de MS buscam solu&ccedil;&otilde;es para aldeias na Sesai\">\r\n                            <\/a>\r\n                            <figcaption class = \"td-slide-caption td-gallery-slide-content\"><span>Vander e vereadores ind\u00edgenas de MS buscam solu\u00e7\u00f5es para aldeias na Sesai<\/span><\/figcaption>\r\n                        <\/figure>\r\n                    <\/div>\r\n                    <div class = \"td-slide-item td-item3\">\r\n                        <figure class=\"td-slide-galery-figure td-slide-popup-gallery\">\r\n                            <a class=\"slide-gallery-image-link\" href=\"https:\/\/vanderloubet.com.br\/deputado\/wp-content\/uploads\/2021\/03\/foto-2021-03-04-reuniao-sesai-03.jpg\" title=\"Vander e vereadores ind\u00edgenas de MS buscam solu\u00e7\u00f5es para aldeias na Sesai\"  data-caption=\"\"  data-description=\"Vander e vereadores ind&iacute;genas de MS buscam solu&ccedil;&otilde;es para aldeias na Sesai\">\r\n                                <img decoding=\"async\" src=\"https:\/\/vanderloubet.com.br\/deputado\/wp-content\/uploads\/2021\/03\/foto-2021-03-04-reuniao-sesai-03-560x420.jpg\" srcset=\"https:\/\/vanderloubet.com.br\/deputado\/wp-content\/uploads\/2021\/03\/foto-2021-03-04-reuniao-sesai-03-560x420.jpg 560w, https:\/\/vanderloubet.com.br\/deputado\/wp-content\/uploads\/2021\/03\/foto-2021-03-04-reuniao-sesai-03-350x263.jpg 350w, https:\/\/vanderloubet.com.br\/deputado\/wp-content\/uploads\/2021\/03\/foto-2021-03-04-reuniao-sesai-03-768x576.jpg 768w, https:\/\/vanderloubet.com.br\/deputado\/wp-content\/uploads\/2021\/03\/foto-2021-03-04-reuniao-sesai-03-700x525.jpg 700w, https:\/\/vanderloubet.com.br\/deputado\/wp-content\/uploads\/2021\/03\/foto-2021-03-04-reuniao-sesai-03-80x60.jpg 80w, https:\/\/vanderloubet.com.br\/deputado\/wp-content\/uploads\/2021\/03\/foto-2021-03-04-reuniao-sesai-03-696x522.jpg 696w, https:\/\/vanderloubet.com.br\/deputado\/wp-content\/uploads\/2021\/03\/foto-2021-03-04-reuniao-sesai-03-265x198.jpg 265w, https:\/\/vanderloubet.com.br\/deputado\/wp-content\/uploads\/2021\/03\/foto-2021-03-04-reuniao-sesai-03.jpg 960w\" sizes=\"(max-width: 560px) 100vw, 560px\" alt=\"Vander e vereadores ind&iacute;genas de MS buscam solu&ccedil;&otilde;es para aldeias na Sesai\">\r\n                            <\/a>\r\n                            <figcaption class = \"td-slide-caption td-gallery-slide-content\"><span>Vander e vereadores ind\u00edgenas de MS buscam solu\u00e7\u00f5es para aldeias na Sesai<\/span><\/figcaption>\r\n                        <\/figure>\r\n                    <\/div>\r\n                            <\/div>\r\n                        <\/div>\r\n\r\n                        <div class = \"td-doubleSlider-2\">\r\n                            <div class = \"td-slider\">\r\n                                \r\n                    <div class = \"td-button td-item1\">\r\n                        <div class = \"td-border\"><\/div>\r\n                    <\/div>\r\n                    <div class = \"td-button td-item2\">\r\n                        <div class = \"td-border\"><\/div>\r\n                    <\/div>\r\n                    <div class = \"td-button td-item3\">\r\n                        <div class = \"td-border\"><\/div>\r\n                    <\/div>\r\n                            <\/div>\r\n                        <\/div>\r\n\r\n                    <\/div>\r\n\r\n                <\/div>\r\n                \n","protected":false},"excerpt":{"rendered":"<p>Deputado reivindicou mais aten\u00e7\u00e3o para o estado e cria\u00e7\u00e3o de mais um Dsei para atender aldeias do sul a partir de Dourados.<\/p>\n","protected":false},"author":2,"featured_media":17118,"comment_status":"closed","ping_status":"closed","sticky":false,"template":"","format":"standard","meta":{"jetpack_post_was_ever_published":false,"_jetpack_newsletter_access":"","_jetpack_dont_email_post_to_subs":false,"_jetpack_newsletter_tier_id":0,"_jetpack_memberships_contains_paywalled_content":false,"_jetpack_memberships_contains_paid_content":false,"footnotes":""},"categories":[2099,10],"tags":[2373,2364],"class_list":{"0":"post-17112","1":"post","2":"type-post","3":"status-publish","4":"format-standard","5":"has-post-thumbnail","7":"category-ms-noticias","8":"category-noticias","9":"tag-aldeia-indigena","10":"tag-saude-indigena"},"yoast_head":"<!-- This site is optimized with the Yoast SEO plugin v27.4 - https:\/\/yoast.com\/product\/yoast-seo-wordpress\/ -->\n<title>Vander e vereadores ind\u00edgenas de MS buscam solu\u00e7\u00f5es para aldeias na Sesai<\/title>\n<meta name=\"description\" content=\"Deputado reivindicou mais aten\u00e7\u00e3o para o estado e cria\u00e7\u00e3o de mais um Dsei para atender aldeias do sul a partir de Dourados.\" \/>\n<meta name=\"robots\" content=\"index, follow, max-snippet:-1, max-image-preview:large, max-video-preview:-1\" \/>\n<link rel=\"canonical\" href=\"https:\/\/vanderloubet.com.br\/deputado\/vander-e-vereadores-indigenas-de-ms-buscam-solucoes-para-aldeias-na-sesai\/\" \/>\n<meta property=\"og:locale\" content=\"pt_BR\" \/>\n<meta property=\"og:type\" content=\"article\" \/>\n<meta property=\"og:title\" content=\"Vander e vereadores ind\u00edgenas de MS buscam solu\u00e7\u00f5es para aldeias na Sesai\" \/>\n<meta property=\"og:description\" content=\"Deputado reivindicou mais aten\u00e7\u00e3o para o estado e cria\u00e7\u00e3o de mais um Dsei para atender aldeias do sul a partir de Dourados.\" \/>\n<meta property=\"og:url\" content=\"https:\/\/vanderloubet.com.br\/deputado\/vander-e-vereadores-indigenas-de-ms-buscam-solucoes-para-aldeias-na-sesai\/\" \/>\n<meta property=\"og:site_name\" content=\"Deputado Federal Vander Loubet\" \/>\n<meta property=\"article:publisher\" content=\"https:\/\/facebook.com\/deputadovander\" \/>\n<meta property=\"article:published_time\" content=\"2021-03-04T20:00:32+00:00\" \/>\n<meta property=\"article:modified_time\" content=\"2021-03-05T12:14:08+00:00\" \/>\n<meta property=\"og:image\" content=\"https:\/\/vanderloubet.com.br\/deputado\/wp-content\/uploads\/2021\/03\/foto-2021-03-04-reuniao-sesai.jpg\" \/>\n\t<meta property=\"og:image:width\" content=\"960\" \/>\n\t<meta property=\"og:image:height\" content=\"720\" \/>\n\t<meta property=\"og:image:type\" content=\"image\/jpeg\" \/>\n<meta name=\"author\" content=\"\u00c9der\" \/>\n<meta name=\"twitter:card\" content=\"summary_large_image\" \/>\n<meta name=\"twitter:creator\" content=\"@vanderloubet\" \/>\n<meta name=\"twitter:site\" content=\"@vanderloubet\" \/>\n<script type=\"application\/ld+json\" class=\"yoast-schema-graph\">{\"@context\":\"https:\\\/\\\/schema.org\",\"@graph\":[{\"@type\":\"Article\",\"@id\":\"https:\\\/\\\/vanderloubet.com.br\\\/deputado\\\/vander-e-vereadores-indigenas-de-ms-buscam-solucoes-para-aldeias-na-sesai\\\/#article\",\"isPartOf\":{\"@id\":\"https:\\\/\\\/vanderloubet.com.br\\\/deputado\\\/vander-e-vereadores-indigenas-de-ms-buscam-solucoes-para-aldeias-na-sesai\\\/\"},\"author\":{\"name\":\"\u00c9der\",\"@id\":\"https:\\\/\\\/vanderloubet.com.br\\\/deputado\\\/#\\\/schema\\\/person\\\/15b51bd564532a8a68d9dec1b8eb890e\"},\"headline\":\"Vander e vereadores ind\u00edgenas de MS buscam solu\u00e7\u00f5es para aldeias na Sesai\",\"datePublished\":\"2021-03-04T20:00:32+00:00\",\"dateModified\":\"2021-03-05T12:14:08+00:00\",\"mainEntityOfPage\":{\"@id\":\"https:\\\/\\\/vanderloubet.com.br\\\/deputado\\\/vander-e-vereadores-indigenas-de-ms-buscam-solucoes-para-aldeias-na-sesai\\\/\"},\"wordCount\":403,\"publisher\":{\"@id\":\"https:\\\/\\\/vanderloubet.com.br\\\/deputado\\\/#organization\"},\"image\":{\"@id\":\"https:\\\/\\\/vanderloubet.com.br\\\/deputado\\\/vander-e-vereadores-indigenas-de-ms-buscam-solucoes-para-aldeias-na-sesai\\\/#primaryimage\"},\"thumbnailUrl\":\"https:\\\/\\\/vanderloubet.com.br\\\/deputado\\\/wp-content\\\/uploads\\\/2021\\\/03\\\/foto-2021-03-04-reuniao-sesai.jpg\",\"keywords\":[\"aldeia ind\u00edgena\",\"sa\u00fade ind\u00edgena\"],\"articleSection\":[\"Mato Grosso do Sul\",\"Not\u00edcias\"],\"inLanguage\":\"pt-BR\"},{\"@type\":\"WebPage\",\"@id\":\"https:\\\/\\\/vanderloubet.com.br\\\/deputado\\\/vander-e-vereadores-indigenas-de-ms-buscam-solucoes-para-aldeias-na-sesai\\\/\",\"url\":\"https:\\\/\\\/vanderloubet.com.br\\\/deputado\\\/vander-e-vereadores-indigenas-de-ms-buscam-solucoes-para-aldeias-na-sesai\\\/\",\"name\":\"Vander e vereadores ind\u00edgenas de MS buscam solu\u00e7\u00f5es para aldeias na Sesai\",\"isPartOf\":{\"@id\":\"https:\\\/\\\/vanderloubet.com.br\\\/deputado\\\/#website\"},\"primaryImageOfPage\":{\"@id\":\"https:\\\/\\\/vanderloubet.com.br\\\/deputado\\\/vander-e-vereadores-indigenas-de-ms-buscam-solucoes-para-aldeias-na-sesai\\\/#primaryimage\"},\"image\":{\"@id\":\"https:\\\/\\\/vanderloubet.com.br\\\/deputado\\\/vander-e-vereadores-indigenas-de-ms-buscam-solucoes-para-aldeias-na-sesai\\\/#primaryimage\"},\"thumbnailUrl\":\"https:\\\/\\\/vanderloubet.com.br\\\/deputado\\\/wp-content\\\/uploads\\\/2021\\\/03\\\/foto-2021-03-04-reuniao-sesai.jpg\",\"datePublished\":\"2021-03-04T20:00:32+00:00\",\"dateModified\":\"2021-03-05T12:14:08+00:00\",\"description\":\"Deputado reivindicou mais aten\u00e7\u00e3o para o estado e cria\u00e7\u00e3o de mais um Dsei para atender aldeias do sul a partir de Dourados.\",\"breadcrumb\":{\"@id\":\"https:\\\/\\\/vanderloubet.com.br\\\/deputado\\\/vander-e-vereadores-indigenas-de-ms-buscam-solucoes-para-aldeias-na-sesai\\\/#breadcrumb\"},\"inLanguage\":\"pt-BR\",\"potentialAction\":[{\"@type\":\"ReadAction\",\"target\":[\"https:\\\/\\\/vanderloubet.com.br\\\/deputado\\\/vander-e-vereadores-indigenas-de-ms-buscam-solucoes-para-aldeias-na-sesai\\\/\"]}]},{\"@type\":\"ImageObject\",\"inLanguage\":\"pt-BR\",\"@id\":\"https:\\\/\\\/vanderloubet.com.br\\\/deputado\\\/vander-e-vereadores-indigenas-de-ms-buscam-solucoes-para-aldeias-na-sesai\\\/#primaryimage\",\"url\":\"https:\\\/\\\/vanderloubet.com.br\\\/deputado\\\/wp-content\\\/uploads\\\/2021\\\/03\\\/foto-2021-03-04-reuniao-sesai.jpg\",\"contentUrl\":\"https:\\\/\\\/vanderloubet.com.br\\\/deputado\\\/wp-content\\\/uploads\\\/2021\\\/03\\\/foto-2021-03-04-reuniao-sesai.jpg\",\"width\":960,\"height\":720,\"caption\":\"Vander e vereadores ind\u00edgenas de MS buscam solu\u00e7\u00f5es para aldeias na Sesai\"},{\"@type\":\"BreadcrumbList\",\"@id\":\"https:\\\/\\\/vanderloubet.com.br\\\/deputado\\\/vander-e-vereadores-indigenas-de-ms-buscam-solucoes-para-aldeias-na-sesai\\\/#breadcrumb\",\"itemListElement\":[{\"@type\":\"ListItem\",\"position\":1,\"name\":\"In\u00edcio\",\"item\":\"https:\\\/\\\/vanderloubet.com.br\\\/deputado\\\/\"},{\"@type\":\"ListItem\",\"position\":2,\"name\":\"Vander e vereadores ind\u00edgenas de MS buscam solu\u00e7\u00f5es para aldeias na Sesai\"}]},{\"@type\":\"WebSite\",\"@id\":\"https:\\\/\\\/vanderloubet.com.br\\\/deputado\\\/#website\",\"url\":\"https:\\\/\\\/vanderloubet.com.br\\\/deputado\\\/\",\"name\":\"Deputado Federal Vander Loubet\",\"description\":\"O Federal de MS\",\"publisher\":{\"@id\":\"https:\\\/\\\/vanderloubet.com.br\\\/deputado\\\/#organization\"},\"alternateName\":\"Deputado Vander\",\"potentialAction\":[{\"@type\":\"SearchAction\",\"target\":{\"@type\":\"EntryPoint\",\"urlTemplate\":\"https:\\\/\\\/vanderloubet.com.br\\\/deputado\\\/?s={search_term_string}\"},\"query-input\":{\"@type\":\"PropertyValueSpecification\",\"valueRequired\":true,\"valueName\":\"search_term_string\"}}],\"inLanguage\":\"pt-BR\"},{\"@type\":\"Organization\",\"@id\":\"https:\\\/\\\/vanderloubet.com.br\\\/deputado\\\/#organization\",\"name\":\"Deputado Federal Vander Loubet\",\"alternateName\":\"Deputado Vander\",\"url\":\"https:\\\/\\\/vanderloubet.com.br\\\/deputado\\\/\",\"logo\":{\"@type\":\"ImageObject\",\"inLanguage\":\"pt-BR\",\"@id\":\"https:\\\/\\\/vanderloubet.com.br\\\/deputado\\\/#\\\/schema\\\/logo\\\/image\\\/\",\"url\":\"https:\\\/\\\/vanderloubet.com.br\\\/deputado\\\/wp-content\\\/uploads\\\/2023\\\/06\\\/foto-2023-06-19-mandato-deputado-vander.jpg\",\"contentUrl\":\"https:\\\/\\\/vanderloubet.com.br\\\/deputado\\\/wp-content\\\/uploads\\\/2023\\\/06\\\/foto-2023-06-19-mandato-deputado-vander.jpg\",\"width\":1080,\"height\":1080,\"caption\":\"Deputado Federal Vander Loubet\"},\"image\":{\"@id\":\"https:\\\/\\\/vanderloubet.com.br\\\/deputado\\\/#\\\/schema\\\/logo\\\/image\\\/\"},\"sameAs\":[\"https:\\\/\\\/facebook.com\\\/deputadovander\",\"https:\\\/\\\/x.com\\\/vanderloubet\",\"https:\\\/\\\/instagram.com\\\/vanderloubet\",\"https:\\\/\\\/youtube.com\\\/vanderloubet\",\"https:\\\/\\\/tiktok.com\\\/@vanderloubetms\"]},{\"@type\":\"Person\",\"@id\":\"https:\\\/\\\/vanderloubet.com.br\\\/deputado\\\/#\\\/schema\\\/person\\\/15b51bd564532a8a68d9dec1b8eb890e\",\"name\":\"\u00c9der\",\"image\":{\"@type\":\"ImageObject\",\"inLanguage\":\"pt-BR\",\"@id\":\"https:\\\/\\\/vanderloubet.com.br\\\/deputado\\\/wp-content\\\/litespeed\\\/avatar\\\/88ca4090d9d5ab1c9495f6ca03b68efa.jpg?ver=1777058957\",\"url\":\"https:\\\/\\\/vanderloubet.com.br\\\/deputado\\\/wp-content\\\/litespeed\\\/avatar\\\/88ca4090d9d5ab1c9495f6ca03b68efa.jpg?ver=1777058957\",\"contentUrl\":\"https:\\\/\\\/vanderloubet.com.br\\\/deputado\\\/wp-content\\\/litespeed\\\/avatar\\\/88ca4090d9d5ab1c9495f6ca03b68efa.jpg?ver=1777058957\",\"caption\":\"\u00c9der\"}}]}<\/script>\n<!-- \/ Yoast SEO plugin. -->","yoast_head_json":{"title":"Vander e vereadores ind\u00edgenas de MS buscam solu\u00e7\u00f5es para aldeias na Sesai","description":"Deputado reivindicou mais aten\u00e7\u00e3o para o estado e cria\u00e7\u00e3o de mais um Dsei para atender aldeias do sul a partir de Dourados.","robots":{"index":"index","follow":"follow","max-snippet":"max-snippet:-1","max-image-preview":"max-image-preview:large","max-video-preview":"max-video-preview:-1"},"canonical":"https:\/\/vanderloubet.com.br\/deputado\/vander-e-vereadores-indigenas-de-ms-buscam-solucoes-para-aldeias-na-sesai\/","og_locale":"pt_BR","og_type":"article","og_title":"Vander e vereadores ind\u00edgenas de MS buscam solu\u00e7\u00f5es para aldeias na Sesai","og_description":"Deputado reivindicou mais aten\u00e7\u00e3o para o estado e cria\u00e7\u00e3o de mais um Dsei para atender aldeias do sul a partir de Dourados.","og_url":"https:\/\/vanderloubet.com.br\/deputado\/vander-e-vereadores-indigenas-de-ms-buscam-solucoes-para-aldeias-na-sesai\/","og_site_name":"Deputado Federal Vander Loubet","article_publisher":"https:\/\/facebook.com\/deputadovander","article_published_time":"2021-03-04T20:00:32+00:00","article_modified_time":"2021-03-05T12:14:08+00:00","og_image":[{"width":960,"height":720,"url":"https:\/\/vanderloubet.com.br\/deputado\/wp-content\/uploads\/2021\/03\/foto-2021-03-04-reuniao-sesai.jpg","type":"image\/jpeg"}],"author":"\u00c9der","twitter_card":"summary_large_image","twitter_creator":"@vanderloubet","twitter_site":"@vanderloubet","schema":{"@context":"https:\/\/schema.org","@graph":[{"@type":"Article","@id":"https:\/\/vanderloubet.com.br\/deputado\/vander-e-vereadores-indigenas-de-ms-buscam-solucoes-para-aldeias-na-sesai\/#article","isPartOf":{"@id":"https:\/\/vanderloubet.com.br\/deputado\/vander-e-vereadores-indigenas-de-ms-buscam-solucoes-para-aldeias-na-sesai\/"},"author":{"name":"\u00c9der","@id":"https:\/\/vanderloubet.com.br\/deputado\/#\/schema\/person\/15b51bd564532a8a68d9dec1b8eb890e"},"headline":"Vander e vereadores ind\u00edgenas de MS buscam solu\u00e7\u00f5es para aldeias na Sesai","datePublished":"2021-03-04T20:00:32+00:00","dateModified":"2021-03-05T12:14:08+00:00","mainEntityOfPage":{"@id":"https:\/\/vanderloubet.com.br\/deputado\/vander-e-vereadores-indigenas-de-ms-buscam-solucoes-para-aldeias-na-sesai\/"},"wordCount":403,"publisher":{"@id":"https:\/\/vanderloubet.com.br\/deputado\/#organization"},"image":{"@id":"https:\/\/vanderloubet.com.br\/deputado\/vander-e-vereadores-indigenas-de-ms-buscam-solucoes-para-aldeias-na-sesai\/#primaryimage"},"thumbnailUrl":"https:\/\/vanderloubet.com.br\/deputado\/wp-content\/uploads\/2021\/03\/foto-2021-03-04-reuniao-sesai.jpg","keywords":["aldeia ind\u00edgena","sa\u00fade ind\u00edgena"],"articleSection":["Mato Grosso do Sul","Not\u00edcias"],"inLanguage":"pt-BR"},{"@type":"WebPage","@id":"https:\/\/vanderloubet.com.br\/deputado\/vander-e-vereadores-indigenas-de-ms-buscam-solucoes-para-aldeias-na-sesai\/","url":"https:\/\/vanderloubet.com.br\/deputado\/vander-e-vereadores-indigenas-de-ms-buscam-solucoes-para-aldeias-na-sesai\/","name":"Vander e vereadores ind\u00edgenas de MS buscam solu\u00e7\u00f5es para aldeias na Sesai","isPartOf":{"@id":"https:\/\/vanderloubet.com.br\/deputado\/#website"},"primaryImageOfPage":{"@id":"https:\/\/vanderloubet.com.br\/deputado\/vander-e-vereadores-indigenas-de-ms-buscam-solucoes-para-aldeias-na-sesai\/#primaryimage"},"image":{"@id":"https:\/\/vanderloubet.com.br\/deputado\/vander-e-vereadores-indigenas-de-ms-buscam-solucoes-para-aldeias-na-sesai\/#primaryimage"},"thumbnailUrl":"https:\/\/vanderloubet.com.br\/deputado\/wp-content\/uploads\/2021\/03\/foto-2021-03-04-reuniao-sesai.jpg","datePublished":"2021-03-04T20:00:32+00:00","dateModified":"2021-03-05T12:14:08+00:00","description":"Deputado reivindicou mais aten\u00e7\u00e3o para o estado e cria\u00e7\u00e3o de mais um Dsei para atender aldeias do sul a partir de Dourados.","breadcrumb":{"@id":"https:\/\/vanderloubet.com.br\/deputado\/vander-e-vereadores-indigenas-de-ms-buscam-solucoes-para-aldeias-na-sesai\/#breadcrumb"},"inLanguage":"pt-BR","potentialAction":[{"@type":"ReadAction","target":["https:\/\/vanderloubet.com.br\/deputado\/vander-e-vereadores-indigenas-de-ms-buscam-solucoes-para-aldeias-na-sesai\/"]}]},{"@type":"ImageObject","inLanguage":"pt-BR","@id":"https:\/\/vanderloubet.com.br\/deputado\/vander-e-vereadores-indigenas-de-ms-buscam-solucoes-para-aldeias-na-sesai\/#primaryimage","url":"https:\/\/vanderloubet.com.br\/deputado\/wp-content\/uploads\/2021\/03\/foto-2021-03-04-reuniao-sesai.jpg","contentUrl":"https:\/\/vanderloubet.com.br\/deputado\/wp-content\/uploads\/2021\/03\/foto-2021-03-04-reuniao-sesai.jpg","width":960,"height":720,"caption":"Vander e vereadores ind\u00edgenas de MS buscam solu\u00e7\u00f5es para aldeias na Sesai"},{"@type":"BreadcrumbList","@id":"https:\/\/vanderloubet.com.br\/deputado\/vander-e-vereadores-indigenas-de-ms-buscam-solucoes-para-aldeias-na-sesai\/#breadcrumb","itemListElement":[{"@type":"ListItem","position":1,"name":"In\u00edcio","item":"https:\/\/vanderloubet.com.br\/deputado\/"},{"@type":"ListItem","position":2,"name":"Vander e vereadores ind\u00edgenas de MS buscam solu\u00e7\u00f5es para aldeias na Sesai"}]},{"@type":"WebSite","@id":"https:\/\/vanderloubet.com.br\/deputado\/#website","url":"https:\/\/vanderloubet.com.br\/deputado\/","name":"Deputado Federal Vander Loubet","description":"O Federal de MS","publisher":{"@id":"https:\/\/vanderloubet.com.br\/deputado\/#organization"},"alternateName":"Deputado Vander","potentialAction":[{"@type":"SearchAction","target":{"@type":"EntryPoint","urlTemplate":"https:\/\/vanderloubet.com.br\/deputado\/?s={search_term_string}"},"query-input":{"@type":"PropertyValueSpecification","valueRequired":true,"valueName":"search_term_string"}}],"inLanguage":"pt-BR"},{"@type":"Organization","@id":"https:\/\/vanderloubet.com.br\/deputado\/#organization","name":"Deputado Federal Vander Loubet","alternateName":"Deputado Vander","url":"https:\/\/vanderloubet.com.br\/deputado\/","logo":{"@type":"ImageObject","inLanguage":"pt-BR","@id":"https:\/\/vanderloubet.com.br\/deputado\/#\/schema\/logo\/image\/","url":"https:\/\/vanderloubet.com.br\/deputado\/wp-content\/uploads\/2023\/06\/foto-2023-06-19-mandato-deputado-vander.jpg","contentUrl":"https:\/\/vanderloubet.com.br\/deputado\/wp-content\/uploads\/2023\/06\/foto-2023-06-19-mandato-deputado-vander.jpg","width":1080,"height":1080,"caption":"Deputado Federal Vander Loubet"},"image":{"@id":"https:\/\/vanderloubet.com.br\/deputado\/#\/schema\/logo\/image\/"},"sameAs":["https:\/\/facebook.com\/deputadovander","https:\/\/x.com\/vanderloubet","https:\/\/instagram.com\/vanderloubet","https:\/\/youtube.com\/vanderloubet","https:\/\/tiktok.com\/@vanderloubetms"]},{"@type":"Person","@id":"https:\/\/vanderloubet.com.br\/deputado\/#\/schema\/person\/15b51bd564532a8a68d9dec1b8eb890e","name":"\u00c9der","image":{"@type":"ImageObject","inLanguage":"pt-BR","@id":"https:\/\/vanderloubet.com.br\/deputado\/wp-content\/litespeed\/avatar\/88ca4090d9d5ab1c9495f6ca03b68efa.jpg?ver=1777058957","url":"https:\/\/vanderloubet.com.br\/deputado\/wp-content\/litespeed\/avatar\/88ca4090d9d5ab1c9495f6ca03b68efa.jpg?ver=1777058957","contentUrl":"https:\/\/vanderloubet.com.br\/deputado\/wp-content\/litespeed\/avatar\/88ca4090d9d5ab1c9495f6ca03b68efa.jpg?ver=1777058957","caption":"\u00c9der"}}]}},"jetpack_featured_media_url":"https:\/\/vanderloubet.com.br\/deputado\/wp-content\/uploads\/2021\/03\/foto-2021-03-04-reuniao-sesai.jpg","jetpack_sharing_enabled":true,"_links":{"self":[{"href":"https:\/\/vanderloubet.com.br\/deputado\/wp-json\/wp\/v2\/posts\/17112","targetHints":{"allow":["GET"]}}],"collection":[{"href":"https:\/\/vanderloubet.com.br\/deputado\/wp-json\/wp\/v2\/posts"}],"about":[{"href":"https:\/\/vanderloubet.com.br\/deputado\/wp-json\/wp\/v2\/types\/post"}],"author":[{"embeddable":true,"href":"https:\/\/vanderloubet.com.br\/deputado\/wp-json\/wp\/v2\/users\/2"}],"replies":[{"embeddable":true,"href":"https:\/\/vanderloubet.com.br\/deputado\/wp-json\/wp\/v2\/comments?post=17112"}],"version-history":[{"count":0,"href":"https:\/\/vanderloubet.com.br\/deputado\/wp-json\/wp\/v2\/posts\/17112\/revisions"}],"wp:featuredmedia":[{"embeddable":true,"href":"https:\/\/vanderloubet.com.br\/deputado\/wp-json\/wp\/v2\/media\/17118"}],"wp:attachment":[{"href":"https:\/\/vanderloubet.com.br\/deputado\/wp-json\/wp\/v2\/media?parent=17112"}],"wp:term":[{"taxonomy":"category","embeddable":true,"href":"https:\/\/vanderloubet.com.br\/deputado\/wp-json\/wp\/v2\/categories?post=17112"},{"taxonomy":"post_tag","embeddable":true,"href":"https:\/\/vanderloubet.com.br\/deputado\/wp-json\/wp\/v2\/tags?post=17112"}],"curies":[{"name":"wp","href":"https:\/\/api.w.org\/{rel}","templated":true}]}}