{"id":17036,"date":"2021-02-10T09:30:03","date_gmt":"2021-02-10T13:30:03","guid":{"rendered":"http:\/\/vanderloubet.com.br\/deputado\/?p=17036"},"modified":"2022-04-19T21:04:13","modified_gmt":"2022-04-20T01:04:13","slug":"continuidade-do-auxilio-e-importante-para-a-economia-defende-vander","status":"publish","type":"post","link":"https:\/\/vanderloubet.com.br\/deputado\/continuidade-do-auxilio-e-importante-para-a-economia-defende-vander\/","title":{"rendered":"Continuidade do aux\u00edlio \u00e9 importante para a economia, defende Vander"},"content":{"rendered":"<p>Em meio aos debates sobre a prorroga\u00e7\u00e3o do aux\u00edlio emergencial, aprovado por iniciativa do Congresso Nacional, em mar\u00e7o do ano passado, o deputado federal Vander Loubet (PT-MS) afirmou hoje (10) que a continuidade do aux\u00edlio \u00e9 essencial para a economia do Pa\u00eds e para atender \u00e0s fam\u00edlias que mais precisam do apoio do poder p\u00fablico. &#8220;A continuidade do aux\u00edlio emergencial \u00e9 necess\u00e1ria&#8221;, afirmou.<\/p>\n<p>O parlamentar criticou a proposta que est\u00e1 sendo estudada pelo governo de criar o &#8220;Benef\u00edcio de Inclus\u00e3o Produtiva&#8221;, que duraria tr\u00eas meses e teria o valor mensal de R$ 200, em uma tentativa de compensar o fim do aux\u00edlio emergencial. &#8220;\u00c9 um equ\u00edvoco essa ideia&#8221;, sentencia Vander.<\/p>\n<p>&#8220;O que n\u00f3s, da bancada do PT defendemos, \u00e9 que o aux\u00edlio emergencial continue enquanto durar a crise sanit\u00e1ria e mantenha o valor de R$ 600, como foi aprovado pelo Congresso Nacional no in\u00edcio da pandemia da Covid-19. Do contr\u00e1rio, a pobreza vai explodir e as pessoas n\u00e3o ter\u00e3o dinheiro para o b\u00e1sico, ou seja, para se alimentar&#8221;, argumentou o deputado pantaneiro.<\/p>\n<p>Questionado sobre os problemas or\u00e7ament\u00e1rios que a continuidade do aux\u00edlio emergencial poderia causar, Vander foi assertivo, destacando que governos do mundo todo est\u00e3o preocupados agora em sobreviver \u00e0 pandemia.<\/p>\n<p>De acordo com o parlamentar, h\u00e1 duas quest\u00f5es que precisam ser analisadas em rela\u00e7\u00e3o ao debate em torno do or\u00e7amento. A primeira \u00e9 que h\u00e1 um esfor\u00e7o de todos os pa\u00edses do mundo em minimizar os estragos econ\u00f4micos causados pela pandemia. &#8220;S\u00f3 tem um caminho para isso: o Estado tem que ajudar a popula\u00e7\u00e3o. Se n\u00e3o for assim, empresas v\u00e3o quebrar e fam\u00edlias v\u00e3o passar fome&#8221;, aponta. &#8220;Isso n\u00e3o \u00e9 apenas no Brasil. A \u00fanica diferen\u00e7a \u00e9 que aqui no Brasil temos o agravante de ter um governo que adota uma postura anti-ci\u00eancia, boicotando a vacina\u00e7\u00e3o em massa e propagando o uso de medicamentos que n\u00e3o s\u00e3o eficazes contra a Covid-19&#8221;, ressalta Vander.<\/p>\n<p>A segunda quest\u00e3o, segundo o deputado, \u00e9 que o aux\u00edlio ajuda a manter a economia minimamente aquecida. &#8220;Vamos falar do nosso caso aqui em Mato Grosso do Sul. Sabem quanto dinheiro foi injetado na nossa economia gra\u00e7as ao aux\u00edlio emergencial aprovado por n\u00f3s, deputados e senadores? R$ 3,5 bilh\u00f5es somente em 2020&#8221;, explica.<\/p>\n<p>Em Mato Grosso do Sul, dados da Caixa Econ\u00f4mica Federal apontam que 860 mil pessoas foram beneficiadas com o aux\u00edlio emergencial. &#8220;Todo o dinheiro foi usado pelas fam\u00edlias para consumo, beneficiando o com\u00e9rcio, ajudando as empresas a venderem e a manterem seus empregados. Ou seja, o fim do aux\u00edlio pode ter um impacto enorme na economia do nosso estado e de todo o Pa\u00eds&#8221;, conclui Vander.<\/p>\n","protected":false},"excerpt":{"rendered":"<p>Deputado destaca que dinheiro \u00e9 usado pelas fam\u00edlias para consumo, ajudando empresas a vender e a manter empregados.<\/p>\n","protected":false},"author":2,"featured_media":13659,"comment_status":"closed","ping_status":"closed","sticky":false,"template":"","format":"standard","meta":{"jetpack_post_was_ever_published":false,"_jetpack_newsletter_access":"","_jetpack_dont_email_post_to_subs":false,"_jetpack_newsletter_tier_id":0,"_jetpack_memberships_contains_paywalled_content":false,"_jetpack_memberships_contains_paid_content":false,"footnotes":""},"categories":[2098,10],"tags":[2440,2438,685,2441],"class_list":{"0":"post-17036","1":"post","2":"type-post","3":"status-publish","4":"format-standard","5":"has-post-thumbnail","7":"category-brasil-noticias","8":"category-noticias","9":"tag-auxilio-emergencial","10":"tag-covid-19","11":"tag-economia","12":"tag-pandemia"},"yoast_head":"<!-- This site is optimized with the Yoast SEO plugin v27.4 - https:\/\/yoast.com\/product\/yoast-seo-wordpress\/ -->\n<title>Continuidade do aux\u00edlio \u00e9 importante para a economia, defende Vander<\/title>\n<meta name=\"description\" content=\"Deputado destaca que dinheiro \u00e9 usado pelas fam\u00edlias para consumo, ajudando empresas a vender e a manter empregados.\" \/>\n<meta name=\"robots\" content=\"index, follow, max-snippet:-1, max-image-preview:large, max-video-preview:-1\" \/>\n<link rel=\"canonical\" href=\"https:\/\/vanderloubet.com.br\/deputado\/continuidade-do-auxilio-e-importante-para-a-economia-defende-vander\/\" \/>\n<meta property=\"og:locale\" content=\"pt_BR\" \/>\n<meta property=\"og:type\" content=\"article\" \/>\n<meta property=\"og:title\" content=\"Continuidade do aux\u00edlio \u00e9 importante para a economia, defende Vander\" \/>\n<meta property=\"og:description\" content=\"Deputado destaca que dinheiro \u00e9 usado pelas fam\u00edlias para consumo, ajudando empresas a vender e a manter empregados.\" \/>\n<meta property=\"og:url\" content=\"https:\/\/vanderloubet.com.br\/deputado\/continuidade-do-auxilio-e-importante-para-a-economia-defende-vander\/\" \/>\n<meta property=\"og:site_name\" content=\"Deputado Federal Vander Loubet\" \/>\n<meta property=\"article:publisher\" content=\"https:\/\/facebook.com\/deputadovander\" \/>\n<meta property=\"article:published_time\" content=\"2021-02-10T13:30:03+00:00\" \/>\n<meta property=\"article:modified_time\" content=\"2022-04-20T01:04:13+00:00\" \/>\n<meta property=\"og:image\" content=\"https:\/\/vanderloubet.com.br\/deputado\/wp-content\/uploads\/2018\/02\/foto-2018-02-22-deputado-vander-loubet.jpg\" \/>\n\t<meta property=\"og:image:width\" content=\"1080\" \/>\n\t<meta property=\"og:image:height\" content=\"720\" \/>\n\t<meta property=\"og:image:type\" content=\"image\/jpeg\" \/>\n<meta name=\"author\" content=\"\u00c9der\" \/>\n<meta name=\"twitter:card\" content=\"summary_large_image\" \/>\n<meta name=\"twitter:creator\" content=\"@vanderloubet\" \/>\n<meta name=\"twitter:site\" content=\"@vanderloubet\" \/>\n<script type=\"application\/ld+json\" class=\"yoast-schema-graph\">{\"@context\":\"https:\\\/\\\/schema.org\",\"@graph\":[{\"@type\":\"Article\",\"@id\":\"https:\\\/\\\/vanderloubet.com.br\\\/deputado\\\/continuidade-do-auxilio-e-importante-para-a-economia-defende-vander\\\/#article\",\"isPartOf\":{\"@id\":\"https:\\\/\\\/vanderloubet.com.br\\\/deputado\\\/continuidade-do-auxilio-e-importante-para-a-economia-defende-vander\\\/\"},\"author\":{\"name\":\"\u00c9der\",\"@id\":\"https:\\\/\\\/vanderloubet.com.br\\\/deputado\\\/#\\\/schema\\\/person\\\/15b51bd564532a8a68d9dec1b8eb890e\"},\"headline\":\"Continuidade do aux\u00edlio \u00e9 importante para a economia, defende Vander\",\"datePublished\":\"2021-02-10T13:30:03+00:00\",\"dateModified\":\"2022-04-20T01:04:13+00:00\",\"mainEntityOfPage\":{\"@id\":\"https:\\\/\\\/vanderloubet.com.br\\\/deputado\\\/continuidade-do-auxilio-e-importante-para-a-economia-defende-vander\\\/\"},\"wordCount\":483,\"publisher\":{\"@id\":\"https:\\\/\\\/vanderloubet.com.br\\\/deputado\\\/#organization\"},\"image\":{\"@id\":\"https:\\\/\\\/vanderloubet.com.br\\\/deputado\\\/continuidade-do-auxilio-e-importante-para-a-economia-defende-vander\\\/#primaryimage\"},\"thumbnailUrl\":\"https:\\\/\\\/vanderloubet.com.br\\\/deputado\\\/wp-content\\\/uploads\\\/2018\\\/02\\\/foto-2018-02-22-deputado-vander-loubet.jpg\",\"keywords\":[\"aux\u00edlio emergencial\",\"covid-19\",\"economia\",\"pandemia\"],\"articleSection\":[\"Brasil\",\"Not\u00edcias\"],\"inLanguage\":\"pt-BR\"},{\"@type\":\"WebPage\",\"@id\":\"https:\\\/\\\/vanderloubet.com.br\\\/deputado\\\/continuidade-do-auxilio-e-importante-para-a-economia-defende-vander\\\/\",\"url\":\"https:\\\/\\\/vanderloubet.com.br\\\/deputado\\\/continuidade-do-auxilio-e-importante-para-a-economia-defende-vander\\\/\",\"name\":\"Continuidade do aux\u00edlio \u00e9 importante para a economia, defende Vander\",\"isPartOf\":{\"@id\":\"https:\\\/\\\/vanderloubet.com.br\\\/deputado\\\/#website\"},\"primaryImageOfPage\":{\"@id\":\"https:\\\/\\\/vanderloubet.com.br\\\/deputado\\\/continuidade-do-auxilio-e-importante-para-a-economia-defende-vander\\\/#primaryimage\"},\"image\":{\"@id\":\"https:\\\/\\\/vanderloubet.com.br\\\/deputado\\\/continuidade-do-auxilio-e-importante-para-a-economia-defende-vander\\\/#primaryimage\"},\"thumbnailUrl\":\"https:\\\/\\\/vanderloubet.com.br\\\/deputado\\\/wp-content\\\/uploads\\\/2018\\\/02\\\/foto-2018-02-22-deputado-vander-loubet.jpg\",\"datePublished\":\"2021-02-10T13:30:03+00:00\",\"dateModified\":\"2022-04-20T01:04:13+00:00\",\"description\":\"Deputado destaca que dinheiro \u00e9 usado pelas fam\u00edlias para consumo, ajudando empresas a vender e a manter empregados.\",\"breadcrumb\":{\"@id\":\"https:\\\/\\\/vanderloubet.com.br\\\/deputado\\\/continuidade-do-auxilio-e-importante-para-a-economia-defende-vander\\\/#breadcrumb\"},\"inLanguage\":\"pt-BR\",\"potentialAction\":[{\"@type\":\"ReadAction\",\"target\":[\"https:\\\/\\\/vanderloubet.com.br\\\/deputado\\\/continuidade-do-auxilio-e-importante-para-a-economia-defende-vander\\\/\"]}]},{\"@type\":\"ImageObject\",\"inLanguage\":\"pt-BR\",\"@id\":\"https:\\\/\\\/vanderloubet.com.br\\\/deputado\\\/continuidade-do-auxilio-e-importante-para-a-economia-defende-vander\\\/#primaryimage\",\"url\":\"https:\\\/\\\/vanderloubet.com.br\\\/deputado\\\/wp-content\\\/uploads\\\/2018\\\/02\\\/foto-2018-02-22-deputado-vander-loubet.jpg\",\"contentUrl\":\"https:\\\/\\\/vanderloubet.com.br\\\/deputado\\\/wp-content\\\/uploads\\\/2018\\\/02\\\/foto-2018-02-22-deputado-vander-loubet.jpg\",\"width\":1080,\"height\":720,\"caption\":\"Deputado Vander Loubet (Foto: Jo\u00e3o Cirilo)\"},{\"@type\":\"BreadcrumbList\",\"@id\":\"https:\\\/\\\/vanderloubet.com.br\\\/deputado\\\/continuidade-do-auxilio-e-importante-para-a-economia-defende-vander\\\/#breadcrumb\",\"itemListElement\":[{\"@type\":\"ListItem\",\"position\":1,\"name\":\"In\u00edcio\",\"item\":\"https:\\\/\\\/vanderloubet.com.br\\\/deputado\\\/\"},{\"@type\":\"ListItem\",\"position\":2,\"name\":\"Continuidade do aux\u00edlio \u00e9 importante para a economia, defende Vander\"}]},{\"@type\":\"WebSite\",\"@id\":\"https:\\\/\\\/vanderloubet.com.br\\\/deputado\\\/#website\",\"url\":\"https:\\\/\\\/vanderloubet.com.br\\\/deputado\\\/\",\"name\":\"Deputado Federal Vander Loubet\",\"description\":\"O Federal de MS\",\"publisher\":{\"@id\":\"https:\\\/\\\/vanderloubet.com.br\\\/deputado\\\/#organization\"},\"alternateName\":\"Deputado Vander\",\"potentialAction\":[{\"@type\":\"SearchAction\",\"target\":{\"@type\":\"EntryPoint\",\"urlTemplate\":\"https:\\\/\\\/vanderloubet.com.br\\\/deputado\\\/?s={search_term_string}\"},\"query-input\":{\"@type\":\"PropertyValueSpecification\",\"valueRequired\":true,\"valueName\":\"search_term_string\"}}],\"inLanguage\":\"pt-BR\"},{\"@type\":\"Organization\",\"@id\":\"https:\\\/\\\/vanderloubet.com.br\\\/deputado\\\/#organization\",\"name\":\"Deputado Federal Vander Loubet\",\"alternateName\":\"Deputado Vander\",\"url\":\"https:\\\/\\\/vanderloubet.com.br\\\/deputado\\\/\",\"logo\":{\"@type\":\"ImageObject\",\"inLanguage\":\"pt-BR\",\"@id\":\"https:\\\/\\\/vanderloubet.com.br\\\/deputado\\\/#\\\/schema\\\/logo\\\/image\\\/\",\"url\":\"https:\\\/\\\/vanderloubet.com.br\\\/deputado\\\/wp-content\\\/uploads\\\/2023\\\/06\\\/foto-2023-06-19-mandato-deputado-vander.jpg\",\"contentUrl\":\"https:\\\/\\\/vanderloubet.com.br\\\/deputado\\\/wp-content\\\/uploads\\\/2023\\\/06\\\/foto-2023-06-19-mandato-deputado-vander.jpg\",\"width\":1080,\"height\":1080,\"caption\":\"Deputado Federal Vander Loubet\"},\"image\":{\"@id\":\"https:\\\/\\\/vanderloubet.com.br\\\/deputado\\\/#\\\/schema\\\/logo\\\/image\\\/\"},\"sameAs\":[\"https:\\\/\\\/facebook.com\\\/deputadovander\",\"https:\\\/\\\/x.com\\\/vanderloubet\",\"https:\\\/\\\/instagram.com\\\/vanderloubet\",\"https:\\\/\\\/youtube.com\\\/vanderloubet\",\"https:\\\/\\\/tiktok.com\\\/@vanderloubetms\"]},{\"@type\":\"Person\",\"@id\":\"https:\\\/\\\/vanderloubet.com.br\\\/deputado\\\/#\\\/schema\\\/person\\\/15b51bd564532a8a68d9dec1b8eb890e\",\"name\":\"\u00c9der\",\"image\":{\"@type\":\"ImageObject\",\"inLanguage\":\"pt-BR\",\"@id\":\"https:\\\/\\\/vanderloubet.com.br\\\/deputado\\\/wp-content\\\/litespeed\\\/avatar\\\/88ca4090d9d5ab1c9495f6ca03b68efa.jpg?ver=1777058957\",\"url\":\"https:\\\/\\\/vanderloubet.com.br\\\/deputado\\\/wp-content\\\/litespeed\\\/avatar\\\/88ca4090d9d5ab1c9495f6ca03b68efa.jpg?ver=1777058957\",\"contentUrl\":\"https:\\\/\\\/vanderloubet.com.br\\\/deputado\\\/wp-content\\\/litespeed\\\/avatar\\\/88ca4090d9d5ab1c9495f6ca03b68efa.jpg?ver=1777058957\",\"caption\":\"\u00c9der\"}}]}<\/script>\n<!-- \/ Yoast SEO plugin. -->","yoast_head_json":{"title":"Continuidade do aux\u00edlio \u00e9 importante para a economia, defende Vander","description":"Deputado destaca que dinheiro \u00e9 usado pelas fam\u00edlias para consumo, ajudando empresas a vender e a manter empregados.","robots":{"index":"index","follow":"follow","max-snippet":"max-snippet:-1","max-image-preview":"max-image-preview:large","max-video-preview":"max-video-preview:-1"},"canonical":"https:\/\/vanderloubet.com.br\/deputado\/continuidade-do-auxilio-e-importante-para-a-economia-defende-vander\/","og_locale":"pt_BR","og_type":"article","og_title":"Continuidade do aux\u00edlio \u00e9 importante para a economia, defende Vander","og_description":"Deputado destaca que dinheiro \u00e9 usado pelas fam\u00edlias para consumo, ajudando empresas a vender e a manter empregados.","og_url":"https:\/\/vanderloubet.com.br\/deputado\/continuidade-do-auxilio-e-importante-para-a-economia-defende-vander\/","og_site_name":"Deputado Federal Vander Loubet","article_publisher":"https:\/\/facebook.com\/deputadovander","article_published_time":"2021-02-10T13:30:03+00:00","article_modified_time":"2022-04-20T01:04:13+00:00","og_image":[{"width":1080,"height":720,"url":"https:\/\/vanderloubet.com.br\/deputado\/wp-content\/uploads\/2018\/02\/foto-2018-02-22-deputado-vander-loubet.jpg","type":"image\/jpeg"}],"author":"\u00c9der","twitter_card":"summary_large_image","twitter_creator":"@vanderloubet","twitter_site":"@vanderloubet","schema":{"@context":"https:\/\/schema.org","@graph":[{"@type":"Article","@id":"https:\/\/vanderloubet.com.br\/deputado\/continuidade-do-auxilio-e-importante-para-a-economia-defende-vander\/#article","isPartOf":{"@id":"https:\/\/vanderloubet.com.br\/deputado\/continuidade-do-auxilio-e-importante-para-a-economia-defende-vander\/"},"author":{"name":"\u00c9der","@id":"https:\/\/vanderloubet.com.br\/deputado\/#\/schema\/person\/15b51bd564532a8a68d9dec1b8eb890e"},"headline":"Continuidade do aux\u00edlio \u00e9 importante para a economia, defende Vander","datePublished":"2021-02-10T13:30:03+00:00","dateModified":"2022-04-20T01:04:13+00:00","mainEntityOfPage":{"@id":"https:\/\/vanderloubet.com.br\/deputado\/continuidade-do-auxilio-e-importante-para-a-economia-defende-vander\/"},"wordCount":483,"publisher":{"@id":"https:\/\/vanderloubet.com.br\/deputado\/#organization"},"image":{"@id":"https:\/\/vanderloubet.com.br\/deputado\/continuidade-do-auxilio-e-importante-para-a-economia-defende-vander\/#primaryimage"},"thumbnailUrl":"https:\/\/vanderloubet.com.br\/deputado\/wp-content\/uploads\/2018\/02\/foto-2018-02-22-deputado-vander-loubet.jpg","keywords":["aux\u00edlio emergencial","covid-19","economia","pandemia"],"articleSection":["Brasil","Not\u00edcias"],"inLanguage":"pt-BR"},{"@type":"WebPage","@id":"https:\/\/vanderloubet.com.br\/deputado\/continuidade-do-auxilio-e-importante-para-a-economia-defende-vander\/","url":"https:\/\/vanderloubet.com.br\/deputado\/continuidade-do-auxilio-e-importante-para-a-economia-defende-vander\/","name":"Continuidade do aux\u00edlio \u00e9 importante para a economia, defende Vander","isPartOf":{"@id":"https:\/\/vanderloubet.com.br\/deputado\/#website"},"primaryImageOfPage":{"@id":"https:\/\/vanderloubet.com.br\/deputado\/continuidade-do-auxilio-e-importante-para-a-economia-defende-vander\/#primaryimage"},"image":{"@id":"https:\/\/vanderloubet.com.br\/deputado\/continuidade-do-auxilio-e-importante-para-a-economia-defende-vander\/#primaryimage"},"thumbnailUrl":"https:\/\/vanderloubet.com.br\/deputado\/wp-content\/uploads\/2018\/02\/foto-2018-02-22-deputado-vander-loubet.jpg","datePublished":"2021-02-10T13:30:03+00:00","dateModified":"2022-04-20T01:04:13+00:00","description":"Deputado destaca que dinheiro \u00e9 usado pelas fam\u00edlias para consumo, ajudando empresas a vender e a manter empregados.","breadcrumb":{"@id":"https:\/\/vanderloubet.com.br\/deputado\/continuidade-do-auxilio-e-importante-para-a-economia-defende-vander\/#breadcrumb"},"inLanguage":"pt-BR","potentialAction":[{"@type":"ReadAction","target":["https:\/\/vanderloubet.com.br\/deputado\/continuidade-do-auxilio-e-importante-para-a-economia-defende-vander\/"]}]},{"@type":"ImageObject","inLanguage":"pt-BR","@id":"https:\/\/vanderloubet.com.br\/deputado\/continuidade-do-auxilio-e-importante-para-a-economia-defende-vander\/#primaryimage","url":"https:\/\/vanderloubet.com.br\/deputado\/wp-content\/uploads\/2018\/02\/foto-2018-02-22-deputado-vander-loubet.jpg","contentUrl":"https:\/\/vanderloubet.com.br\/deputado\/wp-content\/uploads\/2018\/02\/foto-2018-02-22-deputado-vander-loubet.jpg","width":1080,"height":720,"caption":"Deputado Vander Loubet (Foto: Jo\u00e3o Cirilo)"},{"@type":"BreadcrumbList","@id":"https:\/\/vanderloubet.com.br\/deputado\/continuidade-do-auxilio-e-importante-para-a-economia-defende-vander\/#breadcrumb","itemListElement":[{"@type":"ListItem","position":1,"name":"In\u00edcio","item":"https:\/\/vanderloubet.com.br\/deputado\/"},{"@type":"ListItem","position":2,"name":"Continuidade do aux\u00edlio \u00e9 importante para a economia, defende Vander"}]},{"@type":"WebSite","@id":"https:\/\/vanderloubet.com.br\/deputado\/#website","url":"https:\/\/vanderloubet.com.br\/deputado\/","name":"Deputado Federal Vander Loubet","description":"O Federal de MS","publisher":{"@id":"https:\/\/vanderloubet.com.br\/deputado\/#organization"},"alternateName":"Deputado Vander","potentialAction":[{"@type":"SearchAction","target":{"@type":"EntryPoint","urlTemplate":"https:\/\/vanderloubet.com.br\/deputado\/?s={search_term_string}"},"query-input":{"@type":"PropertyValueSpecification","valueRequired":true,"valueName":"search_term_string"}}],"inLanguage":"pt-BR"},{"@type":"Organization","@id":"https:\/\/vanderloubet.com.br\/deputado\/#organization","name":"Deputado Federal Vander Loubet","alternateName":"Deputado Vander","url":"https:\/\/vanderloubet.com.br\/deputado\/","logo":{"@type":"ImageObject","inLanguage":"pt-BR","@id":"https:\/\/vanderloubet.com.br\/deputado\/#\/schema\/logo\/image\/","url":"https:\/\/vanderloubet.com.br\/deputado\/wp-content\/uploads\/2023\/06\/foto-2023-06-19-mandato-deputado-vander.jpg","contentUrl":"https:\/\/vanderloubet.com.br\/deputado\/wp-content\/uploads\/2023\/06\/foto-2023-06-19-mandato-deputado-vander.jpg","width":1080,"height":1080,"caption":"Deputado Federal Vander Loubet"},"image":{"@id":"https:\/\/vanderloubet.com.br\/deputado\/#\/schema\/logo\/image\/"},"sameAs":["https:\/\/facebook.com\/deputadovander","https:\/\/x.com\/vanderloubet","https:\/\/instagram.com\/vanderloubet","https:\/\/youtube.com\/vanderloubet","https:\/\/tiktok.com\/@vanderloubetms"]},{"@type":"Person","@id":"https:\/\/vanderloubet.com.br\/deputado\/#\/schema\/person\/15b51bd564532a8a68d9dec1b8eb890e","name":"\u00c9der","image":{"@type":"ImageObject","inLanguage":"pt-BR","@id":"https:\/\/vanderloubet.com.br\/deputado\/wp-content\/litespeed\/avatar\/88ca4090d9d5ab1c9495f6ca03b68efa.jpg?ver=1777058957","url":"https:\/\/vanderloubet.com.br\/deputado\/wp-content\/litespeed\/avatar\/88ca4090d9d5ab1c9495f6ca03b68efa.jpg?ver=1777058957","contentUrl":"https:\/\/vanderloubet.com.br\/deputado\/wp-content\/litespeed\/avatar\/88ca4090d9d5ab1c9495f6ca03b68efa.jpg?ver=1777058957","caption":"\u00c9der"}}]}},"jetpack_featured_media_url":"https:\/\/vanderloubet.com.br\/deputado\/wp-content\/uploads\/2018\/02\/foto-2018-02-22-deputado-vander-loubet.jpg","jetpack_sharing_enabled":true,"_links":{"self":[{"href":"https:\/\/vanderloubet.com.br\/deputado\/wp-json\/wp\/v2\/posts\/17036","targetHints":{"allow":["GET"]}}],"collection":[{"href":"https:\/\/vanderloubet.com.br\/deputado\/wp-json\/wp\/v2\/posts"}],"about":[{"href":"https:\/\/vanderloubet.com.br\/deputado\/wp-json\/wp\/v2\/types\/post"}],"author":[{"embeddable":true,"href":"https:\/\/vanderloubet.com.br\/deputado\/wp-json\/wp\/v2\/users\/2"}],"replies":[{"embeddable":true,"href":"https:\/\/vanderloubet.com.br\/deputado\/wp-json\/wp\/v2\/comments?post=17036"}],"version-history":[{"count":0,"href":"https:\/\/vanderloubet.com.br\/deputado\/wp-json\/wp\/v2\/posts\/17036\/revisions"}],"wp:featuredmedia":[{"embeddable":true,"href":"https:\/\/vanderloubet.com.br\/deputado\/wp-json\/wp\/v2\/media\/13659"}],"wp:attachment":[{"href":"https:\/\/vanderloubet.com.br\/deputado\/wp-json\/wp\/v2\/media?parent=17036"}],"wp:term":[{"taxonomy":"category","embeddable":true,"href":"https:\/\/vanderloubet.com.br\/deputado\/wp-json\/wp\/v2\/categories?post=17036"},{"taxonomy":"post_tag","embeddable":true,"href":"https:\/\/vanderloubet.com.br\/deputado\/wp-json\/wp\/v2\/tags?post=17036"}],"curies":[{"name":"wp","href":"https:\/\/api.w.org\/{rel}","templated":true}]}}