{"id":17018,"date":"2021-01-22T08:30:47","date_gmt":"2021-01-22T12:30:47","guid":{"rendered":"http:\/\/vanderloubet.com.br\/deputado\/?p=17018"},"modified":"2021-01-22T09:06:00","modified_gmt":"2021-01-22T13:06:00","slug":"projeto-de-cultivo-de-hortalicas-amplia-numero-de-comunidades-atendidas","status":"publish","type":"post","link":"https:\/\/vanderloubet.com.br\/deputado\/projeto-de-cultivo-de-hortalicas-amplia-numero-de-comunidades-atendidas\/","title":{"rendered":"Projeto de cultivo de hortali\u00e7as amplia n\u00famero de comunidades atendidas"},"content":{"rendered":"<p><iframe title=\"Projeto de cultivo protegido de hortali\u00e7as amplia n\u00famero de comunidades atendidas\" width=\"696\" height=\"392\" src=\"https:\/\/www.youtube.com\/embed\/UWZ1QVsgV3o?feature=oembed\" frameborder=\"0\" allow=\"accelerometer; autoplay; clipboard-write; encrypted-media; gyroscope; picture-in-picture\" allowfullscreen><\/iframe><\/p>\n<p>A produ\u00e7\u00e3o sustent\u00e1vel e a gera\u00e7\u00e3o de renda possibilitadas pelo projeto &#8220;Agricultura Periurbana em Comunidades Tradicionais&#8221; est\u00e3o transformando a realidade de fam\u00edlias ind\u00edgenas e n\u00e3o ind\u00edgenas em Mato Grosso do Sul e despertando o interesse de novas comunidades.<\/p>\n<p>Para atender a essa demanda, a iniciativa, que consiste na implanta\u00e7\u00e3o de hortas comunit\u00e1rias utilizando sistema de plantio em \u00e1rea protegida, ser\u00e1 ampliada de quatro para 18 comunidades. Nas regi\u00f5es atendidas s\u00e3o produzidas hortali\u00e7as como alface, couve, almeir\u00e3o, cebolinha, salsa, r\u00facula e coentro.<\/p>\n<p>Iniciado em julho de 2018, o projeto \u00e9 realizado pela Universidade Federal de Mato Grosso do Sul (UFMS) em parceria com a Ag\u00eancia de Desenvolvimento Agr\u00e1rio e Extens\u00e3o Rural (Agraer), gra\u00e7as a recursos de emendas parlamentares do deputado federal Vander Loubet e do ex-deputado federal Zeca do PT.<\/p>\n<p>&#8220;A expans\u00e3o ocorreu naturalmente por conta da procura das pr\u00f3prias lideran\u00e7as das comunidades. \u00c9 um projeto que garante gera\u00e7\u00e3o de renda, porque nas comunidades n\u00e3o tem trabalho. J\u00e1 existe a produ\u00e7\u00e3o de verduras, mas a hortali\u00e7a tem um giro muito r\u00e1pido e isso faz uma grande diferen\u00e7a&#8221;, explica a coordenadora do projeto, professora Vanderl\u00e9ia Mussi (FACH\/UFMS).<\/p>\n<p>O projeto come\u00e7ou atendendo a Aldeia \u00c1gua Bonita (Campo Grande), a comunidade do Bairro Lageado (Campo Grande), a Aldeia 10 de Maio (Sidrol\u00e2ndia) e a Aldeia Aldeinha (Anast\u00e1cio), totalizando 1.286 fam\u00edlias beneficiadas.<\/p>\n<p>Na segunda fase, iniciada este ano, as a\u00e7\u00f5es est\u00e3o sendo ampliadas para 18 comunidades em seis munic\u00edpios: Sidrol\u00e2ndia, Anast\u00e1cio, Aquidauana, Dois Irm\u00e3os do Buriti, Nioaque e Campo Grande. Com essa expans\u00e3o, uma das regi\u00f5es atendidas ser\u00e1 a comunidade quilombola Tia Eva. Ao todo, 2.956 fam\u00edlias estar\u00e3o diretamente envolvidas no projeto e cerca de 14 mil pessoas ser\u00e3o beneficiadas.<\/p>\n<p>&#8220;Viabilizamos mais recursos para uma nova etapa, que ser\u00e1 bem mais ampla e vai envolver mais a Agraer e as prefeituras. O projeto ganhou corpo porque os resultados s\u00e3o muito positivos e mostram que esse \u00e9 um dos caminhos para ajudarmos essas comunidades&#8221;, destaca o deputado Vander Loubet.<\/p>\n<p><strong>Produ\u00e7\u00e3o<\/strong> &#8211; O ind\u00edgena Ad\u00e3o Cust\u00f3dio, da Aldeia 10 de Maio, explica que o projeto possibilitou o aumento da produtividade e a diversifica\u00e7\u00e3o da produ\u00e7\u00e3o. &#8220;A gente j\u00e1 plantava quiabo, ab\u00f3bora, mas no sistema antigo e n\u00e3o rendia muito. Com o projeto a gente recebeu assist\u00eancia t\u00e9cnica, fez an\u00e1lise de solo e come\u00e7ou a aumentar a produ\u00e7\u00e3o. E agora tem alface, couve, cebolinha, cheiro verde. Est\u00e1 sendo uma experi\u00eancia \u00f3tima&#8221;, conta.<\/p>\n<p>Parte da produ\u00e7\u00e3o \u00e9 distribu\u00edda para outras aldeias da regi\u00e3o e outra parte \u00e9 comercializada nas feiras e estabelecimentos comerciais de Sidrol\u00e2ndia.<\/p>\n<p>Vander Loubet lembra que as comunidades ind\u00edgenas que vivem em \u00e1reas urbanas muitas vezes enfrentam dificuldades para viabilizar atividades geradoras de renda e at\u00e9 para subsist\u00eancia. &#8220;Esse projeto permitiu uma atividade que atendeu a essas duas quest\u00f5es, ou seja, essas fam\u00edlias passaram a ter hortali\u00e7as para enriquecer sua alimenta\u00e7\u00e3o e ao mesmo tempo podem comercializar esses produtos, garantindo uma fonte de renda&#8221;, avalia o parlamentar.<\/p>\n<p>Em cada comunidade, \u00e9 instalada uma estufa de 84 m\u00b2 com sistema de irriga\u00e7\u00e3o pr\u00f3prio e mais de 200 m\u00b2 de telados com irriga\u00e7\u00e3o por gotejamento. O cultivo protegido reduz o impacto de vari\u00e1veis clim\u00e1ticas, como temperatura, umidade do ar, radia\u00e7\u00e3o solar e vento.<\/p>\n<p><strong>Cultura ind\u00edgena<\/strong> &#8211; A professora Vanderl\u00e9ia explica que a produ\u00e7\u00e3o de hortali\u00e7as \u00e9 uma novidade para os \u00edndios Terena, que s\u00e3o a maioria dos beneficiados. &#8220;Embora haja uma tradi\u00e7\u00e3o de cultivo pelos Terena, o plantio de hortali\u00e7as \u00e9 hist\u00f3rico e in\u00e9dito, \u00e9 uma t\u00e9cnica espec\u00edfica que eles ainda n\u00e3o haviam se apropriado. E dentro do projeto n\u00f3s fazemos uma media\u00e7\u00e3o do saber em que as tradi\u00e7\u00f5es culturais ind\u00edgenas relacionadas ao sistema de plantio s\u00e3o respeitadas&#8221;, explica.<\/p>\n<p>Tanto que, conforme a coordenadora do projeto, criou-se o conceito de &#8220;produto agroecol\u00f3gico ind\u00edgena&#8221; e o selo &#8220;Horta da Aldeia&#8221; para especificar as hortali\u00e7as que s\u00e3o produzidas nessas comunidades.<\/p>\n<p><strong>Energia solar<\/strong> &#8211; Entre os avan\u00e7os desta segunda fase do projeto est\u00e1 a implementa\u00e7\u00e3o de tecnologias sustent\u00e1veis com uso de energias renov\u00e1veis como sistemas fotovoltaicos. A Aldeia 10 de Maio ser\u00e1 uma das primeiras a ser beneficiada. &#8220;Estamos aguardando por essa instala\u00e7\u00e3o. Vai ser \u00f3timo porque a nossa energia aqui \u00e9 muito ruim. E a gente vai reduzir o custo com a energia solar&#8221;, conclui Ad\u00e3o Cust\u00f3dio.<\/p>\n","protected":false},"excerpt":{"rendered":"<p>Gra\u00e7as a emendas parlamentares do deputado Vander Loubet e \u00e0 parceria com Agraer e Semagro, cerca de 14 mil pessoas ser\u00e3o beneficiadas.<\/p>\n","protected":false},"author":2,"featured_media":17020,"comment_status":"closed","ping_status":"closed","sticky":false,"template":"","format":"video","meta":{"jetpack_post_was_ever_published":false,"_jetpack_newsletter_access":"","_jetpack_dont_email_post_to_subs":false,"_jetpack_newsletter_tier_id":0,"_jetpack_memberships_contains_paywalled_content":false,"_jetpack_memberships_contains_paid_content":false,"footnotes":""},"categories":[2101,2097,10,12],"tags":[2132,2373,2127],"class_list":{"0":"post-17018","1":"post","2":"type-post","3":"status-publish","4":"format-video","5":"has-post-thumbnail","7":"category-multimidia","8":"category-municipios-noticias","9":"category-noticias","10":"category-videos","11":"tag-agricultura-familiar","12":"tag-aldeia-indigena","13":"tag-emenda-parlamentar","14":"post_format-post-format-video"},"yoast_head":"<!-- This site is optimized with the Yoast SEO plugin v27.4 - https:\/\/yoast.com\/product\/yoast-seo-wordpress\/ -->\n<title>Projeto de cultivo de hortali\u00e7as amplia n\u00famero de comunidades atendidas<\/title>\n<meta name=\"description\" content=\"Gra\u00e7as a emendas parlamentares do deputado Vander Loubet e \u00e0 parceria com Agraer e Semagro, cerca de 14 mil pessoas ser\u00e3o beneficiadas.\" \/>\n<meta name=\"robots\" content=\"index, follow, max-snippet:-1, max-image-preview:large, max-video-preview:-1\" \/>\n<link rel=\"canonical\" href=\"https:\/\/vanderloubet.com.br\/deputado\/projeto-de-cultivo-de-hortalicas-amplia-numero-de-comunidades-atendidas\/\" \/>\n<meta property=\"og:locale\" content=\"pt_BR\" \/>\n<meta property=\"og:type\" content=\"article\" \/>\n<meta property=\"og:title\" content=\"Projeto de cultivo de hortali\u00e7as amplia n\u00famero de comunidades atendidas\" \/>\n<meta property=\"og:description\" content=\"Gra\u00e7as a emendas parlamentares do deputado Vander Loubet e \u00e0 parceria com Agraer e Semagro, cerca de 14 mil pessoas ser\u00e3o beneficiadas.\" \/>\n<meta property=\"og:url\" content=\"https:\/\/vanderloubet.com.br\/deputado\/projeto-de-cultivo-de-hortalicas-amplia-numero-de-comunidades-atendidas\/\" \/>\n<meta property=\"og:site_name\" content=\"Deputado Federal Vander Loubet\" \/>\n<meta property=\"article:publisher\" content=\"https:\/\/facebook.com\/deputadovander\" \/>\n<meta property=\"article:published_time\" content=\"2021-01-22T12:30:47+00:00\" \/>\n<meta property=\"article:modified_time\" content=\"2021-01-22T13:06:00+00:00\" \/>\n<meta property=\"og:image\" content=\"https:\/\/vanderloubet.com.br\/deputado\/wp-content\/uploads\/2021\/01\/foto-2021-01-22-agricultura-periurbana.jpg\" \/>\n\t<meta property=\"og:image:width\" content=\"1080\" \/>\n\t<meta property=\"og:image:height\" content=\"608\" \/>\n\t<meta property=\"og:image:type\" content=\"image\/jpeg\" \/>\n<meta name=\"author\" content=\"\u00c9der\" \/>\n<meta name=\"twitter:card\" content=\"summary_large_image\" \/>\n<meta name=\"twitter:creator\" content=\"@vanderloubet\" \/>\n<meta name=\"twitter:site\" content=\"@vanderloubet\" \/>\n<script type=\"application\/ld+json\" class=\"yoast-schema-graph\">{\"@context\":\"https:\\\/\\\/schema.org\",\"@graph\":[{\"@type\":\"Article\",\"@id\":\"https:\\\/\\\/vanderloubet.com.br\\\/deputado\\\/projeto-de-cultivo-de-hortalicas-amplia-numero-de-comunidades-atendidas\\\/#article\",\"isPartOf\":{\"@id\":\"https:\\\/\\\/vanderloubet.com.br\\\/deputado\\\/projeto-de-cultivo-de-hortalicas-amplia-numero-de-comunidades-atendidas\\\/\"},\"author\":{\"name\":\"\u00c9der\",\"@id\":\"https:\\\/\\\/vanderloubet.com.br\\\/deputado\\\/#\\\/schema\\\/person\\\/15b51bd564532a8a68d9dec1b8eb890e\"},\"headline\":\"Projeto de cultivo de hortali\u00e7as amplia n\u00famero de comunidades atendidas\",\"datePublished\":\"2021-01-22T12:30:47+00:00\",\"dateModified\":\"2021-01-22T13:06:00+00:00\",\"mainEntityOfPage\":{\"@id\":\"https:\\\/\\\/vanderloubet.com.br\\\/deputado\\\/projeto-de-cultivo-de-hortalicas-amplia-numero-de-comunidades-atendidas\\\/\"},\"wordCount\":798,\"publisher\":{\"@id\":\"https:\\\/\\\/vanderloubet.com.br\\\/deputado\\\/#organization\"},\"image\":{\"@id\":\"https:\\\/\\\/vanderloubet.com.br\\\/deputado\\\/projeto-de-cultivo-de-hortalicas-amplia-numero-de-comunidades-atendidas\\\/#primaryimage\"},\"thumbnailUrl\":\"https:\\\/\\\/vanderloubet.com.br\\\/deputado\\\/wp-content\\\/uploads\\\/2021\\\/01\\\/foto-2021-01-22-agricultura-periurbana.jpg\",\"keywords\":[\"agricultura familiar\",\"aldeia ind\u00edgena\",\"emenda parlamentar\"],\"articleSection\":[\"Multim\u00eddia\",\"Munic\u00edpios\",\"Not\u00edcias\",\"V\u00eddeos\"],\"inLanguage\":\"pt-BR\"},{\"@type\":\"WebPage\",\"@id\":\"https:\\\/\\\/vanderloubet.com.br\\\/deputado\\\/projeto-de-cultivo-de-hortalicas-amplia-numero-de-comunidades-atendidas\\\/\",\"url\":\"https:\\\/\\\/vanderloubet.com.br\\\/deputado\\\/projeto-de-cultivo-de-hortalicas-amplia-numero-de-comunidades-atendidas\\\/\",\"name\":\"Projeto de cultivo de hortali\u00e7as amplia n\u00famero de comunidades atendidas\",\"isPartOf\":{\"@id\":\"https:\\\/\\\/vanderloubet.com.br\\\/deputado\\\/#website\"},\"primaryImageOfPage\":{\"@id\":\"https:\\\/\\\/vanderloubet.com.br\\\/deputado\\\/projeto-de-cultivo-de-hortalicas-amplia-numero-de-comunidades-atendidas\\\/#primaryimage\"},\"image\":{\"@id\":\"https:\\\/\\\/vanderloubet.com.br\\\/deputado\\\/projeto-de-cultivo-de-hortalicas-amplia-numero-de-comunidades-atendidas\\\/#primaryimage\"},\"thumbnailUrl\":\"https:\\\/\\\/vanderloubet.com.br\\\/deputado\\\/wp-content\\\/uploads\\\/2021\\\/01\\\/foto-2021-01-22-agricultura-periurbana.jpg\",\"datePublished\":\"2021-01-22T12:30:47+00:00\",\"dateModified\":\"2021-01-22T13:06:00+00:00\",\"description\":\"Gra\u00e7as a emendas parlamentares do deputado Vander Loubet e \u00e0 parceria com Agraer e Semagro, cerca de 14 mil pessoas ser\u00e3o beneficiadas.\",\"breadcrumb\":{\"@id\":\"https:\\\/\\\/vanderloubet.com.br\\\/deputado\\\/projeto-de-cultivo-de-hortalicas-amplia-numero-de-comunidades-atendidas\\\/#breadcrumb\"},\"inLanguage\":\"pt-BR\",\"potentialAction\":[{\"@type\":\"ReadAction\",\"target\":[\"https:\\\/\\\/vanderloubet.com.br\\\/deputado\\\/projeto-de-cultivo-de-hortalicas-amplia-numero-de-comunidades-atendidas\\\/\"]}]},{\"@type\":\"ImageObject\",\"inLanguage\":\"pt-BR\",\"@id\":\"https:\\\/\\\/vanderloubet.com.br\\\/deputado\\\/projeto-de-cultivo-de-hortalicas-amplia-numero-de-comunidades-atendidas\\\/#primaryimage\",\"url\":\"https:\\\/\\\/vanderloubet.com.br\\\/deputado\\\/wp-content\\\/uploads\\\/2021\\\/01\\\/foto-2021-01-22-agricultura-periurbana.jpg\",\"contentUrl\":\"https:\\\/\\\/vanderloubet.com.br\\\/deputado\\\/wp-content\\\/uploads\\\/2021\\\/01\\\/foto-2021-01-22-agricultura-periurbana.jpg\",\"width\":1080,\"height\":608,\"caption\":\"Projeto de cultivo de hortali\u00e7as amplia n\u00famero de comunidades atendidas\"},{\"@type\":\"BreadcrumbList\",\"@id\":\"https:\\\/\\\/vanderloubet.com.br\\\/deputado\\\/projeto-de-cultivo-de-hortalicas-amplia-numero-de-comunidades-atendidas\\\/#breadcrumb\",\"itemListElement\":[{\"@type\":\"ListItem\",\"position\":1,\"name\":\"In\u00edcio\",\"item\":\"https:\\\/\\\/vanderloubet.com.br\\\/deputado\\\/\"},{\"@type\":\"ListItem\",\"position\":2,\"name\":\"Projeto de cultivo de hortali\u00e7as amplia n\u00famero de comunidades atendidas\"}]},{\"@type\":\"WebSite\",\"@id\":\"https:\\\/\\\/vanderloubet.com.br\\\/deputado\\\/#website\",\"url\":\"https:\\\/\\\/vanderloubet.com.br\\\/deputado\\\/\",\"name\":\"Deputado Federal Vander Loubet\",\"description\":\"O Federal de MS\",\"publisher\":{\"@id\":\"https:\\\/\\\/vanderloubet.com.br\\\/deputado\\\/#organization\"},\"alternateName\":\"Deputado Vander\",\"potentialAction\":[{\"@type\":\"SearchAction\",\"target\":{\"@type\":\"EntryPoint\",\"urlTemplate\":\"https:\\\/\\\/vanderloubet.com.br\\\/deputado\\\/?s={search_term_string}\"},\"query-input\":{\"@type\":\"PropertyValueSpecification\",\"valueRequired\":true,\"valueName\":\"search_term_string\"}}],\"inLanguage\":\"pt-BR\"},{\"@type\":\"Organization\",\"@id\":\"https:\\\/\\\/vanderloubet.com.br\\\/deputado\\\/#organization\",\"name\":\"Deputado Federal Vander Loubet\",\"alternateName\":\"Deputado Vander\",\"url\":\"https:\\\/\\\/vanderloubet.com.br\\\/deputado\\\/\",\"logo\":{\"@type\":\"ImageObject\",\"inLanguage\":\"pt-BR\",\"@id\":\"https:\\\/\\\/vanderloubet.com.br\\\/deputado\\\/#\\\/schema\\\/logo\\\/image\\\/\",\"url\":\"https:\\\/\\\/vanderloubet.com.br\\\/deputado\\\/wp-content\\\/uploads\\\/2023\\\/06\\\/foto-2023-06-19-mandato-deputado-vander.jpg\",\"contentUrl\":\"https:\\\/\\\/vanderloubet.com.br\\\/deputado\\\/wp-content\\\/uploads\\\/2023\\\/06\\\/foto-2023-06-19-mandato-deputado-vander.jpg\",\"width\":1080,\"height\":1080,\"caption\":\"Deputado Federal Vander Loubet\"},\"image\":{\"@id\":\"https:\\\/\\\/vanderloubet.com.br\\\/deputado\\\/#\\\/schema\\\/logo\\\/image\\\/\"},\"sameAs\":[\"https:\\\/\\\/facebook.com\\\/deputadovander\",\"https:\\\/\\\/x.com\\\/vanderloubet\",\"https:\\\/\\\/instagram.com\\\/vanderloubet\",\"https:\\\/\\\/youtube.com\\\/vanderloubet\",\"https:\\\/\\\/tiktok.com\\\/@vanderloubetms\"]},{\"@type\":\"Person\",\"@id\":\"https:\\\/\\\/vanderloubet.com.br\\\/deputado\\\/#\\\/schema\\\/person\\\/15b51bd564532a8a68d9dec1b8eb890e\",\"name\":\"\u00c9der\",\"image\":{\"@type\":\"ImageObject\",\"inLanguage\":\"pt-BR\",\"@id\":\"https:\\\/\\\/vanderloubet.com.br\\\/deputado\\\/wp-content\\\/litespeed\\\/avatar\\\/88ca4090d9d5ab1c9495f6ca03b68efa.jpg?ver=1777058957\",\"url\":\"https:\\\/\\\/vanderloubet.com.br\\\/deputado\\\/wp-content\\\/litespeed\\\/avatar\\\/88ca4090d9d5ab1c9495f6ca03b68efa.jpg?ver=1777058957\",\"contentUrl\":\"https:\\\/\\\/vanderloubet.com.br\\\/deputado\\\/wp-content\\\/litespeed\\\/avatar\\\/88ca4090d9d5ab1c9495f6ca03b68efa.jpg?ver=1777058957\",\"caption\":\"\u00c9der\"}}]}<\/script>\n<!-- \/ Yoast SEO plugin. -->","yoast_head_json":{"title":"Projeto de cultivo de hortali\u00e7as amplia n\u00famero de comunidades atendidas","description":"Gra\u00e7as a emendas parlamentares do deputado Vander Loubet e \u00e0 parceria com Agraer e Semagro, cerca de 14 mil pessoas ser\u00e3o beneficiadas.","robots":{"index":"index","follow":"follow","max-snippet":"max-snippet:-1","max-image-preview":"max-image-preview:large","max-video-preview":"max-video-preview:-1"},"canonical":"https:\/\/vanderloubet.com.br\/deputado\/projeto-de-cultivo-de-hortalicas-amplia-numero-de-comunidades-atendidas\/","og_locale":"pt_BR","og_type":"article","og_title":"Projeto de cultivo de hortali\u00e7as amplia n\u00famero de comunidades atendidas","og_description":"Gra\u00e7as a emendas parlamentares do deputado Vander Loubet e \u00e0 parceria com Agraer e Semagro, cerca de 14 mil pessoas ser\u00e3o beneficiadas.","og_url":"https:\/\/vanderloubet.com.br\/deputado\/projeto-de-cultivo-de-hortalicas-amplia-numero-de-comunidades-atendidas\/","og_site_name":"Deputado Federal Vander Loubet","article_publisher":"https:\/\/facebook.com\/deputadovander","article_published_time":"2021-01-22T12:30:47+00:00","article_modified_time":"2021-01-22T13:06:00+00:00","og_image":[{"width":1080,"height":608,"url":"https:\/\/vanderloubet.com.br\/deputado\/wp-content\/uploads\/2021\/01\/foto-2021-01-22-agricultura-periurbana.jpg","type":"image\/jpeg"}],"author":"\u00c9der","twitter_card":"summary_large_image","twitter_creator":"@vanderloubet","twitter_site":"@vanderloubet","schema":{"@context":"https:\/\/schema.org","@graph":[{"@type":"Article","@id":"https:\/\/vanderloubet.com.br\/deputado\/projeto-de-cultivo-de-hortalicas-amplia-numero-de-comunidades-atendidas\/#article","isPartOf":{"@id":"https:\/\/vanderloubet.com.br\/deputado\/projeto-de-cultivo-de-hortalicas-amplia-numero-de-comunidades-atendidas\/"},"author":{"name":"\u00c9der","@id":"https:\/\/vanderloubet.com.br\/deputado\/#\/schema\/person\/15b51bd564532a8a68d9dec1b8eb890e"},"headline":"Projeto de cultivo de hortali\u00e7as amplia n\u00famero de comunidades atendidas","datePublished":"2021-01-22T12:30:47+00:00","dateModified":"2021-01-22T13:06:00+00:00","mainEntityOfPage":{"@id":"https:\/\/vanderloubet.com.br\/deputado\/projeto-de-cultivo-de-hortalicas-amplia-numero-de-comunidades-atendidas\/"},"wordCount":798,"publisher":{"@id":"https:\/\/vanderloubet.com.br\/deputado\/#organization"},"image":{"@id":"https:\/\/vanderloubet.com.br\/deputado\/projeto-de-cultivo-de-hortalicas-amplia-numero-de-comunidades-atendidas\/#primaryimage"},"thumbnailUrl":"https:\/\/vanderloubet.com.br\/deputado\/wp-content\/uploads\/2021\/01\/foto-2021-01-22-agricultura-periurbana.jpg","keywords":["agricultura familiar","aldeia ind\u00edgena","emenda parlamentar"],"articleSection":["Multim\u00eddia","Munic\u00edpios","Not\u00edcias","V\u00eddeos"],"inLanguage":"pt-BR"},{"@type":"WebPage","@id":"https:\/\/vanderloubet.com.br\/deputado\/projeto-de-cultivo-de-hortalicas-amplia-numero-de-comunidades-atendidas\/","url":"https:\/\/vanderloubet.com.br\/deputado\/projeto-de-cultivo-de-hortalicas-amplia-numero-de-comunidades-atendidas\/","name":"Projeto de cultivo de hortali\u00e7as amplia n\u00famero de comunidades atendidas","isPartOf":{"@id":"https:\/\/vanderloubet.com.br\/deputado\/#website"},"primaryImageOfPage":{"@id":"https:\/\/vanderloubet.com.br\/deputado\/projeto-de-cultivo-de-hortalicas-amplia-numero-de-comunidades-atendidas\/#primaryimage"},"image":{"@id":"https:\/\/vanderloubet.com.br\/deputado\/projeto-de-cultivo-de-hortalicas-amplia-numero-de-comunidades-atendidas\/#primaryimage"},"thumbnailUrl":"https:\/\/vanderloubet.com.br\/deputado\/wp-content\/uploads\/2021\/01\/foto-2021-01-22-agricultura-periurbana.jpg","datePublished":"2021-01-22T12:30:47+00:00","dateModified":"2021-01-22T13:06:00+00:00","description":"Gra\u00e7as a emendas parlamentares do deputado Vander Loubet e \u00e0 parceria com Agraer e Semagro, cerca de 14 mil pessoas ser\u00e3o beneficiadas.","breadcrumb":{"@id":"https:\/\/vanderloubet.com.br\/deputado\/projeto-de-cultivo-de-hortalicas-amplia-numero-de-comunidades-atendidas\/#breadcrumb"},"inLanguage":"pt-BR","potentialAction":[{"@type":"ReadAction","target":["https:\/\/vanderloubet.com.br\/deputado\/projeto-de-cultivo-de-hortalicas-amplia-numero-de-comunidades-atendidas\/"]}]},{"@type":"ImageObject","inLanguage":"pt-BR","@id":"https:\/\/vanderloubet.com.br\/deputado\/projeto-de-cultivo-de-hortalicas-amplia-numero-de-comunidades-atendidas\/#primaryimage","url":"https:\/\/vanderloubet.com.br\/deputado\/wp-content\/uploads\/2021\/01\/foto-2021-01-22-agricultura-periurbana.jpg","contentUrl":"https:\/\/vanderloubet.com.br\/deputado\/wp-content\/uploads\/2021\/01\/foto-2021-01-22-agricultura-periurbana.jpg","width":1080,"height":608,"caption":"Projeto de cultivo de hortali\u00e7as amplia n\u00famero de comunidades atendidas"},{"@type":"BreadcrumbList","@id":"https:\/\/vanderloubet.com.br\/deputado\/projeto-de-cultivo-de-hortalicas-amplia-numero-de-comunidades-atendidas\/#breadcrumb","itemListElement":[{"@type":"ListItem","position":1,"name":"In\u00edcio","item":"https:\/\/vanderloubet.com.br\/deputado\/"},{"@type":"ListItem","position":2,"name":"Projeto de cultivo de hortali\u00e7as amplia n\u00famero de comunidades atendidas"}]},{"@type":"WebSite","@id":"https:\/\/vanderloubet.com.br\/deputado\/#website","url":"https:\/\/vanderloubet.com.br\/deputado\/","name":"Deputado Federal Vander Loubet","description":"O Federal de MS","publisher":{"@id":"https:\/\/vanderloubet.com.br\/deputado\/#organization"},"alternateName":"Deputado Vander","potentialAction":[{"@type":"SearchAction","target":{"@type":"EntryPoint","urlTemplate":"https:\/\/vanderloubet.com.br\/deputado\/?s={search_term_string}"},"query-input":{"@type":"PropertyValueSpecification","valueRequired":true,"valueName":"search_term_string"}}],"inLanguage":"pt-BR"},{"@type":"Organization","@id":"https:\/\/vanderloubet.com.br\/deputado\/#organization","name":"Deputado Federal Vander Loubet","alternateName":"Deputado Vander","url":"https:\/\/vanderloubet.com.br\/deputado\/","logo":{"@type":"ImageObject","inLanguage":"pt-BR","@id":"https:\/\/vanderloubet.com.br\/deputado\/#\/schema\/logo\/image\/","url":"https:\/\/vanderloubet.com.br\/deputado\/wp-content\/uploads\/2023\/06\/foto-2023-06-19-mandato-deputado-vander.jpg","contentUrl":"https:\/\/vanderloubet.com.br\/deputado\/wp-content\/uploads\/2023\/06\/foto-2023-06-19-mandato-deputado-vander.jpg","width":1080,"height":1080,"caption":"Deputado Federal Vander Loubet"},"image":{"@id":"https:\/\/vanderloubet.com.br\/deputado\/#\/schema\/logo\/image\/"},"sameAs":["https:\/\/facebook.com\/deputadovander","https:\/\/x.com\/vanderloubet","https:\/\/instagram.com\/vanderloubet","https:\/\/youtube.com\/vanderloubet","https:\/\/tiktok.com\/@vanderloubetms"]},{"@type":"Person","@id":"https:\/\/vanderloubet.com.br\/deputado\/#\/schema\/person\/15b51bd564532a8a68d9dec1b8eb890e","name":"\u00c9der","image":{"@type":"ImageObject","inLanguage":"pt-BR","@id":"https:\/\/vanderloubet.com.br\/deputado\/wp-content\/litespeed\/avatar\/88ca4090d9d5ab1c9495f6ca03b68efa.jpg?ver=1777058957","url":"https:\/\/vanderloubet.com.br\/deputado\/wp-content\/litespeed\/avatar\/88ca4090d9d5ab1c9495f6ca03b68efa.jpg?ver=1777058957","contentUrl":"https:\/\/vanderloubet.com.br\/deputado\/wp-content\/litespeed\/avatar\/88ca4090d9d5ab1c9495f6ca03b68efa.jpg?ver=1777058957","caption":"\u00c9der"}}]}},"jetpack_featured_media_url":"https:\/\/vanderloubet.com.br\/deputado\/wp-content\/uploads\/2021\/01\/foto-2021-01-22-agricultura-periurbana.jpg","jetpack_sharing_enabled":true,"_links":{"self":[{"href":"https:\/\/vanderloubet.com.br\/deputado\/wp-json\/wp\/v2\/posts\/17018","targetHints":{"allow":["GET"]}}],"collection":[{"href":"https:\/\/vanderloubet.com.br\/deputado\/wp-json\/wp\/v2\/posts"}],"about":[{"href":"https:\/\/vanderloubet.com.br\/deputado\/wp-json\/wp\/v2\/types\/post"}],"author":[{"embeddable":true,"href":"https:\/\/vanderloubet.com.br\/deputado\/wp-json\/wp\/v2\/users\/2"}],"replies":[{"embeddable":true,"href":"https:\/\/vanderloubet.com.br\/deputado\/wp-json\/wp\/v2\/comments?post=17018"}],"version-history":[{"count":0,"href":"https:\/\/vanderloubet.com.br\/deputado\/wp-json\/wp\/v2\/posts\/17018\/revisions"}],"wp:featuredmedia":[{"embeddable":true,"href":"https:\/\/vanderloubet.com.br\/deputado\/wp-json\/wp\/v2\/media\/17020"}],"wp:attachment":[{"href":"https:\/\/vanderloubet.com.br\/deputado\/wp-json\/wp\/v2\/media?parent=17018"}],"wp:term":[{"taxonomy":"category","embeddable":true,"href":"https:\/\/vanderloubet.com.br\/deputado\/wp-json\/wp\/v2\/categories?post=17018"},{"taxonomy":"post_tag","embeddable":true,"href":"https:\/\/vanderloubet.com.br\/deputado\/wp-json\/wp\/v2\/tags?post=17018"}],"curies":[{"name":"wp","href":"https:\/\/api.w.org\/{rel}","templated":true}]}}