{"id":16919,"date":"2020-11-27T13:00:49","date_gmt":"2020-11-27T17:00:49","guid":{"rendered":"http:\/\/vanderloubet.com.br\/deputado\/?p=16919"},"modified":"2020-11-27T16:47:05","modified_gmt":"2020-11-27T20:47:05","slug":"corredor-bioceanico-contribui-para-expansao-do-turismo-de-experiencia-em-ms","status":"publish","type":"post","link":"https:\/\/vanderloubet.com.br\/deputado\/corredor-bioceanico-contribui-para-expansao-do-turismo-de-experiencia-em-ms\/","title":{"rendered":"Corredor Bioce\u00e2nico contribui para expans\u00e3o do turismo de experi\u00eancia em MS"},"content":{"rendered":"<p>A constru\u00e7\u00e3o do Corredor Bioce\u00e2nico, rota que liga os oceanos Atl\u00e2ntico e Pac\u00edfico, amplia as possibilidades de implanta\u00e7\u00e3o do turismo de experi\u00eancia em atrativos tur\u00edsticos de Mato Grosso do Sul.<\/p>\n<p>\u201cO turismo de experi\u00eancia \u00e9 um segmento ainda pouco explorado no nosso pa\u00eds, por\u00e9m j\u00e1 \u00e9 muito vivenciado porque est\u00e1 interligado a um novo &#8216;valor&#8217; econ\u00f4mico, que s\u00e3o os sonhos, as experi\u00eancias e as mem\u00f3rias\u201d, afirma a professora e pesquisadora da Universidade Estadual de Mato Grosso do Sul (Uems), D\u00e9bora Fittipaldi Gon\u00e7alves.<\/p>\n<p>No contexto da rota internacional, est\u00e1 sendo feito um estudo para propor um modelo de avalia\u00e7\u00e3o da potencialidade do turismo de experi\u00eancia em destinos tur\u00edsticos emergentes, com respeito ao desenvolvimento local, mas com aptid\u00e3o para a competi\u00e7\u00e3o em n\u00edvel global. O mapeamento est\u00e1 sendo realizado a partir de Porto Murtinho.<\/p>\n<p>\u201cNossa inten\u00e7\u00e3o \u00e9 propor um modelo que possa ser replicado em toda rota, contudo, ele deve ser adequado para cada comunidade, respeitando as particularidades de cada regi\u00e3o\u201d, explica D\u00e9bora.<\/p>\n<p>A professora, que \u00e9 coordenadora do curso de Turismo da Uems, integra o grupo de pesquisadores do projeto de pesquisa e extens\u00e3o da Universidade Federal de Mato Grosso do Sul (UFMS) sobre o Corredor Bioce\u00e2nico, financiado gra\u00e7as a uma emenda parlamentar destinada pelo deputado federal Vander Loubet (PT-MS).<\/p>\n<p>Entre os principais pontos a serem destacados no turismo de experi\u00eancia est\u00e3o: a qualidade da visita\u00e7\u00e3o, o entrosamento com a comunidade local, as no\u00e7\u00f5es de valores que lhe ser\u00e3o agregadas, o conhecimento que ser\u00e1 adquirido, a busca por sensa\u00e7\u00f5es e a transforma\u00e7\u00e3o sobre o mundo.<\/p>\n<p>\u201cNo turismo de experi\u00eancia, o grau de intera\u00e7\u00e3o e a qualidade dos servi\u00e7os oferecidos t\u00eam a capacidade de despertar sensa\u00e7\u00f5es de pertencimento com o lugar e as pessoas envolvidas. Percebemos que, em Porto Murtinho, \u00e9 muito f\u00e1cil sentir isso, esse pertencimento \u00e0 comunidade\u201d, relata a pesquisadora.<\/p>\n<p>A acad\u00eamica do curso de Turismo da UFMS Kalyane Gastaldo Franco tamb\u00e9m participa da pesquisa e explica que, no contexto do turismo de experi\u00eancia, o pr\u00f3prio cotidiano das comunidades locais pode despertar a curiosidade dos turistas, como as cren\u00e7as, artes, costumes e h\u00e1bitos simples como a pesca.<\/p>\n<p>\u201cEm Porto Murtinho, s\u00e3o mais de 230 esp\u00e9cies de peixes, in\u00fameras aves. E v\u00e1rias rotas podem ser criadas dentro do corredor, como o Caminho dos Ip\u00eas, Caminho da Fronteira, Bonito\/Serra da Bodoquena, que fomentam ainda mais essas localidades com seus atrativos\u201d, avalia.<\/p>\n<p>Contudo, h\u00e1 desafios a serem enfrentados para que haja a implanta\u00e7\u00e3o deste segmento, como, por exemplo, investimentos em qualifica\u00e7\u00e3o profissional e equipamentos tur\u00edsticos, organiza\u00e7\u00e3o e planejamento para atendimento aos visitantes e aperfei\u00e7oamento da divulga\u00e7\u00e3o de informa\u00e7\u00f5es nas m\u00eddias digitais, uma vez que a escolha do destino de uma viagem tem sido afetada por essas redes.<\/p>\n<p>\u201cNesse per\u00edodo p\u00f3s-pandemia, o turista est\u00e1 em busca da experi\u00eancia, ele tem sede de cultura, por isso a necessidade de se aperfei\u00e7oar, investir, melhorar a recep\u00e7\u00e3o, aproveitando a cultura local\u201d, ressalta Kalyane Franco.<\/p>\n<p><strong>Mudan\u00e7as de paradigmas<\/strong> &#8211; De acordo com a pesquisadora D\u00e9bora Fittipaldi Gon\u00e7alves, a viagem como experi\u00eancia \u00e9 intang\u00edvel e intransfer\u00edvel porque cada pessoa tem suas sensa\u00e7\u00f5es, transforma\u00e7\u00f5es, vive suas experi\u00eancias.<\/p>\n<p>Integrado \u00e0s demandas culturais, o turismo de experi\u00eancia desafia e oportuniza mudan\u00e7as de paradigmas \u00e0 sociedade ao estimular viv\u00eancias com diferentes sensa\u00e7\u00f5es, valores e conhecimentos que proporcionam prazer e transforma\u00e7\u00f5es.<\/p>\n<p>\u201cO turismo de experi\u00eancia permite que haja constru\u00e7\u00e3o nos dois sentidos: o de viajar e o de se sentir, se conhecer. Proporciona experimenta\u00e7\u00f5es, viv\u00eancias, sensa\u00e7\u00f5es. O turismo de experi\u00eancia pode ocorrer em qualquer local e espa\u00e7o e a qualquer tempo desde que esse turista se permita viver essas sensa\u00e7\u00f5es\u201d, conclui D\u00e9bora.<\/p>\n","protected":false},"excerpt":{"rendered":"<p>Avalia\u00e7\u00e3o \u00e9 de pesquisadores de projeto de pesquisa e extens\u00e3o da UFMS financiado gra\u00e7as a emenda parlamentar do deputado Vander Loubet.<\/p>\n","protected":false},"author":2,"featured_media":16920,"comment_status":"closed","ping_status":"closed","sticky":false,"template":"","format":"standard","meta":{"jetpack_post_was_ever_published":false,"_jetpack_newsletter_access":"","_jetpack_dont_email_post_to_subs":false,"_jetpack_newsletter_tier_id":0,"_jetpack_memberships_contains_paywalled_content":false,"_jetpack_memberships_contains_paid_content":false,"footnotes":""},"categories":[2099,10],"tags":[2423,2127,2346,1993],"class_list":{"0":"post-16919","1":"post","2":"type-post","3":"status-publish","4":"format-standard","5":"has-post-thumbnail","7":"category-ms-noticias","8":"category-noticias","9":"tag-corredor-bioceanico","10":"tag-emenda-parlamentar","11":"tag-rota-bioceanica","12":"tag-turismo"},"yoast_head":"<!-- This site is optimized with the Yoast SEO plugin v27.4 - https:\/\/yoast.com\/product\/yoast-seo-wordpress\/ -->\n<title>Corredor Bioce\u00e2nico contribui para expans\u00e3o do turismo de experi\u00eancia em MS<\/title>\n<meta name=\"description\" content=\"Avalia\u00e7\u00e3o \u00e9 de pesquisadores de projeto de pesquisa e extens\u00e3o da UFMS financiado gra\u00e7as a emenda parlamentar do deputado Vander Loubet.\" \/>\n<meta name=\"robots\" content=\"index, follow, max-snippet:-1, max-image-preview:large, max-video-preview:-1\" \/>\n<link rel=\"canonical\" href=\"https:\/\/vanderloubet.com.br\/deputado\/corredor-bioceanico-contribui-para-expansao-do-turismo-de-experiencia-em-ms\/\" \/>\n<meta property=\"og:locale\" content=\"pt_BR\" \/>\n<meta property=\"og:type\" content=\"article\" \/>\n<meta property=\"og:title\" content=\"Corredor Bioce\u00e2nico contribui para expans\u00e3o do turismo de experi\u00eancia em MS\" \/>\n<meta property=\"og:description\" content=\"Avalia\u00e7\u00e3o \u00e9 de pesquisadores de projeto de pesquisa e extens\u00e3o da UFMS financiado gra\u00e7as a emenda parlamentar do deputado Vander Loubet.\" \/>\n<meta property=\"og:url\" content=\"https:\/\/vanderloubet.com.br\/deputado\/corredor-bioceanico-contribui-para-expansao-do-turismo-de-experiencia-em-ms\/\" \/>\n<meta property=\"og:site_name\" content=\"Deputado Federal Vander Loubet\" \/>\n<meta property=\"article:publisher\" content=\"https:\/\/facebook.com\/deputadovander\" \/>\n<meta property=\"article:published_time\" content=\"2020-11-27T17:00:49+00:00\" \/>\n<meta property=\"article:modified_time\" content=\"2020-11-27T20:47:05+00:00\" \/>\n<meta property=\"og:image\" content=\"https:\/\/vanderloubet.com.br\/deputado\/wp-content\/uploads\/2020\/11\/foto-2020-11-27-corredor-bioceanico-turismo.jpg\" \/>\n\t<meta property=\"og:image:width\" content=\"1080\" \/>\n\t<meta property=\"og:image:height\" content=\"720\" \/>\n\t<meta property=\"og:image:type\" content=\"image\/jpeg\" \/>\n<meta name=\"author\" content=\"\u00c9der\" \/>\n<meta name=\"twitter:card\" content=\"summary_large_image\" \/>\n<meta name=\"twitter:creator\" content=\"@vanderloubet\" \/>\n<meta name=\"twitter:site\" content=\"@vanderloubet\" \/>\n<script type=\"application\/ld+json\" class=\"yoast-schema-graph\">{\"@context\":\"https:\\\/\\\/schema.org\",\"@graph\":[{\"@type\":\"Article\",\"@id\":\"https:\\\/\\\/vanderloubet.com.br\\\/deputado\\\/corredor-bioceanico-contribui-para-expansao-do-turismo-de-experiencia-em-ms\\\/#article\",\"isPartOf\":{\"@id\":\"https:\\\/\\\/vanderloubet.com.br\\\/deputado\\\/corredor-bioceanico-contribui-para-expansao-do-turismo-de-experiencia-em-ms\\\/\"},\"author\":{\"name\":\"\u00c9der\",\"@id\":\"https:\\\/\\\/vanderloubet.com.br\\\/deputado\\\/#\\\/schema\\\/person\\\/15b51bd564532a8a68d9dec1b8eb890e\"},\"headline\":\"Corredor Bioce\u00e2nico contribui para expans\u00e3o do turismo de experi\u00eancia em MS\",\"datePublished\":\"2020-11-27T17:00:49+00:00\",\"dateModified\":\"2020-11-27T20:47:05+00:00\",\"mainEntityOfPage\":{\"@id\":\"https:\\\/\\\/vanderloubet.com.br\\\/deputado\\\/corredor-bioceanico-contribui-para-expansao-do-turismo-de-experiencia-em-ms\\\/\"},\"wordCount\":682,\"publisher\":{\"@id\":\"https:\\\/\\\/vanderloubet.com.br\\\/deputado\\\/#organization\"},\"image\":{\"@id\":\"https:\\\/\\\/vanderloubet.com.br\\\/deputado\\\/corredor-bioceanico-contribui-para-expansao-do-turismo-de-experiencia-em-ms\\\/#primaryimage\"},\"thumbnailUrl\":\"https:\\\/\\\/vanderloubet.com.br\\\/deputado\\\/wp-content\\\/uploads\\\/2020\\\/11\\\/foto-2020-11-27-corredor-bioceanico-turismo.jpg\",\"keywords\":[\"corredor bioce\u00e2nico\",\"emenda parlamentar\",\"rota bioce\u00e2nica\",\"turismo\"],\"articleSection\":[\"Mato Grosso do Sul\",\"Not\u00edcias\"],\"inLanguage\":\"pt-BR\"},{\"@type\":\"WebPage\",\"@id\":\"https:\\\/\\\/vanderloubet.com.br\\\/deputado\\\/corredor-bioceanico-contribui-para-expansao-do-turismo-de-experiencia-em-ms\\\/\",\"url\":\"https:\\\/\\\/vanderloubet.com.br\\\/deputado\\\/corredor-bioceanico-contribui-para-expansao-do-turismo-de-experiencia-em-ms\\\/\",\"name\":\"Corredor Bioce\u00e2nico contribui para expans\u00e3o do turismo de experi\u00eancia em MS\",\"isPartOf\":{\"@id\":\"https:\\\/\\\/vanderloubet.com.br\\\/deputado\\\/#website\"},\"primaryImageOfPage\":{\"@id\":\"https:\\\/\\\/vanderloubet.com.br\\\/deputado\\\/corredor-bioceanico-contribui-para-expansao-do-turismo-de-experiencia-em-ms\\\/#primaryimage\"},\"image\":{\"@id\":\"https:\\\/\\\/vanderloubet.com.br\\\/deputado\\\/corredor-bioceanico-contribui-para-expansao-do-turismo-de-experiencia-em-ms\\\/#primaryimage\"},\"thumbnailUrl\":\"https:\\\/\\\/vanderloubet.com.br\\\/deputado\\\/wp-content\\\/uploads\\\/2020\\\/11\\\/foto-2020-11-27-corredor-bioceanico-turismo.jpg\",\"datePublished\":\"2020-11-27T17:00:49+00:00\",\"dateModified\":\"2020-11-27T20:47:05+00:00\",\"description\":\"Avalia\u00e7\u00e3o \u00e9 de pesquisadores de projeto de pesquisa e extens\u00e3o da UFMS financiado gra\u00e7as a emenda parlamentar do deputado Vander Loubet.\",\"breadcrumb\":{\"@id\":\"https:\\\/\\\/vanderloubet.com.br\\\/deputado\\\/corredor-bioceanico-contribui-para-expansao-do-turismo-de-experiencia-em-ms\\\/#breadcrumb\"},\"inLanguage\":\"pt-BR\",\"potentialAction\":[{\"@type\":\"ReadAction\",\"target\":[\"https:\\\/\\\/vanderloubet.com.br\\\/deputado\\\/corredor-bioceanico-contribui-para-expansao-do-turismo-de-experiencia-em-ms\\\/\"]}]},{\"@type\":\"ImageObject\",\"inLanguage\":\"pt-BR\",\"@id\":\"https:\\\/\\\/vanderloubet.com.br\\\/deputado\\\/corredor-bioceanico-contribui-para-expansao-do-turismo-de-experiencia-em-ms\\\/#primaryimage\",\"url\":\"https:\\\/\\\/vanderloubet.com.br\\\/deputado\\\/wp-content\\\/uploads\\\/2020\\\/11\\\/foto-2020-11-27-corredor-bioceanico-turismo.jpg\",\"contentUrl\":\"https:\\\/\\\/vanderloubet.com.br\\\/deputado\\\/wp-content\\\/uploads\\\/2020\\\/11\\\/foto-2020-11-27-corredor-bioceanico-turismo.jpg\",\"width\":1080,\"height\":720,\"caption\":\"Mapeamento do turismo de experi\u00eancia est\u00e1 sendo realizado a partir de Porto Murtinho (Foto: Xarai\u00e9s)\"},{\"@type\":\"BreadcrumbList\",\"@id\":\"https:\\\/\\\/vanderloubet.com.br\\\/deputado\\\/corredor-bioceanico-contribui-para-expansao-do-turismo-de-experiencia-em-ms\\\/#breadcrumb\",\"itemListElement\":[{\"@type\":\"ListItem\",\"position\":1,\"name\":\"In\u00edcio\",\"item\":\"https:\\\/\\\/vanderloubet.com.br\\\/deputado\\\/\"},{\"@type\":\"ListItem\",\"position\":2,\"name\":\"Corredor Bioce\u00e2nico contribui para expans\u00e3o do turismo de experi\u00eancia em MS\"}]},{\"@type\":\"WebSite\",\"@id\":\"https:\\\/\\\/vanderloubet.com.br\\\/deputado\\\/#website\",\"url\":\"https:\\\/\\\/vanderloubet.com.br\\\/deputado\\\/\",\"name\":\"Deputado Federal Vander Loubet\",\"description\":\"O Federal de MS\",\"publisher\":{\"@id\":\"https:\\\/\\\/vanderloubet.com.br\\\/deputado\\\/#organization\"},\"alternateName\":\"Deputado Vander\",\"potentialAction\":[{\"@type\":\"SearchAction\",\"target\":{\"@type\":\"EntryPoint\",\"urlTemplate\":\"https:\\\/\\\/vanderloubet.com.br\\\/deputado\\\/?s={search_term_string}\"},\"query-input\":{\"@type\":\"PropertyValueSpecification\",\"valueRequired\":true,\"valueName\":\"search_term_string\"}}],\"inLanguage\":\"pt-BR\"},{\"@type\":\"Organization\",\"@id\":\"https:\\\/\\\/vanderloubet.com.br\\\/deputado\\\/#organization\",\"name\":\"Deputado Federal Vander Loubet\",\"alternateName\":\"Deputado Vander\",\"url\":\"https:\\\/\\\/vanderloubet.com.br\\\/deputado\\\/\",\"logo\":{\"@type\":\"ImageObject\",\"inLanguage\":\"pt-BR\",\"@id\":\"https:\\\/\\\/vanderloubet.com.br\\\/deputado\\\/#\\\/schema\\\/logo\\\/image\\\/\",\"url\":\"https:\\\/\\\/vanderloubet.com.br\\\/deputado\\\/wp-content\\\/uploads\\\/2023\\\/06\\\/foto-2023-06-19-mandato-deputado-vander.jpg\",\"contentUrl\":\"https:\\\/\\\/vanderloubet.com.br\\\/deputado\\\/wp-content\\\/uploads\\\/2023\\\/06\\\/foto-2023-06-19-mandato-deputado-vander.jpg\",\"width\":1080,\"height\":1080,\"caption\":\"Deputado Federal Vander Loubet\"},\"image\":{\"@id\":\"https:\\\/\\\/vanderloubet.com.br\\\/deputado\\\/#\\\/schema\\\/logo\\\/image\\\/\"},\"sameAs\":[\"https:\\\/\\\/facebook.com\\\/deputadovander\",\"https:\\\/\\\/x.com\\\/vanderloubet\",\"https:\\\/\\\/instagram.com\\\/vanderloubet\",\"https:\\\/\\\/youtube.com\\\/vanderloubet\",\"https:\\\/\\\/tiktok.com\\\/@vanderloubetms\"]},{\"@type\":\"Person\",\"@id\":\"https:\\\/\\\/vanderloubet.com.br\\\/deputado\\\/#\\\/schema\\\/person\\\/15b51bd564532a8a68d9dec1b8eb890e\",\"name\":\"\u00c9der\",\"image\":{\"@type\":\"ImageObject\",\"inLanguage\":\"pt-BR\",\"@id\":\"https:\\\/\\\/vanderloubet.com.br\\\/deputado\\\/wp-content\\\/litespeed\\\/avatar\\\/88ca4090d9d5ab1c9495f6ca03b68efa.jpg?ver=1777058957\",\"url\":\"https:\\\/\\\/vanderloubet.com.br\\\/deputado\\\/wp-content\\\/litespeed\\\/avatar\\\/88ca4090d9d5ab1c9495f6ca03b68efa.jpg?ver=1777058957\",\"contentUrl\":\"https:\\\/\\\/vanderloubet.com.br\\\/deputado\\\/wp-content\\\/litespeed\\\/avatar\\\/88ca4090d9d5ab1c9495f6ca03b68efa.jpg?ver=1777058957\",\"caption\":\"\u00c9der\"}}]}<\/script>\n<!-- \/ Yoast SEO plugin. -->","yoast_head_json":{"title":"Corredor Bioce\u00e2nico contribui para expans\u00e3o do turismo de experi\u00eancia em MS","description":"Avalia\u00e7\u00e3o \u00e9 de pesquisadores de projeto de pesquisa e extens\u00e3o da UFMS financiado gra\u00e7as a emenda parlamentar do deputado Vander Loubet.","robots":{"index":"index","follow":"follow","max-snippet":"max-snippet:-1","max-image-preview":"max-image-preview:large","max-video-preview":"max-video-preview:-1"},"canonical":"https:\/\/vanderloubet.com.br\/deputado\/corredor-bioceanico-contribui-para-expansao-do-turismo-de-experiencia-em-ms\/","og_locale":"pt_BR","og_type":"article","og_title":"Corredor Bioce\u00e2nico contribui para expans\u00e3o do turismo de experi\u00eancia em MS","og_description":"Avalia\u00e7\u00e3o \u00e9 de pesquisadores de projeto de pesquisa e extens\u00e3o da UFMS financiado gra\u00e7as a emenda parlamentar do deputado Vander Loubet.","og_url":"https:\/\/vanderloubet.com.br\/deputado\/corredor-bioceanico-contribui-para-expansao-do-turismo-de-experiencia-em-ms\/","og_site_name":"Deputado Federal Vander Loubet","article_publisher":"https:\/\/facebook.com\/deputadovander","article_published_time":"2020-11-27T17:00:49+00:00","article_modified_time":"2020-11-27T20:47:05+00:00","og_image":[{"width":1080,"height":720,"url":"https:\/\/vanderloubet.com.br\/deputado\/wp-content\/uploads\/2020\/11\/foto-2020-11-27-corredor-bioceanico-turismo.jpg","type":"image\/jpeg"}],"author":"\u00c9der","twitter_card":"summary_large_image","twitter_creator":"@vanderloubet","twitter_site":"@vanderloubet","schema":{"@context":"https:\/\/schema.org","@graph":[{"@type":"Article","@id":"https:\/\/vanderloubet.com.br\/deputado\/corredor-bioceanico-contribui-para-expansao-do-turismo-de-experiencia-em-ms\/#article","isPartOf":{"@id":"https:\/\/vanderloubet.com.br\/deputado\/corredor-bioceanico-contribui-para-expansao-do-turismo-de-experiencia-em-ms\/"},"author":{"name":"\u00c9der","@id":"https:\/\/vanderloubet.com.br\/deputado\/#\/schema\/person\/15b51bd564532a8a68d9dec1b8eb890e"},"headline":"Corredor Bioce\u00e2nico contribui para expans\u00e3o do turismo de experi\u00eancia em MS","datePublished":"2020-11-27T17:00:49+00:00","dateModified":"2020-11-27T20:47:05+00:00","mainEntityOfPage":{"@id":"https:\/\/vanderloubet.com.br\/deputado\/corredor-bioceanico-contribui-para-expansao-do-turismo-de-experiencia-em-ms\/"},"wordCount":682,"publisher":{"@id":"https:\/\/vanderloubet.com.br\/deputado\/#organization"},"image":{"@id":"https:\/\/vanderloubet.com.br\/deputado\/corredor-bioceanico-contribui-para-expansao-do-turismo-de-experiencia-em-ms\/#primaryimage"},"thumbnailUrl":"https:\/\/vanderloubet.com.br\/deputado\/wp-content\/uploads\/2020\/11\/foto-2020-11-27-corredor-bioceanico-turismo.jpg","keywords":["corredor bioce\u00e2nico","emenda parlamentar","rota bioce\u00e2nica","turismo"],"articleSection":["Mato Grosso do Sul","Not\u00edcias"],"inLanguage":"pt-BR"},{"@type":"WebPage","@id":"https:\/\/vanderloubet.com.br\/deputado\/corredor-bioceanico-contribui-para-expansao-do-turismo-de-experiencia-em-ms\/","url":"https:\/\/vanderloubet.com.br\/deputado\/corredor-bioceanico-contribui-para-expansao-do-turismo-de-experiencia-em-ms\/","name":"Corredor Bioce\u00e2nico contribui para expans\u00e3o do turismo de experi\u00eancia em MS","isPartOf":{"@id":"https:\/\/vanderloubet.com.br\/deputado\/#website"},"primaryImageOfPage":{"@id":"https:\/\/vanderloubet.com.br\/deputado\/corredor-bioceanico-contribui-para-expansao-do-turismo-de-experiencia-em-ms\/#primaryimage"},"image":{"@id":"https:\/\/vanderloubet.com.br\/deputado\/corredor-bioceanico-contribui-para-expansao-do-turismo-de-experiencia-em-ms\/#primaryimage"},"thumbnailUrl":"https:\/\/vanderloubet.com.br\/deputado\/wp-content\/uploads\/2020\/11\/foto-2020-11-27-corredor-bioceanico-turismo.jpg","datePublished":"2020-11-27T17:00:49+00:00","dateModified":"2020-11-27T20:47:05+00:00","description":"Avalia\u00e7\u00e3o \u00e9 de pesquisadores de projeto de pesquisa e extens\u00e3o da UFMS financiado gra\u00e7as a emenda parlamentar do deputado Vander Loubet.","breadcrumb":{"@id":"https:\/\/vanderloubet.com.br\/deputado\/corredor-bioceanico-contribui-para-expansao-do-turismo-de-experiencia-em-ms\/#breadcrumb"},"inLanguage":"pt-BR","potentialAction":[{"@type":"ReadAction","target":["https:\/\/vanderloubet.com.br\/deputado\/corredor-bioceanico-contribui-para-expansao-do-turismo-de-experiencia-em-ms\/"]}]},{"@type":"ImageObject","inLanguage":"pt-BR","@id":"https:\/\/vanderloubet.com.br\/deputado\/corredor-bioceanico-contribui-para-expansao-do-turismo-de-experiencia-em-ms\/#primaryimage","url":"https:\/\/vanderloubet.com.br\/deputado\/wp-content\/uploads\/2020\/11\/foto-2020-11-27-corredor-bioceanico-turismo.jpg","contentUrl":"https:\/\/vanderloubet.com.br\/deputado\/wp-content\/uploads\/2020\/11\/foto-2020-11-27-corredor-bioceanico-turismo.jpg","width":1080,"height":720,"caption":"Mapeamento do turismo de experi\u00eancia est\u00e1 sendo realizado a partir de Porto Murtinho (Foto: Xarai\u00e9s)"},{"@type":"BreadcrumbList","@id":"https:\/\/vanderloubet.com.br\/deputado\/corredor-bioceanico-contribui-para-expansao-do-turismo-de-experiencia-em-ms\/#breadcrumb","itemListElement":[{"@type":"ListItem","position":1,"name":"In\u00edcio","item":"https:\/\/vanderloubet.com.br\/deputado\/"},{"@type":"ListItem","position":2,"name":"Corredor Bioce\u00e2nico contribui para expans\u00e3o do turismo de experi\u00eancia em MS"}]},{"@type":"WebSite","@id":"https:\/\/vanderloubet.com.br\/deputado\/#website","url":"https:\/\/vanderloubet.com.br\/deputado\/","name":"Deputado Federal Vander Loubet","description":"O Federal de MS","publisher":{"@id":"https:\/\/vanderloubet.com.br\/deputado\/#organization"},"alternateName":"Deputado Vander","potentialAction":[{"@type":"SearchAction","target":{"@type":"EntryPoint","urlTemplate":"https:\/\/vanderloubet.com.br\/deputado\/?s={search_term_string}"},"query-input":{"@type":"PropertyValueSpecification","valueRequired":true,"valueName":"search_term_string"}}],"inLanguage":"pt-BR"},{"@type":"Organization","@id":"https:\/\/vanderloubet.com.br\/deputado\/#organization","name":"Deputado Federal Vander Loubet","alternateName":"Deputado Vander","url":"https:\/\/vanderloubet.com.br\/deputado\/","logo":{"@type":"ImageObject","inLanguage":"pt-BR","@id":"https:\/\/vanderloubet.com.br\/deputado\/#\/schema\/logo\/image\/","url":"https:\/\/vanderloubet.com.br\/deputado\/wp-content\/uploads\/2023\/06\/foto-2023-06-19-mandato-deputado-vander.jpg","contentUrl":"https:\/\/vanderloubet.com.br\/deputado\/wp-content\/uploads\/2023\/06\/foto-2023-06-19-mandato-deputado-vander.jpg","width":1080,"height":1080,"caption":"Deputado Federal Vander Loubet"},"image":{"@id":"https:\/\/vanderloubet.com.br\/deputado\/#\/schema\/logo\/image\/"},"sameAs":["https:\/\/facebook.com\/deputadovander","https:\/\/x.com\/vanderloubet","https:\/\/instagram.com\/vanderloubet","https:\/\/youtube.com\/vanderloubet","https:\/\/tiktok.com\/@vanderloubetms"]},{"@type":"Person","@id":"https:\/\/vanderloubet.com.br\/deputado\/#\/schema\/person\/15b51bd564532a8a68d9dec1b8eb890e","name":"\u00c9der","image":{"@type":"ImageObject","inLanguage":"pt-BR","@id":"https:\/\/vanderloubet.com.br\/deputado\/wp-content\/litespeed\/avatar\/88ca4090d9d5ab1c9495f6ca03b68efa.jpg?ver=1777058957","url":"https:\/\/vanderloubet.com.br\/deputado\/wp-content\/litespeed\/avatar\/88ca4090d9d5ab1c9495f6ca03b68efa.jpg?ver=1777058957","contentUrl":"https:\/\/vanderloubet.com.br\/deputado\/wp-content\/litespeed\/avatar\/88ca4090d9d5ab1c9495f6ca03b68efa.jpg?ver=1777058957","caption":"\u00c9der"}}]}},"jetpack_featured_media_url":"https:\/\/vanderloubet.com.br\/deputado\/wp-content\/uploads\/2020\/11\/foto-2020-11-27-corredor-bioceanico-turismo.jpg","jetpack_sharing_enabled":true,"_links":{"self":[{"href":"https:\/\/vanderloubet.com.br\/deputado\/wp-json\/wp\/v2\/posts\/16919","targetHints":{"allow":["GET"]}}],"collection":[{"href":"https:\/\/vanderloubet.com.br\/deputado\/wp-json\/wp\/v2\/posts"}],"about":[{"href":"https:\/\/vanderloubet.com.br\/deputado\/wp-json\/wp\/v2\/types\/post"}],"author":[{"embeddable":true,"href":"https:\/\/vanderloubet.com.br\/deputado\/wp-json\/wp\/v2\/users\/2"}],"replies":[{"embeddable":true,"href":"https:\/\/vanderloubet.com.br\/deputado\/wp-json\/wp\/v2\/comments?post=16919"}],"version-history":[{"count":0,"href":"https:\/\/vanderloubet.com.br\/deputado\/wp-json\/wp\/v2\/posts\/16919\/revisions"}],"wp:featuredmedia":[{"embeddable":true,"href":"https:\/\/vanderloubet.com.br\/deputado\/wp-json\/wp\/v2\/media\/16920"}],"wp:attachment":[{"href":"https:\/\/vanderloubet.com.br\/deputado\/wp-json\/wp\/v2\/media?parent=16919"}],"wp:term":[{"taxonomy":"category","embeddable":true,"href":"https:\/\/vanderloubet.com.br\/deputado\/wp-json\/wp\/v2\/categories?post=16919"},{"taxonomy":"post_tag","embeddable":true,"href":"https:\/\/vanderloubet.com.br\/deputado\/wp-json\/wp\/v2\/tags?post=16919"}],"curies":[{"name":"wp","href":"https:\/\/api.w.org\/{rel}","templated":true}]}}