{"id":16883,"date":"2020-11-10T15:00:04","date_gmt":"2020-11-10T19:00:04","guid":{"rendered":"http:\/\/vanderloubet.com.br\/deputado\/?p=16883"},"modified":"2020-11-10T17:05:00","modified_gmt":"2020-11-10T21:05:00","slug":"emenda-de-vander-garante-projetos-da-ufms-com-grande-alcance-socioeconomico","status":"publish","type":"post","link":"https:\/\/vanderloubet.com.br\/deputado\/emenda-de-vander-garante-projetos-da-ufms-com-grande-alcance-socioeconomico\/","title":{"rendered":"Emenda de Vander garante projetos da UFMS com grande alcance socioecon\u00f4mico"},"content":{"rendered":"<p>Gra\u00e7as a um aporte de meio milh\u00e3o de reais, a Universidade Federal de Mato Grosso do Sul (UFMS) est\u00e1 executando um conjunto de projetos que integram cultura, agricultura familiar e preserva\u00e7\u00e3o ambiental ao conhecimento cient\u00edfico. O recurso financeiro prov\u00e9m de emenda parlamentar do deputado federal Vander Loubet (PT-MS) pelo Or\u00e7amento da Uni\u00e3o de 2020, que v\u00ea em seu mandato a possibilidade de auxiliar na interlocu\u00e7\u00e3o entre o conhecimento cient\u00edfico proveniente da academia e a pr\u00e1tica demandada pelo setor produtivo &#8211; em especial, neste caso, as necessidades da agricultura familiar, respons\u00e1vel por 70% dos alimentos que chegam \u00e0s mesas dos brasileiros. <\/p>\n<p>A aplica\u00e7\u00e3o da verba abranger\u00e1 tr\u00eas projetos de extens\u00e3o e a republica\u00e7\u00e3o de tr\u00eas importantes livros que foram escritos por professores da Universidade &#8211; obras que, por falta de recursos, estavam com as edi\u00e7\u00f5es esgotadas e sem previs\u00e3o de novas impress\u00f5es que pudessem atender a demanda do p\u00fablico. <\/p>\n<p>&#8220;Acredito que s\u00e3o projetos de uma plenitude muito grande. Tenho buscado pautar o meu mandato na quest\u00e3o das universidades, direcionando recursos para essa \u00e1rea, como agora. A gente sabe que, nesses \u00faltimos tr\u00eas anos, poucos foram os investimentos p\u00fablicos feitos das universidades federais, principalmente na \u00e1rea da pesquisa e extens\u00e3o&#8221;, pontuou o deputado Vander, que enxerga a ci\u00eancia como uma protagonista essencial no contexto do desenvolvimento social, considerando os dilemas do mundo moderno (pandemia, mudan\u00e7as clim\u00e1ticas e estagna\u00e7\u00e3o econ\u00f4mica).<\/p>\n<p>Campo Grande, Jaraguari, Miranda, Corumb\u00e1, Lad\u00e1rio, Bodoquena, Nioaque, Bonito, Ponta Por\u00e3, Aquidauana, Anast\u00e1cio e Maracaju s\u00e3o alguns dos munic\u00edpios atingidos e beneficiados pelos projetos. <\/p>\n<p><strong>Muito al\u00e9m da teoria<\/strong> &#8211; O diferencial dos projetos da UFMS financiados pelas emendas do deputado Vander Loubet \u00e9 a integra\u00e7\u00e3o de v\u00e1rias \u00e1reas tendo por base o conhecimento cient\u00edfico, sem desconsiderar aspectos importantes da sabedoria popular encontrada nos assentamentos rurais, aldeias ind\u00edgenas, quilombos e comunidades de agricultores tradicionais das localidades onde as atividades est\u00e3o sendo desenvolvidas.<\/p>\n<p>&#8220;Temos que fazer projetos que cumpram a miss\u00e3o de uma universidade, que \u00e9 de ajudar o Pa\u00eds a gerar conhecimento cient\u00edfico, riquezas, renda, qualidade de vida e a produ\u00e7\u00e3o de alimentos saud\u00e1veis. Da\u00ed a import\u00e2ncia desse apoio do deputado Vander Loubet e de termos um trabalho transversal como esse, em que h\u00e1 o di\u00e1logo entre cultura e ci\u00eancia&#8221;, destacou o reitor da UFMS, Marcelo Turine.<\/p>\n<p>Os recursos viabilizados por Vander ser\u00e3o aplicados em v\u00e1rias frentes de trabalho. Cerca de R$ 350 mil foram destinados aos projetos &#8220;Agroextrativismo Sustent\u00e1vel &#8211; Compartilhando Saberes e Pr\u00e1ticas Culturais Locais&#8221;, &#8220;Agrega\u00e7\u00e3o de Valor na Produ\u00e7\u00e3o em Agrofloresta e de Extrativismo&#8221; e &#8220;Circula\u00e7\u00e3o do Projeto Escola de M\u00fasica &#8211; Comunidade Tia Eva&#8221;. Outros R$ 40 mil permitir\u00e3o a republica\u00e7\u00e3o do livro &#8220;Sabores do Cerrado e do Pantanal&#8221; e mais R$ 13 mil ser\u00e3o investidos em novas edi\u00e7\u00f5es de duas outras obras importantes da UFMS, tamb\u00e9m voltadas \u00e0 cataloga\u00e7\u00e3o de riquezas vegetais t\u00edpicas de biomas do Centro-Oeste.<\/p>\n<p>O restante da verba ser\u00e1 usado na elabora\u00e7\u00e3o de um diagn\u00f3stico &#8211; um tipo de relat\u00f3rio com informa\u00e7\u00f5es dos diferentes perfis e realidades &#8211; das comunidades que sediam os projetos. O documento contar\u00e1 com o trabalho de pesquisadores da do Centro de Pesquisa e Capacita\u00e7\u00e3o da Agraer (Cepaer).<\/p>\n<p><strong>Sustentabilidade e Meio Ambiente<\/strong> &#8211; Um ponto forte da a\u00e7\u00e3o do deputado Vander Loubet na UFMS \u00e9 o apoio \u00e0 republica\u00e7\u00e3o do livro &#8220;Sabores do Cerrado e Pantanal&#8221;. A obra tem catalogada em suas p\u00e1ginas diversas iguarias, frutos e plantas, de dois dos biomas que, ao lado da Mata Atl\u00e2ntica e do Chaco, comp\u00f5em toda a diversidade de fauna, flora e riqueza natural de Mato Grosso do Sul. <\/p>\n<p>&#8220;\u00c9 uma obra que traz os nomes e informa\u00e7\u00f5es de diferentes esp\u00e9cies presentes nos dois biomas que d\u00e3o nome ao livro [Cerrado e Pantanal] e que vai al\u00e9m, pois traz deliciosas op\u00e7\u00f5es de receitas, ou seja, \u00e9 um conhecimento que pode ser aplicado no dia a dia e que, na agricultura familiar, pode ser uma alternativa de renda&#8221;, pontuou a professora Raquel Pires Campos, da UFMS.<\/p>\n<p>Todo o conjunto de a\u00e7\u00f5es j\u00e1 est\u00e1 em andamento, inclusive, em rela\u00e7\u00e3o \u00e0s impress\u00f5es dos livros. Agora, o desafio \u00e9 reestruturar os passos para execu\u00e7\u00e3o do diagn\u00f3stico tendo em vista os entraves que a pandemia tem provocado na quest\u00e3o de viagens e contato direto com as comunidades.<\/p>\n<p>&#8220;O diagn\u00f3stico \u00e9 essencial para a aplicabilidade das atividades dos projetos. Estamos conversando com os pesquisadores da UFMS e da Agraer exatamente para realinhar esses pontos&#8221;, conclui Walber Noleto, assessor parlamentar do deputado Vander que est\u00e1 acompanhando os projetos.<\/p>\n\r\n                <style type=\"text\/css\">\r\n                    \r\n                    #tdi_1  .td-doubleSlider-2 .td-item1 {\r\n                        background: url(https:\/\/vanderloubet.com.br\/deputado\/wp-content\/uploads\/2020\/11\/foto-2020-11-10-ufms-sabores-cerrado-pantanal-01-80x60.jpg) 0 0 no-repeat;\r\n                    }\r\n                    #tdi_1  .td-doubleSlider-2 .td-item2 {\r\n                        background: url(https:\/\/vanderloubet.com.br\/deputado\/wp-content\/uploads\/2020\/11\/foto-2020-11-10-ufms-sabores-cerrado-pantanal-02-80x60.jpg) 0 0 no-repeat;\r\n                    }\r\n                <\/style>\r\n\r\n                <div id=\"tdi_1\" class=\"td-gallery td-slide-on-2-columns\">\r\n                    <div class=\"post_td_gallery\">\r\n                        <div class=\"td-gallery-slide-top\">\r\n                           <div class=\"td-gallery-title\"><\/div>\r\n\r\n                            <div class=\"td-gallery-controls-wrapper\">\r\n                                <div class=\"td-gallery-slide-count\"><span class=\"td-gallery-slide-item-focus\">1<\/span> de 2<\/div>\r\n                                <div class=\"td-gallery-slide-prev-next-but\">\r\n                                    <i class = \"td-icon-left doubleSliderPrevButton\"><\/i>\r\n                                    <i class = \"td-icon-right doubleSliderNextButton\"><\/i>\r\n                                <\/div>\r\n                            <\/div>\r\n                        <\/div>\r\n\r\n                        <div class = \"td-doubleSlider-1 \">\r\n                            <div class = \"td-slider\">\r\n                                \r\n                    <div class = \"td-slide-item td-item1\">\r\n                        <figure class=\"td-slide-galery-figure td-slide-popup-gallery\">\r\n                            <a class=\"slide-gallery-image-link\" href=\"https:\/\/vanderloubet.com.br\/deputado\/wp-content\/uploads\/2020\/11\/foto-2020-11-10-ufms-sabores-cerrado-pantanal-01.jpg\" title=\"O assessor parlamentar Walber Noleto guarda um exemplar do livro \"Sabores do Cerrado e Pantanal\"\"  data-caption=\"\"  data-description=\"O assessor parlamentar Walber Noleto guarda um exemplar do livro &quot;Sabores do Cerrado e Pantanal&quot;\">\r\n                                <img decoding=\"async\" src=\"https:\/\/vanderloubet.com.br\/deputado\/wp-content\/uploads\/2020\/11\/foto-2020-11-10-ufms-sabores-cerrado-pantanal-01-667x420.jpg\" srcset=\"https:\/\/vanderloubet.com.br\/deputado\/wp-content\/uploads\/2020\/11\/foto-2020-11-10-ufms-sabores-cerrado-pantanal-01-667x420.jpg 667w, https:\/\/vanderloubet.com.br\/deputado\/wp-content\/uploads\/2020\/11\/foto-2020-11-10-ufms-sabores-cerrado-pantanal-01-350x220.jpg 350w, https:\/\/vanderloubet.com.br\/deputado\/wp-content\/uploads\/2020\/11\/foto-2020-11-10-ufms-sabores-cerrado-pantanal-01-768x484.jpg 768w, https:\/\/vanderloubet.com.br\/deputado\/wp-content\/uploads\/2020\/11\/foto-2020-11-10-ufms-sabores-cerrado-pantanal-01-700x441.jpg 700w, https:\/\/vanderloubet.com.br\/deputado\/wp-content\/uploads\/2020\/11\/foto-2020-11-10-ufms-sabores-cerrado-pantanal-01-696x438.jpg 696w, https:\/\/vanderloubet.com.br\/deputado\/wp-content\/uploads\/2020\/11\/foto-2020-11-10-ufms-sabores-cerrado-pantanal-01-1068x672.jpg 1068w, https:\/\/vanderloubet.com.br\/deputado\/wp-content\/uploads\/2020\/11\/foto-2020-11-10-ufms-sabores-cerrado-pantanal-01.jpg 1080w\" sizes=\"(max-width: 667px) 100vw, 667px\" alt=\"O assessor parlamentar Walber Noleto guarda um exemplar do livro &quot;Sabores do Cerrado e Pantanal&quot;\">\r\n                            <\/a>\r\n                            <figcaption class = \"td-slide-caption td-gallery-slide-content\"><span>O assessor parlamentar Walber Noleto guarda um exemplar do livro \"Sabores do Cerrado e Pantanal\"<\/span><\/figcaption>\r\n                        <\/figure>\r\n                    <\/div>\r\n                    <div class = \"td-slide-item td-item2\">\r\n                        <figure class=\"td-slide-galery-figure td-slide-popup-gallery\">\r\n                            <a class=\"slide-gallery-image-link\" href=\"https:\/\/vanderloubet.com.br\/deputado\/wp-content\/uploads\/2020\/11\/foto-2020-11-10-ufms-sabores-cerrado-pantanal-02.jpg\" title=\"O assessor parlamentar Walber Noleto guarda um exemplar do livro \"Sabores do Cerrado e Pantanal\"\"  data-caption=\"\"  data-description=\"O assessor parlamentar Walber Noleto guarda um exemplar do livro &quot;Sabores do Cerrado e Pantanal&quot;\">\r\n                                <img decoding=\"async\" src=\"https:\/\/vanderloubet.com.br\/deputado\/wp-content\/uploads\/2020\/11\/foto-2020-11-10-ufms-sabores-cerrado-pantanal-02-667x420.jpg\" srcset=\"https:\/\/vanderloubet.com.br\/deputado\/wp-content\/uploads\/2020\/11\/foto-2020-11-10-ufms-sabores-cerrado-pantanal-02-667x420.jpg 667w, https:\/\/vanderloubet.com.br\/deputado\/wp-content\/uploads\/2020\/11\/foto-2020-11-10-ufms-sabores-cerrado-pantanal-02-350x220.jpg 350w, https:\/\/vanderloubet.com.br\/deputado\/wp-content\/uploads\/2020\/11\/foto-2020-11-10-ufms-sabores-cerrado-pantanal-02-768x484.jpg 768w, https:\/\/vanderloubet.com.br\/deputado\/wp-content\/uploads\/2020\/11\/foto-2020-11-10-ufms-sabores-cerrado-pantanal-02-700x441.jpg 700w, https:\/\/vanderloubet.com.br\/deputado\/wp-content\/uploads\/2020\/11\/foto-2020-11-10-ufms-sabores-cerrado-pantanal-02-696x438.jpg 696w, https:\/\/vanderloubet.com.br\/deputado\/wp-content\/uploads\/2020\/11\/foto-2020-11-10-ufms-sabores-cerrado-pantanal-02-1068x672.jpg 1068w, https:\/\/vanderloubet.com.br\/deputado\/wp-content\/uploads\/2020\/11\/foto-2020-11-10-ufms-sabores-cerrado-pantanal-02.jpg 1080w\" sizes=\"(max-width: 667px) 100vw, 667px\" alt=\"O assessor parlamentar Walber Noleto guarda um exemplar do livro &quot;Sabores do Cerrado e Pantanal&quot;\">\r\n                            <\/a>\r\n                            <figcaption class = \"td-slide-caption td-gallery-slide-content\"><span>O assessor parlamentar Walber Noleto guarda um exemplar do livro \"Sabores do Cerrado e Pantanal\"<\/span><\/figcaption>\r\n                        <\/figure>\r\n                    <\/div>\r\n                            <\/div>\r\n                        <\/div>\r\n\r\n                        <div class = \"td-doubleSlider-2\">\r\n                            <div class = \"td-slider\">\r\n                                \r\n                    <div class = \"td-button td-item1\">\r\n                        <div class = \"td-border\"><\/div>\r\n                    <\/div>\r\n                    <div class = \"td-button td-item2\">\r\n                        <div class = \"td-border\"><\/div>\r\n                    <\/div>\r\n                            <\/div>\r\n                        <\/div>\r\n\r\n                    <\/div>\r\n\r\n                <\/div>\r\n                \n","protected":false},"excerpt":{"rendered":"<p>A\u00e7\u00e3o faz parte do trabalho do deputado voltado para valoriza\u00e7\u00e3o da ci\u00eancia em benef\u00edcio do bem estar social e desenvolvimento sustent\u00e1vel.<\/p>\n","protected":false},"author":2,"featured_media":16886,"comment_status":"closed","ping_status":"closed","sticky":false,"template":"","format":"standard","meta":{"jetpack_post_was_ever_published":false,"_jetpack_newsletter_access":"","_jetpack_dont_email_post_to_subs":false,"_jetpack_newsletter_tier_id":0,"_jetpack_memberships_contains_paywalled_content":false,"_jetpack_memberships_contains_paid_content":false,"footnotes":""},"categories":[2099,10],"tags":[2132,2447,697,2127,2446],"class_list":{"0":"post-16883","1":"post","2":"type-post","3":"status-publish","4":"format-standard","5":"has-post-thumbnail","7":"category-ms-noticias","8":"category-noticias","9":"tag-agricultura-familiar","10":"tag-desenvolvimento-sustentavel","11":"tag-educacao","12":"tag-emenda-parlamentar","13":"tag-pesquisa-e-extensao"},"yoast_head":"<!-- This site is optimized with the Yoast SEO plugin v27.4 - https:\/\/yoast.com\/product\/yoast-seo-wordpress\/ -->\n<title>Emenda de Vander garante projetos da UFMS com grande alcance socioecon\u00f4mico<\/title>\n<meta name=\"description\" content=\"A\u00e7\u00e3o faz parte do trabalho do deputado voltado para valoriza\u00e7\u00e3o da ci\u00eancia em benef\u00edcio do bem estar social e desenvolvimento sustent\u00e1vel.\" \/>\n<meta name=\"robots\" content=\"index, follow, max-snippet:-1, max-image-preview:large, max-video-preview:-1\" \/>\n<link rel=\"canonical\" href=\"https:\/\/vanderloubet.com.br\/deputado\/emenda-de-vander-garante-projetos-da-ufms-com-grande-alcance-socioeconomico\/\" \/>\n<meta property=\"og:locale\" content=\"pt_BR\" \/>\n<meta property=\"og:type\" content=\"article\" \/>\n<meta property=\"og:title\" content=\"Emenda de Vander garante projetos da UFMS com grande alcance socioecon\u00f4mico\" \/>\n<meta property=\"og:description\" content=\"A\u00e7\u00e3o faz parte do trabalho do deputado voltado para valoriza\u00e7\u00e3o da ci\u00eancia em benef\u00edcio do bem estar social e desenvolvimento sustent\u00e1vel.\" \/>\n<meta property=\"og:url\" content=\"https:\/\/vanderloubet.com.br\/deputado\/emenda-de-vander-garante-projetos-da-ufms-com-grande-alcance-socioeconomico\/\" \/>\n<meta property=\"og:site_name\" content=\"Deputado Federal Vander Loubet\" \/>\n<meta property=\"article:publisher\" content=\"https:\/\/facebook.com\/deputadovander\" \/>\n<meta property=\"article:published_time\" content=\"2020-11-10T19:00:04+00:00\" \/>\n<meta property=\"article:modified_time\" content=\"2020-11-10T21:05:00+00:00\" \/>\n<meta property=\"og:image\" content=\"https:\/\/vanderloubet.com.br\/deputado\/wp-content\/uploads\/2020\/11\/foto-2020-11-10-ufms.jpg\" \/>\n\t<meta property=\"og:image:width\" content=\"1080\" \/>\n\t<meta property=\"og:image:height\" content=\"720\" \/>\n\t<meta property=\"og:image:type\" content=\"image\/jpeg\" \/>\n<meta name=\"author\" content=\"\u00c9der\" \/>\n<meta name=\"twitter:card\" content=\"summary_large_image\" \/>\n<meta name=\"twitter:creator\" content=\"@vanderloubet\" \/>\n<meta name=\"twitter:site\" content=\"@vanderloubet\" \/>\n<script type=\"application\/ld+json\" class=\"yoast-schema-graph\">{\"@context\":\"https:\\\/\\\/schema.org\",\"@graph\":[{\"@type\":\"Article\",\"@id\":\"https:\\\/\\\/vanderloubet.com.br\\\/deputado\\\/emenda-de-vander-garante-projetos-da-ufms-com-grande-alcance-socioeconomico\\\/#article\",\"isPartOf\":{\"@id\":\"https:\\\/\\\/vanderloubet.com.br\\\/deputado\\\/emenda-de-vander-garante-projetos-da-ufms-com-grande-alcance-socioeconomico\\\/\"},\"author\":{\"name\":\"\u00c9der\",\"@id\":\"https:\\\/\\\/vanderloubet.com.br\\\/deputado\\\/#\\\/schema\\\/person\\\/15b51bd564532a8a68d9dec1b8eb890e\"},\"headline\":\"Emenda de Vander garante projetos da UFMS com grande alcance socioecon\u00f4mico\",\"datePublished\":\"2020-11-10T19:00:04+00:00\",\"dateModified\":\"2020-11-10T21:05:00+00:00\",\"mainEntityOfPage\":{\"@id\":\"https:\\\/\\\/vanderloubet.com.br\\\/deputado\\\/emenda-de-vander-garante-projetos-da-ufms-com-grande-alcance-socioeconomico\\\/\"},\"wordCount\":828,\"publisher\":{\"@id\":\"https:\\\/\\\/vanderloubet.com.br\\\/deputado\\\/#organization\"},\"image\":{\"@id\":\"https:\\\/\\\/vanderloubet.com.br\\\/deputado\\\/emenda-de-vander-garante-projetos-da-ufms-com-grande-alcance-socioeconomico\\\/#primaryimage\"},\"thumbnailUrl\":\"https:\\\/\\\/vanderloubet.com.br\\\/deputado\\\/wp-content\\\/uploads\\\/2020\\\/11\\\/foto-2020-11-10-ufms.jpg\",\"keywords\":[\"agricultura familiar\",\"desenvolvimento sustent\u00e1vel\",\"educa\u00e7\u00e3o\",\"emenda parlamentar\",\"pesquisa e extens\u00e3o\"],\"articleSection\":[\"Mato Grosso do Sul\",\"Not\u00edcias\"],\"inLanguage\":\"pt-BR\"},{\"@type\":\"WebPage\",\"@id\":\"https:\\\/\\\/vanderloubet.com.br\\\/deputado\\\/emenda-de-vander-garante-projetos-da-ufms-com-grande-alcance-socioeconomico\\\/\",\"url\":\"https:\\\/\\\/vanderloubet.com.br\\\/deputado\\\/emenda-de-vander-garante-projetos-da-ufms-com-grande-alcance-socioeconomico\\\/\",\"name\":\"Emenda de Vander garante projetos da UFMS com grande alcance socioecon\u00f4mico\",\"isPartOf\":{\"@id\":\"https:\\\/\\\/vanderloubet.com.br\\\/deputado\\\/#website\"},\"primaryImageOfPage\":{\"@id\":\"https:\\\/\\\/vanderloubet.com.br\\\/deputado\\\/emenda-de-vander-garante-projetos-da-ufms-com-grande-alcance-socioeconomico\\\/#primaryimage\"},\"image\":{\"@id\":\"https:\\\/\\\/vanderloubet.com.br\\\/deputado\\\/emenda-de-vander-garante-projetos-da-ufms-com-grande-alcance-socioeconomico\\\/#primaryimage\"},\"thumbnailUrl\":\"https:\\\/\\\/vanderloubet.com.br\\\/deputado\\\/wp-content\\\/uploads\\\/2020\\\/11\\\/foto-2020-11-10-ufms.jpg\",\"datePublished\":\"2020-11-10T19:00:04+00:00\",\"dateModified\":\"2020-11-10T21:05:00+00:00\",\"description\":\"A\u00e7\u00e3o faz parte do trabalho do deputado voltado para valoriza\u00e7\u00e3o da ci\u00eancia em benef\u00edcio do bem estar social e desenvolvimento sustent\u00e1vel.\",\"breadcrumb\":{\"@id\":\"https:\\\/\\\/vanderloubet.com.br\\\/deputado\\\/emenda-de-vander-garante-projetos-da-ufms-com-grande-alcance-socioeconomico\\\/#breadcrumb\"},\"inLanguage\":\"pt-BR\",\"potentialAction\":[{\"@type\":\"ReadAction\",\"target\":[\"https:\\\/\\\/vanderloubet.com.br\\\/deputado\\\/emenda-de-vander-garante-projetos-da-ufms-com-grande-alcance-socioeconomico\\\/\"]}]},{\"@type\":\"ImageObject\",\"inLanguage\":\"pt-BR\",\"@id\":\"https:\\\/\\\/vanderloubet.com.br\\\/deputado\\\/emenda-de-vander-garante-projetos-da-ufms-com-grande-alcance-socioeconomico\\\/#primaryimage\",\"url\":\"https:\\\/\\\/vanderloubet.com.br\\\/deputado\\\/wp-content\\\/uploads\\\/2020\\\/11\\\/foto-2020-11-10-ufms.jpg\",\"contentUrl\":\"https:\\\/\\\/vanderloubet.com.br\\\/deputado\\\/wp-content\\\/uploads\\\/2020\\\/11\\\/foto-2020-11-10-ufms.jpg\",\"width\":1080,\"height\":720,\"caption\":\"Campus da UFMS em Campo Grande\"},{\"@type\":\"BreadcrumbList\",\"@id\":\"https:\\\/\\\/vanderloubet.com.br\\\/deputado\\\/emenda-de-vander-garante-projetos-da-ufms-com-grande-alcance-socioeconomico\\\/#breadcrumb\",\"itemListElement\":[{\"@type\":\"ListItem\",\"position\":1,\"name\":\"In\u00edcio\",\"item\":\"https:\\\/\\\/vanderloubet.com.br\\\/deputado\\\/\"},{\"@type\":\"ListItem\",\"position\":2,\"name\":\"Emenda de Vander garante projetos da UFMS com grande alcance socioecon\u00f4mico\"}]},{\"@type\":\"WebSite\",\"@id\":\"https:\\\/\\\/vanderloubet.com.br\\\/deputado\\\/#website\",\"url\":\"https:\\\/\\\/vanderloubet.com.br\\\/deputado\\\/\",\"name\":\"Deputado Federal Vander Loubet\",\"description\":\"O Federal de MS\",\"publisher\":{\"@id\":\"https:\\\/\\\/vanderloubet.com.br\\\/deputado\\\/#organization\"},\"alternateName\":\"Deputado Vander\",\"potentialAction\":[{\"@type\":\"SearchAction\",\"target\":{\"@type\":\"EntryPoint\",\"urlTemplate\":\"https:\\\/\\\/vanderloubet.com.br\\\/deputado\\\/?s={search_term_string}\"},\"query-input\":{\"@type\":\"PropertyValueSpecification\",\"valueRequired\":true,\"valueName\":\"search_term_string\"}}],\"inLanguage\":\"pt-BR\"},{\"@type\":\"Organization\",\"@id\":\"https:\\\/\\\/vanderloubet.com.br\\\/deputado\\\/#organization\",\"name\":\"Deputado Federal Vander Loubet\",\"alternateName\":\"Deputado Vander\",\"url\":\"https:\\\/\\\/vanderloubet.com.br\\\/deputado\\\/\",\"logo\":{\"@type\":\"ImageObject\",\"inLanguage\":\"pt-BR\",\"@id\":\"https:\\\/\\\/vanderloubet.com.br\\\/deputado\\\/#\\\/schema\\\/logo\\\/image\\\/\",\"url\":\"https:\\\/\\\/vanderloubet.com.br\\\/deputado\\\/wp-content\\\/uploads\\\/2023\\\/06\\\/foto-2023-06-19-mandato-deputado-vander.jpg\",\"contentUrl\":\"https:\\\/\\\/vanderloubet.com.br\\\/deputado\\\/wp-content\\\/uploads\\\/2023\\\/06\\\/foto-2023-06-19-mandato-deputado-vander.jpg\",\"width\":1080,\"height\":1080,\"caption\":\"Deputado Federal Vander Loubet\"},\"image\":{\"@id\":\"https:\\\/\\\/vanderloubet.com.br\\\/deputado\\\/#\\\/schema\\\/logo\\\/image\\\/\"},\"sameAs\":[\"https:\\\/\\\/facebook.com\\\/deputadovander\",\"https:\\\/\\\/x.com\\\/vanderloubet\",\"https:\\\/\\\/instagram.com\\\/vanderloubet\",\"https:\\\/\\\/youtube.com\\\/vanderloubet\",\"https:\\\/\\\/tiktok.com\\\/@vanderloubetms\"]},{\"@type\":\"Person\",\"@id\":\"https:\\\/\\\/vanderloubet.com.br\\\/deputado\\\/#\\\/schema\\\/person\\\/15b51bd564532a8a68d9dec1b8eb890e\",\"name\":\"\u00c9der\",\"image\":{\"@type\":\"ImageObject\",\"inLanguage\":\"pt-BR\",\"@id\":\"https:\\\/\\\/vanderloubet.com.br\\\/deputado\\\/wp-content\\\/litespeed\\\/avatar\\\/88ca4090d9d5ab1c9495f6ca03b68efa.jpg?ver=1777058957\",\"url\":\"https:\\\/\\\/vanderloubet.com.br\\\/deputado\\\/wp-content\\\/litespeed\\\/avatar\\\/88ca4090d9d5ab1c9495f6ca03b68efa.jpg?ver=1777058957\",\"contentUrl\":\"https:\\\/\\\/vanderloubet.com.br\\\/deputado\\\/wp-content\\\/litespeed\\\/avatar\\\/88ca4090d9d5ab1c9495f6ca03b68efa.jpg?ver=1777058957\",\"caption\":\"\u00c9der\"}}]}<\/script>\n<!-- \/ Yoast SEO plugin. -->","yoast_head_json":{"title":"Emenda de Vander garante projetos da UFMS com grande alcance socioecon\u00f4mico","description":"A\u00e7\u00e3o faz parte do trabalho do deputado voltado para valoriza\u00e7\u00e3o da ci\u00eancia em benef\u00edcio do bem estar social e desenvolvimento sustent\u00e1vel.","robots":{"index":"index","follow":"follow","max-snippet":"max-snippet:-1","max-image-preview":"max-image-preview:large","max-video-preview":"max-video-preview:-1"},"canonical":"https:\/\/vanderloubet.com.br\/deputado\/emenda-de-vander-garante-projetos-da-ufms-com-grande-alcance-socioeconomico\/","og_locale":"pt_BR","og_type":"article","og_title":"Emenda de Vander garante projetos da UFMS com grande alcance socioecon\u00f4mico","og_description":"A\u00e7\u00e3o faz parte do trabalho do deputado voltado para valoriza\u00e7\u00e3o da ci\u00eancia em benef\u00edcio do bem estar social e desenvolvimento sustent\u00e1vel.","og_url":"https:\/\/vanderloubet.com.br\/deputado\/emenda-de-vander-garante-projetos-da-ufms-com-grande-alcance-socioeconomico\/","og_site_name":"Deputado Federal Vander Loubet","article_publisher":"https:\/\/facebook.com\/deputadovander","article_published_time":"2020-11-10T19:00:04+00:00","article_modified_time":"2020-11-10T21:05:00+00:00","og_image":[{"width":1080,"height":720,"url":"https:\/\/vanderloubet.com.br\/deputado\/wp-content\/uploads\/2020\/11\/foto-2020-11-10-ufms.jpg","type":"image\/jpeg"}],"author":"\u00c9der","twitter_card":"summary_large_image","twitter_creator":"@vanderloubet","twitter_site":"@vanderloubet","schema":{"@context":"https:\/\/schema.org","@graph":[{"@type":"Article","@id":"https:\/\/vanderloubet.com.br\/deputado\/emenda-de-vander-garante-projetos-da-ufms-com-grande-alcance-socioeconomico\/#article","isPartOf":{"@id":"https:\/\/vanderloubet.com.br\/deputado\/emenda-de-vander-garante-projetos-da-ufms-com-grande-alcance-socioeconomico\/"},"author":{"name":"\u00c9der","@id":"https:\/\/vanderloubet.com.br\/deputado\/#\/schema\/person\/15b51bd564532a8a68d9dec1b8eb890e"},"headline":"Emenda de Vander garante projetos da UFMS com grande alcance socioecon\u00f4mico","datePublished":"2020-11-10T19:00:04+00:00","dateModified":"2020-11-10T21:05:00+00:00","mainEntityOfPage":{"@id":"https:\/\/vanderloubet.com.br\/deputado\/emenda-de-vander-garante-projetos-da-ufms-com-grande-alcance-socioeconomico\/"},"wordCount":828,"publisher":{"@id":"https:\/\/vanderloubet.com.br\/deputado\/#organization"},"image":{"@id":"https:\/\/vanderloubet.com.br\/deputado\/emenda-de-vander-garante-projetos-da-ufms-com-grande-alcance-socioeconomico\/#primaryimage"},"thumbnailUrl":"https:\/\/vanderloubet.com.br\/deputado\/wp-content\/uploads\/2020\/11\/foto-2020-11-10-ufms.jpg","keywords":["agricultura familiar","desenvolvimento sustent\u00e1vel","educa\u00e7\u00e3o","emenda parlamentar","pesquisa e extens\u00e3o"],"articleSection":["Mato Grosso do Sul","Not\u00edcias"],"inLanguage":"pt-BR"},{"@type":"WebPage","@id":"https:\/\/vanderloubet.com.br\/deputado\/emenda-de-vander-garante-projetos-da-ufms-com-grande-alcance-socioeconomico\/","url":"https:\/\/vanderloubet.com.br\/deputado\/emenda-de-vander-garante-projetos-da-ufms-com-grande-alcance-socioeconomico\/","name":"Emenda de Vander garante projetos da UFMS com grande alcance socioecon\u00f4mico","isPartOf":{"@id":"https:\/\/vanderloubet.com.br\/deputado\/#website"},"primaryImageOfPage":{"@id":"https:\/\/vanderloubet.com.br\/deputado\/emenda-de-vander-garante-projetos-da-ufms-com-grande-alcance-socioeconomico\/#primaryimage"},"image":{"@id":"https:\/\/vanderloubet.com.br\/deputado\/emenda-de-vander-garante-projetos-da-ufms-com-grande-alcance-socioeconomico\/#primaryimage"},"thumbnailUrl":"https:\/\/vanderloubet.com.br\/deputado\/wp-content\/uploads\/2020\/11\/foto-2020-11-10-ufms.jpg","datePublished":"2020-11-10T19:00:04+00:00","dateModified":"2020-11-10T21:05:00+00:00","description":"A\u00e7\u00e3o faz parte do trabalho do deputado voltado para valoriza\u00e7\u00e3o da ci\u00eancia em benef\u00edcio do bem estar social e desenvolvimento sustent\u00e1vel.","breadcrumb":{"@id":"https:\/\/vanderloubet.com.br\/deputado\/emenda-de-vander-garante-projetos-da-ufms-com-grande-alcance-socioeconomico\/#breadcrumb"},"inLanguage":"pt-BR","potentialAction":[{"@type":"ReadAction","target":["https:\/\/vanderloubet.com.br\/deputado\/emenda-de-vander-garante-projetos-da-ufms-com-grande-alcance-socioeconomico\/"]}]},{"@type":"ImageObject","inLanguage":"pt-BR","@id":"https:\/\/vanderloubet.com.br\/deputado\/emenda-de-vander-garante-projetos-da-ufms-com-grande-alcance-socioeconomico\/#primaryimage","url":"https:\/\/vanderloubet.com.br\/deputado\/wp-content\/uploads\/2020\/11\/foto-2020-11-10-ufms.jpg","contentUrl":"https:\/\/vanderloubet.com.br\/deputado\/wp-content\/uploads\/2020\/11\/foto-2020-11-10-ufms.jpg","width":1080,"height":720,"caption":"Campus da UFMS em Campo Grande"},{"@type":"BreadcrumbList","@id":"https:\/\/vanderloubet.com.br\/deputado\/emenda-de-vander-garante-projetos-da-ufms-com-grande-alcance-socioeconomico\/#breadcrumb","itemListElement":[{"@type":"ListItem","position":1,"name":"In\u00edcio","item":"https:\/\/vanderloubet.com.br\/deputado\/"},{"@type":"ListItem","position":2,"name":"Emenda de Vander garante projetos da UFMS com grande alcance socioecon\u00f4mico"}]},{"@type":"WebSite","@id":"https:\/\/vanderloubet.com.br\/deputado\/#website","url":"https:\/\/vanderloubet.com.br\/deputado\/","name":"Deputado Federal Vander Loubet","description":"O Federal de MS","publisher":{"@id":"https:\/\/vanderloubet.com.br\/deputado\/#organization"},"alternateName":"Deputado Vander","potentialAction":[{"@type":"SearchAction","target":{"@type":"EntryPoint","urlTemplate":"https:\/\/vanderloubet.com.br\/deputado\/?s={search_term_string}"},"query-input":{"@type":"PropertyValueSpecification","valueRequired":true,"valueName":"search_term_string"}}],"inLanguage":"pt-BR"},{"@type":"Organization","@id":"https:\/\/vanderloubet.com.br\/deputado\/#organization","name":"Deputado Federal Vander Loubet","alternateName":"Deputado Vander","url":"https:\/\/vanderloubet.com.br\/deputado\/","logo":{"@type":"ImageObject","inLanguage":"pt-BR","@id":"https:\/\/vanderloubet.com.br\/deputado\/#\/schema\/logo\/image\/","url":"https:\/\/vanderloubet.com.br\/deputado\/wp-content\/uploads\/2023\/06\/foto-2023-06-19-mandato-deputado-vander.jpg","contentUrl":"https:\/\/vanderloubet.com.br\/deputado\/wp-content\/uploads\/2023\/06\/foto-2023-06-19-mandato-deputado-vander.jpg","width":1080,"height":1080,"caption":"Deputado Federal Vander Loubet"},"image":{"@id":"https:\/\/vanderloubet.com.br\/deputado\/#\/schema\/logo\/image\/"},"sameAs":["https:\/\/facebook.com\/deputadovander","https:\/\/x.com\/vanderloubet","https:\/\/instagram.com\/vanderloubet","https:\/\/youtube.com\/vanderloubet","https:\/\/tiktok.com\/@vanderloubetms"]},{"@type":"Person","@id":"https:\/\/vanderloubet.com.br\/deputado\/#\/schema\/person\/15b51bd564532a8a68d9dec1b8eb890e","name":"\u00c9der","image":{"@type":"ImageObject","inLanguage":"pt-BR","@id":"https:\/\/vanderloubet.com.br\/deputado\/wp-content\/litespeed\/avatar\/88ca4090d9d5ab1c9495f6ca03b68efa.jpg?ver=1777058957","url":"https:\/\/vanderloubet.com.br\/deputado\/wp-content\/litespeed\/avatar\/88ca4090d9d5ab1c9495f6ca03b68efa.jpg?ver=1777058957","contentUrl":"https:\/\/vanderloubet.com.br\/deputado\/wp-content\/litespeed\/avatar\/88ca4090d9d5ab1c9495f6ca03b68efa.jpg?ver=1777058957","caption":"\u00c9der"}}]}},"jetpack_featured_media_url":"https:\/\/vanderloubet.com.br\/deputado\/wp-content\/uploads\/2020\/11\/foto-2020-11-10-ufms.jpg","jetpack_sharing_enabled":true,"_links":{"self":[{"href":"https:\/\/vanderloubet.com.br\/deputado\/wp-json\/wp\/v2\/posts\/16883","targetHints":{"allow":["GET"]}}],"collection":[{"href":"https:\/\/vanderloubet.com.br\/deputado\/wp-json\/wp\/v2\/posts"}],"about":[{"href":"https:\/\/vanderloubet.com.br\/deputado\/wp-json\/wp\/v2\/types\/post"}],"author":[{"embeddable":true,"href":"https:\/\/vanderloubet.com.br\/deputado\/wp-json\/wp\/v2\/users\/2"}],"replies":[{"embeddable":true,"href":"https:\/\/vanderloubet.com.br\/deputado\/wp-json\/wp\/v2\/comments?post=16883"}],"version-history":[{"count":0,"href":"https:\/\/vanderloubet.com.br\/deputado\/wp-json\/wp\/v2\/posts\/16883\/revisions"}],"wp:featuredmedia":[{"embeddable":true,"href":"https:\/\/vanderloubet.com.br\/deputado\/wp-json\/wp\/v2\/media\/16886"}],"wp:attachment":[{"href":"https:\/\/vanderloubet.com.br\/deputado\/wp-json\/wp\/v2\/media?parent=16883"}],"wp:term":[{"taxonomy":"category","embeddable":true,"href":"https:\/\/vanderloubet.com.br\/deputado\/wp-json\/wp\/v2\/categories?post=16883"},{"taxonomy":"post_tag","embeddable":true,"href":"https:\/\/vanderloubet.com.br\/deputado\/wp-json\/wp\/v2\/tags?post=16883"}],"curies":[{"name":"wp","href":"https:\/\/api.w.org\/{rel}","templated":true}]}}