{"id":16848,"date":"2020-10-20T08:00:07","date_gmt":"2020-10-20T12:00:07","guid":{"rendered":"http:\/\/vanderloubet.com.br\/deputado\/?p=16848"},"modified":"2020-10-20T18:12:59","modified_gmt":"2020-10-20T22:12:59","slug":"vander-reafirma-a-sindicatos-compromisso-contra-maldades-da-reforma-administrativa","status":"publish","type":"post","link":"https:\/\/vanderloubet.com.br\/deputado\/vander-reafirma-a-sindicatos-compromisso-contra-maldades-da-reforma-administrativa\/","title":{"rendered":"Vander reafirma a sindicatos compromisso contra maldades da Reforma Administrativa"},"content":{"rendered":"<p>Representantes de diversos sindicatos de Mato Grosso do Sul se reuniram, na manh\u00e3 de segunda-feira (19), com o deputado federal Vander Loubet (PT-MS) para refor\u00e7ar e articular o apoio do parlamentar contra medidas da Proposta de Emenda \u00e0 Constitui\u00e7\u00e3o (PEC) 32\/2020, que trata da reforma administrativa proposta pelo governo Bolsonaro e que est\u00e1 tramitando no Congresso Nacional.<\/p>\n<p>&#8220;Nossa preocupa\u00e7\u00e3o vai al\u00e9m dos sal\u00e1rios dos servidores. A PEC 32 representa o desmonte do SUS [Sistema \u00danico de Sa\u00fade], da educa\u00e7\u00e3o, da assist\u00eancia social e de tantos outros setores. \u00c9 algo que, em termos salariais, n\u00e3o atinge a remunera\u00e7\u00e3o do alto escal\u00e3o, como do Judici\u00e1rio, por exemplo, mas sim as bases. Viemos pedir esse apoio para que os setores [sindicatos] sejam ouvidos&#8221;, afirmou a representante da Central \u00danica dos Trabalhadores (CUT), Maria Helena Faria.<\/p>\n<p>Vander ouviu as demandas apresentadas e se prontificou a levar a pauta aos demais membros da bancada federal de Mato Grosso do Sul. &#8220;Vamos lutar contra as maldades dessa reforma. E para isso \u00e9 fundamental angariar apoios, por isso essa articula\u00e7\u00e3o com a bancada \u00e9 importante para que se possa tratar do assunto com a aten\u00e7\u00e3o que merece&#8221;, defendeu o petista.<\/p>\n<p>&#8220;Queremos que tenha uma discuss\u00e3o com as entidades que representam os servidores p\u00fablicos. Em momento algum as centrais sindicais foram ouvidas, consultadas. O que se v\u00ea \u00e9 uma proposta de desmantelamento de servi\u00e7os p\u00fablicos e n\u00e3o a busca por economia como se v\u00ea anunciada em muitos ve\u00edculos de comunica\u00e7\u00e3o&#8221;, alertou Maria Helena.<\/p>\n<p>Participaram da reuni\u00e3o Adilson dos Santos, do Sindicato dos Servidores P\u00fablicos Federais (Sindsep); \u00c9lio Ara\u00fajo, do Sindicato dos Trabalhadores P\u00fablicos Federais em Sa\u00fade, Trabalho, Previd\u00eancia e Assist\u00eancia Social (Sindisprev); L\u00e1zaro Godoy, do Sindicato dos Trabalhadores nas Ind\u00fastrias de Purifica\u00e7\u00e3o e Distribui\u00e7\u00e3o de \u00c1gua e Servi\u00e7o de Esgotos (Sind\u00e1gua); Vilson Gimenez, presidente da CUT-MS; M\u00e1rcia Pissurno, do Sindicato dos Servidores do Poder Judici\u00e1rio Federal e Minist\u00e9rio P\u00fablico da Uni\u00e3o (Sindjufe); e Marco Aur\u00e9lio Stefans, do Sindicato Nacional dos Servidores Federais da Educa\u00e7\u00e3o B\u00e1sica Profissional e Tecnol\u00f3gica (Sinasefe).<\/p>\n\r\n                <style type=\"text\/css\">\r\n                    \r\n                    #tdi_1  .td-doubleSlider-2 .td-item1 {\r\n                        background: url(https:\/\/vanderloubet.com.br\/deputado\/wp-content\/uploads\/2020\/10\/foto-2020-10-19-reuniao-sindicatos-reforma-administrativa-1-80x60.jpg) 0 0 no-repeat;\r\n                    }\r\n                    #tdi_1  .td-doubleSlider-2 .td-item2 {\r\n                        background: url(https:\/\/vanderloubet.com.br\/deputado\/wp-content\/uploads\/2020\/10\/foto-2020-10-19-reuniao-sindicatos-reforma-administrativa-3-80x60.jpg) 0 0 no-repeat;\r\n                    }\r\n                <\/style>\r\n\r\n                <div id=\"tdi_1\" class=\"td-gallery td-slide-on-2-columns\">\r\n                    <div class=\"post_td_gallery\">\r\n                        <div class=\"td-gallery-slide-top\">\r\n                           <div class=\"td-gallery-title\"><\/div>\r\n\r\n                            <div class=\"td-gallery-controls-wrapper\">\r\n                                <div class=\"td-gallery-slide-count\"><span class=\"td-gallery-slide-item-focus\">1<\/span> de 2<\/div>\r\n                                <div class=\"td-gallery-slide-prev-next-but\">\r\n                                    <i class = \"td-icon-left doubleSliderPrevButton\"><\/i>\r\n                                    <i class = \"td-icon-right doubleSliderNextButton\"><\/i>\r\n                                <\/div>\r\n                            <\/div>\r\n                        <\/div>\r\n\r\n                        <div class = \"td-doubleSlider-1 \">\r\n                            <div class = \"td-slider\">\r\n                                \r\n                    <div class = \"td-slide-item td-item1\">\r\n                        <figure class=\"td-slide-galery-figure td-slide-popup-gallery\">\r\n                            <a class=\"slide-gallery-image-link\" href=\"https:\/\/vanderloubet.com.br\/deputado\/wp-content\/uploads\/2020\/10\/foto-2020-10-19-reuniao-sindicatos-reforma-administrativa-1.jpg\" title=\"Vander ouviu reivindica\u00e7\u00f5es e se prontificou a levar a pauta aos demais membros da bancada federal de MS\"  data-caption=\"\"  data-description=\"Vander ouviu reivindica&ccedil;&otilde;es e se prontificou a levar a pauta aos demais membros da bancada federal de MS\">\r\n                                <img decoding=\"async\" src=\"https:\/\/vanderloubet.com.br\/deputado\/wp-content\/uploads\/2020\/10\/foto-2020-10-19-reuniao-sindicatos-reforma-administrativa-1-630x420.jpg\" srcset=\"https:\/\/vanderloubet.com.br\/deputado\/wp-content\/uploads\/2020\/10\/foto-2020-10-19-reuniao-sindicatos-reforma-administrativa-1-630x420.jpg 630w, https:\/\/vanderloubet.com.br\/deputado\/wp-content\/uploads\/2020\/10\/foto-2020-10-19-reuniao-sindicatos-reforma-administrativa-1-350x233.jpg 350w, https:\/\/vanderloubet.com.br\/deputado\/wp-content\/uploads\/2020\/10\/foto-2020-10-19-reuniao-sindicatos-reforma-administrativa-1-768x512.jpg 768w, https:\/\/vanderloubet.com.br\/deputado\/wp-content\/uploads\/2020\/10\/foto-2020-10-19-reuniao-sindicatos-reforma-administrativa-1-700x467.jpg 700w, https:\/\/vanderloubet.com.br\/deputado\/wp-content\/uploads\/2020\/10\/foto-2020-10-19-reuniao-sindicatos-reforma-administrativa-1-696x464.jpg 696w, https:\/\/vanderloubet.com.br\/deputado\/wp-content\/uploads\/2020\/10\/foto-2020-10-19-reuniao-sindicatos-reforma-administrativa-1-1068x712.jpg 1068w, https:\/\/vanderloubet.com.br\/deputado\/wp-content\/uploads\/2020\/10\/foto-2020-10-19-reuniao-sindicatos-reforma-administrativa-1.jpg 1080w\" sizes=\"(max-width: 630px) 100vw, 630px\" alt=\"Vander ouviu reivindica&ccedil;&otilde;es e se prontificou a levar a pauta aos demais membros da bancada federal de MS\">\r\n                            <\/a>\r\n                            <figcaption class = \"td-slide-caption td-gallery-slide-content\"><span>Vander ouviu reivindica\u00e7\u00f5es e se prontificou a levar a pauta aos demais membros da bancada federal de MS<\/span><\/figcaption>\r\n                        <\/figure>\r\n                    <\/div>\r\n                    <div class = \"td-slide-item td-item2\">\r\n                        <figure class=\"td-slide-galery-figure td-slide-popup-gallery\">\r\n                            <a class=\"slide-gallery-image-link\" href=\"https:\/\/vanderloubet.com.br\/deputado\/wp-content\/uploads\/2020\/10\/foto-2020-10-19-reuniao-sindicatos-reforma-administrativa-3.jpg\" title=\"Vander ouviu reivindica\u00e7\u00f5es e se prontificou a levar a pauta aos demais membros da bancada federal de MS\"  data-caption=\"\"  data-description=\"Vander ouviu reivindica&ccedil;&otilde;es e se prontificou a levar a pauta aos demais membros da bancada federal de MS\">\r\n                                <img decoding=\"async\" src=\"https:\/\/vanderloubet.com.br\/deputado\/wp-content\/uploads\/2020\/10\/foto-2020-10-19-reuniao-sindicatos-reforma-administrativa-3-630x420.jpg\" srcset=\"https:\/\/vanderloubet.com.br\/deputado\/wp-content\/uploads\/2020\/10\/foto-2020-10-19-reuniao-sindicatos-reforma-administrativa-3-630x420.jpg 630w, https:\/\/vanderloubet.com.br\/deputado\/wp-content\/uploads\/2020\/10\/foto-2020-10-19-reuniao-sindicatos-reforma-administrativa-3-350x233.jpg 350w, https:\/\/vanderloubet.com.br\/deputado\/wp-content\/uploads\/2020\/10\/foto-2020-10-19-reuniao-sindicatos-reforma-administrativa-3-768x512.jpg 768w, https:\/\/vanderloubet.com.br\/deputado\/wp-content\/uploads\/2020\/10\/foto-2020-10-19-reuniao-sindicatos-reforma-administrativa-3-700x467.jpg 700w, https:\/\/vanderloubet.com.br\/deputado\/wp-content\/uploads\/2020\/10\/foto-2020-10-19-reuniao-sindicatos-reforma-administrativa-3-696x464.jpg 696w, https:\/\/vanderloubet.com.br\/deputado\/wp-content\/uploads\/2020\/10\/foto-2020-10-19-reuniao-sindicatos-reforma-administrativa-3-1068x712.jpg 1068w, https:\/\/vanderloubet.com.br\/deputado\/wp-content\/uploads\/2020\/10\/foto-2020-10-19-reuniao-sindicatos-reforma-administrativa-3.jpg 1080w\" sizes=\"(max-width: 630px) 100vw, 630px\" alt=\"Vander ouviu reivindica&ccedil;&otilde;es e se prontificou a levar a pauta aos demais membros da bancada federal de MS\">\r\n                            <\/a>\r\n                            <figcaption class = \"td-slide-caption td-gallery-slide-content\"><span>Vander ouviu reivindica\u00e7\u00f5es e se prontificou a levar a pauta aos demais membros da bancada federal de MS<\/span><\/figcaption>\r\n                        <\/figure>\r\n                    <\/div>\r\n                            <\/div>\r\n                        <\/div>\r\n\r\n                        <div class = \"td-doubleSlider-2\">\r\n                            <div class = \"td-slider\">\r\n                                \r\n                    <div class = \"td-button td-item1\">\r\n                        <div class = \"td-border\"><\/div>\r\n                    <\/div>\r\n                    <div class = \"td-button td-item2\">\r\n                        <div class = \"td-border\"><\/div>\r\n                    <\/div>\r\n                            <\/div>\r\n                        <\/div>\r\n\r\n                    <\/div>\r\n\r\n                <\/div>\r\n                \n","protected":false},"excerpt":{"rendered":"<p>O deputado ouviu reivindica\u00e7\u00f5es e se prontificou a levar a pauta aos demais membros da bancada federal de Mato Grosso do Sul.<\/p>\n","protected":false},"author":2,"featured_media":16849,"comment_status":"closed","ping_status":"closed","sticky":false,"template":"","format":"standard","meta":{"jetpack_post_was_ever_published":false,"_jetpack_newsletter_access":"","_jetpack_dont_email_post_to_subs":false,"_jetpack_newsletter_tier_id":0,"_jetpack_memberships_contains_paywalled_content":false,"_jetpack_memberships_contains_paid_content":false,"footnotes":""},"categories":[2098,10],"tags":[2300,2445],"class_list":{"0":"post-16848","1":"post","2":"type-post","3":"status-publish","4":"format-standard","5":"has-post-thumbnail","7":"category-brasil-noticias","8":"category-noticias","9":"tag-proposta-de-emenda-a-constituicao","10":"tag-reforma-administrativa"},"yoast_head":"<!-- This site is optimized with the Yoast SEO plugin v27.4 - https:\/\/yoast.com\/product\/yoast-seo-wordpress\/ -->\n<title>Vander reafirma a sindicatos compromisso contra maldades da Reforma Administrativa<\/title>\n<meta name=\"description\" content=\"O deputado ouviu reivindica\u00e7\u00f5es e se prontificou a levar a pauta aos demais membros da bancada federal de Mato Grosso do Sul.\" \/>\n<meta name=\"robots\" content=\"index, follow, max-snippet:-1, max-image-preview:large, max-video-preview:-1\" \/>\n<link rel=\"canonical\" href=\"https:\/\/vanderloubet.com.br\/deputado\/vander-reafirma-a-sindicatos-compromisso-contra-maldades-da-reforma-administrativa\/\" \/>\n<meta property=\"og:locale\" content=\"pt_BR\" \/>\n<meta property=\"og:type\" content=\"article\" \/>\n<meta property=\"og:title\" content=\"Vander reafirma a sindicatos compromisso contra maldades da Reforma Administrativa\" \/>\n<meta property=\"og:description\" content=\"O deputado ouviu reivindica\u00e7\u00f5es e se prontificou a levar a pauta aos demais membros da bancada federal de Mato Grosso do Sul.\" \/>\n<meta property=\"og:url\" content=\"https:\/\/vanderloubet.com.br\/deputado\/vander-reafirma-a-sindicatos-compromisso-contra-maldades-da-reforma-administrativa\/\" \/>\n<meta property=\"og:site_name\" content=\"Deputado Federal Vander Loubet\" \/>\n<meta property=\"article:publisher\" content=\"https:\/\/facebook.com\/deputadovander\" \/>\n<meta property=\"article:published_time\" content=\"2020-10-20T12:00:07+00:00\" \/>\n<meta property=\"article:modified_time\" content=\"2020-10-20T22:12:59+00:00\" \/>\n<meta property=\"og:image\" content=\"https:\/\/vanderloubet.com.br\/deputado\/wp-content\/uploads\/2020\/10\/foto-2020-10-19-reuniao-sindicatos-reforma-administrativa-2.jpg\" \/>\n\t<meta property=\"og:image:width\" content=\"1080\" \/>\n\t<meta property=\"og:image:height\" content=\"720\" \/>\n\t<meta property=\"og:image:type\" content=\"image\/jpeg\" \/>\n<meta name=\"author\" content=\"\u00c9der\" \/>\n<meta name=\"twitter:card\" content=\"summary_large_image\" \/>\n<meta name=\"twitter:creator\" content=\"@vanderloubet\" \/>\n<meta name=\"twitter:site\" content=\"@vanderloubet\" \/>\n<script type=\"application\/ld+json\" class=\"yoast-schema-graph\">{\"@context\":\"https:\\\/\\\/schema.org\",\"@graph\":[{\"@type\":\"Article\",\"@id\":\"https:\\\/\\\/vanderloubet.com.br\\\/deputado\\\/vander-reafirma-a-sindicatos-compromisso-contra-maldades-da-reforma-administrativa\\\/#article\",\"isPartOf\":{\"@id\":\"https:\\\/\\\/vanderloubet.com.br\\\/deputado\\\/vander-reafirma-a-sindicatos-compromisso-contra-maldades-da-reforma-administrativa\\\/\"},\"author\":{\"name\":\"\u00c9der\",\"@id\":\"https:\\\/\\\/vanderloubet.com.br\\\/deputado\\\/#\\\/schema\\\/person\\\/15b51bd564532a8a68d9dec1b8eb890e\"},\"headline\":\"Vander reafirma a sindicatos compromisso contra maldades da Reforma Administrativa\",\"datePublished\":\"2020-10-20T12:00:07+00:00\",\"dateModified\":\"2020-10-20T22:12:59+00:00\",\"mainEntityOfPage\":{\"@id\":\"https:\\\/\\\/vanderloubet.com.br\\\/deputado\\\/vander-reafirma-a-sindicatos-compromisso-contra-maldades-da-reforma-administrativa\\\/\"},\"wordCount\":385,\"publisher\":{\"@id\":\"https:\\\/\\\/vanderloubet.com.br\\\/deputado\\\/#organization\"},\"image\":{\"@id\":\"https:\\\/\\\/vanderloubet.com.br\\\/deputado\\\/vander-reafirma-a-sindicatos-compromisso-contra-maldades-da-reforma-administrativa\\\/#primaryimage\"},\"thumbnailUrl\":\"https:\\\/\\\/vanderloubet.com.br\\\/deputado\\\/wp-content\\\/uploads\\\/2020\\\/10\\\/foto-2020-10-19-reuniao-sindicatos-reforma-administrativa-2.jpg\",\"keywords\":[\"proposta de emenda \u00e0 constitui\u00e7\u00e3o\",\"reforma administrativa\"],\"articleSection\":[\"Brasil\",\"Not\u00edcias\"],\"inLanguage\":\"pt-BR\"},{\"@type\":\"WebPage\",\"@id\":\"https:\\\/\\\/vanderloubet.com.br\\\/deputado\\\/vander-reafirma-a-sindicatos-compromisso-contra-maldades-da-reforma-administrativa\\\/\",\"url\":\"https:\\\/\\\/vanderloubet.com.br\\\/deputado\\\/vander-reafirma-a-sindicatos-compromisso-contra-maldades-da-reforma-administrativa\\\/\",\"name\":\"Vander reafirma a sindicatos compromisso contra maldades da Reforma Administrativa\",\"isPartOf\":{\"@id\":\"https:\\\/\\\/vanderloubet.com.br\\\/deputado\\\/#website\"},\"primaryImageOfPage\":{\"@id\":\"https:\\\/\\\/vanderloubet.com.br\\\/deputado\\\/vander-reafirma-a-sindicatos-compromisso-contra-maldades-da-reforma-administrativa\\\/#primaryimage\"},\"image\":{\"@id\":\"https:\\\/\\\/vanderloubet.com.br\\\/deputado\\\/vander-reafirma-a-sindicatos-compromisso-contra-maldades-da-reforma-administrativa\\\/#primaryimage\"},\"thumbnailUrl\":\"https:\\\/\\\/vanderloubet.com.br\\\/deputado\\\/wp-content\\\/uploads\\\/2020\\\/10\\\/foto-2020-10-19-reuniao-sindicatos-reforma-administrativa-2.jpg\",\"datePublished\":\"2020-10-20T12:00:07+00:00\",\"dateModified\":\"2020-10-20T22:12:59+00:00\",\"description\":\"O deputado ouviu reivindica\u00e7\u00f5es e se prontificou a levar a pauta aos demais membros da bancada federal de Mato Grosso do Sul.\",\"breadcrumb\":{\"@id\":\"https:\\\/\\\/vanderloubet.com.br\\\/deputado\\\/vander-reafirma-a-sindicatos-compromisso-contra-maldades-da-reforma-administrativa\\\/#breadcrumb\"},\"inLanguage\":\"pt-BR\",\"potentialAction\":[{\"@type\":\"ReadAction\",\"target\":[\"https:\\\/\\\/vanderloubet.com.br\\\/deputado\\\/vander-reafirma-a-sindicatos-compromisso-contra-maldades-da-reforma-administrativa\\\/\"]}]},{\"@type\":\"ImageObject\",\"inLanguage\":\"pt-BR\",\"@id\":\"https:\\\/\\\/vanderloubet.com.br\\\/deputado\\\/vander-reafirma-a-sindicatos-compromisso-contra-maldades-da-reforma-administrativa\\\/#primaryimage\",\"url\":\"https:\\\/\\\/vanderloubet.com.br\\\/deputado\\\/wp-content\\\/uploads\\\/2020\\\/10\\\/foto-2020-10-19-reuniao-sindicatos-reforma-administrativa-2.jpg\",\"contentUrl\":\"https:\\\/\\\/vanderloubet.com.br\\\/deputado\\\/wp-content\\\/uploads\\\/2020\\\/10\\\/foto-2020-10-19-reuniao-sindicatos-reforma-administrativa-2.jpg\",\"width\":1080,\"height\":720,\"caption\":\"Vander ouviu reivindica\u00e7\u00f5es e se prontificou a levar a pauta aos demais membros da bancada federal de MS\"},{\"@type\":\"BreadcrumbList\",\"@id\":\"https:\\\/\\\/vanderloubet.com.br\\\/deputado\\\/vander-reafirma-a-sindicatos-compromisso-contra-maldades-da-reforma-administrativa\\\/#breadcrumb\",\"itemListElement\":[{\"@type\":\"ListItem\",\"position\":1,\"name\":\"In\u00edcio\",\"item\":\"https:\\\/\\\/vanderloubet.com.br\\\/deputado\\\/\"},{\"@type\":\"ListItem\",\"position\":2,\"name\":\"Vander reafirma a sindicatos compromisso contra maldades da Reforma Administrativa\"}]},{\"@type\":\"WebSite\",\"@id\":\"https:\\\/\\\/vanderloubet.com.br\\\/deputado\\\/#website\",\"url\":\"https:\\\/\\\/vanderloubet.com.br\\\/deputado\\\/\",\"name\":\"Deputado Federal Vander Loubet\",\"description\":\"O Federal de MS\",\"publisher\":{\"@id\":\"https:\\\/\\\/vanderloubet.com.br\\\/deputado\\\/#organization\"},\"alternateName\":\"Deputado Vander\",\"potentialAction\":[{\"@type\":\"SearchAction\",\"target\":{\"@type\":\"EntryPoint\",\"urlTemplate\":\"https:\\\/\\\/vanderloubet.com.br\\\/deputado\\\/?s={search_term_string}\"},\"query-input\":{\"@type\":\"PropertyValueSpecification\",\"valueRequired\":true,\"valueName\":\"search_term_string\"}}],\"inLanguage\":\"pt-BR\"},{\"@type\":\"Organization\",\"@id\":\"https:\\\/\\\/vanderloubet.com.br\\\/deputado\\\/#organization\",\"name\":\"Deputado Federal Vander Loubet\",\"alternateName\":\"Deputado Vander\",\"url\":\"https:\\\/\\\/vanderloubet.com.br\\\/deputado\\\/\",\"logo\":{\"@type\":\"ImageObject\",\"inLanguage\":\"pt-BR\",\"@id\":\"https:\\\/\\\/vanderloubet.com.br\\\/deputado\\\/#\\\/schema\\\/logo\\\/image\\\/\",\"url\":\"https:\\\/\\\/vanderloubet.com.br\\\/deputado\\\/wp-content\\\/uploads\\\/2023\\\/06\\\/foto-2023-06-19-mandato-deputado-vander.jpg\",\"contentUrl\":\"https:\\\/\\\/vanderloubet.com.br\\\/deputado\\\/wp-content\\\/uploads\\\/2023\\\/06\\\/foto-2023-06-19-mandato-deputado-vander.jpg\",\"width\":1080,\"height\":1080,\"caption\":\"Deputado Federal Vander Loubet\"},\"image\":{\"@id\":\"https:\\\/\\\/vanderloubet.com.br\\\/deputado\\\/#\\\/schema\\\/logo\\\/image\\\/\"},\"sameAs\":[\"https:\\\/\\\/facebook.com\\\/deputadovander\",\"https:\\\/\\\/x.com\\\/vanderloubet\",\"https:\\\/\\\/instagram.com\\\/vanderloubet\",\"https:\\\/\\\/youtube.com\\\/vanderloubet\",\"https:\\\/\\\/tiktok.com\\\/@vanderloubetms\"]},{\"@type\":\"Person\",\"@id\":\"https:\\\/\\\/vanderloubet.com.br\\\/deputado\\\/#\\\/schema\\\/person\\\/15b51bd564532a8a68d9dec1b8eb890e\",\"name\":\"\u00c9der\",\"image\":{\"@type\":\"ImageObject\",\"inLanguage\":\"pt-BR\",\"@id\":\"https:\\\/\\\/vanderloubet.com.br\\\/deputado\\\/wp-content\\\/litespeed\\\/avatar\\\/88ca4090d9d5ab1c9495f6ca03b68efa.jpg?ver=1777058957\",\"url\":\"https:\\\/\\\/vanderloubet.com.br\\\/deputado\\\/wp-content\\\/litespeed\\\/avatar\\\/88ca4090d9d5ab1c9495f6ca03b68efa.jpg?ver=1777058957\",\"contentUrl\":\"https:\\\/\\\/vanderloubet.com.br\\\/deputado\\\/wp-content\\\/litespeed\\\/avatar\\\/88ca4090d9d5ab1c9495f6ca03b68efa.jpg?ver=1777058957\",\"caption\":\"\u00c9der\"}}]}<\/script>\n<!-- \/ Yoast SEO plugin. -->","yoast_head_json":{"title":"Vander reafirma a sindicatos compromisso contra maldades da Reforma Administrativa","description":"O deputado ouviu reivindica\u00e7\u00f5es e se prontificou a levar a pauta aos demais membros da bancada federal de Mato Grosso do Sul.","robots":{"index":"index","follow":"follow","max-snippet":"max-snippet:-1","max-image-preview":"max-image-preview:large","max-video-preview":"max-video-preview:-1"},"canonical":"https:\/\/vanderloubet.com.br\/deputado\/vander-reafirma-a-sindicatos-compromisso-contra-maldades-da-reforma-administrativa\/","og_locale":"pt_BR","og_type":"article","og_title":"Vander reafirma a sindicatos compromisso contra maldades da Reforma Administrativa","og_description":"O deputado ouviu reivindica\u00e7\u00f5es e se prontificou a levar a pauta aos demais membros da bancada federal de Mato Grosso do Sul.","og_url":"https:\/\/vanderloubet.com.br\/deputado\/vander-reafirma-a-sindicatos-compromisso-contra-maldades-da-reforma-administrativa\/","og_site_name":"Deputado Federal Vander Loubet","article_publisher":"https:\/\/facebook.com\/deputadovander","article_published_time":"2020-10-20T12:00:07+00:00","article_modified_time":"2020-10-20T22:12:59+00:00","og_image":[{"width":1080,"height":720,"url":"https:\/\/vanderloubet.com.br\/deputado\/wp-content\/uploads\/2020\/10\/foto-2020-10-19-reuniao-sindicatos-reforma-administrativa-2.jpg","type":"image\/jpeg"}],"author":"\u00c9der","twitter_card":"summary_large_image","twitter_creator":"@vanderloubet","twitter_site":"@vanderloubet","schema":{"@context":"https:\/\/schema.org","@graph":[{"@type":"Article","@id":"https:\/\/vanderloubet.com.br\/deputado\/vander-reafirma-a-sindicatos-compromisso-contra-maldades-da-reforma-administrativa\/#article","isPartOf":{"@id":"https:\/\/vanderloubet.com.br\/deputado\/vander-reafirma-a-sindicatos-compromisso-contra-maldades-da-reforma-administrativa\/"},"author":{"name":"\u00c9der","@id":"https:\/\/vanderloubet.com.br\/deputado\/#\/schema\/person\/15b51bd564532a8a68d9dec1b8eb890e"},"headline":"Vander reafirma a sindicatos compromisso contra maldades da Reforma Administrativa","datePublished":"2020-10-20T12:00:07+00:00","dateModified":"2020-10-20T22:12:59+00:00","mainEntityOfPage":{"@id":"https:\/\/vanderloubet.com.br\/deputado\/vander-reafirma-a-sindicatos-compromisso-contra-maldades-da-reforma-administrativa\/"},"wordCount":385,"publisher":{"@id":"https:\/\/vanderloubet.com.br\/deputado\/#organization"},"image":{"@id":"https:\/\/vanderloubet.com.br\/deputado\/vander-reafirma-a-sindicatos-compromisso-contra-maldades-da-reforma-administrativa\/#primaryimage"},"thumbnailUrl":"https:\/\/vanderloubet.com.br\/deputado\/wp-content\/uploads\/2020\/10\/foto-2020-10-19-reuniao-sindicatos-reforma-administrativa-2.jpg","keywords":["proposta de emenda \u00e0 constitui\u00e7\u00e3o","reforma administrativa"],"articleSection":["Brasil","Not\u00edcias"],"inLanguage":"pt-BR"},{"@type":"WebPage","@id":"https:\/\/vanderloubet.com.br\/deputado\/vander-reafirma-a-sindicatos-compromisso-contra-maldades-da-reforma-administrativa\/","url":"https:\/\/vanderloubet.com.br\/deputado\/vander-reafirma-a-sindicatos-compromisso-contra-maldades-da-reforma-administrativa\/","name":"Vander reafirma a sindicatos compromisso contra maldades da Reforma Administrativa","isPartOf":{"@id":"https:\/\/vanderloubet.com.br\/deputado\/#website"},"primaryImageOfPage":{"@id":"https:\/\/vanderloubet.com.br\/deputado\/vander-reafirma-a-sindicatos-compromisso-contra-maldades-da-reforma-administrativa\/#primaryimage"},"image":{"@id":"https:\/\/vanderloubet.com.br\/deputado\/vander-reafirma-a-sindicatos-compromisso-contra-maldades-da-reforma-administrativa\/#primaryimage"},"thumbnailUrl":"https:\/\/vanderloubet.com.br\/deputado\/wp-content\/uploads\/2020\/10\/foto-2020-10-19-reuniao-sindicatos-reforma-administrativa-2.jpg","datePublished":"2020-10-20T12:00:07+00:00","dateModified":"2020-10-20T22:12:59+00:00","description":"O deputado ouviu reivindica\u00e7\u00f5es e se prontificou a levar a pauta aos demais membros da bancada federal de Mato Grosso do Sul.","breadcrumb":{"@id":"https:\/\/vanderloubet.com.br\/deputado\/vander-reafirma-a-sindicatos-compromisso-contra-maldades-da-reforma-administrativa\/#breadcrumb"},"inLanguage":"pt-BR","potentialAction":[{"@type":"ReadAction","target":["https:\/\/vanderloubet.com.br\/deputado\/vander-reafirma-a-sindicatos-compromisso-contra-maldades-da-reforma-administrativa\/"]}]},{"@type":"ImageObject","inLanguage":"pt-BR","@id":"https:\/\/vanderloubet.com.br\/deputado\/vander-reafirma-a-sindicatos-compromisso-contra-maldades-da-reforma-administrativa\/#primaryimage","url":"https:\/\/vanderloubet.com.br\/deputado\/wp-content\/uploads\/2020\/10\/foto-2020-10-19-reuniao-sindicatos-reforma-administrativa-2.jpg","contentUrl":"https:\/\/vanderloubet.com.br\/deputado\/wp-content\/uploads\/2020\/10\/foto-2020-10-19-reuniao-sindicatos-reforma-administrativa-2.jpg","width":1080,"height":720,"caption":"Vander ouviu reivindica\u00e7\u00f5es e se prontificou a levar a pauta aos demais membros da bancada federal de MS"},{"@type":"BreadcrumbList","@id":"https:\/\/vanderloubet.com.br\/deputado\/vander-reafirma-a-sindicatos-compromisso-contra-maldades-da-reforma-administrativa\/#breadcrumb","itemListElement":[{"@type":"ListItem","position":1,"name":"In\u00edcio","item":"https:\/\/vanderloubet.com.br\/deputado\/"},{"@type":"ListItem","position":2,"name":"Vander reafirma a sindicatos compromisso contra maldades da Reforma Administrativa"}]},{"@type":"WebSite","@id":"https:\/\/vanderloubet.com.br\/deputado\/#website","url":"https:\/\/vanderloubet.com.br\/deputado\/","name":"Deputado Federal Vander Loubet","description":"O Federal de MS","publisher":{"@id":"https:\/\/vanderloubet.com.br\/deputado\/#organization"},"alternateName":"Deputado Vander","potentialAction":[{"@type":"SearchAction","target":{"@type":"EntryPoint","urlTemplate":"https:\/\/vanderloubet.com.br\/deputado\/?s={search_term_string}"},"query-input":{"@type":"PropertyValueSpecification","valueRequired":true,"valueName":"search_term_string"}}],"inLanguage":"pt-BR"},{"@type":"Organization","@id":"https:\/\/vanderloubet.com.br\/deputado\/#organization","name":"Deputado Federal Vander Loubet","alternateName":"Deputado Vander","url":"https:\/\/vanderloubet.com.br\/deputado\/","logo":{"@type":"ImageObject","inLanguage":"pt-BR","@id":"https:\/\/vanderloubet.com.br\/deputado\/#\/schema\/logo\/image\/","url":"https:\/\/vanderloubet.com.br\/deputado\/wp-content\/uploads\/2023\/06\/foto-2023-06-19-mandato-deputado-vander.jpg","contentUrl":"https:\/\/vanderloubet.com.br\/deputado\/wp-content\/uploads\/2023\/06\/foto-2023-06-19-mandato-deputado-vander.jpg","width":1080,"height":1080,"caption":"Deputado Federal Vander Loubet"},"image":{"@id":"https:\/\/vanderloubet.com.br\/deputado\/#\/schema\/logo\/image\/"},"sameAs":["https:\/\/facebook.com\/deputadovander","https:\/\/x.com\/vanderloubet","https:\/\/instagram.com\/vanderloubet","https:\/\/youtube.com\/vanderloubet","https:\/\/tiktok.com\/@vanderloubetms"]},{"@type":"Person","@id":"https:\/\/vanderloubet.com.br\/deputado\/#\/schema\/person\/15b51bd564532a8a68d9dec1b8eb890e","name":"\u00c9der","image":{"@type":"ImageObject","inLanguage":"pt-BR","@id":"https:\/\/vanderloubet.com.br\/deputado\/wp-content\/litespeed\/avatar\/88ca4090d9d5ab1c9495f6ca03b68efa.jpg?ver=1777058957","url":"https:\/\/vanderloubet.com.br\/deputado\/wp-content\/litespeed\/avatar\/88ca4090d9d5ab1c9495f6ca03b68efa.jpg?ver=1777058957","contentUrl":"https:\/\/vanderloubet.com.br\/deputado\/wp-content\/litespeed\/avatar\/88ca4090d9d5ab1c9495f6ca03b68efa.jpg?ver=1777058957","caption":"\u00c9der"}}]}},"jetpack_featured_media_url":"https:\/\/vanderloubet.com.br\/deputado\/wp-content\/uploads\/2020\/10\/foto-2020-10-19-reuniao-sindicatos-reforma-administrativa-2.jpg","jetpack_sharing_enabled":true,"_links":{"self":[{"href":"https:\/\/vanderloubet.com.br\/deputado\/wp-json\/wp\/v2\/posts\/16848","targetHints":{"allow":["GET"]}}],"collection":[{"href":"https:\/\/vanderloubet.com.br\/deputado\/wp-json\/wp\/v2\/posts"}],"about":[{"href":"https:\/\/vanderloubet.com.br\/deputado\/wp-json\/wp\/v2\/types\/post"}],"author":[{"embeddable":true,"href":"https:\/\/vanderloubet.com.br\/deputado\/wp-json\/wp\/v2\/users\/2"}],"replies":[{"embeddable":true,"href":"https:\/\/vanderloubet.com.br\/deputado\/wp-json\/wp\/v2\/comments?post=16848"}],"version-history":[{"count":0,"href":"https:\/\/vanderloubet.com.br\/deputado\/wp-json\/wp\/v2\/posts\/16848\/revisions"}],"wp:featuredmedia":[{"embeddable":true,"href":"https:\/\/vanderloubet.com.br\/deputado\/wp-json\/wp\/v2\/media\/16849"}],"wp:attachment":[{"href":"https:\/\/vanderloubet.com.br\/deputado\/wp-json\/wp\/v2\/media?parent=16848"}],"wp:term":[{"taxonomy":"category","embeddable":true,"href":"https:\/\/vanderloubet.com.br\/deputado\/wp-json\/wp\/v2\/categories?post=16848"},{"taxonomy":"post_tag","embeddable":true,"href":"https:\/\/vanderloubet.com.br\/deputado\/wp-json\/wp\/v2\/tags?post=16848"}],"curies":[{"name":"wp","href":"https:\/\/api.w.org\/{rel}","templated":true}]}}