{"id":16840,"date":"2020-10-16T18:00:19","date_gmt":"2020-10-16T22:00:19","guid":{"rendered":"http:\/\/vanderloubet.com.br\/deputado\/?p=16840"},"modified":"2020-10-17T11:29:13","modified_gmt":"2020-10-17T15:29:13","slug":"aumento-de-queimadas-no-pantanal-pode-gerar-impactos-na-saude","status":"publish","type":"post","link":"https:\/\/vanderloubet.com.br\/deputado\/aumento-de-queimadas-no-pantanal-pode-gerar-impactos-na-saude\/","title":{"rendered":"Aumento de queimadas no Pantanal pode gerar impactos na sa\u00fade"},"content":{"rendered":"<p>Na \u00e1gua, na terra ou pelo ar. V\u00eddeos e fotos que circulam pela internet mostram uma tempestade de cinza e areia no Pantanal, imagens impressionantes que resultam das queimadas recorrentes dos \u00faltimos meses na regi\u00e3o e que deixam claro que o problema na natureza \u00e9 t\u00e3o ou mais s\u00e9rio do que parece. O fen\u00f4meno \u00e9 considerado algo raro, que acontece em erup\u00e7\u00f5es vulc\u00e2nicas e grandes inc\u00eandios florestais e que pode gerar problemas tanto na sa\u00fade das pessoas como na manuten\u00e7\u00e3o das riquezas naturais.<\/p>\n<p>Consciente da possibilidade de problemas desse tipo no Pantanal, a Comiss\u00e3o Externa da C\u00e2mara dos Deputados que acompanha as queimadas em biomas brasileiros (Cexquei) vem trabalhando com in\u00fameras pautas de interesse da popula\u00e7\u00e3o. E nesta semana promoveu uma reuni\u00e3o na quarta-feira (14) sobre os impactos das queimadas na sa\u00fade humana.<\/p>\n<p>O colegiado \u00e9 coordenado pela deputada federal Professora Rosa Neide (PT-MT) e conta tamb\u00e9m com o <strong>deputado federal Vander Loubet (PT-MS)<\/strong>, \u00fanico representante de Mato Grosso do Sul, estado onde se concentra grande parte das queimadas que assolam o Pantanal.<\/p>\n<p>&#8220;O Parlamento tem feito a sua parte e cobrado do governo federal medidas que possam solucionar definitivamente a trag\u00e9dia que estamos assistindo no Pantanal. N\u00e3o podemos passar por uma situa\u00e7\u00e3o como essa sem tirar a\u00e7\u00f5es concretas que possam evitar esses epis\u00f3dios no futuro&#8221;, defende Vander.<\/p>\n<p>Apesar do aumento do volume das chuvas nos \u00faltimos dias, para preservar e recompor a fauna e a flora do bioma pantaneiro especialistas e parlamentares apontam que ser\u00e1 preciso bem mais do que uma for\u00e7a vinda dos c\u00e9us, no caso a chuva. A ajuda a curto, m\u00e9dio e longo prazo tamb\u00e9m deve partir dos homens (autoridades e sociedade civil) na terra.<\/p>\n<p><strong>Piso emergencial<\/strong> &#8211; Dentre os v\u00e1rios pontos levados \u00e0 reuni\u00e3o, intitulada de &#8220;Debate sobre a sa\u00fade das popula\u00e7\u00f5es afetadas por queimadas&#8221;, merece destaque o fortalecimento do SUS &#8211; Sistema \u00danico de Sa\u00fade, frente a duas lutas importantes. A primeira, a que prop\u00f5e manter em 2021 o piso emergencial para a sa\u00fade, que em 2020 \u00e9 de R$ 35 bilh\u00f5es. A segunda, a que pede a queda da Emenda Constitucional n\u00ba 95, que definiu em 2016 um teto de gastos em setores como a sa\u00fade at\u00e9 o ano de 2036, ou seja, um congelamento de investimentos de 20 anos.<\/p>\n<p>&#8220;Quero refor\u00e7ar que estamos muito preocupados com a proposta or\u00e7ament\u00e1ria do ano que vem, que retira R$ 35 bilh\u00f5es. N\u00f3s estamos defendendo essa proposta feita pelo Conselho Nacional de Sa\u00fade [CNS] de piso emergencial para a sa\u00fade. Queria chamar a aten\u00e7\u00e3o da sociedade para o fato de que \u00e9 importante nos mobilizarmos para isso. H\u00e1 uma peti\u00e7\u00e3o eletr\u00f4nica feita pelo Conselho Nacional de Sa\u00fade. J\u00e1 estamos chegando a 200 mil assinaturas&#8230; Queremos ultrapassar isso&#8221;, destacou o deputado federal Alexandre Padilha (PT-SP), ex-ministro da Sa\u00fade do governo Dilma Rousseff.<\/p>\n<p>&#8220;Diante de todas as quest\u00f5es que o Padilha levantou e de tantas consequ\u00eancias que, ainda, teremos da pr\u00f3pria pandemia e outras do SUS, que vem sendo desfinanciado nos \u00faltimos anos, \u00e9 que essa peti\u00e7\u00e3o p\u00fablica exige, tamb\u00e9m, a revoga\u00e7\u00e3o da Emenda Constitucional n\u00ba 95, a &#8216;Emenda da Morte&#8217;. Tem realmente sido comprovado que essa emenda do teto de gastos est\u00e1 gerando mortes em nosso Pa\u00eds&#8221;, evidenciou o presidente do CNS, Fernando Pigatto.<\/p>\n<p>Agora, com a Covid-19 e os impactos gerados na sa\u00fade, educa\u00e7\u00e3o e economia no Brasil, medidas tomadas no passado podem gerar resultados insatisfat\u00f3rios no presente. Principalmente, ao considerar os estragos das queimadas no Pantanal e na Amaz\u00f4nia.<\/p>\n<p><strong>Diagn\u00f3stico social<\/strong> &#8211; Cidades de Mato Grosso que ficam no entorno e dentro do bioma Pantanal t\u00eam apresentado muitos \u00edndices de doen\u00e7as geradas pelas queimadas. &#8220;Na cidade de Rondon\u00f3polis, na \u00faltima semana, foram fechados os dados dos \u00faltimos dois meses. Foram registrados 39 \u00f3bitos de pessoas idosas causadas pelo excesso de fuma\u00e7a e tamb\u00e9m pela desidrata\u00e7\u00e3o, por causa das altas temperaturas&#8221;, afirmou a presidente da Comiss\u00e3o, deputada Rosa Neide, que complementou: &#8220;Temos in\u00fameras situa\u00e7\u00f5es em que pessoas concorreram por leitos de hospitais com pacientes da Covid, por causa dos aspectos da tosse seca, das irrita\u00e7\u00f5es e dos espirros. As pessoas procuraram os hospitais devido \u00e0 preocupa\u00e7\u00e3o com a Covid, mas, na realidade, estavam com esses sintomas porque inalaram muita fuma\u00e7a.&#8221;<\/p>\n<p>Em posse dessas informa\u00e7\u00f5es, a Comiss\u00e3o busca propor medidas que possam ser levadas ao Poder Legislativo (senadores e deputados), bem como \u00e0 pr\u00f3pria Uni\u00e3o para que a\u00e7\u00f5es a curto, m\u00e9dio e longo prazos possam ser planejadas. <\/p>\n<p>Nesse contexto, h\u00e1 a necessidade de se fazer um acompanhamento do p\u00f3s-queimada a partir de levantamentos de dados epidemiol\u00f3gicos, como frisou a chefe de Biodiversidade da Funda\u00e7\u00e3o Osvaldo Cruz (Fiocruz), Dr\u00aa. M\u00e1rcia Chame. &#8220;S\u00f3 seremos capazes de produzir modelos de preven\u00e7\u00e3o e de previs\u00e3o se tivermos dados de qualidade. Em rela\u00e7\u00e3o ao Pantanal, em Mato Grosso e Mato Grosso do Sul, estamos mobilizando diversas pessoas. J\u00e1 fizemos uma proposta inicial de come\u00e7ar os trabalhos em tr\u00eas frentes. Uma delas \u00e9 a avalia\u00e7\u00e3o do impacto imediato de curto e de longo prazo com as popula\u00e7\u00f5es humanas de todas as origens. Os brigadistas tamb\u00e9m v\u00e3o ser uma demanda interessante, porque vieram brigadistas de todos os lugares do Brasil para combater o inc\u00eandio. Ent\u00e3o, \u00e9 importante tamb\u00e9m retratar essas realidades.&#8221;<\/p>\n<p>M\u00e1rcia pontuou, ainda, a quest\u00e3o da emerg\u00eancia de zoonoses \u2013 termo cientifico que define doen\u00e7as que s\u00e3o transmitidas de animais para pessoas, que podem trazer, inclusive, preju\u00edzos econ\u00f4micos. &#8220;Temos que ampliar, na verdade, essa estrutura, utilizando o SUS como base, envolvendo os \u00f3rg\u00e3os ambientais e tamb\u00e9m os \u00f3rg\u00e3os de desenvolvimento da agropecu\u00e1ria, porque as zoonoses passam dos animais silvestres e dom\u00e9sticos, de cria\u00e7\u00e3o, para as pessoas. O v\u00edrus, se tiver um hospedeiro, vai se colocar de uma maneira bastante interessante. Acredito que n\u00f3s precisamos avan\u00e7ar nisso.&#8221;<\/p>\n<p>Os riscos do uso de retardante no controle do fogo tamb\u00e9m foi pontuado, com a sugest\u00e3o de se elaborar uma mo\u00e7\u00e3o para ser entregue ao Instituto Brasileiro do Meio Ambiente e dos Recursos Naturais Renov\u00e1veis (Ibama), Minist\u00e9rio do Meio Ambiente e gabinete de crise que o governo federal constituiu para o problema das queimadas. &#8220;As pessoas t\u00eam que ser responsabilizadas pela utiliza\u00e7\u00e3o de um produto como esse, sem tomar os cuidados devidos. H\u00e1 cidades inteiras sem poder utilizar \u00e1gua na regi\u00e3o da Chapada [dos Veadeiros]. O consumo da \u00e1gua e da pesca foi paralisado por 40 dias por conta da utiliza\u00e7\u00e3o desse retardante de fogo&#8221;, concluiu o deputado e ex-ministro Alexandre Padilha.<\/p>\n","protected":false},"excerpt":{"rendered":"<p>Comiss\u00e3o da C\u00e2mara que acompanha as queimadas tratou da quest\u00e3o da sa\u00fade, que ter\u00e1 consequ\u00eancias no per\u00edodo p\u00f3s-estiagem.<\/p>\n","protected":false},"author":2,"featured_media":16841,"comment_status":"closed","ping_status":"closed","sticky":false,"template":"","format":"standard","meta":{"jetpack_post_was_ever_published":false,"_jetpack_newsletter_access":"","_jetpack_dont_email_post_to_subs":false,"_jetpack_newsletter_tier_id":0,"_jetpack_memberships_contains_paywalled_content":false,"_jetpack_memberships_contains_paid_content":false,"footnotes":""},"categories":[2098,10],"tags":[2143,485,1267],"class_list":{"0":"post-16840","1":"post","2":"type-post","3":"status-publish","4":"format-standard","5":"has-post-thumbnail","7":"category-brasil-noticias","8":"category-noticias","9":"tag-camara-dos-deputados","10":"tag-comissao","11":"tag-meio-ambiente"},"yoast_head":"<!-- This site is optimized with the Yoast SEO plugin v27.4 - https:\/\/yoast.com\/product\/yoast-seo-wordpress\/ -->\n<title>Aumento de queimadas no Pantanal pode gerar impactos na sa\u00fade<\/title>\n<meta name=\"description\" content=\"Comiss\u00e3o da C\u00e2mara que acompanha as queimadas tratou da quest\u00e3o da sa\u00fade, que ter\u00e1 consequ\u00eancias no per\u00edodo p\u00f3s-estiagem.\" \/>\n<meta name=\"robots\" content=\"index, follow, max-snippet:-1, max-image-preview:large, max-video-preview:-1\" \/>\n<link rel=\"canonical\" href=\"https:\/\/vanderloubet.com.br\/deputado\/aumento-de-queimadas-no-pantanal-pode-gerar-impactos-na-saude\/\" \/>\n<meta property=\"og:locale\" content=\"pt_BR\" \/>\n<meta property=\"og:type\" content=\"article\" \/>\n<meta property=\"og:title\" content=\"Aumento de queimadas no Pantanal pode gerar impactos na sa\u00fade\" \/>\n<meta property=\"og:description\" content=\"Comiss\u00e3o da C\u00e2mara que acompanha as queimadas tratou da quest\u00e3o da sa\u00fade, que ter\u00e1 consequ\u00eancias no per\u00edodo p\u00f3s-estiagem.\" \/>\n<meta property=\"og:url\" content=\"https:\/\/vanderloubet.com.br\/deputado\/aumento-de-queimadas-no-pantanal-pode-gerar-impactos-na-saude\/\" \/>\n<meta property=\"og:site_name\" content=\"Deputado Federal Vander Loubet\" \/>\n<meta property=\"article:publisher\" content=\"https:\/\/facebook.com\/deputadovander\" \/>\n<meta property=\"article:published_time\" content=\"2020-10-16T22:00:19+00:00\" \/>\n<meta property=\"article:modified_time\" content=\"2020-10-17T15:29:13+00:00\" \/>\n<meta property=\"og:image\" content=\"https:\/\/vanderloubet.com.br\/deputado\/wp-content\/uploads\/2020\/10\/foto-2020-10-17-queimadas-saude-reuters-ueslei-marcelino.jpg\" \/>\n\t<meta property=\"og:image:width\" content=\"900\" \/>\n\t<meta property=\"og:image:height\" content=\"506\" \/>\n\t<meta property=\"og:image:type\" content=\"image\/jpeg\" \/>\n<meta name=\"author\" content=\"\u00c9der\" \/>\n<meta name=\"twitter:card\" content=\"summary_large_image\" \/>\n<meta name=\"twitter:creator\" content=\"@vanderloubet\" \/>\n<meta name=\"twitter:site\" content=\"@vanderloubet\" \/>\n<script type=\"application\/ld+json\" class=\"yoast-schema-graph\">{\"@context\":\"https:\\\/\\\/schema.org\",\"@graph\":[{\"@type\":\"Article\",\"@id\":\"https:\\\/\\\/vanderloubet.com.br\\\/deputado\\\/aumento-de-queimadas-no-pantanal-pode-gerar-impactos-na-saude\\\/#article\",\"isPartOf\":{\"@id\":\"https:\\\/\\\/vanderloubet.com.br\\\/deputado\\\/aumento-de-queimadas-no-pantanal-pode-gerar-impactos-na-saude\\\/\"},\"author\":{\"name\":\"\u00c9der\",\"@id\":\"https:\\\/\\\/vanderloubet.com.br\\\/deputado\\\/#\\\/schema\\\/person\\\/15b51bd564532a8a68d9dec1b8eb890e\"},\"headline\":\"Aumento de queimadas no Pantanal pode gerar impactos na sa\u00fade\",\"datePublished\":\"2020-10-16T22:00:19+00:00\",\"dateModified\":\"2020-10-17T15:29:13+00:00\",\"mainEntityOfPage\":{\"@id\":\"https:\\\/\\\/vanderloubet.com.br\\\/deputado\\\/aumento-de-queimadas-no-pantanal-pode-gerar-impactos-na-saude\\\/\"},\"wordCount\":1160,\"publisher\":{\"@id\":\"https:\\\/\\\/vanderloubet.com.br\\\/deputado\\\/#organization\"},\"image\":{\"@id\":\"https:\\\/\\\/vanderloubet.com.br\\\/deputado\\\/aumento-de-queimadas-no-pantanal-pode-gerar-impactos-na-saude\\\/#primaryimage\"},\"thumbnailUrl\":\"https:\\\/\\\/vanderloubet.com.br\\\/deputado\\\/wp-content\\\/uploads\\\/2020\\\/10\\\/foto-2020-10-17-queimadas-saude-reuters-ueslei-marcelino.jpg\",\"keywords\":[\"c\u00e2mara dos deputados\",\"comiss\u00e3o\",\"meio ambiente\"],\"articleSection\":[\"Brasil\",\"Not\u00edcias\"],\"inLanguage\":\"pt-BR\"},{\"@type\":\"WebPage\",\"@id\":\"https:\\\/\\\/vanderloubet.com.br\\\/deputado\\\/aumento-de-queimadas-no-pantanal-pode-gerar-impactos-na-saude\\\/\",\"url\":\"https:\\\/\\\/vanderloubet.com.br\\\/deputado\\\/aumento-de-queimadas-no-pantanal-pode-gerar-impactos-na-saude\\\/\",\"name\":\"Aumento de queimadas no Pantanal pode gerar impactos na sa\u00fade\",\"isPartOf\":{\"@id\":\"https:\\\/\\\/vanderloubet.com.br\\\/deputado\\\/#website\"},\"primaryImageOfPage\":{\"@id\":\"https:\\\/\\\/vanderloubet.com.br\\\/deputado\\\/aumento-de-queimadas-no-pantanal-pode-gerar-impactos-na-saude\\\/#primaryimage\"},\"image\":{\"@id\":\"https:\\\/\\\/vanderloubet.com.br\\\/deputado\\\/aumento-de-queimadas-no-pantanal-pode-gerar-impactos-na-saude\\\/#primaryimage\"},\"thumbnailUrl\":\"https:\\\/\\\/vanderloubet.com.br\\\/deputado\\\/wp-content\\\/uploads\\\/2020\\\/10\\\/foto-2020-10-17-queimadas-saude-reuters-ueslei-marcelino.jpg\",\"datePublished\":\"2020-10-16T22:00:19+00:00\",\"dateModified\":\"2020-10-17T15:29:13+00:00\",\"description\":\"Comiss\u00e3o da C\u00e2mara que acompanha as queimadas tratou da quest\u00e3o da sa\u00fade, que ter\u00e1 consequ\u00eancias no per\u00edodo p\u00f3s-estiagem.\",\"breadcrumb\":{\"@id\":\"https:\\\/\\\/vanderloubet.com.br\\\/deputado\\\/aumento-de-queimadas-no-pantanal-pode-gerar-impactos-na-saude\\\/#breadcrumb\"},\"inLanguage\":\"pt-BR\",\"potentialAction\":[{\"@type\":\"ReadAction\",\"target\":[\"https:\\\/\\\/vanderloubet.com.br\\\/deputado\\\/aumento-de-queimadas-no-pantanal-pode-gerar-impactos-na-saude\\\/\"]}]},{\"@type\":\"ImageObject\",\"inLanguage\":\"pt-BR\",\"@id\":\"https:\\\/\\\/vanderloubet.com.br\\\/deputado\\\/aumento-de-queimadas-no-pantanal-pode-gerar-impactos-na-saude\\\/#primaryimage\",\"url\":\"https:\\\/\\\/vanderloubet.com.br\\\/deputado\\\/wp-content\\\/uploads\\\/2020\\\/10\\\/foto-2020-10-17-queimadas-saude-reuters-ueslei-marcelino.jpg\",\"contentUrl\":\"https:\\\/\\\/vanderloubet.com.br\\\/deputado\\\/wp-content\\\/uploads\\\/2020\\\/10\\\/foto-2020-10-17-queimadas-saude-reuters-ueslei-marcelino.jpg\",\"width\":900,\"height\":506,\"caption\":\"Irm\u00e3os tentam se proteger da fuma\u00e7a nas proximidades de casa, na regi\u00e3o amaz\u00f4nica (Reuters\\\/Ueslei Marcelino)\"},{\"@type\":\"BreadcrumbList\",\"@id\":\"https:\\\/\\\/vanderloubet.com.br\\\/deputado\\\/aumento-de-queimadas-no-pantanal-pode-gerar-impactos-na-saude\\\/#breadcrumb\",\"itemListElement\":[{\"@type\":\"ListItem\",\"position\":1,\"name\":\"In\u00edcio\",\"item\":\"https:\\\/\\\/vanderloubet.com.br\\\/deputado\\\/\"},{\"@type\":\"ListItem\",\"position\":2,\"name\":\"Aumento de queimadas no Pantanal pode gerar impactos na sa\u00fade\"}]},{\"@type\":\"WebSite\",\"@id\":\"https:\\\/\\\/vanderloubet.com.br\\\/deputado\\\/#website\",\"url\":\"https:\\\/\\\/vanderloubet.com.br\\\/deputado\\\/\",\"name\":\"Deputado Federal Vander Loubet\",\"description\":\"O Federal de MS\",\"publisher\":{\"@id\":\"https:\\\/\\\/vanderloubet.com.br\\\/deputado\\\/#organization\"},\"alternateName\":\"Deputado Vander\",\"potentialAction\":[{\"@type\":\"SearchAction\",\"target\":{\"@type\":\"EntryPoint\",\"urlTemplate\":\"https:\\\/\\\/vanderloubet.com.br\\\/deputado\\\/?s={search_term_string}\"},\"query-input\":{\"@type\":\"PropertyValueSpecification\",\"valueRequired\":true,\"valueName\":\"search_term_string\"}}],\"inLanguage\":\"pt-BR\"},{\"@type\":\"Organization\",\"@id\":\"https:\\\/\\\/vanderloubet.com.br\\\/deputado\\\/#organization\",\"name\":\"Deputado Federal Vander Loubet\",\"alternateName\":\"Deputado Vander\",\"url\":\"https:\\\/\\\/vanderloubet.com.br\\\/deputado\\\/\",\"logo\":{\"@type\":\"ImageObject\",\"inLanguage\":\"pt-BR\",\"@id\":\"https:\\\/\\\/vanderloubet.com.br\\\/deputado\\\/#\\\/schema\\\/logo\\\/image\\\/\",\"url\":\"https:\\\/\\\/vanderloubet.com.br\\\/deputado\\\/wp-content\\\/uploads\\\/2023\\\/06\\\/foto-2023-06-19-mandato-deputado-vander.jpg\",\"contentUrl\":\"https:\\\/\\\/vanderloubet.com.br\\\/deputado\\\/wp-content\\\/uploads\\\/2023\\\/06\\\/foto-2023-06-19-mandato-deputado-vander.jpg\",\"width\":1080,\"height\":1080,\"caption\":\"Deputado Federal Vander Loubet\"},\"image\":{\"@id\":\"https:\\\/\\\/vanderloubet.com.br\\\/deputado\\\/#\\\/schema\\\/logo\\\/image\\\/\"},\"sameAs\":[\"https:\\\/\\\/facebook.com\\\/deputadovander\",\"https:\\\/\\\/x.com\\\/vanderloubet\",\"https:\\\/\\\/instagram.com\\\/vanderloubet\",\"https:\\\/\\\/youtube.com\\\/vanderloubet\",\"https:\\\/\\\/tiktok.com\\\/@vanderloubetms\"]},{\"@type\":\"Person\",\"@id\":\"https:\\\/\\\/vanderloubet.com.br\\\/deputado\\\/#\\\/schema\\\/person\\\/15b51bd564532a8a68d9dec1b8eb890e\",\"name\":\"\u00c9der\",\"image\":{\"@type\":\"ImageObject\",\"inLanguage\":\"pt-BR\",\"@id\":\"https:\\\/\\\/vanderloubet.com.br\\\/deputado\\\/wp-content\\\/litespeed\\\/avatar\\\/88ca4090d9d5ab1c9495f6ca03b68efa.jpg?ver=1777058957\",\"url\":\"https:\\\/\\\/vanderloubet.com.br\\\/deputado\\\/wp-content\\\/litespeed\\\/avatar\\\/88ca4090d9d5ab1c9495f6ca03b68efa.jpg?ver=1777058957\",\"contentUrl\":\"https:\\\/\\\/vanderloubet.com.br\\\/deputado\\\/wp-content\\\/litespeed\\\/avatar\\\/88ca4090d9d5ab1c9495f6ca03b68efa.jpg?ver=1777058957\",\"caption\":\"\u00c9der\"}}]}<\/script>\n<!-- \/ Yoast SEO plugin. -->","yoast_head_json":{"title":"Aumento de queimadas no Pantanal pode gerar impactos na sa\u00fade","description":"Comiss\u00e3o da C\u00e2mara que acompanha as queimadas tratou da quest\u00e3o da sa\u00fade, que ter\u00e1 consequ\u00eancias no per\u00edodo p\u00f3s-estiagem.","robots":{"index":"index","follow":"follow","max-snippet":"max-snippet:-1","max-image-preview":"max-image-preview:large","max-video-preview":"max-video-preview:-1"},"canonical":"https:\/\/vanderloubet.com.br\/deputado\/aumento-de-queimadas-no-pantanal-pode-gerar-impactos-na-saude\/","og_locale":"pt_BR","og_type":"article","og_title":"Aumento de queimadas no Pantanal pode gerar impactos na sa\u00fade","og_description":"Comiss\u00e3o da C\u00e2mara que acompanha as queimadas tratou da quest\u00e3o da sa\u00fade, que ter\u00e1 consequ\u00eancias no per\u00edodo p\u00f3s-estiagem.","og_url":"https:\/\/vanderloubet.com.br\/deputado\/aumento-de-queimadas-no-pantanal-pode-gerar-impactos-na-saude\/","og_site_name":"Deputado Federal Vander Loubet","article_publisher":"https:\/\/facebook.com\/deputadovander","article_published_time":"2020-10-16T22:00:19+00:00","article_modified_time":"2020-10-17T15:29:13+00:00","og_image":[{"width":900,"height":506,"url":"https:\/\/vanderloubet.com.br\/deputado\/wp-content\/uploads\/2020\/10\/foto-2020-10-17-queimadas-saude-reuters-ueslei-marcelino.jpg","type":"image\/jpeg"}],"author":"\u00c9der","twitter_card":"summary_large_image","twitter_creator":"@vanderloubet","twitter_site":"@vanderloubet","schema":{"@context":"https:\/\/schema.org","@graph":[{"@type":"Article","@id":"https:\/\/vanderloubet.com.br\/deputado\/aumento-de-queimadas-no-pantanal-pode-gerar-impactos-na-saude\/#article","isPartOf":{"@id":"https:\/\/vanderloubet.com.br\/deputado\/aumento-de-queimadas-no-pantanal-pode-gerar-impactos-na-saude\/"},"author":{"name":"\u00c9der","@id":"https:\/\/vanderloubet.com.br\/deputado\/#\/schema\/person\/15b51bd564532a8a68d9dec1b8eb890e"},"headline":"Aumento de queimadas no Pantanal pode gerar impactos na sa\u00fade","datePublished":"2020-10-16T22:00:19+00:00","dateModified":"2020-10-17T15:29:13+00:00","mainEntityOfPage":{"@id":"https:\/\/vanderloubet.com.br\/deputado\/aumento-de-queimadas-no-pantanal-pode-gerar-impactos-na-saude\/"},"wordCount":1160,"publisher":{"@id":"https:\/\/vanderloubet.com.br\/deputado\/#organization"},"image":{"@id":"https:\/\/vanderloubet.com.br\/deputado\/aumento-de-queimadas-no-pantanal-pode-gerar-impactos-na-saude\/#primaryimage"},"thumbnailUrl":"https:\/\/vanderloubet.com.br\/deputado\/wp-content\/uploads\/2020\/10\/foto-2020-10-17-queimadas-saude-reuters-ueslei-marcelino.jpg","keywords":["c\u00e2mara dos deputados","comiss\u00e3o","meio ambiente"],"articleSection":["Brasil","Not\u00edcias"],"inLanguage":"pt-BR"},{"@type":"WebPage","@id":"https:\/\/vanderloubet.com.br\/deputado\/aumento-de-queimadas-no-pantanal-pode-gerar-impactos-na-saude\/","url":"https:\/\/vanderloubet.com.br\/deputado\/aumento-de-queimadas-no-pantanal-pode-gerar-impactos-na-saude\/","name":"Aumento de queimadas no Pantanal pode gerar impactos na sa\u00fade","isPartOf":{"@id":"https:\/\/vanderloubet.com.br\/deputado\/#website"},"primaryImageOfPage":{"@id":"https:\/\/vanderloubet.com.br\/deputado\/aumento-de-queimadas-no-pantanal-pode-gerar-impactos-na-saude\/#primaryimage"},"image":{"@id":"https:\/\/vanderloubet.com.br\/deputado\/aumento-de-queimadas-no-pantanal-pode-gerar-impactos-na-saude\/#primaryimage"},"thumbnailUrl":"https:\/\/vanderloubet.com.br\/deputado\/wp-content\/uploads\/2020\/10\/foto-2020-10-17-queimadas-saude-reuters-ueslei-marcelino.jpg","datePublished":"2020-10-16T22:00:19+00:00","dateModified":"2020-10-17T15:29:13+00:00","description":"Comiss\u00e3o da C\u00e2mara que acompanha as queimadas tratou da quest\u00e3o da sa\u00fade, que ter\u00e1 consequ\u00eancias no per\u00edodo p\u00f3s-estiagem.","breadcrumb":{"@id":"https:\/\/vanderloubet.com.br\/deputado\/aumento-de-queimadas-no-pantanal-pode-gerar-impactos-na-saude\/#breadcrumb"},"inLanguage":"pt-BR","potentialAction":[{"@type":"ReadAction","target":["https:\/\/vanderloubet.com.br\/deputado\/aumento-de-queimadas-no-pantanal-pode-gerar-impactos-na-saude\/"]}]},{"@type":"ImageObject","inLanguage":"pt-BR","@id":"https:\/\/vanderloubet.com.br\/deputado\/aumento-de-queimadas-no-pantanal-pode-gerar-impactos-na-saude\/#primaryimage","url":"https:\/\/vanderloubet.com.br\/deputado\/wp-content\/uploads\/2020\/10\/foto-2020-10-17-queimadas-saude-reuters-ueslei-marcelino.jpg","contentUrl":"https:\/\/vanderloubet.com.br\/deputado\/wp-content\/uploads\/2020\/10\/foto-2020-10-17-queimadas-saude-reuters-ueslei-marcelino.jpg","width":900,"height":506,"caption":"Irm\u00e3os tentam se proteger da fuma\u00e7a nas proximidades de casa, na regi\u00e3o amaz\u00f4nica (Reuters\/Ueslei Marcelino)"},{"@type":"BreadcrumbList","@id":"https:\/\/vanderloubet.com.br\/deputado\/aumento-de-queimadas-no-pantanal-pode-gerar-impactos-na-saude\/#breadcrumb","itemListElement":[{"@type":"ListItem","position":1,"name":"In\u00edcio","item":"https:\/\/vanderloubet.com.br\/deputado\/"},{"@type":"ListItem","position":2,"name":"Aumento de queimadas no Pantanal pode gerar impactos na sa\u00fade"}]},{"@type":"WebSite","@id":"https:\/\/vanderloubet.com.br\/deputado\/#website","url":"https:\/\/vanderloubet.com.br\/deputado\/","name":"Deputado Federal Vander Loubet","description":"O Federal de MS","publisher":{"@id":"https:\/\/vanderloubet.com.br\/deputado\/#organization"},"alternateName":"Deputado Vander","potentialAction":[{"@type":"SearchAction","target":{"@type":"EntryPoint","urlTemplate":"https:\/\/vanderloubet.com.br\/deputado\/?s={search_term_string}"},"query-input":{"@type":"PropertyValueSpecification","valueRequired":true,"valueName":"search_term_string"}}],"inLanguage":"pt-BR"},{"@type":"Organization","@id":"https:\/\/vanderloubet.com.br\/deputado\/#organization","name":"Deputado Federal Vander Loubet","alternateName":"Deputado Vander","url":"https:\/\/vanderloubet.com.br\/deputado\/","logo":{"@type":"ImageObject","inLanguage":"pt-BR","@id":"https:\/\/vanderloubet.com.br\/deputado\/#\/schema\/logo\/image\/","url":"https:\/\/vanderloubet.com.br\/deputado\/wp-content\/uploads\/2023\/06\/foto-2023-06-19-mandato-deputado-vander.jpg","contentUrl":"https:\/\/vanderloubet.com.br\/deputado\/wp-content\/uploads\/2023\/06\/foto-2023-06-19-mandato-deputado-vander.jpg","width":1080,"height":1080,"caption":"Deputado Federal Vander Loubet"},"image":{"@id":"https:\/\/vanderloubet.com.br\/deputado\/#\/schema\/logo\/image\/"},"sameAs":["https:\/\/facebook.com\/deputadovander","https:\/\/x.com\/vanderloubet","https:\/\/instagram.com\/vanderloubet","https:\/\/youtube.com\/vanderloubet","https:\/\/tiktok.com\/@vanderloubetms"]},{"@type":"Person","@id":"https:\/\/vanderloubet.com.br\/deputado\/#\/schema\/person\/15b51bd564532a8a68d9dec1b8eb890e","name":"\u00c9der","image":{"@type":"ImageObject","inLanguage":"pt-BR","@id":"https:\/\/vanderloubet.com.br\/deputado\/wp-content\/litespeed\/avatar\/88ca4090d9d5ab1c9495f6ca03b68efa.jpg?ver=1777058957","url":"https:\/\/vanderloubet.com.br\/deputado\/wp-content\/litespeed\/avatar\/88ca4090d9d5ab1c9495f6ca03b68efa.jpg?ver=1777058957","contentUrl":"https:\/\/vanderloubet.com.br\/deputado\/wp-content\/litespeed\/avatar\/88ca4090d9d5ab1c9495f6ca03b68efa.jpg?ver=1777058957","caption":"\u00c9der"}}]}},"jetpack_featured_media_url":"https:\/\/vanderloubet.com.br\/deputado\/wp-content\/uploads\/2020\/10\/foto-2020-10-17-queimadas-saude-reuters-ueslei-marcelino.jpg","jetpack_sharing_enabled":true,"_links":{"self":[{"href":"https:\/\/vanderloubet.com.br\/deputado\/wp-json\/wp\/v2\/posts\/16840","targetHints":{"allow":["GET"]}}],"collection":[{"href":"https:\/\/vanderloubet.com.br\/deputado\/wp-json\/wp\/v2\/posts"}],"about":[{"href":"https:\/\/vanderloubet.com.br\/deputado\/wp-json\/wp\/v2\/types\/post"}],"author":[{"embeddable":true,"href":"https:\/\/vanderloubet.com.br\/deputado\/wp-json\/wp\/v2\/users\/2"}],"replies":[{"embeddable":true,"href":"https:\/\/vanderloubet.com.br\/deputado\/wp-json\/wp\/v2\/comments?post=16840"}],"version-history":[{"count":0,"href":"https:\/\/vanderloubet.com.br\/deputado\/wp-json\/wp\/v2\/posts\/16840\/revisions"}],"wp:featuredmedia":[{"embeddable":true,"href":"https:\/\/vanderloubet.com.br\/deputado\/wp-json\/wp\/v2\/media\/16841"}],"wp:attachment":[{"href":"https:\/\/vanderloubet.com.br\/deputado\/wp-json\/wp\/v2\/media?parent=16840"}],"wp:term":[{"taxonomy":"category","embeddable":true,"href":"https:\/\/vanderloubet.com.br\/deputado\/wp-json\/wp\/v2\/categories?post=16840"},{"taxonomy":"post_tag","embeddable":true,"href":"https:\/\/vanderloubet.com.br\/deputado\/wp-json\/wp\/v2\/tags?post=16840"}],"curies":[{"name":"wp","href":"https:\/\/api.w.org\/{rel}","templated":true}]}}