{"id":16813,"date":"2020-10-09T08:00:40","date_gmt":"2020-10-09T12:00:40","guid":{"rendered":"http:\/\/vanderloubet.com.br\/deputado\/?p=16813"},"modified":"2020-10-13T09:37:52","modified_gmt":"2020-10-13T13:37:52","slug":"queimadas-comissao-da-camara-solicitara-aviao-para-socorrer-serra-do-amolar","status":"publish","type":"post","link":"https:\/\/vanderloubet.com.br\/deputado\/queimadas-comissao-da-camara-solicitara-aviao-para-socorrer-serra-do-amolar\/","title":{"rendered":"Queimadas: comiss\u00e3o da C\u00e2mara solicitar\u00e1 avi\u00e3o para socorrer Serra do Amolar"},"content":{"rendered":"<p>Atenta \u00e0 situa\u00e7\u00e3o cr\u00edtica de queimadas que assola o Brasil, a comiss\u00e3o externa da C\u00e2mara dos Deputados que acompanha o enfrentamento das queimadas no Brasil (CEXQUEI) encaminhar\u00e1 ao governo federal a solicita\u00e7\u00e3o de um avi\u00e3o de pequeno porte, a fim de combater o fogo na Serra do Amolar, situada em Corumb\u00e1, no Pantanal de Mato Grosso do Sul. A indica\u00e7\u00e3o foi feita pelo deputado federal Vander Loubet (PT-MS), \u00fanico representante do estado na Comiss\u00e3o.<\/p>\n<p>&#8220;Havia uma frente de combate na beira do rio e, agora, entrou um foco de fogo pelo fundo da Serra do Amolar, vindo das fazendas. \u00c9 necess\u00e1rio um avi\u00e3o de pequeno porte para levar \u00e1gua ao local, mas, reitero, \u00e9 preciso que seja de pequeno porte, por causa da pista, que \u00e9 curta&#8221;, alertou Vander, j\u00e1 que as pistas de pouso da regi\u00e3o n\u00e3o comportam uma aeronave do tipo H\u00e9rcules C-130 da For\u00e7a A\u00e9rea Brasileira (FAB).<\/p>\n<p>A indica\u00e7\u00e3o vem ao encontro das a\u00e7\u00f5es da Secretaria de Estado de Meio Ambiente, Desenvolvimento Econ\u00f4mico, Produ\u00e7\u00e3o e Agricultura Familiar (Semagro). &#8220;Acredito que a Comiss\u00e3o poderia transmitir este apelo ao Minist\u00e9rio da Defesa e ao Minist\u00e9rio do Meio Ambiente. No Mato Grosso do Sul, o secret\u00e1rio Jaime Verruck est\u00e1 fazendo este pedido. \u00c9 importante nossa contribui\u00e7\u00e3o neste sentido&#8221;, afirmou o parlamentar petista.<\/p>\n<p>Sens\u00edvel a todos os danos que as queimadas est\u00e3o causando no Pantanal &#8211;  conhecida como a maior \u00e1rea de plan\u00edcie alagada do mundo &#8211; Vander Loubet enfatizou \u00e0 Comiss\u00e3o a import\u00e2ncia de uma a\u00e7\u00e3o sincronizada mediante a Uni\u00e3o para que a demanda possa ser atendida o mais breve poss\u00edvel. &#8220;Acabei de falar com o secret\u00e1rio Jaime Verruck a respeito do fogo na Serra do Amolar. Ele j\u00e1 entrou em contato com os \u00f3rg\u00e3os do governo federal, mas, precisa do nosso apoio&#8221;, frisou.<\/p>\n<p><strong>Fotografia<\/strong> &#8211; Localizada no munic\u00edpio de Corumb\u00e1, a Serra do Amolar \u00e9 uma cadeia de montanhas em meio \u00e0 \u00e1rea alagada. \u00c9 considerada por muitos como uma das mais belas paisagens do Pantanal. Suas belezas naturais ganharam espa\u00e7o dentro do not\u00f3rio livro G\u00eanesis, do fot\u00f3grafo Sebasti\u00e3o Salgado, um dos maiores talentos da fotografia mundial.<\/p>\n<p>Lugar de dif\u00edcil acesso, re\u00fane grande \u00e1rea preservada de fauna e flora. Contudo, nem mesmo os obst\u00e1culos naturais impediram os problemas das queimadas, o que refor\u00e7a a necessidade de uma aeronave que possa ajudar no combate ao fogo antes que a biodiversidade do local seja completamente devastada.<\/p>\n","protected":false},"excerpt":{"rendered":"<p>Demanda ser\u00e1 enviada ao governo federal e atende especificidade do local, que n\u00e3o comportar pouso de aeronave do tipo H\u00e9rcules C-130.<\/p>\n","protected":false},"author":2,"featured_media":16836,"comment_status":"closed","ping_status":"closed","sticky":false,"template":"","format":"standard","meta":{"jetpack_post_was_ever_published":false,"_jetpack_newsletter_access":"","_jetpack_dont_email_post_to_subs":false,"_jetpack_newsletter_tier_id":0,"_jetpack_memberships_contains_paywalled_content":false,"_jetpack_memberships_contains_paid_content":false,"footnotes":""},"categories":[2098,10],"tags":[2143,485,1267],"class_list":{"0":"post-16813","1":"post","2":"type-post","3":"status-publish","4":"format-standard","5":"has-post-thumbnail","7":"category-brasil-noticias","8":"category-noticias","9":"tag-camara-dos-deputados","10":"tag-comissao","11":"tag-meio-ambiente"},"yoast_head":"<!-- This site is optimized with the Yoast SEO plugin v27.4 - https:\/\/yoast.com\/product\/yoast-seo-wordpress\/ -->\n<title>Queimadas: comiss\u00e3o da C\u00e2mara solicitar\u00e1 avi\u00e3o para socorrer Serra do Amolar<\/title>\n<meta name=\"description\" content=\"Demanda ser\u00e1 enviada ao governo federal e atende especificidade do local, que n\u00e3o comportar pouso de aeronave do tipo H\u00e9rcules C-130.\" \/>\n<meta name=\"robots\" content=\"index, follow, max-snippet:-1, max-image-preview:large, max-video-preview:-1\" \/>\n<link rel=\"canonical\" href=\"https:\/\/vanderloubet.com.br\/deputado\/queimadas-comissao-da-camara-solicitara-aviao-para-socorrer-serra-do-amolar\/\" \/>\n<meta property=\"og:locale\" content=\"pt_BR\" \/>\n<meta property=\"og:type\" content=\"article\" \/>\n<meta property=\"og:title\" content=\"Queimadas: comiss\u00e3o da C\u00e2mara solicitar\u00e1 avi\u00e3o para socorrer Serra do Amolar\" \/>\n<meta property=\"og:description\" content=\"Demanda ser\u00e1 enviada ao governo federal e atende especificidade do local, que n\u00e3o comportar pouso de aeronave do tipo H\u00e9rcules C-130.\" \/>\n<meta property=\"og:url\" content=\"https:\/\/vanderloubet.com.br\/deputado\/queimadas-comissao-da-camara-solicitara-aviao-para-socorrer-serra-do-amolar\/\" \/>\n<meta property=\"og:site_name\" content=\"Deputado Federal Vander Loubet\" \/>\n<meta property=\"article:publisher\" content=\"https:\/\/facebook.com\/deputadovander\" \/>\n<meta property=\"article:published_time\" content=\"2020-10-09T12:00:40+00:00\" \/>\n<meta property=\"article:modified_time\" content=\"2020-10-13T13:37:52+00:00\" \/>\n<meta property=\"og:image\" content=\"https:\/\/vanderloubet.com.br\/deputado\/wp-content\/uploads\/2020\/10\/foto-2020-10-09-vander-comissao-queimadas.jpg\" \/>\n\t<meta property=\"og:image:width\" content=\"960\" \/>\n\t<meta property=\"og:image:height\" content=\"550\" \/>\n\t<meta property=\"og:image:type\" content=\"image\/jpeg\" \/>\n<meta name=\"author\" content=\"\u00c9der\" \/>\n<meta name=\"twitter:card\" content=\"summary_large_image\" \/>\n<meta name=\"twitter:creator\" content=\"@vanderloubet\" \/>\n<meta name=\"twitter:site\" content=\"@vanderloubet\" \/>\n<script type=\"application\/ld+json\" class=\"yoast-schema-graph\">{\"@context\":\"https:\\\/\\\/schema.org\",\"@graph\":[{\"@type\":\"Article\",\"@id\":\"https:\\\/\\\/vanderloubet.com.br\\\/deputado\\\/queimadas-comissao-da-camara-solicitara-aviao-para-socorrer-serra-do-amolar\\\/#article\",\"isPartOf\":{\"@id\":\"https:\\\/\\\/vanderloubet.com.br\\\/deputado\\\/queimadas-comissao-da-camara-solicitara-aviao-para-socorrer-serra-do-amolar\\\/\"},\"author\":{\"name\":\"\u00c9der\",\"@id\":\"https:\\\/\\\/vanderloubet.com.br\\\/deputado\\\/#\\\/schema\\\/person\\\/15b51bd564532a8a68d9dec1b8eb890e\"},\"headline\":\"Queimadas: comiss\u00e3o da C\u00e2mara solicitar\u00e1 avi\u00e3o para socorrer Serra do Amolar\",\"datePublished\":\"2020-10-09T12:00:40+00:00\",\"dateModified\":\"2020-10-13T13:37:52+00:00\",\"mainEntityOfPage\":{\"@id\":\"https:\\\/\\\/vanderloubet.com.br\\\/deputado\\\/queimadas-comissao-da-camara-solicitara-aviao-para-socorrer-serra-do-amolar\\\/\"},\"wordCount\":444,\"publisher\":{\"@id\":\"https:\\\/\\\/vanderloubet.com.br\\\/deputado\\\/#organization\"},\"image\":{\"@id\":\"https:\\\/\\\/vanderloubet.com.br\\\/deputado\\\/queimadas-comissao-da-camara-solicitara-aviao-para-socorrer-serra-do-amolar\\\/#primaryimage\"},\"thumbnailUrl\":\"https:\\\/\\\/vanderloubet.com.br\\\/deputado\\\/wp-content\\\/uploads\\\/2020\\\/10\\\/foto-2020-10-09-vander-comissao-queimadas.jpg\",\"keywords\":[\"c\u00e2mara dos deputados\",\"comiss\u00e3o\",\"meio ambiente\"],\"articleSection\":[\"Brasil\",\"Not\u00edcias\"],\"inLanguage\":\"pt-BR\"},{\"@type\":\"WebPage\",\"@id\":\"https:\\\/\\\/vanderloubet.com.br\\\/deputado\\\/queimadas-comissao-da-camara-solicitara-aviao-para-socorrer-serra-do-amolar\\\/\",\"url\":\"https:\\\/\\\/vanderloubet.com.br\\\/deputado\\\/queimadas-comissao-da-camara-solicitara-aviao-para-socorrer-serra-do-amolar\\\/\",\"name\":\"Queimadas: comiss\u00e3o da C\u00e2mara solicitar\u00e1 avi\u00e3o para socorrer Serra do Amolar\",\"isPartOf\":{\"@id\":\"https:\\\/\\\/vanderloubet.com.br\\\/deputado\\\/#website\"},\"primaryImageOfPage\":{\"@id\":\"https:\\\/\\\/vanderloubet.com.br\\\/deputado\\\/queimadas-comissao-da-camara-solicitara-aviao-para-socorrer-serra-do-amolar\\\/#primaryimage\"},\"image\":{\"@id\":\"https:\\\/\\\/vanderloubet.com.br\\\/deputado\\\/queimadas-comissao-da-camara-solicitara-aviao-para-socorrer-serra-do-amolar\\\/#primaryimage\"},\"thumbnailUrl\":\"https:\\\/\\\/vanderloubet.com.br\\\/deputado\\\/wp-content\\\/uploads\\\/2020\\\/10\\\/foto-2020-10-09-vander-comissao-queimadas.jpg\",\"datePublished\":\"2020-10-09T12:00:40+00:00\",\"dateModified\":\"2020-10-13T13:37:52+00:00\",\"description\":\"Demanda ser\u00e1 enviada ao governo federal e atende especificidade do local, que n\u00e3o comportar pouso de aeronave do tipo H\u00e9rcules C-130.\",\"breadcrumb\":{\"@id\":\"https:\\\/\\\/vanderloubet.com.br\\\/deputado\\\/queimadas-comissao-da-camara-solicitara-aviao-para-socorrer-serra-do-amolar\\\/#breadcrumb\"},\"inLanguage\":\"pt-BR\",\"potentialAction\":[{\"@type\":\"ReadAction\",\"target\":[\"https:\\\/\\\/vanderloubet.com.br\\\/deputado\\\/queimadas-comissao-da-camara-solicitara-aviao-para-socorrer-serra-do-amolar\\\/\"]}]},{\"@type\":\"ImageObject\",\"inLanguage\":\"pt-BR\",\"@id\":\"https:\\\/\\\/vanderloubet.com.br\\\/deputado\\\/queimadas-comissao-da-camara-solicitara-aviao-para-socorrer-serra-do-amolar\\\/#primaryimage\",\"url\":\"https:\\\/\\\/vanderloubet.com.br\\\/deputado\\\/wp-content\\\/uploads\\\/2020\\\/10\\\/foto-2020-10-09-vander-comissao-queimadas.jpg\",\"contentUrl\":\"https:\\\/\\\/vanderloubet.com.br\\\/deputado\\\/wp-content\\\/uploads\\\/2020\\\/10\\\/foto-2020-10-09-vander-comissao-queimadas.jpg\",\"width\":960,\"height\":550,\"caption\":\"Queimadas: comiss\u00e3o da C\u00e2mara solicitar\u00e1 avi\u00e3o para socorrer Serra do Amolar\"},{\"@type\":\"BreadcrumbList\",\"@id\":\"https:\\\/\\\/vanderloubet.com.br\\\/deputado\\\/queimadas-comissao-da-camara-solicitara-aviao-para-socorrer-serra-do-amolar\\\/#breadcrumb\",\"itemListElement\":[{\"@type\":\"ListItem\",\"position\":1,\"name\":\"In\u00edcio\",\"item\":\"https:\\\/\\\/vanderloubet.com.br\\\/deputado\\\/\"},{\"@type\":\"ListItem\",\"position\":2,\"name\":\"Queimadas: comiss\u00e3o da C\u00e2mara solicitar\u00e1 avi\u00e3o para socorrer Serra do Amolar\"}]},{\"@type\":\"WebSite\",\"@id\":\"https:\\\/\\\/vanderloubet.com.br\\\/deputado\\\/#website\",\"url\":\"https:\\\/\\\/vanderloubet.com.br\\\/deputado\\\/\",\"name\":\"Deputado Federal Vander Loubet\",\"description\":\"O Federal de MS\",\"publisher\":{\"@id\":\"https:\\\/\\\/vanderloubet.com.br\\\/deputado\\\/#organization\"},\"alternateName\":\"Deputado Vander\",\"potentialAction\":[{\"@type\":\"SearchAction\",\"target\":{\"@type\":\"EntryPoint\",\"urlTemplate\":\"https:\\\/\\\/vanderloubet.com.br\\\/deputado\\\/?s={search_term_string}\"},\"query-input\":{\"@type\":\"PropertyValueSpecification\",\"valueRequired\":true,\"valueName\":\"search_term_string\"}}],\"inLanguage\":\"pt-BR\"},{\"@type\":\"Organization\",\"@id\":\"https:\\\/\\\/vanderloubet.com.br\\\/deputado\\\/#organization\",\"name\":\"Deputado Federal Vander Loubet\",\"alternateName\":\"Deputado Vander\",\"url\":\"https:\\\/\\\/vanderloubet.com.br\\\/deputado\\\/\",\"logo\":{\"@type\":\"ImageObject\",\"inLanguage\":\"pt-BR\",\"@id\":\"https:\\\/\\\/vanderloubet.com.br\\\/deputado\\\/#\\\/schema\\\/logo\\\/image\\\/\",\"url\":\"https:\\\/\\\/vanderloubet.com.br\\\/deputado\\\/wp-content\\\/uploads\\\/2023\\\/06\\\/foto-2023-06-19-mandato-deputado-vander.jpg\",\"contentUrl\":\"https:\\\/\\\/vanderloubet.com.br\\\/deputado\\\/wp-content\\\/uploads\\\/2023\\\/06\\\/foto-2023-06-19-mandato-deputado-vander.jpg\",\"width\":1080,\"height\":1080,\"caption\":\"Deputado Federal Vander Loubet\"},\"image\":{\"@id\":\"https:\\\/\\\/vanderloubet.com.br\\\/deputado\\\/#\\\/schema\\\/logo\\\/image\\\/\"},\"sameAs\":[\"https:\\\/\\\/facebook.com\\\/deputadovander\",\"https:\\\/\\\/x.com\\\/vanderloubet\",\"https:\\\/\\\/instagram.com\\\/vanderloubet\",\"https:\\\/\\\/youtube.com\\\/vanderloubet\",\"https:\\\/\\\/tiktok.com\\\/@vanderloubetms\"]},{\"@type\":\"Person\",\"@id\":\"https:\\\/\\\/vanderloubet.com.br\\\/deputado\\\/#\\\/schema\\\/person\\\/15b51bd564532a8a68d9dec1b8eb890e\",\"name\":\"\u00c9der\",\"image\":{\"@type\":\"ImageObject\",\"inLanguage\":\"pt-BR\",\"@id\":\"https:\\\/\\\/vanderloubet.com.br\\\/deputado\\\/wp-content\\\/litespeed\\\/avatar\\\/88ca4090d9d5ab1c9495f6ca03b68efa.jpg?ver=1777058957\",\"url\":\"https:\\\/\\\/vanderloubet.com.br\\\/deputado\\\/wp-content\\\/litespeed\\\/avatar\\\/88ca4090d9d5ab1c9495f6ca03b68efa.jpg?ver=1777058957\",\"contentUrl\":\"https:\\\/\\\/vanderloubet.com.br\\\/deputado\\\/wp-content\\\/litespeed\\\/avatar\\\/88ca4090d9d5ab1c9495f6ca03b68efa.jpg?ver=1777058957\",\"caption\":\"\u00c9der\"}}]}<\/script>\n<!-- \/ Yoast SEO plugin. -->","yoast_head_json":{"title":"Queimadas: comiss\u00e3o da C\u00e2mara solicitar\u00e1 avi\u00e3o para socorrer Serra do Amolar","description":"Demanda ser\u00e1 enviada ao governo federal e atende especificidade do local, que n\u00e3o comportar pouso de aeronave do tipo H\u00e9rcules C-130.","robots":{"index":"index","follow":"follow","max-snippet":"max-snippet:-1","max-image-preview":"max-image-preview:large","max-video-preview":"max-video-preview:-1"},"canonical":"https:\/\/vanderloubet.com.br\/deputado\/queimadas-comissao-da-camara-solicitara-aviao-para-socorrer-serra-do-amolar\/","og_locale":"pt_BR","og_type":"article","og_title":"Queimadas: comiss\u00e3o da C\u00e2mara solicitar\u00e1 avi\u00e3o para socorrer Serra do Amolar","og_description":"Demanda ser\u00e1 enviada ao governo federal e atende especificidade do local, que n\u00e3o comportar pouso de aeronave do tipo H\u00e9rcules C-130.","og_url":"https:\/\/vanderloubet.com.br\/deputado\/queimadas-comissao-da-camara-solicitara-aviao-para-socorrer-serra-do-amolar\/","og_site_name":"Deputado Federal Vander Loubet","article_publisher":"https:\/\/facebook.com\/deputadovander","article_published_time":"2020-10-09T12:00:40+00:00","article_modified_time":"2020-10-13T13:37:52+00:00","og_image":[{"width":960,"height":550,"url":"https:\/\/vanderloubet.com.br\/deputado\/wp-content\/uploads\/2020\/10\/foto-2020-10-09-vander-comissao-queimadas.jpg","type":"image\/jpeg"}],"author":"\u00c9der","twitter_card":"summary_large_image","twitter_creator":"@vanderloubet","twitter_site":"@vanderloubet","schema":{"@context":"https:\/\/schema.org","@graph":[{"@type":"Article","@id":"https:\/\/vanderloubet.com.br\/deputado\/queimadas-comissao-da-camara-solicitara-aviao-para-socorrer-serra-do-amolar\/#article","isPartOf":{"@id":"https:\/\/vanderloubet.com.br\/deputado\/queimadas-comissao-da-camara-solicitara-aviao-para-socorrer-serra-do-amolar\/"},"author":{"name":"\u00c9der","@id":"https:\/\/vanderloubet.com.br\/deputado\/#\/schema\/person\/15b51bd564532a8a68d9dec1b8eb890e"},"headline":"Queimadas: comiss\u00e3o da C\u00e2mara solicitar\u00e1 avi\u00e3o para socorrer Serra do Amolar","datePublished":"2020-10-09T12:00:40+00:00","dateModified":"2020-10-13T13:37:52+00:00","mainEntityOfPage":{"@id":"https:\/\/vanderloubet.com.br\/deputado\/queimadas-comissao-da-camara-solicitara-aviao-para-socorrer-serra-do-amolar\/"},"wordCount":444,"publisher":{"@id":"https:\/\/vanderloubet.com.br\/deputado\/#organization"},"image":{"@id":"https:\/\/vanderloubet.com.br\/deputado\/queimadas-comissao-da-camara-solicitara-aviao-para-socorrer-serra-do-amolar\/#primaryimage"},"thumbnailUrl":"https:\/\/vanderloubet.com.br\/deputado\/wp-content\/uploads\/2020\/10\/foto-2020-10-09-vander-comissao-queimadas.jpg","keywords":["c\u00e2mara dos deputados","comiss\u00e3o","meio ambiente"],"articleSection":["Brasil","Not\u00edcias"],"inLanguage":"pt-BR"},{"@type":"WebPage","@id":"https:\/\/vanderloubet.com.br\/deputado\/queimadas-comissao-da-camara-solicitara-aviao-para-socorrer-serra-do-amolar\/","url":"https:\/\/vanderloubet.com.br\/deputado\/queimadas-comissao-da-camara-solicitara-aviao-para-socorrer-serra-do-amolar\/","name":"Queimadas: comiss\u00e3o da C\u00e2mara solicitar\u00e1 avi\u00e3o para socorrer Serra do Amolar","isPartOf":{"@id":"https:\/\/vanderloubet.com.br\/deputado\/#website"},"primaryImageOfPage":{"@id":"https:\/\/vanderloubet.com.br\/deputado\/queimadas-comissao-da-camara-solicitara-aviao-para-socorrer-serra-do-amolar\/#primaryimage"},"image":{"@id":"https:\/\/vanderloubet.com.br\/deputado\/queimadas-comissao-da-camara-solicitara-aviao-para-socorrer-serra-do-amolar\/#primaryimage"},"thumbnailUrl":"https:\/\/vanderloubet.com.br\/deputado\/wp-content\/uploads\/2020\/10\/foto-2020-10-09-vander-comissao-queimadas.jpg","datePublished":"2020-10-09T12:00:40+00:00","dateModified":"2020-10-13T13:37:52+00:00","description":"Demanda ser\u00e1 enviada ao governo federal e atende especificidade do local, que n\u00e3o comportar pouso de aeronave do tipo H\u00e9rcules C-130.","breadcrumb":{"@id":"https:\/\/vanderloubet.com.br\/deputado\/queimadas-comissao-da-camara-solicitara-aviao-para-socorrer-serra-do-amolar\/#breadcrumb"},"inLanguage":"pt-BR","potentialAction":[{"@type":"ReadAction","target":["https:\/\/vanderloubet.com.br\/deputado\/queimadas-comissao-da-camara-solicitara-aviao-para-socorrer-serra-do-amolar\/"]}]},{"@type":"ImageObject","inLanguage":"pt-BR","@id":"https:\/\/vanderloubet.com.br\/deputado\/queimadas-comissao-da-camara-solicitara-aviao-para-socorrer-serra-do-amolar\/#primaryimage","url":"https:\/\/vanderloubet.com.br\/deputado\/wp-content\/uploads\/2020\/10\/foto-2020-10-09-vander-comissao-queimadas.jpg","contentUrl":"https:\/\/vanderloubet.com.br\/deputado\/wp-content\/uploads\/2020\/10\/foto-2020-10-09-vander-comissao-queimadas.jpg","width":960,"height":550,"caption":"Queimadas: comiss\u00e3o da C\u00e2mara solicitar\u00e1 avi\u00e3o para socorrer Serra do Amolar"},{"@type":"BreadcrumbList","@id":"https:\/\/vanderloubet.com.br\/deputado\/queimadas-comissao-da-camara-solicitara-aviao-para-socorrer-serra-do-amolar\/#breadcrumb","itemListElement":[{"@type":"ListItem","position":1,"name":"In\u00edcio","item":"https:\/\/vanderloubet.com.br\/deputado\/"},{"@type":"ListItem","position":2,"name":"Queimadas: comiss\u00e3o da C\u00e2mara solicitar\u00e1 avi\u00e3o para socorrer Serra do Amolar"}]},{"@type":"WebSite","@id":"https:\/\/vanderloubet.com.br\/deputado\/#website","url":"https:\/\/vanderloubet.com.br\/deputado\/","name":"Deputado Federal Vander Loubet","description":"O Federal de MS","publisher":{"@id":"https:\/\/vanderloubet.com.br\/deputado\/#organization"},"alternateName":"Deputado Vander","potentialAction":[{"@type":"SearchAction","target":{"@type":"EntryPoint","urlTemplate":"https:\/\/vanderloubet.com.br\/deputado\/?s={search_term_string}"},"query-input":{"@type":"PropertyValueSpecification","valueRequired":true,"valueName":"search_term_string"}}],"inLanguage":"pt-BR"},{"@type":"Organization","@id":"https:\/\/vanderloubet.com.br\/deputado\/#organization","name":"Deputado Federal Vander Loubet","alternateName":"Deputado Vander","url":"https:\/\/vanderloubet.com.br\/deputado\/","logo":{"@type":"ImageObject","inLanguage":"pt-BR","@id":"https:\/\/vanderloubet.com.br\/deputado\/#\/schema\/logo\/image\/","url":"https:\/\/vanderloubet.com.br\/deputado\/wp-content\/uploads\/2023\/06\/foto-2023-06-19-mandato-deputado-vander.jpg","contentUrl":"https:\/\/vanderloubet.com.br\/deputado\/wp-content\/uploads\/2023\/06\/foto-2023-06-19-mandato-deputado-vander.jpg","width":1080,"height":1080,"caption":"Deputado Federal Vander Loubet"},"image":{"@id":"https:\/\/vanderloubet.com.br\/deputado\/#\/schema\/logo\/image\/"},"sameAs":["https:\/\/facebook.com\/deputadovander","https:\/\/x.com\/vanderloubet","https:\/\/instagram.com\/vanderloubet","https:\/\/youtube.com\/vanderloubet","https:\/\/tiktok.com\/@vanderloubetms"]},{"@type":"Person","@id":"https:\/\/vanderloubet.com.br\/deputado\/#\/schema\/person\/15b51bd564532a8a68d9dec1b8eb890e","name":"\u00c9der","image":{"@type":"ImageObject","inLanguage":"pt-BR","@id":"https:\/\/vanderloubet.com.br\/deputado\/wp-content\/litespeed\/avatar\/88ca4090d9d5ab1c9495f6ca03b68efa.jpg?ver=1777058957","url":"https:\/\/vanderloubet.com.br\/deputado\/wp-content\/litespeed\/avatar\/88ca4090d9d5ab1c9495f6ca03b68efa.jpg?ver=1777058957","contentUrl":"https:\/\/vanderloubet.com.br\/deputado\/wp-content\/litespeed\/avatar\/88ca4090d9d5ab1c9495f6ca03b68efa.jpg?ver=1777058957","caption":"\u00c9der"}}]}},"jetpack_featured_media_url":"https:\/\/vanderloubet.com.br\/deputado\/wp-content\/uploads\/2020\/10\/foto-2020-10-09-vander-comissao-queimadas.jpg","jetpack_sharing_enabled":true,"_links":{"self":[{"href":"https:\/\/vanderloubet.com.br\/deputado\/wp-json\/wp\/v2\/posts\/16813","targetHints":{"allow":["GET"]}}],"collection":[{"href":"https:\/\/vanderloubet.com.br\/deputado\/wp-json\/wp\/v2\/posts"}],"about":[{"href":"https:\/\/vanderloubet.com.br\/deputado\/wp-json\/wp\/v2\/types\/post"}],"author":[{"embeddable":true,"href":"https:\/\/vanderloubet.com.br\/deputado\/wp-json\/wp\/v2\/users\/2"}],"replies":[{"embeddable":true,"href":"https:\/\/vanderloubet.com.br\/deputado\/wp-json\/wp\/v2\/comments?post=16813"}],"version-history":[{"count":0,"href":"https:\/\/vanderloubet.com.br\/deputado\/wp-json\/wp\/v2\/posts\/16813\/revisions"}],"wp:featuredmedia":[{"embeddable":true,"href":"https:\/\/vanderloubet.com.br\/deputado\/wp-json\/wp\/v2\/media\/16836"}],"wp:attachment":[{"href":"https:\/\/vanderloubet.com.br\/deputado\/wp-json\/wp\/v2\/media?parent=16813"}],"wp:term":[{"taxonomy":"category","embeddable":true,"href":"https:\/\/vanderloubet.com.br\/deputado\/wp-json\/wp\/v2\/categories?post=16813"},{"taxonomy":"post_tag","embeddable":true,"href":"https:\/\/vanderloubet.com.br\/deputado\/wp-json\/wp\/v2\/tags?post=16813"}],"curies":[{"name":"wp","href":"https:\/\/api.w.org\/{rel}","templated":true}]}}