{"id":16793,"date":"2020-09-29T15:00:23","date_gmt":"2020-09-29T19:00:23","guid":{"rendered":"http:\/\/vanderloubet.com.br\/deputado\/?p=16793"},"modified":"2020-09-29T16:25:29","modified_gmt":"2020-09-29T20:25:29","slug":"queimadas-no-pantanal-sao-tema-de-reuniao-na-camara-federal","status":"publish","type":"post","link":"https:\/\/vanderloubet.com.br\/deputado\/queimadas-no-pantanal-sao-tema-de-reuniao-na-camara-federal\/","title":{"rendered":"Queimadas no Pantanal s\u00e3o tema de reuni\u00e3o na C\u00e2mara Federal"},"content":{"rendered":"<p>Est\u00e1 marcada para esta quarta-feira (30), \u00e0s 8h30 (no hor\u00e1rio de Mato Grosso do Sul), a primeira reuni\u00e3o t\u00e9cnica presencial da Comiss\u00e3o Externa da C\u00e2mara dos Deputados destinada a acompanhar e promover estrat\u00e9gia nacional para enfrentar as queimadas em biomas brasileiros (CEXQUEI). A atividade ser\u00e1 no Plen\u00e1rio 05 do Anexo II da Casa.<\/p>\n<p>Criada no dia 22 de setembro pelo presidente Rodrigo Maia (DEM-RJ), a Comiss\u00e3o \u00e9 presidida pela deputada Professora Rosa Neide (PT-MT) e composta por mais 20 deputados. <strong>O deputado Vander Loubet (PT-MS) \u00e9 o \u00fanico representante de Mato Grosso do Sul.<\/strong><\/p>\n<p>A Comiss\u00e3o definiu como um de seus objetivos discutir a situa\u00e7\u00e3o do Pantanal ap\u00f3s as queimadas que t\u00eam atingido a regi\u00e3o. A ideia \u00e9 cobrar do governo uma a\u00e7\u00e3o mais efetiva no combate aos inc\u00eandios e debater o futuro do bioma, especialmente com as popula\u00e7\u00f5es locais, como os ribeirinhos.<\/p>\n<p>&#8220;Eu diria que temos tr\u00eas objetivos centrais. O primeiro \u00e9 extinguir o fogo, ou seja, cobrar do governo federal o emprego de recursos e pessoal que possam definitivamente acabar com os inc\u00eandios que assolam o Pantanal neste momento. O segundo \u00e9 cobrar das autoridades a identifica\u00e7\u00e3o e puni\u00e7\u00e3o daqueles que agiram de forma criminosa, ateando fogo no Pantanal. E o terceiro \u00e9 buscar a elabora\u00e7\u00e3o de um plano que englobe o trabalho de recupera\u00e7\u00e3o do que foi destru\u00eddo e que garanta uma estrutura adequada para os \u00f3rg\u00e3os que cuidam do combate a inc\u00eandios em biomas do nosso pa\u00eds, como o Ibama, o ICMBio, as brigadas de inc\u00eandios, a Defesa Civil, entre outros&#8221;, explica o deputado Vander Loubet.<\/p>\n<p>Segundo o deputado Paulo Teixeira (PT-SP), o colegiado dever\u00e1 apresentar um conjunto de medidas que envolver\u00e1 mudan\u00e7as legislativas, recursos e pol\u00edticas p\u00fablicas para a regi\u00e3o. &#8220;Estamos muito perto de perder o bioma caso n\u00e3o tenhamos uma atitude muito firme na dire\u00e7\u00e3o da sua recupera\u00e7\u00e3o.&#8221;<\/p>\n<p>A deputada Rosa Neide, que visitou a regi\u00e3o do Pantanal Mato-Grossense afetada pelos inc\u00eandios, afirmou que os parlamentares v\u00e3o &#8220;trabalhar para que, no pr\u00f3ximo ano, tenhamos o Pantanal em sua plenitude&#8221;.<\/p>\n<p>O tema da reuni\u00e3o da CEXQUEI desta quarta \u00e9 &#8220;Queimadas no Pantanal: estudos, situa\u00e7\u00e3o e progn\u00f3sticos&#8221; e contar\u00e1 com a participa\u00e7\u00e3o de diversos convidados: Prof. Dr. Jos\u00e9 de Souza Nogueira, do Instituto de F\u00edsica da Universidade Federal de Mato Grosso (UFMT); Prof. Dr. Claumir C\u00e9sar Muniz e Profa. Dra. Solange Ikeda Castrillon, representantes da Universidade do Estado do Mato Grosso (Unemat); Alexandre de Matos Martins Pereira, analista ambiental do Ibama\/Prevfogo de Mato Grosso do Sul; Izabelly Carvalho da Costa, pesquisadora do Instituto de Pesquisas Espaciais (Inpe); Dr. Alberto Setzer, coordenador substituto do Programa de Queimadas do Inpe; Prof. Dr. Geraldo Alves Damasceno Junior, do Instituto de Bioci\u00eancias da Universidade Federal de Mato Grosso do Sul (Inbio\/UFMS) e um dos fundadores da organiza\u00e7\u00e3o n\u00e3o governamental Ecoa &#8211; Ecologia e A\u00e7\u00e3o; Dr. Walfrido Moraes Tomas, pesquisador da Embrapa Pantanal; e Vin\u00edcius Silgueiro, coordenador de Intelig\u00eancia Territorial do Instituto Centro de Vida e membro fundador do Observa MT.<\/p>\n<p><strong>A reuni\u00e3o t\u00e9cnica ser\u00e1 transmitida pelo portal da C\u00e2mara: <a href=\"https:\/\/edemocracia.camara.leg.br\/audiencias\/sala\/1646\" rel=\"noopener noreferrer\" target=\"_blank\">https:\/\/edemocracia.camara.leg.br\/audiencias\/sala\/1646<\/a><\/strong><\/p>\n<p><em>(Fonte: Ag\u00eancia C\u00e2mara de Not\u00edcias)<\/em><\/p>\n","protected":false},"excerpt":{"rendered":"<p>Atividade faz parte da Comiss\u00e3o criada para promover estrat\u00e9gia para enfrentar queimadas. Deputado Vander \u00e9 o \u00fanico representante de MS.<\/p>\n","protected":false},"author":2,"featured_media":16794,"comment_status":"closed","ping_status":"closed","sticky":false,"template":"","format":"standard","meta":{"jetpack_post_was_ever_published":false,"_jetpack_newsletter_access":"","_jetpack_dont_email_post_to_subs":false,"_jetpack_newsletter_tier_id":0,"_jetpack_memberships_contains_paywalled_content":false,"_jetpack_memberships_contains_paid_content":false,"footnotes":""},"categories":[2098,10],"tags":[485,1267,1463],"class_list":{"0":"post-16793","1":"post","2":"type-post","3":"status-publish","4":"format-standard","5":"has-post-thumbnail","7":"category-brasil-noticias","8":"category-noticias","9":"tag-comissao","10":"tag-meio-ambiente","11":"tag-pantanal"},"yoast_head":"<!-- This site is optimized with the Yoast SEO plugin v27.4 - https:\/\/yoast.com\/product\/yoast-seo-wordpress\/ -->\n<title>Queimadas no Pantanal s\u00e3o tema de reuni\u00e3o na C\u00e2mara Federal<\/title>\n<meta name=\"description\" content=\"Atividade faz parte da Comiss\u00e3o criada para promover estrat\u00e9gia para enfrentar queimadas. Deputado Vander \u00e9 o \u00fanico representante de MS.\" \/>\n<meta name=\"robots\" content=\"index, follow, max-snippet:-1, max-image-preview:large, max-video-preview:-1\" \/>\n<link rel=\"canonical\" href=\"https:\/\/vanderloubet.com.br\/deputado\/queimadas-no-pantanal-sao-tema-de-reuniao-na-camara-federal\/\" \/>\n<meta property=\"og:locale\" content=\"pt_BR\" \/>\n<meta property=\"og:type\" content=\"article\" \/>\n<meta property=\"og:title\" content=\"Queimadas no Pantanal s\u00e3o tema de reuni\u00e3o na C\u00e2mara Federal\" \/>\n<meta property=\"og:description\" content=\"Atividade faz parte da Comiss\u00e3o criada para promover estrat\u00e9gia para enfrentar queimadas. Deputado Vander \u00e9 o \u00fanico representante de MS.\" \/>\n<meta property=\"og:url\" content=\"https:\/\/vanderloubet.com.br\/deputado\/queimadas-no-pantanal-sao-tema-de-reuniao-na-camara-federal\/\" \/>\n<meta property=\"og:site_name\" content=\"Deputado Federal Vander Loubet\" \/>\n<meta property=\"article:publisher\" content=\"https:\/\/facebook.com\/deputadovander\" \/>\n<meta property=\"article:published_time\" content=\"2020-09-29T19:00:23+00:00\" \/>\n<meta property=\"article:modified_time\" content=\"2020-09-29T20:25:29+00:00\" \/>\n<meta property=\"og:image\" content=\"https:\/\/vanderloubet.com.br\/deputado\/wp-content\/uploads\/2020\/09\/foto-2020-09-29-queimada-pantanal.jpg\" \/>\n\t<meta property=\"og:image:width\" content=\"1280\" \/>\n\t<meta property=\"og:image:height\" content=\"853\" \/>\n\t<meta property=\"og:image:type\" content=\"image\/jpeg\" \/>\n<meta name=\"author\" content=\"\u00c9der\" \/>\n<meta name=\"twitter:card\" content=\"summary_large_image\" \/>\n<meta name=\"twitter:creator\" content=\"@vanderloubet\" \/>\n<meta name=\"twitter:site\" content=\"@vanderloubet\" \/>\n<script type=\"application\/ld+json\" class=\"yoast-schema-graph\">{\"@context\":\"https:\\\/\\\/schema.org\",\"@graph\":[{\"@type\":\"Article\",\"@id\":\"https:\\\/\\\/vanderloubet.com.br\\\/deputado\\\/queimadas-no-pantanal-sao-tema-de-reuniao-na-camara-federal\\\/#article\",\"isPartOf\":{\"@id\":\"https:\\\/\\\/vanderloubet.com.br\\\/deputado\\\/queimadas-no-pantanal-sao-tema-de-reuniao-na-camara-federal\\\/\"},\"author\":{\"name\":\"\u00c9der\",\"@id\":\"https:\\\/\\\/vanderloubet.com.br\\\/deputado\\\/#\\\/schema\\\/person\\\/15b51bd564532a8a68d9dec1b8eb890e\"},\"headline\":\"Queimadas no Pantanal s\u00e3o tema de reuni\u00e3o na C\u00e2mara Federal\",\"datePublished\":\"2020-09-29T19:00:23+00:00\",\"dateModified\":\"2020-09-29T20:25:29+00:00\",\"mainEntityOfPage\":{\"@id\":\"https:\\\/\\\/vanderloubet.com.br\\\/deputado\\\/queimadas-no-pantanal-sao-tema-de-reuniao-na-camara-federal\\\/\"},\"wordCount\":571,\"publisher\":{\"@id\":\"https:\\\/\\\/vanderloubet.com.br\\\/deputado\\\/#organization\"},\"image\":{\"@id\":\"https:\\\/\\\/vanderloubet.com.br\\\/deputado\\\/queimadas-no-pantanal-sao-tema-de-reuniao-na-camara-federal\\\/#primaryimage\"},\"thumbnailUrl\":\"https:\\\/\\\/vanderloubet.com.br\\\/deputado\\\/wp-content\\\/uploads\\\/2020\\\/09\\\/foto-2020-09-29-queimada-pantanal.jpg\",\"keywords\":[\"comiss\u00e3o\",\"meio ambiente\",\"pantanal\"],\"articleSection\":[\"Brasil\",\"Not\u00edcias\"],\"inLanguage\":\"pt-BR\"},{\"@type\":\"WebPage\",\"@id\":\"https:\\\/\\\/vanderloubet.com.br\\\/deputado\\\/queimadas-no-pantanal-sao-tema-de-reuniao-na-camara-federal\\\/\",\"url\":\"https:\\\/\\\/vanderloubet.com.br\\\/deputado\\\/queimadas-no-pantanal-sao-tema-de-reuniao-na-camara-federal\\\/\",\"name\":\"Queimadas no Pantanal s\u00e3o tema de reuni\u00e3o na C\u00e2mara Federal\",\"isPartOf\":{\"@id\":\"https:\\\/\\\/vanderloubet.com.br\\\/deputado\\\/#website\"},\"primaryImageOfPage\":{\"@id\":\"https:\\\/\\\/vanderloubet.com.br\\\/deputado\\\/queimadas-no-pantanal-sao-tema-de-reuniao-na-camara-federal\\\/#primaryimage\"},\"image\":{\"@id\":\"https:\\\/\\\/vanderloubet.com.br\\\/deputado\\\/queimadas-no-pantanal-sao-tema-de-reuniao-na-camara-federal\\\/#primaryimage\"},\"thumbnailUrl\":\"https:\\\/\\\/vanderloubet.com.br\\\/deputado\\\/wp-content\\\/uploads\\\/2020\\\/09\\\/foto-2020-09-29-queimada-pantanal.jpg\",\"datePublished\":\"2020-09-29T19:00:23+00:00\",\"dateModified\":\"2020-09-29T20:25:29+00:00\",\"description\":\"Atividade faz parte da Comiss\u00e3o criada para promover estrat\u00e9gia para enfrentar queimadas. Deputado Vander \u00e9 o \u00fanico representante de MS.\",\"breadcrumb\":{\"@id\":\"https:\\\/\\\/vanderloubet.com.br\\\/deputado\\\/queimadas-no-pantanal-sao-tema-de-reuniao-na-camara-federal\\\/#breadcrumb\"},\"inLanguage\":\"pt-BR\",\"potentialAction\":[{\"@type\":\"ReadAction\",\"target\":[\"https:\\\/\\\/vanderloubet.com.br\\\/deputado\\\/queimadas-no-pantanal-sao-tema-de-reuniao-na-camara-federal\\\/\"]}]},{\"@type\":\"ImageObject\",\"inLanguage\":\"pt-BR\",\"@id\":\"https:\\\/\\\/vanderloubet.com.br\\\/deputado\\\/queimadas-no-pantanal-sao-tema-de-reuniao-na-camara-federal\\\/#primaryimage\",\"url\":\"https:\\\/\\\/vanderloubet.com.br\\\/deputado\\\/wp-content\\\/uploads\\\/2020\\\/09\\\/foto-2020-09-29-queimada-pantanal.jpg\",\"contentUrl\":\"https:\\\/\\\/vanderloubet.com.br\\\/deputado\\\/wp-content\\\/uploads\\\/2020\\\/09\\\/foto-2020-09-29-queimada-pantanal.jpg\",\"width\":1280,\"height\":853,\"caption\":\"Queimadas no Pantanal s\u00e3o tema de reuni\u00e3o na C\u00e2mara Federal\"},{\"@type\":\"BreadcrumbList\",\"@id\":\"https:\\\/\\\/vanderloubet.com.br\\\/deputado\\\/queimadas-no-pantanal-sao-tema-de-reuniao-na-camara-federal\\\/#breadcrumb\",\"itemListElement\":[{\"@type\":\"ListItem\",\"position\":1,\"name\":\"In\u00edcio\",\"item\":\"https:\\\/\\\/vanderloubet.com.br\\\/deputado\\\/\"},{\"@type\":\"ListItem\",\"position\":2,\"name\":\"Queimadas no Pantanal s\u00e3o tema de reuni\u00e3o na C\u00e2mara Federal\"}]},{\"@type\":\"WebSite\",\"@id\":\"https:\\\/\\\/vanderloubet.com.br\\\/deputado\\\/#website\",\"url\":\"https:\\\/\\\/vanderloubet.com.br\\\/deputado\\\/\",\"name\":\"Deputado Federal Vander Loubet\",\"description\":\"O Federal de MS\",\"publisher\":{\"@id\":\"https:\\\/\\\/vanderloubet.com.br\\\/deputado\\\/#organization\"},\"alternateName\":\"Deputado Vander\",\"potentialAction\":[{\"@type\":\"SearchAction\",\"target\":{\"@type\":\"EntryPoint\",\"urlTemplate\":\"https:\\\/\\\/vanderloubet.com.br\\\/deputado\\\/?s={search_term_string}\"},\"query-input\":{\"@type\":\"PropertyValueSpecification\",\"valueRequired\":true,\"valueName\":\"search_term_string\"}}],\"inLanguage\":\"pt-BR\"},{\"@type\":\"Organization\",\"@id\":\"https:\\\/\\\/vanderloubet.com.br\\\/deputado\\\/#organization\",\"name\":\"Deputado Federal Vander Loubet\",\"alternateName\":\"Deputado Vander\",\"url\":\"https:\\\/\\\/vanderloubet.com.br\\\/deputado\\\/\",\"logo\":{\"@type\":\"ImageObject\",\"inLanguage\":\"pt-BR\",\"@id\":\"https:\\\/\\\/vanderloubet.com.br\\\/deputado\\\/#\\\/schema\\\/logo\\\/image\\\/\",\"url\":\"https:\\\/\\\/vanderloubet.com.br\\\/deputado\\\/wp-content\\\/uploads\\\/2023\\\/06\\\/foto-2023-06-19-mandato-deputado-vander.jpg\",\"contentUrl\":\"https:\\\/\\\/vanderloubet.com.br\\\/deputado\\\/wp-content\\\/uploads\\\/2023\\\/06\\\/foto-2023-06-19-mandato-deputado-vander.jpg\",\"width\":1080,\"height\":1080,\"caption\":\"Deputado Federal Vander Loubet\"},\"image\":{\"@id\":\"https:\\\/\\\/vanderloubet.com.br\\\/deputado\\\/#\\\/schema\\\/logo\\\/image\\\/\"},\"sameAs\":[\"https:\\\/\\\/facebook.com\\\/deputadovander\",\"https:\\\/\\\/x.com\\\/vanderloubet\",\"https:\\\/\\\/instagram.com\\\/vanderloubet\",\"https:\\\/\\\/youtube.com\\\/vanderloubet\",\"https:\\\/\\\/tiktok.com\\\/@vanderloubetms\"]},{\"@type\":\"Person\",\"@id\":\"https:\\\/\\\/vanderloubet.com.br\\\/deputado\\\/#\\\/schema\\\/person\\\/15b51bd564532a8a68d9dec1b8eb890e\",\"name\":\"\u00c9der\",\"image\":{\"@type\":\"ImageObject\",\"inLanguage\":\"pt-BR\",\"@id\":\"https:\\\/\\\/vanderloubet.com.br\\\/deputado\\\/wp-content\\\/litespeed\\\/avatar\\\/88ca4090d9d5ab1c9495f6ca03b68efa.jpg?ver=1777058957\",\"url\":\"https:\\\/\\\/vanderloubet.com.br\\\/deputado\\\/wp-content\\\/litespeed\\\/avatar\\\/88ca4090d9d5ab1c9495f6ca03b68efa.jpg?ver=1777058957\",\"contentUrl\":\"https:\\\/\\\/vanderloubet.com.br\\\/deputado\\\/wp-content\\\/litespeed\\\/avatar\\\/88ca4090d9d5ab1c9495f6ca03b68efa.jpg?ver=1777058957\",\"caption\":\"\u00c9der\"}}]}<\/script>\n<!-- \/ Yoast SEO plugin. -->","yoast_head_json":{"title":"Queimadas no Pantanal s\u00e3o tema de reuni\u00e3o na C\u00e2mara Federal","description":"Atividade faz parte da Comiss\u00e3o criada para promover estrat\u00e9gia para enfrentar queimadas. Deputado Vander \u00e9 o \u00fanico representante de MS.","robots":{"index":"index","follow":"follow","max-snippet":"max-snippet:-1","max-image-preview":"max-image-preview:large","max-video-preview":"max-video-preview:-1"},"canonical":"https:\/\/vanderloubet.com.br\/deputado\/queimadas-no-pantanal-sao-tema-de-reuniao-na-camara-federal\/","og_locale":"pt_BR","og_type":"article","og_title":"Queimadas no Pantanal s\u00e3o tema de reuni\u00e3o na C\u00e2mara Federal","og_description":"Atividade faz parte da Comiss\u00e3o criada para promover estrat\u00e9gia para enfrentar queimadas. Deputado Vander \u00e9 o \u00fanico representante de MS.","og_url":"https:\/\/vanderloubet.com.br\/deputado\/queimadas-no-pantanal-sao-tema-de-reuniao-na-camara-federal\/","og_site_name":"Deputado Federal Vander Loubet","article_publisher":"https:\/\/facebook.com\/deputadovander","article_published_time":"2020-09-29T19:00:23+00:00","article_modified_time":"2020-09-29T20:25:29+00:00","og_image":[{"width":1280,"height":853,"url":"https:\/\/vanderloubet.com.br\/deputado\/wp-content\/uploads\/2020\/09\/foto-2020-09-29-queimada-pantanal.jpg","type":"image\/jpeg"}],"author":"\u00c9der","twitter_card":"summary_large_image","twitter_creator":"@vanderloubet","twitter_site":"@vanderloubet","schema":{"@context":"https:\/\/schema.org","@graph":[{"@type":"Article","@id":"https:\/\/vanderloubet.com.br\/deputado\/queimadas-no-pantanal-sao-tema-de-reuniao-na-camara-federal\/#article","isPartOf":{"@id":"https:\/\/vanderloubet.com.br\/deputado\/queimadas-no-pantanal-sao-tema-de-reuniao-na-camara-federal\/"},"author":{"name":"\u00c9der","@id":"https:\/\/vanderloubet.com.br\/deputado\/#\/schema\/person\/15b51bd564532a8a68d9dec1b8eb890e"},"headline":"Queimadas no Pantanal s\u00e3o tema de reuni\u00e3o na C\u00e2mara Federal","datePublished":"2020-09-29T19:00:23+00:00","dateModified":"2020-09-29T20:25:29+00:00","mainEntityOfPage":{"@id":"https:\/\/vanderloubet.com.br\/deputado\/queimadas-no-pantanal-sao-tema-de-reuniao-na-camara-federal\/"},"wordCount":571,"publisher":{"@id":"https:\/\/vanderloubet.com.br\/deputado\/#organization"},"image":{"@id":"https:\/\/vanderloubet.com.br\/deputado\/queimadas-no-pantanal-sao-tema-de-reuniao-na-camara-federal\/#primaryimage"},"thumbnailUrl":"https:\/\/vanderloubet.com.br\/deputado\/wp-content\/uploads\/2020\/09\/foto-2020-09-29-queimada-pantanal.jpg","keywords":["comiss\u00e3o","meio ambiente","pantanal"],"articleSection":["Brasil","Not\u00edcias"],"inLanguage":"pt-BR"},{"@type":"WebPage","@id":"https:\/\/vanderloubet.com.br\/deputado\/queimadas-no-pantanal-sao-tema-de-reuniao-na-camara-federal\/","url":"https:\/\/vanderloubet.com.br\/deputado\/queimadas-no-pantanal-sao-tema-de-reuniao-na-camara-federal\/","name":"Queimadas no Pantanal s\u00e3o tema de reuni\u00e3o na C\u00e2mara Federal","isPartOf":{"@id":"https:\/\/vanderloubet.com.br\/deputado\/#website"},"primaryImageOfPage":{"@id":"https:\/\/vanderloubet.com.br\/deputado\/queimadas-no-pantanal-sao-tema-de-reuniao-na-camara-federal\/#primaryimage"},"image":{"@id":"https:\/\/vanderloubet.com.br\/deputado\/queimadas-no-pantanal-sao-tema-de-reuniao-na-camara-federal\/#primaryimage"},"thumbnailUrl":"https:\/\/vanderloubet.com.br\/deputado\/wp-content\/uploads\/2020\/09\/foto-2020-09-29-queimada-pantanal.jpg","datePublished":"2020-09-29T19:00:23+00:00","dateModified":"2020-09-29T20:25:29+00:00","description":"Atividade faz parte da Comiss\u00e3o criada para promover estrat\u00e9gia para enfrentar queimadas. Deputado Vander \u00e9 o \u00fanico representante de MS.","breadcrumb":{"@id":"https:\/\/vanderloubet.com.br\/deputado\/queimadas-no-pantanal-sao-tema-de-reuniao-na-camara-federal\/#breadcrumb"},"inLanguage":"pt-BR","potentialAction":[{"@type":"ReadAction","target":["https:\/\/vanderloubet.com.br\/deputado\/queimadas-no-pantanal-sao-tema-de-reuniao-na-camara-federal\/"]}]},{"@type":"ImageObject","inLanguage":"pt-BR","@id":"https:\/\/vanderloubet.com.br\/deputado\/queimadas-no-pantanal-sao-tema-de-reuniao-na-camara-federal\/#primaryimage","url":"https:\/\/vanderloubet.com.br\/deputado\/wp-content\/uploads\/2020\/09\/foto-2020-09-29-queimada-pantanal.jpg","contentUrl":"https:\/\/vanderloubet.com.br\/deputado\/wp-content\/uploads\/2020\/09\/foto-2020-09-29-queimada-pantanal.jpg","width":1280,"height":853,"caption":"Queimadas no Pantanal s\u00e3o tema de reuni\u00e3o na C\u00e2mara Federal"},{"@type":"BreadcrumbList","@id":"https:\/\/vanderloubet.com.br\/deputado\/queimadas-no-pantanal-sao-tema-de-reuniao-na-camara-federal\/#breadcrumb","itemListElement":[{"@type":"ListItem","position":1,"name":"In\u00edcio","item":"https:\/\/vanderloubet.com.br\/deputado\/"},{"@type":"ListItem","position":2,"name":"Queimadas no Pantanal s\u00e3o tema de reuni\u00e3o na C\u00e2mara Federal"}]},{"@type":"WebSite","@id":"https:\/\/vanderloubet.com.br\/deputado\/#website","url":"https:\/\/vanderloubet.com.br\/deputado\/","name":"Deputado Federal Vander Loubet","description":"O Federal de MS","publisher":{"@id":"https:\/\/vanderloubet.com.br\/deputado\/#organization"},"alternateName":"Deputado Vander","potentialAction":[{"@type":"SearchAction","target":{"@type":"EntryPoint","urlTemplate":"https:\/\/vanderloubet.com.br\/deputado\/?s={search_term_string}"},"query-input":{"@type":"PropertyValueSpecification","valueRequired":true,"valueName":"search_term_string"}}],"inLanguage":"pt-BR"},{"@type":"Organization","@id":"https:\/\/vanderloubet.com.br\/deputado\/#organization","name":"Deputado Federal Vander Loubet","alternateName":"Deputado Vander","url":"https:\/\/vanderloubet.com.br\/deputado\/","logo":{"@type":"ImageObject","inLanguage":"pt-BR","@id":"https:\/\/vanderloubet.com.br\/deputado\/#\/schema\/logo\/image\/","url":"https:\/\/vanderloubet.com.br\/deputado\/wp-content\/uploads\/2023\/06\/foto-2023-06-19-mandato-deputado-vander.jpg","contentUrl":"https:\/\/vanderloubet.com.br\/deputado\/wp-content\/uploads\/2023\/06\/foto-2023-06-19-mandato-deputado-vander.jpg","width":1080,"height":1080,"caption":"Deputado Federal Vander Loubet"},"image":{"@id":"https:\/\/vanderloubet.com.br\/deputado\/#\/schema\/logo\/image\/"},"sameAs":["https:\/\/facebook.com\/deputadovander","https:\/\/x.com\/vanderloubet","https:\/\/instagram.com\/vanderloubet","https:\/\/youtube.com\/vanderloubet","https:\/\/tiktok.com\/@vanderloubetms"]},{"@type":"Person","@id":"https:\/\/vanderloubet.com.br\/deputado\/#\/schema\/person\/15b51bd564532a8a68d9dec1b8eb890e","name":"\u00c9der","image":{"@type":"ImageObject","inLanguage":"pt-BR","@id":"https:\/\/vanderloubet.com.br\/deputado\/wp-content\/litespeed\/avatar\/88ca4090d9d5ab1c9495f6ca03b68efa.jpg?ver=1777058957","url":"https:\/\/vanderloubet.com.br\/deputado\/wp-content\/litespeed\/avatar\/88ca4090d9d5ab1c9495f6ca03b68efa.jpg?ver=1777058957","contentUrl":"https:\/\/vanderloubet.com.br\/deputado\/wp-content\/litespeed\/avatar\/88ca4090d9d5ab1c9495f6ca03b68efa.jpg?ver=1777058957","caption":"\u00c9der"}}]}},"jetpack_featured_media_url":"https:\/\/vanderloubet.com.br\/deputado\/wp-content\/uploads\/2020\/09\/foto-2020-09-29-queimada-pantanal.jpg","jetpack_sharing_enabled":true,"_links":{"self":[{"href":"https:\/\/vanderloubet.com.br\/deputado\/wp-json\/wp\/v2\/posts\/16793","targetHints":{"allow":["GET"]}}],"collection":[{"href":"https:\/\/vanderloubet.com.br\/deputado\/wp-json\/wp\/v2\/posts"}],"about":[{"href":"https:\/\/vanderloubet.com.br\/deputado\/wp-json\/wp\/v2\/types\/post"}],"author":[{"embeddable":true,"href":"https:\/\/vanderloubet.com.br\/deputado\/wp-json\/wp\/v2\/users\/2"}],"replies":[{"embeddable":true,"href":"https:\/\/vanderloubet.com.br\/deputado\/wp-json\/wp\/v2\/comments?post=16793"}],"version-history":[{"count":0,"href":"https:\/\/vanderloubet.com.br\/deputado\/wp-json\/wp\/v2\/posts\/16793\/revisions"}],"wp:featuredmedia":[{"embeddable":true,"href":"https:\/\/vanderloubet.com.br\/deputado\/wp-json\/wp\/v2\/media\/16794"}],"wp:attachment":[{"href":"https:\/\/vanderloubet.com.br\/deputado\/wp-json\/wp\/v2\/media?parent=16793"}],"wp:term":[{"taxonomy":"category","embeddable":true,"href":"https:\/\/vanderloubet.com.br\/deputado\/wp-json\/wp\/v2\/categories?post=16793"},{"taxonomy":"post_tag","embeddable":true,"href":"https:\/\/vanderloubet.com.br\/deputado\/wp-json\/wp\/v2\/tags?post=16793"}],"curies":[{"name":"wp","href":"https:\/\/api.w.org\/{rel}","templated":true}]}}