{"id":16753,"date":"2020-09-11T10:30:33","date_gmt":"2020-09-11T14:30:33","guid":{"rendered":"http:\/\/vanderloubet.com.br\/deputado\/?p=16753"},"modified":"2020-09-11T15:07:35","modified_gmt":"2020-09-11T19:07:35","slug":"proposta-de-reforma-administrativa-do-governo-e-retrocesso-afirma-vander","status":"publish","type":"post","link":"https:\/\/vanderloubet.com.br\/deputado\/proposta-de-reforma-administrativa-do-governo-e-retrocesso-afirma-vander\/","title":{"rendered":"Proposta de reforma administrativa do governo \u00e9 retrocesso, afirma Vander"},"content":{"rendered":"<p><iframe title=\"Proposta de reforma administrativa do governo \u00e9 retrocesso, afirma Vander\" width=\"696\" height=\"392\" src=\"https:\/\/www.youtube.com\/embed\/Vbzc2zoOVqY?feature=oembed\" frameborder=\"0\" allow=\"accelerometer; autoplay; encrypted-media; gyroscope; picture-in-picture\" allowfullscreen><\/iframe><\/p>\n<p>Em v\u00eddeo gravado na quarta-feira (9), o deputado federal Vander Loubet (PT-MS) criticou a proposta de reforma administrativa entregue pelo governo Bolsonaro ao Congresso Nacional. Na opini\u00e3o do parlamentar pantaneiro, s\u00e3o muitos os problemas do texto.<\/p>\n<p>&#8220;\u00c9 a continua\u00e7\u00e3o do pacote de maldades iniciado com o governo Temer. Tivemos a Terceiriza\u00e7\u00e3o Sem Limites, a Reforma Trabalhista, a Reforma da Previd\u00eancia e agora essa reforma administrativa&#8221;, criticou.<\/p>\n<p>Para Vander, atacar a estabilidade dos servidores \u00e9 um erro. Ele defende que o melhor caminho seria aperfei\u00e7oar as comiss\u00f5es de avalia\u00e7\u00e3o, como forma de melhorar a puni\u00e7\u00e3o aos maus servidores. Al\u00e9m disso, o deputado destaca que carreiras vulner\u00e1veis &#8211; sem a estabilidade &#8211; permitiriam persegui\u00e7\u00f5es e demiss\u00f5es para posteriores indica\u00e7\u00f5es pol\u00edticas.<\/p>\n<p>&#8220;\u00c9 o sonho de pol\u00edticos perversos e corruptos, assim como dos setores econ\u00f4micos que s\u00e3o seus c\u00famplices&#8221;, pontuou.<\/p>\n<p>O parlamentar tamb\u00e9m destaca que n\u00e3o faz sentido querer promover uma reforma se n\u00e3o houver a inten\u00e7\u00e3o de atingir todas as categorias do funcionalismo p\u00fablico. Pela proposta de Paulo Guedes e Jair Bolsonaro, magistrados, militares, membros do Minist\u00e9rio P\u00fablico e parlamentares n\u00e3o seriam afetados.<\/p>\n<p>&#8220;Por outro lado, professores e profissionais da sa\u00fade devem ser os maiores prejudicados pela reforma. N\u00e3o tem cabimento isso, \u00e9 mais uma amostra da falta de compromisso desse governo com os dois setores mais importantes para a popula\u00e7\u00e3o &#8211; ou seja, sa\u00fade e educa\u00e7\u00e3o&#8221;, afirma.<\/p>\n<p>Por fim, Vander Loubet informa que a bancada do PT vai trabalhar para que a Reforma Administrativa n\u00e3o passe pela C\u00e2mara dos Deputados.<\/p>\n<p>&#8220;Os servidores p\u00fablicos podem contar com nosso apoio&#8221;, conclui.<\/p>\n","protected":false},"excerpt":{"rendered":"<p>O deputado afirma que a bancada do PT vai trabalhar para que a proposta n\u00e3o passe na C\u00e2mara.<\/p>\n","protected":false},"author":2,"featured_media":16755,"comment_status":"closed","ping_status":"closed","sticky":false,"template":"","format":"video","meta":{"jetpack_post_was_ever_published":false,"_jetpack_newsletter_access":"","_jetpack_dont_email_post_to_subs":false,"_jetpack_newsletter_tier_id":0,"_jetpack_memberships_contains_paywalled_content":false,"_jetpack_memberships_contains_paid_content":false,"footnotes":""},"categories":[2098,2101,10,12],"tags":[2300,2445,2239],"class_list":{"0":"post-16753","1":"post","2":"type-post","3":"status-publish","4":"format-video","5":"has-post-thumbnail","7":"category-brasil-noticias","8":"category-multimidia","9":"category-noticias","10":"category-videos","11":"tag-proposta-de-emenda-a-constituicao","12":"tag-reforma-administrativa","13":"tag-servidor-publico","14":"post_format-post-format-video"},"yoast_head":"<!-- This site is optimized with the Yoast SEO plugin v27.4 - https:\/\/yoast.com\/product\/yoast-seo-wordpress\/ -->\n<title>Proposta de reforma administrativa do governo \u00e9 retrocesso, afirma Vander<\/title>\n<meta name=\"description\" content=\"O deputado afirma que a bancada do PT vai trabalhar para que a proposta n\u00e3o passe na C\u00e2mara dos Deputados.\" \/>\n<meta name=\"robots\" content=\"index, follow, max-snippet:-1, max-image-preview:large, max-video-preview:-1\" \/>\n<link rel=\"canonical\" href=\"https:\/\/vanderloubet.com.br\/deputado\/proposta-de-reforma-administrativa-do-governo-e-retrocesso-afirma-vander\/\" \/>\n<meta property=\"og:locale\" content=\"pt_BR\" \/>\n<meta property=\"og:type\" content=\"article\" \/>\n<meta property=\"og:title\" content=\"Proposta de reforma administrativa do governo \u00e9 retrocesso, afirma Vander\" \/>\n<meta property=\"og:description\" content=\"O deputado afirma que a bancada do PT vai trabalhar para que a proposta n\u00e3o passe na C\u00e2mara dos Deputados.\" \/>\n<meta property=\"og:url\" content=\"https:\/\/vanderloubet.com.br\/deputado\/proposta-de-reforma-administrativa-do-governo-e-retrocesso-afirma-vander\/\" \/>\n<meta property=\"og:site_name\" content=\"Deputado Federal Vander Loubet\" \/>\n<meta property=\"article:publisher\" content=\"https:\/\/facebook.com\/deputadovander\" \/>\n<meta property=\"article:published_time\" content=\"2020-09-11T14:30:33+00:00\" \/>\n<meta property=\"article:modified_time\" content=\"2020-09-11T19:07:35+00:00\" \/>\n<meta property=\"og:image\" content=\"https:\/\/vanderloubet.com.br\/deputado\/wp-content\/uploads\/2020\/09\/foto-2020-09-10-reforma-administrativa.jpg\" \/>\n\t<meta property=\"og:image:width\" content=\"1080\" \/>\n\t<meta property=\"og:image:height\" content=\"608\" \/>\n\t<meta property=\"og:image:type\" content=\"image\/jpeg\" \/>\n<meta name=\"author\" content=\"\u00c9der\" \/>\n<meta name=\"twitter:card\" content=\"summary_large_image\" \/>\n<meta name=\"twitter:creator\" content=\"@vanderloubet\" \/>\n<meta name=\"twitter:site\" content=\"@vanderloubet\" \/>\n<script type=\"application\/ld+json\" class=\"yoast-schema-graph\">{\"@context\":\"https:\\\/\\\/schema.org\",\"@graph\":[{\"@type\":\"Article\",\"@id\":\"https:\\\/\\\/vanderloubet.com.br\\\/deputado\\\/proposta-de-reforma-administrativa-do-governo-e-retrocesso-afirma-vander\\\/#article\",\"isPartOf\":{\"@id\":\"https:\\\/\\\/vanderloubet.com.br\\\/deputado\\\/proposta-de-reforma-administrativa-do-governo-e-retrocesso-afirma-vander\\\/\"},\"author\":{\"name\":\"\u00c9der\",\"@id\":\"https:\\\/\\\/vanderloubet.com.br\\\/deputado\\\/#\\\/schema\\\/person\\\/15b51bd564532a8a68d9dec1b8eb890e\"},\"headline\":\"Proposta de reforma administrativa do governo \u00e9 retrocesso, afirma Vander\",\"datePublished\":\"2020-09-11T14:30:33+00:00\",\"dateModified\":\"2020-09-11T19:07:35+00:00\",\"mainEntityOfPage\":{\"@id\":\"https:\\\/\\\/vanderloubet.com.br\\\/deputado\\\/proposta-de-reforma-administrativa-do-governo-e-retrocesso-afirma-vander\\\/\"},\"wordCount\":302,\"publisher\":{\"@id\":\"https:\\\/\\\/vanderloubet.com.br\\\/deputado\\\/#organization\"},\"image\":{\"@id\":\"https:\\\/\\\/vanderloubet.com.br\\\/deputado\\\/proposta-de-reforma-administrativa-do-governo-e-retrocesso-afirma-vander\\\/#primaryimage\"},\"thumbnailUrl\":\"https:\\\/\\\/vanderloubet.com.br\\\/deputado\\\/wp-content\\\/uploads\\\/2020\\\/09\\\/foto-2020-09-10-reforma-administrativa.jpg\",\"keywords\":[\"proposta de emenda \u00e0 constitui\u00e7\u00e3o\",\"reforma administrativa\",\"servidor p\u00fablico\"],\"articleSection\":[\"Brasil\",\"Multim\u00eddia\",\"Not\u00edcias\",\"V\u00eddeos\"],\"inLanguage\":\"pt-BR\"},{\"@type\":\"WebPage\",\"@id\":\"https:\\\/\\\/vanderloubet.com.br\\\/deputado\\\/proposta-de-reforma-administrativa-do-governo-e-retrocesso-afirma-vander\\\/\",\"url\":\"https:\\\/\\\/vanderloubet.com.br\\\/deputado\\\/proposta-de-reforma-administrativa-do-governo-e-retrocesso-afirma-vander\\\/\",\"name\":\"Proposta de reforma administrativa do governo \u00e9 retrocesso, afirma Vander\",\"isPartOf\":{\"@id\":\"https:\\\/\\\/vanderloubet.com.br\\\/deputado\\\/#website\"},\"primaryImageOfPage\":{\"@id\":\"https:\\\/\\\/vanderloubet.com.br\\\/deputado\\\/proposta-de-reforma-administrativa-do-governo-e-retrocesso-afirma-vander\\\/#primaryimage\"},\"image\":{\"@id\":\"https:\\\/\\\/vanderloubet.com.br\\\/deputado\\\/proposta-de-reforma-administrativa-do-governo-e-retrocesso-afirma-vander\\\/#primaryimage\"},\"thumbnailUrl\":\"https:\\\/\\\/vanderloubet.com.br\\\/deputado\\\/wp-content\\\/uploads\\\/2020\\\/09\\\/foto-2020-09-10-reforma-administrativa.jpg\",\"datePublished\":\"2020-09-11T14:30:33+00:00\",\"dateModified\":\"2020-09-11T19:07:35+00:00\",\"description\":\"O deputado afirma que a bancada do PT vai trabalhar para que a proposta n\u00e3o passe na C\u00e2mara dos Deputados.\",\"breadcrumb\":{\"@id\":\"https:\\\/\\\/vanderloubet.com.br\\\/deputado\\\/proposta-de-reforma-administrativa-do-governo-e-retrocesso-afirma-vander\\\/#breadcrumb\"},\"inLanguage\":\"pt-BR\",\"potentialAction\":[{\"@type\":\"ReadAction\",\"target\":[\"https:\\\/\\\/vanderloubet.com.br\\\/deputado\\\/proposta-de-reforma-administrativa-do-governo-e-retrocesso-afirma-vander\\\/\"]}]},{\"@type\":\"ImageObject\",\"inLanguage\":\"pt-BR\",\"@id\":\"https:\\\/\\\/vanderloubet.com.br\\\/deputado\\\/proposta-de-reforma-administrativa-do-governo-e-retrocesso-afirma-vander\\\/#primaryimage\",\"url\":\"https:\\\/\\\/vanderloubet.com.br\\\/deputado\\\/wp-content\\\/uploads\\\/2020\\\/09\\\/foto-2020-09-10-reforma-administrativa.jpg\",\"contentUrl\":\"https:\\\/\\\/vanderloubet.com.br\\\/deputado\\\/wp-content\\\/uploads\\\/2020\\\/09\\\/foto-2020-09-10-reforma-administrativa.jpg\",\"width\":1080,\"height\":608,\"caption\":\"Proposta de reforma administrativa do governo \u00e9 retrocesso, afirma Vander\"},{\"@type\":\"BreadcrumbList\",\"@id\":\"https:\\\/\\\/vanderloubet.com.br\\\/deputado\\\/proposta-de-reforma-administrativa-do-governo-e-retrocesso-afirma-vander\\\/#breadcrumb\",\"itemListElement\":[{\"@type\":\"ListItem\",\"position\":1,\"name\":\"In\u00edcio\",\"item\":\"https:\\\/\\\/vanderloubet.com.br\\\/deputado\\\/\"},{\"@type\":\"ListItem\",\"position\":2,\"name\":\"Proposta de reforma administrativa do governo \u00e9 retrocesso, afirma Vander\"}]},{\"@type\":\"WebSite\",\"@id\":\"https:\\\/\\\/vanderloubet.com.br\\\/deputado\\\/#website\",\"url\":\"https:\\\/\\\/vanderloubet.com.br\\\/deputado\\\/\",\"name\":\"Deputado Federal Vander Loubet\",\"description\":\"O Federal de MS\",\"publisher\":{\"@id\":\"https:\\\/\\\/vanderloubet.com.br\\\/deputado\\\/#organization\"},\"alternateName\":\"Deputado Vander\",\"potentialAction\":[{\"@type\":\"SearchAction\",\"target\":{\"@type\":\"EntryPoint\",\"urlTemplate\":\"https:\\\/\\\/vanderloubet.com.br\\\/deputado\\\/?s={search_term_string}\"},\"query-input\":{\"@type\":\"PropertyValueSpecification\",\"valueRequired\":true,\"valueName\":\"search_term_string\"}}],\"inLanguage\":\"pt-BR\"},{\"@type\":\"Organization\",\"@id\":\"https:\\\/\\\/vanderloubet.com.br\\\/deputado\\\/#organization\",\"name\":\"Deputado Federal Vander Loubet\",\"alternateName\":\"Deputado Vander\",\"url\":\"https:\\\/\\\/vanderloubet.com.br\\\/deputado\\\/\",\"logo\":{\"@type\":\"ImageObject\",\"inLanguage\":\"pt-BR\",\"@id\":\"https:\\\/\\\/vanderloubet.com.br\\\/deputado\\\/#\\\/schema\\\/logo\\\/image\\\/\",\"url\":\"https:\\\/\\\/vanderloubet.com.br\\\/deputado\\\/wp-content\\\/uploads\\\/2023\\\/06\\\/foto-2023-06-19-mandato-deputado-vander.jpg\",\"contentUrl\":\"https:\\\/\\\/vanderloubet.com.br\\\/deputado\\\/wp-content\\\/uploads\\\/2023\\\/06\\\/foto-2023-06-19-mandato-deputado-vander.jpg\",\"width\":1080,\"height\":1080,\"caption\":\"Deputado Federal Vander Loubet\"},\"image\":{\"@id\":\"https:\\\/\\\/vanderloubet.com.br\\\/deputado\\\/#\\\/schema\\\/logo\\\/image\\\/\"},\"sameAs\":[\"https:\\\/\\\/facebook.com\\\/deputadovander\",\"https:\\\/\\\/x.com\\\/vanderloubet\",\"https:\\\/\\\/instagram.com\\\/vanderloubet\",\"https:\\\/\\\/youtube.com\\\/vanderloubet\",\"https:\\\/\\\/tiktok.com\\\/@vanderloubetms\"]},{\"@type\":\"Person\",\"@id\":\"https:\\\/\\\/vanderloubet.com.br\\\/deputado\\\/#\\\/schema\\\/person\\\/15b51bd564532a8a68d9dec1b8eb890e\",\"name\":\"\u00c9der\",\"image\":{\"@type\":\"ImageObject\",\"inLanguage\":\"pt-BR\",\"@id\":\"https:\\\/\\\/vanderloubet.com.br\\\/deputado\\\/wp-content\\\/litespeed\\\/avatar\\\/88ca4090d9d5ab1c9495f6ca03b68efa.jpg?ver=1777058957\",\"url\":\"https:\\\/\\\/vanderloubet.com.br\\\/deputado\\\/wp-content\\\/litespeed\\\/avatar\\\/88ca4090d9d5ab1c9495f6ca03b68efa.jpg?ver=1777058957\",\"contentUrl\":\"https:\\\/\\\/vanderloubet.com.br\\\/deputado\\\/wp-content\\\/litespeed\\\/avatar\\\/88ca4090d9d5ab1c9495f6ca03b68efa.jpg?ver=1777058957\",\"caption\":\"\u00c9der\"}}]}<\/script>\n<!-- \/ Yoast SEO plugin. -->","yoast_head_json":{"title":"Proposta de reforma administrativa do governo \u00e9 retrocesso, afirma Vander","description":"O deputado afirma que a bancada do PT vai trabalhar para que a proposta n\u00e3o passe na C\u00e2mara dos Deputados.","robots":{"index":"index","follow":"follow","max-snippet":"max-snippet:-1","max-image-preview":"max-image-preview:large","max-video-preview":"max-video-preview:-1"},"canonical":"https:\/\/vanderloubet.com.br\/deputado\/proposta-de-reforma-administrativa-do-governo-e-retrocesso-afirma-vander\/","og_locale":"pt_BR","og_type":"article","og_title":"Proposta de reforma administrativa do governo \u00e9 retrocesso, afirma Vander","og_description":"O deputado afirma que a bancada do PT vai trabalhar para que a proposta n\u00e3o passe na C\u00e2mara dos Deputados.","og_url":"https:\/\/vanderloubet.com.br\/deputado\/proposta-de-reforma-administrativa-do-governo-e-retrocesso-afirma-vander\/","og_site_name":"Deputado Federal Vander Loubet","article_publisher":"https:\/\/facebook.com\/deputadovander","article_published_time":"2020-09-11T14:30:33+00:00","article_modified_time":"2020-09-11T19:07:35+00:00","og_image":[{"width":1080,"height":608,"url":"https:\/\/vanderloubet.com.br\/deputado\/wp-content\/uploads\/2020\/09\/foto-2020-09-10-reforma-administrativa.jpg","type":"image\/jpeg"}],"author":"\u00c9der","twitter_card":"summary_large_image","twitter_creator":"@vanderloubet","twitter_site":"@vanderloubet","schema":{"@context":"https:\/\/schema.org","@graph":[{"@type":"Article","@id":"https:\/\/vanderloubet.com.br\/deputado\/proposta-de-reforma-administrativa-do-governo-e-retrocesso-afirma-vander\/#article","isPartOf":{"@id":"https:\/\/vanderloubet.com.br\/deputado\/proposta-de-reforma-administrativa-do-governo-e-retrocesso-afirma-vander\/"},"author":{"name":"\u00c9der","@id":"https:\/\/vanderloubet.com.br\/deputado\/#\/schema\/person\/15b51bd564532a8a68d9dec1b8eb890e"},"headline":"Proposta de reforma administrativa do governo \u00e9 retrocesso, afirma Vander","datePublished":"2020-09-11T14:30:33+00:00","dateModified":"2020-09-11T19:07:35+00:00","mainEntityOfPage":{"@id":"https:\/\/vanderloubet.com.br\/deputado\/proposta-de-reforma-administrativa-do-governo-e-retrocesso-afirma-vander\/"},"wordCount":302,"publisher":{"@id":"https:\/\/vanderloubet.com.br\/deputado\/#organization"},"image":{"@id":"https:\/\/vanderloubet.com.br\/deputado\/proposta-de-reforma-administrativa-do-governo-e-retrocesso-afirma-vander\/#primaryimage"},"thumbnailUrl":"https:\/\/vanderloubet.com.br\/deputado\/wp-content\/uploads\/2020\/09\/foto-2020-09-10-reforma-administrativa.jpg","keywords":["proposta de emenda \u00e0 constitui\u00e7\u00e3o","reforma administrativa","servidor p\u00fablico"],"articleSection":["Brasil","Multim\u00eddia","Not\u00edcias","V\u00eddeos"],"inLanguage":"pt-BR"},{"@type":"WebPage","@id":"https:\/\/vanderloubet.com.br\/deputado\/proposta-de-reforma-administrativa-do-governo-e-retrocesso-afirma-vander\/","url":"https:\/\/vanderloubet.com.br\/deputado\/proposta-de-reforma-administrativa-do-governo-e-retrocesso-afirma-vander\/","name":"Proposta de reforma administrativa do governo \u00e9 retrocesso, afirma Vander","isPartOf":{"@id":"https:\/\/vanderloubet.com.br\/deputado\/#website"},"primaryImageOfPage":{"@id":"https:\/\/vanderloubet.com.br\/deputado\/proposta-de-reforma-administrativa-do-governo-e-retrocesso-afirma-vander\/#primaryimage"},"image":{"@id":"https:\/\/vanderloubet.com.br\/deputado\/proposta-de-reforma-administrativa-do-governo-e-retrocesso-afirma-vander\/#primaryimage"},"thumbnailUrl":"https:\/\/vanderloubet.com.br\/deputado\/wp-content\/uploads\/2020\/09\/foto-2020-09-10-reforma-administrativa.jpg","datePublished":"2020-09-11T14:30:33+00:00","dateModified":"2020-09-11T19:07:35+00:00","description":"O deputado afirma que a bancada do PT vai trabalhar para que a proposta n\u00e3o passe na C\u00e2mara dos Deputados.","breadcrumb":{"@id":"https:\/\/vanderloubet.com.br\/deputado\/proposta-de-reforma-administrativa-do-governo-e-retrocesso-afirma-vander\/#breadcrumb"},"inLanguage":"pt-BR","potentialAction":[{"@type":"ReadAction","target":["https:\/\/vanderloubet.com.br\/deputado\/proposta-de-reforma-administrativa-do-governo-e-retrocesso-afirma-vander\/"]}]},{"@type":"ImageObject","inLanguage":"pt-BR","@id":"https:\/\/vanderloubet.com.br\/deputado\/proposta-de-reforma-administrativa-do-governo-e-retrocesso-afirma-vander\/#primaryimage","url":"https:\/\/vanderloubet.com.br\/deputado\/wp-content\/uploads\/2020\/09\/foto-2020-09-10-reforma-administrativa.jpg","contentUrl":"https:\/\/vanderloubet.com.br\/deputado\/wp-content\/uploads\/2020\/09\/foto-2020-09-10-reforma-administrativa.jpg","width":1080,"height":608,"caption":"Proposta de reforma administrativa do governo \u00e9 retrocesso, afirma Vander"},{"@type":"BreadcrumbList","@id":"https:\/\/vanderloubet.com.br\/deputado\/proposta-de-reforma-administrativa-do-governo-e-retrocesso-afirma-vander\/#breadcrumb","itemListElement":[{"@type":"ListItem","position":1,"name":"In\u00edcio","item":"https:\/\/vanderloubet.com.br\/deputado\/"},{"@type":"ListItem","position":2,"name":"Proposta de reforma administrativa do governo \u00e9 retrocesso, afirma Vander"}]},{"@type":"WebSite","@id":"https:\/\/vanderloubet.com.br\/deputado\/#website","url":"https:\/\/vanderloubet.com.br\/deputado\/","name":"Deputado Federal Vander Loubet","description":"O Federal de MS","publisher":{"@id":"https:\/\/vanderloubet.com.br\/deputado\/#organization"},"alternateName":"Deputado Vander","potentialAction":[{"@type":"SearchAction","target":{"@type":"EntryPoint","urlTemplate":"https:\/\/vanderloubet.com.br\/deputado\/?s={search_term_string}"},"query-input":{"@type":"PropertyValueSpecification","valueRequired":true,"valueName":"search_term_string"}}],"inLanguage":"pt-BR"},{"@type":"Organization","@id":"https:\/\/vanderloubet.com.br\/deputado\/#organization","name":"Deputado Federal Vander Loubet","alternateName":"Deputado Vander","url":"https:\/\/vanderloubet.com.br\/deputado\/","logo":{"@type":"ImageObject","inLanguage":"pt-BR","@id":"https:\/\/vanderloubet.com.br\/deputado\/#\/schema\/logo\/image\/","url":"https:\/\/vanderloubet.com.br\/deputado\/wp-content\/uploads\/2023\/06\/foto-2023-06-19-mandato-deputado-vander.jpg","contentUrl":"https:\/\/vanderloubet.com.br\/deputado\/wp-content\/uploads\/2023\/06\/foto-2023-06-19-mandato-deputado-vander.jpg","width":1080,"height":1080,"caption":"Deputado Federal Vander Loubet"},"image":{"@id":"https:\/\/vanderloubet.com.br\/deputado\/#\/schema\/logo\/image\/"},"sameAs":["https:\/\/facebook.com\/deputadovander","https:\/\/x.com\/vanderloubet","https:\/\/instagram.com\/vanderloubet","https:\/\/youtube.com\/vanderloubet","https:\/\/tiktok.com\/@vanderloubetms"]},{"@type":"Person","@id":"https:\/\/vanderloubet.com.br\/deputado\/#\/schema\/person\/15b51bd564532a8a68d9dec1b8eb890e","name":"\u00c9der","image":{"@type":"ImageObject","inLanguage":"pt-BR","@id":"https:\/\/vanderloubet.com.br\/deputado\/wp-content\/litespeed\/avatar\/88ca4090d9d5ab1c9495f6ca03b68efa.jpg?ver=1777058957","url":"https:\/\/vanderloubet.com.br\/deputado\/wp-content\/litespeed\/avatar\/88ca4090d9d5ab1c9495f6ca03b68efa.jpg?ver=1777058957","contentUrl":"https:\/\/vanderloubet.com.br\/deputado\/wp-content\/litespeed\/avatar\/88ca4090d9d5ab1c9495f6ca03b68efa.jpg?ver=1777058957","caption":"\u00c9der"}}]}},"jetpack_featured_media_url":"https:\/\/vanderloubet.com.br\/deputado\/wp-content\/uploads\/2020\/09\/foto-2020-09-10-reforma-administrativa.jpg","jetpack_sharing_enabled":true,"_links":{"self":[{"href":"https:\/\/vanderloubet.com.br\/deputado\/wp-json\/wp\/v2\/posts\/16753","targetHints":{"allow":["GET"]}}],"collection":[{"href":"https:\/\/vanderloubet.com.br\/deputado\/wp-json\/wp\/v2\/posts"}],"about":[{"href":"https:\/\/vanderloubet.com.br\/deputado\/wp-json\/wp\/v2\/types\/post"}],"author":[{"embeddable":true,"href":"https:\/\/vanderloubet.com.br\/deputado\/wp-json\/wp\/v2\/users\/2"}],"replies":[{"embeddable":true,"href":"https:\/\/vanderloubet.com.br\/deputado\/wp-json\/wp\/v2\/comments?post=16753"}],"version-history":[{"count":0,"href":"https:\/\/vanderloubet.com.br\/deputado\/wp-json\/wp\/v2\/posts\/16753\/revisions"}],"wp:featuredmedia":[{"embeddable":true,"href":"https:\/\/vanderloubet.com.br\/deputado\/wp-json\/wp\/v2\/media\/16755"}],"wp:attachment":[{"href":"https:\/\/vanderloubet.com.br\/deputado\/wp-json\/wp\/v2\/media?parent=16753"}],"wp:term":[{"taxonomy":"category","embeddable":true,"href":"https:\/\/vanderloubet.com.br\/deputado\/wp-json\/wp\/v2\/categories?post=16753"},{"taxonomy":"post_tag","embeddable":true,"href":"https:\/\/vanderloubet.com.br\/deputado\/wp-json\/wp\/v2\/tags?post=16753"}],"curies":[{"name":"wp","href":"https:\/\/api.w.org\/{rel}","templated":true}]}}