{"id":16750,"date":"2020-09-10T08:00:16","date_gmt":"2020-09-10T12:00:16","guid":{"rendered":"http:\/\/vanderloubet.com.br\/deputado\/?p=16750"},"modified":"2020-09-10T09:03:20","modified_gmt":"2020-09-10T13:03:20","slug":"unico-acusado-da-lava-jato-absolvido-por-unanimidade-vander-exalta-a-fe","status":"publish","type":"post","link":"https:\/\/vanderloubet.com.br\/deputado\/unico-acusado-da-lava-jato-absolvido-por-unanimidade-vander-exalta-a-fe\/","title":{"rendered":"\u00danico acusado da Lava Jato absolvido por unanimidade, Vander exalta a f\u00e9"},"content":{"rendered":"<p>A f\u00e9 &#8211; em Deus, em si mesmo, na Justi\u00e7a, nos amigos e nas pessoas que se recusam a julgar por conveni\u00eancia &#8211; foi o porto no qual ancorou \u00e2nimo, coragem e resist\u00eancia para suportar cinco anos de dolorosa exposi\u00e7\u00e3o aos ataques maledicentes e inescrupulosos de gente que o condenava sem qualquer senten\u00e7a formalizada pelos foros competentes.<\/p>\n<p>\u00c9 assim que o deputado federal Vander Loubet (PT-MS) explicou como conseguiu levar a vida desde 2015, desde que o procurador-geral da Rep\u00fablica, Rodrigo Janot, o acusou de ter recebido propina de um esquema de corrup\u00e7\u00e3o investigado na Opera\u00e7\u00e3o Lava Jato. &#8220;Eu estou no quinto mandato. Minha vida \u00e9 aberta, n\u00e3o tem trancas. Fui submetido a todo tipo de quebra de sigilos: banc\u00e1rio, fiscal, telef\u00f4nico&#8230; Sou um sobrevivente&#8221;, afirmou em entrevista conduzida pelo jornalista B de Paula, hoje (08\/09) no programa Boca do Povo da R\u00e1dio Difusora Pantanal 101,9 FM.  <\/p>\n<p><strong>Previs\u00e3o de Trad<\/strong> &#8211; Vander Loubet \u00e9 o \u00fanico dos acusados da Lava Jato que teve sua inoc\u00eancia reconhecida no Judici\u00e1rio pelo voto un\u00e2nime de todos os magistrados. Antes do julgamento, ele mostrou o processo na \u00edntegra ao colega do PSD, deputado F\u00e1bio Trad. Dias depois, Trad, ex-presidente da seccional sul-mato-grossense da Ordem dos Advogados do Brasil (OAB), avisou: &#8220;Voc\u00ea vai ser absolvido por unanimidade. Nada existe que possa incrimin\u00e1-lo&#8221;. Quando ent\u00e3o os cinco ministros da Segunda Turma do STF votaram por sua absolvi\u00e7\u00e3o, F\u00e1bio Trad brincou, lendo a senten\u00e7a: &#8220;Isto n\u00e3o \u00e9 um voto de inoc\u00eancia, \u00e9 de santidade&#8221;.<\/p>\n<p>Mas at\u00e9 chegar a esse instante, Vander Loubet viveu mergulhado num po\u00e7o devorador e cruel de rea\u00e7\u00f5es insanas de parte da sociedade. Em fevereiro de 2016, conversando com amigos numa cafeteria da Capital, viu-se rodeado por um grupo de pessoas que, em volta da sua mesa, imitavam a dan\u00e7a da quadrilha de S\u00e3o Jo\u00e3o, provocando e cantando em tom de deboche: &#8220;Pula a fogueira iai\u00e1\/Pula a fogueira ioi\u00f4\/Cuidado para n\u00e3o se queimar\/Olha o Lula\/Olha a Pol\u00edcia Federal&#8221;.<\/p>\n<p>\u00c0 frente do grupo estava o vereador Vin\u00edcius Siqueira, \u00e0 \u00e9poca no DEM e hoje pr\u00e9-candidato a prefeito pelo PSL. Siqueira e seus parceiros de maledic\u00eancia, assim como diversas pessoas que em atividades p\u00fablicas ou nas redes sociais fizeram algo semelhante, responder\u00e3o a processos criminais que est\u00e3o sendo encaminhados \u00e0 Justi\u00e7a pelos advogados do deputado. Apesar disso, Vander Loubet afirma n\u00e3o ter guardado rancor.<\/p>\n<p>&#8220;Fiquei muito triste, \u00e0s vezes muito decepcionado com isso. Por\u00e9m, recebi tantos abra\u00e7os e manifesta\u00e7\u00f5es solid\u00e1rias que tirei o ressentimento de perto de mim&#8221;, diz. &#8220;O que n\u00e3o posso deixar de fazer \u00e9 cumprir a parte que me cabe, por mim e por minha fam\u00edlia, que \u00e9 acionar na Justi\u00e7a as pessoas que me pisaram de forma cruel, por conveni\u00eancia. N\u00e3o s\u00f3 o preju\u00edzo financeiro que acumulei, mas tamb\u00e9m pelos preju\u00edzos emocionais e sociais, porque n\u00e3o h\u00e1 como manter uma conviv\u00eancia normal com o mundo num contexto desses&#8221;, desabafa.<\/p>\n<p>Vander n\u00e3o revela, mas deve ter sentido a dor e o desconforto de supor que muitas vezes, por causa da exposi\u00e7\u00e3o negativa na m\u00eddia, pessoas de suas habituais rela\u00e7\u00f5es afetivas ou pol\u00edticas poderiam estar evitando aparecer em sua companhia. Isso, por\u00e9m, se ocorreu, foi residual, acredita, por entender que a imagem gravada em sua mem\u00f3ria \u00e9 a dos gestos de solidariedade e de confian\u00e7a em sua inoc\u00eancia.<\/p>\n<p><strong>Den\u00fancia sem no\u00e7\u00e3o<\/strong> &#8211; A injusti\u00e7a das den\u00fancias, segundo o petista, est\u00e1 evidenciada em todo o processo. &#8220;S\u00e3o elementos e acusa\u00e7\u00f5es sem qualquer no\u00e7\u00e3o, fantasias do procurador Janot&#8221;, afirma. Ele diz que Janot utilizou um erro de informa\u00e7\u00e3o banc\u00e1ria, trocou o nome de opera\u00e7\u00f5es [dep\u00f3sito por transfer\u00eancia] para incrimin\u00e1-lo. O banco tamb\u00e9m ser\u00e1 processado por Vander. Outra das pe\u00e7as grosseiras de Janot: come\u00e7ou sua den\u00fancia apontando propina de R$ 1 milh\u00e3o, depois foi baixando at\u00e9 chegar a R$ 11 mil.<\/p>\n<p>O resultado de tudo isso, com as pe\u00e7as da den\u00fancia sendo derrubadas uma a uma no Supremo Tribunal Federal, foi o reconhecimento da inoc\u00eancia pelos cinco ministros: Edson Fachin, Celso de Mello, Ricardo Lewandowski, Carm\u00e9n L\u00facia e Gilmar Mendes. Curioso tamb\u00e9m \u00e9 o procedimento de parte da m\u00eddia que ajudou a criar a &#8220;onda difamadora&#8221; no Brasil com a Lava Jato. No caso de Vander Loubet, o Jornal Nacional, da TV Globo, demorou quase cinco minutos para noticiar a transforma\u00e7\u00e3o de Vander em r\u00e9u. E depois, dedicou bem menos de um minuto para informar sua absolvi\u00e7\u00e3o.<\/p>\n<p><strong>Cinco vezes<\/strong> &#8211; Vander Loubet se diz agradecido a todos que sempre acreditaram nele, tanto do partido e do arco de esquerda, como de outras concep\u00e7\u00f5es ideol\u00f3gicas. Ele e Nelson Trad (j\u00e1 falecido) s\u00e3o os \u00fanicos deputados federais eleitos consecutivamente cinco vezes em Mato Grosso do Sul. &#8220;Isso me deu um ac\u00famulo de energias e experi\u00eancias para fazer o que fa\u00e7o, cultivar boas rela\u00e7\u00f5es e fazer em Bras\u00edlia o que sei, que \u00e9 p\u00f4r o mandato no \u00e2mbito dos debates nacionais e carrear recursos para o Estado&#8221;, assinala.<\/p>\n<p>O deputado cita que no empenho para garimpar verbas e projetos da Uni\u00e3o estabeleceu s\u00f3lida e duradoura rela\u00e7\u00e3o com todos os munic\u00edpios e for\u00e7as pol\u00edticas, sem distin\u00e7\u00e3o de ideologia. exemplifica com o prefeito Marquinhos Trad (PSD), prefeito de Campo Grande, para quem, num esfor\u00e7o paciente e \u00e1rduo, contribuiu para garantir \u00e0 Capital aportes que comam R$ 100 milh\u00f5es, principalmente por meio de emendas parlamentares impositivas.<\/p>\n<p><em>(Fonte: MS Not\u00edcias)<\/em><\/p>\n","protected":false},"excerpt":{"rendered":"<p>Com decis\u00e3o do STF, pr\u00e9-candidato Vin\u00edcius Siqueira e outros agressores ser\u00e3o acionados na Justi\u00e7a.<\/p>\n","protected":false},"author":2,"featured_media":16068,"comment_status":"closed","ping_status":"closed","sticky":false,"template":"","format":"standard","meta":{"jetpack_post_was_ever_published":false,"_jetpack_newsletter_access":"","_jetpack_dont_email_post_to_subs":false,"_jetpack_newsletter_tier_id":0,"_jetpack_memberships_contains_paywalled_content":false,"_jetpack_memberships_contains_paid_content":false,"footnotes":""},"categories":[2098,10],"tags":[1107,2444,1893],"class_list":{"0":"post-16750","1":"post","2":"type-post","3":"status-publish","4":"format-standard","5":"has-post-thumbnail","7":"category-brasil-noticias","8":"category-noticias","9":"tag-justica","10":"tag-operacao-lava-jato","11":"tag-stf"},"yoast_head":"<!-- This site is optimized with the Yoast SEO plugin v27.4 - https:\/\/yoast.com\/product\/yoast-seo-wordpress\/ -->\n<title>\u00danico acusado da Lava Jato absolvido por unanimidade, Vander exalta a f\u00e9<\/title>\n<meta name=\"description\" content=\"Com decis\u00e3o do STF, pr\u00e9-candidato Vin\u00edcius Siqueira e outros agressores ser\u00e3o acionados pelo parlamentar na Justi\u00e7a.\" \/>\n<meta name=\"robots\" content=\"index, follow, max-snippet:-1, max-image-preview:large, max-video-preview:-1\" \/>\n<link rel=\"canonical\" href=\"https:\/\/vanderloubet.com.br\/deputado\/unico-acusado-da-lava-jato-absolvido-por-unanimidade-vander-exalta-a-fe\/\" \/>\n<meta property=\"og:locale\" content=\"pt_BR\" \/>\n<meta property=\"og:type\" content=\"article\" \/>\n<meta property=\"og:title\" content=\"\u00danico acusado da Lava Jato absolvido por unanimidade, Vander exalta a f\u00e9\" \/>\n<meta property=\"og:description\" content=\"Com decis\u00e3o do STF, pr\u00e9-candidato Vin\u00edcius Siqueira e outros agressores ser\u00e3o acionados pelo parlamentar na Justi\u00e7a.\" \/>\n<meta property=\"og:url\" content=\"https:\/\/vanderloubet.com.br\/deputado\/unico-acusado-da-lava-jato-absolvido-por-unanimidade-vander-exalta-a-fe\/\" \/>\n<meta property=\"og:site_name\" content=\"Deputado Federal Vander Loubet\" \/>\n<meta property=\"article:publisher\" content=\"https:\/\/facebook.com\/deputadovander\" \/>\n<meta property=\"article:published_time\" content=\"2020-09-10T12:00:16+00:00\" \/>\n<meta property=\"article:modified_time\" content=\"2020-09-10T13:03:20+00:00\" \/>\n<meta property=\"og:image\" content=\"https:\/\/vanderloubet.com.br\/deputado\/wp-content\/uploads\/2019\/10\/Deputado-Federal-Vander-Loubet-PT.jpg\" \/>\n\t<meta property=\"og:image:width\" content=\"1080\" \/>\n\t<meta property=\"og:image:height\" content=\"720\" \/>\n\t<meta property=\"og:image:type\" content=\"image\/jpeg\" \/>\n<meta name=\"author\" content=\"\u00c9der\" \/>\n<meta name=\"twitter:card\" content=\"summary_large_image\" \/>\n<meta name=\"twitter:creator\" content=\"@vanderloubet\" \/>\n<meta name=\"twitter:site\" content=\"@vanderloubet\" \/>\n<script type=\"application\/ld+json\" class=\"yoast-schema-graph\">{\"@context\":\"https:\\\/\\\/schema.org\",\"@graph\":[{\"@type\":\"Article\",\"@id\":\"https:\\\/\\\/vanderloubet.com.br\\\/deputado\\\/unico-acusado-da-lava-jato-absolvido-por-unanimidade-vander-exalta-a-fe\\\/#article\",\"isPartOf\":{\"@id\":\"https:\\\/\\\/vanderloubet.com.br\\\/deputado\\\/unico-acusado-da-lava-jato-absolvido-por-unanimidade-vander-exalta-a-fe\\\/\"},\"author\":{\"name\":\"\u00c9der\",\"@id\":\"https:\\\/\\\/vanderloubet.com.br\\\/deputado\\\/#\\\/schema\\\/person\\\/15b51bd564532a8a68d9dec1b8eb890e\"},\"headline\":\"\u00danico acusado da Lava Jato absolvido por unanimidade, Vander exalta a f\u00e9\",\"datePublished\":\"2020-09-10T12:00:16+00:00\",\"dateModified\":\"2020-09-10T13:03:20+00:00\",\"mainEntityOfPage\":{\"@id\":\"https:\\\/\\\/vanderloubet.com.br\\\/deputado\\\/unico-acusado-da-lava-jato-absolvido-por-unanimidade-vander-exalta-a-fe\\\/\"},\"wordCount\":980,\"publisher\":{\"@id\":\"https:\\\/\\\/vanderloubet.com.br\\\/deputado\\\/#organization\"},\"image\":{\"@id\":\"https:\\\/\\\/vanderloubet.com.br\\\/deputado\\\/unico-acusado-da-lava-jato-absolvido-por-unanimidade-vander-exalta-a-fe\\\/#primaryimage\"},\"thumbnailUrl\":\"https:\\\/\\\/vanderloubet.com.br\\\/deputado\\\/wp-content\\\/uploads\\\/2019\\\/10\\\/Deputado-Federal-Vander-Loubet-PT.jpg\",\"keywords\":[\"justi\u00e7a\",\"opera\u00e7\u00e3o lava jato\",\"stf\"],\"articleSection\":[\"Brasil\",\"Not\u00edcias\"],\"inLanguage\":\"pt-BR\"},{\"@type\":\"WebPage\",\"@id\":\"https:\\\/\\\/vanderloubet.com.br\\\/deputado\\\/unico-acusado-da-lava-jato-absolvido-por-unanimidade-vander-exalta-a-fe\\\/\",\"url\":\"https:\\\/\\\/vanderloubet.com.br\\\/deputado\\\/unico-acusado-da-lava-jato-absolvido-por-unanimidade-vander-exalta-a-fe\\\/\",\"name\":\"\u00danico acusado da Lava Jato absolvido por unanimidade, Vander exalta a f\u00e9\",\"isPartOf\":{\"@id\":\"https:\\\/\\\/vanderloubet.com.br\\\/deputado\\\/#website\"},\"primaryImageOfPage\":{\"@id\":\"https:\\\/\\\/vanderloubet.com.br\\\/deputado\\\/unico-acusado-da-lava-jato-absolvido-por-unanimidade-vander-exalta-a-fe\\\/#primaryimage\"},\"image\":{\"@id\":\"https:\\\/\\\/vanderloubet.com.br\\\/deputado\\\/unico-acusado-da-lava-jato-absolvido-por-unanimidade-vander-exalta-a-fe\\\/#primaryimage\"},\"thumbnailUrl\":\"https:\\\/\\\/vanderloubet.com.br\\\/deputado\\\/wp-content\\\/uploads\\\/2019\\\/10\\\/Deputado-Federal-Vander-Loubet-PT.jpg\",\"datePublished\":\"2020-09-10T12:00:16+00:00\",\"dateModified\":\"2020-09-10T13:03:20+00:00\",\"description\":\"Com decis\u00e3o do STF, pr\u00e9-candidato Vin\u00edcius Siqueira e outros agressores ser\u00e3o acionados pelo parlamentar na Justi\u00e7a.\",\"breadcrumb\":{\"@id\":\"https:\\\/\\\/vanderloubet.com.br\\\/deputado\\\/unico-acusado-da-lava-jato-absolvido-por-unanimidade-vander-exalta-a-fe\\\/#breadcrumb\"},\"inLanguage\":\"pt-BR\",\"potentialAction\":[{\"@type\":\"ReadAction\",\"target\":[\"https:\\\/\\\/vanderloubet.com.br\\\/deputado\\\/unico-acusado-da-lava-jato-absolvido-por-unanimidade-vander-exalta-a-fe\\\/\"]}]},{\"@type\":\"ImageObject\",\"inLanguage\":\"pt-BR\",\"@id\":\"https:\\\/\\\/vanderloubet.com.br\\\/deputado\\\/unico-acusado-da-lava-jato-absolvido-por-unanimidade-vander-exalta-a-fe\\\/#primaryimage\",\"url\":\"https:\\\/\\\/vanderloubet.com.br\\\/deputado\\\/wp-content\\\/uploads\\\/2019\\\/10\\\/Deputado-Federal-Vander-Loubet-PT.jpg\",\"contentUrl\":\"https:\\\/\\\/vanderloubet.com.br\\\/deputado\\\/wp-content\\\/uploads\\\/2019\\\/10\\\/Deputado-Federal-Vander-Loubet-PT.jpg\",\"width\":1080,\"height\":720,\"caption\":\"Deputado Federal Vander Loubet (PT)\"},{\"@type\":\"BreadcrumbList\",\"@id\":\"https:\\\/\\\/vanderloubet.com.br\\\/deputado\\\/unico-acusado-da-lava-jato-absolvido-por-unanimidade-vander-exalta-a-fe\\\/#breadcrumb\",\"itemListElement\":[{\"@type\":\"ListItem\",\"position\":1,\"name\":\"In\u00edcio\",\"item\":\"https:\\\/\\\/vanderloubet.com.br\\\/deputado\\\/\"},{\"@type\":\"ListItem\",\"position\":2,\"name\":\"\u00danico acusado da Lava Jato absolvido por unanimidade, Vander exalta a f\u00e9\"}]},{\"@type\":\"WebSite\",\"@id\":\"https:\\\/\\\/vanderloubet.com.br\\\/deputado\\\/#website\",\"url\":\"https:\\\/\\\/vanderloubet.com.br\\\/deputado\\\/\",\"name\":\"Deputado Federal Vander Loubet\",\"description\":\"O Federal de MS\",\"publisher\":{\"@id\":\"https:\\\/\\\/vanderloubet.com.br\\\/deputado\\\/#organization\"},\"alternateName\":\"Deputado Vander\",\"potentialAction\":[{\"@type\":\"SearchAction\",\"target\":{\"@type\":\"EntryPoint\",\"urlTemplate\":\"https:\\\/\\\/vanderloubet.com.br\\\/deputado\\\/?s={search_term_string}\"},\"query-input\":{\"@type\":\"PropertyValueSpecification\",\"valueRequired\":true,\"valueName\":\"search_term_string\"}}],\"inLanguage\":\"pt-BR\"},{\"@type\":\"Organization\",\"@id\":\"https:\\\/\\\/vanderloubet.com.br\\\/deputado\\\/#organization\",\"name\":\"Deputado Federal Vander Loubet\",\"alternateName\":\"Deputado Vander\",\"url\":\"https:\\\/\\\/vanderloubet.com.br\\\/deputado\\\/\",\"logo\":{\"@type\":\"ImageObject\",\"inLanguage\":\"pt-BR\",\"@id\":\"https:\\\/\\\/vanderloubet.com.br\\\/deputado\\\/#\\\/schema\\\/logo\\\/image\\\/\",\"url\":\"https:\\\/\\\/vanderloubet.com.br\\\/deputado\\\/wp-content\\\/uploads\\\/2023\\\/06\\\/foto-2023-06-19-mandato-deputado-vander.jpg\",\"contentUrl\":\"https:\\\/\\\/vanderloubet.com.br\\\/deputado\\\/wp-content\\\/uploads\\\/2023\\\/06\\\/foto-2023-06-19-mandato-deputado-vander.jpg\",\"width\":1080,\"height\":1080,\"caption\":\"Deputado Federal Vander Loubet\"},\"image\":{\"@id\":\"https:\\\/\\\/vanderloubet.com.br\\\/deputado\\\/#\\\/schema\\\/logo\\\/image\\\/\"},\"sameAs\":[\"https:\\\/\\\/facebook.com\\\/deputadovander\",\"https:\\\/\\\/x.com\\\/vanderloubet\",\"https:\\\/\\\/instagram.com\\\/vanderloubet\",\"https:\\\/\\\/youtube.com\\\/vanderloubet\",\"https:\\\/\\\/tiktok.com\\\/@vanderloubetms\"]},{\"@type\":\"Person\",\"@id\":\"https:\\\/\\\/vanderloubet.com.br\\\/deputado\\\/#\\\/schema\\\/person\\\/15b51bd564532a8a68d9dec1b8eb890e\",\"name\":\"\u00c9der\",\"image\":{\"@type\":\"ImageObject\",\"inLanguage\":\"pt-BR\",\"@id\":\"https:\\\/\\\/vanderloubet.com.br\\\/deputado\\\/wp-content\\\/litespeed\\\/avatar\\\/88ca4090d9d5ab1c9495f6ca03b68efa.jpg?ver=1777058957\",\"url\":\"https:\\\/\\\/vanderloubet.com.br\\\/deputado\\\/wp-content\\\/litespeed\\\/avatar\\\/88ca4090d9d5ab1c9495f6ca03b68efa.jpg?ver=1777058957\",\"contentUrl\":\"https:\\\/\\\/vanderloubet.com.br\\\/deputado\\\/wp-content\\\/litespeed\\\/avatar\\\/88ca4090d9d5ab1c9495f6ca03b68efa.jpg?ver=1777058957\",\"caption\":\"\u00c9der\"}}]}<\/script>\n<!-- \/ Yoast SEO plugin. -->","yoast_head_json":{"title":"\u00danico acusado da Lava Jato absolvido por unanimidade, Vander exalta a f\u00e9","description":"Com decis\u00e3o do STF, pr\u00e9-candidato Vin\u00edcius Siqueira e outros agressores ser\u00e3o acionados pelo parlamentar na Justi\u00e7a.","robots":{"index":"index","follow":"follow","max-snippet":"max-snippet:-1","max-image-preview":"max-image-preview:large","max-video-preview":"max-video-preview:-1"},"canonical":"https:\/\/vanderloubet.com.br\/deputado\/unico-acusado-da-lava-jato-absolvido-por-unanimidade-vander-exalta-a-fe\/","og_locale":"pt_BR","og_type":"article","og_title":"\u00danico acusado da Lava Jato absolvido por unanimidade, Vander exalta a f\u00e9","og_description":"Com decis\u00e3o do STF, pr\u00e9-candidato Vin\u00edcius Siqueira e outros agressores ser\u00e3o acionados pelo parlamentar na Justi\u00e7a.","og_url":"https:\/\/vanderloubet.com.br\/deputado\/unico-acusado-da-lava-jato-absolvido-por-unanimidade-vander-exalta-a-fe\/","og_site_name":"Deputado Federal Vander Loubet","article_publisher":"https:\/\/facebook.com\/deputadovander","article_published_time":"2020-09-10T12:00:16+00:00","article_modified_time":"2020-09-10T13:03:20+00:00","og_image":[{"width":1080,"height":720,"url":"https:\/\/vanderloubet.com.br\/deputado\/wp-content\/uploads\/2019\/10\/Deputado-Federal-Vander-Loubet-PT.jpg","type":"image\/jpeg"}],"author":"\u00c9der","twitter_card":"summary_large_image","twitter_creator":"@vanderloubet","twitter_site":"@vanderloubet","schema":{"@context":"https:\/\/schema.org","@graph":[{"@type":"Article","@id":"https:\/\/vanderloubet.com.br\/deputado\/unico-acusado-da-lava-jato-absolvido-por-unanimidade-vander-exalta-a-fe\/#article","isPartOf":{"@id":"https:\/\/vanderloubet.com.br\/deputado\/unico-acusado-da-lava-jato-absolvido-por-unanimidade-vander-exalta-a-fe\/"},"author":{"name":"\u00c9der","@id":"https:\/\/vanderloubet.com.br\/deputado\/#\/schema\/person\/15b51bd564532a8a68d9dec1b8eb890e"},"headline":"\u00danico acusado da Lava Jato absolvido por unanimidade, Vander exalta a f\u00e9","datePublished":"2020-09-10T12:00:16+00:00","dateModified":"2020-09-10T13:03:20+00:00","mainEntityOfPage":{"@id":"https:\/\/vanderloubet.com.br\/deputado\/unico-acusado-da-lava-jato-absolvido-por-unanimidade-vander-exalta-a-fe\/"},"wordCount":980,"publisher":{"@id":"https:\/\/vanderloubet.com.br\/deputado\/#organization"},"image":{"@id":"https:\/\/vanderloubet.com.br\/deputado\/unico-acusado-da-lava-jato-absolvido-por-unanimidade-vander-exalta-a-fe\/#primaryimage"},"thumbnailUrl":"https:\/\/vanderloubet.com.br\/deputado\/wp-content\/uploads\/2019\/10\/Deputado-Federal-Vander-Loubet-PT.jpg","keywords":["justi\u00e7a","opera\u00e7\u00e3o lava jato","stf"],"articleSection":["Brasil","Not\u00edcias"],"inLanguage":"pt-BR"},{"@type":"WebPage","@id":"https:\/\/vanderloubet.com.br\/deputado\/unico-acusado-da-lava-jato-absolvido-por-unanimidade-vander-exalta-a-fe\/","url":"https:\/\/vanderloubet.com.br\/deputado\/unico-acusado-da-lava-jato-absolvido-por-unanimidade-vander-exalta-a-fe\/","name":"\u00danico acusado da Lava Jato absolvido por unanimidade, Vander exalta a f\u00e9","isPartOf":{"@id":"https:\/\/vanderloubet.com.br\/deputado\/#website"},"primaryImageOfPage":{"@id":"https:\/\/vanderloubet.com.br\/deputado\/unico-acusado-da-lava-jato-absolvido-por-unanimidade-vander-exalta-a-fe\/#primaryimage"},"image":{"@id":"https:\/\/vanderloubet.com.br\/deputado\/unico-acusado-da-lava-jato-absolvido-por-unanimidade-vander-exalta-a-fe\/#primaryimage"},"thumbnailUrl":"https:\/\/vanderloubet.com.br\/deputado\/wp-content\/uploads\/2019\/10\/Deputado-Federal-Vander-Loubet-PT.jpg","datePublished":"2020-09-10T12:00:16+00:00","dateModified":"2020-09-10T13:03:20+00:00","description":"Com decis\u00e3o do STF, pr\u00e9-candidato Vin\u00edcius Siqueira e outros agressores ser\u00e3o acionados pelo parlamentar na Justi\u00e7a.","breadcrumb":{"@id":"https:\/\/vanderloubet.com.br\/deputado\/unico-acusado-da-lava-jato-absolvido-por-unanimidade-vander-exalta-a-fe\/#breadcrumb"},"inLanguage":"pt-BR","potentialAction":[{"@type":"ReadAction","target":["https:\/\/vanderloubet.com.br\/deputado\/unico-acusado-da-lava-jato-absolvido-por-unanimidade-vander-exalta-a-fe\/"]}]},{"@type":"ImageObject","inLanguage":"pt-BR","@id":"https:\/\/vanderloubet.com.br\/deputado\/unico-acusado-da-lava-jato-absolvido-por-unanimidade-vander-exalta-a-fe\/#primaryimage","url":"https:\/\/vanderloubet.com.br\/deputado\/wp-content\/uploads\/2019\/10\/Deputado-Federal-Vander-Loubet-PT.jpg","contentUrl":"https:\/\/vanderloubet.com.br\/deputado\/wp-content\/uploads\/2019\/10\/Deputado-Federal-Vander-Loubet-PT.jpg","width":1080,"height":720,"caption":"Deputado Federal Vander Loubet (PT)"},{"@type":"BreadcrumbList","@id":"https:\/\/vanderloubet.com.br\/deputado\/unico-acusado-da-lava-jato-absolvido-por-unanimidade-vander-exalta-a-fe\/#breadcrumb","itemListElement":[{"@type":"ListItem","position":1,"name":"In\u00edcio","item":"https:\/\/vanderloubet.com.br\/deputado\/"},{"@type":"ListItem","position":2,"name":"\u00danico acusado da Lava Jato absolvido por unanimidade, Vander exalta a f\u00e9"}]},{"@type":"WebSite","@id":"https:\/\/vanderloubet.com.br\/deputado\/#website","url":"https:\/\/vanderloubet.com.br\/deputado\/","name":"Deputado Federal Vander Loubet","description":"O Federal de MS","publisher":{"@id":"https:\/\/vanderloubet.com.br\/deputado\/#organization"},"alternateName":"Deputado Vander","potentialAction":[{"@type":"SearchAction","target":{"@type":"EntryPoint","urlTemplate":"https:\/\/vanderloubet.com.br\/deputado\/?s={search_term_string}"},"query-input":{"@type":"PropertyValueSpecification","valueRequired":true,"valueName":"search_term_string"}}],"inLanguage":"pt-BR"},{"@type":"Organization","@id":"https:\/\/vanderloubet.com.br\/deputado\/#organization","name":"Deputado Federal Vander Loubet","alternateName":"Deputado Vander","url":"https:\/\/vanderloubet.com.br\/deputado\/","logo":{"@type":"ImageObject","inLanguage":"pt-BR","@id":"https:\/\/vanderloubet.com.br\/deputado\/#\/schema\/logo\/image\/","url":"https:\/\/vanderloubet.com.br\/deputado\/wp-content\/uploads\/2023\/06\/foto-2023-06-19-mandato-deputado-vander.jpg","contentUrl":"https:\/\/vanderloubet.com.br\/deputado\/wp-content\/uploads\/2023\/06\/foto-2023-06-19-mandato-deputado-vander.jpg","width":1080,"height":1080,"caption":"Deputado Federal Vander Loubet"},"image":{"@id":"https:\/\/vanderloubet.com.br\/deputado\/#\/schema\/logo\/image\/"},"sameAs":["https:\/\/facebook.com\/deputadovander","https:\/\/x.com\/vanderloubet","https:\/\/instagram.com\/vanderloubet","https:\/\/youtube.com\/vanderloubet","https:\/\/tiktok.com\/@vanderloubetms"]},{"@type":"Person","@id":"https:\/\/vanderloubet.com.br\/deputado\/#\/schema\/person\/15b51bd564532a8a68d9dec1b8eb890e","name":"\u00c9der","image":{"@type":"ImageObject","inLanguage":"pt-BR","@id":"https:\/\/vanderloubet.com.br\/deputado\/wp-content\/litespeed\/avatar\/88ca4090d9d5ab1c9495f6ca03b68efa.jpg?ver=1777058957","url":"https:\/\/vanderloubet.com.br\/deputado\/wp-content\/litespeed\/avatar\/88ca4090d9d5ab1c9495f6ca03b68efa.jpg?ver=1777058957","contentUrl":"https:\/\/vanderloubet.com.br\/deputado\/wp-content\/litespeed\/avatar\/88ca4090d9d5ab1c9495f6ca03b68efa.jpg?ver=1777058957","caption":"\u00c9der"}}]}},"jetpack_featured_media_url":"https:\/\/vanderloubet.com.br\/deputado\/wp-content\/uploads\/2019\/10\/Deputado-Federal-Vander-Loubet-PT.jpg","jetpack_sharing_enabled":true,"_links":{"self":[{"href":"https:\/\/vanderloubet.com.br\/deputado\/wp-json\/wp\/v2\/posts\/16750","targetHints":{"allow":["GET"]}}],"collection":[{"href":"https:\/\/vanderloubet.com.br\/deputado\/wp-json\/wp\/v2\/posts"}],"about":[{"href":"https:\/\/vanderloubet.com.br\/deputado\/wp-json\/wp\/v2\/types\/post"}],"author":[{"embeddable":true,"href":"https:\/\/vanderloubet.com.br\/deputado\/wp-json\/wp\/v2\/users\/2"}],"replies":[{"embeddable":true,"href":"https:\/\/vanderloubet.com.br\/deputado\/wp-json\/wp\/v2\/comments?post=16750"}],"version-history":[{"count":0,"href":"https:\/\/vanderloubet.com.br\/deputado\/wp-json\/wp\/v2\/posts\/16750\/revisions"}],"wp:featuredmedia":[{"embeddable":true,"href":"https:\/\/vanderloubet.com.br\/deputado\/wp-json\/wp\/v2\/media\/16068"}],"wp:attachment":[{"href":"https:\/\/vanderloubet.com.br\/deputado\/wp-json\/wp\/v2\/media?parent=16750"}],"wp:term":[{"taxonomy":"category","embeddable":true,"href":"https:\/\/vanderloubet.com.br\/deputado\/wp-json\/wp\/v2\/categories?post=16750"},{"taxonomy":"post_tag","embeddable":true,"href":"https:\/\/vanderloubet.com.br\/deputado\/wp-json\/wp\/v2\/tags?post=16750"}],"curies":[{"name":"wp","href":"https:\/\/api.w.org\/{rel}","templated":true}]}}