{"id":16730,"date":"2020-08-25T09:00:02","date_gmt":"2020-08-25T13:00:02","guid":{"rendered":"http:\/\/vanderloubet.com.br\/deputado\/?p=16730"},"modified":"2020-08-26T16:55:23","modified_gmt":"2020-08-26T20:55:23","slug":"vander-participa-de-lancamento-de-cursos-online-gratuitos-da-ufms","status":"publish","type":"post","link":"https:\/\/vanderloubet.com.br\/deputado\/vander-participa-de-lancamento-de-cursos-online-gratuitos-da-ufms\/","title":{"rendered":"Vander participa de lan\u00e7amento de cursos online gratuitos da UFMS"},"content":{"rendered":"<p><iframe title=\"Lan\u00e7amento do Cursinho 2.0 e Progeli 2.0 da UFMS\" width=\"696\" height=\"392\" src=\"https:\/\/www.youtube.com\/embed\/ZogfU3-1Cyk?feature=oembed\" frameborder=\"0\" allow=\"accelerometer; autoplay; encrypted-media; gyroscope; picture-in-picture\" allowfullscreen><\/iframe><\/p>\n<p>Na noite de 24 de agosto, o deputado federal Vander Loubet participou de uma transmiss\u00e3o ao vivo de lan\u00e7amento do Cursinho 2.0 (curso preparat\u00f3rio para vestibulares e para o Enem &#8211; Exame Nacional do Ensino M\u00e9dio) e do Progeli 2.0 (Programa de Extens\u00e3o em Ensino de L\u00ednguas).<\/p>\n<p>Os cursos deste ano \u2013 que integram o projeto UFMS Prepara \u2013 contam com o apoio do deputado federal Vander Loubet, que destinou uma emenda parlamentar para financiar estes e outros projetos de extens\u00e3o da Universidade.<\/p>\n<p>&#8220;Estou muito contente por poder ajudar a nossa universidade federal a oferecer essas oportunidades para nossa popula\u00e7\u00e3o&#8221;, destacou o deputado.<\/p>\n<p>Com 300 vagas, o Cursinho UFMS 2.0 oferecer\u00e1 as disciplinas de Matem\u00e1tica, Portugu\u00eas, Biologia e Qu\u00edmica. J\u00e1 para o Progeli 2.0 s\u00e3o 450 vagas, distribu\u00eddas em sete modalidades: leitura em ingl\u00eas (para alunos do Ensino M\u00e9dio), leitura em espanhol (para alunos do Ensino M\u00e9dio), leitura em ingl\u00eas (g\u00eaneros acad\u00eamicos), leitura em espanhol (g\u00eaneros acad\u00eamicos), escrita em ingl\u00eas (para iniciantes), ingl\u00eas (para iniciantes) e espanhol (para iniciantes).<\/p>\n<p>As aulas ser\u00e3o realizadas pela internet devido \u00e0 pandemia de Covid-19 e utilizar\u00e3o a plataforma de ensino Moodle, sendo compostas por videoaulas, resolu\u00e7\u00e3o de exerc\u00edcios e sess\u00f5es para orienta\u00e7\u00e3o did\u00e1tica.<\/p>\n","protected":false},"excerpt":{"rendered":"<p>Os cursos deste ano contam com o apoio do deputado, que destinou uma emenda parlamentar para financiar estes e outros projetos de extens\u00e3o.<\/p>\n","protected":false},"author":2,"featured_media":16732,"comment_status":"closed","ping_status":"closed","sticky":false,"template":"","format":"video","meta":{"jetpack_post_was_ever_published":false,"_jetpack_newsletter_access":"","_jetpack_dont_email_post_to_subs":false,"_jetpack_newsletter_tier_id":0,"_jetpack_memberships_contains_paywalled_content":false,"_jetpack_memberships_contains_paid_content":false,"footnotes":""},"categories":[2099,2101,10,12],"tags":[697,2127,2327],"class_list":{"0":"post-16730","1":"post","2":"type-post","3":"status-publish","4":"format-video","5":"has-post-thumbnail","7":"category-ms-noticias","8":"category-multimidia","9":"category-noticias","10":"category-videos","11":"tag-educacao","12":"tag-emenda-parlamentar","13":"tag-ensino-superior","14":"post_format-post-format-video"},"yoast_head":"<!-- This site is optimized with the Yoast SEO plugin v27.4 - https:\/\/yoast.com\/product\/yoast-seo-wordpress\/ -->\n<title>Vander participa de lan\u00e7amento de cursos online gratuitos da UFMS<\/title>\n<meta name=\"description\" content=\"Os cursos deste ano contam com o apoio do deputado, que destinou uma emenda parlamentar para financiar estes e outros projetos de extens\u00e3o.\" \/>\n<meta name=\"robots\" content=\"index, follow, max-snippet:-1, max-image-preview:large, max-video-preview:-1\" \/>\n<link rel=\"canonical\" href=\"https:\/\/vanderloubet.com.br\/deputado\/vander-participa-de-lancamento-de-cursos-online-gratuitos-da-ufms\/\" \/>\n<meta property=\"og:locale\" content=\"pt_BR\" \/>\n<meta property=\"og:type\" content=\"article\" \/>\n<meta property=\"og:title\" content=\"Vander participa de lan\u00e7amento de cursos online gratuitos da UFMS\" \/>\n<meta property=\"og:description\" content=\"Os cursos deste ano contam com o apoio do deputado, que destinou uma emenda parlamentar para financiar estes e outros projetos de extens\u00e3o.\" \/>\n<meta property=\"og:url\" content=\"https:\/\/vanderloubet.com.br\/deputado\/vander-participa-de-lancamento-de-cursos-online-gratuitos-da-ufms\/\" \/>\n<meta property=\"og:site_name\" content=\"Deputado Federal Vander Loubet\" \/>\n<meta property=\"article:publisher\" content=\"https:\/\/facebook.com\/deputadovander\" \/>\n<meta property=\"article:published_time\" content=\"2020-08-25T13:00:02+00:00\" \/>\n<meta property=\"article:modified_time\" content=\"2020-08-26T20:55:23+00:00\" \/>\n<meta property=\"og:image\" content=\"https:\/\/vanderloubet.com.br\/deputado\/wp-content\/uploads\/2020\/08\/foto-2020-08-25-cursinho-progeli-ufms.jpg\" \/>\n\t<meta property=\"og:image:width\" content=\"1080\" \/>\n\t<meta property=\"og:image:height\" content=\"608\" \/>\n\t<meta property=\"og:image:type\" content=\"image\/jpeg\" \/>\n<meta name=\"author\" content=\"\u00c9der\" \/>\n<meta name=\"twitter:card\" content=\"summary_large_image\" \/>\n<meta name=\"twitter:creator\" content=\"@vanderloubet\" \/>\n<meta name=\"twitter:site\" content=\"@vanderloubet\" \/>\n<script type=\"application\/ld+json\" class=\"yoast-schema-graph\">{\"@context\":\"https:\\\/\\\/schema.org\",\"@graph\":[{\"@type\":\"Article\",\"@id\":\"https:\\\/\\\/vanderloubet.com.br\\\/deputado\\\/vander-participa-de-lancamento-de-cursos-online-gratuitos-da-ufms\\\/#article\",\"isPartOf\":{\"@id\":\"https:\\\/\\\/vanderloubet.com.br\\\/deputado\\\/vander-participa-de-lancamento-de-cursos-online-gratuitos-da-ufms\\\/\"},\"author\":{\"name\":\"\u00c9der\",\"@id\":\"https:\\\/\\\/vanderloubet.com.br\\\/deputado\\\/#\\\/schema\\\/person\\\/15b51bd564532a8a68d9dec1b8eb890e\"},\"headline\":\"Vander participa de lan\u00e7amento de cursos online gratuitos da UFMS\",\"datePublished\":\"2020-08-25T13:00:02+00:00\",\"dateModified\":\"2020-08-26T20:55:23+00:00\",\"mainEntityOfPage\":{\"@id\":\"https:\\\/\\\/vanderloubet.com.br\\\/deputado\\\/vander-participa-de-lancamento-de-cursos-online-gratuitos-da-ufms\\\/\"},\"wordCount\":236,\"publisher\":{\"@id\":\"https:\\\/\\\/vanderloubet.com.br\\\/deputado\\\/#organization\"},\"image\":{\"@id\":\"https:\\\/\\\/vanderloubet.com.br\\\/deputado\\\/vander-participa-de-lancamento-de-cursos-online-gratuitos-da-ufms\\\/#primaryimage\"},\"thumbnailUrl\":\"https:\\\/\\\/vanderloubet.com.br\\\/deputado\\\/wp-content\\\/uploads\\\/2020\\\/08\\\/foto-2020-08-25-cursinho-progeli-ufms.jpg\",\"keywords\":[\"educa\u00e7\u00e3o\",\"emenda parlamentar\",\"ensino superior\"],\"articleSection\":[\"Mato Grosso do Sul\",\"Multim\u00eddia\",\"Not\u00edcias\",\"V\u00eddeos\"],\"inLanguage\":\"pt-BR\"},{\"@type\":\"WebPage\",\"@id\":\"https:\\\/\\\/vanderloubet.com.br\\\/deputado\\\/vander-participa-de-lancamento-de-cursos-online-gratuitos-da-ufms\\\/\",\"url\":\"https:\\\/\\\/vanderloubet.com.br\\\/deputado\\\/vander-participa-de-lancamento-de-cursos-online-gratuitos-da-ufms\\\/\",\"name\":\"Vander participa de lan\u00e7amento de cursos online gratuitos da UFMS\",\"isPartOf\":{\"@id\":\"https:\\\/\\\/vanderloubet.com.br\\\/deputado\\\/#website\"},\"primaryImageOfPage\":{\"@id\":\"https:\\\/\\\/vanderloubet.com.br\\\/deputado\\\/vander-participa-de-lancamento-de-cursos-online-gratuitos-da-ufms\\\/#primaryimage\"},\"image\":{\"@id\":\"https:\\\/\\\/vanderloubet.com.br\\\/deputado\\\/vander-participa-de-lancamento-de-cursos-online-gratuitos-da-ufms\\\/#primaryimage\"},\"thumbnailUrl\":\"https:\\\/\\\/vanderloubet.com.br\\\/deputado\\\/wp-content\\\/uploads\\\/2020\\\/08\\\/foto-2020-08-25-cursinho-progeli-ufms.jpg\",\"datePublished\":\"2020-08-25T13:00:02+00:00\",\"dateModified\":\"2020-08-26T20:55:23+00:00\",\"description\":\"Os cursos deste ano contam com o apoio do deputado, que destinou uma emenda parlamentar para financiar estes e outros projetos de extens\u00e3o.\",\"breadcrumb\":{\"@id\":\"https:\\\/\\\/vanderloubet.com.br\\\/deputado\\\/vander-participa-de-lancamento-de-cursos-online-gratuitos-da-ufms\\\/#breadcrumb\"},\"inLanguage\":\"pt-BR\",\"potentialAction\":[{\"@type\":\"ReadAction\",\"target\":[\"https:\\\/\\\/vanderloubet.com.br\\\/deputado\\\/vander-participa-de-lancamento-de-cursos-online-gratuitos-da-ufms\\\/\"]}]},{\"@type\":\"ImageObject\",\"inLanguage\":\"pt-BR\",\"@id\":\"https:\\\/\\\/vanderloubet.com.br\\\/deputado\\\/vander-participa-de-lancamento-de-cursos-online-gratuitos-da-ufms\\\/#primaryimage\",\"url\":\"https:\\\/\\\/vanderloubet.com.br\\\/deputado\\\/wp-content\\\/uploads\\\/2020\\\/08\\\/foto-2020-08-25-cursinho-progeli-ufms.jpg\",\"contentUrl\":\"https:\\\/\\\/vanderloubet.com.br\\\/deputado\\\/wp-content\\\/uploads\\\/2020\\\/08\\\/foto-2020-08-25-cursinho-progeli-ufms.jpg\",\"width\":1080,\"height\":608,\"caption\":\"Vander participa de lan\u00e7amento de cursos online gratuitos da UFMS\"},{\"@type\":\"BreadcrumbList\",\"@id\":\"https:\\\/\\\/vanderloubet.com.br\\\/deputado\\\/vander-participa-de-lancamento-de-cursos-online-gratuitos-da-ufms\\\/#breadcrumb\",\"itemListElement\":[{\"@type\":\"ListItem\",\"position\":1,\"name\":\"In\u00edcio\",\"item\":\"https:\\\/\\\/vanderloubet.com.br\\\/deputado\\\/\"},{\"@type\":\"ListItem\",\"position\":2,\"name\":\"Vander participa de lan\u00e7amento de cursos online gratuitos da UFMS\"}]},{\"@type\":\"WebSite\",\"@id\":\"https:\\\/\\\/vanderloubet.com.br\\\/deputado\\\/#website\",\"url\":\"https:\\\/\\\/vanderloubet.com.br\\\/deputado\\\/\",\"name\":\"Deputado Federal Vander Loubet\",\"description\":\"O Federal de MS\",\"publisher\":{\"@id\":\"https:\\\/\\\/vanderloubet.com.br\\\/deputado\\\/#organization\"},\"alternateName\":\"Deputado Vander\",\"potentialAction\":[{\"@type\":\"SearchAction\",\"target\":{\"@type\":\"EntryPoint\",\"urlTemplate\":\"https:\\\/\\\/vanderloubet.com.br\\\/deputado\\\/?s={search_term_string}\"},\"query-input\":{\"@type\":\"PropertyValueSpecification\",\"valueRequired\":true,\"valueName\":\"search_term_string\"}}],\"inLanguage\":\"pt-BR\"},{\"@type\":\"Organization\",\"@id\":\"https:\\\/\\\/vanderloubet.com.br\\\/deputado\\\/#organization\",\"name\":\"Deputado Federal Vander Loubet\",\"alternateName\":\"Deputado Vander\",\"url\":\"https:\\\/\\\/vanderloubet.com.br\\\/deputado\\\/\",\"logo\":{\"@type\":\"ImageObject\",\"inLanguage\":\"pt-BR\",\"@id\":\"https:\\\/\\\/vanderloubet.com.br\\\/deputado\\\/#\\\/schema\\\/logo\\\/image\\\/\",\"url\":\"https:\\\/\\\/vanderloubet.com.br\\\/deputado\\\/wp-content\\\/uploads\\\/2023\\\/06\\\/foto-2023-06-19-mandato-deputado-vander.jpg\",\"contentUrl\":\"https:\\\/\\\/vanderloubet.com.br\\\/deputado\\\/wp-content\\\/uploads\\\/2023\\\/06\\\/foto-2023-06-19-mandato-deputado-vander.jpg\",\"width\":1080,\"height\":1080,\"caption\":\"Deputado Federal Vander Loubet\"},\"image\":{\"@id\":\"https:\\\/\\\/vanderloubet.com.br\\\/deputado\\\/#\\\/schema\\\/logo\\\/image\\\/\"},\"sameAs\":[\"https:\\\/\\\/facebook.com\\\/deputadovander\",\"https:\\\/\\\/x.com\\\/vanderloubet\",\"https:\\\/\\\/instagram.com\\\/vanderloubet\",\"https:\\\/\\\/youtube.com\\\/vanderloubet\",\"https:\\\/\\\/tiktok.com\\\/@vanderloubetms\"]},{\"@type\":\"Person\",\"@id\":\"https:\\\/\\\/vanderloubet.com.br\\\/deputado\\\/#\\\/schema\\\/person\\\/15b51bd564532a8a68d9dec1b8eb890e\",\"name\":\"\u00c9der\",\"image\":{\"@type\":\"ImageObject\",\"inLanguage\":\"pt-BR\",\"@id\":\"https:\\\/\\\/vanderloubet.com.br\\\/deputado\\\/wp-content\\\/litespeed\\\/avatar\\\/88ca4090d9d5ab1c9495f6ca03b68efa.jpg?ver=1777058957\",\"url\":\"https:\\\/\\\/vanderloubet.com.br\\\/deputado\\\/wp-content\\\/litespeed\\\/avatar\\\/88ca4090d9d5ab1c9495f6ca03b68efa.jpg?ver=1777058957\",\"contentUrl\":\"https:\\\/\\\/vanderloubet.com.br\\\/deputado\\\/wp-content\\\/litespeed\\\/avatar\\\/88ca4090d9d5ab1c9495f6ca03b68efa.jpg?ver=1777058957\",\"caption\":\"\u00c9der\"}}]}<\/script>\n<!-- \/ Yoast SEO plugin. -->","yoast_head_json":{"title":"Vander participa de lan\u00e7amento de cursos online gratuitos da UFMS","description":"Os cursos deste ano contam com o apoio do deputado, que destinou uma emenda parlamentar para financiar estes e outros projetos de extens\u00e3o.","robots":{"index":"index","follow":"follow","max-snippet":"max-snippet:-1","max-image-preview":"max-image-preview:large","max-video-preview":"max-video-preview:-1"},"canonical":"https:\/\/vanderloubet.com.br\/deputado\/vander-participa-de-lancamento-de-cursos-online-gratuitos-da-ufms\/","og_locale":"pt_BR","og_type":"article","og_title":"Vander participa de lan\u00e7amento de cursos online gratuitos da UFMS","og_description":"Os cursos deste ano contam com o apoio do deputado, que destinou uma emenda parlamentar para financiar estes e outros projetos de extens\u00e3o.","og_url":"https:\/\/vanderloubet.com.br\/deputado\/vander-participa-de-lancamento-de-cursos-online-gratuitos-da-ufms\/","og_site_name":"Deputado Federal Vander Loubet","article_publisher":"https:\/\/facebook.com\/deputadovander","article_published_time":"2020-08-25T13:00:02+00:00","article_modified_time":"2020-08-26T20:55:23+00:00","og_image":[{"width":1080,"height":608,"url":"https:\/\/vanderloubet.com.br\/deputado\/wp-content\/uploads\/2020\/08\/foto-2020-08-25-cursinho-progeli-ufms.jpg","type":"image\/jpeg"}],"author":"\u00c9der","twitter_card":"summary_large_image","twitter_creator":"@vanderloubet","twitter_site":"@vanderloubet","schema":{"@context":"https:\/\/schema.org","@graph":[{"@type":"Article","@id":"https:\/\/vanderloubet.com.br\/deputado\/vander-participa-de-lancamento-de-cursos-online-gratuitos-da-ufms\/#article","isPartOf":{"@id":"https:\/\/vanderloubet.com.br\/deputado\/vander-participa-de-lancamento-de-cursos-online-gratuitos-da-ufms\/"},"author":{"name":"\u00c9der","@id":"https:\/\/vanderloubet.com.br\/deputado\/#\/schema\/person\/15b51bd564532a8a68d9dec1b8eb890e"},"headline":"Vander participa de lan\u00e7amento de cursos online gratuitos da UFMS","datePublished":"2020-08-25T13:00:02+00:00","dateModified":"2020-08-26T20:55:23+00:00","mainEntityOfPage":{"@id":"https:\/\/vanderloubet.com.br\/deputado\/vander-participa-de-lancamento-de-cursos-online-gratuitos-da-ufms\/"},"wordCount":236,"publisher":{"@id":"https:\/\/vanderloubet.com.br\/deputado\/#organization"},"image":{"@id":"https:\/\/vanderloubet.com.br\/deputado\/vander-participa-de-lancamento-de-cursos-online-gratuitos-da-ufms\/#primaryimage"},"thumbnailUrl":"https:\/\/vanderloubet.com.br\/deputado\/wp-content\/uploads\/2020\/08\/foto-2020-08-25-cursinho-progeli-ufms.jpg","keywords":["educa\u00e7\u00e3o","emenda parlamentar","ensino superior"],"articleSection":["Mato Grosso do Sul","Multim\u00eddia","Not\u00edcias","V\u00eddeos"],"inLanguage":"pt-BR"},{"@type":"WebPage","@id":"https:\/\/vanderloubet.com.br\/deputado\/vander-participa-de-lancamento-de-cursos-online-gratuitos-da-ufms\/","url":"https:\/\/vanderloubet.com.br\/deputado\/vander-participa-de-lancamento-de-cursos-online-gratuitos-da-ufms\/","name":"Vander participa de lan\u00e7amento de cursos online gratuitos da UFMS","isPartOf":{"@id":"https:\/\/vanderloubet.com.br\/deputado\/#website"},"primaryImageOfPage":{"@id":"https:\/\/vanderloubet.com.br\/deputado\/vander-participa-de-lancamento-de-cursos-online-gratuitos-da-ufms\/#primaryimage"},"image":{"@id":"https:\/\/vanderloubet.com.br\/deputado\/vander-participa-de-lancamento-de-cursos-online-gratuitos-da-ufms\/#primaryimage"},"thumbnailUrl":"https:\/\/vanderloubet.com.br\/deputado\/wp-content\/uploads\/2020\/08\/foto-2020-08-25-cursinho-progeli-ufms.jpg","datePublished":"2020-08-25T13:00:02+00:00","dateModified":"2020-08-26T20:55:23+00:00","description":"Os cursos deste ano contam com o apoio do deputado, que destinou uma emenda parlamentar para financiar estes e outros projetos de extens\u00e3o.","breadcrumb":{"@id":"https:\/\/vanderloubet.com.br\/deputado\/vander-participa-de-lancamento-de-cursos-online-gratuitos-da-ufms\/#breadcrumb"},"inLanguage":"pt-BR","potentialAction":[{"@type":"ReadAction","target":["https:\/\/vanderloubet.com.br\/deputado\/vander-participa-de-lancamento-de-cursos-online-gratuitos-da-ufms\/"]}]},{"@type":"ImageObject","inLanguage":"pt-BR","@id":"https:\/\/vanderloubet.com.br\/deputado\/vander-participa-de-lancamento-de-cursos-online-gratuitos-da-ufms\/#primaryimage","url":"https:\/\/vanderloubet.com.br\/deputado\/wp-content\/uploads\/2020\/08\/foto-2020-08-25-cursinho-progeli-ufms.jpg","contentUrl":"https:\/\/vanderloubet.com.br\/deputado\/wp-content\/uploads\/2020\/08\/foto-2020-08-25-cursinho-progeli-ufms.jpg","width":1080,"height":608,"caption":"Vander participa de lan\u00e7amento de cursos online gratuitos da UFMS"},{"@type":"BreadcrumbList","@id":"https:\/\/vanderloubet.com.br\/deputado\/vander-participa-de-lancamento-de-cursos-online-gratuitos-da-ufms\/#breadcrumb","itemListElement":[{"@type":"ListItem","position":1,"name":"In\u00edcio","item":"https:\/\/vanderloubet.com.br\/deputado\/"},{"@type":"ListItem","position":2,"name":"Vander participa de lan\u00e7amento de cursos online gratuitos da UFMS"}]},{"@type":"WebSite","@id":"https:\/\/vanderloubet.com.br\/deputado\/#website","url":"https:\/\/vanderloubet.com.br\/deputado\/","name":"Deputado Federal Vander Loubet","description":"O Federal de MS","publisher":{"@id":"https:\/\/vanderloubet.com.br\/deputado\/#organization"},"alternateName":"Deputado Vander","potentialAction":[{"@type":"SearchAction","target":{"@type":"EntryPoint","urlTemplate":"https:\/\/vanderloubet.com.br\/deputado\/?s={search_term_string}"},"query-input":{"@type":"PropertyValueSpecification","valueRequired":true,"valueName":"search_term_string"}}],"inLanguage":"pt-BR"},{"@type":"Organization","@id":"https:\/\/vanderloubet.com.br\/deputado\/#organization","name":"Deputado Federal Vander Loubet","alternateName":"Deputado Vander","url":"https:\/\/vanderloubet.com.br\/deputado\/","logo":{"@type":"ImageObject","inLanguage":"pt-BR","@id":"https:\/\/vanderloubet.com.br\/deputado\/#\/schema\/logo\/image\/","url":"https:\/\/vanderloubet.com.br\/deputado\/wp-content\/uploads\/2023\/06\/foto-2023-06-19-mandato-deputado-vander.jpg","contentUrl":"https:\/\/vanderloubet.com.br\/deputado\/wp-content\/uploads\/2023\/06\/foto-2023-06-19-mandato-deputado-vander.jpg","width":1080,"height":1080,"caption":"Deputado Federal Vander Loubet"},"image":{"@id":"https:\/\/vanderloubet.com.br\/deputado\/#\/schema\/logo\/image\/"},"sameAs":["https:\/\/facebook.com\/deputadovander","https:\/\/x.com\/vanderloubet","https:\/\/instagram.com\/vanderloubet","https:\/\/youtube.com\/vanderloubet","https:\/\/tiktok.com\/@vanderloubetms"]},{"@type":"Person","@id":"https:\/\/vanderloubet.com.br\/deputado\/#\/schema\/person\/15b51bd564532a8a68d9dec1b8eb890e","name":"\u00c9der","image":{"@type":"ImageObject","inLanguage":"pt-BR","@id":"https:\/\/vanderloubet.com.br\/deputado\/wp-content\/litespeed\/avatar\/88ca4090d9d5ab1c9495f6ca03b68efa.jpg?ver=1777058957","url":"https:\/\/vanderloubet.com.br\/deputado\/wp-content\/litespeed\/avatar\/88ca4090d9d5ab1c9495f6ca03b68efa.jpg?ver=1777058957","contentUrl":"https:\/\/vanderloubet.com.br\/deputado\/wp-content\/litespeed\/avatar\/88ca4090d9d5ab1c9495f6ca03b68efa.jpg?ver=1777058957","caption":"\u00c9der"}}]}},"jetpack_featured_media_url":"https:\/\/vanderloubet.com.br\/deputado\/wp-content\/uploads\/2020\/08\/foto-2020-08-25-cursinho-progeli-ufms.jpg","jetpack_sharing_enabled":true,"_links":{"self":[{"href":"https:\/\/vanderloubet.com.br\/deputado\/wp-json\/wp\/v2\/posts\/16730","targetHints":{"allow":["GET"]}}],"collection":[{"href":"https:\/\/vanderloubet.com.br\/deputado\/wp-json\/wp\/v2\/posts"}],"about":[{"href":"https:\/\/vanderloubet.com.br\/deputado\/wp-json\/wp\/v2\/types\/post"}],"author":[{"embeddable":true,"href":"https:\/\/vanderloubet.com.br\/deputado\/wp-json\/wp\/v2\/users\/2"}],"replies":[{"embeddable":true,"href":"https:\/\/vanderloubet.com.br\/deputado\/wp-json\/wp\/v2\/comments?post=16730"}],"version-history":[{"count":0,"href":"https:\/\/vanderloubet.com.br\/deputado\/wp-json\/wp\/v2\/posts\/16730\/revisions"}],"wp:featuredmedia":[{"embeddable":true,"href":"https:\/\/vanderloubet.com.br\/deputado\/wp-json\/wp\/v2\/media\/16732"}],"wp:attachment":[{"href":"https:\/\/vanderloubet.com.br\/deputado\/wp-json\/wp\/v2\/media?parent=16730"}],"wp:term":[{"taxonomy":"category","embeddable":true,"href":"https:\/\/vanderloubet.com.br\/deputado\/wp-json\/wp\/v2\/categories?post=16730"},{"taxonomy":"post_tag","embeddable":true,"href":"https:\/\/vanderloubet.com.br\/deputado\/wp-json\/wp\/v2\/tags?post=16730"}],"curies":[{"name":"wp","href":"https:\/\/api.w.org\/{rel}","templated":true}]}}