{"id":16721,"date":"2020-08-21T09:30:58","date_gmt":"2020-08-21T13:30:58","guid":{"rendered":"http:\/\/vanderloubet.com.br\/deputado\/?p=16721"},"modified":"2020-08-21T18:36:02","modified_gmt":"2020-08-21T22:36:02","slug":"carmem-lucia-se-soma-a-edson-fachin-e-celso-de-mello-pela-absolvicao-de-vander","status":"publish","type":"post","link":"https:\/\/vanderloubet.com.br\/deputado\/carmem-lucia-se-soma-a-edson-fachin-e-celso-de-mello-pela-absolvicao-de-vander\/","title":{"rendered":"Carm\u00e9m L\u00facia se soma a Edson Fachin e Celso de Mello pela absolvi\u00e7\u00e3o de Vander"},"content":{"rendered":"<p>Foi registrado na manh\u00e3 de hoje (21) na sess\u00e3o virtual de julgamento da A\u00e7\u00e3o Penal 1019, da Segunda Turma do Supremo Tribunal Federal (STF), o voto da ministra Carm\u00e9m L\u00facia em favor da absolvi\u00e7\u00e3o do deputado federal Vander Loubet (PT-MS) em rela\u00e7\u00e3o \u00e0s acusa\u00e7\u00f5es feitas no \u00e2mbito da Opera\u00e7\u00e3o Lava Jato.<\/p>\n<p>Iniciado na manh\u00e3 de 14 de agosto, o julgamento de Vander come\u00e7ou com a manifesta\u00e7\u00e3o do relator da a\u00e7\u00e3o, ministro Edson Fachin. Conhecido pelo seu rigor no julgamento das a\u00e7\u00f5es da Lava Jato, Fachin votou pela total absolvi\u00e7\u00e3o de Vander e de outros acusados nesse processo. <\/p>\n<p>&#8220;Ante o exposto, porque n\u00e3o comprovados os fatos narrados, julgo improcedente a den\u00fancia para (i) absolver os acusados Vander Luiz dos Santos Loubet e Pedro Paulo Bergamaschi de Leoni Ramos, (&#8230;) com fundamento no art. 386, II, do C\u00f3digo de Processo Penal; e (ii) absolver os acusados Vander Luiz dos Santos Loubet, Pedro Paulo Bergamaschi de Leoni Ramos e Ademar Chagas da Cruz no tocante \u00e0s acusa\u00e7\u00f5es remanescentes, com fundamento no art. 386, VII, do C\u00f3digo  de Processo Penal. \u00c9 como voto.&#8221;, escreveu o ministro relator.<\/p>\n<p>Acompanhando Fachin, o revisor da a\u00e7\u00e3o, ministro Celso de Mello, refor\u00e7ou a inoc\u00eancia do deputado diante das acusa\u00e7\u00f5es.<\/p>\n<p>&#8220;Desse modo, e na condi\u00e7\u00e3o de Revisor, manifesto- me de pleno acordo com o eminente Ministro Relator na resolu\u00e7\u00e3o desta causa penal, julgando improcedente a presente a\u00e7\u00e3o penal e decretando, em consequ\u00eancia, a absolvi\u00e7\u00e3o de todos os r\u00e9us, com apoio no art. 386, incisos II e VII, do C\u00f3digo de Processo Penal, eis que o Minist\u00e9rio P\u00fablico n\u00e3o se desincumbiu do \u00f4nus de comprovar, para al\u00e9m de qualquer d\u00favida razo\u00e1vel, os fatos constitutivos da acusa\u00e7\u00e3o penal que deduziu.&#8221;, pontuou em seu voto Celso de Mello.<\/p>\n<p>Restam ainda serem divulgados dois votos de ministros que comp\u00f5em a Segunda Turma: Gilmar Mendes e Ricardo Lewandowski. Entretanto, j\u00e1 est\u00e1 formada uma maioria para que o deputado Vander Loubet seja absolvido da a\u00e7\u00e3o.<\/p>\n<p>&#8220;Os votos dos ministros Edson Fachin e Celso de Mello e agora da ministra Carm\u00e9m L\u00facia confirmam aquilo que afirmamos e reafirmamos desde o in\u00edcio dessa investiga\u00e7\u00e3o e desse processo: jamais pratiquei crime, jamais pratiquei il\u00edcito penal&#8221;, destaca Vander.<\/p>\n<p><strong>Turbul\u00eancia<\/strong> &#8211; Acusado pela Opera\u00e7\u00e3o Lava Jato pelo suposto pagamento de propina, o parlamentar sul-mato-grossense viu sua vida virar de pernas para o ar em mar\u00e7o de 2015, quando as acusa\u00e7\u00f5es foram noticias pela m\u00eddia nacional. Desde ent\u00e3o, apesar de sua inoc\u00eancia, Vander passou a ser alvo de agress\u00f5es verbais e discursos de \u00f3dio nas m\u00eddias sociais e em locais p\u00fablicos.<\/p>\n<p>O deputado tamb\u00e9m foi alvo de in\u00fameras reportagens na imprensa, que davam destaque apenas \u00e0s acusa\u00e7\u00f5es infundadas da Lava Jato, sempre dando ao comportamento de Vander uma conota\u00e7\u00e3o criminosa. Contudo, o parlamentar ressalta que jamais se deixou contaminar por esses ataques.<\/p>\n<p>&#8220;Apesar de toda a turbul\u00eancia pol\u00edtica e pessoal que essa acusa\u00e7\u00e3o da Opera\u00e7\u00e3o Lava Jato causou a mim e \u00e0 minha fam\u00edlia, sempre dormi o sono dos justos, j\u00e1 que nunca deixei de confiar no Poder Judici\u00e1rio Brasileiro. Sabia que o andamento do processo revelaria e comprovaria a minha inoc\u00eancia&#8221;, conclui Vander.<\/p>\n","protected":false},"excerpt":{"rendered":"<p>O deputado destaca que os votos dos ministros do STF confirmam aquilo que ele defendeu desde o in\u00edcio: que n\u00e3o cometeu crime.<\/p>\n","protected":false},"author":2,"featured_media":16722,"comment_status":"closed","ping_status":"closed","sticky":false,"template":"","format":"standard","meta":{"jetpack_post_was_ever_published":false,"_jetpack_newsletter_access":"","_jetpack_dont_email_post_to_subs":false,"_jetpack_newsletter_tier_id":0,"_jetpack_memberships_contains_paywalled_content":false,"_jetpack_memberships_contains_paid_content":false,"footnotes":""},"categories":[2098,10],"tags":[1107,2443],"class_list":{"0":"post-16721","1":"post","2":"type-post","3":"status-publish","4":"format-standard","5":"has-post-thumbnail","7":"category-brasil-noticias","8":"category-noticias","9":"tag-justica","10":"tag-supremo-tribunal-federal"},"yoast_head":"<!-- This site is optimized with the Yoast SEO plugin v27.4 - https:\/\/yoast.com\/product\/yoast-seo-wordpress\/ -->\n<title>Carm\u00e9m L\u00facia se soma a Edson Fachin e Celso de Mello pela absolvi\u00e7\u00e3o de Vander<\/title>\n<meta name=\"description\" content=\"O deputado destaca que os votos dos ministros do STF confirmam aquilo que ele defendeu desde o in\u00edcio: que n\u00e3o cometeu crime.\" \/>\n<meta name=\"robots\" content=\"index, follow, max-snippet:-1, max-image-preview:large, max-video-preview:-1\" \/>\n<link rel=\"canonical\" href=\"http:\/\/vanderloubet.com.br\/deputado\/carmem-lucia-se-soma-a-edson-fachin-e-celso-de-mello-pela-absolvicao-de-vander\/\" \/>\n<meta property=\"og:locale\" content=\"pt_BR\" \/>\n<meta property=\"og:type\" content=\"article\" \/>\n<meta property=\"og:title\" content=\"Carm\u00e9m L\u00facia se soma a Edson Fachin e Celso de Mello pela absolvi\u00e7\u00e3o de Vander\" \/>\n<meta property=\"og:description\" content=\"O deputado destaca que os votos dos ministros do STF confirmam aquilo que ele defendeu desde o in\u00edcio: que n\u00e3o cometeu crime.\" \/>\n<meta property=\"og:url\" content=\"http:\/\/vanderloubet.com.br\/deputado\/carmem-lucia-se-soma-a-edson-fachin-e-celso-de-mello-pela-absolvicao-de-vander\/\" \/>\n<meta property=\"og:site_name\" content=\"Deputado Federal Vander Loubet\" \/>\n<meta property=\"article:publisher\" content=\"https:\/\/facebook.com\/deputadovander\" \/>\n<meta property=\"article:published_time\" content=\"2020-08-21T13:30:58+00:00\" \/>\n<meta property=\"article:modified_time\" content=\"2020-08-21T22:36:02+00:00\" \/>\n<meta property=\"og:image\" content=\"http:\/\/vanderloubet.com.br\/deputado\/wp-content\/uploads\/2020\/08\/foto-2020-08-21-fachin-mello-carmen.jpg\" \/>\n\t<meta property=\"og:image:width\" content=\"1080\" \/>\n\t<meta property=\"og:image:height\" content=\"720\" \/>\n\t<meta property=\"og:image:type\" content=\"image\/jpeg\" \/>\n<meta name=\"author\" content=\"\u00c9der\" \/>\n<meta name=\"twitter:card\" content=\"summary_large_image\" \/>\n<meta name=\"twitter:creator\" content=\"@vanderloubet\" \/>\n<meta name=\"twitter:site\" content=\"@vanderloubet\" \/>\n<script type=\"application\/ld+json\" class=\"yoast-schema-graph\">{\"@context\":\"https:\\\/\\\/schema.org\",\"@graph\":[{\"@type\":\"Article\",\"@id\":\"http:\\\/\\\/vanderloubet.com.br\\\/deputado\\\/carmem-lucia-se-soma-a-edson-fachin-e-celso-de-mello-pela-absolvicao-de-vander\\\/#article\",\"isPartOf\":{\"@id\":\"http:\\\/\\\/vanderloubet.com.br\\\/deputado\\\/carmem-lucia-se-soma-a-edson-fachin-e-celso-de-mello-pela-absolvicao-de-vander\\\/\"},\"author\":{\"name\":\"\u00c9der\",\"@id\":\"https:\\\/\\\/vanderloubet.com.br\\\/deputado\\\/#\\\/schema\\\/person\\\/15b51bd564532a8a68d9dec1b8eb890e\"},\"headline\":\"Carm\u00e9m L\u00facia se soma a Edson Fachin e Celso de Mello pela absolvi\u00e7\u00e3o de Vander\",\"datePublished\":\"2020-08-21T13:30:58+00:00\",\"dateModified\":\"2020-08-21T22:36:02+00:00\",\"mainEntityOfPage\":{\"@id\":\"http:\\\/\\\/vanderloubet.com.br\\\/deputado\\\/carmem-lucia-se-soma-a-edson-fachin-e-celso-de-mello-pela-absolvicao-de-vander\\\/\"},\"wordCount\":585,\"publisher\":{\"@id\":\"https:\\\/\\\/vanderloubet.com.br\\\/deputado\\\/#organization\"},\"image\":{\"@id\":\"http:\\\/\\\/vanderloubet.com.br\\\/deputado\\\/carmem-lucia-se-soma-a-edson-fachin-e-celso-de-mello-pela-absolvicao-de-vander\\\/#primaryimage\"},\"thumbnailUrl\":\"https:\\\/\\\/vanderloubet.com.br\\\/deputado\\\/wp-content\\\/uploads\\\/2020\\\/08\\\/foto-2020-08-21-fachin-mello-carmen.jpg\",\"keywords\":[\"justi\u00e7a\",\"supremo tribunal federal\"],\"articleSection\":[\"Brasil\",\"Not\u00edcias\"],\"inLanguage\":\"pt-BR\"},{\"@type\":\"WebPage\",\"@id\":\"http:\\\/\\\/vanderloubet.com.br\\\/deputado\\\/carmem-lucia-se-soma-a-edson-fachin-e-celso-de-mello-pela-absolvicao-de-vander\\\/\",\"url\":\"http:\\\/\\\/vanderloubet.com.br\\\/deputado\\\/carmem-lucia-se-soma-a-edson-fachin-e-celso-de-mello-pela-absolvicao-de-vander\\\/\",\"name\":\"Carm\u00e9m L\u00facia se soma a Edson Fachin e Celso de Mello pela absolvi\u00e7\u00e3o de Vander\",\"isPartOf\":{\"@id\":\"https:\\\/\\\/vanderloubet.com.br\\\/deputado\\\/#website\"},\"primaryImageOfPage\":{\"@id\":\"http:\\\/\\\/vanderloubet.com.br\\\/deputado\\\/carmem-lucia-se-soma-a-edson-fachin-e-celso-de-mello-pela-absolvicao-de-vander\\\/#primaryimage\"},\"image\":{\"@id\":\"http:\\\/\\\/vanderloubet.com.br\\\/deputado\\\/carmem-lucia-se-soma-a-edson-fachin-e-celso-de-mello-pela-absolvicao-de-vander\\\/#primaryimage\"},\"thumbnailUrl\":\"https:\\\/\\\/vanderloubet.com.br\\\/deputado\\\/wp-content\\\/uploads\\\/2020\\\/08\\\/foto-2020-08-21-fachin-mello-carmen.jpg\",\"datePublished\":\"2020-08-21T13:30:58+00:00\",\"dateModified\":\"2020-08-21T22:36:02+00:00\",\"description\":\"O deputado destaca que os votos dos ministros do STF confirmam aquilo que ele defendeu desde o in\u00edcio: que n\u00e3o cometeu crime.\",\"breadcrumb\":{\"@id\":\"http:\\\/\\\/vanderloubet.com.br\\\/deputado\\\/carmem-lucia-se-soma-a-edson-fachin-e-celso-de-mello-pela-absolvicao-de-vander\\\/#breadcrumb\"},\"inLanguage\":\"pt-BR\",\"potentialAction\":[{\"@type\":\"ReadAction\",\"target\":[\"http:\\\/\\\/vanderloubet.com.br\\\/deputado\\\/carmem-lucia-se-soma-a-edson-fachin-e-celso-de-mello-pela-absolvicao-de-vander\\\/\"]}]},{\"@type\":\"ImageObject\",\"inLanguage\":\"pt-BR\",\"@id\":\"http:\\\/\\\/vanderloubet.com.br\\\/deputado\\\/carmem-lucia-se-soma-a-edson-fachin-e-celso-de-mello-pela-absolvicao-de-vander\\\/#primaryimage\",\"url\":\"https:\\\/\\\/vanderloubet.com.br\\\/deputado\\\/wp-content\\\/uploads\\\/2020\\\/08\\\/foto-2020-08-21-fachin-mello-carmen.jpg\",\"contentUrl\":\"https:\\\/\\\/vanderloubet.com.br\\\/deputado\\\/wp-content\\\/uploads\\\/2020\\\/08\\\/foto-2020-08-21-fachin-mello-carmen.jpg\",\"width\":1080,\"height\":720,\"caption\":\"Carm\u00e9m L\u00facia se soma a Edson Fachin e Celso de Mello pela absolvi\u00e7\u00e3o de Vander\"},{\"@type\":\"BreadcrumbList\",\"@id\":\"http:\\\/\\\/vanderloubet.com.br\\\/deputado\\\/carmem-lucia-se-soma-a-edson-fachin-e-celso-de-mello-pela-absolvicao-de-vander\\\/#breadcrumb\",\"itemListElement\":[{\"@type\":\"ListItem\",\"position\":1,\"name\":\"In\u00edcio\",\"item\":\"https:\\\/\\\/vanderloubet.com.br\\\/deputado\\\/\"},{\"@type\":\"ListItem\",\"position\":2,\"name\":\"Carm\u00e9m L\u00facia se soma a Edson Fachin e Celso de Mello pela absolvi\u00e7\u00e3o de Vander\"}]},{\"@type\":\"WebSite\",\"@id\":\"https:\\\/\\\/vanderloubet.com.br\\\/deputado\\\/#website\",\"url\":\"https:\\\/\\\/vanderloubet.com.br\\\/deputado\\\/\",\"name\":\"Deputado Federal Vander Loubet\",\"description\":\"O Federal de MS\",\"publisher\":{\"@id\":\"https:\\\/\\\/vanderloubet.com.br\\\/deputado\\\/#organization\"},\"alternateName\":\"Deputado Vander\",\"potentialAction\":[{\"@type\":\"SearchAction\",\"target\":{\"@type\":\"EntryPoint\",\"urlTemplate\":\"https:\\\/\\\/vanderloubet.com.br\\\/deputado\\\/?s={search_term_string}\"},\"query-input\":{\"@type\":\"PropertyValueSpecification\",\"valueRequired\":true,\"valueName\":\"search_term_string\"}}],\"inLanguage\":\"pt-BR\"},{\"@type\":\"Organization\",\"@id\":\"https:\\\/\\\/vanderloubet.com.br\\\/deputado\\\/#organization\",\"name\":\"Deputado Federal Vander Loubet\",\"alternateName\":\"Deputado Vander\",\"url\":\"https:\\\/\\\/vanderloubet.com.br\\\/deputado\\\/\",\"logo\":{\"@type\":\"ImageObject\",\"inLanguage\":\"pt-BR\",\"@id\":\"https:\\\/\\\/vanderloubet.com.br\\\/deputado\\\/#\\\/schema\\\/logo\\\/image\\\/\",\"url\":\"https:\\\/\\\/vanderloubet.com.br\\\/deputado\\\/wp-content\\\/uploads\\\/2023\\\/06\\\/foto-2023-06-19-mandato-deputado-vander.jpg\",\"contentUrl\":\"https:\\\/\\\/vanderloubet.com.br\\\/deputado\\\/wp-content\\\/uploads\\\/2023\\\/06\\\/foto-2023-06-19-mandato-deputado-vander.jpg\",\"width\":1080,\"height\":1080,\"caption\":\"Deputado Federal Vander Loubet\"},\"image\":{\"@id\":\"https:\\\/\\\/vanderloubet.com.br\\\/deputado\\\/#\\\/schema\\\/logo\\\/image\\\/\"},\"sameAs\":[\"https:\\\/\\\/facebook.com\\\/deputadovander\",\"https:\\\/\\\/x.com\\\/vanderloubet\",\"https:\\\/\\\/instagram.com\\\/vanderloubet\",\"https:\\\/\\\/youtube.com\\\/vanderloubet\",\"https:\\\/\\\/tiktok.com\\\/@vanderloubetms\"]},{\"@type\":\"Person\",\"@id\":\"https:\\\/\\\/vanderloubet.com.br\\\/deputado\\\/#\\\/schema\\\/person\\\/15b51bd564532a8a68d9dec1b8eb890e\",\"name\":\"\u00c9der\",\"image\":{\"@type\":\"ImageObject\",\"inLanguage\":\"pt-BR\",\"@id\":\"https:\\\/\\\/vanderloubet.com.br\\\/deputado\\\/wp-content\\\/litespeed\\\/avatar\\\/88ca4090d9d5ab1c9495f6ca03b68efa.jpg?ver=1777058957\",\"url\":\"https:\\\/\\\/vanderloubet.com.br\\\/deputado\\\/wp-content\\\/litespeed\\\/avatar\\\/88ca4090d9d5ab1c9495f6ca03b68efa.jpg?ver=1777058957\",\"contentUrl\":\"https:\\\/\\\/vanderloubet.com.br\\\/deputado\\\/wp-content\\\/litespeed\\\/avatar\\\/88ca4090d9d5ab1c9495f6ca03b68efa.jpg?ver=1777058957\",\"caption\":\"\u00c9der\"}}]}<\/script>\n<!-- \/ Yoast SEO plugin. -->","yoast_head_json":{"title":"Carm\u00e9m L\u00facia se soma a Edson Fachin e Celso de Mello pela absolvi\u00e7\u00e3o de Vander","description":"O deputado destaca que os votos dos ministros do STF confirmam aquilo que ele defendeu desde o in\u00edcio: que n\u00e3o cometeu crime.","robots":{"index":"index","follow":"follow","max-snippet":"max-snippet:-1","max-image-preview":"max-image-preview:large","max-video-preview":"max-video-preview:-1"},"canonical":"http:\/\/vanderloubet.com.br\/deputado\/carmem-lucia-se-soma-a-edson-fachin-e-celso-de-mello-pela-absolvicao-de-vander\/","og_locale":"pt_BR","og_type":"article","og_title":"Carm\u00e9m L\u00facia se soma a Edson Fachin e Celso de Mello pela absolvi\u00e7\u00e3o de Vander","og_description":"O deputado destaca que os votos dos ministros do STF confirmam aquilo que ele defendeu desde o in\u00edcio: que n\u00e3o cometeu crime.","og_url":"http:\/\/vanderloubet.com.br\/deputado\/carmem-lucia-se-soma-a-edson-fachin-e-celso-de-mello-pela-absolvicao-de-vander\/","og_site_name":"Deputado Federal Vander Loubet","article_publisher":"https:\/\/facebook.com\/deputadovander","article_published_time":"2020-08-21T13:30:58+00:00","article_modified_time":"2020-08-21T22:36:02+00:00","og_image":[{"width":1080,"height":720,"url":"http:\/\/vanderloubet.com.br\/deputado\/wp-content\/uploads\/2020\/08\/foto-2020-08-21-fachin-mello-carmen.jpg","type":"image\/jpeg"}],"author":"\u00c9der","twitter_card":"summary_large_image","twitter_creator":"@vanderloubet","twitter_site":"@vanderloubet","schema":{"@context":"https:\/\/schema.org","@graph":[{"@type":"Article","@id":"http:\/\/vanderloubet.com.br\/deputado\/carmem-lucia-se-soma-a-edson-fachin-e-celso-de-mello-pela-absolvicao-de-vander\/#article","isPartOf":{"@id":"http:\/\/vanderloubet.com.br\/deputado\/carmem-lucia-se-soma-a-edson-fachin-e-celso-de-mello-pela-absolvicao-de-vander\/"},"author":{"name":"\u00c9der","@id":"https:\/\/vanderloubet.com.br\/deputado\/#\/schema\/person\/15b51bd564532a8a68d9dec1b8eb890e"},"headline":"Carm\u00e9m L\u00facia se soma a Edson Fachin e Celso de Mello pela absolvi\u00e7\u00e3o de Vander","datePublished":"2020-08-21T13:30:58+00:00","dateModified":"2020-08-21T22:36:02+00:00","mainEntityOfPage":{"@id":"http:\/\/vanderloubet.com.br\/deputado\/carmem-lucia-se-soma-a-edson-fachin-e-celso-de-mello-pela-absolvicao-de-vander\/"},"wordCount":585,"publisher":{"@id":"https:\/\/vanderloubet.com.br\/deputado\/#organization"},"image":{"@id":"http:\/\/vanderloubet.com.br\/deputado\/carmem-lucia-se-soma-a-edson-fachin-e-celso-de-mello-pela-absolvicao-de-vander\/#primaryimage"},"thumbnailUrl":"https:\/\/vanderloubet.com.br\/deputado\/wp-content\/uploads\/2020\/08\/foto-2020-08-21-fachin-mello-carmen.jpg","keywords":["justi\u00e7a","supremo tribunal federal"],"articleSection":["Brasil","Not\u00edcias"],"inLanguage":"pt-BR"},{"@type":"WebPage","@id":"http:\/\/vanderloubet.com.br\/deputado\/carmem-lucia-se-soma-a-edson-fachin-e-celso-de-mello-pela-absolvicao-de-vander\/","url":"http:\/\/vanderloubet.com.br\/deputado\/carmem-lucia-se-soma-a-edson-fachin-e-celso-de-mello-pela-absolvicao-de-vander\/","name":"Carm\u00e9m L\u00facia se soma a Edson Fachin e Celso de Mello pela absolvi\u00e7\u00e3o de Vander","isPartOf":{"@id":"https:\/\/vanderloubet.com.br\/deputado\/#website"},"primaryImageOfPage":{"@id":"http:\/\/vanderloubet.com.br\/deputado\/carmem-lucia-se-soma-a-edson-fachin-e-celso-de-mello-pela-absolvicao-de-vander\/#primaryimage"},"image":{"@id":"http:\/\/vanderloubet.com.br\/deputado\/carmem-lucia-se-soma-a-edson-fachin-e-celso-de-mello-pela-absolvicao-de-vander\/#primaryimage"},"thumbnailUrl":"https:\/\/vanderloubet.com.br\/deputado\/wp-content\/uploads\/2020\/08\/foto-2020-08-21-fachin-mello-carmen.jpg","datePublished":"2020-08-21T13:30:58+00:00","dateModified":"2020-08-21T22:36:02+00:00","description":"O deputado destaca que os votos dos ministros do STF confirmam aquilo que ele defendeu desde o in\u00edcio: que n\u00e3o cometeu crime.","breadcrumb":{"@id":"http:\/\/vanderloubet.com.br\/deputado\/carmem-lucia-se-soma-a-edson-fachin-e-celso-de-mello-pela-absolvicao-de-vander\/#breadcrumb"},"inLanguage":"pt-BR","potentialAction":[{"@type":"ReadAction","target":["http:\/\/vanderloubet.com.br\/deputado\/carmem-lucia-se-soma-a-edson-fachin-e-celso-de-mello-pela-absolvicao-de-vander\/"]}]},{"@type":"ImageObject","inLanguage":"pt-BR","@id":"http:\/\/vanderloubet.com.br\/deputado\/carmem-lucia-se-soma-a-edson-fachin-e-celso-de-mello-pela-absolvicao-de-vander\/#primaryimage","url":"https:\/\/vanderloubet.com.br\/deputado\/wp-content\/uploads\/2020\/08\/foto-2020-08-21-fachin-mello-carmen.jpg","contentUrl":"https:\/\/vanderloubet.com.br\/deputado\/wp-content\/uploads\/2020\/08\/foto-2020-08-21-fachin-mello-carmen.jpg","width":1080,"height":720,"caption":"Carm\u00e9m L\u00facia se soma a Edson Fachin e Celso de Mello pela absolvi\u00e7\u00e3o de Vander"},{"@type":"BreadcrumbList","@id":"http:\/\/vanderloubet.com.br\/deputado\/carmem-lucia-se-soma-a-edson-fachin-e-celso-de-mello-pela-absolvicao-de-vander\/#breadcrumb","itemListElement":[{"@type":"ListItem","position":1,"name":"In\u00edcio","item":"https:\/\/vanderloubet.com.br\/deputado\/"},{"@type":"ListItem","position":2,"name":"Carm\u00e9m L\u00facia se soma a Edson Fachin e Celso de Mello pela absolvi\u00e7\u00e3o de Vander"}]},{"@type":"WebSite","@id":"https:\/\/vanderloubet.com.br\/deputado\/#website","url":"https:\/\/vanderloubet.com.br\/deputado\/","name":"Deputado Federal Vander Loubet","description":"O Federal de MS","publisher":{"@id":"https:\/\/vanderloubet.com.br\/deputado\/#organization"},"alternateName":"Deputado Vander","potentialAction":[{"@type":"SearchAction","target":{"@type":"EntryPoint","urlTemplate":"https:\/\/vanderloubet.com.br\/deputado\/?s={search_term_string}"},"query-input":{"@type":"PropertyValueSpecification","valueRequired":true,"valueName":"search_term_string"}}],"inLanguage":"pt-BR"},{"@type":"Organization","@id":"https:\/\/vanderloubet.com.br\/deputado\/#organization","name":"Deputado Federal Vander Loubet","alternateName":"Deputado Vander","url":"https:\/\/vanderloubet.com.br\/deputado\/","logo":{"@type":"ImageObject","inLanguage":"pt-BR","@id":"https:\/\/vanderloubet.com.br\/deputado\/#\/schema\/logo\/image\/","url":"https:\/\/vanderloubet.com.br\/deputado\/wp-content\/uploads\/2023\/06\/foto-2023-06-19-mandato-deputado-vander.jpg","contentUrl":"https:\/\/vanderloubet.com.br\/deputado\/wp-content\/uploads\/2023\/06\/foto-2023-06-19-mandato-deputado-vander.jpg","width":1080,"height":1080,"caption":"Deputado Federal Vander Loubet"},"image":{"@id":"https:\/\/vanderloubet.com.br\/deputado\/#\/schema\/logo\/image\/"},"sameAs":["https:\/\/facebook.com\/deputadovander","https:\/\/x.com\/vanderloubet","https:\/\/instagram.com\/vanderloubet","https:\/\/youtube.com\/vanderloubet","https:\/\/tiktok.com\/@vanderloubetms"]},{"@type":"Person","@id":"https:\/\/vanderloubet.com.br\/deputado\/#\/schema\/person\/15b51bd564532a8a68d9dec1b8eb890e","name":"\u00c9der","image":{"@type":"ImageObject","inLanguage":"pt-BR","@id":"https:\/\/vanderloubet.com.br\/deputado\/wp-content\/litespeed\/avatar\/88ca4090d9d5ab1c9495f6ca03b68efa.jpg?ver=1777058957","url":"https:\/\/vanderloubet.com.br\/deputado\/wp-content\/litespeed\/avatar\/88ca4090d9d5ab1c9495f6ca03b68efa.jpg?ver=1777058957","contentUrl":"https:\/\/vanderloubet.com.br\/deputado\/wp-content\/litespeed\/avatar\/88ca4090d9d5ab1c9495f6ca03b68efa.jpg?ver=1777058957","caption":"\u00c9der"}}]}},"jetpack_featured_media_url":"https:\/\/vanderloubet.com.br\/deputado\/wp-content\/uploads\/2020\/08\/foto-2020-08-21-fachin-mello-carmen.jpg","jetpack_sharing_enabled":true,"_links":{"self":[{"href":"https:\/\/vanderloubet.com.br\/deputado\/wp-json\/wp\/v2\/posts\/16721","targetHints":{"allow":["GET"]}}],"collection":[{"href":"https:\/\/vanderloubet.com.br\/deputado\/wp-json\/wp\/v2\/posts"}],"about":[{"href":"https:\/\/vanderloubet.com.br\/deputado\/wp-json\/wp\/v2\/types\/post"}],"author":[{"embeddable":true,"href":"https:\/\/vanderloubet.com.br\/deputado\/wp-json\/wp\/v2\/users\/2"}],"replies":[{"embeddable":true,"href":"https:\/\/vanderloubet.com.br\/deputado\/wp-json\/wp\/v2\/comments?post=16721"}],"version-history":[{"count":0,"href":"https:\/\/vanderloubet.com.br\/deputado\/wp-json\/wp\/v2\/posts\/16721\/revisions"}],"wp:featuredmedia":[{"embeddable":true,"href":"https:\/\/vanderloubet.com.br\/deputado\/wp-json\/wp\/v2\/media\/16722"}],"wp:attachment":[{"href":"https:\/\/vanderloubet.com.br\/deputado\/wp-json\/wp\/v2\/media?parent=16721"}],"wp:term":[{"taxonomy":"category","embeddable":true,"href":"https:\/\/vanderloubet.com.br\/deputado\/wp-json\/wp\/v2\/categories?post=16721"},{"taxonomy":"post_tag","embeddable":true,"href":"https:\/\/vanderloubet.com.br\/deputado\/wp-json\/wp\/v2\/tags?post=16721"}],"curies":[{"name":"wp","href":"https:\/\/api.w.org\/{rel}","templated":true}]}}