{"id":16712,"date":"2020-08-19T16:00:44","date_gmt":"2020-08-19T20:00:44","guid":{"rendered":"http:\/\/vanderloubet.com.br\/deputado\/?p=16712"},"modified":"2021-03-03T14:23:31","modified_gmt":"2021-03-03T18:23:31","slug":"vander-manifesta-apoio-aos-trabalhadores-e-trabalhadoras-dos-correios","status":"publish","type":"post","link":"https:\/\/vanderloubet.com.br\/deputado\/vander-manifesta-apoio-aos-trabalhadores-e-trabalhadoras-dos-correios\/","title":{"rendered":"Vander manifesta apoio aos trabalhadores e trabalhadoras dos Correios"},"content":{"rendered":"<p><iframe title=\"Vander manifesta apoio aos trabalhadores e trabalhadoras dos Correios\" width=\"696\" height=\"392\" src=\"https:\/\/www.youtube.com\/embed\/3o6ZVli50Ag?feature=oembed\" frameborder=\"0\" allow=\"accelerometer; autoplay; encrypted-media; gyroscope; picture-in-picture\" allowfullscreen><\/iframe><\/p>\n<p>Aos trabalhadores e trabalhadoras dos Correios, quero manifestar aqui minha solidariedade e apoio neste momento de luta da categoria.<\/p>\n<p>A greve \u00e9 um direito dos trabalhadores garantido pela Constitui\u00e7\u00e3o. Al\u00e9m disso, sabemos que os trabalhadores dos Correios n\u00e3o est\u00e3o pleiteando nenhum privil\u00e9gio, apenas est\u00e3o lutando pela manuten\u00e7\u00e3o de direitos conquistados ao longo de d\u00e9cadas.<\/p>\n<p>Os Correios s\u00e3o uma empresa p\u00fablica estrat\u00e9gica para a integra\u00e7\u00e3o do nosso pa\u00eds. Apesar disso, h\u00e1 movimentos que buscam a privatiza\u00e7\u00e3o da empresa, algo que causaria enorme preju\u00edzo, principalmente para munic\u00edpios pequenos e estados de menor popula\u00e7\u00e3o, como \u00e9 o caso do nosso Mato Grosso do Sul.<\/p>\n<p>Diante disso, a luta dos trabalhadores e trabalhadoras dos Correios merece todo o nosso apoio.<\/p>\n<p>Contem comigo. Um grande abra\u00e7o.<\/p>\n<p><strong>Vander Loubet<\/strong><br \/>\nDeputado Federal (PT-MS)<\/p>\n","protected":false},"excerpt":{"rendered":"<p>Greve \u00e9 garantida pela Constitui\u00e7\u00e3o e trabalhadores apenas est\u00e3o lutando pela manuten\u00e7\u00e3o de direitos conquistados, afirma deputado.<\/p>\n","protected":false},"author":2,"featured_media":16714,"comment_status":"closed","ping_status":"closed","sticky":false,"template":"","format":"video","meta":{"jetpack_post_was_ever_published":false,"_jetpack_newsletter_access":"","_jetpack_dont_email_post_to_subs":false,"_jetpack_newsletter_tier_id":0,"_jetpack_memberships_contains_paywalled_content":false,"_jetpack_memberships_contains_paid_content":false,"footnotes":""},"categories":[2098,2101,10,12],"tags":[533,2302],"class_list":{"0":"post-16712","1":"post","2":"type-post","3":"status-publish","4":"format-video","5":"has-post-thumbnail","7":"category-brasil-noticias","8":"category-multimidia","9":"category-noticias","10":"category-videos","11":"tag-correios","12":"tag-direitos-trabalhistas","13":"post_format-post-format-video"},"yoast_head":"<!-- This site is optimized with the Yoast SEO plugin v27.4 - https:\/\/yoast.com\/product\/yoast-seo-wordpress\/ -->\n<title>Vander manifesta apoio aos trabalhadores e trabalhadoras dos Correios<\/title>\n<meta name=\"description\" content=\"Greve \u00e9 garantida pela Constitui\u00e7\u00e3o e trabalhadores apenas est\u00e3o lutando pela manuten\u00e7\u00e3o de direitos conquistados, afirma deputado.\" \/>\n<meta name=\"robots\" content=\"index, follow, max-snippet:-1, max-image-preview:large, max-video-preview:-1\" \/>\n<link rel=\"canonical\" href=\"https:\/\/vanderloubet.com.br\/deputado\/vander-manifesta-apoio-aos-trabalhadores-e-trabalhadoras-dos-correios\/\" \/>\n<meta property=\"og:locale\" content=\"pt_BR\" \/>\n<meta property=\"og:type\" content=\"article\" \/>\n<meta property=\"og:title\" content=\"Vander manifesta apoio aos trabalhadores e trabalhadoras dos Correios\" \/>\n<meta property=\"og:description\" content=\"Greve \u00e9 garantida pela Constitui\u00e7\u00e3o e trabalhadores apenas est\u00e3o lutando pela manuten\u00e7\u00e3o de direitos conquistados, afirma deputado.\" \/>\n<meta property=\"og:url\" content=\"https:\/\/vanderloubet.com.br\/deputado\/vander-manifesta-apoio-aos-trabalhadores-e-trabalhadoras-dos-correios\/\" \/>\n<meta property=\"og:site_name\" content=\"Deputado Federal Vander Loubet\" \/>\n<meta property=\"article:publisher\" content=\"https:\/\/facebook.com\/deputadovander\" \/>\n<meta property=\"article:published_time\" content=\"2020-08-19T20:00:44+00:00\" \/>\n<meta property=\"article:modified_time\" content=\"2021-03-03T18:23:31+00:00\" \/>\n<meta property=\"og:image\" content=\"https:\/\/vanderloubet.com.br\/deputado\/wp-content\/uploads\/2020\/08\/foto-2020-08-19-vander-apoio-trabalhadores-correios.jpg\" \/>\n\t<meta property=\"og:image:width\" content=\"960\" \/>\n\t<meta property=\"og:image:height\" content=\"540\" \/>\n\t<meta property=\"og:image:type\" content=\"image\/jpeg\" \/>\n<meta name=\"author\" content=\"\u00c9der\" \/>\n<meta name=\"twitter:card\" content=\"summary_large_image\" \/>\n<meta name=\"twitter:creator\" content=\"@vanderloubet\" \/>\n<meta name=\"twitter:site\" content=\"@vanderloubet\" \/>\n<script type=\"application\/ld+json\" class=\"yoast-schema-graph\">{\"@context\":\"https:\\\/\\\/schema.org\",\"@graph\":[{\"@type\":\"Article\",\"@id\":\"https:\\\/\\\/vanderloubet.com.br\\\/deputado\\\/vander-manifesta-apoio-aos-trabalhadores-e-trabalhadoras-dos-correios\\\/#article\",\"isPartOf\":{\"@id\":\"https:\\\/\\\/vanderloubet.com.br\\\/deputado\\\/vander-manifesta-apoio-aos-trabalhadores-e-trabalhadoras-dos-correios\\\/\"},\"author\":{\"name\":\"\u00c9der\",\"@id\":\"https:\\\/\\\/vanderloubet.com.br\\\/deputado\\\/#\\\/schema\\\/person\\\/15b51bd564532a8a68d9dec1b8eb890e\"},\"headline\":\"Vander manifesta apoio aos trabalhadores e trabalhadoras dos Correios\",\"datePublished\":\"2020-08-19T20:00:44+00:00\",\"dateModified\":\"2021-03-03T18:23:31+00:00\",\"mainEntityOfPage\":{\"@id\":\"https:\\\/\\\/vanderloubet.com.br\\\/deputado\\\/vander-manifesta-apoio-aos-trabalhadores-e-trabalhadoras-dos-correios\\\/\"},\"wordCount\":157,\"publisher\":{\"@id\":\"https:\\\/\\\/vanderloubet.com.br\\\/deputado\\\/#organization\"},\"image\":{\"@id\":\"https:\\\/\\\/vanderloubet.com.br\\\/deputado\\\/vander-manifesta-apoio-aos-trabalhadores-e-trabalhadoras-dos-correios\\\/#primaryimage\"},\"thumbnailUrl\":\"https:\\\/\\\/vanderloubet.com.br\\\/deputado\\\/wp-content\\\/uploads\\\/2020\\\/08\\\/foto-2020-08-19-vander-apoio-trabalhadores-correios.jpg\",\"keywords\":[\"correios\",\"direitos trabalhistas\"],\"articleSection\":[\"Brasil\",\"Multim\u00eddia\",\"Not\u00edcias\",\"V\u00eddeos\"],\"inLanguage\":\"pt-BR\"},{\"@type\":\"WebPage\",\"@id\":\"https:\\\/\\\/vanderloubet.com.br\\\/deputado\\\/vander-manifesta-apoio-aos-trabalhadores-e-trabalhadoras-dos-correios\\\/\",\"url\":\"https:\\\/\\\/vanderloubet.com.br\\\/deputado\\\/vander-manifesta-apoio-aos-trabalhadores-e-trabalhadoras-dos-correios\\\/\",\"name\":\"Vander manifesta apoio aos trabalhadores e trabalhadoras dos Correios\",\"isPartOf\":{\"@id\":\"https:\\\/\\\/vanderloubet.com.br\\\/deputado\\\/#website\"},\"primaryImageOfPage\":{\"@id\":\"https:\\\/\\\/vanderloubet.com.br\\\/deputado\\\/vander-manifesta-apoio-aos-trabalhadores-e-trabalhadoras-dos-correios\\\/#primaryimage\"},\"image\":{\"@id\":\"https:\\\/\\\/vanderloubet.com.br\\\/deputado\\\/vander-manifesta-apoio-aos-trabalhadores-e-trabalhadoras-dos-correios\\\/#primaryimage\"},\"thumbnailUrl\":\"https:\\\/\\\/vanderloubet.com.br\\\/deputado\\\/wp-content\\\/uploads\\\/2020\\\/08\\\/foto-2020-08-19-vander-apoio-trabalhadores-correios.jpg\",\"datePublished\":\"2020-08-19T20:00:44+00:00\",\"dateModified\":\"2021-03-03T18:23:31+00:00\",\"description\":\"Greve \u00e9 garantida pela Constitui\u00e7\u00e3o e trabalhadores apenas est\u00e3o lutando pela manuten\u00e7\u00e3o de direitos conquistados, afirma deputado.\",\"breadcrumb\":{\"@id\":\"https:\\\/\\\/vanderloubet.com.br\\\/deputado\\\/vander-manifesta-apoio-aos-trabalhadores-e-trabalhadoras-dos-correios\\\/#breadcrumb\"},\"inLanguage\":\"pt-BR\",\"potentialAction\":[{\"@type\":\"ReadAction\",\"target\":[\"https:\\\/\\\/vanderloubet.com.br\\\/deputado\\\/vander-manifesta-apoio-aos-trabalhadores-e-trabalhadoras-dos-correios\\\/\"]}]},{\"@type\":\"ImageObject\",\"inLanguage\":\"pt-BR\",\"@id\":\"https:\\\/\\\/vanderloubet.com.br\\\/deputado\\\/vander-manifesta-apoio-aos-trabalhadores-e-trabalhadoras-dos-correios\\\/#primaryimage\",\"url\":\"https:\\\/\\\/vanderloubet.com.br\\\/deputado\\\/wp-content\\\/uploads\\\/2020\\\/08\\\/foto-2020-08-19-vander-apoio-trabalhadores-correios.jpg\",\"contentUrl\":\"https:\\\/\\\/vanderloubet.com.br\\\/deputado\\\/wp-content\\\/uploads\\\/2020\\\/08\\\/foto-2020-08-19-vander-apoio-trabalhadores-correios.jpg\",\"width\":960,\"height\":540,\"caption\":\"Vander manifesta apoio aos trabalhadores e trabalhadoras dos Correios\"},{\"@type\":\"BreadcrumbList\",\"@id\":\"https:\\\/\\\/vanderloubet.com.br\\\/deputado\\\/vander-manifesta-apoio-aos-trabalhadores-e-trabalhadoras-dos-correios\\\/#breadcrumb\",\"itemListElement\":[{\"@type\":\"ListItem\",\"position\":1,\"name\":\"In\u00edcio\",\"item\":\"https:\\\/\\\/vanderloubet.com.br\\\/deputado\\\/\"},{\"@type\":\"ListItem\",\"position\":2,\"name\":\"Vander manifesta apoio aos trabalhadores e trabalhadoras dos Correios\"}]},{\"@type\":\"WebSite\",\"@id\":\"https:\\\/\\\/vanderloubet.com.br\\\/deputado\\\/#website\",\"url\":\"https:\\\/\\\/vanderloubet.com.br\\\/deputado\\\/\",\"name\":\"Deputado Federal Vander Loubet\",\"description\":\"O Federal de MS\",\"publisher\":{\"@id\":\"https:\\\/\\\/vanderloubet.com.br\\\/deputado\\\/#organization\"},\"alternateName\":\"Deputado Vander\",\"potentialAction\":[{\"@type\":\"SearchAction\",\"target\":{\"@type\":\"EntryPoint\",\"urlTemplate\":\"https:\\\/\\\/vanderloubet.com.br\\\/deputado\\\/?s={search_term_string}\"},\"query-input\":{\"@type\":\"PropertyValueSpecification\",\"valueRequired\":true,\"valueName\":\"search_term_string\"}}],\"inLanguage\":\"pt-BR\"},{\"@type\":\"Organization\",\"@id\":\"https:\\\/\\\/vanderloubet.com.br\\\/deputado\\\/#organization\",\"name\":\"Deputado Federal Vander Loubet\",\"alternateName\":\"Deputado Vander\",\"url\":\"https:\\\/\\\/vanderloubet.com.br\\\/deputado\\\/\",\"logo\":{\"@type\":\"ImageObject\",\"inLanguage\":\"pt-BR\",\"@id\":\"https:\\\/\\\/vanderloubet.com.br\\\/deputado\\\/#\\\/schema\\\/logo\\\/image\\\/\",\"url\":\"https:\\\/\\\/vanderloubet.com.br\\\/deputado\\\/wp-content\\\/uploads\\\/2023\\\/06\\\/foto-2023-06-19-mandato-deputado-vander.jpg\",\"contentUrl\":\"https:\\\/\\\/vanderloubet.com.br\\\/deputado\\\/wp-content\\\/uploads\\\/2023\\\/06\\\/foto-2023-06-19-mandato-deputado-vander.jpg\",\"width\":1080,\"height\":1080,\"caption\":\"Deputado Federal Vander Loubet\"},\"image\":{\"@id\":\"https:\\\/\\\/vanderloubet.com.br\\\/deputado\\\/#\\\/schema\\\/logo\\\/image\\\/\"},\"sameAs\":[\"https:\\\/\\\/facebook.com\\\/deputadovander\",\"https:\\\/\\\/x.com\\\/vanderloubet\",\"https:\\\/\\\/instagram.com\\\/vanderloubet\",\"https:\\\/\\\/youtube.com\\\/vanderloubet\",\"https:\\\/\\\/tiktok.com\\\/@vanderloubetms\"]},{\"@type\":\"Person\",\"@id\":\"https:\\\/\\\/vanderloubet.com.br\\\/deputado\\\/#\\\/schema\\\/person\\\/15b51bd564532a8a68d9dec1b8eb890e\",\"name\":\"\u00c9der\",\"image\":{\"@type\":\"ImageObject\",\"inLanguage\":\"pt-BR\",\"@id\":\"https:\\\/\\\/vanderloubet.com.br\\\/deputado\\\/wp-content\\\/litespeed\\\/avatar\\\/88ca4090d9d5ab1c9495f6ca03b68efa.jpg?ver=1777058957\",\"url\":\"https:\\\/\\\/vanderloubet.com.br\\\/deputado\\\/wp-content\\\/litespeed\\\/avatar\\\/88ca4090d9d5ab1c9495f6ca03b68efa.jpg?ver=1777058957\",\"contentUrl\":\"https:\\\/\\\/vanderloubet.com.br\\\/deputado\\\/wp-content\\\/litespeed\\\/avatar\\\/88ca4090d9d5ab1c9495f6ca03b68efa.jpg?ver=1777058957\",\"caption\":\"\u00c9der\"}}]}<\/script>\n<!-- \/ Yoast SEO plugin. -->","yoast_head_json":{"title":"Vander manifesta apoio aos trabalhadores e trabalhadoras dos Correios","description":"Greve \u00e9 garantida pela Constitui\u00e7\u00e3o e trabalhadores apenas est\u00e3o lutando pela manuten\u00e7\u00e3o de direitos conquistados, afirma deputado.","robots":{"index":"index","follow":"follow","max-snippet":"max-snippet:-1","max-image-preview":"max-image-preview:large","max-video-preview":"max-video-preview:-1"},"canonical":"https:\/\/vanderloubet.com.br\/deputado\/vander-manifesta-apoio-aos-trabalhadores-e-trabalhadoras-dos-correios\/","og_locale":"pt_BR","og_type":"article","og_title":"Vander manifesta apoio aos trabalhadores e trabalhadoras dos Correios","og_description":"Greve \u00e9 garantida pela Constitui\u00e7\u00e3o e trabalhadores apenas est\u00e3o lutando pela manuten\u00e7\u00e3o de direitos conquistados, afirma deputado.","og_url":"https:\/\/vanderloubet.com.br\/deputado\/vander-manifesta-apoio-aos-trabalhadores-e-trabalhadoras-dos-correios\/","og_site_name":"Deputado Federal Vander Loubet","article_publisher":"https:\/\/facebook.com\/deputadovander","article_published_time":"2020-08-19T20:00:44+00:00","article_modified_time":"2021-03-03T18:23:31+00:00","og_image":[{"width":960,"height":540,"url":"https:\/\/vanderloubet.com.br\/deputado\/wp-content\/uploads\/2020\/08\/foto-2020-08-19-vander-apoio-trabalhadores-correios.jpg","type":"image\/jpeg"}],"author":"\u00c9der","twitter_card":"summary_large_image","twitter_creator":"@vanderloubet","twitter_site":"@vanderloubet","schema":{"@context":"https:\/\/schema.org","@graph":[{"@type":"Article","@id":"https:\/\/vanderloubet.com.br\/deputado\/vander-manifesta-apoio-aos-trabalhadores-e-trabalhadoras-dos-correios\/#article","isPartOf":{"@id":"https:\/\/vanderloubet.com.br\/deputado\/vander-manifesta-apoio-aos-trabalhadores-e-trabalhadoras-dos-correios\/"},"author":{"name":"\u00c9der","@id":"https:\/\/vanderloubet.com.br\/deputado\/#\/schema\/person\/15b51bd564532a8a68d9dec1b8eb890e"},"headline":"Vander manifesta apoio aos trabalhadores e trabalhadoras dos Correios","datePublished":"2020-08-19T20:00:44+00:00","dateModified":"2021-03-03T18:23:31+00:00","mainEntityOfPage":{"@id":"https:\/\/vanderloubet.com.br\/deputado\/vander-manifesta-apoio-aos-trabalhadores-e-trabalhadoras-dos-correios\/"},"wordCount":157,"publisher":{"@id":"https:\/\/vanderloubet.com.br\/deputado\/#organization"},"image":{"@id":"https:\/\/vanderloubet.com.br\/deputado\/vander-manifesta-apoio-aos-trabalhadores-e-trabalhadoras-dos-correios\/#primaryimage"},"thumbnailUrl":"https:\/\/vanderloubet.com.br\/deputado\/wp-content\/uploads\/2020\/08\/foto-2020-08-19-vander-apoio-trabalhadores-correios.jpg","keywords":["correios","direitos trabalhistas"],"articleSection":["Brasil","Multim\u00eddia","Not\u00edcias","V\u00eddeos"],"inLanguage":"pt-BR"},{"@type":"WebPage","@id":"https:\/\/vanderloubet.com.br\/deputado\/vander-manifesta-apoio-aos-trabalhadores-e-trabalhadoras-dos-correios\/","url":"https:\/\/vanderloubet.com.br\/deputado\/vander-manifesta-apoio-aos-trabalhadores-e-trabalhadoras-dos-correios\/","name":"Vander manifesta apoio aos trabalhadores e trabalhadoras dos Correios","isPartOf":{"@id":"https:\/\/vanderloubet.com.br\/deputado\/#website"},"primaryImageOfPage":{"@id":"https:\/\/vanderloubet.com.br\/deputado\/vander-manifesta-apoio-aos-trabalhadores-e-trabalhadoras-dos-correios\/#primaryimage"},"image":{"@id":"https:\/\/vanderloubet.com.br\/deputado\/vander-manifesta-apoio-aos-trabalhadores-e-trabalhadoras-dos-correios\/#primaryimage"},"thumbnailUrl":"https:\/\/vanderloubet.com.br\/deputado\/wp-content\/uploads\/2020\/08\/foto-2020-08-19-vander-apoio-trabalhadores-correios.jpg","datePublished":"2020-08-19T20:00:44+00:00","dateModified":"2021-03-03T18:23:31+00:00","description":"Greve \u00e9 garantida pela Constitui\u00e7\u00e3o e trabalhadores apenas est\u00e3o lutando pela manuten\u00e7\u00e3o de direitos conquistados, afirma deputado.","breadcrumb":{"@id":"https:\/\/vanderloubet.com.br\/deputado\/vander-manifesta-apoio-aos-trabalhadores-e-trabalhadoras-dos-correios\/#breadcrumb"},"inLanguage":"pt-BR","potentialAction":[{"@type":"ReadAction","target":["https:\/\/vanderloubet.com.br\/deputado\/vander-manifesta-apoio-aos-trabalhadores-e-trabalhadoras-dos-correios\/"]}]},{"@type":"ImageObject","inLanguage":"pt-BR","@id":"https:\/\/vanderloubet.com.br\/deputado\/vander-manifesta-apoio-aos-trabalhadores-e-trabalhadoras-dos-correios\/#primaryimage","url":"https:\/\/vanderloubet.com.br\/deputado\/wp-content\/uploads\/2020\/08\/foto-2020-08-19-vander-apoio-trabalhadores-correios.jpg","contentUrl":"https:\/\/vanderloubet.com.br\/deputado\/wp-content\/uploads\/2020\/08\/foto-2020-08-19-vander-apoio-trabalhadores-correios.jpg","width":960,"height":540,"caption":"Vander manifesta apoio aos trabalhadores e trabalhadoras dos Correios"},{"@type":"BreadcrumbList","@id":"https:\/\/vanderloubet.com.br\/deputado\/vander-manifesta-apoio-aos-trabalhadores-e-trabalhadoras-dos-correios\/#breadcrumb","itemListElement":[{"@type":"ListItem","position":1,"name":"In\u00edcio","item":"https:\/\/vanderloubet.com.br\/deputado\/"},{"@type":"ListItem","position":2,"name":"Vander manifesta apoio aos trabalhadores e trabalhadoras dos Correios"}]},{"@type":"WebSite","@id":"https:\/\/vanderloubet.com.br\/deputado\/#website","url":"https:\/\/vanderloubet.com.br\/deputado\/","name":"Deputado Federal Vander Loubet","description":"O Federal de MS","publisher":{"@id":"https:\/\/vanderloubet.com.br\/deputado\/#organization"},"alternateName":"Deputado Vander","potentialAction":[{"@type":"SearchAction","target":{"@type":"EntryPoint","urlTemplate":"https:\/\/vanderloubet.com.br\/deputado\/?s={search_term_string}"},"query-input":{"@type":"PropertyValueSpecification","valueRequired":true,"valueName":"search_term_string"}}],"inLanguage":"pt-BR"},{"@type":"Organization","@id":"https:\/\/vanderloubet.com.br\/deputado\/#organization","name":"Deputado Federal Vander Loubet","alternateName":"Deputado Vander","url":"https:\/\/vanderloubet.com.br\/deputado\/","logo":{"@type":"ImageObject","inLanguage":"pt-BR","@id":"https:\/\/vanderloubet.com.br\/deputado\/#\/schema\/logo\/image\/","url":"https:\/\/vanderloubet.com.br\/deputado\/wp-content\/uploads\/2023\/06\/foto-2023-06-19-mandato-deputado-vander.jpg","contentUrl":"https:\/\/vanderloubet.com.br\/deputado\/wp-content\/uploads\/2023\/06\/foto-2023-06-19-mandato-deputado-vander.jpg","width":1080,"height":1080,"caption":"Deputado Federal Vander Loubet"},"image":{"@id":"https:\/\/vanderloubet.com.br\/deputado\/#\/schema\/logo\/image\/"},"sameAs":["https:\/\/facebook.com\/deputadovander","https:\/\/x.com\/vanderloubet","https:\/\/instagram.com\/vanderloubet","https:\/\/youtube.com\/vanderloubet","https:\/\/tiktok.com\/@vanderloubetms"]},{"@type":"Person","@id":"https:\/\/vanderloubet.com.br\/deputado\/#\/schema\/person\/15b51bd564532a8a68d9dec1b8eb890e","name":"\u00c9der","image":{"@type":"ImageObject","inLanguage":"pt-BR","@id":"https:\/\/vanderloubet.com.br\/deputado\/wp-content\/litespeed\/avatar\/88ca4090d9d5ab1c9495f6ca03b68efa.jpg?ver=1777058957","url":"https:\/\/vanderloubet.com.br\/deputado\/wp-content\/litespeed\/avatar\/88ca4090d9d5ab1c9495f6ca03b68efa.jpg?ver=1777058957","contentUrl":"https:\/\/vanderloubet.com.br\/deputado\/wp-content\/litespeed\/avatar\/88ca4090d9d5ab1c9495f6ca03b68efa.jpg?ver=1777058957","caption":"\u00c9der"}}]}},"jetpack_featured_media_url":"https:\/\/vanderloubet.com.br\/deputado\/wp-content\/uploads\/2020\/08\/foto-2020-08-19-vander-apoio-trabalhadores-correios.jpg","jetpack_sharing_enabled":true,"_links":{"self":[{"href":"https:\/\/vanderloubet.com.br\/deputado\/wp-json\/wp\/v2\/posts\/16712","targetHints":{"allow":["GET"]}}],"collection":[{"href":"https:\/\/vanderloubet.com.br\/deputado\/wp-json\/wp\/v2\/posts"}],"about":[{"href":"https:\/\/vanderloubet.com.br\/deputado\/wp-json\/wp\/v2\/types\/post"}],"author":[{"embeddable":true,"href":"https:\/\/vanderloubet.com.br\/deputado\/wp-json\/wp\/v2\/users\/2"}],"replies":[{"embeddable":true,"href":"https:\/\/vanderloubet.com.br\/deputado\/wp-json\/wp\/v2\/comments?post=16712"}],"version-history":[{"count":0,"href":"https:\/\/vanderloubet.com.br\/deputado\/wp-json\/wp\/v2\/posts\/16712\/revisions"}],"wp:featuredmedia":[{"embeddable":true,"href":"https:\/\/vanderloubet.com.br\/deputado\/wp-json\/wp\/v2\/media\/16714"}],"wp:attachment":[{"href":"https:\/\/vanderloubet.com.br\/deputado\/wp-json\/wp\/v2\/media?parent=16712"}],"wp:term":[{"taxonomy":"category","embeddable":true,"href":"https:\/\/vanderloubet.com.br\/deputado\/wp-json\/wp\/v2\/categories?post=16712"},{"taxonomy":"post_tag","embeddable":true,"href":"https:\/\/vanderloubet.com.br\/deputado\/wp-json\/wp\/v2\/tags?post=16712"}],"curies":[{"name":"wp","href":"https:\/\/api.w.org\/{rel}","templated":true}]}}