{"id":16707,"date":"2020-08-18T18:00:28","date_gmt":"2020-08-18T22:00:28","guid":{"rendered":"http:\/\/vanderloubet.com.br\/deputado\/?p=16707"},"modified":"2020-08-18T18:07:42","modified_gmt":"2020-08-18T22:07:42","slug":"saude-de-sete-quedas-recebe-emenda-de-r-400-mil-de-vander","status":"publish","type":"post","link":"https:\/\/vanderloubet.com.br\/deputado\/saude-de-sete-quedas-recebe-emenda-de-r-400-mil-de-vander\/","title":{"rendered":"Sa\u00fade de Sete Quedas recebe emenda de R$ 400 mil de Vander"},"content":{"rendered":"<p><iframe title=\"Sa\u00fade de Sete Quedas recebe emenda de R$ 400 mil de Vander\" width=\"696\" height=\"392\" src=\"https:\/\/www.youtube.com\/embed\/zVBK1uQk7uo?feature=oembed\" frameborder=\"0\" allow=\"accelerometer; autoplay; encrypted-media; gyroscope; picture-in-picture\" allowfullscreen><\/iframe><\/p>\n<p>J\u00e1 est\u00e1 na conta da Prefeitura de Sete Quedas a emenda parlamentar indicada pelo deputado federal Vander Loubet para atender a sa\u00fade no munic\u00edpio.<\/p>\n<p>A emenda foi empenhada e paga pelo Fundo Nacional de Sa\u00fade dentro do Or\u00e7amento Geral da Uni\u00e3o deste ano. O valor \u00e9 de R$ 400 mil, que ser\u00e1 aplicado no custeio dos servi\u00e7os p\u00fablicos de sa\u00fade.<\/p>\n<p>O prefeito Chico Piroli destacou a import\u00e2ncia desses recursos para Sete Quedas e agradeceu ao deputado Vander pela parceria.<\/p>\n<p>J\u00e1 o deputado Vander refor\u00e7ou seu compromisso com o munic\u00edpio e destacou que mais recursos est\u00e3o a caminho.<\/p>\n","protected":false},"excerpt":{"rendered":"<p>Prefeito Chico Piroli destacou import\u00e2ncia desse recurso para aten\u00e7\u00e3o b\u00e1sica em sa\u00fade do munic\u00edpio e agradeceu ao deputado pela parceria.<\/p>\n","protected":false},"author":2,"featured_media":16709,"comment_status":"closed","ping_status":"closed","sticky":false,"template":"","format":"video","meta":{"jetpack_post_was_ever_published":false,"_jetpack_newsletter_access":"","_jetpack_dont_email_post_to_subs":false,"_jetpack_newsletter_tier_id":0,"_jetpack_memberships_contains_paywalled_content":false,"_jetpack_memberships_contains_paid_content":false,"footnotes":""},"categories":[2101,2097,10,12],"tags":[2127,1803],"class_list":{"0":"post-16707","1":"post","2":"type-post","3":"status-publish","4":"format-video","5":"has-post-thumbnail","7":"category-multimidia","8":"category-municipios-noticias","9":"category-noticias","10":"category-videos","11":"tag-emenda-parlamentar","12":"tag-saude","13":"post_format-post-format-video"},"yoast_head":"<!-- This site is optimized with the Yoast SEO plugin v27.4 - https:\/\/yoast.com\/product\/yoast-seo-wordpress\/ -->\n<title>Sa\u00fade de Sete Quedas recebe emenda de R$ 400 mil de Vander<\/title>\n<meta name=\"description\" content=\"Prefeito Chico Piroli destacou import\u00e2ncia desse recurso para aten\u00e7\u00e3o b\u00e1sica em sa\u00fade do munic\u00edpio e agradeceu ao deputado pela parceria.\" \/>\n<meta name=\"robots\" content=\"index, follow, max-snippet:-1, max-image-preview:large, max-video-preview:-1\" \/>\n<link rel=\"canonical\" href=\"https:\/\/vanderloubet.com.br\/deputado\/saude-de-sete-quedas-recebe-emenda-de-r-400-mil-de-vander\/\" \/>\n<meta property=\"og:locale\" content=\"pt_BR\" \/>\n<meta property=\"og:type\" content=\"article\" \/>\n<meta property=\"og:title\" content=\"Sa\u00fade de Sete Quedas recebe emenda de R$ 400 mil de Vander\" \/>\n<meta property=\"og:description\" content=\"Prefeito Chico Piroli destacou import\u00e2ncia desse recurso para aten\u00e7\u00e3o b\u00e1sica em sa\u00fade do munic\u00edpio e agradeceu ao deputado pela parceria.\" \/>\n<meta property=\"og:url\" content=\"https:\/\/vanderloubet.com.br\/deputado\/saude-de-sete-quedas-recebe-emenda-de-r-400-mil-de-vander\/\" \/>\n<meta property=\"og:site_name\" content=\"Deputado Federal Vander Loubet\" \/>\n<meta property=\"article:publisher\" content=\"https:\/\/facebook.com\/deputadovander\" \/>\n<meta property=\"article:published_time\" content=\"2020-08-18T22:00:28+00:00\" \/>\n<meta property=\"article:modified_time\" content=\"2020-08-18T22:07:42+00:00\" \/>\n<meta property=\"og:image\" content=\"https:\/\/vanderloubet.com.br\/deputado\/wp-content\/uploads\/2020\/08\/foto-2020-08-18-emenda-saude-sete-quedas.jpg\" \/>\n\t<meta property=\"og:image:width\" content=\"960\" \/>\n\t<meta property=\"og:image:height\" content=\"540\" \/>\n\t<meta property=\"og:image:type\" content=\"image\/jpeg\" \/>\n<meta name=\"author\" content=\"\u00c9der\" \/>\n<meta name=\"twitter:card\" content=\"summary_large_image\" \/>\n<meta name=\"twitter:creator\" content=\"@vanderloubet\" \/>\n<meta name=\"twitter:site\" content=\"@vanderloubet\" \/>\n<script type=\"application\/ld+json\" class=\"yoast-schema-graph\">{\"@context\":\"https:\\\/\\\/schema.org\",\"@graph\":[{\"@type\":\"Article\",\"@id\":\"https:\\\/\\\/vanderloubet.com.br\\\/deputado\\\/saude-de-sete-quedas-recebe-emenda-de-r-400-mil-de-vander\\\/#article\",\"isPartOf\":{\"@id\":\"https:\\\/\\\/vanderloubet.com.br\\\/deputado\\\/saude-de-sete-quedas-recebe-emenda-de-r-400-mil-de-vander\\\/\"},\"author\":{\"name\":\"\u00c9der\",\"@id\":\"https:\\\/\\\/vanderloubet.com.br\\\/deputado\\\/#\\\/schema\\\/person\\\/15b51bd564532a8a68d9dec1b8eb890e\"},\"headline\":\"Sa\u00fade de Sete Quedas recebe emenda de R$ 400 mil de Vander\",\"datePublished\":\"2020-08-18T22:00:28+00:00\",\"dateModified\":\"2020-08-18T22:07:42+00:00\",\"mainEntityOfPage\":{\"@id\":\"https:\\\/\\\/vanderloubet.com.br\\\/deputado\\\/saude-de-sete-quedas-recebe-emenda-de-r-400-mil-de-vander\\\/\"},\"wordCount\":125,\"publisher\":{\"@id\":\"https:\\\/\\\/vanderloubet.com.br\\\/deputado\\\/#organization\"},\"image\":{\"@id\":\"https:\\\/\\\/vanderloubet.com.br\\\/deputado\\\/saude-de-sete-quedas-recebe-emenda-de-r-400-mil-de-vander\\\/#primaryimage\"},\"thumbnailUrl\":\"https:\\\/\\\/vanderloubet.com.br\\\/deputado\\\/wp-content\\\/uploads\\\/2020\\\/08\\\/foto-2020-08-18-emenda-saude-sete-quedas.jpg\",\"keywords\":[\"emenda parlamentar\",\"sa\u00fade\"],\"articleSection\":[\"Multim\u00eddia\",\"Munic\u00edpios\",\"Not\u00edcias\",\"V\u00eddeos\"],\"inLanguage\":\"pt-BR\"},{\"@type\":\"WebPage\",\"@id\":\"https:\\\/\\\/vanderloubet.com.br\\\/deputado\\\/saude-de-sete-quedas-recebe-emenda-de-r-400-mil-de-vander\\\/\",\"url\":\"https:\\\/\\\/vanderloubet.com.br\\\/deputado\\\/saude-de-sete-quedas-recebe-emenda-de-r-400-mil-de-vander\\\/\",\"name\":\"Sa\u00fade de Sete Quedas recebe emenda de R$ 400 mil de Vander\",\"isPartOf\":{\"@id\":\"https:\\\/\\\/vanderloubet.com.br\\\/deputado\\\/#website\"},\"primaryImageOfPage\":{\"@id\":\"https:\\\/\\\/vanderloubet.com.br\\\/deputado\\\/saude-de-sete-quedas-recebe-emenda-de-r-400-mil-de-vander\\\/#primaryimage\"},\"image\":{\"@id\":\"https:\\\/\\\/vanderloubet.com.br\\\/deputado\\\/saude-de-sete-quedas-recebe-emenda-de-r-400-mil-de-vander\\\/#primaryimage\"},\"thumbnailUrl\":\"https:\\\/\\\/vanderloubet.com.br\\\/deputado\\\/wp-content\\\/uploads\\\/2020\\\/08\\\/foto-2020-08-18-emenda-saude-sete-quedas.jpg\",\"datePublished\":\"2020-08-18T22:00:28+00:00\",\"dateModified\":\"2020-08-18T22:07:42+00:00\",\"description\":\"Prefeito Chico Piroli destacou import\u00e2ncia desse recurso para aten\u00e7\u00e3o b\u00e1sica em sa\u00fade do munic\u00edpio e agradeceu ao deputado pela parceria.\",\"breadcrumb\":{\"@id\":\"https:\\\/\\\/vanderloubet.com.br\\\/deputado\\\/saude-de-sete-quedas-recebe-emenda-de-r-400-mil-de-vander\\\/#breadcrumb\"},\"inLanguage\":\"pt-BR\",\"potentialAction\":[{\"@type\":\"ReadAction\",\"target\":[\"https:\\\/\\\/vanderloubet.com.br\\\/deputado\\\/saude-de-sete-quedas-recebe-emenda-de-r-400-mil-de-vander\\\/\"]}]},{\"@type\":\"ImageObject\",\"inLanguage\":\"pt-BR\",\"@id\":\"https:\\\/\\\/vanderloubet.com.br\\\/deputado\\\/saude-de-sete-quedas-recebe-emenda-de-r-400-mil-de-vander\\\/#primaryimage\",\"url\":\"https:\\\/\\\/vanderloubet.com.br\\\/deputado\\\/wp-content\\\/uploads\\\/2020\\\/08\\\/foto-2020-08-18-emenda-saude-sete-quedas.jpg\",\"contentUrl\":\"https:\\\/\\\/vanderloubet.com.br\\\/deputado\\\/wp-content\\\/uploads\\\/2020\\\/08\\\/foto-2020-08-18-emenda-saude-sete-quedas.jpg\",\"width\":960,\"height\":540,\"caption\":\"Sa\u00fade de Sete Quedas recebe emenda de R$ 400 mil de Vander\"},{\"@type\":\"BreadcrumbList\",\"@id\":\"https:\\\/\\\/vanderloubet.com.br\\\/deputado\\\/saude-de-sete-quedas-recebe-emenda-de-r-400-mil-de-vander\\\/#breadcrumb\",\"itemListElement\":[{\"@type\":\"ListItem\",\"position\":1,\"name\":\"In\u00edcio\",\"item\":\"https:\\\/\\\/vanderloubet.com.br\\\/deputado\\\/\"},{\"@type\":\"ListItem\",\"position\":2,\"name\":\"Sa\u00fade de Sete Quedas recebe emenda de R$ 400 mil de Vander\"}]},{\"@type\":\"WebSite\",\"@id\":\"https:\\\/\\\/vanderloubet.com.br\\\/deputado\\\/#website\",\"url\":\"https:\\\/\\\/vanderloubet.com.br\\\/deputado\\\/\",\"name\":\"Deputado Federal Vander Loubet\",\"description\":\"O Federal de MS\",\"publisher\":{\"@id\":\"https:\\\/\\\/vanderloubet.com.br\\\/deputado\\\/#organization\"},\"alternateName\":\"Deputado Vander\",\"potentialAction\":[{\"@type\":\"SearchAction\",\"target\":{\"@type\":\"EntryPoint\",\"urlTemplate\":\"https:\\\/\\\/vanderloubet.com.br\\\/deputado\\\/?s={search_term_string}\"},\"query-input\":{\"@type\":\"PropertyValueSpecification\",\"valueRequired\":true,\"valueName\":\"search_term_string\"}}],\"inLanguage\":\"pt-BR\"},{\"@type\":\"Organization\",\"@id\":\"https:\\\/\\\/vanderloubet.com.br\\\/deputado\\\/#organization\",\"name\":\"Deputado Federal Vander Loubet\",\"alternateName\":\"Deputado Vander\",\"url\":\"https:\\\/\\\/vanderloubet.com.br\\\/deputado\\\/\",\"logo\":{\"@type\":\"ImageObject\",\"inLanguage\":\"pt-BR\",\"@id\":\"https:\\\/\\\/vanderloubet.com.br\\\/deputado\\\/#\\\/schema\\\/logo\\\/image\\\/\",\"url\":\"https:\\\/\\\/vanderloubet.com.br\\\/deputado\\\/wp-content\\\/uploads\\\/2023\\\/06\\\/foto-2023-06-19-mandato-deputado-vander.jpg\",\"contentUrl\":\"https:\\\/\\\/vanderloubet.com.br\\\/deputado\\\/wp-content\\\/uploads\\\/2023\\\/06\\\/foto-2023-06-19-mandato-deputado-vander.jpg\",\"width\":1080,\"height\":1080,\"caption\":\"Deputado Federal Vander Loubet\"},\"image\":{\"@id\":\"https:\\\/\\\/vanderloubet.com.br\\\/deputado\\\/#\\\/schema\\\/logo\\\/image\\\/\"},\"sameAs\":[\"https:\\\/\\\/facebook.com\\\/deputadovander\",\"https:\\\/\\\/x.com\\\/vanderloubet\",\"https:\\\/\\\/instagram.com\\\/vanderloubet\",\"https:\\\/\\\/youtube.com\\\/vanderloubet\",\"https:\\\/\\\/tiktok.com\\\/@vanderloubetms\"]},{\"@type\":\"Person\",\"@id\":\"https:\\\/\\\/vanderloubet.com.br\\\/deputado\\\/#\\\/schema\\\/person\\\/15b51bd564532a8a68d9dec1b8eb890e\",\"name\":\"\u00c9der\",\"image\":{\"@type\":\"ImageObject\",\"inLanguage\":\"pt-BR\",\"@id\":\"https:\\\/\\\/vanderloubet.com.br\\\/deputado\\\/wp-content\\\/litespeed\\\/avatar\\\/88ca4090d9d5ab1c9495f6ca03b68efa.jpg?ver=1777058957\",\"url\":\"https:\\\/\\\/vanderloubet.com.br\\\/deputado\\\/wp-content\\\/litespeed\\\/avatar\\\/88ca4090d9d5ab1c9495f6ca03b68efa.jpg?ver=1777058957\",\"contentUrl\":\"https:\\\/\\\/vanderloubet.com.br\\\/deputado\\\/wp-content\\\/litespeed\\\/avatar\\\/88ca4090d9d5ab1c9495f6ca03b68efa.jpg?ver=1777058957\",\"caption\":\"\u00c9der\"}}]}<\/script>\n<!-- \/ Yoast SEO plugin. -->","yoast_head_json":{"title":"Sa\u00fade de Sete Quedas recebe emenda de R$ 400 mil de Vander","description":"Prefeito Chico Piroli destacou import\u00e2ncia desse recurso para aten\u00e7\u00e3o b\u00e1sica em sa\u00fade do munic\u00edpio e agradeceu ao deputado pela parceria.","robots":{"index":"index","follow":"follow","max-snippet":"max-snippet:-1","max-image-preview":"max-image-preview:large","max-video-preview":"max-video-preview:-1"},"canonical":"https:\/\/vanderloubet.com.br\/deputado\/saude-de-sete-quedas-recebe-emenda-de-r-400-mil-de-vander\/","og_locale":"pt_BR","og_type":"article","og_title":"Sa\u00fade de Sete Quedas recebe emenda de R$ 400 mil de Vander","og_description":"Prefeito Chico Piroli destacou import\u00e2ncia desse recurso para aten\u00e7\u00e3o b\u00e1sica em sa\u00fade do munic\u00edpio e agradeceu ao deputado pela parceria.","og_url":"https:\/\/vanderloubet.com.br\/deputado\/saude-de-sete-quedas-recebe-emenda-de-r-400-mil-de-vander\/","og_site_name":"Deputado Federal Vander Loubet","article_publisher":"https:\/\/facebook.com\/deputadovander","article_published_time":"2020-08-18T22:00:28+00:00","article_modified_time":"2020-08-18T22:07:42+00:00","og_image":[{"width":960,"height":540,"url":"https:\/\/vanderloubet.com.br\/deputado\/wp-content\/uploads\/2020\/08\/foto-2020-08-18-emenda-saude-sete-quedas.jpg","type":"image\/jpeg"}],"author":"\u00c9der","twitter_card":"summary_large_image","twitter_creator":"@vanderloubet","twitter_site":"@vanderloubet","schema":{"@context":"https:\/\/schema.org","@graph":[{"@type":"Article","@id":"https:\/\/vanderloubet.com.br\/deputado\/saude-de-sete-quedas-recebe-emenda-de-r-400-mil-de-vander\/#article","isPartOf":{"@id":"https:\/\/vanderloubet.com.br\/deputado\/saude-de-sete-quedas-recebe-emenda-de-r-400-mil-de-vander\/"},"author":{"name":"\u00c9der","@id":"https:\/\/vanderloubet.com.br\/deputado\/#\/schema\/person\/15b51bd564532a8a68d9dec1b8eb890e"},"headline":"Sa\u00fade de Sete Quedas recebe emenda de R$ 400 mil de Vander","datePublished":"2020-08-18T22:00:28+00:00","dateModified":"2020-08-18T22:07:42+00:00","mainEntityOfPage":{"@id":"https:\/\/vanderloubet.com.br\/deputado\/saude-de-sete-quedas-recebe-emenda-de-r-400-mil-de-vander\/"},"wordCount":125,"publisher":{"@id":"https:\/\/vanderloubet.com.br\/deputado\/#organization"},"image":{"@id":"https:\/\/vanderloubet.com.br\/deputado\/saude-de-sete-quedas-recebe-emenda-de-r-400-mil-de-vander\/#primaryimage"},"thumbnailUrl":"https:\/\/vanderloubet.com.br\/deputado\/wp-content\/uploads\/2020\/08\/foto-2020-08-18-emenda-saude-sete-quedas.jpg","keywords":["emenda parlamentar","sa\u00fade"],"articleSection":["Multim\u00eddia","Munic\u00edpios","Not\u00edcias","V\u00eddeos"],"inLanguage":"pt-BR"},{"@type":"WebPage","@id":"https:\/\/vanderloubet.com.br\/deputado\/saude-de-sete-quedas-recebe-emenda-de-r-400-mil-de-vander\/","url":"https:\/\/vanderloubet.com.br\/deputado\/saude-de-sete-quedas-recebe-emenda-de-r-400-mil-de-vander\/","name":"Sa\u00fade de Sete Quedas recebe emenda de R$ 400 mil de Vander","isPartOf":{"@id":"https:\/\/vanderloubet.com.br\/deputado\/#website"},"primaryImageOfPage":{"@id":"https:\/\/vanderloubet.com.br\/deputado\/saude-de-sete-quedas-recebe-emenda-de-r-400-mil-de-vander\/#primaryimage"},"image":{"@id":"https:\/\/vanderloubet.com.br\/deputado\/saude-de-sete-quedas-recebe-emenda-de-r-400-mil-de-vander\/#primaryimage"},"thumbnailUrl":"https:\/\/vanderloubet.com.br\/deputado\/wp-content\/uploads\/2020\/08\/foto-2020-08-18-emenda-saude-sete-quedas.jpg","datePublished":"2020-08-18T22:00:28+00:00","dateModified":"2020-08-18T22:07:42+00:00","description":"Prefeito Chico Piroli destacou import\u00e2ncia desse recurso para aten\u00e7\u00e3o b\u00e1sica em sa\u00fade do munic\u00edpio e agradeceu ao deputado pela parceria.","breadcrumb":{"@id":"https:\/\/vanderloubet.com.br\/deputado\/saude-de-sete-quedas-recebe-emenda-de-r-400-mil-de-vander\/#breadcrumb"},"inLanguage":"pt-BR","potentialAction":[{"@type":"ReadAction","target":["https:\/\/vanderloubet.com.br\/deputado\/saude-de-sete-quedas-recebe-emenda-de-r-400-mil-de-vander\/"]}]},{"@type":"ImageObject","inLanguage":"pt-BR","@id":"https:\/\/vanderloubet.com.br\/deputado\/saude-de-sete-quedas-recebe-emenda-de-r-400-mil-de-vander\/#primaryimage","url":"https:\/\/vanderloubet.com.br\/deputado\/wp-content\/uploads\/2020\/08\/foto-2020-08-18-emenda-saude-sete-quedas.jpg","contentUrl":"https:\/\/vanderloubet.com.br\/deputado\/wp-content\/uploads\/2020\/08\/foto-2020-08-18-emenda-saude-sete-quedas.jpg","width":960,"height":540,"caption":"Sa\u00fade de Sete Quedas recebe emenda de R$ 400 mil de Vander"},{"@type":"BreadcrumbList","@id":"https:\/\/vanderloubet.com.br\/deputado\/saude-de-sete-quedas-recebe-emenda-de-r-400-mil-de-vander\/#breadcrumb","itemListElement":[{"@type":"ListItem","position":1,"name":"In\u00edcio","item":"https:\/\/vanderloubet.com.br\/deputado\/"},{"@type":"ListItem","position":2,"name":"Sa\u00fade de Sete Quedas recebe emenda de R$ 400 mil de Vander"}]},{"@type":"WebSite","@id":"https:\/\/vanderloubet.com.br\/deputado\/#website","url":"https:\/\/vanderloubet.com.br\/deputado\/","name":"Deputado Federal Vander Loubet","description":"O Federal de MS","publisher":{"@id":"https:\/\/vanderloubet.com.br\/deputado\/#organization"},"alternateName":"Deputado Vander","potentialAction":[{"@type":"SearchAction","target":{"@type":"EntryPoint","urlTemplate":"https:\/\/vanderloubet.com.br\/deputado\/?s={search_term_string}"},"query-input":{"@type":"PropertyValueSpecification","valueRequired":true,"valueName":"search_term_string"}}],"inLanguage":"pt-BR"},{"@type":"Organization","@id":"https:\/\/vanderloubet.com.br\/deputado\/#organization","name":"Deputado Federal Vander Loubet","alternateName":"Deputado Vander","url":"https:\/\/vanderloubet.com.br\/deputado\/","logo":{"@type":"ImageObject","inLanguage":"pt-BR","@id":"https:\/\/vanderloubet.com.br\/deputado\/#\/schema\/logo\/image\/","url":"https:\/\/vanderloubet.com.br\/deputado\/wp-content\/uploads\/2023\/06\/foto-2023-06-19-mandato-deputado-vander.jpg","contentUrl":"https:\/\/vanderloubet.com.br\/deputado\/wp-content\/uploads\/2023\/06\/foto-2023-06-19-mandato-deputado-vander.jpg","width":1080,"height":1080,"caption":"Deputado Federal Vander Loubet"},"image":{"@id":"https:\/\/vanderloubet.com.br\/deputado\/#\/schema\/logo\/image\/"},"sameAs":["https:\/\/facebook.com\/deputadovander","https:\/\/x.com\/vanderloubet","https:\/\/instagram.com\/vanderloubet","https:\/\/youtube.com\/vanderloubet","https:\/\/tiktok.com\/@vanderloubetms"]},{"@type":"Person","@id":"https:\/\/vanderloubet.com.br\/deputado\/#\/schema\/person\/15b51bd564532a8a68d9dec1b8eb890e","name":"\u00c9der","image":{"@type":"ImageObject","inLanguage":"pt-BR","@id":"https:\/\/vanderloubet.com.br\/deputado\/wp-content\/litespeed\/avatar\/88ca4090d9d5ab1c9495f6ca03b68efa.jpg?ver=1777058957","url":"https:\/\/vanderloubet.com.br\/deputado\/wp-content\/litespeed\/avatar\/88ca4090d9d5ab1c9495f6ca03b68efa.jpg?ver=1777058957","contentUrl":"https:\/\/vanderloubet.com.br\/deputado\/wp-content\/litespeed\/avatar\/88ca4090d9d5ab1c9495f6ca03b68efa.jpg?ver=1777058957","caption":"\u00c9der"}}]}},"jetpack_featured_media_url":"https:\/\/vanderloubet.com.br\/deputado\/wp-content\/uploads\/2020\/08\/foto-2020-08-18-emenda-saude-sete-quedas.jpg","jetpack_sharing_enabled":true,"_links":{"self":[{"href":"https:\/\/vanderloubet.com.br\/deputado\/wp-json\/wp\/v2\/posts\/16707","targetHints":{"allow":["GET"]}}],"collection":[{"href":"https:\/\/vanderloubet.com.br\/deputado\/wp-json\/wp\/v2\/posts"}],"about":[{"href":"https:\/\/vanderloubet.com.br\/deputado\/wp-json\/wp\/v2\/types\/post"}],"author":[{"embeddable":true,"href":"https:\/\/vanderloubet.com.br\/deputado\/wp-json\/wp\/v2\/users\/2"}],"replies":[{"embeddable":true,"href":"https:\/\/vanderloubet.com.br\/deputado\/wp-json\/wp\/v2\/comments?post=16707"}],"version-history":[{"count":0,"href":"https:\/\/vanderloubet.com.br\/deputado\/wp-json\/wp\/v2\/posts\/16707\/revisions"}],"wp:featuredmedia":[{"embeddable":true,"href":"https:\/\/vanderloubet.com.br\/deputado\/wp-json\/wp\/v2\/media\/16709"}],"wp:attachment":[{"href":"https:\/\/vanderloubet.com.br\/deputado\/wp-json\/wp\/v2\/media?parent=16707"}],"wp:term":[{"taxonomy":"category","embeddable":true,"href":"https:\/\/vanderloubet.com.br\/deputado\/wp-json\/wp\/v2\/categories?post=16707"},{"taxonomy":"post_tag","embeddable":true,"href":"https:\/\/vanderloubet.com.br\/deputado\/wp-json\/wp\/v2\/tags?post=16707"}],"curies":[{"name":"wp","href":"https:\/\/api.w.org\/{rel}","templated":true}]}}