{"id":16673,"date":"2020-08-05T08:07:57","date_gmt":"2020-08-05T12:07:57","guid":{"rendered":"http:\/\/vanderloubet.com.br\/deputado\/?p=16673"},"modified":"2020-08-05T08:31:10","modified_gmt":"2020-08-05T12:31:10","slug":"com-emenda-de-vander-pesquisadores-analisam-potencialidades-do-corredor-bioceanico","status":"publish","type":"post","link":"https:\/\/vanderloubet.com.br\/deputado\/com-emenda-de-vander-pesquisadores-analisam-potencialidades-do-corredor-bioceanico\/","title":{"rendered":"Com emenda de Vander, pesquisadores analisam potencialidades do Corredor Bioce\u00e2nico"},"content":{"rendered":"<p>Sonhado h\u00e1 d\u00e9cadas pelas autoridades e comunidades do Brasil, Paraguai, Argentina e Chile, o Corredor Bioce\u00e2nico trar\u00e1 impactos para a popula\u00e7\u00e3o e para o desenvolvimento das regi\u00f5es alcan\u00e7adas pelo tra\u00e7ado internacional. Essa rota rodovi\u00e1ria, que possibilitar\u00e1 a conex\u00e3o vi\u00e1ria do Centro-Oeste brasileiro aos portos chilenos, vai proporcionar mais competitividade no escoamento da produ\u00e7\u00e3o agr\u00edcola e industrial, com redu\u00e7\u00e3o de 23% do tempo de viagem (12 dias a menos) para a China, por exemplo, em compara\u00e7\u00e3o ao trajeto pelo Porto de Santos (SP), e redu\u00e7\u00e3o do custo do transporte rodovi\u00e1rio para exporta\u00e7\u00f5es e importa\u00e7\u00f5es, conforme dados da Empresa de Planejamento e Log\u00edstica (EPL).<\/p>\n<p>Para identificar as oportunidades e desafios gerados pela obra, pesquisadores do Projeto de Pesquisa e Extens\u00e3o Constru\u00e7\u00e3o Multidisciplinar para o Corredor Bioce\u00e2nico est\u00e3o realizando estudos nas \u00e1reas de Log\u00edstica, Economia, Turismo, Direito e Hist\u00f3ria. O projeto de pesquisa e extens\u00e3o \u00e9 coordenado pelo Prof. Dr. Erick Wilke, da Escola de Administra\u00e7\u00e3o e Neg\u00f3cios (ESAN) da Universidade Federal de Mato Grosso do Sul (UFMS).<\/p>\n<p>No Projeto Multidisciplinar, est\u00e3o sendo realizadas pesquisas centradas em resultados consistentes para a promo\u00e7\u00e3o do desenvolvimento econ\u00f4mico e social nos territ\u00f3rios por onde o Corredor Bioce\u00e2nico passar\u00e1. &#8220;O papel da universidade \u00e9 levantar e gerar dados e informa\u00e7\u00f5es por meio da pesquisa para que as autoridades e demais atores envolvidos nesse projeto possam tomar as melhores decis\u00f5es poss\u00edveis&#8221;, explica o coordenador do projeto, Erick Wilke.<\/p>\n<p>O projeto poder\u00e1 beneficiar gestores p\u00fablicos municipais; entidades associativas de classe; l\u00edderes comunit\u00e1rios; empresas do setor de transporte e log\u00edstica e do setor de turismo; pequenos e microprodutores e empreendedores, agricultores de base familiar e sociedade civil em geral.<\/p>\n<p><strong>Recursos<\/strong> &#8211; Os recursos que viabilizaram a realiza\u00e7\u00e3o do Projeto Multidisciplinar s\u00e3o oriundos de emenda parlamentar do deputado federal Vander Loubet. Ele \u00e9 natural de Porto Murtinho e trabalhou com o ex-governador Jos\u00e9 Orc\u00edrio Miranda dos Santos (Zeca do PT) junto \u00e0 Embaixada do Paraguai em Bras\u00edlia para viabilizar a entrada da Itaipu Binacional no projeto. A empresa ir\u00e1 financiar a constru\u00e7\u00e3o da ponte sobre o Rio Paraguai entre Porto Murtinho e Carmelo Peralta, obra que \u00e9 fundamental para viabilizar o funcionamento da Rota Bioce\u00e2nica e que deve come\u00e7ar a ser constru\u00edda em 2021.<\/p>\n<p>&#8220;Com o projeto em andamento, percebemos que algumas \u00e1reas n\u00e3o seriam contempladas pelos estudos de impacto econ\u00f4mico que seriam feitos, por isso resolvemos buscar a Universidade Federal de Mato Grosso do Sul para que analisasse essas \u00e1reas&#8221;, explica o deputado federal.<\/p>\n<p>Vander Loubet lembra que o Corredor vai impactar o Estado de Mato Grosso do Sul n\u00e3o apenas na quest\u00e3o econ\u00f4mica, em rela\u00e7\u00e3o ao agroneg\u00f3cio e exporta\u00e7\u00f5es, como tamb\u00e9m aspectos ligados ao turismo, \u00e0 cultura e at\u00e9 mesmo aos pequenos empreendimentos, como a agricultura familiar.<\/p>\n<p>&#8220;Acredito que essa pesquisa vai poder complementar aquilo que est\u00e1 sendo estudado pelo Governo do Estado. O Estado est\u00e1 focado com o macro, em quest\u00f5es alfandeg\u00e1rias, de arrecada\u00e7\u00e3o, de oportunidades para o agroneg\u00f3cio e a ind\u00fastria. Mas \u00e9 importante que a gente tenha a dimens\u00e3o total do que vai representar esse corredor, em todos os munic\u00edpios do nosso estado. A Universidade n\u00e3o pode ficar restrita apenas ao mundo acad\u00eamico, acredito que \u00e9 fundamental que ela possa fazer parte do dia a dia da popula\u00e7\u00e3o e esse tipo de pesquisa \u00e9 uma forma de fazer isso\u201d, avalia o parlamentar.<\/p>\n<p><strong>Vanguarda<\/strong> &#8211; O Projeto Multidisciplinar representa uma extens\u00e3o do somat\u00f3rio de esfor\u00e7os e a\u00e7\u00f5es em torno do tema central Corredor Bioce\u00e2nico. <\/p>\n<p>&#8220;Este projeto coloca a UFMS na vanguarda da discuss\u00e3o da rota bioce\u00e2nica na medida em que ao pesquisar o cen\u00e1rio atual pensando em perspectivas futuras, antes da obra f\u00edsica ser executada, a universidade est\u00e1 cumprindo um papel muito mais importante do que sanar problemas ou defici\u00eancias do nosso momento, estamos impedindo uma s\u00e9rie de problemas futuros relacionados \u00e0 log\u00edstica, \u00e0 infraestrutura e aos impactos sociais do projeto, e tamb\u00e9m estamos olhando para as potencialidades que est\u00e3o se delineando neste momento&#8221;, avalia o pr\u00f3-reitor de extens\u00e3o da UFMS, Marcelo Fernandes.<\/p>\n<p>Os resultados parciais dos cinco eixos de pesquisa do Projeto Multidisciplinar foram apresentados em uma Live, com a   presen\u00e7a dos pesquisadores e de autoridades, como o deputado Vander Louber. Clique no link e assista \u00e0 Live: <a href=\"https:\/\/corredorbioceanico.ufms.br\/live-apresenta-dados-parciais-do-projeto-multidisciplicar-do-corredor-bioceanico\/\" rel=\"noopener noreferrer\" target=\"_blank\">https:\/\/corredorbioceanico.ufms.br\/live-apresenta-dados-parciais-do-projeto-multidisciplicar-do-corredor-bioceanico\/<\/a><\/p>\n<p><em>(Assessoria de Comunica\u00e7\u00e3o do Projeto)<\/em><\/p>\n","protected":false},"excerpt":{"rendered":"<p>Deputado lembra que rota vai impactar n\u00e3o apenas quest\u00e3o econ\u00f4mica, como turismo, cultura e pequenos empreendimentos.<\/p>\n","protected":false},"author":2,"featured_media":16674,"comment_status":"closed","ping_status":"closed","sticky":false,"template":"","format":"standard","meta":{"jetpack_post_was_ever_published":false,"_jetpack_newsletter_access":"","_jetpack_dont_email_post_to_subs":false,"_jetpack_newsletter_tier_id":0,"_jetpack_memberships_contains_paywalled_content":false,"_jetpack_memberships_contains_paid_content":false,"footnotes":""},"categories":[2099,10],"tags":[2423,697,2127,2346],"class_list":{"0":"post-16673","1":"post","2":"type-post","3":"status-publish","4":"format-standard","5":"has-post-thumbnail","7":"category-ms-noticias","8":"category-noticias","9":"tag-corredor-bioceanico","10":"tag-educacao","11":"tag-emenda-parlamentar","12":"tag-rota-bioceanica"},"yoast_head":"<!-- This site is optimized with the Yoast SEO plugin v27.4 - https:\/\/yoast.com\/product\/yoast-seo-wordpress\/ -->\n<title>Com emenda de Vander, pesquisadores analisam potencialidades do Corredor Bioce\u00e2nico<\/title>\n<meta name=\"description\" content=\"Deputado lembra que rota vai impactar n\u00e3o apenas quest\u00e3o econ\u00f4mica, como turismo, cultura e pequenos empreendimentos.\" \/>\n<meta name=\"robots\" content=\"index, follow, max-snippet:-1, max-image-preview:large, max-video-preview:-1\" \/>\n<link rel=\"canonical\" href=\"https:\/\/vanderloubet.com.br\/deputado\/com-emenda-de-vander-pesquisadores-analisam-potencialidades-do-corredor-bioceanico\/\" \/>\n<meta property=\"og:locale\" content=\"pt_BR\" \/>\n<meta property=\"og:type\" content=\"article\" \/>\n<meta property=\"og:title\" content=\"Com emenda de Vander, pesquisadores analisam potencialidades do Corredor Bioce\u00e2nico\" \/>\n<meta property=\"og:description\" content=\"Deputado lembra que rota vai impactar n\u00e3o apenas quest\u00e3o econ\u00f4mica, como turismo, cultura e pequenos empreendimentos.\" \/>\n<meta property=\"og:url\" content=\"https:\/\/vanderloubet.com.br\/deputado\/com-emenda-de-vander-pesquisadores-analisam-potencialidades-do-corredor-bioceanico\/\" \/>\n<meta property=\"og:site_name\" content=\"Deputado Federal Vander Loubet\" \/>\n<meta property=\"article:publisher\" content=\"https:\/\/facebook.com\/deputadovander\" \/>\n<meta property=\"article:published_time\" content=\"2020-08-05T12:07:57+00:00\" \/>\n<meta property=\"article:modified_time\" content=\"2020-08-05T12:31:10+00:00\" \/>\n<meta property=\"og:image\" content=\"https:\/\/vanderloubet.com.br\/deputado\/wp-content\/uploads\/2020\/08\/foto-2020-08-05-corredor-bioceanico.jpg\" \/>\n\t<meta property=\"og:image:width\" content=\"1080\" \/>\n\t<meta property=\"og:image:height\" content=\"720\" \/>\n\t<meta property=\"og:image:type\" content=\"image\/jpeg\" \/>\n<meta name=\"author\" content=\"\u00c9der\" \/>\n<meta name=\"twitter:card\" content=\"summary_large_image\" \/>\n<meta name=\"twitter:creator\" content=\"@vanderloubet\" \/>\n<meta name=\"twitter:site\" content=\"@vanderloubet\" \/>\n<script type=\"application\/ld+json\" class=\"yoast-schema-graph\">{\"@context\":\"https:\\\/\\\/schema.org\",\"@graph\":[{\"@type\":\"Article\",\"@id\":\"https:\\\/\\\/vanderloubet.com.br\\\/deputado\\\/com-emenda-de-vander-pesquisadores-analisam-potencialidades-do-corredor-bioceanico\\\/#article\",\"isPartOf\":{\"@id\":\"https:\\\/\\\/vanderloubet.com.br\\\/deputado\\\/com-emenda-de-vander-pesquisadores-analisam-potencialidades-do-corredor-bioceanico\\\/\"},\"author\":{\"name\":\"\u00c9der\",\"@id\":\"https:\\\/\\\/vanderloubet.com.br\\\/deputado\\\/#\\\/schema\\\/person\\\/15b51bd564532a8a68d9dec1b8eb890e\"},\"headline\":\"Com emenda de Vander, pesquisadores analisam potencialidades do Corredor Bioce\u00e2nico\",\"datePublished\":\"2020-08-05T12:07:57+00:00\",\"dateModified\":\"2020-08-05T12:31:10+00:00\",\"mainEntityOfPage\":{\"@id\":\"https:\\\/\\\/vanderloubet.com.br\\\/deputado\\\/com-emenda-de-vander-pesquisadores-analisam-potencialidades-do-corredor-bioceanico\\\/\"},\"wordCount\":782,\"publisher\":{\"@id\":\"https:\\\/\\\/vanderloubet.com.br\\\/deputado\\\/#organization\"},\"image\":{\"@id\":\"https:\\\/\\\/vanderloubet.com.br\\\/deputado\\\/com-emenda-de-vander-pesquisadores-analisam-potencialidades-do-corredor-bioceanico\\\/#primaryimage\"},\"thumbnailUrl\":\"https:\\\/\\\/vanderloubet.com.br\\\/deputado\\\/wp-content\\\/uploads\\\/2020\\\/08\\\/foto-2020-08-05-corredor-bioceanico.jpg\",\"keywords\":[\"corredor bioce\u00e2nico\",\"educa\u00e7\u00e3o\",\"emenda parlamentar\",\"rota bioce\u00e2nica\"],\"articleSection\":[\"Mato Grosso do Sul\",\"Not\u00edcias\"],\"inLanguage\":\"pt-BR\"},{\"@type\":\"WebPage\",\"@id\":\"https:\\\/\\\/vanderloubet.com.br\\\/deputado\\\/com-emenda-de-vander-pesquisadores-analisam-potencialidades-do-corredor-bioceanico\\\/\",\"url\":\"https:\\\/\\\/vanderloubet.com.br\\\/deputado\\\/com-emenda-de-vander-pesquisadores-analisam-potencialidades-do-corredor-bioceanico\\\/\",\"name\":\"Com emenda de Vander, pesquisadores analisam potencialidades do Corredor Bioce\u00e2nico\",\"isPartOf\":{\"@id\":\"https:\\\/\\\/vanderloubet.com.br\\\/deputado\\\/#website\"},\"primaryImageOfPage\":{\"@id\":\"https:\\\/\\\/vanderloubet.com.br\\\/deputado\\\/com-emenda-de-vander-pesquisadores-analisam-potencialidades-do-corredor-bioceanico\\\/#primaryimage\"},\"image\":{\"@id\":\"https:\\\/\\\/vanderloubet.com.br\\\/deputado\\\/com-emenda-de-vander-pesquisadores-analisam-potencialidades-do-corredor-bioceanico\\\/#primaryimage\"},\"thumbnailUrl\":\"https:\\\/\\\/vanderloubet.com.br\\\/deputado\\\/wp-content\\\/uploads\\\/2020\\\/08\\\/foto-2020-08-05-corredor-bioceanico.jpg\",\"datePublished\":\"2020-08-05T12:07:57+00:00\",\"dateModified\":\"2020-08-05T12:31:10+00:00\",\"description\":\"Deputado lembra que rota vai impactar n\u00e3o apenas quest\u00e3o econ\u00f4mica, como turismo, cultura e pequenos empreendimentos.\",\"breadcrumb\":{\"@id\":\"https:\\\/\\\/vanderloubet.com.br\\\/deputado\\\/com-emenda-de-vander-pesquisadores-analisam-potencialidades-do-corredor-bioceanico\\\/#breadcrumb\"},\"inLanguage\":\"pt-BR\",\"potentialAction\":[{\"@type\":\"ReadAction\",\"target\":[\"https:\\\/\\\/vanderloubet.com.br\\\/deputado\\\/com-emenda-de-vander-pesquisadores-analisam-potencialidades-do-corredor-bioceanico\\\/\"]}]},{\"@type\":\"ImageObject\",\"inLanguage\":\"pt-BR\",\"@id\":\"https:\\\/\\\/vanderloubet.com.br\\\/deputado\\\/com-emenda-de-vander-pesquisadores-analisam-potencialidades-do-corredor-bioceanico\\\/#primaryimage\",\"url\":\"https:\\\/\\\/vanderloubet.com.br\\\/deputado\\\/wp-content\\\/uploads\\\/2020\\\/08\\\/foto-2020-08-05-corredor-bioceanico.jpg\",\"contentUrl\":\"https:\\\/\\\/vanderloubet.com.br\\\/deputado\\\/wp-content\\\/uploads\\\/2020\\\/08\\\/foto-2020-08-05-corredor-bioceanico.jpg\",\"width\":1080,\"height\":720,\"caption\":\"Com emenda de Vander, pesquisadores analisam potencialidades do Corredor Bioce\u00e2nico\"},{\"@type\":\"BreadcrumbList\",\"@id\":\"https:\\\/\\\/vanderloubet.com.br\\\/deputado\\\/com-emenda-de-vander-pesquisadores-analisam-potencialidades-do-corredor-bioceanico\\\/#breadcrumb\",\"itemListElement\":[{\"@type\":\"ListItem\",\"position\":1,\"name\":\"In\u00edcio\",\"item\":\"https:\\\/\\\/vanderloubet.com.br\\\/deputado\\\/\"},{\"@type\":\"ListItem\",\"position\":2,\"name\":\"Com emenda de Vander, pesquisadores analisam potencialidades do Corredor Bioce\u00e2nico\"}]},{\"@type\":\"WebSite\",\"@id\":\"https:\\\/\\\/vanderloubet.com.br\\\/deputado\\\/#website\",\"url\":\"https:\\\/\\\/vanderloubet.com.br\\\/deputado\\\/\",\"name\":\"Deputado Federal Vander Loubet\",\"description\":\"O Federal de MS\",\"publisher\":{\"@id\":\"https:\\\/\\\/vanderloubet.com.br\\\/deputado\\\/#organization\"},\"alternateName\":\"Deputado Vander\",\"potentialAction\":[{\"@type\":\"SearchAction\",\"target\":{\"@type\":\"EntryPoint\",\"urlTemplate\":\"https:\\\/\\\/vanderloubet.com.br\\\/deputado\\\/?s={search_term_string}\"},\"query-input\":{\"@type\":\"PropertyValueSpecification\",\"valueRequired\":true,\"valueName\":\"search_term_string\"}}],\"inLanguage\":\"pt-BR\"},{\"@type\":\"Organization\",\"@id\":\"https:\\\/\\\/vanderloubet.com.br\\\/deputado\\\/#organization\",\"name\":\"Deputado Federal Vander Loubet\",\"alternateName\":\"Deputado Vander\",\"url\":\"https:\\\/\\\/vanderloubet.com.br\\\/deputado\\\/\",\"logo\":{\"@type\":\"ImageObject\",\"inLanguage\":\"pt-BR\",\"@id\":\"https:\\\/\\\/vanderloubet.com.br\\\/deputado\\\/#\\\/schema\\\/logo\\\/image\\\/\",\"url\":\"https:\\\/\\\/vanderloubet.com.br\\\/deputado\\\/wp-content\\\/uploads\\\/2023\\\/06\\\/foto-2023-06-19-mandato-deputado-vander.jpg\",\"contentUrl\":\"https:\\\/\\\/vanderloubet.com.br\\\/deputado\\\/wp-content\\\/uploads\\\/2023\\\/06\\\/foto-2023-06-19-mandato-deputado-vander.jpg\",\"width\":1080,\"height\":1080,\"caption\":\"Deputado Federal Vander Loubet\"},\"image\":{\"@id\":\"https:\\\/\\\/vanderloubet.com.br\\\/deputado\\\/#\\\/schema\\\/logo\\\/image\\\/\"},\"sameAs\":[\"https:\\\/\\\/facebook.com\\\/deputadovander\",\"https:\\\/\\\/x.com\\\/vanderloubet\",\"https:\\\/\\\/instagram.com\\\/vanderloubet\",\"https:\\\/\\\/youtube.com\\\/vanderloubet\",\"https:\\\/\\\/tiktok.com\\\/@vanderloubetms\"]},{\"@type\":\"Person\",\"@id\":\"https:\\\/\\\/vanderloubet.com.br\\\/deputado\\\/#\\\/schema\\\/person\\\/15b51bd564532a8a68d9dec1b8eb890e\",\"name\":\"\u00c9der\",\"image\":{\"@type\":\"ImageObject\",\"inLanguage\":\"pt-BR\",\"@id\":\"https:\\\/\\\/vanderloubet.com.br\\\/deputado\\\/wp-content\\\/litespeed\\\/avatar\\\/88ca4090d9d5ab1c9495f6ca03b68efa.jpg?ver=1777058957\",\"url\":\"https:\\\/\\\/vanderloubet.com.br\\\/deputado\\\/wp-content\\\/litespeed\\\/avatar\\\/88ca4090d9d5ab1c9495f6ca03b68efa.jpg?ver=1777058957\",\"contentUrl\":\"https:\\\/\\\/vanderloubet.com.br\\\/deputado\\\/wp-content\\\/litespeed\\\/avatar\\\/88ca4090d9d5ab1c9495f6ca03b68efa.jpg?ver=1777058957\",\"caption\":\"\u00c9der\"}}]}<\/script>\n<!-- \/ Yoast SEO plugin. -->","yoast_head_json":{"title":"Com emenda de Vander, pesquisadores analisam potencialidades do Corredor Bioce\u00e2nico","description":"Deputado lembra que rota vai impactar n\u00e3o apenas quest\u00e3o econ\u00f4mica, como turismo, cultura e pequenos empreendimentos.","robots":{"index":"index","follow":"follow","max-snippet":"max-snippet:-1","max-image-preview":"max-image-preview:large","max-video-preview":"max-video-preview:-1"},"canonical":"https:\/\/vanderloubet.com.br\/deputado\/com-emenda-de-vander-pesquisadores-analisam-potencialidades-do-corredor-bioceanico\/","og_locale":"pt_BR","og_type":"article","og_title":"Com emenda de Vander, pesquisadores analisam potencialidades do Corredor Bioce\u00e2nico","og_description":"Deputado lembra que rota vai impactar n\u00e3o apenas quest\u00e3o econ\u00f4mica, como turismo, cultura e pequenos empreendimentos.","og_url":"https:\/\/vanderloubet.com.br\/deputado\/com-emenda-de-vander-pesquisadores-analisam-potencialidades-do-corredor-bioceanico\/","og_site_name":"Deputado Federal Vander Loubet","article_publisher":"https:\/\/facebook.com\/deputadovander","article_published_time":"2020-08-05T12:07:57+00:00","article_modified_time":"2020-08-05T12:31:10+00:00","og_image":[{"width":1080,"height":720,"url":"https:\/\/vanderloubet.com.br\/deputado\/wp-content\/uploads\/2020\/08\/foto-2020-08-05-corredor-bioceanico.jpg","type":"image\/jpeg"}],"author":"\u00c9der","twitter_card":"summary_large_image","twitter_creator":"@vanderloubet","twitter_site":"@vanderloubet","schema":{"@context":"https:\/\/schema.org","@graph":[{"@type":"Article","@id":"https:\/\/vanderloubet.com.br\/deputado\/com-emenda-de-vander-pesquisadores-analisam-potencialidades-do-corredor-bioceanico\/#article","isPartOf":{"@id":"https:\/\/vanderloubet.com.br\/deputado\/com-emenda-de-vander-pesquisadores-analisam-potencialidades-do-corredor-bioceanico\/"},"author":{"name":"\u00c9der","@id":"https:\/\/vanderloubet.com.br\/deputado\/#\/schema\/person\/15b51bd564532a8a68d9dec1b8eb890e"},"headline":"Com emenda de Vander, pesquisadores analisam potencialidades do Corredor Bioce\u00e2nico","datePublished":"2020-08-05T12:07:57+00:00","dateModified":"2020-08-05T12:31:10+00:00","mainEntityOfPage":{"@id":"https:\/\/vanderloubet.com.br\/deputado\/com-emenda-de-vander-pesquisadores-analisam-potencialidades-do-corredor-bioceanico\/"},"wordCount":782,"publisher":{"@id":"https:\/\/vanderloubet.com.br\/deputado\/#organization"},"image":{"@id":"https:\/\/vanderloubet.com.br\/deputado\/com-emenda-de-vander-pesquisadores-analisam-potencialidades-do-corredor-bioceanico\/#primaryimage"},"thumbnailUrl":"https:\/\/vanderloubet.com.br\/deputado\/wp-content\/uploads\/2020\/08\/foto-2020-08-05-corredor-bioceanico.jpg","keywords":["corredor bioce\u00e2nico","educa\u00e7\u00e3o","emenda parlamentar","rota bioce\u00e2nica"],"articleSection":["Mato Grosso do Sul","Not\u00edcias"],"inLanguage":"pt-BR"},{"@type":"WebPage","@id":"https:\/\/vanderloubet.com.br\/deputado\/com-emenda-de-vander-pesquisadores-analisam-potencialidades-do-corredor-bioceanico\/","url":"https:\/\/vanderloubet.com.br\/deputado\/com-emenda-de-vander-pesquisadores-analisam-potencialidades-do-corredor-bioceanico\/","name":"Com emenda de Vander, pesquisadores analisam potencialidades do Corredor Bioce\u00e2nico","isPartOf":{"@id":"https:\/\/vanderloubet.com.br\/deputado\/#website"},"primaryImageOfPage":{"@id":"https:\/\/vanderloubet.com.br\/deputado\/com-emenda-de-vander-pesquisadores-analisam-potencialidades-do-corredor-bioceanico\/#primaryimage"},"image":{"@id":"https:\/\/vanderloubet.com.br\/deputado\/com-emenda-de-vander-pesquisadores-analisam-potencialidades-do-corredor-bioceanico\/#primaryimage"},"thumbnailUrl":"https:\/\/vanderloubet.com.br\/deputado\/wp-content\/uploads\/2020\/08\/foto-2020-08-05-corredor-bioceanico.jpg","datePublished":"2020-08-05T12:07:57+00:00","dateModified":"2020-08-05T12:31:10+00:00","description":"Deputado lembra que rota vai impactar n\u00e3o apenas quest\u00e3o econ\u00f4mica, como turismo, cultura e pequenos empreendimentos.","breadcrumb":{"@id":"https:\/\/vanderloubet.com.br\/deputado\/com-emenda-de-vander-pesquisadores-analisam-potencialidades-do-corredor-bioceanico\/#breadcrumb"},"inLanguage":"pt-BR","potentialAction":[{"@type":"ReadAction","target":["https:\/\/vanderloubet.com.br\/deputado\/com-emenda-de-vander-pesquisadores-analisam-potencialidades-do-corredor-bioceanico\/"]}]},{"@type":"ImageObject","inLanguage":"pt-BR","@id":"https:\/\/vanderloubet.com.br\/deputado\/com-emenda-de-vander-pesquisadores-analisam-potencialidades-do-corredor-bioceanico\/#primaryimage","url":"https:\/\/vanderloubet.com.br\/deputado\/wp-content\/uploads\/2020\/08\/foto-2020-08-05-corredor-bioceanico.jpg","contentUrl":"https:\/\/vanderloubet.com.br\/deputado\/wp-content\/uploads\/2020\/08\/foto-2020-08-05-corredor-bioceanico.jpg","width":1080,"height":720,"caption":"Com emenda de Vander, pesquisadores analisam potencialidades do Corredor Bioce\u00e2nico"},{"@type":"BreadcrumbList","@id":"https:\/\/vanderloubet.com.br\/deputado\/com-emenda-de-vander-pesquisadores-analisam-potencialidades-do-corredor-bioceanico\/#breadcrumb","itemListElement":[{"@type":"ListItem","position":1,"name":"In\u00edcio","item":"https:\/\/vanderloubet.com.br\/deputado\/"},{"@type":"ListItem","position":2,"name":"Com emenda de Vander, pesquisadores analisam potencialidades do Corredor Bioce\u00e2nico"}]},{"@type":"WebSite","@id":"https:\/\/vanderloubet.com.br\/deputado\/#website","url":"https:\/\/vanderloubet.com.br\/deputado\/","name":"Deputado Federal Vander Loubet","description":"O Federal de MS","publisher":{"@id":"https:\/\/vanderloubet.com.br\/deputado\/#organization"},"alternateName":"Deputado Vander","potentialAction":[{"@type":"SearchAction","target":{"@type":"EntryPoint","urlTemplate":"https:\/\/vanderloubet.com.br\/deputado\/?s={search_term_string}"},"query-input":{"@type":"PropertyValueSpecification","valueRequired":true,"valueName":"search_term_string"}}],"inLanguage":"pt-BR"},{"@type":"Organization","@id":"https:\/\/vanderloubet.com.br\/deputado\/#organization","name":"Deputado Federal Vander Loubet","alternateName":"Deputado Vander","url":"https:\/\/vanderloubet.com.br\/deputado\/","logo":{"@type":"ImageObject","inLanguage":"pt-BR","@id":"https:\/\/vanderloubet.com.br\/deputado\/#\/schema\/logo\/image\/","url":"https:\/\/vanderloubet.com.br\/deputado\/wp-content\/uploads\/2023\/06\/foto-2023-06-19-mandato-deputado-vander.jpg","contentUrl":"https:\/\/vanderloubet.com.br\/deputado\/wp-content\/uploads\/2023\/06\/foto-2023-06-19-mandato-deputado-vander.jpg","width":1080,"height":1080,"caption":"Deputado Federal Vander Loubet"},"image":{"@id":"https:\/\/vanderloubet.com.br\/deputado\/#\/schema\/logo\/image\/"},"sameAs":["https:\/\/facebook.com\/deputadovander","https:\/\/x.com\/vanderloubet","https:\/\/instagram.com\/vanderloubet","https:\/\/youtube.com\/vanderloubet","https:\/\/tiktok.com\/@vanderloubetms"]},{"@type":"Person","@id":"https:\/\/vanderloubet.com.br\/deputado\/#\/schema\/person\/15b51bd564532a8a68d9dec1b8eb890e","name":"\u00c9der","image":{"@type":"ImageObject","inLanguage":"pt-BR","@id":"https:\/\/vanderloubet.com.br\/deputado\/wp-content\/litespeed\/avatar\/88ca4090d9d5ab1c9495f6ca03b68efa.jpg?ver=1777058957","url":"https:\/\/vanderloubet.com.br\/deputado\/wp-content\/litespeed\/avatar\/88ca4090d9d5ab1c9495f6ca03b68efa.jpg?ver=1777058957","contentUrl":"https:\/\/vanderloubet.com.br\/deputado\/wp-content\/litespeed\/avatar\/88ca4090d9d5ab1c9495f6ca03b68efa.jpg?ver=1777058957","caption":"\u00c9der"}}]}},"jetpack_featured_media_url":"https:\/\/vanderloubet.com.br\/deputado\/wp-content\/uploads\/2020\/08\/foto-2020-08-05-corredor-bioceanico.jpg","jetpack_sharing_enabled":true,"_links":{"self":[{"href":"https:\/\/vanderloubet.com.br\/deputado\/wp-json\/wp\/v2\/posts\/16673","targetHints":{"allow":["GET"]}}],"collection":[{"href":"https:\/\/vanderloubet.com.br\/deputado\/wp-json\/wp\/v2\/posts"}],"about":[{"href":"https:\/\/vanderloubet.com.br\/deputado\/wp-json\/wp\/v2\/types\/post"}],"author":[{"embeddable":true,"href":"https:\/\/vanderloubet.com.br\/deputado\/wp-json\/wp\/v2\/users\/2"}],"replies":[{"embeddable":true,"href":"https:\/\/vanderloubet.com.br\/deputado\/wp-json\/wp\/v2\/comments?post=16673"}],"version-history":[{"count":0,"href":"https:\/\/vanderloubet.com.br\/deputado\/wp-json\/wp\/v2\/posts\/16673\/revisions"}],"wp:featuredmedia":[{"embeddable":true,"href":"https:\/\/vanderloubet.com.br\/deputado\/wp-json\/wp\/v2\/media\/16674"}],"wp:attachment":[{"href":"https:\/\/vanderloubet.com.br\/deputado\/wp-json\/wp\/v2\/media?parent=16673"}],"wp:term":[{"taxonomy":"category","embeddable":true,"href":"https:\/\/vanderloubet.com.br\/deputado\/wp-json\/wp\/v2\/categories?post=16673"},{"taxonomy":"post_tag","embeddable":true,"href":"https:\/\/vanderloubet.com.br\/deputado\/wp-json\/wp\/v2\/tags?post=16673"}],"curies":[{"name":"wp","href":"https:\/\/api.w.org\/{rel}","templated":true}]}}