{"id":16651,"date":"2020-07-21T09:50:15","date_gmt":"2020-07-21T13:50:15","guid":{"rendered":"http:\/\/vanderloubet.com.br\/deputado\/?p=16651"},"modified":"2020-07-21T09:50:15","modified_gmt":"2020-07-21T13:50:15","slug":"camara-aprova-projeto-de-vander-e-do-pt-de-apoio-a-agricultura-familiar","status":"publish","type":"post","link":"https:\/\/vanderloubet.com.br\/deputado\/camara-aprova-projeto-de-vander-e-do-pt-de-apoio-a-agricultura-familiar\/","title":{"rendered":"C\u00e2mara aprova projeto de Vander e do PT de apoio \u00e0 agricultura familiar"},"content":{"rendered":"<p>A C\u00e2mara dos Deputados aprovou nesta segunda-feira (20) o projeto de lei (PL) 735\/20, de iniciativa de autoria da Bancada do PT, em articula\u00e7\u00e3o com os movimentos sociais do campo. O texto aprovado, que agrega 26 projetos, cria um abono emergencial aos agricultores familiares enquanto durar a pandemia. Por sugest\u00e3o do l\u00edder do partido na Casa, deputado Enio Verri (PT-PR), a lei se chamar\u00e1 &#8220;Lei Assis Carvalho&#8221;, em homenagem ao deputado Assis Carvalho (PT-PI), um grande lutador da causa dos pequenos agricultores, que faleceu no dia 5 de julho, em consequ\u00eancia de um infarto.<\/p>\n<p>Pelo texto aprovado, na forma do substitutivo do deputado Z\u00e9 Silva (Solidariedade-MG), o agricultor que n\u00e3o tiver recebido o aux\u00edlio emergencial de R$ 600 poder\u00e1 receber do governo federal parcela \u00fanica de R$ 3 mil. A mulher provedora de fam\u00edlia monoparental ter\u00e1 direito a R$ 6 mil. Os requisitos s\u00e3o semelhantes ao do aux\u00edlio emergencial: n\u00e3o ter emprego formal; n\u00e3o receber outro benef\u00edcio previdenci\u00e1rio, exceto Bolsa Fam\u00edlia ou seguro-defeso; e ter renda familiar de at\u00e9 meio sal\u00e1rio m\u00ednimo (R$ 522,50) ou renda familiar total de at\u00e9 tr\u00eas sal\u00e1rios m\u00ednimos.<\/p>\n<p>Para o deputado Vander Loubet (PT-MS), um dos autores da proposta, esse projeto mostra o comprometimento do PT e da oposi\u00e7\u00e3o ao governo Bolsonaro na busca por uma melhor qualidade de vida para todos os trabalhadores e trabalhadoras atingidos pela pandemia de Covid-19. &#8220;A aprova\u00e7\u00e3o do PL 735 \u00e9 uma vit\u00f3ria para os agricultores familiares e pequenos produtores. Mais que isso, \u00e9 uma vit\u00f3ria do modo de produ\u00e7\u00e3o sustent\u00e1vel de alimentos, da seguran\u00e7a alimentar do nosso pa\u00eds&#8221;, destacou o parlamentar pantaneiro.<\/p>\n<p>O projeto, que agora ser\u00e1 apreciado pelo Senado, cria um Plano de Fomento Emergencial de Inclus\u00e3o Produtiva Rural, transferindo recursos financeiros n\u00e3o reembols\u00e1veis aos agricultores familiares que implantarem projetos elaborados por Servi\u00e7o de Assist\u00eancia T\u00e9cnica e Extens\u00e3o Rural (Ater), permitindo a constru\u00e7\u00e3o de cisternas ou outras tecnologias de acesso \u00e0 \u00e1gua para consumo humano e a produ\u00e7\u00e3o de alimentos por fam\u00edlias atingidas pela seca.<\/p>\n<p>Tamb\u00e9m assegura diversas pol\u00edticas de renegocia\u00e7\u00e3o de d\u00edvidas, como a prorroga\u00e7\u00e3o por um ano de parcelas vencidas no \u00e2mbito do Programa de Aquisi\u00e7\u00e3o de Alimentos (PAA), de opera\u00e7\u00f5es de cr\u00e9dito rural contra\u00eddas por agricultores familiares, tanto com institui\u00e7\u00f5es financeiras do mercado como no \u00e2mbito do Programa Nacional de Cr\u00e9dito Fundi\u00e1rio (PNCF). Por fim, o Conselho Monet\u00e1rio Nacional (CMN) est\u00e1 autorizado a criar linhas de cr\u00e9dito espec\u00edficas aos agricultores familiares, permitindo manter os n\u00edveis de produ\u00e7\u00e3o e abastecimento alimentar.<\/p>\n<p><em>(Fonte: PT na C\u00e2mara)<\/em><\/p>\n","protected":false},"excerpt":{"rendered":"<p>PL 735 cria um abono emergencial aos agricultores familiares enquanto durar a pandemia, al\u00e9m de outras medidas de apoio.<\/p>\n","protected":false},"author":2,"featured_media":16652,"comment_status":"closed","ping_status":"closed","sticky":false,"template":"","format":"standard","meta":{"jetpack_post_was_ever_published":false,"_jetpack_newsletter_access":"","_jetpack_dont_email_post_to_subs":false,"_jetpack_newsletter_tier_id":0,"_jetpack_memberships_contains_paywalled_content":false,"_jetpack_memberships_contains_paid_content":false,"footnotes":""},"categories":[2098,10],"tags":[2132,2441,1635],"class_list":{"0":"post-16651","1":"post","2":"type-post","3":"status-publish","4":"format-standard","5":"has-post-thumbnail","7":"category-brasil-noticias","8":"category-noticias","9":"tag-agricultura-familiar","10":"tag-pandemia","11":"tag-projeto-de-lei"},"yoast_head":"<!-- This site is optimized with the Yoast SEO plugin v27.4 - https:\/\/yoast.com\/product\/yoast-seo-wordpress\/ -->\n<title>C\u00e2mara aprova projeto de Vander e do PT de apoio \u00e0 agricultura familiar<\/title>\n<meta name=\"description\" content=\"PL 735 cria um abono emergencial aos agricultores familiares enquanto durar a pandemia, al\u00e9m de outras medidas de apoio.\" \/>\n<meta name=\"robots\" content=\"index, follow, max-snippet:-1, max-image-preview:large, max-video-preview:-1\" \/>\n<link rel=\"canonical\" href=\"https:\/\/vanderloubet.com.br\/deputado\/camara-aprova-projeto-de-vander-e-do-pt-de-apoio-a-agricultura-familiar\/\" \/>\n<meta property=\"og:locale\" content=\"pt_BR\" \/>\n<meta property=\"og:type\" content=\"article\" \/>\n<meta property=\"og:title\" content=\"C\u00e2mara aprova projeto de Vander e do PT de apoio \u00e0 agricultura familiar\" \/>\n<meta property=\"og:description\" content=\"PL 735 cria um abono emergencial aos agricultores familiares enquanto durar a pandemia, al\u00e9m de outras medidas de apoio.\" \/>\n<meta property=\"og:url\" content=\"https:\/\/vanderloubet.com.br\/deputado\/camara-aprova-projeto-de-vander-e-do-pt-de-apoio-a-agricultura-familiar\/\" \/>\n<meta property=\"og:site_name\" content=\"Deputado Federal Vander Loubet\" \/>\n<meta property=\"article:publisher\" content=\"https:\/\/facebook.com\/deputadovander\" \/>\n<meta property=\"article:published_time\" content=\"2020-07-21T13:50:15+00:00\" \/>\n<meta property=\"og:image\" content=\"https:\/\/vanderloubet.com.br\/deputado\/wp-content\/uploads\/2020\/07\/foto-2020-07-21-agricultura-familiar.jpg\" \/>\n\t<meta property=\"og:image:width\" content=\"1080\" \/>\n\t<meta property=\"og:image:height\" content=\"720\" \/>\n\t<meta property=\"og:image:type\" content=\"image\/jpeg\" \/>\n<meta name=\"author\" content=\"\u00c9der\" \/>\n<meta name=\"twitter:card\" content=\"summary_large_image\" \/>\n<meta name=\"twitter:creator\" content=\"@vanderloubet\" \/>\n<meta name=\"twitter:site\" content=\"@vanderloubet\" \/>\n<script type=\"application\/ld+json\" class=\"yoast-schema-graph\">{\"@context\":\"https:\\\/\\\/schema.org\",\"@graph\":[{\"@type\":\"Article\",\"@id\":\"https:\\\/\\\/vanderloubet.com.br\\\/deputado\\\/camara-aprova-projeto-de-vander-e-do-pt-de-apoio-a-agricultura-familiar\\\/#article\",\"isPartOf\":{\"@id\":\"https:\\\/\\\/vanderloubet.com.br\\\/deputado\\\/camara-aprova-projeto-de-vander-e-do-pt-de-apoio-a-agricultura-familiar\\\/\"},\"author\":{\"name\":\"\u00c9der\",\"@id\":\"https:\\\/\\\/vanderloubet.com.br\\\/deputado\\\/#\\\/schema\\\/person\\\/15b51bd564532a8a68d9dec1b8eb890e\"},\"headline\":\"C\u00e2mara aprova projeto de Vander e do PT de apoio \u00e0 agricultura familiar\",\"datePublished\":\"2020-07-21T13:50:15+00:00\",\"mainEntityOfPage\":{\"@id\":\"https:\\\/\\\/vanderloubet.com.br\\\/deputado\\\/camara-aprova-projeto-de-vander-e-do-pt-de-apoio-a-agricultura-familiar\\\/\"},\"wordCount\":467,\"publisher\":{\"@id\":\"https:\\\/\\\/vanderloubet.com.br\\\/deputado\\\/#organization\"},\"image\":{\"@id\":\"https:\\\/\\\/vanderloubet.com.br\\\/deputado\\\/camara-aprova-projeto-de-vander-e-do-pt-de-apoio-a-agricultura-familiar\\\/#primaryimage\"},\"thumbnailUrl\":\"https:\\\/\\\/vanderloubet.com.br\\\/deputado\\\/wp-content\\\/uploads\\\/2020\\\/07\\\/foto-2020-07-21-agricultura-familiar.jpg\",\"keywords\":[\"agricultura familiar\",\"pandemia\",\"projeto de lei\"],\"articleSection\":[\"Brasil\",\"Not\u00edcias\"],\"inLanguage\":\"pt-BR\"},{\"@type\":\"WebPage\",\"@id\":\"https:\\\/\\\/vanderloubet.com.br\\\/deputado\\\/camara-aprova-projeto-de-vander-e-do-pt-de-apoio-a-agricultura-familiar\\\/\",\"url\":\"https:\\\/\\\/vanderloubet.com.br\\\/deputado\\\/camara-aprova-projeto-de-vander-e-do-pt-de-apoio-a-agricultura-familiar\\\/\",\"name\":\"C\u00e2mara aprova projeto de Vander e do PT de apoio \u00e0 agricultura familiar\",\"isPartOf\":{\"@id\":\"https:\\\/\\\/vanderloubet.com.br\\\/deputado\\\/#website\"},\"primaryImageOfPage\":{\"@id\":\"https:\\\/\\\/vanderloubet.com.br\\\/deputado\\\/camara-aprova-projeto-de-vander-e-do-pt-de-apoio-a-agricultura-familiar\\\/#primaryimage\"},\"image\":{\"@id\":\"https:\\\/\\\/vanderloubet.com.br\\\/deputado\\\/camara-aprova-projeto-de-vander-e-do-pt-de-apoio-a-agricultura-familiar\\\/#primaryimage\"},\"thumbnailUrl\":\"https:\\\/\\\/vanderloubet.com.br\\\/deputado\\\/wp-content\\\/uploads\\\/2020\\\/07\\\/foto-2020-07-21-agricultura-familiar.jpg\",\"datePublished\":\"2020-07-21T13:50:15+00:00\",\"description\":\"PL 735 cria um abono emergencial aos agricultores familiares enquanto durar a pandemia, al\u00e9m de outras medidas de apoio.\",\"breadcrumb\":{\"@id\":\"https:\\\/\\\/vanderloubet.com.br\\\/deputado\\\/camara-aprova-projeto-de-vander-e-do-pt-de-apoio-a-agricultura-familiar\\\/#breadcrumb\"},\"inLanguage\":\"pt-BR\",\"potentialAction\":[{\"@type\":\"ReadAction\",\"target\":[\"https:\\\/\\\/vanderloubet.com.br\\\/deputado\\\/camara-aprova-projeto-de-vander-e-do-pt-de-apoio-a-agricultura-familiar\\\/\"]}]},{\"@type\":\"ImageObject\",\"inLanguage\":\"pt-BR\",\"@id\":\"https:\\\/\\\/vanderloubet.com.br\\\/deputado\\\/camara-aprova-projeto-de-vander-e-do-pt-de-apoio-a-agricultura-familiar\\\/#primaryimage\",\"url\":\"https:\\\/\\\/vanderloubet.com.br\\\/deputado\\\/wp-content\\\/uploads\\\/2020\\\/07\\\/foto-2020-07-21-agricultura-familiar.jpg\",\"contentUrl\":\"https:\\\/\\\/vanderloubet.com.br\\\/deputado\\\/wp-content\\\/uploads\\\/2020\\\/07\\\/foto-2020-07-21-agricultura-familiar.jpg\",\"width\":1080,\"height\":720,\"caption\":\"C\u00e2mara aprova projeto de Vander e do PT de apoio \u00e0 agricultura familiar\"},{\"@type\":\"BreadcrumbList\",\"@id\":\"https:\\\/\\\/vanderloubet.com.br\\\/deputado\\\/camara-aprova-projeto-de-vander-e-do-pt-de-apoio-a-agricultura-familiar\\\/#breadcrumb\",\"itemListElement\":[{\"@type\":\"ListItem\",\"position\":1,\"name\":\"In\u00edcio\",\"item\":\"https:\\\/\\\/vanderloubet.com.br\\\/deputado\\\/\"},{\"@type\":\"ListItem\",\"position\":2,\"name\":\"C\u00e2mara aprova projeto de Vander e do PT de apoio \u00e0 agricultura familiar\"}]},{\"@type\":\"WebSite\",\"@id\":\"https:\\\/\\\/vanderloubet.com.br\\\/deputado\\\/#website\",\"url\":\"https:\\\/\\\/vanderloubet.com.br\\\/deputado\\\/\",\"name\":\"Deputado Federal Vander Loubet\",\"description\":\"O Federal de MS\",\"publisher\":{\"@id\":\"https:\\\/\\\/vanderloubet.com.br\\\/deputado\\\/#organization\"},\"alternateName\":\"Deputado Vander\",\"potentialAction\":[{\"@type\":\"SearchAction\",\"target\":{\"@type\":\"EntryPoint\",\"urlTemplate\":\"https:\\\/\\\/vanderloubet.com.br\\\/deputado\\\/?s={search_term_string}\"},\"query-input\":{\"@type\":\"PropertyValueSpecification\",\"valueRequired\":true,\"valueName\":\"search_term_string\"}}],\"inLanguage\":\"pt-BR\"},{\"@type\":\"Organization\",\"@id\":\"https:\\\/\\\/vanderloubet.com.br\\\/deputado\\\/#organization\",\"name\":\"Deputado Federal Vander Loubet\",\"alternateName\":\"Deputado Vander\",\"url\":\"https:\\\/\\\/vanderloubet.com.br\\\/deputado\\\/\",\"logo\":{\"@type\":\"ImageObject\",\"inLanguage\":\"pt-BR\",\"@id\":\"https:\\\/\\\/vanderloubet.com.br\\\/deputado\\\/#\\\/schema\\\/logo\\\/image\\\/\",\"url\":\"https:\\\/\\\/vanderloubet.com.br\\\/deputado\\\/wp-content\\\/uploads\\\/2023\\\/06\\\/foto-2023-06-19-mandato-deputado-vander.jpg\",\"contentUrl\":\"https:\\\/\\\/vanderloubet.com.br\\\/deputado\\\/wp-content\\\/uploads\\\/2023\\\/06\\\/foto-2023-06-19-mandato-deputado-vander.jpg\",\"width\":1080,\"height\":1080,\"caption\":\"Deputado Federal Vander Loubet\"},\"image\":{\"@id\":\"https:\\\/\\\/vanderloubet.com.br\\\/deputado\\\/#\\\/schema\\\/logo\\\/image\\\/\"},\"sameAs\":[\"https:\\\/\\\/facebook.com\\\/deputadovander\",\"https:\\\/\\\/x.com\\\/vanderloubet\",\"https:\\\/\\\/instagram.com\\\/vanderloubet\",\"https:\\\/\\\/youtube.com\\\/vanderloubet\",\"https:\\\/\\\/tiktok.com\\\/@vanderloubetms\"]},{\"@type\":\"Person\",\"@id\":\"https:\\\/\\\/vanderloubet.com.br\\\/deputado\\\/#\\\/schema\\\/person\\\/15b51bd564532a8a68d9dec1b8eb890e\",\"name\":\"\u00c9der\",\"image\":{\"@type\":\"ImageObject\",\"inLanguage\":\"pt-BR\",\"@id\":\"https:\\\/\\\/vanderloubet.com.br\\\/deputado\\\/wp-content\\\/litespeed\\\/avatar\\\/88ca4090d9d5ab1c9495f6ca03b68efa.jpg?ver=1777058957\",\"url\":\"https:\\\/\\\/vanderloubet.com.br\\\/deputado\\\/wp-content\\\/litespeed\\\/avatar\\\/88ca4090d9d5ab1c9495f6ca03b68efa.jpg?ver=1777058957\",\"contentUrl\":\"https:\\\/\\\/vanderloubet.com.br\\\/deputado\\\/wp-content\\\/litespeed\\\/avatar\\\/88ca4090d9d5ab1c9495f6ca03b68efa.jpg?ver=1777058957\",\"caption\":\"\u00c9der\"}}]}<\/script>\n<!-- \/ Yoast SEO plugin. -->","yoast_head_json":{"title":"C\u00e2mara aprova projeto de Vander e do PT de apoio \u00e0 agricultura familiar","description":"PL 735 cria um abono emergencial aos agricultores familiares enquanto durar a pandemia, al\u00e9m de outras medidas de apoio.","robots":{"index":"index","follow":"follow","max-snippet":"max-snippet:-1","max-image-preview":"max-image-preview:large","max-video-preview":"max-video-preview:-1"},"canonical":"https:\/\/vanderloubet.com.br\/deputado\/camara-aprova-projeto-de-vander-e-do-pt-de-apoio-a-agricultura-familiar\/","og_locale":"pt_BR","og_type":"article","og_title":"C\u00e2mara aprova projeto de Vander e do PT de apoio \u00e0 agricultura familiar","og_description":"PL 735 cria um abono emergencial aos agricultores familiares enquanto durar a pandemia, al\u00e9m de outras medidas de apoio.","og_url":"https:\/\/vanderloubet.com.br\/deputado\/camara-aprova-projeto-de-vander-e-do-pt-de-apoio-a-agricultura-familiar\/","og_site_name":"Deputado Federal Vander Loubet","article_publisher":"https:\/\/facebook.com\/deputadovander","article_published_time":"2020-07-21T13:50:15+00:00","og_image":[{"width":1080,"height":720,"url":"https:\/\/vanderloubet.com.br\/deputado\/wp-content\/uploads\/2020\/07\/foto-2020-07-21-agricultura-familiar.jpg","type":"image\/jpeg"}],"author":"\u00c9der","twitter_card":"summary_large_image","twitter_creator":"@vanderloubet","twitter_site":"@vanderloubet","schema":{"@context":"https:\/\/schema.org","@graph":[{"@type":"Article","@id":"https:\/\/vanderloubet.com.br\/deputado\/camara-aprova-projeto-de-vander-e-do-pt-de-apoio-a-agricultura-familiar\/#article","isPartOf":{"@id":"https:\/\/vanderloubet.com.br\/deputado\/camara-aprova-projeto-de-vander-e-do-pt-de-apoio-a-agricultura-familiar\/"},"author":{"name":"\u00c9der","@id":"https:\/\/vanderloubet.com.br\/deputado\/#\/schema\/person\/15b51bd564532a8a68d9dec1b8eb890e"},"headline":"C\u00e2mara aprova projeto de Vander e do PT de apoio \u00e0 agricultura familiar","datePublished":"2020-07-21T13:50:15+00:00","mainEntityOfPage":{"@id":"https:\/\/vanderloubet.com.br\/deputado\/camara-aprova-projeto-de-vander-e-do-pt-de-apoio-a-agricultura-familiar\/"},"wordCount":467,"publisher":{"@id":"https:\/\/vanderloubet.com.br\/deputado\/#organization"},"image":{"@id":"https:\/\/vanderloubet.com.br\/deputado\/camara-aprova-projeto-de-vander-e-do-pt-de-apoio-a-agricultura-familiar\/#primaryimage"},"thumbnailUrl":"https:\/\/vanderloubet.com.br\/deputado\/wp-content\/uploads\/2020\/07\/foto-2020-07-21-agricultura-familiar.jpg","keywords":["agricultura familiar","pandemia","projeto de lei"],"articleSection":["Brasil","Not\u00edcias"],"inLanguage":"pt-BR"},{"@type":"WebPage","@id":"https:\/\/vanderloubet.com.br\/deputado\/camara-aprova-projeto-de-vander-e-do-pt-de-apoio-a-agricultura-familiar\/","url":"https:\/\/vanderloubet.com.br\/deputado\/camara-aprova-projeto-de-vander-e-do-pt-de-apoio-a-agricultura-familiar\/","name":"C\u00e2mara aprova projeto de Vander e do PT de apoio \u00e0 agricultura familiar","isPartOf":{"@id":"https:\/\/vanderloubet.com.br\/deputado\/#website"},"primaryImageOfPage":{"@id":"https:\/\/vanderloubet.com.br\/deputado\/camara-aprova-projeto-de-vander-e-do-pt-de-apoio-a-agricultura-familiar\/#primaryimage"},"image":{"@id":"https:\/\/vanderloubet.com.br\/deputado\/camara-aprova-projeto-de-vander-e-do-pt-de-apoio-a-agricultura-familiar\/#primaryimage"},"thumbnailUrl":"https:\/\/vanderloubet.com.br\/deputado\/wp-content\/uploads\/2020\/07\/foto-2020-07-21-agricultura-familiar.jpg","datePublished":"2020-07-21T13:50:15+00:00","description":"PL 735 cria um abono emergencial aos agricultores familiares enquanto durar a pandemia, al\u00e9m de outras medidas de apoio.","breadcrumb":{"@id":"https:\/\/vanderloubet.com.br\/deputado\/camara-aprova-projeto-de-vander-e-do-pt-de-apoio-a-agricultura-familiar\/#breadcrumb"},"inLanguage":"pt-BR","potentialAction":[{"@type":"ReadAction","target":["https:\/\/vanderloubet.com.br\/deputado\/camara-aprova-projeto-de-vander-e-do-pt-de-apoio-a-agricultura-familiar\/"]}]},{"@type":"ImageObject","inLanguage":"pt-BR","@id":"https:\/\/vanderloubet.com.br\/deputado\/camara-aprova-projeto-de-vander-e-do-pt-de-apoio-a-agricultura-familiar\/#primaryimage","url":"https:\/\/vanderloubet.com.br\/deputado\/wp-content\/uploads\/2020\/07\/foto-2020-07-21-agricultura-familiar.jpg","contentUrl":"https:\/\/vanderloubet.com.br\/deputado\/wp-content\/uploads\/2020\/07\/foto-2020-07-21-agricultura-familiar.jpg","width":1080,"height":720,"caption":"C\u00e2mara aprova projeto de Vander e do PT de apoio \u00e0 agricultura familiar"},{"@type":"BreadcrumbList","@id":"https:\/\/vanderloubet.com.br\/deputado\/camara-aprova-projeto-de-vander-e-do-pt-de-apoio-a-agricultura-familiar\/#breadcrumb","itemListElement":[{"@type":"ListItem","position":1,"name":"In\u00edcio","item":"https:\/\/vanderloubet.com.br\/deputado\/"},{"@type":"ListItem","position":2,"name":"C\u00e2mara aprova projeto de Vander e do PT de apoio \u00e0 agricultura familiar"}]},{"@type":"WebSite","@id":"https:\/\/vanderloubet.com.br\/deputado\/#website","url":"https:\/\/vanderloubet.com.br\/deputado\/","name":"Deputado Federal Vander Loubet","description":"O Federal de MS","publisher":{"@id":"https:\/\/vanderloubet.com.br\/deputado\/#organization"},"alternateName":"Deputado Vander","potentialAction":[{"@type":"SearchAction","target":{"@type":"EntryPoint","urlTemplate":"https:\/\/vanderloubet.com.br\/deputado\/?s={search_term_string}"},"query-input":{"@type":"PropertyValueSpecification","valueRequired":true,"valueName":"search_term_string"}}],"inLanguage":"pt-BR"},{"@type":"Organization","@id":"https:\/\/vanderloubet.com.br\/deputado\/#organization","name":"Deputado Federal Vander Loubet","alternateName":"Deputado Vander","url":"https:\/\/vanderloubet.com.br\/deputado\/","logo":{"@type":"ImageObject","inLanguage":"pt-BR","@id":"https:\/\/vanderloubet.com.br\/deputado\/#\/schema\/logo\/image\/","url":"https:\/\/vanderloubet.com.br\/deputado\/wp-content\/uploads\/2023\/06\/foto-2023-06-19-mandato-deputado-vander.jpg","contentUrl":"https:\/\/vanderloubet.com.br\/deputado\/wp-content\/uploads\/2023\/06\/foto-2023-06-19-mandato-deputado-vander.jpg","width":1080,"height":1080,"caption":"Deputado Federal Vander Loubet"},"image":{"@id":"https:\/\/vanderloubet.com.br\/deputado\/#\/schema\/logo\/image\/"},"sameAs":["https:\/\/facebook.com\/deputadovander","https:\/\/x.com\/vanderloubet","https:\/\/instagram.com\/vanderloubet","https:\/\/youtube.com\/vanderloubet","https:\/\/tiktok.com\/@vanderloubetms"]},{"@type":"Person","@id":"https:\/\/vanderloubet.com.br\/deputado\/#\/schema\/person\/15b51bd564532a8a68d9dec1b8eb890e","name":"\u00c9der","image":{"@type":"ImageObject","inLanguage":"pt-BR","@id":"https:\/\/vanderloubet.com.br\/deputado\/wp-content\/litespeed\/avatar\/88ca4090d9d5ab1c9495f6ca03b68efa.jpg?ver=1777058957","url":"https:\/\/vanderloubet.com.br\/deputado\/wp-content\/litespeed\/avatar\/88ca4090d9d5ab1c9495f6ca03b68efa.jpg?ver=1777058957","contentUrl":"https:\/\/vanderloubet.com.br\/deputado\/wp-content\/litespeed\/avatar\/88ca4090d9d5ab1c9495f6ca03b68efa.jpg?ver=1777058957","caption":"\u00c9der"}}]}},"jetpack_featured_media_url":"https:\/\/vanderloubet.com.br\/deputado\/wp-content\/uploads\/2020\/07\/foto-2020-07-21-agricultura-familiar.jpg","jetpack_sharing_enabled":true,"_links":{"self":[{"href":"https:\/\/vanderloubet.com.br\/deputado\/wp-json\/wp\/v2\/posts\/16651","targetHints":{"allow":["GET"]}}],"collection":[{"href":"https:\/\/vanderloubet.com.br\/deputado\/wp-json\/wp\/v2\/posts"}],"about":[{"href":"https:\/\/vanderloubet.com.br\/deputado\/wp-json\/wp\/v2\/types\/post"}],"author":[{"embeddable":true,"href":"https:\/\/vanderloubet.com.br\/deputado\/wp-json\/wp\/v2\/users\/2"}],"replies":[{"embeddable":true,"href":"https:\/\/vanderloubet.com.br\/deputado\/wp-json\/wp\/v2\/comments?post=16651"}],"version-history":[{"count":0,"href":"https:\/\/vanderloubet.com.br\/deputado\/wp-json\/wp\/v2\/posts\/16651\/revisions"}],"wp:featuredmedia":[{"embeddable":true,"href":"https:\/\/vanderloubet.com.br\/deputado\/wp-json\/wp\/v2\/media\/16652"}],"wp:attachment":[{"href":"https:\/\/vanderloubet.com.br\/deputado\/wp-json\/wp\/v2\/media?parent=16651"}],"wp:term":[{"taxonomy":"category","embeddable":true,"href":"https:\/\/vanderloubet.com.br\/deputado\/wp-json\/wp\/v2\/categories?post=16651"},{"taxonomy":"post_tag","embeddable":true,"href":"https:\/\/vanderloubet.com.br\/deputado\/wp-json\/wp\/v2\/tags?post=16651"}],"curies":[{"name":"wp","href":"https:\/\/api.w.org\/{rel}","templated":true}]}}