{"id":16635,"date":"2020-07-09T09:00:23","date_gmt":"2020-07-09T13:00:23","guid":{"rendered":"http:\/\/vanderloubet.com.br\/deputado\/?p=16635"},"modified":"2020-07-09T10:34:12","modified_gmt":"2020-07-09T14:34:12","slug":"risco-de-desabastecimento-pede-urgencia-para-pl-da-agricultura-familiar","status":"publish","type":"post","link":"https:\/\/vanderloubet.com.br\/deputado\/risco-de-desabastecimento-pede-urgencia-para-pl-da-agricultura-familiar\/","title":{"rendered":"Risco de desabastecimento pede urg\u00eancia para PL da Agricultura Familiar"},"content":{"rendered":"<p>J\u00e1 adiada por duas vezes, a vota\u00e7\u00e3o do &#8220;Projeto de Lei Emergencial da Agricultura Familiar&#8221; (PL 735\/2020), na C\u00e2mara dos Deputados, \u00e9 necess\u00e1rio para o Brasil enfrentar este momento de crise causado pela pandemia de Covid-19. De acordo com organiza\u00e7\u00f5es populares do campo que ajudaram a Bancada do PT a construir propostas para garantir recursos para a produ\u00e7\u00e3o, o PL define o futuro a curto, m\u00e9dio e longo prazos da agricultura familiar e camponesa, incidindo diretamente sobre a garantia de abastecimento de alimentos saud\u00e1veis e diversificados para o povo brasileiro.<\/p>\n<p>De acordo com o deputado federal Vander Loubet (PT-MS), um dos autores do projeto, \u00e9 fundamental que o Brasil tenha pol\u00edticas p\u00fablicas consistentes direcionadas \u00e0 agricultura familiar.<\/p>\n<p>&#8220;J\u00e1 h\u00e1 estudos com base em dados oficiais do IBGE [Instituto Brasileiro de Geografia e Estat\u00edstica] e de outras institui\u00e7\u00f5es que mostram que os estoques m\u00e9dios de alguns alimentos est\u00e3o abaixo do \u00edndice m\u00ednimo de seguran\u00e7a alimentar necess\u00e1rio para o Pa\u00eds, que gira em torno de 20% do nosso consumo anual. E por que a agricultura familiar \u00e9 importante nessa quest\u00e3o? Porque produz a maior parte dos alimentos que a gente consome&#8221;, explica Vander.<\/p>\n<p>O assunto exige aten\u00e7\u00e3o. H\u00e1 risco real de, nos pr\u00f3ximos meses, haver aumento no pre\u00e7o da comida e desabastecimento de alguns itens.<\/p>\n<p>&#8220;N\u00e3o quer dizer que haver\u00e1 prateleiras vazias, mas alguns itens podem come\u00e7ar a faltar se n\u00e3o houver est\u00edmulo \u00e0 produ\u00e7\u00e3o da agricultura familiar, ent\u00e3o, pol\u00edticas p\u00fablicas s\u00e3o importantes&#8221;, defende Denis Monteiro, agr\u00f4nomo e secret\u00e1rio-executivo da Articula\u00e7\u00e3o Nacional de Agroecologia (ANA).<\/p>\n<p>A pandemia, somada \u00e0 crise econ\u00f4mica, causa uma vulnerabilidade acentuada no abastecimento alimentar, provocada sobretudo pela infla\u00e7\u00e3o da comida, que afeta principalmente as fam\u00edlias mais pobres. Segundo o IBGE, o \u00cdndice Nacional de Pre\u00e7os ao Consumidor Amplo (IPCA Geral), no acumulado do per\u00edodo de janeiro\/abril deste ano variou 0,22%, enquanto que o da &#8220;alimenta\u00e7\u00e3o no domic\u00edlio&#8221; variou 3,94%, ou seja, 18 vezes mais que o \u00edndice geral. Em alguns alimentos, o pre\u00e7o pago pelo consumidor final chegou a ser 441 vezes maior que o IPCA Geral. O tomate, a batata, o feij\u00e3o e a banana, que est\u00e3o na dieta b\u00e1sica das fam\u00edlias brasileiras, tiveram um salto de 52%, 42%, 23% e 20%, respectivamente, no pre\u00e7o pago pelo consumidor. E se n\u00e3o houverem medidas de fortalecimento para a produ\u00e7\u00e3o de alimentos, a probabilidade \u00e9 que a infla\u00e7\u00e3o desses alimentos continue a aumentar. <\/p>\n<p><strong>Acesso \u00e0 \u00e1gua<\/strong> &#8211; As representa\u00e7\u00f5es da agricultura familiar e camponesa, respons\u00e1vel por 70% dos alimentos que chegam \u00e0s mesas dos brasileiros, alertam para a necessidade de que todas as pautas encaminhadas e que faziam parte de outros PLs que tramitaram paralelamente na C\u00e2mara sejam inclu\u00eddas no PL 735. Em leitura preliminar do relat\u00f3rio final, segundo Alexandre Henrique Pires, da Coordena\u00e7\u00e3o Executiva Nacional da Articula\u00e7\u00e3o Semi\u00e1rido Brasileiro (ASA), faltam medidas duradouras de combate \u00e0 crise.<\/p>\n<p>Dentre as propostas n\u00e3o contempladas pelo relator est\u00e3o os recursos espec\u00edficos para a constru\u00e7\u00e3o de cisternas no semi\u00e1rido, regi\u00e3o conhecida pela escassez de \u00e1gua e onde se concentra a metade das unidades produtivas classificadas como da agricultura familiar. &#8220;Defender o Programa Cisternas \u00e9 defender a demanda que a gente ainda tem de 350 mil fam\u00edlias que n\u00e3o t\u00eam acesso \u00e0 \u00e1gua para consumo humano no semi\u00e1rido e mais de 800 mil fam\u00edlias que ainda aguardam as tecnologias de armazenamento de \u00e1gua para a produ\u00e7\u00e3o de alimentos&#8221;, lembra Alexandre.<\/p>\n<p><strong>PAA Emergencial<\/strong> &#8211; A proposta apresentada at\u00e9 agora no relat\u00f3rio do PL 735 tamb\u00e9m desconsiderou verbas para a aquisi\u00e7\u00e3o de sementes e mudas, al\u00e9m de reduzir em 60% os valores propostos para o Programa de Aquisi\u00e7\u00e3o de Alimentos Emergencial (PAA-E) e em 50% o recurso proposto para fomento, entre outras exclus\u00f5es.<\/p>\n<p>&#8220;O Estado Brasileiro tem facilidade de gastar mais de um trilh\u00e3o para salvar bancos e coloca dificuldades para salvar milh\u00f5es da fome, mis\u00e9ria e desemprego. As camponesas e camponeses j\u00e1 perderam a paci\u00eancia com essa demora em aprovar esse PL, n\u00e3o queremos caridade, queremos justi\u00e7a, comida e vida digna&#8221; defende Maria Kaz\u00e9, camponesa e dirigente do Movimento dos Pequenos Agricultores.<\/p>\n<p><strong>Papel das mulheres<\/strong> &#8211; Outra cr\u00edtica aponta que o relat\u00f3rio apresentado diz que as a\u00e7\u00f5es &#8220;buscam oferecer condi\u00e7\u00f5es diferenciadas para as mulheres do campo&#8221;, mas s\u00f3 atende aquelas na condi\u00e7\u00e3o de provedoras de fam\u00edlia monoparental, salvo no cr\u00e9dito emergencial. As organiza\u00e7\u00f5es e movimentos populares do campo prop\u00f5em suprimir essa condi\u00e7\u00e3o por ser restritiva ao acesso das mulheres, ficando o abono emergencial proposto no seguinte patamar: R$ 3.000,00, sendo ampliado para R$ 5.000,00 quando do acesso por mulheres agricultoras familiares.<\/p>\n<p>&#8220;As mulheres s\u00e3o respons\u00e1veis por grande parte da diversidade da produ\u00e7\u00e3o alimentar em seus quintais produtivos, com uma extensa variedade que vai desde frutas e hortali\u00e7as aos mais diversos doces, quitutes, queijos, cria\u00e7\u00e3o de pequenos animais e outros itens que, al\u00e9m de abastecer a fam\u00edlia, v\u00e3o para o com\u00e9rcio direto e feiras locais. As pol\u00edticas p\u00fablicas de fomento e cr\u00e9ditos seguros precisam valorizar o papel das mulheres na produ\u00e7\u00e3o&#8221;, aponta Ros\u00e2ngela Piovizani, dirigente do Movimento de Mulheres Camponesas (MMC).<\/p>\n<p>#AgriculturaFamiliar #AgriculturaFamiliarProBrasilN\u00e3oPassarFome #PL735 #AprovaPL735<\/p>\n<p><em>(Fonte: Articula\u00e7\u00e3o Nacional de Agroecologia &#8211; ANA)<\/em><\/p>\n","protected":false},"excerpt":{"rendered":"<p>Deputado Vander Loubet, um dos autores do projeto, defende que \u00e9 fundamental que Brasil tenha pol\u00edticas p\u00fablicas consistentes para esse setor.<\/p>\n","protected":false},"author":2,"featured_media":16636,"comment_status":"closed","ping_status":"closed","sticky":false,"template":"","format":"standard","meta":{"jetpack_post_was_ever_published":false,"_jetpack_newsletter_access":"","_jetpack_dont_email_post_to_subs":false,"_jetpack_newsletter_tier_id":0,"_jetpack_memberships_contains_paywalled_content":false,"_jetpack_memberships_contains_paid_content":false,"footnotes":""},"categories":[2098,10],"tags":[2132,2148,1635],"class_list":{"0":"post-16635","1":"post","2":"type-post","3":"status-publish","4":"format-standard","5":"has-post-thumbnail","7":"category-brasil-noticias","8":"category-noticias","9":"tag-agricultura-familiar","10":"tag-estado-de-emergencia","11":"tag-projeto-de-lei"},"yoast_head":"<!-- This site is optimized with the Yoast SEO plugin v27.4 - https:\/\/yoast.com\/product\/yoast-seo-wordpress\/ -->\n<title>Risco de desabastecimento pede urg\u00eancia para PL da Agricultura Familiar<\/title>\n<meta name=\"description\" content=\"Deputado Vander Loubet, um dos autores do projeto, defende que \u00e9 fundamental que Brasil tenha pol\u00edticas p\u00fablicas consistentes para esse setor.\" \/>\n<meta name=\"robots\" content=\"index, follow, max-snippet:-1, max-image-preview:large, max-video-preview:-1\" \/>\n<link rel=\"canonical\" href=\"https:\/\/vanderloubet.com.br\/deputado\/risco-de-desabastecimento-pede-urgencia-para-pl-da-agricultura-familiar\/\" \/>\n<meta property=\"og:locale\" content=\"pt_BR\" \/>\n<meta property=\"og:type\" content=\"article\" \/>\n<meta property=\"og:title\" content=\"Risco de desabastecimento pede urg\u00eancia para PL da Agricultura Familiar\" \/>\n<meta property=\"og:description\" content=\"Deputado Vander Loubet, um dos autores do projeto, defende que \u00e9 fundamental que Brasil tenha pol\u00edticas p\u00fablicas consistentes para esse setor.\" \/>\n<meta property=\"og:url\" content=\"https:\/\/vanderloubet.com.br\/deputado\/risco-de-desabastecimento-pede-urgencia-para-pl-da-agricultura-familiar\/\" \/>\n<meta property=\"og:site_name\" content=\"Deputado Federal Vander Loubet\" \/>\n<meta property=\"article:publisher\" content=\"https:\/\/facebook.com\/deputadovander\" \/>\n<meta property=\"article:published_time\" content=\"2020-07-09T13:00:23+00:00\" \/>\n<meta property=\"article:modified_time\" content=\"2020-07-09T14:34:12+00:00\" \/>\n<meta property=\"og:image\" content=\"https:\/\/vanderloubet.com.br\/deputado\/wp-content\/uploads\/2020\/07\/foto-2020-07-09-pl-emergencial-agricultura-familiar.jpg\" \/>\n\t<meta property=\"og:image:width\" content=\"1200\" \/>\n\t<meta property=\"og:image:height\" content=\"720\" \/>\n\t<meta property=\"og:image:type\" content=\"image\/jpeg\" \/>\n<meta name=\"author\" content=\"\u00c9der\" \/>\n<meta name=\"twitter:card\" content=\"summary_large_image\" \/>\n<meta name=\"twitter:creator\" content=\"@vanderloubet\" \/>\n<meta name=\"twitter:site\" content=\"@vanderloubet\" \/>\n<script type=\"application\/ld+json\" class=\"yoast-schema-graph\">{\"@context\":\"https:\\\/\\\/schema.org\",\"@graph\":[{\"@type\":\"Article\",\"@id\":\"https:\\\/\\\/vanderloubet.com.br\\\/deputado\\\/risco-de-desabastecimento-pede-urgencia-para-pl-da-agricultura-familiar\\\/#article\",\"isPartOf\":{\"@id\":\"https:\\\/\\\/vanderloubet.com.br\\\/deputado\\\/risco-de-desabastecimento-pede-urgencia-para-pl-da-agricultura-familiar\\\/\"},\"author\":{\"name\":\"\u00c9der\",\"@id\":\"https:\\\/\\\/vanderloubet.com.br\\\/deputado\\\/#\\\/schema\\\/person\\\/15b51bd564532a8a68d9dec1b8eb890e\"},\"headline\":\"Risco de desabastecimento pede urg\u00eancia para PL da Agricultura Familiar\",\"datePublished\":\"2020-07-09T13:00:23+00:00\",\"dateModified\":\"2020-07-09T14:34:12+00:00\",\"mainEntityOfPage\":{\"@id\":\"https:\\\/\\\/vanderloubet.com.br\\\/deputado\\\/risco-de-desabastecimento-pede-urgencia-para-pl-da-agricultura-familiar\\\/\"},\"wordCount\":926,\"publisher\":{\"@id\":\"https:\\\/\\\/vanderloubet.com.br\\\/deputado\\\/#organization\"},\"image\":{\"@id\":\"https:\\\/\\\/vanderloubet.com.br\\\/deputado\\\/risco-de-desabastecimento-pede-urgencia-para-pl-da-agricultura-familiar\\\/#primaryimage\"},\"thumbnailUrl\":\"https:\\\/\\\/vanderloubet.com.br\\\/deputado\\\/wp-content\\\/uploads\\\/2020\\\/07\\\/foto-2020-07-09-pl-emergencial-agricultura-familiar.jpg\",\"keywords\":[\"agricultura familiar\",\"estado de emerg\u00eancia\",\"projeto de lei\"],\"articleSection\":[\"Brasil\",\"Not\u00edcias\"],\"inLanguage\":\"pt-BR\"},{\"@type\":\"WebPage\",\"@id\":\"https:\\\/\\\/vanderloubet.com.br\\\/deputado\\\/risco-de-desabastecimento-pede-urgencia-para-pl-da-agricultura-familiar\\\/\",\"url\":\"https:\\\/\\\/vanderloubet.com.br\\\/deputado\\\/risco-de-desabastecimento-pede-urgencia-para-pl-da-agricultura-familiar\\\/\",\"name\":\"Risco de desabastecimento pede urg\u00eancia para PL da Agricultura Familiar\",\"isPartOf\":{\"@id\":\"https:\\\/\\\/vanderloubet.com.br\\\/deputado\\\/#website\"},\"primaryImageOfPage\":{\"@id\":\"https:\\\/\\\/vanderloubet.com.br\\\/deputado\\\/risco-de-desabastecimento-pede-urgencia-para-pl-da-agricultura-familiar\\\/#primaryimage\"},\"image\":{\"@id\":\"https:\\\/\\\/vanderloubet.com.br\\\/deputado\\\/risco-de-desabastecimento-pede-urgencia-para-pl-da-agricultura-familiar\\\/#primaryimage\"},\"thumbnailUrl\":\"https:\\\/\\\/vanderloubet.com.br\\\/deputado\\\/wp-content\\\/uploads\\\/2020\\\/07\\\/foto-2020-07-09-pl-emergencial-agricultura-familiar.jpg\",\"datePublished\":\"2020-07-09T13:00:23+00:00\",\"dateModified\":\"2020-07-09T14:34:12+00:00\",\"description\":\"Deputado Vander Loubet, um dos autores do projeto, defende que \u00e9 fundamental que Brasil tenha pol\u00edticas p\u00fablicas consistentes para esse setor.\",\"breadcrumb\":{\"@id\":\"https:\\\/\\\/vanderloubet.com.br\\\/deputado\\\/risco-de-desabastecimento-pede-urgencia-para-pl-da-agricultura-familiar\\\/#breadcrumb\"},\"inLanguage\":\"pt-BR\",\"potentialAction\":[{\"@type\":\"ReadAction\",\"target\":[\"https:\\\/\\\/vanderloubet.com.br\\\/deputado\\\/risco-de-desabastecimento-pede-urgencia-para-pl-da-agricultura-familiar\\\/\"]}]},{\"@type\":\"ImageObject\",\"inLanguage\":\"pt-BR\",\"@id\":\"https:\\\/\\\/vanderloubet.com.br\\\/deputado\\\/risco-de-desabastecimento-pede-urgencia-para-pl-da-agricultura-familiar\\\/#primaryimage\",\"url\":\"https:\\\/\\\/vanderloubet.com.br\\\/deputado\\\/wp-content\\\/uploads\\\/2020\\\/07\\\/foto-2020-07-09-pl-emergencial-agricultura-familiar.jpg\",\"contentUrl\":\"https:\\\/\\\/vanderloubet.com.br\\\/deputado\\\/wp-content\\\/uploads\\\/2020\\\/07\\\/foto-2020-07-09-pl-emergencial-agricultura-familiar.jpg\",\"width\":1200,\"height\":720,\"caption\":\"Risco de desabastecimento pede urg\u00eancia para PL da Agricultura Familiar\"},{\"@type\":\"BreadcrumbList\",\"@id\":\"https:\\\/\\\/vanderloubet.com.br\\\/deputado\\\/risco-de-desabastecimento-pede-urgencia-para-pl-da-agricultura-familiar\\\/#breadcrumb\",\"itemListElement\":[{\"@type\":\"ListItem\",\"position\":1,\"name\":\"In\u00edcio\",\"item\":\"https:\\\/\\\/vanderloubet.com.br\\\/deputado\\\/\"},{\"@type\":\"ListItem\",\"position\":2,\"name\":\"Risco de desabastecimento pede urg\u00eancia para PL da Agricultura Familiar\"}]},{\"@type\":\"WebSite\",\"@id\":\"https:\\\/\\\/vanderloubet.com.br\\\/deputado\\\/#website\",\"url\":\"https:\\\/\\\/vanderloubet.com.br\\\/deputado\\\/\",\"name\":\"Deputado Federal Vander Loubet\",\"description\":\"O Federal de MS\",\"publisher\":{\"@id\":\"https:\\\/\\\/vanderloubet.com.br\\\/deputado\\\/#organization\"},\"alternateName\":\"Deputado Vander\",\"potentialAction\":[{\"@type\":\"SearchAction\",\"target\":{\"@type\":\"EntryPoint\",\"urlTemplate\":\"https:\\\/\\\/vanderloubet.com.br\\\/deputado\\\/?s={search_term_string}\"},\"query-input\":{\"@type\":\"PropertyValueSpecification\",\"valueRequired\":true,\"valueName\":\"search_term_string\"}}],\"inLanguage\":\"pt-BR\"},{\"@type\":\"Organization\",\"@id\":\"https:\\\/\\\/vanderloubet.com.br\\\/deputado\\\/#organization\",\"name\":\"Deputado Federal Vander Loubet\",\"alternateName\":\"Deputado Vander\",\"url\":\"https:\\\/\\\/vanderloubet.com.br\\\/deputado\\\/\",\"logo\":{\"@type\":\"ImageObject\",\"inLanguage\":\"pt-BR\",\"@id\":\"https:\\\/\\\/vanderloubet.com.br\\\/deputado\\\/#\\\/schema\\\/logo\\\/image\\\/\",\"url\":\"https:\\\/\\\/vanderloubet.com.br\\\/deputado\\\/wp-content\\\/uploads\\\/2023\\\/06\\\/foto-2023-06-19-mandato-deputado-vander.jpg\",\"contentUrl\":\"https:\\\/\\\/vanderloubet.com.br\\\/deputado\\\/wp-content\\\/uploads\\\/2023\\\/06\\\/foto-2023-06-19-mandato-deputado-vander.jpg\",\"width\":1080,\"height\":1080,\"caption\":\"Deputado Federal Vander Loubet\"},\"image\":{\"@id\":\"https:\\\/\\\/vanderloubet.com.br\\\/deputado\\\/#\\\/schema\\\/logo\\\/image\\\/\"},\"sameAs\":[\"https:\\\/\\\/facebook.com\\\/deputadovander\",\"https:\\\/\\\/x.com\\\/vanderloubet\",\"https:\\\/\\\/instagram.com\\\/vanderloubet\",\"https:\\\/\\\/youtube.com\\\/vanderloubet\",\"https:\\\/\\\/tiktok.com\\\/@vanderloubetms\"]},{\"@type\":\"Person\",\"@id\":\"https:\\\/\\\/vanderloubet.com.br\\\/deputado\\\/#\\\/schema\\\/person\\\/15b51bd564532a8a68d9dec1b8eb890e\",\"name\":\"\u00c9der\",\"image\":{\"@type\":\"ImageObject\",\"inLanguage\":\"pt-BR\",\"@id\":\"https:\\\/\\\/vanderloubet.com.br\\\/deputado\\\/wp-content\\\/litespeed\\\/avatar\\\/88ca4090d9d5ab1c9495f6ca03b68efa.jpg?ver=1777058957\",\"url\":\"https:\\\/\\\/vanderloubet.com.br\\\/deputado\\\/wp-content\\\/litespeed\\\/avatar\\\/88ca4090d9d5ab1c9495f6ca03b68efa.jpg?ver=1777058957\",\"contentUrl\":\"https:\\\/\\\/vanderloubet.com.br\\\/deputado\\\/wp-content\\\/litespeed\\\/avatar\\\/88ca4090d9d5ab1c9495f6ca03b68efa.jpg?ver=1777058957\",\"caption\":\"\u00c9der\"}}]}<\/script>\n<!-- \/ Yoast SEO plugin. -->","yoast_head_json":{"title":"Risco de desabastecimento pede urg\u00eancia para PL da Agricultura Familiar","description":"Deputado Vander Loubet, um dos autores do projeto, defende que \u00e9 fundamental que Brasil tenha pol\u00edticas p\u00fablicas consistentes para esse setor.","robots":{"index":"index","follow":"follow","max-snippet":"max-snippet:-1","max-image-preview":"max-image-preview:large","max-video-preview":"max-video-preview:-1"},"canonical":"https:\/\/vanderloubet.com.br\/deputado\/risco-de-desabastecimento-pede-urgencia-para-pl-da-agricultura-familiar\/","og_locale":"pt_BR","og_type":"article","og_title":"Risco de desabastecimento pede urg\u00eancia para PL da Agricultura Familiar","og_description":"Deputado Vander Loubet, um dos autores do projeto, defende que \u00e9 fundamental que Brasil tenha pol\u00edticas p\u00fablicas consistentes para esse setor.","og_url":"https:\/\/vanderloubet.com.br\/deputado\/risco-de-desabastecimento-pede-urgencia-para-pl-da-agricultura-familiar\/","og_site_name":"Deputado Federal Vander Loubet","article_publisher":"https:\/\/facebook.com\/deputadovander","article_published_time":"2020-07-09T13:00:23+00:00","article_modified_time":"2020-07-09T14:34:12+00:00","og_image":[{"width":1200,"height":720,"url":"https:\/\/vanderloubet.com.br\/deputado\/wp-content\/uploads\/2020\/07\/foto-2020-07-09-pl-emergencial-agricultura-familiar.jpg","type":"image\/jpeg"}],"author":"\u00c9der","twitter_card":"summary_large_image","twitter_creator":"@vanderloubet","twitter_site":"@vanderloubet","schema":{"@context":"https:\/\/schema.org","@graph":[{"@type":"Article","@id":"https:\/\/vanderloubet.com.br\/deputado\/risco-de-desabastecimento-pede-urgencia-para-pl-da-agricultura-familiar\/#article","isPartOf":{"@id":"https:\/\/vanderloubet.com.br\/deputado\/risco-de-desabastecimento-pede-urgencia-para-pl-da-agricultura-familiar\/"},"author":{"name":"\u00c9der","@id":"https:\/\/vanderloubet.com.br\/deputado\/#\/schema\/person\/15b51bd564532a8a68d9dec1b8eb890e"},"headline":"Risco de desabastecimento pede urg\u00eancia para PL da Agricultura Familiar","datePublished":"2020-07-09T13:00:23+00:00","dateModified":"2020-07-09T14:34:12+00:00","mainEntityOfPage":{"@id":"https:\/\/vanderloubet.com.br\/deputado\/risco-de-desabastecimento-pede-urgencia-para-pl-da-agricultura-familiar\/"},"wordCount":926,"publisher":{"@id":"https:\/\/vanderloubet.com.br\/deputado\/#organization"},"image":{"@id":"https:\/\/vanderloubet.com.br\/deputado\/risco-de-desabastecimento-pede-urgencia-para-pl-da-agricultura-familiar\/#primaryimage"},"thumbnailUrl":"https:\/\/vanderloubet.com.br\/deputado\/wp-content\/uploads\/2020\/07\/foto-2020-07-09-pl-emergencial-agricultura-familiar.jpg","keywords":["agricultura familiar","estado de emerg\u00eancia","projeto de lei"],"articleSection":["Brasil","Not\u00edcias"],"inLanguage":"pt-BR"},{"@type":"WebPage","@id":"https:\/\/vanderloubet.com.br\/deputado\/risco-de-desabastecimento-pede-urgencia-para-pl-da-agricultura-familiar\/","url":"https:\/\/vanderloubet.com.br\/deputado\/risco-de-desabastecimento-pede-urgencia-para-pl-da-agricultura-familiar\/","name":"Risco de desabastecimento pede urg\u00eancia para PL da Agricultura Familiar","isPartOf":{"@id":"https:\/\/vanderloubet.com.br\/deputado\/#website"},"primaryImageOfPage":{"@id":"https:\/\/vanderloubet.com.br\/deputado\/risco-de-desabastecimento-pede-urgencia-para-pl-da-agricultura-familiar\/#primaryimage"},"image":{"@id":"https:\/\/vanderloubet.com.br\/deputado\/risco-de-desabastecimento-pede-urgencia-para-pl-da-agricultura-familiar\/#primaryimage"},"thumbnailUrl":"https:\/\/vanderloubet.com.br\/deputado\/wp-content\/uploads\/2020\/07\/foto-2020-07-09-pl-emergencial-agricultura-familiar.jpg","datePublished":"2020-07-09T13:00:23+00:00","dateModified":"2020-07-09T14:34:12+00:00","description":"Deputado Vander Loubet, um dos autores do projeto, defende que \u00e9 fundamental que Brasil tenha pol\u00edticas p\u00fablicas consistentes para esse setor.","breadcrumb":{"@id":"https:\/\/vanderloubet.com.br\/deputado\/risco-de-desabastecimento-pede-urgencia-para-pl-da-agricultura-familiar\/#breadcrumb"},"inLanguage":"pt-BR","potentialAction":[{"@type":"ReadAction","target":["https:\/\/vanderloubet.com.br\/deputado\/risco-de-desabastecimento-pede-urgencia-para-pl-da-agricultura-familiar\/"]}]},{"@type":"ImageObject","inLanguage":"pt-BR","@id":"https:\/\/vanderloubet.com.br\/deputado\/risco-de-desabastecimento-pede-urgencia-para-pl-da-agricultura-familiar\/#primaryimage","url":"https:\/\/vanderloubet.com.br\/deputado\/wp-content\/uploads\/2020\/07\/foto-2020-07-09-pl-emergencial-agricultura-familiar.jpg","contentUrl":"https:\/\/vanderloubet.com.br\/deputado\/wp-content\/uploads\/2020\/07\/foto-2020-07-09-pl-emergencial-agricultura-familiar.jpg","width":1200,"height":720,"caption":"Risco de desabastecimento pede urg\u00eancia para PL da Agricultura Familiar"},{"@type":"BreadcrumbList","@id":"https:\/\/vanderloubet.com.br\/deputado\/risco-de-desabastecimento-pede-urgencia-para-pl-da-agricultura-familiar\/#breadcrumb","itemListElement":[{"@type":"ListItem","position":1,"name":"In\u00edcio","item":"https:\/\/vanderloubet.com.br\/deputado\/"},{"@type":"ListItem","position":2,"name":"Risco de desabastecimento pede urg\u00eancia para PL da Agricultura Familiar"}]},{"@type":"WebSite","@id":"https:\/\/vanderloubet.com.br\/deputado\/#website","url":"https:\/\/vanderloubet.com.br\/deputado\/","name":"Deputado Federal Vander Loubet","description":"O Federal de MS","publisher":{"@id":"https:\/\/vanderloubet.com.br\/deputado\/#organization"},"alternateName":"Deputado Vander","potentialAction":[{"@type":"SearchAction","target":{"@type":"EntryPoint","urlTemplate":"https:\/\/vanderloubet.com.br\/deputado\/?s={search_term_string}"},"query-input":{"@type":"PropertyValueSpecification","valueRequired":true,"valueName":"search_term_string"}}],"inLanguage":"pt-BR"},{"@type":"Organization","@id":"https:\/\/vanderloubet.com.br\/deputado\/#organization","name":"Deputado Federal Vander Loubet","alternateName":"Deputado Vander","url":"https:\/\/vanderloubet.com.br\/deputado\/","logo":{"@type":"ImageObject","inLanguage":"pt-BR","@id":"https:\/\/vanderloubet.com.br\/deputado\/#\/schema\/logo\/image\/","url":"https:\/\/vanderloubet.com.br\/deputado\/wp-content\/uploads\/2023\/06\/foto-2023-06-19-mandato-deputado-vander.jpg","contentUrl":"https:\/\/vanderloubet.com.br\/deputado\/wp-content\/uploads\/2023\/06\/foto-2023-06-19-mandato-deputado-vander.jpg","width":1080,"height":1080,"caption":"Deputado Federal Vander Loubet"},"image":{"@id":"https:\/\/vanderloubet.com.br\/deputado\/#\/schema\/logo\/image\/"},"sameAs":["https:\/\/facebook.com\/deputadovander","https:\/\/x.com\/vanderloubet","https:\/\/instagram.com\/vanderloubet","https:\/\/youtube.com\/vanderloubet","https:\/\/tiktok.com\/@vanderloubetms"]},{"@type":"Person","@id":"https:\/\/vanderloubet.com.br\/deputado\/#\/schema\/person\/15b51bd564532a8a68d9dec1b8eb890e","name":"\u00c9der","image":{"@type":"ImageObject","inLanguage":"pt-BR","@id":"https:\/\/vanderloubet.com.br\/deputado\/wp-content\/litespeed\/avatar\/88ca4090d9d5ab1c9495f6ca03b68efa.jpg?ver=1777058957","url":"https:\/\/vanderloubet.com.br\/deputado\/wp-content\/litespeed\/avatar\/88ca4090d9d5ab1c9495f6ca03b68efa.jpg?ver=1777058957","contentUrl":"https:\/\/vanderloubet.com.br\/deputado\/wp-content\/litespeed\/avatar\/88ca4090d9d5ab1c9495f6ca03b68efa.jpg?ver=1777058957","caption":"\u00c9der"}}]}},"jetpack_featured_media_url":"https:\/\/vanderloubet.com.br\/deputado\/wp-content\/uploads\/2020\/07\/foto-2020-07-09-pl-emergencial-agricultura-familiar.jpg","jetpack_sharing_enabled":true,"_links":{"self":[{"href":"https:\/\/vanderloubet.com.br\/deputado\/wp-json\/wp\/v2\/posts\/16635","targetHints":{"allow":["GET"]}}],"collection":[{"href":"https:\/\/vanderloubet.com.br\/deputado\/wp-json\/wp\/v2\/posts"}],"about":[{"href":"https:\/\/vanderloubet.com.br\/deputado\/wp-json\/wp\/v2\/types\/post"}],"author":[{"embeddable":true,"href":"https:\/\/vanderloubet.com.br\/deputado\/wp-json\/wp\/v2\/users\/2"}],"replies":[{"embeddable":true,"href":"https:\/\/vanderloubet.com.br\/deputado\/wp-json\/wp\/v2\/comments?post=16635"}],"version-history":[{"count":0,"href":"https:\/\/vanderloubet.com.br\/deputado\/wp-json\/wp\/v2\/posts\/16635\/revisions"}],"wp:featuredmedia":[{"embeddable":true,"href":"https:\/\/vanderloubet.com.br\/deputado\/wp-json\/wp\/v2\/media\/16636"}],"wp:attachment":[{"href":"https:\/\/vanderloubet.com.br\/deputado\/wp-json\/wp\/v2\/media?parent=16635"}],"wp:term":[{"taxonomy":"category","embeddable":true,"href":"https:\/\/vanderloubet.com.br\/deputado\/wp-json\/wp\/v2\/categories?post=16635"},{"taxonomy":"post_tag","embeddable":true,"href":"https:\/\/vanderloubet.com.br\/deputado\/wp-json\/wp\/v2\/tags?post=16635"}],"curies":[{"name":"wp","href":"https:\/\/api.w.org\/{rel}","templated":true}]}}