{"id":16608,"date":"2020-07-02T12:12:55","date_gmt":"2020-07-02T16:12:55","guid":{"rendered":"http:\/\/vanderloubet.com.br\/deputado\/?p=16608"},"modified":"2020-07-02T14:52:32","modified_gmt":"2020-07-02T18:52:32","slug":"defensoria-publica-da-uniao-ajuda-quem-teve-auxilio-emergencial-negado","status":"publish","type":"post","link":"https:\/\/vanderloubet.com.br\/deputado\/defensoria-publica-da-uniao-ajuda-quem-teve-auxilio-emergencial-negado\/","title":{"rendered":"Defensoria P\u00fablica da Uni\u00e3o ajuda quem teve aux\u00edlio emergencial negado"},"content":{"rendered":"<p>Quem tem direito ao aux\u00edlio emergencial, mas teve o benef\u00edcio negado, pode entrar com um pedido de contesta\u00e7\u00e3o da decis\u00e3o na Defensoria P\u00fablica da Uni\u00e3o (DPU).<\/p>\n<p>Ao todo, 41 milh\u00f5es de brasileiros n\u00e3o conseguiram receber a ajuda criada por iniciativa do Congresso Nacional e paga pelo governo federal. A DPU e o Minist\u00e9rio da Cidadania criaram um servi\u00e7o, que come\u00e7ou a funcionar no dia 22 de junho, para ajudar a resolver pend\u00eancias que est\u00e3o bloqueando o pagamento dos benef\u00edcios.<\/p>\n<p>S\u00e3o 70 unidades da DPU que atendem moradores de 1.830 cidades brasileiras. Em Mato Grosso do Sul, a Defensoria est\u00e1 em Campo Grande e Dourados. Por conta da pandemia de Covid-19, o atendimento est\u00e1 sendo feito por telefone:<\/p>\n<p><strong>Campo Grande<\/strong><br \/>\nTelefone: (67) 3311-9850<br \/>\nPlant\u00e3o\/WhatsApp: (67) 98114-1615<br \/>\nE-mail: dpu.ms@dpu.def.br<br \/>\nHor\u00e1rio de atendimento ao p\u00fablico: das 8:00 \u00e0s 14:00 de segunda a sexta-feira<\/p>\n<p><strong>Dourados<\/strong><br \/>\nTelefone: (67) 3421-9936<br \/>\nPlant\u00e3o\/WhatsApp: (67) 9 8137-0092<br \/>\nE-mail: dpu.dourados@dpu.def.br<br \/>\nHor\u00e1rio de atendimento ao p\u00fablico: das 9:00 \u00e0s 16:00 de segunda a sexta-feira<\/p>\n<p>De acordo com a Portaria n\u00ba 423, de 19 de junho deste ano, para a contesta\u00e7\u00e3o, o cidad\u00e3o ou cidad\u00e3 dever\u00e1 apresentar documentos que comprovem o direito ao aux\u00edlio emergencial, de acordo com a resposta que obteve:<\/p>\n\n<table id=\"tablepress-2\" class=\"tablepress tablepress-id-2\">\n<tbody class=\"row-striping row-hover\">\n<tr class=\"row-1\">\n\t<td class=\"column-1\"><strong>MENSAGEM<\/strong><\/td><td class=\"column-2\"><strong>DOCUMENTO A SER JUNTADO PARA CONTESTAR<s\/trong><\/td>\n<\/tr>\n<tr class=\"row-2\">\n\t<td class=\"column-1\">Cidad\u00e3o recebe benef\u00edcio previdenci\u00e1rio ou assistencial<\/td><td class=\"column-2\">- Documento do INSS que comprove o t\u00e9rmino ou suspens\u00e3o do benef\u00edcio:<br \/>\na) Tela do Meu INSS, campo \"Declara\u00e7\u00e3o de Benefici\u00e1rio do INSS\", comprovando aus\u00eancia de pagamento de benef\u00edcio previdenci\u00e1rio ou assistencial.<\/td>\n<\/tr>\n<tr class=\"row-3\">\n\t<td class=\"column-1\">Cidad\u00e3o com renda familiar mensal superior a meio sal\u00e1rio m\u00ednimo por pessoa e a tr\u00eas sal\u00e1rios m\u00ednimos no total<\/td><td class=\"column-2\">- Documentos a serem definidos a partir da disponibiliza\u00e7\u00e3o da informa\u00e7\u00e3o detalhada do motivo de indeferimento pelo agente contratado por meio plataforma informatizada.<\/td>\n<\/tr>\n<tr class=\"row-4\">\n\t<td class=\"column-1\">Cidad\u00e3o \u00e9 servidor p\u00fablico base - SIAPE<\/td><td class=\"column-2\">- Documento que comprove a exonera\u00e7\u00e3o do agente p\u00fablico:<br \/>\na) tela do portal da transpar\u00eancia; E<br \/>\nb) portaria\/ato administrativo de desligamento\/exonera\u00e7\u00e3o; OU declara\u00e7\u00e3o atual do \u00f3rg\u00e3o p\u00fablico apontado no SIAPE de que a pessoa n\u00e3o possui v\u00ednculo.<\/td>\n<\/tr>\n<tr class=\"row-5\">\n\t<td class=\"column-1\">Cidad\u00e3o \u00e9 servidor p\u00fablico base - RAIS<\/td><td class=\"column-2\">- Documento que comprove a exonera\u00e7\u00e3o do agente p\u00fablico:<br \/>\na) portaria\/ato administrativo de desligamento\/ exonera\u00e7\u00e3o; OU<br \/>\nb) declara\u00e7\u00e3o atual do \u00f3rg\u00e3o p\u00fablico apontado na RAIS de que a pessoa n\u00e3o possui v\u00ednculo.<br \/>\nO DOCUMENTO DEVE SE REFERIR AO VINCULO QUE CONSTAVA DA RAIS.<\/td>\n<\/tr>\n<tr class=\"row-6\">\n\t<td class=\"column-1\">Cidad\u00e3o \u00e9 servidor p\u00fablico - Militar<\/td><td class=\"column-2\">- Documento que comprove o desligamento:<br \/>\na) Consulta ao portal da transpar\u00eancia; E<br \/>\nb) Ato de desincorpora\u00e7\u00e3o ou a anula\u00e7\u00e3o de incorpora\u00e7\u00e3o; OU<br \/>\nc) Ato de licenciamento; OU<br \/>\nd) Ato de demiss\u00e3o.<\/td>\n<\/tr>\n<tr class=\"row-7\">\n\t<td class=\"column-1\">Cidad\u00e3o recebe seguro desemprego ou seguro defeso<\/td><td class=\"column-2\">- Documento que comprove o n\u00e3o recebimento do benef\u00edcio:<br \/>\na) carta de concess\u00e3o do seguro defeso ou do seguro desemprego em que constem as parcelas, em especial, a \u00faltima.<br \/>\nDocumento a ser obtido junto ao INSS (para seguro defeso) ou no site https:\/\/sd.maisemprego.mte.gov.br\/sdweb\/consulta.jsf (para seguro desemprego).<\/td>\n<\/tr>\n<tr class=\"row-8\">\n\t<td class=\"column-1\">Cidad\u00e3o possui emprego formal<\/td><td class=\"column-2\">- Documento que comprove a inexist\u00eancia de v\u00ednculo de emprego:<br \/>\na) tela do CNIS que comprove a aus\u00eancia de remunera\u00e7\u00e3o nos \u00faltimos 3 meses para v\u00ednculos em aberto; OU<br \/>\nb) CTPS comprovando v\u00ednculo fechado em rela\u00e7\u00e3o aos v\u00ednculos ainda em aberto no CNIS com renda nos \u00faltimos 3 meses; OU <br \/>\nc) termo de rescis\u00e3o de contrato de trabalho em rela\u00e7\u00e3o aos v\u00ednculos em aberto no CNIS com renda nos \u00faltimos 3 meses; OU <br \/>\nd) CNPJ da empresa (quando se tratar de empresa fechada) em rela\u00e7\u00e3o aos v\u00ednculos em aberto no CNIS com renda nos \u00faltimos 3 meses - para demonstrar que a empresa encerrou as atividades e n\u00e3o deu baixa no v\u00ednculo trabalhista.<\/td>\n<\/tr>\n<tr class=\"row-9\">\n\t<td class=\"column-1\">Cidad\u00e3o com v\u00ednculo de emprego intermitente ativo<\/td><td class=\"column-2\">a) tela do CNIS que comprove v\u00ednculo fechado do trabalho intermitente; OU<br \/>\nb) CTPS comprovando v\u00ednculo fechado em rela\u00e7\u00e3o ao v\u00ednculo de trabalho intermitente ainda em aberto no CNIS; OU<br \/>\nc) termo de rescis\u00e3o de contrato de trabalho em rela\u00e7\u00e3o ao v\u00ednculo de trabalho intermitente em aberto no CNIS; OU<br \/>\nd) CNPJ da empresa (quando se tratar de empresa fechada) em rela\u00e7\u00e3o ao v\u00ednculo de trabalho intermitente em aberto no CNIS - para demonstrar que a empresa encerrou as atividades e n\u00e3o deu baixa no v\u00ednculo trabalhista.<\/td>\n<\/tr>\n<tr class=\"row-10\">\n\t<td class=\"column-1\">Cidad\u00e3o com menos de 18 anos<\/td><td class=\"column-2\">- Documento a ser juntado, que comprove a data correta de nascimento:<br \/>\na) RG; OU<br \/>\nb) Carteira de habilita\u00e7\u00e3o, E<br \/>\nOf\u00edcio da DPU solicitando a retifica\u00e7\u00e3o do cadastro na Receita Federal.<\/td>\n<\/tr>\n<tr class=\"row-11\">\n\t<td class=\"column-1\">Cidad\u00e3o com registro de falecimento<\/td><td class=\"column-2\">- Documentos\/registros que podem ser apresentados em sentido contr\u00e1rio:<br \/>\na) Declara\u00e7\u00e3o assinada presencialmente na DPU pelo cidad\u00e3o; OU<br \/>\nb) V\u00eddeo ou fotografia da pessoa para fins de prova de vida (segurando documento pessoal com foto e informando data, hora e motivo); OU<br \/>\nc) Declara\u00e7\u00e3o atual de CRAS, INSS ou outro \u00f3rg\u00e3o p\u00fablico reconhecendo prova de vida em atendimento presencial.<\/td>\n<\/tr>\n<tr class=\"row-12\">\n\t<td class=\"column-1\">Cidad\u00e3o \u00e9 pol\u00edtico eleito<\/td><td class=\"column-2\">- Documento para demonstrar a aus\u00eancia de efetivo exerc\u00edcio no cargo pol\u00edtico:<br \/>\na) consulta ao site do TSE sobre o cargo para o qual o cidad\u00e3o foi candidato; E<br \/>\nb) declara\u00e7\u00e3o do \u00f3rg\u00e3o da aus\u00eancia de efetivo exerc\u00edcio de mandato eletivo.<\/td>\n<\/tr>\n<tr class=\"row-13\">\n\t<td class=\"column-1\">Cidad\u00e3o recebeu renda acima de R$ 28.559,70 em 2018<\/td><td class=\"column-2\">- Documento que possibilite comprovar que a pessoa n\u00e3o declarou Imposto de Renda.<br \/>\na) negativa de declara\u00e7\u00e3o de IR no ano de 2019, referente ao ano calend\u00e1rio de 2018.<br \/>\n(https:\/\/servicos.receita.fazenda.gov.br\/Servicos\/consrest\/  Atual.app\/paginas\/index.asp)<\/td>\n<\/tr>\n<tr class=\"row-14\">\n\t<td class=\"column-1\">Cidad\u00e3o identificado pela Pol\u00edcia Federal como residente no exterior<\/td><td class=\"column-2\">Comprovante de resid\u00eancia no Brasil.<\/td>\n<\/tr>\n<tr class=\"row-15\">\n\t<td class=\"column-1\">Cidad\u00e3o est\u00e1 preso em regime fechado e n\u00e3o pode receber o aux\u00edlio emergencial<\/td><td class=\"column-2\">Declara\u00e7\u00e3o da Vara de Execu\u00e7\u00e3o Criminal ou da Secretaria Penitenci\u00e1ria sobre o regime atual de cumprimento da pena ou que comprove a extin\u00e7\u00e3o de punibilidade ou o cumprimento total da pena.<\/td>\n<\/tr>\n<\/tbody>\n<\/table>\n<!-- #tablepress-2 from cache -->\n","protected":false},"excerpt":{"rendered":"<p>Em Mato Grosso do Sul, a DPU est\u00e1 em Campo Grande e Dourados. Por conta da pandemia de Covid-19, o atendimento est\u00e1 sendo feito por telefone.<\/p>\n","protected":false},"author":2,"featured_media":16612,"comment_status":"closed","ping_status":"closed","sticky":false,"template":"","format":"standard","meta":{"jetpack_post_was_ever_published":false,"_jetpack_newsletter_access":"","_jetpack_dont_email_post_to_subs":false,"_jetpack_newsletter_tier_id":0,"_jetpack_memberships_contains_paywalled_content":false,"_jetpack_memberships_contains_paid_content":false,"footnotes":""},"categories":[2099,10],"tags":[199,2440],"class_list":{"0":"post-16608","1":"post","2":"type-post","3":"status-publish","4":"format-standard","5":"has-post-thumbnail","7":"category-ms-noticias","8":"category-noticias","9":"tag-assistencia-social","10":"tag-auxilio-emergencial"},"yoast_head":"<!-- This site is optimized with the Yoast SEO plugin v27.4 - https:\/\/yoast.com\/product\/yoast-seo-wordpress\/ -->\n<title>Defensoria P\u00fablica da Uni\u00e3o ajuda quem teve aux\u00edlio emergencial negado<\/title>\n<meta name=\"description\" content=\"Em Mato Grosso do Sul, a DPU est\u00e1 em Campo Grande e Dourados. Por conta da pandemia de Covid-19, o atendimento est\u00e1 sendo feito por telefone.\" \/>\n<meta name=\"robots\" content=\"index, follow, max-snippet:-1, max-image-preview:large, max-video-preview:-1\" \/>\n<link rel=\"canonical\" href=\"https:\/\/vanderloubet.com.br\/deputado\/defensoria-publica-da-uniao-ajuda-quem-teve-auxilio-emergencial-negado\/\" \/>\n<meta property=\"og:locale\" content=\"pt_BR\" \/>\n<meta property=\"og:type\" content=\"article\" \/>\n<meta property=\"og:title\" content=\"Defensoria P\u00fablica da Uni\u00e3o ajuda quem teve aux\u00edlio emergencial negado\" \/>\n<meta property=\"og:description\" content=\"Em Mato Grosso do Sul, a DPU est\u00e1 em Campo Grande e Dourados. Por conta da pandemia de Covid-19, o atendimento est\u00e1 sendo feito por telefone.\" \/>\n<meta property=\"og:url\" content=\"https:\/\/vanderloubet.com.br\/deputado\/defensoria-publica-da-uniao-ajuda-quem-teve-auxilio-emergencial-negado\/\" \/>\n<meta property=\"og:site_name\" content=\"Deputado Federal Vander Loubet\" \/>\n<meta property=\"article:publisher\" content=\"https:\/\/facebook.com\/deputadovander\" \/>\n<meta property=\"article:published_time\" content=\"2020-07-02T16:12:55+00:00\" \/>\n<meta property=\"article:modified_time\" content=\"2020-07-02T18:52:32+00:00\" \/>\n<meta property=\"og:image\" content=\"https:\/\/vanderloubet.com.br\/deputado\/wp-content\/uploads\/2020\/07\/foto-2020-07-02-defensoria-uniao-campo-grande.jpg\" \/>\n\t<meta property=\"og:image:width\" content=\"1280\" \/>\n\t<meta property=\"og:image:height\" content=\"720\" \/>\n\t<meta property=\"og:image:type\" content=\"image\/jpeg\" \/>\n<meta name=\"author\" content=\"\u00c9der\" \/>\n<meta name=\"twitter:card\" content=\"summary_large_image\" \/>\n<meta name=\"twitter:creator\" content=\"@vanderloubet\" \/>\n<meta name=\"twitter:site\" content=\"@vanderloubet\" \/>\n<script type=\"application\/ld+json\" class=\"yoast-schema-graph\">{\"@context\":\"https:\\\/\\\/schema.org\",\"@graph\":[{\"@type\":\"Article\",\"@id\":\"https:\\\/\\\/vanderloubet.com.br\\\/deputado\\\/defensoria-publica-da-uniao-ajuda-quem-teve-auxilio-emergencial-negado\\\/#article\",\"isPartOf\":{\"@id\":\"https:\\\/\\\/vanderloubet.com.br\\\/deputado\\\/defensoria-publica-da-uniao-ajuda-quem-teve-auxilio-emergencial-negado\\\/\"},\"author\":{\"name\":\"\u00c9der\",\"@id\":\"https:\\\/\\\/vanderloubet.com.br\\\/deputado\\\/#\\\/schema\\\/person\\\/15b51bd564532a8a68d9dec1b8eb890e\"},\"headline\":\"Defensoria P\u00fablica da Uni\u00e3o ajuda quem teve aux\u00edlio emergencial negado\",\"datePublished\":\"2020-07-02T16:12:55+00:00\",\"dateModified\":\"2020-07-02T18:52:32+00:00\",\"mainEntityOfPage\":{\"@id\":\"https:\\\/\\\/vanderloubet.com.br\\\/deputado\\\/defensoria-publica-da-uniao-ajuda-quem-teve-auxilio-emergencial-negado\\\/\"},\"wordCount\":234,\"publisher\":{\"@id\":\"https:\\\/\\\/vanderloubet.com.br\\\/deputado\\\/#organization\"},\"image\":{\"@id\":\"https:\\\/\\\/vanderloubet.com.br\\\/deputado\\\/defensoria-publica-da-uniao-ajuda-quem-teve-auxilio-emergencial-negado\\\/#primaryimage\"},\"thumbnailUrl\":\"https:\\\/\\\/vanderloubet.com.br\\\/deputado\\\/wp-content\\\/uploads\\\/2020\\\/07\\\/foto-2020-07-02-defensoria-uniao-campo-grande.jpg\",\"keywords\":[\"assist\u00eancia social\",\"aux\u00edlio emergencial\"],\"articleSection\":[\"Mato Grosso do Sul\",\"Not\u00edcias\"],\"inLanguage\":\"pt-BR\"},{\"@type\":\"WebPage\",\"@id\":\"https:\\\/\\\/vanderloubet.com.br\\\/deputado\\\/defensoria-publica-da-uniao-ajuda-quem-teve-auxilio-emergencial-negado\\\/\",\"url\":\"https:\\\/\\\/vanderloubet.com.br\\\/deputado\\\/defensoria-publica-da-uniao-ajuda-quem-teve-auxilio-emergencial-negado\\\/\",\"name\":\"Defensoria P\u00fablica da Uni\u00e3o ajuda quem teve aux\u00edlio emergencial negado\",\"isPartOf\":{\"@id\":\"https:\\\/\\\/vanderloubet.com.br\\\/deputado\\\/#website\"},\"primaryImageOfPage\":{\"@id\":\"https:\\\/\\\/vanderloubet.com.br\\\/deputado\\\/defensoria-publica-da-uniao-ajuda-quem-teve-auxilio-emergencial-negado\\\/#primaryimage\"},\"image\":{\"@id\":\"https:\\\/\\\/vanderloubet.com.br\\\/deputado\\\/defensoria-publica-da-uniao-ajuda-quem-teve-auxilio-emergencial-negado\\\/#primaryimage\"},\"thumbnailUrl\":\"https:\\\/\\\/vanderloubet.com.br\\\/deputado\\\/wp-content\\\/uploads\\\/2020\\\/07\\\/foto-2020-07-02-defensoria-uniao-campo-grande.jpg\",\"datePublished\":\"2020-07-02T16:12:55+00:00\",\"dateModified\":\"2020-07-02T18:52:32+00:00\",\"description\":\"Em Mato Grosso do Sul, a DPU est\u00e1 em Campo Grande e Dourados. Por conta da pandemia de Covid-19, o atendimento est\u00e1 sendo feito por telefone.\",\"breadcrumb\":{\"@id\":\"https:\\\/\\\/vanderloubet.com.br\\\/deputado\\\/defensoria-publica-da-uniao-ajuda-quem-teve-auxilio-emergencial-negado\\\/#breadcrumb\"},\"inLanguage\":\"pt-BR\",\"potentialAction\":[{\"@type\":\"ReadAction\",\"target\":[\"https:\\\/\\\/vanderloubet.com.br\\\/deputado\\\/defensoria-publica-da-uniao-ajuda-quem-teve-auxilio-emergencial-negado\\\/\"]}]},{\"@type\":\"ImageObject\",\"inLanguage\":\"pt-BR\",\"@id\":\"https:\\\/\\\/vanderloubet.com.br\\\/deputado\\\/defensoria-publica-da-uniao-ajuda-quem-teve-auxilio-emergencial-negado\\\/#primaryimage\",\"url\":\"https:\\\/\\\/vanderloubet.com.br\\\/deputado\\\/wp-content\\\/uploads\\\/2020\\\/07\\\/foto-2020-07-02-defensoria-uniao-campo-grande.jpg\",\"contentUrl\":\"https:\\\/\\\/vanderloubet.com.br\\\/deputado\\\/wp-content\\\/uploads\\\/2020\\\/07\\\/foto-2020-07-02-defensoria-uniao-campo-grande.jpg\",\"width\":1280,\"height\":720,\"caption\":\"Defensoria P\u00fablica da Uni\u00e3o ajuda quem teve aux\u00edlio emergencial negado\"},{\"@type\":\"BreadcrumbList\",\"@id\":\"https:\\\/\\\/vanderloubet.com.br\\\/deputado\\\/defensoria-publica-da-uniao-ajuda-quem-teve-auxilio-emergencial-negado\\\/#breadcrumb\",\"itemListElement\":[{\"@type\":\"ListItem\",\"position\":1,\"name\":\"In\u00edcio\",\"item\":\"https:\\\/\\\/vanderloubet.com.br\\\/deputado\\\/\"},{\"@type\":\"ListItem\",\"position\":2,\"name\":\"Defensoria P\u00fablica da Uni\u00e3o ajuda quem teve aux\u00edlio emergencial negado\"}]},{\"@type\":\"WebSite\",\"@id\":\"https:\\\/\\\/vanderloubet.com.br\\\/deputado\\\/#website\",\"url\":\"https:\\\/\\\/vanderloubet.com.br\\\/deputado\\\/\",\"name\":\"Deputado Federal Vander Loubet\",\"description\":\"O Federal de MS\",\"publisher\":{\"@id\":\"https:\\\/\\\/vanderloubet.com.br\\\/deputado\\\/#organization\"},\"alternateName\":\"Deputado Vander\",\"potentialAction\":[{\"@type\":\"SearchAction\",\"target\":{\"@type\":\"EntryPoint\",\"urlTemplate\":\"https:\\\/\\\/vanderloubet.com.br\\\/deputado\\\/?s={search_term_string}\"},\"query-input\":{\"@type\":\"PropertyValueSpecification\",\"valueRequired\":true,\"valueName\":\"search_term_string\"}}],\"inLanguage\":\"pt-BR\"},{\"@type\":\"Organization\",\"@id\":\"https:\\\/\\\/vanderloubet.com.br\\\/deputado\\\/#organization\",\"name\":\"Deputado Federal Vander Loubet\",\"alternateName\":\"Deputado Vander\",\"url\":\"https:\\\/\\\/vanderloubet.com.br\\\/deputado\\\/\",\"logo\":{\"@type\":\"ImageObject\",\"inLanguage\":\"pt-BR\",\"@id\":\"https:\\\/\\\/vanderloubet.com.br\\\/deputado\\\/#\\\/schema\\\/logo\\\/image\\\/\",\"url\":\"https:\\\/\\\/vanderloubet.com.br\\\/deputado\\\/wp-content\\\/uploads\\\/2023\\\/06\\\/foto-2023-06-19-mandato-deputado-vander.jpg\",\"contentUrl\":\"https:\\\/\\\/vanderloubet.com.br\\\/deputado\\\/wp-content\\\/uploads\\\/2023\\\/06\\\/foto-2023-06-19-mandato-deputado-vander.jpg\",\"width\":1080,\"height\":1080,\"caption\":\"Deputado Federal Vander Loubet\"},\"image\":{\"@id\":\"https:\\\/\\\/vanderloubet.com.br\\\/deputado\\\/#\\\/schema\\\/logo\\\/image\\\/\"},\"sameAs\":[\"https:\\\/\\\/facebook.com\\\/deputadovander\",\"https:\\\/\\\/x.com\\\/vanderloubet\",\"https:\\\/\\\/instagram.com\\\/vanderloubet\",\"https:\\\/\\\/youtube.com\\\/vanderloubet\",\"https:\\\/\\\/tiktok.com\\\/@vanderloubetms\"]},{\"@type\":\"Person\",\"@id\":\"https:\\\/\\\/vanderloubet.com.br\\\/deputado\\\/#\\\/schema\\\/person\\\/15b51bd564532a8a68d9dec1b8eb890e\",\"name\":\"\u00c9der\",\"image\":{\"@type\":\"ImageObject\",\"inLanguage\":\"pt-BR\",\"@id\":\"https:\\\/\\\/vanderloubet.com.br\\\/deputado\\\/wp-content\\\/litespeed\\\/avatar\\\/88ca4090d9d5ab1c9495f6ca03b68efa.jpg?ver=1777058957\",\"url\":\"https:\\\/\\\/vanderloubet.com.br\\\/deputado\\\/wp-content\\\/litespeed\\\/avatar\\\/88ca4090d9d5ab1c9495f6ca03b68efa.jpg?ver=1777058957\",\"contentUrl\":\"https:\\\/\\\/vanderloubet.com.br\\\/deputado\\\/wp-content\\\/litespeed\\\/avatar\\\/88ca4090d9d5ab1c9495f6ca03b68efa.jpg?ver=1777058957\",\"caption\":\"\u00c9der\"}}]}<\/script>\n<!-- \/ Yoast SEO plugin. -->","yoast_head_json":{"title":"Defensoria P\u00fablica da Uni\u00e3o ajuda quem teve aux\u00edlio emergencial negado","description":"Em Mato Grosso do Sul, a DPU est\u00e1 em Campo Grande e Dourados. Por conta da pandemia de Covid-19, o atendimento est\u00e1 sendo feito por telefone.","robots":{"index":"index","follow":"follow","max-snippet":"max-snippet:-1","max-image-preview":"max-image-preview:large","max-video-preview":"max-video-preview:-1"},"canonical":"https:\/\/vanderloubet.com.br\/deputado\/defensoria-publica-da-uniao-ajuda-quem-teve-auxilio-emergencial-negado\/","og_locale":"pt_BR","og_type":"article","og_title":"Defensoria P\u00fablica da Uni\u00e3o ajuda quem teve aux\u00edlio emergencial negado","og_description":"Em Mato Grosso do Sul, a DPU est\u00e1 em Campo Grande e Dourados. Por conta da pandemia de Covid-19, o atendimento est\u00e1 sendo feito por telefone.","og_url":"https:\/\/vanderloubet.com.br\/deputado\/defensoria-publica-da-uniao-ajuda-quem-teve-auxilio-emergencial-negado\/","og_site_name":"Deputado Federal Vander Loubet","article_publisher":"https:\/\/facebook.com\/deputadovander","article_published_time":"2020-07-02T16:12:55+00:00","article_modified_time":"2020-07-02T18:52:32+00:00","og_image":[{"width":1280,"height":720,"url":"https:\/\/vanderloubet.com.br\/deputado\/wp-content\/uploads\/2020\/07\/foto-2020-07-02-defensoria-uniao-campo-grande.jpg","type":"image\/jpeg"}],"author":"\u00c9der","twitter_card":"summary_large_image","twitter_creator":"@vanderloubet","twitter_site":"@vanderloubet","schema":{"@context":"https:\/\/schema.org","@graph":[{"@type":"Article","@id":"https:\/\/vanderloubet.com.br\/deputado\/defensoria-publica-da-uniao-ajuda-quem-teve-auxilio-emergencial-negado\/#article","isPartOf":{"@id":"https:\/\/vanderloubet.com.br\/deputado\/defensoria-publica-da-uniao-ajuda-quem-teve-auxilio-emergencial-negado\/"},"author":{"name":"\u00c9der","@id":"https:\/\/vanderloubet.com.br\/deputado\/#\/schema\/person\/15b51bd564532a8a68d9dec1b8eb890e"},"headline":"Defensoria P\u00fablica da Uni\u00e3o ajuda quem teve aux\u00edlio emergencial negado","datePublished":"2020-07-02T16:12:55+00:00","dateModified":"2020-07-02T18:52:32+00:00","mainEntityOfPage":{"@id":"https:\/\/vanderloubet.com.br\/deputado\/defensoria-publica-da-uniao-ajuda-quem-teve-auxilio-emergencial-negado\/"},"wordCount":234,"publisher":{"@id":"https:\/\/vanderloubet.com.br\/deputado\/#organization"},"image":{"@id":"https:\/\/vanderloubet.com.br\/deputado\/defensoria-publica-da-uniao-ajuda-quem-teve-auxilio-emergencial-negado\/#primaryimage"},"thumbnailUrl":"https:\/\/vanderloubet.com.br\/deputado\/wp-content\/uploads\/2020\/07\/foto-2020-07-02-defensoria-uniao-campo-grande.jpg","keywords":["assist\u00eancia social","aux\u00edlio emergencial"],"articleSection":["Mato Grosso do Sul","Not\u00edcias"],"inLanguage":"pt-BR"},{"@type":"WebPage","@id":"https:\/\/vanderloubet.com.br\/deputado\/defensoria-publica-da-uniao-ajuda-quem-teve-auxilio-emergencial-negado\/","url":"https:\/\/vanderloubet.com.br\/deputado\/defensoria-publica-da-uniao-ajuda-quem-teve-auxilio-emergencial-negado\/","name":"Defensoria P\u00fablica da Uni\u00e3o ajuda quem teve aux\u00edlio emergencial negado","isPartOf":{"@id":"https:\/\/vanderloubet.com.br\/deputado\/#website"},"primaryImageOfPage":{"@id":"https:\/\/vanderloubet.com.br\/deputado\/defensoria-publica-da-uniao-ajuda-quem-teve-auxilio-emergencial-negado\/#primaryimage"},"image":{"@id":"https:\/\/vanderloubet.com.br\/deputado\/defensoria-publica-da-uniao-ajuda-quem-teve-auxilio-emergencial-negado\/#primaryimage"},"thumbnailUrl":"https:\/\/vanderloubet.com.br\/deputado\/wp-content\/uploads\/2020\/07\/foto-2020-07-02-defensoria-uniao-campo-grande.jpg","datePublished":"2020-07-02T16:12:55+00:00","dateModified":"2020-07-02T18:52:32+00:00","description":"Em Mato Grosso do Sul, a DPU est\u00e1 em Campo Grande e Dourados. Por conta da pandemia de Covid-19, o atendimento est\u00e1 sendo feito por telefone.","breadcrumb":{"@id":"https:\/\/vanderloubet.com.br\/deputado\/defensoria-publica-da-uniao-ajuda-quem-teve-auxilio-emergencial-negado\/#breadcrumb"},"inLanguage":"pt-BR","potentialAction":[{"@type":"ReadAction","target":["https:\/\/vanderloubet.com.br\/deputado\/defensoria-publica-da-uniao-ajuda-quem-teve-auxilio-emergencial-negado\/"]}]},{"@type":"ImageObject","inLanguage":"pt-BR","@id":"https:\/\/vanderloubet.com.br\/deputado\/defensoria-publica-da-uniao-ajuda-quem-teve-auxilio-emergencial-negado\/#primaryimage","url":"https:\/\/vanderloubet.com.br\/deputado\/wp-content\/uploads\/2020\/07\/foto-2020-07-02-defensoria-uniao-campo-grande.jpg","contentUrl":"https:\/\/vanderloubet.com.br\/deputado\/wp-content\/uploads\/2020\/07\/foto-2020-07-02-defensoria-uniao-campo-grande.jpg","width":1280,"height":720,"caption":"Defensoria P\u00fablica da Uni\u00e3o ajuda quem teve aux\u00edlio emergencial negado"},{"@type":"BreadcrumbList","@id":"https:\/\/vanderloubet.com.br\/deputado\/defensoria-publica-da-uniao-ajuda-quem-teve-auxilio-emergencial-negado\/#breadcrumb","itemListElement":[{"@type":"ListItem","position":1,"name":"In\u00edcio","item":"https:\/\/vanderloubet.com.br\/deputado\/"},{"@type":"ListItem","position":2,"name":"Defensoria P\u00fablica da Uni\u00e3o ajuda quem teve aux\u00edlio emergencial negado"}]},{"@type":"WebSite","@id":"https:\/\/vanderloubet.com.br\/deputado\/#website","url":"https:\/\/vanderloubet.com.br\/deputado\/","name":"Deputado Federal Vander Loubet","description":"O Federal de MS","publisher":{"@id":"https:\/\/vanderloubet.com.br\/deputado\/#organization"},"alternateName":"Deputado Vander","potentialAction":[{"@type":"SearchAction","target":{"@type":"EntryPoint","urlTemplate":"https:\/\/vanderloubet.com.br\/deputado\/?s={search_term_string}"},"query-input":{"@type":"PropertyValueSpecification","valueRequired":true,"valueName":"search_term_string"}}],"inLanguage":"pt-BR"},{"@type":"Organization","@id":"https:\/\/vanderloubet.com.br\/deputado\/#organization","name":"Deputado Federal Vander Loubet","alternateName":"Deputado Vander","url":"https:\/\/vanderloubet.com.br\/deputado\/","logo":{"@type":"ImageObject","inLanguage":"pt-BR","@id":"https:\/\/vanderloubet.com.br\/deputado\/#\/schema\/logo\/image\/","url":"https:\/\/vanderloubet.com.br\/deputado\/wp-content\/uploads\/2023\/06\/foto-2023-06-19-mandato-deputado-vander.jpg","contentUrl":"https:\/\/vanderloubet.com.br\/deputado\/wp-content\/uploads\/2023\/06\/foto-2023-06-19-mandato-deputado-vander.jpg","width":1080,"height":1080,"caption":"Deputado Federal Vander Loubet"},"image":{"@id":"https:\/\/vanderloubet.com.br\/deputado\/#\/schema\/logo\/image\/"},"sameAs":["https:\/\/facebook.com\/deputadovander","https:\/\/x.com\/vanderloubet","https:\/\/instagram.com\/vanderloubet","https:\/\/youtube.com\/vanderloubet","https:\/\/tiktok.com\/@vanderloubetms"]},{"@type":"Person","@id":"https:\/\/vanderloubet.com.br\/deputado\/#\/schema\/person\/15b51bd564532a8a68d9dec1b8eb890e","name":"\u00c9der","image":{"@type":"ImageObject","inLanguage":"pt-BR","@id":"https:\/\/vanderloubet.com.br\/deputado\/wp-content\/litespeed\/avatar\/88ca4090d9d5ab1c9495f6ca03b68efa.jpg?ver=1777058957","url":"https:\/\/vanderloubet.com.br\/deputado\/wp-content\/litespeed\/avatar\/88ca4090d9d5ab1c9495f6ca03b68efa.jpg?ver=1777058957","contentUrl":"https:\/\/vanderloubet.com.br\/deputado\/wp-content\/litespeed\/avatar\/88ca4090d9d5ab1c9495f6ca03b68efa.jpg?ver=1777058957","caption":"\u00c9der"}}]}},"jetpack_featured_media_url":"https:\/\/vanderloubet.com.br\/deputado\/wp-content\/uploads\/2020\/07\/foto-2020-07-02-defensoria-uniao-campo-grande.jpg","jetpack_sharing_enabled":true,"_links":{"self":[{"href":"https:\/\/vanderloubet.com.br\/deputado\/wp-json\/wp\/v2\/posts\/16608","targetHints":{"allow":["GET"]}}],"collection":[{"href":"https:\/\/vanderloubet.com.br\/deputado\/wp-json\/wp\/v2\/posts"}],"about":[{"href":"https:\/\/vanderloubet.com.br\/deputado\/wp-json\/wp\/v2\/types\/post"}],"author":[{"embeddable":true,"href":"https:\/\/vanderloubet.com.br\/deputado\/wp-json\/wp\/v2\/users\/2"}],"replies":[{"embeddable":true,"href":"https:\/\/vanderloubet.com.br\/deputado\/wp-json\/wp\/v2\/comments?post=16608"}],"version-history":[{"count":0,"href":"https:\/\/vanderloubet.com.br\/deputado\/wp-json\/wp\/v2\/posts\/16608\/revisions"}],"wp:featuredmedia":[{"embeddable":true,"href":"https:\/\/vanderloubet.com.br\/deputado\/wp-json\/wp\/v2\/media\/16612"}],"wp:attachment":[{"href":"https:\/\/vanderloubet.com.br\/deputado\/wp-json\/wp\/v2\/media?parent=16608"}],"wp:term":[{"taxonomy":"category","embeddable":true,"href":"https:\/\/vanderloubet.com.br\/deputado\/wp-json\/wp\/v2\/categories?post=16608"},{"taxonomy":"post_tag","embeddable":true,"href":"https:\/\/vanderloubet.com.br\/deputado\/wp-json\/wp\/v2\/tags?post=16608"}],"curies":[{"name":"wp","href":"https:\/\/api.w.org\/{rel}","templated":true}]}}