{"id":16594,"date":"2020-06-27T08:00:38","date_gmt":"2020-06-27T12:00:38","guid":{"rendered":"http:\/\/vanderloubet.com.br\/deputado\/?p=16594"},"modified":"2020-06-29T09:05:24","modified_gmt":"2020-06-29T13:05:24","slug":"com-apoio-de-vander-dois-irmaos-do-buriti-reativa-frigorifico-de-peixe","status":"publish","type":"post","link":"https:\/\/vanderloubet.com.br\/deputado\/com-apoio-de-vander-dois-irmaos-do-buriti-reativa-frigorifico-de-peixe\/","title":{"rendered":"Com apoio de Vander, Dois Irm\u00e3os do Buriti reativa frigor\u00edfico de peixe"},"content":{"rendered":"<p>Com recursos do Estado para compra de equipamentos e emendas parlamentares do deputado federal Vander Loubet para a realiza\u00e7\u00e3o das obras, foi inaugurado nesta sexta-feira (26) o Frigor\u00edfico Peixe Buriti, no munic\u00edpio de Dois Irm\u00e3os do Buriti, que dever\u00e1 se transformar em um dos polos de produ\u00e7\u00e3o de carne de peixes nativos da Bacia do Rio Paraguai.<\/p>\n<p>Al\u00e9m do investimento em equipamentos, o Estado tamb\u00e9m pavimentou trecho da estrada vicinal que d\u00e1 acesso ao empreendimento.<\/p>\n<p>Somente em emendas destinadas pelo deputado Vander foram R$ 2,3 milh\u00f5es \u2013 uma em 2009, no valor de R$ 900 mil, e outra em 2012, no valor de R$ 1,4 milh\u00e3o. A obra tamb\u00e9m contou com o apoio do Fundo Estadual de Apoio \u00e0 Industrializa\u00e7\u00e3o (FAI) e do Fundo Estadual de Apoio ao Desenvolvimento Econ\u00f4mico e Equil\u00edbrio Fiscal (Fadefe), recebendo pouco mais de R$ 405 mil.<\/p>\n<p>O funcionamento da unidade industrial de pescado em Dois Irm\u00e3os do Buriti vai alavancar a cadeia produtiva da regi\u00e3o com a gera\u00e7\u00e3o de mais de 80 empregos diretos, dada a capacidade do frigor\u00edfico, que em seu \u00e1pice pode chegar a abater 5.000 quilos de pescado por dia.<\/p>\n<p>Participaram da inaugura\u00e7\u00e3o o deputado federal Vander Loubet; o ex-governador e ex-deputado federal Zeca do PT; o secret\u00e1rio estadual de Meio Ambiente, Desenvolvimento Econ\u00f4mico, Produ\u00e7\u00e3o e Agricultura Familiar, Jaime Verruck (que representou o governador Reinaldo Azambuja no evento); o prefeito Edilsom Zandona de Souza (o Manguinha); e diversas autoridades estaduais e municipais.<\/p>\n<p><strong>Mercado nacional<\/strong> &#8211; O novo empreendimento ser\u00e1 administrado pelo grupo Projeto Pacu, pioneiro no setor em Mato Grosso do Sul, vencedor da concorr\u00eancia aberta pela Prefeitura. O frigor\u00edfico iniciou a opera\u00e7\u00e3o com produ\u00e7\u00e3o de seis toneladas\/dia, mas, em 2021, dependendo da demanda do mercado, dever\u00e1 estar produzindo com capacidade m\u00e1xima \u2013 18 toneladas\/dia.<\/p>\n<p>&#8220;Nossa meta \u00e9 conquistar o mercado nacional com peixe nativo, para isso vamos operar com inspe\u00e7\u00e3o federal&#8221;, disse Sim\u00e3o Brun, propriet\u00e1rio do Projeto Pacu. Segundo ele, hoje a produ\u00e7\u00e3o de peixe nativo se concentra em Dois Irm\u00e3os do Buriti, Terenos e Sidrol\u00e2ndia, mas a tend\u00eancia, com o apoio t\u00e9cnico do Estado, \u00e9 expandir para outras regi\u00f5es.<\/p>\n<p><em>(Fonte: Subcom\/Governo do Estado)<\/em><\/p>\n\r\n                <style type=\"text\/css\">\r\n                    \r\n                    #tdi_1  .td-doubleSlider-2 .td-item1 {\r\n                        background: url(https:\/\/vanderloubet.com.br\/deputado\/wp-content\/uploads\/2018\/11\/foto-2018-11-19-frigorifico-pescado-dois-irmaos-buriti-01-80x60.jpg) 0 0 no-repeat;\r\n                    }\r\n                    #tdi_1  .td-doubleSlider-2 .td-item2 {\r\n                        background: url(https:\/\/vanderloubet.com.br\/deputado\/wp-content\/uploads\/2018\/11\/foto-2018-11-19-frigorifico-pescado-dois-irmaos-buriti-02-80x60.jpg) 0 0 no-repeat;\r\n                    }\r\n                    #tdi_1  .td-doubleSlider-2 .td-item3 {\r\n                        background: url(https:\/\/vanderloubet.com.br\/deputado\/wp-content\/uploads\/2018\/11\/foto-2018-11-19-frigorifico-pescado-dois-irmaos-buriti-03-80x60.jpg) 0 0 no-repeat;\r\n                    }\r\n                <\/style>\r\n\r\n                <div id=\"tdi_1\" class=\"td-gallery td-slide-on-2-columns\">\r\n                    <div class=\"post_td_gallery\">\r\n                        <div class=\"td-gallery-slide-top\">\r\n                           <div class=\"td-gallery-title\"><\/div>\r\n\r\n                            <div class=\"td-gallery-controls-wrapper\">\r\n                                <div class=\"td-gallery-slide-count\"><span class=\"td-gallery-slide-item-focus\">1<\/span> de 3<\/div>\r\n                                <div class=\"td-gallery-slide-prev-next-but\">\r\n                                    <i class = \"td-icon-left doubleSliderPrevButton\"><\/i>\r\n                                    <i class = \"td-icon-right doubleSliderNextButton\"><\/i>\r\n                                <\/div>\r\n                            <\/div>\r\n                        <\/div>\r\n\r\n                        <div class = \"td-doubleSlider-1 \">\r\n                            <div class = \"td-slider\">\r\n                                \r\n                    <div class = \"td-slide-item td-item1\">\r\n                        <figure class=\"td-slide-galery-figure td-slide-popup-gallery\">\r\n                            <a class=\"slide-gallery-image-link\" href=\"https:\/\/vanderloubet.com.br\/deputado\/wp-content\/uploads\/2018\/11\/foto-2018-11-19-frigorifico-pescado-dois-irmaos-buriti-01.jpg\" title=\"Entreposto de pescado contou com emendas do deputado Vander\"  data-caption=\"\"  data-description=\"Entreposto de pescado contou com emendas do deputado Vander\">\r\n                                <img decoding=\"async\" src=\"https:\/\/vanderloubet.com.br\/deputado\/wp-content\/uploads\/2018\/11\/foto-2018-11-19-frigorifico-pescado-dois-irmaos-buriti-01-709x420.jpg\" srcset=\"https:\/\/vanderloubet.com.br\/deputado\/wp-content\/uploads\/2018\/11\/foto-2018-11-19-frigorifico-pescado-dois-irmaos-buriti-01-709x420.jpg 709w, https:\/\/vanderloubet.com.br\/deputado\/wp-content\/uploads\/2018\/11\/foto-2018-11-19-frigorifico-pescado-dois-irmaos-buriti-01-350x207.jpg 350w, https:\/\/vanderloubet.com.br\/deputado\/wp-content\/uploads\/2018\/11\/foto-2018-11-19-frigorifico-pescado-dois-irmaos-buriti-01-768x455.jpg 768w, https:\/\/vanderloubet.com.br\/deputado\/wp-content\/uploads\/2018\/11\/foto-2018-11-19-frigorifico-pescado-dois-irmaos-buriti-01-700x415.jpg 700w, https:\/\/vanderloubet.com.br\/deputado\/wp-content\/uploads\/2018\/11\/foto-2018-11-19-frigorifico-pescado-dois-irmaos-buriti-01-696x412.jpg 696w, https:\/\/vanderloubet.com.br\/deputado\/wp-content\/uploads\/2018\/11\/foto-2018-11-19-frigorifico-pescado-dois-irmaos-buriti-01-1068x633.jpg 1068w, https:\/\/vanderloubet.com.br\/deputado\/wp-content\/uploads\/2018\/11\/foto-2018-11-19-frigorifico-pescado-dois-irmaos-buriti-01.jpg 1080w\" sizes=\"(max-width: 709px) 100vw, 709px\" alt=\"Entreposto de pescado contou com emendas do deputado Vander\">\r\n                            <\/a>\r\n                            <figcaption class = \"td-slide-caption td-gallery-slide-content\"><span>Entreposto de pescado contou com emendas do deputado Vander<\/span><\/figcaption>\r\n                        <\/figure>\r\n                    <\/div>\r\n                    <div class = \"td-slide-item td-item2\">\r\n                        <figure class=\"td-slide-galery-figure td-slide-popup-gallery\">\r\n                            <a class=\"slide-gallery-image-link\" href=\"https:\/\/vanderloubet.com.br\/deputado\/wp-content\/uploads\/2018\/11\/foto-2018-11-19-frigorifico-pescado-dois-irmaos-buriti-02.jpg\" title=\"Entreposto de pescado contou com emendas do deputado Vander\"  data-caption=\"\"  data-description=\"Entreposto de pescado contou com emendas do deputado Vander\">\r\n                                <img decoding=\"async\" src=\"https:\/\/vanderloubet.com.br\/deputado\/wp-content\/uploads\/2018\/11\/foto-2018-11-19-frigorifico-pescado-dois-irmaos-buriti-02-709x420.jpg\" srcset=\"https:\/\/vanderloubet.com.br\/deputado\/wp-content\/uploads\/2018\/11\/foto-2018-11-19-frigorifico-pescado-dois-irmaos-buriti-02-709x420.jpg 709w, https:\/\/vanderloubet.com.br\/deputado\/wp-content\/uploads\/2018\/11\/foto-2018-11-19-frigorifico-pescado-dois-irmaos-buriti-02-350x207.jpg 350w, https:\/\/vanderloubet.com.br\/deputado\/wp-content\/uploads\/2018\/11\/foto-2018-11-19-frigorifico-pescado-dois-irmaos-buriti-02-768x455.jpg 768w, https:\/\/vanderloubet.com.br\/deputado\/wp-content\/uploads\/2018\/11\/foto-2018-11-19-frigorifico-pescado-dois-irmaos-buriti-02-700x415.jpg 700w, https:\/\/vanderloubet.com.br\/deputado\/wp-content\/uploads\/2018\/11\/foto-2018-11-19-frigorifico-pescado-dois-irmaos-buriti-02-696x412.jpg 696w, https:\/\/vanderloubet.com.br\/deputado\/wp-content\/uploads\/2018\/11\/foto-2018-11-19-frigorifico-pescado-dois-irmaos-buriti-02-1068x633.jpg 1068w, https:\/\/vanderloubet.com.br\/deputado\/wp-content\/uploads\/2018\/11\/foto-2018-11-19-frigorifico-pescado-dois-irmaos-buriti-02.jpg 1080w\" sizes=\"(max-width: 709px) 100vw, 709px\" alt=\"Entreposto de pescado contou com emendas do deputado Vander\">\r\n                            <\/a>\r\n                            <figcaption class = \"td-slide-caption td-gallery-slide-content\"><span>Entreposto de pescado contou com emendas do deputado Vander<\/span><\/figcaption>\r\n                        <\/figure>\r\n                    <\/div>\r\n                    <div class = \"td-slide-item td-item3\">\r\n                        <figure class=\"td-slide-galery-figure td-slide-popup-gallery\">\r\n                            <a class=\"slide-gallery-image-link\" href=\"https:\/\/vanderloubet.com.br\/deputado\/wp-content\/uploads\/2018\/11\/foto-2018-11-19-frigorifico-pescado-dois-irmaos-buriti-03.jpg\" title=\"Entreposto de pescado contou com emendas do deputado Vander\"  data-caption=\"\"  data-description=\"Entreposto de pescado contou com emendas do deputado Vander\">\r\n                                <img decoding=\"async\" src=\"https:\/\/vanderloubet.com.br\/deputado\/wp-content\/uploads\/2018\/11\/foto-2018-11-19-frigorifico-pescado-dois-irmaos-buriti-03-709x420.jpg\" srcset=\"https:\/\/vanderloubet.com.br\/deputado\/wp-content\/uploads\/2018\/11\/foto-2018-11-19-frigorifico-pescado-dois-irmaos-buriti-03-709x420.jpg 709w, https:\/\/vanderloubet.com.br\/deputado\/wp-content\/uploads\/2018\/11\/foto-2018-11-19-frigorifico-pescado-dois-irmaos-buriti-03-350x207.jpg 350w, https:\/\/vanderloubet.com.br\/deputado\/wp-content\/uploads\/2018\/11\/foto-2018-11-19-frigorifico-pescado-dois-irmaos-buriti-03-768x455.jpg 768w, https:\/\/vanderloubet.com.br\/deputado\/wp-content\/uploads\/2018\/11\/foto-2018-11-19-frigorifico-pescado-dois-irmaos-buriti-03-700x415.jpg 700w, https:\/\/vanderloubet.com.br\/deputado\/wp-content\/uploads\/2018\/11\/foto-2018-11-19-frigorifico-pescado-dois-irmaos-buriti-03-696x412.jpg 696w, https:\/\/vanderloubet.com.br\/deputado\/wp-content\/uploads\/2018\/11\/foto-2018-11-19-frigorifico-pescado-dois-irmaos-buriti-03-1068x633.jpg 1068w, https:\/\/vanderloubet.com.br\/deputado\/wp-content\/uploads\/2018\/11\/foto-2018-11-19-frigorifico-pescado-dois-irmaos-buriti-03.jpg 1080w\" sizes=\"(max-width: 709px) 100vw, 709px\" alt=\"Entreposto de pescado contou com emendas do deputado Vander\">\r\n                            <\/a>\r\n                            <figcaption class = \"td-slide-caption td-gallery-slide-content\"><span>Entreposto de pescado contou com emendas do deputado Vander<\/span><\/figcaption>\r\n                        <\/figure>\r\n                    <\/div>\r\n                            <\/div>\r\n                        <\/div>\r\n\r\n                        <div class = \"td-doubleSlider-2\">\r\n                            <div class = \"td-slider\">\r\n                                \r\n                    <div class = \"td-button td-item1\">\r\n                        <div class = \"td-border\"><\/div>\r\n                    <\/div>\r\n                    <div class = \"td-button td-item2\">\r\n                        <div class = \"td-border\"><\/div>\r\n                    <\/div>\r\n                    <div class = \"td-button td-item3\">\r\n                        <div class = \"td-border\"><\/div>\r\n                    <\/div>\r\n                            <\/div>\r\n                        <\/div>\r\n\r\n                    <\/div>\r\n\r\n                <\/div>\r\n                \n","protected":false},"excerpt":{"rendered":"<p>O deputado destinou para as obras do entreposto de pescado duas emendas parlamentares que somam R$ 2,3 milh\u00f5es.<\/p>\n","protected":false},"author":2,"featured_media":16600,"comment_status":"closed","ping_status":"closed","sticky":false,"template":"","format":"standard","meta":{"jetpack_post_was_ever_published":false,"_jetpack_newsletter_access":"","_jetpack_dont_email_post_to_subs":false,"_jetpack_newsletter_tier_id":0,"_jetpack_memberships_contains_paywalled_content":false,"_jetpack_memberships_contains_paid_content":false,"footnotes":""},"categories":[2097,10],"tags":[2309,2127,1549],"class_list":{"0":"post-16594","1":"post","2":"type-post","3":"status-publish","4":"format-standard","5":"has-post-thumbnail","7":"category-municipios-noticias","8":"category-noticias","9":"tag-desenvolvimento-economico","10":"tag-emenda-parlamentar","11":"tag-piscicultura"},"yoast_head":"<!-- This site is optimized with the Yoast SEO plugin v27.4 - https:\/\/yoast.com\/product\/yoast-seo-wordpress\/ -->\n<title>Com apoio de Vander, Dois Irm\u00e3os do Buriti reativa frigor\u00edfico de peixe<\/title>\n<meta name=\"description\" content=\"O deputado destinou para as obras do entreposto de pescado duas emendas parlamentares que somam R$ 2,3 milh\u00f5es.\" \/>\n<meta name=\"robots\" content=\"index, follow, max-snippet:-1, max-image-preview:large, max-video-preview:-1\" \/>\n<link rel=\"canonical\" href=\"https:\/\/vanderloubet.com.br\/deputado\/com-apoio-de-vander-dois-irmaos-do-buriti-reativa-frigorifico-de-peixe\/\" \/>\n<meta property=\"og:locale\" content=\"pt_BR\" \/>\n<meta property=\"og:type\" content=\"article\" \/>\n<meta property=\"og:title\" content=\"Com apoio de Vander, Dois Irm\u00e3os do Buriti reativa frigor\u00edfico de peixe\" \/>\n<meta property=\"og:description\" content=\"O deputado destinou para as obras do entreposto de pescado duas emendas parlamentares que somam R$ 2,3 milh\u00f5es.\" \/>\n<meta property=\"og:url\" content=\"https:\/\/vanderloubet.com.br\/deputado\/com-apoio-de-vander-dois-irmaos-do-buriti-reativa-frigorifico-de-peixe\/\" \/>\n<meta property=\"og:site_name\" content=\"Deputado Federal Vander Loubet\" \/>\n<meta property=\"article:publisher\" content=\"https:\/\/facebook.com\/deputadovander\" \/>\n<meta property=\"article:published_time\" content=\"2020-06-27T12:00:38+00:00\" \/>\n<meta property=\"article:modified_time\" content=\"2020-06-29T13:05:24+00:00\" \/>\n<meta property=\"og:image\" content=\"https:\/\/vanderloubet.com.br\/deputado\/wp-content\/uploads\/2020\/06\/foto-2020-06-26-frigorifico-peixe-dois-irmaos-buriti.jpg\" \/>\n\t<meta property=\"og:image:width\" content=\"1080\" \/>\n\t<meta property=\"og:image:height\" content=\"720\" \/>\n\t<meta property=\"og:image:type\" content=\"image\/jpeg\" \/>\n<meta name=\"author\" content=\"\u00c9der\" \/>\n<meta name=\"twitter:card\" content=\"summary_large_image\" \/>\n<meta name=\"twitter:creator\" content=\"@vanderloubet\" \/>\n<meta name=\"twitter:site\" content=\"@vanderloubet\" \/>\n<script type=\"application\/ld+json\" class=\"yoast-schema-graph\">{\"@context\":\"https:\\\/\\\/schema.org\",\"@graph\":[{\"@type\":\"Article\",\"@id\":\"https:\\\/\\\/vanderloubet.com.br\\\/deputado\\\/com-apoio-de-vander-dois-irmaos-do-buriti-reativa-frigorifico-de-peixe\\\/#article\",\"isPartOf\":{\"@id\":\"https:\\\/\\\/vanderloubet.com.br\\\/deputado\\\/com-apoio-de-vander-dois-irmaos-do-buriti-reativa-frigorifico-de-peixe\\\/\"},\"author\":{\"name\":\"\u00c9der\",\"@id\":\"https:\\\/\\\/vanderloubet.com.br\\\/deputado\\\/#\\\/schema\\\/person\\\/15b51bd564532a8a68d9dec1b8eb890e\"},\"headline\":\"Com apoio de Vander, Dois Irm\u00e3os do Buriti reativa frigor\u00edfico de peixe\",\"datePublished\":\"2020-06-27T12:00:38+00:00\",\"dateModified\":\"2020-06-29T13:05:24+00:00\",\"mainEntityOfPage\":{\"@id\":\"https:\\\/\\\/vanderloubet.com.br\\\/deputado\\\/com-apoio-de-vander-dois-irmaos-do-buriti-reativa-frigorifico-de-peixe\\\/\"},\"wordCount\":398,\"publisher\":{\"@id\":\"https:\\\/\\\/vanderloubet.com.br\\\/deputado\\\/#organization\"},\"image\":{\"@id\":\"https:\\\/\\\/vanderloubet.com.br\\\/deputado\\\/com-apoio-de-vander-dois-irmaos-do-buriti-reativa-frigorifico-de-peixe\\\/#primaryimage\"},\"thumbnailUrl\":\"https:\\\/\\\/vanderloubet.com.br\\\/deputado\\\/wp-content\\\/uploads\\\/2020\\\/06\\\/foto-2020-06-26-frigorifico-peixe-dois-irmaos-buriti.jpg\",\"keywords\":[\"desenvolvimento econ\u00f4mico\",\"emenda parlamentar\",\"piscicultura\"],\"articleSection\":[\"Munic\u00edpios\",\"Not\u00edcias\"],\"inLanguage\":\"pt-BR\"},{\"@type\":\"WebPage\",\"@id\":\"https:\\\/\\\/vanderloubet.com.br\\\/deputado\\\/com-apoio-de-vander-dois-irmaos-do-buriti-reativa-frigorifico-de-peixe\\\/\",\"url\":\"https:\\\/\\\/vanderloubet.com.br\\\/deputado\\\/com-apoio-de-vander-dois-irmaos-do-buriti-reativa-frigorifico-de-peixe\\\/\",\"name\":\"Com apoio de Vander, Dois Irm\u00e3os do Buriti reativa frigor\u00edfico de peixe\",\"isPartOf\":{\"@id\":\"https:\\\/\\\/vanderloubet.com.br\\\/deputado\\\/#website\"},\"primaryImageOfPage\":{\"@id\":\"https:\\\/\\\/vanderloubet.com.br\\\/deputado\\\/com-apoio-de-vander-dois-irmaos-do-buriti-reativa-frigorifico-de-peixe\\\/#primaryimage\"},\"image\":{\"@id\":\"https:\\\/\\\/vanderloubet.com.br\\\/deputado\\\/com-apoio-de-vander-dois-irmaos-do-buriti-reativa-frigorifico-de-peixe\\\/#primaryimage\"},\"thumbnailUrl\":\"https:\\\/\\\/vanderloubet.com.br\\\/deputado\\\/wp-content\\\/uploads\\\/2020\\\/06\\\/foto-2020-06-26-frigorifico-peixe-dois-irmaos-buriti.jpg\",\"datePublished\":\"2020-06-27T12:00:38+00:00\",\"dateModified\":\"2020-06-29T13:05:24+00:00\",\"description\":\"O deputado destinou para as obras do entreposto de pescado duas emendas parlamentares que somam R$ 2,3 milh\u00f5es.\",\"breadcrumb\":{\"@id\":\"https:\\\/\\\/vanderloubet.com.br\\\/deputado\\\/com-apoio-de-vander-dois-irmaos-do-buriti-reativa-frigorifico-de-peixe\\\/#breadcrumb\"},\"inLanguage\":\"pt-BR\",\"potentialAction\":[{\"@type\":\"ReadAction\",\"target\":[\"https:\\\/\\\/vanderloubet.com.br\\\/deputado\\\/com-apoio-de-vander-dois-irmaos-do-buriti-reativa-frigorifico-de-peixe\\\/\"]}]},{\"@type\":\"ImageObject\",\"inLanguage\":\"pt-BR\",\"@id\":\"https:\\\/\\\/vanderloubet.com.br\\\/deputado\\\/com-apoio-de-vander-dois-irmaos-do-buriti-reativa-frigorifico-de-peixe\\\/#primaryimage\",\"url\":\"https:\\\/\\\/vanderloubet.com.br\\\/deputado\\\/wp-content\\\/uploads\\\/2020\\\/06\\\/foto-2020-06-26-frigorifico-peixe-dois-irmaos-buriti.jpg\",\"contentUrl\":\"https:\\\/\\\/vanderloubet.com.br\\\/deputado\\\/wp-content\\\/uploads\\\/2020\\\/06\\\/foto-2020-06-26-frigorifico-peixe-dois-irmaos-buriti.jpg\",\"width\":1080,\"height\":720,\"caption\":\"Com apoio de Vander, Dois Irm\u00e3os do Buriti reativa frigor\u00edfico de peixe\"},{\"@type\":\"BreadcrumbList\",\"@id\":\"https:\\\/\\\/vanderloubet.com.br\\\/deputado\\\/com-apoio-de-vander-dois-irmaos-do-buriti-reativa-frigorifico-de-peixe\\\/#breadcrumb\",\"itemListElement\":[{\"@type\":\"ListItem\",\"position\":1,\"name\":\"In\u00edcio\",\"item\":\"https:\\\/\\\/vanderloubet.com.br\\\/deputado\\\/\"},{\"@type\":\"ListItem\",\"position\":2,\"name\":\"Com apoio de Vander, Dois Irm\u00e3os do Buriti reativa frigor\u00edfico de peixe\"}]},{\"@type\":\"WebSite\",\"@id\":\"https:\\\/\\\/vanderloubet.com.br\\\/deputado\\\/#website\",\"url\":\"https:\\\/\\\/vanderloubet.com.br\\\/deputado\\\/\",\"name\":\"Deputado Federal Vander Loubet\",\"description\":\"O Federal de MS\",\"publisher\":{\"@id\":\"https:\\\/\\\/vanderloubet.com.br\\\/deputado\\\/#organization\"},\"alternateName\":\"Deputado Vander\",\"potentialAction\":[{\"@type\":\"SearchAction\",\"target\":{\"@type\":\"EntryPoint\",\"urlTemplate\":\"https:\\\/\\\/vanderloubet.com.br\\\/deputado\\\/?s={search_term_string}\"},\"query-input\":{\"@type\":\"PropertyValueSpecification\",\"valueRequired\":true,\"valueName\":\"search_term_string\"}}],\"inLanguage\":\"pt-BR\"},{\"@type\":\"Organization\",\"@id\":\"https:\\\/\\\/vanderloubet.com.br\\\/deputado\\\/#organization\",\"name\":\"Deputado Federal Vander Loubet\",\"alternateName\":\"Deputado Vander\",\"url\":\"https:\\\/\\\/vanderloubet.com.br\\\/deputado\\\/\",\"logo\":{\"@type\":\"ImageObject\",\"inLanguage\":\"pt-BR\",\"@id\":\"https:\\\/\\\/vanderloubet.com.br\\\/deputado\\\/#\\\/schema\\\/logo\\\/image\\\/\",\"url\":\"https:\\\/\\\/vanderloubet.com.br\\\/deputado\\\/wp-content\\\/uploads\\\/2023\\\/06\\\/foto-2023-06-19-mandato-deputado-vander.jpg\",\"contentUrl\":\"https:\\\/\\\/vanderloubet.com.br\\\/deputado\\\/wp-content\\\/uploads\\\/2023\\\/06\\\/foto-2023-06-19-mandato-deputado-vander.jpg\",\"width\":1080,\"height\":1080,\"caption\":\"Deputado Federal Vander Loubet\"},\"image\":{\"@id\":\"https:\\\/\\\/vanderloubet.com.br\\\/deputado\\\/#\\\/schema\\\/logo\\\/image\\\/\"},\"sameAs\":[\"https:\\\/\\\/facebook.com\\\/deputadovander\",\"https:\\\/\\\/x.com\\\/vanderloubet\",\"https:\\\/\\\/instagram.com\\\/vanderloubet\",\"https:\\\/\\\/youtube.com\\\/vanderloubet\",\"https:\\\/\\\/tiktok.com\\\/@vanderloubetms\"]},{\"@type\":\"Person\",\"@id\":\"https:\\\/\\\/vanderloubet.com.br\\\/deputado\\\/#\\\/schema\\\/person\\\/15b51bd564532a8a68d9dec1b8eb890e\",\"name\":\"\u00c9der\",\"image\":{\"@type\":\"ImageObject\",\"inLanguage\":\"pt-BR\",\"@id\":\"https:\\\/\\\/vanderloubet.com.br\\\/deputado\\\/wp-content\\\/litespeed\\\/avatar\\\/88ca4090d9d5ab1c9495f6ca03b68efa.jpg?ver=1777058957\",\"url\":\"https:\\\/\\\/vanderloubet.com.br\\\/deputado\\\/wp-content\\\/litespeed\\\/avatar\\\/88ca4090d9d5ab1c9495f6ca03b68efa.jpg?ver=1777058957\",\"contentUrl\":\"https:\\\/\\\/vanderloubet.com.br\\\/deputado\\\/wp-content\\\/litespeed\\\/avatar\\\/88ca4090d9d5ab1c9495f6ca03b68efa.jpg?ver=1777058957\",\"caption\":\"\u00c9der\"}}]}<\/script>\n<!-- \/ Yoast SEO plugin. -->","yoast_head_json":{"title":"Com apoio de Vander, Dois Irm\u00e3os do Buriti reativa frigor\u00edfico de peixe","description":"O deputado destinou para as obras do entreposto de pescado duas emendas parlamentares que somam R$ 2,3 milh\u00f5es.","robots":{"index":"index","follow":"follow","max-snippet":"max-snippet:-1","max-image-preview":"max-image-preview:large","max-video-preview":"max-video-preview:-1"},"canonical":"https:\/\/vanderloubet.com.br\/deputado\/com-apoio-de-vander-dois-irmaos-do-buriti-reativa-frigorifico-de-peixe\/","og_locale":"pt_BR","og_type":"article","og_title":"Com apoio de Vander, Dois Irm\u00e3os do Buriti reativa frigor\u00edfico de peixe","og_description":"O deputado destinou para as obras do entreposto de pescado duas emendas parlamentares que somam R$ 2,3 milh\u00f5es.","og_url":"https:\/\/vanderloubet.com.br\/deputado\/com-apoio-de-vander-dois-irmaos-do-buriti-reativa-frigorifico-de-peixe\/","og_site_name":"Deputado Federal Vander Loubet","article_publisher":"https:\/\/facebook.com\/deputadovander","article_published_time":"2020-06-27T12:00:38+00:00","article_modified_time":"2020-06-29T13:05:24+00:00","og_image":[{"width":1080,"height":720,"url":"https:\/\/vanderloubet.com.br\/deputado\/wp-content\/uploads\/2020\/06\/foto-2020-06-26-frigorifico-peixe-dois-irmaos-buriti.jpg","type":"image\/jpeg"}],"author":"\u00c9der","twitter_card":"summary_large_image","twitter_creator":"@vanderloubet","twitter_site":"@vanderloubet","schema":{"@context":"https:\/\/schema.org","@graph":[{"@type":"Article","@id":"https:\/\/vanderloubet.com.br\/deputado\/com-apoio-de-vander-dois-irmaos-do-buriti-reativa-frigorifico-de-peixe\/#article","isPartOf":{"@id":"https:\/\/vanderloubet.com.br\/deputado\/com-apoio-de-vander-dois-irmaos-do-buriti-reativa-frigorifico-de-peixe\/"},"author":{"name":"\u00c9der","@id":"https:\/\/vanderloubet.com.br\/deputado\/#\/schema\/person\/15b51bd564532a8a68d9dec1b8eb890e"},"headline":"Com apoio de Vander, Dois Irm\u00e3os do Buriti reativa frigor\u00edfico de peixe","datePublished":"2020-06-27T12:00:38+00:00","dateModified":"2020-06-29T13:05:24+00:00","mainEntityOfPage":{"@id":"https:\/\/vanderloubet.com.br\/deputado\/com-apoio-de-vander-dois-irmaos-do-buriti-reativa-frigorifico-de-peixe\/"},"wordCount":398,"publisher":{"@id":"https:\/\/vanderloubet.com.br\/deputado\/#organization"},"image":{"@id":"https:\/\/vanderloubet.com.br\/deputado\/com-apoio-de-vander-dois-irmaos-do-buriti-reativa-frigorifico-de-peixe\/#primaryimage"},"thumbnailUrl":"https:\/\/vanderloubet.com.br\/deputado\/wp-content\/uploads\/2020\/06\/foto-2020-06-26-frigorifico-peixe-dois-irmaos-buriti.jpg","keywords":["desenvolvimento econ\u00f4mico","emenda parlamentar","piscicultura"],"articleSection":["Munic\u00edpios","Not\u00edcias"],"inLanguage":"pt-BR"},{"@type":"WebPage","@id":"https:\/\/vanderloubet.com.br\/deputado\/com-apoio-de-vander-dois-irmaos-do-buriti-reativa-frigorifico-de-peixe\/","url":"https:\/\/vanderloubet.com.br\/deputado\/com-apoio-de-vander-dois-irmaos-do-buriti-reativa-frigorifico-de-peixe\/","name":"Com apoio de Vander, Dois Irm\u00e3os do Buriti reativa frigor\u00edfico de peixe","isPartOf":{"@id":"https:\/\/vanderloubet.com.br\/deputado\/#website"},"primaryImageOfPage":{"@id":"https:\/\/vanderloubet.com.br\/deputado\/com-apoio-de-vander-dois-irmaos-do-buriti-reativa-frigorifico-de-peixe\/#primaryimage"},"image":{"@id":"https:\/\/vanderloubet.com.br\/deputado\/com-apoio-de-vander-dois-irmaos-do-buriti-reativa-frigorifico-de-peixe\/#primaryimage"},"thumbnailUrl":"https:\/\/vanderloubet.com.br\/deputado\/wp-content\/uploads\/2020\/06\/foto-2020-06-26-frigorifico-peixe-dois-irmaos-buriti.jpg","datePublished":"2020-06-27T12:00:38+00:00","dateModified":"2020-06-29T13:05:24+00:00","description":"O deputado destinou para as obras do entreposto de pescado duas emendas parlamentares que somam R$ 2,3 milh\u00f5es.","breadcrumb":{"@id":"https:\/\/vanderloubet.com.br\/deputado\/com-apoio-de-vander-dois-irmaos-do-buriti-reativa-frigorifico-de-peixe\/#breadcrumb"},"inLanguage":"pt-BR","potentialAction":[{"@type":"ReadAction","target":["https:\/\/vanderloubet.com.br\/deputado\/com-apoio-de-vander-dois-irmaos-do-buriti-reativa-frigorifico-de-peixe\/"]}]},{"@type":"ImageObject","inLanguage":"pt-BR","@id":"https:\/\/vanderloubet.com.br\/deputado\/com-apoio-de-vander-dois-irmaos-do-buriti-reativa-frigorifico-de-peixe\/#primaryimage","url":"https:\/\/vanderloubet.com.br\/deputado\/wp-content\/uploads\/2020\/06\/foto-2020-06-26-frigorifico-peixe-dois-irmaos-buriti.jpg","contentUrl":"https:\/\/vanderloubet.com.br\/deputado\/wp-content\/uploads\/2020\/06\/foto-2020-06-26-frigorifico-peixe-dois-irmaos-buriti.jpg","width":1080,"height":720,"caption":"Com apoio de Vander, Dois Irm\u00e3os do Buriti reativa frigor\u00edfico de peixe"},{"@type":"BreadcrumbList","@id":"https:\/\/vanderloubet.com.br\/deputado\/com-apoio-de-vander-dois-irmaos-do-buriti-reativa-frigorifico-de-peixe\/#breadcrumb","itemListElement":[{"@type":"ListItem","position":1,"name":"In\u00edcio","item":"https:\/\/vanderloubet.com.br\/deputado\/"},{"@type":"ListItem","position":2,"name":"Com apoio de Vander, Dois Irm\u00e3os do Buriti reativa frigor\u00edfico de peixe"}]},{"@type":"WebSite","@id":"https:\/\/vanderloubet.com.br\/deputado\/#website","url":"https:\/\/vanderloubet.com.br\/deputado\/","name":"Deputado Federal Vander Loubet","description":"O Federal de MS","publisher":{"@id":"https:\/\/vanderloubet.com.br\/deputado\/#organization"},"alternateName":"Deputado Vander","potentialAction":[{"@type":"SearchAction","target":{"@type":"EntryPoint","urlTemplate":"https:\/\/vanderloubet.com.br\/deputado\/?s={search_term_string}"},"query-input":{"@type":"PropertyValueSpecification","valueRequired":true,"valueName":"search_term_string"}}],"inLanguage":"pt-BR"},{"@type":"Organization","@id":"https:\/\/vanderloubet.com.br\/deputado\/#organization","name":"Deputado Federal Vander Loubet","alternateName":"Deputado Vander","url":"https:\/\/vanderloubet.com.br\/deputado\/","logo":{"@type":"ImageObject","inLanguage":"pt-BR","@id":"https:\/\/vanderloubet.com.br\/deputado\/#\/schema\/logo\/image\/","url":"https:\/\/vanderloubet.com.br\/deputado\/wp-content\/uploads\/2023\/06\/foto-2023-06-19-mandato-deputado-vander.jpg","contentUrl":"https:\/\/vanderloubet.com.br\/deputado\/wp-content\/uploads\/2023\/06\/foto-2023-06-19-mandato-deputado-vander.jpg","width":1080,"height":1080,"caption":"Deputado Federal Vander Loubet"},"image":{"@id":"https:\/\/vanderloubet.com.br\/deputado\/#\/schema\/logo\/image\/"},"sameAs":["https:\/\/facebook.com\/deputadovander","https:\/\/x.com\/vanderloubet","https:\/\/instagram.com\/vanderloubet","https:\/\/youtube.com\/vanderloubet","https:\/\/tiktok.com\/@vanderloubetms"]},{"@type":"Person","@id":"https:\/\/vanderloubet.com.br\/deputado\/#\/schema\/person\/15b51bd564532a8a68d9dec1b8eb890e","name":"\u00c9der","image":{"@type":"ImageObject","inLanguage":"pt-BR","@id":"https:\/\/vanderloubet.com.br\/deputado\/wp-content\/litespeed\/avatar\/88ca4090d9d5ab1c9495f6ca03b68efa.jpg?ver=1777058957","url":"https:\/\/vanderloubet.com.br\/deputado\/wp-content\/litespeed\/avatar\/88ca4090d9d5ab1c9495f6ca03b68efa.jpg?ver=1777058957","contentUrl":"https:\/\/vanderloubet.com.br\/deputado\/wp-content\/litespeed\/avatar\/88ca4090d9d5ab1c9495f6ca03b68efa.jpg?ver=1777058957","caption":"\u00c9der"}}]}},"jetpack_featured_media_url":"https:\/\/vanderloubet.com.br\/deputado\/wp-content\/uploads\/2020\/06\/foto-2020-06-26-frigorifico-peixe-dois-irmaos-buriti.jpg","jetpack_sharing_enabled":true,"_links":{"self":[{"href":"https:\/\/vanderloubet.com.br\/deputado\/wp-json\/wp\/v2\/posts\/16594","targetHints":{"allow":["GET"]}}],"collection":[{"href":"https:\/\/vanderloubet.com.br\/deputado\/wp-json\/wp\/v2\/posts"}],"about":[{"href":"https:\/\/vanderloubet.com.br\/deputado\/wp-json\/wp\/v2\/types\/post"}],"author":[{"embeddable":true,"href":"https:\/\/vanderloubet.com.br\/deputado\/wp-json\/wp\/v2\/users\/2"}],"replies":[{"embeddable":true,"href":"https:\/\/vanderloubet.com.br\/deputado\/wp-json\/wp\/v2\/comments?post=16594"}],"version-history":[{"count":0,"href":"https:\/\/vanderloubet.com.br\/deputado\/wp-json\/wp\/v2\/posts\/16594\/revisions"}],"wp:featuredmedia":[{"embeddable":true,"href":"https:\/\/vanderloubet.com.br\/deputado\/wp-json\/wp\/v2\/media\/16600"}],"wp:attachment":[{"href":"https:\/\/vanderloubet.com.br\/deputado\/wp-json\/wp\/v2\/media?parent=16594"}],"wp:term":[{"taxonomy":"category","embeddable":true,"href":"https:\/\/vanderloubet.com.br\/deputado\/wp-json\/wp\/v2\/categories?post=16594"},{"taxonomy":"post_tag","embeddable":true,"href":"https:\/\/vanderloubet.com.br\/deputado\/wp-json\/wp\/v2\/tags?post=16594"}],"curies":[{"name":"wp","href":"https:\/\/api.w.org\/{rel}","templated":true}]}}