{"id":16554,"date":"2020-06-11T07:30:01","date_gmt":"2020-06-11T11:30:01","guid":{"rendered":"http:\/\/vanderloubet.com.br\/deputado\/?p=16554"},"modified":"2020-06-10T21:59:24","modified_gmt":"2020-06-11T01:59:24","slug":"vander-e-maioria-dos-deputados-de-ms-fecham-apoio-ao-novo-fundeb","status":"publish","type":"post","link":"https:\/\/vanderloubet.com.br\/deputado\/vander-e-maioria-dos-deputados-de-ms-fecham-apoio-ao-novo-fundeb\/","title":{"rendered":"Vander e maioria dos deputados de MS fecham apoio ao Novo Fundeb"},"content":{"rendered":"<p>Na quarta-feira (10), o Sindicato Campo-Grandense dos Profissionais da Educa\u00e7\u00e3o P\u00fablica (ACP) promoveu uma live (transmiss\u00e3o ao vivo pelas m\u00eddias sociais) com membros da bancada federal de Mato Grosso do Sul para tratar do projeto do novo Fundo de Manuten\u00e7\u00e3o e Desenvolvimento da Educa\u00e7\u00e3o B\u00e1sica e de Valoriza\u00e7\u00e3o dos Profissionais da Educa\u00e7\u00e3o (Fundeb).<\/p>\n<p>Na atividade, que contou com a participa\u00e7\u00e3o do deputado federal Vander Loubet (PT-MS) e foi conduzida pelo professor Luc\u00edlio Souza Nobre (presidente da ACP), foi defendida a aprova\u00e7\u00e3o urgente da Proposta de Emenda \u00e0 Constitui\u00e7\u00e3o (PEC) 15\/2015, que trata justamente da continuidade do Fundo, cuja vig\u00eancia termina em 31 de dezembro deste ano.<\/p>\n<p>Desde 2007, quando entrou em vigor em substitui\u00e7\u00e3o ao Fundef (Fundo de Manuten\u00e7\u00e3o e Desenvolvimento do Ensino Fundamental), o Fundeb se tornou principal mecanismo de financiamento da Educa\u00e7\u00e3o B\u00e1sica no Brasil, abrangendo a creche, pr\u00e9-escola, educa\u00e7\u00e3o infantil, ensino fundamental, ensino m\u00e9dio e educa\u00e7\u00e3o de jovens e adultos (EJA).<\/p>\n<p>&#8220;O antigo Fundef, criado na gest\u00e3o do ex-presidente FHC, e o Fundeb, criado na gest\u00e3o do nosso ex-presidente Lula e do Fernando Haddad como ministro da Educa\u00e7\u00e3o, fazem parte de um grande esfor\u00e7o em prol da educa\u00e7\u00e3o p\u00fablica. O Fundeb, em especial, foi uma revolu\u00e7\u00e3o. A cada R$ 10,00 investidos na Educa\u00e7\u00e3o B\u00e1sica, R$ 6,00 v\u00eam do Fundo, que permitiu o aumento da contrata\u00e7\u00e3o de professores, levou \u00e0 redu\u00e7\u00e3o do n\u00famero de alunos por turma, melhorou a qualifica\u00e7\u00e3o m\u00e9dia dos docentes e contribuiu para o aumento da frequ\u00eancia escolar&#8221;, destacou Vander Loubet.<\/p>\n<p>O presidente da ACP advertiu que atualmente o Fundeb responde, sozinho, por 50% de tudo o que se investe por aluno a cada ano em pelo menos 4.810 munic\u00edpios brasileiros. Se n\u00e3o for renovado, quase metade das escolas do Brasil poder\u00e1 at\u00e9 fechar as portas, deixando alunos sem aulas. <\/p>\n<p>&#8220;Tamb\u00e9m \u00e9 necess\u00e1rio para a inclus\u00e3o dos quase 80 milh\u00f5es de jovens e adultos acima de 18 anos de idade que n\u00e3o conclu\u00edram a educa\u00e7\u00e3o b\u00e1sica e dos mais de 13 milh\u00f5es de adultos analfabetos no Pa\u00eds&#8221;, complementou Luc\u00edlio. <\/p>\n<p>Pela proposta relatada pela deputada federal Professora Dorinha (DEM-TO), o chamado &#8220;Novo Fundeb&#8221; n\u00e3o teria data de expira\u00e7\u00e3o (ou seja, se tornaria permanente) e teria um incremento de recursos por parte da Uni\u00e3o, que teria sua participa\u00e7\u00e3o aumentada no Fundo de 10% para 20% at\u00e9 2026, de forma escalonada.<\/p>\n<p>Al\u00e9m de Vander Loubet, participaram do bate-papo virtual Rose Modesto (PSDB-MS), Beto Pereira (PSDB-MS), Dagoberto Nogueira (PDT-MS) e F\u00e1bio Trad (PSD-MS), todos declarando apoio \u00e0 aprova\u00e7\u00e3o da PEC 15\/2015. De acordo com a ACP, Loester Trutis (PSL-MS) e Bia Cavassa (PSDB-MS) enviaram mensagens ao Sindicato informando que tamb\u00e9m votar\u00e3o favoravelmente \u00e0 mat\u00e9ria.<\/p>\n","protected":false},"excerpt":{"rendered":"<p>Posi\u00e7\u00e3o dos membros da bancada foi explicitada durante live promovida pela ACP para debater a continuidade do Fundo.<\/p>\n","protected":false},"author":2,"featured_media":16555,"comment_status":"closed","ping_status":"closed","sticky":false,"template":"","format":"standard","meta":{"jetpack_post_was_ever_published":false,"_jetpack_newsletter_access":"","_jetpack_dont_email_post_to_subs":false,"_jetpack_newsletter_tier_id":0,"_jetpack_memberships_contains_paywalled_content":false,"_jetpack_memberships_contains_paid_content":false,"footnotes":""},"categories":[2098,10],"tags":[697,889,2300],"class_list":{"0":"post-16554","1":"post","2":"type-post","3":"status-publish","4":"format-standard","5":"has-post-thumbnail","7":"category-brasil-noticias","8":"category-noticias","9":"tag-educacao","10":"tag-fundeb","11":"tag-proposta-de-emenda-a-constituicao"},"yoast_head":"<!-- This site is optimized with the Yoast SEO plugin v27.4 - https:\/\/yoast.com\/product\/yoast-seo-wordpress\/ -->\n<title>Vander e maioria dos deputados de MS fecham apoio ao Novo Fundeb<\/title>\n<meta name=\"description\" content=\"Posi\u00e7\u00e3o dos membros da bancada foi explicitada durante live promovida pela ACP para debater a continuidade do Fundo.\" \/>\n<meta name=\"robots\" content=\"index, follow, max-snippet:-1, max-image-preview:large, max-video-preview:-1\" \/>\n<link rel=\"canonical\" href=\"https:\/\/vanderloubet.com.br\/deputado\/vander-e-maioria-dos-deputados-de-ms-fecham-apoio-ao-novo-fundeb\/\" \/>\n<meta property=\"og:locale\" content=\"pt_BR\" \/>\n<meta property=\"og:type\" content=\"article\" \/>\n<meta property=\"og:title\" content=\"Vander e maioria dos deputados de MS fecham apoio ao Novo Fundeb\" \/>\n<meta property=\"og:description\" content=\"Posi\u00e7\u00e3o dos membros da bancada foi explicitada durante live promovida pela ACP para debater a continuidade do Fundo.\" \/>\n<meta property=\"og:url\" content=\"https:\/\/vanderloubet.com.br\/deputado\/vander-e-maioria-dos-deputados-de-ms-fecham-apoio-ao-novo-fundeb\/\" \/>\n<meta property=\"og:site_name\" content=\"Deputado Federal Vander Loubet\" \/>\n<meta property=\"article:publisher\" content=\"https:\/\/facebook.com\/deputadovander\" \/>\n<meta property=\"article:published_time\" content=\"2020-06-11T11:30:01+00:00\" \/>\n<meta property=\"og:image\" content=\"https:\/\/vanderloubet.com.br\/deputado\/wp-content\/uploads\/2020\/06\/foto-2020-06-10-vander-live-novo-fundeb.jpg\" \/>\n\t<meta property=\"og:image:width\" content=\"1080\" \/>\n\t<meta property=\"og:image:height\" content=\"720\" \/>\n\t<meta property=\"og:image:type\" content=\"image\/jpeg\" \/>\n<meta name=\"author\" content=\"\u00c9der\" \/>\n<meta name=\"twitter:card\" content=\"summary_large_image\" \/>\n<meta name=\"twitter:creator\" content=\"@vanderloubet\" \/>\n<meta name=\"twitter:site\" content=\"@vanderloubet\" \/>\n<script type=\"application\/ld+json\" class=\"yoast-schema-graph\">{\"@context\":\"https:\\\/\\\/schema.org\",\"@graph\":[{\"@type\":\"Article\",\"@id\":\"https:\\\/\\\/vanderloubet.com.br\\\/deputado\\\/vander-e-maioria-dos-deputados-de-ms-fecham-apoio-ao-novo-fundeb\\\/#article\",\"isPartOf\":{\"@id\":\"https:\\\/\\\/vanderloubet.com.br\\\/deputado\\\/vander-e-maioria-dos-deputados-de-ms-fecham-apoio-ao-novo-fundeb\\\/\"},\"author\":{\"name\":\"\u00c9der\",\"@id\":\"https:\\\/\\\/vanderloubet.com.br\\\/deputado\\\/#\\\/schema\\\/person\\\/15b51bd564532a8a68d9dec1b8eb890e\"},\"headline\":\"Vander e maioria dos deputados de MS fecham apoio ao Novo Fundeb\",\"datePublished\":\"2020-06-11T11:30:01+00:00\",\"mainEntityOfPage\":{\"@id\":\"https:\\\/\\\/vanderloubet.com.br\\\/deputado\\\/vander-e-maioria-dos-deputados-de-ms-fecham-apoio-ao-novo-fundeb\\\/\"},\"wordCount\":488,\"publisher\":{\"@id\":\"https:\\\/\\\/vanderloubet.com.br\\\/deputado\\\/#organization\"},\"image\":{\"@id\":\"https:\\\/\\\/vanderloubet.com.br\\\/deputado\\\/vander-e-maioria-dos-deputados-de-ms-fecham-apoio-ao-novo-fundeb\\\/#primaryimage\"},\"thumbnailUrl\":\"https:\\\/\\\/vanderloubet.com.br\\\/deputado\\\/wp-content\\\/uploads\\\/2020\\\/06\\\/foto-2020-06-10-vander-live-novo-fundeb.jpg\",\"keywords\":[\"educa\u00e7\u00e3o\",\"fundeb\",\"proposta de emenda \u00e0 constitui\u00e7\u00e3o\"],\"articleSection\":[\"Brasil\",\"Not\u00edcias\"],\"inLanguage\":\"pt-BR\"},{\"@type\":\"WebPage\",\"@id\":\"https:\\\/\\\/vanderloubet.com.br\\\/deputado\\\/vander-e-maioria-dos-deputados-de-ms-fecham-apoio-ao-novo-fundeb\\\/\",\"url\":\"https:\\\/\\\/vanderloubet.com.br\\\/deputado\\\/vander-e-maioria-dos-deputados-de-ms-fecham-apoio-ao-novo-fundeb\\\/\",\"name\":\"Vander e maioria dos deputados de MS fecham apoio ao Novo Fundeb\",\"isPartOf\":{\"@id\":\"https:\\\/\\\/vanderloubet.com.br\\\/deputado\\\/#website\"},\"primaryImageOfPage\":{\"@id\":\"https:\\\/\\\/vanderloubet.com.br\\\/deputado\\\/vander-e-maioria-dos-deputados-de-ms-fecham-apoio-ao-novo-fundeb\\\/#primaryimage\"},\"image\":{\"@id\":\"https:\\\/\\\/vanderloubet.com.br\\\/deputado\\\/vander-e-maioria-dos-deputados-de-ms-fecham-apoio-ao-novo-fundeb\\\/#primaryimage\"},\"thumbnailUrl\":\"https:\\\/\\\/vanderloubet.com.br\\\/deputado\\\/wp-content\\\/uploads\\\/2020\\\/06\\\/foto-2020-06-10-vander-live-novo-fundeb.jpg\",\"datePublished\":\"2020-06-11T11:30:01+00:00\",\"description\":\"Posi\u00e7\u00e3o dos membros da bancada foi explicitada durante live promovida pela ACP para debater a continuidade do Fundo.\",\"breadcrumb\":{\"@id\":\"https:\\\/\\\/vanderloubet.com.br\\\/deputado\\\/vander-e-maioria-dos-deputados-de-ms-fecham-apoio-ao-novo-fundeb\\\/#breadcrumb\"},\"inLanguage\":\"pt-BR\",\"potentialAction\":[{\"@type\":\"ReadAction\",\"target\":[\"https:\\\/\\\/vanderloubet.com.br\\\/deputado\\\/vander-e-maioria-dos-deputados-de-ms-fecham-apoio-ao-novo-fundeb\\\/\"]}]},{\"@type\":\"ImageObject\",\"inLanguage\":\"pt-BR\",\"@id\":\"https:\\\/\\\/vanderloubet.com.br\\\/deputado\\\/vander-e-maioria-dos-deputados-de-ms-fecham-apoio-ao-novo-fundeb\\\/#primaryimage\",\"url\":\"https:\\\/\\\/vanderloubet.com.br\\\/deputado\\\/wp-content\\\/uploads\\\/2020\\\/06\\\/foto-2020-06-10-vander-live-novo-fundeb.jpg\",\"contentUrl\":\"https:\\\/\\\/vanderloubet.com.br\\\/deputado\\\/wp-content\\\/uploads\\\/2020\\\/06\\\/foto-2020-06-10-vander-live-novo-fundeb.jpg\",\"width\":1080,\"height\":720,\"caption\":\"Vander e maioria dos deputados de MS fecham apoio ao Novo Fundeb\"},{\"@type\":\"BreadcrumbList\",\"@id\":\"https:\\\/\\\/vanderloubet.com.br\\\/deputado\\\/vander-e-maioria-dos-deputados-de-ms-fecham-apoio-ao-novo-fundeb\\\/#breadcrumb\",\"itemListElement\":[{\"@type\":\"ListItem\",\"position\":1,\"name\":\"In\u00edcio\",\"item\":\"https:\\\/\\\/vanderloubet.com.br\\\/deputado\\\/\"},{\"@type\":\"ListItem\",\"position\":2,\"name\":\"Vander e maioria dos deputados de MS fecham apoio ao Novo Fundeb\"}]},{\"@type\":\"WebSite\",\"@id\":\"https:\\\/\\\/vanderloubet.com.br\\\/deputado\\\/#website\",\"url\":\"https:\\\/\\\/vanderloubet.com.br\\\/deputado\\\/\",\"name\":\"Deputado Federal Vander Loubet\",\"description\":\"O Federal de MS\",\"publisher\":{\"@id\":\"https:\\\/\\\/vanderloubet.com.br\\\/deputado\\\/#organization\"},\"alternateName\":\"Deputado Vander\",\"potentialAction\":[{\"@type\":\"SearchAction\",\"target\":{\"@type\":\"EntryPoint\",\"urlTemplate\":\"https:\\\/\\\/vanderloubet.com.br\\\/deputado\\\/?s={search_term_string}\"},\"query-input\":{\"@type\":\"PropertyValueSpecification\",\"valueRequired\":true,\"valueName\":\"search_term_string\"}}],\"inLanguage\":\"pt-BR\"},{\"@type\":\"Organization\",\"@id\":\"https:\\\/\\\/vanderloubet.com.br\\\/deputado\\\/#organization\",\"name\":\"Deputado Federal Vander Loubet\",\"alternateName\":\"Deputado Vander\",\"url\":\"https:\\\/\\\/vanderloubet.com.br\\\/deputado\\\/\",\"logo\":{\"@type\":\"ImageObject\",\"inLanguage\":\"pt-BR\",\"@id\":\"https:\\\/\\\/vanderloubet.com.br\\\/deputado\\\/#\\\/schema\\\/logo\\\/image\\\/\",\"url\":\"https:\\\/\\\/vanderloubet.com.br\\\/deputado\\\/wp-content\\\/uploads\\\/2023\\\/06\\\/foto-2023-06-19-mandato-deputado-vander.jpg\",\"contentUrl\":\"https:\\\/\\\/vanderloubet.com.br\\\/deputado\\\/wp-content\\\/uploads\\\/2023\\\/06\\\/foto-2023-06-19-mandato-deputado-vander.jpg\",\"width\":1080,\"height\":1080,\"caption\":\"Deputado Federal Vander Loubet\"},\"image\":{\"@id\":\"https:\\\/\\\/vanderloubet.com.br\\\/deputado\\\/#\\\/schema\\\/logo\\\/image\\\/\"},\"sameAs\":[\"https:\\\/\\\/facebook.com\\\/deputadovander\",\"https:\\\/\\\/x.com\\\/vanderloubet\",\"https:\\\/\\\/instagram.com\\\/vanderloubet\",\"https:\\\/\\\/youtube.com\\\/vanderloubet\",\"https:\\\/\\\/tiktok.com\\\/@vanderloubetms\"]},{\"@type\":\"Person\",\"@id\":\"https:\\\/\\\/vanderloubet.com.br\\\/deputado\\\/#\\\/schema\\\/person\\\/15b51bd564532a8a68d9dec1b8eb890e\",\"name\":\"\u00c9der\",\"image\":{\"@type\":\"ImageObject\",\"inLanguage\":\"pt-BR\",\"@id\":\"https:\\\/\\\/vanderloubet.com.br\\\/deputado\\\/wp-content\\\/litespeed\\\/avatar\\\/88ca4090d9d5ab1c9495f6ca03b68efa.jpg?ver=1777058957\",\"url\":\"https:\\\/\\\/vanderloubet.com.br\\\/deputado\\\/wp-content\\\/litespeed\\\/avatar\\\/88ca4090d9d5ab1c9495f6ca03b68efa.jpg?ver=1777058957\",\"contentUrl\":\"https:\\\/\\\/vanderloubet.com.br\\\/deputado\\\/wp-content\\\/litespeed\\\/avatar\\\/88ca4090d9d5ab1c9495f6ca03b68efa.jpg?ver=1777058957\",\"caption\":\"\u00c9der\"}}]}<\/script>\n<!-- \/ Yoast SEO plugin. -->","yoast_head_json":{"title":"Vander e maioria dos deputados de MS fecham apoio ao Novo Fundeb","description":"Posi\u00e7\u00e3o dos membros da bancada foi explicitada durante live promovida pela ACP para debater a continuidade do Fundo.","robots":{"index":"index","follow":"follow","max-snippet":"max-snippet:-1","max-image-preview":"max-image-preview:large","max-video-preview":"max-video-preview:-1"},"canonical":"https:\/\/vanderloubet.com.br\/deputado\/vander-e-maioria-dos-deputados-de-ms-fecham-apoio-ao-novo-fundeb\/","og_locale":"pt_BR","og_type":"article","og_title":"Vander e maioria dos deputados de MS fecham apoio ao Novo Fundeb","og_description":"Posi\u00e7\u00e3o dos membros da bancada foi explicitada durante live promovida pela ACP para debater a continuidade do Fundo.","og_url":"https:\/\/vanderloubet.com.br\/deputado\/vander-e-maioria-dos-deputados-de-ms-fecham-apoio-ao-novo-fundeb\/","og_site_name":"Deputado Federal Vander Loubet","article_publisher":"https:\/\/facebook.com\/deputadovander","article_published_time":"2020-06-11T11:30:01+00:00","og_image":[{"width":1080,"height":720,"url":"https:\/\/vanderloubet.com.br\/deputado\/wp-content\/uploads\/2020\/06\/foto-2020-06-10-vander-live-novo-fundeb.jpg","type":"image\/jpeg"}],"author":"\u00c9der","twitter_card":"summary_large_image","twitter_creator":"@vanderloubet","twitter_site":"@vanderloubet","schema":{"@context":"https:\/\/schema.org","@graph":[{"@type":"Article","@id":"https:\/\/vanderloubet.com.br\/deputado\/vander-e-maioria-dos-deputados-de-ms-fecham-apoio-ao-novo-fundeb\/#article","isPartOf":{"@id":"https:\/\/vanderloubet.com.br\/deputado\/vander-e-maioria-dos-deputados-de-ms-fecham-apoio-ao-novo-fundeb\/"},"author":{"name":"\u00c9der","@id":"https:\/\/vanderloubet.com.br\/deputado\/#\/schema\/person\/15b51bd564532a8a68d9dec1b8eb890e"},"headline":"Vander e maioria dos deputados de MS fecham apoio ao Novo Fundeb","datePublished":"2020-06-11T11:30:01+00:00","mainEntityOfPage":{"@id":"https:\/\/vanderloubet.com.br\/deputado\/vander-e-maioria-dos-deputados-de-ms-fecham-apoio-ao-novo-fundeb\/"},"wordCount":488,"publisher":{"@id":"https:\/\/vanderloubet.com.br\/deputado\/#organization"},"image":{"@id":"https:\/\/vanderloubet.com.br\/deputado\/vander-e-maioria-dos-deputados-de-ms-fecham-apoio-ao-novo-fundeb\/#primaryimage"},"thumbnailUrl":"https:\/\/vanderloubet.com.br\/deputado\/wp-content\/uploads\/2020\/06\/foto-2020-06-10-vander-live-novo-fundeb.jpg","keywords":["educa\u00e7\u00e3o","fundeb","proposta de emenda \u00e0 constitui\u00e7\u00e3o"],"articleSection":["Brasil","Not\u00edcias"],"inLanguage":"pt-BR"},{"@type":"WebPage","@id":"https:\/\/vanderloubet.com.br\/deputado\/vander-e-maioria-dos-deputados-de-ms-fecham-apoio-ao-novo-fundeb\/","url":"https:\/\/vanderloubet.com.br\/deputado\/vander-e-maioria-dos-deputados-de-ms-fecham-apoio-ao-novo-fundeb\/","name":"Vander e maioria dos deputados de MS fecham apoio ao Novo Fundeb","isPartOf":{"@id":"https:\/\/vanderloubet.com.br\/deputado\/#website"},"primaryImageOfPage":{"@id":"https:\/\/vanderloubet.com.br\/deputado\/vander-e-maioria-dos-deputados-de-ms-fecham-apoio-ao-novo-fundeb\/#primaryimage"},"image":{"@id":"https:\/\/vanderloubet.com.br\/deputado\/vander-e-maioria-dos-deputados-de-ms-fecham-apoio-ao-novo-fundeb\/#primaryimage"},"thumbnailUrl":"https:\/\/vanderloubet.com.br\/deputado\/wp-content\/uploads\/2020\/06\/foto-2020-06-10-vander-live-novo-fundeb.jpg","datePublished":"2020-06-11T11:30:01+00:00","description":"Posi\u00e7\u00e3o dos membros da bancada foi explicitada durante live promovida pela ACP para debater a continuidade do Fundo.","breadcrumb":{"@id":"https:\/\/vanderloubet.com.br\/deputado\/vander-e-maioria-dos-deputados-de-ms-fecham-apoio-ao-novo-fundeb\/#breadcrumb"},"inLanguage":"pt-BR","potentialAction":[{"@type":"ReadAction","target":["https:\/\/vanderloubet.com.br\/deputado\/vander-e-maioria-dos-deputados-de-ms-fecham-apoio-ao-novo-fundeb\/"]}]},{"@type":"ImageObject","inLanguage":"pt-BR","@id":"https:\/\/vanderloubet.com.br\/deputado\/vander-e-maioria-dos-deputados-de-ms-fecham-apoio-ao-novo-fundeb\/#primaryimage","url":"https:\/\/vanderloubet.com.br\/deputado\/wp-content\/uploads\/2020\/06\/foto-2020-06-10-vander-live-novo-fundeb.jpg","contentUrl":"https:\/\/vanderloubet.com.br\/deputado\/wp-content\/uploads\/2020\/06\/foto-2020-06-10-vander-live-novo-fundeb.jpg","width":1080,"height":720,"caption":"Vander e maioria dos deputados de MS fecham apoio ao Novo Fundeb"},{"@type":"BreadcrumbList","@id":"https:\/\/vanderloubet.com.br\/deputado\/vander-e-maioria-dos-deputados-de-ms-fecham-apoio-ao-novo-fundeb\/#breadcrumb","itemListElement":[{"@type":"ListItem","position":1,"name":"In\u00edcio","item":"https:\/\/vanderloubet.com.br\/deputado\/"},{"@type":"ListItem","position":2,"name":"Vander e maioria dos deputados de MS fecham apoio ao Novo Fundeb"}]},{"@type":"WebSite","@id":"https:\/\/vanderloubet.com.br\/deputado\/#website","url":"https:\/\/vanderloubet.com.br\/deputado\/","name":"Deputado Federal Vander Loubet","description":"O Federal de MS","publisher":{"@id":"https:\/\/vanderloubet.com.br\/deputado\/#organization"},"alternateName":"Deputado Vander","potentialAction":[{"@type":"SearchAction","target":{"@type":"EntryPoint","urlTemplate":"https:\/\/vanderloubet.com.br\/deputado\/?s={search_term_string}"},"query-input":{"@type":"PropertyValueSpecification","valueRequired":true,"valueName":"search_term_string"}}],"inLanguage":"pt-BR"},{"@type":"Organization","@id":"https:\/\/vanderloubet.com.br\/deputado\/#organization","name":"Deputado Federal Vander Loubet","alternateName":"Deputado Vander","url":"https:\/\/vanderloubet.com.br\/deputado\/","logo":{"@type":"ImageObject","inLanguage":"pt-BR","@id":"https:\/\/vanderloubet.com.br\/deputado\/#\/schema\/logo\/image\/","url":"https:\/\/vanderloubet.com.br\/deputado\/wp-content\/uploads\/2023\/06\/foto-2023-06-19-mandato-deputado-vander.jpg","contentUrl":"https:\/\/vanderloubet.com.br\/deputado\/wp-content\/uploads\/2023\/06\/foto-2023-06-19-mandato-deputado-vander.jpg","width":1080,"height":1080,"caption":"Deputado Federal Vander Loubet"},"image":{"@id":"https:\/\/vanderloubet.com.br\/deputado\/#\/schema\/logo\/image\/"},"sameAs":["https:\/\/facebook.com\/deputadovander","https:\/\/x.com\/vanderloubet","https:\/\/instagram.com\/vanderloubet","https:\/\/youtube.com\/vanderloubet","https:\/\/tiktok.com\/@vanderloubetms"]},{"@type":"Person","@id":"https:\/\/vanderloubet.com.br\/deputado\/#\/schema\/person\/15b51bd564532a8a68d9dec1b8eb890e","name":"\u00c9der","image":{"@type":"ImageObject","inLanguage":"pt-BR","@id":"https:\/\/vanderloubet.com.br\/deputado\/wp-content\/litespeed\/avatar\/88ca4090d9d5ab1c9495f6ca03b68efa.jpg?ver=1777058957","url":"https:\/\/vanderloubet.com.br\/deputado\/wp-content\/litespeed\/avatar\/88ca4090d9d5ab1c9495f6ca03b68efa.jpg?ver=1777058957","contentUrl":"https:\/\/vanderloubet.com.br\/deputado\/wp-content\/litespeed\/avatar\/88ca4090d9d5ab1c9495f6ca03b68efa.jpg?ver=1777058957","caption":"\u00c9der"}}]}},"jetpack_featured_media_url":"https:\/\/vanderloubet.com.br\/deputado\/wp-content\/uploads\/2020\/06\/foto-2020-06-10-vander-live-novo-fundeb.jpg","jetpack_sharing_enabled":true,"_links":{"self":[{"href":"https:\/\/vanderloubet.com.br\/deputado\/wp-json\/wp\/v2\/posts\/16554","targetHints":{"allow":["GET"]}}],"collection":[{"href":"https:\/\/vanderloubet.com.br\/deputado\/wp-json\/wp\/v2\/posts"}],"about":[{"href":"https:\/\/vanderloubet.com.br\/deputado\/wp-json\/wp\/v2\/types\/post"}],"author":[{"embeddable":true,"href":"https:\/\/vanderloubet.com.br\/deputado\/wp-json\/wp\/v2\/users\/2"}],"replies":[{"embeddable":true,"href":"https:\/\/vanderloubet.com.br\/deputado\/wp-json\/wp\/v2\/comments?post=16554"}],"version-history":[{"count":0,"href":"https:\/\/vanderloubet.com.br\/deputado\/wp-json\/wp\/v2\/posts\/16554\/revisions"}],"wp:featuredmedia":[{"embeddable":true,"href":"https:\/\/vanderloubet.com.br\/deputado\/wp-json\/wp\/v2\/media\/16555"}],"wp:attachment":[{"href":"https:\/\/vanderloubet.com.br\/deputado\/wp-json\/wp\/v2\/media?parent=16554"}],"wp:term":[{"taxonomy":"category","embeddable":true,"href":"https:\/\/vanderloubet.com.br\/deputado\/wp-json\/wp\/v2\/categories?post=16554"},{"taxonomy":"post_tag","embeddable":true,"href":"https:\/\/vanderloubet.com.br\/deputado\/wp-json\/wp\/v2\/tags?post=16554"}],"curies":[{"name":"wp","href":"https:\/\/api.w.org\/{rel}","templated":true}]}}