{"id":16551,"date":"2020-06-10T14:24:39","date_gmt":"2020-06-10T18:24:39","guid":{"rendered":"http:\/\/vanderloubet.com.br\/deputado\/?p=16551"},"modified":"2020-06-10T14:24:39","modified_gmt":"2020-06-10T18:24:39","slug":"deputado-vander-defende-rejeicao-da-mpv-979-20","status":"publish","type":"post","link":"https:\/\/vanderloubet.com.br\/deputado\/deputado-vander-defende-rejeicao-da-mpv-979-20\/","title":{"rendered":"Deputado Vander defende rejei\u00e7\u00e3o da MPV 979\/20"},"content":{"rendered":"<p>O deputado federal Vander Loubet (PT-MS) defende a rejei\u00e7\u00e3o, pelo Congresso Nacional, da Medida Provis\u00f3ria (MPV) 979\/2020, publicada no Di\u00e1rio Oficial da Uni\u00e3o desta quarta-feira (10), que suspende a realiza\u00e7\u00e3o de elei\u00e7\u00f5es para a elabora\u00e7\u00e3o de listas tr\u00edplices dos dirigentes das universidades federais, dos institutos federais e do Col\u00e9gio Pedro II (Rio de Janeiro).<\/p>\n<p>A referida MPV prev\u00ea que em caso de t\u00e9rmino de mandatos dos atuais dirigentes durante o per\u00edodo da Covid-19, caber\u00e1 ao ministro da Educa\u00e7\u00e3o a designa\u00e7\u00e3o de reitores e vice-reitores pro tempore.<\/p>\n<p>&#8220;Esta medida provis\u00f3ria \u00e9 muito perigosa, tanto em rela\u00e7\u00e3o ao desrespeito da vontade das respectivas comunidades acad\u00eamicas (docentes, discentes e administrativos), que sempre tiveram a oportunidade de eleger os seus dirigentes, como, tamb\u00e9m, em rela\u00e7\u00e3o \u00e0 possibilidade do aparelhamento das universidades e dos institutos federais com dirigentes que possuem os mesmos posicionamentos negacionistas de Jair Bolsonaro e Abraham Weintraub&#8221;, ponderou o parlamentar.<\/p>\n<p>O deputado tamb\u00e9m destacou que a medida viola o princ\u00edpio da autonomia das universidades federais. &#8220;N\u00e3o \u00e9 de hoje que este governo, de forma autorit\u00e1ria, vem tomando atitudes contra a autonomia das nossas universidades, como vem denunciando a Andifes [Associa\u00e7\u00e3o Nacional dos Dirigentes das Institui\u00e7\u00f5es Federais de Ensino Superior]. Aqui mesmo em Mato Grosso do Sul temos uma situa\u00e7\u00e3o como essa&#8221;, completa Vander, se referindo ao caso da Universidade Federal da Grande Dourados (UFGD), que est\u00e1 sob interven\u00e7\u00e3o federal ap\u00f3s o governo n\u00e3o aceitar o resultado da elei\u00e7\u00e3o na institui\u00e7\u00e3o.<\/p>\n<p><strong>Prorroga\u00e7\u00e3o<\/strong> &#8211; Vander Loubet defende, por outro lado, que no caso do encerramento dos mandatos dos dirigentes durante a pandemia, que estes mesmos gestores permane\u00e7am nos cargos de reitores e vice-reitores exclusivamente enquanto permanecer o estado de calamidade, sem que essa medida seja considerada um novo mandato.<\/p>\n<p>&#8220;Os dirigentes permanecer\u00e3o no exerc\u00edcio dos cargos, exclusivamente durante o per\u00edodo da pandemia, at\u00e9 a possibilidade da realiza\u00e7\u00e3o de novas elei\u00e7\u00f5es, de modo que esta prorroga\u00e7\u00e3o de mandato n\u00e3o seja confundida com o in\u00edcio de um novo mandato frente \u00e0s institui\u00e7\u00f5es&#8221;, concluiu o deputado.<\/p>\n","protected":false},"excerpt":{"rendered":"<p>O parlamentar sul-mato-grossense destacou que a medida do governo viola o princ\u00edpio da autonomia das universidades federais.<\/p>\n","protected":false},"author":2,"featured_media":16552,"comment_status":"closed","ping_status":"closed","sticky":false,"template":"","format":"standard","meta":{"jetpack_post_was_ever_published":false,"_jetpack_newsletter_access":"","_jetpack_dont_email_post_to_subs":false,"_jetpack_newsletter_tier_id":0,"_jetpack_memberships_contains_paywalled_content":false,"_jetpack_memberships_contains_paid_content":false,"footnotes":""},"categories":[2098,10],"tags":[697,1261],"class_list":{"0":"post-16551","1":"post","2":"type-post","3":"status-publish","4":"format-standard","5":"has-post-thumbnail","7":"category-brasil-noticias","8":"category-noticias","9":"tag-educacao","10":"tag-medida-provisoria"},"yoast_head":"<!-- This site is optimized with the Yoast SEO plugin v27.4 - https:\/\/yoast.com\/product\/yoast-seo-wordpress\/ -->\n<title>Deputado Vander defende rejei\u00e7\u00e3o da MPV 979\/20<\/title>\n<meta name=\"description\" content=\"O parlamentar sul-mato-grossense destacou que a medida do governo viola o princ\u00edpio da autonomia das universidades federais.\" \/>\n<meta name=\"robots\" content=\"index, follow, max-snippet:-1, max-image-preview:large, max-video-preview:-1\" \/>\n<link rel=\"canonical\" href=\"https:\/\/vanderloubet.com.br\/deputado\/deputado-vander-defende-rejeicao-da-mpv-979-20\/\" \/>\n<meta property=\"og:locale\" content=\"pt_BR\" \/>\n<meta property=\"og:type\" content=\"article\" \/>\n<meta property=\"og:title\" content=\"Deputado Vander defende rejei\u00e7\u00e3o da MPV 979\/20\" \/>\n<meta property=\"og:description\" content=\"O parlamentar sul-mato-grossense destacou que a medida do governo viola o princ\u00edpio da autonomia das universidades federais.\" \/>\n<meta property=\"og:url\" content=\"https:\/\/vanderloubet.com.br\/deputado\/deputado-vander-defende-rejeicao-da-mpv-979-20\/\" \/>\n<meta property=\"og:site_name\" content=\"Deputado Federal Vander Loubet\" \/>\n<meta property=\"article:publisher\" content=\"https:\/\/facebook.com\/deputadovander\" \/>\n<meta property=\"article:published_time\" content=\"2020-06-10T18:24:39+00:00\" \/>\n<meta property=\"og:image\" content=\"https:\/\/vanderloubet.com.br\/deputado\/wp-content\/uploads\/2020\/06\/foto-2020-06-10-deputado-vander-loubet.jpg\" \/>\n\t<meta property=\"og:image:width\" content=\"960\" \/>\n\t<meta property=\"og:image:height\" content=\"720\" \/>\n\t<meta property=\"og:image:type\" content=\"image\/jpeg\" \/>\n<meta name=\"author\" content=\"\u00c9der\" \/>\n<meta name=\"twitter:card\" content=\"summary_large_image\" \/>\n<meta name=\"twitter:creator\" content=\"@vanderloubet\" \/>\n<meta name=\"twitter:site\" content=\"@vanderloubet\" \/>\n<script type=\"application\/ld+json\" class=\"yoast-schema-graph\">{\"@context\":\"https:\\\/\\\/schema.org\",\"@graph\":[{\"@type\":\"Article\",\"@id\":\"https:\\\/\\\/vanderloubet.com.br\\\/deputado\\\/deputado-vander-defende-rejeicao-da-mpv-979-20\\\/#article\",\"isPartOf\":{\"@id\":\"https:\\\/\\\/vanderloubet.com.br\\\/deputado\\\/deputado-vander-defende-rejeicao-da-mpv-979-20\\\/\"},\"author\":{\"name\":\"\u00c9der\",\"@id\":\"https:\\\/\\\/vanderloubet.com.br\\\/deputado\\\/#\\\/schema\\\/person\\\/15b51bd564532a8a68d9dec1b8eb890e\"},\"headline\":\"Deputado Vander defende rejei\u00e7\u00e3o da MPV 979\\\/20\",\"datePublished\":\"2020-06-10T18:24:39+00:00\",\"mainEntityOfPage\":{\"@id\":\"https:\\\/\\\/vanderloubet.com.br\\\/deputado\\\/deputado-vander-defende-rejeicao-da-mpv-979-20\\\/\"},\"wordCount\":372,\"publisher\":{\"@id\":\"https:\\\/\\\/vanderloubet.com.br\\\/deputado\\\/#organization\"},\"image\":{\"@id\":\"https:\\\/\\\/vanderloubet.com.br\\\/deputado\\\/deputado-vander-defende-rejeicao-da-mpv-979-20\\\/#primaryimage\"},\"thumbnailUrl\":\"https:\\\/\\\/vanderloubet.com.br\\\/deputado\\\/wp-content\\\/uploads\\\/2020\\\/06\\\/foto-2020-06-10-deputado-vander-loubet.jpg\",\"keywords\":[\"educa\u00e7\u00e3o\",\"medida provis\u00f3ria\"],\"articleSection\":[\"Brasil\",\"Not\u00edcias\"],\"inLanguage\":\"pt-BR\"},{\"@type\":\"WebPage\",\"@id\":\"https:\\\/\\\/vanderloubet.com.br\\\/deputado\\\/deputado-vander-defende-rejeicao-da-mpv-979-20\\\/\",\"url\":\"https:\\\/\\\/vanderloubet.com.br\\\/deputado\\\/deputado-vander-defende-rejeicao-da-mpv-979-20\\\/\",\"name\":\"Deputado Vander defende rejei\u00e7\u00e3o da MPV 979\\\/20\",\"isPartOf\":{\"@id\":\"https:\\\/\\\/vanderloubet.com.br\\\/deputado\\\/#website\"},\"primaryImageOfPage\":{\"@id\":\"https:\\\/\\\/vanderloubet.com.br\\\/deputado\\\/deputado-vander-defende-rejeicao-da-mpv-979-20\\\/#primaryimage\"},\"image\":{\"@id\":\"https:\\\/\\\/vanderloubet.com.br\\\/deputado\\\/deputado-vander-defende-rejeicao-da-mpv-979-20\\\/#primaryimage\"},\"thumbnailUrl\":\"https:\\\/\\\/vanderloubet.com.br\\\/deputado\\\/wp-content\\\/uploads\\\/2020\\\/06\\\/foto-2020-06-10-deputado-vander-loubet.jpg\",\"datePublished\":\"2020-06-10T18:24:39+00:00\",\"description\":\"O parlamentar sul-mato-grossense destacou que a medida do governo viola o princ\u00edpio da autonomia das universidades federais.\",\"breadcrumb\":{\"@id\":\"https:\\\/\\\/vanderloubet.com.br\\\/deputado\\\/deputado-vander-defende-rejeicao-da-mpv-979-20\\\/#breadcrumb\"},\"inLanguage\":\"pt-BR\",\"potentialAction\":[{\"@type\":\"ReadAction\",\"target\":[\"https:\\\/\\\/vanderloubet.com.br\\\/deputado\\\/deputado-vander-defende-rejeicao-da-mpv-979-20\\\/\"]}]},{\"@type\":\"ImageObject\",\"inLanguage\":\"pt-BR\",\"@id\":\"https:\\\/\\\/vanderloubet.com.br\\\/deputado\\\/deputado-vander-defende-rejeicao-da-mpv-979-20\\\/#primaryimage\",\"url\":\"https:\\\/\\\/vanderloubet.com.br\\\/deputado\\\/wp-content\\\/uploads\\\/2020\\\/06\\\/foto-2020-06-10-deputado-vander-loubet.jpg\",\"contentUrl\":\"https:\\\/\\\/vanderloubet.com.br\\\/deputado\\\/wp-content\\\/uploads\\\/2020\\\/06\\\/foto-2020-06-10-deputado-vander-loubet.jpg\",\"width\":960,\"height\":720,\"caption\":\"Deputado Vander Loubet\"},{\"@type\":\"BreadcrumbList\",\"@id\":\"https:\\\/\\\/vanderloubet.com.br\\\/deputado\\\/deputado-vander-defende-rejeicao-da-mpv-979-20\\\/#breadcrumb\",\"itemListElement\":[{\"@type\":\"ListItem\",\"position\":1,\"name\":\"In\u00edcio\",\"item\":\"https:\\\/\\\/vanderloubet.com.br\\\/deputado\\\/\"},{\"@type\":\"ListItem\",\"position\":2,\"name\":\"Deputado Vander defende rejei\u00e7\u00e3o da MPV 979\\\/20\"}]},{\"@type\":\"WebSite\",\"@id\":\"https:\\\/\\\/vanderloubet.com.br\\\/deputado\\\/#website\",\"url\":\"https:\\\/\\\/vanderloubet.com.br\\\/deputado\\\/\",\"name\":\"Deputado Federal Vander Loubet\",\"description\":\"O Federal de MS\",\"publisher\":{\"@id\":\"https:\\\/\\\/vanderloubet.com.br\\\/deputado\\\/#organization\"},\"alternateName\":\"Deputado Vander\",\"potentialAction\":[{\"@type\":\"SearchAction\",\"target\":{\"@type\":\"EntryPoint\",\"urlTemplate\":\"https:\\\/\\\/vanderloubet.com.br\\\/deputado\\\/?s={search_term_string}\"},\"query-input\":{\"@type\":\"PropertyValueSpecification\",\"valueRequired\":true,\"valueName\":\"search_term_string\"}}],\"inLanguage\":\"pt-BR\"},{\"@type\":\"Organization\",\"@id\":\"https:\\\/\\\/vanderloubet.com.br\\\/deputado\\\/#organization\",\"name\":\"Deputado Federal Vander Loubet\",\"alternateName\":\"Deputado Vander\",\"url\":\"https:\\\/\\\/vanderloubet.com.br\\\/deputado\\\/\",\"logo\":{\"@type\":\"ImageObject\",\"inLanguage\":\"pt-BR\",\"@id\":\"https:\\\/\\\/vanderloubet.com.br\\\/deputado\\\/#\\\/schema\\\/logo\\\/image\\\/\",\"url\":\"https:\\\/\\\/vanderloubet.com.br\\\/deputado\\\/wp-content\\\/uploads\\\/2023\\\/06\\\/foto-2023-06-19-mandato-deputado-vander.jpg\",\"contentUrl\":\"https:\\\/\\\/vanderloubet.com.br\\\/deputado\\\/wp-content\\\/uploads\\\/2023\\\/06\\\/foto-2023-06-19-mandato-deputado-vander.jpg\",\"width\":1080,\"height\":1080,\"caption\":\"Deputado Federal Vander Loubet\"},\"image\":{\"@id\":\"https:\\\/\\\/vanderloubet.com.br\\\/deputado\\\/#\\\/schema\\\/logo\\\/image\\\/\"},\"sameAs\":[\"https:\\\/\\\/facebook.com\\\/deputadovander\",\"https:\\\/\\\/x.com\\\/vanderloubet\",\"https:\\\/\\\/instagram.com\\\/vanderloubet\",\"https:\\\/\\\/youtube.com\\\/vanderloubet\",\"https:\\\/\\\/tiktok.com\\\/@vanderloubetms\"]},{\"@type\":\"Person\",\"@id\":\"https:\\\/\\\/vanderloubet.com.br\\\/deputado\\\/#\\\/schema\\\/person\\\/15b51bd564532a8a68d9dec1b8eb890e\",\"name\":\"\u00c9der\",\"image\":{\"@type\":\"ImageObject\",\"inLanguage\":\"pt-BR\",\"@id\":\"https:\\\/\\\/vanderloubet.com.br\\\/deputado\\\/wp-content\\\/litespeed\\\/avatar\\\/88ca4090d9d5ab1c9495f6ca03b68efa.jpg?ver=1777058957\",\"url\":\"https:\\\/\\\/vanderloubet.com.br\\\/deputado\\\/wp-content\\\/litespeed\\\/avatar\\\/88ca4090d9d5ab1c9495f6ca03b68efa.jpg?ver=1777058957\",\"contentUrl\":\"https:\\\/\\\/vanderloubet.com.br\\\/deputado\\\/wp-content\\\/litespeed\\\/avatar\\\/88ca4090d9d5ab1c9495f6ca03b68efa.jpg?ver=1777058957\",\"caption\":\"\u00c9der\"}}]}<\/script>\n<!-- \/ Yoast SEO plugin. -->","yoast_head_json":{"title":"Deputado Vander defende rejei\u00e7\u00e3o da MPV 979\/20","description":"O parlamentar sul-mato-grossense destacou que a medida do governo viola o princ\u00edpio da autonomia das universidades federais.","robots":{"index":"index","follow":"follow","max-snippet":"max-snippet:-1","max-image-preview":"max-image-preview:large","max-video-preview":"max-video-preview:-1"},"canonical":"https:\/\/vanderloubet.com.br\/deputado\/deputado-vander-defende-rejeicao-da-mpv-979-20\/","og_locale":"pt_BR","og_type":"article","og_title":"Deputado Vander defende rejei\u00e7\u00e3o da MPV 979\/20","og_description":"O parlamentar sul-mato-grossense destacou que a medida do governo viola o princ\u00edpio da autonomia das universidades federais.","og_url":"https:\/\/vanderloubet.com.br\/deputado\/deputado-vander-defende-rejeicao-da-mpv-979-20\/","og_site_name":"Deputado Federal Vander Loubet","article_publisher":"https:\/\/facebook.com\/deputadovander","article_published_time":"2020-06-10T18:24:39+00:00","og_image":[{"width":960,"height":720,"url":"https:\/\/vanderloubet.com.br\/deputado\/wp-content\/uploads\/2020\/06\/foto-2020-06-10-deputado-vander-loubet.jpg","type":"image\/jpeg"}],"author":"\u00c9der","twitter_card":"summary_large_image","twitter_creator":"@vanderloubet","twitter_site":"@vanderloubet","schema":{"@context":"https:\/\/schema.org","@graph":[{"@type":"Article","@id":"https:\/\/vanderloubet.com.br\/deputado\/deputado-vander-defende-rejeicao-da-mpv-979-20\/#article","isPartOf":{"@id":"https:\/\/vanderloubet.com.br\/deputado\/deputado-vander-defende-rejeicao-da-mpv-979-20\/"},"author":{"name":"\u00c9der","@id":"https:\/\/vanderloubet.com.br\/deputado\/#\/schema\/person\/15b51bd564532a8a68d9dec1b8eb890e"},"headline":"Deputado Vander defende rejei\u00e7\u00e3o da MPV 979\/20","datePublished":"2020-06-10T18:24:39+00:00","mainEntityOfPage":{"@id":"https:\/\/vanderloubet.com.br\/deputado\/deputado-vander-defende-rejeicao-da-mpv-979-20\/"},"wordCount":372,"publisher":{"@id":"https:\/\/vanderloubet.com.br\/deputado\/#organization"},"image":{"@id":"https:\/\/vanderloubet.com.br\/deputado\/deputado-vander-defende-rejeicao-da-mpv-979-20\/#primaryimage"},"thumbnailUrl":"https:\/\/vanderloubet.com.br\/deputado\/wp-content\/uploads\/2020\/06\/foto-2020-06-10-deputado-vander-loubet.jpg","keywords":["educa\u00e7\u00e3o","medida provis\u00f3ria"],"articleSection":["Brasil","Not\u00edcias"],"inLanguage":"pt-BR"},{"@type":"WebPage","@id":"https:\/\/vanderloubet.com.br\/deputado\/deputado-vander-defende-rejeicao-da-mpv-979-20\/","url":"https:\/\/vanderloubet.com.br\/deputado\/deputado-vander-defende-rejeicao-da-mpv-979-20\/","name":"Deputado Vander defende rejei\u00e7\u00e3o da MPV 979\/20","isPartOf":{"@id":"https:\/\/vanderloubet.com.br\/deputado\/#website"},"primaryImageOfPage":{"@id":"https:\/\/vanderloubet.com.br\/deputado\/deputado-vander-defende-rejeicao-da-mpv-979-20\/#primaryimage"},"image":{"@id":"https:\/\/vanderloubet.com.br\/deputado\/deputado-vander-defende-rejeicao-da-mpv-979-20\/#primaryimage"},"thumbnailUrl":"https:\/\/vanderloubet.com.br\/deputado\/wp-content\/uploads\/2020\/06\/foto-2020-06-10-deputado-vander-loubet.jpg","datePublished":"2020-06-10T18:24:39+00:00","description":"O parlamentar sul-mato-grossense destacou que a medida do governo viola o princ\u00edpio da autonomia das universidades federais.","breadcrumb":{"@id":"https:\/\/vanderloubet.com.br\/deputado\/deputado-vander-defende-rejeicao-da-mpv-979-20\/#breadcrumb"},"inLanguage":"pt-BR","potentialAction":[{"@type":"ReadAction","target":["https:\/\/vanderloubet.com.br\/deputado\/deputado-vander-defende-rejeicao-da-mpv-979-20\/"]}]},{"@type":"ImageObject","inLanguage":"pt-BR","@id":"https:\/\/vanderloubet.com.br\/deputado\/deputado-vander-defende-rejeicao-da-mpv-979-20\/#primaryimage","url":"https:\/\/vanderloubet.com.br\/deputado\/wp-content\/uploads\/2020\/06\/foto-2020-06-10-deputado-vander-loubet.jpg","contentUrl":"https:\/\/vanderloubet.com.br\/deputado\/wp-content\/uploads\/2020\/06\/foto-2020-06-10-deputado-vander-loubet.jpg","width":960,"height":720,"caption":"Deputado Vander Loubet"},{"@type":"BreadcrumbList","@id":"https:\/\/vanderloubet.com.br\/deputado\/deputado-vander-defende-rejeicao-da-mpv-979-20\/#breadcrumb","itemListElement":[{"@type":"ListItem","position":1,"name":"In\u00edcio","item":"https:\/\/vanderloubet.com.br\/deputado\/"},{"@type":"ListItem","position":2,"name":"Deputado Vander defende rejei\u00e7\u00e3o da MPV 979\/20"}]},{"@type":"WebSite","@id":"https:\/\/vanderloubet.com.br\/deputado\/#website","url":"https:\/\/vanderloubet.com.br\/deputado\/","name":"Deputado Federal Vander Loubet","description":"O Federal de MS","publisher":{"@id":"https:\/\/vanderloubet.com.br\/deputado\/#organization"},"alternateName":"Deputado Vander","potentialAction":[{"@type":"SearchAction","target":{"@type":"EntryPoint","urlTemplate":"https:\/\/vanderloubet.com.br\/deputado\/?s={search_term_string}"},"query-input":{"@type":"PropertyValueSpecification","valueRequired":true,"valueName":"search_term_string"}}],"inLanguage":"pt-BR"},{"@type":"Organization","@id":"https:\/\/vanderloubet.com.br\/deputado\/#organization","name":"Deputado Federal Vander Loubet","alternateName":"Deputado Vander","url":"https:\/\/vanderloubet.com.br\/deputado\/","logo":{"@type":"ImageObject","inLanguage":"pt-BR","@id":"https:\/\/vanderloubet.com.br\/deputado\/#\/schema\/logo\/image\/","url":"https:\/\/vanderloubet.com.br\/deputado\/wp-content\/uploads\/2023\/06\/foto-2023-06-19-mandato-deputado-vander.jpg","contentUrl":"https:\/\/vanderloubet.com.br\/deputado\/wp-content\/uploads\/2023\/06\/foto-2023-06-19-mandato-deputado-vander.jpg","width":1080,"height":1080,"caption":"Deputado Federal Vander Loubet"},"image":{"@id":"https:\/\/vanderloubet.com.br\/deputado\/#\/schema\/logo\/image\/"},"sameAs":["https:\/\/facebook.com\/deputadovander","https:\/\/x.com\/vanderloubet","https:\/\/instagram.com\/vanderloubet","https:\/\/youtube.com\/vanderloubet","https:\/\/tiktok.com\/@vanderloubetms"]},{"@type":"Person","@id":"https:\/\/vanderloubet.com.br\/deputado\/#\/schema\/person\/15b51bd564532a8a68d9dec1b8eb890e","name":"\u00c9der","image":{"@type":"ImageObject","inLanguage":"pt-BR","@id":"https:\/\/vanderloubet.com.br\/deputado\/wp-content\/litespeed\/avatar\/88ca4090d9d5ab1c9495f6ca03b68efa.jpg?ver=1777058957","url":"https:\/\/vanderloubet.com.br\/deputado\/wp-content\/litespeed\/avatar\/88ca4090d9d5ab1c9495f6ca03b68efa.jpg?ver=1777058957","contentUrl":"https:\/\/vanderloubet.com.br\/deputado\/wp-content\/litespeed\/avatar\/88ca4090d9d5ab1c9495f6ca03b68efa.jpg?ver=1777058957","caption":"\u00c9der"}}]}},"jetpack_featured_media_url":"https:\/\/vanderloubet.com.br\/deputado\/wp-content\/uploads\/2020\/06\/foto-2020-06-10-deputado-vander-loubet.jpg","jetpack_sharing_enabled":true,"_links":{"self":[{"href":"https:\/\/vanderloubet.com.br\/deputado\/wp-json\/wp\/v2\/posts\/16551","targetHints":{"allow":["GET"]}}],"collection":[{"href":"https:\/\/vanderloubet.com.br\/deputado\/wp-json\/wp\/v2\/posts"}],"about":[{"href":"https:\/\/vanderloubet.com.br\/deputado\/wp-json\/wp\/v2\/types\/post"}],"author":[{"embeddable":true,"href":"https:\/\/vanderloubet.com.br\/deputado\/wp-json\/wp\/v2\/users\/2"}],"replies":[{"embeddable":true,"href":"https:\/\/vanderloubet.com.br\/deputado\/wp-json\/wp\/v2\/comments?post=16551"}],"version-history":[{"count":0,"href":"https:\/\/vanderloubet.com.br\/deputado\/wp-json\/wp\/v2\/posts\/16551\/revisions"}],"wp:featuredmedia":[{"embeddable":true,"href":"https:\/\/vanderloubet.com.br\/deputado\/wp-json\/wp\/v2\/media\/16552"}],"wp:attachment":[{"href":"https:\/\/vanderloubet.com.br\/deputado\/wp-json\/wp\/v2\/media?parent=16551"}],"wp:term":[{"taxonomy":"category","embeddable":true,"href":"https:\/\/vanderloubet.com.br\/deputado\/wp-json\/wp\/v2\/categories?post=16551"},{"taxonomy":"post_tag","embeddable":true,"href":"https:\/\/vanderloubet.com.br\/deputado\/wp-json\/wp\/v2\/tags?post=16551"}],"curies":[{"name":"wp","href":"https:\/\/api.w.org\/{rel}","templated":true}]}}