{"id":16514,"date":"2020-05-20T21:29:47","date_gmt":"2020-05-21T01:29:47","guid":{"rendered":"http:\/\/vanderloubet.com.br\/deputado\/?p=16514"},"modified":"2020-05-20T21:39:41","modified_gmt":"2020-05-21T01:39:41","slug":"heitor-miranda-e-o-corredor-bioceanico","status":"publish","type":"post","link":"https:\/\/vanderloubet.com.br\/deputado\/heitor-miranda-e-o-corredor-bioceanico\/","title":{"rendered":"Heitor Miranda e o Corredor Bioce\u00e2nico"},"content":{"rendered":"<p><em>Vander Loubet*<\/em><\/p>\n<p>Estou profundamente envolvido com o processo de constru\u00e7\u00e3o do Corredor Bioce\u00e2nico, que ter\u00e1 2.400 quil\u00f4metros de extens\u00e3o e cortar\u00e1 o Paraguai, a Argentina e atingir\u00e1 o Chile e o Oceano Pacifico. Ligar\u00e1 o Mato Grosso do Sul e o Brasil aos portos do norte do Chile, o que permitir\u00e1 \u00e0s nossas exporta\u00e7\u00f5es chegar a pa\u00edses asi\u00e1ticos, com redu\u00e7\u00e3o m\u00e9dia de 17 dias de viagem.<\/p>\n<p>Tenho absoluta certeza de que essa obra vai permitir um novo ciclo de crescimento e prosperidade para nosso estado e todo Centro-Oeste. Por isso, al\u00e9m de toda a articula\u00e7\u00e3o pol\u00edtica com o a representa\u00e7\u00e3o diplom\u00e1tica do Paraguai no Brasil, que viabilizou a entrada da Itaipu Binacional como financiadora da obra, destinei uma emenda parlamentar da minha cota individual para que a Universidade Federal de Mato Grosso do Sul (UFMS) lidere uma ampla equipe de pesquisadores com o objetivo de conhecer melhor as potencialidades e os problemas desse corredor, especialmente do eixo Campo Grande-Porto Murtinho.<\/p>\n<p>As obras est\u00e3o relativamente adiantadas. A ponte que dever\u00e1 ligar Porto Murtinho (do lado brasileiro) e Carmelo Peralta (do lado paraguaio) ficar\u00e1 pronta em 2023. O trabalho do lado do Paraguai avan\u00e7a rapidamente com a constru\u00e7\u00e3o do trecho asfaltado de 212 quil\u00f4metros que liga Carmelo Peralta a Loma Plata. Em Porto Murtinho, al\u00e9m dos portos que est\u00e3o em constru\u00e7\u00e3o, o Governo do Estado est\u00e1 edificando &#8211; com recursos viabilizados pela nossa bancada federal &#8211; uma al\u00e7a rodovi\u00e1ria que permitir\u00e1 aos caminh\u00f5es acessarem os portos e nova ponte sem ter que cruzar por dentro da cidade &#8211; que, para nosso orgulho, possui um lindo e preservado sitio arquitet\u00f4nico.<\/p>\n<p>Antes da pandemia, em dezembro do ano passado, estive em Porto Murtinho para visitar obras e abra\u00e7ar amigos. Pude ver que a popula\u00e7\u00e3o do munic\u00edpio est\u00e1 se preparando para viver mais um ciclo econ\u00f4mico com emprego, renda e qualidade de vida. Murtinho j\u00e1 foi um dos mais importantes munic\u00edpios do ent\u00e3o Mato Grosso uno e logo voltar\u00e1 a ocupar um lugar muito especial na economia do nosso estado. Todas as proje\u00e7\u00f5es indicam dias alvissareiros para a Regi\u00e3o Sudoeste.<\/p>\n<p>Quando reflito sobre esse processo que Murtinho e o Mato Grosso do Sul est\u00e3o vivendo, com a materializa\u00e7\u00e3o desse corredor, n\u00e3o posso deixar de lembrar do papel central que cumpriu o Heitor Miranda, promotor p\u00fablico e ex-prefeito da cidade. Pelo fato de conhecer muito bem a hist\u00f3ria de Murtinho, o Heitor soube procurar parceiros, ao longo da Bacia do Prata e no Brasil, com o objetivo de regatar o papel estrat\u00e9gico do Rio Paraguai. Ele sabia que, com algumas altera\u00e7\u00f5es no leito do rio, a cidade receberia navios e barcos maiores, aumentando o com\u00e9rcio e o turismo na regi\u00e3o.<\/p>\n<p>Depois, o Heitor percebeu que n\u00e3o bastava Murtinho ter um porto importante. Ele prognosticou, no final da d\u00e9cada de 1990, na condi\u00e7\u00e3o de prefeito, que a cidade onde nasceu poderia se converter em uma rota importante de liga\u00e7\u00e3o entre Mato Grosso do Sul e os portos do norte do Chile, atingindo, na sequ\u00eancia, o Oceano Pacifico e, consequentemente, a China, atualmente a principal parceira comercial do Brasil.<\/p>\n<p>Na busca do seu sonho e de muitos latinos, o Heitor caminhou por v\u00e1rios pa\u00edses da Am\u00e9rica Latina. Virou um embaixador informal dos interesses de Murtinho e de Mato Grosso do Sul. Encontrou muitos parceiros que tamb\u00e9m imaginavam a constru\u00e7\u00e3o f\u00edsica de um corredor de integra\u00e7\u00e3o. Nessa empreitada, inclusive, assumiu a presid\u00eancia da Zona de Integra\u00e7\u00e3o do Centro-Oeste da Am\u00e9rica do Sul (Zicosul), uma entidade da sociedade civil criada com o objetivo de fomentar o debate sobre a integra\u00e7\u00e3o da Am\u00e9rica Latina e a constru\u00e7\u00e3o do Corredor Bioce\u00e2nico. Porto Murtinho foi palco de v\u00e1rias reuni\u00f5es internacionais para debater o tema. Participei de algumas e vi o entusiasmo do Heitor.<\/p>\n<p>Logo essa obra estar\u00e1 pronta. Essa \u00e9 a minha expectativa, bem como de todos que est\u00e3o envolvidos com esse projeto. Parab\u00e9ns ao Heitor e aos demais pioneiros (dentre os quais me incluo) que colocaram suas ideias a servi\u00e7o do crescimento econ\u00f4mico e social de Porto Murtinho, de Mato Grosso do Sul e de toda a Am\u00e9rica Latina.<\/p>\n<p><em>*Deputado Federal (PT-MS) e pantaneiro de Porto Murtinho<\/em><\/p>\n","protected":false},"excerpt":{"rendered":"<p>Artigo de Vander Loubet sobre a import\u00e2ncia do trabalho do ex-prefeito de Porto Murtinho pela concretiza\u00e7\u00e3o deste projeto de integra\u00e7\u00e3o.<\/p>\n","protected":false},"author":2,"featured_media":16515,"comment_status":"closed","ping_status":"closed","sticky":false,"template":"","format":"standard","meta":{"jetpack_post_was_ever_published":false,"_jetpack_newsletter_access":"","_jetpack_dont_email_post_to_subs":false,"_jetpack_newsletter_tier_id":0,"_jetpack_memberships_contains_paywalled_content":false,"_jetpack_memberships_contains_paid_content":false,"footnotes":""},"categories":[11],"tags":[2423,2346],"class_list":{"0":"post-16514","1":"post","2":"type-post","3":"status-publish","4":"format-standard","5":"has-post-thumbnail","7":"category-opinioes","8":"tag-corredor-bioceanico","9":"tag-rota-bioceanica"},"yoast_head":"<!-- This site is optimized with the Yoast SEO plugin v27.4 - https:\/\/yoast.com\/product\/yoast-seo-wordpress\/ -->\n<title>Heitor Miranda e o Corredor Bioce\u00e2nico<\/title>\n<meta name=\"description\" content=\"Artigo de Vander Loubet sobre a import\u00e2ncia do trabalho do ex-prefeito de Porto Murtinho pela concretiza\u00e7\u00e3o deste projeto de integra\u00e7\u00e3o.\" \/>\n<meta name=\"robots\" content=\"index, follow, max-snippet:-1, max-image-preview:large, max-video-preview:-1\" \/>\n<link rel=\"canonical\" href=\"https:\/\/vanderloubet.com.br\/deputado\/heitor-miranda-e-o-corredor-bioceanico\/\" \/>\n<meta property=\"og:locale\" content=\"pt_BR\" \/>\n<meta property=\"og:type\" content=\"article\" \/>\n<meta property=\"og:title\" content=\"Heitor Miranda e o Corredor Bioce\u00e2nico\" \/>\n<meta property=\"og:description\" content=\"Artigo de Vander Loubet sobre a import\u00e2ncia do trabalho do ex-prefeito de Porto Murtinho pela concretiza\u00e7\u00e3o deste projeto de integra\u00e7\u00e3o.\" \/>\n<meta property=\"og:url\" content=\"https:\/\/vanderloubet.com.br\/deputado\/heitor-miranda-e-o-corredor-bioceanico\/\" \/>\n<meta property=\"og:site_name\" content=\"Deputado Federal Vander Loubet\" \/>\n<meta property=\"article:publisher\" content=\"https:\/\/facebook.com\/deputadovander\" \/>\n<meta property=\"article:published_time\" content=\"2020-05-21T01:29:47+00:00\" \/>\n<meta property=\"article:modified_time\" content=\"2020-05-21T01:39:41+00:00\" \/>\n<meta property=\"og:image\" content=\"https:\/\/vanderloubet.com.br\/deputado\/wp-content\/uploads\/2020\/05\/foto-2020-05-20-heitor-vander-murtinho.jpg\" \/>\n\t<meta property=\"og:image:width\" content=\"720\" \/>\n\t<meta property=\"og:image:height\" content=\"960\" \/>\n\t<meta property=\"og:image:type\" content=\"image\/jpeg\" \/>\n<meta name=\"author\" content=\"\u00c9der\" \/>\n<meta name=\"twitter:card\" content=\"summary_large_image\" \/>\n<meta name=\"twitter:creator\" content=\"@vanderloubet\" \/>\n<meta name=\"twitter:site\" content=\"@vanderloubet\" \/>\n<script type=\"application\/ld+json\" class=\"yoast-schema-graph\">{\"@context\":\"https:\\\/\\\/schema.org\",\"@graph\":[{\"@type\":\"Article\",\"@id\":\"https:\\\/\\\/vanderloubet.com.br\\\/deputado\\\/heitor-miranda-e-o-corredor-bioceanico\\\/#article\",\"isPartOf\":{\"@id\":\"https:\\\/\\\/vanderloubet.com.br\\\/deputado\\\/heitor-miranda-e-o-corredor-bioceanico\\\/\"},\"author\":{\"name\":\"\u00c9der\",\"@id\":\"https:\\\/\\\/vanderloubet.com.br\\\/deputado\\\/#\\\/schema\\\/person\\\/15b51bd564532a8a68d9dec1b8eb890e\"},\"headline\":\"Heitor Miranda e o Corredor Bioce\u00e2nico\",\"datePublished\":\"2020-05-21T01:29:47+00:00\",\"dateModified\":\"2020-05-21T01:39:41+00:00\",\"mainEntityOfPage\":{\"@id\":\"https:\\\/\\\/vanderloubet.com.br\\\/deputado\\\/heitor-miranda-e-o-corredor-bioceanico\\\/\"},\"wordCount\":754,\"publisher\":{\"@id\":\"https:\\\/\\\/vanderloubet.com.br\\\/deputado\\\/#organization\"},\"image\":{\"@id\":\"https:\\\/\\\/vanderloubet.com.br\\\/deputado\\\/heitor-miranda-e-o-corredor-bioceanico\\\/#primaryimage\"},\"thumbnailUrl\":\"https:\\\/\\\/vanderloubet.com.br\\\/deputado\\\/wp-content\\\/uploads\\\/2020\\\/05\\\/foto-2020-05-20-heitor-vander-murtinho.jpg\",\"keywords\":[\"corredor bioce\u00e2nico\",\"rota bioce\u00e2nica\"],\"articleSection\":[\"Opini\u00e3o\"],\"inLanguage\":\"pt-BR\"},{\"@type\":\"WebPage\",\"@id\":\"https:\\\/\\\/vanderloubet.com.br\\\/deputado\\\/heitor-miranda-e-o-corredor-bioceanico\\\/\",\"url\":\"https:\\\/\\\/vanderloubet.com.br\\\/deputado\\\/heitor-miranda-e-o-corredor-bioceanico\\\/\",\"name\":\"Heitor Miranda e o Corredor Bioce\u00e2nico\",\"isPartOf\":{\"@id\":\"https:\\\/\\\/vanderloubet.com.br\\\/deputado\\\/#website\"},\"primaryImageOfPage\":{\"@id\":\"https:\\\/\\\/vanderloubet.com.br\\\/deputado\\\/heitor-miranda-e-o-corredor-bioceanico\\\/#primaryimage\"},\"image\":{\"@id\":\"https:\\\/\\\/vanderloubet.com.br\\\/deputado\\\/heitor-miranda-e-o-corredor-bioceanico\\\/#primaryimage\"},\"thumbnailUrl\":\"https:\\\/\\\/vanderloubet.com.br\\\/deputado\\\/wp-content\\\/uploads\\\/2020\\\/05\\\/foto-2020-05-20-heitor-vander-murtinho.jpg\",\"datePublished\":\"2020-05-21T01:29:47+00:00\",\"dateModified\":\"2020-05-21T01:39:41+00:00\",\"description\":\"Artigo de Vander Loubet sobre a import\u00e2ncia do trabalho do ex-prefeito de Porto Murtinho pela concretiza\u00e7\u00e3o deste projeto de integra\u00e7\u00e3o.\",\"breadcrumb\":{\"@id\":\"https:\\\/\\\/vanderloubet.com.br\\\/deputado\\\/heitor-miranda-e-o-corredor-bioceanico\\\/#breadcrumb\"},\"inLanguage\":\"pt-BR\",\"potentialAction\":[{\"@type\":\"ReadAction\",\"target\":[\"https:\\\/\\\/vanderloubet.com.br\\\/deputado\\\/heitor-miranda-e-o-corredor-bioceanico\\\/\"]}]},{\"@type\":\"ImageObject\",\"inLanguage\":\"pt-BR\",\"@id\":\"https:\\\/\\\/vanderloubet.com.br\\\/deputado\\\/heitor-miranda-e-o-corredor-bioceanico\\\/#primaryimage\",\"url\":\"https:\\\/\\\/vanderloubet.com.br\\\/deputado\\\/wp-content\\\/uploads\\\/2020\\\/05\\\/foto-2020-05-20-heitor-vander-murtinho.jpg\",\"contentUrl\":\"https:\\\/\\\/vanderloubet.com.br\\\/deputado\\\/wp-content\\\/uploads\\\/2020\\\/05\\\/foto-2020-05-20-heitor-vander-murtinho.jpg\",\"width\":720,\"height\":960,\"caption\":\"Vander e Heitor, durante visita ao local onde ser\u00e1 constru\u00edda a ponte entre Murtinho e Carmelo Peralta, em mar\u00e7o de 2019.\"},{\"@type\":\"BreadcrumbList\",\"@id\":\"https:\\\/\\\/vanderloubet.com.br\\\/deputado\\\/heitor-miranda-e-o-corredor-bioceanico\\\/#breadcrumb\",\"itemListElement\":[{\"@type\":\"ListItem\",\"position\":1,\"name\":\"In\u00edcio\",\"item\":\"https:\\\/\\\/vanderloubet.com.br\\\/deputado\\\/\"},{\"@type\":\"ListItem\",\"position\":2,\"name\":\"Heitor Miranda e o Corredor Bioce\u00e2nico\"}]},{\"@type\":\"WebSite\",\"@id\":\"https:\\\/\\\/vanderloubet.com.br\\\/deputado\\\/#website\",\"url\":\"https:\\\/\\\/vanderloubet.com.br\\\/deputado\\\/\",\"name\":\"Deputado Federal Vander Loubet\",\"description\":\"O Federal de MS\",\"publisher\":{\"@id\":\"https:\\\/\\\/vanderloubet.com.br\\\/deputado\\\/#organization\"},\"alternateName\":\"Deputado Vander\",\"potentialAction\":[{\"@type\":\"SearchAction\",\"target\":{\"@type\":\"EntryPoint\",\"urlTemplate\":\"https:\\\/\\\/vanderloubet.com.br\\\/deputado\\\/?s={search_term_string}\"},\"query-input\":{\"@type\":\"PropertyValueSpecification\",\"valueRequired\":true,\"valueName\":\"search_term_string\"}}],\"inLanguage\":\"pt-BR\"},{\"@type\":\"Organization\",\"@id\":\"https:\\\/\\\/vanderloubet.com.br\\\/deputado\\\/#organization\",\"name\":\"Deputado Federal Vander Loubet\",\"alternateName\":\"Deputado Vander\",\"url\":\"https:\\\/\\\/vanderloubet.com.br\\\/deputado\\\/\",\"logo\":{\"@type\":\"ImageObject\",\"inLanguage\":\"pt-BR\",\"@id\":\"https:\\\/\\\/vanderloubet.com.br\\\/deputado\\\/#\\\/schema\\\/logo\\\/image\\\/\",\"url\":\"https:\\\/\\\/vanderloubet.com.br\\\/deputado\\\/wp-content\\\/uploads\\\/2023\\\/06\\\/foto-2023-06-19-mandato-deputado-vander.jpg\",\"contentUrl\":\"https:\\\/\\\/vanderloubet.com.br\\\/deputado\\\/wp-content\\\/uploads\\\/2023\\\/06\\\/foto-2023-06-19-mandato-deputado-vander.jpg\",\"width\":1080,\"height\":1080,\"caption\":\"Deputado Federal Vander Loubet\"},\"image\":{\"@id\":\"https:\\\/\\\/vanderloubet.com.br\\\/deputado\\\/#\\\/schema\\\/logo\\\/image\\\/\"},\"sameAs\":[\"https:\\\/\\\/facebook.com\\\/deputadovander\",\"https:\\\/\\\/x.com\\\/vanderloubet\",\"https:\\\/\\\/instagram.com\\\/vanderloubet\",\"https:\\\/\\\/youtube.com\\\/vanderloubet\",\"https:\\\/\\\/tiktok.com\\\/@vanderloubetms\"]},{\"@type\":\"Person\",\"@id\":\"https:\\\/\\\/vanderloubet.com.br\\\/deputado\\\/#\\\/schema\\\/person\\\/15b51bd564532a8a68d9dec1b8eb890e\",\"name\":\"\u00c9der\",\"image\":{\"@type\":\"ImageObject\",\"inLanguage\":\"pt-BR\",\"@id\":\"https:\\\/\\\/vanderloubet.com.br\\\/deputado\\\/wp-content\\\/litespeed\\\/avatar\\\/88ca4090d9d5ab1c9495f6ca03b68efa.jpg?ver=1777058957\",\"url\":\"https:\\\/\\\/vanderloubet.com.br\\\/deputado\\\/wp-content\\\/litespeed\\\/avatar\\\/88ca4090d9d5ab1c9495f6ca03b68efa.jpg?ver=1777058957\",\"contentUrl\":\"https:\\\/\\\/vanderloubet.com.br\\\/deputado\\\/wp-content\\\/litespeed\\\/avatar\\\/88ca4090d9d5ab1c9495f6ca03b68efa.jpg?ver=1777058957\",\"caption\":\"\u00c9der\"}}]}<\/script>\n<!-- \/ Yoast SEO plugin. -->","yoast_head_json":{"title":"Heitor Miranda e o Corredor Bioce\u00e2nico","description":"Artigo de Vander Loubet sobre a import\u00e2ncia do trabalho do ex-prefeito de Porto Murtinho pela concretiza\u00e7\u00e3o deste projeto de integra\u00e7\u00e3o.","robots":{"index":"index","follow":"follow","max-snippet":"max-snippet:-1","max-image-preview":"max-image-preview:large","max-video-preview":"max-video-preview:-1"},"canonical":"https:\/\/vanderloubet.com.br\/deputado\/heitor-miranda-e-o-corredor-bioceanico\/","og_locale":"pt_BR","og_type":"article","og_title":"Heitor Miranda e o Corredor Bioce\u00e2nico","og_description":"Artigo de Vander Loubet sobre a import\u00e2ncia do trabalho do ex-prefeito de Porto Murtinho pela concretiza\u00e7\u00e3o deste projeto de integra\u00e7\u00e3o.","og_url":"https:\/\/vanderloubet.com.br\/deputado\/heitor-miranda-e-o-corredor-bioceanico\/","og_site_name":"Deputado Federal Vander Loubet","article_publisher":"https:\/\/facebook.com\/deputadovander","article_published_time":"2020-05-21T01:29:47+00:00","article_modified_time":"2020-05-21T01:39:41+00:00","og_image":[{"width":720,"height":960,"url":"https:\/\/vanderloubet.com.br\/deputado\/wp-content\/uploads\/2020\/05\/foto-2020-05-20-heitor-vander-murtinho.jpg","type":"image\/jpeg"}],"author":"\u00c9der","twitter_card":"summary_large_image","twitter_creator":"@vanderloubet","twitter_site":"@vanderloubet","schema":{"@context":"https:\/\/schema.org","@graph":[{"@type":"Article","@id":"https:\/\/vanderloubet.com.br\/deputado\/heitor-miranda-e-o-corredor-bioceanico\/#article","isPartOf":{"@id":"https:\/\/vanderloubet.com.br\/deputado\/heitor-miranda-e-o-corredor-bioceanico\/"},"author":{"name":"\u00c9der","@id":"https:\/\/vanderloubet.com.br\/deputado\/#\/schema\/person\/15b51bd564532a8a68d9dec1b8eb890e"},"headline":"Heitor Miranda e o Corredor Bioce\u00e2nico","datePublished":"2020-05-21T01:29:47+00:00","dateModified":"2020-05-21T01:39:41+00:00","mainEntityOfPage":{"@id":"https:\/\/vanderloubet.com.br\/deputado\/heitor-miranda-e-o-corredor-bioceanico\/"},"wordCount":754,"publisher":{"@id":"https:\/\/vanderloubet.com.br\/deputado\/#organization"},"image":{"@id":"https:\/\/vanderloubet.com.br\/deputado\/heitor-miranda-e-o-corredor-bioceanico\/#primaryimage"},"thumbnailUrl":"https:\/\/vanderloubet.com.br\/deputado\/wp-content\/uploads\/2020\/05\/foto-2020-05-20-heitor-vander-murtinho.jpg","keywords":["corredor bioce\u00e2nico","rota bioce\u00e2nica"],"articleSection":["Opini\u00e3o"],"inLanguage":"pt-BR"},{"@type":"WebPage","@id":"https:\/\/vanderloubet.com.br\/deputado\/heitor-miranda-e-o-corredor-bioceanico\/","url":"https:\/\/vanderloubet.com.br\/deputado\/heitor-miranda-e-o-corredor-bioceanico\/","name":"Heitor Miranda e o Corredor Bioce\u00e2nico","isPartOf":{"@id":"https:\/\/vanderloubet.com.br\/deputado\/#website"},"primaryImageOfPage":{"@id":"https:\/\/vanderloubet.com.br\/deputado\/heitor-miranda-e-o-corredor-bioceanico\/#primaryimage"},"image":{"@id":"https:\/\/vanderloubet.com.br\/deputado\/heitor-miranda-e-o-corredor-bioceanico\/#primaryimage"},"thumbnailUrl":"https:\/\/vanderloubet.com.br\/deputado\/wp-content\/uploads\/2020\/05\/foto-2020-05-20-heitor-vander-murtinho.jpg","datePublished":"2020-05-21T01:29:47+00:00","dateModified":"2020-05-21T01:39:41+00:00","description":"Artigo de Vander Loubet sobre a import\u00e2ncia do trabalho do ex-prefeito de Porto Murtinho pela concretiza\u00e7\u00e3o deste projeto de integra\u00e7\u00e3o.","breadcrumb":{"@id":"https:\/\/vanderloubet.com.br\/deputado\/heitor-miranda-e-o-corredor-bioceanico\/#breadcrumb"},"inLanguage":"pt-BR","potentialAction":[{"@type":"ReadAction","target":["https:\/\/vanderloubet.com.br\/deputado\/heitor-miranda-e-o-corredor-bioceanico\/"]}]},{"@type":"ImageObject","inLanguage":"pt-BR","@id":"https:\/\/vanderloubet.com.br\/deputado\/heitor-miranda-e-o-corredor-bioceanico\/#primaryimage","url":"https:\/\/vanderloubet.com.br\/deputado\/wp-content\/uploads\/2020\/05\/foto-2020-05-20-heitor-vander-murtinho.jpg","contentUrl":"https:\/\/vanderloubet.com.br\/deputado\/wp-content\/uploads\/2020\/05\/foto-2020-05-20-heitor-vander-murtinho.jpg","width":720,"height":960,"caption":"Vander e Heitor, durante visita ao local onde ser\u00e1 constru\u00edda a ponte entre Murtinho e Carmelo Peralta, em mar\u00e7o de 2019."},{"@type":"BreadcrumbList","@id":"https:\/\/vanderloubet.com.br\/deputado\/heitor-miranda-e-o-corredor-bioceanico\/#breadcrumb","itemListElement":[{"@type":"ListItem","position":1,"name":"In\u00edcio","item":"https:\/\/vanderloubet.com.br\/deputado\/"},{"@type":"ListItem","position":2,"name":"Heitor Miranda e o Corredor Bioce\u00e2nico"}]},{"@type":"WebSite","@id":"https:\/\/vanderloubet.com.br\/deputado\/#website","url":"https:\/\/vanderloubet.com.br\/deputado\/","name":"Deputado Federal Vander Loubet","description":"O Federal de MS","publisher":{"@id":"https:\/\/vanderloubet.com.br\/deputado\/#organization"},"alternateName":"Deputado Vander","potentialAction":[{"@type":"SearchAction","target":{"@type":"EntryPoint","urlTemplate":"https:\/\/vanderloubet.com.br\/deputado\/?s={search_term_string}"},"query-input":{"@type":"PropertyValueSpecification","valueRequired":true,"valueName":"search_term_string"}}],"inLanguage":"pt-BR"},{"@type":"Organization","@id":"https:\/\/vanderloubet.com.br\/deputado\/#organization","name":"Deputado Federal Vander Loubet","alternateName":"Deputado Vander","url":"https:\/\/vanderloubet.com.br\/deputado\/","logo":{"@type":"ImageObject","inLanguage":"pt-BR","@id":"https:\/\/vanderloubet.com.br\/deputado\/#\/schema\/logo\/image\/","url":"https:\/\/vanderloubet.com.br\/deputado\/wp-content\/uploads\/2023\/06\/foto-2023-06-19-mandato-deputado-vander.jpg","contentUrl":"https:\/\/vanderloubet.com.br\/deputado\/wp-content\/uploads\/2023\/06\/foto-2023-06-19-mandato-deputado-vander.jpg","width":1080,"height":1080,"caption":"Deputado Federal Vander Loubet"},"image":{"@id":"https:\/\/vanderloubet.com.br\/deputado\/#\/schema\/logo\/image\/"},"sameAs":["https:\/\/facebook.com\/deputadovander","https:\/\/x.com\/vanderloubet","https:\/\/instagram.com\/vanderloubet","https:\/\/youtube.com\/vanderloubet","https:\/\/tiktok.com\/@vanderloubetms"]},{"@type":"Person","@id":"https:\/\/vanderloubet.com.br\/deputado\/#\/schema\/person\/15b51bd564532a8a68d9dec1b8eb890e","name":"\u00c9der","image":{"@type":"ImageObject","inLanguage":"pt-BR","@id":"https:\/\/vanderloubet.com.br\/deputado\/wp-content\/litespeed\/avatar\/88ca4090d9d5ab1c9495f6ca03b68efa.jpg?ver=1777058957","url":"https:\/\/vanderloubet.com.br\/deputado\/wp-content\/litespeed\/avatar\/88ca4090d9d5ab1c9495f6ca03b68efa.jpg?ver=1777058957","contentUrl":"https:\/\/vanderloubet.com.br\/deputado\/wp-content\/litespeed\/avatar\/88ca4090d9d5ab1c9495f6ca03b68efa.jpg?ver=1777058957","caption":"\u00c9der"}}]}},"jetpack_featured_media_url":"https:\/\/vanderloubet.com.br\/deputado\/wp-content\/uploads\/2020\/05\/foto-2020-05-20-heitor-vander-murtinho.jpg","jetpack_sharing_enabled":true,"_links":{"self":[{"href":"https:\/\/vanderloubet.com.br\/deputado\/wp-json\/wp\/v2\/posts\/16514","targetHints":{"allow":["GET"]}}],"collection":[{"href":"https:\/\/vanderloubet.com.br\/deputado\/wp-json\/wp\/v2\/posts"}],"about":[{"href":"https:\/\/vanderloubet.com.br\/deputado\/wp-json\/wp\/v2\/types\/post"}],"author":[{"embeddable":true,"href":"https:\/\/vanderloubet.com.br\/deputado\/wp-json\/wp\/v2\/users\/2"}],"replies":[{"embeddable":true,"href":"https:\/\/vanderloubet.com.br\/deputado\/wp-json\/wp\/v2\/comments?post=16514"}],"version-history":[{"count":0,"href":"https:\/\/vanderloubet.com.br\/deputado\/wp-json\/wp\/v2\/posts\/16514\/revisions"}],"wp:featuredmedia":[{"embeddable":true,"href":"https:\/\/vanderloubet.com.br\/deputado\/wp-json\/wp\/v2\/media\/16515"}],"wp:attachment":[{"href":"https:\/\/vanderloubet.com.br\/deputado\/wp-json\/wp\/v2\/media?parent=16514"}],"wp:term":[{"taxonomy":"category","embeddable":true,"href":"https:\/\/vanderloubet.com.br\/deputado\/wp-json\/wp\/v2\/categories?post=16514"},{"taxonomy":"post_tag","embeddable":true,"href":"https:\/\/vanderloubet.com.br\/deputado\/wp-json\/wp\/v2\/tags?post=16514"}],"curies":[{"name":"wp","href":"https:\/\/api.w.org\/{rel}","templated":true}]}}