{"id":16469,"date":"2020-05-06T14:00:43","date_gmt":"2020-05-06T18:00:43","guid":{"rendered":"http:\/\/vanderloubet.com.br\/deputado\/?p=16469"},"modified":"2020-05-20T21:42:23","modified_gmt":"2020-05-21T01:42:23","slug":"vander-recebe-presidente-da-santa-casa-de-campo-grande-e-reafirma-apoio-ao-hospital","status":"publish","type":"post","link":"https:\/\/vanderloubet.com.br\/deputado\/vander-recebe-presidente-da-santa-casa-de-campo-grande-e-reafirma-apoio-ao-hospital\/","title":{"rendered":"Vander recebe presidente da Santa Casa de Campo Grande e reafirma apoio ao hospital"},"content":{"rendered":"<p>Na manh\u00e3 desta quarta-feira (6), o deputado federal Vander Loubet recebeu a visita do presidente da Santa Casa de Campo Grande, Heber Xavier, e do diretor de finan\u00e7as adjunto, Jos\u00e9 de Oliveira Souza (conhecido como &#8220;Pastor&#8221;), para discutir sobre a situa\u00e7\u00e3o do hospital beneficente e solu\u00e7\u00f5es para os problemas que a institui\u00e7\u00e3o enfrenta.<\/p>\n<p>Xavier relatou ao deputado o quadro atual da Santa Casa e os desafios que o hospital tem enfrentado para manter o atendimento prestado \u00e0 popula\u00e7\u00e3o da Capital e do interior &#8211; considerado refer\u00eancia em qualidade no Mato Grosso do Sul e no Centro-Oeste &#8211; pelo Sistema \u00danico de Sa\u00fade (SUS). Diante da situa\u00e7\u00e3o, pediu apoio a Vander para solu\u00e7\u00f5es que possam garantir a manuten\u00e7\u00e3o desse servi\u00e7o.<\/p>\n<p>Ao presidente do hospital, o deputado garantiu que tem compromisso com a sa\u00fade p\u00fablica e que vai trabalhar para ajudar a Santa Casa.<\/p>\n<p>&#8220;A causa da Santa Casa de Campo Grande n\u00e3o deve ser apenas minha, apenas de um deputado, mas sim de toda a nossa bancada em Bras\u00edlia. Vou defender junto aos meus colegas deputados e senadores que possamos destinar uma emenda parlamentar de bancada para atender ao hospital em 2021 na \u00e1rea de custeio. Tenho certeza que ser\u00e1 uma ajuda importante&#8221;, destacou Vander Loubet.<\/p>\n<p>O parlamentar pantaneiro defendeu ainda a renegocia\u00e7\u00e3o das d\u00edvidas da Santa Casa com apoio dos bancos p\u00fablicos. Vander afirmou que h\u00e1 na bancada federal de Mato Grosso do Sul parlamentares com bom canal de di\u00e1logo, por exemplo, com a Presid\u00eancia da Caixa Econ\u00f4mica Federal (CEF), e que isso pode ser um instrumento para buscar melhores condi\u00e7\u00f5es para o hospital renegociar seus d\u00e9bitos.<\/p>\n<p>&#8220;N\u00e3o tem por que um banco p\u00fablico n\u00e3o oferecer uma condi\u00e7\u00e3o diferenciada para uma entidade que presta o bel\u00edssimo trabalho que a Santa Casa presta, ainda mais neste momento, com a aprova\u00e7\u00e3o de uma s\u00e9rie de medidas no Congresso Nacional que est\u00e1 garantindo cr\u00e9dito mais barato para que as empresas possam superar a crise causada pela pandemia do coronav\u00edrus. Acredito que nossa bancada pode ajudar nesse sentido, permitindo que a Santa Casa tenha acesso a uma condi\u00e7\u00e3o mais favor\u00e1vel para quitar suas d\u00edvidas&#8221;, pontuou o deputado.<\/p>\n<p>Ao final da reuni\u00e3o, Xavier e Souza agradeceram a disposi\u00e7\u00e3o de Vander em ajudar a Santa Casa e afirmaram que estar\u00e3o &#8211; por sugest\u00e3o do deputado &#8211; articulando reuni\u00f5es com os demais membros da bancada federal de MS para somar mais apoios em torno da causa do hospital.<\/p>\n<p>&#8220;Essa reuni\u00e3o foi muito importante e produtiva para n\u00f3s. O Vander nos apresentou caminhos pr\u00e1ticos para que possamos avan\u00e7ar no aux\u00edlio \u00e0 Santa Casa. Temos certeza que essa pauta, de defesa do nosso hospital, \u00e9 uma pauta que vai unificar nossos parlamentares federais para garantir que a Santa Casa siga como um farol da sa\u00fade p\u00fablica do estado&#8221;, concluiu Xavier.<\/p>\n<p><em>(\u00c9der F. Yanaguita &#8211; Ascom\/Dep. Vander Loubet)<\/em><\/p>\n\r\n                <style type=\"text\/css\">\r\n                    \r\n                    #tdi_1  .td-doubleSlider-2 .td-item1 {\r\n                        background: url(https:\/\/vanderloubet.com.br\/deputado\/wp-content\/uploads\/2020\/05\/foto-2020-05-06-reuniao-santa-casa-01-80x60.jpg) 0 0 no-repeat;\r\n                    }\r\n                    #tdi_1  .td-doubleSlider-2 .td-item2 {\r\n                        background: url(https:\/\/vanderloubet.com.br\/deputado\/wp-content\/uploads\/2020\/05\/foto-2020-05-06-reuniao-santa-casa-02-80x60.jpg) 0 0 no-repeat;\r\n                    }\r\n                    #tdi_1  .td-doubleSlider-2 .td-item3 {\r\n                        background: url(https:\/\/vanderloubet.com.br\/deputado\/wp-content\/uploads\/2020\/05\/foto-2020-05-06-reuniao-santa-casa-03-80x60.jpg) 0 0 no-repeat;\r\n                    }\r\n                <\/style>\r\n\r\n                <div id=\"tdi_1\" class=\"td-gallery td-slide-on-2-columns\">\r\n                    <div class=\"post_td_gallery\">\r\n                        <div class=\"td-gallery-slide-top\">\r\n                           <div class=\"td-gallery-title\"><\/div>\r\n\r\n                            <div class=\"td-gallery-controls-wrapper\">\r\n                                <div class=\"td-gallery-slide-count\"><span class=\"td-gallery-slide-item-focus\">1<\/span> de 3<\/div>\r\n                                <div class=\"td-gallery-slide-prev-next-but\">\r\n                                    <i class = \"td-icon-left doubleSliderPrevButton\"><\/i>\r\n                                    <i class = \"td-icon-right doubleSliderNextButton\"><\/i>\r\n                                <\/div>\r\n                            <\/div>\r\n                        <\/div>\r\n\r\n                        <div class = \"td-doubleSlider-1 \">\r\n                            <div class = \"td-slider\">\r\n                                \r\n                    <div class = \"td-slide-item td-item1\">\r\n                        <figure class=\"td-slide-galery-figure td-slide-popup-gallery\">\r\n                            <a class=\"slide-gallery-image-link\" href=\"https:\/\/vanderloubet.com.br\/deputado\/wp-content\/uploads\/2020\/05\/foto-2020-05-06-reuniao-santa-casa-01.jpg\" title=\"Vander, Xavier e Pastor conversaram sobre as dificuldades da Santa Casa e as poss\u00edveis solu\u00e7\u00f5es para sanar a situa\u00e7\u00e3o\"  data-caption=\"\"  data-description=\"Vander, Xavier e Pastor conversaram sobre as dificuldades da Santa Casa e as poss&iacute;veis solu&ccedil;&otilde;es para sanar a situa&ccedil;&atilde;o\">\r\n                                <img decoding=\"async\" src=\"https:\/\/vanderloubet.com.br\/deputado\/wp-content\/uploads\/2020\/05\/foto-2020-05-06-reuniao-santa-casa-01-630x420.jpg\" srcset=\"https:\/\/vanderloubet.com.br\/deputado\/wp-content\/uploads\/2020\/05\/foto-2020-05-06-reuniao-santa-casa-01-630x420.jpg 630w, https:\/\/vanderloubet.com.br\/deputado\/wp-content\/uploads\/2020\/05\/foto-2020-05-06-reuniao-santa-casa-01-350x233.jpg 350w, https:\/\/vanderloubet.com.br\/deputado\/wp-content\/uploads\/2020\/05\/foto-2020-05-06-reuniao-santa-casa-01-768x512.jpg 768w, https:\/\/vanderloubet.com.br\/deputado\/wp-content\/uploads\/2020\/05\/foto-2020-05-06-reuniao-santa-casa-01-700x467.jpg 700w, https:\/\/vanderloubet.com.br\/deputado\/wp-content\/uploads\/2020\/05\/foto-2020-05-06-reuniao-santa-casa-01-696x464.jpg 696w, https:\/\/vanderloubet.com.br\/deputado\/wp-content\/uploads\/2020\/05\/foto-2020-05-06-reuniao-santa-casa-01-1068x712.jpg 1068w, https:\/\/vanderloubet.com.br\/deputado\/wp-content\/uploads\/2020\/05\/foto-2020-05-06-reuniao-santa-casa-01.jpg 1080w\" sizes=\"(max-width: 630px) 100vw, 630px\" alt=\"Vander, Xavier e Pastor conversaram sobre as dificuldades da Santa Casa e as poss&iacute;veis solu&ccedil;&otilde;es para sanar a situa&ccedil;&atilde;o\">\r\n                            <\/a>\r\n                            <figcaption class = \"td-slide-caption td-gallery-slide-content\"><span>Vander, Xavier e Pastor conversaram sobre as dificuldades da Santa Casa e as poss\u00edveis solu\u00e7\u00f5es para sanar a situa\u00e7\u00e3o<\/span><\/figcaption>\r\n                        <\/figure>\r\n                    <\/div>\r\n                    <div class = \"td-slide-item td-item2\">\r\n                        <figure class=\"td-slide-galery-figure td-slide-popup-gallery\">\r\n                            <a class=\"slide-gallery-image-link\" href=\"https:\/\/vanderloubet.com.br\/deputado\/wp-content\/uploads\/2020\/05\/foto-2020-05-06-reuniao-santa-casa-02.jpg\" title=\"Vander, Xavier e Pastor conversaram sobre as dificuldades da Santa Casa e as poss\u00edveis solu\u00e7\u00f5es para sanar a situa\u00e7\u00e3o\"  data-caption=\"\"  data-description=\"Vander, Xavier e Pastor conversaram sobre as dificuldades da Santa Casa e as poss&iacute;veis solu&ccedil;&otilde;es para sanar a situa&ccedil;&atilde;o\">\r\n                                <img decoding=\"async\" src=\"https:\/\/vanderloubet.com.br\/deputado\/wp-content\/uploads\/2020\/05\/foto-2020-05-06-reuniao-santa-casa-02-630x420.jpg\" srcset=\"https:\/\/vanderloubet.com.br\/deputado\/wp-content\/uploads\/2020\/05\/foto-2020-05-06-reuniao-santa-casa-02-630x420.jpg 630w, https:\/\/vanderloubet.com.br\/deputado\/wp-content\/uploads\/2020\/05\/foto-2020-05-06-reuniao-santa-casa-02-350x233.jpg 350w, https:\/\/vanderloubet.com.br\/deputado\/wp-content\/uploads\/2020\/05\/foto-2020-05-06-reuniao-santa-casa-02-768x512.jpg 768w, https:\/\/vanderloubet.com.br\/deputado\/wp-content\/uploads\/2020\/05\/foto-2020-05-06-reuniao-santa-casa-02-700x467.jpg 700w, https:\/\/vanderloubet.com.br\/deputado\/wp-content\/uploads\/2020\/05\/foto-2020-05-06-reuniao-santa-casa-02-696x464.jpg 696w, https:\/\/vanderloubet.com.br\/deputado\/wp-content\/uploads\/2020\/05\/foto-2020-05-06-reuniao-santa-casa-02-1068x712.jpg 1068w, https:\/\/vanderloubet.com.br\/deputado\/wp-content\/uploads\/2020\/05\/foto-2020-05-06-reuniao-santa-casa-02.jpg 1080w\" sizes=\"(max-width: 630px) 100vw, 630px\" alt=\"Vander, Xavier e Pastor conversaram sobre as dificuldades da Santa Casa e as poss&iacute;veis solu&ccedil;&otilde;es para sanar a situa&ccedil;&atilde;o\">\r\n                            <\/a>\r\n                            <figcaption class = \"td-slide-caption td-gallery-slide-content\"><span>Vander, Xavier e Pastor conversaram sobre as dificuldades da Santa Casa e as poss\u00edveis solu\u00e7\u00f5es para sanar a situa\u00e7\u00e3o<\/span><\/figcaption>\r\n                        <\/figure>\r\n                    <\/div>\r\n                    <div class = \"td-slide-item td-item3\">\r\n                        <figure class=\"td-slide-galery-figure td-slide-popup-gallery\">\r\n                            <a class=\"slide-gallery-image-link\" href=\"https:\/\/vanderloubet.com.br\/deputado\/wp-content\/uploads\/2020\/05\/foto-2020-05-06-reuniao-santa-casa-03.jpg\" title=\"Vander, Xavier e Pastor conversaram sobre as dificuldades da Santa Casa e as poss\u00edveis solu\u00e7\u00f5es para sanar a situa\u00e7\u00e3o\"  data-caption=\"\"  data-description=\"Vander, Xavier e Pastor conversaram sobre as dificuldades da Santa Casa e as poss&iacute;veis solu&ccedil;&otilde;es para sanar a situa&ccedil;&atilde;o\">\r\n                                <img decoding=\"async\" src=\"https:\/\/vanderloubet.com.br\/deputado\/wp-content\/uploads\/2020\/05\/foto-2020-05-06-reuniao-santa-casa-03-630x420.jpg\" srcset=\"https:\/\/vanderloubet.com.br\/deputado\/wp-content\/uploads\/2020\/05\/foto-2020-05-06-reuniao-santa-casa-03-630x420.jpg 630w, https:\/\/vanderloubet.com.br\/deputado\/wp-content\/uploads\/2020\/05\/foto-2020-05-06-reuniao-santa-casa-03-350x233.jpg 350w, https:\/\/vanderloubet.com.br\/deputado\/wp-content\/uploads\/2020\/05\/foto-2020-05-06-reuniao-santa-casa-03-768x512.jpg 768w, https:\/\/vanderloubet.com.br\/deputado\/wp-content\/uploads\/2020\/05\/foto-2020-05-06-reuniao-santa-casa-03-700x467.jpg 700w, https:\/\/vanderloubet.com.br\/deputado\/wp-content\/uploads\/2020\/05\/foto-2020-05-06-reuniao-santa-casa-03-696x464.jpg 696w, https:\/\/vanderloubet.com.br\/deputado\/wp-content\/uploads\/2020\/05\/foto-2020-05-06-reuniao-santa-casa-03-1068x712.jpg 1068w, https:\/\/vanderloubet.com.br\/deputado\/wp-content\/uploads\/2020\/05\/foto-2020-05-06-reuniao-santa-casa-03.jpg 1080w\" sizes=\"(max-width: 630px) 100vw, 630px\" alt=\"Vander, Xavier e Pastor conversaram sobre as dificuldades da Santa Casa e as poss&iacute;veis solu&ccedil;&otilde;es para sanar a situa&ccedil;&atilde;o\">\r\n                            <\/a>\r\n                            <figcaption class = \"td-slide-caption td-gallery-slide-content\"><span>Vander, Xavier e Pastor conversaram sobre as dificuldades da Santa Casa e as poss\u00edveis solu\u00e7\u00f5es para sanar a situa\u00e7\u00e3o<\/span><\/figcaption>\r\n                        <\/figure>\r\n                    <\/div>\r\n                            <\/div>\r\n                        <\/div>\r\n\r\n                        <div class = \"td-doubleSlider-2\">\r\n                            <div class = \"td-slider\">\r\n                                \r\n                    <div class = \"td-button td-item1\">\r\n                        <div class = \"td-border\"><\/div>\r\n                    <\/div>\r\n                    <div class = \"td-button td-item2\">\r\n                        <div class = \"td-border\"><\/div>\r\n                    <\/div>\r\n                    <div class = \"td-button td-item3\">\r\n                        <div class = \"td-border\"><\/div>\r\n                    <\/div>\r\n                            <\/div>\r\n                        <\/div>\r\n\r\n                    <\/div>\r\n\r\n                <\/div>\r\n                \n","protected":false},"excerpt":{"rendered":"<p>Heber Xavier relatou ao deputado quadro atual e desafios enfrentados para manter o atendimento prestado \u00e0 popula\u00e7\u00e3o da Capital e do interior.<\/p>\n","protected":false},"author":2,"featured_media":16472,"comment_status":"closed","ping_status":"closed","sticky":false,"template":"","format":"standard","meta":{"jetpack_post_was_ever_published":false,"_jetpack_newsletter_access":"","_jetpack_dont_email_post_to_subs":false,"_jetpack_newsletter_tier_id":0,"_jetpack_memberships_contains_paywalled_content":false,"_jetpack_memberships_contains_paid_content":false,"footnotes":""},"categories":[2099,10],"tags":[2127,1803],"class_list":{"0":"post-16469","1":"post","2":"type-post","3":"status-publish","4":"format-standard","5":"has-post-thumbnail","7":"category-ms-noticias","8":"category-noticias","9":"tag-emenda-parlamentar","10":"tag-saude"},"yoast_head":"<!-- This site is optimized with the Yoast SEO plugin v27.4 - https:\/\/yoast.com\/product\/yoast-seo-wordpress\/ -->\n<title>Vander recebe presidente da Santa Casa de Campo Grande e reafirma apoio ao hospital<\/title>\n<meta name=\"description\" content=\"Heber Xavier relatou ao deputado quadro atual e desafios enfrentados para manter o atendimento prestado \u00e0 popula\u00e7\u00e3o da Capital e do interior.\" \/>\n<meta name=\"robots\" content=\"index, follow, max-snippet:-1, max-image-preview:large, max-video-preview:-1\" \/>\n<link rel=\"canonical\" href=\"https:\/\/vanderloubet.com.br\/deputado\/vander-recebe-presidente-da-santa-casa-de-campo-grande-e-reafirma-apoio-ao-hospital\/\" \/>\n<meta property=\"og:locale\" content=\"pt_BR\" \/>\n<meta property=\"og:type\" content=\"article\" \/>\n<meta property=\"og:title\" content=\"Vander recebe presidente da Santa Casa de Campo Grande e reafirma apoio ao hospital\" \/>\n<meta property=\"og:description\" content=\"Heber Xavier relatou ao deputado quadro atual e desafios enfrentados para manter o atendimento prestado \u00e0 popula\u00e7\u00e3o da Capital e do interior.\" \/>\n<meta property=\"og:url\" content=\"https:\/\/vanderloubet.com.br\/deputado\/vander-recebe-presidente-da-santa-casa-de-campo-grande-e-reafirma-apoio-ao-hospital\/\" \/>\n<meta property=\"og:site_name\" content=\"Deputado Federal Vander Loubet\" \/>\n<meta property=\"article:publisher\" content=\"https:\/\/facebook.com\/deputadovander\" \/>\n<meta property=\"article:published_time\" content=\"2020-05-06T18:00:43+00:00\" \/>\n<meta property=\"article:modified_time\" content=\"2020-05-21T01:42:23+00:00\" \/>\n<meta property=\"og:image\" content=\"https:\/\/vanderloubet.com.br\/deputado\/wp-content\/uploads\/2020\/05\/foto-2020-05-06-reuniao-santa-casa-03.jpg\" \/>\n\t<meta property=\"og:image:width\" content=\"1080\" \/>\n\t<meta property=\"og:image:height\" content=\"720\" \/>\n\t<meta property=\"og:image:type\" content=\"image\/jpeg\" \/>\n<meta name=\"author\" content=\"\u00c9der\" \/>\n<meta name=\"twitter:card\" content=\"summary_large_image\" \/>\n<meta name=\"twitter:creator\" content=\"@vanderloubet\" \/>\n<meta name=\"twitter:site\" content=\"@vanderloubet\" \/>\n<script type=\"application\/ld+json\" class=\"yoast-schema-graph\">{\"@context\":\"https:\\\/\\\/schema.org\",\"@graph\":[{\"@type\":\"Article\",\"@id\":\"https:\\\/\\\/vanderloubet.com.br\\\/deputado\\\/vander-recebe-presidente-da-santa-casa-de-campo-grande-e-reafirma-apoio-ao-hospital\\\/#article\",\"isPartOf\":{\"@id\":\"https:\\\/\\\/vanderloubet.com.br\\\/deputado\\\/vander-recebe-presidente-da-santa-casa-de-campo-grande-e-reafirma-apoio-ao-hospital\\\/\"},\"author\":{\"name\":\"\u00c9der\",\"@id\":\"https:\\\/\\\/vanderloubet.com.br\\\/deputado\\\/#\\\/schema\\\/person\\\/15b51bd564532a8a68d9dec1b8eb890e\"},\"headline\":\"Vander recebe presidente da Santa Casa de Campo Grande e reafirma apoio ao hospital\",\"datePublished\":\"2020-05-06T18:00:43+00:00\",\"dateModified\":\"2020-05-21T01:42:23+00:00\",\"mainEntityOfPage\":{\"@id\":\"https:\\\/\\\/vanderloubet.com.br\\\/deputado\\\/vander-recebe-presidente-da-santa-casa-de-campo-grande-e-reafirma-apoio-ao-hospital\\\/\"},\"wordCount\":534,\"publisher\":{\"@id\":\"https:\\\/\\\/vanderloubet.com.br\\\/deputado\\\/#organization\"},\"image\":{\"@id\":\"https:\\\/\\\/vanderloubet.com.br\\\/deputado\\\/vander-recebe-presidente-da-santa-casa-de-campo-grande-e-reafirma-apoio-ao-hospital\\\/#primaryimage\"},\"thumbnailUrl\":\"https:\\\/\\\/vanderloubet.com.br\\\/deputado\\\/wp-content\\\/uploads\\\/2020\\\/05\\\/foto-2020-05-06-reuniao-santa-casa-03.jpg\",\"keywords\":[\"emenda parlamentar\",\"sa\u00fade\"],\"articleSection\":[\"Mato Grosso do Sul\",\"Not\u00edcias\"],\"inLanguage\":\"pt-BR\"},{\"@type\":\"WebPage\",\"@id\":\"https:\\\/\\\/vanderloubet.com.br\\\/deputado\\\/vander-recebe-presidente-da-santa-casa-de-campo-grande-e-reafirma-apoio-ao-hospital\\\/\",\"url\":\"https:\\\/\\\/vanderloubet.com.br\\\/deputado\\\/vander-recebe-presidente-da-santa-casa-de-campo-grande-e-reafirma-apoio-ao-hospital\\\/\",\"name\":\"Vander recebe presidente da Santa Casa de Campo Grande e reafirma apoio ao hospital\",\"isPartOf\":{\"@id\":\"https:\\\/\\\/vanderloubet.com.br\\\/deputado\\\/#website\"},\"primaryImageOfPage\":{\"@id\":\"https:\\\/\\\/vanderloubet.com.br\\\/deputado\\\/vander-recebe-presidente-da-santa-casa-de-campo-grande-e-reafirma-apoio-ao-hospital\\\/#primaryimage\"},\"image\":{\"@id\":\"https:\\\/\\\/vanderloubet.com.br\\\/deputado\\\/vander-recebe-presidente-da-santa-casa-de-campo-grande-e-reafirma-apoio-ao-hospital\\\/#primaryimage\"},\"thumbnailUrl\":\"https:\\\/\\\/vanderloubet.com.br\\\/deputado\\\/wp-content\\\/uploads\\\/2020\\\/05\\\/foto-2020-05-06-reuniao-santa-casa-03.jpg\",\"datePublished\":\"2020-05-06T18:00:43+00:00\",\"dateModified\":\"2020-05-21T01:42:23+00:00\",\"description\":\"Heber Xavier relatou ao deputado quadro atual e desafios enfrentados para manter o atendimento prestado \u00e0 popula\u00e7\u00e3o da Capital e do interior.\",\"breadcrumb\":{\"@id\":\"https:\\\/\\\/vanderloubet.com.br\\\/deputado\\\/vander-recebe-presidente-da-santa-casa-de-campo-grande-e-reafirma-apoio-ao-hospital\\\/#breadcrumb\"},\"inLanguage\":\"pt-BR\",\"potentialAction\":[{\"@type\":\"ReadAction\",\"target\":[\"https:\\\/\\\/vanderloubet.com.br\\\/deputado\\\/vander-recebe-presidente-da-santa-casa-de-campo-grande-e-reafirma-apoio-ao-hospital\\\/\"]}]},{\"@type\":\"ImageObject\",\"inLanguage\":\"pt-BR\",\"@id\":\"https:\\\/\\\/vanderloubet.com.br\\\/deputado\\\/vander-recebe-presidente-da-santa-casa-de-campo-grande-e-reafirma-apoio-ao-hospital\\\/#primaryimage\",\"url\":\"https:\\\/\\\/vanderloubet.com.br\\\/deputado\\\/wp-content\\\/uploads\\\/2020\\\/05\\\/foto-2020-05-06-reuniao-santa-casa-03.jpg\",\"contentUrl\":\"https:\\\/\\\/vanderloubet.com.br\\\/deputado\\\/wp-content\\\/uploads\\\/2020\\\/05\\\/foto-2020-05-06-reuniao-santa-casa-03.jpg\",\"width\":1080,\"height\":720,\"caption\":\"Vander, Xavier e Pastor conversaram sobre as dificuldades da Santa Casa e as poss\u00edveis solu\u00e7\u00f5es para sanar a situa\u00e7\u00e3o\"},{\"@type\":\"BreadcrumbList\",\"@id\":\"https:\\\/\\\/vanderloubet.com.br\\\/deputado\\\/vander-recebe-presidente-da-santa-casa-de-campo-grande-e-reafirma-apoio-ao-hospital\\\/#breadcrumb\",\"itemListElement\":[{\"@type\":\"ListItem\",\"position\":1,\"name\":\"In\u00edcio\",\"item\":\"https:\\\/\\\/vanderloubet.com.br\\\/deputado\\\/\"},{\"@type\":\"ListItem\",\"position\":2,\"name\":\"Vander recebe presidente da Santa Casa de Campo Grande e reafirma apoio ao hospital\"}]},{\"@type\":\"WebSite\",\"@id\":\"https:\\\/\\\/vanderloubet.com.br\\\/deputado\\\/#website\",\"url\":\"https:\\\/\\\/vanderloubet.com.br\\\/deputado\\\/\",\"name\":\"Deputado Federal Vander Loubet\",\"description\":\"O Federal de MS\",\"publisher\":{\"@id\":\"https:\\\/\\\/vanderloubet.com.br\\\/deputado\\\/#organization\"},\"alternateName\":\"Deputado Vander\",\"potentialAction\":[{\"@type\":\"SearchAction\",\"target\":{\"@type\":\"EntryPoint\",\"urlTemplate\":\"https:\\\/\\\/vanderloubet.com.br\\\/deputado\\\/?s={search_term_string}\"},\"query-input\":{\"@type\":\"PropertyValueSpecification\",\"valueRequired\":true,\"valueName\":\"search_term_string\"}}],\"inLanguage\":\"pt-BR\"},{\"@type\":\"Organization\",\"@id\":\"https:\\\/\\\/vanderloubet.com.br\\\/deputado\\\/#organization\",\"name\":\"Deputado Federal Vander Loubet\",\"alternateName\":\"Deputado Vander\",\"url\":\"https:\\\/\\\/vanderloubet.com.br\\\/deputado\\\/\",\"logo\":{\"@type\":\"ImageObject\",\"inLanguage\":\"pt-BR\",\"@id\":\"https:\\\/\\\/vanderloubet.com.br\\\/deputado\\\/#\\\/schema\\\/logo\\\/image\\\/\",\"url\":\"https:\\\/\\\/vanderloubet.com.br\\\/deputado\\\/wp-content\\\/uploads\\\/2023\\\/06\\\/foto-2023-06-19-mandato-deputado-vander.jpg\",\"contentUrl\":\"https:\\\/\\\/vanderloubet.com.br\\\/deputado\\\/wp-content\\\/uploads\\\/2023\\\/06\\\/foto-2023-06-19-mandato-deputado-vander.jpg\",\"width\":1080,\"height\":1080,\"caption\":\"Deputado Federal Vander Loubet\"},\"image\":{\"@id\":\"https:\\\/\\\/vanderloubet.com.br\\\/deputado\\\/#\\\/schema\\\/logo\\\/image\\\/\"},\"sameAs\":[\"https:\\\/\\\/facebook.com\\\/deputadovander\",\"https:\\\/\\\/x.com\\\/vanderloubet\",\"https:\\\/\\\/instagram.com\\\/vanderloubet\",\"https:\\\/\\\/youtube.com\\\/vanderloubet\",\"https:\\\/\\\/tiktok.com\\\/@vanderloubetms\"]},{\"@type\":\"Person\",\"@id\":\"https:\\\/\\\/vanderloubet.com.br\\\/deputado\\\/#\\\/schema\\\/person\\\/15b51bd564532a8a68d9dec1b8eb890e\",\"name\":\"\u00c9der\",\"image\":{\"@type\":\"ImageObject\",\"inLanguage\":\"pt-BR\",\"@id\":\"https:\\\/\\\/vanderloubet.com.br\\\/deputado\\\/wp-content\\\/litespeed\\\/avatar\\\/88ca4090d9d5ab1c9495f6ca03b68efa.jpg?ver=1777058957\",\"url\":\"https:\\\/\\\/vanderloubet.com.br\\\/deputado\\\/wp-content\\\/litespeed\\\/avatar\\\/88ca4090d9d5ab1c9495f6ca03b68efa.jpg?ver=1777058957\",\"contentUrl\":\"https:\\\/\\\/vanderloubet.com.br\\\/deputado\\\/wp-content\\\/litespeed\\\/avatar\\\/88ca4090d9d5ab1c9495f6ca03b68efa.jpg?ver=1777058957\",\"caption\":\"\u00c9der\"}}]}<\/script>\n<!-- \/ Yoast SEO plugin. -->","yoast_head_json":{"title":"Vander recebe presidente da Santa Casa de Campo Grande e reafirma apoio ao hospital","description":"Heber Xavier relatou ao deputado quadro atual e desafios enfrentados para manter o atendimento prestado \u00e0 popula\u00e7\u00e3o da Capital e do interior.","robots":{"index":"index","follow":"follow","max-snippet":"max-snippet:-1","max-image-preview":"max-image-preview:large","max-video-preview":"max-video-preview:-1"},"canonical":"https:\/\/vanderloubet.com.br\/deputado\/vander-recebe-presidente-da-santa-casa-de-campo-grande-e-reafirma-apoio-ao-hospital\/","og_locale":"pt_BR","og_type":"article","og_title":"Vander recebe presidente da Santa Casa de Campo Grande e reafirma apoio ao hospital","og_description":"Heber Xavier relatou ao deputado quadro atual e desafios enfrentados para manter o atendimento prestado \u00e0 popula\u00e7\u00e3o da Capital e do interior.","og_url":"https:\/\/vanderloubet.com.br\/deputado\/vander-recebe-presidente-da-santa-casa-de-campo-grande-e-reafirma-apoio-ao-hospital\/","og_site_name":"Deputado Federal Vander Loubet","article_publisher":"https:\/\/facebook.com\/deputadovander","article_published_time":"2020-05-06T18:00:43+00:00","article_modified_time":"2020-05-21T01:42:23+00:00","og_image":[{"width":1080,"height":720,"url":"https:\/\/vanderloubet.com.br\/deputado\/wp-content\/uploads\/2020\/05\/foto-2020-05-06-reuniao-santa-casa-03.jpg","type":"image\/jpeg"}],"author":"\u00c9der","twitter_card":"summary_large_image","twitter_creator":"@vanderloubet","twitter_site":"@vanderloubet","schema":{"@context":"https:\/\/schema.org","@graph":[{"@type":"Article","@id":"https:\/\/vanderloubet.com.br\/deputado\/vander-recebe-presidente-da-santa-casa-de-campo-grande-e-reafirma-apoio-ao-hospital\/#article","isPartOf":{"@id":"https:\/\/vanderloubet.com.br\/deputado\/vander-recebe-presidente-da-santa-casa-de-campo-grande-e-reafirma-apoio-ao-hospital\/"},"author":{"name":"\u00c9der","@id":"https:\/\/vanderloubet.com.br\/deputado\/#\/schema\/person\/15b51bd564532a8a68d9dec1b8eb890e"},"headline":"Vander recebe presidente da Santa Casa de Campo Grande e reafirma apoio ao hospital","datePublished":"2020-05-06T18:00:43+00:00","dateModified":"2020-05-21T01:42:23+00:00","mainEntityOfPage":{"@id":"https:\/\/vanderloubet.com.br\/deputado\/vander-recebe-presidente-da-santa-casa-de-campo-grande-e-reafirma-apoio-ao-hospital\/"},"wordCount":534,"publisher":{"@id":"https:\/\/vanderloubet.com.br\/deputado\/#organization"},"image":{"@id":"https:\/\/vanderloubet.com.br\/deputado\/vander-recebe-presidente-da-santa-casa-de-campo-grande-e-reafirma-apoio-ao-hospital\/#primaryimage"},"thumbnailUrl":"https:\/\/vanderloubet.com.br\/deputado\/wp-content\/uploads\/2020\/05\/foto-2020-05-06-reuniao-santa-casa-03.jpg","keywords":["emenda parlamentar","sa\u00fade"],"articleSection":["Mato Grosso do Sul","Not\u00edcias"],"inLanguage":"pt-BR"},{"@type":"WebPage","@id":"https:\/\/vanderloubet.com.br\/deputado\/vander-recebe-presidente-da-santa-casa-de-campo-grande-e-reafirma-apoio-ao-hospital\/","url":"https:\/\/vanderloubet.com.br\/deputado\/vander-recebe-presidente-da-santa-casa-de-campo-grande-e-reafirma-apoio-ao-hospital\/","name":"Vander recebe presidente da Santa Casa de Campo Grande e reafirma apoio ao hospital","isPartOf":{"@id":"https:\/\/vanderloubet.com.br\/deputado\/#website"},"primaryImageOfPage":{"@id":"https:\/\/vanderloubet.com.br\/deputado\/vander-recebe-presidente-da-santa-casa-de-campo-grande-e-reafirma-apoio-ao-hospital\/#primaryimage"},"image":{"@id":"https:\/\/vanderloubet.com.br\/deputado\/vander-recebe-presidente-da-santa-casa-de-campo-grande-e-reafirma-apoio-ao-hospital\/#primaryimage"},"thumbnailUrl":"https:\/\/vanderloubet.com.br\/deputado\/wp-content\/uploads\/2020\/05\/foto-2020-05-06-reuniao-santa-casa-03.jpg","datePublished":"2020-05-06T18:00:43+00:00","dateModified":"2020-05-21T01:42:23+00:00","description":"Heber Xavier relatou ao deputado quadro atual e desafios enfrentados para manter o atendimento prestado \u00e0 popula\u00e7\u00e3o da Capital e do interior.","breadcrumb":{"@id":"https:\/\/vanderloubet.com.br\/deputado\/vander-recebe-presidente-da-santa-casa-de-campo-grande-e-reafirma-apoio-ao-hospital\/#breadcrumb"},"inLanguage":"pt-BR","potentialAction":[{"@type":"ReadAction","target":["https:\/\/vanderloubet.com.br\/deputado\/vander-recebe-presidente-da-santa-casa-de-campo-grande-e-reafirma-apoio-ao-hospital\/"]}]},{"@type":"ImageObject","inLanguage":"pt-BR","@id":"https:\/\/vanderloubet.com.br\/deputado\/vander-recebe-presidente-da-santa-casa-de-campo-grande-e-reafirma-apoio-ao-hospital\/#primaryimage","url":"https:\/\/vanderloubet.com.br\/deputado\/wp-content\/uploads\/2020\/05\/foto-2020-05-06-reuniao-santa-casa-03.jpg","contentUrl":"https:\/\/vanderloubet.com.br\/deputado\/wp-content\/uploads\/2020\/05\/foto-2020-05-06-reuniao-santa-casa-03.jpg","width":1080,"height":720,"caption":"Vander, Xavier e Pastor conversaram sobre as dificuldades da Santa Casa e as poss\u00edveis solu\u00e7\u00f5es para sanar a situa\u00e7\u00e3o"},{"@type":"BreadcrumbList","@id":"https:\/\/vanderloubet.com.br\/deputado\/vander-recebe-presidente-da-santa-casa-de-campo-grande-e-reafirma-apoio-ao-hospital\/#breadcrumb","itemListElement":[{"@type":"ListItem","position":1,"name":"In\u00edcio","item":"https:\/\/vanderloubet.com.br\/deputado\/"},{"@type":"ListItem","position":2,"name":"Vander recebe presidente da Santa Casa de Campo Grande e reafirma apoio ao hospital"}]},{"@type":"WebSite","@id":"https:\/\/vanderloubet.com.br\/deputado\/#website","url":"https:\/\/vanderloubet.com.br\/deputado\/","name":"Deputado Federal Vander Loubet","description":"O Federal de MS","publisher":{"@id":"https:\/\/vanderloubet.com.br\/deputado\/#organization"},"alternateName":"Deputado Vander","potentialAction":[{"@type":"SearchAction","target":{"@type":"EntryPoint","urlTemplate":"https:\/\/vanderloubet.com.br\/deputado\/?s={search_term_string}"},"query-input":{"@type":"PropertyValueSpecification","valueRequired":true,"valueName":"search_term_string"}}],"inLanguage":"pt-BR"},{"@type":"Organization","@id":"https:\/\/vanderloubet.com.br\/deputado\/#organization","name":"Deputado Federal Vander Loubet","alternateName":"Deputado Vander","url":"https:\/\/vanderloubet.com.br\/deputado\/","logo":{"@type":"ImageObject","inLanguage":"pt-BR","@id":"https:\/\/vanderloubet.com.br\/deputado\/#\/schema\/logo\/image\/","url":"https:\/\/vanderloubet.com.br\/deputado\/wp-content\/uploads\/2023\/06\/foto-2023-06-19-mandato-deputado-vander.jpg","contentUrl":"https:\/\/vanderloubet.com.br\/deputado\/wp-content\/uploads\/2023\/06\/foto-2023-06-19-mandato-deputado-vander.jpg","width":1080,"height":1080,"caption":"Deputado Federal Vander Loubet"},"image":{"@id":"https:\/\/vanderloubet.com.br\/deputado\/#\/schema\/logo\/image\/"},"sameAs":["https:\/\/facebook.com\/deputadovander","https:\/\/x.com\/vanderloubet","https:\/\/instagram.com\/vanderloubet","https:\/\/youtube.com\/vanderloubet","https:\/\/tiktok.com\/@vanderloubetms"]},{"@type":"Person","@id":"https:\/\/vanderloubet.com.br\/deputado\/#\/schema\/person\/15b51bd564532a8a68d9dec1b8eb890e","name":"\u00c9der","image":{"@type":"ImageObject","inLanguage":"pt-BR","@id":"https:\/\/vanderloubet.com.br\/deputado\/wp-content\/litespeed\/avatar\/88ca4090d9d5ab1c9495f6ca03b68efa.jpg?ver=1777058957","url":"https:\/\/vanderloubet.com.br\/deputado\/wp-content\/litespeed\/avatar\/88ca4090d9d5ab1c9495f6ca03b68efa.jpg?ver=1777058957","contentUrl":"https:\/\/vanderloubet.com.br\/deputado\/wp-content\/litespeed\/avatar\/88ca4090d9d5ab1c9495f6ca03b68efa.jpg?ver=1777058957","caption":"\u00c9der"}}]}},"jetpack_featured_media_url":"https:\/\/vanderloubet.com.br\/deputado\/wp-content\/uploads\/2020\/05\/foto-2020-05-06-reuniao-santa-casa-03.jpg","jetpack_sharing_enabled":true,"_links":{"self":[{"href":"https:\/\/vanderloubet.com.br\/deputado\/wp-json\/wp\/v2\/posts\/16469","targetHints":{"allow":["GET"]}}],"collection":[{"href":"https:\/\/vanderloubet.com.br\/deputado\/wp-json\/wp\/v2\/posts"}],"about":[{"href":"https:\/\/vanderloubet.com.br\/deputado\/wp-json\/wp\/v2\/types\/post"}],"author":[{"embeddable":true,"href":"https:\/\/vanderloubet.com.br\/deputado\/wp-json\/wp\/v2\/users\/2"}],"replies":[{"embeddable":true,"href":"https:\/\/vanderloubet.com.br\/deputado\/wp-json\/wp\/v2\/comments?post=16469"}],"version-history":[{"count":0,"href":"https:\/\/vanderloubet.com.br\/deputado\/wp-json\/wp\/v2\/posts\/16469\/revisions"}],"wp:featuredmedia":[{"embeddable":true,"href":"https:\/\/vanderloubet.com.br\/deputado\/wp-json\/wp\/v2\/media\/16472"}],"wp:attachment":[{"href":"https:\/\/vanderloubet.com.br\/deputado\/wp-json\/wp\/v2\/media?parent=16469"}],"wp:term":[{"taxonomy":"category","embeddable":true,"href":"https:\/\/vanderloubet.com.br\/deputado\/wp-json\/wp\/v2\/categories?post=16469"},{"taxonomy":"post_tag","embeddable":true,"href":"https:\/\/vanderloubet.com.br\/deputado\/wp-json\/wp\/v2\/tags?post=16469"}],"curies":[{"name":"wp","href":"https:\/\/api.w.org\/{rel}","templated":true}]}}