{"id":16460,"date":"2020-05-02T09:00:20","date_gmt":"2020-05-02T13:00:20","guid":{"rendered":"http:\/\/vanderloubet.com.br\/deputado\/?p=16460"},"modified":"2020-05-20T21:42:37","modified_gmt":"2020-05-21T01:42:37","slug":"saude-de-japora-recebe-emenda-de-r-300-mil-do-deputado-vander","status":"publish","type":"post","link":"https:\/\/vanderloubet.com.br\/deputado\/saude-de-japora-recebe-emenda-de-r-300-mil-do-deputado-vander\/","title":{"rendered":"Sa\u00fade de Japor\u00e3 recebe emenda de R$ 300 mil do deputado Vander"},"content":{"rendered":"<p><iframe title=\"Sa\u00fade de Japor\u00e3 recebe emenda de R$ 300 mil do deputado Vander\" width=\"696\" height=\"392\" src=\"https:\/\/www.youtube.com\/embed\/merR6cXqQGY?feature=oembed\" frameborder=\"0\" allow=\"accelerometer; autoplay; encrypted-media; gyroscope; picture-in-picture\" allowfullscreen><\/iframe><\/p>\n<p>No dia 28 de abril, o deputado federal Vander Loubet viabilizou o pagamento de uma emenda parlamentar individual de sua autoria para beneficiar a sa\u00fade p\u00fablica do munic\u00edpio de Japor\u00e3.<\/p>\n<p>A emenda foi empenhada pelo Or\u00e7amento Geral da Uni\u00e3o deste ano. O valor do recurso \u00e9 de R$ 300 mil, que j\u00e1 foi depositado para o Fundo Municipal de Sa\u00fade de Japor\u00e3 e est\u00e1 \u00e0 disposi\u00e7\u00e3o para que a Prefeitura possa aplicar no custeio dos servi\u00e7os prestados pelo Sistema \u00danico de Sa\u00fade (SUS).<\/p>\n<p>&#8220;Os munic\u00edpios de Mato Grosso do Sul seguem sendo beneficiados pelo trabalho do nosso mandato. Em um momento como esse que estamos vivendo, de pandemia do coronav\u00edrus, tenho certeza que esse recurso ser\u00e1 importante para o munic\u00edpio&#8221;, afirmou Vander Loubet em suas contas nas m\u00eddias sociais.<\/p>\n<p><em>(\u00c9der F. Yanaguita &#8211; Ascom\/Dep. Vander Loubet)<\/em><\/p>\n","protected":false},"excerpt":{"rendered":"<p>Emenda parlamentar, empenhada pelo Or\u00e7amento Geral da Uni\u00e3o de 2020, j\u00e1 foi depositado para o Fundo Municipal de Sa\u00fade de Japor\u00e3.<\/p>\n","protected":false},"author":2,"featured_media":16461,"comment_status":"closed","ping_status":"closed","sticky":false,"template":"","format":"video","meta":{"jetpack_post_was_ever_published":false,"_jetpack_newsletter_access":"","_jetpack_dont_email_post_to_subs":false,"_jetpack_newsletter_tier_id":0,"_jetpack_memberships_contains_paywalled_content":false,"_jetpack_memberships_contains_paid_content":false,"footnotes":""},"categories":[2101,2097,10,12],"tags":[2127,1803],"class_list":{"0":"post-16460","1":"post","2":"type-post","3":"status-publish","4":"format-video","5":"has-post-thumbnail","7":"category-multimidia","8":"category-municipios-noticias","9":"category-noticias","10":"category-videos","11":"tag-emenda-parlamentar","12":"tag-saude","13":"post_format-post-format-video"},"yoast_head":"<!-- This site is optimized with the Yoast SEO plugin v27.4 - https:\/\/yoast.com\/product\/yoast-seo-wordpress\/ -->\n<title>Sa\u00fade de Japor\u00e3 recebe emenda de R$ 300 mil do deputado Vander<\/title>\n<meta name=\"description\" content=\"Emenda parlamentar, empenhada pelo Or\u00e7amento Geral da Uni\u00e3o de 2020, j\u00e1 foi depositado para o Fundo Municipal de Sa\u00fade de Japor\u00e3.\" \/>\n<meta name=\"robots\" content=\"index, follow, max-snippet:-1, max-image-preview:large, max-video-preview:-1\" \/>\n<link rel=\"canonical\" href=\"https:\/\/vanderloubet.com.br\/deputado\/saude-de-japora-recebe-emenda-de-r-300-mil-do-deputado-vander\/\" \/>\n<meta property=\"og:locale\" content=\"pt_BR\" \/>\n<meta property=\"og:type\" content=\"article\" \/>\n<meta property=\"og:title\" content=\"Sa\u00fade de Japor\u00e3 recebe emenda de R$ 300 mil do deputado Vander\" \/>\n<meta property=\"og:description\" content=\"Emenda parlamentar, empenhada pelo Or\u00e7amento Geral da Uni\u00e3o de 2020, j\u00e1 foi depositado para o Fundo Municipal de Sa\u00fade de Japor\u00e3.\" \/>\n<meta property=\"og:url\" content=\"https:\/\/vanderloubet.com.br\/deputado\/saude-de-japora-recebe-emenda-de-r-300-mil-do-deputado-vander\/\" \/>\n<meta property=\"og:site_name\" content=\"Deputado Federal Vander Loubet\" \/>\n<meta property=\"article:publisher\" content=\"https:\/\/facebook.com\/deputadovander\" \/>\n<meta property=\"article:published_time\" content=\"2020-05-02T13:00:20+00:00\" \/>\n<meta property=\"article:modified_time\" content=\"2020-05-21T01:42:37+00:00\" \/>\n<meta property=\"og:image\" content=\"https:\/\/vanderloubet.com.br\/deputado\/wp-content\/uploads\/2020\/05\/foto-2020-05-02-emenda-saude-japora.jpg\" \/>\n\t<meta property=\"og:image:width\" content=\"1080\" \/>\n\t<meta property=\"og:image:height\" content=\"608\" \/>\n\t<meta property=\"og:image:type\" content=\"image\/jpeg\" \/>\n<meta name=\"author\" content=\"\u00c9der\" \/>\n<meta name=\"twitter:card\" content=\"summary_large_image\" \/>\n<meta name=\"twitter:creator\" content=\"@vanderloubet\" \/>\n<meta name=\"twitter:site\" content=\"@vanderloubet\" \/>\n<script type=\"application\/ld+json\" class=\"yoast-schema-graph\">{\"@context\":\"https:\\\/\\\/schema.org\",\"@graph\":[{\"@type\":\"Article\",\"@id\":\"https:\\\/\\\/vanderloubet.com.br\\\/deputado\\\/saude-de-japora-recebe-emenda-de-r-300-mil-do-deputado-vander\\\/#article\",\"isPartOf\":{\"@id\":\"https:\\\/\\\/vanderloubet.com.br\\\/deputado\\\/saude-de-japora-recebe-emenda-de-r-300-mil-do-deputado-vander\\\/\"},\"author\":{\"name\":\"\u00c9der\",\"@id\":\"https:\\\/\\\/vanderloubet.com.br\\\/deputado\\\/#\\\/schema\\\/person\\\/15b51bd564532a8a68d9dec1b8eb890e\"},\"headline\":\"Sa\u00fade de Japor\u00e3 recebe emenda de R$ 300 mil do deputado Vander\",\"datePublished\":\"2020-05-02T13:00:20+00:00\",\"dateModified\":\"2020-05-21T01:42:37+00:00\",\"mainEntityOfPage\":{\"@id\":\"https:\\\/\\\/vanderloubet.com.br\\\/deputado\\\/saude-de-japora-recebe-emenda-de-r-300-mil-do-deputado-vander\\\/\"},\"wordCount\":163,\"publisher\":{\"@id\":\"https:\\\/\\\/vanderloubet.com.br\\\/deputado\\\/#organization\"},\"image\":{\"@id\":\"https:\\\/\\\/vanderloubet.com.br\\\/deputado\\\/saude-de-japora-recebe-emenda-de-r-300-mil-do-deputado-vander\\\/#primaryimage\"},\"thumbnailUrl\":\"https:\\\/\\\/vanderloubet.com.br\\\/deputado\\\/wp-content\\\/uploads\\\/2020\\\/05\\\/foto-2020-05-02-emenda-saude-japora.jpg\",\"keywords\":[\"emenda parlamentar\",\"sa\u00fade\"],\"articleSection\":[\"Multim\u00eddia\",\"Munic\u00edpios\",\"Not\u00edcias\",\"V\u00eddeos\"],\"inLanguage\":\"pt-BR\"},{\"@type\":\"WebPage\",\"@id\":\"https:\\\/\\\/vanderloubet.com.br\\\/deputado\\\/saude-de-japora-recebe-emenda-de-r-300-mil-do-deputado-vander\\\/\",\"url\":\"https:\\\/\\\/vanderloubet.com.br\\\/deputado\\\/saude-de-japora-recebe-emenda-de-r-300-mil-do-deputado-vander\\\/\",\"name\":\"Sa\u00fade de Japor\u00e3 recebe emenda de R$ 300 mil do deputado Vander\",\"isPartOf\":{\"@id\":\"https:\\\/\\\/vanderloubet.com.br\\\/deputado\\\/#website\"},\"primaryImageOfPage\":{\"@id\":\"https:\\\/\\\/vanderloubet.com.br\\\/deputado\\\/saude-de-japora-recebe-emenda-de-r-300-mil-do-deputado-vander\\\/#primaryimage\"},\"image\":{\"@id\":\"https:\\\/\\\/vanderloubet.com.br\\\/deputado\\\/saude-de-japora-recebe-emenda-de-r-300-mil-do-deputado-vander\\\/#primaryimage\"},\"thumbnailUrl\":\"https:\\\/\\\/vanderloubet.com.br\\\/deputado\\\/wp-content\\\/uploads\\\/2020\\\/05\\\/foto-2020-05-02-emenda-saude-japora.jpg\",\"datePublished\":\"2020-05-02T13:00:20+00:00\",\"dateModified\":\"2020-05-21T01:42:37+00:00\",\"description\":\"Emenda parlamentar, empenhada pelo Or\u00e7amento Geral da Uni\u00e3o de 2020, j\u00e1 foi depositado para o Fundo Municipal de Sa\u00fade de Japor\u00e3.\",\"breadcrumb\":{\"@id\":\"https:\\\/\\\/vanderloubet.com.br\\\/deputado\\\/saude-de-japora-recebe-emenda-de-r-300-mil-do-deputado-vander\\\/#breadcrumb\"},\"inLanguage\":\"pt-BR\",\"potentialAction\":[{\"@type\":\"ReadAction\",\"target\":[\"https:\\\/\\\/vanderloubet.com.br\\\/deputado\\\/saude-de-japora-recebe-emenda-de-r-300-mil-do-deputado-vander\\\/\"]}]},{\"@type\":\"ImageObject\",\"inLanguage\":\"pt-BR\",\"@id\":\"https:\\\/\\\/vanderloubet.com.br\\\/deputado\\\/saude-de-japora-recebe-emenda-de-r-300-mil-do-deputado-vander\\\/#primaryimage\",\"url\":\"https:\\\/\\\/vanderloubet.com.br\\\/deputado\\\/wp-content\\\/uploads\\\/2020\\\/05\\\/foto-2020-05-02-emenda-saude-japora.jpg\",\"contentUrl\":\"https:\\\/\\\/vanderloubet.com.br\\\/deputado\\\/wp-content\\\/uploads\\\/2020\\\/05\\\/foto-2020-05-02-emenda-saude-japora.jpg\",\"width\":1080,\"height\":608,\"caption\":\"Sa\u00fade de Japor\u00e3 recebe emenda de R$ 300 mil do deputado Vander\"},{\"@type\":\"BreadcrumbList\",\"@id\":\"https:\\\/\\\/vanderloubet.com.br\\\/deputado\\\/saude-de-japora-recebe-emenda-de-r-300-mil-do-deputado-vander\\\/#breadcrumb\",\"itemListElement\":[{\"@type\":\"ListItem\",\"position\":1,\"name\":\"In\u00edcio\",\"item\":\"https:\\\/\\\/vanderloubet.com.br\\\/deputado\\\/\"},{\"@type\":\"ListItem\",\"position\":2,\"name\":\"Sa\u00fade de Japor\u00e3 recebe emenda de R$ 300 mil do deputado Vander\"}]},{\"@type\":\"WebSite\",\"@id\":\"https:\\\/\\\/vanderloubet.com.br\\\/deputado\\\/#website\",\"url\":\"https:\\\/\\\/vanderloubet.com.br\\\/deputado\\\/\",\"name\":\"Deputado Federal Vander Loubet\",\"description\":\"O Federal de MS\",\"publisher\":{\"@id\":\"https:\\\/\\\/vanderloubet.com.br\\\/deputado\\\/#organization\"},\"alternateName\":\"Deputado Vander\",\"potentialAction\":[{\"@type\":\"SearchAction\",\"target\":{\"@type\":\"EntryPoint\",\"urlTemplate\":\"https:\\\/\\\/vanderloubet.com.br\\\/deputado\\\/?s={search_term_string}\"},\"query-input\":{\"@type\":\"PropertyValueSpecification\",\"valueRequired\":true,\"valueName\":\"search_term_string\"}}],\"inLanguage\":\"pt-BR\"},{\"@type\":\"Organization\",\"@id\":\"https:\\\/\\\/vanderloubet.com.br\\\/deputado\\\/#organization\",\"name\":\"Deputado Federal Vander Loubet\",\"alternateName\":\"Deputado Vander\",\"url\":\"https:\\\/\\\/vanderloubet.com.br\\\/deputado\\\/\",\"logo\":{\"@type\":\"ImageObject\",\"inLanguage\":\"pt-BR\",\"@id\":\"https:\\\/\\\/vanderloubet.com.br\\\/deputado\\\/#\\\/schema\\\/logo\\\/image\\\/\",\"url\":\"https:\\\/\\\/vanderloubet.com.br\\\/deputado\\\/wp-content\\\/uploads\\\/2023\\\/06\\\/foto-2023-06-19-mandato-deputado-vander.jpg\",\"contentUrl\":\"https:\\\/\\\/vanderloubet.com.br\\\/deputado\\\/wp-content\\\/uploads\\\/2023\\\/06\\\/foto-2023-06-19-mandato-deputado-vander.jpg\",\"width\":1080,\"height\":1080,\"caption\":\"Deputado Federal Vander Loubet\"},\"image\":{\"@id\":\"https:\\\/\\\/vanderloubet.com.br\\\/deputado\\\/#\\\/schema\\\/logo\\\/image\\\/\"},\"sameAs\":[\"https:\\\/\\\/facebook.com\\\/deputadovander\",\"https:\\\/\\\/x.com\\\/vanderloubet\",\"https:\\\/\\\/instagram.com\\\/vanderloubet\",\"https:\\\/\\\/youtube.com\\\/vanderloubet\",\"https:\\\/\\\/tiktok.com\\\/@vanderloubetms\"]},{\"@type\":\"Person\",\"@id\":\"https:\\\/\\\/vanderloubet.com.br\\\/deputado\\\/#\\\/schema\\\/person\\\/15b51bd564532a8a68d9dec1b8eb890e\",\"name\":\"\u00c9der\",\"image\":{\"@type\":\"ImageObject\",\"inLanguage\":\"pt-BR\",\"@id\":\"https:\\\/\\\/vanderloubet.com.br\\\/deputado\\\/wp-content\\\/litespeed\\\/avatar\\\/88ca4090d9d5ab1c9495f6ca03b68efa.jpg?ver=1777058957\",\"url\":\"https:\\\/\\\/vanderloubet.com.br\\\/deputado\\\/wp-content\\\/litespeed\\\/avatar\\\/88ca4090d9d5ab1c9495f6ca03b68efa.jpg?ver=1777058957\",\"contentUrl\":\"https:\\\/\\\/vanderloubet.com.br\\\/deputado\\\/wp-content\\\/litespeed\\\/avatar\\\/88ca4090d9d5ab1c9495f6ca03b68efa.jpg?ver=1777058957\",\"caption\":\"\u00c9der\"}}]}<\/script>\n<!-- \/ Yoast SEO plugin. -->","yoast_head_json":{"title":"Sa\u00fade de Japor\u00e3 recebe emenda de R$ 300 mil do deputado Vander","description":"Emenda parlamentar, empenhada pelo Or\u00e7amento Geral da Uni\u00e3o de 2020, j\u00e1 foi depositado para o Fundo Municipal de Sa\u00fade de Japor\u00e3.","robots":{"index":"index","follow":"follow","max-snippet":"max-snippet:-1","max-image-preview":"max-image-preview:large","max-video-preview":"max-video-preview:-1"},"canonical":"https:\/\/vanderloubet.com.br\/deputado\/saude-de-japora-recebe-emenda-de-r-300-mil-do-deputado-vander\/","og_locale":"pt_BR","og_type":"article","og_title":"Sa\u00fade de Japor\u00e3 recebe emenda de R$ 300 mil do deputado Vander","og_description":"Emenda parlamentar, empenhada pelo Or\u00e7amento Geral da Uni\u00e3o de 2020, j\u00e1 foi depositado para o Fundo Municipal de Sa\u00fade de Japor\u00e3.","og_url":"https:\/\/vanderloubet.com.br\/deputado\/saude-de-japora-recebe-emenda-de-r-300-mil-do-deputado-vander\/","og_site_name":"Deputado Federal Vander Loubet","article_publisher":"https:\/\/facebook.com\/deputadovander","article_published_time":"2020-05-02T13:00:20+00:00","article_modified_time":"2020-05-21T01:42:37+00:00","og_image":[{"width":1080,"height":608,"url":"https:\/\/vanderloubet.com.br\/deputado\/wp-content\/uploads\/2020\/05\/foto-2020-05-02-emenda-saude-japora.jpg","type":"image\/jpeg"}],"author":"\u00c9der","twitter_card":"summary_large_image","twitter_creator":"@vanderloubet","twitter_site":"@vanderloubet","schema":{"@context":"https:\/\/schema.org","@graph":[{"@type":"Article","@id":"https:\/\/vanderloubet.com.br\/deputado\/saude-de-japora-recebe-emenda-de-r-300-mil-do-deputado-vander\/#article","isPartOf":{"@id":"https:\/\/vanderloubet.com.br\/deputado\/saude-de-japora-recebe-emenda-de-r-300-mil-do-deputado-vander\/"},"author":{"name":"\u00c9der","@id":"https:\/\/vanderloubet.com.br\/deputado\/#\/schema\/person\/15b51bd564532a8a68d9dec1b8eb890e"},"headline":"Sa\u00fade de Japor\u00e3 recebe emenda de R$ 300 mil do deputado Vander","datePublished":"2020-05-02T13:00:20+00:00","dateModified":"2020-05-21T01:42:37+00:00","mainEntityOfPage":{"@id":"https:\/\/vanderloubet.com.br\/deputado\/saude-de-japora-recebe-emenda-de-r-300-mil-do-deputado-vander\/"},"wordCount":163,"publisher":{"@id":"https:\/\/vanderloubet.com.br\/deputado\/#organization"},"image":{"@id":"https:\/\/vanderloubet.com.br\/deputado\/saude-de-japora-recebe-emenda-de-r-300-mil-do-deputado-vander\/#primaryimage"},"thumbnailUrl":"https:\/\/vanderloubet.com.br\/deputado\/wp-content\/uploads\/2020\/05\/foto-2020-05-02-emenda-saude-japora.jpg","keywords":["emenda parlamentar","sa\u00fade"],"articleSection":["Multim\u00eddia","Munic\u00edpios","Not\u00edcias","V\u00eddeos"],"inLanguage":"pt-BR"},{"@type":"WebPage","@id":"https:\/\/vanderloubet.com.br\/deputado\/saude-de-japora-recebe-emenda-de-r-300-mil-do-deputado-vander\/","url":"https:\/\/vanderloubet.com.br\/deputado\/saude-de-japora-recebe-emenda-de-r-300-mil-do-deputado-vander\/","name":"Sa\u00fade de Japor\u00e3 recebe emenda de R$ 300 mil do deputado Vander","isPartOf":{"@id":"https:\/\/vanderloubet.com.br\/deputado\/#website"},"primaryImageOfPage":{"@id":"https:\/\/vanderloubet.com.br\/deputado\/saude-de-japora-recebe-emenda-de-r-300-mil-do-deputado-vander\/#primaryimage"},"image":{"@id":"https:\/\/vanderloubet.com.br\/deputado\/saude-de-japora-recebe-emenda-de-r-300-mil-do-deputado-vander\/#primaryimage"},"thumbnailUrl":"https:\/\/vanderloubet.com.br\/deputado\/wp-content\/uploads\/2020\/05\/foto-2020-05-02-emenda-saude-japora.jpg","datePublished":"2020-05-02T13:00:20+00:00","dateModified":"2020-05-21T01:42:37+00:00","description":"Emenda parlamentar, empenhada pelo Or\u00e7amento Geral da Uni\u00e3o de 2020, j\u00e1 foi depositado para o Fundo Municipal de Sa\u00fade de Japor\u00e3.","breadcrumb":{"@id":"https:\/\/vanderloubet.com.br\/deputado\/saude-de-japora-recebe-emenda-de-r-300-mil-do-deputado-vander\/#breadcrumb"},"inLanguage":"pt-BR","potentialAction":[{"@type":"ReadAction","target":["https:\/\/vanderloubet.com.br\/deputado\/saude-de-japora-recebe-emenda-de-r-300-mil-do-deputado-vander\/"]}]},{"@type":"ImageObject","inLanguage":"pt-BR","@id":"https:\/\/vanderloubet.com.br\/deputado\/saude-de-japora-recebe-emenda-de-r-300-mil-do-deputado-vander\/#primaryimage","url":"https:\/\/vanderloubet.com.br\/deputado\/wp-content\/uploads\/2020\/05\/foto-2020-05-02-emenda-saude-japora.jpg","contentUrl":"https:\/\/vanderloubet.com.br\/deputado\/wp-content\/uploads\/2020\/05\/foto-2020-05-02-emenda-saude-japora.jpg","width":1080,"height":608,"caption":"Sa\u00fade de Japor\u00e3 recebe emenda de R$ 300 mil do deputado Vander"},{"@type":"BreadcrumbList","@id":"https:\/\/vanderloubet.com.br\/deputado\/saude-de-japora-recebe-emenda-de-r-300-mil-do-deputado-vander\/#breadcrumb","itemListElement":[{"@type":"ListItem","position":1,"name":"In\u00edcio","item":"https:\/\/vanderloubet.com.br\/deputado\/"},{"@type":"ListItem","position":2,"name":"Sa\u00fade de Japor\u00e3 recebe emenda de R$ 300 mil do deputado Vander"}]},{"@type":"WebSite","@id":"https:\/\/vanderloubet.com.br\/deputado\/#website","url":"https:\/\/vanderloubet.com.br\/deputado\/","name":"Deputado Federal Vander Loubet","description":"O Federal de MS","publisher":{"@id":"https:\/\/vanderloubet.com.br\/deputado\/#organization"},"alternateName":"Deputado Vander","potentialAction":[{"@type":"SearchAction","target":{"@type":"EntryPoint","urlTemplate":"https:\/\/vanderloubet.com.br\/deputado\/?s={search_term_string}"},"query-input":{"@type":"PropertyValueSpecification","valueRequired":true,"valueName":"search_term_string"}}],"inLanguage":"pt-BR"},{"@type":"Organization","@id":"https:\/\/vanderloubet.com.br\/deputado\/#organization","name":"Deputado Federal Vander Loubet","alternateName":"Deputado Vander","url":"https:\/\/vanderloubet.com.br\/deputado\/","logo":{"@type":"ImageObject","inLanguage":"pt-BR","@id":"https:\/\/vanderloubet.com.br\/deputado\/#\/schema\/logo\/image\/","url":"https:\/\/vanderloubet.com.br\/deputado\/wp-content\/uploads\/2023\/06\/foto-2023-06-19-mandato-deputado-vander.jpg","contentUrl":"https:\/\/vanderloubet.com.br\/deputado\/wp-content\/uploads\/2023\/06\/foto-2023-06-19-mandato-deputado-vander.jpg","width":1080,"height":1080,"caption":"Deputado Federal Vander Loubet"},"image":{"@id":"https:\/\/vanderloubet.com.br\/deputado\/#\/schema\/logo\/image\/"},"sameAs":["https:\/\/facebook.com\/deputadovander","https:\/\/x.com\/vanderloubet","https:\/\/instagram.com\/vanderloubet","https:\/\/youtube.com\/vanderloubet","https:\/\/tiktok.com\/@vanderloubetms"]},{"@type":"Person","@id":"https:\/\/vanderloubet.com.br\/deputado\/#\/schema\/person\/15b51bd564532a8a68d9dec1b8eb890e","name":"\u00c9der","image":{"@type":"ImageObject","inLanguage":"pt-BR","@id":"https:\/\/vanderloubet.com.br\/deputado\/wp-content\/litespeed\/avatar\/88ca4090d9d5ab1c9495f6ca03b68efa.jpg?ver=1777058957","url":"https:\/\/vanderloubet.com.br\/deputado\/wp-content\/litespeed\/avatar\/88ca4090d9d5ab1c9495f6ca03b68efa.jpg?ver=1777058957","contentUrl":"https:\/\/vanderloubet.com.br\/deputado\/wp-content\/litespeed\/avatar\/88ca4090d9d5ab1c9495f6ca03b68efa.jpg?ver=1777058957","caption":"\u00c9der"}}]}},"jetpack_featured_media_url":"https:\/\/vanderloubet.com.br\/deputado\/wp-content\/uploads\/2020\/05\/foto-2020-05-02-emenda-saude-japora.jpg","jetpack_sharing_enabled":true,"_links":{"self":[{"href":"https:\/\/vanderloubet.com.br\/deputado\/wp-json\/wp\/v2\/posts\/16460","targetHints":{"allow":["GET"]}}],"collection":[{"href":"https:\/\/vanderloubet.com.br\/deputado\/wp-json\/wp\/v2\/posts"}],"about":[{"href":"https:\/\/vanderloubet.com.br\/deputado\/wp-json\/wp\/v2\/types\/post"}],"author":[{"embeddable":true,"href":"https:\/\/vanderloubet.com.br\/deputado\/wp-json\/wp\/v2\/users\/2"}],"replies":[{"embeddable":true,"href":"https:\/\/vanderloubet.com.br\/deputado\/wp-json\/wp\/v2\/comments?post=16460"}],"version-history":[{"count":0,"href":"https:\/\/vanderloubet.com.br\/deputado\/wp-json\/wp\/v2\/posts\/16460\/revisions"}],"wp:featuredmedia":[{"embeddable":true,"href":"https:\/\/vanderloubet.com.br\/deputado\/wp-json\/wp\/v2\/media\/16461"}],"wp:attachment":[{"href":"https:\/\/vanderloubet.com.br\/deputado\/wp-json\/wp\/v2\/media?parent=16460"}],"wp:term":[{"taxonomy":"category","embeddable":true,"href":"https:\/\/vanderloubet.com.br\/deputado\/wp-json\/wp\/v2\/categories?post=16460"},{"taxonomy":"post_tag","embeddable":true,"href":"https:\/\/vanderloubet.com.br\/deputado\/wp-json\/wp\/v2\/tags?post=16460"}],"curies":[{"name":"wp","href":"https:\/\/api.w.org\/{rel}","templated":true}]}}