{"id":16416,"date":"2020-04-15T10:11:02","date_gmt":"2020-04-15T14:11:02","guid":{"rendered":"http:\/\/vanderloubet.com.br\/deputado\/?p=16416"},"modified":"2020-04-15T10:11:02","modified_gmt":"2020-04-15T14:11:02","slug":"vander-vota-contra-mp-905-e-critica-retirada-de-direitos-trabalhistas","status":"publish","type":"post","link":"https:\/\/vanderloubet.com.br\/deputado\/vander-vota-contra-mp-905-e-critica-retirada-de-direitos-trabalhistas\/","title":{"rendered":"Vander vota contra MP 905 e critica retirada de direitos trabalhistas"},"content":{"rendered":"<p>Na contram\u00e3o de tudo que a C\u00e2mara dos Deputados vinha aprovando para ajudar o Brasil no combate ao coronav\u00edrus, o Plen\u00e1rio aprovou na noite desta ter\u00e7a-feira (14) a medida provis\u00f3ria (MP 905\/19) que ataca direitos trabalhistas com o chamado &#8220;Contrato Verde e Amarelo&#8221;. A Bancada do PT votou contra e denunciou os retrocessos que ser\u00e3o impostos \u00e0 classe trabalhadora.<\/p>\n<p>&#8220;A aprova\u00e7\u00e3o dessa MP foi um equ\u00edvoco enorme por parte da C\u00e2mara. N\u00e3o tem cabimento essa proposta do ministro Paulo Guedes e do presidente Jair Bolsonaro de querer diminuir a renda dos trabalhadores, de querer retirar direitos, como se isso fosse fazer a economia crescer&#8221;, criticou o deputado federal Vander Loubet (PT-MS), que votou contra a Medida Provis\u00f3ria.<\/p>\n<p>Vander argumenta que a hora \u00e9 de proteger os trabalhadores, de garantir sal\u00e1rio, direitos e justi\u00e7a social. &#8220;Precisamos dar e n\u00e3o retirar as condi\u00e7\u00f5es para que nossa popula\u00e7\u00e3o possa enfrentar e superar esse contexto da pandemia&#8221;, destaca.<\/p>\n<p>Na vis\u00e3o do parlamentar pantaneiro, a proposta do governo Bolsonaro nada mais \u00e9 do que uma segunda reforma trabalhista e n\u00e3o ter\u00e1 efeito positivo para o Pa\u00eds e para a classe trabalhadora.<\/p>\n<p>&#8220;Assim como as outras que foram aprovadas no governo Temer (reforma trabalhista e terceiriza\u00e7\u00e3o sem limites), essa segunda reforma trabalhista n\u00e3o vai resolver o problema do desemprego porque para gerar empregos nosso pa\u00eds precisa crescer. Sem crescimento n\u00e3o tem gera\u00e7\u00e3o de empregos. J\u00e1 est\u00e1 provado que retirar direitos trabalhistas n\u00e3o gera novos postos de trabalho, apenas precariza os empregos e reduz a renda das fam\u00edlias&#8221;, defende Vander.<\/p>\n<p>A posi\u00e7\u00e3o de Vander \u00e9 endossada pelo seu colega de Parlamento e l\u00edder da Bancada do PT, o deputado federal Enio Verri (PT-PR). Economista, Verri explica que retirar direitos e renda cont\u00e9m a demanda e, se cont\u00e9m a demanda, a economia n\u00e3o cresce. &#8220;Os lucros aumentam com a pouca produ\u00e7\u00e3o, mas a ampla maioria da popula\u00e7\u00e3o vai ficar na mis\u00e9ria&#8221;, alerta.<\/p>\n<p>O texto aprovado por 322 votos a 153, na forma da emenda aglutinativa do relator, deputado federal Christino Aureo (PP-RJ), retira dispositivos do parecer aprovado pela comiss\u00e3o mista que analisou a MP 905, entre eles o trabalho aos domingos para todos os setores da economia. Tamb\u00e9m mant\u00e9m alguns dos encargos incidentes sobre a folha de sal\u00e1rios, como o sal\u00e1rio-educa\u00e7\u00e3o de 2,5% e o Fundo de Garantia do Tempo de Servi\u00e7o (FGTS) de 8%.<\/p>\n<p>A MP 905 segue para aprecia\u00e7\u00e3o do Senado e precisa ser votada at\u00e9 o dia 20 de abril &#8211; data de validade da medida.<\/p>\n","protected":false},"excerpt":{"rendered":"<p>&#8220;Retirar direitos n\u00e3o gera novos postos de trabalho, apenas precariza os empregos e reduz a renda das fam\u00edlias&#8221;, defende o deputado.<\/p>\n","protected":false},"author":2,"featured_media":16076,"comment_status":"closed","ping_status":"closed","sticky":false,"template":"","format":"standard","meta":{"jetpack_post_was_ever_published":false,"_jetpack_newsletter_access":"","_jetpack_dont_email_post_to_subs":false,"_jetpack_newsletter_tier_id":0,"_jetpack_memberships_contains_paywalled_content":false,"_jetpack_memberships_contains_paid_content":false,"footnotes":""},"categories":[2098,10],"tags":[2302,1261,2314],"class_list":{"0":"post-16416","1":"post","2":"type-post","3":"status-publish","4":"format-standard","5":"has-post-thumbnail","7":"category-brasil-noticias","8":"category-noticias","9":"tag-direitos-trabalhistas","10":"tag-medida-provisoria","11":"tag-trabalho-e-emprego"},"yoast_head":"<!-- This site is optimized with the Yoast SEO plugin v27.4 - https:\/\/yoast.com\/product\/yoast-seo-wordpress\/ -->\n<title>Vander vota contra MP 905 e critica retirada de direitos trabalhistas<\/title>\n<meta name=\"description\" content=\"&quot;Retirar direitos n\u00e3o gera novos postos de trabalho, apenas precariza os empregos e reduz a renda das fam\u00edlias&quot;, defende o deputado.\" \/>\n<meta name=\"robots\" content=\"index, follow, max-snippet:-1, max-image-preview:large, max-video-preview:-1\" \/>\n<link rel=\"canonical\" href=\"https:\/\/vanderloubet.com.br\/deputado\/vander-vota-contra-mp-905-e-critica-retirada-de-direitos-trabalhistas\/\" \/>\n<meta property=\"og:locale\" content=\"pt_BR\" \/>\n<meta property=\"og:type\" content=\"article\" \/>\n<meta property=\"og:title\" content=\"Vander vota contra MP 905 e critica retirada de direitos trabalhistas\" \/>\n<meta property=\"og:description\" content=\"&quot;Retirar direitos n\u00e3o gera novos postos de trabalho, apenas precariza os empregos e reduz a renda das fam\u00edlias&quot;, defende o deputado.\" \/>\n<meta property=\"og:url\" content=\"https:\/\/vanderloubet.com.br\/deputado\/vander-vota-contra-mp-905-e-critica-retirada-de-direitos-trabalhistas\/\" \/>\n<meta property=\"og:site_name\" content=\"Deputado Federal Vander Loubet\" \/>\n<meta property=\"article:publisher\" content=\"https:\/\/facebook.com\/deputadovander\" \/>\n<meta property=\"article:published_time\" content=\"2020-04-15T14:11:02+00:00\" \/>\n<meta property=\"og:image\" content=\"https:\/\/vanderloubet.com.br\/deputado\/wp-content\/uploads\/2019\/10\/foto-2019-10-30-deputado-vander-loubet.jpg\" \/>\n\t<meta property=\"og:image:width\" content=\"900\" \/>\n\t<meta property=\"og:image:height\" content=\"506\" \/>\n\t<meta property=\"og:image:type\" content=\"image\/jpeg\" \/>\n<meta name=\"author\" content=\"\u00c9der\" \/>\n<meta name=\"twitter:card\" content=\"summary_large_image\" \/>\n<meta name=\"twitter:creator\" content=\"@vanderloubet\" \/>\n<meta name=\"twitter:site\" content=\"@vanderloubet\" \/>\n<script type=\"application\/ld+json\" class=\"yoast-schema-graph\">{\"@context\":\"https:\\\/\\\/schema.org\",\"@graph\":[{\"@type\":\"Article\",\"@id\":\"https:\\\/\\\/vanderloubet.com.br\\\/deputado\\\/vander-vota-contra-mp-905-e-critica-retirada-de-direitos-trabalhistas\\\/#article\",\"isPartOf\":{\"@id\":\"https:\\\/\\\/vanderloubet.com.br\\\/deputado\\\/vander-vota-contra-mp-905-e-critica-retirada-de-direitos-trabalhistas\\\/\"},\"author\":{\"name\":\"\u00c9der\",\"@id\":\"https:\\\/\\\/vanderloubet.com.br\\\/deputado\\\/#\\\/schema\\\/person\\\/15b51bd564532a8a68d9dec1b8eb890e\"},\"headline\":\"Vander vota contra MP 905 e critica retirada de direitos trabalhistas\",\"datePublished\":\"2020-04-15T14:11:02+00:00\",\"mainEntityOfPage\":{\"@id\":\"https:\\\/\\\/vanderloubet.com.br\\\/deputado\\\/vander-vota-contra-mp-905-e-critica-retirada-de-direitos-trabalhistas\\\/\"},\"wordCount\":451,\"publisher\":{\"@id\":\"https:\\\/\\\/vanderloubet.com.br\\\/deputado\\\/#organization\"},\"image\":{\"@id\":\"https:\\\/\\\/vanderloubet.com.br\\\/deputado\\\/vander-vota-contra-mp-905-e-critica-retirada-de-direitos-trabalhistas\\\/#primaryimage\"},\"thumbnailUrl\":\"https:\\\/\\\/vanderloubet.com.br\\\/deputado\\\/wp-content\\\/uploads\\\/2019\\\/10\\\/foto-2019-10-30-deputado-vander-loubet.jpg\",\"keywords\":[\"direitos trabalhistas\",\"medida provis\u00f3ria\",\"trabalho e emprego\"],\"articleSection\":[\"Brasil\",\"Not\u00edcias\"],\"inLanguage\":\"pt-BR\"},{\"@type\":\"WebPage\",\"@id\":\"https:\\\/\\\/vanderloubet.com.br\\\/deputado\\\/vander-vota-contra-mp-905-e-critica-retirada-de-direitos-trabalhistas\\\/\",\"url\":\"https:\\\/\\\/vanderloubet.com.br\\\/deputado\\\/vander-vota-contra-mp-905-e-critica-retirada-de-direitos-trabalhistas\\\/\",\"name\":\"Vander vota contra MP 905 e critica retirada de direitos trabalhistas\",\"isPartOf\":{\"@id\":\"https:\\\/\\\/vanderloubet.com.br\\\/deputado\\\/#website\"},\"primaryImageOfPage\":{\"@id\":\"https:\\\/\\\/vanderloubet.com.br\\\/deputado\\\/vander-vota-contra-mp-905-e-critica-retirada-de-direitos-trabalhistas\\\/#primaryimage\"},\"image\":{\"@id\":\"https:\\\/\\\/vanderloubet.com.br\\\/deputado\\\/vander-vota-contra-mp-905-e-critica-retirada-de-direitos-trabalhistas\\\/#primaryimage\"},\"thumbnailUrl\":\"https:\\\/\\\/vanderloubet.com.br\\\/deputado\\\/wp-content\\\/uploads\\\/2019\\\/10\\\/foto-2019-10-30-deputado-vander-loubet.jpg\",\"datePublished\":\"2020-04-15T14:11:02+00:00\",\"description\":\"\\\"Retirar direitos n\u00e3o gera novos postos de trabalho, apenas precariza os empregos e reduz a renda das fam\u00edlias\\\", defende o deputado.\",\"breadcrumb\":{\"@id\":\"https:\\\/\\\/vanderloubet.com.br\\\/deputado\\\/vander-vota-contra-mp-905-e-critica-retirada-de-direitos-trabalhistas\\\/#breadcrumb\"},\"inLanguage\":\"pt-BR\",\"potentialAction\":[{\"@type\":\"ReadAction\",\"target\":[\"https:\\\/\\\/vanderloubet.com.br\\\/deputado\\\/vander-vota-contra-mp-905-e-critica-retirada-de-direitos-trabalhistas\\\/\"]}]},{\"@type\":\"ImageObject\",\"inLanguage\":\"pt-BR\",\"@id\":\"https:\\\/\\\/vanderloubet.com.br\\\/deputado\\\/vander-vota-contra-mp-905-e-critica-retirada-de-direitos-trabalhistas\\\/#primaryimage\",\"url\":\"https:\\\/\\\/vanderloubet.com.br\\\/deputado\\\/wp-content\\\/uploads\\\/2019\\\/10\\\/foto-2019-10-30-deputado-vander-loubet.jpg\",\"contentUrl\":\"https:\\\/\\\/vanderloubet.com.br\\\/deputado\\\/wp-content\\\/uploads\\\/2019\\\/10\\\/foto-2019-10-30-deputado-vander-loubet.jpg\",\"width\":900,\"height\":506,\"caption\":\"Deputado Federal Vander Loubet (PT)\"},{\"@type\":\"BreadcrumbList\",\"@id\":\"https:\\\/\\\/vanderloubet.com.br\\\/deputado\\\/vander-vota-contra-mp-905-e-critica-retirada-de-direitos-trabalhistas\\\/#breadcrumb\",\"itemListElement\":[{\"@type\":\"ListItem\",\"position\":1,\"name\":\"In\u00edcio\",\"item\":\"https:\\\/\\\/vanderloubet.com.br\\\/deputado\\\/\"},{\"@type\":\"ListItem\",\"position\":2,\"name\":\"Vander vota contra MP 905 e critica retirada de direitos trabalhistas\"}]},{\"@type\":\"WebSite\",\"@id\":\"https:\\\/\\\/vanderloubet.com.br\\\/deputado\\\/#website\",\"url\":\"https:\\\/\\\/vanderloubet.com.br\\\/deputado\\\/\",\"name\":\"Deputado Federal Vander Loubet\",\"description\":\"O Federal de MS\",\"publisher\":{\"@id\":\"https:\\\/\\\/vanderloubet.com.br\\\/deputado\\\/#organization\"},\"alternateName\":\"Deputado Vander\",\"potentialAction\":[{\"@type\":\"SearchAction\",\"target\":{\"@type\":\"EntryPoint\",\"urlTemplate\":\"https:\\\/\\\/vanderloubet.com.br\\\/deputado\\\/?s={search_term_string}\"},\"query-input\":{\"@type\":\"PropertyValueSpecification\",\"valueRequired\":true,\"valueName\":\"search_term_string\"}}],\"inLanguage\":\"pt-BR\"},{\"@type\":\"Organization\",\"@id\":\"https:\\\/\\\/vanderloubet.com.br\\\/deputado\\\/#organization\",\"name\":\"Deputado Federal Vander Loubet\",\"alternateName\":\"Deputado Vander\",\"url\":\"https:\\\/\\\/vanderloubet.com.br\\\/deputado\\\/\",\"logo\":{\"@type\":\"ImageObject\",\"inLanguage\":\"pt-BR\",\"@id\":\"https:\\\/\\\/vanderloubet.com.br\\\/deputado\\\/#\\\/schema\\\/logo\\\/image\\\/\",\"url\":\"https:\\\/\\\/vanderloubet.com.br\\\/deputado\\\/wp-content\\\/uploads\\\/2023\\\/06\\\/foto-2023-06-19-mandato-deputado-vander.jpg\",\"contentUrl\":\"https:\\\/\\\/vanderloubet.com.br\\\/deputado\\\/wp-content\\\/uploads\\\/2023\\\/06\\\/foto-2023-06-19-mandato-deputado-vander.jpg\",\"width\":1080,\"height\":1080,\"caption\":\"Deputado Federal Vander Loubet\"},\"image\":{\"@id\":\"https:\\\/\\\/vanderloubet.com.br\\\/deputado\\\/#\\\/schema\\\/logo\\\/image\\\/\"},\"sameAs\":[\"https:\\\/\\\/facebook.com\\\/deputadovander\",\"https:\\\/\\\/x.com\\\/vanderloubet\",\"https:\\\/\\\/instagram.com\\\/vanderloubet\",\"https:\\\/\\\/youtube.com\\\/vanderloubet\",\"https:\\\/\\\/tiktok.com\\\/@vanderloubetms\"]},{\"@type\":\"Person\",\"@id\":\"https:\\\/\\\/vanderloubet.com.br\\\/deputado\\\/#\\\/schema\\\/person\\\/15b51bd564532a8a68d9dec1b8eb890e\",\"name\":\"\u00c9der\",\"image\":{\"@type\":\"ImageObject\",\"inLanguage\":\"pt-BR\",\"@id\":\"https:\\\/\\\/vanderloubet.com.br\\\/deputado\\\/wp-content\\\/litespeed\\\/avatar\\\/88ca4090d9d5ab1c9495f6ca03b68efa.jpg?ver=1777058957\",\"url\":\"https:\\\/\\\/vanderloubet.com.br\\\/deputado\\\/wp-content\\\/litespeed\\\/avatar\\\/88ca4090d9d5ab1c9495f6ca03b68efa.jpg?ver=1777058957\",\"contentUrl\":\"https:\\\/\\\/vanderloubet.com.br\\\/deputado\\\/wp-content\\\/litespeed\\\/avatar\\\/88ca4090d9d5ab1c9495f6ca03b68efa.jpg?ver=1777058957\",\"caption\":\"\u00c9der\"}}]}<\/script>\n<!-- \/ Yoast SEO plugin. -->","yoast_head_json":{"title":"Vander vota contra MP 905 e critica retirada de direitos trabalhistas","description":"\"Retirar direitos n\u00e3o gera novos postos de trabalho, apenas precariza os empregos e reduz a renda das fam\u00edlias\", defende o deputado.","robots":{"index":"index","follow":"follow","max-snippet":"max-snippet:-1","max-image-preview":"max-image-preview:large","max-video-preview":"max-video-preview:-1"},"canonical":"https:\/\/vanderloubet.com.br\/deputado\/vander-vota-contra-mp-905-e-critica-retirada-de-direitos-trabalhistas\/","og_locale":"pt_BR","og_type":"article","og_title":"Vander vota contra MP 905 e critica retirada de direitos trabalhistas","og_description":"\"Retirar direitos n\u00e3o gera novos postos de trabalho, apenas precariza os empregos e reduz a renda das fam\u00edlias\", defende o deputado.","og_url":"https:\/\/vanderloubet.com.br\/deputado\/vander-vota-contra-mp-905-e-critica-retirada-de-direitos-trabalhistas\/","og_site_name":"Deputado Federal Vander Loubet","article_publisher":"https:\/\/facebook.com\/deputadovander","article_published_time":"2020-04-15T14:11:02+00:00","og_image":[{"width":900,"height":506,"url":"https:\/\/vanderloubet.com.br\/deputado\/wp-content\/uploads\/2019\/10\/foto-2019-10-30-deputado-vander-loubet.jpg","type":"image\/jpeg"}],"author":"\u00c9der","twitter_card":"summary_large_image","twitter_creator":"@vanderloubet","twitter_site":"@vanderloubet","schema":{"@context":"https:\/\/schema.org","@graph":[{"@type":"Article","@id":"https:\/\/vanderloubet.com.br\/deputado\/vander-vota-contra-mp-905-e-critica-retirada-de-direitos-trabalhistas\/#article","isPartOf":{"@id":"https:\/\/vanderloubet.com.br\/deputado\/vander-vota-contra-mp-905-e-critica-retirada-de-direitos-trabalhistas\/"},"author":{"name":"\u00c9der","@id":"https:\/\/vanderloubet.com.br\/deputado\/#\/schema\/person\/15b51bd564532a8a68d9dec1b8eb890e"},"headline":"Vander vota contra MP 905 e critica retirada de direitos trabalhistas","datePublished":"2020-04-15T14:11:02+00:00","mainEntityOfPage":{"@id":"https:\/\/vanderloubet.com.br\/deputado\/vander-vota-contra-mp-905-e-critica-retirada-de-direitos-trabalhistas\/"},"wordCount":451,"publisher":{"@id":"https:\/\/vanderloubet.com.br\/deputado\/#organization"},"image":{"@id":"https:\/\/vanderloubet.com.br\/deputado\/vander-vota-contra-mp-905-e-critica-retirada-de-direitos-trabalhistas\/#primaryimage"},"thumbnailUrl":"https:\/\/vanderloubet.com.br\/deputado\/wp-content\/uploads\/2019\/10\/foto-2019-10-30-deputado-vander-loubet.jpg","keywords":["direitos trabalhistas","medida provis\u00f3ria","trabalho e emprego"],"articleSection":["Brasil","Not\u00edcias"],"inLanguage":"pt-BR"},{"@type":"WebPage","@id":"https:\/\/vanderloubet.com.br\/deputado\/vander-vota-contra-mp-905-e-critica-retirada-de-direitos-trabalhistas\/","url":"https:\/\/vanderloubet.com.br\/deputado\/vander-vota-contra-mp-905-e-critica-retirada-de-direitos-trabalhistas\/","name":"Vander vota contra MP 905 e critica retirada de direitos trabalhistas","isPartOf":{"@id":"https:\/\/vanderloubet.com.br\/deputado\/#website"},"primaryImageOfPage":{"@id":"https:\/\/vanderloubet.com.br\/deputado\/vander-vota-contra-mp-905-e-critica-retirada-de-direitos-trabalhistas\/#primaryimage"},"image":{"@id":"https:\/\/vanderloubet.com.br\/deputado\/vander-vota-contra-mp-905-e-critica-retirada-de-direitos-trabalhistas\/#primaryimage"},"thumbnailUrl":"https:\/\/vanderloubet.com.br\/deputado\/wp-content\/uploads\/2019\/10\/foto-2019-10-30-deputado-vander-loubet.jpg","datePublished":"2020-04-15T14:11:02+00:00","description":"\"Retirar direitos n\u00e3o gera novos postos de trabalho, apenas precariza os empregos e reduz a renda das fam\u00edlias\", defende o deputado.","breadcrumb":{"@id":"https:\/\/vanderloubet.com.br\/deputado\/vander-vota-contra-mp-905-e-critica-retirada-de-direitos-trabalhistas\/#breadcrumb"},"inLanguage":"pt-BR","potentialAction":[{"@type":"ReadAction","target":["https:\/\/vanderloubet.com.br\/deputado\/vander-vota-contra-mp-905-e-critica-retirada-de-direitos-trabalhistas\/"]}]},{"@type":"ImageObject","inLanguage":"pt-BR","@id":"https:\/\/vanderloubet.com.br\/deputado\/vander-vota-contra-mp-905-e-critica-retirada-de-direitos-trabalhistas\/#primaryimage","url":"https:\/\/vanderloubet.com.br\/deputado\/wp-content\/uploads\/2019\/10\/foto-2019-10-30-deputado-vander-loubet.jpg","contentUrl":"https:\/\/vanderloubet.com.br\/deputado\/wp-content\/uploads\/2019\/10\/foto-2019-10-30-deputado-vander-loubet.jpg","width":900,"height":506,"caption":"Deputado Federal Vander Loubet (PT)"},{"@type":"BreadcrumbList","@id":"https:\/\/vanderloubet.com.br\/deputado\/vander-vota-contra-mp-905-e-critica-retirada-de-direitos-trabalhistas\/#breadcrumb","itemListElement":[{"@type":"ListItem","position":1,"name":"In\u00edcio","item":"https:\/\/vanderloubet.com.br\/deputado\/"},{"@type":"ListItem","position":2,"name":"Vander vota contra MP 905 e critica retirada de direitos trabalhistas"}]},{"@type":"WebSite","@id":"https:\/\/vanderloubet.com.br\/deputado\/#website","url":"https:\/\/vanderloubet.com.br\/deputado\/","name":"Deputado Federal Vander Loubet","description":"O Federal de MS","publisher":{"@id":"https:\/\/vanderloubet.com.br\/deputado\/#organization"},"alternateName":"Deputado Vander","potentialAction":[{"@type":"SearchAction","target":{"@type":"EntryPoint","urlTemplate":"https:\/\/vanderloubet.com.br\/deputado\/?s={search_term_string}"},"query-input":{"@type":"PropertyValueSpecification","valueRequired":true,"valueName":"search_term_string"}}],"inLanguage":"pt-BR"},{"@type":"Organization","@id":"https:\/\/vanderloubet.com.br\/deputado\/#organization","name":"Deputado Federal Vander Loubet","alternateName":"Deputado Vander","url":"https:\/\/vanderloubet.com.br\/deputado\/","logo":{"@type":"ImageObject","inLanguage":"pt-BR","@id":"https:\/\/vanderloubet.com.br\/deputado\/#\/schema\/logo\/image\/","url":"https:\/\/vanderloubet.com.br\/deputado\/wp-content\/uploads\/2023\/06\/foto-2023-06-19-mandato-deputado-vander.jpg","contentUrl":"https:\/\/vanderloubet.com.br\/deputado\/wp-content\/uploads\/2023\/06\/foto-2023-06-19-mandato-deputado-vander.jpg","width":1080,"height":1080,"caption":"Deputado Federal Vander Loubet"},"image":{"@id":"https:\/\/vanderloubet.com.br\/deputado\/#\/schema\/logo\/image\/"},"sameAs":["https:\/\/facebook.com\/deputadovander","https:\/\/x.com\/vanderloubet","https:\/\/instagram.com\/vanderloubet","https:\/\/youtube.com\/vanderloubet","https:\/\/tiktok.com\/@vanderloubetms"]},{"@type":"Person","@id":"https:\/\/vanderloubet.com.br\/deputado\/#\/schema\/person\/15b51bd564532a8a68d9dec1b8eb890e","name":"\u00c9der","image":{"@type":"ImageObject","inLanguage":"pt-BR","@id":"https:\/\/vanderloubet.com.br\/deputado\/wp-content\/litespeed\/avatar\/88ca4090d9d5ab1c9495f6ca03b68efa.jpg?ver=1777058957","url":"https:\/\/vanderloubet.com.br\/deputado\/wp-content\/litespeed\/avatar\/88ca4090d9d5ab1c9495f6ca03b68efa.jpg?ver=1777058957","contentUrl":"https:\/\/vanderloubet.com.br\/deputado\/wp-content\/litespeed\/avatar\/88ca4090d9d5ab1c9495f6ca03b68efa.jpg?ver=1777058957","caption":"\u00c9der"}}]}},"jetpack_featured_media_url":"https:\/\/vanderloubet.com.br\/deputado\/wp-content\/uploads\/2019\/10\/foto-2019-10-30-deputado-vander-loubet.jpg","jetpack_sharing_enabled":true,"_links":{"self":[{"href":"https:\/\/vanderloubet.com.br\/deputado\/wp-json\/wp\/v2\/posts\/16416","targetHints":{"allow":["GET"]}}],"collection":[{"href":"https:\/\/vanderloubet.com.br\/deputado\/wp-json\/wp\/v2\/posts"}],"about":[{"href":"https:\/\/vanderloubet.com.br\/deputado\/wp-json\/wp\/v2\/types\/post"}],"author":[{"embeddable":true,"href":"https:\/\/vanderloubet.com.br\/deputado\/wp-json\/wp\/v2\/users\/2"}],"replies":[{"embeddable":true,"href":"https:\/\/vanderloubet.com.br\/deputado\/wp-json\/wp\/v2\/comments?post=16416"}],"version-history":[{"count":0,"href":"https:\/\/vanderloubet.com.br\/deputado\/wp-json\/wp\/v2\/posts\/16416\/revisions"}],"wp:featuredmedia":[{"embeddable":true,"href":"https:\/\/vanderloubet.com.br\/deputado\/wp-json\/wp\/v2\/media\/16076"}],"wp:attachment":[{"href":"https:\/\/vanderloubet.com.br\/deputado\/wp-json\/wp\/v2\/media?parent=16416"}],"wp:term":[{"taxonomy":"category","embeddable":true,"href":"https:\/\/vanderloubet.com.br\/deputado\/wp-json\/wp\/v2\/categories?post=16416"},{"taxonomy":"post_tag","embeddable":true,"href":"https:\/\/vanderloubet.com.br\/deputado\/wp-json\/wp\/v2\/tags?post=16416"}],"curies":[{"name":"wp","href":"https:\/\/api.w.org\/{rel}","templated":true}]}}