{"id":16386,"date":"2020-04-02T11:46:39","date_gmt":"2020-04-02T15:46:39","guid":{"rendered":"http:\/\/vanderloubet.com.br\/deputado\/?p=16386"},"modified":"2020-04-02T11:57:34","modified_gmt":"2020-04-02T15:57:34","slug":"deputados-apresentam-plano-para-proteger-indigenas-do-coronavirus","status":"publish","type":"post","link":"https:\/\/vanderloubet.com.br\/deputado\/deputados-apresentam-plano-para-proteger-indigenas-do-coronavirus\/","title":{"rendered":"Deputados apresentam plano para proteger ind\u00edgenas do coronav\u00edrus"},"content":{"rendered":"<p>O primeiro caso de ind\u00edgena infectado pelo coronav\u00edrus foi registrado na quarta-feira (1\u00ba de abril), em Santo Ant\u00f4nio do I\u00e7\u00e1, no Amazonas. Uma ind\u00edgena de 19 anos, da etnia Kokama, que mora na Aldeia S\u00e3o Jos\u00e9, h\u00e1 250 quil\u00f4metros da fronteira com a Col\u00f4mbia. O pa\u00eds vizinho registrou os dois primeiros casos de Covid-19 entre ind\u00edgenas no dia 31 de mar\u00e7o. As informa\u00e7\u00f5es foram publicadas pelo jornal O Globo.<\/p>\n<p>Em coletiva de imprensa, o ministro da Sa\u00fade, Luiz Henrique Mandetta, afirmou que essa \u00e9 uma grande preocupa\u00e7\u00e3o para a pasta. &#8220;A hist\u00f3ria de rela\u00e7\u00e3o dos ind\u00edgenas com os v\u00edrus e pat\u00f3genos dos n\u00e3o-ind\u00edgenas, dos caucasianos, dos europeus, enfim, sempre foram hist\u00f3rias em que os ind\u00edgenas t\u00eam uma resposta muito diferente e podem ter curva maior em rela\u00e7\u00e3o a letalidade e morbidade dessa doen\u00e7a&#8221;, disse Mandetta.<\/p>\n<p>Justamente para evitar que a Covid-19 dizime as popula\u00e7\u00f5es tradicionais brasileiras, deputados que integram a Frente Parlamentar Mista em Defesa dos Direitos dos Povos Ind\u00edgenas, coordenada pela deputada Joenia Wapichana (Rede-RR), protocolaram na C\u00e2mara Federal um projeto de lei que institui o &#8220;Plano Emergencial para Enfrentamento ao coronav\u00edrus nos territ\u00f3rios ind\u00edgenas&#8221;, com medidas espec\u00edficas de vigil\u00e2ncia sanit\u00e1ria e epidemiologia para preven\u00e7\u00e3o do cont\u00e1gio e da dissemina\u00e7\u00e3o do coronav\u00edrus.<\/p>\n<p>Para o deputado Vander Loubet (PT-MS), que \u00e9 membro da Frente e que na ter\u00e7a-feira (31\/03) recebeu lideran\u00e7as de aldeias para tratar desse tema, o plano emergencial \u00e9 fundamental para o atendimento dos ind\u00edgenas, tendo em vista as condi\u00e7\u00f5es de muitas das comunidades espalhadas pelo Pa\u00eds.<\/p>\n<figure id=\"attachment_16388\" aria-describedby=\"caption-attachment-16388\" style=\"width: 696px\" class=\"wp-caption aligncenter\"><img decoding=\"async\" class=\"wp-image-16388 size-large\" src=\"http:\/\/vanderloubet.com.br\/deputado\/wp-content\/uploads\/2020\/04\/foto-2020-04-02-vander-liderancas-indigenas-700x467.jpg\" alt=\"Deputado Vander recebeu lideran\u00e7as ind\u00edgenas preocupadas com o coronav\u00edrus\" width=\"696\" height=\"464\" srcset=\"https:\/\/vanderloubet.com.br\/deputado\/wp-content\/uploads\/2020\/04\/foto-2020-04-02-vander-liderancas-indigenas-700x467.jpg 700w, https:\/\/vanderloubet.com.br\/deputado\/wp-content\/uploads\/2020\/04\/foto-2020-04-02-vander-liderancas-indigenas-350x233.jpg 350w, https:\/\/vanderloubet.com.br\/deputado\/wp-content\/uploads\/2020\/04\/foto-2020-04-02-vander-liderancas-indigenas-768x512.jpg 768w, https:\/\/vanderloubet.com.br\/deputado\/wp-content\/uploads\/2020\/04\/foto-2020-04-02-vander-liderancas-indigenas-630x420.jpg 630w, https:\/\/vanderloubet.com.br\/deputado\/wp-content\/uploads\/2020\/04\/foto-2020-04-02-vander-liderancas-indigenas-696x464.jpg 696w, https:\/\/vanderloubet.com.br\/deputado\/wp-content\/uploads\/2020\/04\/foto-2020-04-02-vander-liderancas-indigenas.jpg 960w\" sizes=\"(max-width: 696px) 100vw, 696px\" \/><figcaption id=\"caption-attachment-16388\" class=\"wp-caption-text\">Deputado Vander recebeu lideran\u00e7as ind\u00edgenas preocupadas com o coronav\u00edrus<\/figcaption><\/figure>\n<p>&#8220;Infelizmente, h\u00e1 v\u00e1rias aldeias onde nossas popula\u00e7\u00f5es ind\u00edgenas sofrem com problemas como desnutri\u00e7\u00e3o infantil, falta de saneamento b\u00e1sico e atendimento prec\u00e1rio em sa\u00fade. Isso deixa esses povos muito vulner\u00e1veis a uma doen\u00e7a como a causada pelo coronav\u00edrus. Neste momento de luta e enfrentamento que o Brasil est\u00e1 travando contra a Covid-19, n\u00e3o podemos nos esquecer dos nossos irm\u00e3os e irm\u00e3s ind\u00edgenas&#8221;, afirma Vander.<\/p>\n<p>Segundo a Associa\u00e7\u00e3o Brasileira de Sa\u00fade Coletiva (Abrasco), as doen\u00e7as infecciosas, quando introduzidas em grupos ind\u00edgenas, tendem a se espalhar rapidamente e atingir grande parte dessas popula\u00e7\u00f5es, com graves manifesta\u00e7\u00f5es em crian\u00e7as e idosos. &#8220;Essas situa\u00e7\u00f5es desestruturam a organiza\u00e7\u00e3o da vida cotidiana desses povos e a manuten\u00e7\u00e3o dos cuidados de sa\u00fade, agravando ainda mais as consequ\u00eancias de uma pandemia&#8221;, afirma um alerta emitido pela entidade.<\/p>\n<p>Al\u00e9m de medidas espec\u00edficas de vigil\u00e2ncia sanit\u00e1ria e epidemiologia para preven\u00e7\u00e3o do cont\u00e1gio e da dissemina\u00e7\u00e3o do coronav\u00edrus nas aldeias, o texto apresentado suspende todos os mandados de reintegra\u00e7\u00e3o de posse, imiss\u00e3o na posse, despejos e remo\u00e7\u00f5es judiciais ou extrajudiciais em desfavor de povos ind\u00edgenas, enquanto durarem os efeitos da pandemia. O projeto tamb\u00e9m prev\u00ea que o poder p\u00fablico deve suspender qualquer iniciativa que vise anular os procedimentos de estudo, identifica\u00e7\u00e3o e demarca\u00e7\u00e3o de territ\u00f3rios ind\u00edgenas em curso nesse per\u00edodo, para que se evite contato com esses povos.<\/p>\n","protected":false},"excerpt":{"rendered":"<p>Projeto de lei prev\u00ea medidas espec\u00edficas de vigil\u00e2ncia sanit\u00e1ria e epidemiologia para preven\u00e7\u00e3o \u00e0 Covid-19 nas aldeias.<\/p>\n","protected":false},"author":2,"featured_media":16387,"comment_status":"closed","ping_status":"closed","sticky":false,"template":"","format":"standard","meta":{"jetpack_post_was_ever_published":false,"_jetpack_newsletter_access":"","_jetpack_dont_email_post_to_subs":false,"_jetpack_newsletter_tier_id":0,"_jetpack_memberships_contains_paywalled_content":false,"_jetpack_memberships_contains_paid_content":false,"footnotes":""},"categories":[2098,10],"tags":[2373,1635,1803],"class_list":{"0":"post-16386","1":"post","2":"type-post","3":"status-publish","4":"format-standard","5":"has-post-thumbnail","7":"category-brasil-noticias","8":"category-noticias","9":"tag-aldeia-indigena","10":"tag-projeto-de-lei","11":"tag-saude"},"yoast_head":"<!-- This site is optimized with the Yoast SEO plugin v27.4 - https:\/\/yoast.com\/product\/yoast-seo-wordpress\/ -->\n<title>Deputados apresentam plano para proteger ind\u00edgenas do coronav\u00edrus<\/title>\n<meta name=\"description\" content=\"Projeto de lei prev\u00ea medidas espec\u00edficas de vigil\u00e2ncia sanit\u00e1ria e epidemiologia para preven\u00e7\u00e3o \u00e0 Covid-19 nas aldeias.\" \/>\n<meta name=\"robots\" content=\"index, follow, max-snippet:-1, max-image-preview:large, max-video-preview:-1\" \/>\n<link rel=\"canonical\" href=\"https:\/\/vanderloubet.com.br\/deputado\/deputados-apresentam-plano-para-proteger-indigenas-do-coronavirus\/\" \/>\n<meta property=\"og:locale\" content=\"pt_BR\" \/>\n<meta property=\"og:type\" content=\"article\" \/>\n<meta property=\"og:title\" content=\"Deputados apresentam plano para proteger ind\u00edgenas do coronav\u00edrus\" \/>\n<meta property=\"og:description\" content=\"Projeto de lei prev\u00ea medidas espec\u00edficas de vigil\u00e2ncia sanit\u00e1ria e epidemiologia para preven\u00e7\u00e3o \u00e0 Covid-19 nas aldeias.\" \/>\n<meta property=\"og:url\" content=\"https:\/\/vanderloubet.com.br\/deputado\/deputados-apresentam-plano-para-proteger-indigenas-do-coronavirus\/\" \/>\n<meta property=\"og:site_name\" content=\"Deputado Federal Vander Loubet\" \/>\n<meta property=\"article:publisher\" content=\"https:\/\/facebook.com\/deputadovander\" \/>\n<meta property=\"article:published_time\" content=\"2020-04-02T15:46:39+00:00\" \/>\n<meta property=\"article:modified_time\" content=\"2020-04-02T15:57:34+00:00\" \/>\n<meta property=\"og:image\" content=\"https:\/\/vanderloubet.com.br\/deputado\/wp-content\/uploads\/2020\/04\/foto-2020-04-02-indigenas.jpg\" \/>\n\t<meta property=\"og:image:width\" content=\"900\" \/>\n\t<meta property=\"og:image:height\" content=\"600\" \/>\n\t<meta property=\"og:image:type\" content=\"image\/jpeg\" \/>\n<meta name=\"author\" content=\"\u00c9der\" \/>\n<meta name=\"twitter:card\" content=\"summary_large_image\" \/>\n<meta name=\"twitter:creator\" content=\"@vanderloubet\" \/>\n<meta name=\"twitter:site\" content=\"@vanderloubet\" \/>\n<script type=\"application\/ld+json\" class=\"yoast-schema-graph\">{\"@context\":\"https:\\\/\\\/schema.org\",\"@graph\":[{\"@type\":\"Article\",\"@id\":\"https:\\\/\\\/vanderloubet.com.br\\\/deputado\\\/deputados-apresentam-plano-para-proteger-indigenas-do-coronavirus\\\/#article\",\"isPartOf\":{\"@id\":\"https:\\\/\\\/vanderloubet.com.br\\\/deputado\\\/deputados-apresentam-plano-para-proteger-indigenas-do-coronavirus\\\/\"},\"author\":{\"name\":\"\u00c9der\",\"@id\":\"https:\\\/\\\/vanderloubet.com.br\\\/deputado\\\/#\\\/schema\\\/person\\\/15b51bd564532a8a68d9dec1b8eb890e\"},\"headline\":\"Deputados apresentam plano para proteger ind\u00edgenas do coronav\u00edrus\",\"datePublished\":\"2020-04-02T15:46:39+00:00\",\"dateModified\":\"2020-04-02T15:57:34+00:00\",\"mainEntityOfPage\":{\"@id\":\"https:\\\/\\\/vanderloubet.com.br\\\/deputado\\\/deputados-apresentam-plano-para-proteger-indigenas-do-coronavirus\\\/\"},\"wordCount\":574,\"publisher\":{\"@id\":\"https:\\\/\\\/vanderloubet.com.br\\\/deputado\\\/#organization\"},\"image\":{\"@id\":\"https:\\\/\\\/vanderloubet.com.br\\\/deputado\\\/deputados-apresentam-plano-para-proteger-indigenas-do-coronavirus\\\/#primaryimage\"},\"thumbnailUrl\":\"https:\\\/\\\/vanderloubet.com.br\\\/deputado\\\/wp-content\\\/uploads\\\/2020\\\/04\\\/foto-2020-04-02-indigenas.jpg\",\"keywords\":[\"aldeia ind\u00edgena\",\"projeto de lei\",\"sa\u00fade\"],\"articleSection\":[\"Brasil\",\"Not\u00edcias\"],\"inLanguage\":\"pt-BR\"},{\"@type\":\"WebPage\",\"@id\":\"https:\\\/\\\/vanderloubet.com.br\\\/deputado\\\/deputados-apresentam-plano-para-proteger-indigenas-do-coronavirus\\\/\",\"url\":\"https:\\\/\\\/vanderloubet.com.br\\\/deputado\\\/deputados-apresentam-plano-para-proteger-indigenas-do-coronavirus\\\/\",\"name\":\"Deputados apresentam plano para proteger ind\u00edgenas do coronav\u00edrus\",\"isPartOf\":{\"@id\":\"https:\\\/\\\/vanderloubet.com.br\\\/deputado\\\/#website\"},\"primaryImageOfPage\":{\"@id\":\"https:\\\/\\\/vanderloubet.com.br\\\/deputado\\\/deputados-apresentam-plano-para-proteger-indigenas-do-coronavirus\\\/#primaryimage\"},\"image\":{\"@id\":\"https:\\\/\\\/vanderloubet.com.br\\\/deputado\\\/deputados-apresentam-plano-para-proteger-indigenas-do-coronavirus\\\/#primaryimage\"},\"thumbnailUrl\":\"https:\\\/\\\/vanderloubet.com.br\\\/deputado\\\/wp-content\\\/uploads\\\/2020\\\/04\\\/foto-2020-04-02-indigenas.jpg\",\"datePublished\":\"2020-04-02T15:46:39+00:00\",\"dateModified\":\"2020-04-02T15:57:34+00:00\",\"description\":\"Projeto de lei prev\u00ea medidas espec\u00edficas de vigil\u00e2ncia sanit\u00e1ria e epidemiologia para preven\u00e7\u00e3o \u00e0 Covid-19 nas aldeias.\",\"breadcrumb\":{\"@id\":\"https:\\\/\\\/vanderloubet.com.br\\\/deputado\\\/deputados-apresentam-plano-para-proteger-indigenas-do-coronavirus\\\/#breadcrumb\"},\"inLanguage\":\"pt-BR\",\"potentialAction\":[{\"@type\":\"ReadAction\",\"target\":[\"https:\\\/\\\/vanderloubet.com.br\\\/deputado\\\/deputados-apresentam-plano-para-proteger-indigenas-do-coronavirus\\\/\"]}]},{\"@type\":\"ImageObject\",\"inLanguage\":\"pt-BR\",\"@id\":\"https:\\\/\\\/vanderloubet.com.br\\\/deputado\\\/deputados-apresentam-plano-para-proteger-indigenas-do-coronavirus\\\/#primaryimage\",\"url\":\"https:\\\/\\\/vanderloubet.com.br\\\/deputado\\\/wp-content\\\/uploads\\\/2020\\\/04\\\/foto-2020-04-02-indigenas.jpg\",\"contentUrl\":\"https:\\\/\\\/vanderloubet.com.br\\\/deputado\\\/wp-content\\\/uploads\\\/2020\\\/04\\\/foto-2020-04-02-indigenas.jpg\",\"width\":900,\"height\":600,\"caption\":\"Projeto de lei prev\u00ea plano de enfrentamento ao coronav\u00edrus nos territ\u00f3rios ind\u00edgenas\"},{\"@type\":\"BreadcrumbList\",\"@id\":\"https:\\\/\\\/vanderloubet.com.br\\\/deputado\\\/deputados-apresentam-plano-para-proteger-indigenas-do-coronavirus\\\/#breadcrumb\",\"itemListElement\":[{\"@type\":\"ListItem\",\"position\":1,\"name\":\"In\u00edcio\",\"item\":\"https:\\\/\\\/vanderloubet.com.br\\\/deputado\\\/\"},{\"@type\":\"ListItem\",\"position\":2,\"name\":\"Deputados apresentam plano para proteger ind\u00edgenas do coronav\u00edrus\"}]},{\"@type\":\"WebSite\",\"@id\":\"https:\\\/\\\/vanderloubet.com.br\\\/deputado\\\/#website\",\"url\":\"https:\\\/\\\/vanderloubet.com.br\\\/deputado\\\/\",\"name\":\"Deputado Federal Vander Loubet\",\"description\":\"O Federal de MS\",\"publisher\":{\"@id\":\"https:\\\/\\\/vanderloubet.com.br\\\/deputado\\\/#organization\"},\"alternateName\":\"Deputado Vander\",\"potentialAction\":[{\"@type\":\"SearchAction\",\"target\":{\"@type\":\"EntryPoint\",\"urlTemplate\":\"https:\\\/\\\/vanderloubet.com.br\\\/deputado\\\/?s={search_term_string}\"},\"query-input\":{\"@type\":\"PropertyValueSpecification\",\"valueRequired\":true,\"valueName\":\"search_term_string\"}}],\"inLanguage\":\"pt-BR\"},{\"@type\":\"Organization\",\"@id\":\"https:\\\/\\\/vanderloubet.com.br\\\/deputado\\\/#organization\",\"name\":\"Deputado Federal Vander Loubet\",\"alternateName\":\"Deputado Vander\",\"url\":\"https:\\\/\\\/vanderloubet.com.br\\\/deputado\\\/\",\"logo\":{\"@type\":\"ImageObject\",\"inLanguage\":\"pt-BR\",\"@id\":\"https:\\\/\\\/vanderloubet.com.br\\\/deputado\\\/#\\\/schema\\\/logo\\\/image\\\/\",\"url\":\"https:\\\/\\\/vanderloubet.com.br\\\/deputado\\\/wp-content\\\/uploads\\\/2023\\\/06\\\/foto-2023-06-19-mandato-deputado-vander.jpg\",\"contentUrl\":\"https:\\\/\\\/vanderloubet.com.br\\\/deputado\\\/wp-content\\\/uploads\\\/2023\\\/06\\\/foto-2023-06-19-mandato-deputado-vander.jpg\",\"width\":1080,\"height\":1080,\"caption\":\"Deputado Federal Vander Loubet\"},\"image\":{\"@id\":\"https:\\\/\\\/vanderloubet.com.br\\\/deputado\\\/#\\\/schema\\\/logo\\\/image\\\/\"},\"sameAs\":[\"https:\\\/\\\/facebook.com\\\/deputadovander\",\"https:\\\/\\\/x.com\\\/vanderloubet\",\"https:\\\/\\\/instagram.com\\\/vanderloubet\",\"https:\\\/\\\/youtube.com\\\/vanderloubet\",\"https:\\\/\\\/tiktok.com\\\/@vanderloubetms\"]},{\"@type\":\"Person\",\"@id\":\"https:\\\/\\\/vanderloubet.com.br\\\/deputado\\\/#\\\/schema\\\/person\\\/15b51bd564532a8a68d9dec1b8eb890e\",\"name\":\"\u00c9der\",\"image\":{\"@type\":\"ImageObject\",\"inLanguage\":\"pt-BR\",\"@id\":\"https:\\\/\\\/vanderloubet.com.br\\\/deputado\\\/wp-content\\\/litespeed\\\/avatar\\\/88ca4090d9d5ab1c9495f6ca03b68efa.jpg?ver=1777058957\",\"url\":\"https:\\\/\\\/vanderloubet.com.br\\\/deputado\\\/wp-content\\\/litespeed\\\/avatar\\\/88ca4090d9d5ab1c9495f6ca03b68efa.jpg?ver=1777058957\",\"contentUrl\":\"https:\\\/\\\/vanderloubet.com.br\\\/deputado\\\/wp-content\\\/litespeed\\\/avatar\\\/88ca4090d9d5ab1c9495f6ca03b68efa.jpg?ver=1777058957\",\"caption\":\"\u00c9der\"}}]}<\/script>\n<!-- \/ Yoast SEO plugin. -->","yoast_head_json":{"title":"Deputados apresentam plano para proteger ind\u00edgenas do coronav\u00edrus","description":"Projeto de lei prev\u00ea medidas espec\u00edficas de vigil\u00e2ncia sanit\u00e1ria e epidemiologia para preven\u00e7\u00e3o \u00e0 Covid-19 nas aldeias.","robots":{"index":"index","follow":"follow","max-snippet":"max-snippet:-1","max-image-preview":"max-image-preview:large","max-video-preview":"max-video-preview:-1"},"canonical":"https:\/\/vanderloubet.com.br\/deputado\/deputados-apresentam-plano-para-proteger-indigenas-do-coronavirus\/","og_locale":"pt_BR","og_type":"article","og_title":"Deputados apresentam plano para proteger ind\u00edgenas do coronav\u00edrus","og_description":"Projeto de lei prev\u00ea medidas espec\u00edficas de vigil\u00e2ncia sanit\u00e1ria e epidemiologia para preven\u00e7\u00e3o \u00e0 Covid-19 nas aldeias.","og_url":"https:\/\/vanderloubet.com.br\/deputado\/deputados-apresentam-plano-para-proteger-indigenas-do-coronavirus\/","og_site_name":"Deputado Federal Vander Loubet","article_publisher":"https:\/\/facebook.com\/deputadovander","article_published_time":"2020-04-02T15:46:39+00:00","article_modified_time":"2020-04-02T15:57:34+00:00","og_image":[{"width":900,"height":600,"url":"https:\/\/vanderloubet.com.br\/deputado\/wp-content\/uploads\/2020\/04\/foto-2020-04-02-indigenas.jpg","type":"image\/jpeg"}],"author":"\u00c9der","twitter_card":"summary_large_image","twitter_creator":"@vanderloubet","twitter_site":"@vanderloubet","schema":{"@context":"https:\/\/schema.org","@graph":[{"@type":"Article","@id":"https:\/\/vanderloubet.com.br\/deputado\/deputados-apresentam-plano-para-proteger-indigenas-do-coronavirus\/#article","isPartOf":{"@id":"https:\/\/vanderloubet.com.br\/deputado\/deputados-apresentam-plano-para-proteger-indigenas-do-coronavirus\/"},"author":{"name":"\u00c9der","@id":"https:\/\/vanderloubet.com.br\/deputado\/#\/schema\/person\/15b51bd564532a8a68d9dec1b8eb890e"},"headline":"Deputados apresentam plano para proteger ind\u00edgenas do coronav\u00edrus","datePublished":"2020-04-02T15:46:39+00:00","dateModified":"2020-04-02T15:57:34+00:00","mainEntityOfPage":{"@id":"https:\/\/vanderloubet.com.br\/deputado\/deputados-apresentam-plano-para-proteger-indigenas-do-coronavirus\/"},"wordCount":574,"publisher":{"@id":"https:\/\/vanderloubet.com.br\/deputado\/#organization"},"image":{"@id":"https:\/\/vanderloubet.com.br\/deputado\/deputados-apresentam-plano-para-proteger-indigenas-do-coronavirus\/#primaryimage"},"thumbnailUrl":"https:\/\/vanderloubet.com.br\/deputado\/wp-content\/uploads\/2020\/04\/foto-2020-04-02-indigenas.jpg","keywords":["aldeia ind\u00edgena","projeto de lei","sa\u00fade"],"articleSection":["Brasil","Not\u00edcias"],"inLanguage":"pt-BR"},{"@type":"WebPage","@id":"https:\/\/vanderloubet.com.br\/deputado\/deputados-apresentam-plano-para-proteger-indigenas-do-coronavirus\/","url":"https:\/\/vanderloubet.com.br\/deputado\/deputados-apresentam-plano-para-proteger-indigenas-do-coronavirus\/","name":"Deputados apresentam plano para proteger ind\u00edgenas do coronav\u00edrus","isPartOf":{"@id":"https:\/\/vanderloubet.com.br\/deputado\/#website"},"primaryImageOfPage":{"@id":"https:\/\/vanderloubet.com.br\/deputado\/deputados-apresentam-plano-para-proteger-indigenas-do-coronavirus\/#primaryimage"},"image":{"@id":"https:\/\/vanderloubet.com.br\/deputado\/deputados-apresentam-plano-para-proteger-indigenas-do-coronavirus\/#primaryimage"},"thumbnailUrl":"https:\/\/vanderloubet.com.br\/deputado\/wp-content\/uploads\/2020\/04\/foto-2020-04-02-indigenas.jpg","datePublished":"2020-04-02T15:46:39+00:00","dateModified":"2020-04-02T15:57:34+00:00","description":"Projeto de lei prev\u00ea medidas espec\u00edficas de vigil\u00e2ncia sanit\u00e1ria e epidemiologia para preven\u00e7\u00e3o \u00e0 Covid-19 nas aldeias.","breadcrumb":{"@id":"https:\/\/vanderloubet.com.br\/deputado\/deputados-apresentam-plano-para-proteger-indigenas-do-coronavirus\/#breadcrumb"},"inLanguage":"pt-BR","potentialAction":[{"@type":"ReadAction","target":["https:\/\/vanderloubet.com.br\/deputado\/deputados-apresentam-plano-para-proteger-indigenas-do-coronavirus\/"]}]},{"@type":"ImageObject","inLanguage":"pt-BR","@id":"https:\/\/vanderloubet.com.br\/deputado\/deputados-apresentam-plano-para-proteger-indigenas-do-coronavirus\/#primaryimage","url":"https:\/\/vanderloubet.com.br\/deputado\/wp-content\/uploads\/2020\/04\/foto-2020-04-02-indigenas.jpg","contentUrl":"https:\/\/vanderloubet.com.br\/deputado\/wp-content\/uploads\/2020\/04\/foto-2020-04-02-indigenas.jpg","width":900,"height":600,"caption":"Projeto de lei prev\u00ea plano de enfrentamento ao coronav\u00edrus nos territ\u00f3rios ind\u00edgenas"},{"@type":"BreadcrumbList","@id":"https:\/\/vanderloubet.com.br\/deputado\/deputados-apresentam-plano-para-proteger-indigenas-do-coronavirus\/#breadcrumb","itemListElement":[{"@type":"ListItem","position":1,"name":"In\u00edcio","item":"https:\/\/vanderloubet.com.br\/deputado\/"},{"@type":"ListItem","position":2,"name":"Deputados apresentam plano para proteger ind\u00edgenas do coronav\u00edrus"}]},{"@type":"WebSite","@id":"https:\/\/vanderloubet.com.br\/deputado\/#website","url":"https:\/\/vanderloubet.com.br\/deputado\/","name":"Deputado Federal Vander Loubet","description":"O Federal de MS","publisher":{"@id":"https:\/\/vanderloubet.com.br\/deputado\/#organization"},"alternateName":"Deputado Vander","potentialAction":[{"@type":"SearchAction","target":{"@type":"EntryPoint","urlTemplate":"https:\/\/vanderloubet.com.br\/deputado\/?s={search_term_string}"},"query-input":{"@type":"PropertyValueSpecification","valueRequired":true,"valueName":"search_term_string"}}],"inLanguage":"pt-BR"},{"@type":"Organization","@id":"https:\/\/vanderloubet.com.br\/deputado\/#organization","name":"Deputado Federal Vander Loubet","alternateName":"Deputado Vander","url":"https:\/\/vanderloubet.com.br\/deputado\/","logo":{"@type":"ImageObject","inLanguage":"pt-BR","@id":"https:\/\/vanderloubet.com.br\/deputado\/#\/schema\/logo\/image\/","url":"https:\/\/vanderloubet.com.br\/deputado\/wp-content\/uploads\/2023\/06\/foto-2023-06-19-mandato-deputado-vander.jpg","contentUrl":"https:\/\/vanderloubet.com.br\/deputado\/wp-content\/uploads\/2023\/06\/foto-2023-06-19-mandato-deputado-vander.jpg","width":1080,"height":1080,"caption":"Deputado Federal Vander Loubet"},"image":{"@id":"https:\/\/vanderloubet.com.br\/deputado\/#\/schema\/logo\/image\/"},"sameAs":["https:\/\/facebook.com\/deputadovander","https:\/\/x.com\/vanderloubet","https:\/\/instagram.com\/vanderloubet","https:\/\/youtube.com\/vanderloubet","https:\/\/tiktok.com\/@vanderloubetms"]},{"@type":"Person","@id":"https:\/\/vanderloubet.com.br\/deputado\/#\/schema\/person\/15b51bd564532a8a68d9dec1b8eb890e","name":"\u00c9der","image":{"@type":"ImageObject","inLanguage":"pt-BR","@id":"https:\/\/vanderloubet.com.br\/deputado\/wp-content\/litespeed\/avatar\/88ca4090d9d5ab1c9495f6ca03b68efa.jpg?ver=1777058957","url":"https:\/\/vanderloubet.com.br\/deputado\/wp-content\/litespeed\/avatar\/88ca4090d9d5ab1c9495f6ca03b68efa.jpg?ver=1777058957","contentUrl":"https:\/\/vanderloubet.com.br\/deputado\/wp-content\/litespeed\/avatar\/88ca4090d9d5ab1c9495f6ca03b68efa.jpg?ver=1777058957","caption":"\u00c9der"}}]}},"jetpack_featured_media_url":"https:\/\/vanderloubet.com.br\/deputado\/wp-content\/uploads\/2020\/04\/foto-2020-04-02-indigenas.jpg","jetpack_sharing_enabled":true,"_links":{"self":[{"href":"https:\/\/vanderloubet.com.br\/deputado\/wp-json\/wp\/v2\/posts\/16386","targetHints":{"allow":["GET"]}}],"collection":[{"href":"https:\/\/vanderloubet.com.br\/deputado\/wp-json\/wp\/v2\/posts"}],"about":[{"href":"https:\/\/vanderloubet.com.br\/deputado\/wp-json\/wp\/v2\/types\/post"}],"author":[{"embeddable":true,"href":"https:\/\/vanderloubet.com.br\/deputado\/wp-json\/wp\/v2\/users\/2"}],"replies":[{"embeddable":true,"href":"https:\/\/vanderloubet.com.br\/deputado\/wp-json\/wp\/v2\/comments?post=16386"}],"version-history":[{"count":0,"href":"https:\/\/vanderloubet.com.br\/deputado\/wp-json\/wp\/v2\/posts\/16386\/revisions"}],"wp:featuredmedia":[{"embeddable":true,"href":"https:\/\/vanderloubet.com.br\/deputado\/wp-json\/wp\/v2\/media\/16387"}],"wp:attachment":[{"href":"https:\/\/vanderloubet.com.br\/deputado\/wp-json\/wp\/v2\/media?parent=16386"}],"wp:term":[{"taxonomy":"category","embeddable":true,"href":"https:\/\/vanderloubet.com.br\/deputado\/wp-json\/wp\/v2\/categories?post=16386"},{"taxonomy":"post_tag","embeddable":true,"href":"https:\/\/vanderloubet.com.br\/deputado\/wp-json\/wp\/v2\/tags?post=16386"}],"curies":[{"name":"wp","href":"https:\/\/api.w.org\/{rel}","templated":true}]}}