{"id":16377,"date":"2020-03-31T15:07:58","date_gmt":"2020-03-31T19:07:58","guid":{"rendered":"http:\/\/vanderloubet.com.br\/deputado\/?p=16377"},"modified":"2020-03-31T15:23:05","modified_gmt":"2020-03-31T19:23:05","slug":"renda-basica-emergencial-congresso-fez-sua-parte-falta-bolsonaro-sancionar","status":"publish","type":"post","link":"https:\/\/vanderloubet.com.br\/deputado\/renda-basica-emergencial-congresso-fez-sua-parte-falta-bolsonaro-sancionar\/","title":{"rendered":"Renda B\u00e1sica Emergencial: Congresso fez sua parte, falta Bolsonaro sancionar"},"content":{"rendered":"<p>A C\u00e2mara dos Deputados aprovou em 26 de mar\u00e7o o projeto da Renda B\u00e1sica Emergencial, um aux\u00edlio que ser\u00e1 dado a grande parte da popula\u00e7\u00e3o no per\u00edodo da pandemia do coronav\u00edrus. Ontem, dia 30 de mar\u00e7o, o Senado Federal tamb\u00e9m aprovou esse projeto. Para come\u00e7ar a valer, falta a san\u00e7\u00e3o presidencial.<\/p>\n<p>Fa\u00e7a a sua parte e cobre Jair Bolsonaro (#PagaLogoBolsonaro) para que ele sancione essa nova lei e garanta assist\u00eancia \u00e0 popula\u00e7\u00e3o neste momento dif\u00edcil que o Brasil e o mundo atravessam.<\/p>\n<p>Vale destacar que o governo Bolsonaro queria oferecer apenas R$ 200 de aux\u00edlio. Gra\u00e7as \u00e0 atua\u00e7\u00e3o da oposi\u00e7\u00e3o na C\u00e2mara (PT, Psol, PCdoB, PDT, PSB e Rede) e ao consenso firmado entre todos os partidos, chegou-se ao valor m\u00ednimo de R$ 600, podendo atingir R$ 1.200 em alguns casos.<\/p>\n<p><img decoding=\"async\" class=\"size-full wp-image-16378 aligncenter\" src=\"http:\/\/vanderloubet.com.br\/deputado\/wp-content\/uploads\/2020\/03\/foto-2020-03-31-renda-basica-emergencial.jpg\" alt=\"Renda B\u00e1sica Emergencial aprovada pelo Congresso Nacional\" width=\"960\" height=\"720\" srcset=\"https:\/\/vanderloubet.com.br\/deputado\/wp-content\/uploads\/2020\/03\/foto-2020-03-31-renda-basica-emergencial.jpg 960w, https:\/\/vanderloubet.com.br\/deputado\/wp-content\/uploads\/2020\/03\/foto-2020-03-31-renda-basica-emergencial-350x263.jpg 350w, https:\/\/vanderloubet.com.br\/deputado\/wp-content\/uploads\/2020\/03\/foto-2020-03-31-renda-basica-emergencial-768x576.jpg 768w, https:\/\/vanderloubet.com.br\/deputado\/wp-content\/uploads\/2020\/03\/foto-2020-03-31-renda-basica-emergencial-700x525.jpg 700w, https:\/\/vanderloubet.com.br\/deputado\/wp-content\/uploads\/2020\/03\/foto-2020-03-31-renda-basica-emergencial-560x420.jpg 560w, https:\/\/vanderloubet.com.br\/deputado\/wp-content\/uploads\/2020\/03\/foto-2020-03-31-renda-basica-emergencial-80x60.jpg 80w, https:\/\/vanderloubet.com.br\/deputado\/wp-content\/uploads\/2020\/03\/foto-2020-03-31-renda-basica-emergencial-696x522.jpg 696w, https:\/\/vanderloubet.com.br\/deputado\/wp-content\/uploads\/2020\/03\/foto-2020-03-31-renda-basica-emergencial-265x198.jpg 265w\" sizes=\"(max-width: 960px) 100vw, 960px\" \/><\/p>\n<p>Saiba mais:<\/p>\n<p><strong>1. Requisitos para receber a Renda B\u00e1sica Emergencial<\/strong><\/p>\n<ul>\n<li>Ser maior de dezoito anos de idade;<\/li>\n<li>N\u00e3o ter emprego formal;<\/li>\n<li>N\u00e3o receber benef\u00edcio previdenci\u00e1rio ou assistencial, seguro-desemprego ou programa de transfer\u00eancia de renda federal que n\u00e3o seja o Bolsa Fam\u00edlia;<\/li>\n<li>Ter renda familiar mensal por pessoa de at\u00e9 meio sal\u00e1rio m\u00ednimo ou renda familiar mensal total de at\u00e9 tr\u00eas sal\u00e1rios m\u00ednimos;<\/li>\n<li>N\u00e3o ter recebido rendimentos tribut\u00e1veis acima de R$ 28.559 em 2018.<\/li>\n<\/ul>\n<p><strong>2. Outro requisito<\/strong><\/p>\n<p>Al\u00e9m dos requisitos anteriores, a pessoa tem que atender a PELO MENOS UM dos requisitos abaixo:<\/p>\n<ul>\n<li>Ser microempreendedor individual (MEI); ou<\/li>\n<li>ser contribuinte individual ou facultativo do Regime Geral de Previd\u00eancia Social (RGPS); ou<\/li>\n<li>ser trabalhador informal, intermitente ou desempregado inscrito no Cadastro \u00danico para Programas Sociais (Cad\u00danico); ou<\/li>\n<li>ter cumprido o requisito de renda m\u00e9dia at\u00e9 20 de mar\u00e7o de 2020.<\/li>\n<\/ul>\n<p><strong>3. Observa\u00e7\u00f5es<\/strong><\/p>\n<ul>\n<li>Fica limitado a dois membros da mesma fam\u00edlia o recebimento do benef\u00edcio emergencial (totalizando R$ 1.200 por fam\u00edlia);<\/li>\n<li>A mulher chefe de fam\u00edlia uniparental (&#8220;m\u00e3e solteira&#8221;) receber\u00e1 duas cotas do aux\u00edlio (ou seja, R$ 1.200);<\/li>\n<li>As condi\u00e7\u00f5es de renda familiar mensal ser\u00e3o verificadas por meio do Cad\u00danico para os trabalhadores inscritos e por autodeclara\u00e7\u00e3o para os n\u00e3o inscritos;<\/li>\n<li>O benef\u00edcio vale inicialmente por tr\u00eas meses, podendo ser prorrogado.<\/li>\n<\/ul>\n<p><strong>4. Forma de pagamento<\/strong><\/p>\n<ul>\n<li>O aux\u00edlio emergencial ser\u00e1 pago por bancos p\u00fablicos federais (Caixa Econ\u00f4mica Federal ou Banco do Brasil) por meio de uma conta do tipo poupan\u00e7a social digital;<\/li>\n<li>Essa conta ser\u00e1 aberta automaticamente em nome dos benefici\u00e1rios, com dispensa da apresenta\u00e7\u00e3o de documentos e isen\u00e7\u00e3o de tarifas de manuten\u00e7\u00e3o;<\/li>\n<li>A pessoa beneficiada poder\u00e1 fazer ao menos uma transfer\u00eancia eletr\u00f4nica de dinheiro por m\u00eas, sem custos, para qualquer conta banc\u00e1ria sua j\u00e1 existente.<\/li>\n<\/ul>\n<p><em>(\u00c9der F. Yanaguita &#8211; Ascom\/Dep. Vander Loubet)<\/em><\/p>\n","protected":false},"excerpt":{"rendered":"<p>Fa\u00e7a a sua parte e cobre Jair Bolsonaro (#PagaLogoBolsonaro) para que ele sancione essa nova lei e garanta a assist\u00eancia \u00e0 popula\u00e7\u00e3o.<\/p>\n","protected":false},"author":2,"featured_media":16381,"comment_status":"closed","ping_status":"closed","sticky":false,"template":"","format":"standard","meta":{"jetpack_post_was_ever_published":false,"_jetpack_newsletter_access":"","_jetpack_dont_email_post_to_subs":false,"_jetpack_newsletter_tier_id":0,"_jetpack_memberships_contains_paywalled_content":false,"_jetpack_memberships_contains_paid_content":false,"footnotes":""},"categories":[2098,10],"tags":[2274,1635,1803,2314],"class_list":{"0":"post-16377","1":"post","2":"type-post","3":"status-publish","4":"format-standard","5":"has-post-thumbnail","7":"category-brasil-noticias","8":"category-noticias","9":"tag-programas-sociais","10":"tag-projeto-de-lei","11":"tag-saude","12":"tag-trabalho-e-emprego"},"yoast_head":"<!-- This site is optimized with the Yoast SEO plugin v27.4 - https:\/\/yoast.com\/product\/yoast-seo-wordpress\/ -->\n<title>Renda B\u00e1sica Emergencial: Congresso fez sua parte, falta Bolsonaro sancionar<\/title>\n<meta name=\"description\" content=\"Fa\u00e7a a sua parte e cobre Jair Bolsonaro (#PagaLogoBolsonaro) para que ele sancione essa nova lei e garanta a assist\u00eancia \u00e0 popula\u00e7\u00e3o.\" \/>\n<meta name=\"robots\" content=\"index, follow, max-snippet:-1, max-image-preview:large, max-video-preview:-1\" \/>\n<link rel=\"canonical\" href=\"https:\/\/vanderloubet.com.br\/deputado\/renda-basica-emergencial-congresso-fez-sua-parte-falta-bolsonaro-sancionar\/\" \/>\n<meta property=\"og:locale\" content=\"pt_BR\" \/>\n<meta property=\"og:type\" content=\"article\" \/>\n<meta property=\"og:title\" content=\"Renda B\u00e1sica Emergencial: Congresso fez sua parte, falta Bolsonaro sancionar\" \/>\n<meta property=\"og:description\" content=\"Fa\u00e7a a sua parte e cobre Jair Bolsonaro (#PagaLogoBolsonaro) para que ele sancione essa nova lei e garanta a assist\u00eancia \u00e0 popula\u00e7\u00e3o.\" \/>\n<meta property=\"og:url\" content=\"https:\/\/vanderloubet.com.br\/deputado\/renda-basica-emergencial-congresso-fez-sua-parte-falta-bolsonaro-sancionar\/\" \/>\n<meta property=\"og:site_name\" content=\"Deputado Federal Vander Loubet\" \/>\n<meta property=\"article:publisher\" content=\"https:\/\/facebook.com\/deputadovander\" \/>\n<meta property=\"article:published_time\" content=\"2020-03-31T19:07:58+00:00\" \/>\n<meta property=\"article:modified_time\" content=\"2020-03-31T19:23:05+00:00\" \/>\n<meta property=\"og:image\" content=\"https:\/\/vanderloubet.com.br\/deputado\/wp-content\/uploads\/2020\/03\/foto-2020-03-31-familia-baixa-renda.jpg\" \/>\n\t<meta property=\"og:image:width\" content=\"1080\" \/>\n\t<meta property=\"og:image:height\" content=\"720\" \/>\n\t<meta property=\"og:image:type\" content=\"image\/jpeg\" \/>\n<meta name=\"author\" content=\"\u00c9der\" \/>\n<meta name=\"twitter:card\" content=\"summary_large_image\" \/>\n<meta name=\"twitter:creator\" content=\"@vanderloubet\" \/>\n<meta name=\"twitter:site\" content=\"@vanderloubet\" \/>\n<script type=\"application\/ld+json\" class=\"yoast-schema-graph\">{\"@context\":\"https:\\\/\\\/schema.org\",\"@graph\":[{\"@type\":\"Article\",\"@id\":\"https:\\\/\\\/vanderloubet.com.br\\\/deputado\\\/renda-basica-emergencial-congresso-fez-sua-parte-falta-bolsonaro-sancionar\\\/#article\",\"isPartOf\":{\"@id\":\"https:\\\/\\\/vanderloubet.com.br\\\/deputado\\\/renda-basica-emergencial-congresso-fez-sua-parte-falta-bolsonaro-sancionar\\\/\"},\"author\":{\"name\":\"\u00c9der\",\"@id\":\"https:\\\/\\\/vanderloubet.com.br\\\/deputado\\\/#\\\/schema\\\/person\\\/15b51bd564532a8a68d9dec1b8eb890e\"},\"headline\":\"Renda B\u00e1sica Emergencial: Congresso fez sua parte, falta Bolsonaro sancionar\",\"datePublished\":\"2020-03-31T19:07:58+00:00\",\"dateModified\":\"2020-03-31T19:23:05+00:00\",\"mainEntityOfPage\":{\"@id\":\"https:\\\/\\\/vanderloubet.com.br\\\/deputado\\\/renda-basica-emergencial-congresso-fez-sua-parte-falta-bolsonaro-sancionar\\\/\"},\"wordCount\":482,\"publisher\":{\"@id\":\"https:\\\/\\\/vanderloubet.com.br\\\/deputado\\\/#organization\"},\"image\":{\"@id\":\"https:\\\/\\\/vanderloubet.com.br\\\/deputado\\\/renda-basica-emergencial-congresso-fez-sua-parte-falta-bolsonaro-sancionar\\\/#primaryimage\"},\"thumbnailUrl\":\"https:\\\/\\\/vanderloubet.com.br\\\/deputado\\\/wp-content\\\/uploads\\\/2020\\\/03\\\/foto-2020-03-31-familia-baixa-renda.jpg\",\"keywords\":[\"programas sociais\",\"projeto de lei\",\"sa\u00fade\",\"trabalho e emprego\"],\"articleSection\":[\"Brasil\",\"Not\u00edcias\"],\"inLanguage\":\"pt-BR\"},{\"@type\":\"WebPage\",\"@id\":\"https:\\\/\\\/vanderloubet.com.br\\\/deputado\\\/renda-basica-emergencial-congresso-fez-sua-parte-falta-bolsonaro-sancionar\\\/\",\"url\":\"https:\\\/\\\/vanderloubet.com.br\\\/deputado\\\/renda-basica-emergencial-congresso-fez-sua-parte-falta-bolsonaro-sancionar\\\/\",\"name\":\"Renda B\u00e1sica Emergencial: Congresso fez sua parte, falta Bolsonaro sancionar\",\"isPartOf\":{\"@id\":\"https:\\\/\\\/vanderloubet.com.br\\\/deputado\\\/#website\"},\"primaryImageOfPage\":{\"@id\":\"https:\\\/\\\/vanderloubet.com.br\\\/deputado\\\/renda-basica-emergencial-congresso-fez-sua-parte-falta-bolsonaro-sancionar\\\/#primaryimage\"},\"image\":{\"@id\":\"https:\\\/\\\/vanderloubet.com.br\\\/deputado\\\/renda-basica-emergencial-congresso-fez-sua-parte-falta-bolsonaro-sancionar\\\/#primaryimage\"},\"thumbnailUrl\":\"https:\\\/\\\/vanderloubet.com.br\\\/deputado\\\/wp-content\\\/uploads\\\/2020\\\/03\\\/foto-2020-03-31-familia-baixa-renda.jpg\",\"datePublished\":\"2020-03-31T19:07:58+00:00\",\"dateModified\":\"2020-03-31T19:23:05+00:00\",\"description\":\"Fa\u00e7a a sua parte e cobre Jair Bolsonaro (#PagaLogoBolsonaro) para que ele sancione essa nova lei e garanta a assist\u00eancia \u00e0 popula\u00e7\u00e3o.\",\"breadcrumb\":{\"@id\":\"https:\\\/\\\/vanderloubet.com.br\\\/deputado\\\/renda-basica-emergencial-congresso-fez-sua-parte-falta-bolsonaro-sancionar\\\/#breadcrumb\"},\"inLanguage\":\"pt-BR\",\"potentialAction\":[{\"@type\":\"ReadAction\",\"target\":[\"https:\\\/\\\/vanderloubet.com.br\\\/deputado\\\/renda-basica-emergencial-congresso-fez-sua-parte-falta-bolsonaro-sancionar\\\/\"]}]},{\"@type\":\"ImageObject\",\"inLanguage\":\"pt-BR\",\"@id\":\"https:\\\/\\\/vanderloubet.com.br\\\/deputado\\\/renda-basica-emergencial-congresso-fez-sua-parte-falta-bolsonaro-sancionar\\\/#primaryimage\",\"url\":\"https:\\\/\\\/vanderloubet.com.br\\\/deputado\\\/wp-content\\\/uploads\\\/2020\\\/03\\\/foto-2020-03-31-familia-baixa-renda.jpg\",\"contentUrl\":\"https:\\\/\\\/vanderloubet.com.br\\\/deputado\\\/wp-content\\\/uploads\\\/2020\\\/03\\\/foto-2020-03-31-familia-baixa-renda.jpg\",\"width\":1080,\"height\":720,\"caption\":\"Fam\u00edlias de baixa renda aguardam ansiosas pelo aux\u00edlio emergencial\"},{\"@type\":\"BreadcrumbList\",\"@id\":\"https:\\\/\\\/vanderloubet.com.br\\\/deputado\\\/renda-basica-emergencial-congresso-fez-sua-parte-falta-bolsonaro-sancionar\\\/#breadcrumb\",\"itemListElement\":[{\"@type\":\"ListItem\",\"position\":1,\"name\":\"In\u00edcio\",\"item\":\"https:\\\/\\\/vanderloubet.com.br\\\/deputado\\\/\"},{\"@type\":\"ListItem\",\"position\":2,\"name\":\"Renda B\u00e1sica Emergencial: Congresso fez sua parte, falta Bolsonaro sancionar\"}]},{\"@type\":\"WebSite\",\"@id\":\"https:\\\/\\\/vanderloubet.com.br\\\/deputado\\\/#website\",\"url\":\"https:\\\/\\\/vanderloubet.com.br\\\/deputado\\\/\",\"name\":\"Deputado Federal Vander Loubet\",\"description\":\"O Federal de MS\",\"publisher\":{\"@id\":\"https:\\\/\\\/vanderloubet.com.br\\\/deputado\\\/#organization\"},\"alternateName\":\"Deputado Vander\",\"potentialAction\":[{\"@type\":\"SearchAction\",\"target\":{\"@type\":\"EntryPoint\",\"urlTemplate\":\"https:\\\/\\\/vanderloubet.com.br\\\/deputado\\\/?s={search_term_string}\"},\"query-input\":{\"@type\":\"PropertyValueSpecification\",\"valueRequired\":true,\"valueName\":\"search_term_string\"}}],\"inLanguage\":\"pt-BR\"},{\"@type\":\"Organization\",\"@id\":\"https:\\\/\\\/vanderloubet.com.br\\\/deputado\\\/#organization\",\"name\":\"Deputado Federal Vander Loubet\",\"alternateName\":\"Deputado Vander\",\"url\":\"https:\\\/\\\/vanderloubet.com.br\\\/deputado\\\/\",\"logo\":{\"@type\":\"ImageObject\",\"inLanguage\":\"pt-BR\",\"@id\":\"https:\\\/\\\/vanderloubet.com.br\\\/deputado\\\/#\\\/schema\\\/logo\\\/image\\\/\",\"url\":\"https:\\\/\\\/vanderloubet.com.br\\\/deputado\\\/wp-content\\\/uploads\\\/2023\\\/06\\\/foto-2023-06-19-mandato-deputado-vander.jpg\",\"contentUrl\":\"https:\\\/\\\/vanderloubet.com.br\\\/deputado\\\/wp-content\\\/uploads\\\/2023\\\/06\\\/foto-2023-06-19-mandato-deputado-vander.jpg\",\"width\":1080,\"height\":1080,\"caption\":\"Deputado Federal Vander Loubet\"},\"image\":{\"@id\":\"https:\\\/\\\/vanderloubet.com.br\\\/deputado\\\/#\\\/schema\\\/logo\\\/image\\\/\"},\"sameAs\":[\"https:\\\/\\\/facebook.com\\\/deputadovander\",\"https:\\\/\\\/x.com\\\/vanderloubet\",\"https:\\\/\\\/instagram.com\\\/vanderloubet\",\"https:\\\/\\\/youtube.com\\\/vanderloubet\",\"https:\\\/\\\/tiktok.com\\\/@vanderloubetms\"]},{\"@type\":\"Person\",\"@id\":\"https:\\\/\\\/vanderloubet.com.br\\\/deputado\\\/#\\\/schema\\\/person\\\/15b51bd564532a8a68d9dec1b8eb890e\",\"name\":\"\u00c9der\",\"image\":{\"@type\":\"ImageObject\",\"inLanguage\":\"pt-BR\",\"@id\":\"https:\\\/\\\/vanderloubet.com.br\\\/deputado\\\/wp-content\\\/litespeed\\\/avatar\\\/88ca4090d9d5ab1c9495f6ca03b68efa.jpg?ver=1777058957\",\"url\":\"https:\\\/\\\/vanderloubet.com.br\\\/deputado\\\/wp-content\\\/litespeed\\\/avatar\\\/88ca4090d9d5ab1c9495f6ca03b68efa.jpg?ver=1777058957\",\"contentUrl\":\"https:\\\/\\\/vanderloubet.com.br\\\/deputado\\\/wp-content\\\/litespeed\\\/avatar\\\/88ca4090d9d5ab1c9495f6ca03b68efa.jpg?ver=1777058957\",\"caption\":\"\u00c9der\"}}]}<\/script>\n<!-- \/ Yoast SEO plugin. -->","yoast_head_json":{"title":"Renda B\u00e1sica Emergencial: Congresso fez sua parte, falta Bolsonaro sancionar","description":"Fa\u00e7a a sua parte e cobre Jair Bolsonaro (#PagaLogoBolsonaro) para que ele sancione essa nova lei e garanta a assist\u00eancia \u00e0 popula\u00e7\u00e3o.","robots":{"index":"index","follow":"follow","max-snippet":"max-snippet:-1","max-image-preview":"max-image-preview:large","max-video-preview":"max-video-preview:-1"},"canonical":"https:\/\/vanderloubet.com.br\/deputado\/renda-basica-emergencial-congresso-fez-sua-parte-falta-bolsonaro-sancionar\/","og_locale":"pt_BR","og_type":"article","og_title":"Renda B\u00e1sica Emergencial: Congresso fez sua parte, falta Bolsonaro sancionar","og_description":"Fa\u00e7a a sua parte e cobre Jair Bolsonaro (#PagaLogoBolsonaro) para que ele sancione essa nova lei e garanta a assist\u00eancia \u00e0 popula\u00e7\u00e3o.","og_url":"https:\/\/vanderloubet.com.br\/deputado\/renda-basica-emergencial-congresso-fez-sua-parte-falta-bolsonaro-sancionar\/","og_site_name":"Deputado Federal Vander Loubet","article_publisher":"https:\/\/facebook.com\/deputadovander","article_published_time":"2020-03-31T19:07:58+00:00","article_modified_time":"2020-03-31T19:23:05+00:00","og_image":[{"width":1080,"height":720,"url":"https:\/\/vanderloubet.com.br\/deputado\/wp-content\/uploads\/2020\/03\/foto-2020-03-31-familia-baixa-renda.jpg","type":"image\/jpeg"}],"author":"\u00c9der","twitter_card":"summary_large_image","twitter_creator":"@vanderloubet","twitter_site":"@vanderloubet","schema":{"@context":"https:\/\/schema.org","@graph":[{"@type":"Article","@id":"https:\/\/vanderloubet.com.br\/deputado\/renda-basica-emergencial-congresso-fez-sua-parte-falta-bolsonaro-sancionar\/#article","isPartOf":{"@id":"https:\/\/vanderloubet.com.br\/deputado\/renda-basica-emergencial-congresso-fez-sua-parte-falta-bolsonaro-sancionar\/"},"author":{"name":"\u00c9der","@id":"https:\/\/vanderloubet.com.br\/deputado\/#\/schema\/person\/15b51bd564532a8a68d9dec1b8eb890e"},"headline":"Renda B\u00e1sica Emergencial: Congresso fez sua parte, falta Bolsonaro sancionar","datePublished":"2020-03-31T19:07:58+00:00","dateModified":"2020-03-31T19:23:05+00:00","mainEntityOfPage":{"@id":"https:\/\/vanderloubet.com.br\/deputado\/renda-basica-emergencial-congresso-fez-sua-parte-falta-bolsonaro-sancionar\/"},"wordCount":482,"publisher":{"@id":"https:\/\/vanderloubet.com.br\/deputado\/#organization"},"image":{"@id":"https:\/\/vanderloubet.com.br\/deputado\/renda-basica-emergencial-congresso-fez-sua-parte-falta-bolsonaro-sancionar\/#primaryimage"},"thumbnailUrl":"https:\/\/vanderloubet.com.br\/deputado\/wp-content\/uploads\/2020\/03\/foto-2020-03-31-familia-baixa-renda.jpg","keywords":["programas sociais","projeto de lei","sa\u00fade","trabalho e emprego"],"articleSection":["Brasil","Not\u00edcias"],"inLanguage":"pt-BR"},{"@type":"WebPage","@id":"https:\/\/vanderloubet.com.br\/deputado\/renda-basica-emergencial-congresso-fez-sua-parte-falta-bolsonaro-sancionar\/","url":"https:\/\/vanderloubet.com.br\/deputado\/renda-basica-emergencial-congresso-fez-sua-parte-falta-bolsonaro-sancionar\/","name":"Renda B\u00e1sica Emergencial: Congresso fez sua parte, falta Bolsonaro sancionar","isPartOf":{"@id":"https:\/\/vanderloubet.com.br\/deputado\/#website"},"primaryImageOfPage":{"@id":"https:\/\/vanderloubet.com.br\/deputado\/renda-basica-emergencial-congresso-fez-sua-parte-falta-bolsonaro-sancionar\/#primaryimage"},"image":{"@id":"https:\/\/vanderloubet.com.br\/deputado\/renda-basica-emergencial-congresso-fez-sua-parte-falta-bolsonaro-sancionar\/#primaryimage"},"thumbnailUrl":"https:\/\/vanderloubet.com.br\/deputado\/wp-content\/uploads\/2020\/03\/foto-2020-03-31-familia-baixa-renda.jpg","datePublished":"2020-03-31T19:07:58+00:00","dateModified":"2020-03-31T19:23:05+00:00","description":"Fa\u00e7a a sua parte e cobre Jair Bolsonaro (#PagaLogoBolsonaro) para que ele sancione essa nova lei e garanta a assist\u00eancia \u00e0 popula\u00e7\u00e3o.","breadcrumb":{"@id":"https:\/\/vanderloubet.com.br\/deputado\/renda-basica-emergencial-congresso-fez-sua-parte-falta-bolsonaro-sancionar\/#breadcrumb"},"inLanguage":"pt-BR","potentialAction":[{"@type":"ReadAction","target":["https:\/\/vanderloubet.com.br\/deputado\/renda-basica-emergencial-congresso-fez-sua-parte-falta-bolsonaro-sancionar\/"]}]},{"@type":"ImageObject","inLanguage":"pt-BR","@id":"https:\/\/vanderloubet.com.br\/deputado\/renda-basica-emergencial-congresso-fez-sua-parte-falta-bolsonaro-sancionar\/#primaryimage","url":"https:\/\/vanderloubet.com.br\/deputado\/wp-content\/uploads\/2020\/03\/foto-2020-03-31-familia-baixa-renda.jpg","contentUrl":"https:\/\/vanderloubet.com.br\/deputado\/wp-content\/uploads\/2020\/03\/foto-2020-03-31-familia-baixa-renda.jpg","width":1080,"height":720,"caption":"Fam\u00edlias de baixa renda aguardam ansiosas pelo aux\u00edlio emergencial"},{"@type":"BreadcrumbList","@id":"https:\/\/vanderloubet.com.br\/deputado\/renda-basica-emergencial-congresso-fez-sua-parte-falta-bolsonaro-sancionar\/#breadcrumb","itemListElement":[{"@type":"ListItem","position":1,"name":"In\u00edcio","item":"https:\/\/vanderloubet.com.br\/deputado\/"},{"@type":"ListItem","position":2,"name":"Renda B\u00e1sica Emergencial: Congresso fez sua parte, falta Bolsonaro sancionar"}]},{"@type":"WebSite","@id":"https:\/\/vanderloubet.com.br\/deputado\/#website","url":"https:\/\/vanderloubet.com.br\/deputado\/","name":"Deputado Federal Vander Loubet","description":"O Federal de MS","publisher":{"@id":"https:\/\/vanderloubet.com.br\/deputado\/#organization"},"alternateName":"Deputado Vander","potentialAction":[{"@type":"SearchAction","target":{"@type":"EntryPoint","urlTemplate":"https:\/\/vanderloubet.com.br\/deputado\/?s={search_term_string}"},"query-input":{"@type":"PropertyValueSpecification","valueRequired":true,"valueName":"search_term_string"}}],"inLanguage":"pt-BR"},{"@type":"Organization","@id":"https:\/\/vanderloubet.com.br\/deputado\/#organization","name":"Deputado Federal Vander Loubet","alternateName":"Deputado Vander","url":"https:\/\/vanderloubet.com.br\/deputado\/","logo":{"@type":"ImageObject","inLanguage":"pt-BR","@id":"https:\/\/vanderloubet.com.br\/deputado\/#\/schema\/logo\/image\/","url":"https:\/\/vanderloubet.com.br\/deputado\/wp-content\/uploads\/2023\/06\/foto-2023-06-19-mandato-deputado-vander.jpg","contentUrl":"https:\/\/vanderloubet.com.br\/deputado\/wp-content\/uploads\/2023\/06\/foto-2023-06-19-mandato-deputado-vander.jpg","width":1080,"height":1080,"caption":"Deputado Federal Vander Loubet"},"image":{"@id":"https:\/\/vanderloubet.com.br\/deputado\/#\/schema\/logo\/image\/"},"sameAs":["https:\/\/facebook.com\/deputadovander","https:\/\/x.com\/vanderloubet","https:\/\/instagram.com\/vanderloubet","https:\/\/youtube.com\/vanderloubet","https:\/\/tiktok.com\/@vanderloubetms"]},{"@type":"Person","@id":"https:\/\/vanderloubet.com.br\/deputado\/#\/schema\/person\/15b51bd564532a8a68d9dec1b8eb890e","name":"\u00c9der","image":{"@type":"ImageObject","inLanguage":"pt-BR","@id":"https:\/\/vanderloubet.com.br\/deputado\/wp-content\/litespeed\/avatar\/88ca4090d9d5ab1c9495f6ca03b68efa.jpg?ver=1777058957","url":"https:\/\/vanderloubet.com.br\/deputado\/wp-content\/litespeed\/avatar\/88ca4090d9d5ab1c9495f6ca03b68efa.jpg?ver=1777058957","contentUrl":"https:\/\/vanderloubet.com.br\/deputado\/wp-content\/litespeed\/avatar\/88ca4090d9d5ab1c9495f6ca03b68efa.jpg?ver=1777058957","caption":"\u00c9der"}}]}},"jetpack_featured_media_url":"https:\/\/vanderloubet.com.br\/deputado\/wp-content\/uploads\/2020\/03\/foto-2020-03-31-familia-baixa-renda.jpg","jetpack_sharing_enabled":true,"_links":{"self":[{"href":"https:\/\/vanderloubet.com.br\/deputado\/wp-json\/wp\/v2\/posts\/16377","targetHints":{"allow":["GET"]}}],"collection":[{"href":"https:\/\/vanderloubet.com.br\/deputado\/wp-json\/wp\/v2\/posts"}],"about":[{"href":"https:\/\/vanderloubet.com.br\/deputado\/wp-json\/wp\/v2\/types\/post"}],"author":[{"embeddable":true,"href":"https:\/\/vanderloubet.com.br\/deputado\/wp-json\/wp\/v2\/users\/2"}],"replies":[{"embeddable":true,"href":"https:\/\/vanderloubet.com.br\/deputado\/wp-json\/wp\/v2\/comments?post=16377"}],"version-history":[{"count":0,"href":"https:\/\/vanderloubet.com.br\/deputado\/wp-json\/wp\/v2\/posts\/16377\/revisions"}],"wp:featuredmedia":[{"embeddable":true,"href":"https:\/\/vanderloubet.com.br\/deputado\/wp-json\/wp\/v2\/media\/16381"}],"wp:attachment":[{"href":"https:\/\/vanderloubet.com.br\/deputado\/wp-json\/wp\/v2\/media?parent=16377"}],"wp:term":[{"taxonomy":"category","embeddable":true,"href":"https:\/\/vanderloubet.com.br\/deputado\/wp-json\/wp\/v2\/categories?post=16377"},{"taxonomy":"post_tag","embeddable":true,"href":"https:\/\/vanderloubet.com.br\/deputado\/wp-json\/wp\/v2\/tags?post=16377"}],"curies":[{"name":"wp","href":"https:\/\/api.w.org\/{rel}","templated":true}]}}