{"id":16366,"date":"2020-03-26T22:54:24","date_gmt":"2020-03-27T02:54:24","guid":{"rendered":"http:\/\/vanderloubet.com.br\/deputado\/?p=16366"},"modified":"2021-01-15T10:37:17","modified_gmt":"2021-01-15T14:37:17","slug":"camara-aprova-seguro-emergencial-de-ate-r-1-200-por-familia-durante-pandemia","status":"publish","type":"post","link":"https:\/\/vanderloubet.com.br\/deputado\/camara-aprova-seguro-emergencial-de-ate-r-1-200-por-familia-durante-pandemia\/","title":{"rendered":"C\u00e2mara aprova seguro emergencial de at\u00e9 R$ 1.200 por fam\u00edlia durante pandemia"},"content":{"rendered":"<p>A C\u00e2mara dos Deputados aprovou na quinta-feira (26) a concess\u00e3o de um aux\u00edlio emergencial por tr\u00eas meses, no valor de R$ 600 por pessoa, durante a crise causada pela pandemia do coronav\u00edrus. O seguro de renda emergencial foi incorporado ao texto do projeto de lei que estabelece novas regras para o acesso ao Benef\u00edcio de Presta\u00e7\u00e3o Continuada (BPC). A inser\u00e7\u00e3o do aux\u00edlio no texto resultou de um trabalho coletivo dos seis partidos de oposi\u00e7\u00e3o na Casa: PT, PCdoB, Psol PDT, PSB e Rede.<\/p>\n<p>O deputado federal Vander Loubet (PT-MS), que ajudou a aprovar a proposta a partir de Campo Grande, por meio de vota\u00e7\u00e3o virtual, comemorou a aprova\u00e7\u00e3o da medida.<\/p>\n<p>&#8220;Com certeza ser\u00e1 uma ajuda importante para as fam\u00edlias brasileiras poderem superar o momento dif\u00edcil que estamos enfrentando por conta do coronav\u00edrus&#8221;, escreveu o parlamentar pantaneiro em suas contas nas m\u00eddias sociais.<\/p>\n<p>Inicialmente, na primeira vers\u00e3o do relat\u00f3rio, o valor proposto foi de R$ 500,00 (contra os R$ 200,00 propostos pelo governo federal). Ap\u00f3s negocia\u00e7\u00f5es, o valor final ficou em R$ 600,00. Para as m\u00e3es que s\u00e3o chefe de fam\u00edlia (fam\u00edlia monoparental), o projeto permite o recebimento de duas cotas do aux\u00edlio, totalizando R$ 1.200,00.<\/p>\n<p>Enquanto durar a epidemia, o Poder Executivo poder\u00e1 prorrogar o pagamento do aux\u00edlio.<\/p>\n<p>Empres\u00e1rios que, segundo a legisla\u00e7\u00e3o previdenci\u00e1ria, devem pagar pelos primeiros 15 dias do afastamento do trabalhador por motivo de sa\u00fade, poder\u00e3o descontar o valor desse tempo de sal\u00e1rio dos recolhimentos de contribui\u00e7\u00f5es devidas ao Instituto Nacional do Seguro Social (INSS) caso a doen\u00e7a seja causada pelo coronav\u00edrus.<\/p>\n<p><strong>Requisitos<\/strong> &#8211; Para ter acesso ao aux\u00edlio, a pessoa deve cumprir, ao mesmo tempo, os seguintes requisitos:<\/p>\n<ul>\n<li>ser maior de 18 anos de idade;<\/li>\n<li>n\u00e3o ter emprego formal;<\/li>\n<li>n\u00e3o receber benef\u00edcio previdenci\u00e1rio ou assistencial, seguro-desemprego ou de outro programa de transfer\u00eancia de renda federal que n\u00e3o seja o Bolsa Fam\u00edlia;<\/li>\n<li>renda familiar mensal per capita (por pessoa) de at\u00e9 meio sal\u00e1rio m\u00ednimo (R$ 522,50) ou renda familiar mensal total (tudo o que a fam\u00edlia recebe) de at\u00e9 tr\u00eas sal\u00e1rios m\u00ednimos (R$ 3.135,00); e<\/li>\n<li>n\u00e3o ter recebido rendimentos tribut\u00e1veis, no ano de 2018, acima de R$ 28.559,70.<\/li>\n<\/ul>\n<p>A pessoa candidata dever\u00e1 ainda cumprir pelo menos uma dessas condi\u00e7\u00f5es:<\/p>\n<ul>\n<li>exercer atividade na condi\u00e7\u00e3o de microempreendedor individual (MEI);<\/li>\n<li>ser contribuinte individual ou facultativo do Regime Geral de Previd\u00eancia Social (RGPS);<\/li>\n<li>ser trabalhador informal inscrito no Cadastro \u00danico para Programas Sociais do Governo Federal (Cad\u00danico); ou<\/li>\n<li>ter cumprido o requisito de renda m\u00e9dia at\u00e9 20 de mar\u00e7o de 2020.<\/li>\n<\/ul>\n<p>Ser\u00e1 permitido a duas pessoas de uma mesma fam\u00edlia acumularem benef\u00edcios: um do aux\u00edlio emergencial e um do Bolsa Fam\u00edlia. Se o aux\u00edlio for maior que a bolsa, a pessoa poder\u00e1 fazer a op\u00e7\u00e3o pelo aux\u00edlio.<\/p>\n<p>J\u00e1 a renda m\u00e9dia ser\u00e1 verificada por meio do Cad\u00danico para os inscritos e, para os n\u00e3o inscritos, com autodeclara\u00e7\u00e3o em plataforma digital.<\/p>\n<p>Na renda familiar ser\u00e3o considerados todos os rendimentos obtidos por todos os membros que moram na mesma resid\u00eancia, exceto o dinheiro do Bolsa Fam\u00edlia.<\/p>\n<p>Como o candidato ao benef\u00edcio n\u00e3o pode ter emprego formal, o substitutivo lista o que entra neste conceito: todos os trabalhadores formalizados pela Consolida\u00e7\u00e3o das Leis do Trabalho (CLT) e todos os agentes p\u00fablicos, independentemente da rela\u00e7\u00e3o jur\u00eddica, inclusive os ocupantes de cargo ou fun\u00e7\u00e3o tempor\u00e1rios, de cargo em comiss\u00e3o de livre nomea\u00e7\u00e3o e exonera\u00e7\u00e3o ou titulares de mandato eletivo.<\/p>\n<p><strong>Antecipa\u00e7\u00e3o<\/strong> &#8211; Para pessoas com defici\u00eancia e idosos candidatos a receber o Benef\u00edcio de Presta\u00e7\u00e3o Continuada (BPC), de um sal\u00e1rio m\u00ednimo mensal (R$ 1.045,00), o INSS poder\u00e1 antecipar o pagamento de R$ 500,00 (valor do aux\u00edlio emergencial) at\u00e9 que seja avaliado o grau de impedimento no qual se baseia o pedido ou seja concedido o benef\u00edcio. Essa avalia\u00e7\u00e3o costuma demorar porque depende de agendamento com m\u00e9dicos peritos e assistentes sociais do INSS.<\/p>\n<p>Quando o BPC for concedido, ele ser\u00e1 devido desde o dia do requerimento, e o que tiver sido adiantado ser\u00e1 descontado.<\/p>\n<p>De igual forma, o \u00f3rg\u00e3o poder\u00e1 adiantar o pagamento do aux\u00edlio-doen\u00e7a, no valor de um salario m\u00ednimo mensal, durante tr\u00eas meses contados da publica\u00e7\u00e3o da futura lei ou at\u00e9 a realiza\u00e7\u00e3o da per\u00edcia pelo INSS, o que ocorrer primeiro.<\/p>\n<p>Para ter direito a esse adiantamento, o trabalhador precisar\u00e1 ter cumprido a car\u00eancia exigida para a concess\u00e3o do benef\u00edcio (12 meses de contribui\u00e7\u00e3o) e apresentar atestado m\u00e9dico com requisitos e forma de an\u00e1lise a serem definidos em ato conjunto da Secretaria Especial de Previd\u00eancia e Trabalho do Minist\u00e9rio da Economia e do INSS.<\/p>\n<p><strong>Forma de pagamento<\/strong> &#8211; Segundo o projeto, o aux\u00edlio emergencial ser\u00e1 pago por bancos p\u00fablicos federais por meio de uma conta do tipo poupan\u00e7a social digital.<\/p>\n<p>Essa conta ser\u00e1 aberta automaticamente em nome dos benefici\u00e1rios, com dispensa da apresenta\u00e7\u00e3o de documentos e isen\u00e7\u00e3o de tarifas de manuten\u00e7\u00e3o. A pessoa usu\u00e1ria poder\u00e1 fazer ao menos uma transfer\u00eancia eletr\u00f4nica de dinheiro por m\u00eas, sem custos, para conta banc\u00e1ria mantida em qualquer institui\u00e7\u00e3o financeira autorizada a funcionar pelo Banco Central.<\/p>\n<p>A conta pode ser a mesma j\u00e1 usada para pagar recursos de programas sociais governamentais, como PIS\/Pasep e FGTS, mas n\u00e3o pode permitir a emiss\u00e3o de cart\u00e3o f\u00edsico, cheques ou ordens de pagamento para sua movimenta\u00e7\u00e3o.<\/p>\n<p>Se a pessoa deixar de cumprir as condi\u00e7\u00f5es estipuladas, o aux\u00edlio deixar\u00e1 de ser pago. Para fazer as verifica\u00e7\u00f5es necess\u00e1rias, os \u00f3rg\u00e3os federais trocar\u00e3o as informa\u00e7\u00f5es constantes em suas bases de dados.<\/p>\n<p><em>(Fonte: Ag\u00eancia C\u00e2mara de Not\u00edcias)<\/em><\/p>\n","protected":false},"excerpt":{"rendered":"<p>A aprova\u00e7\u00e3o do aux\u00edlio resultou de um trabalho coletivo dos seis partidos de oposi\u00e7\u00e3o na Casa: PT, PCdoB, Psol PDT, PSB e Rede.<\/p>\n","protected":false},"author":2,"featured_media":16361,"comment_status":"closed","ping_status":"closed","sticky":false,"template":"","format":"standard","meta":{"jetpack_post_was_ever_published":false,"_jetpack_newsletter_access":"","_jetpack_dont_email_post_to_subs":false,"_jetpack_newsletter_tier_id":0,"_jetpack_memberships_contains_paywalled_content":false,"_jetpack_memberships_contains_paid_content":false,"footnotes":""},"categories":[2098,10],"tags":[2258,2148,1635],"class_list":{"0":"post-16366","1":"post","2":"type-post","3":"status-publish","4":"format-standard","5":"has-post-thumbnail","7":"category-brasil-noticias","8":"category-noticias","9":"tag-estado-de-calamidade-publica","10":"tag-estado-de-emergencia","11":"tag-projeto-de-lei"},"yoast_head":"<!-- This site is optimized with the Yoast SEO plugin v27.4 - https:\/\/yoast.com\/product\/yoast-seo-wordpress\/ -->\n<title>C\u00e2mara aprova seguro emergencial de at\u00e9 R$ 1.200 por fam\u00edlia durante pandemia<\/title>\n<meta name=\"description\" content=\"A aprova\u00e7\u00e3o do aux\u00edlio resultou de um trabalho coletivo dos seis partidos de oposi\u00e7\u00e3o na Casa: PT, PCdoB, Psol PDT, PSB e Rede.\" \/>\n<meta name=\"robots\" content=\"index, follow, max-snippet:-1, max-image-preview:large, max-video-preview:-1\" \/>\n<link rel=\"canonical\" href=\"http:\/\/vanderloubet.com.br\/deputado\/camara-aprova-seguro-emergencial-de-ate-r-1-200-por-familia-durante-pandemia\/\" \/>\n<meta property=\"og:locale\" content=\"pt_BR\" \/>\n<meta property=\"og:type\" content=\"article\" \/>\n<meta property=\"og:title\" content=\"C\u00e2mara aprova seguro emergencial de at\u00e9 R$ 1.200 por fam\u00edlia durante pandemia\" \/>\n<meta property=\"og:description\" content=\"A aprova\u00e7\u00e3o do aux\u00edlio resultou de um trabalho coletivo dos seis partidos de oposi\u00e7\u00e3o na Casa: PT, PCdoB, Psol PDT, PSB e Rede.\" \/>\n<meta property=\"og:url\" content=\"http:\/\/vanderloubet.com.br\/deputado\/camara-aprova-seguro-emergencial-de-ate-r-1-200-por-familia-durante-pandemia\/\" \/>\n<meta property=\"og:site_name\" content=\"Deputado Federal Vander Loubet\" \/>\n<meta property=\"article:publisher\" content=\"https:\/\/facebook.com\/deputadovander\" \/>\n<meta property=\"article:published_time\" content=\"2020-03-27T02:54:24+00:00\" \/>\n<meta property=\"article:modified_time\" content=\"2021-01-15T14:37:17+00:00\" \/>\n<meta property=\"og:image\" content=\"http:\/\/vanderloubet.com.br\/deputado\/wp-content\/uploads\/2020\/03\/foto-2020-03-26-vander-loubet-sessao-virtual.jpg\" \/>\n\t<meta property=\"og:image:width\" content=\"1080\" \/>\n\t<meta property=\"og:image:height\" content=\"720\" \/>\n\t<meta property=\"og:image:type\" content=\"image\/jpeg\" \/>\n<meta name=\"author\" content=\"\u00c9der\" \/>\n<meta name=\"twitter:card\" content=\"summary_large_image\" \/>\n<meta name=\"twitter:creator\" content=\"@vanderloubet\" \/>\n<meta name=\"twitter:site\" content=\"@vanderloubet\" \/>\n<script type=\"application\/ld+json\" class=\"yoast-schema-graph\">{\"@context\":\"https:\\\/\\\/schema.org\",\"@graph\":[{\"@type\":\"Article\",\"@id\":\"http:\\\/\\\/vanderloubet.com.br\\\/deputado\\\/camara-aprova-seguro-emergencial-de-ate-r-1-200-por-familia-durante-pandemia\\\/#article\",\"isPartOf\":{\"@id\":\"http:\\\/\\\/vanderloubet.com.br\\\/deputado\\\/camara-aprova-seguro-emergencial-de-ate-r-1-200-por-familia-durante-pandemia\\\/\"},\"author\":{\"name\":\"\u00c9der\",\"@id\":\"https:\\\/\\\/vanderloubet.com.br\\\/deputado\\\/#\\\/schema\\\/person\\\/15b51bd564532a8a68d9dec1b8eb890e\"},\"headline\":\"C\u00e2mara aprova seguro emergencial de at\u00e9 R$ 1.200 por fam\u00edlia durante pandemia\",\"datePublished\":\"2020-03-27T02:54:24+00:00\",\"dateModified\":\"2021-01-15T14:37:17+00:00\",\"mainEntityOfPage\":{\"@id\":\"http:\\\/\\\/vanderloubet.com.br\\\/deputado\\\/camara-aprova-seguro-emergencial-de-ate-r-1-200-por-familia-durante-pandemia\\\/\"},\"wordCount\":1021,\"publisher\":{\"@id\":\"https:\\\/\\\/vanderloubet.com.br\\\/deputado\\\/#organization\"},\"image\":{\"@id\":\"http:\\\/\\\/vanderloubet.com.br\\\/deputado\\\/camara-aprova-seguro-emergencial-de-ate-r-1-200-por-familia-durante-pandemia\\\/#primaryimage\"},\"thumbnailUrl\":\"https:\\\/\\\/vanderloubet.com.br\\\/deputado\\\/wp-content\\\/uploads\\\/2020\\\/03\\\/foto-2020-03-26-vander-loubet-sessao-virtual.jpg\",\"keywords\":[\"estado de calamidade p\u00fablica\",\"estado de emerg\u00eancia\",\"projeto de lei\"],\"articleSection\":[\"Brasil\",\"Not\u00edcias\"],\"inLanguage\":\"pt-BR\"},{\"@type\":\"WebPage\",\"@id\":\"http:\\\/\\\/vanderloubet.com.br\\\/deputado\\\/camara-aprova-seguro-emergencial-de-ate-r-1-200-por-familia-durante-pandemia\\\/\",\"url\":\"http:\\\/\\\/vanderloubet.com.br\\\/deputado\\\/camara-aprova-seguro-emergencial-de-ate-r-1-200-por-familia-durante-pandemia\\\/\",\"name\":\"C\u00e2mara aprova seguro emergencial de at\u00e9 R$ 1.200 por fam\u00edlia durante pandemia\",\"isPartOf\":{\"@id\":\"https:\\\/\\\/vanderloubet.com.br\\\/deputado\\\/#website\"},\"primaryImageOfPage\":{\"@id\":\"http:\\\/\\\/vanderloubet.com.br\\\/deputado\\\/camara-aprova-seguro-emergencial-de-ate-r-1-200-por-familia-durante-pandemia\\\/#primaryimage\"},\"image\":{\"@id\":\"http:\\\/\\\/vanderloubet.com.br\\\/deputado\\\/camara-aprova-seguro-emergencial-de-ate-r-1-200-por-familia-durante-pandemia\\\/#primaryimage\"},\"thumbnailUrl\":\"https:\\\/\\\/vanderloubet.com.br\\\/deputado\\\/wp-content\\\/uploads\\\/2020\\\/03\\\/foto-2020-03-26-vander-loubet-sessao-virtual.jpg\",\"datePublished\":\"2020-03-27T02:54:24+00:00\",\"dateModified\":\"2021-01-15T14:37:17+00:00\",\"description\":\"A aprova\u00e7\u00e3o do aux\u00edlio resultou de um trabalho coletivo dos seis partidos de oposi\u00e7\u00e3o na Casa: PT, PCdoB, Psol PDT, PSB e Rede.\",\"breadcrumb\":{\"@id\":\"http:\\\/\\\/vanderloubet.com.br\\\/deputado\\\/camara-aprova-seguro-emergencial-de-ate-r-1-200-por-familia-durante-pandemia\\\/#breadcrumb\"},\"inLanguage\":\"pt-BR\",\"potentialAction\":[{\"@type\":\"ReadAction\",\"target\":[\"http:\\\/\\\/vanderloubet.com.br\\\/deputado\\\/camara-aprova-seguro-emergencial-de-ate-r-1-200-por-familia-durante-pandemia\\\/\"]}]},{\"@type\":\"ImageObject\",\"inLanguage\":\"pt-BR\",\"@id\":\"http:\\\/\\\/vanderloubet.com.br\\\/deputado\\\/camara-aprova-seguro-emergencial-de-ate-r-1-200-por-familia-durante-pandemia\\\/#primaryimage\",\"url\":\"https:\\\/\\\/vanderloubet.com.br\\\/deputado\\\/wp-content\\\/uploads\\\/2020\\\/03\\\/foto-2020-03-26-vander-loubet-sessao-virtual.jpg\",\"contentUrl\":\"https:\\\/\\\/vanderloubet.com.br\\\/deputado\\\/wp-content\\\/uploads\\\/2020\\\/03\\\/foto-2020-03-26-vander-loubet-sessao-virtual.jpg\",\"width\":1080,\"height\":720,\"caption\":\"Deputado Vander Loubet acompanha sess\u00e3o virtual da C\u00e2mara\"},{\"@type\":\"BreadcrumbList\",\"@id\":\"http:\\\/\\\/vanderloubet.com.br\\\/deputado\\\/camara-aprova-seguro-emergencial-de-ate-r-1-200-por-familia-durante-pandemia\\\/#breadcrumb\",\"itemListElement\":[{\"@type\":\"ListItem\",\"position\":1,\"name\":\"In\u00edcio\",\"item\":\"https:\\\/\\\/vanderloubet.com.br\\\/deputado\\\/\"},{\"@type\":\"ListItem\",\"position\":2,\"name\":\"C\u00e2mara aprova seguro emergencial de at\u00e9 R$ 1.200 por fam\u00edlia durante pandemia\"}]},{\"@type\":\"WebSite\",\"@id\":\"https:\\\/\\\/vanderloubet.com.br\\\/deputado\\\/#website\",\"url\":\"https:\\\/\\\/vanderloubet.com.br\\\/deputado\\\/\",\"name\":\"Deputado Federal Vander Loubet\",\"description\":\"O Federal de MS\",\"publisher\":{\"@id\":\"https:\\\/\\\/vanderloubet.com.br\\\/deputado\\\/#organization\"},\"alternateName\":\"Deputado Vander\",\"potentialAction\":[{\"@type\":\"SearchAction\",\"target\":{\"@type\":\"EntryPoint\",\"urlTemplate\":\"https:\\\/\\\/vanderloubet.com.br\\\/deputado\\\/?s={search_term_string}\"},\"query-input\":{\"@type\":\"PropertyValueSpecification\",\"valueRequired\":true,\"valueName\":\"search_term_string\"}}],\"inLanguage\":\"pt-BR\"},{\"@type\":\"Organization\",\"@id\":\"https:\\\/\\\/vanderloubet.com.br\\\/deputado\\\/#organization\",\"name\":\"Deputado Federal Vander Loubet\",\"alternateName\":\"Deputado Vander\",\"url\":\"https:\\\/\\\/vanderloubet.com.br\\\/deputado\\\/\",\"logo\":{\"@type\":\"ImageObject\",\"inLanguage\":\"pt-BR\",\"@id\":\"https:\\\/\\\/vanderloubet.com.br\\\/deputado\\\/#\\\/schema\\\/logo\\\/image\\\/\",\"url\":\"https:\\\/\\\/vanderloubet.com.br\\\/deputado\\\/wp-content\\\/uploads\\\/2023\\\/06\\\/foto-2023-06-19-mandato-deputado-vander.jpg\",\"contentUrl\":\"https:\\\/\\\/vanderloubet.com.br\\\/deputado\\\/wp-content\\\/uploads\\\/2023\\\/06\\\/foto-2023-06-19-mandato-deputado-vander.jpg\",\"width\":1080,\"height\":1080,\"caption\":\"Deputado Federal Vander Loubet\"},\"image\":{\"@id\":\"https:\\\/\\\/vanderloubet.com.br\\\/deputado\\\/#\\\/schema\\\/logo\\\/image\\\/\"},\"sameAs\":[\"https:\\\/\\\/facebook.com\\\/deputadovander\",\"https:\\\/\\\/x.com\\\/vanderloubet\",\"https:\\\/\\\/instagram.com\\\/vanderloubet\",\"https:\\\/\\\/youtube.com\\\/vanderloubet\",\"https:\\\/\\\/tiktok.com\\\/@vanderloubetms\"]},{\"@type\":\"Person\",\"@id\":\"https:\\\/\\\/vanderloubet.com.br\\\/deputado\\\/#\\\/schema\\\/person\\\/15b51bd564532a8a68d9dec1b8eb890e\",\"name\":\"\u00c9der\",\"image\":{\"@type\":\"ImageObject\",\"inLanguage\":\"pt-BR\",\"@id\":\"https:\\\/\\\/vanderloubet.com.br\\\/deputado\\\/wp-content\\\/litespeed\\\/avatar\\\/88ca4090d9d5ab1c9495f6ca03b68efa.jpg?ver=1777058957\",\"url\":\"https:\\\/\\\/vanderloubet.com.br\\\/deputado\\\/wp-content\\\/litespeed\\\/avatar\\\/88ca4090d9d5ab1c9495f6ca03b68efa.jpg?ver=1777058957\",\"contentUrl\":\"https:\\\/\\\/vanderloubet.com.br\\\/deputado\\\/wp-content\\\/litespeed\\\/avatar\\\/88ca4090d9d5ab1c9495f6ca03b68efa.jpg?ver=1777058957\",\"caption\":\"\u00c9der\"}}]}<\/script>\n<!-- \/ Yoast SEO plugin. -->","yoast_head_json":{"title":"C\u00e2mara aprova seguro emergencial de at\u00e9 R$ 1.200 por fam\u00edlia durante pandemia","description":"A aprova\u00e7\u00e3o do aux\u00edlio resultou de um trabalho coletivo dos seis partidos de oposi\u00e7\u00e3o na Casa: PT, PCdoB, Psol PDT, PSB e Rede.","robots":{"index":"index","follow":"follow","max-snippet":"max-snippet:-1","max-image-preview":"max-image-preview:large","max-video-preview":"max-video-preview:-1"},"canonical":"http:\/\/vanderloubet.com.br\/deputado\/camara-aprova-seguro-emergencial-de-ate-r-1-200-por-familia-durante-pandemia\/","og_locale":"pt_BR","og_type":"article","og_title":"C\u00e2mara aprova seguro emergencial de at\u00e9 R$ 1.200 por fam\u00edlia durante pandemia","og_description":"A aprova\u00e7\u00e3o do aux\u00edlio resultou de um trabalho coletivo dos seis partidos de oposi\u00e7\u00e3o na Casa: PT, PCdoB, Psol PDT, PSB e Rede.","og_url":"http:\/\/vanderloubet.com.br\/deputado\/camara-aprova-seguro-emergencial-de-ate-r-1-200-por-familia-durante-pandemia\/","og_site_name":"Deputado Federal Vander Loubet","article_publisher":"https:\/\/facebook.com\/deputadovander","article_published_time":"2020-03-27T02:54:24+00:00","article_modified_time":"2021-01-15T14:37:17+00:00","og_image":[{"width":1080,"height":720,"url":"http:\/\/vanderloubet.com.br\/deputado\/wp-content\/uploads\/2020\/03\/foto-2020-03-26-vander-loubet-sessao-virtual.jpg","type":"image\/jpeg"}],"author":"\u00c9der","twitter_card":"summary_large_image","twitter_creator":"@vanderloubet","twitter_site":"@vanderloubet","schema":{"@context":"https:\/\/schema.org","@graph":[{"@type":"Article","@id":"http:\/\/vanderloubet.com.br\/deputado\/camara-aprova-seguro-emergencial-de-ate-r-1-200-por-familia-durante-pandemia\/#article","isPartOf":{"@id":"http:\/\/vanderloubet.com.br\/deputado\/camara-aprova-seguro-emergencial-de-ate-r-1-200-por-familia-durante-pandemia\/"},"author":{"name":"\u00c9der","@id":"https:\/\/vanderloubet.com.br\/deputado\/#\/schema\/person\/15b51bd564532a8a68d9dec1b8eb890e"},"headline":"C\u00e2mara aprova seguro emergencial de at\u00e9 R$ 1.200 por fam\u00edlia durante pandemia","datePublished":"2020-03-27T02:54:24+00:00","dateModified":"2021-01-15T14:37:17+00:00","mainEntityOfPage":{"@id":"http:\/\/vanderloubet.com.br\/deputado\/camara-aprova-seguro-emergencial-de-ate-r-1-200-por-familia-durante-pandemia\/"},"wordCount":1021,"publisher":{"@id":"https:\/\/vanderloubet.com.br\/deputado\/#organization"},"image":{"@id":"http:\/\/vanderloubet.com.br\/deputado\/camara-aprova-seguro-emergencial-de-ate-r-1-200-por-familia-durante-pandemia\/#primaryimage"},"thumbnailUrl":"https:\/\/vanderloubet.com.br\/deputado\/wp-content\/uploads\/2020\/03\/foto-2020-03-26-vander-loubet-sessao-virtual.jpg","keywords":["estado de calamidade p\u00fablica","estado de emerg\u00eancia","projeto de lei"],"articleSection":["Brasil","Not\u00edcias"],"inLanguage":"pt-BR"},{"@type":"WebPage","@id":"http:\/\/vanderloubet.com.br\/deputado\/camara-aprova-seguro-emergencial-de-ate-r-1-200-por-familia-durante-pandemia\/","url":"http:\/\/vanderloubet.com.br\/deputado\/camara-aprova-seguro-emergencial-de-ate-r-1-200-por-familia-durante-pandemia\/","name":"C\u00e2mara aprova seguro emergencial de at\u00e9 R$ 1.200 por fam\u00edlia durante pandemia","isPartOf":{"@id":"https:\/\/vanderloubet.com.br\/deputado\/#website"},"primaryImageOfPage":{"@id":"http:\/\/vanderloubet.com.br\/deputado\/camara-aprova-seguro-emergencial-de-ate-r-1-200-por-familia-durante-pandemia\/#primaryimage"},"image":{"@id":"http:\/\/vanderloubet.com.br\/deputado\/camara-aprova-seguro-emergencial-de-ate-r-1-200-por-familia-durante-pandemia\/#primaryimage"},"thumbnailUrl":"https:\/\/vanderloubet.com.br\/deputado\/wp-content\/uploads\/2020\/03\/foto-2020-03-26-vander-loubet-sessao-virtual.jpg","datePublished":"2020-03-27T02:54:24+00:00","dateModified":"2021-01-15T14:37:17+00:00","description":"A aprova\u00e7\u00e3o do aux\u00edlio resultou de um trabalho coletivo dos seis partidos de oposi\u00e7\u00e3o na Casa: PT, PCdoB, Psol PDT, PSB e Rede.","breadcrumb":{"@id":"http:\/\/vanderloubet.com.br\/deputado\/camara-aprova-seguro-emergencial-de-ate-r-1-200-por-familia-durante-pandemia\/#breadcrumb"},"inLanguage":"pt-BR","potentialAction":[{"@type":"ReadAction","target":["http:\/\/vanderloubet.com.br\/deputado\/camara-aprova-seguro-emergencial-de-ate-r-1-200-por-familia-durante-pandemia\/"]}]},{"@type":"ImageObject","inLanguage":"pt-BR","@id":"http:\/\/vanderloubet.com.br\/deputado\/camara-aprova-seguro-emergencial-de-ate-r-1-200-por-familia-durante-pandemia\/#primaryimage","url":"https:\/\/vanderloubet.com.br\/deputado\/wp-content\/uploads\/2020\/03\/foto-2020-03-26-vander-loubet-sessao-virtual.jpg","contentUrl":"https:\/\/vanderloubet.com.br\/deputado\/wp-content\/uploads\/2020\/03\/foto-2020-03-26-vander-loubet-sessao-virtual.jpg","width":1080,"height":720,"caption":"Deputado Vander Loubet acompanha sess\u00e3o virtual da C\u00e2mara"},{"@type":"BreadcrumbList","@id":"http:\/\/vanderloubet.com.br\/deputado\/camara-aprova-seguro-emergencial-de-ate-r-1-200-por-familia-durante-pandemia\/#breadcrumb","itemListElement":[{"@type":"ListItem","position":1,"name":"In\u00edcio","item":"https:\/\/vanderloubet.com.br\/deputado\/"},{"@type":"ListItem","position":2,"name":"C\u00e2mara aprova seguro emergencial de at\u00e9 R$ 1.200 por fam\u00edlia durante pandemia"}]},{"@type":"WebSite","@id":"https:\/\/vanderloubet.com.br\/deputado\/#website","url":"https:\/\/vanderloubet.com.br\/deputado\/","name":"Deputado Federal Vander Loubet","description":"O Federal de MS","publisher":{"@id":"https:\/\/vanderloubet.com.br\/deputado\/#organization"},"alternateName":"Deputado Vander","potentialAction":[{"@type":"SearchAction","target":{"@type":"EntryPoint","urlTemplate":"https:\/\/vanderloubet.com.br\/deputado\/?s={search_term_string}"},"query-input":{"@type":"PropertyValueSpecification","valueRequired":true,"valueName":"search_term_string"}}],"inLanguage":"pt-BR"},{"@type":"Organization","@id":"https:\/\/vanderloubet.com.br\/deputado\/#organization","name":"Deputado Federal Vander Loubet","alternateName":"Deputado Vander","url":"https:\/\/vanderloubet.com.br\/deputado\/","logo":{"@type":"ImageObject","inLanguage":"pt-BR","@id":"https:\/\/vanderloubet.com.br\/deputado\/#\/schema\/logo\/image\/","url":"https:\/\/vanderloubet.com.br\/deputado\/wp-content\/uploads\/2023\/06\/foto-2023-06-19-mandato-deputado-vander.jpg","contentUrl":"https:\/\/vanderloubet.com.br\/deputado\/wp-content\/uploads\/2023\/06\/foto-2023-06-19-mandato-deputado-vander.jpg","width":1080,"height":1080,"caption":"Deputado Federal Vander Loubet"},"image":{"@id":"https:\/\/vanderloubet.com.br\/deputado\/#\/schema\/logo\/image\/"},"sameAs":["https:\/\/facebook.com\/deputadovander","https:\/\/x.com\/vanderloubet","https:\/\/instagram.com\/vanderloubet","https:\/\/youtube.com\/vanderloubet","https:\/\/tiktok.com\/@vanderloubetms"]},{"@type":"Person","@id":"https:\/\/vanderloubet.com.br\/deputado\/#\/schema\/person\/15b51bd564532a8a68d9dec1b8eb890e","name":"\u00c9der","image":{"@type":"ImageObject","inLanguage":"pt-BR","@id":"https:\/\/vanderloubet.com.br\/deputado\/wp-content\/litespeed\/avatar\/88ca4090d9d5ab1c9495f6ca03b68efa.jpg?ver=1777058957","url":"https:\/\/vanderloubet.com.br\/deputado\/wp-content\/litespeed\/avatar\/88ca4090d9d5ab1c9495f6ca03b68efa.jpg?ver=1777058957","contentUrl":"https:\/\/vanderloubet.com.br\/deputado\/wp-content\/litespeed\/avatar\/88ca4090d9d5ab1c9495f6ca03b68efa.jpg?ver=1777058957","caption":"\u00c9der"}}]}},"jetpack_featured_media_url":"https:\/\/vanderloubet.com.br\/deputado\/wp-content\/uploads\/2020\/03\/foto-2020-03-26-vander-loubet-sessao-virtual.jpg","jetpack_sharing_enabled":true,"_links":{"self":[{"href":"https:\/\/vanderloubet.com.br\/deputado\/wp-json\/wp\/v2\/posts\/16366","targetHints":{"allow":["GET"]}}],"collection":[{"href":"https:\/\/vanderloubet.com.br\/deputado\/wp-json\/wp\/v2\/posts"}],"about":[{"href":"https:\/\/vanderloubet.com.br\/deputado\/wp-json\/wp\/v2\/types\/post"}],"author":[{"embeddable":true,"href":"https:\/\/vanderloubet.com.br\/deputado\/wp-json\/wp\/v2\/users\/2"}],"replies":[{"embeddable":true,"href":"https:\/\/vanderloubet.com.br\/deputado\/wp-json\/wp\/v2\/comments?post=16366"}],"version-history":[{"count":0,"href":"https:\/\/vanderloubet.com.br\/deputado\/wp-json\/wp\/v2\/posts\/16366\/revisions"}],"wp:featuredmedia":[{"embeddable":true,"href":"https:\/\/vanderloubet.com.br\/deputado\/wp-json\/wp\/v2\/media\/16361"}],"wp:attachment":[{"href":"https:\/\/vanderloubet.com.br\/deputado\/wp-json\/wp\/v2\/media?parent=16366"}],"wp:term":[{"taxonomy":"category","embeddable":true,"href":"https:\/\/vanderloubet.com.br\/deputado\/wp-json\/wp\/v2\/categories?post=16366"},{"taxonomy":"post_tag","embeddable":true,"href":"https:\/\/vanderloubet.com.br\/deputado\/wp-json\/wp\/v2\/tags?post=16366"}],"curies":[{"name":"wp","href":"https:\/\/api.w.org\/{rel}","templated":true}]}}