{"id":16360,"date":"2020-03-26T17:43:20","date_gmt":"2020-03-26T21:43:20","guid":{"rendered":"http:\/\/vanderloubet.com.br\/deputado\/?p=16360"},"modified":"2020-03-26T18:06:32","modified_gmt":"2020-03-26T22:06:32","slug":"vander-defende-indigenas-e-quilombolas-no-projeto-de-renda-basica-emergencial","status":"publish","type":"post","link":"https:\/\/vanderloubet.com.br\/deputado\/vander-defende-indigenas-e-quilombolas-no-projeto-de-renda-basica-emergencial\/","title":{"rendered":"Vander defende ind\u00edgenas e quilombolas no projeto de renda b\u00e1sica emergencial"},"content":{"rendered":"<p>L\u00edderes de partidos de oposi\u00e7\u00e3o &#8211; PT, Psol, PCdoB, PDT, PSB e Rede &#8211; apresentaram na quarta-feira (25) um projeto que prev\u00ea a cria\u00e7\u00e3o de um programa de renda b\u00e1sica emergencial para as fam\u00edlias mais pobres, enquanto durar a situa\u00e7\u00e3o de emerg\u00eancia provocada pela pandemia do coronav\u00edrus (Sars-CoV 2), causador da doen\u00e7a Covid-19.<\/p>\n<p>Pelo texto, as pessoas inscritas no Cadastro \u00danico para Programas Sociais (Cad\u00danico) e os trabalhadores informais v\u00e3o receber um aux\u00edlio de um sal\u00e1rio m\u00ednimo (R$ 1.045,00) durante o per\u00edodo de situa\u00e7\u00e3o de calamidade p\u00fablica ou emerg\u00eancia.<\/p>\n<p>Nesta quinta-feira (26), o deputado federal Vander Loubet anunciou que vai apresentar uma emenda ao projeto de lei para acrescentar ao rol de benefici\u00e1rios do programa de renda b\u00e1sica emergencial os moradores de comunidades quilombolas (mesmo aquelas que n\u00e3o s\u00e3o oficialmente reconhecidas) e os residentes de aldeias ind\u00edgenas.<\/p>\n<p>&#8220;Os dados do IBGE e as proje\u00e7\u00f5es apontam que nos 305 povos ind\u00edgenas do nosso pa\u00eds temos uma popula\u00e7\u00e3o de pelo menos um milh\u00e3o de pessoas, parte vivendo em aldeias urbanas e a maioria em aldeias rurais. Tamb\u00e9m temos 15 mil comunidades quilombolas espalhadas pelo nosso territ\u00f3rio. Como o projeto de lei apresentado contempla os assentados e acampados em \u00e1reas rurais, entendo que n\u00e3o h\u00e1 porque nos esquecer dos ind\u00edgenas e quilombolas, at\u00e9 porque eles tamb\u00e9m est\u00e3o sendo afetados pela crise do coronav\u00edrus&#8221;, argumenta Vander.<\/p>\n<p><strong>Grande parcela<\/strong> &#8211; De acordo com a Lideran\u00e7a da Bancada do PT na C\u00e2mara, o objetivo \u00e9 beneficiar 100 milh\u00f5es de pessoas com esse programa, o que representa 48% da popula\u00e7\u00e3o. &#8220;\u00c9 uma medida que, com certeza, vai ajudar as fam\u00edlias a enfrentar a crise causada pelo coronav\u00edrus&#8221;, destacou o deputado sul-mato-grossense.<\/p>\n<p>Ainda segundo o parlamentar, o PL prop\u00f5e uma alternativa ao vi\u00e9s do governo, que est\u00e1 muito voltado para a economia. &#8220;A preocupa\u00e7\u00e3o com a economia \u00e9 uma constante, mas o momento \u00e9 de focar na sobreviv\u00eancia das pessoas. \u00c9 uma situa\u00e7\u00e3o de emerg\u00eancia. Muitos pa\u00edses j\u00e1 est\u00e3o tratando a pandemia como um caso de guerra, apresentando pacotes que injetam bilh\u00f5es para acudir as empresas e fam\u00edlias. No Reino Unido o governo vai bancar 80% dos sal\u00e1rios dos trabalhadores e nos Estados Unidos aprovaram um pacote de dois trilh\u00f5es de d\u00f3lares. N\u00e3o faz sentido o Brasil querer ir na contram\u00e3o desses movimentos&#8221;, pondera.<\/p>\n<p>&#8220;A oposi\u00e7\u00e3o est\u00e1 unificada em apresentar uma proposta de atendimento \u00e0s fam\u00edlias pobres, incluindo tamb\u00e9m microempreendedores, desempregados, intermitentes e aut\u00f4nomos. Esse PL \u00e9 para as pessoas que ser\u00e3o mais atingidas pelas consequ\u00eancias econ\u00f4micas do coronav\u00edrus&#8221;, conclui Vander.<\/p>\n<p><em>(\u00c9der F. Yanaguita &#8211; Ascom\/Dep. Vander Loubet)<\/em><\/p>\n","protected":false},"excerpt":{"rendered":"<p>Projeto apresentado contempla assentados e acampados, n\u00e3o h\u00e1 porque nos esquecer dos ind\u00edgenas e quilombolas&#8221;, argumenta Vander.<\/p>\n","protected":false},"author":2,"featured_media":16364,"comment_status":"closed","ping_status":"closed","sticky":false,"template":"","format":"standard","meta":{"jetpack_post_was_ever_published":false,"_jetpack_newsletter_access":"","_jetpack_dont_email_post_to_subs":false,"_jetpack_newsletter_tier_id":0,"_jetpack_memberships_contains_paywalled_content":false,"_jetpack_memberships_contains_paid_content":false,"footnotes":""},"categories":[2098,10],"tags":[2373,2258,2148,1635,2407],"class_list":{"0":"post-16360","1":"post","2":"type-post","3":"status-publish","4":"format-standard","5":"has-post-thumbnail","7":"category-brasil-noticias","8":"category-noticias","9":"tag-aldeia-indigena","10":"tag-estado-de-calamidade-publica","11":"tag-estado-de-emergencia","12":"tag-projeto-de-lei","13":"tag-quilombola"},"yoast_head":"<!-- This site is optimized with the Yoast SEO plugin v27.4 - https:\/\/yoast.com\/product\/yoast-seo-wordpress\/ -->\n<title>Vander defende ind\u00edgenas e quilombolas no projeto de renda b\u00e1sica emergencial<\/title>\n<meta name=\"description\" content=\"Projeto apresentado contempla assentados e acampados, n\u00e3o h\u00e1 porque nos esquecer dos ind\u00edgenas e quilombolas&quot;, argumenta Vander.\" \/>\n<meta name=\"robots\" content=\"index, follow, max-snippet:-1, max-image-preview:large, max-video-preview:-1\" \/>\n<link rel=\"canonical\" href=\"https:\/\/vanderloubet.com.br\/deputado\/vander-defende-indigenas-e-quilombolas-no-projeto-de-renda-basica-emergencial\/\" \/>\n<meta property=\"og:locale\" content=\"pt_BR\" \/>\n<meta property=\"og:type\" content=\"article\" \/>\n<meta property=\"og:title\" content=\"Vander defende ind\u00edgenas e quilombolas no projeto de renda b\u00e1sica emergencial\" \/>\n<meta property=\"og:description\" content=\"Projeto apresentado contempla assentados e acampados, n\u00e3o h\u00e1 porque nos esquecer dos ind\u00edgenas e quilombolas&quot;, argumenta Vander.\" \/>\n<meta property=\"og:url\" content=\"https:\/\/vanderloubet.com.br\/deputado\/vander-defende-indigenas-e-quilombolas-no-projeto-de-renda-basica-emergencial\/\" \/>\n<meta property=\"og:site_name\" content=\"Deputado Federal Vander Loubet\" \/>\n<meta property=\"article:publisher\" content=\"https:\/\/facebook.com\/deputadovander\" \/>\n<meta property=\"article:published_time\" content=\"2020-03-26T21:43:20+00:00\" \/>\n<meta property=\"article:modified_time\" content=\"2020-03-26T22:06:32+00:00\" \/>\n<meta property=\"og:image\" content=\"https:\/\/vanderloubet.com.br\/deputado\/wp-content\/uploads\/2020\/03\/foto-2020-03-26-vander-loubet-crianca-indigena.jpg\" \/>\n\t<meta property=\"og:image:width\" content=\"960\" \/>\n\t<meta property=\"og:image:height\" content=\"640\" \/>\n\t<meta property=\"og:image:type\" content=\"image\/jpeg\" \/>\n<meta name=\"author\" content=\"\u00c9der\" \/>\n<meta name=\"twitter:card\" content=\"summary_large_image\" \/>\n<meta name=\"twitter:creator\" content=\"@vanderloubet\" \/>\n<meta name=\"twitter:site\" content=\"@vanderloubet\" \/>\n<script type=\"application\/ld+json\" class=\"yoast-schema-graph\">{\"@context\":\"https:\\\/\\\/schema.org\",\"@graph\":[{\"@type\":\"Article\",\"@id\":\"https:\\\/\\\/vanderloubet.com.br\\\/deputado\\\/vander-defende-indigenas-e-quilombolas-no-projeto-de-renda-basica-emergencial\\\/#article\",\"isPartOf\":{\"@id\":\"https:\\\/\\\/vanderloubet.com.br\\\/deputado\\\/vander-defende-indigenas-e-quilombolas-no-projeto-de-renda-basica-emergencial\\\/\"},\"author\":{\"name\":\"\u00c9der\",\"@id\":\"https:\\\/\\\/vanderloubet.com.br\\\/deputado\\\/#\\\/schema\\\/person\\\/15b51bd564532a8a68d9dec1b8eb890e\"},\"headline\":\"Vander defende ind\u00edgenas e quilombolas no projeto de renda b\u00e1sica emergencial\",\"datePublished\":\"2020-03-26T21:43:20+00:00\",\"dateModified\":\"2020-03-26T22:06:32+00:00\",\"mainEntityOfPage\":{\"@id\":\"https:\\\/\\\/vanderloubet.com.br\\\/deputado\\\/vander-defende-indigenas-e-quilombolas-no-projeto-de-renda-basica-emergencial\\\/\"},\"wordCount\":483,\"publisher\":{\"@id\":\"https:\\\/\\\/vanderloubet.com.br\\\/deputado\\\/#organization\"},\"image\":{\"@id\":\"https:\\\/\\\/vanderloubet.com.br\\\/deputado\\\/vander-defende-indigenas-e-quilombolas-no-projeto-de-renda-basica-emergencial\\\/#primaryimage\"},\"thumbnailUrl\":\"https:\\\/\\\/vanderloubet.com.br\\\/deputado\\\/wp-content\\\/uploads\\\/2020\\\/03\\\/foto-2020-03-26-vander-loubet-crianca-indigena.jpg\",\"keywords\":[\"aldeia ind\u00edgena\",\"estado de calamidade p\u00fablica\",\"estado de emerg\u00eancia\",\"projeto de lei\",\"quilombola\"],\"articleSection\":[\"Brasil\",\"Not\u00edcias\"],\"inLanguage\":\"pt-BR\"},{\"@type\":\"WebPage\",\"@id\":\"https:\\\/\\\/vanderloubet.com.br\\\/deputado\\\/vander-defende-indigenas-e-quilombolas-no-projeto-de-renda-basica-emergencial\\\/\",\"url\":\"https:\\\/\\\/vanderloubet.com.br\\\/deputado\\\/vander-defende-indigenas-e-quilombolas-no-projeto-de-renda-basica-emergencial\\\/\",\"name\":\"Vander defende ind\u00edgenas e quilombolas no projeto de renda b\u00e1sica emergencial\",\"isPartOf\":{\"@id\":\"https:\\\/\\\/vanderloubet.com.br\\\/deputado\\\/#website\"},\"primaryImageOfPage\":{\"@id\":\"https:\\\/\\\/vanderloubet.com.br\\\/deputado\\\/vander-defende-indigenas-e-quilombolas-no-projeto-de-renda-basica-emergencial\\\/#primaryimage\"},\"image\":{\"@id\":\"https:\\\/\\\/vanderloubet.com.br\\\/deputado\\\/vander-defende-indigenas-e-quilombolas-no-projeto-de-renda-basica-emergencial\\\/#primaryimage\"},\"thumbnailUrl\":\"https:\\\/\\\/vanderloubet.com.br\\\/deputado\\\/wp-content\\\/uploads\\\/2020\\\/03\\\/foto-2020-03-26-vander-loubet-crianca-indigena.jpg\",\"datePublished\":\"2020-03-26T21:43:20+00:00\",\"dateModified\":\"2020-03-26T22:06:32+00:00\",\"description\":\"Projeto apresentado contempla assentados e acampados, n\u00e3o h\u00e1 porque nos esquecer dos ind\u00edgenas e quilombolas\\\", argumenta Vander.\",\"breadcrumb\":{\"@id\":\"https:\\\/\\\/vanderloubet.com.br\\\/deputado\\\/vander-defende-indigenas-e-quilombolas-no-projeto-de-renda-basica-emergencial\\\/#breadcrumb\"},\"inLanguage\":\"pt-BR\",\"potentialAction\":[{\"@type\":\"ReadAction\",\"target\":[\"https:\\\/\\\/vanderloubet.com.br\\\/deputado\\\/vander-defende-indigenas-e-quilombolas-no-projeto-de-renda-basica-emergencial\\\/\"]}]},{\"@type\":\"ImageObject\",\"inLanguage\":\"pt-BR\",\"@id\":\"https:\\\/\\\/vanderloubet.com.br\\\/deputado\\\/vander-defende-indigenas-e-quilombolas-no-projeto-de-renda-basica-emergencial\\\/#primaryimage\",\"url\":\"https:\\\/\\\/vanderloubet.com.br\\\/deputado\\\/wp-content\\\/uploads\\\/2020\\\/03\\\/foto-2020-03-26-vander-loubet-crianca-indigena.jpg\",\"contentUrl\":\"https:\\\/\\\/vanderloubet.com.br\\\/deputado\\\/wp-content\\\/uploads\\\/2020\\\/03\\\/foto-2020-03-26-vander-loubet-crianca-indigena.jpg\",\"width\":960,\"height\":640,\"caption\":\"Vander defende ind\u00edgenas e quilombolas no projeto de renda b\u00e1sica emergencial\"},{\"@type\":\"BreadcrumbList\",\"@id\":\"https:\\\/\\\/vanderloubet.com.br\\\/deputado\\\/vander-defende-indigenas-e-quilombolas-no-projeto-de-renda-basica-emergencial\\\/#breadcrumb\",\"itemListElement\":[{\"@type\":\"ListItem\",\"position\":1,\"name\":\"In\u00edcio\",\"item\":\"https:\\\/\\\/vanderloubet.com.br\\\/deputado\\\/\"},{\"@type\":\"ListItem\",\"position\":2,\"name\":\"Vander defende ind\u00edgenas e quilombolas no projeto de renda b\u00e1sica emergencial\"}]},{\"@type\":\"WebSite\",\"@id\":\"https:\\\/\\\/vanderloubet.com.br\\\/deputado\\\/#website\",\"url\":\"https:\\\/\\\/vanderloubet.com.br\\\/deputado\\\/\",\"name\":\"Deputado Federal Vander Loubet\",\"description\":\"O Federal de MS\",\"publisher\":{\"@id\":\"https:\\\/\\\/vanderloubet.com.br\\\/deputado\\\/#organization\"},\"alternateName\":\"Deputado Vander\",\"potentialAction\":[{\"@type\":\"SearchAction\",\"target\":{\"@type\":\"EntryPoint\",\"urlTemplate\":\"https:\\\/\\\/vanderloubet.com.br\\\/deputado\\\/?s={search_term_string}\"},\"query-input\":{\"@type\":\"PropertyValueSpecification\",\"valueRequired\":true,\"valueName\":\"search_term_string\"}}],\"inLanguage\":\"pt-BR\"},{\"@type\":\"Organization\",\"@id\":\"https:\\\/\\\/vanderloubet.com.br\\\/deputado\\\/#organization\",\"name\":\"Deputado Federal Vander Loubet\",\"alternateName\":\"Deputado Vander\",\"url\":\"https:\\\/\\\/vanderloubet.com.br\\\/deputado\\\/\",\"logo\":{\"@type\":\"ImageObject\",\"inLanguage\":\"pt-BR\",\"@id\":\"https:\\\/\\\/vanderloubet.com.br\\\/deputado\\\/#\\\/schema\\\/logo\\\/image\\\/\",\"url\":\"https:\\\/\\\/vanderloubet.com.br\\\/deputado\\\/wp-content\\\/uploads\\\/2023\\\/06\\\/foto-2023-06-19-mandato-deputado-vander.jpg\",\"contentUrl\":\"https:\\\/\\\/vanderloubet.com.br\\\/deputado\\\/wp-content\\\/uploads\\\/2023\\\/06\\\/foto-2023-06-19-mandato-deputado-vander.jpg\",\"width\":1080,\"height\":1080,\"caption\":\"Deputado Federal Vander Loubet\"},\"image\":{\"@id\":\"https:\\\/\\\/vanderloubet.com.br\\\/deputado\\\/#\\\/schema\\\/logo\\\/image\\\/\"},\"sameAs\":[\"https:\\\/\\\/facebook.com\\\/deputadovander\",\"https:\\\/\\\/x.com\\\/vanderloubet\",\"https:\\\/\\\/instagram.com\\\/vanderloubet\",\"https:\\\/\\\/youtube.com\\\/vanderloubet\",\"https:\\\/\\\/tiktok.com\\\/@vanderloubetms\"]},{\"@type\":\"Person\",\"@id\":\"https:\\\/\\\/vanderloubet.com.br\\\/deputado\\\/#\\\/schema\\\/person\\\/15b51bd564532a8a68d9dec1b8eb890e\",\"name\":\"\u00c9der\",\"image\":{\"@type\":\"ImageObject\",\"inLanguage\":\"pt-BR\",\"@id\":\"https:\\\/\\\/vanderloubet.com.br\\\/deputado\\\/wp-content\\\/litespeed\\\/avatar\\\/88ca4090d9d5ab1c9495f6ca03b68efa.jpg?ver=1777058957\",\"url\":\"https:\\\/\\\/vanderloubet.com.br\\\/deputado\\\/wp-content\\\/litespeed\\\/avatar\\\/88ca4090d9d5ab1c9495f6ca03b68efa.jpg?ver=1777058957\",\"contentUrl\":\"https:\\\/\\\/vanderloubet.com.br\\\/deputado\\\/wp-content\\\/litespeed\\\/avatar\\\/88ca4090d9d5ab1c9495f6ca03b68efa.jpg?ver=1777058957\",\"caption\":\"\u00c9der\"}}]}<\/script>\n<!-- \/ Yoast SEO plugin. -->","yoast_head_json":{"title":"Vander defende ind\u00edgenas e quilombolas no projeto de renda b\u00e1sica emergencial","description":"Projeto apresentado contempla assentados e acampados, n\u00e3o h\u00e1 porque nos esquecer dos ind\u00edgenas e quilombolas\", argumenta Vander.","robots":{"index":"index","follow":"follow","max-snippet":"max-snippet:-1","max-image-preview":"max-image-preview:large","max-video-preview":"max-video-preview:-1"},"canonical":"https:\/\/vanderloubet.com.br\/deputado\/vander-defende-indigenas-e-quilombolas-no-projeto-de-renda-basica-emergencial\/","og_locale":"pt_BR","og_type":"article","og_title":"Vander defende ind\u00edgenas e quilombolas no projeto de renda b\u00e1sica emergencial","og_description":"Projeto apresentado contempla assentados e acampados, n\u00e3o h\u00e1 porque nos esquecer dos ind\u00edgenas e quilombolas\", argumenta Vander.","og_url":"https:\/\/vanderloubet.com.br\/deputado\/vander-defende-indigenas-e-quilombolas-no-projeto-de-renda-basica-emergencial\/","og_site_name":"Deputado Federal Vander Loubet","article_publisher":"https:\/\/facebook.com\/deputadovander","article_published_time":"2020-03-26T21:43:20+00:00","article_modified_time":"2020-03-26T22:06:32+00:00","og_image":[{"width":960,"height":640,"url":"https:\/\/vanderloubet.com.br\/deputado\/wp-content\/uploads\/2020\/03\/foto-2020-03-26-vander-loubet-crianca-indigena.jpg","type":"image\/jpeg"}],"author":"\u00c9der","twitter_card":"summary_large_image","twitter_creator":"@vanderloubet","twitter_site":"@vanderloubet","schema":{"@context":"https:\/\/schema.org","@graph":[{"@type":"Article","@id":"https:\/\/vanderloubet.com.br\/deputado\/vander-defende-indigenas-e-quilombolas-no-projeto-de-renda-basica-emergencial\/#article","isPartOf":{"@id":"https:\/\/vanderloubet.com.br\/deputado\/vander-defende-indigenas-e-quilombolas-no-projeto-de-renda-basica-emergencial\/"},"author":{"name":"\u00c9der","@id":"https:\/\/vanderloubet.com.br\/deputado\/#\/schema\/person\/15b51bd564532a8a68d9dec1b8eb890e"},"headline":"Vander defende ind\u00edgenas e quilombolas no projeto de renda b\u00e1sica emergencial","datePublished":"2020-03-26T21:43:20+00:00","dateModified":"2020-03-26T22:06:32+00:00","mainEntityOfPage":{"@id":"https:\/\/vanderloubet.com.br\/deputado\/vander-defende-indigenas-e-quilombolas-no-projeto-de-renda-basica-emergencial\/"},"wordCount":483,"publisher":{"@id":"https:\/\/vanderloubet.com.br\/deputado\/#organization"},"image":{"@id":"https:\/\/vanderloubet.com.br\/deputado\/vander-defende-indigenas-e-quilombolas-no-projeto-de-renda-basica-emergencial\/#primaryimage"},"thumbnailUrl":"https:\/\/vanderloubet.com.br\/deputado\/wp-content\/uploads\/2020\/03\/foto-2020-03-26-vander-loubet-crianca-indigena.jpg","keywords":["aldeia ind\u00edgena","estado de calamidade p\u00fablica","estado de emerg\u00eancia","projeto de lei","quilombola"],"articleSection":["Brasil","Not\u00edcias"],"inLanguage":"pt-BR"},{"@type":"WebPage","@id":"https:\/\/vanderloubet.com.br\/deputado\/vander-defende-indigenas-e-quilombolas-no-projeto-de-renda-basica-emergencial\/","url":"https:\/\/vanderloubet.com.br\/deputado\/vander-defende-indigenas-e-quilombolas-no-projeto-de-renda-basica-emergencial\/","name":"Vander defende ind\u00edgenas e quilombolas no projeto de renda b\u00e1sica emergencial","isPartOf":{"@id":"https:\/\/vanderloubet.com.br\/deputado\/#website"},"primaryImageOfPage":{"@id":"https:\/\/vanderloubet.com.br\/deputado\/vander-defende-indigenas-e-quilombolas-no-projeto-de-renda-basica-emergencial\/#primaryimage"},"image":{"@id":"https:\/\/vanderloubet.com.br\/deputado\/vander-defende-indigenas-e-quilombolas-no-projeto-de-renda-basica-emergencial\/#primaryimage"},"thumbnailUrl":"https:\/\/vanderloubet.com.br\/deputado\/wp-content\/uploads\/2020\/03\/foto-2020-03-26-vander-loubet-crianca-indigena.jpg","datePublished":"2020-03-26T21:43:20+00:00","dateModified":"2020-03-26T22:06:32+00:00","description":"Projeto apresentado contempla assentados e acampados, n\u00e3o h\u00e1 porque nos esquecer dos ind\u00edgenas e quilombolas\", argumenta Vander.","breadcrumb":{"@id":"https:\/\/vanderloubet.com.br\/deputado\/vander-defende-indigenas-e-quilombolas-no-projeto-de-renda-basica-emergencial\/#breadcrumb"},"inLanguage":"pt-BR","potentialAction":[{"@type":"ReadAction","target":["https:\/\/vanderloubet.com.br\/deputado\/vander-defende-indigenas-e-quilombolas-no-projeto-de-renda-basica-emergencial\/"]}]},{"@type":"ImageObject","inLanguage":"pt-BR","@id":"https:\/\/vanderloubet.com.br\/deputado\/vander-defende-indigenas-e-quilombolas-no-projeto-de-renda-basica-emergencial\/#primaryimage","url":"https:\/\/vanderloubet.com.br\/deputado\/wp-content\/uploads\/2020\/03\/foto-2020-03-26-vander-loubet-crianca-indigena.jpg","contentUrl":"https:\/\/vanderloubet.com.br\/deputado\/wp-content\/uploads\/2020\/03\/foto-2020-03-26-vander-loubet-crianca-indigena.jpg","width":960,"height":640,"caption":"Vander defende ind\u00edgenas e quilombolas no projeto de renda b\u00e1sica emergencial"},{"@type":"BreadcrumbList","@id":"https:\/\/vanderloubet.com.br\/deputado\/vander-defende-indigenas-e-quilombolas-no-projeto-de-renda-basica-emergencial\/#breadcrumb","itemListElement":[{"@type":"ListItem","position":1,"name":"In\u00edcio","item":"https:\/\/vanderloubet.com.br\/deputado\/"},{"@type":"ListItem","position":2,"name":"Vander defende ind\u00edgenas e quilombolas no projeto de renda b\u00e1sica emergencial"}]},{"@type":"WebSite","@id":"https:\/\/vanderloubet.com.br\/deputado\/#website","url":"https:\/\/vanderloubet.com.br\/deputado\/","name":"Deputado Federal Vander Loubet","description":"O Federal de MS","publisher":{"@id":"https:\/\/vanderloubet.com.br\/deputado\/#organization"},"alternateName":"Deputado Vander","potentialAction":[{"@type":"SearchAction","target":{"@type":"EntryPoint","urlTemplate":"https:\/\/vanderloubet.com.br\/deputado\/?s={search_term_string}"},"query-input":{"@type":"PropertyValueSpecification","valueRequired":true,"valueName":"search_term_string"}}],"inLanguage":"pt-BR"},{"@type":"Organization","@id":"https:\/\/vanderloubet.com.br\/deputado\/#organization","name":"Deputado Federal Vander Loubet","alternateName":"Deputado Vander","url":"https:\/\/vanderloubet.com.br\/deputado\/","logo":{"@type":"ImageObject","inLanguage":"pt-BR","@id":"https:\/\/vanderloubet.com.br\/deputado\/#\/schema\/logo\/image\/","url":"https:\/\/vanderloubet.com.br\/deputado\/wp-content\/uploads\/2023\/06\/foto-2023-06-19-mandato-deputado-vander.jpg","contentUrl":"https:\/\/vanderloubet.com.br\/deputado\/wp-content\/uploads\/2023\/06\/foto-2023-06-19-mandato-deputado-vander.jpg","width":1080,"height":1080,"caption":"Deputado Federal Vander Loubet"},"image":{"@id":"https:\/\/vanderloubet.com.br\/deputado\/#\/schema\/logo\/image\/"},"sameAs":["https:\/\/facebook.com\/deputadovander","https:\/\/x.com\/vanderloubet","https:\/\/instagram.com\/vanderloubet","https:\/\/youtube.com\/vanderloubet","https:\/\/tiktok.com\/@vanderloubetms"]},{"@type":"Person","@id":"https:\/\/vanderloubet.com.br\/deputado\/#\/schema\/person\/15b51bd564532a8a68d9dec1b8eb890e","name":"\u00c9der","image":{"@type":"ImageObject","inLanguage":"pt-BR","@id":"https:\/\/vanderloubet.com.br\/deputado\/wp-content\/litespeed\/avatar\/88ca4090d9d5ab1c9495f6ca03b68efa.jpg?ver=1777058957","url":"https:\/\/vanderloubet.com.br\/deputado\/wp-content\/litespeed\/avatar\/88ca4090d9d5ab1c9495f6ca03b68efa.jpg?ver=1777058957","contentUrl":"https:\/\/vanderloubet.com.br\/deputado\/wp-content\/litespeed\/avatar\/88ca4090d9d5ab1c9495f6ca03b68efa.jpg?ver=1777058957","caption":"\u00c9der"}}]}},"jetpack_featured_media_url":"https:\/\/vanderloubet.com.br\/deputado\/wp-content\/uploads\/2020\/03\/foto-2020-03-26-vander-loubet-crianca-indigena.jpg","jetpack_sharing_enabled":true,"_links":{"self":[{"href":"https:\/\/vanderloubet.com.br\/deputado\/wp-json\/wp\/v2\/posts\/16360","targetHints":{"allow":["GET"]}}],"collection":[{"href":"https:\/\/vanderloubet.com.br\/deputado\/wp-json\/wp\/v2\/posts"}],"about":[{"href":"https:\/\/vanderloubet.com.br\/deputado\/wp-json\/wp\/v2\/types\/post"}],"author":[{"embeddable":true,"href":"https:\/\/vanderloubet.com.br\/deputado\/wp-json\/wp\/v2\/users\/2"}],"replies":[{"embeddable":true,"href":"https:\/\/vanderloubet.com.br\/deputado\/wp-json\/wp\/v2\/comments?post=16360"}],"version-history":[{"count":0,"href":"https:\/\/vanderloubet.com.br\/deputado\/wp-json\/wp\/v2\/posts\/16360\/revisions"}],"wp:featuredmedia":[{"embeddable":true,"href":"https:\/\/vanderloubet.com.br\/deputado\/wp-json\/wp\/v2\/media\/16364"}],"wp:attachment":[{"href":"https:\/\/vanderloubet.com.br\/deputado\/wp-json\/wp\/v2\/media?parent=16360"}],"wp:term":[{"taxonomy":"category","embeddable":true,"href":"https:\/\/vanderloubet.com.br\/deputado\/wp-json\/wp\/v2\/categories?post=16360"},{"taxonomy":"post_tag","embeddable":true,"href":"https:\/\/vanderloubet.com.br\/deputado\/wp-json\/wp\/v2\/tags?post=16360"}],"curies":[{"name":"wp","href":"https:\/\/api.w.org\/{rel}","templated":true}]}}