{"id":16356,"date":"2020-03-26T15:52:39","date_gmt":"2020-03-26T19:52:39","guid":{"rendered":"http:\/\/vanderloubet.com.br\/deputado\/?p=16356"},"modified":"2020-03-26T22:55:16","modified_gmt":"2020-03-27T02:55:16","slug":"vander-defende-projeto-de-renda-basica-emergencial-durante-a-pandemia","status":"publish","type":"post","link":"https:\/\/vanderloubet.com.br\/deputado\/vander-defende-projeto-de-renda-basica-emergencial-durante-a-pandemia\/","title":{"rendered":"Vander defende projeto de renda b\u00e1sica emergencial durante a pandemia"},"content":{"rendered":"<p>O deputado federal Vander Loubet (PT-MS) usou suas contas em m\u00eddias sociais nesta quinta-feira (26) para defender a aprova\u00e7\u00e3o do projeto de lei que cria o Programa de Renda B\u00e1sica Emergencial.<\/p>\n<p>A ideia de um programa emergencial de distribui\u00e7\u00e3o de renda enquanto durar a pandemia da doen\u00e7a Covid-19, causada pelo coronav\u00edrus do tipo Sars-CoV 2, j\u00e1 havia sido defendida pelo parlamentar na ter\u00e7a-feira (24), quando o PT lan\u00e7ou a proposta de beneficiar 100 milh\u00f5es de pessoas com um sal\u00e1rio m\u00ednimo (R$ 1.045,00). De l\u00e1 para c\u00e1, a ideia ganhou corpo e unificou os partidos que comp\u00f5em a oposi\u00e7\u00e3o na C\u00e2mara dos Deputados &#8211; PT, Psol, PCdoB, PDT, PSB e Rede -, originando o Projeto de Lei 698\/2020.<\/p>\n<p>De acordo com Vander, o presidente da Casa, Rodrigo Maia, teria se comprometido a pautar a proposta. &#8220;O objetivo [do projeto] \u00e9 ajudar as fam\u00edlias a enfrentar a crise causada pelo coronav\u00edrus&#8221;, destacou o deputado sul-mato-grossense.<\/p>\n<p>Pelo texto, as pessoas inscritas no Cadastro \u00danico para Programas Sociais (Cad\u00danico) e os trabalhadores informais v\u00e3o receber um aux\u00edlio de um sal\u00e1rio m\u00ednimo (R$ 1.045,00) durante o per\u00edodo de situa\u00e7\u00e3o de calamidade p\u00fablica ou emerg\u00eancia.<\/p>\n<p>&#8220;A meta do PT \u00e9 atingir 100 milh\u00f5es de pessoas com esse benef\u00edcio, o que significa 48% da popula\u00e7\u00e3o. Esperamos que todos os deputados tenham sensibilidade de entender que uma medida como essa \u00e9 mais que necess\u00e1ria para ajudarmos a popula\u00e7\u00e3o a superar esse momento dif\u00edcil que estamos passando&#8221;, pontou Vander.<\/p>\n<p>Ainda segundo o parlamentar, o PL prop\u00f5e uma alternativa ao vi\u00e9s do governo, que est\u00e1 muito voltado para a economia. &#8220;A preocupa\u00e7\u00e3o com a economia \u00e9 uma constante, mas o momento \u00e9 de focar na sobreviv\u00eancia das pessoas. \u00c9 uma situa\u00e7\u00e3o de emerg\u00eancia. Muitos pa\u00edses j\u00e1 est\u00e3o tratando a pandemia como um caso de guerra, apresentando pacotes que injetam bilh\u00f5es para acudir as empresas e fam\u00edlias. No Reino Unido o governo vai bancar 80% dos sal\u00e1rios dos trabalhadores e nos Estados Unidos aprovaram um pacote de dois trilh\u00f5es de d\u00f3lares. N\u00e3o faz sentido o Brasil querer ir na contram\u00e3o desses movimentos&#8221;, pondera.<\/p>\n<p>&#8220;A oposi\u00e7\u00e3o est\u00e1 unificada em apresentar uma proposta de atendimento \u00e0s fam\u00edlias pobres, incluindo tamb\u00e9m microempreendedores, desempregados, intermitentes e aut\u00f4nomos. Esse PL \u00e9 para as pessoas que ser\u00e3o mais atingidas pelas consequ\u00eancias econ\u00f4micas do coronav\u00edrus&#8221;, conclui Vander.<\/p>\n<p><em>(\u00c9der F. Yanaguita &#8211; Ascom\/Dep. Vander Loubet)<\/em><\/p>\n","protected":false},"excerpt":{"rendered":"<p>Pessoas inscritas no Cadastro \u00danico e trabalhadores informais receberiam aux\u00edlio durante situa\u00e7\u00e3o de calamidade p\u00fablica ou emerg\u00eancia.<\/p>\n","protected":false},"author":2,"featured_media":16357,"comment_status":"closed","ping_status":"closed","sticky":false,"template":"","format":"standard","meta":{"jetpack_post_was_ever_published":false,"_jetpack_newsletter_access":"","_jetpack_dont_email_post_to_subs":false,"_jetpack_newsletter_tier_id":0,"_jetpack_memberships_contains_paywalled_content":false,"_jetpack_memberships_contains_paid_content":false,"footnotes":""},"categories":[2098,10],"tags":[2258,2148,1635],"class_list":{"0":"post-16356","1":"post","2":"type-post","3":"status-publish","4":"format-standard","5":"has-post-thumbnail","7":"category-brasil-noticias","8":"category-noticias","9":"tag-estado-de-calamidade-publica","10":"tag-estado-de-emergencia","11":"tag-projeto-de-lei"},"yoast_head":"<!-- This site is optimized with the Yoast SEO plugin v27.4 - https:\/\/yoast.com\/product\/yoast-seo-wordpress\/ -->\n<title>Vander defende projeto de renda b\u00e1sica emergencial durante a pandemia<\/title>\n<meta name=\"description\" content=\"Pessoas inscritas no Cadastro \u00danico e trabalhadores informais receberiam aux\u00edlio durante situa\u00e7\u00e3o de calamidade p\u00fablica ou emerg\u00eancia.\" \/>\n<meta name=\"robots\" content=\"index, follow, max-snippet:-1, max-image-preview:large, max-video-preview:-1\" \/>\n<link rel=\"canonical\" href=\"https:\/\/vanderloubet.com.br\/deputado\/vander-defende-projeto-de-renda-basica-emergencial-durante-a-pandemia\/\" \/>\n<meta property=\"og:locale\" content=\"pt_BR\" \/>\n<meta property=\"og:type\" content=\"article\" \/>\n<meta property=\"og:title\" content=\"Vander defende projeto de renda b\u00e1sica emergencial durante a pandemia\" \/>\n<meta property=\"og:description\" content=\"Pessoas inscritas no Cadastro \u00danico e trabalhadores informais receberiam aux\u00edlio durante situa\u00e7\u00e3o de calamidade p\u00fablica ou emerg\u00eancia.\" \/>\n<meta property=\"og:url\" content=\"https:\/\/vanderloubet.com.br\/deputado\/vander-defende-projeto-de-renda-basica-emergencial-durante-a-pandemia\/\" \/>\n<meta property=\"og:site_name\" content=\"Deputado Federal Vander Loubet\" \/>\n<meta property=\"article:publisher\" content=\"https:\/\/facebook.com\/deputadovander\" \/>\n<meta property=\"article:published_time\" content=\"2020-03-26T19:52:39+00:00\" \/>\n<meta property=\"article:modified_time\" content=\"2020-03-27T02:55:16+00:00\" \/>\n<meta property=\"og:image\" content=\"https:\/\/vanderloubet.com.br\/deputado\/wp-content\/uploads\/2020\/03\/foto-2020-03-26-deputado-vander-loubet.jpg\" \/>\n\t<meta property=\"og:image:width\" content=\"1080\" \/>\n\t<meta property=\"og:image:height\" content=\"720\" \/>\n\t<meta property=\"og:image:type\" content=\"image\/jpeg\" \/>\n<meta name=\"author\" content=\"\u00c9der\" \/>\n<meta name=\"twitter:card\" content=\"summary_large_image\" \/>\n<meta name=\"twitter:creator\" content=\"@vanderloubet\" \/>\n<meta name=\"twitter:site\" content=\"@vanderloubet\" \/>\n<script type=\"application\/ld+json\" class=\"yoast-schema-graph\">{\"@context\":\"https:\\\/\\\/schema.org\",\"@graph\":[{\"@type\":\"Article\",\"@id\":\"https:\\\/\\\/vanderloubet.com.br\\\/deputado\\\/vander-defende-projeto-de-renda-basica-emergencial-durante-a-pandemia\\\/#article\",\"isPartOf\":{\"@id\":\"https:\\\/\\\/vanderloubet.com.br\\\/deputado\\\/vander-defende-projeto-de-renda-basica-emergencial-durante-a-pandemia\\\/\"},\"author\":{\"name\":\"\u00c9der\",\"@id\":\"https:\\\/\\\/vanderloubet.com.br\\\/deputado\\\/#\\\/schema\\\/person\\\/15b51bd564532a8a68d9dec1b8eb890e\"},\"headline\":\"Vander defende projeto de renda b\u00e1sica emergencial durante a pandemia\",\"datePublished\":\"2020-03-26T19:52:39+00:00\",\"dateModified\":\"2020-03-27T02:55:16+00:00\",\"mainEntityOfPage\":{\"@id\":\"https:\\\/\\\/vanderloubet.com.br\\\/deputado\\\/vander-defende-projeto-de-renda-basica-emergencial-durante-a-pandemia\\\/\"},\"wordCount\":435,\"publisher\":{\"@id\":\"https:\\\/\\\/vanderloubet.com.br\\\/deputado\\\/#organization\"},\"image\":{\"@id\":\"https:\\\/\\\/vanderloubet.com.br\\\/deputado\\\/vander-defende-projeto-de-renda-basica-emergencial-durante-a-pandemia\\\/#primaryimage\"},\"thumbnailUrl\":\"https:\\\/\\\/vanderloubet.com.br\\\/deputado\\\/wp-content\\\/uploads\\\/2020\\\/03\\\/foto-2020-03-26-deputado-vander-loubet.jpg\",\"keywords\":[\"estado de calamidade p\u00fablica\",\"estado de emerg\u00eancia\",\"projeto de lei\"],\"articleSection\":[\"Brasil\",\"Not\u00edcias\"],\"inLanguage\":\"pt-BR\"},{\"@type\":\"WebPage\",\"@id\":\"https:\\\/\\\/vanderloubet.com.br\\\/deputado\\\/vander-defende-projeto-de-renda-basica-emergencial-durante-a-pandemia\\\/\",\"url\":\"https:\\\/\\\/vanderloubet.com.br\\\/deputado\\\/vander-defende-projeto-de-renda-basica-emergencial-durante-a-pandemia\\\/\",\"name\":\"Vander defende projeto de renda b\u00e1sica emergencial durante a pandemia\",\"isPartOf\":{\"@id\":\"https:\\\/\\\/vanderloubet.com.br\\\/deputado\\\/#website\"},\"primaryImageOfPage\":{\"@id\":\"https:\\\/\\\/vanderloubet.com.br\\\/deputado\\\/vander-defende-projeto-de-renda-basica-emergencial-durante-a-pandemia\\\/#primaryimage\"},\"image\":{\"@id\":\"https:\\\/\\\/vanderloubet.com.br\\\/deputado\\\/vander-defende-projeto-de-renda-basica-emergencial-durante-a-pandemia\\\/#primaryimage\"},\"thumbnailUrl\":\"https:\\\/\\\/vanderloubet.com.br\\\/deputado\\\/wp-content\\\/uploads\\\/2020\\\/03\\\/foto-2020-03-26-deputado-vander-loubet.jpg\",\"datePublished\":\"2020-03-26T19:52:39+00:00\",\"dateModified\":\"2020-03-27T02:55:16+00:00\",\"description\":\"Pessoas inscritas no Cadastro \u00danico e trabalhadores informais receberiam aux\u00edlio durante situa\u00e7\u00e3o de calamidade p\u00fablica ou emerg\u00eancia.\",\"breadcrumb\":{\"@id\":\"https:\\\/\\\/vanderloubet.com.br\\\/deputado\\\/vander-defende-projeto-de-renda-basica-emergencial-durante-a-pandemia\\\/#breadcrumb\"},\"inLanguage\":\"pt-BR\",\"potentialAction\":[{\"@type\":\"ReadAction\",\"target\":[\"https:\\\/\\\/vanderloubet.com.br\\\/deputado\\\/vander-defende-projeto-de-renda-basica-emergencial-durante-a-pandemia\\\/\"]}]},{\"@type\":\"ImageObject\",\"inLanguage\":\"pt-BR\",\"@id\":\"https:\\\/\\\/vanderloubet.com.br\\\/deputado\\\/vander-defende-projeto-de-renda-basica-emergencial-durante-a-pandemia\\\/#primaryimage\",\"url\":\"https:\\\/\\\/vanderloubet.com.br\\\/deputado\\\/wp-content\\\/uploads\\\/2020\\\/03\\\/foto-2020-03-26-deputado-vander-loubet.jpg\",\"contentUrl\":\"https:\\\/\\\/vanderloubet.com.br\\\/deputado\\\/wp-content\\\/uploads\\\/2020\\\/03\\\/foto-2020-03-26-deputado-vander-loubet.jpg\",\"width\":1080,\"height\":720,\"caption\":\"Deputado Federal Vander Loubet (PT-MS)\"},{\"@type\":\"BreadcrumbList\",\"@id\":\"https:\\\/\\\/vanderloubet.com.br\\\/deputado\\\/vander-defende-projeto-de-renda-basica-emergencial-durante-a-pandemia\\\/#breadcrumb\",\"itemListElement\":[{\"@type\":\"ListItem\",\"position\":1,\"name\":\"In\u00edcio\",\"item\":\"https:\\\/\\\/vanderloubet.com.br\\\/deputado\\\/\"},{\"@type\":\"ListItem\",\"position\":2,\"name\":\"Vander defende projeto de renda b\u00e1sica emergencial durante a pandemia\"}]},{\"@type\":\"WebSite\",\"@id\":\"https:\\\/\\\/vanderloubet.com.br\\\/deputado\\\/#website\",\"url\":\"https:\\\/\\\/vanderloubet.com.br\\\/deputado\\\/\",\"name\":\"Deputado Federal Vander Loubet\",\"description\":\"O Federal de MS\",\"publisher\":{\"@id\":\"https:\\\/\\\/vanderloubet.com.br\\\/deputado\\\/#organization\"},\"alternateName\":\"Deputado Vander\",\"potentialAction\":[{\"@type\":\"SearchAction\",\"target\":{\"@type\":\"EntryPoint\",\"urlTemplate\":\"https:\\\/\\\/vanderloubet.com.br\\\/deputado\\\/?s={search_term_string}\"},\"query-input\":{\"@type\":\"PropertyValueSpecification\",\"valueRequired\":true,\"valueName\":\"search_term_string\"}}],\"inLanguage\":\"pt-BR\"},{\"@type\":\"Organization\",\"@id\":\"https:\\\/\\\/vanderloubet.com.br\\\/deputado\\\/#organization\",\"name\":\"Deputado Federal Vander Loubet\",\"alternateName\":\"Deputado Vander\",\"url\":\"https:\\\/\\\/vanderloubet.com.br\\\/deputado\\\/\",\"logo\":{\"@type\":\"ImageObject\",\"inLanguage\":\"pt-BR\",\"@id\":\"https:\\\/\\\/vanderloubet.com.br\\\/deputado\\\/#\\\/schema\\\/logo\\\/image\\\/\",\"url\":\"https:\\\/\\\/vanderloubet.com.br\\\/deputado\\\/wp-content\\\/uploads\\\/2023\\\/06\\\/foto-2023-06-19-mandato-deputado-vander.jpg\",\"contentUrl\":\"https:\\\/\\\/vanderloubet.com.br\\\/deputado\\\/wp-content\\\/uploads\\\/2023\\\/06\\\/foto-2023-06-19-mandato-deputado-vander.jpg\",\"width\":1080,\"height\":1080,\"caption\":\"Deputado Federal Vander Loubet\"},\"image\":{\"@id\":\"https:\\\/\\\/vanderloubet.com.br\\\/deputado\\\/#\\\/schema\\\/logo\\\/image\\\/\"},\"sameAs\":[\"https:\\\/\\\/facebook.com\\\/deputadovander\",\"https:\\\/\\\/x.com\\\/vanderloubet\",\"https:\\\/\\\/instagram.com\\\/vanderloubet\",\"https:\\\/\\\/youtube.com\\\/vanderloubet\",\"https:\\\/\\\/tiktok.com\\\/@vanderloubetms\"]},{\"@type\":\"Person\",\"@id\":\"https:\\\/\\\/vanderloubet.com.br\\\/deputado\\\/#\\\/schema\\\/person\\\/15b51bd564532a8a68d9dec1b8eb890e\",\"name\":\"\u00c9der\",\"image\":{\"@type\":\"ImageObject\",\"inLanguage\":\"pt-BR\",\"@id\":\"https:\\\/\\\/vanderloubet.com.br\\\/deputado\\\/wp-content\\\/litespeed\\\/avatar\\\/88ca4090d9d5ab1c9495f6ca03b68efa.jpg?ver=1777058957\",\"url\":\"https:\\\/\\\/vanderloubet.com.br\\\/deputado\\\/wp-content\\\/litespeed\\\/avatar\\\/88ca4090d9d5ab1c9495f6ca03b68efa.jpg?ver=1777058957\",\"contentUrl\":\"https:\\\/\\\/vanderloubet.com.br\\\/deputado\\\/wp-content\\\/litespeed\\\/avatar\\\/88ca4090d9d5ab1c9495f6ca03b68efa.jpg?ver=1777058957\",\"caption\":\"\u00c9der\"}}]}<\/script>\n<!-- \/ Yoast SEO plugin. -->","yoast_head_json":{"title":"Vander defende projeto de renda b\u00e1sica emergencial durante a pandemia","description":"Pessoas inscritas no Cadastro \u00danico e trabalhadores informais receberiam aux\u00edlio durante situa\u00e7\u00e3o de calamidade p\u00fablica ou emerg\u00eancia.","robots":{"index":"index","follow":"follow","max-snippet":"max-snippet:-1","max-image-preview":"max-image-preview:large","max-video-preview":"max-video-preview:-1"},"canonical":"https:\/\/vanderloubet.com.br\/deputado\/vander-defende-projeto-de-renda-basica-emergencial-durante-a-pandemia\/","og_locale":"pt_BR","og_type":"article","og_title":"Vander defende projeto de renda b\u00e1sica emergencial durante a pandemia","og_description":"Pessoas inscritas no Cadastro \u00danico e trabalhadores informais receberiam aux\u00edlio durante situa\u00e7\u00e3o de calamidade p\u00fablica ou emerg\u00eancia.","og_url":"https:\/\/vanderloubet.com.br\/deputado\/vander-defende-projeto-de-renda-basica-emergencial-durante-a-pandemia\/","og_site_name":"Deputado Federal Vander Loubet","article_publisher":"https:\/\/facebook.com\/deputadovander","article_published_time":"2020-03-26T19:52:39+00:00","article_modified_time":"2020-03-27T02:55:16+00:00","og_image":[{"width":1080,"height":720,"url":"https:\/\/vanderloubet.com.br\/deputado\/wp-content\/uploads\/2020\/03\/foto-2020-03-26-deputado-vander-loubet.jpg","type":"image\/jpeg"}],"author":"\u00c9der","twitter_card":"summary_large_image","twitter_creator":"@vanderloubet","twitter_site":"@vanderloubet","schema":{"@context":"https:\/\/schema.org","@graph":[{"@type":"Article","@id":"https:\/\/vanderloubet.com.br\/deputado\/vander-defende-projeto-de-renda-basica-emergencial-durante-a-pandemia\/#article","isPartOf":{"@id":"https:\/\/vanderloubet.com.br\/deputado\/vander-defende-projeto-de-renda-basica-emergencial-durante-a-pandemia\/"},"author":{"name":"\u00c9der","@id":"https:\/\/vanderloubet.com.br\/deputado\/#\/schema\/person\/15b51bd564532a8a68d9dec1b8eb890e"},"headline":"Vander defende projeto de renda b\u00e1sica emergencial durante a pandemia","datePublished":"2020-03-26T19:52:39+00:00","dateModified":"2020-03-27T02:55:16+00:00","mainEntityOfPage":{"@id":"https:\/\/vanderloubet.com.br\/deputado\/vander-defende-projeto-de-renda-basica-emergencial-durante-a-pandemia\/"},"wordCount":435,"publisher":{"@id":"https:\/\/vanderloubet.com.br\/deputado\/#organization"},"image":{"@id":"https:\/\/vanderloubet.com.br\/deputado\/vander-defende-projeto-de-renda-basica-emergencial-durante-a-pandemia\/#primaryimage"},"thumbnailUrl":"https:\/\/vanderloubet.com.br\/deputado\/wp-content\/uploads\/2020\/03\/foto-2020-03-26-deputado-vander-loubet.jpg","keywords":["estado de calamidade p\u00fablica","estado de emerg\u00eancia","projeto de lei"],"articleSection":["Brasil","Not\u00edcias"],"inLanguage":"pt-BR"},{"@type":"WebPage","@id":"https:\/\/vanderloubet.com.br\/deputado\/vander-defende-projeto-de-renda-basica-emergencial-durante-a-pandemia\/","url":"https:\/\/vanderloubet.com.br\/deputado\/vander-defende-projeto-de-renda-basica-emergencial-durante-a-pandemia\/","name":"Vander defende projeto de renda b\u00e1sica emergencial durante a pandemia","isPartOf":{"@id":"https:\/\/vanderloubet.com.br\/deputado\/#website"},"primaryImageOfPage":{"@id":"https:\/\/vanderloubet.com.br\/deputado\/vander-defende-projeto-de-renda-basica-emergencial-durante-a-pandemia\/#primaryimage"},"image":{"@id":"https:\/\/vanderloubet.com.br\/deputado\/vander-defende-projeto-de-renda-basica-emergencial-durante-a-pandemia\/#primaryimage"},"thumbnailUrl":"https:\/\/vanderloubet.com.br\/deputado\/wp-content\/uploads\/2020\/03\/foto-2020-03-26-deputado-vander-loubet.jpg","datePublished":"2020-03-26T19:52:39+00:00","dateModified":"2020-03-27T02:55:16+00:00","description":"Pessoas inscritas no Cadastro \u00danico e trabalhadores informais receberiam aux\u00edlio durante situa\u00e7\u00e3o de calamidade p\u00fablica ou emerg\u00eancia.","breadcrumb":{"@id":"https:\/\/vanderloubet.com.br\/deputado\/vander-defende-projeto-de-renda-basica-emergencial-durante-a-pandemia\/#breadcrumb"},"inLanguage":"pt-BR","potentialAction":[{"@type":"ReadAction","target":["https:\/\/vanderloubet.com.br\/deputado\/vander-defende-projeto-de-renda-basica-emergencial-durante-a-pandemia\/"]}]},{"@type":"ImageObject","inLanguage":"pt-BR","@id":"https:\/\/vanderloubet.com.br\/deputado\/vander-defende-projeto-de-renda-basica-emergencial-durante-a-pandemia\/#primaryimage","url":"https:\/\/vanderloubet.com.br\/deputado\/wp-content\/uploads\/2020\/03\/foto-2020-03-26-deputado-vander-loubet.jpg","contentUrl":"https:\/\/vanderloubet.com.br\/deputado\/wp-content\/uploads\/2020\/03\/foto-2020-03-26-deputado-vander-loubet.jpg","width":1080,"height":720,"caption":"Deputado Federal Vander Loubet (PT-MS)"},{"@type":"BreadcrumbList","@id":"https:\/\/vanderloubet.com.br\/deputado\/vander-defende-projeto-de-renda-basica-emergencial-durante-a-pandemia\/#breadcrumb","itemListElement":[{"@type":"ListItem","position":1,"name":"In\u00edcio","item":"https:\/\/vanderloubet.com.br\/deputado\/"},{"@type":"ListItem","position":2,"name":"Vander defende projeto de renda b\u00e1sica emergencial durante a pandemia"}]},{"@type":"WebSite","@id":"https:\/\/vanderloubet.com.br\/deputado\/#website","url":"https:\/\/vanderloubet.com.br\/deputado\/","name":"Deputado Federal Vander Loubet","description":"O Federal de MS","publisher":{"@id":"https:\/\/vanderloubet.com.br\/deputado\/#organization"},"alternateName":"Deputado Vander","potentialAction":[{"@type":"SearchAction","target":{"@type":"EntryPoint","urlTemplate":"https:\/\/vanderloubet.com.br\/deputado\/?s={search_term_string}"},"query-input":{"@type":"PropertyValueSpecification","valueRequired":true,"valueName":"search_term_string"}}],"inLanguage":"pt-BR"},{"@type":"Organization","@id":"https:\/\/vanderloubet.com.br\/deputado\/#organization","name":"Deputado Federal Vander Loubet","alternateName":"Deputado Vander","url":"https:\/\/vanderloubet.com.br\/deputado\/","logo":{"@type":"ImageObject","inLanguage":"pt-BR","@id":"https:\/\/vanderloubet.com.br\/deputado\/#\/schema\/logo\/image\/","url":"https:\/\/vanderloubet.com.br\/deputado\/wp-content\/uploads\/2023\/06\/foto-2023-06-19-mandato-deputado-vander.jpg","contentUrl":"https:\/\/vanderloubet.com.br\/deputado\/wp-content\/uploads\/2023\/06\/foto-2023-06-19-mandato-deputado-vander.jpg","width":1080,"height":1080,"caption":"Deputado Federal Vander Loubet"},"image":{"@id":"https:\/\/vanderloubet.com.br\/deputado\/#\/schema\/logo\/image\/"},"sameAs":["https:\/\/facebook.com\/deputadovander","https:\/\/x.com\/vanderloubet","https:\/\/instagram.com\/vanderloubet","https:\/\/youtube.com\/vanderloubet","https:\/\/tiktok.com\/@vanderloubetms"]},{"@type":"Person","@id":"https:\/\/vanderloubet.com.br\/deputado\/#\/schema\/person\/15b51bd564532a8a68d9dec1b8eb890e","name":"\u00c9der","image":{"@type":"ImageObject","inLanguage":"pt-BR","@id":"https:\/\/vanderloubet.com.br\/deputado\/wp-content\/litespeed\/avatar\/88ca4090d9d5ab1c9495f6ca03b68efa.jpg?ver=1777058957","url":"https:\/\/vanderloubet.com.br\/deputado\/wp-content\/litespeed\/avatar\/88ca4090d9d5ab1c9495f6ca03b68efa.jpg?ver=1777058957","contentUrl":"https:\/\/vanderloubet.com.br\/deputado\/wp-content\/litespeed\/avatar\/88ca4090d9d5ab1c9495f6ca03b68efa.jpg?ver=1777058957","caption":"\u00c9der"}}]}},"jetpack_featured_media_url":"https:\/\/vanderloubet.com.br\/deputado\/wp-content\/uploads\/2020\/03\/foto-2020-03-26-deputado-vander-loubet.jpg","jetpack_sharing_enabled":true,"_links":{"self":[{"href":"https:\/\/vanderloubet.com.br\/deputado\/wp-json\/wp\/v2\/posts\/16356","targetHints":{"allow":["GET"]}}],"collection":[{"href":"https:\/\/vanderloubet.com.br\/deputado\/wp-json\/wp\/v2\/posts"}],"about":[{"href":"https:\/\/vanderloubet.com.br\/deputado\/wp-json\/wp\/v2\/types\/post"}],"author":[{"embeddable":true,"href":"https:\/\/vanderloubet.com.br\/deputado\/wp-json\/wp\/v2\/users\/2"}],"replies":[{"embeddable":true,"href":"https:\/\/vanderloubet.com.br\/deputado\/wp-json\/wp\/v2\/comments?post=16356"}],"version-history":[{"count":0,"href":"https:\/\/vanderloubet.com.br\/deputado\/wp-json\/wp\/v2\/posts\/16356\/revisions"}],"wp:featuredmedia":[{"embeddable":true,"href":"https:\/\/vanderloubet.com.br\/deputado\/wp-json\/wp\/v2\/media\/16357"}],"wp:attachment":[{"href":"https:\/\/vanderloubet.com.br\/deputado\/wp-json\/wp\/v2\/media?parent=16356"}],"wp:term":[{"taxonomy":"category","embeddable":true,"href":"https:\/\/vanderloubet.com.br\/deputado\/wp-json\/wp\/v2\/categories?post=16356"},{"taxonomy":"post_tag","embeddable":true,"href":"https:\/\/vanderloubet.com.br\/deputado\/wp-json\/wp\/v2\/tags?post=16356"}],"curies":[{"name":"wp","href":"https:\/\/api.w.org\/{rel}","templated":true}]}}