{"id":16346,"date":"2020-03-17T16:27:03","date_gmt":"2020-03-17T20:27:03","guid":{"rendered":"http:\/\/vanderloubet.com.br\/deputado\/?p=16346"},"modified":"2020-03-17T16:27:03","modified_gmt":"2020-03-17T20:27:03","slug":"assessoria-de-vander-semju-e-estudantes-se-reunem-para-tratar-de-moradia-estudantil","status":"publish","type":"post","link":"https:\/\/vanderloubet.com.br\/deputado\/assessoria-de-vander-semju-e-estudantes-se-reunem-para-tratar-de-moradia-estudantil\/","title":{"rendered":"Assessoria de Vander, Semju e estudantes se re\u00fanem para tratar de moradia estudantil"},"content":{"rendered":"<p>Na segunda-feira (16), a assessoria do deputado federal Vander Loubet e representantes da comunidade acad\u00eamica estiveram na sede da Subsecretaria Municipal de Pol\u00edticas para a Juventude de Campo Grande (Semju) para uma reuni\u00e3o com o subsecret\u00e1rio Maicon Nogueira. Na pauta esteve a quest\u00e3o da moradia estudantil.<\/p>\n<p>No Or\u00e7amento da Uni\u00e3o deste ano, atendendo a uma reivindica\u00e7\u00e3o de estudantes da Universidade Federal de Mato Grosso do Sul (UFMS), o deputado Vander destinou uma emenda parlamentar de R$ 300 mil para que a Prefeitura de Campo Grande forne\u00e7a assist\u00eancia aos estudantes de baixa renda de universidades p\u00fablicas. Na reuni\u00e3o, os representantes dos acad\u00eamicos, o subsecret\u00e1rio e o assessor parlamentar Thiago Borges (que representou o deputado na agenda) definiram que o valor da emenda ser\u00e1 convertido em bolsas para subsidiar moradia estudantil.<\/p>\n<p>As bolsas beneficiar\u00e3o n\u00e3o apenas os estudantes da UFMS, como tamb\u00e9m da Universidade Estadual (Uems) e do Instituto Federal de Educa\u00e7\u00e3o, Ci\u00eancia e Tecnologia (IFMS).<\/p>\n<p>A defini\u00e7\u00e3o dos crit\u00e9rios para concess\u00e3o das bolsas ser\u00e1 feito em conjunto pela Semju com uma comiss\u00e3o formada por acad\u00eamicos e dirigentes das Institui\u00e7\u00f5es de Ensino Superior. Al\u00e9m disso, de acordo com o assessor Thiago Borges, ser\u00e1 feita uma audi\u00eancia p\u00fablica para discuss\u00e3o desses crit\u00e9rios com a comunidade acad\u00eamica.<\/p>\n<p><em>(\u00c9der F. Yanaguita &#8211; Ascom\/Dep. Vander Loubet)<\/em><\/p>\n","protected":false},"excerpt":{"rendered":"<p>Deputado destinou emenda de R$ 300 mil este ano para Prefeitura de Campo Grande fornecer assist\u00eancia de moradia estudantil.<\/p>\n","protected":false},"author":2,"featured_media":16347,"comment_status":"closed","ping_status":"closed","sticky":false,"template":"","format":"standard","meta":{"jetpack_post_was_ever_published":false,"_jetpack_newsletter_access":"","_jetpack_dont_email_post_to_subs":false,"_jetpack_newsletter_tier_id":0,"_jetpack_memberships_contains_paywalled_content":false,"_jetpack_memberships_contains_paid_content":false,"footnotes":""},"categories":[2097,10],"tags":[199,697,2127,2327],"class_list":{"0":"post-16346","1":"post","2":"type-post","3":"status-publish","4":"format-standard","5":"has-post-thumbnail","7":"category-municipios-noticias","8":"category-noticias","9":"tag-assistencia-social","10":"tag-educacao","11":"tag-emenda-parlamentar","12":"tag-ensino-superior"},"yoast_head":"<!-- This site is optimized with the Yoast SEO plugin v27.4 - https:\/\/yoast.com\/product\/yoast-seo-wordpress\/ -->\n<title>Assessoria de Vander, Semju e estudantes se re\u00fanem para tratar de moradia estudantil<\/title>\n<meta name=\"description\" content=\"Deputado destinou emenda de R$ 300 mil este ano para Prefeitura de Campo Grande fornecer assist\u00eancia de moradia estudantil.\" \/>\n<meta name=\"robots\" content=\"index, follow, max-snippet:-1, max-image-preview:large, max-video-preview:-1\" \/>\n<link rel=\"canonical\" href=\"https:\/\/vanderloubet.com.br\/deputado\/assessoria-de-vander-semju-e-estudantes-se-reunem-para-tratar-de-moradia-estudantil\/\" \/>\n<meta property=\"og:locale\" content=\"pt_BR\" \/>\n<meta property=\"og:type\" content=\"article\" \/>\n<meta property=\"og:title\" content=\"Assessoria de Vander, Semju e estudantes se re\u00fanem para tratar de moradia estudantil\" \/>\n<meta property=\"og:description\" content=\"Deputado destinou emenda de R$ 300 mil este ano para Prefeitura de Campo Grande fornecer assist\u00eancia de moradia estudantil.\" \/>\n<meta property=\"og:url\" content=\"https:\/\/vanderloubet.com.br\/deputado\/assessoria-de-vander-semju-e-estudantes-se-reunem-para-tratar-de-moradia-estudantil\/\" \/>\n<meta property=\"og:site_name\" content=\"Deputado Federal Vander Loubet\" \/>\n<meta property=\"article:publisher\" content=\"https:\/\/facebook.com\/deputadovander\" \/>\n<meta property=\"article:published_time\" content=\"2020-03-17T20:27:03+00:00\" \/>\n<meta property=\"og:image\" content=\"https:\/\/vanderloubet.com.br\/deputado\/wp-content\/uploads\/2020\/03\/foto-2020-03-17-semju-moradia-estudantil.jpg\" \/>\n\t<meta property=\"og:image:width\" content=\"1080\" \/>\n\t<meta property=\"og:image:height\" content=\"810\" \/>\n\t<meta property=\"og:image:type\" content=\"image\/jpeg\" \/>\n<meta name=\"author\" content=\"\u00c9der\" \/>\n<meta name=\"twitter:card\" content=\"summary_large_image\" \/>\n<meta name=\"twitter:creator\" content=\"@vanderloubet\" \/>\n<meta name=\"twitter:site\" content=\"@vanderloubet\" \/>\n<script type=\"application\/ld+json\" class=\"yoast-schema-graph\">{\"@context\":\"https:\\\/\\\/schema.org\",\"@graph\":[{\"@type\":\"Article\",\"@id\":\"https:\\\/\\\/vanderloubet.com.br\\\/deputado\\\/assessoria-de-vander-semju-e-estudantes-se-reunem-para-tratar-de-moradia-estudantil\\\/#article\",\"isPartOf\":{\"@id\":\"https:\\\/\\\/vanderloubet.com.br\\\/deputado\\\/assessoria-de-vander-semju-e-estudantes-se-reunem-para-tratar-de-moradia-estudantil\\\/\"},\"author\":{\"name\":\"\u00c9der\",\"@id\":\"https:\\\/\\\/vanderloubet.com.br\\\/deputado\\\/#\\\/schema\\\/person\\\/15b51bd564532a8a68d9dec1b8eb890e\"},\"headline\":\"Assessoria de Vander, Semju e estudantes se re\u00fanem para tratar de moradia estudantil\",\"datePublished\":\"2020-03-17T20:27:03+00:00\",\"mainEntityOfPage\":{\"@id\":\"https:\\\/\\\/vanderloubet.com.br\\\/deputado\\\/assessoria-de-vander-semju-e-estudantes-se-reunem-para-tratar-de-moradia-estudantil\\\/\"},\"wordCount\":254,\"publisher\":{\"@id\":\"https:\\\/\\\/vanderloubet.com.br\\\/deputado\\\/#organization\"},\"image\":{\"@id\":\"https:\\\/\\\/vanderloubet.com.br\\\/deputado\\\/assessoria-de-vander-semju-e-estudantes-se-reunem-para-tratar-de-moradia-estudantil\\\/#primaryimage\"},\"thumbnailUrl\":\"https:\\\/\\\/vanderloubet.com.br\\\/deputado\\\/wp-content\\\/uploads\\\/2020\\\/03\\\/foto-2020-03-17-semju-moradia-estudantil.jpg\",\"keywords\":[\"assist\u00eancia social\",\"educa\u00e7\u00e3o\",\"emenda parlamentar\",\"ensino superior\"],\"articleSection\":[\"Munic\u00edpios\",\"Not\u00edcias\"],\"inLanguage\":\"pt-BR\"},{\"@type\":\"WebPage\",\"@id\":\"https:\\\/\\\/vanderloubet.com.br\\\/deputado\\\/assessoria-de-vander-semju-e-estudantes-se-reunem-para-tratar-de-moradia-estudantil\\\/\",\"url\":\"https:\\\/\\\/vanderloubet.com.br\\\/deputado\\\/assessoria-de-vander-semju-e-estudantes-se-reunem-para-tratar-de-moradia-estudantil\\\/\",\"name\":\"Assessoria de Vander, Semju e estudantes se re\u00fanem para tratar de moradia estudantil\",\"isPartOf\":{\"@id\":\"https:\\\/\\\/vanderloubet.com.br\\\/deputado\\\/#website\"},\"primaryImageOfPage\":{\"@id\":\"https:\\\/\\\/vanderloubet.com.br\\\/deputado\\\/assessoria-de-vander-semju-e-estudantes-se-reunem-para-tratar-de-moradia-estudantil\\\/#primaryimage\"},\"image\":{\"@id\":\"https:\\\/\\\/vanderloubet.com.br\\\/deputado\\\/assessoria-de-vander-semju-e-estudantes-se-reunem-para-tratar-de-moradia-estudantil\\\/#primaryimage\"},\"thumbnailUrl\":\"https:\\\/\\\/vanderloubet.com.br\\\/deputado\\\/wp-content\\\/uploads\\\/2020\\\/03\\\/foto-2020-03-17-semju-moradia-estudantil.jpg\",\"datePublished\":\"2020-03-17T20:27:03+00:00\",\"description\":\"Deputado destinou emenda de R$ 300 mil este ano para Prefeitura de Campo Grande fornecer assist\u00eancia de moradia estudantil.\",\"breadcrumb\":{\"@id\":\"https:\\\/\\\/vanderloubet.com.br\\\/deputado\\\/assessoria-de-vander-semju-e-estudantes-se-reunem-para-tratar-de-moradia-estudantil\\\/#breadcrumb\"},\"inLanguage\":\"pt-BR\",\"potentialAction\":[{\"@type\":\"ReadAction\",\"target\":[\"https:\\\/\\\/vanderloubet.com.br\\\/deputado\\\/assessoria-de-vander-semju-e-estudantes-se-reunem-para-tratar-de-moradia-estudantil\\\/\"]}]},{\"@type\":\"ImageObject\",\"inLanguage\":\"pt-BR\",\"@id\":\"https:\\\/\\\/vanderloubet.com.br\\\/deputado\\\/assessoria-de-vander-semju-e-estudantes-se-reunem-para-tratar-de-moradia-estudantil\\\/#primaryimage\",\"url\":\"https:\\\/\\\/vanderloubet.com.br\\\/deputado\\\/wp-content\\\/uploads\\\/2020\\\/03\\\/foto-2020-03-17-semju-moradia-estudantil.jpg\",\"contentUrl\":\"https:\\\/\\\/vanderloubet.com.br\\\/deputado\\\/wp-content\\\/uploads\\\/2020\\\/03\\\/foto-2020-03-17-semju-moradia-estudantil.jpg\",\"width\":1080,\"height\":810,\"caption\":\"Assessoria do deputado, subsecret\u00e1rio e estudantes discutiram destina\u00e7\u00e3o da emenda parlamentar\"},{\"@type\":\"BreadcrumbList\",\"@id\":\"https:\\\/\\\/vanderloubet.com.br\\\/deputado\\\/assessoria-de-vander-semju-e-estudantes-se-reunem-para-tratar-de-moradia-estudantil\\\/#breadcrumb\",\"itemListElement\":[{\"@type\":\"ListItem\",\"position\":1,\"name\":\"In\u00edcio\",\"item\":\"https:\\\/\\\/vanderloubet.com.br\\\/deputado\\\/\"},{\"@type\":\"ListItem\",\"position\":2,\"name\":\"Assessoria de Vander, Semju e estudantes se re\u00fanem para tratar de moradia estudantil\"}]},{\"@type\":\"WebSite\",\"@id\":\"https:\\\/\\\/vanderloubet.com.br\\\/deputado\\\/#website\",\"url\":\"https:\\\/\\\/vanderloubet.com.br\\\/deputado\\\/\",\"name\":\"Deputado Federal Vander Loubet\",\"description\":\"O Federal de MS\",\"publisher\":{\"@id\":\"https:\\\/\\\/vanderloubet.com.br\\\/deputado\\\/#organization\"},\"alternateName\":\"Deputado Vander\",\"potentialAction\":[{\"@type\":\"SearchAction\",\"target\":{\"@type\":\"EntryPoint\",\"urlTemplate\":\"https:\\\/\\\/vanderloubet.com.br\\\/deputado\\\/?s={search_term_string}\"},\"query-input\":{\"@type\":\"PropertyValueSpecification\",\"valueRequired\":true,\"valueName\":\"search_term_string\"}}],\"inLanguage\":\"pt-BR\"},{\"@type\":\"Organization\",\"@id\":\"https:\\\/\\\/vanderloubet.com.br\\\/deputado\\\/#organization\",\"name\":\"Deputado Federal Vander Loubet\",\"alternateName\":\"Deputado Vander\",\"url\":\"https:\\\/\\\/vanderloubet.com.br\\\/deputado\\\/\",\"logo\":{\"@type\":\"ImageObject\",\"inLanguage\":\"pt-BR\",\"@id\":\"https:\\\/\\\/vanderloubet.com.br\\\/deputado\\\/#\\\/schema\\\/logo\\\/image\\\/\",\"url\":\"https:\\\/\\\/vanderloubet.com.br\\\/deputado\\\/wp-content\\\/uploads\\\/2023\\\/06\\\/foto-2023-06-19-mandato-deputado-vander.jpg\",\"contentUrl\":\"https:\\\/\\\/vanderloubet.com.br\\\/deputado\\\/wp-content\\\/uploads\\\/2023\\\/06\\\/foto-2023-06-19-mandato-deputado-vander.jpg\",\"width\":1080,\"height\":1080,\"caption\":\"Deputado Federal Vander Loubet\"},\"image\":{\"@id\":\"https:\\\/\\\/vanderloubet.com.br\\\/deputado\\\/#\\\/schema\\\/logo\\\/image\\\/\"},\"sameAs\":[\"https:\\\/\\\/facebook.com\\\/deputadovander\",\"https:\\\/\\\/x.com\\\/vanderloubet\",\"https:\\\/\\\/instagram.com\\\/vanderloubet\",\"https:\\\/\\\/youtube.com\\\/vanderloubet\",\"https:\\\/\\\/tiktok.com\\\/@vanderloubetms\"]},{\"@type\":\"Person\",\"@id\":\"https:\\\/\\\/vanderloubet.com.br\\\/deputado\\\/#\\\/schema\\\/person\\\/15b51bd564532a8a68d9dec1b8eb890e\",\"name\":\"\u00c9der\",\"image\":{\"@type\":\"ImageObject\",\"inLanguage\":\"pt-BR\",\"@id\":\"https:\\\/\\\/vanderloubet.com.br\\\/deputado\\\/wp-content\\\/litespeed\\\/avatar\\\/88ca4090d9d5ab1c9495f6ca03b68efa.jpg?ver=1777058957\",\"url\":\"https:\\\/\\\/vanderloubet.com.br\\\/deputado\\\/wp-content\\\/litespeed\\\/avatar\\\/88ca4090d9d5ab1c9495f6ca03b68efa.jpg?ver=1777058957\",\"contentUrl\":\"https:\\\/\\\/vanderloubet.com.br\\\/deputado\\\/wp-content\\\/litespeed\\\/avatar\\\/88ca4090d9d5ab1c9495f6ca03b68efa.jpg?ver=1777058957\",\"caption\":\"\u00c9der\"}}]}<\/script>\n<!-- \/ Yoast SEO plugin. -->","yoast_head_json":{"title":"Assessoria de Vander, Semju e estudantes se re\u00fanem para tratar de moradia estudantil","description":"Deputado destinou emenda de R$ 300 mil este ano para Prefeitura de Campo Grande fornecer assist\u00eancia de moradia estudantil.","robots":{"index":"index","follow":"follow","max-snippet":"max-snippet:-1","max-image-preview":"max-image-preview:large","max-video-preview":"max-video-preview:-1"},"canonical":"https:\/\/vanderloubet.com.br\/deputado\/assessoria-de-vander-semju-e-estudantes-se-reunem-para-tratar-de-moradia-estudantil\/","og_locale":"pt_BR","og_type":"article","og_title":"Assessoria de Vander, Semju e estudantes se re\u00fanem para tratar de moradia estudantil","og_description":"Deputado destinou emenda de R$ 300 mil este ano para Prefeitura de Campo Grande fornecer assist\u00eancia de moradia estudantil.","og_url":"https:\/\/vanderloubet.com.br\/deputado\/assessoria-de-vander-semju-e-estudantes-se-reunem-para-tratar-de-moradia-estudantil\/","og_site_name":"Deputado Federal Vander Loubet","article_publisher":"https:\/\/facebook.com\/deputadovander","article_published_time":"2020-03-17T20:27:03+00:00","og_image":[{"width":1080,"height":810,"url":"https:\/\/vanderloubet.com.br\/deputado\/wp-content\/uploads\/2020\/03\/foto-2020-03-17-semju-moradia-estudantil.jpg","type":"image\/jpeg"}],"author":"\u00c9der","twitter_card":"summary_large_image","twitter_creator":"@vanderloubet","twitter_site":"@vanderloubet","schema":{"@context":"https:\/\/schema.org","@graph":[{"@type":"Article","@id":"https:\/\/vanderloubet.com.br\/deputado\/assessoria-de-vander-semju-e-estudantes-se-reunem-para-tratar-de-moradia-estudantil\/#article","isPartOf":{"@id":"https:\/\/vanderloubet.com.br\/deputado\/assessoria-de-vander-semju-e-estudantes-se-reunem-para-tratar-de-moradia-estudantil\/"},"author":{"name":"\u00c9der","@id":"https:\/\/vanderloubet.com.br\/deputado\/#\/schema\/person\/15b51bd564532a8a68d9dec1b8eb890e"},"headline":"Assessoria de Vander, Semju e estudantes se re\u00fanem para tratar de moradia estudantil","datePublished":"2020-03-17T20:27:03+00:00","mainEntityOfPage":{"@id":"https:\/\/vanderloubet.com.br\/deputado\/assessoria-de-vander-semju-e-estudantes-se-reunem-para-tratar-de-moradia-estudantil\/"},"wordCount":254,"publisher":{"@id":"https:\/\/vanderloubet.com.br\/deputado\/#organization"},"image":{"@id":"https:\/\/vanderloubet.com.br\/deputado\/assessoria-de-vander-semju-e-estudantes-se-reunem-para-tratar-de-moradia-estudantil\/#primaryimage"},"thumbnailUrl":"https:\/\/vanderloubet.com.br\/deputado\/wp-content\/uploads\/2020\/03\/foto-2020-03-17-semju-moradia-estudantil.jpg","keywords":["assist\u00eancia social","educa\u00e7\u00e3o","emenda parlamentar","ensino superior"],"articleSection":["Munic\u00edpios","Not\u00edcias"],"inLanguage":"pt-BR"},{"@type":"WebPage","@id":"https:\/\/vanderloubet.com.br\/deputado\/assessoria-de-vander-semju-e-estudantes-se-reunem-para-tratar-de-moradia-estudantil\/","url":"https:\/\/vanderloubet.com.br\/deputado\/assessoria-de-vander-semju-e-estudantes-se-reunem-para-tratar-de-moradia-estudantil\/","name":"Assessoria de Vander, Semju e estudantes se re\u00fanem para tratar de moradia estudantil","isPartOf":{"@id":"https:\/\/vanderloubet.com.br\/deputado\/#website"},"primaryImageOfPage":{"@id":"https:\/\/vanderloubet.com.br\/deputado\/assessoria-de-vander-semju-e-estudantes-se-reunem-para-tratar-de-moradia-estudantil\/#primaryimage"},"image":{"@id":"https:\/\/vanderloubet.com.br\/deputado\/assessoria-de-vander-semju-e-estudantes-se-reunem-para-tratar-de-moradia-estudantil\/#primaryimage"},"thumbnailUrl":"https:\/\/vanderloubet.com.br\/deputado\/wp-content\/uploads\/2020\/03\/foto-2020-03-17-semju-moradia-estudantil.jpg","datePublished":"2020-03-17T20:27:03+00:00","description":"Deputado destinou emenda de R$ 300 mil este ano para Prefeitura de Campo Grande fornecer assist\u00eancia de moradia estudantil.","breadcrumb":{"@id":"https:\/\/vanderloubet.com.br\/deputado\/assessoria-de-vander-semju-e-estudantes-se-reunem-para-tratar-de-moradia-estudantil\/#breadcrumb"},"inLanguage":"pt-BR","potentialAction":[{"@type":"ReadAction","target":["https:\/\/vanderloubet.com.br\/deputado\/assessoria-de-vander-semju-e-estudantes-se-reunem-para-tratar-de-moradia-estudantil\/"]}]},{"@type":"ImageObject","inLanguage":"pt-BR","@id":"https:\/\/vanderloubet.com.br\/deputado\/assessoria-de-vander-semju-e-estudantes-se-reunem-para-tratar-de-moradia-estudantil\/#primaryimage","url":"https:\/\/vanderloubet.com.br\/deputado\/wp-content\/uploads\/2020\/03\/foto-2020-03-17-semju-moradia-estudantil.jpg","contentUrl":"https:\/\/vanderloubet.com.br\/deputado\/wp-content\/uploads\/2020\/03\/foto-2020-03-17-semju-moradia-estudantil.jpg","width":1080,"height":810,"caption":"Assessoria do deputado, subsecret\u00e1rio e estudantes discutiram destina\u00e7\u00e3o da emenda parlamentar"},{"@type":"BreadcrumbList","@id":"https:\/\/vanderloubet.com.br\/deputado\/assessoria-de-vander-semju-e-estudantes-se-reunem-para-tratar-de-moradia-estudantil\/#breadcrumb","itemListElement":[{"@type":"ListItem","position":1,"name":"In\u00edcio","item":"https:\/\/vanderloubet.com.br\/deputado\/"},{"@type":"ListItem","position":2,"name":"Assessoria de Vander, Semju e estudantes se re\u00fanem para tratar de moradia estudantil"}]},{"@type":"WebSite","@id":"https:\/\/vanderloubet.com.br\/deputado\/#website","url":"https:\/\/vanderloubet.com.br\/deputado\/","name":"Deputado Federal Vander Loubet","description":"O Federal de MS","publisher":{"@id":"https:\/\/vanderloubet.com.br\/deputado\/#organization"},"alternateName":"Deputado Vander","potentialAction":[{"@type":"SearchAction","target":{"@type":"EntryPoint","urlTemplate":"https:\/\/vanderloubet.com.br\/deputado\/?s={search_term_string}"},"query-input":{"@type":"PropertyValueSpecification","valueRequired":true,"valueName":"search_term_string"}}],"inLanguage":"pt-BR"},{"@type":"Organization","@id":"https:\/\/vanderloubet.com.br\/deputado\/#organization","name":"Deputado Federal Vander Loubet","alternateName":"Deputado Vander","url":"https:\/\/vanderloubet.com.br\/deputado\/","logo":{"@type":"ImageObject","inLanguage":"pt-BR","@id":"https:\/\/vanderloubet.com.br\/deputado\/#\/schema\/logo\/image\/","url":"https:\/\/vanderloubet.com.br\/deputado\/wp-content\/uploads\/2023\/06\/foto-2023-06-19-mandato-deputado-vander.jpg","contentUrl":"https:\/\/vanderloubet.com.br\/deputado\/wp-content\/uploads\/2023\/06\/foto-2023-06-19-mandato-deputado-vander.jpg","width":1080,"height":1080,"caption":"Deputado Federal Vander Loubet"},"image":{"@id":"https:\/\/vanderloubet.com.br\/deputado\/#\/schema\/logo\/image\/"},"sameAs":["https:\/\/facebook.com\/deputadovander","https:\/\/x.com\/vanderloubet","https:\/\/instagram.com\/vanderloubet","https:\/\/youtube.com\/vanderloubet","https:\/\/tiktok.com\/@vanderloubetms"]},{"@type":"Person","@id":"https:\/\/vanderloubet.com.br\/deputado\/#\/schema\/person\/15b51bd564532a8a68d9dec1b8eb890e","name":"\u00c9der","image":{"@type":"ImageObject","inLanguage":"pt-BR","@id":"https:\/\/vanderloubet.com.br\/deputado\/wp-content\/litespeed\/avatar\/88ca4090d9d5ab1c9495f6ca03b68efa.jpg?ver=1777058957","url":"https:\/\/vanderloubet.com.br\/deputado\/wp-content\/litespeed\/avatar\/88ca4090d9d5ab1c9495f6ca03b68efa.jpg?ver=1777058957","contentUrl":"https:\/\/vanderloubet.com.br\/deputado\/wp-content\/litespeed\/avatar\/88ca4090d9d5ab1c9495f6ca03b68efa.jpg?ver=1777058957","caption":"\u00c9der"}}]}},"jetpack_featured_media_url":"https:\/\/vanderloubet.com.br\/deputado\/wp-content\/uploads\/2020\/03\/foto-2020-03-17-semju-moradia-estudantil.jpg","jetpack_sharing_enabled":true,"_links":{"self":[{"href":"https:\/\/vanderloubet.com.br\/deputado\/wp-json\/wp\/v2\/posts\/16346","targetHints":{"allow":["GET"]}}],"collection":[{"href":"https:\/\/vanderloubet.com.br\/deputado\/wp-json\/wp\/v2\/posts"}],"about":[{"href":"https:\/\/vanderloubet.com.br\/deputado\/wp-json\/wp\/v2\/types\/post"}],"author":[{"embeddable":true,"href":"https:\/\/vanderloubet.com.br\/deputado\/wp-json\/wp\/v2\/users\/2"}],"replies":[{"embeddable":true,"href":"https:\/\/vanderloubet.com.br\/deputado\/wp-json\/wp\/v2\/comments?post=16346"}],"version-history":[{"count":0,"href":"https:\/\/vanderloubet.com.br\/deputado\/wp-json\/wp\/v2\/posts\/16346\/revisions"}],"wp:featuredmedia":[{"embeddable":true,"href":"https:\/\/vanderloubet.com.br\/deputado\/wp-json\/wp\/v2\/media\/16347"}],"wp:attachment":[{"href":"https:\/\/vanderloubet.com.br\/deputado\/wp-json\/wp\/v2\/media?parent=16346"}],"wp:term":[{"taxonomy":"category","embeddable":true,"href":"https:\/\/vanderloubet.com.br\/deputado\/wp-json\/wp\/v2\/categories?post=16346"},{"taxonomy":"post_tag","embeddable":true,"href":"https:\/\/vanderloubet.com.br\/deputado\/wp-json\/wp\/v2\/tags?post=16346"}],"curies":[{"name":"wp","href":"https:\/\/api.w.org\/{rel}","templated":true}]}}