{"id":16305,"date":"2020-01-06T15:51:21","date_gmt":"2020-01-06T19:51:21","guid":{"rendered":"http:\/\/vanderloubet.com.br\/deputado\/?p=16305"},"modified":"2021-01-12T09:56:40","modified_gmt":"2021-01-12T13:56:40","slug":"vander-fechou-2019-com-o-melhor-desempenho-na-conquista-de-verbas-federais-para-ms","status":"publish","type":"post","link":"https:\/\/vanderloubet.com.br\/deputado\/vander-fechou-2019-com-o-melhor-desempenho-na-conquista-de-verbas-federais-para-ms\/","title":{"rendered":"Vander fechou 2019 com o melhor desempenho na conquista de verbas federais para MS"},"content":{"rendered":"<p>De acordo com o Siga Brasil, portal do Senado com informa\u00e7\u00f5es sobre o or\u00e7amento p\u00fablico federal, o deputado federal Vander Loubet (PT-MS) encerrou o ano de 2019 como o parlamentar de Mato Grosso do Sul com o melhor desempenho na conquista de recursos para o Estado e os munic\u00edpios por meio de emendas parlamentares.<\/p>\n<p>O portal analisou as emendas individuais apresentadas e executadas entre 2015 e 2019. Vander liderou o levantamento dentro da bancada federal sul-mato-grossense, formada ao todo por 11 parlamentares, sendo oito deputados federais e tr\u00eas senadores.<\/p>\n<p>Segundo o portal do Senado, at\u00e9 28 de dezembro de 2019 haviam sido pagos R$ 41 milh\u00f5es em emendas do parlamentar petista. A seguir est\u00e3o: o ex-deputado (e atual ministro da Sa\u00fade) Luiz Henrique Mandetta (R$ 33,7 milh\u00f5es), o ex-deputado Zeca do PT (R$ 32,4 milh\u00f5es), o ex-deputado Elizeu Dionizio (R$ 30,8 milh\u00f5es), a senadora Simone Tebet (R$ 30,4 milh\u00f5es), o ex-deputado Geraldo Resende (R$ 29,9 milh\u00f5es), o ex-senador Waldemir Moka (R$ 27,3 milh\u00f5es), a ex-deputada (e atual ministra da Agricultura) Tereza Cristina (R$ 25,3 milh\u00f5es), o ex-senador Pedro Chaves (R$ 23,5 milh\u00f5es) e o ex-deputado Carlos Marun (R$ 17,7 milh\u00f5es).<\/p>\n<p>Vale frisar que o feito do deputado petista supera os valores de suas emendas individuais, j\u00e1 que n\u00e3o entram na conta do Siga Brasil as emendas aprovadas na Comiss\u00e3o Mista de Planos, Or\u00e7amentos P\u00fablicos e Fiscaliza\u00e7\u00e3o (CMO), da qual Vander foi membro titular por diversas ocasi\u00f5es, inclusive em 2019. Tamb\u00e9m n\u00e3o s\u00e3o contabilizadas pelo portal do Senado as verbas viabilizadas de forma extraor\u00e7ament\u00e1ria, ou seja, que s\u00e3o liberadas diretamente nos minist\u00e9rios ap\u00f3s articula\u00e7\u00e3o pol\u00edtica do deputado. Al\u00e9m disso, Vander teve atua\u00e7\u00e3o essencial no processo de indica\u00e7\u00e3o e libera\u00e7\u00e3o das emendas coletivas de bancada, que no per\u00edodo analisado totaliza R$ 45 milh\u00f5es.<\/p>\n<p><strong>Receita<\/strong> &#8211; Para Vander Loubet, que cumpre seu quinto mandato consecutivo na C\u00e2mara dos Deputados, o \u00eaxito nesse recorte da atividade parlamentar deve-se ao trabalho de uma equipe qualificada, \u00e0 experi\u00eancia que acumulou na vida p\u00fablica, \u00e0 credibilidade para construir pontes de articula\u00e7\u00e3o e \u00e0 consci\u00eancia de n\u00e3o permitir que quest\u00f5es partid\u00e1rias atravessem o caminho.<\/p>\n<p>Ao enfatizar que faz da conviv\u00eancia pol\u00edtica uma receita eficaz para a sa\u00fade do sistema democr\u00e1tico, o deputado lembra que desenvolve seu mandato e trabalha na interlocu\u00e7\u00e3o em Bras\u00edlia sem comprometer suas convic\u00e7\u00f5es. &#8220;H\u00e1 cinco mandatos estou passando por governos de diferentes partidos. No Estado, depois do Zeca do PT, convivi com o Andr\u00e9 Puccinelli por oito anos e h\u00e1 cinco anos convivo com o Reinaldo Azambuja. Na Presid\u00eancia, peguei os governos de Lula e Dilma; de Temer; e agora de Bolsonaro. E continuo com os mesmos ideais, a mesma concep\u00e7\u00e3o program\u00e1tica e as mesmas lutas que abracei ainda na juventude&#8221;, destaca.<\/p>\n<p>De acordo com Vander, todas as emendas t\u00eam conte\u00fado semelhante porque incorporam as perspectivas de justi\u00e7a e igualdade, al\u00e9m de garantir um refor\u00e7o extra e providencial ao caixa dos estados e, sobretudo, dos munic\u00edpios, os mais afetados pelas crises. &#8220;Por isso tenho e preservo uma boa rela\u00e7\u00e3o com os prefeitos. Eles, com os vereadores e demais lideran\u00e7as, servem de term\u00f4metro das car\u00eancias da popula\u00e7\u00e3o e s\u00e3o quem fornecem para n\u00f3s, parlamentares federais, as prioridades na apresenta\u00e7\u00e3o das emendas&#8221;, comenta.<\/p>\n<p>O deputado finaliza explicando que d\u00e1 prioridade na busca de recursos que beneficiam as comunidades naquilo que mais necessitam no cotidiano: sa\u00fade, saneamento b\u00e1sico, educa\u00e7\u00e3o, infraestrutura urbana, esporte e lazer, habita\u00e7\u00e3o, assist\u00eancia social e agricultura familiar. &#8220;Essas \u00e1reas s\u00e3o sens\u00edveis \u00e0s fam\u00edlias com menor n\u00edvel de renda, que s\u00e3o justamente aquelas que precisam de um olhar diferenciado por parte do poder p\u00fablico&#8221;, conclui Vander.<\/p>\n<p><em>(\u00c9der F. Yanaguita &#8211; Ascom\/Dep. Vander Loubet)<\/em><\/p>\n","protected":false},"excerpt":{"rendered":"<p>Na planilha de emendas pagas divulgada pelo portal Siga Brasil, deputado foi o principal &#8220;garimpeiro&#8221; de recursos.<\/p>\n","protected":false},"author":2,"featured_media":16306,"comment_status":"closed","ping_status":"closed","sticky":false,"template":"","format":"standard","meta":{"jetpack_post_was_ever_published":false,"_jetpack_newsletter_access":"","_jetpack_dont_email_post_to_subs":false,"_jetpack_newsletter_tier_id":0,"_jetpack_memberships_contains_paywalled_content":false,"_jetpack_memberships_contains_paid_content":false,"footnotes":""},"categories":[2099,10],"tags":[2127,2244],"class_list":{"0":"post-16305","1":"post","2":"type-post","3":"status-publish","4":"format-standard","5":"has-post-thumbnail","7":"category-ms-noticias","8":"category-noticias","9":"tag-emenda-parlamentar","10":"tag-orcamento-geral-da-uniao"},"yoast_head":"<!-- This site is optimized with the Yoast SEO plugin v27.4 - https:\/\/yoast.com\/product\/yoast-seo-wordpress\/ -->\n<title>Vander fechou 2019 com o melhor desempenho na conquista de verbas federais para MS<\/title>\n<meta name=\"description\" content=\"Na planilha de emendas pagas divulgada pelo portal Siga Brasil, deputado foi o principal &quot;garimpeiro&quot; de recursos.\" \/>\n<meta name=\"robots\" content=\"index, follow, max-snippet:-1, max-image-preview:large, max-video-preview:-1\" \/>\n<link rel=\"canonical\" href=\"http:\/\/vanderloubet.com.br\/deputado\/vander-fechou-2019-com-o-melhor-desempenho-na-conquista-de-verbas-federais-para-ms\/\" \/>\n<meta property=\"og:locale\" content=\"pt_BR\" \/>\n<meta property=\"og:type\" content=\"article\" \/>\n<meta property=\"og:title\" content=\"Vander fechou 2019 com o melhor desempenho na conquista de verbas federais para MS\" \/>\n<meta property=\"og:description\" content=\"Na planilha de emendas pagas divulgada pelo portal Siga Brasil, deputado foi o principal &quot;garimpeiro&quot; de recursos.\" \/>\n<meta property=\"og:url\" content=\"http:\/\/vanderloubet.com.br\/deputado\/vander-fechou-2019-com-o-melhor-desempenho-na-conquista-de-verbas-federais-para-ms\/\" \/>\n<meta property=\"og:site_name\" content=\"Deputado Federal Vander Loubet\" \/>\n<meta property=\"article:publisher\" content=\"https:\/\/facebook.com\/deputadovander\" \/>\n<meta property=\"article:published_time\" content=\"2020-01-06T19:51:21+00:00\" \/>\n<meta property=\"article:modified_time\" content=\"2021-01-12T13:56:40+00:00\" \/>\n<meta property=\"og:image\" content=\"http:\/\/vanderloubet.com.br\/deputado\/wp-content\/uploads\/2020\/01\/foto-2020-01-06-ranking-emendas-parlamentares.jpg\" \/>\n\t<meta property=\"og:image:width\" content=\"960\" \/>\n\t<meta property=\"og:image:height\" content=\"720\" \/>\n\t<meta property=\"og:image:type\" content=\"image\/jpeg\" \/>\n<meta name=\"author\" content=\"\u00c9der\" \/>\n<meta name=\"twitter:card\" content=\"summary_large_image\" \/>\n<meta name=\"twitter:creator\" content=\"@vanderloubet\" \/>\n<meta name=\"twitter:site\" content=\"@vanderloubet\" \/>\n<script type=\"application\/ld+json\" class=\"yoast-schema-graph\">{\"@context\":\"https:\\\/\\\/schema.org\",\"@graph\":[{\"@type\":\"Article\",\"@id\":\"http:\\\/\\\/vanderloubet.com.br\\\/deputado\\\/vander-fechou-2019-com-o-melhor-desempenho-na-conquista-de-verbas-federais-para-ms\\\/#article\",\"isPartOf\":{\"@id\":\"http:\\\/\\\/vanderloubet.com.br\\\/deputado\\\/vander-fechou-2019-com-o-melhor-desempenho-na-conquista-de-verbas-federais-para-ms\\\/\"},\"author\":{\"name\":\"\u00c9der\",\"@id\":\"https:\\\/\\\/vanderloubet.com.br\\\/deputado\\\/#\\\/schema\\\/person\\\/15b51bd564532a8a68d9dec1b8eb890e\"},\"headline\":\"Vander fechou 2019 com o melhor desempenho na conquista de verbas federais para MS\",\"datePublished\":\"2020-01-06T19:51:21+00:00\",\"dateModified\":\"2021-01-12T13:56:40+00:00\",\"mainEntityOfPage\":{\"@id\":\"http:\\\/\\\/vanderloubet.com.br\\\/deputado\\\/vander-fechou-2019-com-o-melhor-desempenho-na-conquista-de-verbas-federais-para-ms\\\/\"},\"wordCount\":673,\"publisher\":{\"@id\":\"https:\\\/\\\/vanderloubet.com.br\\\/deputado\\\/#organization\"},\"image\":{\"@id\":\"http:\\\/\\\/vanderloubet.com.br\\\/deputado\\\/vander-fechou-2019-com-o-melhor-desempenho-na-conquista-de-verbas-federais-para-ms\\\/#primaryimage\"},\"thumbnailUrl\":\"https:\\\/\\\/vanderloubet.com.br\\\/deputado\\\/wp-content\\\/uploads\\\/2020\\\/01\\\/foto-2020-01-06-ranking-emendas-parlamentares.jpg\",\"keywords\":[\"emenda parlamentar\",\"or\u00e7amento geral da uni\u00e3o\"],\"articleSection\":[\"Mato Grosso do Sul\",\"Not\u00edcias\"],\"inLanguage\":\"pt-BR\"},{\"@type\":\"WebPage\",\"@id\":\"http:\\\/\\\/vanderloubet.com.br\\\/deputado\\\/vander-fechou-2019-com-o-melhor-desempenho-na-conquista-de-verbas-federais-para-ms\\\/\",\"url\":\"http:\\\/\\\/vanderloubet.com.br\\\/deputado\\\/vander-fechou-2019-com-o-melhor-desempenho-na-conquista-de-verbas-federais-para-ms\\\/\",\"name\":\"Vander fechou 2019 com o melhor desempenho na conquista de verbas federais para MS\",\"isPartOf\":{\"@id\":\"https:\\\/\\\/vanderloubet.com.br\\\/deputado\\\/#website\"},\"primaryImageOfPage\":{\"@id\":\"http:\\\/\\\/vanderloubet.com.br\\\/deputado\\\/vander-fechou-2019-com-o-melhor-desempenho-na-conquista-de-verbas-federais-para-ms\\\/#primaryimage\"},\"image\":{\"@id\":\"http:\\\/\\\/vanderloubet.com.br\\\/deputado\\\/vander-fechou-2019-com-o-melhor-desempenho-na-conquista-de-verbas-federais-para-ms\\\/#primaryimage\"},\"thumbnailUrl\":\"https:\\\/\\\/vanderloubet.com.br\\\/deputado\\\/wp-content\\\/uploads\\\/2020\\\/01\\\/foto-2020-01-06-ranking-emendas-parlamentares.jpg\",\"datePublished\":\"2020-01-06T19:51:21+00:00\",\"dateModified\":\"2021-01-12T13:56:40+00:00\",\"description\":\"Na planilha de emendas pagas divulgada pelo portal Siga Brasil, deputado foi o principal \\\"garimpeiro\\\" de recursos.\",\"breadcrumb\":{\"@id\":\"http:\\\/\\\/vanderloubet.com.br\\\/deputado\\\/vander-fechou-2019-com-o-melhor-desempenho-na-conquista-de-verbas-federais-para-ms\\\/#breadcrumb\"},\"inLanguage\":\"pt-BR\",\"potentialAction\":[{\"@type\":\"ReadAction\",\"target\":[\"http:\\\/\\\/vanderloubet.com.br\\\/deputado\\\/vander-fechou-2019-com-o-melhor-desempenho-na-conquista-de-verbas-federais-para-ms\\\/\"]}]},{\"@type\":\"ImageObject\",\"inLanguage\":\"pt-BR\",\"@id\":\"http:\\\/\\\/vanderloubet.com.br\\\/deputado\\\/vander-fechou-2019-com-o-melhor-desempenho-na-conquista-de-verbas-federais-para-ms\\\/#primaryimage\",\"url\":\"https:\\\/\\\/vanderloubet.com.br\\\/deputado\\\/wp-content\\\/uploads\\\/2020\\\/01\\\/foto-2020-01-06-ranking-emendas-parlamentares.jpg\",\"contentUrl\":\"https:\\\/\\\/vanderloubet.com.br\\\/deputado\\\/wp-content\\\/uploads\\\/2020\\\/01\\\/foto-2020-01-06-ranking-emendas-parlamentares.jpg\",\"width\":960,\"height\":720,\"caption\":\"Vander Loubet lidera ranking de emendas parlamentares de acordo com o portal Siga Brasil\"},{\"@type\":\"BreadcrumbList\",\"@id\":\"http:\\\/\\\/vanderloubet.com.br\\\/deputado\\\/vander-fechou-2019-com-o-melhor-desempenho-na-conquista-de-verbas-federais-para-ms\\\/#breadcrumb\",\"itemListElement\":[{\"@type\":\"ListItem\",\"position\":1,\"name\":\"In\u00edcio\",\"item\":\"https:\\\/\\\/vanderloubet.com.br\\\/deputado\\\/\"},{\"@type\":\"ListItem\",\"position\":2,\"name\":\"Vander fechou 2019 com o melhor desempenho na conquista de verbas federais para MS\"}]},{\"@type\":\"WebSite\",\"@id\":\"https:\\\/\\\/vanderloubet.com.br\\\/deputado\\\/#website\",\"url\":\"https:\\\/\\\/vanderloubet.com.br\\\/deputado\\\/\",\"name\":\"Deputado Federal Vander Loubet\",\"description\":\"O Federal de MS\",\"publisher\":{\"@id\":\"https:\\\/\\\/vanderloubet.com.br\\\/deputado\\\/#organization\"},\"alternateName\":\"Deputado Vander\",\"potentialAction\":[{\"@type\":\"SearchAction\",\"target\":{\"@type\":\"EntryPoint\",\"urlTemplate\":\"https:\\\/\\\/vanderloubet.com.br\\\/deputado\\\/?s={search_term_string}\"},\"query-input\":{\"@type\":\"PropertyValueSpecification\",\"valueRequired\":true,\"valueName\":\"search_term_string\"}}],\"inLanguage\":\"pt-BR\"},{\"@type\":\"Organization\",\"@id\":\"https:\\\/\\\/vanderloubet.com.br\\\/deputado\\\/#organization\",\"name\":\"Deputado Federal Vander Loubet\",\"alternateName\":\"Deputado Vander\",\"url\":\"https:\\\/\\\/vanderloubet.com.br\\\/deputado\\\/\",\"logo\":{\"@type\":\"ImageObject\",\"inLanguage\":\"pt-BR\",\"@id\":\"https:\\\/\\\/vanderloubet.com.br\\\/deputado\\\/#\\\/schema\\\/logo\\\/image\\\/\",\"url\":\"https:\\\/\\\/vanderloubet.com.br\\\/deputado\\\/wp-content\\\/uploads\\\/2023\\\/06\\\/foto-2023-06-19-mandato-deputado-vander.jpg\",\"contentUrl\":\"https:\\\/\\\/vanderloubet.com.br\\\/deputado\\\/wp-content\\\/uploads\\\/2023\\\/06\\\/foto-2023-06-19-mandato-deputado-vander.jpg\",\"width\":1080,\"height\":1080,\"caption\":\"Deputado Federal Vander Loubet\"},\"image\":{\"@id\":\"https:\\\/\\\/vanderloubet.com.br\\\/deputado\\\/#\\\/schema\\\/logo\\\/image\\\/\"},\"sameAs\":[\"https:\\\/\\\/facebook.com\\\/deputadovander\",\"https:\\\/\\\/x.com\\\/vanderloubet\",\"https:\\\/\\\/instagram.com\\\/vanderloubet\",\"https:\\\/\\\/youtube.com\\\/vanderloubet\",\"https:\\\/\\\/tiktok.com\\\/@vanderloubetms\"]},{\"@type\":\"Person\",\"@id\":\"https:\\\/\\\/vanderloubet.com.br\\\/deputado\\\/#\\\/schema\\\/person\\\/15b51bd564532a8a68d9dec1b8eb890e\",\"name\":\"\u00c9der\",\"image\":{\"@type\":\"ImageObject\",\"inLanguage\":\"pt-BR\",\"@id\":\"https:\\\/\\\/vanderloubet.com.br\\\/deputado\\\/wp-content\\\/litespeed\\\/avatar\\\/88ca4090d9d5ab1c9495f6ca03b68efa.jpg?ver=1777058957\",\"url\":\"https:\\\/\\\/vanderloubet.com.br\\\/deputado\\\/wp-content\\\/litespeed\\\/avatar\\\/88ca4090d9d5ab1c9495f6ca03b68efa.jpg?ver=1777058957\",\"contentUrl\":\"https:\\\/\\\/vanderloubet.com.br\\\/deputado\\\/wp-content\\\/litespeed\\\/avatar\\\/88ca4090d9d5ab1c9495f6ca03b68efa.jpg?ver=1777058957\",\"caption\":\"\u00c9der\"}}]}<\/script>\n<!-- \/ Yoast SEO plugin. -->","yoast_head_json":{"title":"Vander fechou 2019 com o melhor desempenho na conquista de verbas federais para MS","description":"Na planilha de emendas pagas divulgada pelo portal Siga Brasil, deputado foi o principal \"garimpeiro\" de recursos.","robots":{"index":"index","follow":"follow","max-snippet":"max-snippet:-1","max-image-preview":"max-image-preview:large","max-video-preview":"max-video-preview:-1"},"canonical":"http:\/\/vanderloubet.com.br\/deputado\/vander-fechou-2019-com-o-melhor-desempenho-na-conquista-de-verbas-federais-para-ms\/","og_locale":"pt_BR","og_type":"article","og_title":"Vander fechou 2019 com o melhor desempenho na conquista de verbas federais para MS","og_description":"Na planilha de emendas pagas divulgada pelo portal Siga Brasil, deputado foi o principal \"garimpeiro\" de recursos.","og_url":"http:\/\/vanderloubet.com.br\/deputado\/vander-fechou-2019-com-o-melhor-desempenho-na-conquista-de-verbas-federais-para-ms\/","og_site_name":"Deputado Federal Vander Loubet","article_publisher":"https:\/\/facebook.com\/deputadovander","article_published_time":"2020-01-06T19:51:21+00:00","article_modified_time":"2021-01-12T13:56:40+00:00","og_image":[{"width":960,"height":720,"url":"http:\/\/vanderloubet.com.br\/deputado\/wp-content\/uploads\/2020\/01\/foto-2020-01-06-ranking-emendas-parlamentares.jpg","type":"image\/jpeg"}],"author":"\u00c9der","twitter_card":"summary_large_image","twitter_creator":"@vanderloubet","twitter_site":"@vanderloubet","schema":{"@context":"https:\/\/schema.org","@graph":[{"@type":"Article","@id":"http:\/\/vanderloubet.com.br\/deputado\/vander-fechou-2019-com-o-melhor-desempenho-na-conquista-de-verbas-federais-para-ms\/#article","isPartOf":{"@id":"http:\/\/vanderloubet.com.br\/deputado\/vander-fechou-2019-com-o-melhor-desempenho-na-conquista-de-verbas-federais-para-ms\/"},"author":{"name":"\u00c9der","@id":"https:\/\/vanderloubet.com.br\/deputado\/#\/schema\/person\/15b51bd564532a8a68d9dec1b8eb890e"},"headline":"Vander fechou 2019 com o melhor desempenho na conquista de verbas federais para MS","datePublished":"2020-01-06T19:51:21+00:00","dateModified":"2021-01-12T13:56:40+00:00","mainEntityOfPage":{"@id":"http:\/\/vanderloubet.com.br\/deputado\/vander-fechou-2019-com-o-melhor-desempenho-na-conquista-de-verbas-federais-para-ms\/"},"wordCount":673,"publisher":{"@id":"https:\/\/vanderloubet.com.br\/deputado\/#organization"},"image":{"@id":"http:\/\/vanderloubet.com.br\/deputado\/vander-fechou-2019-com-o-melhor-desempenho-na-conquista-de-verbas-federais-para-ms\/#primaryimage"},"thumbnailUrl":"https:\/\/vanderloubet.com.br\/deputado\/wp-content\/uploads\/2020\/01\/foto-2020-01-06-ranking-emendas-parlamentares.jpg","keywords":["emenda parlamentar","or\u00e7amento geral da uni\u00e3o"],"articleSection":["Mato Grosso do Sul","Not\u00edcias"],"inLanguage":"pt-BR"},{"@type":"WebPage","@id":"http:\/\/vanderloubet.com.br\/deputado\/vander-fechou-2019-com-o-melhor-desempenho-na-conquista-de-verbas-federais-para-ms\/","url":"http:\/\/vanderloubet.com.br\/deputado\/vander-fechou-2019-com-o-melhor-desempenho-na-conquista-de-verbas-federais-para-ms\/","name":"Vander fechou 2019 com o melhor desempenho na conquista de verbas federais para MS","isPartOf":{"@id":"https:\/\/vanderloubet.com.br\/deputado\/#website"},"primaryImageOfPage":{"@id":"http:\/\/vanderloubet.com.br\/deputado\/vander-fechou-2019-com-o-melhor-desempenho-na-conquista-de-verbas-federais-para-ms\/#primaryimage"},"image":{"@id":"http:\/\/vanderloubet.com.br\/deputado\/vander-fechou-2019-com-o-melhor-desempenho-na-conquista-de-verbas-federais-para-ms\/#primaryimage"},"thumbnailUrl":"https:\/\/vanderloubet.com.br\/deputado\/wp-content\/uploads\/2020\/01\/foto-2020-01-06-ranking-emendas-parlamentares.jpg","datePublished":"2020-01-06T19:51:21+00:00","dateModified":"2021-01-12T13:56:40+00:00","description":"Na planilha de emendas pagas divulgada pelo portal Siga Brasil, deputado foi o principal \"garimpeiro\" de recursos.","breadcrumb":{"@id":"http:\/\/vanderloubet.com.br\/deputado\/vander-fechou-2019-com-o-melhor-desempenho-na-conquista-de-verbas-federais-para-ms\/#breadcrumb"},"inLanguage":"pt-BR","potentialAction":[{"@type":"ReadAction","target":["http:\/\/vanderloubet.com.br\/deputado\/vander-fechou-2019-com-o-melhor-desempenho-na-conquista-de-verbas-federais-para-ms\/"]}]},{"@type":"ImageObject","inLanguage":"pt-BR","@id":"http:\/\/vanderloubet.com.br\/deputado\/vander-fechou-2019-com-o-melhor-desempenho-na-conquista-de-verbas-federais-para-ms\/#primaryimage","url":"https:\/\/vanderloubet.com.br\/deputado\/wp-content\/uploads\/2020\/01\/foto-2020-01-06-ranking-emendas-parlamentares.jpg","contentUrl":"https:\/\/vanderloubet.com.br\/deputado\/wp-content\/uploads\/2020\/01\/foto-2020-01-06-ranking-emendas-parlamentares.jpg","width":960,"height":720,"caption":"Vander Loubet lidera ranking de emendas parlamentares de acordo com o portal Siga Brasil"},{"@type":"BreadcrumbList","@id":"http:\/\/vanderloubet.com.br\/deputado\/vander-fechou-2019-com-o-melhor-desempenho-na-conquista-de-verbas-federais-para-ms\/#breadcrumb","itemListElement":[{"@type":"ListItem","position":1,"name":"In\u00edcio","item":"https:\/\/vanderloubet.com.br\/deputado\/"},{"@type":"ListItem","position":2,"name":"Vander fechou 2019 com o melhor desempenho na conquista de verbas federais para MS"}]},{"@type":"WebSite","@id":"https:\/\/vanderloubet.com.br\/deputado\/#website","url":"https:\/\/vanderloubet.com.br\/deputado\/","name":"Deputado Federal Vander Loubet","description":"O Federal de MS","publisher":{"@id":"https:\/\/vanderloubet.com.br\/deputado\/#organization"},"alternateName":"Deputado Vander","potentialAction":[{"@type":"SearchAction","target":{"@type":"EntryPoint","urlTemplate":"https:\/\/vanderloubet.com.br\/deputado\/?s={search_term_string}"},"query-input":{"@type":"PropertyValueSpecification","valueRequired":true,"valueName":"search_term_string"}}],"inLanguage":"pt-BR"},{"@type":"Organization","@id":"https:\/\/vanderloubet.com.br\/deputado\/#organization","name":"Deputado Federal Vander Loubet","alternateName":"Deputado Vander","url":"https:\/\/vanderloubet.com.br\/deputado\/","logo":{"@type":"ImageObject","inLanguage":"pt-BR","@id":"https:\/\/vanderloubet.com.br\/deputado\/#\/schema\/logo\/image\/","url":"https:\/\/vanderloubet.com.br\/deputado\/wp-content\/uploads\/2023\/06\/foto-2023-06-19-mandato-deputado-vander.jpg","contentUrl":"https:\/\/vanderloubet.com.br\/deputado\/wp-content\/uploads\/2023\/06\/foto-2023-06-19-mandato-deputado-vander.jpg","width":1080,"height":1080,"caption":"Deputado Federal Vander Loubet"},"image":{"@id":"https:\/\/vanderloubet.com.br\/deputado\/#\/schema\/logo\/image\/"},"sameAs":["https:\/\/facebook.com\/deputadovander","https:\/\/x.com\/vanderloubet","https:\/\/instagram.com\/vanderloubet","https:\/\/youtube.com\/vanderloubet","https:\/\/tiktok.com\/@vanderloubetms"]},{"@type":"Person","@id":"https:\/\/vanderloubet.com.br\/deputado\/#\/schema\/person\/15b51bd564532a8a68d9dec1b8eb890e","name":"\u00c9der","image":{"@type":"ImageObject","inLanguage":"pt-BR","@id":"https:\/\/vanderloubet.com.br\/deputado\/wp-content\/litespeed\/avatar\/88ca4090d9d5ab1c9495f6ca03b68efa.jpg?ver=1777058957","url":"https:\/\/vanderloubet.com.br\/deputado\/wp-content\/litespeed\/avatar\/88ca4090d9d5ab1c9495f6ca03b68efa.jpg?ver=1777058957","contentUrl":"https:\/\/vanderloubet.com.br\/deputado\/wp-content\/litespeed\/avatar\/88ca4090d9d5ab1c9495f6ca03b68efa.jpg?ver=1777058957","caption":"\u00c9der"}}]}},"jetpack_featured_media_url":"https:\/\/vanderloubet.com.br\/deputado\/wp-content\/uploads\/2020\/01\/foto-2020-01-06-ranking-emendas-parlamentares.jpg","jetpack_sharing_enabled":true,"_links":{"self":[{"href":"https:\/\/vanderloubet.com.br\/deputado\/wp-json\/wp\/v2\/posts\/16305","targetHints":{"allow":["GET"]}}],"collection":[{"href":"https:\/\/vanderloubet.com.br\/deputado\/wp-json\/wp\/v2\/posts"}],"about":[{"href":"https:\/\/vanderloubet.com.br\/deputado\/wp-json\/wp\/v2\/types\/post"}],"author":[{"embeddable":true,"href":"https:\/\/vanderloubet.com.br\/deputado\/wp-json\/wp\/v2\/users\/2"}],"replies":[{"embeddable":true,"href":"https:\/\/vanderloubet.com.br\/deputado\/wp-json\/wp\/v2\/comments?post=16305"}],"version-history":[{"count":0,"href":"https:\/\/vanderloubet.com.br\/deputado\/wp-json\/wp\/v2\/posts\/16305\/revisions"}],"wp:featuredmedia":[{"embeddable":true,"href":"https:\/\/vanderloubet.com.br\/deputado\/wp-json\/wp\/v2\/media\/16306"}],"wp:attachment":[{"href":"https:\/\/vanderloubet.com.br\/deputado\/wp-json\/wp\/v2\/media?parent=16305"}],"wp:term":[{"taxonomy":"category","embeddable":true,"href":"https:\/\/vanderloubet.com.br\/deputado\/wp-json\/wp\/v2\/categories?post=16305"},{"taxonomy":"post_tag","embeddable":true,"href":"https:\/\/vanderloubet.com.br\/deputado\/wp-json\/wp\/v2\/tags?post=16305"}],"curies":[{"name":"wp","href":"https:\/\/api.w.org\/{rel}","templated":true}]}}