{"id":16290,"date":"2019-12-23T15:34:32","date_gmt":"2019-12-23T19:34:32","guid":{"rendered":"http:\/\/vanderloubet.com.br\/deputado\/?p=16290"},"modified":"2019-12-23T17:38:58","modified_gmt":"2019-12-23T21:38:58","slug":"navirai-recebe-pa-carregadeira-e-escavadeira-hidraulica-viabilizadas-por-vander","status":"publish","type":"post","link":"https:\/\/vanderloubet.com.br\/deputado\/navirai-recebe-pa-carregadeira-e-escavadeira-hidraulica-viabilizadas-por-vander\/","title":{"rendered":"Navira\u00ed recebe p\u00e1 carregadeira e escavadeira hidr\u00e1ulica viabilizadas por Vander"},"content":{"rendered":"<p><iframe title=\"Navira\u00ed recebe p\u00e1 carregadeira e escavadeira hidr\u00e1ulica viabilizadas por Vander\" width=\"696\" height=\"392\" src=\"https:\/\/www.youtube.com\/embed\/nzoka6ymmq0?feature=oembed\" frameborder=\"0\" allow=\"accelerometer; autoplay; encrypted-media; gyroscope; picture-in-picture\" allowfullscreen><\/iframe><\/p>\n<p>Na manh\u00e3 desta segunda-feira (23), em solenidade realizada em frente \u00e0 Prefeitura de Navira\u00ed, na Pra\u00e7a Euclides Ant\u00f4nio Fabris, o prefeito Jos\u00e9 Izauri de Macedo e o deputado federal Vander Loubet formalizaram a entrega de uma p\u00e1 carregadeira e de uma escavadeira hidr\u00e1ulica para o munic\u00edpio.<\/p>\n<p>As duas m\u00e1quinas est\u00e3o avaliadas em cerca de R$ 1 milh\u00e3o e foram adquiridas pela Prefeitura gra\u00e7as a uma emenda parlamentar do deputado Vander pelo Minist\u00e9rio da Agricultura, Pecu\u00e1ria e Abastecimento. A emenda atendeu a uma reivindica\u00e7\u00e3o do vereador Luiz Alberto J\u00fanior.<\/p>\n<p>A p\u00e1 carregadeira e a escavadeira hidr\u00e1ulica v\u00e3o refor\u00e7ar o p\u00e1tio da Ger\u00eancia de Obras e fortalecer o trabalho de recupera\u00e7\u00e3o e manuten\u00e7\u00e3o de estradas vicinais, servi\u00e7o que beneficia os estudantes da \u00e1rea rural (que fazem uso do transporte escolar), os agricultores familiares e os pequenos, m\u00e9dios e grandes produtores rurais (que utilizam as estradas tanto para a suas atividades cotidianas quanto para escoar sua produ\u00e7\u00e3o).<\/p>\n<p>Durante a solenidade, o deputado Vander destacou ainda a emenda parlamentar de R$ 500 mil que destinou este ano para que a Prefeitura de Navira\u00ed pudesse adquirir medicamentos para atender as farm\u00e1cias b\u00e1sicas dos postos de sa\u00fade do munic\u00edpio.<\/p>\n<p>Desde o seu primeiro mandato como deputado federal, iniciado em fevereiro de 2003, Vander Loubet j\u00e1 destinou para Navira\u00ed mais de R$ 54 milh\u00f5es em emendas e recursos federais, recursos que permitiram a execu\u00e7\u00e3o de obras e melhorias nas \u00e1reas da infraestrutura urbana (pavimenta\u00e7\u00e3o e drenagem), sa\u00fade, educa\u00e7\u00e3o, esporte e lazer, saneamento b\u00e1sico e agricultura familiar.<\/p>\n<p><em>(\u00c9der F. Yanaguita &#8211; Ascom\/Dep. Vander Loubet)<\/em><\/p>\n\r\n                <style type=\"text\/css\">\r\n                    \r\n                    #tdi_1  .td-doubleSlider-2 .td-item1 {\r\n                        background: url(https:\/\/vanderloubet.com.br\/deputado\/wp-content\/uploads\/2019\/12\/foto-2019-12-23-navirai-pa-carregadeira-escavadeira-3-80x60.jpg) 0 0 no-repeat;\r\n                    }\r\n                    #tdi_1  .td-doubleSlider-2 .td-item2 {\r\n                        background: url(https:\/\/vanderloubet.com.br\/deputado\/wp-content\/uploads\/2019\/12\/foto-2019-12-23-navirai-pa-carregadeira-escavadeira-2-80x60.jpg) 0 0 no-repeat;\r\n                    }\r\n                    #tdi_1  .td-doubleSlider-2 .td-item3 {\r\n                        background: url(https:\/\/vanderloubet.com.br\/deputado\/wp-content\/uploads\/2019\/12\/foto-2019-12-23-navirai-pa-carregadeira-escavadeira-1-80x60.jpg) 0 0 no-repeat;\r\n                    }\r\n                    #tdi_1  .td-doubleSlider-2 .td-item4 {\r\n                        background: url(https:\/\/vanderloubet.com.br\/deputado\/wp-content\/uploads\/2019\/12\/foto-2019-12-23-navirai-pa-carregadeira-escavadeira-4-80x60.jpg) 0 0 no-repeat;\r\n                    }\r\n                    #tdi_1  .td-doubleSlider-2 .td-item5 {\r\n                        background: url(https:\/\/vanderloubet.com.br\/deputado\/wp-content\/uploads\/2019\/12\/foto-2019-12-23-navirai-pa-carregadeira-escavadeira-5-80x60.jpg) 0 0 no-repeat;\r\n                    }\r\n                    #tdi_1  .td-doubleSlider-2 .td-item6 {\r\n                        background: url(https:\/\/vanderloubet.com.br\/deputado\/wp-content\/uploads\/2019\/12\/foto-2019-12-23-navirai-pa-carregadeira-escavadeira-6-80x60.jpg) 0 0 no-repeat;\r\n                    }\r\n                    #tdi_1  .td-doubleSlider-2 .td-item7 {\r\n                        background: url(https:\/\/vanderloubet.com.br\/deputado\/wp-content\/uploads\/2019\/12\/foto-2019-12-23-navirai-pa-carregadeira-escavadeira-7-80x60.jpg) 0 0 no-repeat;\r\n                    }\r\n                    #tdi_1  .td-doubleSlider-2 .td-item8 {\r\n                        background: url(https:\/\/vanderloubet.com.br\/deputado\/wp-content\/uploads\/2019\/12\/foto-2019-12-23-navirai-pa-carregadeira-escavadeira-8-80x60.jpg) 0 0 no-repeat;\r\n                    }\r\n                    #tdi_1  .td-doubleSlider-2 .td-item9 {\r\n                        background: url(https:\/\/vanderloubet.com.br\/deputado\/wp-content\/uploads\/2019\/12\/foto-2019-12-23-navirai-pa-carregadeira-escavadeira-9-80x60.jpg) 0 0 no-repeat;\r\n                    }\r\n                    #tdi_1  .td-doubleSlider-2 .td-item10 {\r\n                        background: url(https:\/\/vanderloubet.com.br\/deputado\/wp-content\/uploads\/2019\/12\/foto-2019-12-23-navirai-pa-carregadeira-escavadeira-10-80x60.jpg) 0 0 no-repeat;\r\n                    }\r\n                <\/style>\r\n\r\n                <div id=\"tdi_1\" class=\"td-gallery td-slide-on-2-columns\">\r\n                    <div class=\"post_td_gallery\">\r\n                        <div class=\"td-gallery-slide-top\">\r\n                           <div class=\"td-gallery-title\"><\/div>\r\n\r\n                            <div class=\"td-gallery-controls-wrapper\">\r\n                                <div class=\"td-gallery-slide-count\"><span class=\"td-gallery-slide-item-focus\">1<\/span> de 10<\/div>\r\n                                <div class=\"td-gallery-slide-prev-next-but\">\r\n                                    <i class = \"td-icon-left doubleSliderPrevButton\"><\/i>\r\n                                    <i class = \"td-icon-right doubleSliderNextButton\"><\/i>\r\n                                <\/div>\r\n                            <\/div>\r\n                        <\/div>\r\n\r\n                        <div class = \"td-doubleSlider-1 \">\r\n                            <div class = \"td-slider\">\r\n                                \r\n                    <div class = \"td-slide-item td-item1\">\r\n                        <figure class=\"td-slide-galery-figure td-slide-popup-gallery\">\r\n                            <a class=\"slide-gallery-image-link\" href=\"https:\/\/vanderloubet.com.br\/deputado\/wp-content\/uploads\/2019\/12\/foto-2019-12-23-navirai-pa-carregadeira-escavadeira-3.jpg\" title=\"P\u00e1 carregadeira e escavadeira hidr\u00e1ulica foram adquiridas gra\u00e7as a emenda parlamentar do deputado Vander\"  data-caption=\"\"  data-description=\"P&aacute; carregadeira e escavadeira hidr&aacute;ulica foram adquiridas gra&ccedil;as a emenda parlamentar do deputado Vander\">\r\n                                <img decoding=\"async\" src=\"https:\/\/vanderloubet.com.br\/deputado\/wp-content\/uploads\/2019\/12\/foto-2019-12-23-navirai-pa-carregadeira-escavadeira-3-560x420.jpg\" srcset=\"https:\/\/vanderloubet.com.br\/deputado\/wp-content\/uploads\/2019\/12\/foto-2019-12-23-navirai-pa-carregadeira-escavadeira-3-560x420.jpg 560w, https:\/\/vanderloubet.com.br\/deputado\/wp-content\/uploads\/2019\/12\/foto-2019-12-23-navirai-pa-carregadeira-escavadeira-3-350x263.jpg 350w, https:\/\/vanderloubet.com.br\/deputado\/wp-content\/uploads\/2019\/12\/foto-2019-12-23-navirai-pa-carregadeira-escavadeira-3-768x576.jpg 768w, https:\/\/vanderloubet.com.br\/deputado\/wp-content\/uploads\/2019\/12\/foto-2019-12-23-navirai-pa-carregadeira-escavadeira-3-700x525.jpg 700w, https:\/\/vanderloubet.com.br\/deputado\/wp-content\/uploads\/2019\/12\/foto-2019-12-23-navirai-pa-carregadeira-escavadeira-3-80x60.jpg 80w, https:\/\/vanderloubet.com.br\/deputado\/wp-content\/uploads\/2019\/12\/foto-2019-12-23-navirai-pa-carregadeira-escavadeira-3-696x522.jpg 696w, https:\/\/vanderloubet.com.br\/deputado\/wp-content\/uploads\/2019\/12\/foto-2019-12-23-navirai-pa-carregadeira-escavadeira-3-265x198.jpg 265w, https:\/\/vanderloubet.com.br\/deputado\/wp-content\/uploads\/2019\/12\/foto-2019-12-23-navirai-pa-carregadeira-escavadeira-3.jpg 960w\" sizes=\"(max-width: 560px) 100vw, 560px\" alt=\"P&aacute; carregadeira e escavadeira hidr&aacute;ulica foram adquiridas gra&ccedil;as a emenda parlamentar do deputado Vander\">\r\n                            <\/a>\r\n                            <figcaption class = \"td-slide-caption td-gallery-slide-content\"><span>P\u00e1 carregadeira e escavadeira hidr\u00e1ulica foram adquiridas gra\u00e7as a emenda parlamentar do deputado Vander<\/span><\/figcaption>\r\n                        <\/figure>\r\n                    <\/div>\r\n                    <div class = \"td-slide-item td-item2\">\r\n                        <figure class=\"td-slide-galery-figure td-slide-popup-gallery\">\r\n                            <a class=\"slide-gallery-image-link\" href=\"https:\/\/vanderloubet.com.br\/deputado\/wp-content\/uploads\/2019\/12\/foto-2019-12-23-navirai-pa-carregadeira-escavadeira-2.jpg\" title=\"P\u00e1 carregadeira e escavadeira hidr\u00e1ulica foram adquiridas gra\u00e7as a emenda parlamentar do deputado Vander\"  data-caption=\"\"  data-description=\"P&aacute; carregadeira e escavadeira hidr&aacute;ulica foram adquiridas gra&ccedil;as a emenda parlamentar do deputado Vander\">\r\n                                <img decoding=\"async\" src=\"https:\/\/vanderloubet.com.br\/deputado\/wp-content\/uploads\/2019\/12\/foto-2019-12-23-navirai-pa-carregadeira-escavadeira-2-560x420.jpg\" srcset=\"https:\/\/vanderloubet.com.br\/deputado\/wp-content\/uploads\/2019\/12\/foto-2019-12-23-navirai-pa-carregadeira-escavadeira-2-560x420.jpg 560w, https:\/\/vanderloubet.com.br\/deputado\/wp-content\/uploads\/2019\/12\/foto-2019-12-23-navirai-pa-carregadeira-escavadeira-2-350x263.jpg 350w, https:\/\/vanderloubet.com.br\/deputado\/wp-content\/uploads\/2019\/12\/foto-2019-12-23-navirai-pa-carregadeira-escavadeira-2-768x576.jpg 768w, https:\/\/vanderloubet.com.br\/deputado\/wp-content\/uploads\/2019\/12\/foto-2019-12-23-navirai-pa-carregadeira-escavadeira-2-700x525.jpg 700w, https:\/\/vanderloubet.com.br\/deputado\/wp-content\/uploads\/2019\/12\/foto-2019-12-23-navirai-pa-carregadeira-escavadeira-2-80x60.jpg 80w, https:\/\/vanderloubet.com.br\/deputado\/wp-content\/uploads\/2019\/12\/foto-2019-12-23-navirai-pa-carregadeira-escavadeira-2-696x522.jpg 696w, https:\/\/vanderloubet.com.br\/deputado\/wp-content\/uploads\/2019\/12\/foto-2019-12-23-navirai-pa-carregadeira-escavadeira-2-265x198.jpg 265w, https:\/\/vanderloubet.com.br\/deputado\/wp-content\/uploads\/2019\/12\/foto-2019-12-23-navirai-pa-carregadeira-escavadeira-2.jpg 960w\" sizes=\"(max-width: 560px) 100vw, 560px\" alt=\"P&aacute; carregadeira e escavadeira hidr&aacute;ulica foram adquiridas gra&ccedil;as a emenda parlamentar do deputado Vander\">\r\n                            <\/a>\r\n                            <figcaption class = \"td-slide-caption td-gallery-slide-content\"><span>P\u00e1 carregadeira e escavadeira hidr\u00e1ulica foram adquiridas gra\u00e7as a emenda parlamentar do deputado Vander<\/span><\/figcaption>\r\n                        <\/figure>\r\n                    <\/div>\r\n                    <div class = \"td-slide-item td-item3\">\r\n                        <figure class=\"td-slide-galery-figure td-slide-popup-gallery\">\r\n                            <a class=\"slide-gallery-image-link\" href=\"https:\/\/vanderloubet.com.br\/deputado\/wp-content\/uploads\/2019\/12\/foto-2019-12-23-navirai-pa-carregadeira-escavadeira-1.jpg\" title=\"P\u00e1 carregadeira e escavadeira hidr\u00e1ulica foram adquiridas gra\u00e7as a emenda parlamentar do deputado Vander\"  data-caption=\"\"  data-description=\"P&aacute; carregadeira e escavadeira hidr&aacute;ulica foram adquiridas gra&ccedil;as a emenda parlamentar do deputado Vander\">\r\n                                <img decoding=\"async\" src=\"https:\/\/vanderloubet.com.br\/deputado\/wp-content\/uploads\/2019\/12\/foto-2019-12-23-navirai-pa-carregadeira-escavadeira-1-560x420.jpg\" srcset=\"https:\/\/vanderloubet.com.br\/deputado\/wp-content\/uploads\/2019\/12\/foto-2019-12-23-navirai-pa-carregadeira-escavadeira-1-560x420.jpg 560w, https:\/\/vanderloubet.com.br\/deputado\/wp-content\/uploads\/2019\/12\/foto-2019-12-23-navirai-pa-carregadeira-escavadeira-1-350x263.jpg 350w, https:\/\/vanderloubet.com.br\/deputado\/wp-content\/uploads\/2019\/12\/foto-2019-12-23-navirai-pa-carregadeira-escavadeira-1-768x576.jpg 768w, https:\/\/vanderloubet.com.br\/deputado\/wp-content\/uploads\/2019\/12\/foto-2019-12-23-navirai-pa-carregadeira-escavadeira-1-700x525.jpg 700w, https:\/\/vanderloubet.com.br\/deputado\/wp-content\/uploads\/2019\/12\/foto-2019-12-23-navirai-pa-carregadeira-escavadeira-1-80x60.jpg 80w, https:\/\/vanderloubet.com.br\/deputado\/wp-content\/uploads\/2019\/12\/foto-2019-12-23-navirai-pa-carregadeira-escavadeira-1-696x522.jpg 696w, https:\/\/vanderloubet.com.br\/deputado\/wp-content\/uploads\/2019\/12\/foto-2019-12-23-navirai-pa-carregadeira-escavadeira-1-265x198.jpg 265w, https:\/\/vanderloubet.com.br\/deputado\/wp-content\/uploads\/2019\/12\/foto-2019-12-23-navirai-pa-carregadeira-escavadeira-1.jpg 960w\" sizes=\"(max-width: 560px) 100vw, 560px\" alt=\"P&aacute; carregadeira e escavadeira hidr&aacute;ulica foram adquiridas gra&ccedil;as a emenda parlamentar do deputado Vander\">\r\n                            <\/a>\r\n                            <figcaption class = \"td-slide-caption td-gallery-slide-content\"><span>P\u00e1 carregadeira e escavadeira hidr\u00e1ulica foram adquiridas gra\u00e7as a emenda parlamentar do deputado Vander<\/span><\/figcaption>\r\n                        <\/figure>\r\n                    <\/div>\r\n                    <div class = \"td-slide-item td-item4\">\r\n                        <figure class=\"td-slide-galery-figure td-slide-popup-gallery\">\r\n                            <a class=\"slide-gallery-image-link\" href=\"https:\/\/vanderloubet.com.br\/deputado\/wp-content\/uploads\/2019\/12\/foto-2019-12-23-navirai-pa-carregadeira-escavadeira-4.jpg\" title=\"P\u00e1 carregadeira e escavadeira hidr\u00e1ulica foram adquiridas gra\u00e7as a emenda parlamentar do deputado Vander\"  data-caption=\"\"  data-description=\"P&aacute; carregadeira e escavadeira hidr&aacute;ulica foram adquiridas gra&ccedil;as a emenda parlamentar do deputado Vander\">\r\n                                <img decoding=\"async\" src=\"https:\/\/vanderloubet.com.br\/deputado\/wp-content\/uploads\/2019\/12\/foto-2019-12-23-navirai-pa-carregadeira-escavadeira-4-560x420.jpg\" srcset=\"https:\/\/vanderloubet.com.br\/deputado\/wp-content\/uploads\/2019\/12\/foto-2019-12-23-navirai-pa-carregadeira-escavadeira-4-560x420.jpg 560w, https:\/\/vanderloubet.com.br\/deputado\/wp-content\/uploads\/2019\/12\/foto-2019-12-23-navirai-pa-carregadeira-escavadeira-4-350x263.jpg 350w, https:\/\/vanderloubet.com.br\/deputado\/wp-content\/uploads\/2019\/12\/foto-2019-12-23-navirai-pa-carregadeira-escavadeira-4-768x576.jpg 768w, https:\/\/vanderloubet.com.br\/deputado\/wp-content\/uploads\/2019\/12\/foto-2019-12-23-navirai-pa-carregadeira-escavadeira-4-700x525.jpg 700w, https:\/\/vanderloubet.com.br\/deputado\/wp-content\/uploads\/2019\/12\/foto-2019-12-23-navirai-pa-carregadeira-escavadeira-4-80x60.jpg 80w, https:\/\/vanderloubet.com.br\/deputado\/wp-content\/uploads\/2019\/12\/foto-2019-12-23-navirai-pa-carregadeira-escavadeira-4-696x522.jpg 696w, https:\/\/vanderloubet.com.br\/deputado\/wp-content\/uploads\/2019\/12\/foto-2019-12-23-navirai-pa-carregadeira-escavadeira-4-265x198.jpg 265w, https:\/\/vanderloubet.com.br\/deputado\/wp-content\/uploads\/2019\/12\/foto-2019-12-23-navirai-pa-carregadeira-escavadeira-4.jpg 960w\" sizes=\"(max-width: 560px) 100vw, 560px\" alt=\"P&aacute; carregadeira e escavadeira hidr&aacute;ulica foram adquiridas gra&ccedil;as a emenda parlamentar do deputado Vander\">\r\n                            <\/a>\r\n                            <figcaption class = \"td-slide-caption td-gallery-slide-content\"><span>P\u00e1 carregadeira e escavadeira hidr\u00e1ulica foram adquiridas gra\u00e7as a emenda parlamentar do deputado Vander<\/span><\/figcaption>\r\n                        <\/figure>\r\n                    <\/div>\r\n                    <div class = \"td-slide-item td-item5\">\r\n                        <figure class=\"td-slide-galery-figure td-slide-popup-gallery\">\r\n                            <a class=\"slide-gallery-image-link\" href=\"https:\/\/vanderloubet.com.br\/deputado\/wp-content\/uploads\/2019\/12\/foto-2019-12-23-navirai-pa-carregadeira-escavadeira-5.jpg\" title=\"P\u00e1 carregadeira e escavadeira hidr\u00e1ulica foram adquiridas gra\u00e7as a emenda parlamentar do deputado Vander\"  data-caption=\"\"  data-description=\"P&aacute; carregadeira e escavadeira hidr&aacute;ulica foram adquiridas gra&ccedil;as a emenda parlamentar do deputado Vander\">\r\n                                <img decoding=\"async\" src=\"https:\/\/vanderloubet.com.br\/deputado\/wp-content\/uploads\/2019\/12\/foto-2019-12-23-navirai-pa-carregadeira-escavadeira-5-560x420.jpg\" srcset=\"https:\/\/vanderloubet.com.br\/deputado\/wp-content\/uploads\/2019\/12\/foto-2019-12-23-navirai-pa-carregadeira-escavadeira-5-560x420.jpg 560w, https:\/\/vanderloubet.com.br\/deputado\/wp-content\/uploads\/2019\/12\/foto-2019-12-23-navirai-pa-carregadeira-escavadeira-5-350x263.jpg 350w, https:\/\/vanderloubet.com.br\/deputado\/wp-content\/uploads\/2019\/12\/foto-2019-12-23-navirai-pa-carregadeira-escavadeira-5-768x576.jpg 768w, https:\/\/vanderloubet.com.br\/deputado\/wp-content\/uploads\/2019\/12\/foto-2019-12-23-navirai-pa-carregadeira-escavadeira-5-700x525.jpg 700w, https:\/\/vanderloubet.com.br\/deputado\/wp-content\/uploads\/2019\/12\/foto-2019-12-23-navirai-pa-carregadeira-escavadeira-5-80x60.jpg 80w, https:\/\/vanderloubet.com.br\/deputado\/wp-content\/uploads\/2019\/12\/foto-2019-12-23-navirai-pa-carregadeira-escavadeira-5-696x522.jpg 696w, https:\/\/vanderloubet.com.br\/deputado\/wp-content\/uploads\/2019\/12\/foto-2019-12-23-navirai-pa-carregadeira-escavadeira-5-265x198.jpg 265w, https:\/\/vanderloubet.com.br\/deputado\/wp-content\/uploads\/2019\/12\/foto-2019-12-23-navirai-pa-carregadeira-escavadeira-5.jpg 960w\" sizes=\"(max-width: 560px) 100vw, 560px\" alt=\"P&aacute; carregadeira e escavadeira hidr&aacute;ulica foram adquiridas gra&ccedil;as a emenda parlamentar do deputado Vander\">\r\n                            <\/a>\r\n                            <figcaption class = \"td-slide-caption td-gallery-slide-content\"><span>P\u00e1 carregadeira e escavadeira hidr\u00e1ulica foram adquiridas gra\u00e7as a emenda parlamentar do deputado Vander<\/span><\/figcaption>\r\n                        <\/figure>\r\n                    <\/div>\r\n                    <div class = \"td-slide-item td-item6\">\r\n                        <figure class=\"td-slide-galery-figure td-slide-popup-gallery\">\r\n                            <a class=\"slide-gallery-image-link\" href=\"https:\/\/vanderloubet.com.br\/deputado\/wp-content\/uploads\/2019\/12\/foto-2019-12-23-navirai-pa-carregadeira-escavadeira-6.jpg\" title=\"P\u00e1 carregadeira e escavadeira hidr\u00e1ulica foram adquiridas gra\u00e7as a emenda parlamentar do deputado Vander\"  data-caption=\"\"  data-description=\"P&aacute; carregadeira e escavadeira hidr&aacute;ulica foram adquiridas gra&ccedil;as a emenda parlamentar do deputado Vander\">\r\n                                <img decoding=\"async\" src=\"https:\/\/vanderloubet.com.br\/deputado\/wp-content\/uploads\/2019\/12\/foto-2019-12-23-navirai-pa-carregadeira-escavadeira-6-560x420.jpg\" srcset=\"https:\/\/vanderloubet.com.br\/deputado\/wp-content\/uploads\/2019\/12\/foto-2019-12-23-navirai-pa-carregadeira-escavadeira-6-560x420.jpg 560w, https:\/\/vanderloubet.com.br\/deputado\/wp-content\/uploads\/2019\/12\/foto-2019-12-23-navirai-pa-carregadeira-escavadeira-6-350x263.jpg 350w, https:\/\/vanderloubet.com.br\/deputado\/wp-content\/uploads\/2019\/12\/foto-2019-12-23-navirai-pa-carregadeira-escavadeira-6-768x576.jpg 768w, https:\/\/vanderloubet.com.br\/deputado\/wp-content\/uploads\/2019\/12\/foto-2019-12-23-navirai-pa-carregadeira-escavadeira-6-700x525.jpg 700w, https:\/\/vanderloubet.com.br\/deputado\/wp-content\/uploads\/2019\/12\/foto-2019-12-23-navirai-pa-carregadeira-escavadeira-6-80x60.jpg 80w, https:\/\/vanderloubet.com.br\/deputado\/wp-content\/uploads\/2019\/12\/foto-2019-12-23-navirai-pa-carregadeira-escavadeira-6-696x522.jpg 696w, https:\/\/vanderloubet.com.br\/deputado\/wp-content\/uploads\/2019\/12\/foto-2019-12-23-navirai-pa-carregadeira-escavadeira-6-265x198.jpg 265w, https:\/\/vanderloubet.com.br\/deputado\/wp-content\/uploads\/2019\/12\/foto-2019-12-23-navirai-pa-carregadeira-escavadeira-6.jpg 960w\" sizes=\"(max-width: 560px) 100vw, 560px\" alt=\"P&aacute; carregadeira e escavadeira hidr&aacute;ulica foram adquiridas gra&ccedil;as a emenda parlamentar do deputado Vander\">\r\n                            <\/a>\r\n                            <figcaption class = \"td-slide-caption td-gallery-slide-content\"><span>P\u00e1 carregadeira e escavadeira hidr\u00e1ulica foram adquiridas gra\u00e7as a emenda parlamentar do deputado Vander<\/span><\/figcaption>\r\n                        <\/figure>\r\n                    <\/div>\r\n                    <div class = \"td-slide-item td-item7\">\r\n                        <figure class=\"td-slide-galery-figure td-slide-popup-gallery\">\r\n                            <a class=\"slide-gallery-image-link\" href=\"https:\/\/vanderloubet.com.br\/deputado\/wp-content\/uploads\/2019\/12\/foto-2019-12-23-navirai-pa-carregadeira-escavadeira-7.jpg\" title=\"P\u00e1 carregadeira e escavadeira hidr\u00e1ulica foram adquiridas gra\u00e7as a emenda parlamentar do deputado Vander\"  data-caption=\"\"  data-description=\"P&aacute; carregadeira e escavadeira hidr&aacute;ulica foram adquiridas gra&ccedil;as a emenda parlamentar do deputado Vander\">\r\n                                <img decoding=\"async\" src=\"https:\/\/vanderloubet.com.br\/deputado\/wp-content\/uploads\/2019\/12\/foto-2019-12-23-navirai-pa-carregadeira-escavadeira-7-560x420.jpg\" srcset=\"https:\/\/vanderloubet.com.br\/deputado\/wp-content\/uploads\/2019\/12\/foto-2019-12-23-navirai-pa-carregadeira-escavadeira-7-560x420.jpg 560w, https:\/\/vanderloubet.com.br\/deputado\/wp-content\/uploads\/2019\/12\/foto-2019-12-23-navirai-pa-carregadeira-escavadeira-7-350x263.jpg 350w, https:\/\/vanderloubet.com.br\/deputado\/wp-content\/uploads\/2019\/12\/foto-2019-12-23-navirai-pa-carregadeira-escavadeira-7-768x576.jpg 768w, https:\/\/vanderloubet.com.br\/deputado\/wp-content\/uploads\/2019\/12\/foto-2019-12-23-navirai-pa-carregadeira-escavadeira-7-700x525.jpg 700w, https:\/\/vanderloubet.com.br\/deputado\/wp-content\/uploads\/2019\/12\/foto-2019-12-23-navirai-pa-carregadeira-escavadeira-7-80x60.jpg 80w, https:\/\/vanderloubet.com.br\/deputado\/wp-content\/uploads\/2019\/12\/foto-2019-12-23-navirai-pa-carregadeira-escavadeira-7-696x522.jpg 696w, https:\/\/vanderloubet.com.br\/deputado\/wp-content\/uploads\/2019\/12\/foto-2019-12-23-navirai-pa-carregadeira-escavadeira-7-265x198.jpg 265w, https:\/\/vanderloubet.com.br\/deputado\/wp-content\/uploads\/2019\/12\/foto-2019-12-23-navirai-pa-carregadeira-escavadeira-7.jpg 960w\" sizes=\"(max-width: 560px) 100vw, 560px\" alt=\"P&aacute; carregadeira e escavadeira hidr&aacute;ulica foram adquiridas gra&ccedil;as a emenda parlamentar do deputado Vander\">\r\n                            <\/a>\r\n                            <figcaption class = \"td-slide-caption td-gallery-slide-content\"><span>P\u00e1 carregadeira e escavadeira hidr\u00e1ulica foram adquiridas gra\u00e7as a emenda parlamentar do deputado Vander<\/span><\/figcaption>\r\n                        <\/figure>\r\n                    <\/div>\r\n                    <div class = \"td-slide-item td-item8\">\r\n                        <figure class=\"td-slide-galery-figure td-slide-popup-gallery\">\r\n                            <a class=\"slide-gallery-image-link\" href=\"https:\/\/vanderloubet.com.br\/deputado\/wp-content\/uploads\/2019\/12\/foto-2019-12-23-navirai-pa-carregadeira-escavadeira-8.jpg\" title=\"P\u00e1 carregadeira e escavadeira hidr\u00e1ulica foram adquiridas gra\u00e7as a emenda parlamentar do deputado Vander\"  data-caption=\"\"  data-description=\"P&aacute; carregadeira e escavadeira hidr&aacute;ulica foram adquiridas gra&ccedil;as a emenda parlamentar do deputado Vander\">\r\n                                <img decoding=\"async\" src=\"https:\/\/vanderloubet.com.br\/deputado\/wp-content\/uploads\/2019\/12\/foto-2019-12-23-navirai-pa-carregadeira-escavadeira-8-560x420.jpg\" srcset=\"https:\/\/vanderloubet.com.br\/deputado\/wp-content\/uploads\/2019\/12\/foto-2019-12-23-navirai-pa-carregadeira-escavadeira-8-560x420.jpg 560w, https:\/\/vanderloubet.com.br\/deputado\/wp-content\/uploads\/2019\/12\/foto-2019-12-23-navirai-pa-carregadeira-escavadeira-8-350x263.jpg 350w, https:\/\/vanderloubet.com.br\/deputado\/wp-content\/uploads\/2019\/12\/foto-2019-12-23-navirai-pa-carregadeira-escavadeira-8-768x576.jpg 768w, https:\/\/vanderloubet.com.br\/deputado\/wp-content\/uploads\/2019\/12\/foto-2019-12-23-navirai-pa-carregadeira-escavadeira-8-700x525.jpg 700w, https:\/\/vanderloubet.com.br\/deputado\/wp-content\/uploads\/2019\/12\/foto-2019-12-23-navirai-pa-carregadeira-escavadeira-8-80x60.jpg 80w, https:\/\/vanderloubet.com.br\/deputado\/wp-content\/uploads\/2019\/12\/foto-2019-12-23-navirai-pa-carregadeira-escavadeira-8-696x522.jpg 696w, https:\/\/vanderloubet.com.br\/deputado\/wp-content\/uploads\/2019\/12\/foto-2019-12-23-navirai-pa-carregadeira-escavadeira-8-265x198.jpg 265w, https:\/\/vanderloubet.com.br\/deputado\/wp-content\/uploads\/2019\/12\/foto-2019-12-23-navirai-pa-carregadeira-escavadeira-8.jpg 960w\" sizes=\"(max-width: 560px) 100vw, 560px\" alt=\"P&aacute; carregadeira e escavadeira hidr&aacute;ulica foram adquiridas gra&ccedil;as a emenda parlamentar do deputado Vander\">\r\n                            <\/a>\r\n                            <figcaption class = \"td-slide-caption td-gallery-slide-content\"><span>P\u00e1 carregadeira e escavadeira hidr\u00e1ulica foram adquiridas gra\u00e7as a emenda parlamentar do deputado Vander<\/span><\/figcaption>\r\n                        <\/figure>\r\n                    <\/div>\r\n                    <div class = \"td-slide-item td-item9\">\r\n                        <figure class=\"td-slide-galery-figure td-slide-popup-gallery\">\r\n                            <a class=\"slide-gallery-image-link\" href=\"https:\/\/vanderloubet.com.br\/deputado\/wp-content\/uploads\/2019\/12\/foto-2019-12-23-navirai-pa-carregadeira-escavadeira-9.jpg\" title=\"P\u00e1 carregadeira e escavadeira hidr\u00e1ulica foram adquiridas gra\u00e7as a emenda parlamentar do deputado Vander\"  data-caption=\"\"  data-description=\"P&aacute; carregadeira e escavadeira hidr&aacute;ulica foram adquiridas gra&ccedil;as a emenda parlamentar do deputado Vander\">\r\n                                <img decoding=\"async\" src=\"https:\/\/vanderloubet.com.br\/deputado\/wp-content\/uploads\/2019\/12\/foto-2019-12-23-navirai-pa-carregadeira-escavadeira-9-560x420.jpg\" srcset=\"https:\/\/vanderloubet.com.br\/deputado\/wp-content\/uploads\/2019\/12\/foto-2019-12-23-navirai-pa-carregadeira-escavadeira-9-560x420.jpg 560w, https:\/\/vanderloubet.com.br\/deputado\/wp-content\/uploads\/2019\/12\/foto-2019-12-23-navirai-pa-carregadeira-escavadeira-9-350x263.jpg 350w, https:\/\/vanderloubet.com.br\/deputado\/wp-content\/uploads\/2019\/12\/foto-2019-12-23-navirai-pa-carregadeira-escavadeira-9-768x576.jpg 768w, https:\/\/vanderloubet.com.br\/deputado\/wp-content\/uploads\/2019\/12\/foto-2019-12-23-navirai-pa-carregadeira-escavadeira-9-700x525.jpg 700w, https:\/\/vanderloubet.com.br\/deputado\/wp-content\/uploads\/2019\/12\/foto-2019-12-23-navirai-pa-carregadeira-escavadeira-9-80x60.jpg 80w, https:\/\/vanderloubet.com.br\/deputado\/wp-content\/uploads\/2019\/12\/foto-2019-12-23-navirai-pa-carregadeira-escavadeira-9-696x522.jpg 696w, https:\/\/vanderloubet.com.br\/deputado\/wp-content\/uploads\/2019\/12\/foto-2019-12-23-navirai-pa-carregadeira-escavadeira-9-265x198.jpg 265w, https:\/\/vanderloubet.com.br\/deputado\/wp-content\/uploads\/2019\/12\/foto-2019-12-23-navirai-pa-carregadeira-escavadeira-9.jpg 960w\" sizes=\"(max-width: 560px) 100vw, 560px\" alt=\"P&aacute; carregadeira e escavadeira hidr&aacute;ulica foram adquiridas gra&ccedil;as a emenda parlamentar do deputado Vander\">\r\n                            <\/a>\r\n                            <figcaption class = \"td-slide-caption td-gallery-slide-content\"><span>P\u00e1 carregadeira e escavadeira hidr\u00e1ulica foram adquiridas gra\u00e7as a emenda parlamentar do deputado Vander<\/span><\/figcaption>\r\n                        <\/figure>\r\n                    <\/div>\r\n                    <div class = \"td-slide-item td-item10\">\r\n                        <figure class=\"td-slide-galery-figure td-slide-popup-gallery\">\r\n                            <a class=\"slide-gallery-image-link\" href=\"https:\/\/vanderloubet.com.br\/deputado\/wp-content\/uploads\/2019\/12\/foto-2019-12-23-navirai-pa-carregadeira-escavadeira-10.jpg\" title=\"P\u00e1 carregadeira e escavadeira hidr\u00e1ulica foram adquiridas gra\u00e7as a emenda parlamentar do deputado Vander\"  data-caption=\"\"  data-description=\"P&aacute; carregadeira e escavadeira hidr&aacute;ulica foram adquiridas gra&ccedil;as a emenda parlamentar do deputado Vander\">\r\n                                <img decoding=\"async\" src=\"https:\/\/vanderloubet.com.br\/deputado\/wp-content\/uploads\/2019\/12\/foto-2019-12-23-navirai-pa-carregadeira-escavadeira-10-560x420.jpg\" srcset=\"https:\/\/vanderloubet.com.br\/deputado\/wp-content\/uploads\/2019\/12\/foto-2019-12-23-navirai-pa-carregadeira-escavadeira-10-560x420.jpg 560w, https:\/\/vanderloubet.com.br\/deputado\/wp-content\/uploads\/2019\/12\/foto-2019-12-23-navirai-pa-carregadeira-escavadeira-10-350x263.jpg 350w, https:\/\/vanderloubet.com.br\/deputado\/wp-content\/uploads\/2019\/12\/foto-2019-12-23-navirai-pa-carregadeira-escavadeira-10-768x576.jpg 768w, https:\/\/vanderloubet.com.br\/deputado\/wp-content\/uploads\/2019\/12\/foto-2019-12-23-navirai-pa-carregadeira-escavadeira-10-700x525.jpg 700w, https:\/\/vanderloubet.com.br\/deputado\/wp-content\/uploads\/2019\/12\/foto-2019-12-23-navirai-pa-carregadeira-escavadeira-10-80x60.jpg 80w, https:\/\/vanderloubet.com.br\/deputado\/wp-content\/uploads\/2019\/12\/foto-2019-12-23-navirai-pa-carregadeira-escavadeira-10-696x522.jpg 696w, https:\/\/vanderloubet.com.br\/deputado\/wp-content\/uploads\/2019\/12\/foto-2019-12-23-navirai-pa-carregadeira-escavadeira-10-265x198.jpg 265w, https:\/\/vanderloubet.com.br\/deputado\/wp-content\/uploads\/2019\/12\/foto-2019-12-23-navirai-pa-carregadeira-escavadeira-10.jpg 960w\" sizes=\"(max-width: 560px) 100vw, 560px\" alt=\"P&aacute; carregadeira e escavadeira hidr&aacute;ulica foram adquiridas gra&ccedil;as a emenda parlamentar do deputado Vander\">\r\n                            <\/a>\r\n                            <figcaption class = \"td-slide-caption td-gallery-slide-content\"><span>P\u00e1 carregadeira e escavadeira hidr\u00e1ulica foram adquiridas gra\u00e7as a emenda parlamentar do deputado Vander<\/span><\/figcaption>\r\n                        <\/figure>\r\n                    <\/div>\r\n                            <\/div>\r\n                        <\/div>\r\n\r\n                        <div class = \"td-doubleSlider-2\">\r\n                            <div class = \"td-slider\">\r\n                                \r\n                    <div class = \"td-button td-item1\">\r\n                        <div class = \"td-border\"><\/div>\r\n                    <\/div>\r\n                    <div class = \"td-button td-item2\">\r\n                        <div class = \"td-border\"><\/div>\r\n                    <\/div>\r\n                    <div class = \"td-button td-item3\">\r\n                        <div class = \"td-border\"><\/div>\r\n                    <\/div>\r\n                    <div class = \"td-button td-item4\">\r\n                        <div class = \"td-border\"><\/div>\r\n                    <\/div>\r\n                    <div class = \"td-button td-item5\">\r\n                        <div class = \"td-border\"><\/div>\r\n                    <\/div>\r\n                    <div class = \"td-button td-item6\">\r\n                        <div class = \"td-border\"><\/div>\r\n                    <\/div>\r\n                    <div class = \"td-button td-item7\">\r\n                        <div class = \"td-border\"><\/div>\r\n                    <\/div>\r\n                    <div class = \"td-button td-item8\">\r\n                        <div class = \"td-border\"><\/div>\r\n                    <\/div>\r\n                    <div class = \"td-button td-item9\">\r\n                        <div class = \"td-border\"><\/div>\r\n                    <\/div>\r\n                    <div class = \"td-button td-item10\">\r\n                        <div class = \"td-border\"><\/div>\r\n                    <\/div>\r\n                            <\/div>\r\n                        <\/div>\r\n\r\n                    <\/div>\r\n\r\n                <\/div>\r\n                \n","protected":false},"excerpt":{"rendered":"<p>M\u00e1quinas foram adquiridas pela Prefeitura gra\u00e7as a uma emenda parlamentar do deputado, que atendeu reivindica\u00e7\u00e3o do vereador J\u00fanior.<\/p>\n","protected":false},"author":2,"featured_media":16291,"comment_status":"closed","ping_status":"closed","sticky":false,"template":"","format":"video","meta":{"jetpack_post_was_ever_published":false,"_jetpack_newsletter_access":"","_jetpack_dont_email_post_to_subs":false,"_jetpack_newsletter_tier_id":0,"_jetpack_memberships_contains_paywalled_content":false,"_jetpack_memberships_contains_paid_content":false,"footnotes":""},"categories":[2101,2097,10,12],"tags":[2132,2127,2368,2146],"class_list":{"0":"post-16290","1":"post","2":"type-post","3":"status-publish","4":"format-video","5":"has-post-thumbnail","7":"category-multimidia","8":"category-municipios-noticias","9":"category-noticias","10":"category-videos","11":"tag-agricultura-familiar","12":"tag-emenda-parlamentar","13":"tag-infraestrutura-rural","14":"tag-transporte-escolar","15":"post_format-post-format-video"},"yoast_head":"<!-- This site is optimized with the Yoast SEO plugin v27.4 - https:\/\/yoast.com\/product\/yoast-seo-wordpress\/ -->\n<title>Navira\u00ed recebe p\u00e1 carregadeira e escavadeira hidr\u00e1ulica viabilizadas por Vander<\/title>\n<meta name=\"description\" content=\"M\u00e1quinas foram adquiridas pela Prefeitura gra\u00e7as a uma emenda parlamentar do deputado, que atendeu reivindica\u00e7\u00e3o do vereador J\u00fanior.\" \/>\n<meta name=\"robots\" content=\"index, follow, max-snippet:-1, max-image-preview:large, max-video-preview:-1\" \/>\n<link rel=\"canonical\" href=\"https:\/\/vanderloubet.com.br\/deputado\/navirai-recebe-pa-carregadeira-e-escavadeira-hidraulica-viabilizadas-por-vander\/\" \/>\n<meta property=\"og:locale\" content=\"pt_BR\" \/>\n<meta property=\"og:type\" content=\"article\" \/>\n<meta property=\"og:title\" content=\"Navira\u00ed recebe p\u00e1 carregadeira e escavadeira hidr\u00e1ulica viabilizadas por Vander\" \/>\n<meta property=\"og:description\" content=\"M\u00e1quinas foram adquiridas pela Prefeitura gra\u00e7as a uma emenda parlamentar do deputado, que atendeu reivindica\u00e7\u00e3o do vereador J\u00fanior.\" \/>\n<meta property=\"og:url\" content=\"https:\/\/vanderloubet.com.br\/deputado\/navirai-recebe-pa-carregadeira-e-escavadeira-hidraulica-viabilizadas-por-vander\/\" \/>\n<meta property=\"og:site_name\" content=\"Deputado Federal Vander Loubet\" \/>\n<meta property=\"article:publisher\" content=\"https:\/\/facebook.com\/deputadovander\" \/>\n<meta property=\"article:published_time\" content=\"2019-12-23T19:34:32+00:00\" \/>\n<meta property=\"article:modified_time\" content=\"2019-12-23T21:38:58+00:00\" \/>\n<meta property=\"og:image\" content=\"https:\/\/vanderloubet.com.br\/deputado\/wp-content\/uploads\/2019\/12\/foto-2019-12-23-navirai-pa-carregadeira-escavadeira-1.jpg\" \/>\n\t<meta property=\"og:image:width\" content=\"960\" \/>\n\t<meta property=\"og:image:height\" content=\"720\" \/>\n\t<meta property=\"og:image:type\" content=\"image\/jpeg\" \/>\n<meta name=\"author\" content=\"\u00c9der\" \/>\n<meta name=\"twitter:card\" content=\"summary_large_image\" \/>\n<meta name=\"twitter:creator\" content=\"@vanderloubet\" \/>\n<meta name=\"twitter:site\" content=\"@vanderloubet\" \/>\n<script type=\"application\/ld+json\" class=\"yoast-schema-graph\">{\"@context\":\"https:\\\/\\\/schema.org\",\"@graph\":[{\"@type\":\"Article\",\"@id\":\"https:\\\/\\\/vanderloubet.com.br\\\/deputado\\\/navirai-recebe-pa-carregadeira-e-escavadeira-hidraulica-viabilizadas-por-vander\\\/#article\",\"isPartOf\":{\"@id\":\"https:\\\/\\\/vanderloubet.com.br\\\/deputado\\\/navirai-recebe-pa-carregadeira-e-escavadeira-hidraulica-viabilizadas-por-vander\\\/\"},\"author\":{\"name\":\"\u00c9der\",\"@id\":\"https:\\\/\\\/vanderloubet.com.br\\\/deputado\\\/#\\\/schema\\\/person\\\/15b51bd564532a8a68d9dec1b8eb890e\"},\"headline\":\"Navira\u00ed recebe p\u00e1 carregadeira e escavadeira hidr\u00e1ulica viabilizadas por Vander\",\"datePublished\":\"2019-12-23T19:34:32+00:00\",\"dateModified\":\"2019-12-23T21:38:58+00:00\",\"mainEntityOfPage\":{\"@id\":\"https:\\\/\\\/vanderloubet.com.br\\\/deputado\\\/navirai-recebe-pa-carregadeira-e-escavadeira-hidraulica-viabilizadas-por-vander\\\/\"},\"wordCount\":308,\"publisher\":{\"@id\":\"https:\\\/\\\/vanderloubet.com.br\\\/deputado\\\/#organization\"},\"image\":{\"@id\":\"https:\\\/\\\/vanderloubet.com.br\\\/deputado\\\/navirai-recebe-pa-carregadeira-e-escavadeira-hidraulica-viabilizadas-por-vander\\\/#primaryimage\"},\"thumbnailUrl\":\"https:\\\/\\\/vanderloubet.com.br\\\/deputado\\\/wp-content\\\/uploads\\\/2019\\\/12\\\/foto-2019-12-23-navirai-pa-carregadeira-escavadeira-1.jpg\",\"keywords\":[\"agricultura familiar\",\"emenda parlamentar\",\"infraestrutura rural\",\"transporte escolar\"],\"articleSection\":[\"Multim\u00eddia\",\"Munic\u00edpios\",\"Not\u00edcias\",\"V\u00eddeos\"],\"inLanguage\":\"pt-BR\"},{\"@type\":\"WebPage\",\"@id\":\"https:\\\/\\\/vanderloubet.com.br\\\/deputado\\\/navirai-recebe-pa-carregadeira-e-escavadeira-hidraulica-viabilizadas-por-vander\\\/\",\"url\":\"https:\\\/\\\/vanderloubet.com.br\\\/deputado\\\/navirai-recebe-pa-carregadeira-e-escavadeira-hidraulica-viabilizadas-por-vander\\\/\",\"name\":\"Navira\u00ed recebe p\u00e1 carregadeira e escavadeira hidr\u00e1ulica viabilizadas por Vander\",\"isPartOf\":{\"@id\":\"https:\\\/\\\/vanderloubet.com.br\\\/deputado\\\/#website\"},\"primaryImageOfPage\":{\"@id\":\"https:\\\/\\\/vanderloubet.com.br\\\/deputado\\\/navirai-recebe-pa-carregadeira-e-escavadeira-hidraulica-viabilizadas-por-vander\\\/#primaryimage\"},\"image\":{\"@id\":\"https:\\\/\\\/vanderloubet.com.br\\\/deputado\\\/navirai-recebe-pa-carregadeira-e-escavadeira-hidraulica-viabilizadas-por-vander\\\/#primaryimage\"},\"thumbnailUrl\":\"https:\\\/\\\/vanderloubet.com.br\\\/deputado\\\/wp-content\\\/uploads\\\/2019\\\/12\\\/foto-2019-12-23-navirai-pa-carregadeira-escavadeira-1.jpg\",\"datePublished\":\"2019-12-23T19:34:32+00:00\",\"dateModified\":\"2019-12-23T21:38:58+00:00\",\"description\":\"M\u00e1quinas foram adquiridas pela Prefeitura gra\u00e7as a uma emenda parlamentar do deputado, que atendeu reivindica\u00e7\u00e3o do vereador J\u00fanior.\",\"breadcrumb\":{\"@id\":\"https:\\\/\\\/vanderloubet.com.br\\\/deputado\\\/navirai-recebe-pa-carregadeira-e-escavadeira-hidraulica-viabilizadas-por-vander\\\/#breadcrumb\"},\"inLanguage\":\"pt-BR\",\"potentialAction\":[{\"@type\":\"ReadAction\",\"target\":[\"https:\\\/\\\/vanderloubet.com.br\\\/deputado\\\/navirai-recebe-pa-carregadeira-e-escavadeira-hidraulica-viabilizadas-por-vander\\\/\"]}]},{\"@type\":\"ImageObject\",\"inLanguage\":\"pt-BR\",\"@id\":\"https:\\\/\\\/vanderloubet.com.br\\\/deputado\\\/navirai-recebe-pa-carregadeira-e-escavadeira-hidraulica-viabilizadas-por-vander\\\/#primaryimage\",\"url\":\"https:\\\/\\\/vanderloubet.com.br\\\/deputado\\\/wp-content\\\/uploads\\\/2019\\\/12\\\/foto-2019-12-23-navirai-pa-carregadeira-escavadeira-1.jpg\",\"contentUrl\":\"https:\\\/\\\/vanderloubet.com.br\\\/deputado\\\/wp-content\\\/uploads\\\/2019\\\/12\\\/foto-2019-12-23-navirai-pa-carregadeira-escavadeira-1.jpg\",\"width\":960,\"height\":720,\"caption\":\"P\u00e1 carregadeira e escavadeira hidr\u00e1ulica foram adquiridas gra\u00e7as a emenda parlamentar do deputado Vander\"},{\"@type\":\"BreadcrumbList\",\"@id\":\"https:\\\/\\\/vanderloubet.com.br\\\/deputado\\\/navirai-recebe-pa-carregadeira-e-escavadeira-hidraulica-viabilizadas-por-vander\\\/#breadcrumb\",\"itemListElement\":[{\"@type\":\"ListItem\",\"position\":1,\"name\":\"In\u00edcio\",\"item\":\"https:\\\/\\\/vanderloubet.com.br\\\/deputado\\\/\"},{\"@type\":\"ListItem\",\"position\":2,\"name\":\"Navira\u00ed recebe p\u00e1 carregadeira e escavadeira hidr\u00e1ulica viabilizadas por Vander\"}]},{\"@type\":\"WebSite\",\"@id\":\"https:\\\/\\\/vanderloubet.com.br\\\/deputado\\\/#website\",\"url\":\"https:\\\/\\\/vanderloubet.com.br\\\/deputado\\\/\",\"name\":\"Deputado Federal Vander Loubet\",\"description\":\"O Federal de MS\",\"publisher\":{\"@id\":\"https:\\\/\\\/vanderloubet.com.br\\\/deputado\\\/#organization\"},\"alternateName\":\"Deputado Vander\",\"potentialAction\":[{\"@type\":\"SearchAction\",\"target\":{\"@type\":\"EntryPoint\",\"urlTemplate\":\"https:\\\/\\\/vanderloubet.com.br\\\/deputado\\\/?s={search_term_string}\"},\"query-input\":{\"@type\":\"PropertyValueSpecification\",\"valueRequired\":true,\"valueName\":\"search_term_string\"}}],\"inLanguage\":\"pt-BR\"},{\"@type\":\"Organization\",\"@id\":\"https:\\\/\\\/vanderloubet.com.br\\\/deputado\\\/#organization\",\"name\":\"Deputado Federal Vander Loubet\",\"alternateName\":\"Deputado Vander\",\"url\":\"https:\\\/\\\/vanderloubet.com.br\\\/deputado\\\/\",\"logo\":{\"@type\":\"ImageObject\",\"inLanguage\":\"pt-BR\",\"@id\":\"https:\\\/\\\/vanderloubet.com.br\\\/deputado\\\/#\\\/schema\\\/logo\\\/image\\\/\",\"url\":\"https:\\\/\\\/vanderloubet.com.br\\\/deputado\\\/wp-content\\\/uploads\\\/2023\\\/06\\\/foto-2023-06-19-mandato-deputado-vander.jpg\",\"contentUrl\":\"https:\\\/\\\/vanderloubet.com.br\\\/deputado\\\/wp-content\\\/uploads\\\/2023\\\/06\\\/foto-2023-06-19-mandato-deputado-vander.jpg\",\"width\":1080,\"height\":1080,\"caption\":\"Deputado Federal Vander Loubet\"},\"image\":{\"@id\":\"https:\\\/\\\/vanderloubet.com.br\\\/deputado\\\/#\\\/schema\\\/logo\\\/image\\\/\"},\"sameAs\":[\"https:\\\/\\\/facebook.com\\\/deputadovander\",\"https:\\\/\\\/x.com\\\/vanderloubet\",\"https:\\\/\\\/instagram.com\\\/vanderloubet\",\"https:\\\/\\\/youtube.com\\\/vanderloubet\",\"https:\\\/\\\/tiktok.com\\\/@vanderloubetms\"]},{\"@type\":\"Person\",\"@id\":\"https:\\\/\\\/vanderloubet.com.br\\\/deputado\\\/#\\\/schema\\\/person\\\/15b51bd564532a8a68d9dec1b8eb890e\",\"name\":\"\u00c9der\",\"image\":{\"@type\":\"ImageObject\",\"inLanguage\":\"pt-BR\",\"@id\":\"https:\\\/\\\/vanderloubet.com.br\\\/deputado\\\/wp-content\\\/litespeed\\\/avatar\\\/88ca4090d9d5ab1c9495f6ca03b68efa.jpg?ver=1777058957\",\"url\":\"https:\\\/\\\/vanderloubet.com.br\\\/deputado\\\/wp-content\\\/litespeed\\\/avatar\\\/88ca4090d9d5ab1c9495f6ca03b68efa.jpg?ver=1777058957\",\"contentUrl\":\"https:\\\/\\\/vanderloubet.com.br\\\/deputado\\\/wp-content\\\/litespeed\\\/avatar\\\/88ca4090d9d5ab1c9495f6ca03b68efa.jpg?ver=1777058957\",\"caption\":\"\u00c9der\"}}]}<\/script>\n<!-- \/ Yoast SEO plugin. -->","yoast_head_json":{"title":"Navira\u00ed recebe p\u00e1 carregadeira e escavadeira hidr\u00e1ulica viabilizadas por Vander","description":"M\u00e1quinas foram adquiridas pela Prefeitura gra\u00e7as a uma emenda parlamentar do deputado, que atendeu reivindica\u00e7\u00e3o do vereador J\u00fanior.","robots":{"index":"index","follow":"follow","max-snippet":"max-snippet:-1","max-image-preview":"max-image-preview:large","max-video-preview":"max-video-preview:-1"},"canonical":"https:\/\/vanderloubet.com.br\/deputado\/navirai-recebe-pa-carregadeira-e-escavadeira-hidraulica-viabilizadas-por-vander\/","og_locale":"pt_BR","og_type":"article","og_title":"Navira\u00ed recebe p\u00e1 carregadeira e escavadeira hidr\u00e1ulica viabilizadas por Vander","og_description":"M\u00e1quinas foram adquiridas pela Prefeitura gra\u00e7as a uma emenda parlamentar do deputado, que atendeu reivindica\u00e7\u00e3o do vereador J\u00fanior.","og_url":"https:\/\/vanderloubet.com.br\/deputado\/navirai-recebe-pa-carregadeira-e-escavadeira-hidraulica-viabilizadas-por-vander\/","og_site_name":"Deputado Federal Vander Loubet","article_publisher":"https:\/\/facebook.com\/deputadovander","article_published_time":"2019-12-23T19:34:32+00:00","article_modified_time":"2019-12-23T21:38:58+00:00","og_image":[{"width":960,"height":720,"url":"https:\/\/vanderloubet.com.br\/deputado\/wp-content\/uploads\/2019\/12\/foto-2019-12-23-navirai-pa-carregadeira-escavadeira-1.jpg","type":"image\/jpeg"}],"author":"\u00c9der","twitter_card":"summary_large_image","twitter_creator":"@vanderloubet","twitter_site":"@vanderloubet","schema":{"@context":"https:\/\/schema.org","@graph":[{"@type":"Article","@id":"https:\/\/vanderloubet.com.br\/deputado\/navirai-recebe-pa-carregadeira-e-escavadeira-hidraulica-viabilizadas-por-vander\/#article","isPartOf":{"@id":"https:\/\/vanderloubet.com.br\/deputado\/navirai-recebe-pa-carregadeira-e-escavadeira-hidraulica-viabilizadas-por-vander\/"},"author":{"name":"\u00c9der","@id":"https:\/\/vanderloubet.com.br\/deputado\/#\/schema\/person\/15b51bd564532a8a68d9dec1b8eb890e"},"headline":"Navira\u00ed recebe p\u00e1 carregadeira e escavadeira hidr\u00e1ulica viabilizadas por Vander","datePublished":"2019-12-23T19:34:32+00:00","dateModified":"2019-12-23T21:38:58+00:00","mainEntityOfPage":{"@id":"https:\/\/vanderloubet.com.br\/deputado\/navirai-recebe-pa-carregadeira-e-escavadeira-hidraulica-viabilizadas-por-vander\/"},"wordCount":308,"publisher":{"@id":"https:\/\/vanderloubet.com.br\/deputado\/#organization"},"image":{"@id":"https:\/\/vanderloubet.com.br\/deputado\/navirai-recebe-pa-carregadeira-e-escavadeira-hidraulica-viabilizadas-por-vander\/#primaryimage"},"thumbnailUrl":"https:\/\/vanderloubet.com.br\/deputado\/wp-content\/uploads\/2019\/12\/foto-2019-12-23-navirai-pa-carregadeira-escavadeira-1.jpg","keywords":["agricultura familiar","emenda parlamentar","infraestrutura rural","transporte escolar"],"articleSection":["Multim\u00eddia","Munic\u00edpios","Not\u00edcias","V\u00eddeos"],"inLanguage":"pt-BR"},{"@type":"WebPage","@id":"https:\/\/vanderloubet.com.br\/deputado\/navirai-recebe-pa-carregadeira-e-escavadeira-hidraulica-viabilizadas-por-vander\/","url":"https:\/\/vanderloubet.com.br\/deputado\/navirai-recebe-pa-carregadeira-e-escavadeira-hidraulica-viabilizadas-por-vander\/","name":"Navira\u00ed recebe p\u00e1 carregadeira e escavadeira hidr\u00e1ulica viabilizadas por Vander","isPartOf":{"@id":"https:\/\/vanderloubet.com.br\/deputado\/#website"},"primaryImageOfPage":{"@id":"https:\/\/vanderloubet.com.br\/deputado\/navirai-recebe-pa-carregadeira-e-escavadeira-hidraulica-viabilizadas-por-vander\/#primaryimage"},"image":{"@id":"https:\/\/vanderloubet.com.br\/deputado\/navirai-recebe-pa-carregadeira-e-escavadeira-hidraulica-viabilizadas-por-vander\/#primaryimage"},"thumbnailUrl":"https:\/\/vanderloubet.com.br\/deputado\/wp-content\/uploads\/2019\/12\/foto-2019-12-23-navirai-pa-carregadeira-escavadeira-1.jpg","datePublished":"2019-12-23T19:34:32+00:00","dateModified":"2019-12-23T21:38:58+00:00","description":"M\u00e1quinas foram adquiridas pela Prefeitura gra\u00e7as a uma emenda parlamentar do deputado, que atendeu reivindica\u00e7\u00e3o do vereador J\u00fanior.","breadcrumb":{"@id":"https:\/\/vanderloubet.com.br\/deputado\/navirai-recebe-pa-carregadeira-e-escavadeira-hidraulica-viabilizadas-por-vander\/#breadcrumb"},"inLanguage":"pt-BR","potentialAction":[{"@type":"ReadAction","target":["https:\/\/vanderloubet.com.br\/deputado\/navirai-recebe-pa-carregadeira-e-escavadeira-hidraulica-viabilizadas-por-vander\/"]}]},{"@type":"ImageObject","inLanguage":"pt-BR","@id":"https:\/\/vanderloubet.com.br\/deputado\/navirai-recebe-pa-carregadeira-e-escavadeira-hidraulica-viabilizadas-por-vander\/#primaryimage","url":"https:\/\/vanderloubet.com.br\/deputado\/wp-content\/uploads\/2019\/12\/foto-2019-12-23-navirai-pa-carregadeira-escavadeira-1.jpg","contentUrl":"https:\/\/vanderloubet.com.br\/deputado\/wp-content\/uploads\/2019\/12\/foto-2019-12-23-navirai-pa-carregadeira-escavadeira-1.jpg","width":960,"height":720,"caption":"P\u00e1 carregadeira e escavadeira hidr\u00e1ulica foram adquiridas gra\u00e7as a emenda parlamentar do deputado Vander"},{"@type":"BreadcrumbList","@id":"https:\/\/vanderloubet.com.br\/deputado\/navirai-recebe-pa-carregadeira-e-escavadeira-hidraulica-viabilizadas-por-vander\/#breadcrumb","itemListElement":[{"@type":"ListItem","position":1,"name":"In\u00edcio","item":"https:\/\/vanderloubet.com.br\/deputado\/"},{"@type":"ListItem","position":2,"name":"Navira\u00ed recebe p\u00e1 carregadeira e escavadeira hidr\u00e1ulica viabilizadas por Vander"}]},{"@type":"WebSite","@id":"https:\/\/vanderloubet.com.br\/deputado\/#website","url":"https:\/\/vanderloubet.com.br\/deputado\/","name":"Deputado Federal Vander Loubet","description":"O Federal de MS","publisher":{"@id":"https:\/\/vanderloubet.com.br\/deputado\/#organization"},"alternateName":"Deputado Vander","potentialAction":[{"@type":"SearchAction","target":{"@type":"EntryPoint","urlTemplate":"https:\/\/vanderloubet.com.br\/deputado\/?s={search_term_string}"},"query-input":{"@type":"PropertyValueSpecification","valueRequired":true,"valueName":"search_term_string"}}],"inLanguage":"pt-BR"},{"@type":"Organization","@id":"https:\/\/vanderloubet.com.br\/deputado\/#organization","name":"Deputado Federal Vander Loubet","alternateName":"Deputado Vander","url":"https:\/\/vanderloubet.com.br\/deputado\/","logo":{"@type":"ImageObject","inLanguage":"pt-BR","@id":"https:\/\/vanderloubet.com.br\/deputado\/#\/schema\/logo\/image\/","url":"https:\/\/vanderloubet.com.br\/deputado\/wp-content\/uploads\/2023\/06\/foto-2023-06-19-mandato-deputado-vander.jpg","contentUrl":"https:\/\/vanderloubet.com.br\/deputado\/wp-content\/uploads\/2023\/06\/foto-2023-06-19-mandato-deputado-vander.jpg","width":1080,"height":1080,"caption":"Deputado Federal Vander Loubet"},"image":{"@id":"https:\/\/vanderloubet.com.br\/deputado\/#\/schema\/logo\/image\/"},"sameAs":["https:\/\/facebook.com\/deputadovander","https:\/\/x.com\/vanderloubet","https:\/\/instagram.com\/vanderloubet","https:\/\/youtube.com\/vanderloubet","https:\/\/tiktok.com\/@vanderloubetms"]},{"@type":"Person","@id":"https:\/\/vanderloubet.com.br\/deputado\/#\/schema\/person\/15b51bd564532a8a68d9dec1b8eb890e","name":"\u00c9der","image":{"@type":"ImageObject","inLanguage":"pt-BR","@id":"https:\/\/vanderloubet.com.br\/deputado\/wp-content\/litespeed\/avatar\/88ca4090d9d5ab1c9495f6ca03b68efa.jpg?ver=1777058957","url":"https:\/\/vanderloubet.com.br\/deputado\/wp-content\/litespeed\/avatar\/88ca4090d9d5ab1c9495f6ca03b68efa.jpg?ver=1777058957","contentUrl":"https:\/\/vanderloubet.com.br\/deputado\/wp-content\/litespeed\/avatar\/88ca4090d9d5ab1c9495f6ca03b68efa.jpg?ver=1777058957","caption":"\u00c9der"}}]}},"jetpack_featured_media_url":"https:\/\/vanderloubet.com.br\/deputado\/wp-content\/uploads\/2019\/12\/foto-2019-12-23-navirai-pa-carregadeira-escavadeira-1.jpg","jetpack_sharing_enabled":true,"_links":{"self":[{"href":"https:\/\/vanderloubet.com.br\/deputado\/wp-json\/wp\/v2\/posts\/16290","targetHints":{"allow":["GET"]}}],"collection":[{"href":"https:\/\/vanderloubet.com.br\/deputado\/wp-json\/wp\/v2\/posts"}],"about":[{"href":"https:\/\/vanderloubet.com.br\/deputado\/wp-json\/wp\/v2\/types\/post"}],"author":[{"embeddable":true,"href":"https:\/\/vanderloubet.com.br\/deputado\/wp-json\/wp\/v2\/users\/2"}],"replies":[{"embeddable":true,"href":"https:\/\/vanderloubet.com.br\/deputado\/wp-json\/wp\/v2\/comments?post=16290"}],"version-history":[{"count":0,"href":"https:\/\/vanderloubet.com.br\/deputado\/wp-json\/wp\/v2\/posts\/16290\/revisions"}],"wp:featuredmedia":[{"embeddable":true,"href":"https:\/\/vanderloubet.com.br\/deputado\/wp-json\/wp\/v2\/media\/16291"}],"wp:attachment":[{"href":"https:\/\/vanderloubet.com.br\/deputado\/wp-json\/wp\/v2\/media?parent=16290"}],"wp:term":[{"taxonomy":"category","embeddable":true,"href":"https:\/\/vanderloubet.com.br\/deputado\/wp-json\/wp\/v2\/categories?post=16290"},{"taxonomy":"post_tag","embeddable":true,"href":"https:\/\/vanderloubet.com.br\/deputado\/wp-json\/wp\/v2\/tags?post=16290"}],"curies":[{"name":"wp","href":"https:\/\/api.w.org\/{rel}","templated":true}]}}