{"id":16274,"date":"2019-12-17T20:56:37","date_gmt":"2019-12-18T00:56:37","guid":{"rendered":"http:\/\/vanderloubet.com.br\/deputado\/?p=16274"},"modified":"2022-07-27T21:00:03","modified_gmt":"2022-07-28T01:00:03","slug":"com-apoio-de-vander-e-zeca-pesquisas-sobre-o-corredor-bioceanico-aceleram-na-ufms","status":"publish","type":"post","link":"https:\/\/vanderloubet.com.br\/deputado\/com-apoio-de-vander-e-zeca-pesquisas-sobre-o-corredor-bioceanico-aceleram-na-ufms\/","title":{"rendered":"Com apoio de Vander e Zeca, pesquisas sobre o Corredor Bioce\u00e2nico aceleram na UFMS"},"content":{"rendered":"<p>Em reuni\u00e3o com pesquisadores na Universidade Federal de Mato Grosso do Sul (UFMS), o mandato do deputado federal Vander Loubet acelerou as pesquisas sobre o Corredor Bioce\u00e2nico, projeto na Universidade que far\u00e1 um estudo a respeito dos seus impactos e oportunidades em Mato Grosso do Sul, com incentivo por meio de emenda parlamentar viabilizada por Vander em parceria com o ex-deputado federal Zeca do PT.<\/p>\n<p>Percorrendo rodovias de v\u00e1rias cidades de Mato Grosso do Sul e os pa\u00edses Paraguai, Argentina, Brasil e Chile, o Corredor facilitar\u00e1 o transporte e a integra\u00e7\u00e3o cultural entre estas regi\u00f5es. Durante a conversa, foi poss\u00edvel adquirir novos conhecimentos sobre os locais que a rota prev\u00ea, al\u00e9m identificar problemas e solu\u00e7\u00f5es junto aos pesquisadores.<\/p>\n<p>O coordenador do projeto, professor doutor Erick Wilke, viajou pela rota e apresentou durante o encontro imagens e mapas sobre as regi\u00f5es, falando das particularidades de cada uma. Alguns locais visitados foram os portos de Antofagasta e Iquique, e as cidades Calama e San Pedro de Atacama no Chile; Passo de Jama, montanha pelos Andes entre o Chile e a Argentina; San Salvador de Jujuy, na Argentina; entre outros locais. As informa\u00e7\u00f5es s\u00e3o necess\u00e1rias para que estrat\u00e9gias sejam pensadas de acordo com a pluralidade geogr\u00e1fica destes lugares, como o clima, relevos montanhosos e regi\u00f5es des\u00e9rticas em alguns deles.<\/p>\n<figure id=\"attachment_16276\" aria-describedby=\"caption-attachment-16276\" style=\"width: 696px\" class=\"wp-caption alignnone\"><img decoding=\"async\" class=\"size-large wp-image-16276\" src=\"http:\/\/vanderloubet.com.br\/deputado\/wp-content\/uploads\/2019\/12\/IMG_2708-700x467.jpg\" alt=\"\" width=\"696\" height=\"464\" srcset=\"https:\/\/vanderloubet.com.br\/deputado\/wp-content\/uploads\/2019\/12\/IMG_2708-700x467.jpg 700w, https:\/\/vanderloubet.com.br\/deputado\/wp-content\/uploads\/2019\/12\/IMG_2708-2048x1365.jpg 2048w, https:\/\/vanderloubet.com.br\/deputado\/wp-content\/uploads\/2019\/12\/IMG_2708-350x233.jpg 350w, https:\/\/vanderloubet.com.br\/deputado\/wp-content\/uploads\/2019\/12\/IMG_2708-768x512.jpg 768w, https:\/\/vanderloubet.com.br\/deputado\/wp-content\/uploads\/2019\/12\/IMG_2708-1536x1024.jpg 1536w, https:\/\/vanderloubet.com.br\/deputado\/wp-content\/uploads\/2019\/12\/IMG_2708-630x420.jpg 630w, https:\/\/vanderloubet.com.br\/deputado\/wp-content\/uploads\/2019\/12\/IMG_2708-696x464.jpg 696w, https:\/\/vanderloubet.com.br\/deputado\/wp-content\/uploads\/2019\/12\/IMG_2708-1068x712.jpg 1068w\" sizes=\"(max-width: 696px) 100vw, 696px\" \/><figcaption id=\"caption-attachment-16276\" class=\"wp-caption-text\">Pesquisadores em reuni\u00e3o sobre o Corredor Bioce\u00e2nico. Foto: Carol Caco\/Ascom Dep. Vander Loubet<\/figcaption><\/figure>\n<p>Durante a reuni\u00e3o, o deputado Vander foi representado pelo chefe do gabinete em Bras\u00edlia, professor Ido Michels e estiveram presentes o assessor parlamentar Valteci de Castro (Mineiro), o professor Francisco Bayardo Mayorquim do Curso de Engenharia de Produ\u00e7\u00e3o da UFMS, a professora D\u00e9bora Fittipaldi Gon\u00e7alves do Curso de Turismo da Universidade Estadual de Mato Grosso do Sul (UEMS), a professora Ynes F\u00e9lix da Faculdade de Direito (FADIR) da UFMS, a professora Luciane Cristina Carvalho da <span class=\"st\">Escola de Administra\u00e7\u00e3o e Neg\u00f3cios (ESAN)<\/span> da UFMS, o professor Roberto Meurer da Universidade Federal de Santa Catarina (UFSC) e o professor e historiador Eronildo Barbosa da Silva.<\/p>\n<p><em>Carol Caco<br \/>\n<\/em><\/p>\n","protected":false},"excerpt":{"rendered":"<p>Em reuni\u00e3o com pesquisadores na Universidade Federal de Mato Grosso do Sul (UFMS), o mandato do deputado federal Vander Loubet acelerou as pesquisas sobre o Corredor Bioce\u00e2nico, projeto na Universidade que far\u00e1 um estudo a respeito dos seus impactos e oportunidades em Mato Grosso do Sul, com incentivo por meio de emenda parlamentar viabilizada por [&hellip;]<\/p>\n","protected":false},"author":2,"featured_media":16275,"comment_status":"closed","ping_status":"closed","sticky":false,"template":"","format":"standard","meta":{"jetpack_post_was_ever_published":false,"_jetpack_newsletter_access":"","_jetpack_dont_email_post_to_subs":false,"_jetpack_newsletter_tier_id":0,"_jetpack_memberships_contains_paywalled_content":false,"_jetpack_memberships_contains_paid_content":false,"footnotes":""},"categories":[2099,10],"tags":[2423,2436,1538,2002],"class_list":{"0":"post-16274","1":"post","2":"type-post","3":"status-publish","4":"format-standard","5":"has-post-thumbnail","7":"category-ms-noticias","8":"category-noticias","9":"tag-corredor-bioceanico","10":"tag-mato-grosso-do-sul","11":"tag-pesquisa","12":"tag-ufms"},"yoast_head":"<!-- This site is optimized with the Yoast SEO plugin v27.4 - https:\/\/yoast.com\/product\/yoast-seo-wordpress\/ -->\n<title>Com apoio de Vander e Zeca, pesquisas sobre o Corredor Bioce\u00e2nico aceleram na UFMS<\/title>\n<meta name=\"robots\" content=\"index, follow, max-snippet:-1, max-image-preview:large, max-video-preview:-1\" \/>\n<link rel=\"canonical\" href=\"https:\/\/vanderloubet.com.br\/deputado\/com-apoio-de-vander-e-zeca-pesquisas-sobre-o-corredor-bioceanico-aceleram-na-ufms\/\" \/>\n<meta property=\"og:locale\" content=\"pt_BR\" \/>\n<meta property=\"og:type\" content=\"article\" \/>\n<meta property=\"og:title\" content=\"Com apoio de Vander e Zeca, pesquisas sobre o Corredor Bioce\u00e2nico aceleram na UFMS\" \/>\n<meta property=\"og:description\" content=\"Em reuni\u00e3o com pesquisadores na Universidade Federal de Mato Grosso do Sul (UFMS), o mandato do deputado federal Vander Loubet acelerou as pesquisas sobre o Corredor Bioce\u00e2nico, projeto na Universidade que far\u00e1 um estudo a respeito dos seus impactos e oportunidades em Mato Grosso do Sul, com incentivo por meio de emenda parlamentar viabilizada por [&hellip;]\" \/>\n<meta property=\"og:url\" content=\"https:\/\/vanderloubet.com.br\/deputado\/com-apoio-de-vander-e-zeca-pesquisas-sobre-o-corredor-bioceanico-aceleram-na-ufms\/\" \/>\n<meta property=\"og:site_name\" content=\"Deputado Federal Vander Loubet\" \/>\n<meta property=\"article:publisher\" content=\"https:\/\/facebook.com\/deputadovander\" \/>\n<meta property=\"article:published_time\" content=\"2019-12-18T00:56:37+00:00\" \/>\n<meta property=\"article:modified_time\" content=\"2022-07-28T01:00:03+00:00\" \/>\n<meta property=\"og:image\" content=\"https:\/\/vanderloubet.com.br\/deputado\/wp-content\/uploads\/2019\/12\/IMG_2707-scaled.jpg\" \/>\n\t<meta property=\"og:image:width\" content=\"2560\" \/>\n\t<meta property=\"og:image:height\" content=\"1707\" \/>\n\t<meta property=\"og:image:type\" content=\"image\/jpeg\" \/>\n<meta name=\"author\" content=\"\u00c9der\" \/>\n<meta name=\"twitter:card\" content=\"summary_large_image\" \/>\n<meta name=\"twitter:creator\" content=\"@vanderloubet\" \/>\n<meta name=\"twitter:site\" content=\"@vanderloubet\" \/>\n<script type=\"application\/ld+json\" class=\"yoast-schema-graph\">{\"@context\":\"https:\\\/\\\/schema.org\",\"@graph\":[{\"@type\":\"Article\",\"@id\":\"https:\\\/\\\/vanderloubet.com.br\\\/deputado\\\/com-apoio-de-vander-e-zeca-pesquisas-sobre-o-corredor-bioceanico-aceleram-na-ufms\\\/#article\",\"isPartOf\":{\"@id\":\"https:\\\/\\\/vanderloubet.com.br\\\/deputado\\\/com-apoio-de-vander-e-zeca-pesquisas-sobre-o-corredor-bioceanico-aceleram-na-ufms\\\/\"},\"author\":{\"name\":\"\u00c9der\",\"@id\":\"https:\\\/\\\/vanderloubet.com.br\\\/deputado\\\/#\\\/schema\\\/person\\\/15b51bd564532a8a68d9dec1b8eb890e\"},\"headline\":\"Com apoio de Vander e Zeca, pesquisas sobre o Corredor Bioce\u00e2nico aceleram na UFMS\",\"datePublished\":\"2019-12-18T00:56:37+00:00\",\"dateModified\":\"2022-07-28T01:00:03+00:00\",\"mainEntityOfPage\":{\"@id\":\"https:\\\/\\\/vanderloubet.com.br\\\/deputado\\\/com-apoio-de-vander-e-zeca-pesquisas-sobre-o-corredor-bioceanico-aceleram-na-ufms\\\/\"},\"wordCount\":384,\"publisher\":{\"@id\":\"https:\\\/\\\/vanderloubet.com.br\\\/deputado\\\/#organization\"},\"image\":{\"@id\":\"https:\\\/\\\/vanderloubet.com.br\\\/deputado\\\/com-apoio-de-vander-e-zeca-pesquisas-sobre-o-corredor-bioceanico-aceleram-na-ufms\\\/#primaryimage\"},\"thumbnailUrl\":\"https:\\\/\\\/vanderloubet.com.br\\\/deputado\\\/wp-content\\\/uploads\\\/2019\\\/12\\\/IMG_2707-scaled.jpg\",\"keywords\":[\"corredor bioce\u00e2nico\",\"mato grosso do sul\",\"pesquisa\",\"ufms\"],\"articleSection\":[\"Mato Grosso do Sul\",\"Not\u00edcias\"],\"inLanguage\":\"pt-BR\"},{\"@type\":\"WebPage\",\"@id\":\"https:\\\/\\\/vanderloubet.com.br\\\/deputado\\\/com-apoio-de-vander-e-zeca-pesquisas-sobre-o-corredor-bioceanico-aceleram-na-ufms\\\/\",\"url\":\"https:\\\/\\\/vanderloubet.com.br\\\/deputado\\\/com-apoio-de-vander-e-zeca-pesquisas-sobre-o-corredor-bioceanico-aceleram-na-ufms\\\/\",\"name\":\"Com apoio de Vander e Zeca, pesquisas sobre o Corredor Bioce\u00e2nico aceleram na UFMS\",\"isPartOf\":{\"@id\":\"https:\\\/\\\/vanderloubet.com.br\\\/deputado\\\/#website\"},\"primaryImageOfPage\":{\"@id\":\"https:\\\/\\\/vanderloubet.com.br\\\/deputado\\\/com-apoio-de-vander-e-zeca-pesquisas-sobre-o-corredor-bioceanico-aceleram-na-ufms\\\/#primaryimage\"},\"image\":{\"@id\":\"https:\\\/\\\/vanderloubet.com.br\\\/deputado\\\/com-apoio-de-vander-e-zeca-pesquisas-sobre-o-corredor-bioceanico-aceleram-na-ufms\\\/#primaryimage\"},\"thumbnailUrl\":\"https:\\\/\\\/vanderloubet.com.br\\\/deputado\\\/wp-content\\\/uploads\\\/2019\\\/12\\\/IMG_2707-scaled.jpg\",\"datePublished\":\"2019-12-18T00:56:37+00:00\",\"dateModified\":\"2022-07-28T01:00:03+00:00\",\"breadcrumb\":{\"@id\":\"https:\\\/\\\/vanderloubet.com.br\\\/deputado\\\/com-apoio-de-vander-e-zeca-pesquisas-sobre-o-corredor-bioceanico-aceleram-na-ufms\\\/#breadcrumb\"},\"inLanguage\":\"pt-BR\",\"potentialAction\":[{\"@type\":\"ReadAction\",\"target\":[\"https:\\\/\\\/vanderloubet.com.br\\\/deputado\\\/com-apoio-de-vander-e-zeca-pesquisas-sobre-o-corredor-bioceanico-aceleram-na-ufms\\\/\"]}]},{\"@type\":\"ImageObject\",\"inLanguage\":\"pt-BR\",\"@id\":\"https:\\\/\\\/vanderloubet.com.br\\\/deputado\\\/com-apoio-de-vander-e-zeca-pesquisas-sobre-o-corredor-bioceanico-aceleram-na-ufms\\\/#primaryimage\",\"url\":\"https:\\\/\\\/vanderloubet.com.br\\\/deputado\\\/wp-content\\\/uploads\\\/2019\\\/12\\\/IMG_2707-scaled.jpg\",\"contentUrl\":\"https:\\\/\\\/vanderloubet.com.br\\\/deputado\\\/wp-content\\\/uploads\\\/2019\\\/12\\\/IMG_2707-scaled.jpg\",\"width\":2560,\"height\":1707,\"caption\":\"Pesquisadores discutem Corredor Bioce\u00e2nico na UFMS\"},{\"@type\":\"BreadcrumbList\",\"@id\":\"https:\\\/\\\/vanderloubet.com.br\\\/deputado\\\/com-apoio-de-vander-e-zeca-pesquisas-sobre-o-corredor-bioceanico-aceleram-na-ufms\\\/#breadcrumb\",\"itemListElement\":[{\"@type\":\"ListItem\",\"position\":1,\"name\":\"In\u00edcio\",\"item\":\"https:\\\/\\\/vanderloubet.com.br\\\/deputado\\\/\"},{\"@type\":\"ListItem\",\"position\":2,\"name\":\"Com apoio de Vander e Zeca, pesquisas sobre o Corredor Bioce\u00e2nico aceleram na UFMS\"}]},{\"@type\":\"WebSite\",\"@id\":\"https:\\\/\\\/vanderloubet.com.br\\\/deputado\\\/#website\",\"url\":\"https:\\\/\\\/vanderloubet.com.br\\\/deputado\\\/\",\"name\":\"Deputado Federal Vander Loubet\",\"description\":\"O Federal de MS\",\"publisher\":{\"@id\":\"https:\\\/\\\/vanderloubet.com.br\\\/deputado\\\/#organization\"},\"alternateName\":\"Deputado Vander\",\"potentialAction\":[{\"@type\":\"SearchAction\",\"target\":{\"@type\":\"EntryPoint\",\"urlTemplate\":\"https:\\\/\\\/vanderloubet.com.br\\\/deputado\\\/?s={search_term_string}\"},\"query-input\":{\"@type\":\"PropertyValueSpecification\",\"valueRequired\":true,\"valueName\":\"search_term_string\"}}],\"inLanguage\":\"pt-BR\"},{\"@type\":\"Organization\",\"@id\":\"https:\\\/\\\/vanderloubet.com.br\\\/deputado\\\/#organization\",\"name\":\"Deputado Federal Vander Loubet\",\"alternateName\":\"Deputado Vander\",\"url\":\"https:\\\/\\\/vanderloubet.com.br\\\/deputado\\\/\",\"logo\":{\"@type\":\"ImageObject\",\"inLanguage\":\"pt-BR\",\"@id\":\"https:\\\/\\\/vanderloubet.com.br\\\/deputado\\\/#\\\/schema\\\/logo\\\/image\\\/\",\"url\":\"https:\\\/\\\/vanderloubet.com.br\\\/deputado\\\/wp-content\\\/uploads\\\/2023\\\/06\\\/foto-2023-06-19-mandato-deputado-vander.jpg\",\"contentUrl\":\"https:\\\/\\\/vanderloubet.com.br\\\/deputado\\\/wp-content\\\/uploads\\\/2023\\\/06\\\/foto-2023-06-19-mandato-deputado-vander.jpg\",\"width\":1080,\"height\":1080,\"caption\":\"Deputado Federal Vander Loubet\"},\"image\":{\"@id\":\"https:\\\/\\\/vanderloubet.com.br\\\/deputado\\\/#\\\/schema\\\/logo\\\/image\\\/\"},\"sameAs\":[\"https:\\\/\\\/facebook.com\\\/deputadovander\",\"https:\\\/\\\/x.com\\\/vanderloubet\",\"https:\\\/\\\/instagram.com\\\/vanderloubet\",\"https:\\\/\\\/youtube.com\\\/vanderloubet\",\"https:\\\/\\\/tiktok.com\\\/@vanderloubetms\"]},{\"@type\":\"Person\",\"@id\":\"https:\\\/\\\/vanderloubet.com.br\\\/deputado\\\/#\\\/schema\\\/person\\\/15b51bd564532a8a68d9dec1b8eb890e\",\"name\":\"\u00c9der\",\"image\":{\"@type\":\"ImageObject\",\"inLanguage\":\"pt-BR\",\"@id\":\"https:\\\/\\\/vanderloubet.com.br\\\/deputado\\\/wp-content\\\/litespeed\\\/avatar\\\/88ca4090d9d5ab1c9495f6ca03b68efa.jpg?ver=1777058957\",\"url\":\"https:\\\/\\\/vanderloubet.com.br\\\/deputado\\\/wp-content\\\/litespeed\\\/avatar\\\/88ca4090d9d5ab1c9495f6ca03b68efa.jpg?ver=1777058957\",\"contentUrl\":\"https:\\\/\\\/vanderloubet.com.br\\\/deputado\\\/wp-content\\\/litespeed\\\/avatar\\\/88ca4090d9d5ab1c9495f6ca03b68efa.jpg?ver=1777058957\",\"caption\":\"\u00c9der\"}}]}<\/script>\n<!-- \/ Yoast SEO plugin. -->","yoast_head_json":{"title":"Com apoio de Vander e Zeca, pesquisas sobre o Corredor Bioce\u00e2nico aceleram na UFMS","robots":{"index":"index","follow":"follow","max-snippet":"max-snippet:-1","max-image-preview":"max-image-preview:large","max-video-preview":"max-video-preview:-1"},"canonical":"https:\/\/vanderloubet.com.br\/deputado\/com-apoio-de-vander-e-zeca-pesquisas-sobre-o-corredor-bioceanico-aceleram-na-ufms\/","og_locale":"pt_BR","og_type":"article","og_title":"Com apoio de Vander e Zeca, pesquisas sobre o Corredor Bioce\u00e2nico aceleram na UFMS","og_description":"Em reuni\u00e3o com pesquisadores na Universidade Federal de Mato Grosso do Sul (UFMS), o mandato do deputado federal Vander Loubet acelerou as pesquisas sobre o Corredor Bioce\u00e2nico, projeto na Universidade que far\u00e1 um estudo a respeito dos seus impactos e oportunidades em Mato Grosso do Sul, com incentivo por meio de emenda parlamentar viabilizada por [&hellip;]","og_url":"https:\/\/vanderloubet.com.br\/deputado\/com-apoio-de-vander-e-zeca-pesquisas-sobre-o-corredor-bioceanico-aceleram-na-ufms\/","og_site_name":"Deputado Federal Vander Loubet","article_publisher":"https:\/\/facebook.com\/deputadovander","article_published_time":"2019-12-18T00:56:37+00:00","article_modified_time":"2022-07-28T01:00:03+00:00","og_image":[{"width":2560,"height":1707,"url":"https:\/\/vanderloubet.com.br\/deputado\/wp-content\/uploads\/2019\/12\/IMG_2707-scaled.jpg","type":"image\/jpeg"}],"author":"\u00c9der","twitter_card":"summary_large_image","twitter_creator":"@vanderloubet","twitter_site":"@vanderloubet","schema":{"@context":"https:\/\/schema.org","@graph":[{"@type":"Article","@id":"https:\/\/vanderloubet.com.br\/deputado\/com-apoio-de-vander-e-zeca-pesquisas-sobre-o-corredor-bioceanico-aceleram-na-ufms\/#article","isPartOf":{"@id":"https:\/\/vanderloubet.com.br\/deputado\/com-apoio-de-vander-e-zeca-pesquisas-sobre-o-corredor-bioceanico-aceleram-na-ufms\/"},"author":{"name":"\u00c9der","@id":"https:\/\/vanderloubet.com.br\/deputado\/#\/schema\/person\/15b51bd564532a8a68d9dec1b8eb890e"},"headline":"Com apoio de Vander e Zeca, pesquisas sobre o Corredor Bioce\u00e2nico aceleram na UFMS","datePublished":"2019-12-18T00:56:37+00:00","dateModified":"2022-07-28T01:00:03+00:00","mainEntityOfPage":{"@id":"https:\/\/vanderloubet.com.br\/deputado\/com-apoio-de-vander-e-zeca-pesquisas-sobre-o-corredor-bioceanico-aceleram-na-ufms\/"},"wordCount":384,"publisher":{"@id":"https:\/\/vanderloubet.com.br\/deputado\/#organization"},"image":{"@id":"https:\/\/vanderloubet.com.br\/deputado\/com-apoio-de-vander-e-zeca-pesquisas-sobre-o-corredor-bioceanico-aceleram-na-ufms\/#primaryimage"},"thumbnailUrl":"https:\/\/vanderloubet.com.br\/deputado\/wp-content\/uploads\/2019\/12\/IMG_2707-scaled.jpg","keywords":["corredor bioce\u00e2nico","mato grosso do sul","pesquisa","ufms"],"articleSection":["Mato Grosso do Sul","Not\u00edcias"],"inLanguage":"pt-BR"},{"@type":"WebPage","@id":"https:\/\/vanderloubet.com.br\/deputado\/com-apoio-de-vander-e-zeca-pesquisas-sobre-o-corredor-bioceanico-aceleram-na-ufms\/","url":"https:\/\/vanderloubet.com.br\/deputado\/com-apoio-de-vander-e-zeca-pesquisas-sobre-o-corredor-bioceanico-aceleram-na-ufms\/","name":"Com apoio de Vander e Zeca, pesquisas sobre o Corredor Bioce\u00e2nico aceleram na UFMS","isPartOf":{"@id":"https:\/\/vanderloubet.com.br\/deputado\/#website"},"primaryImageOfPage":{"@id":"https:\/\/vanderloubet.com.br\/deputado\/com-apoio-de-vander-e-zeca-pesquisas-sobre-o-corredor-bioceanico-aceleram-na-ufms\/#primaryimage"},"image":{"@id":"https:\/\/vanderloubet.com.br\/deputado\/com-apoio-de-vander-e-zeca-pesquisas-sobre-o-corredor-bioceanico-aceleram-na-ufms\/#primaryimage"},"thumbnailUrl":"https:\/\/vanderloubet.com.br\/deputado\/wp-content\/uploads\/2019\/12\/IMG_2707-scaled.jpg","datePublished":"2019-12-18T00:56:37+00:00","dateModified":"2022-07-28T01:00:03+00:00","breadcrumb":{"@id":"https:\/\/vanderloubet.com.br\/deputado\/com-apoio-de-vander-e-zeca-pesquisas-sobre-o-corredor-bioceanico-aceleram-na-ufms\/#breadcrumb"},"inLanguage":"pt-BR","potentialAction":[{"@type":"ReadAction","target":["https:\/\/vanderloubet.com.br\/deputado\/com-apoio-de-vander-e-zeca-pesquisas-sobre-o-corredor-bioceanico-aceleram-na-ufms\/"]}]},{"@type":"ImageObject","inLanguage":"pt-BR","@id":"https:\/\/vanderloubet.com.br\/deputado\/com-apoio-de-vander-e-zeca-pesquisas-sobre-o-corredor-bioceanico-aceleram-na-ufms\/#primaryimage","url":"https:\/\/vanderloubet.com.br\/deputado\/wp-content\/uploads\/2019\/12\/IMG_2707-scaled.jpg","contentUrl":"https:\/\/vanderloubet.com.br\/deputado\/wp-content\/uploads\/2019\/12\/IMG_2707-scaled.jpg","width":2560,"height":1707,"caption":"Pesquisadores discutem Corredor Bioce\u00e2nico na UFMS"},{"@type":"BreadcrumbList","@id":"https:\/\/vanderloubet.com.br\/deputado\/com-apoio-de-vander-e-zeca-pesquisas-sobre-o-corredor-bioceanico-aceleram-na-ufms\/#breadcrumb","itemListElement":[{"@type":"ListItem","position":1,"name":"In\u00edcio","item":"https:\/\/vanderloubet.com.br\/deputado\/"},{"@type":"ListItem","position":2,"name":"Com apoio de Vander e Zeca, pesquisas sobre o Corredor Bioce\u00e2nico aceleram na UFMS"}]},{"@type":"WebSite","@id":"https:\/\/vanderloubet.com.br\/deputado\/#website","url":"https:\/\/vanderloubet.com.br\/deputado\/","name":"Deputado Federal Vander Loubet","description":"O Federal de MS","publisher":{"@id":"https:\/\/vanderloubet.com.br\/deputado\/#organization"},"alternateName":"Deputado Vander","potentialAction":[{"@type":"SearchAction","target":{"@type":"EntryPoint","urlTemplate":"https:\/\/vanderloubet.com.br\/deputado\/?s={search_term_string}"},"query-input":{"@type":"PropertyValueSpecification","valueRequired":true,"valueName":"search_term_string"}}],"inLanguage":"pt-BR"},{"@type":"Organization","@id":"https:\/\/vanderloubet.com.br\/deputado\/#organization","name":"Deputado Federal Vander Loubet","alternateName":"Deputado Vander","url":"https:\/\/vanderloubet.com.br\/deputado\/","logo":{"@type":"ImageObject","inLanguage":"pt-BR","@id":"https:\/\/vanderloubet.com.br\/deputado\/#\/schema\/logo\/image\/","url":"https:\/\/vanderloubet.com.br\/deputado\/wp-content\/uploads\/2023\/06\/foto-2023-06-19-mandato-deputado-vander.jpg","contentUrl":"https:\/\/vanderloubet.com.br\/deputado\/wp-content\/uploads\/2023\/06\/foto-2023-06-19-mandato-deputado-vander.jpg","width":1080,"height":1080,"caption":"Deputado Federal Vander Loubet"},"image":{"@id":"https:\/\/vanderloubet.com.br\/deputado\/#\/schema\/logo\/image\/"},"sameAs":["https:\/\/facebook.com\/deputadovander","https:\/\/x.com\/vanderloubet","https:\/\/instagram.com\/vanderloubet","https:\/\/youtube.com\/vanderloubet","https:\/\/tiktok.com\/@vanderloubetms"]},{"@type":"Person","@id":"https:\/\/vanderloubet.com.br\/deputado\/#\/schema\/person\/15b51bd564532a8a68d9dec1b8eb890e","name":"\u00c9der","image":{"@type":"ImageObject","inLanguage":"pt-BR","@id":"https:\/\/vanderloubet.com.br\/deputado\/wp-content\/litespeed\/avatar\/88ca4090d9d5ab1c9495f6ca03b68efa.jpg?ver=1777058957","url":"https:\/\/vanderloubet.com.br\/deputado\/wp-content\/litespeed\/avatar\/88ca4090d9d5ab1c9495f6ca03b68efa.jpg?ver=1777058957","contentUrl":"https:\/\/vanderloubet.com.br\/deputado\/wp-content\/litespeed\/avatar\/88ca4090d9d5ab1c9495f6ca03b68efa.jpg?ver=1777058957","caption":"\u00c9der"}}]}},"jetpack_featured_media_url":"https:\/\/vanderloubet.com.br\/deputado\/wp-content\/uploads\/2019\/12\/IMG_2707-scaled.jpg","jetpack_sharing_enabled":true,"_links":{"self":[{"href":"https:\/\/vanderloubet.com.br\/deputado\/wp-json\/wp\/v2\/posts\/16274","targetHints":{"allow":["GET"]}}],"collection":[{"href":"https:\/\/vanderloubet.com.br\/deputado\/wp-json\/wp\/v2\/posts"}],"about":[{"href":"https:\/\/vanderloubet.com.br\/deputado\/wp-json\/wp\/v2\/types\/post"}],"author":[{"embeddable":true,"href":"https:\/\/vanderloubet.com.br\/deputado\/wp-json\/wp\/v2\/users\/2"}],"replies":[{"embeddable":true,"href":"https:\/\/vanderloubet.com.br\/deputado\/wp-json\/wp\/v2\/comments?post=16274"}],"version-history":[{"count":0,"href":"https:\/\/vanderloubet.com.br\/deputado\/wp-json\/wp\/v2\/posts\/16274\/revisions"}],"wp:featuredmedia":[{"embeddable":true,"href":"https:\/\/vanderloubet.com.br\/deputado\/wp-json\/wp\/v2\/media\/16275"}],"wp:attachment":[{"href":"https:\/\/vanderloubet.com.br\/deputado\/wp-json\/wp\/v2\/media?parent=16274"}],"wp:term":[{"taxonomy":"category","embeddable":true,"href":"https:\/\/vanderloubet.com.br\/deputado\/wp-json\/wp\/v2\/categories?post=16274"},{"taxonomy":"post_tag","embeddable":true,"href":"https:\/\/vanderloubet.com.br\/deputado\/wp-json\/wp\/v2\/tags?post=16274"}],"curies":[{"name":"wp","href":"https:\/\/api.w.org\/{rel}","templated":true}]}}