{"id":16252,"date":"2019-12-11T17:38:25","date_gmt":"2019-12-11T21:38:25","guid":{"rendered":"http:\/\/vanderloubet.com.br\/deputado\/?p=16252"},"modified":"2019-12-18T14:40:28","modified_gmt":"2019-12-18T18:40:28","slug":"comunidades-indigenas-tem-apoio-de-vander-zeca-ufms-e-agraer-para-producao-sustentavel-e-economia-solidaria","status":"publish","type":"post","link":"https:\/\/vanderloubet.com.br\/deputado\/comunidades-indigenas-tem-apoio-de-vander-zeca-ufms-e-agraer-para-producao-sustentavel-e-economia-solidaria\/","title":{"rendered":"Comunidades ind\u00edgenas t\u00eam apoio de Vander, Zeca, UFMS e Agraer para produ\u00e7\u00e3o sustent\u00e1vel e economia solid\u00e1ria"},"content":{"rendered":"<p>In\u00e9dito no estado, o projeto Agricultura Periurbana em Comunidades Ind\u00edgenas de Mato Grosso do Sul \u00e9 resultado de emendas parlamentares destinadas pelo deputado federal Vander Loubet e o ex-deputado federal Zeca do PT, em parceria com a Universidade Federal de Mato Grosso do Sul (UFMS) e a Ag\u00eancia de Desenvolvimento Agr\u00e1rio e Extens\u00e3o Rural (Agraer). A iniciativa tem o objetivo de gerar renda e contribuir para a autonomia e sustentabilidade das fam\u00edlias envolvidas no projeto.<\/p>\n<p>Cada comunidade recebe uma estufa com 84 metros quadrados e \u00e1reas com telas, todas equipadas com sistema de irriga\u00e7\u00e3o, o que permite a produ\u00e7\u00e3o mesmo no Ver\u00e3o, quando as chuvas e o calor s\u00e3o intensos. Tamb\u00e9m s\u00e3o fornecidos insumos, sementes e ferramentas. O modelo de produ\u00e7\u00e3o \u00e9 sustent\u00e1vel, com economia de energia e \u00e1gua, e manejo de pragas sem uso de defensivos qu\u00edmicos. Atualmente, quatro comunidades possuem estufas: Aldeinha, em Anast\u00e1cio; \u00c1gua Bonita e Comunidade Terap\u00eautica do Lageado (Frei Jonas), em Campo Grande e 10 de Maio em Sidrol\u00e2ndia. O cultivo e o com\u00e9rcio dos alimentos \u00e9 todo gerido pela comunidade e o lucro \u00e9 dividido entre as fam\u00edlias que participam do projeto, coordenado pela professora Vanderleia Mussi.<\/p>\n<p>A alface \u00e9 o principal produto cultivado, al\u00e9m da r\u00facula, tomate cereja, almeir\u00e3o, jil\u00f3, berinjela, piment\u00e3o, quiabo, abobrinha, entre outros. O projeto incentiva, tamb\u00e9m, que a comunidade consuma mais alimentos saud\u00e1veis de acordo com Ad\u00e3o Alves Cust\u00f3dio, presidente da Associa\u00e7\u00e3o da Comunidade Ind\u00edgena 10 de Maio (ACIADM). \u201cNa nossa comunidade foi muito bom o projeto. S\u00e3o mais de 50 fam\u00edlias que pegam as hortali\u00e7as doadas duas ou tr\u00eas vezes por semana. Depois os produtos s\u00e3o vendidos na feira, atendendo tamb\u00e9m as comunidades vizinhas\u201d. Al\u00e9m de abastecer estas comunidades, o projeto est\u00e1 inscrito no Programa Nacional de Alimenta\u00e7\u00e3o Escolar (PNAE) para abastecer, no pr\u00f3ximo ano, escolas das comunidades C\u00f3rrego do Meio, Lagoinha e Terer\u00e9, segundo Ad\u00e3o Alves.<\/p>\n<p>A respons\u00e1vel pela horta na comunidade 10 de Maio, F\u00e1tima Souza, conta que o projeto \u00e9 positivo para as fam\u00edlias e que ele teve avan\u00e7os tecnol\u00f3gicos, aumentando a qualidade da produ\u00e7\u00e3o. \u201cEstou na horta desde o in\u00edcio, come\u00e7amos com os regadores \u00e0 m\u00e3o e hoje j\u00e1 est\u00e1 bem mais estruturada, tem irriga\u00e7\u00e3o autom\u00e1tica e melhorou muito\u201d.<\/p>\n<p>&nbsp;<\/p>\n<p><em>Carol Caco<br \/>\n<\/em><\/p>\n","protected":false},"excerpt":{"rendered":"<p>In\u00e9dito no estado, o projeto Agricultura Periurbana em Comunidades Ind\u00edgenas de Mato Grosso do Sul \u00e9 resultado de emendas parlamentares destinadas pelo deputado federal Vander Loubet e o ex-deputado federal Zeca do PT, em parceria com a Universidade Federal de Mato Grosso do Sul (UFMS) e a Ag\u00eancia de Desenvolvimento Agr\u00e1rio e Extens\u00e3o Rural (Agraer). [&hellip;]<\/p>\n","protected":false},"author":2,"featured_media":16253,"comment_status":"closed","ping_status":"closed","sticky":false,"template":"","format":"standard","meta":{"jetpack_post_was_ever_published":false,"_jetpack_newsletter_access":"","_jetpack_dont_email_post_to_subs":false,"_jetpack_newsletter_tier_id":0,"_jetpack_memberships_contains_paywalled_content":false,"_jetpack_memberships_contains_paid_content":false,"footnotes":""},"categories":[2099,10],"tags":[67,2132,2435,2433,2434,2002,2033,2089],"class_list":{"0":"post-16252","1":"post","2":"type-post","3":"status-publish","4":"format-standard","5":"has-post-thumbnail","7":"category-ms-noticias","8":"category-noticias","9":"tag-agraer","10":"tag-agricultura-familiar","11":"tag-comunidades-indigenas","12":"tag-horta","13":"tag-periurbana","14":"tag-ufms","15":"tag-vander","16":"tag-zeca"},"yoast_head":"<!-- This site is optimized with the Yoast SEO plugin v27.4 - https:\/\/yoast.com\/product\/yoast-seo-wordpress\/ -->\n<title>Comunidades ind\u00edgenas t\u00eam apoio de Vander, Zeca, UFMS e Agraer para produ\u00e7\u00e3o sustent\u00e1vel e economia solid\u00e1ria<\/title>\n<meta name=\"robots\" content=\"index, follow, max-snippet:-1, max-image-preview:large, max-video-preview:-1\" \/>\n<link rel=\"canonical\" href=\"https:\/\/vanderloubet.com.br\/deputado\/comunidades-indigenas-tem-apoio-de-vander-zeca-ufms-e-agraer-para-producao-sustentavel-e-economia-solidaria\/\" \/>\n<meta property=\"og:locale\" content=\"pt_BR\" \/>\n<meta property=\"og:type\" content=\"article\" \/>\n<meta property=\"og:title\" content=\"Comunidades ind\u00edgenas t\u00eam apoio de Vander, Zeca, UFMS e Agraer para produ\u00e7\u00e3o sustent\u00e1vel e economia solid\u00e1ria\" \/>\n<meta property=\"og:description\" content=\"In\u00e9dito no estado, o projeto Agricultura Periurbana em Comunidades Ind\u00edgenas de Mato Grosso do Sul \u00e9 resultado de emendas parlamentares destinadas pelo deputado federal Vander Loubet e o ex-deputado federal Zeca do PT, em parceria com a Universidade Federal de Mato Grosso do Sul (UFMS) e a Ag\u00eancia de Desenvolvimento Agr\u00e1rio e Extens\u00e3o Rural (Agraer). [&hellip;]\" \/>\n<meta property=\"og:url\" content=\"https:\/\/vanderloubet.com.br\/deputado\/comunidades-indigenas-tem-apoio-de-vander-zeca-ufms-e-agraer-para-producao-sustentavel-e-economia-solidaria\/\" \/>\n<meta property=\"og:site_name\" content=\"Deputado Federal Vander Loubet\" \/>\n<meta property=\"article:publisher\" content=\"https:\/\/facebook.com\/deputadovander\" \/>\n<meta property=\"article:published_time\" content=\"2019-12-11T21:38:25+00:00\" \/>\n<meta property=\"article:modified_time\" content=\"2019-12-18T18:40:28+00:00\" \/>\n<meta property=\"og:image\" content=\"https:\/\/vanderloubet.com.br\/deputado\/wp-content\/uploads\/2019\/12\/WhatsApp-Image-2019-12-11-at-15.51.49.jpeg\" \/>\n\t<meta property=\"og:image:width\" content=\"1280\" \/>\n\t<meta property=\"og:image:height\" content=\"960\" \/>\n\t<meta property=\"og:image:type\" content=\"image\/jpeg\" \/>\n<meta name=\"author\" content=\"\u00c9der\" \/>\n<meta name=\"twitter:card\" content=\"summary_large_image\" \/>\n<meta name=\"twitter:creator\" content=\"@vanderloubet\" \/>\n<meta name=\"twitter:site\" content=\"@vanderloubet\" \/>\n<script type=\"application\/ld+json\" class=\"yoast-schema-graph\">{\"@context\":\"https:\\\/\\\/schema.org\",\"@graph\":[{\"@type\":\"Article\",\"@id\":\"https:\\\/\\\/vanderloubet.com.br\\\/deputado\\\/comunidades-indigenas-tem-apoio-de-vander-zeca-ufms-e-agraer-para-producao-sustentavel-e-economia-solidaria\\\/#article\",\"isPartOf\":{\"@id\":\"https:\\\/\\\/vanderloubet.com.br\\\/deputado\\\/comunidades-indigenas-tem-apoio-de-vander-zeca-ufms-e-agraer-para-producao-sustentavel-e-economia-solidaria\\\/\"},\"author\":{\"name\":\"\u00c9der\",\"@id\":\"https:\\\/\\\/vanderloubet.com.br\\\/deputado\\\/#\\\/schema\\\/person\\\/15b51bd564532a8a68d9dec1b8eb890e\"},\"headline\":\"Comunidades ind\u00edgenas t\u00eam apoio de Vander, Zeca, UFMS e Agraer para produ\u00e7\u00e3o sustent\u00e1vel e economia solid\u00e1ria\",\"datePublished\":\"2019-12-11T21:38:25+00:00\",\"dateModified\":\"2019-12-18T18:40:28+00:00\",\"mainEntityOfPage\":{\"@id\":\"https:\\\/\\\/vanderloubet.com.br\\\/deputado\\\/comunidades-indigenas-tem-apoio-de-vander-zeca-ufms-e-agraer-para-producao-sustentavel-e-economia-solidaria\\\/\"},\"wordCount\":429,\"publisher\":{\"@id\":\"https:\\\/\\\/vanderloubet.com.br\\\/deputado\\\/#organization\"},\"image\":{\"@id\":\"https:\\\/\\\/vanderloubet.com.br\\\/deputado\\\/comunidades-indigenas-tem-apoio-de-vander-zeca-ufms-e-agraer-para-producao-sustentavel-e-economia-solidaria\\\/#primaryimage\"},\"thumbnailUrl\":\"https:\\\/\\\/vanderloubet.com.br\\\/deputado\\\/wp-content\\\/uploads\\\/2019\\\/12\\\/WhatsApp-Image-2019-12-11-at-15.51.49.jpeg\",\"keywords\":[\"agraer\",\"agricultura familiar\",\"comunidades ind\u00edgenas\",\"horta\",\"periurbana\",\"ufms\",\"vander\",\"zeca\"],\"articleSection\":[\"Mato Grosso do Sul\",\"Not\u00edcias\"],\"inLanguage\":\"pt-BR\"},{\"@type\":\"WebPage\",\"@id\":\"https:\\\/\\\/vanderloubet.com.br\\\/deputado\\\/comunidades-indigenas-tem-apoio-de-vander-zeca-ufms-e-agraer-para-producao-sustentavel-e-economia-solidaria\\\/\",\"url\":\"https:\\\/\\\/vanderloubet.com.br\\\/deputado\\\/comunidades-indigenas-tem-apoio-de-vander-zeca-ufms-e-agraer-para-producao-sustentavel-e-economia-solidaria\\\/\",\"name\":\"Comunidades ind\u00edgenas t\u00eam apoio de Vander, Zeca, UFMS e Agraer para produ\u00e7\u00e3o sustent\u00e1vel e economia solid\u00e1ria\",\"isPartOf\":{\"@id\":\"https:\\\/\\\/vanderloubet.com.br\\\/deputado\\\/#website\"},\"primaryImageOfPage\":{\"@id\":\"https:\\\/\\\/vanderloubet.com.br\\\/deputado\\\/comunidades-indigenas-tem-apoio-de-vander-zeca-ufms-e-agraer-para-producao-sustentavel-e-economia-solidaria\\\/#primaryimage\"},\"image\":{\"@id\":\"https:\\\/\\\/vanderloubet.com.br\\\/deputado\\\/comunidades-indigenas-tem-apoio-de-vander-zeca-ufms-e-agraer-para-producao-sustentavel-e-economia-solidaria\\\/#primaryimage\"},\"thumbnailUrl\":\"https:\\\/\\\/vanderloubet.com.br\\\/deputado\\\/wp-content\\\/uploads\\\/2019\\\/12\\\/WhatsApp-Image-2019-12-11-at-15.51.49.jpeg\",\"datePublished\":\"2019-12-11T21:38:25+00:00\",\"dateModified\":\"2019-12-18T18:40:28+00:00\",\"breadcrumb\":{\"@id\":\"https:\\\/\\\/vanderloubet.com.br\\\/deputado\\\/comunidades-indigenas-tem-apoio-de-vander-zeca-ufms-e-agraer-para-producao-sustentavel-e-economia-solidaria\\\/#breadcrumb\"},\"inLanguage\":\"pt-BR\",\"potentialAction\":[{\"@type\":\"ReadAction\",\"target\":[\"https:\\\/\\\/vanderloubet.com.br\\\/deputado\\\/comunidades-indigenas-tem-apoio-de-vander-zeca-ufms-e-agraer-para-producao-sustentavel-e-economia-solidaria\\\/\"]}]},{\"@type\":\"ImageObject\",\"inLanguage\":\"pt-BR\",\"@id\":\"https:\\\/\\\/vanderloubet.com.br\\\/deputado\\\/comunidades-indigenas-tem-apoio-de-vander-zeca-ufms-e-agraer-para-producao-sustentavel-e-economia-solidaria\\\/#primaryimage\",\"url\":\"https:\\\/\\\/vanderloubet.com.br\\\/deputado\\\/wp-content\\\/uploads\\\/2019\\\/12\\\/WhatsApp-Image-2019-12-11-at-15.51.49.jpeg\",\"contentUrl\":\"https:\\\/\\\/vanderloubet.com.br\\\/deputado\\\/wp-content\\\/uploads\\\/2019\\\/12\\\/WhatsApp-Image-2019-12-11-at-15.51.49.jpeg\",\"width\":1280,\"height\":960,\"caption\":\"Horta na comunidade 10 de Maio, em Sidrol\u00e2ndia\\\/MS. Foto: F\u00e1tima Souza\"},{\"@type\":\"BreadcrumbList\",\"@id\":\"https:\\\/\\\/vanderloubet.com.br\\\/deputado\\\/comunidades-indigenas-tem-apoio-de-vander-zeca-ufms-e-agraer-para-producao-sustentavel-e-economia-solidaria\\\/#breadcrumb\",\"itemListElement\":[{\"@type\":\"ListItem\",\"position\":1,\"name\":\"In\u00edcio\",\"item\":\"https:\\\/\\\/vanderloubet.com.br\\\/deputado\\\/\"},{\"@type\":\"ListItem\",\"position\":2,\"name\":\"Comunidades ind\u00edgenas t\u00eam apoio de Vander, Zeca, UFMS e Agraer para produ\u00e7\u00e3o sustent\u00e1vel e economia solid\u00e1ria\"}]},{\"@type\":\"WebSite\",\"@id\":\"https:\\\/\\\/vanderloubet.com.br\\\/deputado\\\/#website\",\"url\":\"https:\\\/\\\/vanderloubet.com.br\\\/deputado\\\/\",\"name\":\"Deputado Federal Vander Loubet\",\"description\":\"O Federal de MS\",\"publisher\":{\"@id\":\"https:\\\/\\\/vanderloubet.com.br\\\/deputado\\\/#organization\"},\"alternateName\":\"Deputado Vander\",\"potentialAction\":[{\"@type\":\"SearchAction\",\"target\":{\"@type\":\"EntryPoint\",\"urlTemplate\":\"https:\\\/\\\/vanderloubet.com.br\\\/deputado\\\/?s={search_term_string}\"},\"query-input\":{\"@type\":\"PropertyValueSpecification\",\"valueRequired\":true,\"valueName\":\"search_term_string\"}}],\"inLanguage\":\"pt-BR\"},{\"@type\":\"Organization\",\"@id\":\"https:\\\/\\\/vanderloubet.com.br\\\/deputado\\\/#organization\",\"name\":\"Deputado Federal Vander Loubet\",\"alternateName\":\"Deputado Vander\",\"url\":\"https:\\\/\\\/vanderloubet.com.br\\\/deputado\\\/\",\"logo\":{\"@type\":\"ImageObject\",\"inLanguage\":\"pt-BR\",\"@id\":\"https:\\\/\\\/vanderloubet.com.br\\\/deputado\\\/#\\\/schema\\\/logo\\\/image\\\/\",\"url\":\"https:\\\/\\\/vanderloubet.com.br\\\/deputado\\\/wp-content\\\/uploads\\\/2023\\\/06\\\/foto-2023-06-19-mandato-deputado-vander.jpg\",\"contentUrl\":\"https:\\\/\\\/vanderloubet.com.br\\\/deputado\\\/wp-content\\\/uploads\\\/2023\\\/06\\\/foto-2023-06-19-mandato-deputado-vander.jpg\",\"width\":1080,\"height\":1080,\"caption\":\"Deputado Federal Vander Loubet\"},\"image\":{\"@id\":\"https:\\\/\\\/vanderloubet.com.br\\\/deputado\\\/#\\\/schema\\\/logo\\\/image\\\/\"},\"sameAs\":[\"https:\\\/\\\/facebook.com\\\/deputadovander\",\"https:\\\/\\\/x.com\\\/vanderloubet\",\"https:\\\/\\\/instagram.com\\\/vanderloubet\",\"https:\\\/\\\/youtube.com\\\/vanderloubet\",\"https:\\\/\\\/tiktok.com\\\/@vanderloubetms\"]},{\"@type\":\"Person\",\"@id\":\"https:\\\/\\\/vanderloubet.com.br\\\/deputado\\\/#\\\/schema\\\/person\\\/15b51bd564532a8a68d9dec1b8eb890e\",\"name\":\"\u00c9der\",\"image\":{\"@type\":\"ImageObject\",\"inLanguage\":\"pt-BR\",\"@id\":\"https:\\\/\\\/vanderloubet.com.br\\\/deputado\\\/wp-content\\\/litespeed\\\/avatar\\\/88ca4090d9d5ab1c9495f6ca03b68efa.jpg?ver=1777058957\",\"url\":\"https:\\\/\\\/vanderloubet.com.br\\\/deputado\\\/wp-content\\\/litespeed\\\/avatar\\\/88ca4090d9d5ab1c9495f6ca03b68efa.jpg?ver=1777058957\",\"contentUrl\":\"https:\\\/\\\/vanderloubet.com.br\\\/deputado\\\/wp-content\\\/litespeed\\\/avatar\\\/88ca4090d9d5ab1c9495f6ca03b68efa.jpg?ver=1777058957\",\"caption\":\"\u00c9der\"}}]}<\/script>\n<!-- \/ Yoast SEO plugin. -->","yoast_head_json":{"title":"Comunidades ind\u00edgenas t\u00eam apoio de Vander, Zeca, UFMS e Agraer para produ\u00e7\u00e3o sustent\u00e1vel e economia solid\u00e1ria","robots":{"index":"index","follow":"follow","max-snippet":"max-snippet:-1","max-image-preview":"max-image-preview:large","max-video-preview":"max-video-preview:-1"},"canonical":"https:\/\/vanderloubet.com.br\/deputado\/comunidades-indigenas-tem-apoio-de-vander-zeca-ufms-e-agraer-para-producao-sustentavel-e-economia-solidaria\/","og_locale":"pt_BR","og_type":"article","og_title":"Comunidades ind\u00edgenas t\u00eam apoio de Vander, Zeca, UFMS e Agraer para produ\u00e7\u00e3o sustent\u00e1vel e economia solid\u00e1ria","og_description":"In\u00e9dito no estado, o projeto Agricultura Periurbana em Comunidades Ind\u00edgenas de Mato Grosso do Sul \u00e9 resultado de emendas parlamentares destinadas pelo deputado federal Vander Loubet e o ex-deputado federal Zeca do PT, em parceria com a Universidade Federal de Mato Grosso do Sul (UFMS) e a Ag\u00eancia de Desenvolvimento Agr\u00e1rio e Extens\u00e3o Rural (Agraer). [&hellip;]","og_url":"https:\/\/vanderloubet.com.br\/deputado\/comunidades-indigenas-tem-apoio-de-vander-zeca-ufms-e-agraer-para-producao-sustentavel-e-economia-solidaria\/","og_site_name":"Deputado Federal Vander Loubet","article_publisher":"https:\/\/facebook.com\/deputadovander","article_published_time":"2019-12-11T21:38:25+00:00","article_modified_time":"2019-12-18T18:40:28+00:00","og_image":[{"width":1280,"height":960,"url":"https:\/\/vanderloubet.com.br\/deputado\/wp-content\/uploads\/2019\/12\/WhatsApp-Image-2019-12-11-at-15.51.49.jpeg","type":"image\/jpeg"}],"author":"\u00c9der","twitter_card":"summary_large_image","twitter_creator":"@vanderloubet","twitter_site":"@vanderloubet","schema":{"@context":"https:\/\/schema.org","@graph":[{"@type":"Article","@id":"https:\/\/vanderloubet.com.br\/deputado\/comunidades-indigenas-tem-apoio-de-vander-zeca-ufms-e-agraer-para-producao-sustentavel-e-economia-solidaria\/#article","isPartOf":{"@id":"https:\/\/vanderloubet.com.br\/deputado\/comunidades-indigenas-tem-apoio-de-vander-zeca-ufms-e-agraer-para-producao-sustentavel-e-economia-solidaria\/"},"author":{"name":"\u00c9der","@id":"https:\/\/vanderloubet.com.br\/deputado\/#\/schema\/person\/15b51bd564532a8a68d9dec1b8eb890e"},"headline":"Comunidades ind\u00edgenas t\u00eam apoio de Vander, Zeca, UFMS e Agraer para produ\u00e7\u00e3o sustent\u00e1vel e economia solid\u00e1ria","datePublished":"2019-12-11T21:38:25+00:00","dateModified":"2019-12-18T18:40:28+00:00","mainEntityOfPage":{"@id":"https:\/\/vanderloubet.com.br\/deputado\/comunidades-indigenas-tem-apoio-de-vander-zeca-ufms-e-agraer-para-producao-sustentavel-e-economia-solidaria\/"},"wordCount":429,"publisher":{"@id":"https:\/\/vanderloubet.com.br\/deputado\/#organization"},"image":{"@id":"https:\/\/vanderloubet.com.br\/deputado\/comunidades-indigenas-tem-apoio-de-vander-zeca-ufms-e-agraer-para-producao-sustentavel-e-economia-solidaria\/#primaryimage"},"thumbnailUrl":"https:\/\/vanderloubet.com.br\/deputado\/wp-content\/uploads\/2019\/12\/WhatsApp-Image-2019-12-11-at-15.51.49.jpeg","keywords":["agraer","agricultura familiar","comunidades ind\u00edgenas","horta","periurbana","ufms","vander","zeca"],"articleSection":["Mato Grosso do Sul","Not\u00edcias"],"inLanguage":"pt-BR"},{"@type":"WebPage","@id":"https:\/\/vanderloubet.com.br\/deputado\/comunidades-indigenas-tem-apoio-de-vander-zeca-ufms-e-agraer-para-producao-sustentavel-e-economia-solidaria\/","url":"https:\/\/vanderloubet.com.br\/deputado\/comunidades-indigenas-tem-apoio-de-vander-zeca-ufms-e-agraer-para-producao-sustentavel-e-economia-solidaria\/","name":"Comunidades ind\u00edgenas t\u00eam apoio de Vander, Zeca, UFMS e Agraer para produ\u00e7\u00e3o sustent\u00e1vel e economia solid\u00e1ria","isPartOf":{"@id":"https:\/\/vanderloubet.com.br\/deputado\/#website"},"primaryImageOfPage":{"@id":"https:\/\/vanderloubet.com.br\/deputado\/comunidades-indigenas-tem-apoio-de-vander-zeca-ufms-e-agraer-para-producao-sustentavel-e-economia-solidaria\/#primaryimage"},"image":{"@id":"https:\/\/vanderloubet.com.br\/deputado\/comunidades-indigenas-tem-apoio-de-vander-zeca-ufms-e-agraer-para-producao-sustentavel-e-economia-solidaria\/#primaryimage"},"thumbnailUrl":"https:\/\/vanderloubet.com.br\/deputado\/wp-content\/uploads\/2019\/12\/WhatsApp-Image-2019-12-11-at-15.51.49.jpeg","datePublished":"2019-12-11T21:38:25+00:00","dateModified":"2019-12-18T18:40:28+00:00","breadcrumb":{"@id":"https:\/\/vanderloubet.com.br\/deputado\/comunidades-indigenas-tem-apoio-de-vander-zeca-ufms-e-agraer-para-producao-sustentavel-e-economia-solidaria\/#breadcrumb"},"inLanguage":"pt-BR","potentialAction":[{"@type":"ReadAction","target":["https:\/\/vanderloubet.com.br\/deputado\/comunidades-indigenas-tem-apoio-de-vander-zeca-ufms-e-agraer-para-producao-sustentavel-e-economia-solidaria\/"]}]},{"@type":"ImageObject","inLanguage":"pt-BR","@id":"https:\/\/vanderloubet.com.br\/deputado\/comunidades-indigenas-tem-apoio-de-vander-zeca-ufms-e-agraer-para-producao-sustentavel-e-economia-solidaria\/#primaryimage","url":"https:\/\/vanderloubet.com.br\/deputado\/wp-content\/uploads\/2019\/12\/WhatsApp-Image-2019-12-11-at-15.51.49.jpeg","contentUrl":"https:\/\/vanderloubet.com.br\/deputado\/wp-content\/uploads\/2019\/12\/WhatsApp-Image-2019-12-11-at-15.51.49.jpeg","width":1280,"height":960,"caption":"Horta na comunidade 10 de Maio, em Sidrol\u00e2ndia\/MS. Foto: F\u00e1tima Souza"},{"@type":"BreadcrumbList","@id":"https:\/\/vanderloubet.com.br\/deputado\/comunidades-indigenas-tem-apoio-de-vander-zeca-ufms-e-agraer-para-producao-sustentavel-e-economia-solidaria\/#breadcrumb","itemListElement":[{"@type":"ListItem","position":1,"name":"In\u00edcio","item":"https:\/\/vanderloubet.com.br\/deputado\/"},{"@type":"ListItem","position":2,"name":"Comunidades ind\u00edgenas t\u00eam apoio de Vander, Zeca, UFMS e Agraer para produ\u00e7\u00e3o sustent\u00e1vel e economia solid\u00e1ria"}]},{"@type":"WebSite","@id":"https:\/\/vanderloubet.com.br\/deputado\/#website","url":"https:\/\/vanderloubet.com.br\/deputado\/","name":"Deputado Federal Vander Loubet","description":"O Federal de MS","publisher":{"@id":"https:\/\/vanderloubet.com.br\/deputado\/#organization"},"alternateName":"Deputado Vander","potentialAction":[{"@type":"SearchAction","target":{"@type":"EntryPoint","urlTemplate":"https:\/\/vanderloubet.com.br\/deputado\/?s={search_term_string}"},"query-input":{"@type":"PropertyValueSpecification","valueRequired":true,"valueName":"search_term_string"}}],"inLanguage":"pt-BR"},{"@type":"Organization","@id":"https:\/\/vanderloubet.com.br\/deputado\/#organization","name":"Deputado Federal Vander Loubet","alternateName":"Deputado Vander","url":"https:\/\/vanderloubet.com.br\/deputado\/","logo":{"@type":"ImageObject","inLanguage":"pt-BR","@id":"https:\/\/vanderloubet.com.br\/deputado\/#\/schema\/logo\/image\/","url":"https:\/\/vanderloubet.com.br\/deputado\/wp-content\/uploads\/2023\/06\/foto-2023-06-19-mandato-deputado-vander.jpg","contentUrl":"https:\/\/vanderloubet.com.br\/deputado\/wp-content\/uploads\/2023\/06\/foto-2023-06-19-mandato-deputado-vander.jpg","width":1080,"height":1080,"caption":"Deputado Federal Vander Loubet"},"image":{"@id":"https:\/\/vanderloubet.com.br\/deputado\/#\/schema\/logo\/image\/"},"sameAs":["https:\/\/facebook.com\/deputadovander","https:\/\/x.com\/vanderloubet","https:\/\/instagram.com\/vanderloubet","https:\/\/youtube.com\/vanderloubet","https:\/\/tiktok.com\/@vanderloubetms"]},{"@type":"Person","@id":"https:\/\/vanderloubet.com.br\/deputado\/#\/schema\/person\/15b51bd564532a8a68d9dec1b8eb890e","name":"\u00c9der","image":{"@type":"ImageObject","inLanguage":"pt-BR","@id":"https:\/\/vanderloubet.com.br\/deputado\/wp-content\/litespeed\/avatar\/88ca4090d9d5ab1c9495f6ca03b68efa.jpg?ver=1777058957","url":"https:\/\/vanderloubet.com.br\/deputado\/wp-content\/litespeed\/avatar\/88ca4090d9d5ab1c9495f6ca03b68efa.jpg?ver=1777058957","contentUrl":"https:\/\/vanderloubet.com.br\/deputado\/wp-content\/litespeed\/avatar\/88ca4090d9d5ab1c9495f6ca03b68efa.jpg?ver=1777058957","caption":"\u00c9der"}}]}},"jetpack_featured_media_url":"https:\/\/vanderloubet.com.br\/deputado\/wp-content\/uploads\/2019\/12\/WhatsApp-Image-2019-12-11-at-15.51.49.jpeg","jetpack_sharing_enabled":true,"_links":{"self":[{"href":"https:\/\/vanderloubet.com.br\/deputado\/wp-json\/wp\/v2\/posts\/16252","targetHints":{"allow":["GET"]}}],"collection":[{"href":"https:\/\/vanderloubet.com.br\/deputado\/wp-json\/wp\/v2\/posts"}],"about":[{"href":"https:\/\/vanderloubet.com.br\/deputado\/wp-json\/wp\/v2\/types\/post"}],"author":[{"embeddable":true,"href":"https:\/\/vanderloubet.com.br\/deputado\/wp-json\/wp\/v2\/users\/2"}],"replies":[{"embeddable":true,"href":"https:\/\/vanderloubet.com.br\/deputado\/wp-json\/wp\/v2\/comments?post=16252"}],"version-history":[{"count":0,"href":"https:\/\/vanderloubet.com.br\/deputado\/wp-json\/wp\/v2\/posts\/16252\/revisions"}],"wp:featuredmedia":[{"embeddable":true,"href":"https:\/\/vanderloubet.com.br\/deputado\/wp-json\/wp\/v2\/media\/16253"}],"wp:attachment":[{"href":"https:\/\/vanderloubet.com.br\/deputado\/wp-json\/wp\/v2\/media?parent=16252"}],"wp:term":[{"taxonomy":"category","embeddable":true,"href":"https:\/\/vanderloubet.com.br\/deputado\/wp-json\/wp\/v2\/categories?post=16252"},{"taxonomy":"post_tag","embeddable":true,"href":"https:\/\/vanderloubet.com.br\/deputado\/wp-json\/wp\/v2\/tags?post=16252"}],"curies":[{"name":"wp","href":"https:\/\/api.w.org\/{rel}","templated":true}]}}