{"id":16240,"date":"2019-12-10T07:06:04","date_gmt":"2019-12-10T11:06:04","guid":{"rendered":"http:\/\/vanderloubet.com.br\/deputado\/?p=16240"},"modified":"2019-12-10T07:22:56","modified_gmt":"2019-12-10T11:22:56","slug":"camara-aprova-proposta-de-vander-que-autoriza-uso-do-fust-para-expansao-da-internet-banda-larga","status":"publish","type":"post","link":"https:\/\/vanderloubet.com.br\/deputado\/camara-aprova-proposta-de-vander-que-autoriza-uso-do-fust-para-expansao-da-internet-banda-larga\/","title":{"rendered":"C\u00e2mara aprova proposta de Vander que autoriza uso do Fust para expans\u00e3o da internet banda larga"},"content":{"rendered":"<p><iframe title=\"C\u00e2mara aprova uso do Fust para expans\u00e3o da internet banda larga\" width=\"696\" height=\"392\" src=\"https:\/\/www.youtube.com\/embed\/iRej0SFKscI?feature=oembed\" frameborder=\"0\" allow=\"accelerometer; autoplay; encrypted-media; gyroscope; picture-in-picture\" allowfullscreen><\/iframe><\/p>\n<p>O Plen\u00e1rio da C\u00e2mara aprovou na noite desta segunda-feira (9) a proposta que autoriza o uso de recursos do Fundo de Universaliza\u00e7\u00e3o das Telecomunica\u00e7\u00f5es (Fust) para amplia\u00e7\u00e3o de internet banda larga em escolas p\u00fablicas e nas \u00e1reas rurais.<\/p>\n<p>O texto aprovado se refere ao Projeto de Lei (PL) 1.481\/2007, do ex-senador Alo\u00edzio Mercadante (PT-SP), ao qual tramitou apensado o PL 2.417\/2003, de autoria do deputado federal Vander Loubet (PT-MS).<\/p>\n<p>O Fust arrecada anualmente R$ 1 bilh\u00e3o e j\u00e1 tem acumulados R$ 21,8 bilh\u00f5es, mas praticamente n\u00e3o foi utilizado para investimentos no setor de telecomunica\u00e7\u00f5es. Atualmente, a lei permite a aplica\u00e7\u00e3o dos recursos apenas para a expans\u00e3o da telefonia fixa.<\/p>\n<p>&#8220;A legisla\u00e7\u00e3o que regulamenta o uso do Fust est\u00e1 ultrapassada. Com a aprova\u00e7\u00e3o desse projeto estamos modernizando a lei para levar internet de alta velocidade para escolas, assentamentos rurais e comunidades agr\u00edcolas de todos os cantos do Pa\u00eds. Com certeza \u00e9 algo que vai contribuir para melhorar a qualidade do ensino p\u00fablico e para a inclus\u00e3o digital da popula\u00e7\u00e3o, at\u00e9 porque estamos falando de uma tecnologia indispens\u00e1vel nos dias de hoje&#8221;, destaca o deputado Vander.<\/p>\n<p>Os projetos de expans\u00e3o do uso e\/ou de melhoria da qualidade de internet banda larga financiados pelo Fust poder\u00e3o ser executados pela iniciativa privada, cooperativas e estabelecimentos de ensino (p\u00fablicos ou sem fins lucrativos), em tr\u00eas modalidades: apoio n\u00e3o reembols\u00e1vel, apoio reembols\u00e1vel e garantia. O Fundo ser\u00e1 administrado por um Conselho Gestor constitu\u00eddo por representantes dos minist\u00e9rios do governo federal, da Ag\u00eancia Nacional de Telecomunica\u00e7\u00f5es (Anatel), das prestadoras de servi\u00e7os de telecomunica\u00e7\u00f5es e da sociedade civil.<\/p>\n<p>A mat\u00e9ria agora retornar\u00e1 ao Senado para uma nova vota\u00e7\u00e3o.<\/p>\n<p><em>(\u00c9der F. Yanaguita &#8211; Ascom\/Dep. Vander Loubet)<\/em><\/p>\n","protected":false},"excerpt":{"rendered":"<p>Deputado destacou que medida vai levar internet de alta velocidade para escolas, assentamentos e comunidades rurais.<\/p>\n","protected":false},"author":2,"featured_media":16242,"comment_status":"closed","ping_status":"closed","sticky":false,"template":"","format":"video","meta":{"jetpack_post_was_ever_published":false,"_jetpack_newsletter_access":"","_jetpack_dont_email_post_to_subs":false,"_jetpack_newsletter_tier_id":0,"_jetpack_memberships_contains_paywalled_content":false,"_jetpack_memberships_contains_paid_content":false,"footnotes":""},"categories":[2098,2101,10,12],"tags":[1012,1635,1929],"class_list":{"0":"post-16240","1":"post","2":"type-post","3":"status-publish","4":"format-video","5":"has-post-thumbnail","7":"category-brasil-noticias","8":"category-multimidia","9":"category-noticias","10":"category-videos","11":"tag-inclusao-digital","12":"tag-projeto-de-lei","13":"tag-telecomunicacoes","14":"post_format-post-format-video"},"yoast_head":"<!-- This site is optimized with the Yoast SEO plugin v27.4 - https:\/\/yoast.com\/product\/yoast-seo-wordpress\/ -->\n<title>C\u00e2mara aprova proposta de Vander que autoriza uso do Fust para expans\u00e3o da internet banda larga<\/title>\n<meta name=\"description\" content=\"Deputado destacou que medida vai levar internet de alta velocidade para escolas, assentamentos e comunidades rurais.\" \/>\n<meta name=\"robots\" content=\"index, follow, max-snippet:-1, max-image-preview:large, max-video-preview:-1\" \/>\n<link rel=\"canonical\" href=\"https:\/\/vanderloubet.com.br\/deputado\/camara-aprova-proposta-de-vander-que-autoriza-uso-do-fust-para-expansao-da-internet-banda-larga\/\" \/>\n<meta property=\"og:locale\" content=\"pt_BR\" \/>\n<meta property=\"og:type\" content=\"article\" \/>\n<meta property=\"og:title\" content=\"C\u00e2mara aprova proposta de Vander que autoriza uso do Fust para expans\u00e3o da internet banda larga\" \/>\n<meta property=\"og:description\" content=\"Deputado destacou que medida vai levar internet de alta velocidade para escolas, assentamentos e comunidades rurais.\" \/>\n<meta property=\"og:url\" content=\"https:\/\/vanderloubet.com.br\/deputado\/camara-aprova-proposta-de-vander-que-autoriza-uso-do-fust-para-expansao-da-internet-banda-larga\/\" \/>\n<meta property=\"og:site_name\" content=\"Deputado Federal Vander Loubet\" \/>\n<meta property=\"article:publisher\" content=\"https:\/\/facebook.com\/deputadovander\" \/>\n<meta property=\"article:published_time\" content=\"2019-12-10T11:06:04+00:00\" \/>\n<meta property=\"article:modified_time\" content=\"2019-12-10T11:22:56+00:00\" \/>\n<meta property=\"og:image\" content=\"https:\/\/vanderloubet.com.br\/deputado\/wp-content\/uploads\/2019\/12\/foto-2019-12-10-internet-banda-larga.jpg\" \/>\n\t<meta property=\"og:image:width\" content=\"960\" \/>\n\t<meta property=\"og:image:height\" content=\"720\" \/>\n\t<meta property=\"og:image:type\" content=\"image\/jpeg\" \/>\n<meta name=\"author\" content=\"\u00c9der\" \/>\n<meta name=\"twitter:card\" content=\"summary_large_image\" \/>\n<meta name=\"twitter:creator\" content=\"@vanderloubet\" \/>\n<meta name=\"twitter:site\" content=\"@vanderloubet\" \/>\n<script type=\"application\/ld+json\" class=\"yoast-schema-graph\">{\"@context\":\"https:\\\/\\\/schema.org\",\"@graph\":[{\"@type\":\"Article\",\"@id\":\"https:\\\/\\\/vanderloubet.com.br\\\/deputado\\\/camara-aprova-proposta-de-vander-que-autoriza-uso-do-fust-para-expansao-da-internet-banda-larga\\\/#article\",\"isPartOf\":{\"@id\":\"https:\\\/\\\/vanderloubet.com.br\\\/deputado\\\/camara-aprova-proposta-de-vander-que-autoriza-uso-do-fust-para-expansao-da-internet-banda-larga\\\/\"},\"author\":{\"name\":\"\u00c9der\",\"@id\":\"https:\\\/\\\/vanderloubet.com.br\\\/deputado\\\/#\\\/schema\\\/person\\\/15b51bd564532a8a68d9dec1b8eb890e\"},\"headline\":\"C\u00e2mara aprova proposta de Vander que autoriza uso do Fust para expans\u00e3o da internet banda larga\",\"datePublished\":\"2019-12-10T11:06:04+00:00\",\"dateModified\":\"2019-12-10T11:22:56+00:00\",\"mainEntityOfPage\":{\"@id\":\"https:\\\/\\\/vanderloubet.com.br\\\/deputado\\\/camara-aprova-proposta-de-vander-que-autoriza-uso-do-fust-para-expansao-da-internet-banda-larga\\\/\"},\"wordCount\":332,\"publisher\":{\"@id\":\"https:\\\/\\\/vanderloubet.com.br\\\/deputado\\\/#organization\"},\"image\":{\"@id\":\"https:\\\/\\\/vanderloubet.com.br\\\/deputado\\\/camara-aprova-proposta-de-vander-que-autoriza-uso-do-fust-para-expansao-da-internet-banda-larga\\\/#primaryimage\"},\"thumbnailUrl\":\"https:\\\/\\\/vanderloubet.com.br\\\/deputado\\\/wp-content\\\/uploads\\\/2019\\\/12\\\/foto-2019-12-10-internet-banda-larga.jpg\",\"keywords\":[\"inclus\u00e3o digital\",\"projeto de lei\",\"telecomunica\u00e7\u00f5es\"],\"articleSection\":[\"Brasil\",\"Multim\u00eddia\",\"Not\u00edcias\",\"V\u00eddeos\"],\"inLanguage\":\"pt-BR\"},{\"@type\":\"WebPage\",\"@id\":\"https:\\\/\\\/vanderloubet.com.br\\\/deputado\\\/camara-aprova-proposta-de-vander-que-autoriza-uso-do-fust-para-expansao-da-internet-banda-larga\\\/\",\"url\":\"https:\\\/\\\/vanderloubet.com.br\\\/deputado\\\/camara-aprova-proposta-de-vander-que-autoriza-uso-do-fust-para-expansao-da-internet-banda-larga\\\/\",\"name\":\"C\u00e2mara aprova proposta de Vander que autoriza uso do Fust para expans\u00e3o da internet banda larga\",\"isPartOf\":{\"@id\":\"https:\\\/\\\/vanderloubet.com.br\\\/deputado\\\/#website\"},\"primaryImageOfPage\":{\"@id\":\"https:\\\/\\\/vanderloubet.com.br\\\/deputado\\\/camara-aprova-proposta-de-vander-que-autoriza-uso-do-fust-para-expansao-da-internet-banda-larga\\\/#primaryimage\"},\"image\":{\"@id\":\"https:\\\/\\\/vanderloubet.com.br\\\/deputado\\\/camara-aprova-proposta-de-vander-que-autoriza-uso-do-fust-para-expansao-da-internet-banda-larga\\\/#primaryimage\"},\"thumbnailUrl\":\"https:\\\/\\\/vanderloubet.com.br\\\/deputado\\\/wp-content\\\/uploads\\\/2019\\\/12\\\/foto-2019-12-10-internet-banda-larga.jpg\",\"datePublished\":\"2019-12-10T11:06:04+00:00\",\"dateModified\":\"2019-12-10T11:22:56+00:00\",\"description\":\"Deputado destacou que medida vai levar internet de alta velocidade para escolas, assentamentos e comunidades rurais.\",\"breadcrumb\":{\"@id\":\"https:\\\/\\\/vanderloubet.com.br\\\/deputado\\\/camara-aprova-proposta-de-vander-que-autoriza-uso-do-fust-para-expansao-da-internet-banda-larga\\\/#breadcrumb\"},\"inLanguage\":\"pt-BR\",\"potentialAction\":[{\"@type\":\"ReadAction\",\"target\":[\"https:\\\/\\\/vanderloubet.com.br\\\/deputado\\\/camara-aprova-proposta-de-vander-que-autoriza-uso-do-fust-para-expansao-da-internet-banda-larga\\\/\"]}]},{\"@type\":\"ImageObject\",\"inLanguage\":\"pt-BR\",\"@id\":\"https:\\\/\\\/vanderloubet.com.br\\\/deputado\\\/camara-aprova-proposta-de-vander-que-autoriza-uso-do-fust-para-expansao-da-internet-banda-larga\\\/#primaryimage\",\"url\":\"https:\\\/\\\/vanderloubet.com.br\\\/deputado\\\/wp-content\\\/uploads\\\/2019\\\/12\\\/foto-2019-12-10-internet-banda-larga.jpg\",\"contentUrl\":\"https:\\\/\\\/vanderloubet.com.br\\\/deputado\\\/wp-content\\\/uploads\\\/2019\\\/12\\\/foto-2019-12-10-internet-banda-larga.jpg\",\"width\":960,\"height\":720,\"caption\":\"Vander destaca que moderniza\u00e7\u00e3o da legisla\u00e7\u00e3o levar\u00e1 banda larga para escolas e \u00e1reas rurais do Pa\u00eds\"},{\"@type\":\"BreadcrumbList\",\"@id\":\"https:\\\/\\\/vanderloubet.com.br\\\/deputado\\\/camara-aprova-proposta-de-vander-que-autoriza-uso-do-fust-para-expansao-da-internet-banda-larga\\\/#breadcrumb\",\"itemListElement\":[{\"@type\":\"ListItem\",\"position\":1,\"name\":\"In\u00edcio\",\"item\":\"https:\\\/\\\/vanderloubet.com.br\\\/deputado\\\/\"},{\"@type\":\"ListItem\",\"position\":2,\"name\":\"C\u00e2mara aprova proposta de Vander que autoriza uso do Fust para expans\u00e3o da internet banda larga\"}]},{\"@type\":\"WebSite\",\"@id\":\"https:\\\/\\\/vanderloubet.com.br\\\/deputado\\\/#website\",\"url\":\"https:\\\/\\\/vanderloubet.com.br\\\/deputado\\\/\",\"name\":\"Deputado Federal Vander Loubet\",\"description\":\"O Federal de MS\",\"publisher\":{\"@id\":\"https:\\\/\\\/vanderloubet.com.br\\\/deputado\\\/#organization\"},\"alternateName\":\"Deputado Vander\",\"potentialAction\":[{\"@type\":\"SearchAction\",\"target\":{\"@type\":\"EntryPoint\",\"urlTemplate\":\"https:\\\/\\\/vanderloubet.com.br\\\/deputado\\\/?s={search_term_string}\"},\"query-input\":{\"@type\":\"PropertyValueSpecification\",\"valueRequired\":true,\"valueName\":\"search_term_string\"}}],\"inLanguage\":\"pt-BR\"},{\"@type\":\"Organization\",\"@id\":\"https:\\\/\\\/vanderloubet.com.br\\\/deputado\\\/#organization\",\"name\":\"Deputado Federal Vander Loubet\",\"alternateName\":\"Deputado Vander\",\"url\":\"https:\\\/\\\/vanderloubet.com.br\\\/deputado\\\/\",\"logo\":{\"@type\":\"ImageObject\",\"inLanguage\":\"pt-BR\",\"@id\":\"https:\\\/\\\/vanderloubet.com.br\\\/deputado\\\/#\\\/schema\\\/logo\\\/image\\\/\",\"url\":\"https:\\\/\\\/vanderloubet.com.br\\\/deputado\\\/wp-content\\\/uploads\\\/2023\\\/06\\\/foto-2023-06-19-mandato-deputado-vander.jpg\",\"contentUrl\":\"https:\\\/\\\/vanderloubet.com.br\\\/deputado\\\/wp-content\\\/uploads\\\/2023\\\/06\\\/foto-2023-06-19-mandato-deputado-vander.jpg\",\"width\":1080,\"height\":1080,\"caption\":\"Deputado Federal Vander Loubet\"},\"image\":{\"@id\":\"https:\\\/\\\/vanderloubet.com.br\\\/deputado\\\/#\\\/schema\\\/logo\\\/image\\\/\"},\"sameAs\":[\"https:\\\/\\\/facebook.com\\\/deputadovander\",\"https:\\\/\\\/x.com\\\/vanderloubet\",\"https:\\\/\\\/instagram.com\\\/vanderloubet\",\"https:\\\/\\\/youtube.com\\\/vanderloubet\",\"https:\\\/\\\/tiktok.com\\\/@vanderloubetms\"]},{\"@type\":\"Person\",\"@id\":\"https:\\\/\\\/vanderloubet.com.br\\\/deputado\\\/#\\\/schema\\\/person\\\/15b51bd564532a8a68d9dec1b8eb890e\",\"name\":\"\u00c9der\",\"image\":{\"@type\":\"ImageObject\",\"inLanguage\":\"pt-BR\",\"@id\":\"https:\\\/\\\/vanderloubet.com.br\\\/deputado\\\/wp-content\\\/litespeed\\\/avatar\\\/88ca4090d9d5ab1c9495f6ca03b68efa.jpg?ver=1777058957\",\"url\":\"https:\\\/\\\/vanderloubet.com.br\\\/deputado\\\/wp-content\\\/litespeed\\\/avatar\\\/88ca4090d9d5ab1c9495f6ca03b68efa.jpg?ver=1777058957\",\"contentUrl\":\"https:\\\/\\\/vanderloubet.com.br\\\/deputado\\\/wp-content\\\/litespeed\\\/avatar\\\/88ca4090d9d5ab1c9495f6ca03b68efa.jpg?ver=1777058957\",\"caption\":\"\u00c9der\"}}]}<\/script>\n<!-- \/ Yoast SEO plugin. -->","yoast_head_json":{"title":"C\u00e2mara aprova proposta de Vander que autoriza uso do Fust para expans\u00e3o da internet banda larga","description":"Deputado destacou que medida vai levar internet de alta velocidade para escolas, assentamentos e comunidades rurais.","robots":{"index":"index","follow":"follow","max-snippet":"max-snippet:-1","max-image-preview":"max-image-preview:large","max-video-preview":"max-video-preview:-1"},"canonical":"https:\/\/vanderloubet.com.br\/deputado\/camara-aprova-proposta-de-vander-que-autoriza-uso-do-fust-para-expansao-da-internet-banda-larga\/","og_locale":"pt_BR","og_type":"article","og_title":"C\u00e2mara aprova proposta de Vander que autoriza uso do Fust para expans\u00e3o da internet banda larga","og_description":"Deputado destacou que medida vai levar internet de alta velocidade para escolas, assentamentos e comunidades rurais.","og_url":"https:\/\/vanderloubet.com.br\/deputado\/camara-aprova-proposta-de-vander-que-autoriza-uso-do-fust-para-expansao-da-internet-banda-larga\/","og_site_name":"Deputado Federal Vander Loubet","article_publisher":"https:\/\/facebook.com\/deputadovander","article_published_time":"2019-12-10T11:06:04+00:00","article_modified_time":"2019-12-10T11:22:56+00:00","og_image":[{"width":960,"height":720,"url":"https:\/\/vanderloubet.com.br\/deputado\/wp-content\/uploads\/2019\/12\/foto-2019-12-10-internet-banda-larga.jpg","type":"image\/jpeg"}],"author":"\u00c9der","twitter_card":"summary_large_image","twitter_creator":"@vanderloubet","twitter_site":"@vanderloubet","schema":{"@context":"https:\/\/schema.org","@graph":[{"@type":"Article","@id":"https:\/\/vanderloubet.com.br\/deputado\/camara-aprova-proposta-de-vander-que-autoriza-uso-do-fust-para-expansao-da-internet-banda-larga\/#article","isPartOf":{"@id":"https:\/\/vanderloubet.com.br\/deputado\/camara-aprova-proposta-de-vander-que-autoriza-uso-do-fust-para-expansao-da-internet-banda-larga\/"},"author":{"name":"\u00c9der","@id":"https:\/\/vanderloubet.com.br\/deputado\/#\/schema\/person\/15b51bd564532a8a68d9dec1b8eb890e"},"headline":"C\u00e2mara aprova proposta de Vander que autoriza uso do Fust para expans\u00e3o da internet banda larga","datePublished":"2019-12-10T11:06:04+00:00","dateModified":"2019-12-10T11:22:56+00:00","mainEntityOfPage":{"@id":"https:\/\/vanderloubet.com.br\/deputado\/camara-aprova-proposta-de-vander-que-autoriza-uso-do-fust-para-expansao-da-internet-banda-larga\/"},"wordCount":332,"publisher":{"@id":"https:\/\/vanderloubet.com.br\/deputado\/#organization"},"image":{"@id":"https:\/\/vanderloubet.com.br\/deputado\/camara-aprova-proposta-de-vander-que-autoriza-uso-do-fust-para-expansao-da-internet-banda-larga\/#primaryimage"},"thumbnailUrl":"https:\/\/vanderloubet.com.br\/deputado\/wp-content\/uploads\/2019\/12\/foto-2019-12-10-internet-banda-larga.jpg","keywords":["inclus\u00e3o digital","projeto de lei","telecomunica\u00e7\u00f5es"],"articleSection":["Brasil","Multim\u00eddia","Not\u00edcias","V\u00eddeos"],"inLanguage":"pt-BR"},{"@type":"WebPage","@id":"https:\/\/vanderloubet.com.br\/deputado\/camara-aprova-proposta-de-vander-que-autoriza-uso-do-fust-para-expansao-da-internet-banda-larga\/","url":"https:\/\/vanderloubet.com.br\/deputado\/camara-aprova-proposta-de-vander-que-autoriza-uso-do-fust-para-expansao-da-internet-banda-larga\/","name":"C\u00e2mara aprova proposta de Vander que autoriza uso do Fust para expans\u00e3o da internet banda larga","isPartOf":{"@id":"https:\/\/vanderloubet.com.br\/deputado\/#website"},"primaryImageOfPage":{"@id":"https:\/\/vanderloubet.com.br\/deputado\/camara-aprova-proposta-de-vander-que-autoriza-uso-do-fust-para-expansao-da-internet-banda-larga\/#primaryimage"},"image":{"@id":"https:\/\/vanderloubet.com.br\/deputado\/camara-aprova-proposta-de-vander-que-autoriza-uso-do-fust-para-expansao-da-internet-banda-larga\/#primaryimage"},"thumbnailUrl":"https:\/\/vanderloubet.com.br\/deputado\/wp-content\/uploads\/2019\/12\/foto-2019-12-10-internet-banda-larga.jpg","datePublished":"2019-12-10T11:06:04+00:00","dateModified":"2019-12-10T11:22:56+00:00","description":"Deputado destacou que medida vai levar internet de alta velocidade para escolas, assentamentos e comunidades rurais.","breadcrumb":{"@id":"https:\/\/vanderloubet.com.br\/deputado\/camara-aprova-proposta-de-vander-que-autoriza-uso-do-fust-para-expansao-da-internet-banda-larga\/#breadcrumb"},"inLanguage":"pt-BR","potentialAction":[{"@type":"ReadAction","target":["https:\/\/vanderloubet.com.br\/deputado\/camara-aprova-proposta-de-vander-que-autoriza-uso-do-fust-para-expansao-da-internet-banda-larga\/"]}]},{"@type":"ImageObject","inLanguage":"pt-BR","@id":"https:\/\/vanderloubet.com.br\/deputado\/camara-aprova-proposta-de-vander-que-autoriza-uso-do-fust-para-expansao-da-internet-banda-larga\/#primaryimage","url":"https:\/\/vanderloubet.com.br\/deputado\/wp-content\/uploads\/2019\/12\/foto-2019-12-10-internet-banda-larga.jpg","contentUrl":"https:\/\/vanderloubet.com.br\/deputado\/wp-content\/uploads\/2019\/12\/foto-2019-12-10-internet-banda-larga.jpg","width":960,"height":720,"caption":"Vander destaca que moderniza\u00e7\u00e3o da legisla\u00e7\u00e3o levar\u00e1 banda larga para escolas e \u00e1reas rurais do Pa\u00eds"},{"@type":"BreadcrumbList","@id":"https:\/\/vanderloubet.com.br\/deputado\/camara-aprova-proposta-de-vander-que-autoriza-uso-do-fust-para-expansao-da-internet-banda-larga\/#breadcrumb","itemListElement":[{"@type":"ListItem","position":1,"name":"In\u00edcio","item":"https:\/\/vanderloubet.com.br\/deputado\/"},{"@type":"ListItem","position":2,"name":"C\u00e2mara aprova proposta de Vander que autoriza uso do Fust para expans\u00e3o da internet banda larga"}]},{"@type":"WebSite","@id":"https:\/\/vanderloubet.com.br\/deputado\/#website","url":"https:\/\/vanderloubet.com.br\/deputado\/","name":"Deputado Federal Vander Loubet","description":"O Federal de MS","publisher":{"@id":"https:\/\/vanderloubet.com.br\/deputado\/#organization"},"alternateName":"Deputado Vander","potentialAction":[{"@type":"SearchAction","target":{"@type":"EntryPoint","urlTemplate":"https:\/\/vanderloubet.com.br\/deputado\/?s={search_term_string}"},"query-input":{"@type":"PropertyValueSpecification","valueRequired":true,"valueName":"search_term_string"}}],"inLanguage":"pt-BR"},{"@type":"Organization","@id":"https:\/\/vanderloubet.com.br\/deputado\/#organization","name":"Deputado Federal Vander Loubet","alternateName":"Deputado Vander","url":"https:\/\/vanderloubet.com.br\/deputado\/","logo":{"@type":"ImageObject","inLanguage":"pt-BR","@id":"https:\/\/vanderloubet.com.br\/deputado\/#\/schema\/logo\/image\/","url":"https:\/\/vanderloubet.com.br\/deputado\/wp-content\/uploads\/2023\/06\/foto-2023-06-19-mandato-deputado-vander.jpg","contentUrl":"https:\/\/vanderloubet.com.br\/deputado\/wp-content\/uploads\/2023\/06\/foto-2023-06-19-mandato-deputado-vander.jpg","width":1080,"height":1080,"caption":"Deputado Federal Vander Loubet"},"image":{"@id":"https:\/\/vanderloubet.com.br\/deputado\/#\/schema\/logo\/image\/"},"sameAs":["https:\/\/facebook.com\/deputadovander","https:\/\/x.com\/vanderloubet","https:\/\/instagram.com\/vanderloubet","https:\/\/youtube.com\/vanderloubet","https:\/\/tiktok.com\/@vanderloubetms"]},{"@type":"Person","@id":"https:\/\/vanderloubet.com.br\/deputado\/#\/schema\/person\/15b51bd564532a8a68d9dec1b8eb890e","name":"\u00c9der","image":{"@type":"ImageObject","inLanguage":"pt-BR","@id":"https:\/\/vanderloubet.com.br\/deputado\/wp-content\/litespeed\/avatar\/88ca4090d9d5ab1c9495f6ca03b68efa.jpg?ver=1777058957","url":"https:\/\/vanderloubet.com.br\/deputado\/wp-content\/litespeed\/avatar\/88ca4090d9d5ab1c9495f6ca03b68efa.jpg?ver=1777058957","contentUrl":"https:\/\/vanderloubet.com.br\/deputado\/wp-content\/litespeed\/avatar\/88ca4090d9d5ab1c9495f6ca03b68efa.jpg?ver=1777058957","caption":"\u00c9der"}}]}},"jetpack_featured_media_url":"https:\/\/vanderloubet.com.br\/deputado\/wp-content\/uploads\/2019\/12\/foto-2019-12-10-internet-banda-larga.jpg","jetpack_sharing_enabled":true,"_links":{"self":[{"href":"https:\/\/vanderloubet.com.br\/deputado\/wp-json\/wp\/v2\/posts\/16240","targetHints":{"allow":["GET"]}}],"collection":[{"href":"https:\/\/vanderloubet.com.br\/deputado\/wp-json\/wp\/v2\/posts"}],"about":[{"href":"https:\/\/vanderloubet.com.br\/deputado\/wp-json\/wp\/v2\/types\/post"}],"author":[{"embeddable":true,"href":"https:\/\/vanderloubet.com.br\/deputado\/wp-json\/wp\/v2\/users\/2"}],"replies":[{"embeddable":true,"href":"https:\/\/vanderloubet.com.br\/deputado\/wp-json\/wp\/v2\/comments?post=16240"}],"version-history":[{"count":0,"href":"https:\/\/vanderloubet.com.br\/deputado\/wp-json\/wp\/v2\/posts\/16240\/revisions"}],"wp:featuredmedia":[{"embeddable":true,"href":"https:\/\/vanderloubet.com.br\/deputado\/wp-json\/wp\/v2\/media\/16242"}],"wp:attachment":[{"href":"https:\/\/vanderloubet.com.br\/deputado\/wp-json\/wp\/v2\/media?parent=16240"}],"wp:term":[{"taxonomy":"category","embeddable":true,"href":"https:\/\/vanderloubet.com.br\/deputado\/wp-json\/wp\/v2\/categories?post=16240"},{"taxonomy":"post_tag","embeddable":true,"href":"https:\/\/vanderloubet.com.br\/deputado\/wp-json\/wp\/v2\/tags?post=16240"}],"curies":[{"name":"wp","href":"https:\/\/api.w.org\/{rel}","templated":true}]}}