{"id":16200,"date":"2019-12-03T20:19:08","date_gmt":"2019-12-04T00:19:08","guid":{"rendered":"http:\/\/vanderloubet.com.br\/deputado\/?p=16200"},"modified":"2019-12-18T14:40:07","modified_gmt":"2019-12-18T18:40:07","slug":"projetos-na-ufms-com-emendas-de-vander-e-zeca-avancam","status":"publish","type":"post","link":"https:\/\/vanderloubet.com.br\/deputado\/projetos-na-ufms-com-emendas-de-vander-e-zeca-avancam\/","title":{"rendered":"Projetos na UFMS com emendas de Vander e Zeca avan\u00e7am"},"content":{"rendered":"<p>O mandato do deputado federal Vander Loubet fez reuni\u00f5es com professores e pesquisadores da Universidade Federal de Mato Grosso do Sul (UFMS) na semana passada para acompanhamento dos projetos em andamento financiados por emendas parlamentares de sua autoria e do ex-deputado federal Zeca do PT.<\/p>\n<p>Nos encontros, o deputado Vander foi representado pelo seu chefe do gabinete em Bras\u00edlia, Ido Michels. Por meio das emendas foi poss\u00edvel viabilizar em 2019 o valor de R$ 820 mil para projetos de extens\u00e3o que promovem a integra\u00e7\u00e3o da UFMS com a popula\u00e7\u00e3o. Durante as conversas, a estrutura dos projetos foi apresentada pelos pesquisadores, bem como o impacto positivo das a\u00e7\u00f5es para a comunidade interna e externa da Universidade.<\/p>\n<p><strong>Corredor Bioce\u00e2nico<\/strong><\/p>\n<p>O Corredor Bioce\u00e2nico prev\u00ea a liga\u00e7\u00e3o rodovi\u00e1ria do Paraguai, Argentina, Brasil e Chile desde a costa do Oceano Atl\u00e2ntico at\u00e9 a costa do Oceano Pac\u00edfico. A rota facilitar\u00e1 a log\u00edstica entre os pa\u00edses, reduzindo o tempo e os gastos com transporte, al\u00e9m de estreitar os la\u00e7os culturais entre os quatro pa\u00edses.<\/p>\n<p>Para contribuir com essa grandiosa obra, a UFMS far\u00e1 um estudo a respeito dos seus impactos e oportunidades em Mato Grosso do Sul.<\/p>\n<p>O professor doutor Erick Wilke, coordenador do estudo da UFMS, viajou pela rota e detalhou algumas particularidades do projeto, como um trecho de estrada de aproximadamente 700 km no Paraguai que ainda precisa de pavimenta\u00e7\u00e3o e a import\u00e2ncia da rota al\u00e9m das quest\u00f5es econ\u00f4micas, enfatizando que ela facilitar\u00e1 o interc\u00e2mbio cultural, com a venda de produtos locais dos pa\u00edses envolvidos. Durante a reuni\u00e3o tamb\u00e9m esteve presente o assessor parlamentar Valteci de Castro (Mineiro).<\/p>\n<p>Para esse estudo, a UFMS contar\u00e1 inicialmente com R$ 354,4 mil.<\/p>\n<p><strong>Cl\u00ednicas Jur\u00eddicas e de Cidadania<\/strong><\/p>\n<p>Levar o Direito at\u00e9 a popula\u00e7\u00e3o \u00e9 a base desse projeto, com a possibilidade de consulta de processos e orienta\u00e7\u00f5es jur\u00eddicas por meio de assist\u00eancia e equipes nos bairros. A coordenadora do projeto, professora doutora Ynes da Silva F\u00e9lix, informou que haver\u00e1 encaminhamento, em alguns casos, ao Escrit\u00f3rio Modelo de Assist\u00eancia Judici\u00e1ria da Faculdade de Direito da UFMS para que as orienta\u00e7\u00f5es sejam mais completas. O assessor parlamentar Vagner Campos, que \u00e9 colaborador do projeto, esteve presente na reuni\u00e3o.<\/p>\n<p>Esse projeto receber\u00e1 recursos da ordem de R$ 116,4 mil.<\/p>\n<p><strong>Agricultura Periurbana em Comunidades Ind\u00edgenas no Mato Grosso do Sul<\/strong><\/p>\n<p>Lan\u00e7ada em dezembro de 2018, a iniciativa de instala\u00e7\u00e3o de hortas em comunidades ind\u00edgenas de Mato Grosso do Sul foi in\u00e9dita. Ao todo, 37 estufas est\u00e3o sendo distribu\u00eddas em 17 comunidades para fomentar a autonomia financeira das fam\u00edlias, por meio da comercializa\u00e7\u00e3o das hortali\u00e7as produzidas. Estiveram na reuni\u00e3o a professora doutora Vanderleia Paes Leite Mussi, o professor doutor Edson Antonio Batista, o colaborador do mandato Humberto de Mello Pereira e o assessor parlamentar Dionedison Terena.<\/p>\n<p>A primeira etapa do projeto recebeu R$ 500 mil de emendas de Vander Loubet e Zeca do PT. Para uma nova etapa a iniciativa receber\u00e1 mais R$ 166,4 mil.<\/p>\n<p><strong>Mercado Escola<\/strong><\/p>\n<p>Com constru\u00e7\u00e3o j\u00e1 em andamento na Cidade Universit\u00e1ria, o Mercado Escola \u00e9 um espa\u00e7o para que os pequenos produtores possam comercializar os seus produtos e receber acompanhamento e capacita\u00e7\u00e3o para melhorar a produ\u00e7\u00e3o. Em setembro deste ano, foi entregue uma patrulha mecanizada ao projeto, tamb\u00e9m fruto de emenda parlamentar do deputado Vander e do ex-deputado Zeca do PT. O projeto tem coordena\u00e7\u00e3o de Mirian Coura Aveiro. Participaram da reuni\u00e3o o colaborador do mandato Humberto de Mello Pereira e o pr\u00f3-reitor de Extens\u00e3o, Cultura e Esporte (Proece), Marcelo Fernandes Pereira.<\/p>\n<p>Ao todo, a obra do Mercado Escola recebeu R$ 3 milh\u00f5es em emendas.<\/p>\n<p><strong>Extens\u00e3o Cultural <\/strong><\/p>\n<p>Est\u00e3o previstos (ainda em fase de estrutura\u00e7\u00e3o) projetos que contemplam a \u00e1rea cultural, como uma oficina de percuss\u00e3o e de viol\u00f5es em parceria com o Curso de M\u00fasica da UFMS. Est\u00e3o \u00e0 frente destes projetos o assessor parlamentar Walber Noleto e o professor e pr\u00f3-reitor de Extens\u00e3o, Cultura e Esporte (Proece), Marcelo Fernandes Pereira.<\/p>\n<p>O investimento nessas iniciativas ser\u00e1 de R$ 166,4 mil.<\/p>\n<p><em>Carol Caco<br \/>\n<\/em><\/p>\n\r\n                <style type=\"text\/css\">\r\n                    \r\n                    #tdi_1  .td-doubleSlider-2 .td-item1 {\r\n                        background: url(https:\/\/vanderloubet.com.br\/deputado\/wp-content\/uploads\/2019\/12\/1-IMG_2433-80x60.jpg) 0 0 no-repeat;\r\n                    }\r\n                    #tdi_1  .td-doubleSlider-2 .td-item2 {\r\n                        background: url(https:\/\/vanderloubet.com.br\/deputado\/wp-content\/uploads\/2019\/12\/2-IMG_2440-80x60.jpg) 0 0 no-repeat;\r\n                    }\r\n                    #tdi_1  .td-doubleSlider-2 .td-item3 {\r\n                        background: url(https:\/\/vanderloubet.com.br\/deputado\/wp-content\/uploads\/2019\/12\/3-IMG_2441-80x60.jpg) 0 0 no-repeat;\r\n                    }\r\n                    #tdi_1  .td-doubleSlider-2 .td-item4 {\r\n                        background: url(https:\/\/vanderloubet.com.br\/deputado\/wp-content\/uploads\/2019\/12\/4-IMG_2446-80x60.jpg) 0 0 no-repeat;\r\n                    }\r\n                <\/style>\r\n\r\n                <div id=\"tdi_1\" class=\"td-gallery td-slide-on-2-columns\">\r\n                    <div class=\"post_td_gallery\">\r\n                        <div class=\"td-gallery-slide-top\">\r\n                           <div class=\"td-gallery-title\"><\/div>\r\n\r\n                            <div class=\"td-gallery-controls-wrapper\">\r\n                                <div class=\"td-gallery-slide-count\"><span class=\"td-gallery-slide-item-focus\">1<\/span> de 4<\/div>\r\n                                <div class=\"td-gallery-slide-prev-next-but\">\r\n                                    <i class = \"td-icon-left doubleSliderPrevButton\"><\/i>\r\n                                    <i class = \"td-icon-right doubleSliderNextButton\"><\/i>\r\n                                <\/div>\r\n                            <\/div>\r\n                        <\/div>\r\n\r\n                        <div class = \"td-doubleSlider-1 \">\r\n                            <div class = \"td-slider\">\r\n                                \r\n                    <div class = \"td-slide-item td-item1\">\r\n                        <figure class=\"td-slide-galery-figure td-slide-popup-gallery\">\r\n                            <a class=\"slide-gallery-image-link\" href=\"https:\/\/vanderloubet.com.br\/deputado\/wp-content\/uploads\/2019\/12\/1-IMG_2433-scaled.jpg\" title=\"Erick, Ido e Mineiro, durante reuni\u00e3o na UFMS sobre o estudo do Corredor Bioce\u00e2nico\"  data-caption=\"Erick, Ido e Mineiro, durante reuni\u00e3o na UFMS sobre o estudo do Corredor Bioce\u00e2nico\"  data-description=\"\">\r\n                                <img decoding=\"async\" src=\"https:\/\/vanderloubet.com.br\/deputado\/wp-content\/uploads\/2019\/12\/1-IMG_2433-630x420.jpg\" srcset=\"https:\/\/vanderloubet.com.br\/deputado\/wp-content\/uploads\/2019\/12\/1-IMG_2433-630x420.jpg 630w, https:\/\/vanderloubet.com.br\/deputado\/wp-content\/uploads\/2019\/12\/1-IMG_2433-700x467.jpg 700w, https:\/\/vanderloubet.com.br\/deputado\/wp-content\/uploads\/2019\/12\/1-IMG_2433-350x233.jpg 350w, https:\/\/vanderloubet.com.br\/deputado\/wp-content\/uploads\/2019\/12\/1-IMG_2433-768x512.jpg 768w, https:\/\/vanderloubet.com.br\/deputado\/wp-content\/uploads\/2019\/12\/1-IMG_2433-1536x1024.jpg 1536w, https:\/\/vanderloubet.com.br\/deputado\/wp-content\/uploads\/2019\/12\/1-IMG_2433-2048x1365.jpg 2048w, https:\/\/vanderloubet.com.br\/deputado\/wp-content\/uploads\/2019\/12\/1-IMG_2433-696x464.jpg 696w, https:\/\/vanderloubet.com.br\/deputado\/wp-content\/uploads\/2019\/12\/1-IMG_2433-1068x712.jpg 1068w\" sizes=\"(max-width: 630px) 100vw, 630px\" alt=\"Erick, Ido e Mineiro, durante reuni&atilde;o na UFMS sobre o estudo do Corredor Bioce&acirc;nico\">\r\n                            <\/a>\r\n                            <figcaption class = \"td-slide-caption td-gallery-slide-content\"><div class = \"td-gallery-slide-copywrite\">Erick, Ido e Mineiro, durante reuni\u00e3o na UFMS sobre o estudo do Corredor Bioce\u00e2nico<\/div><\/figcaption>\r\n                        <\/figure>\r\n                    <\/div>\r\n                    <div class = \"td-slide-item td-item2\">\r\n                        <figure class=\"td-slide-galery-figure td-slide-popup-gallery\">\r\n                            <a class=\"slide-gallery-image-link\" href=\"https:\/\/vanderloubet.com.br\/deputado\/wp-content\/uploads\/2019\/12\/2-IMG_2440-scaled.jpg\" title=\"Cl\u00ednicas Jur\u00eddicas\"  data-caption=\"\"  data-description=\"\">\r\n                                <img decoding=\"async\" src=\"https:\/\/vanderloubet.com.br\/deputado\/wp-content\/uploads\/2019\/12\/2-IMG_2440-630x420.jpg\" srcset=\"https:\/\/vanderloubet.com.br\/deputado\/wp-content\/uploads\/2019\/12\/2-IMG_2440-630x420.jpg 630w, https:\/\/vanderloubet.com.br\/deputado\/wp-content\/uploads\/2019\/12\/2-IMG_2440-2048x1365.jpg 2048w, https:\/\/vanderloubet.com.br\/deputado\/wp-content\/uploads\/2019\/12\/2-IMG_2440-350x233.jpg 350w, https:\/\/vanderloubet.com.br\/deputado\/wp-content\/uploads\/2019\/12\/2-IMG_2440-768x512.jpg 768w, https:\/\/vanderloubet.com.br\/deputado\/wp-content\/uploads\/2019\/12\/2-IMG_2440-700x467.jpg 700w, https:\/\/vanderloubet.com.br\/deputado\/wp-content\/uploads\/2019\/12\/2-IMG_2440-1536x1024.jpg 1536w, https:\/\/vanderloubet.com.br\/deputado\/wp-content\/uploads\/2019\/12\/2-IMG_2440-696x464.jpg 696w, https:\/\/vanderloubet.com.br\/deputado\/wp-content\/uploads\/2019\/12\/2-IMG_2440-1068x712.jpg 1068w\" sizes=\"(max-width: 630px) 100vw, 630px\" alt=\"\">\r\n                            <\/a>\r\n                            \r\n                        <\/figure>\r\n                    <\/div>\r\n                    <div class = \"td-slide-item td-item3\">\r\n                        <figure class=\"td-slide-galery-figure td-slide-popup-gallery\">\r\n                            <a class=\"slide-gallery-image-link\" href=\"https:\/\/vanderloubet.com.br\/deputado\/wp-content\/uploads\/2019\/12\/3-IMG_2441-scaled.jpg\" title=\"Horta Periurbana e Mercado Escola\"  data-caption=\"Horta Periurbana e Mercado Escola\"  data-description=\"\">\r\n                                <img decoding=\"async\" src=\"https:\/\/vanderloubet.com.br\/deputado\/wp-content\/uploads\/2019\/12\/3-IMG_2441-630x420.jpg\" srcset=\"https:\/\/vanderloubet.com.br\/deputado\/wp-content\/uploads\/2019\/12\/3-IMG_2441-630x420.jpg 630w, https:\/\/vanderloubet.com.br\/deputado\/wp-content\/uploads\/2019\/12\/3-IMG_2441-2048x1365.jpg 2048w, https:\/\/vanderloubet.com.br\/deputado\/wp-content\/uploads\/2019\/12\/3-IMG_2441-350x233.jpg 350w, https:\/\/vanderloubet.com.br\/deputado\/wp-content\/uploads\/2019\/12\/3-IMG_2441-768x512.jpg 768w, https:\/\/vanderloubet.com.br\/deputado\/wp-content\/uploads\/2019\/12\/3-IMG_2441-700x467.jpg 700w, https:\/\/vanderloubet.com.br\/deputado\/wp-content\/uploads\/2019\/12\/3-IMG_2441-1536x1024.jpg 1536w, https:\/\/vanderloubet.com.br\/deputado\/wp-content\/uploads\/2019\/12\/3-IMG_2441-696x464.jpg 696w, https:\/\/vanderloubet.com.br\/deputado\/wp-content\/uploads\/2019\/12\/3-IMG_2441-1068x712.jpg 1068w\" sizes=\"(max-width: 630px) 100vw, 630px\" alt=\"\">\r\n                            <\/a>\r\n                            <figcaption class = \"td-slide-caption td-gallery-slide-content\"><div class = \"td-gallery-slide-copywrite\">Horta Periurbana e Mercado Escola<\/div><\/figcaption>\r\n                        <\/figure>\r\n                    <\/div>\r\n                    <div class = \"td-slide-item td-item4\">\r\n                        <figure class=\"td-slide-galery-figure td-slide-popup-gallery\">\r\n                            <a class=\"slide-gallery-image-link\" href=\"https:\/\/vanderloubet.com.br\/deputado\/wp-content\/uploads\/2019\/12\/4-IMG_2446-scaled.jpg\" title=\"Extens\u00e3o Cultural\"  data-caption=\"Extens\u00e3o Cultural\"  data-description=\"\">\r\n                                <img decoding=\"async\" src=\"https:\/\/vanderloubet.com.br\/deputado\/wp-content\/uploads\/2019\/12\/4-IMG_2446-619x420.jpg\" srcset=\"https:\/\/vanderloubet.com.br\/deputado\/wp-content\/uploads\/2019\/12\/4-IMG_2446-619x420.jpg 619w, https:\/\/vanderloubet.com.br\/deputado\/wp-content\/uploads\/2019\/12\/4-IMG_2446-2048x1390.jpg 2048w, https:\/\/vanderloubet.com.br\/deputado\/wp-content\/uploads\/2019\/12\/4-IMG_2446-696x472.jpg 696w, https:\/\/vanderloubet.com.br\/deputado\/wp-content\/uploads\/2019\/12\/4-IMG_2446-1068x725.jpg 1068w, https:\/\/vanderloubet.com.br\/deputado\/wp-content\/uploads\/2019\/12\/4-IMG_2446-350x238.jpg 350w, https:\/\/vanderloubet.com.br\/deputado\/wp-content\/uploads\/2019\/12\/4-IMG_2446-768x521.jpg 768w, https:\/\/vanderloubet.com.br\/deputado\/wp-content\/uploads\/2019\/12\/4-IMG_2446-700x475.jpg 700w, https:\/\/vanderloubet.com.br\/deputado\/wp-content\/uploads\/2019\/12\/4-IMG_2446-1536x1043.jpg 1536w\" sizes=\"(max-width: 619px) 100vw, 619px\" alt=\"\">\r\n                            <\/a>\r\n                            <figcaption class = \"td-slide-caption td-gallery-slide-content\"><div class = \"td-gallery-slide-copywrite\">Extens\u00e3o Cultural<\/div><\/figcaption>\r\n                        <\/figure>\r\n                    <\/div>\r\n                            <\/div>\r\n                        <\/div>\r\n\r\n                        <div class = \"td-doubleSlider-2\">\r\n                            <div class = \"td-slider\">\r\n                                \r\n                    <div class = \"td-button td-item1\">\r\n                        <div class = \"td-border\"><\/div>\r\n                    <\/div>\r\n                    <div class = \"td-button td-item2\">\r\n                        <div class = \"td-border\"><\/div>\r\n                    <\/div>\r\n                    <div class = \"td-button td-item3\">\r\n                        <div class = \"td-border\"><\/div>\r\n                    <\/div>\r\n                    <div class = \"td-button td-item4\">\r\n                        <div class = \"td-border\"><\/div>\r\n                    <\/div>\r\n                            <\/div>\r\n                        <\/div>\r\n\r\n                    <\/div>\r\n\r\n                <\/div>\r\n                \n","protected":false},"excerpt":{"rendered":"<p>Mercado Escola, estudo sobre o Corredor Bioce\u00e2nico e Agricultura Periurbana em Comunidades Ind\u00edgenas est\u00e3o entre os projetos.<\/p>\n","protected":false},"author":2,"featured_media":16202,"comment_status":"closed","ping_status":"closed","sticky":false,"template":"","format":"standard","meta":{"jetpack_post_was_ever_published":false,"_jetpack_newsletter_access":"","_jetpack_dont_email_post_to_subs":false,"_jetpack_newsletter_tier_id":0,"_jetpack_memberships_contains_paywalled_content":false,"_jetpack_memberships_contains_paid_content":false,"footnotes":""},"categories":[2099,10],"tags":[2373,2423,562,697,2127,2327,2002],"class_list":{"0":"post-16200","1":"post","2":"type-post","3":"status-publish","4":"format-standard","5":"has-post-thumbnail","7":"category-ms-noticias","8":"category-noticias","9":"tag-aldeia-indigena","10":"tag-corredor-bioceanico","11":"tag-cultura","12":"tag-educacao","13":"tag-emenda-parlamentar","14":"tag-ensino-superior","15":"tag-ufms"},"yoast_head":"<!-- This site is optimized with the Yoast SEO plugin v27.4 - https:\/\/yoast.com\/product\/yoast-seo-wordpress\/ -->\n<title>Projetos na UFMS com emendas de Vander e Zeca avan\u00e7am<\/title>\n<meta name=\"description\" content=\"Mercado Escola, estudo sobre o Corredor Bioce\u00e2nico e Agricultura Periurbana em Comunidades Ind\u00edgenas est\u00e3o entre os projetos.\" \/>\n<meta name=\"robots\" content=\"index, follow, max-snippet:-1, max-image-preview:large, max-video-preview:-1\" \/>\n<link rel=\"canonical\" href=\"https:\/\/vanderloubet.com.br\/deputado\/projetos-na-ufms-com-emendas-de-vander-e-zeca-avancam\/\" \/>\n<meta property=\"og:locale\" content=\"pt_BR\" \/>\n<meta property=\"og:type\" content=\"article\" \/>\n<meta property=\"og:title\" content=\"Projetos na UFMS com emendas de Vander e Zeca avan\u00e7am\" \/>\n<meta property=\"og:description\" content=\"Mercado Escola, estudo sobre o Corredor Bioce\u00e2nico e Agricultura Periurbana em Comunidades Ind\u00edgenas est\u00e3o entre os projetos.\" \/>\n<meta property=\"og:url\" content=\"https:\/\/vanderloubet.com.br\/deputado\/projetos-na-ufms-com-emendas-de-vander-e-zeca-avancam\/\" \/>\n<meta property=\"og:site_name\" content=\"Deputado Federal Vander Loubet\" \/>\n<meta property=\"article:publisher\" content=\"https:\/\/facebook.com\/deputadovander\" \/>\n<meta property=\"article:published_time\" content=\"2019-12-04T00:19:08+00:00\" \/>\n<meta property=\"article:modified_time\" content=\"2019-12-18T18:40:07+00:00\" \/>\n<meta property=\"og:image\" content=\"https:\/\/vanderloubet.com.br\/deputado\/wp-content\/uploads\/2019\/12\/2-IMG_2440-scaled.jpg\" \/>\n\t<meta property=\"og:image:width\" content=\"2560\" \/>\n\t<meta property=\"og:image:height\" content=\"1707\" \/>\n\t<meta property=\"og:image:type\" content=\"image\/jpeg\" \/>\n<meta name=\"author\" content=\"\u00c9der\" \/>\n<meta name=\"twitter:card\" content=\"summary_large_image\" \/>\n<meta name=\"twitter:creator\" content=\"@vanderloubet\" \/>\n<meta name=\"twitter:site\" content=\"@vanderloubet\" \/>\n<script type=\"application\/ld+json\" class=\"yoast-schema-graph\">{\"@context\":\"https:\\\/\\\/schema.org\",\"@graph\":[{\"@type\":\"Article\",\"@id\":\"https:\\\/\\\/vanderloubet.com.br\\\/deputado\\\/projetos-na-ufms-com-emendas-de-vander-e-zeca-avancam\\\/#article\",\"isPartOf\":{\"@id\":\"https:\\\/\\\/vanderloubet.com.br\\\/deputado\\\/projetos-na-ufms-com-emendas-de-vander-e-zeca-avancam\\\/\"},\"author\":{\"name\":\"\u00c9der\",\"@id\":\"https:\\\/\\\/vanderloubet.com.br\\\/deputado\\\/#\\\/schema\\\/person\\\/15b51bd564532a8a68d9dec1b8eb890e\"},\"headline\":\"Projetos na UFMS com emendas de Vander e Zeca avan\u00e7am\",\"datePublished\":\"2019-12-04T00:19:08+00:00\",\"dateModified\":\"2019-12-18T18:40:07+00:00\",\"mainEntityOfPage\":{\"@id\":\"https:\\\/\\\/vanderloubet.com.br\\\/deputado\\\/projetos-na-ufms-com-emendas-de-vander-e-zeca-avancam\\\/\"},\"wordCount\":726,\"publisher\":{\"@id\":\"https:\\\/\\\/vanderloubet.com.br\\\/deputado\\\/#organization\"},\"image\":{\"@id\":\"https:\\\/\\\/vanderloubet.com.br\\\/deputado\\\/projetos-na-ufms-com-emendas-de-vander-e-zeca-avancam\\\/#primaryimage\"},\"thumbnailUrl\":\"https:\\\/\\\/vanderloubet.com.br\\\/deputado\\\/wp-content\\\/uploads\\\/2019\\\/12\\\/2-IMG_2440-scaled.jpg\",\"keywords\":[\"aldeia ind\u00edgena\",\"corredor bioce\u00e2nico\",\"cultura\",\"educa\u00e7\u00e3o\",\"emenda parlamentar\",\"ensino superior\",\"ufms\"],\"articleSection\":[\"Mato Grosso do Sul\",\"Not\u00edcias\"],\"inLanguage\":\"pt-BR\"},{\"@type\":\"WebPage\",\"@id\":\"https:\\\/\\\/vanderloubet.com.br\\\/deputado\\\/projetos-na-ufms-com-emendas-de-vander-e-zeca-avancam\\\/\",\"url\":\"https:\\\/\\\/vanderloubet.com.br\\\/deputado\\\/projetos-na-ufms-com-emendas-de-vander-e-zeca-avancam\\\/\",\"name\":\"Projetos na UFMS com emendas de Vander e Zeca avan\u00e7am\",\"isPartOf\":{\"@id\":\"https:\\\/\\\/vanderloubet.com.br\\\/deputado\\\/#website\"},\"primaryImageOfPage\":{\"@id\":\"https:\\\/\\\/vanderloubet.com.br\\\/deputado\\\/projetos-na-ufms-com-emendas-de-vander-e-zeca-avancam\\\/#primaryimage\"},\"image\":{\"@id\":\"https:\\\/\\\/vanderloubet.com.br\\\/deputado\\\/projetos-na-ufms-com-emendas-de-vander-e-zeca-avancam\\\/#primaryimage\"},\"thumbnailUrl\":\"https:\\\/\\\/vanderloubet.com.br\\\/deputado\\\/wp-content\\\/uploads\\\/2019\\\/12\\\/2-IMG_2440-scaled.jpg\",\"datePublished\":\"2019-12-04T00:19:08+00:00\",\"dateModified\":\"2019-12-18T18:40:07+00:00\",\"description\":\"Mercado Escola, estudo sobre o Corredor Bioce\u00e2nico e Agricultura Periurbana em Comunidades Ind\u00edgenas est\u00e3o entre os projetos.\",\"breadcrumb\":{\"@id\":\"https:\\\/\\\/vanderloubet.com.br\\\/deputado\\\/projetos-na-ufms-com-emendas-de-vander-e-zeca-avancam\\\/#breadcrumb\"},\"inLanguage\":\"pt-BR\",\"potentialAction\":[{\"@type\":\"ReadAction\",\"target\":[\"https:\\\/\\\/vanderloubet.com.br\\\/deputado\\\/projetos-na-ufms-com-emendas-de-vander-e-zeca-avancam\\\/\"]}]},{\"@type\":\"ImageObject\",\"inLanguage\":\"pt-BR\",\"@id\":\"https:\\\/\\\/vanderloubet.com.br\\\/deputado\\\/projetos-na-ufms-com-emendas-de-vander-e-zeca-avancam\\\/#primaryimage\",\"url\":\"https:\\\/\\\/vanderloubet.com.br\\\/deputado\\\/wp-content\\\/uploads\\\/2019\\\/12\\\/2-IMG_2440-scaled.jpg\",\"contentUrl\":\"https:\\\/\\\/vanderloubet.com.br\\\/deputado\\\/wp-content\\\/uploads\\\/2019\\\/12\\\/2-IMG_2440-scaled.jpg\",\"width\":2560,\"height\":1707},{\"@type\":\"BreadcrumbList\",\"@id\":\"https:\\\/\\\/vanderloubet.com.br\\\/deputado\\\/projetos-na-ufms-com-emendas-de-vander-e-zeca-avancam\\\/#breadcrumb\",\"itemListElement\":[{\"@type\":\"ListItem\",\"position\":1,\"name\":\"In\u00edcio\",\"item\":\"https:\\\/\\\/vanderloubet.com.br\\\/deputado\\\/\"},{\"@type\":\"ListItem\",\"position\":2,\"name\":\"Projetos na UFMS com emendas de Vander e Zeca avan\u00e7am\"}]},{\"@type\":\"WebSite\",\"@id\":\"https:\\\/\\\/vanderloubet.com.br\\\/deputado\\\/#website\",\"url\":\"https:\\\/\\\/vanderloubet.com.br\\\/deputado\\\/\",\"name\":\"Deputado Federal Vander Loubet\",\"description\":\"O Federal de MS\",\"publisher\":{\"@id\":\"https:\\\/\\\/vanderloubet.com.br\\\/deputado\\\/#organization\"},\"alternateName\":\"Deputado Vander\",\"potentialAction\":[{\"@type\":\"SearchAction\",\"target\":{\"@type\":\"EntryPoint\",\"urlTemplate\":\"https:\\\/\\\/vanderloubet.com.br\\\/deputado\\\/?s={search_term_string}\"},\"query-input\":{\"@type\":\"PropertyValueSpecification\",\"valueRequired\":true,\"valueName\":\"search_term_string\"}}],\"inLanguage\":\"pt-BR\"},{\"@type\":\"Organization\",\"@id\":\"https:\\\/\\\/vanderloubet.com.br\\\/deputado\\\/#organization\",\"name\":\"Deputado Federal Vander Loubet\",\"alternateName\":\"Deputado Vander\",\"url\":\"https:\\\/\\\/vanderloubet.com.br\\\/deputado\\\/\",\"logo\":{\"@type\":\"ImageObject\",\"inLanguage\":\"pt-BR\",\"@id\":\"https:\\\/\\\/vanderloubet.com.br\\\/deputado\\\/#\\\/schema\\\/logo\\\/image\\\/\",\"url\":\"https:\\\/\\\/vanderloubet.com.br\\\/deputado\\\/wp-content\\\/uploads\\\/2023\\\/06\\\/foto-2023-06-19-mandato-deputado-vander.jpg\",\"contentUrl\":\"https:\\\/\\\/vanderloubet.com.br\\\/deputado\\\/wp-content\\\/uploads\\\/2023\\\/06\\\/foto-2023-06-19-mandato-deputado-vander.jpg\",\"width\":1080,\"height\":1080,\"caption\":\"Deputado Federal Vander Loubet\"},\"image\":{\"@id\":\"https:\\\/\\\/vanderloubet.com.br\\\/deputado\\\/#\\\/schema\\\/logo\\\/image\\\/\"},\"sameAs\":[\"https:\\\/\\\/facebook.com\\\/deputadovander\",\"https:\\\/\\\/x.com\\\/vanderloubet\",\"https:\\\/\\\/instagram.com\\\/vanderloubet\",\"https:\\\/\\\/youtube.com\\\/vanderloubet\",\"https:\\\/\\\/tiktok.com\\\/@vanderloubetms\"]},{\"@type\":\"Person\",\"@id\":\"https:\\\/\\\/vanderloubet.com.br\\\/deputado\\\/#\\\/schema\\\/person\\\/15b51bd564532a8a68d9dec1b8eb890e\",\"name\":\"\u00c9der\",\"image\":{\"@type\":\"ImageObject\",\"inLanguage\":\"pt-BR\",\"@id\":\"https:\\\/\\\/vanderloubet.com.br\\\/deputado\\\/wp-content\\\/litespeed\\\/avatar\\\/88ca4090d9d5ab1c9495f6ca03b68efa.jpg?ver=1777058957\",\"url\":\"https:\\\/\\\/vanderloubet.com.br\\\/deputado\\\/wp-content\\\/litespeed\\\/avatar\\\/88ca4090d9d5ab1c9495f6ca03b68efa.jpg?ver=1777058957\",\"contentUrl\":\"https:\\\/\\\/vanderloubet.com.br\\\/deputado\\\/wp-content\\\/litespeed\\\/avatar\\\/88ca4090d9d5ab1c9495f6ca03b68efa.jpg?ver=1777058957\",\"caption\":\"\u00c9der\"}}]}<\/script>\n<!-- \/ Yoast SEO plugin. -->","yoast_head_json":{"title":"Projetos na UFMS com emendas de Vander e Zeca avan\u00e7am","description":"Mercado Escola, estudo sobre o Corredor Bioce\u00e2nico e Agricultura Periurbana em Comunidades Ind\u00edgenas est\u00e3o entre os projetos.","robots":{"index":"index","follow":"follow","max-snippet":"max-snippet:-1","max-image-preview":"max-image-preview:large","max-video-preview":"max-video-preview:-1"},"canonical":"https:\/\/vanderloubet.com.br\/deputado\/projetos-na-ufms-com-emendas-de-vander-e-zeca-avancam\/","og_locale":"pt_BR","og_type":"article","og_title":"Projetos na UFMS com emendas de Vander e Zeca avan\u00e7am","og_description":"Mercado Escola, estudo sobre o Corredor Bioce\u00e2nico e Agricultura Periurbana em Comunidades Ind\u00edgenas est\u00e3o entre os projetos.","og_url":"https:\/\/vanderloubet.com.br\/deputado\/projetos-na-ufms-com-emendas-de-vander-e-zeca-avancam\/","og_site_name":"Deputado Federal Vander Loubet","article_publisher":"https:\/\/facebook.com\/deputadovander","article_published_time":"2019-12-04T00:19:08+00:00","article_modified_time":"2019-12-18T18:40:07+00:00","og_image":[{"width":2560,"height":1707,"url":"https:\/\/vanderloubet.com.br\/deputado\/wp-content\/uploads\/2019\/12\/2-IMG_2440-scaled.jpg","type":"image\/jpeg"}],"author":"\u00c9der","twitter_card":"summary_large_image","twitter_creator":"@vanderloubet","twitter_site":"@vanderloubet","schema":{"@context":"https:\/\/schema.org","@graph":[{"@type":"Article","@id":"https:\/\/vanderloubet.com.br\/deputado\/projetos-na-ufms-com-emendas-de-vander-e-zeca-avancam\/#article","isPartOf":{"@id":"https:\/\/vanderloubet.com.br\/deputado\/projetos-na-ufms-com-emendas-de-vander-e-zeca-avancam\/"},"author":{"name":"\u00c9der","@id":"https:\/\/vanderloubet.com.br\/deputado\/#\/schema\/person\/15b51bd564532a8a68d9dec1b8eb890e"},"headline":"Projetos na UFMS com emendas de Vander e Zeca avan\u00e7am","datePublished":"2019-12-04T00:19:08+00:00","dateModified":"2019-12-18T18:40:07+00:00","mainEntityOfPage":{"@id":"https:\/\/vanderloubet.com.br\/deputado\/projetos-na-ufms-com-emendas-de-vander-e-zeca-avancam\/"},"wordCount":726,"publisher":{"@id":"https:\/\/vanderloubet.com.br\/deputado\/#organization"},"image":{"@id":"https:\/\/vanderloubet.com.br\/deputado\/projetos-na-ufms-com-emendas-de-vander-e-zeca-avancam\/#primaryimage"},"thumbnailUrl":"https:\/\/vanderloubet.com.br\/deputado\/wp-content\/uploads\/2019\/12\/2-IMG_2440-scaled.jpg","keywords":["aldeia ind\u00edgena","corredor bioce\u00e2nico","cultura","educa\u00e7\u00e3o","emenda parlamentar","ensino superior","ufms"],"articleSection":["Mato Grosso do Sul","Not\u00edcias"],"inLanguage":"pt-BR"},{"@type":"WebPage","@id":"https:\/\/vanderloubet.com.br\/deputado\/projetos-na-ufms-com-emendas-de-vander-e-zeca-avancam\/","url":"https:\/\/vanderloubet.com.br\/deputado\/projetos-na-ufms-com-emendas-de-vander-e-zeca-avancam\/","name":"Projetos na UFMS com emendas de Vander e Zeca avan\u00e7am","isPartOf":{"@id":"https:\/\/vanderloubet.com.br\/deputado\/#website"},"primaryImageOfPage":{"@id":"https:\/\/vanderloubet.com.br\/deputado\/projetos-na-ufms-com-emendas-de-vander-e-zeca-avancam\/#primaryimage"},"image":{"@id":"https:\/\/vanderloubet.com.br\/deputado\/projetos-na-ufms-com-emendas-de-vander-e-zeca-avancam\/#primaryimage"},"thumbnailUrl":"https:\/\/vanderloubet.com.br\/deputado\/wp-content\/uploads\/2019\/12\/2-IMG_2440-scaled.jpg","datePublished":"2019-12-04T00:19:08+00:00","dateModified":"2019-12-18T18:40:07+00:00","description":"Mercado Escola, estudo sobre o Corredor Bioce\u00e2nico e Agricultura Periurbana em Comunidades Ind\u00edgenas est\u00e3o entre os projetos.","breadcrumb":{"@id":"https:\/\/vanderloubet.com.br\/deputado\/projetos-na-ufms-com-emendas-de-vander-e-zeca-avancam\/#breadcrumb"},"inLanguage":"pt-BR","potentialAction":[{"@type":"ReadAction","target":["https:\/\/vanderloubet.com.br\/deputado\/projetos-na-ufms-com-emendas-de-vander-e-zeca-avancam\/"]}]},{"@type":"ImageObject","inLanguage":"pt-BR","@id":"https:\/\/vanderloubet.com.br\/deputado\/projetos-na-ufms-com-emendas-de-vander-e-zeca-avancam\/#primaryimage","url":"https:\/\/vanderloubet.com.br\/deputado\/wp-content\/uploads\/2019\/12\/2-IMG_2440-scaled.jpg","contentUrl":"https:\/\/vanderloubet.com.br\/deputado\/wp-content\/uploads\/2019\/12\/2-IMG_2440-scaled.jpg","width":2560,"height":1707},{"@type":"BreadcrumbList","@id":"https:\/\/vanderloubet.com.br\/deputado\/projetos-na-ufms-com-emendas-de-vander-e-zeca-avancam\/#breadcrumb","itemListElement":[{"@type":"ListItem","position":1,"name":"In\u00edcio","item":"https:\/\/vanderloubet.com.br\/deputado\/"},{"@type":"ListItem","position":2,"name":"Projetos na UFMS com emendas de Vander e Zeca avan\u00e7am"}]},{"@type":"WebSite","@id":"https:\/\/vanderloubet.com.br\/deputado\/#website","url":"https:\/\/vanderloubet.com.br\/deputado\/","name":"Deputado Federal Vander Loubet","description":"O Federal de MS","publisher":{"@id":"https:\/\/vanderloubet.com.br\/deputado\/#organization"},"alternateName":"Deputado Vander","potentialAction":[{"@type":"SearchAction","target":{"@type":"EntryPoint","urlTemplate":"https:\/\/vanderloubet.com.br\/deputado\/?s={search_term_string}"},"query-input":{"@type":"PropertyValueSpecification","valueRequired":true,"valueName":"search_term_string"}}],"inLanguage":"pt-BR"},{"@type":"Organization","@id":"https:\/\/vanderloubet.com.br\/deputado\/#organization","name":"Deputado Federal Vander Loubet","alternateName":"Deputado Vander","url":"https:\/\/vanderloubet.com.br\/deputado\/","logo":{"@type":"ImageObject","inLanguage":"pt-BR","@id":"https:\/\/vanderloubet.com.br\/deputado\/#\/schema\/logo\/image\/","url":"https:\/\/vanderloubet.com.br\/deputado\/wp-content\/uploads\/2023\/06\/foto-2023-06-19-mandato-deputado-vander.jpg","contentUrl":"https:\/\/vanderloubet.com.br\/deputado\/wp-content\/uploads\/2023\/06\/foto-2023-06-19-mandato-deputado-vander.jpg","width":1080,"height":1080,"caption":"Deputado Federal Vander Loubet"},"image":{"@id":"https:\/\/vanderloubet.com.br\/deputado\/#\/schema\/logo\/image\/"},"sameAs":["https:\/\/facebook.com\/deputadovander","https:\/\/x.com\/vanderloubet","https:\/\/instagram.com\/vanderloubet","https:\/\/youtube.com\/vanderloubet","https:\/\/tiktok.com\/@vanderloubetms"]},{"@type":"Person","@id":"https:\/\/vanderloubet.com.br\/deputado\/#\/schema\/person\/15b51bd564532a8a68d9dec1b8eb890e","name":"\u00c9der","image":{"@type":"ImageObject","inLanguage":"pt-BR","@id":"https:\/\/vanderloubet.com.br\/deputado\/wp-content\/litespeed\/avatar\/88ca4090d9d5ab1c9495f6ca03b68efa.jpg?ver=1777058957","url":"https:\/\/vanderloubet.com.br\/deputado\/wp-content\/litespeed\/avatar\/88ca4090d9d5ab1c9495f6ca03b68efa.jpg?ver=1777058957","contentUrl":"https:\/\/vanderloubet.com.br\/deputado\/wp-content\/litespeed\/avatar\/88ca4090d9d5ab1c9495f6ca03b68efa.jpg?ver=1777058957","caption":"\u00c9der"}}]}},"jetpack_featured_media_url":"https:\/\/vanderloubet.com.br\/deputado\/wp-content\/uploads\/2019\/12\/2-IMG_2440-scaled.jpg","jetpack_sharing_enabled":true,"_links":{"self":[{"href":"https:\/\/vanderloubet.com.br\/deputado\/wp-json\/wp\/v2\/posts\/16200","targetHints":{"allow":["GET"]}}],"collection":[{"href":"https:\/\/vanderloubet.com.br\/deputado\/wp-json\/wp\/v2\/posts"}],"about":[{"href":"https:\/\/vanderloubet.com.br\/deputado\/wp-json\/wp\/v2\/types\/post"}],"author":[{"embeddable":true,"href":"https:\/\/vanderloubet.com.br\/deputado\/wp-json\/wp\/v2\/users\/2"}],"replies":[{"embeddable":true,"href":"https:\/\/vanderloubet.com.br\/deputado\/wp-json\/wp\/v2\/comments?post=16200"}],"version-history":[{"count":0,"href":"https:\/\/vanderloubet.com.br\/deputado\/wp-json\/wp\/v2\/posts\/16200\/revisions"}],"wp:featuredmedia":[{"embeddable":true,"href":"https:\/\/vanderloubet.com.br\/deputado\/wp-json\/wp\/v2\/media\/16202"}],"wp:attachment":[{"href":"https:\/\/vanderloubet.com.br\/deputado\/wp-json\/wp\/v2\/media?parent=16200"}],"wp:term":[{"taxonomy":"category","embeddable":true,"href":"https:\/\/vanderloubet.com.br\/deputado\/wp-json\/wp\/v2\/categories?post=16200"},{"taxonomy":"post_tag","embeddable":true,"href":"https:\/\/vanderloubet.com.br\/deputado\/wp-json\/wp\/v2\/tags?post=16200"}],"curies":[{"name":"wp","href":"https:\/\/api.w.org\/{rel}","templated":true}]}}