{"id":16195,"date":"2019-11-29T19:38:43","date_gmt":"2019-11-29T23:38:43","guid":{"rendered":"http:\/\/vanderloubet.com.br\/deputado\/?p=16195"},"modified":"2019-11-29T19:43:36","modified_gmt":"2019-11-29T23:43:36","slug":"emenda-de-vander-e-zeca-garante-patrulha-mecanizada-para-aldeias-indigenas-de-porto-murtinho","status":"publish","type":"post","link":"https:\/\/vanderloubet.com.br\/deputado\/emenda-de-vander-e-zeca-garante-patrulha-mecanizada-para-aldeias-indigenas-de-porto-murtinho\/","title":{"rendered":"Emenda de Vander e Zeca garante patrulha mecanizada para aldeias ind\u00edgenas de Porto Murtinho"},"content":{"rendered":"<p><iframe title=\"Emenda de Vander e Zeca garante patrulha mecanizada para aldeias ind\u00edgenas de Porto Murtinho\" width=\"696\" height=\"522\" src=\"https:\/\/www.youtube.com\/embed\/80xJ_uf47zQ?feature=oembed\" frameborder=\"0\" allow=\"accelerometer; autoplay; encrypted-media; gyroscope; picture-in-picture\" allowfullscreen><\/iframe><\/p>\n<p>Na quinta-feira (28), a Prefeitura de Porto Murtinho formalizou a entrega de uma patrulha mecanizada para aldeias ind\u00edgenas viabilizada por emenda parlamentar do deputado federal Vander Loubet e do ex-deputado federal Zeca do PT.<\/p>\n<p>A entrega foi feita na Aldeia Tom\u00e1zia pelo prefeito Derlei Delevatti e pela vereadora F\u00e1tima Vidotte, proponentes da reivindica\u00e7\u00e3o feita a Vander e Zeca.<\/p>\n<p>O trator e os implementos agr\u00edcolas (grade aradora, grade niveladora e ro\u00e7adeira) foram adquiridos pelo Governo do Estado, por meio da Secretaria de Estado de Meio Ambiente, Desenvolvimento Econ\u00f4mico, Produ\u00e7\u00e3o e Agricultura Familiar (Semagro) e da Ag\u00eancia de Desenvolvimento Agr\u00e1rio e Extens\u00e3o Rural (Agraer).<\/p>\n<p>O conjunto est\u00e1 avaliado em cerca de R$ 200 mil e, sob a responsabilidade da Prefeitura de Porto Murtinho, vai atender as atividades produtivas das 150 fam\u00edlias ind\u00edgenas da etnia Guarani Kaiow\u00e1 das aldeias Tom\u00e1zia, Barro Preto, C\u00f3rrego de Ouro e Campina.<\/p>\n<p><em>(\u00c9der F. Yanaguita &#8211; Ascom\/Dep. Vander Loubet)<\/em><\/p>\n","protected":false},"excerpt":{"rendered":"<p>Trator e implementos agr\u00edcolas v\u00e3o atender as atividades produtivas de 150 fam\u00edlias ind\u00edgenas da etnia Guarani Kaiow\u00e1.<\/p>\n","protected":false},"author":2,"featured_media":16196,"comment_status":"closed","ping_status":"closed","sticky":false,"template":"","format":"video","meta":{"jetpack_post_was_ever_published":false,"_jetpack_newsletter_access":"","_jetpack_dont_email_post_to_subs":false,"_jetpack_newsletter_tier_id":0,"_jetpack_memberships_contains_paywalled_content":false,"_jetpack_memberships_contains_paid_content":false,"footnotes":""},"categories":[2101,2097,10,12],"tags":[2373,2127],"class_list":{"0":"post-16195","1":"post","2":"type-post","3":"status-publish","4":"format-video","5":"has-post-thumbnail","7":"category-multimidia","8":"category-municipios-noticias","9":"category-noticias","10":"category-videos","11":"tag-aldeia-indigena","12":"tag-emenda-parlamentar","13":"post_format-post-format-video"},"yoast_head":"<!-- This site is optimized with the Yoast SEO plugin v27.4 - https:\/\/yoast.com\/product\/yoast-seo-wordpress\/ -->\n<title>Emenda de Vander e Zeca garante patrulha mecanizada para aldeias ind\u00edgenas de Porto Murtinho<\/title>\n<meta name=\"description\" content=\"Trator e implementos agr\u00edcolas v\u00e3o atender as atividades produtivas de 150 fam\u00edlias ind\u00edgenas da etnia Guarani Kaiow\u00e1.\" \/>\n<meta name=\"robots\" content=\"index, follow, max-snippet:-1, max-image-preview:large, max-video-preview:-1\" \/>\n<link rel=\"canonical\" href=\"https:\/\/vanderloubet.com.br\/deputado\/emenda-de-vander-e-zeca-garante-patrulha-mecanizada-para-aldeias-indigenas-de-porto-murtinho\/\" \/>\n<meta property=\"og:locale\" content=\"pt_BR\" \/>\n<meta property=\"og:type\" content=\"article\" \/>\n<meta property=\"og:title\" content=\"Emenda de Vander e Zeca garante patrulha mecanizada para aldeias ind\u00edgenas de Porto Murtinho\" \/>\n<meta property=\"og:description\" content=\"Trator e implementos agr\u00edcolas v\u00e3o atender as atividades produtivas de 150 fam\u00edlias ind\u00edgenas da etnia Guarani Kaiow\u00e1.\" \/>\n<meta property=\"og:url\" content=\"https:\/\/vanderloubet.com.br\/deputado\/emenda-de-vander-e-zeca-garante-patrulha-mecanizada-para-aldeias-indigenas-de-porto-murtinho\/\" \/>\n<meta property=\"og:site_name\" content=\"Deputado Federal Vander Loubet\" \/>\n<meta property=\"article:publisher\" content=\"https:\/\/facebook.com\/deputadovander\" \/>\n<meta property=\"article:published_time\" content=\"2019-11-29T23:38:43+00:00\" \/>\n<meta property=\"article:modified_time\" content=\"2019-11-29T23:43:36+00:00\" \/>\n<meta property=\"og:image\" content=\"https:\/\/vanderloubet.com.br\/deputado\/wp-content\/uploads\/2019\/11\/foto-2019-11-29-patrulha-mecanizada-murtinho.jpg\" \/>\n\t<meta property=\"og:image:width\" content=\"1080\" \/>\n\t<meta property=\"og:image:height\" content=\"720\" \/>\n\t<meta property=\"og:image:type\" content=\"image\/jpeg\" \/>\n<meta name=\"author\" content=\"\u00c9der\" \/>\n<meta name=\"twitter:card\" content=\"summary_large_image\" \/>\n<meta name=\"twitter:creator\" content=\"@vanderloubet\" \/>\n<meta name=\"twitter:site\" content=\"@vanderloubet\" \/>\n<script type=\"application\/ld+json\" class=\"yoast-schema-graph\">{\"@context\":\"https:\\\/\\\/schema.org\",\"@graph\":[{\"@type\":\"Article\",\"@id\":\"https:\\\/\\\/vanderloubet.com.br\\\/deputado\\\/emenda-de-vander-e-zeca-garante-patrulha-mecanizada-para-aldeias-indigenas-de-porto-murtinho\\\/#article\",\"isPartOf\":{\"@id\":\"https:\\\/\\\/vanderloubet.com.br\\\/deputado\\\/emenda-de-vander-e-zeca-garante-patrulha-mecanizada-para-aldeias-indigenas-de-porto-murtinho\\\/\"},\"author\":{\"name\":\"\u00c9der\",\"@id\":\"https:\\\/\\\/vanderloubet.com.br\\\/deputado\\\/#\\\/schema\\\/person\\\/15b51bd564532a8a68d9dec1b8eb890e\"},\"headline\":\"Emenda de Vander e Zeca garante patrulha mecanizada para aldeias ind\u00edgenas de Porto Murtinho\",\"datePublished\":\"2019-11-29T23:38:43+00:00\",\"dateModified\":\"2019-11-29T23:43:36+00:00\",\"mainEntityOfPage\":{\"@id\":\"https:\\\/\\\/vanderloubet.com.br\\\/deputado\\\/emenda-de-vander-e-zeca-garante-patrulha-mecanizada-para-aldeias-indigenas-de-porto-murtinho\\\/\"},\"wordCount\":185,\"publisher\":{\"@id\":\"https:\\\/\\\/vanderloubet.com.br\\\/deputado\\\/#organization\"},\"image\":{\"@id\":\"https:\\\/\\\/vanderloubet.com.br\\\/deputado\\\/emenda-de-vander-e-zeca-garante-patrulha-mecanizada-para-aldeias-indigenas-de-porto-murtinho\\\/#primaryimage\"},\"thumbnailUrl\":\"https:\\\/\\\/vanderloubet.com.br\\\/deputado\\\/wp-content\\\/uploads\\\/2019\\\/11\\\/foto-2019-11-29-patrulha-mecanizada-murtinho.jpg\",\"keywords\":[\"aldeia ind\u00edgena\",\"emenda parlamentar\"],\"articleSection\":[\"Multim\u00eddia\",\"Munic\u00edpios\",\"Not\u00edcias\",\"V\u00eddeos\"],\"inLanguage\":\"pt-BR\"},{\"@type\":\"WebPage\",\"@id\":\"https:\\\/\\\/vanderloubet.com.br\\\/deputado\\\/emenda-de-vander-e-zeca-garante-patrulha-mecanizada-para-aldeias-indigenas-de-porto-murtinho\\\/\",\"url\":\"https:\\\/\\\/vanderloubet.com.br\\\/deputado\\\/emenda-de-vander-e-zeca-garante-patrulha-mecanizada-para-aldeias-indigenas-de-porto-murtinho\\\/\",\"name\":\"Emenda de Vander e Zeca garante patrulha mecanizada para aldeias ind\u00edgenas de Porto Murtinho\",\"isPartOf\":{\"@id\":\"https:\\\/\\\/vanderloubet.com.br\\\/deputado\\\/#website\"},\"primaryImageOfPage\":{\"@id\":\"https:\\\/\\\/vanderloubet.com.br\\\/deputado\\\/emenda-de-vander-e-zeca-garante-patrulha-mecanizada-para-aldeias-indigenas-de-porto-murtinho\\\/#primaryimage\"},\"image\":{\"@id\":\"https:\\\/\\\/vanderloubet.com.br\\\/deputado\\\/emenda-de-vander-e-zeca-garante-patrulha-mecanizada-para-aldeias-indigenas-de-porto-murtinho\\\/#primaryimage\"},\"thumbnailUrl\":\"https:\\\/\\\/vanderloubet.com.br\\\/deputado\\\/wp-content\\\/uploads\\\/2019\\\/11\\\/foto-2019-11-29-patrulha-mecanizada-murtinho.jpg\",\"datePublished\":\"2019-11-29T23:38:43+00:00\",\"dateModified\":\"2019-11-29T23:43:36+00:00\",\"description\":\"Trator e implementos agr\u00edcolas v\u00e3o atender as atividades produtivas de 150 fam\u00edlias ind\u00edgenas da etnia Guarani Kaiow\u00e1.\",\"breadcrumb\":{\"@id\":\"https:\\\/\\\/vanderloubet.com.br\\\/deputado\\\/emenda-de-vander-e-zeca-garante-patrulha-mecanizada-para-aldeias-indigenas-de-porto-murtinho\\\/#breadcrumb\"},\"inLanguage\":\"pt-BR\",\"potentialAction\":[{\"@type\":\"ReadAction\",\"target\":[\"https:\\\/\\\/vanderloubet.com.br\\\/deputado\\\/emenda-de-vander-e-zeca-garante-patrulha-mecanizada-para-aldeias-indigenas-de-porto-murtinho\\\/\"]}]},{\"@type\":\"ImageObject\",\"inLanguage\":\"pt-BR\",\"@id\":\"https:\\\/\\\/vanderloubet.com.br\\\/deputado\\\/emenda-de-vander-e-zeca-garante-patrulha-mecanizada-para-aldeias-indigenas-de-porto-murtinho\\\/#primaryimage\",\"url\":\"https:\\\/\\\/vanderloubet.com.br\\\/deputado\\\/wp-content\\\/uploads\\\/2019\\\/11\\\/foto-2019-11-29-patrulha-mecanizada-murtinho.jpg\",\"contentUrl\":\"https:\\\/\\\/vanderloubet.com.br\\\/deputado\\\/wp-content\\\/uploads\\\/2019\\\/11\\\/foto-2019-11-29-patrulha-mecanizada-murtinho.jpg\",\"width\":1080,\"height\":720,\"caption\":\"Patrulha mecanizada viabilizada por Vander e Zeca vai beneficiar 150 fam\u00edlias Guarani Kaiow\u00e1\"},{\"@type\":\"BreadcrumbList\",\"@id\":\"https:\\\/\\\/vanderloubet.com.br\\\/deputado\\\/emenda-de-vander-e-zeca-garante-patrulha-mecanizada-para-aldeias-indigenas-de-porto-murtinho\\\/#breadcrumb\",\"itemListElement\":[{\"@type\":\"ListItem\",\"position\":1,\"name\":\"In\u00edcio\",\"item\":\"https:\\\/\\\/vanderloubet.com.br\\\/deputado\\\/\"},{\"@type\":\"ListItem\",\"position\":2,\"name\":\"Emenda de Vander e Zeca garante patrulha mecanizada para aldeias ind\u00edgenas de Porto Murtinho\"}]},{\"@type\":\"WebSite\",\"@id\":\"https:\\\/\\\/vanderloubet.com.br\\\/deputado\\\/#website\",\"url\":\"https:\\\/\\\/vanderloubet.com.br\\\/deputado\\\/\",\"name\":\"Deputado Federal Vander Loubet\",\"description\":\"O Federal de MS\",\"publisher\":{\"@id\":\"https:\\\/\\\/vanderloubet.com.br\\\/deputado\\\/#organization\"},\"alternateName\":\"Deputado Vander\",\"potentialAction\":[{\"@type\":\"SearchAction\",\"target\":{\"@type\":\"EntryPoint\",\"urlTemplate\":\"https:\\\/\\\/vanderloubet.com.br\\\/deputado\\\/?s={search_term_string}\"},\"query-input\":{\"@type\":\"PropertyValueSpecification\",\"valueRequired\":true,\"valueName\":\"search_term_string\"}}],\"inLanguage\":\"pt-BR\"},{\"@type\":\"Organization\",\"@id\":\"https:\\\/\\\/vanderloubet.com.br\\\/deputado\\\/#organization\",\"name\":\"Deputado Federal Vander Loubet\",\"alternateName\":\"Deputado Vander\",\"url\":\"https:\\\/\\\/vanderloubet.com.br\\\/deputado\\\/\",\"logo\":{\"@type\":\"ImageObject\",\"inLanguage\":\"pt-BR\",\"@id\":\"https:\\\/\\\/vanderloubet.com.br\\\/deputado\\\/#\\\/schema\\\/logo\\\/image\\\/\",\"url\":\"https:\\\/\\\/vanderloubet.com.br\\\/deputado\\\/wp-content\\\/uploads\\\/2023\\\/06\\\/foto-2023-06-19-mandato-deputado-vander.jpg\",\"contentUrl\":\"https:\\\/\\\/vanderloubet.com.br\\\/deputado\\\/wp-content\\\/uploads\\\/2023\\\/06\\\/foto-2023-06-19-mandato-deputado-vander.jpg\",\"width\":1080,\"height\":1080,\"caption\":\"Deputado Federal Vander Loubet\"},\"image\":{\"@id\":\"https:\\\/\\\/vanderloubet.com.br\\\/deputado\\\/#\\\/schema\\\/logo\\\/image\\\/\"},\"sameAs\":[\"https:\\\/\\\/facebook.com\\\/deputadovander\",\"https:\\\/\\\/x.com\\\/vanderloubet\",\"https:\\\/\\\/instagram.com\\\/vanderloubet\",\"https:\\\/\\\/youtube.com\\\/vanderloubet\",\"https:\\\/\\\/tiktok.com\\\/@vanderloubetms\"]},{\"@type\":\"Person\",\"@id\":\"https:\\\/\\\/vanderloubet.com.br\\\/deputado\\\/#\\\/schema\\\/person\\\/15b51bd564532a8a68d9dec1b8eb890e\",\"name\":\"\u00c9der\",\"image\":{\"@type\":\"ImageObject\",\"inLanguage\":\"pt-BR\",\"@id\":\"https:\\\/\\\/vanderloubet.com.br\\\/deputado\\\/wp-content\\\/litespeed\\\/avatar\\\/88ca4090d9d5ab1c9495f6ca03b68efa.jpg?ver=1777058957\",\"url\":\"https:\\\/\\\/vanderloubet.com.br\\\/deputado\\\/wp-content\\\/litespeed\\\/avatar\\\/88ca4090d9d5ab1c9495f6ca03b68efa.jpg?ver=1777058957\",\"contentUrl\":\"https:\\\/\\\/vanderloubet.com.br\\\/deputado\\\/wp-content\\\/litespeed\\\/avatar\\\/88ca4090d9d5ab1c9495f6ca03b68efa.jpg?ver=1777058957\",\"caption\":\"\u00c9der\"}}]}<\/script>\n<!-- \/ Yoast SEO plugin. -->","yoast_head_json":{"title":"Emenda de Vander e Zeca garante patrulha mecanizada para aldeias ind\u00edgenas de Porto Murtinho","description":"Trator e implementos agr\u00edcolas v\u00e3o atender as atividades produtivas de 150 fam\u00edlias ind\u00edgenas da etnia Guarani Kaiow\u00e1.","robots":{"index":"index","follow":"follow","max-snippet":"max-snippet:-1","max-image-preview":"max-image-preview:large","max-video-preview":"max-video-preview:-1"},"canonical":"https:\/\/vanderloubet.com.br\/deputado\/emenda-de-vander-e-zeca-garante-patrulha-mecanizada-para-aldeias-indigenas-de-porto-murtinho\/","og_locale":"pt_BR","og_type":"article","og_title":"Emenda de Vander e Zeca garante patrulha mecanizada para aldeias ind\u00edgenas de Porto Murtinho","og_description":"Trator e implementos agr\u00edcolas v\u00e3o atender as atividades produtivas de 150 fam\u00edlias ind\u00edgenas da etnia Guarani Kaiow\u00e1.","og_url":"https:\/\/vanderloubet.com.br\/deputado\/emenda-de-vander-e-zeca-garante-patrulha-mecanizada-para-aldeias-indigenas-de-porto-murtinho\/","og_site_name":"Deputado Federal Vander Loubet","article_publisher":"https:\/\/facebook.com\/deputadovander","article_published_time":"2019-11-29T23:38:43+00:00","article_modified_time":"2019-11-29T23:43:36+00:00","og_image":[{"width":1080,"height":720,"url":"https:\/\/vanderloubet.com.br\/deputado\/wp-content\/uploads\/2019\/11\/foto-2019-11-29-patrulha-mecanizada-murtinho.jpg","type":"image\/jpeg"}],"author":"\u00c9der","twitter_card":"summary_large_image","twitter_creator":"@vanderloubet","twitter_site":"@vanderloubet","schema":{"@context":"https:\/\/schema.org","@graph":[{"@type":"Article","@id":"https:\/\/vanderloubet.com.br\/deputado\/emenda-de-vander-e-zeca-garante-patrulha-mecanizada-para-aldeias-indigenas-de-porto-murtinho\/#article","isPartOf":{"@id":"https:\/\/vanderloubet.com.br\/deputado\/emenda-de-vander-e-zeca-garante-patrulha-mecanizada-para-aldeias-indigenas-de-porto-murtinho\/"},"author":{"name":"\u00c9der","@id":"https:\/\/vanderloubet.com.br\/deputado\/#\/schema\/person\/15b51bd564532a8a68d9dec1b8eb890e"},"headline":"Emenda de Vander e Zeca garante patrulha mecanizada para aldeias ind\u00edgenas de Porto Murtinho","datePublished":"2019-11-29T23:38:43+00:00","dateModified":"2019-11-29T23:43:36+00:00","mainEntityOfPage":{"@id":"https:\/\/vanderloubet.com.br\/deputado\/emenda-de-vander-e-zeca-garante-patrulha-mecanizada-para-aldeias-indigenas-de-porto-murtinho\/"},"wordCount":185,"publisher":{"@id":"https:\/\/vanderloubet.com.br\/deputado\/#organization"},"image":{"@id":"https:\/\/vanderloubet.com.br\/deputado\/emenda-de-vander-e-zeca-garante-patrulha-mecanizada-para-aldeias-indigenas-de-porto-murtinho\/#primaryimage"},"thumbnailUrl":"https:\/\/vanderloubet.com.br\/deputado\/wp-content\/uploads\/2019\/11\/foto-2019-11-29-patrulha-mecanizada-murtinho.jpg","keywords":["aldeia ind\u00edgena","emenda parlamentar"],"articleSection":["Multim\u00eddia","Munic\u00edpios","Not\u00edcias","V\u00eddeos"],"inLanguage":"pt-BR"},{"@type":"WebPage","@id":"https:\/\/vanderloubet.com.br\/deputado\/emenda-de-vander-e-zeca-garante-patrulha-mecanizada-para-aldeias-indigenas-de-porto-murtinho\/","url":"https:\/\/vanderloubet.com.br\/deputado\/emenda-de-vander-e-zeca-garante-patrulha-mecanizada-para-aldeias-indigenas-de-porto-murtinho\/","name":"Emenda de Vander e Zeca garante patrulha mecanizada para aldeias ind\u00edgenas de Porto Murtinho","isPartOf":{"@id":"https:\/\/vanderloubet.com.br\/deputado\/#website"},"primaryImageOfPage":{"@id":"https:\/\/vanderloubet.com.br\/deputado\/emenda-de-vander-e-zeca-garante-patrulha-mecanizada-para-aldeias-indigenas-de-porto-murtinho\/#primaryimage"},"image":{"@id":"https:\/\/vanderloubet.com.br\/deputado\/emenda-de-vander-e-zeca-garante-patrulha-mecanizada-para-aldeias-indigenas-de-porto-murtinho\/#primaryimage"},"thumbnailUrl":"https:\/\/vanderloubet.com.br\/deputado\/wp-content\/uploads\/2019\/11\/foto-2019-11-29-patrulha-mecanizada-murtinho.jpg","datePublished":"2019-11-29T23:38:43+00:00","dateModified":"2019-11-29T23:43:36+00:00","description":"Trator e implementos agr\u00edcolas v\u00e3o atender as atividades produtivas de 150 fam\u00edlias ind\u00edgenas da etnia Guarani Kaiow\u00e1.","breadcrumb":{"@id":"https:\/\/vanderloubet.com.br\/deputado\/emenda-de-vander-e-zeca-garante-patrulha-mecanizada-para-aldeias-indigenas-de-porto-murtinho\/#breadcrumb"},"inLanguage":"pt-BR","potentialAction":[{"@type":"ReadAction","target":["https:\/\/vanderloubet.com.br\/deputado\/emenda-de-vander-e-zeca-garante-patrulha-mecanizada-para-aldeias-indigenas-de-porto-murtinho\/"]}]},{"@type":"ImageObject","inLanguage":"pt-BR","@id":"https:\/\/vanderloubet.com.br\/deputado\/emenda-de-vander-e-zeca-garante-patrulha-mecanizada-para-aldeias-indigenas-de-porto-murtinho\/#primaryimage","url":"https:\/\/vanderloubet.com.br\/deputado\/wp-content\/uploads\/2019\/11\/foto-2019-11-29-patrulha-mecanizada-murtinho.jpg","contentUrl":"https:\/\/vanderloubet.com.br\/deputado\/wp-content\/uploads\/2019\/11\/foto-2019-11-29-patrulha-mecanizada-murtinho.jpg","width":1080,"height":720,"caption":"Patrulha mecanizada viabilizada por Vander e Zeca vai beneficiar 150 fam\u00edlias Guarani Kaiow\u00e1"},{"@type":"BreadcrumbList","@id":"https:\/\/vanderloubet.com.br\/deputado\/emenda-de-vander-e-zeca-garante-patrulha-mecanizada-para-aldeias-indigenas-de-porto-murtinho\/#breadcrumb","itemListElement":[{"@type":"ListItem","position":1,"name":"In\u00edcio","item":"https:\/\/vanderloubet.com.br\/deputado\/"},{"@type":"ListItem","position":2,"name":"Emenda de Vander e Zeca garante patrulha mecanizada para aldeias ind\u00edgenas de Porto Murtinho"}]},{"@type":"WebSite","@id":"https:\/\/vanderloubet.com.br\/deputado\/#website","url":"https:\/\/vanderloubet.com.br\/deputado\/","name":"Deputado Federal Vander Loubet","description":"O Federal de MS","publisher":{"@id":"https:\/\/vanderloubet.com.br\/deputado\/#organization"},"alternateName":"Deputado Vander","potentialAction":[{"@type":"SearchAction","target":{"@type":"EntryPoint","urlTemplate":"https:\/\/vanderloubet.com.br\/deputado\/?s={search_term_string}"},"query-input":{"@type":"PropertyValueSpecification","valueRequired":true,"valueName":"search_term_string"}}],"inLanguage":"pt-BR"},{"@type":"Organization","@id":"https:\/\/vanderloubet.com.br\/deputado\/#organization","name":"Deputado Federal Vander Loubet","alternateName":"Deputado Vander","url":"https:\/\/vanderloubet.com.br\/deputado\/","logo":{"@type":"ImageObject","inLanguage":"pt-BR","@id":"https:\/\/vanderloubet.com.br\/deputado\/#\/schema\/logo\/image\/","url":"https:\/\/vanderloubet.com.br\/deputado\/wp-content\/uploads\/2023\/06\/foto-2023-06-19-mandato-deputado-vander.jpg","contentUrl":"https:\/\/vanderloubet.com.br\/deputado\/wp-content\/uploads\/2023\/06\/foto-2023-06-19-mandato-deputado-vander.jpg","width":1080,"height":1080,"caption":"Deputado Federal Vander Loubet"},"image":{"@id":"https:\/\/vanderloubet.com.br\/deputado\/#\/schema\/logo\/image\/"},"sameAs":["https:\/\/facebook.com\/deputadovander","https:\/\/x.com\/vanderloubet","https:\/\/instagram.com\/vanderloubet","https:\/\/youtube.com\/vanderloubet","https:\/\/tiktok.com\/@vanderloubetms"]},{"@type":"Person","@id":"https:\/\/vanderloubet.com.br\/deputado\/#\/schema\/person\/15b51bd564532a8a68d9dec1b8eb890e","name":"\u00c9der","image":{"@type":"ImageObject","inLanguage":"pt-BR","@id":"https:\/\/vanderloubet.com.br\/deputado\/wp-content\/litespeed\/avatar\/88ca4090d9d5ab1c9495f6ca03b68efa.jpg?ver=1777058957","url":"https:\/\/vanderloubet.com.br\/deputado\/wp-content\/litespeed\/avatar\/88ca4090d9d5ab1c9495f6ca03b68efa.jpg?ver=1777058957","contentUrl":"https:\/\/vanderloubet.com.br\/deputado\/wp-content\/litespeed\/avatar\/88ca4090d9d5ab1c9495f6ca03b68efa.jpg?ver=1777058957","caption":"\u00c9der"}}]}},"jetpack_featured_media_url":"https:\/\/vanderloubet.com.br\/deputado\/wp-content\/uploads\/2019\/11\/foto-2019-11-29-patrulha-mecanizada-murtinho.jpg","jetpack_sharing_enabled":true,"_links":{"self":[{"href":"https:\/\/vanderloubet.com.br\/deputado\/wp-json\/wp\/v2\/posts\/16195","targetHints":{"allow":["GET"]}}],"collection":[{"href":"https:\/\/vanderloubet.com.br\/deputado\/wp-json\/wp\/v2\/posts"}],"about":[{"href":"https:\/\/vanderloubet.com.br\/deputado\/wp-json\/wp\/v2\/types\/post"}],"author":[{"embeddable":true,"href":"https:\/\/vanderloubet.com.br\/deputado\/wp-json\/wp\/v2\/users\/2"}],"replies":[{"embeddable":true,"href":"https:\/\/vanderloubet.com.br\/deputado\/wp-json\/wp\/v2\/comments?post=16195"}],"version-history":[{"count":0,"href":"https:\/\/vanderloubet.com.br\/deputado\/wp-json\/wp\/v2\/posts\/16195\/revisions"}],"wp:featuredmedia":[{"embeddable":true,"href":"https:\/\/vanderloubet.com.br\/deputado\/wp-json\/wp\/v2\/media\/16196"}],"wp:attachment":[{"href":"https:\/\/vanderloubet.com.br\/deputado\/wp-json\/wp\/v2\/media?parent=16195"}],"wp:term":[{"taxonomy":"category","embeddable":true,"href":"https:\/\/vanderloubet.com.br\/deputado\/wp-json\/wp\/v2\/categories?post=16195"},{"taxonomy":"post_tag","embeddable":true,"href":"https:\/\/vanderloubet.com.br\/deputado\/wp-json\/wp\/v2\/tags?post=16195"}],"curies":[{"name":"wp","href":"https:\/\/api.w.org\/{rel}","templated":true}]}}