{"id":16136,"date":"2019-11-12T11:39:12","date_gmt":"2019-11-12T15:39:12","guid":{"rendered":"http:\/\/vanderloubet.com.br\/deputado\/?p=16136"},"modified":"2019-11-12T11:39:12","modified_gmt":"2019-11-12T15:39:12","slug":"emendas-de-zeca-e-vander-na-funai-garantem-sementes-para-aldeias-de-ms","status":"publish","type":"post","link":"https:\/\/vanderloubet.com.br\/deputado\/emendas-de-zeca-e-vander-na-funai-garantem-sementes-para-aldeias-de-ms\/","title":{"rendered":"Emendas de Zeca e Vander na Funai garantem sementes para aldeias de MS"},"content":{"rendered":"<p><iframe title=\"Emendas de Zeca e Vander na Funai garantem sementes para aldeias de MS\" width=\"696\" height=\"392\" src=\"https:\/\/www.youtube.com\/embed\/cKlPahM0oOA?feature=oembed\" frameborder=\"0\" allow=\"accelerometer; autoplay; encrypted-media; gyroscope; picture-in-picture\" allowfullscreen><\/iframe><\/p>\n<p>A Funda\u00e7\u00e3o Nacional do \u00cdndio (Funai), por meio de suas coordena\u00e7\u00f5es regionais em Campo Grande e Dourados, come\u00e7ou a distribuir este m\u00eas sementes de milho e feij\u00e3o para aldeias ind\u00edgenas de sete munic\u00edpios de Mato Grosso do Sul. As sementes foram adquiridas pelo \u00f3rg\u00e3o gra\u00e7as a emendas parlamentares do deputado federal Vander Loubet e do ex-deputado federal Zeca do PT.<\/p>\n<p>Lideran\u00e7as ind\u00edgenas de Aquidauana manifestaram sua gratid\u00e3o aos parlamentares. &#8220;Agradecemos ao nosso deputado Vander e ao nosso eterno governador Zeca pelas emendas que est\u00e3o possibilitando sermos mais uma vez beneficiados com sementes para mais uma safra&#8221;, declarou o cacique C\u00e9lio Fialho, da Aldeia Bananal. &#8220;Somos gratos por essa parceria do Vander e do Zeca com a Funai, que est\u00e1 beneficiando nossa comunidade&#8221;, complementou o cacique Ademir Soares (Dod\u00f3), da Aldeia Ipegue.<\/p>\n<p>Ao todo, est\u00e3o sendo distribu\u00eddos 1.060 sacos de milho (de cinco quilos cada, o que representa 5,3 toneladas de sementes) e 147 sacos de feij\u00e3o (de 20 quilos cada, somando mais de 2,9 toneladas) para as aldeias das etnias Terena, Kadiw\u00e9u, Guat\u00f3 e Ofai\u00e9 dos seguintes munic\u00edpios:<\/p>\n<p>Sidrol\u00e2ndia<br \/>\n345 sacos de milho de 5 kg<br \/>\n38 sacos de feij\u00e3o de 20 kg<\/p>\n<p>Nioaque<br \/>\n60 sacos de milho de 5 kg<br \/>\n12 sacos de feij\u00e3o de 20 kg<\/p>\n<p>Aquidauana<br \/>\n275 sacos de milho de 5 kg<br \/>\n35 sacos de feij\u00e3o de 20 kg<\/p>\n<p>Miranda<br \/>\n235 sacos de milho de 5 kg<br \/>\n48 sacos de feij\u00e3o de 20 kg<\/p>\n<p>Bonito<br \/>\n135 sacos de milho de 5 kg<br \/>\n12 sacos de feij\u00e3o de 20 kg<\/p>\n<p>Brasil\u00e2ndia<br \/>\n5 sacos de milho de 5 kg<br \/>\n1 saco de feij\u00e3o de 20 kg<\/p>\n<p>Corumb\u00e1<br \/>\n5 sacos de milho de 5 kg<br \/>\n1 saco de feij\u00e3o de 20 kg<\/p>\n<p>Desde 2015, os parlamentares petistas desenvolveram juntos um trabalho de atendimento de demandas das aldeias de Mato Grosso do Sul por meio de suas emendas parlamentares. Entre as a\u00e7\u00f5es desenvolvidas, estiveram a entrega de patrulhas mecanizadas (tratores e implementos agr\u00edcolas) por meio de parceria com o Governo do Estado; a entrega de tratores, microtratores, ferramentas, insumos e sementes por meio de parceria com a Funai; e a execu\u00e7\u00e3o de obras de abastecimento de \u00e1gua por meio de parceria com a Secretaria Especial de Sa\u00fade Ind\u00edgena (Sesai) e o Distrito Sanit\u00e1rio Especial Ind\u00edgena (DSEI).<\/p>\n<p>Para 2020, gra\u00e7as a atua\u00e7\u00e3o decisiva do deputado Vander Loubet junto aos demais deputados e senadores do estado, foi garantida uma emenda impositiva de bancada de R$ 5 milh\u00f5es para mais obras de abastecimento de \u00e1gua em aldeias e tamb\u00e9m para a reforma de postos de sa\u00fade que atendem aos ind\u00edgenas. Al\u00e9m disso, por meio de emendas parlamentares alocadas no governo estadual &#8211; sob gest\u00e3o da Secretaria de Estado de Meio Ambiente, Desenvolvimento Econ\u00f4mico, Produ\u00e7\u00e3o e Agricultura Familiar (Semagro) e da Ag\u00eancia de Desenvolvimento Agr\u00e1rio e Extens\u00e3o Rural (Agraer), Vander afirmou que vai continuar atendendo as aldeias ind\u00edgenas com tratores e implementos agr\u00edcolas.<\/p>\n<p><em>(\u00c9der F. Yanaguita &#8211; Ascom\/Dep. Vander Loubet)<\/em><\/p>\n\r\n                <style type=\"text\/css\">\r\n                    \r\n                    #tdi_1  .td-doubleSlider-2 .td-item1 {\r\n                        background: url(https:\/\/vanderloubet.com.br\/deputado\/wp-content\/uploads\/2019\/11\/foto-2019-11-12-funai-sementes-aldeias-1-80x60.jpg) 0 0 no-repeat;\r\n                    }\r\n                    #tdi_1  .td-doubleSlider-2 .td-item2 {\r\n                        background: url(https:\/\/vanderloubet.com.br\/deputado\/wp-content\/uploads\/2019\/11\/foto-2019-11-12-funai-sementes-aldeias-2-80x60.jpg) 0 0 no-repeat;\r\n                    }\r\n                    #tdi_1  .td-doubleSlider-2 .td-item3 {\r\n                        background: url(https:\/\/vanderloubet.com.br\/deputado\/wp-content\/uploads\/2019\/11\/foto-2019-11-12-funai-sementes-aldeias-3-80x60.jpg) 0 0 no-repeat;\r\n                    }\r\n                    #tdi_1  .td-doubleSlider-2 .td-item4 {\r\n                        background: url(https:\/\/vanderloubet.com.br\/deputado\/wp-content\/uploads\/2019\/11\/foto-2019-11-12-funai-sementes-aldeias-4-80x60.jpg) 0 0 no-repeat;\r\n                    }\r\n                    #tdi_1  .td-doubleSlider-2 .td-item5 {\r\n                        background: url(https:\/\/vanderloubet.com.br\/deputado\/wp-content\/uploads\/2019\/11\/foto-2019-11-12-funai-sementes-aldeias-5-80x60.jpg) 0 0 no-repeat;\r\n                    }\r\n                    #tdi_1  .td-doubleSlider-2 .td-item6 {\r\n                        background: url(https:\/\/vanderloubet.com.br\/deputado\/wp-content\/uploads\/2019\/11\/foto-2019-11-12-funai-sementes-aldeias-6-80x60.jpg) 0 0 no-repeat;\r\n                    }\r\n                    #tdi_1  .td-doubleSlider-2 .td-item7 {\r\n                        background: url(https:\/\/vanderloubet.com.br\/deputado\/wp-content\/uploads\/2019\/11\/foto-2019-11-12-funai-sementes-aldeias-7-80x60.jpg) 0 0 no-repeat;\r\n                    }\r\n                    #tdi_1  .td-doubleSlider-2 .td-item8 {\r\n                        background: url(https:\/\/vanderloubet.com.br\/deputado\/wp-content\/uploads\/2019\/11\/foto-2019-11-12-funai-sementes-aldeias-8-80x60.jpg) 0 0 no-repeat;\r\n                    }\r\n                    #tdi_1  .td-doubleSlider-2 .td-item9 {\r\n                        background: url(https:\/\/vanderloubet.com.br\/deputado\/wp-content\/uploads\/2019\/11\/foto-2019-11-12-funai-sementes-aldeias-9-80x60.jpg) 0 0 no-repeat;\r\n                    }\r\n                    #tdi_1  .td-doubleSlider-2 .td-item10 {\r\n                        background: url(https:\/\/vanderloubet.com.br\/deputado\/wp-content\/uploads\/2019\/11\/foto-2019-11-12-funai-sementes-aldeias-10-80x60.jpg) 0 0 no-repeat;\r\n                    }\r\n                <\/style>\r\n\r\n                <div id=\"tdi_1\" class=\"td-gallery td-slide-on-2-columns\">\r\n                    <div class=\"post_td_gallery\">\r\n                        <div class=\"td-gallery-slide-top\">\r\n                           <div class=\"td-gallery-title\"><\/div>\r\n\r\n                            <div class=\"td-gallery-controls-wrapper\">\r\n                                <div class=\"td-gallery-slide-count\"><span class=\"td-gallery-slide-item-focus\">1<\/span> de 10<\/div>\r\n                                <div class=\"td-gallery-slide-prev-next-but\">\r\n                                    <i class = \"td-icon-left doubleSliderPrevButton\"><\/i>\r\n                                    <i class = \"td-icon-right doubleSliderNextButton\"><\/i>\r\n                                <\/div>\r\n                            <\/div>\r\n                        <\/div>\r\n\r\n                        <div class = \"td-doubleSlider-1 \">\r\n                            <div class = \"td-slider\">\r\n                                \r\n                    <div class = \"td-slide-item td-item1\">\r\n                        <figure class=\"td-slide-galery-figure td-slide-popup-gallery\">\r\n                            <a class=\"slide-gallery-image-link\" href=\"https:\/\/vanderloubet.com.br\/deputado\/wp-content\/uploads\/2019\/11\/foto-2019-11-12-funai-sementes-aldeias-1.jpg\" title=\"Entrega de sementes nas aldeias Bananal, Ipegue, \u00c1gua Branca e Lagoinha foi acompanhada pela assessoria do deputado Vander\"  data-caption=\"\"  data-description=\"Entrega de sementes nas aldeias Bananal, Ipegue, &Aacute;gua Branca e Lagoinha foi acompanhada pela assessoria do deputado Vander\">\r\n                                <img decoding=\"async\" src=\"https:\/\/vanderloubet.com.br\/deputado\/wp-content\/uploads\/2019\/11\/foto-2019-11-12-funai-sementes-aldeias-1-560x420.jpg\" srcset=\"https:\/\/vanderloubet.com.br\/deputado\/wp-content\/uploads\/2019\/11\/foto-2019-11-12-funai-sementes-aldeias-1-560x420.jpg 560w, https:\/\/vanderloubet.com.br\/deputado\/wp-content\/uploads\/2019\/11\/foto-2019-11-12-funai-sementes-aldeias-1-350x263.jpg 350w, https:\/\/vanderloubet.com.br\/deputado\/wp-content\/uploads\/2019\/11\/foto-2019-11-12-funai-sementes-aldeias-1-768x576.jpg 768w, https:\/\/vanderloubet.com.br\/deputado\/wp-content\/uploads\/2019\/11\/foto-2019-11-12-funai-sementes-aldeias-1-700x525.jpg 700w, https:\/\/vanderloubet.com.br\/deputado\/wp-content\/uploads\/2019\/11\/foto-2019-11-12-funai-sementes-aldeias-1-80x60.jpg 80w, https:\/\/vanderloubet.com.br\/deputado\/wp-content\/uploads\/2019\/11\/foto-2019-11-12-funai-sementes-aldeias-1-696x522.jpg 696w, https:\/\/vanderloubet.com.br\/deputado\/wp-content\/uploads\/2019\/11\/foto-2019-11-12-funai-sementes-aldeias-1-265x198.jpg 265w, https:\/\/vanderloubet.com.br\/deputado\/wp-content\/uploads\/2019\/11\/foto-2019-11-12-funai-sementes-aldeias-1.jpg 960w\" sizes=\"(max-width: 560px) 100vw, 560px\" alt=\"Entrega de sementes nas aldeias Bananal, Ipegue, &Aacute;gua Branca e Lagoinha foi acompanhada pela assessoria do deputado Vander\">\r\n                            <\/a>\r\n                            <figcaption class = \"td-slide-caption td-gallery-slide-content\"><span>Entrega de sementes nas aldeias Bananal, Ipegue, \u00c1gua Branca e Lagoinha foi acompanhada pela assessoria do deputado Vander<\/span><\/figcaption>\r\n                        <\/figure>\r\n                    <\/div>\r\n                    <div class = \"td-slide-item td-item2\">\r\n                        <figure class=\"td-slide-galery-figure td-slide-popup-gallery\">\r\n                            <a class=\"slide-gallery-image-link\" href=\"https:\/\/vanderloubet.com.br\/deputado\/wp-content\/uploads\/2019\/11\/foto-2019-11-12-funai-sementes-aldeias-2.jpg\" title=\"Entrega de sementes nas aldeias Bananal, Ipegue, \u00c1gua Branca e Lagoinha foi acompanhada pela assessoria do deputado Vander\"  data-caption=\"\"  data-description=\"Entrega de sementes nas aldeias Bananal, Ipegue, &Aacute;gua Branca e Lagoinha foi acompanhada pela assessoria do deputado Vander\">\r\n                                <img decoding=\"async\" src=\"https:\/\/vanderloubet.com.br\/deputado\/wp-content\/uploads\/2019\/11\/foto-2019-11-12-funai-sementes-aldeias-2-560x420.jpg\" srcset=\"https:\/\/vanderloubet.com.br\/deputado\/wp-content\/uploads\/2019\/11\/foto-2019-11-12-funai-sementes-aldeias-2-560x420.jpg 560w, https:\/\/vanderloubet.com.br\/deputado\/wp-content\/uploads\/2019\/11\/foto-2019-11-12-funai-sementes-aldeias-2-350x263.jpg 350w, https:\/\/vanderloubet.com.br\/deputado\/wp-content\/uploads\/2019\/11\/foto-2019-11-12-funai-sementes-aldeias-2-768x576.jpg 768w, https:\/\/vanderloubet.com.br\/deputado\/wp-content\/uploads\/2019\/11\/foto-2019-11-12-funai-sementes-aldeias-2-700x525.jpg 700w, https:\/\/vanderloubet.com.br\/deputado\/wp-content\/uploads\/2019\/11\/foto-2019-11-12-funai-sementes-aldeias-2-80x60.jpg 80w, https:\/\/vanderloubet.com.br\/deputado\/wp-content\/uploads\/2019\/11\/foto-2019-11-12-funai-sementes-aldeias-2-696x522.jpg 696w, https:\/\/vanderloubet.com.br\/deputado\/wp-content\/uploads\/2019\/11\/foto-2019-11-12-funai-sementes-aldeias-2-265x198.jpg 265w, https:\/\/vanderloubet.com.br\/deputado\/wp-content\/uploads\/2019\/11\/foto-2019-11-12-funai-sementes-aldeias-2.jpg 960w\" sizes=\"(max-width: 560px) 100vw, 560px\" alt=\"Entrega de sementes nas aldeias Bananal, Ipegue, &Aacute;gua Branca e Lagoinha foi acompanhada pela assessoria do deputado Vander\">\r\n                            <\/a>\r\n                            <figcaption class = \"td-slide-caption td-gallery-slide-content\"><span>Entrega de sementes nas aldeias Bananal, Ipegue, \u00c1gua Branca e Lagoinha foi acompanhada pela assessoria do deputado Vander<\/span><\/figcaption>\r\n                        <\/figure>\r\n                    <\/div>\r\n                    <div class = \"td-slide-item td-item3\">\r\n                        <figure class=\"td-slide-galery-figure td-slide-popup-gallery\">\r\n                            <a class=\"slide-gallery-image-link\" href=\"https:\/\/vanderloubet.com.br\/deputado\/wp-content\/uploads\/2019\/11\/foto-2019-11-12-funai-sementes-aldeias-3.jpg\" title=\"Entrega de sementes nas aldeias Bananal, Ipegue, \u00c1gua Branca e Lagoinha foi acompanhada pela assessoria do deputado Vander\"  data-caption=\"\"  data-description=\"Entrega de sementes nas aldeias Bananal, Ipegue, &Aacute;gua Branca e Lagoinha foi acompanhada pela assessoria do deputado Vander\">\r\n                                <img decoding=\"async\" src=\"https:\/\/vanderloubet.com.br\/deputado\/wp-content\/uploads\/2019\/11\/foto-2019-11-12-funai-sementes-aldeias-3-560x420.jpg\" srcset=\"https:\/\/vanderloubet.com.br\/deputado\/wp-content\/uploads\/2019\/11\/foto-2019-11-12-funai-sementes-aldeias-3-560x420.jpg 560w, https:\/\/vanderloubet.com.br\/deputado\/wp-content\/uploads\/2019\/11\/foto-2019-11-12-funai-sementes-aldeias-3-350x263.jpg 350w, https:\/\/vanderloubet.com.br\/deputado\/wp-content\/uploads\/2019\/11\/foto-2019-11-12-funai-sementes-aldeias-3-768x576.jpg 768w, https:\/\/vanderloubet.com.br\/deputado\/wp-content\/uploads\/2019\/11\/foto-2019-11-12-funai-sementes-aldeias-3-700x525.jpg 700w, https:\/\/vanderloubet.com.br\/deputado\/wp-content\/uploads\/2019\/11\/foto-2019-11-12-funai-sementes-aldeias-3-80x60.jpg 80w, https:\/\/vanderloubet.com.br\/deputado\/wp-content\/uploads\/2019\/11\/foto-2019-11-12-funai-sementes-aldeias-3-696x522.jpg 696w, https:\/\/vanderloubet.com.br\/deputado\/wp-content\/uploads\/2019\/11\/foto-2019-11-12-funai-sementes-aldeias-3-265x198.jpg 265w, https:\/\/vanderloubet.com.br\/deputado\/wp-content\/uploads\/2019\/11\/foto-2019-11-12-funai-sementes-aldeias-3.jpg 960w\" sizes=\"(max-width: 560px) 100vw, 560px\" alt=\"Entrega de sementes nas aldeias Bananal, Ipegue, &Aacute;gua Branca e Lagoinha foi acompanhada pela assessoria do deputado Vander\">\r\n                            <\/a>\r\n                            <figcaption class = \"td-slide-caption td-gallery-slide-content\"><span>Entrega de sementes nas aldeias Bananal, Ipegue, \u00c1gua Branca e Lagoinha foi acompanhada pela assessoria do deputado Vander<\/span><\/figcaption>\r\n                        <\/figure>\r\n                    <\/div>\r\n                    <div class = \"td-slide-item td-item4\">\r\n                        <figure class=\"td-slide-galery-figure td-slide-popup-gallery\">\r\n                            <a class=\"slide-gallery-image-link\" href=\"https:\/\/vanderloubet.com.br\/deputado\/wp-content\/uploads\/2019\/11\/foto-2019-11-12-funai-sementes-aldeias-4.jpg\" title=\"Entrega de sementes nas aldeias Bananal, Ipegue, \u00c1gua Branca e Lagoinha foi acompanhada pela assessoria do deputado Vander\"  data-caption=\"\"  data-description=\"Entrega de sementes nas aldeias Bananal, Ipegue, &Aacute;gua Branca e Lagoinha foi acompanhada pela assessoria do deputado Vander\">\r\n                                <img decoding=\"async\" src=\"https:\/\/vanderloubet.com.br\/deputado\/wp-content\/uploads\/2019\/11\/foto-2019-11-12-funai-sementes-aldeias-4-560x420.jpg\" srcset=\"https:\/\/vanderloubet.com.br\/deputado\/wp-content\/uploads\/2019\/11\/foto-2019-11-12-funai-sementes-aldeias-4-560x420.jpg 560w, https:\/\/vanderloubet.com.br\/deputado\/wp-content\/uploads\/2019\/11\/foto-2019-11-12-funai-sementes-aldeias-4-350x263.jpg 350w, https:\/\/vanderloubet.com.br\/deputado\/wp-content\/uploads\/2019\/11\/foto-2019-11-12-funai-sementes-aldeias-4-768x576.jpg 768w, https:\/\/vanderloubet.com.br\/deputado\/wp-content\/uploads\/2019\/11\/foto-2019-11-12-funai-sementes-aldeias-4-700x525.jpg 700w, https:\/\/vanderloubet.com.br\/deputado\/wp-content\/uploads\/2019\/11\/foto-2019-11-12-funai-sementes-aldeias-4-80x60.jpg 80w, https:\/\/vanderloubet.com.br\/deputado\/wp-content\/uploads\/2019\/11\/foto-2019-11-12-funai-sementes-aldeias-4-696x522.jpg 696w, https:\/\/vanderloubet.com.br\/deputado\/wp-content\/uploads\/2019\/11\/foto-2019-11-12-funai-sementes-aldeias-4-265x198.jpg 265w, https:\/\/vanderloubet.com.br\/deputado\/wp-content\/uploads\/2019\/11\/foto-2019-11-12-funai-sementes-aldeias-4.jpg 960w\" sizes=\"(max-width: 560px) 100vw, 560px\" alt=\"Entrega de sementes nas aldeias Bananal, Ipegue, &Aacute;gua Branca e Lagoinha foi acompanhada pela assessoria do deputado Vander\">\r\n                            <\/a>\r\n                            <figcaption class = \"td-slide-caption td-gallery-slide-content\"><span>Entrega de sementes nas aldeias Bananal, Ipegue, \u00c1gua Branca e Lagoinha foi acompanhada pela assessoria do deputado Vander<\/span><\/figcaption>\r\n                        <\/figure>\r\n                    <\/div>\r\n                    <div class = \"td-slide-item td-item5\">\r\n                        <figure class=\"td-slide-galery-figure td-slide-popup-gallery\">\r\n                            <a class=\"slide-gallery-image-link\" href=\"https:\/\/vanderloubet.com.br\/deputado\/wp-content\/uploads\/2019\/11\/foto-2019-11-12-funai-sementes-aldeias-5.jpg\" title=\"Entrega de sementes nas aldeias Bananal, Ipegue, \u00c1gua Branca e Lagoinha foi acompanhada pela assessoria do deputado Vander\"  data-caption=\"\"  data-description=\"Entrega de sementes nas aldeias Bananal, Ipegue, &Aacute;gua Branca e Lagoinha foi acompanhada pela assessoria do deputado Vander\">\r\n                                <img decoding=\"async\" src=\"https:\/\/vanderloubet.com.br\/deputado\/wp-content\/uploads\/2019\/11\/foto-2019-11-12-funai-sementes-aldeias-5-560x420.jpg\" srcset=\"https:\/\/vanderloubet.com.br\/deputado\/wp-content\/uploads\/2019\/11\/foto-2019-11-12-funai-sementes-aldeias-5-560x420.jpg 560w, https:\/\/vanderloubet.com.br\/deputado\/wp-content\/uploads\/2019\/11\/foto-2019-11-12-funai-sementes-aldeias-5-350x263.jpg 350w, https:\/\/vanderloubet.com.br\/deputado\/wp-content\/uploads\/2019\/11\/foto-2019-11-12-funai-sementes-aldeias-5-768x576.jpg 768w, https:\/\/vanderloubet.com.br\/deputado\/wp-content\/uploads\/2019\/11\/foto-2019-11-12-funai-sementes-aldeias-5-700x525.jpg 700w, https:\/\/vanderloubet.com.br\/deputado\/wp-content\/uploads\/2019\/11\/foto-2019-11-12-funai-sementes-aldeias-5-80x60.jpg 80w, https:\/\/vanderloubet.com.br\/deputado\/wp-content\/uploads\/2019\/11\/foto-2019-11-12-funai-sementes-aldeias-5-696x522.jpg 696w, https:\/\/vanderloubet.com.br\/deputado\/wp-content\/uploads\/2019\/11\/foto-2019-11-12-funai-sementes-aldeias-5-265x198.jpg 265w, https:\/\/vanderloubet.com.br\/deputado\/wp-content\/uploads\/2019\/11\/foto-2019-11-12-funai-sementes-aldeias-5.jpg 960w\" sizes=\"(max-width: 560px) 100vw, 560px\" alt=\"Entrega de sementes nas aldeias Bananal, Ipegue, &Aacute;gua Branca e Lagoinha foi acompanhada pela assessoria do deputado Vander\">\r\n                            <\/a>\r\n                            <figcaption class = \"td-slide-caption td-gallery-slide-content\"><span>Entrega de sementes nas aldeias Bananal, Ipegue, \u00c1gua Branca e Lagoinha foi acompanhada pela assessoria do deputado Vander<\/span><\/figcaption>\r\n                        <\/figure>\r\n                    <\/div>\r\n                    <div class = \"td-slide-item td-item6\">\r\n                        <figure class=\"td-slide-galery-figure td-slide-popup-gallery\">\r\n                            <a class=\"slide-gallery-image-link\" href=\"https:\/\/vanderloubet.com.br\/deputado\/wp-content\/uploads\/2019\/11\/foto-2019-11-12-funai-sementes-aldeias-6.jpg\" title=\"Entrega de sementes nas aldeias Bananal, Ipegue, \u00c1gua Branca e Lagoinha foi acompanhada pela assessoria do deputado Vander\"  data-caption=\"\"  data-description=\"Entrega de sementes nas aldeias Bananal, Ipegue, &Aacute;gua Branca e Lagoinha foi acompanhada pela assessoria do deputado Vander\">\r\n                                <img decoding=\"async\" src=\"https:\/\/vanderloubet.com.br\/deputado\/wp-content\/uploads\/2019\/11\/foto-2019-11-12-funai-sementes-aldeias-6-560x420.jpg\" srcset=\"https:\/\/vanderloubet.com.br\/deputado\/wp-content\/uploads\/2019\/11\/foto-2019-11-12-funai-sementes-aldeias-6-560x420.jpg 560w, https:\/\/vanderloubet.com.br\/deputado\/wp-content\/uploads\/2019\/11\/foto-2019-11-12-funai-sementes-aldeias-6-350x263.jpg 350w, https:\/\/vanderloubet.com.br\/deputado\/wp-content\/uploads\/2019\/11\/foto-2019-11-12-funai-sementes-aldeias-6-768x576.jpg 768w, https:\/\/vanderloubet.com.br\/deputado\/wp-content\/uploads\/2019\/11\/foto-2019-11-12-funai-sementes-aldeias-6-700x525.jpg 700w, https:\/\/vanderloubet.com.br\/deputado\/wp-content\/uploads\/2019\/11\/foto-2019-11-12-funai-sementes-aldeias-6-80x60.jpg 80w, https:\/\/vanderloubet.com.br\/deputado\/wp-content\/uploads\/2019\/11\/foto-2019-11-12-funai-sementes-aldeias-6-696x522.jpg 696w, https:\/\/vanderloubet.com.br\/deputado\/wp-content\/uploads\/2019\/11\/foto-2019-11-12-funai-sementes-aldeias-6-265x198.jpg 265w, https:\/\/vanderloubet.com.br\/deputado\/wp-content\/uploads\/2019\/11\/foto-2019-11-12-funai-sementes-aldeias-6.jpg 960w\" sizes=\"(max-width: 560px) 100vw, 560px\" alt=\"Entrega de sementes nas aldeias Bananal, Ipegue, &Aacute;gua Branca e Lagoinha foi acompanhada pela assessoria do deputado Vander\">\r\n                            <\/a>\r\n                            <figcaption class = \"td-slide-caption td-gallery-slide-content\"><span>Entrega de sementes nas aldeias Bananal, Ipegue, \u00c1gua Branca e Lagoinha foi acompanhada pela assessoria do deputado Vander<\/span><\/figcaption>\r\n                        <\/figure>\r\n                    <\/div>\r\n                    <div class = \"td-slide-item td-item7\">\r\n                        <figure class=\"td-slide-galery-figure td-slide-popup-gallery\">\r\n                            <a class=\"slide-gallery-image-link\" href=\"https:\/\/vanderloubet.com.br\/deputado\/wp-content\/uploads\/2019\/11\/foto-2019-11-12-funai-sementes-aldeias-7.jpg\" title=\"Entrega de sementes nas aldeias Bananal, Ipegue, \u00c1gua Branca e Lagoinha foi acompanhada pela assessoria do deputado Vander\"  data-caption=\"\"  data-description=\"Entrega de sementes nas aldeias Bananal, Ipegue, &Aacute;gua Branca e Lagoinha foi acompanhada pela assessoria do deputado Vander\">\r\n                                <img decoding=\"async\" src=\"https:\/\/vanderloubet.com.br\/deputado\/wp-content\/uploads\/2019\/11\/foto-2019-11-12-funai-sementes-aldeias-7-560x420.jpg\" srcset=\"https:\/\/vanderloubet.com.br\/deputado\/wp-content\/uploads\/2019\/11\/foto-2019-11-12-funai-sementes-aldeias-7-560x420.jpg 560w, https:\/\/vanderloubet.com.br\/deputado\/wp-content\/uploads\/2019\/11\/foto-2019-11-12-funai-sementes-aldeias-7-350x263.jpg 350w, https:\/\/vanderloubet.com.br\/deputado\/wp-content\/uploads\/2019\/11\/foto-2019-11-12-funai-sementes-aldeias-7-768x576.jpg 768w, https:\/\/vanderloubet.com.br\/deputado\/wp-content\/uploads\/2019\/11\/foto-2019-11-12-funai-sementes-aldeias-7-700x525.jpg 700w, https:\/\/vanderloubet.com.br\/deputado\/wp-content\/uploads\/2019\/11\/foto-2019-11-12-funai-sementes-aldeias-7-80x60.jpg 80w, https:\/\/vanderloubet.com.br\/deputado\/wp-content\/uploads\/2019\/11\/foto-2019-11-12-funai-sementes-aldeias-7-696x522.jpg 696w, https:\/\/vanderloubet.com.br\/deputado\/wp-content\/uploads\/2019\/11\/foto-2019-11-12-funai-sementes-aldeias-7-265x198.jpg 265w, https:\/\/vanderloubet.com.br\/deputado\/wp-content\/uploads\/2019\/11\/foto-2019-11-12-funai-sementes-aldeias-7.jpg 960w\" sizes=\"(max-width: 560px) 100vw, 560px\" alt=\"Entrega de sementes nas aldeias Bananal, Ipegue, &Aacute;gua Branca e Lagoinha foi acompanhada pela assessoria do deputado Vander\">\r\n                            <\/a>\r\n                            <figcaption class = \"td-slide-caption td-gallery-slide-content\"><span>Entrega de sementes nas aldeias Bananal, Ipegue, \u00c1gua Branca e Lagoinha foi acompanhada pela assessoria do deputado Vander<\/span><\/figcaption>\r\n                        <\/figure>\r\n                    <\/div>\r\n                    <div class = \"td-slide-item td-item8\">\r\n                        <figure class=\"td-slide-galery-figure td-slide-popup-gallery\">\r\n                            <a class=\"slide-gallery-image-link\" href=\"https:\/\/vanderloubet.com.br\/deputado\/wp-content\/uploads\/2019\/11\/foto-2019-11-12-funai-sementes-aldeias-8.jpg\" title=\"Entrega de sementes nas aldeias Bananal, Ipegue, \u00c1gua Branca e Lagoinha foi acompanhada pela assessoria do deputado Vander\"  data-caption=\"\"  data-description=\"Entrega de sementes nas aldeias Bananal, Ipegue, &Aacute;gua Branca e Lagoinha foi acompanhada pela assessoria do deputado Vander\">\r\n                                <img decoding=\"async\" src=\"https:\/\/vanderloubet.com.br\/deputado\/wp-content\/uploads\/2019\/11\/foto-2019-11-12-funai-sementes-aldeias-8-560x420.jpg\" srcset=\"https:\/\/vanderloubet.com.br\/deputado\/wp-content\/uploads\/2019\/11\/foto-2019-11-12-funai-sementes-aldeias-8-560x420.jpg 560w, https:\/\/vanderloubet.com.br\/deputado\/wp-content\/uploads\/2019\/11\/foto-2019-11-12-funai-sementes-aldeias-8-350x263.jpg 350w, https:\/\/vanderloubet.com.br\/deputado\/wp-content\/uploads\/2019\/11\/foto-2019-11-12-funai-sementes-aldeias-8-768x576.jpg 768w, https:\/\/vanderloubet.com.br\/deputado\/wp-content\/uploads\/2019\/11\/foto-2019-11-12-funai-sementes-aldeias-8-700x525.jpg 700w, https:\/\/vanderloubet.com.br\/deputado\/wp-content\/uploads\/2019\/11\/foto-2019-11-12-funai-sementes-aldeias-8-80x60.jpg 80w, https:\/\/vanderloubet.com.br\/deputado\/wp-content\/uploads\/2019\/11\/foto-2019-11-12-funai-sementes-aldeias-8-696x522.jpg 696w, https:\/\/vanderloubet.com.br\/deputado\/wp-content\/uploads\/2019\/11\/foto-2019-11-12-funai-sementes-aldeias-8-265x198.jpg 265w, https:\/\/vanderloubet.com.br\/deputado\/wp-content\/uploads\/2019\/11\/foto-2019-11-12-funai-sementes-aldeias-8.jpg 960w\" sizes=\"(max-width: 560px) 100vw, 560px\" alt=\"Entrega de sementes nas aldeias Bananal, Ipegue, &Aacute;gua Branca e Lagoinha foi acompanhada pela assessoria do deputado Vander\">\r\n                            <\/a>\r\n                            <figcaption class = \"td-slide-caption td-gallery-slide-content\"><span>Entrega de sementes nas aldeias Bananal, Ipegue, \u00c1gua Branca e Lagoinha foi acompanhada pela assessoria do deputado Vander<\/span><\/figcaption>\r\n                        <\/figure>\r\n                    <\/div>\r\n                    <div class = \"td-slide-item td-item9\">\r\n                        <figure class=\"td-slide-galery-figure td-slide-popup-gallery\">\r\n                            <a class=\"slide-gallery-image-link\" href=\"https:\/\/vanderloubet.com.br\/deputado\/wp-content\/uploads\/2019\/11\/foto-2019-11-12-funai-sementes-aldeias-9.jpg\" title=\"Entrega de sementes nas aldeias Bananal, Ipegue, \u00c1gua Branca e Lagoinha foi acompanhada pela assessoria do deputado Vander\"  data-caption=\"\"  data-description=\"Entrega de sementes nas aldeias Bananal, Ipegue, &Aacute;gua Branca e Lagoinha foi acompanhada pela assessoria do deputado Vander\">\r\n                                <img decoding=\"async\" src=\"https:\/\/vanderloubet.com.br\/deputado\/wp-content\/uploads\/2019\/11\/foto-2019-11-12-funai-sementes-aldeias-9-560x420.jpg\" srcset=\"https:\/\/vanderloubet.com.br\/deputado\/wp-content\/uploads\/2019\/11\/foto-2019-11-12-funai-sementes-aldeias-9-560x420.jpg 560w, https:\/\/vanderloubet.com.br\/deputado\/wp-content\/uploads\/2019\/11\/foto-2019-11-12-funai-sementes-aldeias-9-350x263.jpg 350w, https:\/\/vanderloubet.com.br\/deputado\/wp-content\/uploads\/2019\/11\/foto-2019-11-12-funai-sementes-aldeias-9-768x576.jpg 768w, https:\/\/vanderloubet.com.br\/deputado\/wp-content\/uploads\/2019\/11\/foto-2019-11-12-funai-sementes-aldeias-9-700x525.jpg 700w, https:\/\/vanderloubet.com.br\/deputado\/wp-content\/uploads\/2019\/11\/foto-2019-11-12-funai-sementes-aldeias-9-80x60.jpg 80w, https:\/\/vanderloubet.com.br\/deputado\/wp-content\/uploads\/2019\/11\/foto-2019-11-12-funai-sementes-aldeias-9-696x522.jpg 696w, https:\/\/vanderloubet.com.br\/deputado\/wp-content\/uploads\/2019\/11\/foto-2019-11-12-funai-sementes-aldeias-9-265x198.jpg 265w, https:\/\/vanderloubet.com.br\/deputado\/wp-content\/uploads\/2019\/11\/foto-2019-11-12-funai-sementes-aldeias-9.jpg 960w\" sizes=\"(max-width: 560px) 100vw, 560px\" alt=\"Entrega de sementes nas aldeias Bananal, Ipegue, &Aacute;gua Branca e Lagoinha foi acompanhada pela assessoria do deputado Vander\">\r\n                            <\/a>\r\n                            <figcaption class = \"td-slide-caption td-gallery-slide-content\"><span>Entrega de sementes nas aldeias Bananal, Ipegue, \u00c1gua Branca e Lagoinha foi acompanhada pela assessoria do deputado Vander<\/span><\/figcaption>\r\n                        <\/figure>\r\n                    <\/div>\r\n                    <div class = \"td-slide-item td-item10\">\r\n                        <figure class=\"td-slide-galery-figure td-slide-popup-gallery\">\r\n                            <a class=\"slide-gallery-image-link\" href=\"https:\/\/vanderloubet.com.br\/deputado\/wp-content\/uploads\/2019\/11\/foto-2019-11-12-funai-sementes-aldeias-10.jpg\" title=\"Entrega de sementes nas aldeias Bananal, Ipegue, \u00c1gua Branca e Lagoinha foi acompanhada pela assessoria do deputado Vander\"  data-caption=\"\"  data-description=\"Entrega de sementes nas aldeias Bananal, Ipegue, &Aacute;gua Branca e Lagoinha foi acompanhada pela assessoria do deputado Vander\">\r\n                                <img decoding=\"async\" src=\"https:\/\/vanderloubet.com.br\/deputado\/wp-content\/uploads\/2019\/11\/foto-2019-11-12-funai-sementes-aldeias-10-560x420.jpg\" srcset=\"https:\/\/vanderloubet.com.br\/deputado\/wp-content\/uploads\/2019\/11\/foto-2019-11-12-funai-sementes-aldeias-10-560x420.jpg 560w, https:\/\/vanderloubet.com.br\/deputado\/wp-content\/uploads\/2019\/11\/foto-2019-11-12-funai-sementes-aldeias-10-350x263.jpg 350w, https:\/\/vanderloubet.com.br\/deputado\/wp-content\/uploads\/2019\/11\/foto-2019-11-12-funai-sementes-aldeias-10-768x576.jpg 768w, https:\/\/vanderloubet.com.br\/deputado\/wp-content\/uploads\/2019\/11\/foto-2019-11-12-funai-sementes-aldeias-10-700x525.jpg 700w, https:\/\/vanderloubet.com.br\/deputado\/wp-content\/uploads\/2019\/11\/foto-2019-11-12-funai-sementes-aldeias-10-80x60.jpg 80w, https:\/\/vanderloubet.com.br\/deputado\/wp-content\/uploads\/2019\/11\/foto-2019-11-12-funai-sementes-aldeias-10-696x522.jpg 696w, https:\/\/vanderloubet.com.br\/deputado\/wp-content\/uploads\/2019\/11\/foto-2019-11-12-funai-sementes-aldeias-10-265x198.jpg 265w, https:\/\/vanderloubet.com.br\/deputado\/wp-content\/uploads\/2019\/11\/foto-2019-11-12-funai-sementes-aldeias-10.jpg 960w\" sizes=\"(max-width: 560px) 100vw, 560px\" alt=\"Entrega de sementes nas aldeias Bananal, Ipegue, &Aacute;gua Branca e Lagoinha foi acompanhada pela assessoria do deputado Vander\">\r\n                            <\/a>\r\n                            <figcaption class = \"td-slide-caption td-gallery-slide-content\"><span>Entrega de sementes nas aldeias Bananal, Ipegue, \u00c1gua Branca e Lagoinha foi acompanhada pela assessoria do deputado Vander<\/span><\/figcaption>\r\n                        <\/figure>\r\n                    <\/div>\r\n                            <\/div>\r\n                        <\/div>\r\n\r\n                        <div class = \"td-doubleSlider-2\">\r\n                            <div class = \"td-slider\">\r\n                                \r\n                    <div class = \"td-button td-item1\">\r\n                        <div class = \"td-border\"><\/div>\r\n                    <\/div>\r\n                    <div class = \"td-button td-item2\">\r\n                        <div class = \"td-border\"><\/div>\r\n                    <\/div>\r\n                    <div class = \"td-button td-item3\">\r\n                        <div class = \"td-border\"><\/div>\r\n                    <\/div>\r\n                    <div class = \"td-button td-item4\">\r\n                        <div class = \"td-border\"><\/div>\r\n                    <\/div>\r\n                    <div class = \"td-button td-item5\">\r\n                        <div class = \"td-border\"><\/div>\r\n                    <\/div>\r\n                    <div class = \"td-button td-item6\">\r\n                        <div class = \"td-border\"><\/div>\r\n                    <\/div>\r\n                    <div class = \"td-button td-item7\">\r\n                        <div class = \"td-border\"><\/div>\r\n                    <\/div>\r\n                    <div class = \"td-button td-item8\">\r\n                        <div class = \"td-border\"><\/div>\r\n                    <\/div>\r\n                    <div class = \"td-button td-item9\">\r\n                        <div class = \"td-border\"><\/div>\r\n                    <\/div>\r\n                    <div class = \"td-button td-item10\">\r\n                        <div class = \"td-border\"><\/div>\r\n                    <\/div>\r\n                            <\/div>\r\n                        <\/div>\r\n\r\n                    <\/div>\r\n\r\n                <\/div>\r\n                \n","protected":false},"excerpt":{"rendered":"<p>Ao todo, est\u00e3o sendo distribu\u00eddas 5,3 ton de milho e 2,9 ton de feij\u00e3o para etnias Terena, Kadiw\u00e9u, Guat\u00f3 e Ofai\u00e9 de sete munic\u00edpios.<\/p>\n","protected":false},"author":2,"featured_media":16138,"comment_status":"closed","ping_status":"closed","sticky":false,"template":"","format":"video","meta":{"jetpack_post_was_ever_published":false,"_jetpack_newsletter_access":"","_jetpack_dont_email_post_to_subs":false,"_jetpack_newsletter_tier_id":0,"_jetpack_memberships_contains_paywalled_content":false,"_jetpack_memberships_contains_paid_content":false,"footnotes":""},"categories":[2097,10],"tags":[2373,2127],"class_list":{"0":"post-16136","1":"post","2":"type-post","3":"status-publish","4":"format-video","5":"has-post-thumbnail","7":"category-municipios-noticias","8":"category-noticias","9":"tag-aldeia-indigena","10":"tag-emenda-parlamentar","11":"post_format-post-format-video"},"yoast_head":"<!-- This site is optimized with the Yoast SEO plugin v27.4 - https:\/\/yoast.com\/product\/yoast-seo-wordpress\/ -->\n<title>Emendas de Zeca e Vander na Funai garantem sementes para aldeias de MS<\/title>\n<meta name=\"description\" content=\"Ao todo est\u00e3o sendo distribu\u00eddas 5,3 ton de milho e 2,9 ton de feij\u00e3o para etnias Terena, Kadiw\u00e9u, Guat\u00f3 e Ofai\u00e9 de sete munic\u00edpios.\" \/>\n<meta name=\"robots\" content=\"index, follow, max-snippet:-1, max-image-preview:large, max-video-preview:-1\" \/>\n<link rel=\"canonical\" href=\"https:\/\/vanderloubet.com.br\/deputado\/emendas-de-zeca-e-vander-na-funai-garantem-sementes-para-aldeias-de-ms\/\" \/>\n<meta property=\"og:locale\" content=\"pt_BR\" \/>\n<meta property=\"og:type\" content=\"article\" \/>\n<meta property=\"og:title\" content=\"Emendas de Zeca e Vander na Funai garantem sementes para aldeias de MS\" \/>\n<meta property=\"og:description\" content=\"Ao todo est\u00e3o sendo distribu\u00eddas 5,3 ton de milho e 2,9 ton de feij\u00e3o para etnias Terena, Kadiw\u00e9u, Guat\u00f3 e Ofai\u00e9 de sete munic\u00edpios.\" \/>\n<meta property=\"og:url\" content=\"https:\/\/vanderloubet.com.br\/deputado\/emendas-de-zeca-e-vander-na-funai-garantem-sementes-para-aldeias-de-ms\/\" \/>\n<meta property=\"og:site_name\" content=\"Deputado Federal Vander Loubet\" \/>\n<meta property=\"article:publisher\" content=\"https:\/\/facebook.com\/deputadovander\" \/>\n<meta property=\"article:published_time\" content=\"2019-11-12T15:39:12+00:00\" \/>\n<meta property=\"og:image\" content=\"https:\/\/vanderloubet.com.br\/deputado\/wp-content\/uploads\/2019\/11\/foto-2019-11-12-funai-sementes-aldeias-2.jpg\" \/>\n\t<meta property=\"og:image:width\" content=\"960\" \/>\n\t<meta property=\"og:image:height\" content=\"720\" \/>\n\t<meta property=\"og:image:type\" content=\"image\/jpeg\" \/>\n<meta name=\"author\" content=\"\u00c9der\" \/>\n<meta name=\"twitter:card\" content=\"summary_large_image\" \/>\n<meta name=\"twitter:creator\" content=\"@vanderloubet\" \/>\n<meta name=\"twitter:site\" content=\"@vanderloubet\" \/>\n<script type=\"application\/ld+json\" class=\"yoast-schema-graph\">{\"@context\":\"https:\\\/\\\/schema.org\",\"@graph\":[{\"@type\":\"Article\",\"@id\":\"https:\\\/\\\/vanderloubet.com.br\\\/deputado\\\/emendas-de-zeca-e-vander-na-funai-garantem-sementes-para-aldeias-de-ms\\\/#article\",\"isPartOf\":{\"@id\":\"https:\\\/\\\/vanderloubet.com.br\\\/deputado\\\/emendas-de-zeca-e-vander-na-funai-garantem-sementes-para-aldeias-de-ms\\\/\"},\"author\":{\"name\":\"\u00c9der\",\"@id\":\"https:\\\/\\\/vanderloubet.com.br\\\/deputado\\\/#\\\/schema\\\/person\\\/15b51bd564532a8a68d9dec1b8eb890e\"},\"headline\":\"Emendas de Zeca e Vander na Funai garantem sementes para aldeias de MS\",\"datePublished\":\"2019-11-12T15:39:12+00:00\",\"mainEntityOfPage\":{\"@id\":\"https:\\\/\\\/vanderloubet.com.br\\\/deputado\\\/emendas-de-zeca-e-vander-na-funai-garantem-sementes-para-aldeias-de-ms\\\/\"},\"wordCount\":528,\"publisher\":{\"@id\":\"https:\\\/\\\/vanderloubet.com.br\\\/deputado\\\/#organization\"},\"image\":{\"@id\":\"https:\\\/\\\/vanderloubet.com.br\\\/deputado\\\/emendas-de-zeca-e-vander-na-funai-garantem-sementes-para-aldeias-de-ms\\\/#primaryimage\"},\"thumbnailUrl\":\"https:\\\/\\\/vanderloubet.com.br\\\/deputado\\\/wp-content\\\/uploads\\\/2019\\\/11\\\/foto-2019-11-12-funai-sementes-aldeias-2.jpg\",\"keywords\":[\"aldeia ind\u00edgena\",\"emenda parlamentar\"],\"articleSection\":[\"Munic\u00edpios\",\"Not\u00edcias\"],\"inLanguage\":\"pt-BR\"},{\"@type\":\"WebPage\",\"@id\":\"https:\\\/\\\/vanderloubet.com.br\\\/deputado\\\/emendas-de-zeca-e-vander-na-funai-garantem-sementes-para-aldeias-de-ms\\\/\",\"url\":\"https:\\\/\\\/vanderloubet.com.br\\\/deputado\\\/emendas-de-zeca-e-vander-na-funai-garantem-sementes-para-aldeias-de-ms\\\/\",\"name\":\"Emendas de Zeca e Vander na Funai garantem sementes para aldeias de MS\",\"isPartOf\":{\"@id\":\"https:\\\/\\\/vanderloubet.com.br\\\/deputado\\\/#website\"},\"primaryImageOfPage\":{\"@id\":\"https:\\\/\\\/vanderloubet.com.br\\\/deputado\\\/emendas-de-zeca-e-vander-na-funai-garantem-sementes-para-aldeias-de-ms\\\/#primaryimage\"},\"image\":{\"@id\":\"https:\\\/\\\/vanderloubet.com.br\\\/deputado\\\/emendas-de-zeca-e-vander-na-funai-garantem-sementes-para-aldeias-de-ms\\\/#primaryimage\"},\"thumbnailUrl\":\"https:\\\/\\\/vanderloubet.com.br\\\/deputado\\\/wp-content\\\/uploads\\\/2019\\\/11\\\/foto-2019-11-12-funai-sementes-aldeias-2.jpg\",\"datePublished\":\"2019-11-12T15:39:12+00:00\",\"description\":\"Ao todo est\u00e3o sendo distribu\u00eddas 5,3 ton de milho e 2,9 ton de feij\u00e3o para etnias Terena, Kadiw\u00e9u, Guat\u00f3 e Ofai\u00e9 de sete munic\u00edpios.\",\"breadcrumb\":{\"@id\":\"https:\\\/\\\/vanderloubet.com.br\\\/deputado\\\/emendas-de-zeca-e-vander-na-funai-garantem-sementes-para-aldeias-de-ms\\\/#breadcrumb\"},\"inLanguage\":\"pt-BR\",\"potentialAction\":[{\"@type\":\"ReadAction\",\"target\":[\"https:\\\/\\\/vanderloubet.com.br\\\/deputado\\\/emendas-de-zeca-e-vander-na-funai-garantem-sementes-para-aldeias-de-ms\\\/\"]}]},{\"@type\":\"ImageObject\",\"inLanguage\":\"pt-BR\",\"@id\":\"https:\\\/\\\/vanderloubet.com.br\\\/deputado\\\/emendas-de-zeca-e-vander-na-funai-garantem-sementes-para-aldeias-de-ms\\\/#primaryimage\",\"url\":\"https:\\\/\\\/vanderloubet.com.br\\\/deputado\\\/wp-content\\\/uploads\\\/2019\\\/11\\\/foto-2019-11-12-funai-sementes-aldeias-2.jpg\",\"contentUrl\":\"https:\\\/\\\/vanderloubet.com.br\\\/deputado\\\/wp-content\\\/uploads\\\/2019\\\/11\\\/foto-2019-11-12-funai-sementes-aldeias-2.jpg\",\"width\":960,\"height\":720,\"caption\":\"Entrega de sementes nas aldeias Bananal, Ipegue, \u00c1gua Branca e Lagoinha foi acompanhada pela assessoria do deputado Vander\"},{\"@type\":\"BreadcrumbList\",\"@id\":\"https:\\\/\\\/vanderloubet.com.br\\\/deputado\\\/emendas-de-zeca-e-vander-na-funai-garantem-sementes-para-aldeias-de-ms\\\/#breadcrumb\",\"itemListElement\":[{\"@type\":\"ListItem\",\"position\":1,\"name\":\"In\u00edcio\",\"item\":\"https:\\\/\\\/vanderloubet.com.br\\\/deputado\\\/\"},{\"@type\":\"ListItem\",\"position\":2,\"name\":\"Emendas de Zeca e Vander na Funai garantem sementes para aldeias de MS\"}]},{\"@type\":\"WebSite\",\"@id\":\"https:\\\/\\\/vanderloubet.com.br\\\/deputado\\\/#website\",\"url\":\"https:\\\/\\\/vanderloubet.com.br\\\/deputado\\\/\",\"name\":\"Deputado Federal Vander Loubet\",\"description\":\"O Federal de MS\",\"publisher\":{\"@id\":\"https:\\\/\\\/vanderloubet.com.br\\\/deputado\\\/#organization\"},\"alternateName\":\"Deputado Vander\",\"potentialAction\":[{\"@type\":\"SearchAction\",\"target\":{\"@type\":\"EntryPoint\",\"urlTemplate\":\"https:\\\/\\\/vanderloubet.com.br\\\/deputado\\\/?s={search_term_string}\"},\"query-input\":{\"@type\":\"PropertyValueSpecification\",\"valueRequired\":true,\"valueName\":\"search_term_string\"}}],\"inLanguage\":\"pt-BR\"},{\"@type\":\"Organization\",\"@id\":\"https:\\\/\\\/vanderloubet.com.br\\\/deputado\\\/#organization\",\"name\":\"Deputado Federal Vander Loubet\",\"alternateName\":\"Deputado Vander\",\"url\":\"https:\\\/\\\/vanderloubet.com.br\\\/deputado\\\/\",\"logo\":{\"@type\":\"ImageObject\",\"inLanguage\":\"pt-BR\",\"@id\":\"https:\\\/\\\/vanderloubet.com.br\\\/deputado\\\/#\\\/schema\\\/logo\\\/image\\\/\",\"url\":\"https:\\\/\\\/vanderloubet.com.br\\\/deputado\\\/wp-content\\\/uploads\\\/2023\\\/06\\\/foto-2023-06-19-mandato-deputado-vander.jpg\",\"contentUrl\":\"https:\\\/\\\/vanderloubet.com.br\\\/deputado\\\/wp-content\\\/uploads\\\/2023\\\/06\\\/foto-2023-06-19-mandato-deputado-vander.jpg\",\"width\":1080,\"height\":1080,\"caption\":\"Deputado Federal Vander Loubet\"},\"image\":{\"@id\":\"https:\\\/\\\/vanderloubet.com.br\\\/deputado\\\/#\\\/schema\\\/logo\\\/image\\\/\"},\"sameAs\":[\"https:\\\/\\\/facebook.com\\\/deputadovander\",\"https:\\\/\\\/x.com\\\/vanderloubet\",\"https:\\\/\\\/instagram.com\\\/vanderloubet\",\"https:\\\/\\\/youtube.com\\\/vanderloubet\",\"https:\\\/\\\/tiktok.com\\\/@vanderloubetms\"]},{\"@type\":\"Person\",\"@id\":\"https:\\\/\\\/vanderloubet.com.br\\\/deputado\\\/#\\\/schema\\\/person\\\/15b51bd564532a8a68d9dec1b8eb890e\",\"name\":\"\u00c9der\",\"image\":{\"@type\":\"ImageObject\",\"inLanguage\":\"pt-BR\",\"@id\":\"https:\\\/\\\/vanderloubet.com.br\\\/deputado\\\/wp-content\\\/litespeed\\\/avatar\\\/88ca4090d9d5ab1c9495f6ca03b68efa.jpg?ver=1777058957\",\"url\":\"https:\\\/\\\/vanderloubet.com.br\\\/deputado\\\/wp-content\\\/litespeed\\\/avatar\\\/88ca4090d9d5ab1c9495f6ca03b68efa.jpg?ver=1777058957\",\"contentUrl\":\"https:\\\/\\\/vanderloubet.com.br\\\/deputado\\\/wp-content\\\/litespeed\\\/avatar\\\/88ca4090d9d5ab1c9495f6ca03b68efa.jpg?ver=1777058957\",\"caption\":\"\u00c9der\"}}]}<\/script>\n<!-- \/ Yoast SEO plugin. -->","yoast_head_json":{"title":"Emendas de Zeca e Vander na Funai garantem sementes para aldeias de MS","description":"Ao todo est\u00e3o sendo distribu\u00eddas 5,3 ton de milho e 2,9 ton de feij\u00e3o para etnias Terena, Kadiw\u00e9u, Guat\u00f3 e Ofai\u00e9 de sete munic\u00edpios.","robots":{"index":"index","follow":"follow","max-snippet":"max-snippet:-1","max-image-preview":"max-image-preview:large","max-video-preview":"max-video-preview:-1"},"canonical":"https:\/\/vanderloubet.com.br\/deputado\/emendas-de-zeca-e-vander-na-funai-garantem-sementes-para-aldeias-de-ms\/","og_locale":"pt_BR","og_type":"article","og_title":"Emendas de Zeca e Vander na Funai garantem sementes para aldeias de MS","og_description":"Ao todo est\u00e3o sendo distribu\u00eddas 5,3 ton de milho e 2,9 ton de feij\u00e3o para etnias Terena, Kadiw\u00e9u, Guat\u00f3 e Ofai\u00e9 de sete munic\u00edpios.","og_url":"https:\/\/vanderloubet.com.br\/deputado\/emendas-de-zeca-e-vander-na-funai-garantem-sementes-para-aldeias-de-ms\/","og_site_name":"Deputado Federal Vander Loubet","article_publisher":"https:\/\/facebook.com\/deputadovander","article_published_time":"2019-11-12T15:39:12+00:00","og_image":[{"width":960,"height":720,"url":"https:\/\/vanderloubet.com.br\/deputado\/wp-content\/uploads\/2019\/11\/foto-2019-11-12-funai-sementes-aldeias-2.jpg","type":"image\/jpeg"}],"author":"\u00c9der","twitter_card":"summary_large_image","twitter_creator":"@vanderloubet","twitter_site":"@vanderloubet","schema":{"@context":"https:\/\/schema.org","@graph":[{"@type":"Article","@id":"https:\/\/vanderloubet.com.br\/deputado\/emendas-de-zeca-e-vander-na-funai-garantem-sementes-para-aldeias-de-ms\/#article","isPartOf":{"@id":"https:\/\/vanderloubet.com.br\/deputado\/emendas-de-zeca-e-vander-na-funai-garantem-sementes-para-aldeias-de-ms\/"},"author":{"name":"\u00c9der","@id":"https:\/\/vanderloubet.com.br\/deputado\/#\/schema\/person\/15b51bd564532a8a68d9dec1b8eb890e"},"headline":"Emendas de Zeca e Vander na Funai garantem sementes para aldeias de MS","datePublished":"2019-11-12T15:39:12+00:00","mainEntityOfPage":{"@id":"https:\/\/vanderloubet.com.br\/deputado\/emendas-de-zeca-e-vander-na-funai-garantem-sementes-para-aldeias-de-ms\/"},"wordCount":528,"publisher":{"@id":"https:\/\/vanderloubet.com.br\/deputado\/#organization"},"image":{"@id":"https:\/\/vanderloubet.com.br\/deputado\/emendas-de-zeca-e-vander-na-funai-garantem-sementes-para-aldeias-de-ms\/#primaryimage"},"thumbnailUrl":"https:\/\/vanderloubet.com.br\/deputado\/wp-content\/uploads\/2019\/11\/foto-2019-11-12-funai-sementes-aldeias-2.jpg","keywords":["aldeia ind\u00edgena","emenda parlamentar"],"articleSection":["Munic\u00edpios","Not\u00edcias"],"inLanguage":"pt-BR"},{"@type":"WebPage","@id":"https:\/\/vanderloubet.com.br\/deputado\/emendas-de-zeca-e-vander-na-funai-garantem-sementes-para-aldeias-de-ms\/","url":"https:\/\/vanderloubet.com.br\/deputado\/emendas-de-zeca-e-vander-na-funai-garantem-sementes-para-aldeias-de-ms\/","name":"Emendas de Zeca e Vander na Funai garantem sementes para aldeias de MS","isPartOf":{"@id":"https:\/\/vanderloubet.com.br\/deputado\/#website"},"primaryImageOfPage":{"@id":"https:\/\/vanderloubet.com.br\/deputado\/emendas-de-zeca-e-vander-na-funai-garantem-sementes-para-aldeias-de-ms\/#primaryimage"},"image":{"@id":"https:\/\/vanderloubet.com.br\/deputado\/emendas-de-zeca-e-vander-na-funai-garantem-sementes-para-aldeias-de-ms\/#primaryimage"},"thumbnailUrl":"https:\/\/vanderloubet.com.br\/deputado\/wp-content\/uploads\/2019\/11\/foto-2019-11-12-funai-sementes-aldeias-2.jpg","datePublished":"2019-11-12T15:39:12+00:00","description":"Ao todo est\u00e3o sendo distribu\u00eddas 5,3 ton de milho e 2,9 ton de feij\u00e3o para etnias Terena, Kadiw\u00e9u, Guat\u00f3 e Ofai\u00e9 de sete munic\u00edpios.","breadcrumb":{"@id":"https:\/\/vanderloubet.com.br\/deputado\/emendas-de-zeca-e-vander-na-funai-garantem-sementes-para-aldeias-de-ms\/#breadcrumb"},"inLanguage":"pt-BR","potentialAction":[{"@type":"ReadAction","target":["https:\/\/vanderloubet.com.br\/deputado\/emendas-de-zeca-e-vander-na-funai-garantem-sementes-para-aldeias-de-ms\/"]}]},{"@type":"ImageObject","inLanguage":"pt-BR","@id":"https:\/\/vanderloubet.com.br\/deputado\/emendas-de-zeca-e-vander-na-funai-garantem-sementes-para-aldeias-de-ms\/#primaryimage","url":"https:\/\/vanderloubet.com.br\/deputado\/wp-content\/uploads\/2019\/11\/foto-2019-11-12-funai-sementes-aldeias-2.jpg","contentUrl":"https:\/\/vanderloubet.com.br\/deputado\/wp-content\/uploads\/2019\/11\/foto-2019-11-12-funai-sementes-aldeias-2.jpg","width":960,"height":720,"caption":"Entrega de sementes nas aldeias Bananal, Ipegue, \u00c1gua Branca e Lagoinha foi acompanhada pela assessoria do deputado Vander"},{"@type":"BreadcrumbList","@id":"https:\/\/vanderloubet.com.br\/deputado\/emendas-de-zeca-e-vander-na-funai-garantem-sementes-para-aldeias-de-ms\/#breadcrumb","itemListElement":[{"@type":"ListItem","position":1,"name":"In\u00edcio","item":"https:\/\/vanderloubet.com.br\/deputado\/"},{"@type":"ListItem","position":2,"name":"Emendas de Zeca e Vander na Funai garantem sementes para aldeias de MS"}]},{"@type":"WebSite","@id":"https:\/\/vanderloubet.com.br\/deputado\/#website","url":"https:\/\/vanderloubet.com.br\/deputado\/","name":"Deputado Federal Vander Loubet","description":"O Federal de MS","publisher":{"@id":"https:\/\/vanderloubet.com.br\/deputado\/#organization"},"alternateName":"Deputado Vander","potentialAction":[{"@type":"SearchAction","target":{"@type":"EntryPoint","urlTemplate":"https:\/\/vanderloubet.com.br\/deputado\/?s={search_term_string}"},"query-input":{"@type":"PropertyValueSpecification","valueRequired":true,"valueName":"search_term_string"}}],"inLanguage":"pt-BR"},{"@type":"Organization","@id":"https:\/\/vanderloubet.com.br\/deputado\/#organization","name":"Deputado Federal Vander Loubet","alternateName":"Deputado Vander","url":"https:\/\/vanderloubet.com.br\/deputado\/","logo":{"@type":"ImageObject","inLanguage":"pt-BR","@id":"https:\/\/vanderloubet.com.br\/deputado\/#\/schema\/logo\/image\/","url":"https:\/\/vanderloubet.com.br\/deputado\/wp-content\/uploads\/2023\/06\/foto-2023-06-19-mandato-deputado-vander.jpg","contentUrl":"https:\/\/vanderloubet.com.br\/deputado\/wp-content\/uploads\/2023\/06\/foto-2023-06-19-mandato-deputado-vander.jpg","width":1080,"height":1080,"caption":"Deputado Federal Vander Loubet"},"image":{"@id":"https:\/\/vanderloubet.com.br\/deputado\/#\/schema\/logo\/image\/"},"sameAs":["https:\/\/facebook.com\/deputadovander","https:\/\/x.com\/vanderloubet","https:\/\/instagram.com\/vanderloubet","https:\/\/youtube.com\/vanderloubet","https:\/\/tiktok.com\/@vanderloubetms"]},{"@type":"Person","@id":"https:\/\/vanderloubet.com.br\/deputado\/#\/schema\/person\/15b51bd564532a8a68d9dec1b8eb890e","name":"\u00c9der","image":{"@type":"ImageObject","inLanguage":"pt-BR","@id":"https:\/\/vanderloubet.com.br\/deputado\/wp-content\/litespeed\/avatar\/88ca4090d9d5ab1c9495f6ca03b68efa.jpg?ver=1777058957","url":"https:\/\/vanderloubet.com.br\/deputado\/wp-content\/litespeed\/avatar\/88ca4090d9d5ab1c9495f6ca03b68efa.jpg?ver=1777058957","contentUrl":"https:\/\/vanderloubet.com.br\/deputado\/wp-content\/litespeed\/avatar\/88ca4090d9d5ab1c9495f6ca03b68efa.jpg?ver=1777058957","caption":"\u00c9der"}}]}},"jetpack_featured_media_url":"https:\/\/vanderloubet.com.br\/deputado\/wp-content\/uploads\/2019\/11\/foto-2019-11-12-funai-sementes-aldeias-2.jpg","jetpack_sharing_enabled":true,"_links":{"self":[{"href":"https:\/\/vanderloubet.com.br\/deputado\/wp-json\/wp\/v2\/posts\/16136","targetHints":{"allow":["GET"]}}],"collection":[{"href":"https:\/\/vanderloubet.com.br\/deputado\/wp-json\/wp\/v2\/posts"}],"about":[{"href":"https:\/\/vanderloubet.com.br\/deputado\/wp-json\/wp\/v2\/types\/post"}],"author":[{"embeddable":true,"href":"https:\/\/vanderloubet.com.br\/deputado\/wp-json\/wp\/v2\/users\/2"}],"replies":[{"embeddable":true,"href":"https:\/\/vanderloubet.com.br\/deputado\/wp-json\/wp\/v2\/comments?post=16136"}],"version-history":[{"count":0,"href":"https:\/\/vanderloubet.com.br\/deputado\/wp-json\/wp\/v2\/posts\/16136\/revisions"}],"wp:featuredmedia":[{"embeddable":true,"href":"https:\/\/vanderloubet.com.br\/deputado\/wp-json\/wp\/v2\/media\/16138"}],"wp:attachment":[{"href":"https:\/\/vanderloubet.com.br\/deputado\/wp-json\/wp\/v2\/media?parent=16136"}],"wp:term":[{"taxonomy":"category","embeddable":true,"href":"https:\/\/vanderloubet.com.br\/deputado\/wp-json\/wp\/v2\/categories?post=16136"},{"taxonomy":"post_tag","embeddable":true,"href":"https:\/\/vanderloubet.com.br\/deputado\/wp-json\/wp\/v2\/tags?post=16136"}],"curies":[{"name":"wp","href":"https:\/\/api.w.org\/{rel}","templated":true}]}}